{"id":45885,"date":"2016-08-18T11:00:19","date_gmt":"2016-08-18T14:00:19","guid":{"rendered":"https:\/\/www.estrategiaconcursos.com.br\/blog\/?p=45885"},"modified":"2018-09-29T10:32:58","modified_gmt":"2018-09-29T13:32:58","slug":"semana-especial-carreiras-legislativas","status":"publish","type":"post","link":"https:\/\/www.estrategiaconcursos.com.br\/blog\/semana-especial-carreiras-legislativas\/","title":{"rendered":"Semana Especial Carreiras Legislativas entra em sua reta final: confira a programa\u00e7\u00e3o desta quinta-feira!"},"content":{"rendered":"<p class=\"lplh-29\" style=\"text-align: center;\"><span style=\"color: #000000;\"><em><strong>Fique por dentro \u00a0dos concursos da \u00c1rea, os t\u00f3picos mais cobrados e conhe\u00e7a as t\u00e9cnicas de estudo mais eficazes para quem deseja ser seguir a carreira legislativa<\/strong><\/em><\/span><\/p>\n<h3 class=\"lplh-29\" style=\"text-align: justify;\"><strong><em><span style=\"color: #000000;\">[ATUALIZADO EM 18\/08\/2016]\u00a0Semana Especial Carreiras Legislativas entra em sua reta final: confira a programa\u00e7\u00e3o desta quinta-feira!<\/span><\/em><\/strong><\/h3>\n<p style=\"text-align: justify;\"><span style=\"color: #000000;\">A Semana Especial Carreiras Legislativas\u00a0entra hoje, dia 18, em seu quarto e \u00faltimo dia de evento. J\u00e1 foram realizadas sete\u00a0transmiss\u00f5es que contam, juntas, com mais de 20 mil visualiza\u00e7\u00f5es em nosso canal do YouTube.<\/span><\/p>\n<p style=\"text-align: justify;\"><span style=\"color: #000000;\">Mas a Semana ainda n\u00e3o acabou! Hoje ainda teremos mais duas transmiss\u00f5es. \u00c1s 18h a jornalista Tha\u00eds Mendes ir\u00e1 receber o Policial Legislativo do Senado, Fernando Lima. Durante o evento, ser\u00e3o abordados assuntos como dia a dia da fun\u00e7\u00e3o, remunera\u00e7\u00e3o, \u00e1reas de atua\u00e7\u00e3o, import\u00e2ncia do cargo e muito mais!<\/span><\/p>\n<p style=\"text-align: justify;\"><span style=\"color: #000000;\">J\u00e1 as 19h, a transmiss\u00e3o ser\u00e1 com os professores Dinaldo Alves e Carlos Xavier, que ir\u00e3o participar de uma mesa redondo sobre carreiras legislativas.<\/span><\/p>\n<p><span style=\"color: #000000;\"><strong>Confira a programa\u00e7\u00e3o completa e fa\u00e7a j\u00e1 sua inscri\u00e7\u00e3o em:<\/strong><\/span><\/p>\n<p><a href=\"https:\/\/www.estrategiaconcursos.com.br\/semana-especial-carreiras-legislativas\/\" target=\"_blank\" rel=\"noopener\">https:\/\/www.estrategiaconcursos.com.br\/semana-especial-carreiras-legislativas\/<\/a><\/p>\n<h3 style=\"text-align: justify;\"><span style=\"color: #000000;\"><strong>VEJA\u00a0O QUE J\u00c1 ROLOU NA SEMANA ESPECIAL CARREIRAS LEGISLATIVAS:<\/strong><\/span><\/h3>\n<p style=\"text-align: justify;\"><span style=\"color: #000000;\">SEGUNDA-FEIRA (15):<\/span><\/p>\n<p style=\"text-align: justify;\"><span style=\"color: #000000;\">A primeira transmiss\u00e3o da programa\u00e7\u00e3o de segunda-feira, 15, contou com a participa\u00e7\u00e3o dos professores Fabr\u00edcio R\u00eago e Carlos Xavier. Durante mais de 1h30, nossos especialistas em concursos destrincharam os \u00faltimos concursos e fizeram um verdadeiro Raio X dos editais e das carreiras do poder legislativo.\u00a0<\/span><\/p>\n<p style=\"text-align: justify;\"><span style=\"color: #000000;\">Com in\u00edcio \u00e0s 21h, a segunda transmiss\u00e3o do dia\u00a0contou com a participa\u00e7\u00e3o do professor e especialista Dinaldo Nogueira. Durante o evento ele esclareceu d\u00favidas sobre como conciliar os estudos para\u00a0<span id=\"eow-title\" class=\"watch-title\" dir=\"ltr\" title=\"\u00c9 poss\u00edvel estudar para CLDF, C\u00e2mara e Senado ao mesmo tempo? | Ao Vivo\">CLDF, C\u00e2mara e Senado.<\/span><\/span><\/p>\n<p style=\"text-align: justify;\"><span style=\"color: #000000;\">TER\u00c7A-FEIRA (16):<\/span><\/p>\n<p class=\"lplh-29\" style=\"text-align: justify;\"><span style=\"color: #000000;\">A primeira transmiss\u00e3o contou com a participa\u00e7\u00e3o dos professores Ludimila Lamounier e Maira Blanes. Durante o evento, os especialistas deram dicas de como estudar para uma importante fase dos certames das carreiras legislativas: as provas discursivas.\u00a0<\/span><\/p>\n<p style=\"text-align: justify;\"><span style=\"color: #000000;\">J\u00e1 as 21h foi\u00a0a vez da jornalista Tha\u00eds Mendes receber o servidor da C\u00e2mara dos Deputados, com mais de 30 anos de casa, Miguel Netto.\u00a0Durante a transmiss\u00e3o, o convidado tirou\u00a0ao vivo, as d\u00favidas dos alunos sobre o dia a dia da carreira:<\/span><\/p>\n<p style=\"text-align: justify;\"><span style=\"color: #000000;\">QUARTA-FEIRA (18):<\/span><\/p>\n<p style=\"text-align: justify;\"><span style=\"color: #000000;\">O\u00a0terceiro dia da Semana Especial Carreiras Legislativas\u00a0come\u00e7ou as 18h, com a transmiss\u00e3o de uma edi\u00e7\u00e3o especial do Projeto Quartas das Carreiras. A jornalista Tha\u00eds Mendes recebeu a Consultora da C\u00e2mara dos Deputados, Ludimila Lamounier que, durante o evento, falou sobre remunera\u00e7\u00e3o, jornada de trabalho, expectativa de crescimento, progress\u00e3o, lota\u00e7\u00e3o, dia a dia da fun\u00e7\u00e3o e muito mais!\u00a0<\/span><\/p>\n<p style=\"text-align: justify;\"><span style=\"color: #000000;\">J\u00e1 as 19h, o professor\u00a0Fabr\u00edcio R\u00eago falou sobre\u00a0Como estudar os Regimentos Internos do Legislativo.\u00a0<\/span><\/p>\n<div class=\"lyte-wrapper\" style=\"width:853px;max-width:100%;margin:5px;\"><div class=\"lyMe\" id=\"WYL_5vag18kCgN8\"><div id=\"lyte_5vag18kCgN8\" data-src=\"\/\/i.ytimg.com\/vi\/5vag18kCgN8\/hqdefault.jpg\" class=\"pL\"><div class=\"tC\"><div class=\"tT\"><\/div><\/div><div class=\"play\"><\/div><div class=\"ctrl\"><div class=\"Lctrl\"><\/div><div class=\"Rctrl\"><\/div><\/div><\/div><noscript><a href=\"https:\/\/youtu.be\/5vag18kCgN8\" rel=\"nofollow\"><img loading=\"lazy\" decoding=\"async\" src=\"https:\/\/i.ytimg.com\/vi\/5vag18kCgN8\/0.jpg\" alt=\"YouTube video thumbnail\" width=\"853\" height=\"460\" \/><br \/>Assista a este v\u00eddeo no YouTube<\/a><\/noscript><\/div><\/div><div class=\"lL\" style=\"max-width:100%;width:853px;margin:5px;\"><\/div><\/p>\n<p style=\"text-align: justify;\"><span style=\"color: #000000;\">A terceira e \u00faltima transmiss\u00e3o do dia, foi com o professor e especialista Dinaldo Alves, que falou sobre &#8220;T\u00e9cnico Legislativo: Assistente Administrativo&#8221;.<\/span><\/p>\n<p>&#8212;&#8212;&#8212;&#8212;&#8212;&#8212;&#8212;&#8212;&#8212;&#8212;&#8212;&#8212;&#8212;&#8212;&#8212;&#8212;&#8212;-<\/p>\n<h3 class=\"lplh-29\" style=\"text-align: justify;\"><span style=\"color: #000000;\"><em><strong>[PUBLICADO EM 17\/08\/2016]\u00a0Semana Especial Carreiras Legislativas: confira a programa\u00e7\u00e3o desta quarta-feira!<\/strong><\/em><\/span><\/h3>\n<p style=\"text-align: justify;\"><span style=\"color: #000000;\">O\u00a0terceiro dia da Semana Especial Carreiras Legislativas\u00a0come\u00e7ar\u00e1\u00a0as 18h, com a transmiss\u00e3o de uma edi\u00e7\u00e3o especial do Projeto Quartas das Carreiras. A jornalista Tha\u00eds Mendes ir\u00e1 receber\u00a0a Consultora da C\u00e2mara dos Deputados, Ludimila Lamounier que, durante o evento, ir\u00e1 falar sobre remunera\u00e7\u00e3o, jornada de trabalho, expectativa de crescimento, progress\u00e3o, lota\u00e7\u00e3o, dia a dia da fun\u00e7\u00e3o e muito mais!\u00a0<\/span><\/p>\n<p style=\"text-align: justify;\"><span style=\"color: #000000;\">J\u00e1 as 19h, o professor\u00a0Fabr\u00edcio R\u00eago ir\u00e1 falar sobre\u00a0Como estudar os Regimentos Internos do Legislativo.<\/span><\/p>\n<p style=\"text-align: justify;\"><span style=\"color: #000000;\">A terceira e \u00faltima transmiss\u00e3o do dia, foi com o professor e especialista Dinaldo Alves, que falou sobre &#8220;T\u00e9cnico Legislativo: Assistente Administrativo&#8221;.<\/span><\/p>\n<p>&#8212;&#8212;&#8212;&#8212;&#8212;&#8212;&#8212;&#8212;&#8212;&#8212;&#8212;&#8212;&#8212;&#8212;&#8212;&#8212;<\/p>\n<p class=\"lplh-29\" style=\"text-align: justify;\"><span style=\"color: #000000;\"><em><strong><span style=\"color: #000000;\">[PUBLICADO\u00a0EM 16\/08\/2016]\u00a0Semana Especial Carreiras Legislativas entra em seu segundo dia de transmiss\u00f5es. Saiba como \u00e9 trabalhar no poder legislativo e como se preparar para as provas discursivas<\/span><\/strong><\/em><\/span><\/p>\n<p class=\"lplh-29\" style=\"text-align: justify;\"><span style=\"color: #000000;\">Mais de sete mil visualiza\u00e7\u00f5es em menos de 12 horas. Esses s\u00e3o os n\u00fameros que representam o sucesso do primeiro dia de transmiss\u00f5es da Semana Especial Carreiras Legislativas. O evento, que j\u00e1 teve duas transmiss\u00f5es, continua nesta ter\u00e7a-feira, 16, e segue at\u00e9 a pr\u00f3xima quinta-feira, 18.<\/span><\/p>\n<p class=\"lplh-29\" style=\"text-align: justify;\"><span style=\"color: #000000;\">Hoje, 16, a primeira transmiss\u00e3o, que come\u00e7a \u00e0s 19h, ser\u00e1 com a professora Maira Blanes. Durante o evento, a especialista ir\u00e1 dar dicas de como estudar para uma importante fase dos certames das carreiras legislativas: as provas discursivas.<\/span><\/p>\n<p><span style=\"color: #000000;\">J\u00e1 as 21h ser\u00e1 a vez da jornalista Tha\u00eds Mendes receber o servidor da C\u00e2mara dos Deputados, com mais de 30 anos de casa, Miguel Netto.\u00a0Durante a transmiss\u00e3o, o convidado ir\u00e1 tirar, ao vivo, as d\u00favidas dos alunos sobre o dia a dia da carreira. \u00c9 a oportunidade de conhecer melhor a sua futura profiss\u00e3o.<\/span><\/p>\n<p style=\"text-align: justify;\">&#8212;&#8212;&#8212;&#8212;&#8212;&#8212;&#8212;&#8212;&#8212;&#8212;&#8212;&#8212;&#8212;&#8212;&#8211;<\/p>\n<p class=\"lplh-29\" style=\"text-align: justify;\"><span style=\"color: #000000;\"><em><strong>[PUBLICADO EM 15\/08\/2016]\u00a0Semana Especial Carreiras Legislativas: uma maratona de transmiss\u00f5es com tudo que voc\u00ea precisa e deseja saber sobre as carreiras legislativas<\/strong><\/em><\/span><\/p>\n<p class=\"lplh-29\" style=\"text-align: justify;\"><span style=\"color: #000000;\">Entres os dias 15 a 18 de agosto, o Estrat\u00e9gia Concursos ir\u00e1 realizar a Semana Especial Carreiras Legislativas.\u00a0Ser\u00e1 uma semana dedicada especialmente aos Concursos da C\u00e2mara e Senado. Durante os eventos ao vivo teremos aulas e palestras focadas em temas de interesse de concurseiros cujo objetivo \u00e9 C\u00e2mara, Senado ou C\u00e2mara Legislativa do DF.<\/span><\/p>\n<p class=\"lplh-29\" style=\"text-align: justify;\"><span style=\"color: #000000;\">Assuntos que ser\u00e3o abordados durante a semana especial:<\/span><\/p>\n<ul>\n<li class=\"lplh-29\" style=\"text-align: justify;\"><span style=\"color: #000000;\">T\u00e9cnicas de Estudo<\/span><\/li>\n<li class=\"lplh-29\" style=\"text-align: justify;\"><span style=\"color: #000000;\">Dicas de Produtividade e Motiva\u00e7\u00e3o<\/span><\/li>\n<li class=\"lplh-29\" style=\"text-align: justify;\"><span style=\"color: #000000;\">Perspectivas do lan\u00e7amento do concurso\u00a0<\/span><\/li>\n<li class=\"lplh-29\" style=\"text-align: justify;\"><span style=\"color: #000000;\">T\u00f3picos Relevantes das principais disciplinas<\/span><\/li>\n<li class=\"lplh-29\" style=\"text-align: justify;\"><span style=\"color: #000000;\">Raio-X Carreiras Legislativas<\/span><\/li>\n<li class=\"lplh-29\" style=\"text-align: justify;\"><span style=\"color: #000000;\">Como \u00e9 trabalhar na C\u00e2mara e Senado<\/span><\/li>\n<li class=\"lplh-29\" style=\"text-align: justify;\"><span style=\"color: #000000;\">E muito mais.<\/span><\/li>\n<\/ul>\n<p class=\"lplh-26\" style=\"text-align: justify;\"><span style=\"color: #000000;\">A Semana Especial Carreiras Legislativas \u00e9 destinada especialmente aos concurseiros que est\u00e3o se preparando para C\u00e2mara dos Deputados, Senado Federal e Assembleias Legislativas (como e C\u00e2mara Legislativa do Distrito Federal) ou que querem conhecer mais sobre a carreira antes de decidir focar sua prepara\u00e7\u00e3o para o concurso.<\/span><\/p>\n<p class=\"lplh-26\" style=\"text-align: justify;\"><span style=\"color: #000000;\">Os concurseiros com foco em outras \u00e1reas tamb\u00e9m poder\u00e3o aproveitar as v\u00e1rias dicas de estudo e produtividade do evento.<\/span><\/p>\n<p style=\"text-align: justify;\"><span style=\"color: #000000;\">Assessoria de Comunica\u00e7\u00e3o<\/span><\/p>\n<p style=\"text-align: justify;\"><span style=\"color: #000000;\">comunicacao@estrategiaconcursos.com.br<\/span><\/p>\n","protected":false},"excerpt":{"rendered":"<p>Fique por dentro \u00a0dos concursos da \u00c1rea, os t\u00f3picos mais cobrados e conhe\u00e7a as t\u00e9cnicas de estudo mais eficazes para quem deseja ser seguir a carreira legislativa [ATUALIZADO EM 18\/08\/2016]\u00a0Semana Especial Carreiras Legislativas entra em sua reta final: confira a programa\u00e7\u00e3o desta quinta-feira! A Semana Especial Carreiras Legislativas\u00a0entra hoje, dia 18, em seu quarto e [&hellip;]<\/p>\n","protected":false},"author":1,"featured_media":45894,"comment_status":"open","ping_status":"open","sticky":false,"template":"","format":"standard","meta":{"post_tipo":"news","footnotes":""},"categories":[1,2017],"tags":[1837],"tax_estado":[],"class_list":["post-45885","post","type-post","status-publish","format-standard","has-post-thumbnail","hentry","category-cursos-e-concursos","category-concursos-legislativos","tag-carreiras-legislativas"],"acf":[],"yoast_head":"<!-- This site is optimized with the Yoast SEO Premium plugin v27.2 (Yoast SEO v27.2) - https:\/\/yoast.com\/product\/yoast-seo-premium-wordpress\/ -->\n<title>Semana Especial Carreiras Legislativas - Estrat\u00e9gia Concursos<\/title>\n<meta name=\"description\" content=\"Semana Especial Carreiras Legislativas: Fique por dentro dos concursos da \u00c1rea, os t\u00f3picos mais cobrados e conhe\u00e7a as t\u00e9cnicas de estudo mais eficazes!\" \/>\n<meta name=\"robots\" content=\"index, follow, max-snippet:-1, max-image-preview:large, max-video-preview:-1\" \/>\n<link rel=\"canonical\" href=\"https:\/\/www.estrategiaconcursos.com.br\/blog\/semana-especial-carreiras-legislativas\/\" \/>\n<meta property=\"og:locale\" content=\"pt_BR\" \/>\n<meta property=\"og:type\" content=\"article\" \/>\n<meta property=\"og:title\" content=\"Semana Especial Carreiras Legislativas entra em sua reta final: confira a programa\u00e7\u00e3o desta quinta-feira!\" \/>\n<meta property=\"og:description\" content=\"Semana Especial Carreiras Legislativas: Fique por dentro dos concursos da \u00c1rea, os t\u00f3picos mais cobrados e conhe\u00e7a as t\u00e9cnicas de estudo mais eficazes!\" \/>\n<meta property=\"og:url\" content=\"https:\/\/www.estrategiaconcursos.com.br\/blog\/semana-especial-carreiras-legislativas\/\" \/>\n<meta property=\"og:site_name\" content=\"Estrat\u00e9gia Concursos\" \/>\n<meta property=\"article:author\" content=\"https:\/\/www.facebook.com\/EstrategiaConcursos\" \/>\n<meta property=\"article:published_time\" content=\"2016-08-18T14:00:19+00:00\" \/>\n<meta property=\"article:modified_time\" content=\"2018-09-29T13:32:58+00:00\" \/>\n<meta property=\"og:image\" content=\"https:\/\/dhg1h5j42swfq.cloudfront.net\/2016\/08\/09132213\/Semana-Especial-Carreiras-Legislativas.png\" \/>\n\t<meta property=\"og:image:width\" content=\"676\" \/>\n\t<meta property=\"og:image:height\" content=\"456\" \/>\n\t<meta property=\"og:image:type\" content=\"image\/png\" \/>\n<meta name=\"author\" content=\"Coordena\u00e7\u00e3o\" \/>\n<meta name=\"twitter:card\" content=\"summary_large_image\" \/>\n<meta name=\"twitter:creator\" content=\"@EstratConcursos\" \/>\n<meta name=\"twitter:site\" content=\"@EstratConcursos\" \/>\n<meta name=\"twitter:label1\" content=\"Escrito por\" \/>\n\t<meta name=\"twitter:data1\" content=\"Coordena\u00e7\u00e3o\" \/>\n\t<meta name=\"twitter:label2\" content=\"Est. tempo de leitura\" \/>\n\t<meta name=\"twitter:data2\" content=\"5 minutos\" \/>\n<script type=\"application\/ld+json\" class=\"yoast-schema-graph\">{\"@context\":\"https:\/\/schema.org\",\"@graph\":[{\"@type\":\"NewsArticle\",\"@id\":\"https:\/\/www.estrategiaconcursos.com.br\/blog\/semana-especial-carreiras-legislativas\/#article\",\"isPartOf\":{\"@id\":\"https:\/\/www.estrategiaconcursos.com.br\/blog\/semana-especial-carreiras-legislativas\/\"},\"author\":{\"name\":\"Coordena\u00e7\u00e3o\",\"@id\":\"https:\/\/www.estrategiaconcursos.com.br\/blog\/#\/schema\/person\/b4a388c97673c5f483d72185668afa1f\"},\"headline\":\"Semana Especial Carreiras Legislativas entra em sua reta final: confira a programa\u00e7\u00e3o desta quinta-feira!\",\"datePublished\":\"2016-08-18T14:00:19+00:00\",\"dateModified\":\"2018-09-29T13:32:58+00:00\",\"mainEntityOfPage\":{\"@id\":\"https:\/\/www.estrategiaconcursos.com.br\/blog\/semana-especial-carreiras-legislativas\/\"},\"wordCount\":1006,\"commentCount\":4,\"publisher\":{\"@id\":\"https:\/\/www.estrategiaconcursos.com.br\/blog\/#organization\"},\"image\":{\"@id\":\"https:\/\/www.estrategiaconcursos.com.br\/blog\/semana-especial-carreiras-legislativas\/#primaryimage\"},\"thumbnailUrl\":\"https:\/\/dhg1h5j42swfq.cloudfront.net\/2016\/08\/09132213\/Semana-Especial-Carreiras-Legislativas.png\",\"keywords\":[\"carreiras legislativas\"],\"articleSection\":[\"Concursos P\u00fablicos\",\"Legislativo\"],\"inLanguage\":\"pt-BR\",\"potentialAction\":[{\"@type\":\"CommentAction\",\"name\":\"Comment\",\"target\":[\"https:\/\/www.estrategiaconcursos.com.br\/blog\/semana-especial-carreiras-legislativas\/#respond\"]}],\"copyrightYear\":\"2016\",\"copyrightHolder\":{\"@id\":\"https:\/\/www.estrategiaconcursos.com.br\/blog\/#organization\"}},{\"@type\":\"WebPage\",\"@id\":\"https:\/\/www.estrategiaconcursos.com.br\/blog\/semana-especial-carreiras-legislativas\/\",\"url\":\"https:\/\/www.estrategiaconcursos.com.br\/blog\/semana-especial-carreiras-legislativas\/\",\"name\":\"Semana Especial Carreiras Legislativas - Estrat\u00e9gia Concursos\",\"isPartOf\":{\"@id\":\"https:\/\/www.estrategiaconcursos.com.br\/blog\/#website\"},\"primaryImageOfPage\":{\"@id\":\"https:\/\/www.estrategiaconcursos.com.br\/blog\/semana-especial-carreiras-legislativas\/#primaryimage\"},\"image\":{\"@id\":\"https:\/\/www.estrategiaconcursos.com.br\/blog\/semana-especial-carreiras-legislativas\/#primaryimage\"},\"thumbnailUrl\":\"https:\/\/dhg1h5j42swfq.cloudfront.net\/2016\/08\/09132213\/Semana-Especial-Carreiras-Legislativas.png\",\"datePublished\":\"2016-08-18T14:00:19+00:00\",\"dateModified\":\"2018-09-29T13:32:58+00:00\",\"description\":\"Semana Especial Carreiras Legislativas: Fique por dentro dos concursos da \u00c1rea, os t\u00f3picos mais cobrados e conhe\u00e7a as t\u00e9cnicas de estudo mais eficazes!\",\"breadcrumb\":{\"@id\":\"https:\/\/www.estrategiaconcursos.com.br\/blog\/semana-especial-carreiras-legislativas\/#breadcrumb\"},\"inLanguage\":\"pt-BR\",\"potentialAction\":[{\"@type\":\"ReadAction\",\"target\":[\"https:\/\/www.estrategiaconcursos.com.br\/blog\/semana-especial-carreiras-legislativas\/\"]}]},{\"@type\":\"ImageObject\",\"inLanguage\":\"pt-BR\",\"@id\":\"https:\/\/www.estrategiaconcursos.com.br\/blog\/semana-especial-carreiras-legislativas\/#primaryimage\",\"url\":\"https:\/\/dhg1h5j42swfq.cloudfront.net\/2016\/08\/09132213\/Semana-Especial-Carreiras-Legislativas.png\",\"contentUrl\":\"https:\/\/dhg1h5j42swfq.cloudfront.net\/2016\/08\/09132213\/Semana-Especial-Carreiras-Legislativas.png\",\"width\":676,\"height\":456},{\"@type\":\"BreadcrumbList\",\"@id\":\"https:\/\/www.estrategiaconcursos.com.br\/blog\/semana-especial-carreiras-legislativas\/#breadcrumb\",\"itemListElement\":[{\"@type\":\"ListItem\",\"position\":1,\"name\":\"In\u00edcio\",\"item\":\"https:\/\/www.estrategiaconcursos.com.br\/blog\/\"},{\"@type\":\"ListItem\",\"position\":2,\"name\":\"Semana Especial Carreiras Legislativas entra em sua reta final: confira a programa\u00e7\u00e3o desta quinta-feira!\"}]},{\"@type\":\"WebSite\",\"@id\":\"https:\/\/www.estrategiaconcursos.com.br\/blog\/#website\",\"url\":\"https:\/\/www.estrategiaconcursos.com.br\/blog\/\",\"name\":\"Estrat\u00e9gia Concursos\",\"description\":\"O blog da Estrat\u00e9gia Concursos traz not\u00edcias sobre concursos e artigos de professores oferecendo cursos para concursos (pdf + videaulas) no site.\",\"publisher\":{\"@id\":\"https:\/\/www.estrategiaconcursos.com.br\/blog\/#organization\"},\"potentialAction\":[{\"@type\":\"SearchAction\",\"target\":{\"@type\":\"EntryPoint\",\"urlTemplate\":\"https:\/\/www.estrategiaconcursos.com.br\/blog\/?s={search_term_string}\"},\"query-input\":{\"@type\":\"PropertyValueSpecification\",\"valueRequired\":true,\"valueName\":\"search_term_string\"}}],\"inLanguage\":\"pt-BR\"},{\"@type\":\"Organization\",\"@id\":\"https:\/\/www.estrategiaconcursos.com.br\/blog\/#organization\",\"name\":\"Estrat\u00e9gia Concursos\",\"url\":\"https:\/\/www.estrategiaconcursos.com.br\/blog\/\",\"logo\":{\"@type\":\"ImageObject\",\"inLanguage\":\"pt-BR\",\"@id\":\"https:\/\/www.estrategiaconcursos.com.br\/blog\/#\/schema\/logo\/image\/\",\"url\":\"https:\/\/dhg1h5j42swfq.cloudfront.net\/2025\/06\/03203428\/logo_concursos-1.jpg\",\"contentUrl\":\"https:\/\/dhg1h5j42swfq.cloudfront.net\/2025\/06\/03203428\/logo_concursos-1.jpg\",\"width\":230,\"height\":60,\"caption\":\"Estrat\u00e9gia Concursos\"},\"image\":{\"@id\":\"https:\/\/www.estrategiaconcursos.com.br\/blog\/#\/schema\/logo\/image\/\"},\"sameAs\":[\"https:\/\/x.com\/EstratConcursos\"]},{\"@type\":\"Person\",\"@id\":\"https:\/\/www.estrategiaconcursos.com.br\/blog\/#\/schema\/person\/b4a388c97673c5f483d72185668afa1f\",\"name\":\"Coordena\u00e7\u00e3o\",\"image\":{\"@type\":\"ImageObject\",\"inLanguage\":\"pt-BR\",\"@id\":\"https:\/\/secure.gravatar.com\/avatar\/b720319e4c9a967eb58678d110f4fe35452fc5d5f97b202bac7b8acceb18c6ad?s=96&d=mm&r=g\",\"url\":\"https:\/\/secure.gravatar.com\/avatar\/b720319e4c9a967eb58678d110f4fe35452fc5d5f97b202bac7b8acceb18c6ad?s=96&d=mm&r=g\",\"contentUrl\":\"https:\/\/secure.gravatar.com\/avatar\/b720319e4c9a967eb58678d110f4fe35452fc5d5f97b202bac7b8acceb18c6ad?s=96&d=mm&r=g\",\"caption\":\"Coordena\u00e7\u00e3o\"},\"sameAs\":[\"https:\/\/www.facebook.com\/EstrategiaConcursos\",\"https:\/\/x.com\/EstratConcursos\"],\"url\":\"https:\/\/www.estrategiaconcursos.com.br\/blog\/author\/estrategia2013\/\"}]}<\/script>\n<!-- \/ Yoast SEO Premium plugin. -->","yoast_head_json":{"title":"Semana Especial Carreiras Legislativas - Estrat\u00e9gia Concursos","description":"Semana Especial Carreiras Legislativas: Fique por dentro dos concursos da \u00c1rea, os t\u00f3picos mais cobrados e conhe\u00e7a as t\u00e9cnicas de estudo mais eficazes!","robots":{"index":"index","follow":"follow","max-snippet":"max-snippet:-1","max-image-preview":"max-image-preview:large","max-video-preview":"max-video-preview:-1"},"canonical":"https:\/\/www.estrategiaconcursos.com.br\/blog\/semana-especial-carreiras-legislativas\/","og_locale":"pt_BR","og_type":"article","og_title":"Semana Especial Carreiras Legislativas entra em sua reta final: confira a programa\u00e7\u00e3o desta quinta-feira!","og_description":"Semana Especial Carreiras Legislativas: Fique por dentro dos concursos da \u00c1rea, os t\u00f3picos mais cobrados e conhe\u00e7a as t\u00e9cnicas de estudo mais eficazes!","og_url":"https:\/\/www.estrategiaconcursos.com.br\/blog\/semana-especial-carreiras-legislativas\/","og_site_name":"Estrat\u00e9gia Concursos","article_author":"https:\/\/www.facebook.com\/EstrategiaConcursos","article_published_time":"2016-08-18T14:00:19+00:00","article_modified_time":"2018-09-29T13:32:58+00:00","og_image":[{"width":676,"height":456,"url":"https:\/\/dhg1h5j42swfq.cloudfront.net\/2016\/08\/09132213\/Semana-Especial-Carreiras-Legislativas.png","type":"image\/png"}],"author":"Coordena\u00e7\u00e3o","twitter_card":"summary_large_image","twitter_creator":"@EstratConcursos","twitter_site":"@EstratConcursos","twitter_misc":{"Escrito por":"Coordena\u00e7\u00e3o","Est. tempo de leitura":"5 minutos"},"schema":{"@context":"https:\/\/schema.org","@graph":[{"@type":"NewsArticle","@id":"https:\/\/www.estrategiaconcursos.com.br\/blog\/semana-especial-carreiras-legislativas\/#article","isPartOf":{"@id":"https:\/\/www.estrategiaconcursos.com.br\/blog\/semana-especial-carreiras-legislativas\/"},"author":{"name":"Coordena\u00e7\u00e3o","@id":"https:\/\/www.estrategiaconcursos.com.br\/blog\/#\/schema\/person\/b4a388c97673c5f483d72185668afa1f"},"headline":"Semana Especial Carreiras Legislativas entra em sua reta final: confira a programa\u00e7\u00e3o desta quinta-feira!","datePublished":"2016-08-18T14:00:19+00:00","dateModified":"2018-09-29T13:32:58+00:00","mainEntityOfPage":{"@id":"https:\/\/www.estrategiaconcursos.com.br\/blog\/semana-especial-carreiras-legislativas\/"},"wordCount":1006,"commentCount":4,"publisher":{"@id":"https:\/\/www.estrategiaconcursos.com.br\/blog\/#organization"},"image":{"@id":"https:\/\/www.estrategiaconcursos.com.br\/blog\/semana-especial-carreiras-legislativas\/#primaryimage"},"thumbnailUrl":"https:\/\/dhg1h5j42swfq.cloudfront.net\/2016\/08\/09132213\/Semana-Especial-Carreiras-Legislativas.png","keywords":["carreiras legislativas"],"articleSection":["Concursos P\u00fablicos","Legislativo"],"inLanguage":"pt-BR","potentialAction":[{"@type":"CommentAction","name":"Comment","target":["https:\/\/www.estrategiaconcursos.com.br\/blog\/semana-especial-carreiras-legislativas\/#respond"]}],"copyrightYear":"2016","copyrightHolder":{"@id":"https:\/\/www.estrategiaconcursos.com.br\/blog\/#organization"}},{"@type":"WebPage","@id":"https:\/\/www.estrategiaconcursos.com.br\/blog\/semana-especial-carreiras-legislativas\/","url":"https:\/\/www.estrategiaconcursos.com.br\/blog\/semana-especial-carreiras-legislativas\/","name":"Semana Especial Carreiras Legislativas - Estrat\u00e9gia Concursos","isPartOf":{"@id":"https:\/\/www.estrategiaconcursos.com.br\/blog\/#website"},"primaryImageOfPage":{"@id":"https:\/\/www.estrategiaconcursos.com.br\/blog\/semana-especial-carreiras-legislativas\/#primaryimage"},"image":{"@id":"https:\/\/www.estrategiaconcursos.com.br\/blog\/semana-especial-carreiras-legislativas\/#primaryimage"},"thumbnailUrl":"https:\/\/dhg1h5j42swfq.cloudfront.net\/2016\/08\/09132213\/Semana-Especial-Carreiras-Legislativas.png","datePublished":"2016-08-18T14:00:19+00:00","dateModified":"2018-09-29T13:32:58+00:00","description":"Semana Especial Carreiras Legislativas: Fique por dentro dos concursos da \u00c1rea, os t\u00f3picos mais cobrados e conhe\u00e7a as t\u00e9cnicas de estudo mais eficazes!","breadcrumb":{"@id":"https:\/\/www.estrategiaconcursos.com.br\/blog\/semana-especial-carreiras-legislativas\/#breadcrumb"},"inLanguage":"pt-BR","potentialAction":[{"@type":"ReadAction","target":["https:\/\/www.estrategiaconcursos.com.br\/blog\/semana-especial-carreiras-legislativas\/"]}]},{"@type":"ImageObject","inLanguage":"pt-BR","@id":"https:\/\/www.estrategiaconcursos.com.br\/blog\/semana-especial-carreiras-legislativas\/#primaryimage","url":"https:\/\/dhg1h5j42swfq.cloudfront.net\/2016\/08\/09132213\/Semana-Especial-Carreiras-Legislativas.png","contentUrl":"https:\/\/dhg1h5j42swfq.cloudfront.net\/2016\/08\/09132213\/Semana-Especial-Carreiras-Legislativas.png","width":676,"height":456},{"@type":"BreadcrumbList","@id":"https:\/\/www.estrategiaconcursos.com.br\/blog\/semana-especial-carreiras-legislativas\/#breadcrumb","itemListElement":[{"@type":"ListItem","position":1,"name":"In\u00edcio","item":"https:\/\/www.estrategiaconcursos.com.br\/blog\/"},{"@type":"ListItem","position":2,"name":"Semana Especial Carreiras Legislativas entra em sua reta final: confira a programa\u00e7\u00e3o desta quinta-feira!"}]},{"@type":"WebSite","@id":"https:\/\/www.estrategiaconcursos.com.br\/blog\/#website","url":"https:\/\/www.estrategiaconcursos.com.br\/blog\/","name":"Estrat\u00e9gia Concursos","description":"O blog da Estrat\u00e9gia Concursos traz not\u00edcias sobre concursos e artigos de professores oferecendo cursos para concursos (pdf + videaulas) no site.","publisher":{"@id":"https:\/\/www.estrategiaconcursos.com.br\/blog\/#organization"},"potentialAction":[{"@type":"SearchAction","target":{"@type":"EntryPoint","urlTemplate":"https:\/\/www.estrategiaconcursos.com.br\/blog\/?s={search_term_string}"},"query-input":{"@type":"PropertyValueSpecification","valueRequired":true,"valueName":"search_term_string"}}],"inLanguage":"pt-BR"},{"@type":"Organization","@id":"https:\/\/www.estrategiaconcursos.com.br\/blog\/#organization","name":"Estrat\u00e9gia Concursos","url":"https:\/\/www.estrategiaconcursos.com.br\/blog\/","logo":{"@type":"ImageObject","inLanguage":"pt-BR","@id":"https:\/\/www.estrategiaconcursos.com.br\/blog\/#\/schema\/logo\/image\/","url":"https:\/\/dhg1h5j42swfq.cloudfront.net\/2025\/06\/03203428\/logo_concursos-1.jpg","contentUrl":"https:\/\/dhg1h5j42swfq.cloudfront.net\/2025\/06\/03203428\/logo_concursos-1.jpg","width":230,"height":60,"caption":"Estrat\u00e9gia Concursos"},"image":{"@id":"https:\/\/www.estrategiaconcursos.com.br\/blog\/#\/schema\/logo\/image\/"},"sameAs":["https:\/\/x.com\/EstratConcursos"]},{"@type":"Person","@id":"https:\/\/www.estrategiaconcursos.com.br\/blog\/#\/schema\/person\/b4a388c97673c5f483d72185668afa1f","name":"Coordena\u00e7\u00e3o","image":{"@type":"ImageObject","inLanguage":"pt-BR","@id":"https:\/\/secure.gravatar.com\/avatar\/b720319e4c9a967eb58678d110f4fe35452fc5d5f97b202bac7b8acceb18c6ad?s=96&d=mm&r=g","url":"https:\/\/secure.gravatar.com\/avatar\/b720319e4c9a967eb58678d110f4fe35452fc5d5f97b202bac7b8acceb18c6ad?s=96&d=mm&r=g","contentUrl":"https:\/\/secure.gravatar.com\/avatar\/b720319e4c9a967eb58678d110f4fe35452fc5d5f97b202bac7b8acceb18c6ad?s=96&d=mm&r=g","caption":"Coordena\u00e7\u00e3o"},"sameAs":["https:\/\/www.facebook.com\/EstrategiaConcursos","https:\/\/x.com\/EstratConcursos"],"url":"https:\/\/www.estrategiaconcursos.com.br\/blog\/author\/estrategia2013\/"}]}},"_links":{"self":[{"href":"https:\/\/www.estrategiaconcursos.com.br\/blog\/wp-json\/wp\/v2\/posts\/45885","targetHints":{"allow":["GET"]}}],"collection":[{"href":"https:\/\/www.estrategiaconcursos.com.br\/blog\/wp-json\/wp\/v2\/posts"}],"about":[{"href":"https:\/\/www.estrategiaconcursos.com.br\/blog\/wp-json\/wp\/v2\/types\/post"}],"author":[{"embeddable":true,"href":"https:\/\/www.estrategiaconcursos.com.br\/blog\/wp-json\/wp\/v2\/users\/1"}],"replies":[{"embeddable":true,"href":"https:\/\/www.estrategiaconcursos.com.br\/blog\/wp-json\/wp\/v2\/comments?post=45885"}],"version-history":[{"count":16,"href":"https:\/\/www.estrategiaconcursos.com.br\/blog\/wp-json\/wp\/v2\/posts\/45885\/revisions"}],"predecessor-version":[{"id":144294,"href":"https:\/\/www.estrategiaconcursos.com.br\/blog\/wp-json\/wp\/v2\/posts\/45885\/revisions\/144294"}],"wp:featuredmedia":[{"embeddable":true,"href":"https:\/\/www.estrategiaconcursos.com.br\/blog\/wp-json\/wp\/v2\/media\/45894"}],"wp:attachment":[{"href":"https:\/\/www.estrategiaconcursos.com.br\/blog\/wp-json\/wp\/v2\/media?parent=45885"}],"wp:term":[{"taxonomy":"category","embeddable":true,"href":"https:\/\/www.estrategiaconcursos.com.br\/blog\/wp-json\/wp\/v2\/categories?post=45885"},{"taxonomy":"post_tag","embeddable":true,"href":"https:\/\/www.estrategiaconcursos.com.br\/blog\/wp-json\/wp\/v2\/tags?post=45885"},{"taxonomy":"tax_estado","embeddable":true,"href":"https:\/\/www.estrategiaconcursos.com.br\/blog\/wp-json\/wp\/v2\/tax_estado?post=45885"}],"curies":[{"name":"wp","href":"https:\/\/api.w.org\/{rel}","templated":true}]}}