{"id":458822,"date":"2019-12-26T01:45:00","date_gmt":"2019-12-26T04:45:00","guid":{"rendered":"https:\/\/www.estrategiaconcursos.com.br\/blog\/?p=458822"},"modified":"2019-12-26T09:40:48","modified_gmt":"2019-12-26T12:40:48","slug":"concurso-prefeitura-salvador-do-sul","status":"publish","type":"post","link":"https:\/\/www.estrategiaconcursos.com.br\/blog\/concurso-prefeitura-salvador-do-sul\/","title":{"rendered":"Concurso Prefeitura Salvador do Sul: inscri\u00e7\u00f5es terminam hoje"},"content":{"rendered":"\n<p>As inscri\u00e7\u00f5es para o concurso <strong>Prefeitura Salvador do Sul<\/strong> do munic\u00edpio do Estado do Rio Grande do Sul terminam hoje, 26 de dezembro. S\u00e3o ofertadas 20 vagas imediatas e forma\u00e7\u00e3o de cadastro reserva, distribu\u00eddas entre cargos de <em>n\u00edvel fundamental, m\u00e9dio, t\u00e9cnico, magist\u00e9rio e superior<\/em>.<\/p>\n\n\n\n<p>Elaboramos neste artigo tudo o que voc\u00ea precisa saber para ficar por dentro de todas as informa\u00e7\u00f5es deste concurso. Acompanhe os t\u00f3picos abaixo e n\u00e3o perca nenhum detalhe:<\/p>\n\n\n\n<ul class=\"wp-block-list\"><li><a href=\"#informacoes-edital\"><em><strong>Informa\u00e7\u00f5es do edital<\/strong><\/em><\/a><\/li><li><a href=\"#datas\"><em><strong>Principais datas<\/strong><\/em><\/a><\/li><li><a href=\"#cargos-vagas\"><em><strong>Cargos e vagas<\/strong><\/em><\/a><\/li><li><a href=\"#etapas\"><em><strong>Etapas e provas<\/strong><\/em><\/a><\/li><li><a href=\"#cursos-assinatura\"><em><strong>Cursos e Assinatura<\/strong><\/em><\/a><\/li><li><a href=\"#ficha-tecnica\"><em><strong>Ficha t\u00e9cnica<\/strong><\/em><\/a><\/li><\/ul>\n\n\n\n<h2 class=\"wp-block-heading\" id=\"informacoes-edital\">Principais informa\u00e7\u00f5es do concurso Prefeitura Salvador do Sul<\/h2>\n\n\n\n<p>O edital do concurso p\u00fablico da Prefeitura Municipal de Salvador do Sul, localizada no Estado do Rio Grande do Sul, oferta 20 vagas imediatas mais cadastro de reserva para diversos cargos. As oportunidades s\u00e3o para todos os n\u00edveis de escolaridade: fundamental, m\u00e9dio, t\u00e9cnico, magist\u00e9rio e superior.<\/p>\n\n\n\n<p>Os interessados em participar da sele\u00e7\u00e3o devem realizar as <em>inscri\u00e7\u00f5es <\/em>at\u00e9<strong> 26 de dezembro<\/strong>, no site da banca organizadora, a Una Gest\u00e3o e Assessoria. As taxas foram definidas de acordo com o cargo pretendido, sendo:<\/p>\n\n\n\n<ul class=\"wp-block-list\"><li><strong>Cargos de n\u00edvel fundamental:<\/strong>&nbsp;R$ 54,00<\/li><li><strong>Cargos de n\u00edvel m\u00e9dio\/t\u00e9cnico:<\/strong>&nbsp;R$ 81,00<\/li><li><strong>Cargos de Professor:<\/strong>&nbsp;R$ 109,00<\/li><li><strong>Cargos de n\u00edvel superior:&nbsp;<\/strong>R$ 136,00<\/li><\/ul>\n\n\n\n<h3 class=\"wp-block-heading\" id=\"datas\">Datas importantes<\/h3>\n\n\n\n<p class=\"has-background has-very-light-gray-background-color\"><strong>Inscri\u00e7\u00f5es<\/strong>: 12 a 26 de dezembro<br \/><strong>\u00daltimo dia para pagamento<\/strong>: 27 de dezembro<br \/><strong>Prova objetiva<\/strong>: 19 de janeiro <br \/><strong>Prova pr\u00e1tica<\/strong>: 09 de fevereiro <\/p>\n\n\n\n<h2 class=\"wp-block-heading\" id=\"cargos-vagas\">Cargos e vagas do concurso Prefeitura Salvador do Sul<\/h2>\n\n\n\n<h3 class=\"wp-block-heading\">N\u00edvel fundamental<\/h3>\n\n\n\n<figure class=\"wp-block-table is-style-stripes\"><table class=\"has-subtle-pale-blue-background-color has-fixed-layout has-background\"><tbody><tr><td><strong>CARGO<\/strong><\/td><td><strong>VAGAS<\/strong><\/td><td><strong>REMUNERA\u00c7\u00c3O<\/strong><\/td><\/tr><tr><td> AUXILIAR DE SERVI\u00c7OS ESCOLARES <\/td><td> 04+CR <\/td><td> R$ 1.028,88 <\/td><\/tr><tr><td> FISCAL <\/td><td> 01+CR <\/td><td> R$ 1.812,80 <\/td><\/tr><tr><td> MOTORISTA <\/td><td> 01+CR <\/td><td> R$ 1.283,66 <\/td><\/tr><tr><td> OPER\u00c1RIO <\/td><td> 01+CR <\/td><td> R$ 1.028,88 <\/td><\/tr><tr><td> OPERADOR DE M\u00c1QUINAS <\/td><td> 01+CR <\/td><td> R$ 1.489,43 <\/td><\/tr><tr><td> PEDREIRO <\/td><td> 01+CR <\/td><td> R$ 1.283,66 <\/td><\/tr><tr><td> SERVENTE <\/td><td> CR <\/td><td> R$ 1.028,88 <\/td><\/tr><tr><td> VIGILANTE <\/td><td> CR <\/td><td> R$ 1.028,88 <\/td><\/tr><\/tbody><\/table><\/figure>\n\n\n\n<h3 class=\"wp-block-heading\">N\u00edvel m\u00e9dio\/t\u00e9cnico\/magist\u00e9rio<\/h3>\n\n\n\n<figure class=\"wp-block-table is-style-stripes\"><table class=\"has-subtle-pale-blue-background-color has-fixed-layout has-background\"><tbody><tr><td><strong>CARGO<\/strong><\/td><td><strong>VAGAS<\/strong><\/td><td><strong>REMUNERA\u00c7\u00c3O<\/strong><\/td><\/tr><tr><td> AGENTE DE COMBATE ENDEMIAS\/CAMPO <\/td><td> 01+CR <\/td><td> R$ 1.734,41 <\/td><\/tr><tr><td> AGENTE COMUNIT\u00c1RIO DE SA\u00daDE <\/td><td> CR <\/td><td> R$ 1.360,09 <\/td><\/tr><tr><td> AGENTE ADMINISTRATIVO <\/td><td> CR <\/td><td> R$ 1.812,80 <\/td><\/tr><tr><td> ASSISTENTE EDUCACIONAL <\/td><td> 03+CR <\/td><td> R$ 1.283,66 <\/td><\/tr><tr><td> AUXILIAR DE CONSULT\u00d3RIO DENT\u00c1RIO ESF <\/td><td> CR <\/td><td> R$ 1.322,85 <\/td><\/tr><tr><td> FISCAL DE MEIO AMBIENTE <\/td><td> 01+CR <\/td><td> R$ 1.812,80 <\/td><\/tr><tr><td> SECRET\u00c1RIO DE ESCOLA <\/td><td> 01+CR <\/td><td> R$ 1.175,87 <\/td><\/tr><tr><td> T\u00c9CNICO EM ENFERMAGEM <\/td><td> CR <\/td><td> R$ 1.283,66 <\/td><\/tr><tr><td> T\u00c9CNICO EM ENFERMAGEM ESF <\/td><td> 01+CR <\/td><td> R$ 1.597,22 <\/td><\/tr><tr><td> PROFESSOR DE EDUCA\u00c7\u00c3O INFANTIL OU ENSINO FUNDAMENTAL  <\/td><td> CR <\/td><td> R$ 1.406,71 <\/td><\/tr><\/tbody><\/table><\/figure>\n\n\n\n<h3 class=\"wp-block-heading\">N\u00edvel superior<\/h3>\n\n\n\n<figure class=\"wp-block-table is-style-stripes\"><table class=\"has-subtle-pale-blue-background-color has-fixed-layout has-background\"><tbody><tr><td><strong>CARGO<\/strong><\/td><td><strong>VAGAS<\/strong><\/td><td><strong>REMUNERA\u00c7\u00c3O<\/strong><\/td><\/tr><tr><td> ASSISTENTE SOCIAL <\/td><td> CR <\/td><td> R$ 3.292,43 <\/td><\/tr><tr><td> ENFERMEIRO ESF <\/td><td> CR <\/td><td> R$ 4.664,28 <\/td><\/tr><tr><td> ENFERMEIRO <\/td><td> CR <\/td><td> R$ 2.224,35 <\/td><\/tr><tr><td> FARMAC\u00caUTICO <\/td><td> CR <\/td><td> R$ 3.292,43 <\/td><\/tr><tr><td> M\u00c9DICO VETERIN\u00c1RIO <\/td><td> 01+CR <\/td><td> R$ 3.292,43 <\/td><\/tr><tr><td> NUTRICIONISTA <\/td><td> 01+CR <\/td><td> R$ 2.224,35 <\/td><\/tr><tr><td> ODONT\u00d3LOGO ESF <\/td><td> CR <\/td><td> R$ 6.957,22 <\/td><\/tr><tr><td> PSIC\u00d3LOGO <\/td><td> CR <\/td><td> R$ 3.292,43 <\/td><\/tr><tr><td> PROFESSOR DE ENSINO FUNDAMENTAL (v\u00e1rias disciplinas)<\/td><td> 02+CR <\/td><td> R$ 1.688,05 <\/td><\/tr><\/tbody><\/table><\/figure>\n\n\n\n<h2 class=\"wp-block-heading\" id=\"etapas\">Etapas e provas do concurso Prefeitura Salvador do Sul<\/h2>\n\n\n\n<p>O concurso Prefeitura Salvador do Sul ser\u00e1 constitu\u00eddo de <strong>Prova Objetiva, Prova de T\u00edtulos e Prova Pr\u00e1tica<\/strong>, a depender do cargo pretendido.<\/p>\n\n\n\n<h3 class=\"wp-block-heading\">Prova Objetiva<\/h3>\n\n\n\n<p>A prova escrita ser\u00e1 composta de quest\u00f5es objetivas de m\u00faltipla escolha, com 4 alternativas A, B, C, D. Sua aplica\u00e7\u00e3o est\u00e1 prevista para o dia <strong>19 de janeiro<\/strong>.<\/p>\n\n\n\n<p>O conjunto da prova escrita \u00e9 de car\u00e1ter eliminat\u00f3rio, sendo que ser\u00e3o considerados aprovados somente os candidatos que obtiverem o m\u00ednimo de 50% de aprova\u00e7\u00e3o. <\/p>\n\n\n\n<ul class=\"wp-block-list\"><li><strong>Auxiliar de Servi\u00e7os Escolares, Servente e Vigilante:<\/strong><ul><li><em>Portugu\u00eas &#8211; 15 <\/em><\/li><li><em>Matem\u00e1tica &#8211; 15 <\/em><\/li><li><em>Legisla\u00e7\u00e3o e Conhecimentos Gerais &#8211; 10 <\/em><\/li><\/ul><\/li><\/ul>\n\n\n\n<ul class=\"wp-block-list\"><li><strong>Motorista, Operador de M\u00e1quinas, Pedreiro e Oper\u00e1rio:<\/strong><ul><li><em>Legisla\u00e7\u00e3o e conhecimento gerais &#8211; 20 <\/em><\/li><li><em>Portugu\u00eas &#8211; 10 <\/em><\/li><li><em>Matem\u00e1tica &#8211; 10 <\/em><\/li><\/ul><\/li><\/ul>\n\n\n\n<ul class=\"wp-block-list\"><li><strong>Agente de Combate a Endemias, Agente Comunit\u00e1rio de Sa\u00fade, Agente Administrativo, Assistente Educacional, Auxiliar Consult\u00f3rio Dent\u00e1rio, Fiscal, Fiscal de Meio Ambiente, Secret\u00e1rio de Escola e T\u00e9cnico em Enfermagem:<\/strong><ul><li><em>Conhecimentos Espec\u00edficos &#8211; 10 <\/em><\/li><li><em>Portugu\u00eas &#8211; 10 <\/em><\/li><li><em>Matem\u00e1tica &#8211; 05 <\/em><\/li><li><em>Legisla\u00e7\u00e3o e Conhecimentos Gerais &#8211; 10 <\/em><\/li><li><em>Inform\u00e1tica &#8211; 05 <\/em><\/li><\/ul><\/li><\/ul>\n\n\n\n<ul class=\"wp-block-list\"><li><strong>Assistente Social, Enfermeiro, Farmac\u00eautico, M\u00e9dico Veterin\u00e1rio, Nutricionista, Odont\u00f3logo e Psic\u00f3logo:<\/strong><ul><li><em>Conhecimentos Espec\u00edficos &#8211; 10 <\/em><\/li><li><em>Portugu\u00eas &#8211; 10 <\/em><\/li><li><em>Legisla\u00e7\u00e3o e Conhecimentos Gerais &#8211; 10<\/em><\/li><li><em>Inform\u00e1tica &#8211; 10 <\/em><\/li><\/ul><\/li><\/ul>\n\n\n\n<ul class=\"wp-block-list\"><li><strong>Professor (todos):<\/strong><ul><li><em>Conhecimentos Espec\u00edficos &#8211; 10 <\/em><\/li><li><em>Portugu\u00eas &#8211; 10 <\/em><\/li><li><em>Conhecimentos Pedag\u00f3gicos &#8211; 10 <\/em><\/li><li><em>Legisla\u00e7\u00e3o &#8211; 10 <\/em><\/li><\/ul><\/li><\/ul>\n\n\n\n<h3 class=\"wp-block-heading\">Prova de T\u00edtulos<\/h3>\n\n\n\n<p>No <strong>prazo de 12 a 27 de dezembro<\/strong>, o candidato que desejar participar dessa etapa, deve encaminhar \u00e0 Banca Examinadora c\u00f3pia autenticada dos t\u00edtulos, em cart\u00f3rio, acompanhados da respectiva rela\u00e7\u00e3o discriminativa.<\/p>\n\n\n\n<p>A prova de t\u00edtulos \u00e9 de car\u00e1ter classificat\u00f3rio e ter\u00e1 o peso m\u00e1ximo de 20 pontos. A pontua\u00e7\u00e3o dos t\u00edtulos apresentados que superar o peso m\u00e1ximo de 20 pontos ser\u00e1 desconsiderada. <\/p>\n\n\n\n<h3 class=\"wp-block-heading\">Prova Pr\u00e1tica<\/h3>\n\n\n\n<p>A prova pr\u00e1tica ser\u00e1 aplicada somente para os vinte primeiros candidatos pr\u00e9-classificados na prova escrita, aos cargos de Motorista, Operador de M\u00e1quinas, Pedreiro e Oper\u00e1rio. Sua realiza\u00e7\u00e3o est\u00e1 prevista para o dia <strong>04 de fevereiro<\/strong>.<\/p>\n\n\n\n<p>Esta prova ter\u00e1 peso m\u00e1ximo de 60 pontos, sendo eliminat\u00f3ria. Ser\u00e3o considerados aprovados somente os candidatos que obtiverem nota igual ou superior a 30,00 pontos na prova pr\u00e1tica, ou seja, m\u00ednimo de 50% de aprova\u00e7\u00e3o. <\/p>\n\n\n\n<p>A avalia\u00e7\u00e3o pr\u00e1tica destina-se a avaliar a experi\u00eancia e os conhecimentos pr\u00e1ticos que o candidato possui no desempenho das atividades inerentes ao cargo pleiteado. Constituir-se-\u00e1 na execu\u00e7\u00e3o de tarefas a serem realizadas individualmente pelo candidato, com a avalia\u00e7\u00e3o atrav\u00e9s de planilhas, tomando-se por base as atribui\u00e7\u00f5es do cargo.  <\/p>\n\n\n\n<hr class=\"wp-block-separator\"\/>\n\n\n\n<h2 class=\"has-text-align-center wp-block-heading\" id=\"cursos-assinatura\">Quer estudar para o concurso Prefeitura Salvador do Sul?<\/h2>\n\n\n\n<p class=\"has-text-align-center\"><em>Gostou desta oportunidade e deseja come\u00e7ar se preparar agora mesmo? Ent\u00e3o, confira os nossos cursos e comece a estudar:<\/em><\/p>\n\n\n\n<p style=\"font-size:22px\" class=\"has-background has-text-align-center has-light-green-cyan-background-color\"><strong><a rel=\"noreferrer noopener\" href=\"https:\/\/www.estrategiaconcursos.com.br\/cursos\/concurso\/\" target=\"_blank\">Curso para concurso<\/a><\/strong><\/p>\n\n\n\n<p class=\"has-text-align-center has-medium-font-size\"><em><strong>Assinatura Anual Ilimitada*<\/strong><\/em><\/p>\n\n\n\n<p class=\"has-text-align-center\"><em>Prepare-se com o melhor material e com quem mais aprova em Concursos P\u00fablicos em todo o pa\u00eds. Assine agora a nossa Assinatura Anual e tenha acesso ilimitado* a todos os nossos cursos.<\/em><\/p>\n\n\n\n<p style=\"font-size:22px\" class=\"has-background has-text-align-center has-luminous-vivid-amber-background-color\"><strong>ASSINE AGORA<\/strong>&nbsp;\u2013&nbsp;<strong><a rel=\"noreferrer noopener\" href=\"https:\/\/www.estrategiaconcursos.com.br\/assinaturas\" target=\"_blank\">Assinatura Ilimitada<\/a><\/strong><\/p>\n\n\n\n<p class=\"has-text-align-center has-medium-font-size\"><strong><em>Fique por dentro de todos os concursos<\/em><\/strong><\/p>\n\n\n\n<p style=\"font-size:22px\" class=\"has-background has-text-align-center has-pale-cyan-blue-background-color\"><a rel=\"noreferrer noopener\" href=\"https:\/\/www.estrategiaconcursos.com.br\/blog\/concursos-abertos\/\" target=\"_blank\"><strong>CONCURSOS ABERTOS<\/strong><\/a><\/p>\n\n\n\n<p style=\"font-size:22px\" class=\"has-background has-text-align-center has-pale-cyan-blue-background-color\"><a rel=\"noreferrer noopener\" href=\"https:\/\/www.estrategiaconcursos.com.br\/blog\/concursos-2019\/\" target=\"_blank\"><strong>CONCURSOS 2019<\/strong><\/a><\/p>\n\n\n\n<p style=\"font-size:22px\" class=\"has-background has-text-align-center has-pale-cyan-blue-background-color\"><a rel=\"noreferrer noopener\" href=\"https:\/\/www.estrategiaconcursos.com.br\/blog\/concursos-2020\/\" target=\"_blank\"><strong>CONCURSOS&nbsp;2020<\/strong><\/a><\/p>\n\n\n\n<figure class=\"wp-block-image\"><img loading=\"lazy\" decoding=\"async\" width=\"300\" height=\"102\" src=\"https:\/\/dhg1h5j42swfq.cloudfront.net\/2017\/03\/28152500\/coruja-ficha-tecnica-300x102.png\" alt=\"Ficha t\u00e9cnica do concurso Prefeitura Salvador do Sul\" class=\"wp-image-68542\"\/><\/figure>\n\n\n\n<h3 class=\"wp-block-heading\" id=\"ficha-tecnica\"><strong>Informa\u00e7\u00f5es sobre o c<\/strong>oncurso Prefeitura Salvador do Sul<\/h3>\n\n\n\n<p>\u25ba<strong>Inscri\u00e7\u00f5es<\/strong>: 12 a 26\/12<br \/>\u25ba<strong>Provas<\/strong>: 19\/01<br \/>\u25ba<strong>Vagas<\/strong>: 20 + CR<br \/>\u25ba<strong>Cargos<\/strong>: Diversos<br \/>\u25ba<strong>Banca<\/strong>: Una Gest\u00e3o e Assessoria<br \/>\u25ba<strong>Escolaridade<\/strong>: N\u00edvel fundamental, m\u00e9dio, t\u00e9cnico e superior<br \/>\u25ba<strong>Edital<\/strong>:&nbsp;<a rel=\"noreferrer noopener\" aria-label=\"Edital Salvador do Sul (abre numa nova aba)\" href=\"https:\/\/dhg1h5j42swfq.cloudfront.net\/2019\/12\/11113800\/SALVADOR-DO-SUL-EDITAL.pdf\" target=\"_blank\">Edital Salvador do Sul<\/a><\/p>\n\n\n\n<p><br \/><em>Ascom Estrat\u00e9gia<\/em><br \/>ascomestrategia@gmail.com<\/p>\n","protected":false},"excerpt":{"rendered":"<p>As inscri\u00e7\u00f5es para o concurso Prefeitura Salvador do Sul do munic\u00edpio do Estado do Rio Grande do Sul terminam hoje, 26 de dezembro. S\u00e3o ofertadas 20 vagas imediatas e forma\u00e7\u00e3o de cadastro reserva, distribu\u00eddas entre cargos de n\u00edvel fundamental, m\u00e9dio, t\u00e9cnico, magist\u00e9rio e superior. Elaboramos neste artigo tudo o que voc\u00ea precisa saber para ficar [&hellip;]<\/p>\n","protected":false},"author":260,"featured_media":444273,"comment_status":"open","ping_status":"closed","sticky":false,"template":"","format":"standard","meta":{"post_tipo":"article","footnotes":""},"categories":[1],"tags":[],"tax_estado":[],"class_list":["post-458822","post","type-post","status-publish","format-standard","has-post-thumbnail","hentry","category-cursos-e-concursos"],"acf":[],"yoast_head":"<!-- This site is optimized with the Yoast SEO Premium plugin v27.2 (Yoast SEO v27.2) - https:\/\/yoast.com\/product\/yoast-seo-premium-wordpress\/ -->\n<title>Concurso Prefeitura Salvador do Sul: inscri\u00e7\u00f5es terminam hoje<\/title>\n<meta name=\"description\" content=\"Concurso Prefeitura Salvador do Sul: Publicado edital com vagas imediatas e cadastro reserva para diversos cargos. Acesse e saiba mais!\" \/>\n<meta name=\"robots\" content=\"index, follow, max-snippet:-1, max-image-preview:large, max-video-preview:-1\" \/>\n<link rel=\"canonical\" href=\"https:\/\/www.estrategiaconcursos.com.br\/blog\/concurso-prefeitura-salvador-do-sul\/\" \/>\n<meta property=\"og:locale\" content=\"pt_BR\" \/>\n<meta property=\"og:type\" content=\"article\" \/>\n<meta property=\"og:title\" content=\"Concurso Prefeitura Salvador do Sul: inscri\u00e7\u00f5es terminam hoje\" \/>\n<meta property=\"og:description\" content=\"Concurso Prefeitura Salvador do Sul: Publicado edital com vagas imediatas e cadastro reserva para diversos cargos. Acesse e saiba mais!\" \/>\n<meta property=\"og:url\" content=\"https:\/\/www.estrategiaconcursos.com.br\/blog\/concurso-prefeitura-salvador-do-sul\/\" \/>\n<meta property=\"og:site_name\" content=\"Estrat\u00e9gia Concursos\" \/>\n<meta property=\"article:published_time\" content=\"2019-12-26T04:45:00+00:00\" \/>\n<meta property=\"article:modified_time\" content=\"2019-12-26T12:40:48+00:00\" \/>\n<meta property=\"og:image\" content=\"https:\/\/dhg1h5j42swfq.cloudfront.net\/2019\/11\/05113826\/Saiu-Edital-8.png\" \/>\n\t<meta property=\"og:image:width\" content=\"1200\" \/>\n\t<meta property=\"og:image:height\" content=\"628\" \/>\n\t<meta property=\"og:image:type\" content=\"image\/png\" \/>\n<meta name=\"author\" content=\"Diego Cerqueira Berbert Vasconcelos\" \/>\n<meta name=\"twitter:card\" content=\"summary_large_image\" \/>\n<meta name=\"twitter:creator\" content=\"@EstratConcursos\" \/>\n<meta name=\"twitter:site\" content=\"@EstratConcursos\" \/>\n<meta name=\"twitter:label1\" content=\"Escrito por\" \/>\n\t<meta name=\"twitter:data1\" content=\"Diego Cerqueira Berbert Vasconcelos\" \/>\n\t<meta name=\"twitter:label2\" content=\"Est. tempo de leitura\" \/>\n\t<meta name=\"twitter:data2\" content=\"5 minutos\" \/>\n<script type=\"application\/ld+json\" class=\"yoast-schema-graph\">{\"@context\":\"https:\/\/schema.org\",\"@graph\":[{\"@type\":\"NewsArticle\",\"@id\":\"https:\/\/www.estrategiaconcursos.com.br\/blog\/concurso-prefeitura-salvador-do-sul\/#article\",\"isPartOf\":{\"@id\":\"https:\/\/www.estrategiaconcursos.com.br\/blog\/concurso-prefeitura-salvador-do-sul\/\"},\"author\":{\"name\":\"Diego Cerqueira Berbert Vasconcelos\",\"@id\":\"https:\/\/www.estrategiaconcursos.com.br\/blog\/#\/schema\/person\/7fbf898fd336f5ce58a961518beff68c\"},\"headline\":\"Concurso Prefeitura Salvador do Sul: inscri\u00e7\u00f5es terminam hoje\",\"datePublished\":\"2019-12-26T04:45:00+00:00\",\"dateModified\":\"2019-12-26T12:40:48+00:00\",\"mainEntityOfPage\":{\"@id\":\"https:\/\/www.estrategiaconcursos.com.br\/blog\/concurso-prefeitura-salvador-do-sul\/\"},\"wordCount\":1007,\"commentCount\":0,\"publisher\":{\"@id\":\"https:\/\/www.estrategiaconcursos.com.br\/blog\/#organization\"},\"image\":{\"@id\":\"https:\/\/www.estrategiaconcursos.com.br\/blog\/concurso-prefeitura-salvador-do-sul\/#primaryimage\"},\"thumbnailUrl\":\"https:\/\/dhg1h5j42swfq.cloudfront.net\/2019\/11\/05113826\/Saiu-Edital-8.png\",\"articleSection\":[\"Concursos P\u00fablicos\"],\"inLanguage\":\"pt-BR\",\"potentialAction\":[{\"@type\":\"CommentAction\",\"name\":\"Comment\",\"target\":[\"https:\/\/www.estrategiaconcursos.com.br\/blog\/concurso-prefeitura-salvador-do-sul\/#respond\"]}],\"copyrightYear\":\"2019\",\"copyrightHolder\":{\"@id\":\"https:\/\/www.estrategiaconcursos.com.br\/blog\/#organization\"}},{\"@type\":\"WebPage\",\"@id\":\"https:\/\/www.estrategiaconcursos.com.br\/blog\/concurso-prefeitura-salvador-do-sul\/\",\"url\":\"https:\/\/www.estrategiaconcursos.com.br\/blog\/concurso-prefeitura-salvador-do-sul\/\",\"name\":\"Concurso Prefeitura Salvador do Sul: inscri\u00e7\u00f5es terminam hoje\",\"isPartOf\":{\"@id\":\"https:\/\/www.estrategiaconcursos.com.br\/blog\/#website\"},\"primaryImageOfPage\":{\"@id\":\"https:\/\/www.estrategiaconcursos.com.br\/blog\/concurso-prefeitura-salvador-do-sul\/#primaryimage\"},\"image\":{\"@id\":\"https:\/\/www.estrategiaconcursos.com.br\/blog\/concurso-prefeitura-salvador-do-sul\/#primaryimage\"},\"thumbnailUrl\":\"https:\/\/dhg1h5j42swfq.cloudfront.net\/2019\/11\/05113826\/Saiu-Edital-8.png\",\"datePublished\":\"2019-12-26T04:45:00+00:00\",\"dateModified\":\"2019-12-26T12:40:48+00:00\",\"description\":\"Concurso Prefeitura Salvador do Sul: Publicado edital com vagas imediatas e cadastro reserva para diversos cargos. Acesse e saiba mais!\",\"breadcrumb\":{\"@id\":\"https:\/\/www.estrategiaconcursos.com.br\/blog\/concurso-prefeitura-salvador-do-sul\/#breadcrumb\"},\"inLanguage\":\"pt-BR\",\"potentialAction\":[{\"@type\":\"ReadAction\",\"target\":[\"https:\/\/www.estrategiaconcursos.com.br\/blog\/concurso-prefeitura-salvador-do-sul\/\"]}]},{\"@type\":\"ImageObject\",\"inLanguage\":\"pt-BR\",\"@id\":\"https:\/\/www.estrategiaconcursos.com.br\/blog\/concurso-prefeitura-salvador-do-sul\/#primaryimage\",\"url\":\"https:\/\/dhg1h5j42swfq.cloudfront.net\/2019\/11\/05113826\/Saiu-Edital-8.png\",\"contentUrl\":\"https:\/\/dhg1h5j42swfq.cloudfront.net\/2019\/11\/05113826\/Saiu-Edital-8.png\",\"width\":1200,\"height\":628,\"caption\":\"PSS NOVA IGUA\u00c7U RJ\"},{\"@type\":\"BreadcrumbList\",\"@id\":\"https:\/\/www.estrategiaconcursos.com.br\/blog\/concurso-prefeitura-salvador-do-sul\/#breadcrumb\",\"itemListElement\":[{\"@type\":\"ListItem\",\"position\":1,\"name\":\"In\u00edcio\",\"item\":\"https:\/\/www.estrategiaconcursos.com.br\/blog\/\"},{\"@type\":\"ListItem\",\"position\":2,\"name\":\"Concurso Prefeitura Salvador do Sul: inscri\u00e7\u00f5es terminam hoje\"}]},{\"@type\":\"WebSite\",\"@id\":\"https:\/\/www.estrategiaconcursos.com.br\/blog\/#website\",\"url\":\"https:\/\/www.estrategiaconcursos.com.br\/blog\/\",\"name\":\"Estrat\u00e9gia Concursos\",\"description\":\"O blog da Estrat\u00e9gia Concursos traz not\u00edcias sobre concursos e artigos de professores oferecendo cursos para concursos (pdf + videaulas) no site.\",\"publisher\":{\"@id\":\"https:\/\/www.estrategiaconcursos.com.br\/blog\/#organization\"},\"potentialAction\":[{\"@type\":\"SearchAction\",\"target\":{\"@type\":\"EntryPoint\",\"urlTemplate\":\"https:\/\/www.estrategiaconcursos.com.br\/blog\/?s={search_term_string}\"},\"query-input\":{\"@type\":\"PropertyValueSpecification\",\"valueRequired\":true,\"valueName\":\"search_term_string\"}}],\"inLanguage\":\"pt-BR\"},{\"@type\":\"Organization\",\"@id\":\"https:\/\/www.estrategiaconcursos.com.br\/blog\/#organization\",\"name\":\"Estrat\u00e9gia Concursos\",\"url\":\"https:\/\/www.estrategiaconcursos.com.br\/blog\/\",\"logo\":{\"@type\":\"ImageObject\",\"inLanguage\":\"pt-BR\",\"@id\":\"https:\/\/www.estrategiaconcursos.com.br\/blog\/#\/schema\/logo\/image\/\",\"url\":\"https:\/\/dhg1h5j42swfq.cloudfront.net\/2025\/06\/03203428\/logo_concursos-1.jpg\",\"contentUrl\":\"https:\/\/dhg1h5j42swfq.cloudfront.net\/2025\/06\/03203428\/logo_concursos-1.jpg\",\"width\":230,\"height\":60,\"caption\":\"Estrat\u00e9gia Concursos\"},\"image\":{\"@id\":\"https:\/\/www.estrategiaconcursos.com.br\/blog\/#\/schema\/logo\/image\/\"},\"sameAs\":[\"https:\/\/x.com\/EstratConcursos\"]},{\"@type\":\"Person\",\"@id\":\"https:\/\/www.estrategiaconcursos.com.br\/blog\/#\/schema\/person\/7fbf898fd336f5ce58a961518beff68c\",\"name\":\"Diego Cerqueira Berbert Vasconcelos\",\"image\":{\"@type\":\"ImageObject\",\"inLanguage\":\"pt-BR\",\"@id\":\"https:\/\/secure.gravatar.com\/avatar\/ed2d045a7390980cad1a92d24dcc39d10ef55b88fcb9fb9c047979bf4ddeb1ce?s=96&d=mm&r=g\",\"url\":\"https:\/\/secure.gravatar.com\/avatar\/ed2d045a7390980cad1a92d24dcc39d10ef55b88fcb9fb9c047979bf4ddeb1ce?s=96&d=mm&r=g\",\"contentUrl\":\"https:\/\/secure.gravatar.com\/avatar\/ed2d045a7390980cad1a92d24dcc39d10ef55b88fcb9fb9c047979bf4ddeb1ce?s=96&d=mm&r=g\",\"caption\":\"Diego Cerqueira Berbert Vasconcelos\"},\"url\":\"https:\/\/www.estrategiaconcursos.com.br\/blog\/author\/diegocerqueiraestrategiaconcursos-com-br\/\"}]}<\/script>\n<!-- \/ Yoast SEO Premium plugin. -->","yoast_head_json":{"title":"Concurso Prefeitura Salvador do Sul: inscri\u00e7\u00f5es terminam hoje","description":"Concurso Prefeitura Salvador do Sul: Publicado edital com vagas imediatas e cadastro reserva para diversos cargos. Acesse e saiba mais!","robots":{"index":"index","follow":"follow","max-snippet":"max-snippet:-1","max-image-preview":"max-image-preview:large","max-video-preview":"max-video-preview:-1"},"canonical":"https:\/\/www.estrategiaconcursos.com.br\/blog\/concurso-prefeitura-salvador-do-sul\/","og_locale":"pt_BR","og_type":"article","og_title":"Concurso Prefeitura Salvador do Sul: inscri\u00e7\u00f5es terminam hoje","og_description":"Concurso Prefeitura Salvador do Sul: Publicado edital com vagas imediatas e cadastro reserva para diversos cargos. Acesse e saiba mais!","og_url":"https:\/\/www.estrategiaconcursos.com.br\/blog\/concurso-prefeitura-salvador-do-sul\/","og_site_name":"Estrat\u00e9gia Concursos","article_published_time":"2019-12-26T04:45:00+00:00","article_modified_time":"2019-12-26T12:40:48+00:00","og_image":[{"width":1200,"height":628,"url":"https:\/\/dhg1h5j42swfq.cloudfront.net\/2019\/11\/05113826\/Saiu-Edital-8.png","type":"image\/png"}],"author":"Diego Cerqueira Berbert Vasconcelos","twitter_card":"summary_large_image","twitter_creator":"@EstratConcursos","twitter_site":"@EstratConcursos","twitter_misc":{"Escrito por":"Diego Cerqueira Berbert Vasconcelos","Est. tempo de leitura":"5 minutos"},"schema":{"@context":"https:\/\/schema.org","@graph":[{"@type":"NewsArticle","@id":"https:\/\/www.estrategiaconcursos.com.br\/blog\/concurso-prefeitura-salvador-do-sul\/#article","isPartOf":{"@id":"https:\/\/www.estrategiaconcursos.com.br\/blog\/concurso-prefeitura-salvador-do-sul\/"},"author":{"name":"Diego Cerqueira Berbert Vasconcelos","@id":"https:\/\/www.estrategiaconcursos.com.br\/blog\/#\/schema\/person\/7fbf898fd336f5ce58a961518beff68c"},"headline":"Concurso Prefeitura Salvador do Sul: inscri\u00e7\u00f5es terminam hoje","datePublished":"2019-12-26T04:45:00+00:00","dateModified":"2019-12-26T12:40:48+00:00","mainEntityOfPage":{"@id":"https:\/\/www.estrategiaconcursos.com.br\/blog\/concurso-prefeitura-salvador-do-sul\/"},"wordCount":1007,"commentCount":0,"publisher":{"@id":"https:\/\/www.estrategiaconcursos.com.br\/blog\/#organization"},"image":{"@id":"https:\/\/www.estrategiaconcursos.com.br\/blog\/concurso-prefeitura-salvador-do-sul\/#primaryimage"},"thumbnailUrl":"https:\/\/dhg1h5j42swfq.cloudfront.net\/2019\/11\/05113826\/Saiu-Edital-8.png","articleSection":["Concursos P\u00fablicos"],"inLanguage":"pt-BR","potentialAction":[{"@type":"CommentAction","name":"Comment","target":["https:\/\/www.estrategiaconcursos.com.br\/blog\/concurso-prefeitura-salvador-do-sul\/#respond"]}],"copyrightYear":"2019","copyrightHolder":{"@id":"https:\/\/www.estrategiaconcursos.com.br\/blog\/#organization"}},{"@type":"WebPage","@id":"https:\/\/www.estrategiaconcursos.com.br\/blog\/concurso-prefeitura-salvador-do-sul\/","url":"https:\/\/www.estrategiaconcursos.com.br\/blog\/concurso-prefeitura-salvador-do-sul\/","name":"Concurso Prefeitura Salvador do Sul: inscri\u00e7\u00f5es terminam hoje","isPartOf":{"@id":"https:\/\/www.estrategiaconcursos.com.br\/blog\/#website"},"primaryImageOfPage":{"@id":"https:\/\/www.estrategiaconcursos.com.br\/blog\/concurso-prefeitura-salvador-do-sul\/#primaryimage"},"image":{"@id":"https:\/\/www.estrategiaconcursos.com.br\/blog\/concurso-prefeitura-salvador-do-sul\/#primaryimage"},"thumbnailUrl":"https:\/\/dhg1h5j42swfq.cloudfront.net\/2019\/11\/05113826\/Saiu-Edital-8.png","datePublished":"2019-12-26T04:45:00+00:00","dateModified":"2019-12-26T12:40:48+00:00","description":"Concurso Prefeitura Salvador do Sul: Publicado edital com vagas imediatas e cadastro reserva para diversos cargos. Acesse e saiba mais!","breadcrumb":{"@id":"https:\/\/www.estrategiaconcursos.com.br\/blog\/concurso-prefeitura-salvador-do-sul\/#breadcrumb"},"inLanguage":"pt-BR","potentialAction":[{"@type":"ReadAction","target":["https:\/\/www.estrategiaconcursos.com.br\/blog\/concurso-prefeitura-salvador-do-sul\/"]}]},{"@type":"ImageObject","inLanguage":"pt-BR","@id":"https:\/\/www.estrategiaconcursos.com.br\/blog\/concurso-prefeitura-salvador-do-sul\/#primaryimage","url":"https:\/\/dhg1h5j42swfq.cloudfront.net\/2019\/11\/05113826\/Saiu-Edital-8.png","contentUrl":"https:\/\/dhg1h5j42swfq.cloudfront.net\/2019\/11\/05113826\/Saiu-Edital-8.png","width":1200,"height":628,"caption":"PSS NOVA IGUA\u00c7U RJ"},{"@type":"BreadcrumbList","@id":"https:\/\/www.estrategiaconcursos.com.br\/blog\/concurso-prefeitura-salvador-do-sul\/#breadcrumb","itemListElement":[{"@type":"ListItem","position":1,"name":"In\u00edcio","item":"https:\/\/www.estrategiaconcursos.com.br\/blog\/"},{"@type":"ListItem","position":2,"name":"Concurso Prefeitura Salvador do Sul: inscri\u00e7\u00f5es terminam hoje"}]},{"@type":"WebSite","@id":"https:\/\/www.estrategiaconcursos.com.br\/blog\/#website","url":"https:\/\/www.estrategiaconcursos.com.br\/blog\/","name":"Estrat\u00e9gia Concursos","description":"O blog da Estrat\u00e9gia Concursos traz not\u00edcias sobre concursos e artigos de professores oferecendo cursos para concursos (pdf + videaulas) no site.","publisher":{"@id":"https:\/\/www.estrategiaconcursos.com.br\/blog\/#organization"},"potentialAction":[{"@type":"SearchAction","target":{"@type":"EntryPoint","urlTemplate":"https:\/\/www.estrategiaconcursos.com.br\/blog\/?s={search_term_string}"},"query-input":{"@type":"PropertyValueSpecification","valueRequired":true,"valueName":"search_term_string"}}],"inLanguage":"pt-BR"},{"@type":"Organization","@id":"https:\/\/www.estrategiaconcursos.com.br\/blog\/#organization","name":"Estrat\u00e9gia Concursos","url":"https:\/\/www.estrategiaconcursos.com.br\/blog\/","logo":{"@type":"ImageObject","inLanguage":"pt-BR","@id":"https:\/\/www.estrategiaconcursos.com.br\/blog\/#\/schema\/logo\/image\/","url":"https:\/\/dhg1h5j42swfq.cloudfront.net\/2025\/06\/03203428\/logo_concursos-1.jpg","contentUrl":"https:\/\/dhg1h5j42swfq.cloudfront.net\/2025\/06\/03203428\/logo_concursos-1.jpg","width":230,"height":60,"caption":"Estrat\u00e9gia Concursos"},"image":{"@id":"https:\/\/www.estrategiaconcursos.com.br\/blog\/#\/schema\/logo\/image\/"},"sameAs":["https:\/\/x.com\/EstratConcursos"]},{"@type":"Person","@id":"https:\/\/www.estrategiaconcursos.com.br\/blog\/#\/schema\/person\/7fbf898fd336f5ce58a961518beff68c","name":"Diego Cerqueira Berbert Vasconcelos","image":{"@type":"ImageObject","inLanguage":"pt-BR","@id":"https:\/\/secure.gravatar.com\/avatar\/ed2d045a7390980cad1a92d24dcc39d10ef55b88fcb9fb9c047979bf4ddeb1ce?s=96&d=mm&r=g","url":"https:\/\/secure.gravatar.com\/avatar\/ed2d045a7390980cad1a92d24dcc39d10ef55b88fcb9fb9c047979bf4ddeb1ce?s=96&d=mm&r=g","contentUrl":"https:\/\/secure.gravatar.com\/avatar\/ed2d045a7390980cad1a92d24dcc39d10ef55b88fcb9fb9c047979bf4ddeb1ce?s=96&d=mm&r=g","caption":"Diego Cerqueira Berbert Vasconcelos"},"url":"https:\/\/www.estrategiaconcursos.com.br\/blog\/author\/diegocerqueiraestrategiaconcursos-com-br\/"}]}},"_links":{"self":[{"href":"https:\/\/www.estrategiaconcursos.com.br\/blog\/wp-json\/wp\/v2\/posts\/458822","targetHints":{"allow":["GET"]}}],"collection":[{"href":"https:\/\/www.estrategiaconcursos.com.br\/blog\/wp-json\/wp\/v2\/posts"}],"about":[{"href":"https:\/\/www.estrategiaconcursos.com.br\/blog\/wp-json\/wp\/v2\/types\/post"}],"author":[{"embeddable":true,"href":"https:\/\/www.estrategiaconcursos.com.br\/blog\/wp-json\/wp\/v2\/users\/260"}],"replies":[{"embeddable":true,"href":"https:\/\/www.estrategiaconcursos.com.br\/blog\/wp-json\/wp\/v2\/comments?post=458822"}],"version-history":[{"count":7,"href":"https:\/\/www.estrategiaconcursos.com.br\/blog\/wp-json\/wp\/v2\/posts\/458822\/revisions"}],"predecessor-version":[{"id":464024,"href":"https:\/\/www.estrategiaconcursos.com.br\/blog\/wp-json\/wp\/v2\/posts\/458822\/revisions\/464024"}],"wp:featuredmedia":[{"embeddable":true,"href":"https:\/\/www.estrategiaconcursos.com.br\/blog\/wp-json\/wp\/v2\/media\/444273"}],"wp:attachment":[{"href":"https:\/\/www.estrategiaconcursos.com.br\/blog\/wp-json\/wp\/v2\/media?parent=458822"}],"wp:term":[{"taxonomy":"category","embeddable":true,"href":"https:\/\/www.estrategiaconcursos.com.br\/blog\/wp-json\/wp\/v2\/categories?post=458822"},{"taxonomy":"post_tag","embeddable":true,"href":"https:\/\/www.estrategiaconcursos.com.br\/blog\/wp-json\/wp\/v2\/tags?post=458822"},{"taxonomy":"tax_estado","embeddable":true,"href":"https:\/\/www.estrategiaconcursos.com.br\/blog\/wp-json\/wp\/v2\/tax_estado?post=458822"}],"curies":[{"name":"wp","href":"https:\/\/api.w.org\/{rel}","templated":true}]}}