{"id":458810,"date":"2019-12-11T10:32:14","date_gmt":"2019-12-11T13:32:14","guid":{"rendered":"https:\/\/www.estrategiaconcursos.com.br\/blog\/?p=458810"},"modified":"2023-06-13T09:57:57","modified_gmt":"2023-06-13T12:57:57","slug":"candidatos-poderao-solicitar-devolucao-da-taxa-de-inscricao-no-concurso-mp-sc","status":"publish","type":"post","link":"https:\/\/www.estrategiaconcursos.com.br\/blog\/candidatos-poderao-solicitar-devolucao-da-taxa-de-inscricao-no-concurso-mp-sc\/","title":{"rendered":"Candidatos poder\u00e3o solicitar devolu\u00e7\u00e3o da taxa de inscri\u00e7\u00e3o no concurso MP SC"},"content":{"rendered":"\n<h2 class=\"wp-block-heading\" id=\"h-medida-vale-para-quem-nao-ira-completar-tempo-de-atividade-juridica\">Medida vale para quem n\u00e3o ir\u00e1 completar tempo de atividade jur\u00eddica<\/h2>\n\n\n\n<p>A comiss\u00e3o do <strong>41\u00ba concurso<\/strong> de ingresso na carreira do Minist\u00e9rio P\u00fablico de Santa Catarina divulgou nesta ter\u00e7a-feira (10) que os candidatos que n\u00e3o atingirem o tempo m\u00ednimo de atividade jur\u00eddica at\u00e9 a inscri\u00e7\u00e3o definitiva poder\u00e3o solicitar a devolu\u00e7\u00e3o da taxa de inscri\u00e7\u00e3o.<\/p>\n\n\n\n<p>A medida foi publicada em comunicado divulgado no Di\u00e1rio Eletr\u00f4nico do \u00f3rg\u00e3o, ap\u00f3s retifica\u00e7\u00e3o do edital, adequando as regras do concurso \u00e0s j\u00e1 previstas pelo Conselho Nacional do Minist\u00e9rio P\u00fablico.<\/p>\n\n\n\n<p>A altera\u00e7\u00e3o no edital se deu em virtude de Procedimento de Controle Administrativo instaurado no CNPMP. Gra\u00e7as \u00e0 recomenda\u00e7\u00e3o do Conselho, os candidatos classificados no processo preambular discursivo, cujo resultado foi divulgado em 22 de novembro, poder\u00e3o requerer a devolu\u00e7\u00e3o da taxa at\u00e9 o dia <strong>17 de janeiro de 2020<\/strong>.<\/p>\n\n\n\n<p> O edital do concurso foi publicado em abril deste ano. Das 23 vagas, uma est\u00e1 reservada preferencialmente aos candidatos com defici\u00eancia e 4 outras reservadas preferencialmente aos candidatos negros.  <\/p>\n\n\n\n<p>Confira abaixo a \u00edntegra do do comunicado da comiss\u00e3o do concurso:<\/p>\n\n\n\n<figure class=\"wp-block-image\"><img loading=\"lazy\" decoding=\"async\" width=\"1107\" height=\"455\" src=\"https:\/\/dhg1h5j42swfq.cloudfront.net\/2019\/12\/11102307\/image70.png\" alt=\"Concurso MP SC Promotor: comunicado da comiss\u00e3o do certame.\" class=\"wp-image-458814\" srcset=\"https:\/\/dhg1h5j42swfq.cloudfront.net\/2019\/12\/11102307\/image70.png 1107w, https:\/\/dhg1h5j42swfq.cloudfront.net\/2019\/12\/11102307\/image70.png 300w, https:\/\/dhg1h5j42swfq.cloudfront.net\/2019\/12\/11102307\/image70.png 768w, https:\/\/dhg1h5j42swfq.cloudfront.net\/2019\/12\/11102307\/image70.png 1024w, https:\/\/dhg1h5j42swfq.cloudfront.net\/2019\/12\/11102307\/image70.png 610w\" sizes=\"auto, (max-width: 1107px) 100vw, 1107px\" \/><figcaption class=\"wp-element-caption\">Concurso MP SC Promotor: comunicado da comiss\u00e3o do certame.<\/figcaption><\/figure>\n\n\n\n<p class=\"has-text-align-center has-pale-cyan-blue-background-color has-background\" style=\"font-size:clamp(15.197px, 0.95rem + ((1vw - 3.2px) * 0.765), 23px);px\"><strong><em>Mais informa\u00e7\u00f5es: <\/em><\/strong><a href=\"https:\/\/www.estrategiaconcursos.com.br\/blog\/concurso-mp-sc-promotor\/\"><strong><em>Concurso MP SC<\/em><\/strong><\/a><\/p>\n\n\n\n<p class=\"has-text-align-center has-luminous-vivid-amber-background-color has-background\" style=\"font-size:clamp(15.197px, 0.95rem + ((1vw - 3.2px) * 0.765), 23px);px\"><strong><a href=\"https:\/\/www.estrategiaconcursos.com.br\/cursosPorConcurso\/ministerio-publico-do-estado-de-santa-catarina-mp-sc-promotor\/\">CURSO MP SC PROMOTOR<\/a><\/strong><\/p>\n\n\n\n<p class=\"has-text-align-center has-pale-cyan-blue-background-color has-background\" style=\"font-size:clamp(15.197px, 0.95rem + ((1vw - 3.2px) * 0.765), 23px);px\"><strong><a href=\"https:\/\/www.estrategiaconcursos.com.br\/blog\/concursos-abertos\/\">CONCURSOS ABERTOS<\/a><\/strong><\/p>\n","protected":false},"excerpt":{"rendered":"<p>Medida vale para quem n\u00e3o ir\u00e1 completar tempo de atividade jur\u00eddica A comiss\u00e3o do 41\u00ba concurso de ingresso na carreira do Minist\u00e9rio P\u00fablico de Santa Catarina divulgou nesta ter\u00e7a-feira (10) que os candidatos que n\u00e3o atingirem o tempo m\u00ednimo de atividade jur\u00eddica at\u00e9 a inscri\u00e7\u00e3o definitiva poder\u00e3o solicitar a devolu\u00e7\u00e3o da taxa de inscri\u00e7\u00e3o. A [&hellip;]<\/p>\n","protected":false},"author":218,"featured_media":138520,"comment_status":"open","ping_status":"closed","sticky":false,"template":"","format":"standard","meta":{"post_tipo":"article","footnotes":""},"categories":[2185],"tags":[],"tax_estado":[],"class_list":["post-458810","post","type-post","status-publish","format-standard","has-post-thumbnail","hentry","category-carreiras-juridicas"],"acf":[],"yoast_head":"<!-- This site is optimized with the Yoast SEO Premium plugin v27.2 (Yoast SEO v27.2) - https:\/\/yoast.com\/product\/yoast-seo-premium-wordpress\/ -->\n<title>Candidatos poder\u00e3o solicitar devolu\u00e7\u00e3o da taxa de inscri\u00e7\u00e3o no concurso MP SC<\/title>\n<meta name=\"robots\" content=\"index, follow, max-snippet:-1, max-image-preview:large, max-video-preview:-1\" \/>\n<link rel=\"canonical\" href=\"https:\/\/www.estrategiaconcursos.com.br\/blog\/candidatos-poderao-solicitar-devolucao-da-taxa-de-inscricao-no-concurso-mp-sc\/\" \/>\n<meta property=\"og:locale\" content=\"pt_BR\" \/>\n<meta property=\"og:type\" content=\"article\" \/>\n<meta property=\"og:title\" content=\"Candidatos poder\u00e3o solicitar devolu\u00e7\u00e3o da taxa de inscri\u00e7\u00e3o no concurso MP SC\" \/>\n<meta property=\"og:description\" content=\"Medida vale para quem n\u00e3o ir\u00e1 completar tempo de atividade jur\u00eddica A comiss\u00e3o do 41\u00ba concurso de ingresso na carreira do Minist\u00e9rio P\u00fablico de Santa Catarina divulgou nesta ter\u00e7a-feira (10) que os candidatos que n\u00e3o atingirem o tempo m\u00ednimo de atividade jur\u00eddica at\u00e9 a inscri\u00e7\u00e3o definitiva poder\u00e3o solicitar a devolu\u00e7\u00e3o da taxa de inscri\u00e7\u00e3o. A [&hellip;]\" \/>\n<meta property=\"og:url\" content=\"https:\/\/www.estrategiaconcursos.com.br\/blog\/candidatos-poderao-solicitar-devolucao-da-taxa-de-inscricao-no-concurso-mp-sc\/\" \/>\n<meta property=\"og:site_name\" content=\"Estrat\u00e9gia Concursos\" \/>\n<meta property=\"article:published_time\" content=\"2019-12-11T13:32:14+00:00\" \/>\n<meta property=\"article:modified_time\" content=\"2023-06-13T12:57:57+00:00\" \/>\n<meta property=\"og:image\" content=\"https:\/\/dhg1h5j42swfq.cloudfront.net\/2018\/08\/30095534\/concurso-mp-sc34-e1535633752209.jpg\" \/>\n\t<meta property=\"og:image:width\" content=\"400\" \/>\n\t<meta property=\"og:image:height\" content=\"209\" \/>\n\t<meta property=\"og:image:type\" content=\"image\/jpeg\" \/>\n<meta name=\"author\" content=\"Paulo H M Sousa\" \/>\n<meta name=\"twitter:card\" content=\"summary_large_image\" \/>\n<meta name=\"twitter:creator\" content=\"@EstratConcursos\" \/>\n<meta name=\"twitter:site\" content=\"@EstratConcursos\" \/>\n<meta name=\"twitter:label1\" content=\"Escrito por\" \/>\n\t<meta name=\"twitter:data1\" content=\"Paulo H M Sousa\" \/>\n\t<meta name=\"twitter:label2\" content=\"Est. tempo de leitura\" \/>\n\t<meta name=\"twitter:data2\" content=\"1 minuto\" \/>\n<script type=\"application\/ld+json\" class=\"yoast-schema-graph\">{\"@context\":\"https:\/\/schema.org\",\"@graph\":[{\"@type\":\"NewsArticle\",\"@id\":\"https:\/\/www.estrategiaconcursos.com.br\/blog\/candidatos-poderao-solicitar-devolucao-da-taxa-de-inscricao-no-concurso-mp-sc\/#article\",\"isPartOf\":{\"@id\":\"https:\/\/www.estrategiaconcursos.com.br\/blog\/candidatos-poderao-solicitar-devolucao-da-taxa-de-inscricao-no-concurso-mp-sc\/\"},\"author\":{\"name\":\"Paulo H M Sousa\",\"@id\":\"https:\/\/www.estrategiaconcursos.com.br\/blog\/#\/schema\/person\/659a4992e582a2be87908edc68d3786f\"},\"headline\":\"Candidatos poder\u00e3o solicitar devolu\u00e7\u00e3o da taxa de inscri\u00e7\u00e3o no concurso MP SC\",\"datePublished\":\"2019-12-11T13:32:14+00:00\",\"dateModified\":\"2023-06-13T12:57:57+00:00\",\"mainEntityOfPage\":{\"@id\":\"https:\/\/www.estrategiaconcursos.com.br\/blog\/candidatos-poderao-solicitar-devolucao-da-taxa-de-inscricao-no-concurso-mp-sc\/\"},\"wordCount\":230,\"commentCount\":0,\"publisher\":{\"@id\":\"https:\/\/www.estrategiaconcursos.com.br\/blog\/#organization\"},\"image\":{\"@id\":\"https:\/\/www.estrategiaconcursos.com.br\/blog\/candidatos-poderao-solicitar-devolucao-da-taxa-de-inscricao-no-concurso-mp-sc\/#primaryimage\"},\"thumbnailUrl\":\"https:\/\/dhg1h5j42swfq.cloudfront.net\/2018\/08\/30095534\/concurso-mp-sc34-e1535633752209.jpg\",\"articleSection\":[\"Jur\u00eddico\"],\"inLanguage\":\"pt-BR\",\"potentialAction\":[{\"@type\":\"CommentAction\",\"name\":\"Comment\",\"target\":[\"https:\/\/www.estrategiaconcursos.com.br\/blog\/candidatos-poderao-solicitar-devolucao-da-taxa-de-inscricao-no-concurso-mp-sc\/#respond\"]}],\"copyrightYear\":\"2019\",\"copyrightHolder\":{\"@id\":\"https:\/\/www.estrategiaconcursos.com.br\/blog\/#organization\"}},{\"@type\":\"WebPage\",\"@id\":\"https:\/\/www.estrategiaconcursos.com.br\/blog\/candidatos-poderao-solicitar-devolucao-da-taxa-de-inscricao-no-concurso-mp-sc\/\",\"url\":\"https:\/\/www.estrategiaconcursos.com.br\/blog\/candidatos-poderao-solicitar-devolucao-da-taxa-de-inscricao-no-concurso-mp-sc\/\",\"name\":\"Candidatos poder\u00e3o solicitar devolu\u00e7\u00e3o da taxa de inscri\u00e7\u00e3o no concurso MP SC\",\"isPartOf\":{\"@id\":\"https:\/\/www.estrategiaconcursos.com.br\/blog\/#website\"},\"primaryImageOfPage\":{\"@id\":\"https:\/\/www.estrategiaconcursos.com.br\/blog\/candidatos-poderao-solicitar-devolucao-da-taxa-de-inscricao-no-concurso-mp-sc\/#primaryimage\"},\"image\":{\"@id\":\"https:\/\/www.estrategiaconcursos.com.br\/blog\/candidatos-poderao-solicitar-devolucao-da-taxa-de-inscricao-no-concurso-mp-sc\/#primaryimage\"},\"thumbnailUrl\":\"https:\/\/dhg1h5j42swfq.cloudfront.net\/2018\/08\/30095534\/concurso-mp-sc34-e1535633752209.jpg\",\"datePublished\":\"2019-12-11T13:32:14+00:00\",\"dateModified\":\"2023-06-13T12:57:57+00:00\",\"breadcrumb\":{\"@id\":\"https:\/\/www.estrategiaconcursos.com.br\/blog\/candidatos-poderao-solicitar-devolucao-da-taxa-de-inscricao-no-concurso-mp-sc\/#breadcrumb\"},\"inLanguage\":\"pt-BR\",\"potentialAction\":[{\"@type\":\"ReadAction\",\"target\":[\"https:\/\/www.estrategiaconcursos.com.br\/blog\/candidatos-poderao-solicitar-devolucao-da-taxa-de-inscricao-no-concurso-mp-sc\/\"]}]},{\"@type\":\"ImageObject\",\"inLanguage\":\"pt-BR\",\"@id\":\"https:\/\/www.estrategiaconcursos.com.br\/blog\/candidatos-poderao-solicitar-devolucao-da-taxa-de-inscricao-no-concurso-mp-sc\/#primaryimage\",\"url\":\"https:\/\/dhg1h5j42swfq.cloudfront.net\/2018\/08\/30095534\/concurso-mp-sc34-e1535633752209.jpg\",\"contentUrl\":\"https:\/\/dhg1h5j42swfq.cloudfront.net\/2018\/08\/30095534\/concurso-mp-sc34-e1535633752209.jpg\",\"width\":400,\"height\":209,\"caption\":\"concurso mp sc\"},{\"@type\":\"BreadcrumbList\",\"@id\":\"https:\/\/www.estrategiaconcursos.com.br\/blog\/candidatos-poderao-solicitar-devolucao-da-taxa-de-inscricao-no-concurso-mp-sc\/#breadcrumb\",\"itemListElement\":[{\"@type\":\"ListItem\",\"position\":1,\"name\":\"In\u00edcio\",\"item\":\"https:\/\/www.estrategiaconcursos.com.br\/blog\/\"},{\"@type\":\"ListItem\",\"position\":2,\"name\":\"Candidatos poder\u00e3o solicitar devolu\u00e7\u00e3o da taxa de inscri\u00e7\u00e3o no concurso MP SC\"}]},{\"@type\":\"WebSite\",\"@id\":\"https:\/\/www.estrategiaconcursos.com.br\/blog\/#website\",\"url\":\"https:\/\/www.estrategiaconcursos.com.br\/blog\/\",\"name\":\"Estrat\u00e9gia Concursos\",\"description\":\"O blog da Estrat\u00e9gia Concursos traz not\u00edcias sobre concursos e artigos de professores oferecendo cursos para concursos (pdf + videaulas) no site.\",\"publisher\":{\"@id\":\"https:\/\/www.estrategiaconcursos.com.br\/blog\/#organization\"},\"potentialAction\":[{\"@type\":\"SearchAction\",\"target\":{\"@type\":\"EntryPoint\",\"urlTemplate\":\"https:\/\/www.estrategiaconcursos.com.br\/blog\/?s={search_term_string}\"},\"query-input\":{\"@type\":\"PropertyValueSpecification\",\"valueRequired\":true,\"valueName\":\"search_term_string\"}}],\"inLanguage\":\"pt-BR\"},{\"@type\":\"Organization\",\"@id\":\"https:\/\/www.estrategiaconcursos.com.br\/blog\/#organization\",\"name\":\"Estrat\u00e9gia Concursos\",\"url\":\"https:\/\/www.estrategiaconcursos.com.br\/blog\/\",\"logo\":{\"@type\":\"ImageObject\",\"inLanguage\":\"pt-BR\",\"@id\":\"https:\/\/www.estrategiaconcursos.com.br\/blog\/#\/schema\/logo\/image\/\",\"url\":\"https:\/\/dhg1h5j42swfq.cloudfront.net\/2025\/06\/03203428\/logo_concursos-1.jpg\",\"contentUrl\":\"https:\/\/dhg1h5j42swfq.cloudfront.net\/2025\/06\/03203428\/logo_concursos-1.jpg\",\"width\":230,\"height\":60,\"caption\":\"Estrat\u00e9gia Concursos\"},\"image\":{\"@id\":\"https:\/\/www.estrategiaconcursos.com.br\/blog\/#\/schema\/logo\/image\/\"},\"sameAs\":[\"https:\/\/x.com\/EstratConcursos\"]},{\"@type\":\"Person\",\"@id\":\"https:\/\/www.estrategiaconcursos.com.br\/blog\/#\/schema\/person\/659a4992e582a2be87908edc68d3786f\",\"name\":\"Paulo H M Sousa\",\"image\":{\"@type\":\"ImageObject\",\"inLanguage\":\"pt-BR\",\"@id\":\"https:\/\/secure.gravatar.com\/avatar\/6c5538a36475e584e0a1a209a3b92f8b2ecca752f244b8d7db751faab2a292e2?s=96&d=mm&r=g\",\"url\":\"https:\/\/secure.gravatar.com\/avatar\/6c5538a36475e584e0a1a209a3b92f8b2ecca752f244b8d7db751faab2a292e2?s=96&d=mm&r=g\",\"contentUrl\":\"https:\/\/secure.gravatar.com\/avatar\/6c5538a36475e584e0a1a209a3b92f8b2ecca752f244b8d7db751faab2a292e2?s=96&d=mm&r=g\",\"caption\":\"Paulo H M Sousa\"},\"url\":\"https:\/\/www.estrategiaconcursos.com.br\/blog\/author\/paulosousaestrategiaconcursos-com-br\/\"}]}<\/script>\n<!-- \/ Yoast SEO Premium plugin. -->","yoast_head_json":{"title":"Candidatos poder\u00e3o solicitar devolu\u00e7\u00e3o da taxa de inscri\u00e7\u00e3o no concurso MP SC","robots":{"index":"index","follow":"follow","max-snippet":"max-snippet:-1","max-image-preview":"max-image-preview:large","max-video-preview":"max-video-preview:-1"},"canonical":"https:\/\/www.estrategiaconcursos.com.br\/blog\/candidatos-poderao-solicitar-devolucao-da-taxa-de-inscricao-no-concurso-mp-sc\/","og_locale":"pt_BR","og_type":"article","og_title":"Candidatos poder\u00e3o solicitar devolu\u00e7\u00e3o da taxa de inscri\u00e7\u00e3o no concurso MP SC","og_description":"Medida vale para quem n\u00e3o ir\u00e1 completar tempo de atividade jur\u00eddica A comiss\u00e3o do 41\u00ba concurso de ingresso na carreira do Minist\u00e9rio P\u00fablico de Santa Catarina divulgou nesta ter\u00e7a-feira (10) que os candidatos que n\u00e3o atingirem o tempo m\u00ednimo de atividade jur\u00eddica at\u00e9 a inscri\u00e7\u00e3o definitiva poder\u00e3o solicitar a devolu\u00e7\u00e3o da taxa de inscri\u00e7\u00e3o. A [&hellip;]","og_url":"https:\/\/www.estrategiaconcursos.com.br\/blog\/candidatos-poderao-solicitar-devolucao-da-taxa-de-inscricao-no-concurso-mp-sc\/","og_site_name":"Estrat\u00e9gia Concursos","article_published_time":"2019-12-11T13:32:14+00:00","article_modified_time":"2023-06-13T12:57:57+00:00","og_image":[{"width":400,"height":209,"url":"https:\/\/dhg1h5j42swfq.cloudfront.net\/2018\/08\/30095534\/concurso-mp-sc34-e1535633752209.jpg","type":"image\/jpeg"}],"author":"Paulo H M Sousa","twitter_card":"summary_large_image","twitter_creator":"@EstratConcursos","twitter_site":"@EstratConcursos","twitter_misc":{"Escrito por":"Paulo H M Sousa","Est. tempo de leitura":"1 minuto"},"schema":{"@context":"https:\/\/schema.org","@graph":[{"@type":"NewsArticle","@id":"https:\/\/www.estrategiaconcursos.com.br\/blog\/candidatos-poderao-solicitar-devolucao-da-taxa-de-inscricao-no-concurso-mp-sc\/#article","isPartOf":{"@id":"https:\/\/www.estrategiaconcursos.com.br\/blog\/candidatos-poderao-solicitar-devolucao-da-taxa-de-inscricao-no-concurso-mp-sc\/"},"author":{"name":"Paulo H M Sousa","@id":"https:\/\/www.estrategiaconcursos.com.br\/blog\/#\/schema\/person\/659a4992e582a2be87908edc68d3786f"},"headline":"Candidatos poder\u00e3o solicitar devolu\u00e7\u00e3o da taxa de inscri\u00e7\u00e3o no concurso MP SC","datePublished":"2019-12-11T13:32:14+00:00","dateModified":"2023-06-13T12:57:57+00:00","mainEntityOfPage":{"@id":"https:\/\/www.estrategiaconcursos.com.br\/blog\/candidatos-poderao-solicitar-devolucao-da-taxa-de-inscricao-no-concurso-mp-sc\/"},"wordCount":230,"commentCount":0,"publisher":{"@id":"https:\/\/www.estrategiaconcursos.com.br\/blog\/#organization"},"image":{"@id":"https:\/\/www.estrategiaconcursos.com.br\/blog\/candidatos-poderao-solicitar-devolucao-da-taxa-de-inscricao-no-concurso-mp-sc\/#primaryimage"},"thumbnailUrl":"https:\/\/dhg1h5j42swfq.cloudfront.net\/2018\/08\/30095534\/concurso-mp-sc34-e1535633752209.jpg","articleSection":["Jur\u00eddico"],"inLanguage":"pt-BR","potentialAction":[{"@type":"CommentAction","name":"Comment","target":["https:\/\/www.estrategiaconcursos.com.br\/blog\/candidatos-poderao-solicitar-devolucao-da-taxa-de-inscricao-no-concurso-mp-sc\/#respond"]}],"copyrightYear":"2019","copyrightHolder":{"@id":"https:\/\/www.estrategiaconcursos.com.br\/blog\/#organization"}},{"@type":"WebPage","@id":"https:\/\/www.estrategiaconcursos.com.br\/blog\/candidatos-poderao-solicitar-devolucao-da-taxa-de-inscricao-no-concurso-mp-sc\/","url":"https:\/\/www.estrategiaconcursos.com.br\/blog\/candidatos-poderao-solicitar-devolucao-da-taxa-de-inscricao-no-concurso-mp-sc\/","name":"Candidatos poder\u00e3o solicitar devolu\u00e7\u00e3o da taxa de inscri\u00e7\u00e3o no concurso MP SC","isPartOf":{"@id":"https:\/\/www.estrategiaconcursos.com.br\/blog\/#website"},"primaryImageOfPage":{"@id":"https:\/\/www.estrategiaconcursos.com.br\/blog\/candidatos-poderao-solicitar-devolucao-da-taxa-de-inscricao-no-concurso-mp-sc\/#primaryimage"},"image":{"@id":"https:\/\/www.estrategiaconcursos.com.br\/blog\/candidatos-poderao-solicitar-devolucao-da-taxa-de-inscricao-no-concurso-mp-sc\/#primaryimage"},"thumbnailUrl":"https:\/\/dhg1h5j42swfq.cloudfront.net\/2018\/08\/30095534\/concurso-mp-sc34-e1535633752209.jpg","datePublished":"2019-12-11T13:32:14+00:00","dateModified":"2023-06-13T12:57:57+00:00","breadcrumb":{"@id":"https:\/\/www.estrategiaconcursos.com.br\/blog\/candidatos-poderao-solicitar-devolucao-da-taxa-de-inscricao-no-concurso-mp-sc\/#breadcrumb"},"inLanguage":"pt-BR","potentialAction":[{"@type":"ReadAction","target":["https:\/\/www.estrategiaconcursos.com.br\/blog\/candidatos-poderao-solicitar-devolucao-da-taxa-de-inscricao-no-concurso-mp-sc\/"]}]},{"@type":"ImageObject","inLanguage":"pt-BR","@id":"https:\/\/www.estrategiaconcursos.com.br\/blog\/candidatos-poderao-solicitar-devolucao-da-taxa-de-inscricao-no-concurso-mp-sc\/#primaryimage","url":"https:\/\/dhg1h5j42swfq.cloudfront.net\/2018\/08\/30095534\/concurso-mp-sc34-e1535633752209.jpg","contentUrl":"https:\/\/dhg1h5j42swfq.cloudfront.net\/2018\/08\/30095534\/concurso-mp-sc34-e1535633752209.jpg","width":400,"height":209,"caption":"concurso mp sc"},{"@type":"BreadcrumbList","@id":"https:\/\/www.estrategiaconcursos.com.br\/blog\/candidatos-poderao-solicitar-devolucao-da-taxa-de-inscricao-no-concurso-mp-sc\/#breadcrumb","itemListElement":[{"@type":"ListItem","position":1,"name":"In\u00edcio","item":"https:\/\/www.estrategiaconcursos.com.br\/blog\/"},{"@type":"ListItem","position":2,"name":"Candidatos poder\u00e3o solicitar devolu\u00e7\u00e3o da taxa de inscri\u00e7\u00e3o no concurso MP SC"}]},{"@type":"WebSite","@id":"https:\/\/www.estrategiaconcursos.com.br\/blog\/#website","url":"https:\/\/www.estrategiaconcursos.com.br\/blog\/","name":"Estrat\u00e9gia Concursos","description":"O blog da Estrat\u00e9gia Concursos traz not\u00edcias sobre concursos e artigos de professores oferecendo cursos para concursos (pdf + videaulas) no site.","publisher":{"@id":"https:\/\/www.estrategiaconcursos.com.br\/blog\/#organization"},"potentialAction":[{"@type":"SearchAction","target":{"@type":"EntryPoint","urlTemplate":"https:\/\/www.estrategiaconcursos.com.br\/blog\/?s={search_term_string}"},"query-input":{"@type":"PropertyValueSpecification","valueRequired":true,"valueName":"search_term_string"}}],"inLanguage":"pt-BR"},{"@type":"Organization","@id":"https:\/\/www.estrategiaconcursos.com.br\/blog\/#organization","name":"Estrat\u00e9gia Concursos","url":"https:\/\/www.estrategiaconcursos.com.br\/blog\/","logo":{"@type":"ImageObject","inLanguage":"pt-BR","@id":"https:\/\/www.estrategiaconcursos.com.br\/blog\/#\/schema\/logo\/image\/","url":"https:\/\/dhg1h5j42swfq.cloudfront.net\/2025\/06\/03203428\/logo_concursos-1.jpg","contentUrl":"https:\/\/dhg1h5j42swfq.cloudfront.net\/2025\/06\/03203428\/logo_concursos-1.jpg","width":230,"height":60,"caption":"Estrat\u00e9gia Concursos"},"image":{"@id":"https:\/\/www.estrategiaconcursos.com.br\/blog\/#\/schema\/logo\/image\/"},"sameAs":["https:\/\/x.com\/EstratConcursos"]},{"@type":"Person","@id":"https:\/\/www.estrategiaconcursos.com.br\/blog\/#\/schema\/person\/659a4992e582a2be87908edc68d3786f","name":"Paulo H M Sousa","image":{"@type":"ImageObject","inLanguage":"pt-BR","@id":"https:\/\/secure.gravatar.com\/avatar\/6c5538a36475e584e0a1a209a3b92f8b2ecca752f244b8d7db751faab2a292e2?s=96&d=mm&r=g","url":"https:\/\/secure.gravatar.com\/avatar\/6c5538a36475e584e0a1a209a3b92f8b2ecca752f244b8d7db751faab2a292e2?s=96&d=mm&r=g","contentUrl":"https:\/\/secure.gravatar.com\/avatar\/6c5538a36475e584e0a1a209a3b92f8b2ecca752f244b8d7db751faab2a292e2?s=96&d=mm&r=g","caption":"Paulo H M Sousa"},"url":"https:\/\/www.estrategiaconcursos.com.br\/blog\/author\/paulosousaestrategiaconcursos-com-br\/"}]}},"_links":{"self":[{"href":"https:\/\/www.estrategiaconcursos.com.br\/blog\/wp-json\/wp\/v2\/posts\/458810","targetHints":{"allow":["GET"]}}],"collection":[{"href":"https:\/\/www.estrategiaconcursos.com.br\/blog\/wp-json\/wp\/v2\/posts"}],"about":[{"href":"https:\/\/www.estrategiaconcursos.com.br\/blog\/wp-json\/wp\/v2\/types\/post"}],"author":[{"embeddable":true,"href":"https:\/\/www.estrategiaconcursos.com.br\/blog\/wp-json\/wp\/v2\/users\/218"}],"replies":[{"embeddable":true,"href":"https:\/\/www.estrategiaconcursos.com.br\/blog\/wp-json\/wp\/v2\/comments?post=458810"}],"version-history":[{"count":2,"href":"https:\/\/www.estrategiaconcursos.com.br\/blog\/wp-json\/wp\/v2\/posts\/458810\/revisions"}],"predecessor-version":[{"id":1231250,"href":"https:\/\/www.estrategiaconcursos.com.br\/blog\/wp-json\/wp\/v2\/posts\/458810\/revisions\/1231250"}],"wp:featuredmedia":[{"embeddable":true,"href":"https:\/\/www.estrategiaconcursos.com.br\/blog\/wp-json\/wp\/v2\/media\/138520"}],"wp:attachment":[{"href":"https:\/\/www.estrategiaconcursos.com.br\/blog\/wp-json\/wp\/v2\/media?parent=458810"}],"wp:term":[{"taxonomy":"category","embeddable":true,"href":"https:\/\/www.estrategiaconcursos.com.br\/blog\/wp-json\/wp\/v2\/categories?post=458810"},{"taxonomy":"post_tag","embeddable":true,"href":"https:\/\/www.estrategiaconcursos.com.br\/blog\/wp-json\/wp\/v2\/tags?post=458810"},{"taxonomy":"tax_estado","embeddable":true,"href":"https:\/\/www.estrategiaconcursos.com.br\/blog\/wp-json\/wp\/v2\/tax_estado?post=458810"}],"curies":[{"name":"wp","href":"https:\/\/api.w.org\/{rel}","templated":true}]}}