{"id":458783,"date":"2020-04-09T08:50:00","date_gmt":"2020-04-09T11:50:00","guid":{"rendered":"https:\/\/www.estrategiaconcursos.com.br\/blog\/?p=458783"},"modified":"2023-06-14T10:51:34","modified_gmt":"2023-06-14T13:51:34","slug":"concurso-comcap","status":"publish","type":"post","link":"https:\/\/www.estrategiaconcursos.com.br\/blog\/concurso-comcap\/","title":{"rendered":"Concurso Comcap: atividades do certame s\u00e3o suspensas; CONFIRA!"},"content":{"rendered":"\n<h2 class=\"wp-block-heading\"><em>Edital tem cronograma alterado e outras retifica\u00e7\u00f5es<\/em><\/h2>\n\n\n\n<p>As atividades do concurso COMCAP est\u00e3o temporariamente suspensas devido as medidas de preven\u00e7\u00e3o e combate ao cont\u00e1gio do novo Coranav\u00edrus. <\/p>\n\n\n\n<p>O certame deve divulgar um novo cronograma com as respectivas datas de provas oportunamente. A prova objetiva estava prevista para ocorrrer no dia 26 de abril de 2020.<\/p>\n\n\n\n<p>Al\u00e9m disso, vale ressaltar que o edital de abertura do concurso COMCAP passou por sua primeira <strong>retifica\u00e7\u00e3o<\/strong>. O certame passa a ofertar n\u00e3o s\u00f3 vagas em cadastro reserva, mas tamb\u00e9m para provimento imediato. <\/p>\n\n\n\n<p>O edital da <strong>Autarquia de Melhoramentos da Capital<\/strong>, agora oferta<strong> 72 vagas mais cadastro reserva<\/strong> para diversos cargos de n\u00edvel fundamental, m\u00e9dio\/t\u00e9cnico e superior. As remunera\u00e7\u00f5es podem chegar a R$ 3.353,90 mais benef\u00edcios.<\/p>\n\n\n\n<p>Se voc\u00ea tem interesse no certame, chegou ao lugar certo! Ao longo deste artigo reunimos as principais informa\u00e7\u00f5es e as retifica\u00e7\u00f5es do <strong>Concurso COMCAP<\/strong> para que voc\u00ea possa se preparar e garantir a t\u00e3o sonhada vaga. Acompanhe pelos t\u00f3picos abaixo:<\/p>\n\n\n\n<ul class=\"wp-block-list\">\n<li><strong><em><a href=\"#vagas\">Distribui\u00e7\u00e3o das vagas<\/a><\/em><\/strong><\/li>\n\n\n\n<li><strong><em><a href=\"#beneficios\">Benef\u00edcios<\/a><\/em><\/strong><\/li>\n\n\n\n<li><a href=\"#principais-datas\"><strong><em>Principais datas<\/em><\/strong><\/a><\/li>\n\n\n\n<li><strong><em><a href=\"#estrutura-remuneratoria\">Estrutura remunerat\u00f3ria<\/a><\/em><\/strong><\/li>\n\n\n\n<li><strong><em><a href=\"#etapas\">Etapas do concurso<\/a><\/em><\/strong><\/li>\n\n\n\n<li><strong><em><a href=\"#vagas-livres\">Vagas livres<\/a><\/em><\/strong><\/li>\n\n\n\n<li><em><strong><a href=\"#atribuicoes\">Atribui\u00e7\u00f5es dos cargos<\/a><\/strong><\/em><\/li>\n\n\n\n<li><strong><em><a href=\"#sobre-a-comcap\">Sobre a COMCAP<\/a><\/em><\/strong><\/li>\n<\/ul>\n\n\n\n<h2 class=\"wp-block-heading\" id=\"vagas\">Distribui\u00e7\u00e3o das vagas do Concurso COMCAP<\/h2>\n\n\n\n<h3 class=\"wp-block-heading\">Cargos de n\u00edvel fundamental<\/h3>\n\n\n\n<figure class=\"wp-block-table is-style-stripes\"><table class=\"has-background has-fixed-layout\" style=\"background-color:#e7f5fe\"><tbody><tr><td><strong>Cargos<\/strong><\/td><td><strong>Vagas<\/strong><\/td><td><strong>Requisitos<\/strong><\/td><td><strong>Remunera\u00e7\u00e3o<\/strong><\/td><\/tr><tr><td>Auxiliar de Manuten\u00e7\u00e3o<\/td><td>CR<\/td><td>N\u00edvel Fundamental completo; Experi\u00eancia profissional de 1 ano. <\/td><td>R$ 1.870,84 <\/td><\/tr><tr><td>Gari de Coleta<\/td><td>30<\/td><td>N\u00edvel Fundamental (incompleto) <\/td><td>R$ 1.870,84 <\/td><\/tr><tr><td>Gari de Limpeza P\u00fablica<\/td><td>30<\/td><td>N\u00edvel Fundamental (incompleto) <\/td><td>R$ 1.308,50 <\/td><\/tr><tr><td>Mec\u00e2nico<\/td><td>CR<\/td><td>N\u00edvel fundamental completo; Experi\u00eancia profissional de 5 anos. <\/td><td>R$ 2.995,23 <\/td><\/tr><tr><td>Motorista<\/td><td>6<\/td><td>N\u00edvel fundamental completo; Experi\u00eancia profissional de 5 anos. CNH tipo \u201cD\u201d.  <\/td><td>R$ 2.560,36 <\/td><\/tr><\/tbody><\/table><\/figure>\n\n\n\n<h3 class=\"wp-block-heading\">Cargos de n\u00edvel m\u00e9dio<\/h3>\n\n\n\n<figure class=\"wp-block-table is-style-stripes\"><table class=\"has-background has-fixed-layout\" style=\"background-color:#e7f5fe\"><tbody><tr><td><strong>Cargos<\/strong><\/td><td><strong>Vagas<\/strong><\/td><td><strong>Requisitos<\/strong><\/td><td><strong>Remunera\u00e7\u00e3o<\/strong><\/td><\/tr><tr><td>Assistente Administrativo<\/td><td>5<\/td><td>N\u00edvel m\u00e9dio completo<\/td><td>R$ 2.450,70 <\/td><\/tr><tr><td>T\u00e9cnico em Saneamento<\/td><td>CR<\/td><td>N\u00edvel t\u00e9cnico na \u00e1rea de Saneamento; Registro no \u00f3rg\u00e3o fiscalizador da profiss\u00e3o; CNH categoria B. <\/td><td>R$ 2.866,91 <\/td><\/tr><tr><td>T\u00e9cnico em Manuten\u00e7\u00e3o e Suporte em Inform\u00e1tica<\/td><td>CR<\/td><td>Curso de n\u00edvel t\u00e9cnico em Inform\u00e1tica, com certificado reconhecido pelo MEC. <\/td><td>R$ 2.866,91 <\/td><\/tr><tr><td>T\u00e9cnico em Mec\u00e2nica<\/td><td>CR<\/td><td>Curso de ensino m\u00e9dio completo e profissionalizante em Mec\u00e2nica; Experi\u00eancia profissional de 1 ou est\u00e1gio de seis meses dentro da especialidade. <\/td><td>R$ 2.866,91 <\/td><\/tr><\/tbody><\/table><\/figure>\n\n\n\n<h3 class=\"wp-block-heading\">Cargos de n\u00edvel superior<\/h3>\n\n\n\n<figure class=\"wp-block-table is-style-stripes\"><table class=\"has-background has-fixed-layout\" style=\"background-color:#e7f5fe\"><tbody><tr><td><strong>Cargos<\/strong><\/td><td><strong>Vagas<\/strong><\/td><td><strong>Requisitos<\/strong><\/td><td><strong>Remunera\u00e7\u00e3o<\/strong> <\/td><\/tr><tr><td>Contador<\/td><td>1<\/td><td>Gradua\u00e7\u00e3o em Ci\u00eancias Cont\u00e1beis. Registro no \u00f3rg\u00e3o fiscalizador da profiss\u00e3o <\/td><td>R$ 3.353,90  <\/td><\/tr><tr><td>Engenheiro Sanitarista<\/td><td>CR<\/td><td>Gradua\u00e7\u00e3o em Engenharia Sanit\u00e1ria ou Engenharia Sanit\u00e1ria e Ambiental e registro no \u00f3rg\u00e3o de classe; CNH categoria B<\/td><td> R$ 3.353,90  <\/td><\/tr><\/tbody><\/table><\/figure>\n\n\n\n<h2 class=\"wp-block-heading\" id=\"beneficios\">Benef\u00edcios dos servidores da COMCAP<\/h2>\n\n\n\n<p><strong>Aux\u00edlio Alimenta\u00e7\u00e3o:<\/strong> Ser\u00e1 pago 30 vales lanche mensal no valor de R$ 28,50. A partir do dia 1\u00ba de novembro de 2020 at\u00e9 o dia 31 de outubro de 2021, a import\u00e2ncia paga ser\u00e1 de R$ 31,00.* <\/p>\n\n\n\n<p><strong>Adicional de Insalubridade, Periculosidade ou Risco de Vida:<\/strong> Os servidores que preencherem os requisitos legais far\u00e3o jus ao adicional de insalubridade, periculosidade ou risco de vida. <\/p>\n\n\n\n<p><strong>Vale transporte:<\/strong> Os servidores que perceberem at\u00e9 3 pisos salariais (atualmente o correspondente a R$ 3.925,50) poder\u00e3o optar pelo Vale-Transporte custeado integralmente pelo Munic\u00edpio de Florian\u00f3polis. Acima deste valor, haver\u00e1 um desconto equivalente a 6% sobre o vencimento base. A dist\u00e2ncia m\u00ednima para concess\u00e3o do benef\u00edcio do Vale Transporte deve ser superior a 1.500 metros. <\/p>\n\n\n\n<h2 class=\"wp-block-heading\" id=\"principais-datas\">Principais datas do Concurso COMCAP<\/h2>\n\n\n\n<ul class=\"wp-block-list\">\n<li><strong>Inscri\u00e7\u00f5es:<\/strong> <s>22\/01 a 21\/02\/2020<\/s> [ENCERRADO]<\/li>\n\n\n\n<li><strong>Isen\u00e7\u00e3o da taxa:<\/strong> <s>22 a 31\/01\/2020<\/s> [ENCERRADO] <\/li>\n\n\n\n<li><strong>Data prevista da prova:<\/strong> <s>26\/04\/2020<\/s> SUSPENSA<\/li>\n<\/ul>\n\n\n\n<p><strong>Confira abaixo o comunicado de suspens\u00e3o das atividades do certame:<\/strong><\/p>\n\n\n\n<figure class=\"wp-block-image aligncenter size-large\"><img loading=\"lazy\" decoding=\"async\" width=\"317\" height=\"347\" src=\"https:\/\/dhg1h5j42swfq.cloudfront.net\/2020\/04\/09083740\/image-1-1.png\" alt=\"\" class=\"wp-image-501923\" srcset=\"https:\/\/dhg1h5j42swfq.cloudfront.net\/2020\/04\/09083740\/image-1-1.png 317w, https:\/\/dhg1h5j42swfq.cloudfront.net\/2020\/04\/09083740\/image-1-1-274x300.png 274w, https:\/\/dhg1h5j42swfq.cloudfront.net\/2020\/04\/09083740\/image-1-1-120x130.png 120w\" sizes=\"auto, (max-width: 317px) 100vw, 317px\" \/><\/figure>\n\n\n\n<h2 class=\"wp-block-heading\" id=\"estrutura-remuneratoria\">Estrutura remunerat\u00f3ria da COMCAP<\/h2>\n\n\n\n<p>Conforme o Projeto de Lei Complementar&nbsp;01766\/2019, que estabelece o Plano de Cargos, Carreira e Vencimentos da Autarquia, os sal\u00e1rios iniciais variam entre <strong>R$ 1.226,82<\/strong> e <strong>R$ 3.144,56<\/strong>, podendo ainda ser acrescidas outras vantagens como Adicional de Produtividade, de Assiduidade, de Insalubridade, Gratifica\u00e7\u00e3o de Coleta e Adicional Noturno.<\/p>\n\n\n\n<figure class=\"wp-block-image\"><img loading=\"lazy\" decoding=\"async\" width=\"809\" height=\"320\" src=\"https:\/\/dhg1h5j42swfq.cloudfront.net\/2019\/12\/11145302\/2-min.png1.png\" alt=\"\" class=\"wp-image-459067\" srcset=\"https:\/\/dhg1h5j42swfq.cloudfront.net\/2019\/12\/11145302\/2-min.png1.png 809w, https:\/\/dhg1h5j42swfq.cloudfront.net\/2019\/12\/11145302\/2-min.png1.png 300w, https:\/\/dhg1h5j42swfq.cloudfront.net\/2019\/12\/11145302\/2-min.png1.png 768w, https:\/\/dhg1h5j42swfq.cloudfront.net\/2019\/12\/11145302\/2-min.png1.png 610w\" sizes=\"auto, (max-width: 809px) 100vw, 809px\" \/><\/figure>\n\n\n\n<h2 class=\"wp-block-heading\" id=\"etapas\">Etapas do Concurso COMCAP<\/h2>\n\n\n\n<ul class=\"wp-block-list\">\n<li><strong>1. Para os cargos de Gari de coleta, Gari de limpeza P\u00fablica e Motorista: <\/strong>\n<ul class=\"wp-block-list\">\n<li><strong>Primeira etapa: <\/strong>Prova escrita com quest\u00f5es objetivas de car\u00e1ter eliminat\u00f3rio e classificat\u00f3rio; <\/li>\n\n\n\n<li><strong>Segunda etapa: <\/strong>Prova de aptid\u00e3o f\u00edsica de car\u00e1ter eliminat\u00f3rio; <\/li>\n\n\n\n<li><strong>Terceira etapa: <\/strong>Prova Pr\u00e1tica de car\u00e1ter eliminat\u00f3rio e classificat\u00f3rio; <\/li>\n<\/ul>\n<\/li>\n<\/ul>\n\n\n\n<ul class=\"wp-block-list\">\n<li><strong>2. Para o cargo de Auxiliar de Manuten\u00e7\u00e3o e Mec\u00e2nico: <\/strong>\n<ul class=\"wp-block-list\">\n<li><strong>Primeira etapa: <\/strong>Prova escrita com quest\u00f5es objetivas de car\u00e1ter eliminat\u00f3rio e classificat\u00f3rio; <\/li>\n\n\n\n<li><strong>Segunda etapa: <\/strong>Prova Pr\u00e1tica de car\u00e1ter eliminat\u00f3rio e classificat\u00f3rio; <\/li>\n<\/ul>\n<\/li>\n<\/ul>\n\n\n\n<ul class=\"wp-block-list\">\n<li><strong>3. Para os demais cargos: <\/strong>\n<ul class=\"wp-block-list\">\n<li><strong>Etapa \u00fanica:<\/strong> Prova escrita com quest\u00f5es objetivas de car\u00e1ter eliminat\u00f3rio e classificat\u00f3rio; <\/li>\n<\/ul>\n<\/li>\n<\/ul>\n\n\n\n<h3 class=\"wp-block-heading\">Prova Escrita Objetiva<\/h3>\n\n\n\n<p><strong><em>Cargos de n\u00edvel fundamental<\/em><\/strong><\/p>\n\n\n\n<ul class=\"wp-block-list\">\n<li>L\u00edngua Portuguesa &#8211; 10 quest\u00f5es, peso 0,15  <\/li>\n\n\n\n<li>Conhecimentos de Matem\u00e1tica &#8211; 05 quest\u00f5es, peso 0,10 <\/li>\n\n\n\n<li>Higiene e seguran\u00e7a no trabalho &#8211; 10 quest\u00f5es, peso 0,20 <\/li>\n\n\n\n<li>Conhecimentos espec\u00edficos do cargo &#8211; 10 quest\u00f5es, peso 0,60 <\/li>\n<\/ul>\n\n\n\n<p><strong><em>Cargos de n\u00edvel m\u00e9dio<\/em><\/strong><\/p>\n\n\n\n<ul class=\"wp-block-list\">\n<li>L\u00edngua Portuguesa &#8211; 10 quest\u00f5es, peso 0,15<\/li>\n\n\n\n<li>Conhecimentos de Matem\u00e1tica &#8211; 05 quest\u00f5es, peso 0,10<\/li>\n\n\n\n<li>No\u00e7\u00f5es de Inform\u00e1tica &#8211; 05 quest\u00f5es, peso 0,10 <\/li>\n\n\n\n<li>Conhecimentos espec\u00edficos &#8211; 15 quest\u00f5es, peso 0,50 <\/li>\n<\/ul>\n\n\n\n<p><strong><em>Cargos de n\u00edvel superior<\/em><\/strong><\/p>\n\n\n\n<ul class=\"wp-block-list\">\n<li>L\u00edngua Portuguesa &#8211; 05 quest\u00f5es, peso 0,30 <\/li>\n\n\n\n<li>Racioc\u00ednio L\u00f3gico &#8211; 05 quest\u00f5es, peso 0,10 <\/li>\n\n\n\n<li>No\u00e7\u00f5es de Inform\u00e1tica &#8211; 05 quest\u00f5es, peso 0,10<\/li>\n\n\n\n<li>Conhecimentos espec\u00edficos &#8211; 25 quest\u00f5es, peso 0,30  <\/li>\n<\/ul>\n\n\n\n<p>Ser\u00e3o considerados aprovados na Prova Escrita os candidatos que obtiverem <strong>nota igual ou superior a 5,00<\/strong>. <\/p>\n\n\n\n<h3 class=\"wp-block-heading\">Prova de Aptid\u00e3o F\u00edsica<\/h3>\n\n\n\n<ul class=\"wp-block-list\">\n<li><strong>Teste 1:<\/strong> Flex\u00f5es abdominais em 1 minuto.   <\/li>\n\n\n\n<li><strong>Teste 2:<\/strong> Teste da Sinuosa.  <\/li>\n\n\n\n<li><strong>Teste 3: <\/strong>Apoio sobre o Solo. <\/li>\n\n\n\n<li><strong>Teste 4:<\/strong> Corrida\/ Caminhada.  <\/li>\n<\/ul>\n\n\n\n<p>PARA O CARGO DE GARI DE COLETA <\/p>\n\n\n\n<figure class=\"wp-block-image size-large\"><img loading=\"lazy\" decoding=\"async\" width=\"796\" height=\"204\" src=\"https:\/\/dhg1h5j42swfq.cloudfront.net\/2020\/01\/17101008\/Capturar-min-1-1.png\" alt=\"\" class=\"wp-image-471036\" srcset=\"https:\/\/dhg1h5j42swfq.cloudfront.net\/2020\/01\/17101008\/Capturar-min-1-1.png 796w, https:\/\/dhg1h5j42swfq.cloudfront.net\/2020\/01\/17101008\/Capturar-min-1-1-300x77.png 300w, https:\/\/dhg1h5j42swfq.cloudfront.net\/2020\/01\/17101008\/Capturar-min-1-1-768x197.png 768w, https:\/\/dhg1h5j42swfq.cloudfront.net\/2020\/01\/17101008\/Capturar-min-1-1-610x156.png 610w\" sizes=\"auto, (max-width: 796px) 100vw, 796px\" \/><\/figure>\n\n\n\n<p>PARA OS DEMAIS CARGOS <\/p>\n\n\n\n<figure class=\"wp-block-image size-large\"><img loading=\"lazy\" decoding=\"async\" width=\"797\" height=\"205\" src=\"https:\/\/dhg1h5j42swfq.cloudfront.net\/2020\/01\/17100810\/2-min-1.png\" alt=\"\" class=\"wp-image-471033\" srcset=\"https:\/\/dhg1h5j42swfq.cloudfront.net\/2020\/01\/17100810\/2-min-1.png 797w, https:\/\/dhg1h5j42swfq.cloudfront.net\/2020\/01\/17100810\/2-min-1-300x77.png 300w, https:\/\/dhg1h5j42swfq.cloudfront.net\/2020\/01\/17100810\/2-min-1-768x198.png 768w, https:\/\/dhg1h5j42swfq.cloudfront.net\/2020\/01\/17100810\/2-min-1-610x157.png 610w\" sizes=\"auto, (max-width: 797px) 100vw, 797px\" \/><\/figure>\n\n\n\n<h2 class=\"wp-block-heading\" id=\"vagas-livres\">Vagas livres na COMCAP<\/h2>\n\n\n\n<p>Ainda com base no Projeto de Lei Complementar, existem 239 vagas livres, de um total de 1.778, sendo:<\/p>\n\n\n\n<p><\/p>\n\n\n\n<figure class=\"wp-block-table is-style-stripes\"><table class=\"has-background has-fixed-layout\" style=\"background-color:#e7f5fe\"><tbody><tr><td><strong>Cargo<\/strong><\/td><td><strong>Vagas livres<\/strong><\/td><td><strong>Limite de vagas<\/strong><\/td><\/tr><tr><td>Administrador<\/td><td>&#8211;<\/td><td>4<\/td><\/tr><tr><td>Advogado<\/td><td>&#8211;<\/td><td>3<\/td><\/tr><tr><td>Assistente Administrativo<\/td><td>28<\/td><td>98<\/td><\/tr><tr><td>Assistente Social<\/td><td>&#8211;<\/td><td>1<\/td><\/tr><tr><td>Auxiliar de Enfermagem do Trabalho<\/td><td>&#8211;<\/td><td>4<\/td><\/tr><tr><td>Auxiliar de Manuten\u00e7\u00e3o<\/td><td>7<\/td><td>31<\/td><\/tr><tr><td>Contador<\/td><td>2<\/td><td>6<\/td><\/tr><tr><td>Economista<\/td><td>&#8211;<\/td><td>1<\/td><\/tr><tr><td>Eletricista de Ve\u00edculos<\/td><td>&#8211;<\/td><td>4<\/td><\/tr><tr><td>Engenheiro Civil<\/td><td>&#8211;<\/td><td>1<\/td><\/tr><tr><td>Engenheiro Sanitarista<\/td><td>6<\/td><td>12<\/td><\/tr><tr><td>Engenheiro de Seguran\u00e7a do Trabalho<\/td><td>&#8211;<\/td><td>2<\/td><\/tr><tr><td>Gari de Limepza P\u00fablica<\/td><td>62<\/td><td>854<\/td><\/tr><tr><td>Gari de Coleta<\/td><td>77<\/td><td>496<\/td><\/tr><tr><td>Mec\u00e2nico<\/td><td>3<\/td><td>21<\/td><\/tr><tr><td>M\u00e9dico do Trabalho<\/td><td>&#8211;<\/td><td>2<\/td><\/tr><tr><td>Motorista &#8211; 8h<\/td><td>27<\/td><td>154<\/td><\/tr><tr><td>Motorista &#8211; 6h <\/td><td>&#8211;<\/td><td>38<\/td><\/tr><tr><td>Psic\u00f3logo<\/td><td>&#8211;<\/td><td>1<\/td><\/tr><tr><td>Soldador<\/td><td>&#8211;<\/td><td>4<\/td><\/tr><tr><td>T\u00e9cnico em Manuten\u00e7\u00e3o &#8211; Suporte me Inform\u00e1tica<\/td><td>2<\/td><td>3<\/td><\/tr><tr><td>T\u00e9cnico em Mec\u00e2nica<\/td><td>4<\/td><td>8<\/td><\/tr><tr><td>T\u00e9cnico em Saneamento<\/td><td>21<\/td><td>24<\/td><\/tr><tr><td>T\u00e9cnico em Seguran\u00e7a do Trabalho<\/td><td>&#8211;<\/td><td>4<\/td><\/tr><tr><td>Torneiro Mec\u00e2nico<\/td><td>&#8211;<\/td><td>2<\/td><\/tr><\/tbody><\/table><\/figure>\n\n\n\n<h2 class=\"wp-block-heading\" id=\"atribuicoes\">Atribui\u00e7\u00f5es dos cargos da COMCAP<\/h2>\n\n\n\n<p><strong>Art\u00edfice: <\/strong>Efetuar trabalhos gerais de carpintaria, marcenaria, alvenaria, concreto, drenagem, pintura e instala\u00e7\u00e3o el\u00e9trica nas depend\u00eancias da Companhia ou em outros locais, quando designado. <\/p>\n\n\n\n<p><strong>Auxiliar de Manuten\u00e7\u00e3o: <\/strong>Executar, sob supervis\u00e3o permanente, servi\u00e7os auxiliares de manuten\u00e7\u00e3o e pequenos reparos dos ve\u00edculos, m\u00e1quinas e equipamentos da Companhia. <\/p>\n\n\n\n<p><strong>Auxiliar Operacional: <\/strong>Exercer ou auxiliar a execu\u00e7\u00e3o de quaisquer tarefas de menor complexidade e que n\u00e3o exijam, no \u00e2mbito da Companhia, qualifica\u00e7\u00e3o profissional espec\u00edfica. <\/p>\n\n\n\n<p><strong>Chapeador: <\/strong>Confeccionar, instalar, conformar ou reparar pe\u00e7as diversas de chapa met\u00e1licas de ve\u00edculos e equipamentos, utilizando m\u00e1quinas, ferramentas e dispositivos adequados. <\/p>\n\n\n\n<p><strong>Eletricista de Ve\u00edculos:<\/strong> Montar e reparar as instala\u00e7\u00f5es el\u00e9tricas de ve\u00edculos, m\u00e1quinas e equipamentos, bem como agregados (alternador, motor, motor de arranque, etc.) orientando-se por plantas, esquemas e especifica\u00e7\u00f5es, utilizando aparelhos de medi\u00e7\u00e3o e outros utens\u00edlios.<\/p>\n\n\n\n<p><strong>Gari: <\/strong>Recolher os res\u00edduos s\u00f3lidos em logradouros p\u00fablicos, valas a c\u00e9u aberto e outros locais, depositando-os em ve\u00edculos e\/ou equipamentos e\/ou locais apropriados. <\/p>\n\n\n\n<p><strong>Lavador:<\/strong> Executar servi\u00e7os de lava\u00e7\u00e3o de ve\u00edculos, m\u00e1quinas equipamentos e pe\u00e7as. <\/p>\n\n\n\n<p><strong>Lubrificador: <\/strong>Executar servi\u00e7os de lubrifica\u00e7\u00e3o em ve\u00edculos, m\u00e1quinas e equipamentos, trocando ou completando n\u00edveis de \u00f3leos e engraxando pontos de lubrifica\u00e7\u00e3o, utilizando equipamentos apropriados. <\/p>\n\n\n\n<p><strong>Mec\u00e2nico II:<\/strong> Executar a manuten\u00e7\u00e3o de ve\u00edculos, m\u00e1quinas e equipamentos movidos a gasolina ou \u00f3leo diesel, desmontando, reparando, substituindo, ajustando o motor e pe\u00e7as anexas, sistemas de transmiss\u00e3o, freio, dire\u00e7\u00e3o, suspens\u00e3o e equipamento auxiliar, sistemas hidr\u00e1ulicos e pneum\u00e1ticos. <\/p>\n\n\n\n<p><strong>Motorista: <\/strong>Dirigir ve\u00edculos da Companhia, (caminh\u00f5es, utilit\u00e1rios, \u00f4nibus, ve\u00edculos de coleta de res\u00edduos e autom\u00f3veis), transportando com seguran\u00e7a: empregados, materiais, documentos, volumes, refei\u00e7\u00f5es, malotes e res\u00edduos s\u00f3lidos, conduzindo-os em trajetos determinados, de acordo com instru\u00e7\u00f5es recebidas e obedecendo as regras oficiais de tr\u00e2nsito. <\/p>\n\n\n\n<p><strong>Operador de M\u00e1quinas:<\/strong> Operar m\u00e1quinas e equipamentos, observando as normas de tr\u00e2nsito. <\/p>\n\n\n\n<h2 class=\"wp-block-heading\" id=\"sobre-a-comcap\">Sobre a COMCAP<\/h2>\n\n\n\n<p>A Comcap \u00e9 uma institui\u00e7\u00e3o com quase cinco d\u00e9cadas de funcionamento, e possui mais de mil empregados, tendo como miss\u00e3o a presta\u00e7\u00e3o de servi\u00e7os p\u00fablicos de saneamento ambiental com efici\u00eancia, qualidade e responsabilidade social. <\/p>\n\n\n\n<p>Nos \u00faltimos anos, a Comcap implantou estruturas descentralizadas no Sul e no Norte da Ilha de Santa Catarina, a fim de agilizar e otimizar os servi\u00e7os e os recursos p\u00fablicos por ela prestados.  <\/p>\n\n\n\n<hr class=\"wp-block-separator has-css-opacity\"\/>\n\n\n\n<h2 class=\"wp-block-heading has-text-align-center\" id=\"cursos-assinatura\">Quer estudar para o concurso Comcap?<\/h2>\n\n\n\n<p class=\"has-text-align-center\"><em>Gostou desta oportunidade e deseja come\u00e7ar se preparar agora mesmo? Ent\u00e3o, confira os nossos cursos e comece a estudar:<\/em><\/p>\n\n\n\n<p class=\"has-text-align-center has-light-green-cyan-background-color has-background\" style=\"font-size:clamp(14.642px, 0.915rem + ((1vw - 3.2px) * 0.721), 22px);px\"><strong><a href=\"https:\/\/www.estrategiaconcursos.com.br\/cursos\/concurso\/\" target=\"_blank\" rel=\"noreferrer noopener\" aria-label=\"Cursos para concurso (abre numa nova aba)\">Cursos para concurso<\/a><\/strong><\/p>\n\n\n\n<p class=\"has-text-align-center has-medium-font-size\"><em><strong>Assinatura Anual Ilimitada*<\/strong><\/em><\/p>\n\n\n\n<p class=\"has-text-align-center\"><em>Prepare-se com o melhor material e com quem mais aprova em Concursos P\u00fablicos em todo o pa\u00eds. Assine agora a nossa Assinatura Anual e tenha acesso ilimitado* a todos os nossos cursos.<\/em><\/p>\n\n\n\n<p class=\"has-text-align-center has-luminous-vivid-amber-background-color has-background\" style=\"font-size:clamp(14.642px, 0.915rem + ((1vw - 3.2px) * 0.721), 22px);px\"><strong>ASSINE AGORA&nbsp;\u2013&nbsp;<\/strong><a rel=\"noreferrer noopener\" href=\"https:\/\/www.estrategiaconcursos.com.br\/assinaturas\" target=\"_blank\"><strong>Assinatura Ilimitada<\/strong><\/a><\/p>\n\n\n\n<p class=\"has-text-align-center has-medium-font-size\"><strong><em>Fique por dentro de todos os concursos<\/em><\/strong><\/p>\n\n\n\n<p class=\"has-text-align-center has-pale-cyan-blue-background-color has-background\" style=\"font-size:clamp(14.642px, 0.915rem + ((1vw - 3.2px) * 0.721), 22px);px\"><a href=\"https:\/\/www.estrategiaconcursos.com.br\/blog\/concursos-abertos\/\" target=\"_blank\" rel=\"noreferrer noopener\"><strong>CONCURSOS ABERTOS<\/strong><\/a><\/p>\n\n\n\n<figure class=\"wp-block-image\"><img loading=\"lazy\" decoding=\"async\" width=\"300\" height=\"102\" src=\"https:\/\/dhg1h5j42swfq.cloudfront.net\/2017\/03\/28152500\/coruja-ficha-tecnica-300x102.png\" alt=\"Ficha t\u00e9cnica concurso comcap\" class=\"wp-image-68542\"\/><\/figure>\n\n\n\n<h4 class=\"wp-block-heading\" id=\"ficha-tecnica-concurso-tce-sc\"><strong>Informa\u00e7\u00f5es sobre o concurso COMCAP<\/strong><\/h4>\n\n\n\n<p>\u25ba<strong>Data prevista da prova: <\/strong>SUSPENSA<br \/>\u25ba<strong>Vagas<\/strong>: 72 + CR<br \/>\u25ba<strong>Cargos<\/strong>: V\u00e1rios<br \/>\u25ba<strong>Lota\u00e7\u00f5es<\/strong>: Florian\u00f3polis (SC)<br \/>\u25ba<strong>Banca<\/strong>: FEPESE<br \/>\u25ba<strong>Escolaridade<\/strong>: N\u00edvel fundamental, m\u00e9dio e superior<\/p>\n\n\n\n<p>\u25ba<strong>Edital<\/strong>: <a rel=\"noreferrer noopener\" aria-label=\"Edital COMCAP (abre numa nova aba)\" href=\"https:\/\/dhg1h5j42swfq.cloudfront.net\/2020\/01\/22082503\/edital-1.pdf\" target=\"_blank\">Edital COMCAP retificado<\/a><\/p>\n\n\n\n<p><em>Ascom Estrat\u00e9gia<br \/>ascomestrategia@gmail.com<\/em><\/p>\n","protected":false},"excerpt":{"rendered":"<p>Edital tem cronograma alterado e outras retifica\u00e7\u00f5es As atividades do concurso COMCAP est\u00e3o temporariamente suspensas devido as medidas de preven\u00e7\u00e3o e combate ao cont\u00e1gio do novo Coranav\u00edrus. O certame deve divulgar um novo cronograma com as respectivas datas de provas oportunamente. A prova objetiva estava prevista para ocorrrer no dia 26 de abril de 2020. [&hellip;]<\/p>\n","protected":false},"author":1,"featured_media":467951,"comment_status":"open","ping_status":"closed","sticky":false,"template":"","format":"standard","meta":{"post_tipo":"news","footnotes":""},"categories":[1],"tags":[],"tax_estado":[],"class_list":["post-458783","post","type-post","status-publish","format-standard","has-post-thumbnail","hentry","category-cursos-e-concursos"],"acf":[],"yoast_head":"<!-- This site is optimized with the Yoast SEO Premium plugin v27.2 (Yoast SEO v27.2) - https:\/\/yoast.com\/product\/yoast-seo-premium-wordpress\/ -->\n<title>Concurso Comcap: atividades do certame s\u00e3o suspensas; CONFIRA!<\/title>\n<meta name=\"description\" content=\"Concurso COMCAP: atividades do certame est\u00e3o temporariamente suspensas. S\u00e3o ofertadas 72 vagas mais cadastro reserva. CONFIRA AQUI!\" \/>\n<meta name=\"robots\" content=\"index, follow, max-snippet:-1, max-image-preview:large, max-video-preview:-1\" \/>\n<link rel=\"canonical\" href=\"https:\/\/www.estrategiaconcursos.com.br\/blog\/concurso-comcap\/\" \/>\n<meta property=\"og:locale\" content=\"pt_BR\" \/>\n<meta property=\"og:type\" content=\"article\" \/>\n<meta property=\"og:title\" content=\"Concurso Comcap: atividades do certame s\u00e3o suspensas; CONFIRA!\" \/>\n<meta property=\"og:description\" content=\"Concurso COMCAP: atividades do certame est\u00e3o temporariamente suspensas. S\u00e3o ofertadas 72 vagas mais cadastro reserva. CONFIRA AQUI!\" \/>\n<meta property=\"og:url\" content=\"https:\/\/www.estrategiaconcursos.com.br\/blog\/concurso-comcap\/\" \/>\n<meta property=\"og:site_name\" content=\"Estrat\u00e9gia Concursos\" \/>\n<meta property=\"article:author\" content=\"https:\/\/www.facebook.com\/EstrategiaConcursos\" \/>\n<meta property=\"article:published_time\" content=\"2020-04-09T11:50:00+00:00\" \/>\n<meta property=\"article:modified_time\" content=\"2023-06-14T13:51:34+00:00\" \/>\n<meta property=\"og:image\" content=\"https:\/\/dhg1h5j42swfq.cloudfront.net\/2019\/12\/09081202\/COMCAP-SC.png\" \/>\n\t<meta property=\"og:image:width\" content=\"1200\" \/>\n\t<meta property=\"og:image:height\" content=\"628\" \/>\n\t<meta property=\"og:image:type\" content=\"image\/png\" \/>\n<meta name=\"author\" content=\"Coordena\u00e7\u00e3o\" \/>\n<meta name=\"twitter:card\" content=\"summary_large_image\" \/>\n<meta name=\"twitter:creator\" content=\"@EstratConcursos\" \/>\n<meta name=\"twitter:site\" content=\"@EstratConcursos\" \/>\n<meta name=\"twitter:label1\" content=\"Escrito por\" \/>\n\t<meta name=\"twitter:data1\" content=\"Coordena\u00e7\u00e3o\" \/>\n\t<meta name=\"twitter:label2\" content=\"Est. tempo de leitura\" \/>\n\t<meta name=\"twitter:data2\" content=\"8 minutos\" \/>\n<script type=\"application\/ld+json\" class=\"yoast-schema-graph\">{\"@context\":\"https:\/\/schema.org\",\"@graph\":[{\"@type\":\"NewsArticle\",\"@id\":\"https:\/\/www.estrategiaconcursos.com.br\/blog\/concurso-comcap\/#article\",\"isPartOf\":{\"@id\":\"https:\/\/www.estrategiaconcursos.com.br\/blog\/concurso-comcap\/\"},\"author\":{\"name\":\"Coordena\u00e7\u00e3o\",\"@id\":\"https:\/\/www.estrategiaconcursos.com.br\/blog\/#\/schema\/person\/b4a388c97673c5f483d72185668afa1f\"},\"headline\":\"Concurso Comcap: atividades do certame s\u00e3o suspensas; CONFIRA!\",\"datePublished\":\"2020-04-09T11:50:00+00:00\",\"dateModified\":\"2023-06-14T13:51:34+00:00\",\"mainEntityOfPage\":{\"@id\":\"https:\/\/www.estrategiaconcursos.com.br\/blog\/concurso-comcap\/\"},\"wordCount\":1608,\"commentCount\":7,\"publisher\":{\"@id\":\"https:\/\/www.estrategiaconcursos.com.br\/blog\/#organization\"},\"image\":{\"@id\":\"https:\/\/www.estrategiaconcursos.com.br\/blog\/concurso-comcap\/#primaryimage\"},\"thumbnailUrl\":\"https:\/\/dhg1h5j42swfq.cloudfront.net\/2019\/12\/09081202\/COMCAP-SC.png\",\"articleSection\":[\"Concursos P\u00fablicos\"],\"inLanguage\":\"pt-BR\",\"potentialAction\":[{\"@type\":\"CommentAction\",\"name\":\"Comment\",\"target\":[\"https:\/\/www.estrategiaconcursos.com.br\/blog\/concurso-comcap\/#respond\"]}],\"copyrightYear\":\"2020\",\"copyrightHolder\":{\"@id\":\"https:\/\/www.estrategiaconcursos.com.br\/blog\/#organization\"}},{\"@type\":\"WebPage\",\"@id\":\"https:\/\/www.estrategiaconcursos.com.br\/blog\/concurso-comcap\/\",\"url\":\"https:\/\/www.estrategiaconcursos.com.br\/blog\/concurso-comcap\/\",\"name\":\"Concurso Comcap: atividades do certame s\u00e3o suspensas; CONFIRA!\",\"isPartOf\":{\"@id\":\"https:\/\/www.estrategiaconcursos.com.br\/blog\/#website\"},\"primaryImageOfPage\":{\"@id\":\"https:\/\/www.estrategiaconcursos.com.br\/blog\/concurso-comcap\/#primaryimage\"},\"image\":{\"@id\":\"https:\/\/www.estrategiaconcursos.com.br\/blog\/concurso-comcap\/#primaryimage\"},\"thumbnailUrl\":\"https:\/\/dhg1h5j42swfq.cloudfront.net\/2019\/12\/09081202\/COMCAP-SC.png\",\"datePublished\":\"2020-04-09T11:50:00+00:00\",\"dateModified\":\"2023-06-14T13:51:34+00:00\",\"description\":\"Concurso COMCAP: atividades do certame est\u00e3o temporariamente suspensas. S\u00e3o ofertadas 72 vagas mais cadastro reserva. CONFIRA AQUI!\",\"breadcrumb\":{\"@id\":\"https:\/\/www.estrategiaconcursos.com.br\/blog\/concurso-comcap\/#breadcrumb\"},\"inLanguage\":\"pt-BR\",\"potentialAction\":[{\"@type\":\"ReadAction\",\"target\":[\"https:\/\/www.estrategiaconcursos.com.br\/blog\/concurso-comcap\/\"]}]},{\"@type\":\"ImageObject\",\"inLanguage\":\"pt-BR\",\"@id\":\"https:\/\/www.estrategiaconcursos.com.br\/blog\/concurso-comcap\/#primaryimage\",\"url\":\"https:\/\/dhg1h5j42swfq.cloudfront.net\/2019\/12\/09081202\/COMCAP-SC.png\",\"contentUrl\":\"https:\/\/dhg1h5j42swfq.cloudfront.net\/2019\/12\/09081202\/COMCAP-SC.png\",\"width\":1200,\"height\":628,\"caption\":\"Concurso COMCAP\"},{\"@type\":\"BreadcrumbList\",\"@id\":\"https:\/\/www.estrategiaconcursos.com.br\/blog\/concurso-comcap\/#breadcrumb\",\"itemListElement\":[{\"@type\":\"ListItem\",\"position\":1,\"name\":\"In\u00edcio\",\"item\":\"https:\/\/www.estrategiaconcursos.com.br\/blog\/\"},{\"@type\":\"ListItem\",\"position\":2,\"name\":\"Concurso Comcap: atividades do certame s\u00e3o suspensas; CONFIRA!\"}]},{\"@type\":\"WebSite\",\"@id\":\"https:\/\/www.estrategiaconcursos.com.br\/blog\/#website\",\"url\":\"https:\/\/www.estrategiaconcursos.com.br\/blog\/\",\"name\":\"Estrat\u00e9gia Concursos\",\"description\":\"O blog da Estrat\u00e9gia Concursos traz not\u00edcias sobre concursos e artigos de professores oferecendo cursos para concursos (pdf + videaulas) no site.\",\"publisher\":{\"@id\":\"https:\/\/www.estrategiaconcursos.com.br\/blog\/#organization\"},\"potentialAction\":[{\"@type\":\"SearchAction\",\"target\":{\"@type\":\"EntryPoint\",\"urlTemplate\":\"https:\/\/www.estrategiaconcursos.com.br\/blog\/?s={search_term_string}\"},\"query-input\":{\"@type\":\"PropertyValueSpecification\",\"valueRequired\":true,\"valueName\":\"search_term_string\"}}],\"inLanguage\":\"pt-BR\"},{\"@type\":\"Organization\",\"@id\":\"https:\/\/www.estrategiaconcursos.com.br\/blog\/#organization\",\"name\":\"Estrat\u00e9gia Concursos\",\"url\":\"https:\/\/www.estrategiaconcursos.com.br\/blog\/\",\"logo\":{\"@type\":\"ImageObject\",\"inLanguage\":\"pt-BR\",\"@id\":\"https:\/\/www.estrategiaconcursos.com.br\/blog\/#\/schema\/logo\/image\/\",\"url\":\"https:\/\/dhg1h5j42swfq.cloudfront.net\/2025\/06\/03203428\/logo_concursos-1.jpg\",\"contentUrl\":\"https:\/\/dhg1h5j42swfq.cloudfront.net\/2025\/06\/03203428\/logo_concursos-1.jpg\",\"width\":230,\"height\":60,\"caption\":\"Estrat\u00e9gia Concursos\"},\"image\":{\"@id\":\"https:\/\/www.estrategiaconcursos.com.br\/blog\/#\/schema\/logo\/image\/\"},\"sameAs\":[\"https:\/\/x.com\/EstratConcursos\"]},{\"@type\":\"Person\",\"@id\":\"https:\/\/www.estrategiaconcursos.com.br\/blog\/#\/schema\/person\/b4a388c97673c5f483d72185668afa1f\",\"name\":\"Coordena\u00e7\u00e3o\",\"image\":{\"@type\":\"ImageObject\",\"inLanguage\":\"pt-BR\",\"@id\":\"https:\/\/secure.gravatar.com\/avatar\/b720319e4c9a967eb58678d110f4fe35452fc5d5f97b202bac7b8acceb18c6ad?s=96&d=mm&r=g\",\"url\":\"https:\/\/secure.gravatar.com\/avatar\/b720319e4c9a967eb58678d110f4fe35452fc5d5f97b202bac7b8acceb18c6ad?s=96&d=mm&r=g\",\"contentUrl\":\"https:\/\/secure.gravatar.com\/avatar\/b720319e4c9a967eb58678d110f4fe35452fc5d5f97b202bac7b8acceb18c6ad?s=96&d=mm&r=g\",\"caption\":\"Coordena\u00e7\u00e3o\"},\"sameAs\":[\"https:\/\/www.facebook.com\/EstrategiaConcursos\",\"https:\/\/x.com\/EstratConcursos\"],\"url\":\"https:\/\/www.estrategiaconcursos.com.br\/blog\/author\/estrategia2013\/\"}]}<\/script>\n<!-- \/ Yoast SEO Premium plugin. -->","yoast_head_json":{"title":"Concurso Comcap: atividades do certame s\u00e3o suspensas; CONFIRA!","description":"Concurso COMCAP: atividades do certame est\u00e3o temporariamente suspensas. S\u00e3o ofertadas 72 vagas mais cadastro reserva. CONFIRA AQUI!","robots":{"index":"index","follow":"follow","max-snippet":"max-snippet:-1","max-image-preview":"max-image-preview:large","max-video-preview":"max-video-preview:-1"},"canonical":"https:\/\/www.estrategiaconcursos.com.br\/blog\/concurso-comcap\/","og_locale":"pt_BR","og_type":"article","og_title":"Concurso Comcap: atividades do certame s\u00e3o suspensas; CONFIRA!","og_description":"Concurso COMCAP: atividades do certame est\u00e3o temporariamente suspensas. S\u00e3o ofertadas 72 vagas mais cadastro reserva. CONFIRA AQUI!","og_url":"https:\/\/www.estrategiaconcursos.com.br\/blog\/concurso-comcap\/","og_site_name":"Estrat\u00e9gia Concursos","article_author":"https:\/\/www.facebook.com\/EstrategiaConcursos","article_published_time":"2020-04-09T11:50:00+00:00","article_modified_time":"2023-06-14T13:51:34+00:00","og_image":[{"width":1200,"height":628,"url":"https:\/\/dhg1h5j42swfq.cloudfront.net\/2019\/12\/09081202\/COMCAP-SC.png","type":"image\/png"}],"author":"Coordena\u00e7\u00e3o","twitter_card":"summary_large_image","twitter_creator":"@EstratConcursos","twitter_site":"@EstratConcursos","twitter_misc":{"Escrito por":"Coordena\u00e7\u00e3o","Est. tempo de leitura":"8 minutos"},"schema":{"@context":"https:\/\/schema.org","@graph":[{"@type":"NewsArticle","@id":"https:\/\/www.estrategiaconcursos.com.br\/blog\/concurso-comcap\/#article","isPartOf":{"@id":"https:\/\/www.estrategiaconcursos.com.br\/blog\/concurso-comcap\/"},"author":{"name":"Coordena\u00e7\u00e3o","@id":"https:\/\/www.estrategiaconcursos.com.br\/blog\/#\/schema\/person\/b4a388c97673c5f483d72185668afa1f"},"headline":"Concurso Comcap: atividades do certame s\u00e3o suspensas; CONFIRA!","datePublished":"2020-04-09T11:50:00+00:00","dateModified":"2023-06-14T13:51:34+00:00","mainEntityOfPage":{"@id":"https:\/\/www.estrategiaconcursos.com.br\/blog\/concurso-comcap\/"},"wordCount":1608,"commentCount":7,"publisher":{"@id":"https:\/\/www.estrategiaconcursos.com.br\/blog\/#organization"},"image":{"@id":"https:\/\/www.estrategiaconcursos.com.br\/blog\/concurso-comcap\/#primaryimage"},"thumbnailUrl":"https:\/\/dhg1h5j42swfq.cloudfront.net\/2019\/12\/09081202\/COMCAP-SC.png","articleSection":["Concursos P\u00fablicos"],"inLanguage":"pt-BR","potentialAction":[{"@type":"CommentAction","name":"Comment","target":["https:\/\/www.estrategiaconcursos.com.br\/blog\/concurso-comcap\/#respond"]}],"copyrightYear":"2020","copyrightHolder":{"@id":"https:\/\/www.estrategiaconcursos.com.br\/blog\/#organization"}},{"@type":"WebPage","@id":"https:\/\/www.estrategiaconcursos.com.br\/blog\/concurso-comcap\/","url":"https:\/\/www.estrategiaconcursos.com.br\/blog\/concurso-comcap\/","name":"Concurso Comcap: atividades do certame s\u00e3o suspensas; CONFIRA!","isPartOf":{"@id":"https:\/\/www.estrategiaconcursos.com.br\/blog\/#website"},"primaryImageOfPage":{"@id":"https:\/\/www.estrategiaconcursos.com.br\/blog\/concurso-comcap\/#primaryimage"},"image":{"@id":"https:\/\/www.estrategiaconcursos.com.br\/blog\/concurso-comcap\/#primaryimage"},"thumbnailUrl":"https:\/\/dhg1h5j42swfq.cloudfront.net\/2019\/12\/09081202\/COMCAP-SC.png","datePublished":"2020-04-09T11:50:00+00:00","dateModified":"2023-06-14T13:51:34+00:00","description":"Concurso COMCAP: atividades do certame est\u00e3o temporariamente suspensas. S\u00e3o ofertadas 72 vagas mais cadastro reserva. CONFIRA AQUI!","breadcrumb":{"@id":"https:\/\/www.estrategiaconcursos.com.br\/blog\/concurso-comcap\/#breadcrumb"},"inLanguage":"pt-BR","potentialAction":[{"@type":"ReadAction","target":["https:\/\/www.estrategiaconcursos.com.br\/blog\/concurso-comcap\/"]}]},{"@type":"ImageObject","inLanguage":"pt-BR","@id":"https:\/\/www.estrategiaconcursos.com.br\/blog\/concurso-comcap\/#primaryimage","url":"https:\/\/dhg1h5j42swfq.cloudfront.net\/2019\/12\/09081202\/COMCAP-SC.png","contentUrl":"https:\/\/dhg1h5j42swfq.cloudfront.net\/2019\/12\/09081202\/COMCAP-SC.png","width":1200,"height":628,"caption":"Concurso COMCAP"},{"@type":"BreadcrumbList","@id":"https:\/\/www.estrategiaconcursos.com.br\/blog\/concurso-comcap\/#breadcrumb","itemListElement":[{"@type":"ListItem","position":1,"name":"In\u00edcio","item":"https:\/\/www.estrategiaconcursos.com.br\/blog\/"},{"@type":"ListItem","position":2,"name":"Concurso Comcap: atividades do certame s\u00e3o suspensas; CONFIRA!"}]},{"@type":"WebSite","@id":"https:\/\/www.estrategiaconcursos.com.br\/blog\/#website","url":"https:\/\/www.estrategiaconcursos.com.br\/blog\/","name":"Estrat\u00e9gia Concursos","description":"O blog da Estrat\u00e9gia Concursos traz not\u00edcias sobre concursos e artigos de professores oferecendo cursos para concursos (pdf + videaulas) no site.","publisher":{"@id":"https:\/\/www.estrategiaconcursos.com.br\/blog\/#organization"},"potentialAction":[{"@type":"SearchAction","target":{"@type":"EntryPoint","urlTemplate":"https:\/\/www.estrategiaconcursos.com.br\/blog\/?s={search_term_string}"},"query-input":{"@type":"PropertyValueSpecification","valueRequired":true,"valueName":"search_term_string"}}],"inLanguage":"pt-BR"},{"@type":"Organization","@id":"https:\/\/www.estrategiaconcursos.com.br\/blog\/#organization","name":"Estrat\u00e9gia Concursos","url":"https:\/\/www.estrategiaconcursos.com.br\/blog\/","logo":{"@type":"ImageObject","inLanguage":"pt-BR","@id":"https:\/\/www.estrategiaconcursos.com.br\/blog\/#\/schema\/logo\/image\/","url":"https:\/\/dhg1h5j42swfq.cloudfront.net\/2025\/06\/03203428\/logo_concursos-1.jpg","contentUrl":"https:\/\/dhg1h5j42swfq.cloudfront.net\/2025\/06\/03203428\/logo_concursos-1.jpg","width":230,"height":60,"caption":"Estrat\u00e9gia Concursos"},"image":{"@id":"https:\/\/www.estrategiaconcursos.com.br\/blog\/#\/schema\/logo\/image\/"},"sameAs":["https:\/\/x.com\/EstratConcursos"]},{"@type":"Person","@id":"https:\/\/www.estrategiaconcursos.com.br\/blog\/#\/schema\/person\/b4a388c97673c5f483d72185668afa1f","name":"Coordena\u00e7\u00e3o","image":{"@type":"ImageObject","inLanguage":"pt-BR","@id":"https:\/\/secure.gravatar.com\/avatar\/b720319e4c9a967eb58678d110f4fe35452fc5d5f97b202bac7b8acceb18c6ad?s=96&d=mm&r=g","url":"https:\/\/secure.gravatar.com\/avatar\/b720319e4c9a967eb58678d110f4fe35452fc5d5f97b202bac7b8acceb18c6ad?s=96&d=mm&r=g","contentUrl":"https:\/\/secure.gravatar.com\/avatar\/b720319e4c9a967eb58678d110f4fe35452fc5d5f97b202bac7b8acceb18c6ad?s=96&d=mm&r=g","caption":"Coordena\u00e7\u00e3o"},"sameAs":["https:\/\/www.facebook.com\/EstrategiaConcursos","https:\/\/x.com\/EstratConcursos"],"url":"https:\/\/www.estrategiaconcursos.com.br\/blog\/author\/estrategia2013\/"}]}},"_links":{"self":[{"href":"https:\/\/www.estrategiaconcursos.com.br\/blog\/wp-json\/wp\/v2\/posts\/458783","targetHints":{"allow":["GET"]}}],"collection":[{"href":"https:\/\/www.estrategiaconcursos.com.br\/blog\/wp-json\/wp\/v2\/posts"}],"about":[{"href":"https:\/\/www.estrategiaconcursos.com.br\/blog\/wp-json\/wp\/v2\/types\/post"}],"author":[{"embeddable":true,"href":"https:\/\/www.estrategiaconcursos.com.br\/blog\/wp-json\/wp\/v2\/users\/1"}],"replies":[{"embeddable":true,"href":"https:\/\/www.estrategiaconcursos.com.br\/blog\/wp-json\/wp\/v2\/comments?post=458783"}],"version-history":[{"count":20,"href":"https:\/\/www.estrategiaconcursos.com.br\/blog\/wp-json\/wp\/v2\/posts\/458783\/revisions"}],"predecessor-version":[{"id":1232012,"href":"https:\/\/www.estrategiaconcursos.com.br\/blog\/wp-json\/wp\/v2\/posts\/458783\/revisions\/1232012"}],"wp:featuredmedia":[{"embeddable":true,"href":"https:\/\/www.estrategiaconcursos.com.br\/blog\/wp-json\/wp\/v2\/media\/467951"}],"wp:attachment":[{"href":"https:\/\/www.estrategiaconcursos.com.br\/blog\/wp-json\/wp\/v2\/media?parent=458783"}],"wp:term":[{"taxonomy":"category","embeddable":true,"href":"https:\/\/www.estrategiaconcursos.com.br\/blog\/wp-json\/wp\/v2\/categories?post=458783"},{"taxonomy":"post_tag","embeddable":true,"href":"https:\/\/www.estrategiaconcursos.com.br\/blog\/wp-json\/wp\/v2\/tags?post=458783"},{"taxonomy":"tax_estado","embeddable":true,"href":"https:\/\/www.estrategiaconcursos.com.br\/blog\/wp-json\/wp\/v2\/tax_estado?post=458783"}],"curies":[{"name":"wp","href":"https:\/\/api.w.org\/{rel}","templated":true}]}}