{"id":458719,"date":"2019-12-11T08:40:56","date_gmt":"2019-12-11T11:40:56","guid":{"rendered":"https:\/\/www.estrategiaconcursos.com.br\/blog\/?p=458719"},"modified":"2019-12-11T08:41:45","modified_gmt":"2019-12-11T11:41:45","slug":"pgm-rj-2019-gabarito-correcao-de-direito-empresarial","status":"publish","type":"post","link":"https:\/\/www.estrategiaconcursos.com.br\/blog\/pgm-rj-2019-gabarito-correcao-de-direito-empresarial\/","title":{"rendered":"PGM-RJ (2019) Gabarito\/Corre\u00e7\u00e3o de Direito Empresarial"},"content":{"rendered":"\n<p>Ol\u00e1, pessoal, tudo bom? Meu nome \u00e9 <strong>Lucas Evangelinos<\/strong>, professor de Direito Empresarial aqui do Estrat\u00e9gia Carreira Jur\u00eddica.<\/p>\n\n\n\n<p>Abaixo, seguem meus coment\u00e1rios sobre a quest\u00e3o de Direito Empresarial da Prova da PGM-RJ.<\/p>\n\n\n\n<p>Qualquer d\u00favida: proflucasevangelinos@gmail.com ou @proflucasevangelinos<\/p>\n\n\n\n<p style=\"text-align:center\" class=\"has-background has-medium-font-size has-pale-pink-background-color\"><strong>QUEST\u00c3O<\/strong><\/p>\n\n\n\n<p>Em virtude de uma infra\u00e7\u00e3o \u00e0 legisla\u00e7\u00e3o ambiental, a CONSTRUTORA XPTO S\/A \u00e9 multada pelo munic\u00edpio do Rio de Janeiro. N\u00e3o paga a multa no prazo, o munic\u00edpio aju\u00edza execu\u00e7\u00e3o fiscal para cobrar o d\u00e9bito em atraso. Posteriormente, a CONSTRUTORA XPTO S\/A vem requerer recupera\u00e7\u00e3o judicial e o administrador judicial relaciona o cr\u00e9dito do munic\u00edpio dentro os cr\u00e9ditos sujeitos \u00e0 recupera\u00e7\u00e3o judicial. Como Procurador do Munic\u00edpio, aponte: <strong>(i)<\/strong> a medida judicial cab\u00edvel contra a inclus\u00e3o do cr\u00e9dito do munic\u00edpio na recupera\u00e7\u00e3o judicial e; <strong>(ii)<\/strong> dois fundamentos para pleitear a exclus\u00e3o do cr\u00e9dito do munic\u00edpio.<\/p>\n\n\n\n<p style=\"text-align:center\" class=\"has-background has-medium-font-size has-pale-cyan-blue-background-color\"><strong>GABARITO<\/strong><\/p>\n\n\n\n<p><strong>(i)<\/strong> A medida judicial cab\u00edvel nesse caso \u00e9 a impugna\u00e7\u00e3o (arts. 8\u00ba e 13 da Lei n\u00ba 11.101\/05), com base no art. 6\u00ba, \u00a77\u00ba , da Lei n\u00ba 11.101\/05, art. 29 da Lei n\u00ba 6.830\/80 e art. 187 do CTN.<\/p>\n\n\n\n<p><strong>(ii)<\/strong> A multa ambiental (d\u00edvida de natureza n\u00e3o tribut\u00e1ria), devidamente inscrita na d\u00edvida ativa, n\u00e3o tem sua execu\u00e7\u00e3o fiscal sujeita \u00e0 recupera\u00e7\u00e3o judicial, em raz\u00e3o de expressa exclus\u00e3o legal na Lei n\u00ba 11.101\/05, na LEF (Lei n\u00ba 6.830\/80) e no CTN.<\/p>\n\n\n\n<blockquote class=\"wp-block-quote is-layout-flow wp-block-quote-is-layout-flow\"><p>\u201c<strong>Art. 6\u00ba, \u00a7 7\u00ba, Lei n\u00ba 11.101\/05<\/strong>. As execu\u00e7\u00f5es de natureza <strong>FISCAL<\/strong> <strong>n\u00e3o<\/strong> s\u00e3o suspensas pelo deferimento da recupera\u00e7\u00e3o judicial, ressalvada a concess\u00e3o de parcelamento nos termos do C\u00f3digo Tribut\u00e1rio Nacional e da legisla\u00e7\u00e3o ordin\u00e1ria espec\u00edfica.\u201d<\/p><\/blockquote>\n\n\n\n<blockquote class=\"wp-block-quote is-layout-flow wp-block-quote-is-layout-flow\"><p>\u201c<strong>Art. 29 Lei n\u00ba 6.830\/80<\/strong>. A cobran\u00e7a judicial da <strong>D\u00cdVIDA ATIVA<\/strong> da Fazenda P\u00fablica n\u00e3o \u00e9 sujeita a concurso de credores ou habilita\u00e7\u00e3o em fal\u00eancia, concordata, liquida\u00e7\u00e3o, invent\u00e1rio ou arrolamento.\u201d<\/p><\/blockquote>\n\n\n\n<blockquote class=\"wp-block-quote is-layout-flow wp-block-quote-is-layout-flow\"><p>\u201c<strong>Art. 2\u00ba, caput, Lei n\u00ba 6.830\/80<\/strong>. Constitui D\u00edvida Ativa da Fazenda P\u00fablica aquela definida como tribut\u00e1ria ou n\u00e3o tribut\u00e1ria na Lei n\u00ba 4.320, de 17 de mar\u00e7o de 1964, com as altera\u00e7\u00f5es posteriores, que estatui normas gerais de direito financeiro para elabora\u00e7\u00e3o e controle dos or\u00e7amentos e balan\u00e7os da Uni\u00e3o, dos Estados, dos Munic\u00edpios e do Distrito Federal.\u201d<\/p><\/blockquote>\n\n\n\n<blockquote class=\"wp-block-quote is-layout-flow wp-block-quote-is-layout-flow\"><p>\u201c<strong>Art. 187 CTN<\/strong>. A cobran\u00e7a judicial do cr\u00e9dito tribut\u00e1rio n\u00e3o \u00e9 sujeita a concurso de credores ou habilita\u00e7\u00e3o em fal\u00eancia, recupera\u00e7\u00e3o judicial, concordata, invent\u00e1rio ou arrolamento.\u201d<\/p><\/blockquote>\n\n\n\n<p>Logo, n\u00e3o h\u00e1 raz\u00e3o para incluir\no cr\u00e9dito fiscal no quadro geral de credores se n\u00e3o se submete aos efeitos da\nrecupera\u00e7\u00e3o judicial.<\/p>\n","protected":false},"excerpt":{"rendered":"<p>Ol\u00e1, pessoal, tudo bom? Meu nome \u00e9 Lucas Evangelinos, professor de Direito Empresarial aqui do Estrat\u00e9gia Carreira Jur\u00eddica. Abaixo, seguem meus coment\u00e1rios sobre a quest\u00e3o de Direito Empresarial da Prova da PGM-RJ. Qualquer d\u00favida: proflucasevangelinos@gmail.com ou @proflucasevangelinos QUEST\u00c3O Em virtude de uma infra\u00e7\u00e3o \u00e0 legisla\u00e7\u00e3o ambiental, a CONSTRUTORA XPTO S\/A \u00e9 multada pelo munic\u00edpio do [&hellip;]<\/p>\n","protected":false},"author":581,"featured_media":0,"comment_status":"open","ping_status":"closed","sticky":false,"template":"","format":"standard","meta":{"post_tipo":"article","footnotes":""},"categories":[1],"tags":[],"tax_estado":[],"class_list":["post-458719","post","type-post","status-publish","format-standard","hentry","category-cursos-e-concursos"],"acf":[],"yoast_head":"<!-- This site is optimized with the Yoast SEO Premium plugin v27.2 (Yoast SEO v27.2) - https:\/\/yoast.com\/product\/yoast-seo-premium-wordpress\/ -->\n<title>PGM-RJ (2019) Gabarito\/Corre\u00e7\u00e3o de Direito Empresarial<\/title>\n<meta name=\"robots\" content=\"index, follow, max-snippet:-1, max-image-preview:large, max-video-preview:-1\" \/>\n<link rel=\"canonical\" href=\"https:\/\/www.estrategiaconcursos.com.br\/blog\/pgm-rj-2019-gabarito-correcao-de-direito-empresarial\/\" \/>\n<meta property=\"og:locale\" content=\"pt_BR\" \/>\n<meta property=\"og:type\" content=\"article\" \/>\n<meta property=\"og:title\" content=\"PGM-RJ (2019) Gabarito\/Corre\u00e7\u00e3o de Direito Empresarial\" \/>\n<meta property=\"og:description\" content=\"Ol\u00e1, pessoal, tudo bom? Meu nome \u00e9 Lucas Evangelinos, professor de Direito Empresarial aqui do Estrat\u00e9gia Carreira Jur\u00eddica. Abaixo, seguem meus coment\u00e1rios sobre a quest\u00e3o de Direito Empresarial da Prova da PGM-RJ. Qualquer d\u00favida: proflucasevangelinos@gmail.com ou @proflucasevangelinos QUEST\u00c3O Em virtude de uma infra\u00e7\u00e3o \u00e0 legisla\u00e7\u00e3o ambiental, a CONSTRUTORA XPTO S\/A \u00e9 multada pelo munic\u00edpio do [&hellip;]\" \/>\n<meta property=\"og:url\" content=\"https:\/\/www.estrategiaconcursos.com.br\/blog\/pgm-rj-2019-gabarito-correcao-de-direito-empresarial\/\" \/>\n<meta property=\"og:site_name\" content=\"Estrat\u00e9gia Concursos\" \/>\n<meta property=\"article:published_time\" content=\"2019-12-11T11:40:56+00:00\" \/>\n<meta property=\"article:modified_time\" content=\"2019-12-11T11:41:45+00:00\" \/>\n<meta name=\"author\" content=\"Lucas de Abreu Evangelinos\" \/>\n<meta name=\"twitter:card\" content=\"summary_large_image\" \/>\n<meta name=\"twitter:creator\" content=\"@EstratConcursos\" \/>\n<meta name=\"twitter:site\" content=\"@EstratConcursos\" \/>\n<meta name=\"twitter:label1\" content=\"Escrito por\" \/>\n\t<meta name=\"twitter:data1\" content=\"Lucas de Abreu Evangelinos\" \/>\n\t<meta name=\"twitter:label2\" content=\"Est. tempo de leitura\" \/>\n\t<meta name=\"twitter:data2\" content=\"2 minutos\" \/>\n<script type=\"application\/ld+json\" class=\"yoast-schema-graph\">{\"@context\":\"https:\/\/schema.org\",\"@graph\":[{\"@type\":\"NewsArticle\",\"@id\":\"https:\/\/www.estrategiaconcursos.com.br\/blog\/pgm-rj-2019-gabarito-correcao-de-direito-empresarial\/#article\",\"isPartOf\":{\"@id\":\"https:\/\/www.estrategiaconcursos.com.br\/blog\/pgm-rj-2019-gabarito-correcao-de-direito-empresarial\/\"},\"author\":{\"name\":\"Lucas de Abreu Evangelinos\",\"@id\":\"https:\/\/www.estrategiaconcursos.com.br\/blog\/#\/schema\/person\/1df46045115e528b1e901bfd2d534434\"},\"headline\":\"PGM-RJ (2019) Gabarito\/Corre\u00e7\u00e3o de Direito Empresarial\",\"datePublished\":\"2019-12-11T11:40:56+00:00\",\"dateModified\":\"2019-12-11T11:41:45+00:00\",\"mainEntityOfPage\":{\"@id\":\"https:\/\/www.estrategiaconcursos.com.br\/blog\/pgm-rj-2019-gabarito-correcao-de-direito-empresarial\/\"},\"wordCount\":448,\"commentCount\":2,\"publisher\":{\"@id\":\"https:\/\/www.estrategiaconcursos.com.br\/blog\/#organization\"},\"articleSection\":[\"Concursos P\u00fablicos\"],\"inLanguage\":\"pt-BR\",\"potentialAction\":[{\"@type\":\"CommentAction\",\"name\":\"Comment\",\"target\":[\"https:\/\/www.estrategiaconcursos.com.br\/blog\/pgm-rj-2019-gabarito-correcao-de-direito-empresarial\/#respond\"]}],\"copyrightYear\":\"2019\",\"copyrightHolder\":{\"@id\":\"https:\/\/www.estrategiaconcursos.com.br\/blog\/#organization\"}},{\"@type\":\"WebPage\",\"@id\":\"https:\/\/www.estrategiaconcursos.com.br\/blog\/pgm-rj-2019-gabarito-correcao-de-direito-empresarial\/\",\"url\":\"https:\/\/www.estrategiaconcursos.com.br\/blog\/pgm-rj-2019-gabarito-correcao-de-direito-empresarial\/\",\"name\":\"PGM-RJ (2019) Gabarito\/Corre\u00e7\u00e3o de Direito Empresarial\",\"isPartOf\":{\"@id\":\"https:\/\/www.estrategiaconcursos.com.br\/blog\/#website\"},\"datePublished\":\"2019-12-11T11:40:56+00:00\",\"dateModified\":\"2019-12-11T11:41:45+00:00\",\"breadcrumb\":{\"@id\":\"https:\/\/www.estrategiaconcursos.com.br\/blog\/pgm-rj-2019-gabarito-correcao-de-direito-empresarial\/#breadcrumb\"},\"inLanguage\":\"pt-BR\",\"potentialAction\":[{\"@type\":\"ReadAction\",\"target\":[\"https:\/\/www.estrategiaconcursos.com.br\/blog\/pgm-rj-2019-gabarito-correcao-de-direito-empresarial\/\"]}]},{\"@type\":\"BreadcrumbList\",\"@id\":\"https:\/\/www.estrategiaconcursos.com.br\/blog\/pgm-rj-2019-gabarito-correcao-de-direito-empresarial\/#breadcrumb\",\"itemListElement\":[{\"@type\":\"ListItem\",\"position\":1,\"name\":\"In\u00edcio\",\"item\":\"https:\/\/www.estrategiaconcursos.com.br\/blog\/\"},{\"@type\":\"ListItem\",\"position\":2,\"name\":\"PGM-RJ (2019) Gabarito\/Corre\u00e7\u00e3o de Direito Empresarial\"}]},{\"@type\":\"WebSite\",\"@id\":\"https:\/\/www.estrategiaconcursos.com.br\/blog\/#website\",\"url\":\"https:\/\/www.estrategiaconcursos.com.br\/blog\/\",\"name\":\"Estrat\u00e9gia Concursos\",\"description\":\"O blog da Estrat\u00e9gia Concursos traz not\u00edcias sobre concursos e artigos de professores oferecendo cursos para concursos (pdf + videaulas) no site.\",\"publisher\":{\"@id\":\"https:\/\/www.estrategiaconcursos.com.br\/blog\/#organization\"},\"potentialAction\":[{\"@type\":\"SearchAction\",\"target\":{\"@type\":\"EntryPoint\",\"urlTemplate\":\"https:\/\/www.estrategiaconcursos.com.br\/blog\/?s={search_term_string}\"},\"query-input\":{\"@type\":\"PropertyValueSpecification\",\"valueRequired\":true,\"valueName\":\"search_term_string\"}}],\"inLanguage\":\"pt-BR\"},{\"@type\":\"Organization\",\"@id\":\"https:\/\/www.estrategiaconcursos.com.br\/blog\/#organization\",\"name\":\"Estrat\u00e9gia Concursos\",\"url\":\"https:\/\/www.estrategiaconcursos.com.br\/blog\/\",\"logo\":{\"@type\":\"ImageObject\",\"inLanguage\":\"pt-BR\",\"@id\":\"https:\/\/www.estrategiaconcursos.com.br\/blog\/#\/schema\/logo\/image\/\",\"url\":\"https:\/\/dhg1h5j42swfq.cloudfront.net\/2025\/06\/03203428\/logo_concursos-1.jpg\",\"contentUrl\":\"https:\/\/dhg1h5j42swfq.cloudfront.net\/2025\/06\/03203428\/logo_concursos-1.jpg\",\"width\":230,\"height\":60,\"caption\":\"Estrat\u00e9gia Concursos\"},\"image\":{\"@id\":\"https:\/\/www.estrategiaconcursos.com.br\/blog\/#\/schema\/logo\/image\/\"},\"sameAs\":[\"https:\/\/x.com\/EstratConcursos\"]},{\"@type\":\"Person\",\"@id\":\"https:\/\/www.estrategiaconcursos.com.br\/blog\/#\/schema\/person\/1df46045115e528b1e901bfd2d534434\",\"name\":\"Lucas de Abreu Evangelinos\",\"image\":{\"@type\":\"ImageObject\",\"inLanguage\":\"pt-BR\",\"@id\":\"https:\/\/secure.gravatar.com\/avatar\/c4f3f0152330b69fbb5249cbc3511d7e387474f77d84b5dd386b312193eaa930?s=96&d=mm&r=g\",\"url\":\"https:\/\/secure.gravatar.com\/avatar\/c4f3f0152330b69fbb5249cbc3511d7e387474f77d84b5dd386b312193eaa930?s=96&d=mm&r=g\",\"contentUrl\":\"https:\/\/secure.gravatar.com\/avatar\/c4f3f0152330b69fbb5249cbc3511d7e387474f77d84b5dd386b312193eaa930?s=96&d=mm&r=g\",\"caption\":\"Lucas de Abreu Evangelinos\"},\"url\":\"https:\/\/www.estrategiaconcursos.com.br\/blog\/author\/proflucasevangelinosgmail-com\/\"}]}<\/script>\n<!-- \/ Yoast SEO Premium plugin. -->","yoast_head_json":{"title":"PGM-RJ (2019) Gabarito\/Corre\u00e7\u00e3o de Direito Empresarial","robots":{"index":"index","follow":"follow","max-snippet":"max-snippet:-1","max-image-preview":"max-image-preview:large","max-video-preview":"max-video-preview:-1"},"canonical":"https:\/\/www.estrategiaconcursos.com.br\/blog\/pgm-rj-2019-gabarito-correcao-de-direito-empresarial\/","og_locale":"pt_BR","og_type":"article","og_title":"PGM-RJ (2019) Gabarito\/Corre\u00e7\u00e3o de Direito Empresarial","og_description":"Ol\u00e1, pessoal, tudo bom? Meu nome \u00e9 Lucas Evangelinos, professor de Direito Empresarial aqui do Estrat\u00e9gia Carreira Jur\u00eddica. Abaixo, seguem meus coment\u00e1rios sobre a quest\u00e3o de Direito Empresarial da Prova da PGM-RJ. Qualquer d\u00favida: proflucasevangelinos@gmail.com ou @proflucasevangelinos QUEST\u00c3O Em virtude de uma infra\u00e7\u00e3o \u00e0 legisla\u00e7\u00e3o ambiental, a CONSTRUTORA XPTO S\/A \u00e9 multada pelo munic\u00edpio do [&hellip;]","og_url":"https:\/\/www.estrategiaconcursos.com.br\/blog\/pgm-rj-2019-gabarito-correcao-de-direito-empresarial\/","og_site_name":"Estrat\u00e9gia Concursos","article_published_time":"2019-12-11T11:40:56+00:00","article_modified_time":"2019-12-11T11:41:45+00:00","author":"Lucas de Abreu Evangelinos","twitter_card":"summary_large_image","twitter_creator":"@EstratConcursos","twitter_site":"@EstratConcursos","twitter_misc":{"Escrito por":"Lucas de Abreu Evangelinos","Est. tempo de leitura":"2 minutos"},"schema":{"@context":"https:\/\/schema.org","@graph":[{"@type":"NewsArticle","@id":"https:\/\/www.estrategiaconcursos.com.br\/blog\/pgm-rj-2019-gabarito-correcao-de-direito-empresarial\/#article","isPartOf":{"@id":"https:\/\/www.estrategiaconcursos.com.br\/blog\/pgm-rj-2019-gabarito-correcao-de-direito-empresarial\/"},"author":{"name":"Lucas de Abreu Evangelinos","@id":"https:\/\/www.estrategiaconcursos.com.br\/blog\/#\/schema\/person\/1df46045115e528b1e901bfd2d534434"},"headline":"PGM-RJ (2019) Gabarito\/Corre\u00e7\u00e3o de Direito Empresarial","datePublished":"2019-12-11T11:40:56+00:00","dateModified":"2019-12-11T11:41:45+00:00","mainEntityOfPage":{"@id":"https:\/\/www.estrategiaconcursos.com.br\/blog\/pgm-rj-2019-gabarito-correcao-de-direito-empresarial\/"},"wordCount":448,"commentCount":2,"publisher":{"@id":"https:\/\/www.estrategiaconcursos.com.br\/blog\/#organization"},"articleSection":["Concursos P\u00fablicos"],"inLanguage":"pt-BR","potentialAction":[{"@type":"CommentAction","name":"Comment","target":["https:\/\/www.estrategiaconcursos.com.br\/blog\/pgm-rj-2019-gabarito-correcao-de-direito-empresarial\/#respond"]}],"copyrightYear":"2019","copyrightHolder":{"@id":"https:\/\/www.estrategiaconcursos.com.br\/blog\/#organization"}},{"@type":"WebPage","@id":"https:\/\/www.estrategiaconcursos.com.br\/blog\/pgm-rj-2019-gabarito-correcao-de-direito-empresarial\/","url":"https:\/\/www.estrategiaconcursos.com.br\/blog\/pgm-rj-2019-gabarito-correcao-de-direito-empresarial\/","name":"PGM-RJ (2019) Gabarito\/Corre\u00e7\u00e3o de Direito Empresarial","isPartOf":{"@id":"https:\/\/www.estrategiaconcursos.com.br\/blog\/#website"},"datePublished":"2019-12-11T11:40:56+00:00","dateModified":"2019-12-11T11:41:45+00:00","breadcrumb":{"@id":"https:\/\/www.estrategiaconcursos.com.br\/blog\/pgm-rj-2019-gabarito-correcao-de-direito-empresarial\/#breadcrumb"},"inLanguage":"pt-BR","potentialAction":[{"@type":"ReadAction","target":["https:\/\/www.estrategiaconcursos.com.br\/blog\/pgm-rj-2019-gabarito-correcao-de-direito-empresarial\/"]}]},{"@type":"BreadcrumbList","@id":"https:\/\/www.estrategiaconcursos.com.br\/blog\/pgm-rj-2019-gabarito-correcao-de-direito-empresarial\/#breadcrumb","itemListElement":[{"@type":"ListItem","position":1,"name":"In\u00edcio","item":"https:\/\/www.estrategiaconcursos.com.br\/blog\/"},{"@type":"ListItem","position":2,"name":"PGM-RJ (2019) Gabarito\/Corre\u00e7\u00e3o de Direito Empresarial"}]},{"@type":"WebSite","@id":"https:\/\/www.estrategiaconcursos.com.br\/blog\/#website","url":"https:\/\/www.estrategiaconcursos.com.br\/blog\/","name":"Estrat\u00e9gia Concursos","description":"O blog da Estrat\u00e9gia Concursos traz not\u00edcias sobre concursos e artigos de professores oferecendo cursos para concursos (pdf + videaulas) no site.","publisher":{"@id":"https:\/\/www.estrategiaconcursos.com.br\/blog\/#organization"},"potentialAction":[{"@type":"SearchAction","target":{"@type":"EntryPoint","urlTemplate":"https:\/\/www.estrategiaconcursos.com.br\/blog\/?s={search_term_string}"},"query-input":{"@type":"PropertyValueSpecification","valueRequired":true,"valueName":"search_term_string"}}],"inLanguage":"pt-BR"},{"@type":"Organization","@id":"https:\/\/www.estrategiaconcursos.com.br\/blog\/#organization","name":"Estrat\u00e9gia Concursos","url":"https:\/\/www.estrategiaconcursos.com.br\/blog\/","logo":{"@type":"ImageObject","inLanguage":"pt-BR","@id":"https:\/\/www.estrategiaconcursos.com.br\/blog\/#\/schema\/logo\/image\/","url":"https:\/\/dhg1h5j42swfq.cloudfront.net\/2025\/06\/03203428\/logo_concursos-1.jpg","contentUrl":"https:\/\/dhg1h5j42swfq.cloudfront.net\/2025\/06\/03203428\/logo_concursos-1.jpg","width":230,"height":60,"caption":"Estrat\u00e9gia Concursos"},"image":{"@id":"https:\/\/www.estrategiaconcursos.com.br\/blog\/#\/schema\/logo\/image\/"},"sameAs":["https:\/\/x.com\/EstratConcursos"]},{"@type":"Person","@id":"https:\/\/www.estrategiaconcursos.com.br\/blog\/#\/schema\/person\/1df46045115e528b1e901bfd2d534434","name":"Lucas de Abreu Evangelinos","image":{"@type":"ImageObject","inLanguage":"pt-BR","@id":"https:\/\/secure.gravatar.com\/avatar\/c4f3f0152330b69fbb5249cbc3511d7e387474f77d84b5dd386b312193eaa930?s=96&d=mm&r=g","url":"https:\/\/secure.gravatar.com\/avatar\/c4f3f0152330b69fbb5249cbc3511d7e387474f77d84b5dd386b312193eaa930?s=96&d=mm&r=g","contentUrl":"https:\/\/secure.gravatar.com\/avatar\/c4f3f0152330b69fbb5249cbc3511d7e387474f77d84b5dd386b312193eaa930?s=96&d=mm&r=g","caption":"Lucas de Abreu Evangelinos"},"url":"https:\/\/www.estrategiaconcursos.com.br\/blog\/author\/proflucasevangelinosgmail-com\/"}]}},"_links":{"self":[{"href":"https:\/\/www.estrategiaconcursos.com.br\/blog\/wp-json\/wp\/v2\/posts\/458719","targetHints":{"allow":["GET"]}}],"collection":[{"href":"https:\/\/www.estrategiaconcursos.com.br\/blog\/wp-json\/wp\/v2\/posts"}],"about":[{"href":"https:\/\/www.estrategiaconcursos.com.br\/blog\/wp-json\/wp\/v2\/types\/post"}],"author":[{"embeddable":true,"href":"https:\/\/www.estrategiaconcursos.com.br\/blog\/wp-json\/wp\/v2\/users\/581"}],"replies":[{"embeddable":true,"href":"https:\/\/www.estrategiaconcursos.com.br\/blog\/wp-json\/wp\/v2\/comments?post=458719"}],"version-history":[{"count":6,"href":"https:\/\/www.estrategiaconcursos.com.br\/blog\/wp-json\/wp\/v2\/posts\/458719\/revisions"}],"predecessor-version":[{"id":458728,"href":"https:\/\/www.estrategiaconcursos.com.br\/blog\/wp-json\/wp\/v2\/posts\/458719\/revisions\/458728"}],"wp:attachment":[{"href":"https:\/\/www.estrategiaconcursos.com.br\/blog\/wp-json\/wp\/v2\/media?parent=458719"}],"wp:term":[{"taxonomy":"category","embeddable":true,"href":"https:\/\/www.estrategiaconcursos.com.br\/blog\/wp-json\/wp\/v2\/categories?post=458719"},{"taxonomy":"post_tag","embeddable":true,"href":"https:\/\/www.estrategiaconcursos.com.br\/blog\/wp-json\/wp\/v2\/tags?post=458719"},{"taxonomy":"tax_estado","embeddable":true,"href":"https:\/\/www.estrategiaconcursos.com.br\/blog\/wp-json\/wp\/v2\/tax_estado?post=458719"}],"curies":[{"name":"wp","href":"https:\/\/api.w.org\/{rel}","templated":true}]}}