{"id":458583,"date":"2019-12-16T08:00:51","date_gmt":"2019-12-16T11:00:51","guid":{"rendered":"https:\/\/www.estrategiaconcursos.com.br\/blog\/?p=458583"},"modified":"2019-12-16T08:18:44","modified_gmt":"2019-12-16T11:18:44","slug":"oportunidades-em-carreiras-juridicas","status":"publish","type":"post","link":"https:\/\/www.estrategiaconcursos.com.br\/blog\/oportunidades-em-carreiras-juridicas\/","title":{"rendered":"Semana come\u00e7a com \u00f3timas oportunidades em Carreiras Jur\u00eddicas"},"content":{"rendered":"\n<p>\u00c9 muito instigante ver que os \u00f3rg\u00e3os est\u00e3o publicando editais ou iniciando o processo, para ter novos funcion\u00e1rios, melhorar os servi\u00e7os e com isso aumentar o efetivo. \u00c9 claro que isto gera uma sentimento de ansiedade nos concurseiros para realizar o exame ou para que o edital seja publicado. <\/p>\n\n\n\n<p>Mas existe uma etapa anterior que o candidato deve lembrar, a escolha do concurso  e do cargo que quer concorrer. Para facilitar sua escolha, separamos as principais informa\u00e7\u00f5es e os melhores concursos. Confira abaixo: <\/p>\n\n\n\n<h2 class=\"wp-block-heading\">Concursos com editais publicados<\/h2>\n\n\n\n<h3 class=\"wp-block-heading\"><a href=\"https:\/\/www.estrategiaconcursos.com.br\/blog\/edital-pgm-santos-procurador\/\">Concurso PGM Santos<\/a> <\/h3>\n\n\n\n<p>O concurso da Procuradoria Geral do Munic\u00edpio de Santos oferta DUAS vagas para o cargo de Procurador. O \u00f3rg\u00e3o exige que os candidatos possuam forma\u00e7\u00e3o em n\u00edvel superior em direito e inscri\u00e7\u00e3o na OAB.<\/p>\n\n\n\n<p>As inscri\u00e7\u00f5es podem ser realizadas atrav\u00e9s do site da banca do certame, a VUNESP, entre os dias&nbsp;<strong><em>08 de janeiro a 06 de fevereiro<\/em><\/strong>. A taxa de inscri\u00e7\u00e3o foi fixada em R$ 82,20.<br \/><\/p>\n\n\n\n<h2 class=\"wp-block-heading\">Concursos previstos<\/h2>\n\n\n\n<h3 class=\"wp-block-heading\"><a href=\"https:\/\/www.estrategiaconcursos.com.br\/blog\/concurso-pgm-varginha-mg\/\">PGM Varginha<\/a><\/h3>\n\n\n\n<p>A Prefeitura de Varginha divulgou a composi\u00e7\u00e3o da&nbsp;<strong>comiss\u00e3o especial<\/strong>&nbsp;do concurso para&nbsp;<strong>Procurador do Munic\u00edpio<\/strong>, com&nbsp;<strong>5 vagas imediatas<\/strong>. A banca do certame \u00e9 a Objetiva Concursos. <\/p>\n\n\n\n<p>A comiss\u00e3o ficar\u00e1 respons\u00e1vel por verificar o cumprimento de todas as disposi\u00e7\u00f5es legais e regulamentares em vigor por parte da banca organizadora do certame, bem como tomar as provid\u00eancias necess\u00e1rias \u00e0 execu\u00e7\u00e3o dos prazos estipulados no edital do concurso.<\/p>\n\n\n\n<h3 class=\"wp-block-heading\"><a href=\"https:\/\/www.estrategiaconcursos.com.br\/blog\/concurso-defensoria-to\/\">DPE TO Defensor<\/a><\/h3>\n\n\n\n<p>A Defensoria P\u00fablica do Estado do Tocantins retomou o planejamento de seu&nbsp;<strong>IV Concurso P\u00fablico<\/strong>&nbsp;para o ingresso na carreira de Defensor. <\/p>\n\n\n\n<p>A comiss\u00e3o do certame ganhou&nbsp;<strong>nova composi\u00e7\u00e3o<\/strong>&nbsp;e o regulamento do concurso foi aprovado pelo Conselho Superior.<\/p>\n\n\n\n<h3 class=\"wp-block-heading\"><a href=\"https:\/\/www.estrategiaconcursos.com.br\/blog\/concurso-magistratura-go\/\">Magistratura GO<\/a><\/h3>\n\n\n\n<p>O presidente do&nbsp;<strong>Tribunal de Justi\u00e7a de Goi\u00e1s<\/strong>, desembargador Walter Carlos Lemes, assinou a ratifica\u00e7\u00e3o da dispensa de licita\u00e7\u00e3o para a contrata\u00e7\u00e3o da Funda\u00e7\u00e3o Carlos Chagas como organizadora do&nbsp;<strong>57\u00ba concurso Magistratura GO.<\/strong><\/p>\n\n\n\n<h3 class=\"wp-block-heading\"><a href=\"https:\/\/www.estrategiaconcursos.com.br\/blog\/concurso-mpm-promotor-banca-examinadora\/\">MPM<\/a><\/h3>\n\n\n\n<p>O Minist\u00e9rio P\u00fablico Militar aprovou as composi\u00e7\u00f5es da banca e da comiss\u00e3o examinadoras.<\/p>\n\n\n\n<p>Vale lembrar que o Minist\u00e9rio P\u00fablico Militar aprovou em 26 de junho a realiza\u00e7\u00e3o do novo concurso p\u00fablico de ingresso na carreira de Promotor de Justi\u00e7a Militar.<\/p>\n\n\n\n<p>Devem ser ofertadas&nbsp;<strong>6 vagas imediatas<\/strong>&nbsp;para a classe inicial da carreira de membro do Minist\u00e9rio P\u00fablico Militar, que \u00e9 um ramo do Minist\u00e9rio P\u00fablico da Uni\u00e3o.<\/p>\n\n\n\n<h3 class=\"wp-block-heading\"><a href=\"https:\/\/www.estrategiaconcursos.com.br\/blog\/concurso-dpe-pr-defensor\/\">DPE PR Defensor<\/a><\/h3>\n\n\n\n<p>A <strong>Defensoria P\u00fablica do  Estado do Paran\u00e1<\/strong> j\u00e1 definiu o quantitativo de vagas ofertadas no pr\u00f3ximo concurso para Defensor P\u00fablico: segundo os autos do processo de autoriza\u00e7\u00e3o do certame, s\u00e3o previstas <strong>12 vagas imediatas<\/strong> para a classe inicial da carreira. <\/p>\n\n\n\n<p style=\"font-size:23px;text-align:center\" class=\"has-background has-luminous-vivid-amber-background-color\"><strong><a href=\"https:\/\/www.estrategiaconcursos.com.br\/cursosPorConcurso\/carreira-juridica-regular\/?gclid=EAIaIQobChMI8rirqIeQ5gIVjAuRCh1gmwtrEAAYBCAAEgLudPD_BwE\" target=\"_blank\" rel=\"noreferrer noopener\">CURSOS CARREIRAS JUR\u00cdDICAS<\/a><\/strong><\/p>\n\n\n\n<p style=\"font-size:23px;text-align:center\" class=\"has-background has-pale-cyan-blue-background-color\"><a rel=\"noreferrer noopener\" href=\"https:\/\/www.estrategiaconcursos.com.br\/blog\/concursos-abertos\/\" target=\"_blank\"><strong>CONCURSOS ABERTOS<\/strong><\/a><\/p>\n\n\n\n<p style=\"font-size:23px;text-align:center\" class=\"has-background has-pale-cyan-blue-background-color\"><a rel=\"noreferrer noopener\" href=\"https:\/\/www.estrategiaconcursos.com.br\/blog\/concursos-2019\/\" target=\"_blank\"><strong>CONCURSOS 2019<\/strong><\/a><\/p>\n\n\n\n<p style=\"font-size:23px;text-align:center\" class=\"has-background has-pale-cyan-blue-background-color\"><a rel=\"noreferrer noopener\" href=\"https:\/\/www.estrategiaconcursos.com.br\/blog\/concursos-2020\/\" target=\"_blank\"><strong>CONCURSOS&nbsp;2020<\/strong><\/a><\/p>\n\n\n\n<p style=\"font-size:23px;text-align:center\" class=\"has-background has-pale-cyan-blue-background-color\"><a rel=\"noreferrer noopener\" href=\"https:\/\/www.estrategiaconcursos.com.br\/cursos\/concurso\" target=\"_blank\">Cursos Concursos de Direito 2019<\/a><\/p>\n","protected":false},"excerpt":{"rendered":"<p>\u00c9 muito instigante ver que os \u00f3rg\u00e3os est\u00e3o publicando editais ou iniciando o processo, para ter novos funcion\u00e1rios, melhorar os servi\u00e7os e com isso aumentar o efetivo. \u00c9 claro que isto gera uma sentimento de ansiedade nos concurseiros para realizar o exame ou para que o edital seja publicado. Mas existe uma etapa anterior que [&hellip;]<\/p>\n","protected":false},"author":180,"featured_media":454590,"comment_status":"open","ping_status":"closed","sticky":false,"template":"","format":"standard","meta":{"post_tipo":"article","footnotes":""},"categories":[1],"tags":[],"tax_estado":[],"class_list":["post-458583","post","type-post","status-publish","format-standard","has-post-thumbnail","hentry","category-cursos-e-concursos"],"acf":[],"yoast_head":"<!-- This site is optimized with the Yoast SEO Premium plugin v27.2 (Yoast SEO v27.2) - https:\/\/yoast.com\/product\/yoast-seo-premium-wordpress\/ -->\n<title>Semana come\u00e7a com \u00f3timas oportunidades em Carreiras Jur\u00eddicas<\/title>\n<meta name=\"robots\" content=\"index, follow, max-snippet:-1, max-image-preview:large, max-video-preview:-1\" \/>\n<link rel=\"canonical\" href=\"https:\/\/www.estrategiaconcursos.com.br\/blog\/oportunidades-em-carreiras-juridicas\/\" \/>\n<meta property=\"og:locale\" content=\"pt_BR\" \/>\n<meta property=\"og:type\" content=\"article\" \/>\n<meta property=\"og:title\" content=\"Semana come\u00e7a com \u00f3timas oportunidades em Carreiras Jur\u00eddicas\" \/>\n<meta property=\"og:description\" content=\"\u00c9 muito instigante ver que os \u00f3rg\u00e3os est\u00e3o publicando editais ou iniciando o processo, para ter novos funcion\u00e1rios, melhorar os servi\u00e7os e com isso aumentar o efetivo. \u00c9 claro que isto gera uma sentimento de ansiedade nos concurseiros para realizar o exame ou para que o edital seja publicado. Mas existe uma etapa anterior que [&hellip;]\" \/>\n<meta property=\"og:url\" content=\"https:\/\/www.estrategiaconcursos.com.br\/blog\/oportunidades-em-carreiras-juridicas\/\" \/>\n<meta property=\"og:site_name\" content=\"Estrat\u00e9gia Concursos\" \/>\n<meta property=\"article:author\" content=\"https:\/\/www.facebook.com\/ricardo.s.torques\" \/>\n<meta property=\"article:published_time\" content=\"2019-12-16T11:00:51+00:00\" \/>\n<meta property=\"article:modified_time\" content=\"2019-12-16T11:18:44+00:00\" \/>\n<meta property=\"og:image\" content=\"https:\/\/dhg1h5j42swfq.cloudfront.net\/2019\/12\/03091614\/WhatsApp-Image-2019-12-03-at-09.15.25.jpeg\" \/>\n\t<meta property=\"og:image:width\" content=\"1200\" \/>\n\t<meta property=\"og:image:height\" content=\"628\" \/>\n\t<meta property=\"og:image:type\" content=\"image\/jpeg\" \/>\n<meta name=\"author\" content=\"Ricardo Torques\" \/>\n<meta name=\"twitter:card\" content=\"summary_large_image\" \/>\n<meta name=\"twitter:creator\" content=\"@EstratConcursos\" \/>\n<meta name=\"twitter:site\" content=\"@EstratConcursos\" \/>\n<meta name=\"twitter:label1\" content=\"Escrito por\" \/>\n\t<meta name=\"twitter:data1\" content=\"Ricardo Torques\" \/>\n\t<meta name=\"twitter:label2\" content=\"Est. tempo de leitura\" \/>\n\t<meta name=\"twitter:data2\" content=\"2 minutos\" \/>\n<script type=\"application\/ld+json\" class=\"yoast-schema-graph\">{\"@context\":\"https:\/\/schema.org\",\"@graph\":[{\"@type\":\"NewsArticle\",\"@id\":\"https:\/\/www.estrategiaconcursos.com.br\/blog\/oportunidades-em-carreiras-juridicas\/#article\",\"isPartOf\":{\"@id\":\"https:\/\/www.estrategiaconcursos.com.br\/blog\/oportunidades-em-carreiras-juridicas\/\"},\"author\":{\"name\":\"Ricardo Torques\",\"@id\":\"https:\/\/www.estrategiaconcursos.com.br\/blog\/#\/schema\/person\/aa39cf5ddb518e5bdce27c35788405e2\"},\"headline\":\"Semana come\u00e7a com \u00f3timas oportunidades em Carreiras Jur\u00eddicas\",\"datePublished\":\"2019-12-16T11:00:51+00:00\",\"dateModified\":\"2019-12-16T11:18:44+00:00\",\"mainEntityOfPage\":{\"@id\":\"https:\/\/www.estrategiaconcursos.com.br\/blog\/oportunidades-em-carreiras-juridicas\/\"},\"wordCount\":490,\"commentCount\":0,\"publisher\":{\"@id\":\"https:\/\/www.estrategiaconcursos.com.br\/blog\/#organization\"},\"image\":{\"@id\":\"https:\/\/www.estrategiaconcursos.com.br\/blog\/oportunidades-em-carreiras-juridicas\/#primaryimage\"},\"thumbnailUrl\":\"https:\/\/dhg1h5j42swfq.cloudfront.net\/2019\/12\/03091614\/WhatsApp-Image-2019-12-03-at-09.15.25.jpeg\",\"articleSection\":[\"Concursos P\u00fablicos\"],\"inLanguage\":\"pt-BR\",\"potentialAction\":[{\"@type\":\"CommentAction\",\"name\":\"Comment\",\"target\":[\"https:\/\/www.estrategiaconcursos.com.br\/blog\/oportunidades-em-carreiras-juridicas\/#respond\"]}],\"copyrightYear\":\"2019\",\"copyrightHolder\":{\"@id\":\"https:\/\/www.estrategiaconcursos.com.br\/blog\/#organization\"}},{\"@type\":\"WebPage\",\"@id\":\"https:\/\/www.estrategiaconcursos.com.br\/blog\/oportunidades-em-carreiras-juridicas\/\",\"url\":\"https:\/\/www.estrategiaconcursos.com.br\/blog\/oportunidades-em-carreiras-juridicas\/\",\"name\":\"Semana come\u00e7a com \u00f3timas oportunidades em Carreiras Jur\u00eddicas\",\"isPartOf\":{\"@id\":\"https:\/\/www.estrategiaconcursos.com.br\/blog\/#website\"},\"primaryImageOfPage\":{\"@id\":\"https:\/\/www.estrategiaconcursos.com.br\/blog\/oportunidades-em-carreiras-juridicas\/#primaryimage\"},\"image\":{\"@id\":\"https:\/\/www.estrategiaconcursos.com.br\/blog\/oportunidades-em-carreiras-juridicas\/#primaryimage\"},\"thumbnailUrl\":\"https:\/\/dhg1h5j42swfq.cloudfront.net\/2019\/12\/03091614\/WhatsApp-Image-2019-12-03-at-09.15.25.jpeg\",\"datePublished\":\"2019-12-16T11:00:51+00:00\",\"dateModified\":\"2019-12-16T11:18:44+00:00\",\"breadcrumb\":{\"@id\":\"https:\/\/www.estrategiaconcursos.com.br\/blog\/oportunidades-em-carreiras-juridicas\/#breadcrumb\"},\"inLanguage\":\"pt-BR\",\"potentialAction\":[{\"@type\":\"ReadAction\",\"target\":[\"https:\/\/www.estrategiaconcursos.com.br\/blog\/oportunidades-em-carreiras-juridicas\/\"]}]},{\"@type\":\"ImageObject\",\"inLanguage\":\"pt-BR\",\"@id\":\"https:\/\/www.estrategiaconcursos.com.br\/blog\/oportunidades-em-carreiras-juridicas\/#primaryimage\",\"url\":\"https:\/\/dhg1h5j42swfq.cloudfront.net\/2019\/12\/03091614\/WhatsApp-Image-2019-12-03-at-09.15.25.jpeg\",\"contentUrl\":\"https:\/\/dhg1h5j42swfq.cloudfront.net\/2019\/12\/03091614\/WhatsApp-Image-2019-12-03-at-09.15.25.jpeg\",\"width\":1200,\"height\":628,\"caption\":\"carreiras jur\u00eddicas\"},{\"@type\":\"BreadcrumbList\",\"@id\":\"https:\/\/www.estrategiaconcursos.com.br\/blog\/oportunidades-em-carreiras-juridicas\/#breadcrumb\",\"itemListElement\":[{\"@type\":\"ListItem\",\"position\":1,\"name\":\"In\u00edcio\",\"item\":\"https:\/\/www.estrategiaconcursos.com.br\/blog\/\"},{\"@type\":\"ListItem\",\"position\":2,\"name\":\"Semana come\u00e7a com \u00f3timas oportunidades em Carreiras Jur\u00eddicas\"}]},{\"@type\":\"WebSite\",\"@id\":\"https:\/\/www.estrategiaconcursos.com.br\/blog\/#website\",\"url\":\"https:\/\/www.estrategiaconcursos.com.br\/blog\/\",\"name\":\"Estrat\u00e9gia Concursos\",\"description\":\"O blog da Estrat\u00e9gia Concursos traz not\u00edcias sobre concursos e artigos de professores oferecendo cursos para concursos (pdf + videaulas) no site.\",\"publisher\":{\"@id\":\"https:\/\/www.estrategiaconcursos.com.br\/blog\/#organization\"},\"potentialAction\":[{\"@type\":\"SearchAction\",\"target\":{\"@type\":\"EntryPoint\",\"urlTemplate\":\"https:\/\/www.estrategiaconcursos.com.br\/blog\/?s={search_term_string}\"},\"query-input\":{\"@type\":\"PropertyValueSpecification\",\"valueRequired\":true,\"valueName\":\"search_term_string\"}}],\"inLanguage\":\"pt-BR\"},{\"@type\":\"Organization\",\"@id\":\"https:\/\/www.estrategiaconcursos.com.br\/blog\/#organization\",\"name\":\"Estrat\u00e9gia Concursos\",\"url\":\"https:\/\/www.estrategiaconcursos.com.br\/blog\/\",\"logo\":{\"@type\":\"ImageObject\",\"inLanguage\":\"pt-BR\",\"@id\":\"https:\/\/www.estrategiaconcursos.com.br\/blog\/#\/schema\/logo\/image\/\",\"url\":\"https:\/\/dhg1h5j42swfq.cloudfront.net\/2025\/06\/03203428\/logo_concursos-1.jpg\",\"contentUrl\":\"https:\/\/dhg1h5j42swfq.cloudfront.net\/2025\/06\/03203428\/logo_concursos-1.jpg\",\"width\":230,\"height\":60,\"caption\":\"Estrat\u00e9gia Concursos\"},\"image\":{\"@id\":\"https:\/\/www.estrategiaconcursos.com.br\/blog\/#\/schema\/logo\/image\/\"},\"sameAs\":[\"https:\/\/x.com\/EstratConcursos\"]},{\"@type\":\"Person\",\"@id\":\"https:\/\/www.estrategiaconcursos.com.br\/blog\/#\/schema\/person\/aa39cf5ddb518e5bdce27c35788405e2\",\"name\":\"Ricardo Torques\",\"image\":{\"@type\":\"ImageObject\",\"inLanguage\":\"pt-BR\",\"@id\":\"https:\/\/secure.gravatar.com\/avatar\/ce9ac6c3cff25fe86d15ed568ebc64d1724baf5c0693133bcb1f6073f712f92a?s=96&d=mm&r=g\",\"url\":\"https:\/\/secure.gravatar.com\/avatar\/ce9ac6c3cff25fe86d15ed568ebc64d1724baf5c0693133bcb1f6073f712f92a?s=96&d=mm&r=g\",\"contentUrl\":\"https:\/\/secure.gravatar.com\/avatar\/ce9ac6c3cff25fe86d15ed568ebc64d1724baf5c0693133bcb1f6073f712f92a?s=96&d=mm&r=g\",\"caption\":\"Ricardo Torques\"},\"sameAs\":[\"https:\/\/www.facebook.com\/ricardo.s.torques\"],\"url\":\"https:\/\/www.estrategiaconcursos.com.br\/blog\/author\/ricardotorquesestrategiaconcursos-com-br\/\"}]}<\/script>\n<!-- \/ Yoast SEO Premium plugin. -->","yoast_head_json":{"title":"Semana come\u00e7a com \u00f3timas oportunidades em Carreiras Jur\u00eddicas","robots":{"index":"index","follow":"follow","max-snippet":"max-snippet:-1","max-image-preview":"max-image-preview:large","max-video-preview":"max-video-preview:-1"},"canonical":"https:\/\/www.estrategiaconcursos.com.br\/blog\/oportunidades-em-carreiras-juridicas\/","og_locale":"pt_BR","og_type":"article","og_title":"Semana come\u00e7a com \u00f3timas oportunidades em Carreiras Jur\u00eddicas","og_description":"\u00c9 muito instigante ver que os \u00f3rg\u00e3os est\u00e3o publicando editais ou iniciando o processo, para ter novos funcion\u00e1rios, melhorar os servi\u00e7os e com isso aumentar o efetivo. \u00c9 claro que isto gera uma sentimento de ansiedade nos concurseiros para realizar o exame ou para que o edital seja publicado. Mas existe uma etapa anterior que [&hellip;]","og_url":"https:\/\/www.estrategiaconcursos.com.br\/blog\/oportunidades-em-carreiras-juridicas\/","og_site_name":"Estrat\u00e9gia Concursos","article_author":"https:\/\/www.facebook.com\/ricardo.s.torques","article_published_time":"2019-12-16T11:00:51+00:00","article_modified_time":"2019-12-16T11:18:44+00:00","og_image":[{"width":1200,"height":628,"url":"https:\/\/dhg1h5j42swfq.cloudfront.net\/2019\/12\/03091614\/WhatsApp-Image-2019-12-03-at-09.15.25.jpeg","type":"image\/jpeg"}],"author":"Ricardo Torques","twitter_card":"summary_large_image","twitter_creator":"@EstratConcursos","twitter_site":"@EstratConcursos","twitter_misc":{"Escrito por":"Ricardo Torques","Est. tempo de leitura":"2 minutos"},"schema":{"@context":"https:\/\/schema.org","@graph":[{"@type":"NewsArticle","@id":"https:\/\/www.estrategiaconcursos.com.br\/blog\/oportunidades-em-carreiras-juridicas\/#article","isPartOf":{"@id":"https:\/\/www.estrategiaconcursos.com.br\/blog\/oportunidades-em-carreiras-juridicas\/"},"author":{"name":"Ricardo Torques","@id":"https:\/\/www.estrategiaconcursos.com.br\/blog\/#\/schema\/person\/aa39cf5ddb518e5bdce27c35788405e2"},"headline":"Semana come\u00e7a com \u00f3timas oportunidades em Carreiras Jur\u00eddicas","datePublished":"2019-12-16T11:00:51+00:00","dateModified":"2019-12-16T11:18:44+00:00","mainEntityOfPage":{"@id":"https:\/\/www.estrategiaconcursos.com.br\/blog\/oportunidades-em-carreiras-juridicas\/"},"wordCount":490,"commentCount":0,"publisher":{"@id":"https:\/\/www.estrategiaconcursos.com.br\/blog\/#organization"},"image":{"@id":"https:\/\/www.estrategiaconcursos.com.br\/blog\/oportunidades-em-carreiras-juridicas\/#primaryimage"},"thumbnailUrl":"https:\/\/dhg1h5j42swfq.cloudfront.net\/2019\/12\/03091614\/WhatsApp-Image-2019-12-03-at-09.15.25.jpeg","articleSection":["Concursos P\u00fablicos"],"inLanguage":"pt-BR","potentialAction":[{"@type":"CommentAction","name":"Comment","target":["https:\/\/www.estrategiaconcursos.com.br\/blog\/oportunidades-em-carreiras-juridicas\/#respond"]}],"copyrightYear":"2019","copyrightHolder":{"@id":"https:\/\/www.estrategiaconcursos.com.br\/blog\/#organization"}},{"@type":"WebPage","@id":"https:\/\/www.estrategiaconcursos.com.br\/blog\/oportunidades-em-carreiras-juridicas\/","url":"https:\/\/www.estrategiaconcursos.com.br\/blog\/oportunidades-em-carreiras-juridicas\/","name":"Semana come\u00e7a com \u00f3timas oportunidades em Carreiras Jur\u00eddicas","isPartOf":{"@id":"https:\/\/www.estrategiaconcursos.com.br\/blog\/#website"},"primaryImageOfPage":{"@id":"https:\/\/www.estrategiaconcursos.com.br\/blog\/oportunidades-em-carreiras-juridicas\/#primaryimage"},"image":{"@id":"https:\/\/www.estrategiaconcursos.com.br\/blog\/oportunidades-em-carreiras-juridicas\/#primaryimage"},"thumbnailUrl":"https:\/\/dhg1h5j42swfq.cloudfront.net\/2019\/12\/03091614\/WhatsApp-Image-2019-12-03-at-09.15.25.jpeg","datePublished":"2019-12-16T11:00:51+00:00","dateModified":"2019-12-16T11:18:44+00:00","breadcrumb":{"@id":"https:\/\/www.estrategiaconcursos.com.br\/blog\/oportunidades-em-carreiras-juridicas\/#breadcrumb"},"inLanguage":"pt-BR","potentialAction":[{"@type":"ReadAction","target":["https:\/\/www.estrategiaconcursos.com.br\/blog\/oportunidades-em-carreiras-juridicas\/"]}]},{"@type":"ImageObject","inLanguage":"pt-BR","@id":"https:\/\/www.estrategiaconcursos.com.br\/blog\/oportunidades-em-carreiras-juridicas\/#primaryimage","url":"https:\/\/dhg1h5j42swfq.cloudfront.net\/2019\/12\/03091614\/WhatsApp-Image-2019-12-03-at-09.15.25.jpeg","contentUrl":"https:\/\/dhg1h5j42swfq.cloudfront.net\/2019\/12\/03091614\/WhatsApp-Image-2019-12-03-at-09.15.25.jpeg","width":1200,"height":628,"caption":"carreiras jur\u00eddicas"},{"@type":"BreadcrumbList","@id":"https:\/\/www.estrategiaconcursos.com.br\/blog\/oportunidades-em-carreiras-juridicas\/#breadcrumb","itemListElement":[{"@type":"ListItem","position":1,"name":"In\u00edcio","item":"https:\/\/www.estrategiaconcursos.com.br\/blog\/"},{"@type":"ListItem","position":2,"name":"Semana come\u00e7a com \u00f3timas oportunidades em Carreiras Jur\u00eddicas"}]},{"@type":"WebSite","@id":"https:\/\/www.estrategiaconcursos.com.br\/blog\/#website","url":"https:\/\/www.estrategiaconcursos.com.br\/blog\/","name":"Estrat\u00e9gia Concursos","description":"O blog da Estrat\u00e9gia Concursos traz not\u00edcias sobre concursos e artigos de professores oferecendo cursos para concursos (pdf + videaulas) no site.","publisher":{"@id":"https:\/\/www.estrategiaconcursos.com.br\/blog\/#organization"},"potentialAction":[{"@type":"SearchAction","target":{"@type":"EntryPoint","urlTemplate":"https:\/\/www.estrategiaconcursos.com.br\/blog\/?s={search_term_string}"},"query-input":{"@type":"PropertyValueSpecification","valueRequired":true,"valueName":"search_term_string"}}],"inLanguage":"pt-BR"},{"@type":"Organization","@id":"https:\/\/www.estrategiaconcursos.com.br\/blog\/#organization","name":"Estrat\u00e9gia Concursos","url":"https:\/\/www.estrategiaconcursos.com.br\/blog\/","logo":{"@type":"ImageObject","inLanguage":"pt-BR","@id":"https:\/\/www.estrategiaconcursos.com.br\/blog\/#\/schema\/logo\/image\/","url":"https:\/\/dhg1h5j42swfq.cloudfront.net\/2025\/06\/03203428\/logo_concursos-1.jpg","contentUrl":"https:\/\/dhg1h5j42swfq.cloudfront.net\/2025\/06\/03203428\/logo_concursos-1.jpg","width":230,"height":60,"caption":"Estrat\u00e9gia Concursos"},"image":{"@id":"https:\/\/www.estrategiaconcursos.com.br\/blog\/#\/schema\/logo\/image\/"},"sameAs":["https:\/\/x.com\/EstratConcursos"]},{"@type":"Person","@id":"https:\/\/www.estrategiaconcursos.com.br\/blog\/#\/schema\/person\/aa39cf5ddb518e5bdce27c35788405e2","name":"Ricardo Torques","image":{"@type":"ImageObject","inLanguage":"pt-BR","@id":"https:\/\/secure.gravatar.com\/avatar\/ce9ac6c3cff25fe86d15ed568ebc64d1724baf5c0693133bcb1f6073f712f92a?s=96&d=mm&r=g","url":"https:\/\/secure.gravatar.com\/avatar\/ce9ac6c3cff25fe86d15ed568ebc64d1724baf5c0693133bcb1f6073f712f92a?s=96&d=mm&r=g","contentUrl":"https:\/\/secure.gravatar.com\/avatar\/ce9ac6c3cff25fe86d15ed568ebc64d1724baf5c0693133bcb1f6073f712f92a?s=96&d=mm&r=g","caption":"Ricardo Torques"},"sameAs":["https:\/\/www.facebook.com\/ricardo.s.torques"],"url":"https:\/\/www.estrategiaconcursos.com.br\/blog\/author\/ricardotorquesestrategiaconcursos-com-br\/"}]}},"_links":{"self":[{"href":"https:\/\/www.estrategiaconcursos.com.br\/blog\/wp-json\/wp\/v2\/posts\/458583","targetHints":{"allow":["GET"]}}],"collection":[{"href":"https:\/\/www.estrategiaconcursos.com.br\/blog\/wp-json\/wp\/v2\/posts"}],"about":[{"href":"https:\/\/www.estrategiaconcursos.com.br\/blog\/wp-json\/wp\/v2\/types\/post"}],"author":[{"embeddable":true,"href":"https:\/\/www.estrategiaconcursos.com.br\/blog\/wp-json\/wp\/v2\/users\/180"}],"replies":[{"embeddable":true,"href":"https:\/\/www.estrategiaconcursos.com.br\/blog\/wp-json\/wp\/v2\/comments?post=458583"}],"version-history":[{"count":10,"href":"https:\/\/www.estrategiaconcursos.com.br\/blog\/wp-json\/wp\/v2\/posts\/458583\/revisions"}],"predecessor-version":[{"id":460288,"href":"https:\/\/www.estrategiaconcursos.com.br\/blog\/wp-json\/wp\/v2\/posts\/458583\/revisions\/460288"}],"wp:featuredmedia":[{"embeddable":true,"href":"https:\/\/www.estrategiaconcursos.com.br\/blog\/wp-json\/wp\/v2\/media\/454590"}],"wp:attachment":[{"href":"https:\/\/www.estrategiaconcursos.com.br\/blog\/wp-json\/wp\/v2\/media?parent=458583"}],"wp:term":[{"taxonomy":"category","embeddable":true,"href":"https:\/\/www.estrategiaconcursos.com.br\/blog\/wp-json\/wp\/v2\/categories?post=458583"},{"taxonomy":"post_tag","embeddable":true,"href":"https:\/\/www.estrategiaconcursos.com.br\/blog\/wp-json\/wp\/v2\/tags?post=458583"},{"taxonomy":"tax_estado","embeddable":true,"href":"https:\/\/www.estrategiaconcursos.com.br\/blog\/wp-json\/wp\/v2\/tax_estado?post=458583"}],"curies":[{"name":"wp","href":"https:\/\/api.w.org\/{rel}","templated":true}]}}