{"id":458525,"date":"2019-12-10T16:30:47","date_gmt":"2019-12-10T19:30:47","guid":{"rendered":"https:\/\/www.estrategiaconcursos.com.br\/blog\/?p=458525"},"modified":"2019-12-10T16:30:51","modified_gmt":"2019-12-10T19:30:51","slug":"edital-do-novo-concurso-mp-ce-deve-sair-ate-o-fim-do-ano","status":"publish","type":"post","link":"https:\/\/www.estrategiaconcursos.com.br\/blog\/edital-do-novo-concurso-mp-ce-deve-sair-ate-o-fim-do-ano\/","title":{"rendered":"Edital do novo concurso MP CE deve sair at\u00e9 o fim do ano"},"content":{"rendered":"\n<h2 class=\"wp-block-heading\">Concurso MP CE ter\u00e1 29 vagas para cargos de N\u00edvel M\u00e9dio e Superior<\/h2>\n\n\n\n<p>Com banca definida (Cebraspe), o novo concurso do Minist\u00e9rio P\u00fablico do Cear\u00e1 deve ter seu edital lan\u00e7ado at\u00e9 o fim deste ano. O certame ter\u00e1 29 vagas imediatas para os cargos de T\u00e9cnico Ministerial e Analista Ministerial.<\/p>\n\n\n\n<p>De acordo com o \u00f3rg\u00e3o, do total de vagas, <strong>12 <\/strong>ser\u00e3o para o cargo de T\u00e9cnico Ministerial, de N\u00edvel M\u00e9dio, e <strong>17<\/strong> para Analista Ministerial, de N\u00edvel Superior.  As oportunidades para Analista ser\u00e3o distribu\u00eddas em <strong>8 especialidades<\/strong>:<\/p>\n\n\n\n<ul class=\"wp-block-list\"><li>Administra\u00e7\u00e3o: 1 vaga<\/li><li> Biblioteconomia:  1 vaga<\/li><li> Ci\u00eancias Cont\u00e1beis:  6 vagas<\/li><li> Ci\u00eancias da Computa\u00e7\u00e3o:  CR<\/li><li> Direito: 1 vaga<\/li><li> Engenharia Civil: 4 vagas<\/li><li> Psicologia:  2 vagas<\/li><li> Servi\u00e7o Social:  2 vagas<\/li><\/ul>\n\n\n\n<p>O certame ter\u00e1 prova objetiva e discursiva para todos os cargos, al\u00e9m de avalia\u00e7\u00e3o de t\u00edtulos para os cargos de n\u00edvel superior. A prova  objetiva ter\u00e1 <strong>120 itens<\/strong>, seguindo o <em>M\u00e9todo Cespe<\/em>, das quais 50 ser\u00e3o de Conhecimentos B\u00e1sicos e 70 de Conhecimentos Espec\u00edficos. <\/p>\n\n\n\n<p style=\"font-size:23px;text-align:center\" class=\"has-background has-pale-cyan-blue-background-color\"><strong><em>Mais informa\u00e7\u00f5es: <\/em><\/strong><a href=\"https:\/\/www.estrategiaconcursos.com.br\/blog\/concurso-mp-ce-servidor\/\"><strong><em>concurso MP CE Servidor<\/em><\/strong><\/a><\/p>\n\n\n\n<p style=\"font-size:22px;text-align:center\" class=\"has-background has-luminous-vivid-amber-background-color\"><em><a href=\"https:\/\/www.estrategiaconcursos.com.br\/cursosPorConcurso\/ministerio-publico-do-estado-do-ceara-mp-ce\/\">CURSOS&nbsp;&nbsp;MP CE<\/a><\/em><\/p>\n\n\n\n<p style=\"text-align:center\" class=\"has-medium-font-size\"><em><strong>Assinatura Anual Ilimitada*<\/strong><\/em><\/p>\n\n\n\n<p style=\"text-align:center\"><em>Prepare-se com o melhor material e com quem mais aprova em&nbsp;Concursos P\u00fablicos de todo o pa\u00eds. Assine agora a nossa Assinatura Anual e tenha acesso ilimitado* a todos os nossos cursos.<\/em><\/p>\n\n\n\n<p style=\"text-align:center\" class=\"has-background has-medium-font-size has-light-green-cyan-background-color\"><strong>ASSINE AGORA<\/strong>&nbsp;\u2013&nbsp;<strong><a rel=\"noreferrer noopener\" href=\"https:\/\/www.estrategiaconcursos.com.br\/assinaturas\" target=\"_blank\">Assinatura Ilimitada<\/a><\/strong><\/p>\n\n\n\n<p style=\"text-align:center\" class=\"has-text-color has-background has-medium-font-size has-very-dark-gray-color has-pale-cyan-blue-background-color\"><strong><a href=\"https:\/\/www.estrategiaconcursos.com.br\/blog\/concursos-abertos\/\">CONCURSOS ABERTOS<\/a><\/strong><\/p>\n\n\n\n<p style=\"text-align:center\" class=\"has-text-color has-background has-medium-font-size has-very-dark-gray-color has-pale-cyan-blue-background-color\"><a href=\"https:\/\/www.estrategiaconcursos.com.br\/blog\/concursos-2019\/\"><strong>CONCURSOS 2019<\/strong><\/a><\/p>\n\n\n\n<p style=\"text-align:center\" class=\"has-text-color has-background has-medium-font-size has-very-dark-gray-color has-pale-cyan-blue-background-color\"><a href=\"https:\/\/www.estrategiaconcursos.com.br\/blog\/concursos-2020\/\"><strong>CONCURSOS<\/strong><\/a><strong><a href=\"https:\/\/www.estrategiaconcursos.com.br\/blog\/concursos-2020\/\">&nbsp;2020<\/a><\/strong><\/p>\n","protected":false},"excerpt":{"rendered":"<p>Concurso MP CE ter\u00e1 29 vagas para cargos de N\u00edvel M\u00e9dio e Superior Com banca definida (Cebraspe), o novo concurso do Minist\u00e9rio P\u00fablico do Cear\u00e1 deve ter seu edital lan\u00e7ado at\u00e9 o fim deste ano. O certame ter\u00e1 29 vagas imediatas para os cargos de T\u00e9cnico Ministerial e Analista Ministerial. De acordo com o \u00f3rg\u00e3o, [&hellip;]<\/p>\n","protected":false},"author":93,"featured_media":113574,"comment_status":"open","ping_status":"closed","sticky":false,"template":"","format":"standard","meta":{"post_tipo":"article","footnotes":""},"categories":[1,1984],"tags":[],"tax_estado":[],"class_list":["post-458525","post","type-post","status-publish","format-standard","has-post-thumbnail","hentry","category-cursos-e-concursos","category-tribunais"],"acf":[],"yoast_head":"<!-- This site is optimized with the Yoast SEO Premium plugin v27.2 (Yoast SEO v27.2) - https:\/\/yoast.com\/product\/yoast-seo-premium-wordpress\/ -->\n<title>Edital do novo concurso MP CE deve sair at\u00e9 o fim do ano<\/title>\n<meta name=\"robots\" content=\"index, follow, max-snippet:-1, max-image-preview:large, max-video-preview:-1\" \/>\n<link rel=\"canonical\" href=\"https:\/\/www.estrategiaconcursos.com.br\/blog\/edital-do-novo-concurso-mp-ce-deve-sair-ate-o-fim-do-ano\/\" \/>\n<meta property=\"og:locale\" content=\"pt_BR\" \/>\n<meta property=\"og:type\" content=\"article\" \/>\n<meta property=\"og:title\" content=\"Edital do novo concurso MP CE deve sair at\u00e9 o fim do ano\" \/>\n<meta property=\"og:description\" content=\"Concurso MP CE ter\u00e1 29 vagas para cargos de N\u00edvel M\u00e9dio e Superior Com banca definida (Cebraspe), o novo concurso do Minist\u00e9rio P\u00fablico do Cear\u00e1 deve ter seu edital lan\u00e7ado at\u00e9 o fim deste ano. O certame ter\u00e1 29 vagas imediatas para os cargos de T\u00e9cnico Ministerial e Analista Ministerial. De acordo com o \u00f3rg\u00e3o, [&hellip;]\" \/>\n<meta property=\"og:url\" content=\"https:\/\/www.estrategiaconcursos.com.br\/blog\/edital-do-novo-concurso-mp-ce-deve-sair-ate-o-fim-do-ano\/\" \/>\n<meta property=\"og:site_name\" content=\"Estrat\u00e9gia Concursos\" \/>\n<meta property=\"article:published_time\" content=\"2019-12-10T19:30:47+00:00\" \/>\n<meta property=\"article:modified_time\" content=\"2019-12-10T19:30:51+00:00\" \/>\n<meta property=\"og:image\" content=\"https:\/\/dhg1h5j42swfq.cloudfront.net\/2018\/03\/27101655\/MP-CE6-e1565721091265.jpg\" \/>\n\t<meta property=\"og:image:width\" content=\"400\" \/>\n\t<meta property=\"og:image:height\" content=\"209\" \/>\n\t<meta property=\"og:image:type\" content=\"image\/jpeg\" \/>\n<meta name=\"author\" content=\"Vinicius Silva\" \/>\n<meta name=\"twitter:card\" content=\"summary_large_image\" \/>\n<meta name=\"twitter:creator\" content=\"@EstratConcursos\" \/>\n<meta name=\"twitter:site\" content=\"@EstratConcursos\" \/>\n<meta name=\"twitter:label1\" content=\"Escrito por\" \/>\n\t<meta name=\"twitter:data1\" content=\"Vinicius Silva\" \/>\n\t<meta name=\"twitter:label2\" content=\"Est. tempo de leitura\" \/>\n\t<meta name=\"twitter:data2\" content=\"1 minuto\" \/>\n<script type=\"application\/ld+json\" class=\"yoast-schema-graph\">{\"@context\":\"https:\/\/schema.org\",\"@graph\":[{\"@type\":\"NewsArticle\",\"@id\":\"https:\/\/www.estrategiaconcursos.com.br\/blog\/edital-do-novo-concurso-mp-ce-deve-sair-ate-o-fim-do-ano\/#article\",\"isPartOf\":{\"@id\":\"https:\/\/www.estrategiaconcursos.com.br\/blog\/edital-do-novo-concurso-mp-ce-deve-sair-ate-o-fim-do-ano\/\"},\"author\":{\"name\":\"Vinicius Silva\",\"@id\":\"https:\/\/www.estrategiaconcursos.com.br\/blog\/#\/schema\/person\/20030622a981f9a942ad6b3561fe4ca4\"},\"headline\":\"Edital do novo concurso MP CE deve sair at\u00e9 o fim do ano\",\"datePublished\":\"2019-12-10T19:30:47+00:00\",\"dateModified\":\"2019-12-10T19:30:51+00:00\",\"mainEntityOfPage\":{\"@id\":\"https:\/\/www.estrategiaconcursos.com.br\/blog\/edital-do-novo-concurso-mp-ce-deve-sair-ate-o-fim-do-ano\/\"},\"wordCount\":246,\"commentCount\":0,\"publisher\":{\"@id\":\"https:\/\/www.estrategiaconcursos.com.br\/blog\/#organization\"},\"image\":{\"@id\":\"https:\/\/www.estrategiaconcursos.com.br\/blog\/edital-do-novo-concurso-mp-ce-deve-sair-ate-o-fim-do-ano\/#primaryimage\"},\"thumbnailUrl\":\"https:\/\/dhg1h5j42swfq.cloudfront.net\/2018\/03\/27101655\/MP-CE6-e1565721091265.jpg\",\"articleSection\":[\"Concursos P\u00fablicos\",\"Tribunais\"],\"inLanguage\":\"pt-BR\",\"potentialAction\":[{\"@type\":\"CommentAction\",\"name\":\"Comment\",\"target\":[\"https:\/\/www.estrategiaconcursos.com.br\/blog\/edital-do-novo-concurso-mp-ce-deve-sair-ate-o-fim-do-ano\/#respond\"]}],\"copyrightYear\":\"2019\",\"copyrightHolder\":{\"@id\":\"https:\/\/www.estrategiaconcursos.com.br\/blog\/#organization\"}},{\"@type\":\"WebPage\",\"@id\":\"https:\/\/www.estrategiaconcursos.com.br\/blog\/edital-do-novo-concurso-mp-ce-deve-sair-ate-o-fim-do-ano\/\",\"url\":\"https:\/\/www.estrategiaconcursos.com.br\/blog\/edital-do-novo-concurso-mp-ce-deve-sair-ate-o-fim-do-ano\/\",\"name\":\"Edital do novo concurso MP CE deve sair at\u00e9 o fim do ano\",\"isPartOf\":{\"@id\":\"https:\/\/www.estrategiaconcursos.com.br\/blog\/#website\"},\"primaryImageOfPage\":{\"@id\":\"https:\/\/www.estrategiaconcursos.com.br\/blog\/edital-do-novo-concurso-mp-ce-deve-sair-ate-o-fim-do-ano\/#primaryimage\"},\"image\":{\"@id\":\"https:\/\/www.estrategiaconcursos.com.br\/blog\/edital-do-novo-concurso-mp-ce-deve-sair-ate-o-fim-do-ano\/#primaryimage\"},\"thumbnailUrl\":\"https:\/\/dhg1h5j42swfq.cloudfront.net\/2018\/03\/27101655\/MP-CE6-e1565721091265.jpg\",\"datePublished\":\"2019-12-10T19:30:47+00:00\",\"dateModified\":\"2019-12-10T19:30:51+00:00\",\"breadcrumb\":{\"@id\":\"https:\/\/www.estrategiaconcursos.com.br\/blog\/edital-do-novo-concurso-mp-ce-deve-sair-ate-o-fim-do-ano\/#breadcrumb\"},\"inLanguage\":\"pt-BR\",\"potentialAction\":[{\"@type\":\"ReadAction\",\"target\":[\"https:\/\/www.estrategiaconcursos.com.br\/blog\/edital-do-novo-concurso-mp-ce-deve-sair-ate-o-fim-do-ano\/\"]}]},{\"@type\":\"ImageObject\",\"inLanguage\":\"pt-BR\",\"@id\":\"https:\/\/www.estrategiaconcursos.com.br\/blog\/edital-do-novo-concurso-mp-ce-deve-sair-ate-o-fim-do-ano\/#primaryimage\",\"url\":\"https:\/\/dhg1h5j42swfq.cloudfront.net\/2018\/03\/27101655\/MP-CE6-e1565721091265.jpg\",\"contentUrl\":\"https:\/\/dhg1h5j42swfq.cloudfront.net\/2018\/03\/27101655\/MP-CE6-e1565721091265.jpg\",\"width\":400,\"height\":209,\"caption\":\"concurso mp ce\"},{\"@type\":\"BreadcrumbList\",\"@id\":\"https:\/\/www.estrategiaconcursos.com.br\/blog\/edital-do-novo-concurso-mp-ce-deve-sair-ate-o-fim-do-ano\/#breadcrumb\",\"itemListElement\":[{\"@type\":\"ListItem\",\"position\":1,\"name\":\"In\u00edcio\",\"item\":\"https:\/\/www.estrategiaconcursos.com.br\/blog\/\"},{\"@type\":\"ListItem\",\"position\":2,\"name\":\"Edital do novo concurso MP CE deve sair at\u00e9 o fim do ano\"}]},{\"@type\":\"WebSite\",\"@id\":\"https:\/\/www.estrategiaconcursos.com.br\/blog\/#website\",\"url\":\"https:\/\/www.estrategiaconcursos.com.br\/blog\/\",\"name\":\"Estrat\u00e9gia Concursos\",\"description\":\"O blog da Estrat\u00e9gia Concursos traz not\u00edcias sobre concursos e artigos de professores oferecendo cursos para concursos (pdf + videaulas) no site.\",\"publisher\":{\"@id\":\"https:\/\/www.estrategiaconcursos.com.br\/blog\/#organization\"},\"potentialAction\":[{\"@type\":\"SearchAction\",\"target\":{\"@type\":\"EntryPoint\",\"urlTemplate\":\"https:\/\/www.estrategiaconcursos.com.br\/blog\/?s={search_term_string}\"},\"query-input\":{\"@type\":\"PropertyValueSpecification\",\"valueRequired\":true,\"valueName\":\"search_term_string\"}}],\"inLanguage\":\"pt-BR\"},{\"@type\":\"Organization\",\"@id\":\"https:\/\/www.estrategiaconcursos.com.br\/blog\/#organization\",\"name\":\"Estrat\u00e9gia Concursos\",\"url\":\"https:\/\/www.estrategiaconcursos.com.br\/blog\/\",\"logo\":{\"@type\":\"ImageObject\",\"inLanguage\":\"pt-BR\",\"@id\":\"https:\/\/www.estrategiaconcursos.com.br\/blog\/#\/schema\/logo\/image\/\",\"url\":\"https:\/\/dhg1h5j42swfq.cloudfront.net\/2025\/06\/03203428\/logo_concursos-1.jpg\",\"contentUrl\":\"https:\/\/dhg1h5j42swfq.cloudfront.net\/2025\/06\/03203428\/logo_concursos-1.jpg\",\"width\":230,\"height\":60,\"caption\":\"Estrat\u00e9gia Concursos\"},\"image\":{\"@id\":\"https:\/\/www.estrategiaconcursos.com.br\/blog\/#\/schema\/logo\/image\/\"},\"sameAs\":[\"https:\/\/x.com\/EstratConcursos\"]},{\"@type\":\"Person\",\"@id\":\"https:\/\/www.estrategiaconcursos.com.br\/blog\/#\/schema\/person\/20030622a981f9a942ad6b3561fe4ca4\",\"name\":\"Vinicius Silva\",\"image\":{\"@type\":\"ImageObject\",\"inLanguage\":\"pt-BR\",\"@id\":\"https:\/\/secure.gravatar.com\/avatar\/604d9670a4c7eea71feaa4381f3ae97e148292ac402671c5944aa67a3d127663?s=96&d=mm&r=g\",\"url\":\"https:\/\/secure.gravatar.com\/avatar\/604d9670a4c7eea71feaa4381f3ae97e148292ac402671c5944aa67a3d127663?s=96&d=mm&r=g\",\"contentUrl\":\"https:\/\/secure.gravatar.com\/avatar\/604d9670a4c7eea71feaa4381f3ae97e148292ac402671c5944aa67a3d127663?s=96&d=mm&r=g\",\"caption\":\"Vinicius Silva\"},\"url\":\"https:\/\/www.estrategiaconcursos.com.br\/blog\/author\/viniciussilvaestrategiaconcursos-com-br\/\"}]}<\/script>\n<!-- \/ Yoast SEO Premium plugin. -->","yoast_head_json":{"title":"Edital do novo concurso MP CE deve sair at\u00e9 o fim do ano","robots":{"index":"index","follow":"follow","max-snippet":"max-snippet:-1","max-image-preview":"max-image-preview:large","max-video-preview":"max-video-preview:-1"},"canonical":"https:\/\/www.estrategiaconcursos.com.br\/blog\/edital-do-novo-concurso-mp-ce-deve-sair-ate-o-fim-do-ano\/","og_locale":"pt_BR","og_type":"article","og_title":"Edital do novo concurso MP CE deve sair at\u00e9 o fim do ano","og_description":"Concurso MP CE ter\u00e1 29 vagas para cargos de N\u00edvel M\u00e9dio e Superior Com banca definida (Cebraspe), o novo concurso do Minist\u00e9rio P\u00fablico do Cear\u00e1 deve ter seu edital lan\u00e7ado at\u00e9 o fim deste ano. O certame ter\u00e1 29 vagas imediatas para os cargos de T\u00e9cnico Ministerial e Analista Ministerial. De acordo com o \u00f3rg\u00e3o, [&hellip;]","og_url":"https:\/\/www.estrategiaconcursos.com.br\/blog\/edital-do-novo-concurso-mp-ce-deve-sair-ate-o-fim-do-ano\/","og_site_name":"Estrat\u00e9gia Concursos","article_published_time":"2019-12-10T19:30:47+00:00","article_modified_time":"2019-12-10T19:30:51+00:00","og_image":[{"width":400,"height":209,"url":"https:\/\/dhg1h5j42swfq.cloudfront.net\/2018\/03\/27101655\/MP-CE6-e1565721091265.jpg","type":"image\/jpeg"}],"author":"Vinicius Silva","twitter_card":"summary_large_image","twitter_creator":"@EstratConcursos","twitter_site":"@EstratConcursos","twitter_misc":{"Escrito por":"Vinicius Silva","Est. tempo de leitura":"1 minuto"},"schema":{"@context":"https:\/\/schema.org","@graph":[{"@type":"NewsArticle","@id":"https:\/\/www.estrategiaconcursos.com.br\/blog\/edital-do-novo-concurso-mp-ce-deve-sair-ate-o-fim-do-ano\/#article","isPartOf":{"@id":"https:\/\/www.estrategiaconcursos.com.br\/blog\/edital-do-novo-concurso-mp-ce-deve-sair-ate-o-fim-do-ano\/"},"author":{"name":"Vinicius Silva","@id":"https:\/\/www.estrategiaconcursos.com.br\/blog\/#\/schema\/person\/20030622a981f9a942ad6b3561fe4ca4"},"headline":"Edital do novo concurso MP CE deve sair at\u00e9 o fim do ano","datePublished":"2019-12-10T19:30:47+00:00","dateModified":"2019-12-10T19:30:51+00:00","mainEntityOfPage":{"@id":"https:\/\/www.estrategiaconcursos.com.br\/blog\/edital-do-novo-concurso-mp-ce-deve-sair-ate-o-fim-do-ano\/"},"wordCount":246,"commentCount":0,"publisher":{"@id":"https:\/\/www.estrategiaconcursos.com.br\/blog\/#organization"},"image":{"@id":"https:\/\/www.estrategiaconcursos.com.br\/blog\/edital-do-novo-concurso-mp-ce-deve-sair-ate-o-fim-do-ano\/#primaryimage"},"thumbnailUrl":"https:\/\/dhg1h5j42swfq.cloudfront.net\/2018\/03\/27101655\/MP-CE6-e1565721091265.jpg","articleSection":["Concursos P\u00fablicos","Tribunais"],"inLanguage":"pt-BR","potentialAction":[{"@type":"CommentAction","name":"Comment","target":["https:\/\/www.estrategiaconcursos.com.br\/blog\/edital-do-novo-concurso-mp-ce-deve-sair-ate-o-fim-do-ano\/#respond"]}],"copyrightYear":"2019","copyrightHolder":{"@id":"https:\/\/www.estrategiaconcursos.com.br\/blog\/#organization"}},{"@type":"WebPage","@id":"https:\/\/www.estrategiaconcursos.com.br\/blog\/edital-do-novo-concurso-mp-ce-deve-sair-ate-o-fim-do-ano\/","url":"https:\/\/www.estrategiaconcursos.com.br\/blog\/edital-do-novo-concurso-mp-ce-deve-sair-ate-o-fim-do-ano\/","name":"Edital do novo concurso MP CE deve sair at\u00e9 o fim do ano","isPartOf":{"@id":"https:\/\/www.estrategiaconcursos.com.br\/blog\/#website"},"primaryImageOfPage":{"@id":"https:\/\/www.estrategiaconcursos.com.br\/blog\/edital-do-novo-concurso-mp-ce-deve-sair-ate-o-fim-do-ano\/#primaryimage"},"image":{"@id":"https:\/\/www.estrategiaconcursos.com.br\/blog\/edital-do-novo-concurso-mp-ce-deve-sair-ate-o-fim-do-ano\/#primaryimage"},"thumbnailUrl":"https:\/\/dhg1h5j42swfq.cloudfront.net\/2018\/03\/27101655\/MP-CE6-e1565721091265.jpg","datePublished":"2019-12-10T19:30:47+00:00","dateModified":"2019-12-10T19:30:51+00:00","breadcrumb":{"@id":"https:\/\/www.estrategiaconcursos.com.br\/blog\/edital-do-novo-concurso-mp-ce-deve-sair-ate-o-fim-do-ano\/#breadcrumb"},"inLanguage":"pt-BR","potentialAction":[{"@type":"ReadAction","target":["https:\/\/www.estrategiaconcursos.com.br\/blog\/edital-do-novo-concurso-mp-ce-deve-sair-ate-o-fim-do-ano\/"]}]},{"@type":"ImageObject","inLanguage":"pt-BR","@id":"https:\/\/www.estrategiaconcursos.com.br\/blog\/edital-do-novo-concurso-mp-ce-deve-sair-ate-o-fim-do-ano\/#primaryimage","url":"https:\/\/dhg1h5j42swfq.cloudfront.net\/2018\/03\/27101655\/MP-CE6-e1565721091265.jpg","contentUrl":"https:\/\/dhg1h5j42swfq.cloudfront.net\/2018\/03\/27101655\/MP-CE6-e1565721091265.jpg","width":400,"height":209,"caption":"concurso mp ce"},{"@type":"BreadcrumbList","@id":"https:\/\/www.estrategiaconcursos.com.br\/blog\/edital-do-novo-concurso-mp-ce-deve-sair-ate-o-fim-do-ano\/#breadcrumb","itemListElement":[{"@type":"ListItem","position":1,"name":"In\u00edcio","item":"https:\/\/www.estrategiaconcursos.com.br\/blog\/"},{"@type":"ListItem","position":2,"name":"Edital do novo concurso MP CE deve sair at\u00e9 o fim do ano"}]},{"@type":"WebSite","@id":"https:\/\/www.estrategiaconcursos.com.br\/blog\/#website","url":"https:\/\/www.estrategiaconcursos.com.br\/blog\/","name":"Estrat\u00e9gia Concursos","description":"O blog da Estrat\u00e9gia Concursos traz not\u00edcias sobre concursos e artigos de professores oferecendo cursos para concursos (pdf + videaulas) no site.","publisher":{"@id":"https:\/\/www.estrategiaconcursos.com.br\/blog\/#organization"},"potentialAction":[{"@type":"SearchAction","target":{"@type":"EntryPoint","urlTemplate":"https:\/\/www.estrategiaconcursos.com.br\/blog\/?s={search_term_string}"},"query-input":{"@type":"PropertyValueSpecification","valueRequired":true,"valueName":"search_term_string"}}],"inLanguage":"pt-BR"},{"@type":"Organization","@id":"https:\/\/www.estrategiaconcursos.com.br\/blog\/#organization","name":"Estrat\u00e9gia Concursos","url":"https:\/\/www.estrategiaconcursos.com.br\/blog\/","logo":{"@type":"ImageObject","inLanguage":"pt-BR","@id":"https:\/\/www.estrategiaconcursos.com.br\/blog\/#\/schema\/logo\/image\/","url":"https:\/\/dhg1h5j42swfq.cloudfront.net\/2025\/06\/03203428\/logo_concursos-1.jpg","contentUrl":"https:\/\/dhg1h5j42swfq.cloudfront.net\/2025\/06\/03203428\/logo_concursos-1.jpg","width":230,"height":60,"caption":"Estrat\u00e9gia Concursos"},"image":{"@id":"https:\/\/www.estrategiaconcursos.com.br\/blog\/#\/schema\/logo\/image\/"},"sameAs":["https:\/\/x.com\/EstratConcursos"]},{"@type":"Person","@id":"https:\/\/www.estrategiaconcursos.com.br\/blog\/#\/schema\/person\/20030622a981f9a942ad6b3561fe4ca4","name":"Vinicius Silva","image":{"@type":"ImageObject","inLanguage":"pt-BR","@id":"https:\/\/secure.gravatar.com\/avatar\/604d9670a4c7eea71feaa4381f3ae97e148292ac402671c5944aa67a3d127663?s=96&d=mm&r=g","url":"https:\/\/secure.gravatar.com\/avatar\/604d9670a4c7eea71feaa4381f3ae97e148292ac402671c5944aa67a3d127663?s=96&d=mm&r=g","contentUrl":"https:\/\/secure.gravatar.com\/avatar\/604d9670a4c7eea71feaa4381f3ae97e148292ac402671c5944aa67a3d127663?s=96&d=mm&r=g","caption":"Vinicius Silva"},"url":"https:\/\/www.estrategiaconcursos.com.br\/blog\/author\/viniciussilvaestrategiaconcursos-com-br\/"}]}},"_links":{"self":[{"href":"https:\/\/www.estrategiaconcursos.com.br\/blog\/wp-json\/wp\/v2\/posts\/458525","targetHints":{"allow":["GET"]}}],"collection":[{"href":"https:\/\/www.estrategiaconcursos.com.br\/blog\/wp-json\/wp\/v2\/posts"}],"about":[{"href":"https:\/\/www.estrategiaconcursos.com.br\/blog\/wp-json\/wp\/v2\/types\/post"}],"author":[{"embeddable":true,"href":"https:\/\/www.estrategiaconcursos.com.br\/blog\/wp-json\/wp\/v2\/users\/93"}],"replies":[{"embeddable":true,"href":"https:\/\/www.estrategiaconcursos.com.br\/blog\/wp-json\/wp\/v2\/comments?post=458525"}],"version-history":[{"count":3,"href":"https:\/\/www.estrategiaconcursos.com.br\/blog\/wp-json\/wp\/v2\/posts\/458525\/revisions"}],"predecessor-version":[{"id":458536,"href":"https:\/\/www.estrategiaconcursos.com.br\/blog\/wp-json\/wp\/v2\/posts\/458525\/revisions\/458536"}],"wp:featuredmedia":[{"embeddable":true,"href":"https:\/\/www.estrategiaconcursos.com.br\/blog\/wp-json\/wp\/v2\/media\/113574"}],"wp:attachment":[{"href":"https:\/\/www.estrategiaconcursos.com.br\/blog\/wp-json\/wp\/v2\/media?parent=458525"}],"wp:term":[{"taxonomy":"category","embeddable":true,"href":"https:\/\/www.estrategiaconcursos.com.br\/blog\/wp-json\/wp\/v2\/categories?post=458525"},{"taxonomy":"post_tag","embeddable":true,"href":"https:\/\/www.estrategiaconcursos.com.br\/blog\/wp-json\/wp\/v2\/tags?post=458525"},{"taxonomy":"tax_estado","embeddable":true,"href":"https:\/\/www.estrategiaconcursos.com.br\/blog\/wp-json\/wp\/v2\/tax_estado?post=458525"}],"curies":[{"name":"wp","href":"https:\/\/api.w.org\/{rel}","templated":true}]}}