{"id":458414,"date":"2019-12-10T15:24:12","date_gmt":"2019-12-10T18:24:12","guid":{"rendered":"https:\/\/www.estrategiaconcursos.com.br\/blog\/?p=458414"},"modified":"2019-12-10T15:42:13","modified_gmt":"2019-12-10T18:42:13","slug":"prorrogadas-as-inscricoes-do-concurso-crn-2-rs","status":"publish","type":"post","link":"https:\/\/www.estrategiaconcursos.com.br\/blog\/prorrogadas-as-inscricoes-do-concurso-crn-2-rs\/","title":{"rendered":"Prorrogadas as inscri\u00e7\u00f5es do concurso CRN 2 (RS)"},"content":{"rendered":"\n<p>O Conselho Regional de Nutricionistas da 2\u00aa Regi\u00e3o anunciou nesta ter\u00e7a-feira (10) a prorroga\u00e7\u00e3o das inscri\u00e7\u00f5es para o seu concurso p\u00fablico  com 100 vagas, organizado pelo Instituto Quadrix.<\/p>\n\n\n\n<p>O candidato podera\u0301 realizar as inscri\u00e7\u00f5es no portal do Instituto Quadrix at\u00e9 o dia 12 de dezembro. O pagamento da taxa pode ser feito at\u00e9 o dia 13 de dezembro, por meio de<em> internet bank <\/em>ou em qualquer age\u0302ncia banca\u0301ria, bem como nas lote\u0301ricas e outros estabelecimentos, obedecendo aos crite\u0301rios estabelecidos nesses correspondentes banca\u0301rios.<\/p>\n\n\n\n<p>Valor da taxa:<\/p>\n\n\n\n<p> a) R$ 48,00 (quarenta e oito reais) para os cargos de n\u00edvel m\u00e9dio e n\u00edvel m\u00e9dio\/t\u00e9cnico; e <\/p>\n\n\n\n<p>b) R$ 58,00 (cinquenta e oito reais) para os cargos de n\u00edvel superior <\/p>\n\n\n\n<p>S\u00e3o ofertadas 100 vagas (2 efetivas e 98 para cadastro reserva), para cargos de n\u00edvel m\u00e9dio: Assistente Administrativo e Auxiliar Administrativo; m\u00e9dio\/t\u00e9cnico: Secret\u00e1ria Administrativa; e superior: Nutricionista Fiscal. Os candidatos aprovados e convocados ser\u00e3o lotados nas cidades de Porto Alegre e Santa Maria (RS).<\/p>\n\n\n\n<p>Os sal\u00e1rios variam de R$ 1.566,48 a R$ 4.833,81, acrescidos dos seguintes benef\u00edcios: vale-alimenta\u00e7\u00e3o ou refei\u00e7\u00e3o, no valor de R$ 660,00 (seiscentos e sessenta reais) por me\u0302s com desconto de 10% do valor; plano de sau\u0301de UNIMED (Me\u0301dico) com pagamento de 50% do funciona\u0301rio e 50% do CRN-2; plano de cargos e sala\u0301rios; e vale-transporte. A jornada de trabalho \u00e9 de 40 horas semanais.<\/p>\n\n\n\n<p>A prova objetiva, prevista para o dia 19 de janeiro de 2020, ser\u00e1 composta de 120  itens sobre conhecimentos gerais, complementares e espec\u00edficos de cada cargo. Os candidatos aos cargos de n\u00edvel superior ser\u00e3o submetidos tamb\u00e9m (em data posterior) \u00e0 avalia\u00e7\u00e3o de t\u00edtulos.<\/p>\n\n\n\n<p style=\"text-align:center\" class=\"has-background has-very-light-gray-background-color\"><em><a href=\"https:\/\/www.estrategiaconcursos.com.br\/blog\/concurso-crn2-rs\/\" target=\"_blank\" rel=\"noreferrer noopener\" aria-label=\"Mais informa\u00e7\u00f5es: Concurso CRN 2 (abre numa nova aba)\">Mais informa\u00e7\u00f5es: Concurso CRN 2<\/a><\/em><\/p>\n\n\n\n<p style=\"font-size:23px;text-align:center\" class=\"has-background has-luminous-vivid-amber-background-color\"><strong><a href=\"https:\/\/www.estrategiaconcursos.com.br\/cursosPorConcurso\/conselho-regional-de-nutricionistas-da-2-regiao-crn-2\/\" target=\"_blank\" rel=\"noreferrer noopener\" aria-label=\"CURSOS CRN2 RS (abre numa nova aba)\">CURSOS CRN2 RS<\/a><\/strong><\/p>\n\n\n\n<p style=\"text-align:center\"><em><strong>Assinatura Anual Ilimitada*<\/strong><\/em><\/p>\n\n\n\n<p style=\"text-align:center\"><em>Prepare-se com o melhor material e com quem mais aprova em Concursos P\u00fablicos em todo o pa\u00eds. Assine agora a nossa Assinatura Anual e tenha acesso ilimitado* a todos os nossos cursos.<\/em><\/p>\n\n\n\n<p style=\"font-size:23px;text-align:center\" class=\"has-background has-light-green-cyan-background-color\"><strong>ASSINE AGORA<\/strong>&nbsp;\u2013&nbsp;<strong><a rel=\"noreferrer noopener\" href=\"https:\/\/www.estrategiaconcursos.com.br\/assinaturas\" target=\"_blank\">Assinatura Ilimitada<\/a><\/strong><\/p>\n\n\n\n<p style=\"font-size:23px;text-align:center\" class=\"has-background has-pale-cyan-blue-background-color\"><strong><a href=\"https:\/\/www.estrategiaconcursos.com.br\/blog\/concursos-abertos\/\">CONCURSOS ABERTOS<\/a><\/strong><\/p>\n\n\n\n<p style=\"font-size:23px;text-align:center\" class=\"has-background has-pale-cyan-blue-background-color\"><a href=\"https:\/\/www.estrategiaconcursos.com.br\/blog\/concursos-2019\/\"><strong>CONCURSOS 2019<\/strong><\/a><\/p>\n\n\n\n<p style=\"font-size:23px;text-align:center\" class=\"has-background has-pale-cyan-blue-background-color\"><a href=\"https:\/\/www.estrategiaconcursos.com.br\/blog\/concursos-2020\/\"><strong>CONCURSOS<\/strong><\/a><strong><a href=\"https:\/\/www.estrategiaconcursos.com.br\/blog\/concursos-2020\/\">&nbsp;2020<\/a><\/strong><\/p>\n","protected":false},"excerpt":{"rendered":"<p>O Conselho Regional de Nutricionistas da 2\u00aa Regi\u00e3o anunciou nesta ter\u00e7a-feira (10) a prorroga\u00e7\u00e3o das inscri\u00e7\u00f5es para o seu concurso p\u00fablico com 100 vagas, organizado pelo Instituto Quadrix. O candidato podera\u0301 realizar as inscri\u00e7\u00f5es no portal do Instituto Quadrix at\u00e9 o dia 12 de dezembro. O pagamento da taxa pode ser feito at\u00e9 o dia [&hellip;]<\/p>\n","protected":false},"author":561,"featured_media":458417,"comment_status":"open","ping_status":"closed","sticky":false,"template":"","format":"standard","meta":{"post_tipo":"article","footnotes":""},"categories":[1],"tags":[],"tax_estado":[],"class_list":["post-458414","post","type-post","status-publish","format-standard","has-post-thumbnail","hentry","category-cursos-e-concursos"],"acf":[],"yoast_head":"<!-- This site is optimized with the Yoast SEO Premium plugin v27.2 (Yoast SEO v27.2) - https:\/\/yoast.com\/product\/yoast-seo-premium-wordpress\/ -->\n<title>Prorrogadas as inscri\u00e7\u00f5es do concurso CRN 2 (RS)<\/title>\n<meta name=\"robots\" content=\"index, follow, max-snippet:-1, max-image-preview:large, max-video-preview:-1\" \/>\n<link rel=\"canonical\" href=\"https:\/\/www.estrategiaconcursos.com.br\/blog\/prorrogadas-as-inscricoes-do-concurso-crn-2-rs\/\" \/>\n<meta property=\"og:locale\" content=\"pt_BR\" \/>\n<meta property=\"og:type\" content=\"article\" \/>\n<meta property=\"og:title\" content=\"Prorrogadas as inscri\u00e7\u00f5es do concurso CRN 2 (RS)\" \/>\n<meta property=\"og:description\" content=\"O Conselho Regional de Nutricionistas da 2\u00aa Regi\u00e3o anunciou nesta ter\u00e7a-feira (10) a prorroga\u00e7\u00e3o das inscri\u00e7\u00f5es para o seu concurso p\u00fablico com 100 vagas, organizado pelo Instituto Quadrix. O candidato podera\u0301 realizar as inscri\u00e7\u00f5es no portal do Instituto Quadrix at\u00e9 o dia 12 de dezembro. O pagamento da taxa pode ser feito at\u00e9 o dia [&hellip;]\" \/>\n<meta property=\"og:url\" content=\"https:\/\/www.estrategiaconcursos.com.br\/blog\/prorrogadas-as-inscricoes-do-concurso-crn-2-rs\/\" \/>\n<meta property=\"og:site_name\" content=\"Estrat\u00e9gia Concursos\" \/>\n<meta property=\"article:published_time\" content=\"2019-12-10T18:24:12+00:00\" \/>\n<meta property=\"article:modified_time\" content=\"2019-12-10T18:42:13+00:00\" \/>\n<meta property=\"og:image\" content=\"https:\/\/dhg1h5j42swfq.cloudfront.net\/2019\/12\/10151348\/CRN2.png\" \/>\n\t<meta property=\"og:image:width\" content=\"1200\" \/>\n\t<meta property=\"og:image:height\" content=\"628\" \/>\n\t<meta property=\"og:image:type\" content=\"image\/png\" \/>\n<meta name=\"author\" content=\"Ligia Carvalheiro Fernandes\" \/>\n<meta name=\"twitter:card\" content=\"summary_large_image\" \/>\n<meta name=\"twitter:creator\" content=\"@EstratConcursos\" \/>\n<meta name=\"twitter:site\" content=\"@EstratConcursos\" \/>\n<meta name=\"twitter:label1\" content=\"Escrito por\" \/>\n\t<meta name=\"twitter:data1\" content=\"Ligia Carvalheiro Fernandes\" \/>\n\t<meta name=\"twitter:label2\" content=\"Est. tempo de leitura\" \/>\n\t<meta name=\"twitter:data2\" content=\"2 minutos\" \/>\n<script type=\"application\/ld+json\" class=\"yoast-schema-graph\">{\"@context\":\"https:\/\/schema.org\",\"@graph\":[{\"@type\":\"NewsArticle\",\"@id\":\"https:\/\/www.estrategiaconcursos.com.br\/blog\/prorrogadas-as-inscricoes-do-concurso-crn-2-rs\/#article\",\"isPartOf\":{\"@id\":\"https:\/\/www.estrategiaconcursos.com.br\/blog\/prorrogadas-as-inscricoes-do-concurso-crn-2-rs\/\"},\"author\":{\"name\":\"Ligia Carvalheiro Fernandes\",\"@id\":\"https:\/\/www.estrategiaconcursos.com.br\/blog\/#\/schema\/person\/cc76e9dac392d5e35e7d00c493eee792\"},\"headline\":\"Prorrogadas as inscri\u00e7\u00f5es do concurso CRN 2 (RS)\",\"datePublished\":\"2019-12-10T18:24:12+00:00\",\"dateModified\":\"2019-12-10T18:42:13+00:00\",\"mainEntityOfPage\":{\"@id\":\"https:\/\/www.estrategiaconcursos.com.br\/blog\/prorrogadas-as-inscricoes-do-concurso-crn-2-rs\/\"},\"wordCount\":349,\"commentCount\":0,\"publisher\":{\"@id\":\"https:\/\/www.estrategiaconcursos.com.br\/blog\/#organization\"},\"image\":{\"@id\":\"https:\/\/www.estrategiaconcursos.com.br\/blog\/prorrogadas-as-inscricoes-do-concurso-crn-2-rs\/#primaryimage\"},\"thumbnailUrl\":\"https:\/\/dhg1h5j42swfq.cloudfront.net\/2019\/12\/10151348\/CRN2.png\",\"articleSection\":[\"Concursos P\u00fablicos\"],\"inLanguage\":\"pt-BR\",\"potentialAction\":[{\"@type\":\"CommentAction\",\"name\":\"Comment\",\"target\":[\"https:\/\/www.estrategiaconcursos.com.br\/blog\/prorrogadas-as-inscricoes-do-concurso-crn-2-rs\/#respond\"]}],\"copyrightYear\":\"2019\",\"copyrightHolder\":{\"@id\":\"https:\/\/www.estrategiaconcursos.com.br\/blog\/#organization\"}},{\"@type\":\"WebPage\",\"@id\":\"https:\/\/www.estrategiaconcursos.com.br\/blog\/prorrogadas-as-inscricoes-do-concurso-crn-2-rs\/\",\"url\":\"https:\/\/www.estrategiaconcursos.com.br\/blog\/prorrogadas-as-inscricoes-do-concurso-crn-2-rs\/\",\"name\":\"Prorrogadas as inscri\u00e7\u00f5es do concurso CRN 2 (RS)\",\"isPartOf\":{\"@id\":\"https:\/\/www.estrategiaconcursos.com.br\/blog\/#website\"},\"primaryImageOfPage\":{\"@id\":\"https:\/\/www.estrategiaconcursos.com.br\/blog\/prorrogadas-as-inscricoes-do-concurso-crn-2-rs\/#primaryimage\"},\"image\":{\"@id\":\"https:\/\/www.estrategiaconcursos.com.br\/blog\/prorrogadas-as-inscricoes-do-concurso-crn-2-rs\/#primaryimage\"},\"thumbnailUrl\":\"https:\/\/dhg1h5j42swfq.cloudfront.net\/2019\/12\/10151348\/CRN2.png\",\"datePublished\":\"2019-12-10T18:24:12+00:00\",\"dateModified\":\"2019-12-10T18:42:13+00:00\",\"breadcrumb\":{\"@id\":\"https:\/\/www.estrategiaconcursos.com.br\/blog\/prorrogadas-as-inscricoes-do-concurso-crn-2-rs\/#breadcrumb\"},\"inLanguage\":\"pt-BR\",\"potentialAction\":[{\"@type\":\"ReadAction\",\"target\":[\"https:\/\/www.estrategiaconcursos.com.br\/blog\/prorrogadas-as-inscricoes-do-concurso-crn-2-rs\/\"]}]},{\"@type\":\"ImageObject\",\"inLanguage\":\"pt-BR\",\"@id\":\"https:\/\/www.estrategiaconcursos.com.br\/blog\/prorrogadas-as-inscricoes-do-concurso-crn-2-rs\/#primaryimage\",\"url\":\"https:\/\/dhg1h5j42swfq.cloudfront.net\/2019\/12\/10151348\/CRN2.png\",\"contentUrl\":\"https:\/\/dhg1h5j42swfq.cloudfront.net\/2019\/12\/10151348\/CRN2.png\",\"width\":1200,\"height\":628,\"caption\":\"concurso crn 2\"},{\"@type\":\"BreadcrumbList\",\"@id\":\"https:\/\/www.estrategiaconcursos.com.br\/blog\/prorrogadas-as-inscricoes-do-concurso-crn-2-rs\/#breadcrumb\",\"itemListElement\":[{\"@type\":\"ListItem\",\"position\":1,\"name\":\"In\u00edcio\",\"item\":\"https:\/\/www.estrategiaconcursos.com.br\/blog\/\"},{\"@type\":\"ListItem\",\"position\":2,\"name\":\"Prorrogadas as inscri\u00e7\u00f5es do concurso CRN 2 (RS)\"}]},{\"@type\":\"WebSite\",\"@id\":\"https:\/\/www.estrategiaconcursos.com.br\/blog\/#website\",\"url\":\"https:\/\/www.estrategiaconcursos.com.br\/blog\/\",\"name\":\"Estrat\u00e9gia Concursos\",\"description\":\"O blog da Estrat\u00e9gia Concursos traz not\u00edcias sobre concursos e artigos de professores oferecendo cursos para concursos (pdf + videaulas) no site.\",\"publisher\":{\"@id\":\"https:\/\/www.estrategiaconcursos.com.br\/blog\/#organization\"},\"potentialAction\":[{\"@type\":\"SearchAction\",\"target\":{\"@type\":\"EntryPoint\",\"urlTemplate\":\"https:\/\/www.estrategiaconcursos.com.br\/blog\/?s={search_term_string}\"},\"query-input\":{\"@type\":\"PropertyValueSpecification\",\"valueRequired\":true,\"valueName\":\"search_term_string\"}}],\"inLanguage\":\"pt-BR\"},{\"@type\":\"Organization\",\"@id\":\"https:\/\/www.estrategiaconcursos.com.br\/blog\/#organization\",\"name\":\"Estrat\u00e9gia Concursos\",\"url\":\"https:\/\/www.estrategiaconcursos.com.br\/blog\/\",\"logo\":{\"@type\":\"ImageObject\",\"inLanguage\":\"pt-BR\",\"@id\":\"https:\/\/www.estrategiaconcursos.com.br\/blog\/#\/schema\/logo\/image\/\",\"url\":\"https:\/\/dhg1h5j42swfq.cloudfront.net\/2025\/06\/03203428\/logo_concursos-1.jpg\",\"contentUrl\":\"https:\/\/dhg1h5j42swfq.cloudfront.net\/2025\/06\/03203428\/logo_concursos-1.jpg\",\"width\":230,\"height\":60,\"caption\":\"Estrat\u00e9gia Concursos\"},\"image\":{\"@id\":\"https:\/\/www.estrategiaconcursos.com.br\/blog\/#\/schema\/logo\/image\/\"},\"sameAs\":[\"https:\/\/x.com\/EstratConcursos\"]},{\"@type\":\"Person\",\"@id\":\"https:\/\/www.estrategiaconcursos.com.br\/blog\/#\/schema\/person\/cc76e9dac392d5e35e7d00c493eee792\",\"name\":\"Ligia Carvalheiro Fernandes\",\"image\":{\"@type\":\"ImageObject\",\"inLanguage\":\"pt-BR\",\"@id\":\"https:\/\/secure.gravatar.com\/avatar\/26e4636c44dabc043eaf634f767ecd1d80505b210d3981d4ebd176a3f373e3ec?s=96&d=mm&r=g\",\"url\":\"https:\/\/secure.gravatar.com\/avatar\/26e4636c44dabc043eaf634f767ecd1d80505b210d3981d4ebd176a3f373e3ec?s=96&d=mm&r=g\",\"contentUrl\":\"https:\/\/secure.gravatar.com\/avatar\/26e4636c44dabc043eaf634f767ecd1d80505b210d3981d4ebd176a3f373e3ec?s=96&d=mm&r=g\",\"caption\":\"Ligia Carvalheiro Fernandes\"},\"url\":\"https:\/\/www.estrategiaconcursos.com.br\/blog\/author\/licarfegmail-com\/\"}]}<\/script>\n<!-- \/ Yoast SEO Premium plugin. -->","yoast_head_json":{"title":"Prorrogadas as inscri\u00e7\u00f5es do concurso CRN 2 (RS)","robots":{"index":"index","follow":"follow","max-snippet":"max-snippet:-1","max-image-preview":"max-image-preview:large","max-video-preview":"max-video-preview:-1"},"canonical":"https:\/\/www.estrategiaconcursos.com.br\/blog\/prorrogadas-as-inscricoes-do-concurso-crn-2-rs\/","og_locale":"pt_BR","og_type":"article","og_title":"Prorrogadas as inscri\u00e7\u00f5es do concurso CRN 2 (RS)","og_description":"O Conselho Regional de Nutricionistas da 2\u00aa Regi\u00e3o anunciou nesta ter\u00e7a-feira (10) a prorroga\u00e7\u00e3o das inscri\u00e7\u00f5es para o seu concurso p\u00fablico com 100 vagas, organizado pelo Instituto Quadrix. O candidato podera\u0301 realizar as inscri\u00e7\u00f5es no portal do Instituto Quadrix at\u00e9 o dia 12 de dezembro. O pagamento da taxa pode ser feito at\u00e9 o dia [&hellip;]","og_url":"https:\/\/www.estrategiaconcursos.com.br\/blog\/prorrogadas-as-inscricoes-do-concurso-crn-2-rs\/","og_site_name":"Estrat\u00e9gia Concursos","article_published_time":"2019-12-10T18:24:12+00:00","article_modified_time":"2019-12-10T18:42:13+00:00","og_image":[{"width":1200,"height":628,"url":"https:\/\/dhg1h5j42swfq.cloudfront.net\/2019\/12\/10151348\/CRN2.png","type":"image\/png"}],"author":"Ligia Carvalheiro Fernandes","twitter_card":"summary_large_image","twitter_creator":"@EstratConcursos","twitter_site":"@EstratConcursos","twitter_misc":{"Escrito por":"Ligia Carvalheiro Fernandes","Est. tempo de leitura":"2 minutos"},"schema":{"@context":"https:\/\/schema.org","@graph":[{"@type":"NewsArticle","@id":"https:\/\/www.estrategiaconcursos.com.br\/blog\/prorrogadas-as-inscricoes-do-concurso-crn-2-rs\/#article","isPartOf":{"@id":"https:\/\/www.estrategiaconcursos.com.br\/blog\/prorrogadas-as-inscricoes-do-concurso-crn-2-rs\/"},"author":{"name":"Ligia Carvalheiro Fernandes","@id":"https:\/\/www.estrategiaconcursos.com.br\/blog\/#\/schema\/person\/cc76e9dac392d5e35e7d00c493eee792"},"headline":"Prorrogadas as inscri\u00e7\u00f5es do concurso CRN 2 (RS)","datePublished":"2019-12-10T18:24:12+00:00","dateModified":"2019-12-10T18:42:13+00:00","mainEntityOfPage":{"@id":"https:\/\/www.estrategiaconcursos.com.br\/blog\/prorrogadas-as-inscricoes-do-concurso-crn-2-rs\/"},"wordCount":349,"commentCount":0,"publisher":{"@id":"https:\/\/www.estrategiaconcursos.com.br\/blog\/#organization"},"image":{"@id":"https:\/\/www.estrategiaconcursos.com.br\/blog\/prorrogadas-as-inscricoes-do-concurso-crn-2-rs\/#primaryimage"},"thumbnailUrl":"https:\/\/dhg1h5j42swfq.cloudfront.net\/2019\/12\/10151348\/CRN2.png","articleSection":["Concursos P\u00fablicos"],"inLanguage":"pt-BR","potentialAction":[{"@type":"CommentAction","name":"Comment","target":["https:\/\/www.estrategiaconcursos.com.br\/blog\/prorrogadas-as-inscricoes-do-concurso-crn-2-rs\/#respond"]}],"copyrightYear":"2019","copyrightHolder":{"@id":"https:\/\/www.estrategiaconcursos.com.br\/blog\/#organization"}},{"@type":"WebPage","@id":"https:\/\/www.estrategiaconcursos.com.br\/blog\/prorrogadas-as-inscricoes-do-concurso-crn-2-rs\/","url":"https:\/\/www.estrategiaconcursos.com.br\/blog\/prorrogadas-as-inscricoes-do-concurso-crn-2-rs\/","name":"Prorrogadas as inscri\u00e7\u00f5es do concurso CRN 2 (RS)","isPartOf":{"@id":"https:\/\/www.estrategiaconcursos.com.br\/blog\/#website"},"primaryImageOfPage":{"@id":"https:\/\/www.estrategiaconcursos.com.br\/blog\/prorrogadas-as-inscricoes-do-concurso-crn-2-rs\/#primaryimage"},"image":{"@id":"https:\/\/www.estrategiaconcursos.com.br\/blog\/prorrogadas-as-inscricoes-do-concurso-crn-2-rs\/#primaryimage"},"thumbnailUrl":"https:\/\/dhg1h5j42swfq.cloudfront.net\/2019\/12\/10151348\/CRN2.png","datePublished":"2019-12-10T18:24:12+00:00","dateModified":"2019-12-10T18:42:13+00:00","breadcrumb":{"@id":"https:\/\/www.estrategiaconcursos.com.br\/blog\/prorrogadas-as-inscricoes-do-concurso-crn-2-rs\/#breadcrumb"},"inLanguage":"pt-BR","potentialAction":[{"@type":"ReadAction","target":["https:\/\/www.estrategiaconcursos.com.br\/blog\/prorrogadas-as-inscricoes-do-concurso-crn-2-rs\/"]}]},{"@type":"ImageObject","inLanguage":"pt-BR","@id":"https:\/\/www.estrategiaconcursos.com.br\/blog\/prorrogadas-as-inscricoes-do-concurso-crn-2-rs\/#primaryimage","url":"https:\/\/dhg1h5j42swfq.cloudfront.net\/2019\/12\/10151348\/CRN2.png","contentUrl":"https:\/\/dhg1h5j42swfq.cloudfront.net\/2019\/12\/10151348\/CRN2.png","width":1200,"height":628,"caption":"concurso crn 2"},{"@type":"BreadcrumbList","@id":"https:\/\/www.estrategiaconcursos.com.br\/blog\/prorrogadas-as-inscricoes-do-concurso-crn-2-rs\/#breadcrumb","itemListElement":[{"@type":"ListItem","position":1,"name":"In\u00edcio","item":"https:\/\/www.estrategiaconcursos.com.br\/blog\/"},{"@type":"ListItem","position":2,"name":"Prorrogadas as inscri\u00e7\u00f5es do concurso CRN 2 (RS)"}]},{"@type":"WebSite","@id":"https:\/\/www.estrategiaconcursos.com.br\/blog\/#website","url":"https:\/\/www.estrategiaconcursos.com.br\/blog\/","name":"Estrat\u00e9gia Concursos","description":"O blog da Estrat\u00e9gia Concursos traz not\u00edcias sobre concursos e artigos de professores oferecendo cursos para concursos (pdf + videaulas) no site.","publisher":{"@id":"https:\/\/www.estrategiaconcursos.com.br\/blog\/#organization"},"potentialAction":[{"@type":"SearchAction","target":{"@type":"EntryPoint","urlTemplate":"https:\/\/www.estrategiaconcursos.com.br\/blog\/?s={search_term_string}"},"query-input":{"@type":"PropertyValueSpecification","valueRequired":true,"valueName":"search_term_string"}}],"inLanguage":"pt-BR"},{"@type":"Organization","@id":"https:\/\/www.estrategiaconcursos.com.br\/blog\/#organization","name":"Estrat\u00e9gia Concursos","url":"https:\/\/www.estrategiaconcursos.com.br\/blog\/","logo":{"@type":"ImageObject","inLanguage":"pt-BR","@id":"https:\/\/www.estrategiaconcursos.com.br\/blog\/#\/schema\/logo\/image\/","url":"https:\/\/dhg1h5j42swfq.cloudfront.net\/2025\/06\/03203428\/logo_concursos-1.jpg","contentUrl":"https:\/\/dhg1h5j42swfq.cloudfront.net\/2025\/06\/03203428\/logo_concursos-1.jpg","width":230,"height":60,"caption":"Estrat\u00e9gia Concursos"},"image":{"@id":"https:\/\/www.estrategiaconcursos.com.br\/blog\/#\/schema\/logo\/image\/"},"sameAs":["https:\/\/x.com\/EstratConcursos"]},{"@type":"Person","@id":"https:\/\/www.estrategiaconcursos.com.br\/blog\/#\/schema\/person\/cc76e9dac392d5e35e7d00c493eee792","name":"Ligia Carvalheiro Fernandes","image":{"@type":"ImageObject","inLanguage":"pt-BR","@id":"https:\/\/secure.gravatar.com\/avatar\/26e4636c44dabc043eaf634f767ecd1d80505b210d3981d4ebd176a3f373e3ec?s=96&d=mm&r=g","url":"https:\/\/secure.gravatar.com\/avatar\/26e4636c44dabc043eaf634f767ecd1d80505b210d3981d4ebd176a3f373e3ec?s=96&d=mm&r=g","contentUrl":"https:\/\/secure.gravatar.com\/avatar\/26e4636c44dabc043eaf634f767ecd1d80505b210d3981d4ebd176a3f373e3ec?s=96&d=mm&r=g","caption":"Ligia Carvalheiro Fernandes"},"url":"https:\/\/www.estrategiaconcursos.com.br\/blog\/author\/licarfegmail-com\/"}]}},"_links":{"self":[{"href":"https:\/\/www.estrategiaconcursos.com.br\/blog\/wp-json\/wp\/v2\/posts\/458414","targetHints":{"allow":["GET"]}}],"collection":[{"href":"https:\/\/www.estrategiaconcursos.com.br\/blog\/wp-json\/wp\/v2\/posts"}],"about":[{"href":"https:\/\/www.estrategiaconcursos.com.br\/blog\/wp-json\/wp\/v2\/types\/post"}],"author":[{"embeddable":true,"href":"https:\/\/www.estrategiaconcursos.com.br\/blog\/wp-json\/wp\/v2\/users\/561"}],"replies":[{"embeddable":true,"href":"https:\/\/www.estrategiaconcursos.com.br\/blog\/wp-json\/wp\/v2\/comments?post=458414"}],"version-history":[{"count":2,"href":"https:\/\/www.estrategiaconcursos.com.br\/blog\/wp-json\/wp\/v2\/posts\/458414\/revisions"}],"predecessor-version":[{"id":458466,"href":"https:\/\/www.estrategiaconcursos.com.br\/blog\/wp-json\/wp\/v2\/posts\/458414\/revisions\/458466"}],"wp:featuredmedia":[{"embeddable":true,"href":"https:\/\/www.estrategiaconcursos.com.br\/blog\/wp-json\/wp\/v2\/media\/458417"}],"wp:attachment":[{"href":"https:\/\/www.estrategiaconcursos.com.br\/blog\/wp-json\/wp\/v2\/media?parent=458414"}],"wp:term":[{"taxonomy":"category","embeddable":true,"href":"https:\/\/www.estrategiaconcursos.com.br\/blog\/wp-json\/wp\/v2\/categories?post=458414"},{"taxonomy":"post_tag","embeddable":true,"href":"https:\/\/www.estrategiaconcursos.com.br\/blog\/wp-json\/wp\/v2\/tags?post=458414"},{"taxonomy":"tax_estado","embeddable":true,"href":"https:\/\/www.estrategiaconcursos.com.br\/blog\/wp-json\/wp\/v2\/tax_estado?post=458414"}],"curies":[{"name":"wp","href":"https:\/\/api.w.org\/{rel}","templated":true}]}}