{"id":458330,"date":"2019-12-10T15:53:45","date_gmt":"2019-12-10T18:53:45","guid":{"rendered":"https:\/\/www.estrategiaconcursos.com.br\/blog\/?p=458330"},"modified":"2019-12-10T15:53:47","modified_gmt":"2019-12-10T18:53:47","slug":"calculo-prova-objetiva-pcdf","status":"publish","type":"post","link":"https:\/\/www.estrategiaconcursos.com.br\/blog\/calculo-prova-objetiva-pcdf\/","title":{"rendered":"Como funciona o c\u00e1lculo da nota na prova objetiva da PCDF?"},"content":{"rendered":"\n<p>Depois da publica\u00e7\u00e3o do edital da Pol\u00edcia Civil do Distrito Federal, come\u00e7ou a corrida contra o tempo para otimizar os estudos e conseguir a t\u00e3o sonhada vaga de Escriv\u00e3o.<\/p>\n\n\n\n<p>Sem falar que a Prova Objetiva est\u00e1 marcada para ocorrer dia 15 de mar\u00e7o, no total faltam <strong>96 dias<\/strong> para a prova. <\/p>\n\n\n\n<p>Nesse momento \u00e9 extremamente importante se debru\u00e7ar sobre o edi\u00e7\u00e3o para entender cada ponto, para isso, preparamos ao longo dessas semanas <strong>artigos especiais<\/strong> para te ajudar com essa empreitada. Veja no final da p\u00e1gina as publica\u00e7\u00f5es dos dias anteriores.<\/p>\n\n\n\n<p>Hoje, iremos focar no c\u00e1lculo da nota da prova objetiva. Voc\u00ea sabe como \u00e9 feito? Veja o que diz o edital:<\/p>\n\n\n\n<div class=\"wp-block-image\"><figure class=\"aligncenter\"><img loading=\"lazy\" decoding=\"async\" width=\"593\" height=\"393\" src=\"https:\/\/dhg1h5j42swfq.cloudfront.net\/2019\/12\/10151548\/image63.png\" alt=\"\" class=\"wp-image-458419\" srcset=\"https:\/\/dhg1h5j42swfq.cloudfront.net\/2019\/12\/10151548\/image63.png 593w, https:\/\/dhg1h5j42swfq.cloudfront.net\/2019\/12\/10151548\/image63.png 300w\" sizes=\"auto, (max-width: 593px) 100vw, 593px\" \/><\/figure><\/div>\n\n\n\n<p>Resumindo, como ser\u00e1 feito o c\u00e1lculo da sua prova:<\/p>\n\n\n\n<p class=\"has-background has-medium-font-size has-very-light-gray-background-color\"><strong>C\u00e1lculo da nota na Prova Objetiva<\/strong><\/p>\n\n\n\n<p style=\"text-align:center\"><strong>Conhecimentos b\u00e1sicos (P1):<\/strong> Valor de cada item= 50 \u00f7 (50 \u2013 n1)<br \/><strong>Conhecimentos espec\u00edficos (P2):<\/strong> Valor de cada item= 70 \u00f7 (70 \u2013 n2)<br \/><strong>n1<\/strong>: quest\u00f5es anuladas na prova de conhecimentos b\u00e1sicos<br \/><strong>n2<\/strong>: quest\u00f5es anuladas na prova de conhecimentos espec\u00edficos<br \/><strong><em>Nota final<\/em>= P1+ P2<\/strong><\/p>\n\n\n\n<p style=\"background-color:#d8e9f0\" class=\"has-background\"><strong>Exemplificando:<\/strong> <br \/><em>S\u00e3o 10 quest\u00f5es anuladas na P1 e 10 quest\u00f5es anuladas na P2.<\/em><br \/>Ponto por item na P1 passa a ser 1,25\/quest\u00e3o ao inv\u00e9s de 1\/quest\u00e3o [1,25= 50\/(50-40)]<br \/>Pontos por item na P2: 1,16\/quest\u00e3o ao inv\u00e9s de 1\/quest\u00e3o [1,16= 70\/(70-60)]<\/p>\n\n\n\n<p class=\"has-background has-medium-font-size has-very-light-gray-background-color\"><strong>Valor das marca\u00e7\u00f5es<\/strong><\/p>\n\n\n\n<p style=\"text-align:center\"><strong>Conhecimentos b\u00e1sicos (P1):<\/strong><br \/>Valor de cada item <em>(de acordo com o gabarito<\/em>)= 50 \u00f7 (50 \u2013 n1)<br \/><em>Em desacordo com o gabarito:<\/em> 50 \u00f7 (50 \u2013 n1) ponto negativo<br \/><em>Em branco\/marca\u00e7\u00e3o dupla<\/em>: n\u00e3o pontua<\/p>\n\n\n\n<p style=\"text-align:center\"><strong>Conhecimentos espec\u00edficos P1):<\/strong><br \/><em>Valor de cada item( de acordo com o gabarito)<\/em> = 70 \u00f7 (70 \u2013 n2)<br \/><em>Em desacordo com o gabarito<\/em>: 70 \u00f7 (70 \u2013 n2) ponto negativo<br \/><em>Em branco\/marca\u00e7\u00e3o dupla<\/em>: n\u00e3o pontua<br \/><br \/><strong>n1<\/strong>: quest\u00f5es anuladas na prova de conhecimentos b\u00e1sicos<br \/><strong>n2<\/strong>: quest\u00f5es anuladas na prova de conhecimentos espec\u00edficos <\/p>\n\n\n\n<p>A partir disso, voc\u00ea j\u00e1 sabe como sua prova ser\u00e1 corrigida, sem esquecer que nessa fase, a corre\u00e7\u00e3o da prova ser\u00e1 por meio de processamento eletr\u00f4nico.<\/p>\n\n\n\n<p><strong>Amanh\u00e3, 11 de dezembro, iremos explicar as regras gerais do TAF ( Testes de Aptid\u00e3o F\u00edsica\u00a0) etapa important\u00edssima do concurso. N\u00e3o perca!<\/strong><\/p>\n\n\n\n<p><em>Se voc\u00ea perdeu alguma publica\u00e7\u00e3o, confira aqui:<\/em><\/p>\n\n\n\n<p style=\"background-color:#d8e9f0\" class=\"has-background has-medium-font-size\"><strong>1 &#8211;  <\/strong><a rel=\"noreferrer noopener\" aria-label=\"Conhe\u00e7a a remunera\u00e7\u00e3o de Escriv\u00e3o da PCDF (abre numa nova aba)\" href=\"https:\/\/www.estrategiaconcursos.com.br\/blog\/conheca-a-remuneracao-de-escrivao-da-pcdf\/\" target=\"_blank\"><strong>Conhe\u00e7a a remunera\u00e7\u00e3o de Escriv\u00e3o da PCDF<\/strong><\/a><\/p>\n\n\n\n<p style=\"background-color:#d8e9f0\" class=\"has-background has-medium-font-size\"><strong>2 &#8211; <\/strong><a rel=\"noreferrer noopener\" aria-label=\"Saiba tudo sobre a Prova Objetiva da PCDF (abre numa nova aba)\" href=\"https:\/\/www.estrategiaconcursos.com.br\/blog\/saiba-tudo-sobre-a-prova-objetiva-do-edital-pcdf\/\" target=\"_blank\"><strong>Saiba tudo sobre a Prova Objetiva da PCDF<\/strong><\/a><\/p>\n\n\n\n<p style=\"text-align:center\" class=\"has-background has-very-light-gray-background-color\"><strong><a href=\"https:\/\/www.estrategiaconcursos.com.br\/blog\/concurso-pcdf\/\" target=\"_blank\" rel=\"noreferrer noopener\">Saiba mais informa\u00e7\u00f5es: Concurso PCDF<\/a><\/strong><\/p>\n\n\n\n<p style=\"text-align:center\"><strong><em>Quer estudar para Concurso PCDF?<\/em><\/strong><\/p>\n\n\n\n<p style=\"text-align:center\" class=\"has-background has-luminous-vivid-amber-background-color\"><strong><a href=\"https:\/\/www.estrategiaconcursos.com.br\/cursosPorConcurso\/promocao-pacotes-para-pc-df\/\" target=\"_blank\" rel=\"noreferrer noopener\">PROMO\u00c7\u00c3O ESPECIAL: CURSO PCDF<\/a><\/strong><\/p>\n\n\n\n<p style=\"text-align:center\"><em><strong>Gostou desta oportunidade e deseja come\u00e7ar se preparar agora mesmo? Ent\u00e3o, confira os nossos cursos e comece a estudar para o concurso PC DF:<\/strong><\/em><\/p>\n\n\n\n<p style=\"text-align:center\" class=\"has-background has-light-green-cyan-background-color\"><a href=\"https:\/\/www.estrategiaconcursos.com.br\/cursosPorConcurso\/policia-civil-do-distrito-federal-pc-df\/\" target=\"_blank\" rel=\"noreferrer noopener\">CURSO PCDF<\/a><\/p>\n\n\n\n<p style=\"text-align:center\"><em><strong>Assinatura Anual Ilimitada*<\/strong><\/em><\/p>\n\n\n\n<p style=\"text-align:center\"><em>Prepare-se com o melhor material e com quem mais aprova em Concursos P\u00fablicos em todo o pa\u00eds. Assine agora a nossa Assinatura Anual e tenha acesso ilimitado* a todos os nossos cursos.<\/em><\/p>\n\n\n\n<p style=\"text-align:center\" class=\"has-background has-pale-cyan-blue-background-color\"><strong>ASSINE AGORA<\/strong>&nbsp;\u2013&nbsp;<a href=\"https:\/\/www.estrategiaconcursos.com.br\/assinaturas\/\" target=\"_blank\" rel=\"noreferrer noopener\">Assinatura Ilimitada<\/a><\/p>\n\n\n\n<p style=\"text-align:center\" class=\"has-background has-pale-cyan-blue-background-color\"><strong><a href=\"https:\/\/www.estrategiaconcursos.com.br\/blog\/concursos-abertos\/\">CONCURSOS ABERTOS<\/a><\/strong><\/p>\n\n\n\n<p style=\"text-align:center\" class=\"has-background has-pale-cyan-blue-background-color\"><a href=\"https:\/\/www.estrategiaconcursos.com.br\/blog\/concursos-2020\/\"><strong>CONCURSOS<\/strong><\/a><strong><a href=\"https:\/\/www.estrategiaconcursos.com.br\/blog\/concursos-2020\/\">&nbsp;2020<\/a><\/strong><\/p>\n","protected":false},"excerpt":{"rendered":"<p>Depois da publica\u00e7\u00e3o do edital da Pol\u00edcia Civil do Distrito Federal, come\u00e7ou a corrida contra o tempo para otimizar os estudos e conseguir a t\u00e3o sonhada vaga de Escriv\u00e3o. Sem falar que a Prova Objetiva est\u00e1 marcada para ocorrer dia 15 de mar\u00e7o, no total faltam 96 dias para a prova. Nesse momento \u00e9 extremamente [&hellip;]<\/p>\n","protected":false},"author":552,"featured_media":0,"comment_status":"open","ping_status":"closed","sticky":false,"template":"","format":"standard","meta":{"post_tipo":"article","footnotes":""},"categories":[1],"tags":[],"tax_estado":[],"class_list":["post-458330","post","type-post","status-publish","format-standard","hentry","category-cursos-e-concursos"],"acf":[],"yoast_head":"<!-- This site is optimized with the Yoast SEO Premium plugin v27.2 (Yoast SEO v27.2) - https:\/\/yoast.com\/product\/yoast-seo-premium-wordpress\/ -->\n<title>Como funciona o c\u00e1lculo da nota na prova objetiva da PCDF?<\/title>\n<meta name=\"robots\" content=\"index, follow, max-snippet:-1, max-image-preview:large, max-video-preview:-1\" \/>\n<link rel=\"canonical\" href=\"https:\/\/www.estrategiaconcursos.com.br\/blog\/calculo-prova-objetiva-pcdf\/\" \/>\n<meta property=\"og:locale\" content=\"pt_BR\" \/>\n<meta property=\"og:type\" content=\"article\" \/>\n<meta property=\"og:title\" content=\"Como funciona o c\u00e1lculo da nota na prova objetiva da PCDF?\" \/>\n<meta property=\"og:description\" content=\"Depois da publica\u00e7\u00e3o do edital da Pol\u00edcia Civil do Distrito Federal, come\u00e7ou a corrida contra o tempo para otimizar os estudos e conseguir a t\u00e3o sonhada vaga de Escriv\u00e3o. Sem falar que a Prova Objetiva est\u00e1 marcada para ocorrer dia 15 de mar\u00e7o, no total faltam 96 dias para a prova. Nesse momento \u00e9 extremamente [&hellip;]\" \/>\n<meta property=\"og:url\" content=\"https:\/\/www.estrategiaconcursos.com.br\/blog\/calculo-prova-objetiva-pcdf\/\" \/>\n<meta property=\"og:site_name\" content=\"Estrat\u00e9gia Concursos\" \/>\n<meta property=\"article:published_time\" content=\"2019-12-10T18:53:45+00:00\" \/>\n<meta property=\"article:modified_time\" content=\"2019-12-10T18:53:47+00:00\" \/>\n<meta property=\"og:image\" content=\"https:\/\/www.estrategiaconcursos.com.br\/blog\/wp-content\/uploads\/2019\/12\/image63.png\" \/>\n<meta name=\"author\" content=\"Paulo Bilynskyj\" \/>\n<meta name=\"twitter:card\" content=\"summary_large_image\" \/>\n<meta name=\"twitter:creator\" content=\"@EstratConcursos\" \/>\n<meta name=\"twitter:site\" content=\"@EstratConcursos\" \/>\n<meta name=\"twitter:label1\" content=\"Escrito por\" \/>\n\t<meta name=\"twitter:data1\" content=\"Paulo Bilynskyj\" \/>\n\t<meta name=\"twitter:label2\" content=\"Est. tempo de leitura\" \/>\n\t<meta name=\"twitter:data2\" content=\"2 minutos\" \/>\n<script type=\"application\/ld+json\" class=\"yoast-schema-graph\">{\"@context\":\"https:\/\/schema.org\",\"@graph\":[{\"@type\":\"NewsArticle\",\"@id\":\"https:\/\/www.estrategiaconcursos.com.br\/blog\/calculo-prova-objetiva-pcdf\/#article\",\"isPartOf\":{\"@id\":\"https:\/\/www.estrategiaconcursos.com.br\/blog\/calculo-prova-objetiva-pcdf\/\"},\"author\":{\"name\":\"Paulo Bilynskyj\",\"@id\":\"https:\/\/www.estrategiaconcursos.com.br\/blog\/#\/schema\/person\/a630b15e36f45b4c21fed01219843cb5\"},\"headline\":\"Como funciona o c\u00e1lculo da nota na prova objetiva da PCDF?\",\"datePublished\":\"2019-12-10T18:53:45+00:00\",\"dateModified\":\"2019-12-10T18:53:47+00:00\",\"mainEntityOfPage\":{\"@id\":\"https:\/\/www.estrategiaconcursos.com.br\/blog\/calculo-prova-objetiva-pcdf\/\"},\"wordCount\":489,\"commentCount\":0,\"publisher\":{\"@id\":\"https:\/\/www.estrategiaconcursos.com.br\/blog\/#organization\"},\"image\":{\"@id\":\"https:\/\/www.estrategiaconcursos.com.br\/blog\/calculo-prova-objetiva-pcdf\/#primaryimage\"},\"thumbnailUrl\":\"https:\/\/www.estrategiaconcursos.com.br\/blog\/wp-content\/uploads\/2019\/12\/image63.png\",\"articleSection\":[\"Concursos P\u00fablicos\"],\"inLanguage\":\"pt-BR\",\"potentialAction\":[{\"@type\":\"CommentAction\",\"name\":\"Comment\",\"target\":[\"https:\/\/www.estrategiaconcursos.com.br\/blog\/calculo-prova-objetiva-pcdf\/#respond\"]}],\"copyrightYear\":\"2019\",\"copyrightHolder\":{\"@id\":\"https:\/\/www.estrategiaconcursos.com.br\/blog\/#organization\"}},{\"@type\":\"WebPage\",\"@id\":\"https:\/\/www.estrategiaconcursos.com.br\/blog\/calculo-prova-objetiva-pcdf\/\",\"url\":\"https:\/\/www.estrategiaconcursos.com.br\/blog\/calculo-prova-objetiva-pcdf\/\",\"name\":\"Como funciona o c\u00e1lculo da nota na prova objetiva da PCDF?\",\"isPartOf\":{\"@id\":\"https:\/\/www.estrategiaconcursos.com.br\/blog\/#website\"},\"primaryImageOfPage\":{\"@id\":\"https:\/\/www.estrategiaconcursos.com.br\/blog\/calculo-prova-objetiva-pcdf\/#primaryimage\"},\"image\":{\"@id\":\"https:\/\/www.estrategiaconcursos.com.br\/blog\/calculo-prova-objetiva-pcdf\/#primaryimage\"},\"thumbnailUrl\":\"https:\/\/www.estrategiaconcursos.com.br\/blog\/wp-content\/uploads\/2019\/12\/image63.png\",\"datePublished\":\"2019-12-10T18:53:45+00:00\",\"dateModified\":\"2019-12-10T18:53:47+00:00\",\"breadcrumb\":{\"@id\":\"https:\/\/www.estrategiaconcursos.com.br\/blog\/calculo-prova-objetiva-pcdf\/#breadcrumb\"},\"inLanguage\":\"pt-BR\",\"potentialAction\":[{\"@type\":\"ReadAction\",\"target\":[\"https:\/\/www.estrategiaconcursos.com.br\/blog\/calculo-prova-objetiva-pcdf\/\"]}]},{\"@type\":\"ImageObject\",\"inLanguage\":\"pt-BR\",\"@id\":\"https:\/\/www.estrategiaconcursos.com.br\/blog\/calculo-prova-objetiva-pcdf\/#primaryimage\",\"url\":\"https:\/\/dhg1h5j42swfq.cloudfront.net\/2019\/12\/10151548\/image63.png\",\"contentUrl\":\"https:\/\/dhg1h5j42swfq.cloudfront.net\/2019\/12\/10151548\/image63.png\",\"width\":593,\"height\":393},{\"@type\":\"BreadcrumbList\",\"@id\":\"https:\/\/www.estrategiaconcursos.com.br\/blog\/calculo-prova-objetiva-pcdf\/#breadcrumb\",\"itemListElement\":[{\"@type\":\"ListItem\",\"position\":1,\"name\":\"In\u00edcio\",\"item\":\"https:\/\/www.estrategiaconcursos.com.br\/blog\/\"},{\"@type\":\"ListItem\",\"position\":2,\"name\":\"Como funciona o c\u00e1lculo da nota na prova objetiva da PCDF?\"}]},{\"@type\":\"WebSite\",\"@id\":\"https:\/\/www.estrategiaconcursos.com.br\/blog\/#website\",\"url\":\"https:\/\/www.estrategiaconcursos.com.br\/blog\/\",\"name\":\"Estrat\u00e9gia Concursos\",\"description\":\"O blog da Estrat\u00e9gia Concursos traz not\u00edcias sobre concursos e artigos de professores oferecendo cursos para concursos (pdf + videaulas) no site.\",\"publisher\":{\"@id\":\"https:\/\/www.estrategiaconcursos.com.br\/blog\/#organization\"},\"potentialAction\":[{\"@type\":\"SearchAction\",\"target\":{\"@type\":\"EntryPoint\",\"urlTemplate\":\"https:\/\/www.estrategiaconcursos.com.br\/blog\/?s={search_term_string}\"},\"query-input\":{\"@type\":\"PropertyValueSpecification\",\"valueRequired\":true,\"valueName\":\"search_term_string\"}}],\"inLanguage\":\"pt-BR\"},{\"@type\":\"Organization\",\"@id\":\"https:\/\/www.estrategiaconcursos.com.br\/blog\/#organization\",\"name\":\"Estrat\u00e9gia Concursos\",\"url\":\"https:\/\/www.estrategiaconcursos.com.br\/blog\/\",\"logo\":{\"@type\":\"ImageObject\",\"inLanguage\":\"pt-BR\",\"@id\":\"https:\/\/www.estrategiaconcursos.com.br\/blog\/#\/schema\/logo\/image\/\",\"url\":\"https:\/\/dhg1h5j42swfq.cloudfront.net\/2025\/06\/03203428\/logo_concursos-1.jpg\",\"contentUrl\":\"https:\/\/dhg1h5j42swfq.cloudfront.net\/2025\/06\/03203428\/logo_concursos-1.jpg\",\"width\":230,\"height\":60,\"caption\":\"Estrat\u00e9gia Concursos\"},\"image\":{\"@id\":\"https:\/\/www.estrategiaconcursos.com.br\/blog\/#\/schema\/logo\/image\/\"},\"sameAs\":[\"https:\/\/x.com\/EstratConcursos\"]},{\"@type\":\"Person\",\"@id\":\"https:\/\/www.estrategiaconcursos.com.br\/blog\/#\/schema\/person\/a630b15e36f45b4c21fed01219843cb5\",\"name\":\"Paulo Bilynskyj\",\"image\":{\"@type\":\"ImageObject\",\"inLanguage\":\"pt-BR\",\"@id\":\"https:\/\/secure.gravatar.com\/avatar\/37e21f70c9042e7456beffdc6d31fe051f3f6dcbf252f69343a791b144852057?s=96&d=mm&r=g\",\"url\":\"https:\/\/secure.gravatar.com\/avatar\/37e21f70c9042e7456beffdc6d31fe051f3f6dcbf252f69343a791b144852057?s=96&d=mm&r=g\",\"contentUrl\":\"https:\/\/secure.gravatar.com\/avatar\/37e21f70c9042e7456beffdc6d31fe051f3f6dcbf252f69343a791b144852057?s=96&d=mm&r=g\",\"caption\":\"Paulo Bilynskyj\"},\"url\":\"https:\/\/www.estrategiaconcursos.com.br\/blog\/author\/pbilynskyjgmail-com\/\"}]}<\/script>\n<!-- \/ Yoast SEO Premium plugin. -->","yoast_head_json":{"title":"Como funciona o c\u00e1lculo da nota na prova objetiva da PCDF?","robots":{"index":"index","follow":"follow","max-snippet":"max-snippet:-1","max-image-preview":"max-image-preview:large","max-video-preview":"max-video-preview:-1"},"canonical":"https:\/\/www.estrategiaconcursos.com.br\/blog\/calculo-prova-objetiva-pcdf\/","og_locale":"pt_BR","og_type":"article","og_title":"Como funciona o c\u00e1lculo da nota na prova objetiva da PCDF?","og_description":"Depois da publica\u00e7\u00e3o do edital da Pol\u00edcia Civil do Distrito Federal, come\u00e7ou a corrida contra o tempo para otimizar os estudos e conseguir a t\u00e3o sonhada vaga de Escriv\u00e3o. Sem falar que a Prova Objetiva est\u00e1 marcada para ocorrer dia 15 de mar\u00e7o, no total faltam 96 dias para a prova. Nesse momento \u00e9 extremamente [&hellip;]","og_url":"https:\/\/www.estrategiaconcursos.com.br\/blog\/calculo-prova-objetiva-pcdf\/","og_site_name":"Estrat\u00e9gia Concursos","article_published_time":"2019-12-10T18:53:45+00:00","article_modified_time":"2019-12-10T18:53:47+00:00","og_image":[{"url":"https:\/\/www.estrategiaconcursos.com.br\/blog\/wp-content\/uploads\/2019\/12\/image63.png","type":"","width":"","height":""}],"author":"Paulo Bilynskyj","twitter_card":"summary_large_image","twitter_creator":"@EstratConcursos","twitter_site":"@EstratConcursos","twitter_misc":{"Escrito por":"Paulo Bilynskyj","Est. tempo de leitura":"2 minutos"},"schema":{"@context":"https:\/\/schema.org","@graph":[{"@type":"NewsArticle","@id":"https:\/\/www.estrategiaconcursos.com.br\/blog\/calculo-prova-objetiva-pcdf\/#article","isPartOf":{"@id":"https:\/\/www.estrategiaconcursos.com.br\/blog\/calculo-prova-objetiva-pcdf\/"},"author":{"name":"Paulo Bilynskyj","@id":"https:\/\/www.estrategiaconcursos.com.br\/blog\/#\/schema\/person\/a630b15e36f45b4c21fed01219843cb5"},"headline":"Como funciona o c\u00e1lculo da nota na prova objetiva da PCDF?","datePublished":"2019-12-10T18:53:45+00:00","dateModified":"2019-12-10T18:53:47+00:00","mainEntityOfPage":{"@id":"https:\/\/www.estrategiaconcursos.com.br\/blog\/calculo-prova-objetiva-pcdf\/"},"wordCount":489,"commentCount":0,"publisher":{"@id":"https:\/\/www.estrategiaconcursos.com.br\/blog\/#organization"},"image":{"@id":"https:\/\/www.estrategiaconcursos.com.br\/blog\/calculo-prova-objetiva-pcdf\/#primaryimage"},"thumbnailUrl":"https:\/\/www.estrategiaconcursos.com.br\/blog\/wp-content\/uploads\/2019\/12\/image63.png","articleSection":["Concursos P\u00fablicos"],"inLanguage":"pt-BR","potentialAction":[{"@type":"CommentAction","name":"Comment","target":["https:\/\/www.estrategiaconcursos.com.br\/blog\/calculo-prova-objetiva-pcdf\/#respond"]}],"copyrightYear":"2019","copyrightHolder":{"@id":"https:\/\/www.estrategiaconcursos.com.br\/blog\/#organization"}},{"@type":"WebPage","@id":"https:\/\/www.estrategiaconcursos.com.br\/blog\/calculo-prova-objetiva-pcdf\/","url":"https:\/\/www.estrategiaconcursos.com.br\/blog\/calculo-prova-objetiva-pcdf\/","name":"Como funciona o c\u00e1lculo da nota na prova objetiva da PCDF?","isPartOf":{"@id":"https:\/\/www.estrategiaconcursos.com.br\/blog\/#website"},"primaryImageOfPage":{"@id":"https:\/\/www.estrategiaconcursos.com.br\/blog\/calculo-prova-objetiva-pcdf\/#primaryimage"},"image":{"@id":"https:\/\/www.estrategiaconcursos.com.br\/blog\/calculo-prova-objetiva-pcdf\/#primaryimage"},"thumbnailUrl":"https:\/\/www.estrategiaconcursos.com.br\/blog\/wp-content\/uploads\/2019\/12\/image63.png","datePublished":"2019-12-10T18:53:45+00:00","dateModified":"2019-12-10T18:53:47+00:00","breadcrumb":{"@id":"https:\/\/www.estrategiaconcursos.com.br\/blog\/calculo-prova-objetiva-pcdf\/#breadcrumb"},"inLanguage":"pt-BR","potentialAction":[{"@type":"ReadAction","target":["https:\/\/www.estrategiaconcursos.com.br\/blog\/calculo-prova-objetiva-pcdf\/"]}]},{"@type":"ImageObject","inLanguage":"pt-BR","@id":"https:\/\/www.estrategiaconcursos.com.br\/blog\/calculo-prova-objetiva-pcdf\/#primaryimage","url":"https:\/\/dhg1h5j42swfq.cloudfront.net\/2019\/12\/10151548\/image63.png","contentUrl":"https:\/\/dhg1h5j42swfq.cloudfront.net\/2019\/12\/10151548\/image63.png","width":593,"height":393},{"@type":"BreadcrumbList","@id":"https:\/\/www.estrategiaconcursos.com.br\/blog\/calculo-prova-objetiva-pcdf\/#breadcrumb","itemListElement":[{"@type":"ListItem","position":1,"name":"In\u00edcio","item":"https:\/\/www.estrategiaconcursos.com.br\/blog\/"},{"@type":"ListItem","position":2,"name":"Como funciona o c\u00e1lculo da nota na prova objetiva da PCDF?"}]},{"@type":"WebSite","@id":"https:\/\/www.estrategiaconcursos.com.br\/blog\/#website","url":"https:\/\/www.estrategiaconcursos.com.br\/blog\/","name":"Estrat\u00e9gia Concursos","description":"O blog da Estrat\u00e9gia Concursos traz not\u00edcias sobre concursos e artigos de professores oferecendo cursos para concursos (pdf + videaulas) no site.","publisher":{"@id":"https:\/\/www.estrategiaconcursos.com.br\/blog\/#organization"},"potentialAction":[{"@type":"SearchAction","target":{"@type":"EntryPoint","urlTemplate":"https:\/\/www.estrategiaconcursos.com.br\/blog\/?s={search_term_string}"},"query-input":{"@type":"PropertyValueSpecification","valueRequired":true,"valueName":"search_term_string"}}],"inLanguage":"pt-BR"},{"@type":"Organization","@id":"https:\/\/www.estrategiaconcursos.com.br\/blog\/#organization","name":"Estrat\u00e9gia Concursos","url":"https:\/\/www.estrategiaconcursos.com.br\/blog\/","logo":{"@type":"ImageObject","inLanguage":"pt-BR","@id":"https:\/\/www.estrategiaconcursos.com.br\/blog\/#\/schema\/logo\/image\/","url":"https:\/\/dhg1h5j42swfq.cloudfront.net\/2025\/06\/03203428\/logo_concursos-1.jpg","contentUrl":"https:\/\/dhg1h5j42swfq.cloudfront.net\/2025\/06\/03203428\/logo_concursos-1.jpg","width":230,"height":60,"caption":"Estrat\u00e9gia Concursos"},"image":{"@id":"https:\/\/www.estrategiaconcursos.com.br\/blog\/#\/schema\/logo\/image\/"},"sameAs":["https:\/\/x.com\/EstratConcursos"]},{"@type":"Person","@id":"https:\/\/www.estrategiaconcursos.com.br\/blog\/#\/schema\/person\/a630b15e36f45b4c21fed01219843cb5","name":"Paulo Bilynskyj","image":{"@type":"ImageObject","inLanguage":"pt-BR","@id":"https:\/\/secure.gravatar.com\/avatar\/37e21f70c9042e7456beffdc6d31fe051f3f6dcbf252f69343a791b144852057?s=96&d=mm&r=g","url":"https:\/\/secure.gravatar.com\/avatar\/37e21f70c9042e7456beffdc6d31fe051f3f6dcbf252f69343a791b144852057?s=96&d=mm&r=g","contentUrl":"https:\/\/secure.gravatar.com\/avatar\/37e21f70c9042e7456beffdc6d31fe051f3f6dcbf252f69343a791b144852057?s=96&d=mm&r=g","caption":"Paulo Bilynskyj"},"url":"https:\/\/www.estrategiaconcursos.com.br\/blog\/author\/pbilynskyjgmail-com\/"}]}},"_links":{"self":[{"href":"https:\/\/www.estrategiaconcursos.com.br\/blog\/wp-json\/wp\/v2\/posts\/458330","targetHints":{"allow":["GET"]}}],"collection":[{"href":"https:\/\/www.estrategiaconcursos.com.br\/blog\/wp-json\/wp\/v2\/posts"}],"about":[{"href":"https:\/\/www.estrategiaconcursos.com.br\/blog\/wp-json\/wp\/v2\/types\/post"}],"author":[{"embeddable":true,"href":"https:\/\/www.estrategiaconcursos.com.br\/blog\/wp-json\/wp\/v2\/users\/552"}],"replies":[{"embeddable":true,"href":"https:\/\/www.estrategiaconcursos.com.br\/blog\/wp-json\/wp\/v2\/comments?post=458330"}],"version-history":[{"count":8,"href":"https:\/\/www.estrategiaconcursos.com.br\/blog\/wp-json\/wp\/v2\/posts\/458330\/revisions"}],"predecessor-version":[{"id":458479,"href":"https:\/\/www.estrategiaconcursos.com.br\/blog\/wp-json\/wp\/v2\/posts\/458330\/revisions\/458479"}],"wp:attachment":[{"href":"https:\/\/www.estrategiaconcursos.com.br\/blog\/wp-json\/wp\/v2\/media?parent=458330"}],"wp:term":[{"taxonomy":"category","embeddable":true,"href":"https:\/\/www.estrategiaconcursos.com.br\/blog\/wp-json\/wp\/v2\/categories?post=458330"},{"taxonomy":"post_tag","embeddable":true,"href":"https:\/\/www.estrategiaconcursos.com.br\/blog\/wp-json\/wp\/v2\/tags?post=458330"},{"taxonomy":"tax_estado","embeddable":true,"href":"https:\/\/www.estrategiaconcursos.com.br\/blog\/wp-json\/wp\/v2\/tax_estado?post=458330"}],"curies":[{"name":"wp","href":"https:\/\/api.w.org\/{rel}","templated":true}]}}