{"id":458325,"date":"2022-03-04T08:34:20","date_gmt":"2022-03-04T11:34:20","guid":{"rendered":"https:\/\/www.estrategiaconcursos.com.br\/blog\/?p=458325"},"modified":"2022-04-04T13:31:23","modified_gmt":"2022-04-04T16:31:23","slug":"concurso-camara-de-timoteo-mg","status":"publish","type":"post","link":"https:\/\/www.estrategiaconcursos.com.br\/blog\/concurso-camara-de-timoteo-mg\/","title":{"rendered":"Concurso C\u00e2mara de Tim\u00f3teo: gabaritos preliminares divulgados"},"content":{"rendered":"\n<p>Foram divulgados os <a href=\"https:\/\/dhg1h5j42swfq.cloudfront.net\/2022\/04\/04131630\/gabarito-timoteo-2022.pdf\" target=\"_blank\" rel=\"noreferrer noopener nofollow\">gabaritos preliminares<\/a> das provas do <strong>concurso C\u00e2mara de Tim\u00f3teo<\/strong>, estado de Minas Gerais. A etapa foi realizada no \u00faltimo domingo, 03 de abril.<\/p>\n\n\n\n<p>Agora, o prazo para interposi\u00e7\u00e3o de recursos ficar\u00e1 aberto entre os dias 05 a 07 de abril, no portal da <a href=\"https:\/\/www.gestaodeconcursos.com.br\/site\/site\/DetalheConcurso.aspx?CodigoConcurso=1327\" target=\"_blank\" rel=\"noreferrer noopener\">Fundep<\/a>.<\/p>\n\n\n\n<p>S\u00e3o ofertadas <strong>15 vagas <\/strong>entre ampla concorr\u00eancia e pessoas com defici\u00eancia, para cargos de n\u00edveis m\u00e9dio, t\u00e9cnico e superior, com sal\u00e1rios de at\u00e9 R$ 3,1 mil.<\/p>\n\n\n\n<ul class=\"has-background wp-block-list\" style=\"background:linear-gradient(135deg,rgb(255,253,248) 0%,rgb(170,141,55) 94%)\"><li><strong>C\u00e2mara de Tim\u00f3teo &#8211; MG<\/strong><\/li><li><strong>Vagas<\/strong>: 15<\/li><li><strong>Sal\u00e1rio inicial<\/strong>: R$ 1.129,07 a R$ 3.191,00<\/li><li><strong>Banca<\/strong>: Fundep<\/li><li><strong>Edital<\/strong>: <a href=\"https:\/\/dhg1h5j42swfq.cloudfront.net\/2022\/02\/11105304\/edital-012019-concurso-camara-de-timoteo-consolidado_ret-05-divulgado-em-08-10-2020.pdf\" target=\"_blank\" rel=\"noreferrer noopener nofollow\">C\u00e2mara de Tim\u00f3teo-2019<\/a><\/li><\/ul>\n\n\n\n<p>Acompanhe neste artigo todas as informa\u00e7\u00f5es necess\u00e1rias para prestar o certame e comece desde j\u00e1 os seus estudos. Confira os t\u00f3picos a seguir.<\/p>\n\n\n\n<ul class=\"wp-block-list\" id=\"indice\"><li><a href=\"#cargos\">Cargos e vagas<\/a><\/li><li><a href=\"#etapas\">Etapas do concurso<\/a><ul><li><a href=\"#objetiva\">Prova Objetiva<\/a><\/li><li><a href=\"#redacao\">Reda\u00e7\u00e3o<\/a><\/li><li><a href=\"#titulos\">Prova de T\u00edtulos<\/a><\/li><li><a href=\"#nota\">Nota final do concurso<\/a><\/li><\/ul><\/li><li><a href=\"#cursos\">Cursos e assinatura<\/a><\/li><li><a href=\"#ficha\">Ficha T\u00e9cnica<\/a><\/li><\/ul>\n\n\n\n<h2 class=\"wp-block-heading\" id=\"cargos\">Cargos e vagas do concurso C\u00e2mara de Tim\u00f3teo<\/h2>\n\n\n\n<p>O concurso C\u00e2mara de Tim\u00f3teo oferta <strong>15 vagas<\/strong> para cargos de n\u00edvel m\u00e9dio, t\u00e9cnico e superior. Confira abaixo os cargos, quantidade de vagas e remunera\u00e7\u00e3o:<\/p>\n\n\n\n<ul class=\"wp-block-list\"><li><strong>Agente administrativo &#8211; 6 vagas<\/strong><ul><li>Ensino M\u00e9dio<\/li><li>30 h &#8211; R$ 1.129,07 <\/li><\/ul><\/li><\/ul>\n\n\n\n<ul class=\"wp-block-list\"><li><strong>Assistente T\u00e9cnico de Controle Interno &#8211; 1 vaga<\/strong><ul><li>Curso T\u00e9cnico em contabilidade<\/li><li>30h &#8211; R$1.726,36<\/li><\/ul><\/li><\/ul>\n\n\n\n<ul class=\"wp-block-list\"><li><strong>Motorista &#8211; 2 vagas<\/strong><ul><li>Habilita\u00e7\u00e3o legal para exerc\u00edcio da fun\u00e7\u00e3o e Ensino M\u00e9dio Completo.<\/li><li>30h &#8211; R$ 1.726,36<\/li><\/ul><\/li><\/ul>\n\n\n\n<ul class=\"wp-block-list\"><li><strong>Operador de som e imagem &#8211; 1 vaga<\/strong><ul><li>Ensino M\u00e9dio e conhecimento na \u00e1rea.<\/li><li>30h &#8211; R$ 1.726,36<\/li><\/ul><\/li><\/ul>\n\n\n\n<ul class=\"wp-block-list\"><li><strong>T\u00e9cnico em contabilidade &#8211; 1 vaga<\/strong><ul><li>Curso T\u00e9cnico em contabilidade<\/li><li>30h &#8211; R$ 1.726,36<\/li><\/ul><\/li><\/ul>\n\n\n\n<ul class=\"wp-block-list\"><li><strong>T\u00e9cnico em inform\u00e1tica &#8211; 2 vagas<\/strong><ul><li>Curso T\u00e9cnico em inform\u00e1tica<\/li><li>30h &#8211; R$ 1.726,36<\/li><\/ul><\/li><\/ul>\n\n\n\n<ul class=\"wp-block-list\"><li><strong>Analista de RH &#8211; 1 vaga<\/strong><ul><li>Ensino Superior Completo: Administra\u00e7\u00e3o, Ci\u00eancias Cont\u00e1beis ou Curso Superior em Recursos Humanos, com registro no respectivo Conselho de Classe.<\/li><li>30h &#8211; R$ 3.191,00<\/li><\/ul><\/li><\/ul>\n\n\n\n<ul class=\"wp-block-list\"><li><strong>Controlador Interno &#8211; 1 vaga<\/strong><ul><li>Ensino Superior Completo: Curso de Ci\u00eancias Cont\u00e1beis, Administra\u00e7\u00e3o ou Direito, com registro no respectivo Conselho de Classe.<\/li><li>30h &#8211; R$ 3.191,00<\/li><\/ul><\/li><\/ul>\n\n\n\n<h2 class=\"wp-block-heading\" id=\"etapas\">Etapas do concurso C\u00e2mara de Tim\u00f3teo<\/h2>\n\n\n\n<p>O certame \u00e9 composto pelas seguintes etapas:<\/p>\n\n\n\n<p class=\"has-background\" style=\"background-color:#e2d9bd\"><strong>Prova Objetiva <\/strong>de m\u00faltipla escolha, de car\u00e1ter eliminat\u00f3rio e classificat\u00f3rio para <strong>todos os cargos<\/strong>;<br \/><strong>Prova de Reda\u00e7\u00e3o<\/strong>, de car\u00e1ter eliminat\u00f3rio e classificat\u00f3rio, para todos os cargos de <strong>n\u00edvel superior<\/strong>;<br \/><strong>Prova de T\u00edtulos<\/strong>, de car\u00e1ter classificat\u00f3rio, para todos os cargos de <strong>n\u00edvel superior<\/strong>;<\/p>\n\n\n\n<h3 class=\"wp-block-heading\" id=\"prova-objetiva\">Prova Objetiva<\/h3>\n\n\n\n<p>A aplica\u00e7\u00e3o da Prova Objetiva do concurso C\u00e2mara de Tim\u00f3teo ocorreu no turno da manh\u00e3, no Munic\u00edpio de Tim\u00f3teo, sendo 5 horas de dura\u00e7\u00e3o para os cargos de N\u00edvel Superior e 4 horas para os cargos de N\u00edvel M\u00e9dio.<\/p>\n\n\n\n<p>A avalia\u00e7\u00e3o foi composta por<strong> 50 quest\u00f5es de m\u00faltipla<\/strong> escolha com 4 alternativas em cada quest\u00e3o. Ser\u00e1 <strong>aprovado<\/strong> nesta etapa o candidato que obtiver, <strong>no m\u00ednimo, 30 pontos e n\u00e3o zerar nenhuma das disciplinas da prova. <\/strong><\/p>\n\n\n\n<p>Confira a seguir as disciplinas exigidas na avalia\u00e7\u00e3o e as respectivas quantidade de quest\u00f5es.<\/p>\n\n\n\n<p style=\"font-size:clamp(14px, 0.875rem + ((1vw - 3.2px) * 0.392), 18px);\"><strong>Ensino M\u00e9dio<\/strong><\/p>\n\n\n\n<div class=\"wp-block-image\"><figure class=\"aligncenter\"><img decoding=\"async\" src=\"https:\/\/dhg1h5j42swfq.cloudfront.net\/2019\/12\/10140536\/prova-objetiva-n%C3%ADvel-m%C3%A9dio-concurso-c%C3%A2mara-de-tim%C3%B3teo.png\" alt=\"prova objetiva n\u00edvel m\u00e9dio concurso c\u00e2mara de tim\u00f3teo\" class=\"wp-image-458360\"\/><figcaption>Estrutura da prova objetiva do concurso C\u00e2mara de Tim\u00f3teo<\/figcaption><\/figure><\/div>\n\n\n\n<p style=\"font-size:clamp(14px, 0.875rem + ((1vw - 3.2px) * 0.392), 18px);\"><strong>Ensino Superior<\/strong><\/p>\n\n\n\n<div class=\"wp-block-image\"><figure class=\"aligncenter\"><img decoding=\"async\" src=\"https:\/\/dhg1h5j42swfq.cloudfront.net\/2019\/12\/10140810\/prova-objetiva-n%C3%ADvel-superior-concurso-c%C3%A2mara-de-tim%C3%B3teo.png\" alt=\"prova objetiva n\u00edvel superior concurso c\u00e2mara de tim\u00f3teo\" class=\"wp-image-458361\"\/><figcaption>Estrutura da prova objetiva do concurso C\u00e2mara de Tim\u00f3teo<\/figcaption><\/figure><\/div>\n\n\n\n<h3 class=\"wp-block-heading\" id=\"redacao\">Reda\u00e7\u00e3o<\/h3>\n\n\n\n<p>A prova de <strong>reda\u00e7\u00e3o <\/strong>foi aplicada no mesmo hor\u00e1rio e data da avalia\u00e7\u00e3o objetiva somente para os cargos de n\u00edvel superior. A Reda\u00e7\u00e3o teve que ser elaborada com no m\u00ednimo 15 e no m\u00e1ximo 30 linhas. <\/p>\n\n\n\n<p>Ser\u00e3o corrigidas as Reda\u00e7\u00f5es dos candidatos aprovados e melhores classificados na Prova Objetiva, considerando o quantitativo previsto de vagas. <\/p>\n\n\n\n<p>A pontua\u00e7\u00e3o total nesta etapa ser\u00e1 de 20 pontos. O candidato para ser aprovado precisa obter, no m\u00ednimo, 10 pontos. <\/p>\n\n\n\n<h3 class=\"wp-block-heading\" id=\"titulos\">Prova de T\u00edtulos<\/h3>\n\n\n\n<p>A <strong>terceira etapa<\/strong> ser\u00e1 constitu\u00edda de Prova de T\u00edtulos, para os candidatos <strong>aprovados na Prova de Reda\u00e7\u00e3o<\/strong>, para os <strong>cargos de n\u00edvel superior<\/strong>. <\/p>\n\n\n\n<p>Os candidatos aprovados ter\u00e3o 3 dias \u00fateis, a partir do dia seguinte ao da publica\u00e7\u00e3o do resultado da an\u00e1lise dos recursos contra a nota da prova de Reda\u00e7\u00e3o, para apresentarem os t\u00edtulos a serem examinados.<\/p>\n\n\n\n<figure class=\"wp-block-table is-style-stripes\"><table class=\"has-background has-fixed-layout\" style=\"background-color:#d9cda7\"><tbody><tr><td class=\"has-text-align-center\" data-align=\"center\"><strong>T\u00edtulo<\/strong><\/td><td class=\"has-text-align-center\" data-align=\"center\"><strong>Pontua\u00e7\u00e3o<\/strong><\/td><\/tr><tr><td class=\"has-text-align-center\" data-align=\"center\">Conclus\u00e3o de curso de p\u00f3s-gradua\u00e7\u00e3o lato sensu, com carga hor\u00e1ria m\u00ednima de 360 horas \u2013 Especializa\u00e7\u00e3o, na \u00e1rea de sele\u00e7\u00e3o espec\u00edfica a que concorre.<\/td><td class=\"has-text-align-center\" data-align=\"center\">1,0<\/td><\/tr><tr><td class=\"has-text-align-center\" data-align=\"center\">Conclus\u00e3o de p\u00f3s-gradua\u00e7\u00e3o stricto sensu \u2013 Mestrado, na \u00e1rea espec\u00edfica a que concorre.<\/td><td class=\"has-text-align-center\" data-align=\"center\">1,5<\/td><\/tr><tr><td class=\"has-text-align-center\" data-align=\"center\">Conclus\u00e3o de curso de p\u00f3s-gradua\u00e7\u00e3o stricto sensu \u2013 Doutorado, na \u00e1rea espec\u00edfica a que concorre.<\/td><td class=\"has-text-align-center\" data-align=\"center\">2,0<\/td><\/tr><\/tbody><\/table><\/figure>\n\n\n\n<h3 class=\"wp-block-heading\" id=\"nota\">Nota final do concurso c\u00e2mara de Tim\u00f3teo<\/h3>\n\n\n\n<p>A <strong>nota final<\/strong> dos candidatos aprovados no concurso C\u00e2mara de Tim\u00f3teo ser\u00e1 igual ao <strong>total de pontos obtidos na Prova Objetiva, acrescido dos pontos obtidos na Prova de Reda\u00e7\u00e3o, quando for o caso e Prova de T\u00edtulos, quando for o caso<\/strong>. <\/p>\n\n\n\n<p>Na hip\u00f3tese de <em><strong>igualdade de nota final<\/strong> <\/em>entre candidatos, ser\u00e3o aplicados <strong>crit\u00e9rios de desempate<\/strong> para todos os cargos, tendo prefer\u00eancia, sucessivamente, o candidato que tiver: <\/p>\n\n\n\n<ul class=\"wp-block-list\"><li>a) Idade igual ou superior a 60 anos, sendo considerada, para esse fim, a data de realiza\u00e7\u00e3o das provas objetivas;<\/li><li>b) Maior n\u00famero de pontos na Prova Reda\u00e7\u00e3o, quando for o caso;<\/li><li>c) Maior n\u00famero de acertos na Prova Objetiva, nas quest\u00f5es de Conhecimentos Espec\u00edficos, quando for o caso;<\/li><li>d) Maior n\u00famero de acertos na Prova Objetiva, nas quest\u00f5es de L\u00edngua Portuguesa;<\/li><li>e) Maior n\u00famero de acertos na Prova Objetiva, nas quest\u00f5es de Legisla\u00e7\u00e3o;<\/li><li>f) Idade maior;<\/li><li>g) Ainda assim permanecendo o empate, sorteio. <\/li><\/ul>\n\n\n\n<hr class=\"wp-block-separator\"\/>\n\n\n\n<h2 class=\"has-text-align-center wp-block-heading\" id=\"h-quer-saber-tudo-sobre-concursos-previstos-confira-nossos-artigos\">Quer saber tudo sobre concursos previstos?<br \/>Confira nossos artigos!<\/h2>\n\n\n\n<ul class=\"wp-block-list\"><li><a href=\"https:\/\/www.estrategiaconcursos.com.br\/blog\/concursos-abertos\/\" target=\"_blank\" rel=\"noreferrer noopener\">Concursos abertos<\/a><\/li><li><a href=\"https:\/\/www.estrategiaconcursos.com.br\/blog\/concursos-2022\/\" target=\"_blank\" rel=\"noreferrer noopener\">Concursos 2022<\/a><\/li><\/ul>\n\n\n\n<h2 class=\"has-text-align-center wp-block-heading\" id=\"cursos\">Quer estudar para o concurso C\u00e2mara de Tim\u00f3teo?<\/h2>\n\n\n\n<div class=\"container\" id=\"boxes\">\n  <div class=\"row\">\n\n    <div class=\"col-sm\">\n      <div class=\"banner-legislativo\" id=\"box-assinatura\">\n        <h3 class=\"titulo-assinatura\">Concurso C\u00e2mara de Tim\u00f3teo<\/h3>\n        <p class=\"subtitulo-assinatura\">Conhe\u00e7a os cursos<\/p>\n        <div class=\"box-botao\">\n          <a class=\"btn-assinatura\" target=\"_blank\" href=\"https:\/\/www.estrategiaconcursos.com.br\/cursosPorConcurso\/area-legislativa-pacotes-promocionais\/\" role=\"button\" rel=\"noopener noreferrer\">Conhe\u00e7a mais<\/a>\n        <\/div>\n      <\/div>\n     \n\n  <\/div>\n<\/div><\/div>\n\n\n\n<div class=\"container\" id=\"boxes\">\n  <div class=\"row\">\n\n    <div class=\"col-sm\">\n      <div class=\"estrategia\" id=\"box-assinatura\">\n        <h3 class=\"titulo-assinatura\">Assinatura de Concursos<\/h3>\n        <p class=\"subtitulo-assinatura\">Assinatura de 1 ano ou 2 anos<\/p>\n        <div class=\"box-botao\">\n          <a class=\"btn-assinatura\" target=\"_blank\" href=\"https:\/\/www.estrategiaconcursos.com.br\/assinaturas\/\" role=\"button\" rel=\"noopener noreferrer\">ASSINE AGORA<\/a>\n        <\/div>\n      <\/div>\n     \n    <\/div><\/div><\/div>\n\n\n\n<figure class=\"wp-block-image size-full is-resized\"><img loading=\"lazy\" decoding=\"async\" src=\"https:\/\/dhg1h5j42swfq.cloudfront.net\/2021\/05\/20215428\/ficha-tecnica-1-1024x632-1-15.png\" alt=\"Informa\u00e7\u00f5es do concurso C\u00e2mara de Tim\u00f3teo\" class=\"wp-image-746613\" width=\"290\" height=\"179\" srcset=\"https:\/\/dhg1h5j42swfq.cloudfront.net\/2021\/05\/20215428\/ficha-tecnica-1-1024x632-1-15.png 1024w, https:\/\/dhg1h5j42swfq.cloudfront.net\/2021\/05\/20215428\/ficha-tecnica-1-1024x632-1-15-300x185.png 300w, https:\/\/dhg1h5j42swfq.cloudfront.net\/2021\/05\/20215428\/ficha-tecnica-1-1024x632-1-15-768x474.png 768w, https:\/\/dhg1h5j42swfq.cloudfront.net\/2021\/05\/20215428\/ficha-tecnica-1-1024x632-1-15-610x376.png 610w\" sizes=\"auto, (max-width: 290px) 100vw, 290px\" \/><\/figure>\n\n\n\n<h3 class=\"wp-block-heading\" id=\"ficha\">Informa\u00e7\u00f5es do concurso C\u00e2mara de Tim\u00f3teo-MG<\/h3>\n\n\n\n<p>\u25ba<strong>Prova objetiva<\/strong>: 03\/04\/2022<br \/>\u25ba<strong>Vagas<\/strong>: 15<br \/>\u25ba<strong>Cargos<\/strong>: Diversos<br \/>\u25ba<strong>Banca<\/strong>: Fundeb<br \/>\u25ba<strong>Escolaridade<\/strong>: N\u00edvel m\u00e9dio, T\u00e9cnico e Superior<br \/>\u25ba<strong>Edital<\/strong>: <a href=\"https:\/\/dhg1h5j42swfq.cloudfront.net\/2022\/02\/11105304\/edital-012019-concurso-camara-de-timoteo-consolidado_ret-05-divulgado-em-08-10-2020.pdf\" target=\"_blank\" rel=\"noreferrer noopener nofollow\">C\u00e2mara de Tim\u00f3teo-2019<\/a><\/p>\n","protected":false},"excerpt":{"rendered":"<p>Foram divulgados os gabaritos preliminares das provas do concurso C\u00e2mara de Tim\u00f3teo, estado de Minas Gerais. A etapa foi realizada no \u00faltimo domingo, 03 de abril. Agora, o prazo para interposi\u00e7\u00e3o de recursos ficar\u00e1 aberto entre os dias 05 a 07 de abril, no portal da Fundep. S\u00e3o ofertadas 15 vagas entre ampla concorr\u00eancia e [&hellip;]<\/p>\n","protected":false},"author":1,"featured_media":532204,"comment_status":"open","ping_status":"closed","sticky":false,"template":"","format":"standard","meta":{"post_tipo":"news_page","footnotes":""},"categories":[2017],"tags":[],"tax_estado":[219974],"class_list":["post-458325","post","type-post","status-publish","format-standard","has-post-thumbnail","hentry","category-concursos-legislativos","tax_estado-mg"],"acf":[],"yoast_head":"<!-- This site is optimized with the Yoast SEO Premium plugin v27.2 (Yoast SEO v27.2) - https:\/\/yoast.com\/product\/yoast-seo-premium-wordpress\/ -->\n<title>Concurso C\u00e2mara de Tim\u00f3teo: gabaritos preliminares divulgados<\/title>\n<meta name=\"description\" content=\"Concurso C\u00e2mara de Tim\u00f3teo: Gabaritos preliminares das provas objetivas s\u00e3o divulgados! Confira aqui os detalhes completos da sele\u00e7\u00e3o!\" \/>\n<meta name=\"robots\" content=\"index, follow, max-snippet:-1, max-image-preview:large, max-video-preview:-1\" \/>\n<link rel=\"canonical\" href=\"https:\/\/www.estrategiaconcursos.com.br\/blog\/concurso-camara-de-timoteo-mg\/\" \/>\n<meta property=\"og:locale\" content=\"pt_BR\" \/>\n<meta property=\"og:type\" content=\"article\" \/>\n<meta property=\"og:title\" content=\"Concurso C\u00e2mara de Tim\u00f3teo: gabaritos preliminares divulgados\" \/>\n<meta property=\"og:description\" content=\"Concurso C\u00e2mara de Tim\u00f3teo: Gabaritos preliminares das provas objetivas s\u00e3o divulgados! Confira aqui os detalhes completos da sele\u00e7\u00e3o!\" \/>\n<meta property=\"og:url\" content=\"https:\/\/www.estrategiaconcursos.com.br\/blog\/concurso-camara-de-timoteo-mg\/\" \/>\n<meta property=\"og:site_name\" content=\"Estrat\u00e9gia Concursos\" \/>\n<meta property=\"article:author\" content=\"https:\/\/www.facebook.com\/EstrategiaConcursos\" \/>\n<meta property=\"article:published_time\" content=\"2022-03-04T11:34:20+00:00\" \/>\n<meta property=\"article:modified_time\" content=\"2022-04-04T16:31:23+00:00\" \/>\n<meta property=\"og:image\" content=\"https:\/\/dhg1h5j42swfq.cloudfront.net\/2020\/04\/25145114\/C%C3%A2mara-de-Tim%C3%B3teo-MG.png\" \/>\n\t<meta property=\"og:image:width\" content=\"1200\" \/>\n\t<meta property=\"og:image:height\" content=\"628\" \/>\n\t<meta property=\"og:image:type\" content=\"image\/png\" \/>\n<meta name=\"author\" content=\"Coordena\u00e7\u00e3o\" \/>\n<meta name=\"twitter:card\" content=\"summary_large_image\" \/>\n<meta name=\"twitter:creator\" content=\"@EstratConcursos\" \/>\n<meta name=\"twitter:site\" content=\"@EstratConcursos\" \/>\n<meta name=\"twitter:label1\" content=\"Escrito por\" \/>\n\t<meta name=\"twitter:data1\" content=\"Coordena\u00e7\u00e3o\" \/>\n\t<meta name=\"twitter:label2\" content=\"Est. tempo de leitura\" \/>\n\t<meta name=\"twitter:data2\" content=\"6 minutos\" \/>\n<script type=\"application\/ld+json\" class=\"yoast-schema-graph\">{\"@context\":\"https:\/\/schema.org\",\"@graph\":[{\"@type\":\"NewsArticle\",\"@id\":\"https:\/\/www.estrategiaconcursos.com.br\/blog\/concurso-camara-de-timoteo-mg\/#article\",\"isPartOf\":{\"@id\":\"https:\/\/www.estrategiaconcursos.com.br\/blog\/concurso-camara-de-timoteo-mg\/\"},\"author\":{\"name\":\"Coordena\u00e7\u00e3o\",\"@id\":\"https:\/\/www.estrategiaconcursos.com.br\/blog\/#\/schema\/person\/b4a388c97673c5f483d72185668afa1f\"},\"headline\":\"Concurso C\u00e2mara de Tim\u00f3teo: gabaritos preliminares divulgados\",\"datePublished\":\"2022-03-04T11:34:20+00:00\",\"dateModified\":\"2022-04-04T16:31:23+00:00\",\"mainEntityOfPage\":{\"@id\":\"https:\/\/www.estrategiaconcursos.com.br\/blog\/concurso-camara-de-timoteo-mg\/\"},\"wordCount\":1024,\"commentCount\":1,\"publisher\":{\"@id\":\"https:\/\/www.estrategiaconcursos.com.br\/blog\/#organization\"},\"image\":{\"@id\":\"https:\/\/www.estrategiaconcursos.com.br\/blog\/concurso-camara-de-timoteo-mg\/#primaryimage\"},\"thumbnailUrl\":\"https:\/\/dhg1h5j42swfq.cloudfront.net\/2020\/04\/25145114\/C%C3%A2mara-de-Tim%C3%B3teo-MG.png\",\"articleSection\":[\"Legislativo\"],\"inLanguage\":\"pt-BR\",\"potentialAction\":[{\"@type\":\"CommentAction\",\"name\":\"Comment\",\"target\":[\"https:\/\/www.estrategiaconcursos.com.br\/blog\/concurso-camara-de-timoteo-mg\/#respond\"]}],\"copyrightYear\":\"2022\",\"copyrightHolder\":{\"@id\":\"https:\/\/www.estrategiaconcursos.com.br\/blog\/#organization\"}},{\"@type\":\"WebPage\",\"@id\":\"https:\/\/www.estrategiaconcursos.com.br\/blog\/concurso-camara-de-timoteo-mg\/\",\"url\":\"https:\/\/www.estrategiaconcursos.com.br\/blog\/concurso-camara-de-timoteo-mg\/\",\"name\":\"Concurso C\u00e2mara de Tim\u00f3teo: gabaritos preliminares divulgados\",\"isPartOf\":{\"@id\":\"https:\/\/www.estrategiaconcursos.com.br\/blog\/#website\"},\"primaryImageOfPage\":{\"@id\":\"https:\/\/www.estrategiaconcursos.com.br\/blog\/concurso-camara-de-timoteo-mg\/#primaryimage\"},\"image\":{\"@id\":\"https:\/\/www.estrategiaconcursos.com.br\/blog\/concurso-camara-de-timoteo-mg\/#primaryimage\"},\"thumbnailUrl\":\"https:\/\/dhg1h5j42swfq.cloudfront.net\/2020\/04\/25145114\/C%C3%A2mara-de-Tim%C3%B3teo-MG.png\",\"datePublished\":\"2022-03-04T11:34:20+00:00\",\"dateModified\":\"2022-04-04T16:31:23+00:00\",\"description\":\"Concurso C\u00e2mara de Tim\u00f3teo: Gabaritos preliminares das provas objetivas s\u00e3o divulgados! Confira aqui os detalhes completos da sele\u00e7\u00e3o!\",\"breadcrumb\":{\"@id\":\"https:\/\/www.estrategiaconcursos.com.br\/blog\/concurso-camara-de-timoteo-mg\/#breadcrumb\"},\"inLanguage\":\"pt-BR\",\"potentialAction\":[{\"@type\":\"ReadAction\",\"target\":[\"https:\/\/www.estrategiaconcursos.com.br\/blog\/concurso-camara-de-timoteo-mg\/\"]}]},{\"@type\":\"ImageObject\",\"inLanguage\":\"pt-BR\",\"@id\":\"https:\/\/www.estrategiaconcursos.com.br\/blog\/concurso-camara-de-timoteo-mg\/#primaryimage\",\"url\":\"https:\/\/dhg1h5j42swfq.cloudfront.net\/2020\/04\/25145114\/C%C3%A2mara-de-Tim%C3%B3teo-MG.png\",\"contentUrl\":\"https:\/\/dhg1h5j42swfq.cloudfront.net\/2020\/04\/25145114\/C%C3%A2mara-de-Tim%C3%B3teo-MG.png\",\"width\":1200,\"height\":628},{\"@type\":\"BreadcrumbList\",\"@id\":\"https:\/\/www.estrategiaconcursos.com.br\/blog\/concurso-camara-de-timoteo-mg\/#breadcrumb\",\"itemListElement\":[{\"@type\":\"ListItem\",\"position\":1,\"name\":\"In\u00edcio\",\"item\":\"https:\/\/www.estrategiaconcursos.com.br\/blog\/\"},{\"@type\":\"ListItem\",\"position\":2,\"name\":\"Concurso C\u00e2mara de Tim\u00f3teo: gabaritos preliminares divulgados\"}]},{\"@type\":\"WebSite\",\"@id\":\"https:\/\/www.estrategiaconcursos.com.br\/blog\/#website\",\"url\":\"https:\/\/www.estrategiaconcursos.com.br\/blog\/\",\"name\":\"Estrat\u00e9gia Concursos\",\"description\":\"O blog da Estrat\u00e9gia Concursos traz not\u00edcias sobre concursos e artigos de professores oferecendo cursos para concursos (pdf + videaulas) no site.\",\"publisher\":{\"@id\":\"https:\/\/www.estrategiaconcursos.com.br\/blog\/#organization\"},\"potentialAction\":[{\"@type\":\"SearchAction\",\"target\":{\"@type\":\"EntryPoint\",\"urlTemplate\":\"https:\/\/www.estrategiaconcursos.com.br\/blog\/?s={search_term_string}\"},\"query-input\":{\"@type\":\"PropertyValueSpecification\",\"valueRequired\":true,\"valueName\":\"search_term_string\"}}],\"inLanguage\":\"pt-BR\"},{\"@type\":\"Organization\",\"@id\":\"https:\/\/www.estrategiaconcursos.com.br\/blog\/#organization\",\"name\":\"Estrat\u00e9gia Concursos\",\"url\":\"https:\/\/www.estrategiaconcursos.com.br\/blog\/\",\"logo\":{\"@type\":\"ImageObject\",\"inLanguage\":\"pt-BR\",\"@id\":\"https:\/\/www.estrategiaconcursos.com.br\/blog\/#\/schema\/logo\/image\/\",\"url\":\"https:\/\/dhg1h5j42swfq.cloudfront.net\/2025\/06\/03203428\/logo_concursos-1.jpg\",\"contentUrl\":\"https:\/\/dhg1h5j42swfq.cloudfront.net\/2025\/06\/03203428\/logo_concursos-1.jpg\",\"width\":230,\"height\":60,\"caption\":\"Estrat\u00e9gia Concursos\"},\"image\":{\"@id\":\"https:\/\/www.estrategiaconcursos.com.br\/blog\/#\/schema\/logo\/image\/\"},\"sameAs\":[\"https:\/\/x.com\/EstratConcursos\"]},{\"@type\":\"Person\",\"@id\":\"https:\/\/www.estrategiaconcursos.com.br\/blog\/#\/schema\/person\/b4a388c97673c5f483d72185668afa1f\",\"name\":\"Coordena\u00e7\u00e3o\",\"image\":{\"@type\":\"ImageObject\",\"inLanguage\":\"pt-BR\",\"@id\":\"https:\/\/secure.gravatar.com\/avatar\/b720319e4c9a967eb58678d110f4fe35452fc5d5f97b202bac7b8acceb18c6ad?s=96&d=mm&r=g\",\"url\":\"https:\/\/secure.gravatar.com\/avatar\/b720319e4c9a967eb58678d110f4fe35452fc5d5f97b202bac7b8acceb18c6ad?s=96&d=mm&r=g\",\"contentUrl\":\"https:\/\/secure.gravatar.com\/avatar\/b720319e4c9a967eb58678d110f4fe35452fc5d5f97b202bac7b8acceb18c6ad?s=96&d=mm&r=g\",\"caption\":\"Coordena\u00e7\u00e3o\"},\"sameAs\":[\"https:\/\/www.facebook.com\/EstrategiaConcursos\",\"https:\/\/x.com\/EstratConcursos\"],\"url\":\"https:\/\/www.estrategiaconcursos.com.br\/blog\/author\/estrategia2013\/\"}]}<\/script>\n<!-- \/ Yoast SEO Premium plugin. -->","yoast_head_json":{"title":"Concurso C\u00e2mara de Tim\u00f3teo: gabaritos preliminares divulgados","description":"Concurso C\u00e2mara de Tim\u00f3teo: Gabaritos preliminares das provas objetivas s\u00e3o divulgados! Confira aqui os detalhes completos da sele\u00e7\u00e3o!","robots":{"index":"index","follow":"follow","max-snippet":"max-snippet:-1","max-image-preview":"max-image-preview:large","max-video-preview":"max-video-preview:-1"},"canonical":"https:\/\/www.estrategiaconcursos.com.br\/blog\/concurso-camara-de-timoteo-mg\/","og_locale":"pt_BR","og_type":"article","og_title":"Concurso C\u00e2mara de Tim\u00f3teo: gabaritos preliminares divulgados","og_description":"Concurso C\u00e2mara de Tim\u00f3teo: Gabaritos preliminares das provas objetivas s\u00e3o divulgados! Confira aqui os detalhes completos da sele\u00e7\u00e3o!","og_url":"https:\/\/www.estrategiaconcursos.com.br\/blog\/concurso-camara-de-timoteo-mg\/","og_site_name":"Estrat\u00e9gia Concursos","article_author":"https:\/\/www.facebook.com\/EstrategiaConcursos","article_published_time":"2022-03-04T11:34:20+00:00","article_modified_time":"2022-04-04T16:31:23+00:00","og_image":[{"width":1200,"height":628,"url":"https:\/\/dhg1h5j42swfq.cloudfront.net\/2020\/04\/25145114\/C%C3%A2mara-de-Tim%C3%B3teo-MG.png","type":"image\/png"}],"author":"Coordena\u00e7\u00e3o","twitter_card":"summary_large_image","twitter_creator":"@EstratConcursos","twitter_site":"@EstratConcursos","twitter_misc":{"Escrito por":"Coordena\u00e7\u00e3o","Est. tempo de leitura":"6 minutos"},"schema":{"@context":"https:\/\/schema.org","@graph":[{"@type":"NewsArticle","@id":"https:\/\/www.estrategiaconcursos.com.br\/blog\/concurso-camara-de-timoteo-mg\/#article","isPartOf":{"@id":"https:\/\/www.estrategiaconcursos.com.br\/blog\/concurso-camara-de-timoteo-mg\/"},"author":{"name":"Coordena\u00e7\u00e3o","@id":"https:\/\/www.estrategiaconcursos.com.br\/blog\/#\/schema\/person\/b4a388c97673c5f483d72185668afa1f"},"headline":"Concurso C\u00e2mara de Tim\u00f3teo: gabaritos preliminares divulgados","datePublished":"2022-03-04T11:34:20+00:00","dateModified":"2022-04-04T16:31:23+00:00","mainEntityOfPage":{"@id":"https:\/\/www.estrategiaconcursos.com.br\/blog\/concurso-camara-de-timoteo-mg\/"},"wordCount":1024,"commentCount":1,"publisher":{"@id":"https:\/\/www.estrategiaconcursos.com.br\/blog\/#organization"},"image":{"@id":"https:\/\/www.estrategiaconcursos.com.br\/blog\/concurso-camara-de-timoteo-mg\/#primaryimage"},"thumbnailUrl":"https:\/\/dhg1h5j42swfq.cloudfront.net\/2020\/04\/25145114\/C%C3%A2mara-de-Tim%C3%B3teo-MG.png","articleSection":["Legislativo"],"inLanguage":"pt-BR","potentialAction":[{"@type":"CommentAction","name":"Comment","target":["https:\/\/www.estrategiaconcursos.com.br\/blog\/concurso-camara-de-timoteo-mg\/#respond"]}],"copyrightYear":"2022","copyrightHolder":{"@id":"https:\/\/www.estrategiaconcursos.com.br\/blog\/#organization"}},{"@type":"WebPage","@id":"https:\/\/www.estrategiaconcursos.com.br\/blog\/concurso-camara-de-timoteo-mg\/","url":"https:\/\/www.estrategiaconcursos.com.br\/blog\/concurso-camara-de-timoteo-mg\/","name":"Concurso C\u00e2mara de Tim\u00f3teo: gabaritos preliminares divulgados","isPartOf":{"@id":"https:\/\/www.estrategiaconcursos.com.br\/blog\/#website"},"primaryImageOfPage":{"@id":"https:\/\/www.estrategiaconcursos.com.br\/blog\/concurso-camara-de-timoteo-mg\/#primaryimage"},"image":{"@id":"https:\/\/www.estrategiaconcursos.com.br\/blog\/concurso-camara-de-timoteo-mg\/#primaryimage"},"thumbnailUrl":"https:\/\/dhg1h5j42swfq.cloudfront.net\/2020\/04\/25145114\/C%C3%A2mara-de-Tim%C3%B3teo-MG.png","datePublished":"2022-03-04T11:34:20+00:00","dateModified":"2022-04-04T16:31:23+00:00","description":"Concurso C\u00e2mara de Tim\u00f3teo: Gabaritos preliminares das provas objetivas s\u00e3o divulgados! Confira aqui os detalhes completos da sele\u00e7\u00e3o!","breadcrumb":{"@id":"https:\/\/www.estrategiaconcursos.com.br\/blog\/concurso-camara-de-timoteo-mg\/#breadcrumb"},"inLanguage":"pt-BR","potentialAction":[{"@type":"ReadAction","target":["https:\/\/www.estrategiaconcursos.com.br\/blog\/concurso-camara-de-timoteo-mg\/"]}]},{"@type":"ImageObject","inLanguage":"pt-BR","@id":"https:\/\/www.estrategiaconcursos.com.br\/blog\/concurso-camara-de-timoteo-mg\/#primaryimage","url":"https:\/\/dhg1h5j42swfq.cloudfront.net\/2020\/04\/25145114\/C%C3%A2mara-de-Tim%C3%B3teo-MG.png","contentUrl":"https:\/\/dhg1h5j42swfq.cloudfront.net\/2020\/04\/25145114\/C%C3%A2mara-de-Tim%C3%B3teo-MG.png","width":1200,"height":628},{"@type":"BreadcrumbList","@id":"https:\/\/www.estrategiaconcursos.com.br\/blog\/concurso-camara-de-timoteo-mg\/#breadcrumb","itemListElement":[{"@type":"ListItem","position":1,"name":"In\u00edcio","item":"https:\/\/www.estrategiaconcursos.com.br\/blog\/"},{"@type":"ListItem","position":2,"name":"Concurso C\u00e2mara de Tim\u00f3teo: gabaritos preliminares divulgados"}]},{"@type":"WebSite","@id":"https:\/\/www.estrategiaconcursos.com.br\/blog\/#website","url":"https:\/\/www.estrategiaconcursos.com.br\/blog\/","name":"Estrat\u00e9gia Concursos","description":"O blog da Estrat\u00e9gia Concursos traz not\u00edcias sobre concursos e artigos de professores oferecendo cursos para concursos (pdf + videaulas) no site.","publisher":{"@id":"https:\/\/www.estrategiaconcursos.com.br\/blog\/#organization"},"potentialAction":[{"@type":"SearchAction","target":{"@type":"EntryPoint","urlTemplate":"https:\/\/www.estrategiaconcursos.com.br\/blog\/?s={search_term_string}"},"query-input":{"@type":"PropertyValueSpecification","valueRequired":true,"valueName":"search_term_string"}}],"inLanguage":"pt-BR"},{"@type":"Organization","@id":"https:\/\/www.estrategiaconcursos.com.br\/blog\/#organization","name":"Estrat\u00e9gia Concursos","url":"https:\/\/www.estrategiaconcursos.com.br\/blog\/","logo":{"@type":"ImageObject","inLanguage":"pt-BR","@id":"https:\/\/www.estrategiaconcursos.com.br\/blog\/#\/schema\/logo\/image\/","url":"https:\/\/dhg1h5j42swfq.cloudfront.net\/2025\/06\/03203428\/logo_concursos-1.jpg","contentUrl":"https:\/\/dhg1h5j42swfq.cloudfront.net\/2025\/06\/03203428\/logo_concursos-1.jpg","width":230,"height":60,"caption":"Estrat\u00e9gia Concursos"},"image":{"@id":"https:\/\/www.estrategiaconcursos.com.br\/blog\/#\/schema\/logo\/image\/"},"sameAs":["https:\/\/x.com\/EstratConcursos"]},{"@type":"Person","@id":"https:\/\/www.estrategiaconcursos.com.br\/blog\/#\/schema\/person\/b4a388c97673c5f483d72185668afa1f","name":"Coordena\u00e7\u00e3o","image":{"@type":"ImageObject","inLanguage":"pt-BR","@id":"https:\/\/secure.gravatar.com\/avatar\/b720319e4c9a967eb58678d110f4fe35452fc5d5f97b202bac7b8acceb18c6ad?s=96&d=mm&r=g","url":"https:\/\/secure.gravatar.com\/avatar\/b720319e4c9a967eb58678d110f4fe35452fc5d5f97b202bac7b8acceb18c6ad?s=96&d=mm&r=g","contentUrl":"https:\/\/secure.gravatar.com\/avatar\/b720319e4c9a967eb58678d110f4fe35452fc5d5f97b202bac7b8acceb18c6ad?s=96&d=mm&r=g","caption":"Coordena\u00e7\u00e3o"},"sameAs":["https:\/\/www.facebook.com\/EstrategiaConcursos","https:\/\/x.com\/EstratConcursos"],"url":"https:\/\/www.estrategiaconcursos.com.br\/blog\/author\/estrategia2013\/"}]}},"_links":{"self":[{"href":"https:\/\/www.estrategiaconcursos.com.br\/blog\/wp-json\/wp\/v2\/posts\/458325","targetHints":{"allow":["GET"]}}],"collection":[{"href":"https:\/\/www.estrategiaconcursos.com.br\/blog\/wp-json\/wp\/v2\/posts"}],"about":[{"href":"https:\/\/www.estrategiaconcursos.com.br\/blog\/wp-json\/wp\/v2\/types\/post"}],"author":[{"embeddable":true,"href":"https:\/\/www.estrategiaconcursos.com.br\/blog\/wp-json\/wp\/v2\/users\/1"}],"replies":[{"embeddable":true,"href":"https:\/\/www.estrategiaconcursos.com.br\/blog\/wp-json\/wp\/v2\/comments?post=458325"}],"version-history":[{"count":36,"href":"https:\/\/www.estrategiaconcursos.com.br\/blog\/wp-json\/wp\/v2\/posts\/458325\/revisions"}],"predecessor-version":[{"id":1000994,"href":"https:\/\/www.estrategiaconcursos.com.br\/blog\/wp-json\/wp\/v2\/posts\/458325\/revisions\/1000994"}],"wp:featuredmedia":[{"embeddable":true,"href":"https:\/\/www.estrategiaconcursos.com.br\/blog\/wp-json\/wp\/v2\/media\/532204"}],"wp:attachment":[{"href":"https:\/\/www.estrategiaconcursos.com.br\/blog\/wp-json\/wp\/v2\/media?parent=458325"}],"wp:term":[{"taxonomy":"category","embeddable":true,"href":"https:\/\/www.estrategiaconcursos.com.br\/blog\/wp-json\/wp\/v2\/categories?post=458325"},{"taxonomy":"post_tag","embeddable":true,"href":"https:\/\/www.estrategiaconcursos.com.br\/blog\/wp-json\/wp\/v2\/tags?post=458325"},{"taxonomy":"tax_estado","embeddable":true,"href":"https:\/\/www.estrategiaconcursos.com.br\/blog\/wp-json\/wp\/v2\/tax_estado?post=458325"}],"curies":[{"name":"wp","href":"https:\/\/api.w.org\/{rel}","templated":true}]}}