{"id":458292,"date":"2019-12-10T13:08:37","date_gmt":"2019-12-10T16:08:37","guid":{"rendered":"https:\/\/www.estrategiaconcursos.com.br\/blog\/?p=458292"},"modified":"2020-01-22T18:37:43","modified_gmt":"2020-01-22T21:37:43","slug":"concurso-crefono5-go-df-prorrogadas-inscricoes","status":"publish","type":"post","link":"https:\/\/www.estrategiaconcursos.com.br\/blog\/concurso-crefono5-go-df-prorrogadas-inscricoes\/","title":{"rendered":"Concurso CREFONO5\/GO-DF: PRORROGADAS as inscri\u00e7\u00f5es at\u00e9 07 de janeiro"},"content":{"rendered":"\n<p>O  Instituto  QUADRIX, banca organizadora do <strong>concurso CREFONO 5\/GO-DF<\/strong> publicou nesta ter\u00e7a-feira, 12 de dezembro, um comunicado informando a <em><strong>prorroga\u00e7\u00e3o das inscri\u00e7\u00f5es<\/strong><\/em> do certame at\u00e9 \u00e0s <strong>23 horas e 59 minutos do dia 07 de janeiro de 2020<\/strong>. <\/p>\n\n\n\n<p>De acordo com o edital de abertura, as inscri\u00e7\u00f5es se encerrariam na \u00faltima segunda-feira, 09 de dezembro. Agora os candidatos ter\u00e3o praticamente mais um m\u00eas para se inscreverem no concurso. <\/p>\n\n\n\n<p>O <strong>pagamento da taxa<\/strong> poder\u00e1 ser efetuado at\u00e9 o dia seguinte ao do t\u00e9rmino das inscri\u00e7\u00f5es, dia <strong>08 de janeiro<\/strong>. <\/p>\n\n\n\n<div class=\"wp-block-image\"><figure class=\"aligncenter\"><img loading=\"lazy\" decoding=\"async\" width=\"786\" height=\"675\" src=\"https:\/\/dhg1h5j42swfq.cloudfront.net\/2019\/12\/10125953\/crefono-5.png.png\" alt=\"\" class=\"wp-image-458305\" srcset=\"https:\/\/dhg1h5j42swfq.cloudfront.net\/2019\/12\/10125953\/crefono-5.png.png 786w, https:\/\/dhg1h5j42swfq.cloudfront.net\/2019\/12\/10125953\/crefono-5.png.png 300w, https:\/\/dhg1h5j42swfq.cloudfront.net\/2019\/12\/10125953\/crefono-5.png.png 768w, https:\/\/dhg1h5j42swfq.cloudfront.net\/2019\/12\/10125953\/crefono-5.png.png 610w\" sizes=\"auto, (max-width: 786px) 100vw, 786px\" \/><\/figure><\/div>\n\n\n\n<p>O certame oferta <strong>165 vagas<\/strong> para cargos de n\u00edvel m\u00e9dio e superior. As Provas Objetivas est\u00e3o previstas para o dia <strong>09 de fevereiro de 2020<\/strong>. As remunera\u00e7\u00f5es variam de R$ 1.461,58 e R$ 3.816,00, al\u00e9m de benef\u00edcios.   <\/p>\n\n\n\n<p>As oportunidades se mostram bem atrativas, inclusive para os candidatos que n\u00e3o possuam forma\u00e7\u00e3o em fonoaudiologia, e poder\u00e3o concorrer a vagas para n\u00edvel m\u00e9dio de escolaridade. <\/p>\n\n\n\n<p style=\"font-size:22px;text-align:center\"><strong>Q<em>uer estudar para Concurso CREFONO5 GO-DF?<\/em><\/strong><\/p>\n\n\n\n<p style=\"text-align:center\"><em><strong>Gostou desta oportunidade e deseja come\u00e7ar se preparar agora mesmo? Ent\u00e3o, confira os nossos cursos e comece a estudar para CREFONO5\/ GO-DF:<\/strong><\/em><\/p>\n\n\n\n<p style=\"font-size:25px;text-align:center\" class=\"has-background has-luminous-vivid-amber-background-color\"><strong><a href=\"https:\/\/www.estrategiaconcursos.com.br\/cursos\/concurso\/\" target=\"_blank\" rel=\"noreferrer noopener\" aria-label=\"Curso para concurso (abre numa nova aba)\">Curso para concurso<\/a><\/strong><\/p>\n\n\n\n<p style=\"font-size:21px;text-align:center\"><em><strong>Assinatura Anual Ilimitada*<\/strong><\/em><\/p>\n\n\n\n<p style=\"text-align:center\"><em>Prepare-se com o melhor material e com quem mais aprova em Concursos P\u00fablicos em todo o pa\u00eds. Assine agora a nossa Assinatura Anual e tenha acesso ilimitado a todos os nossos cursos.<\/em><\/p>\n\n\n\n<p style=\"font-size:22px;text-align:center\" class=\"has-background has-light-green-cyan-background-color\"><strong>ASSINE AGORA<\/strong>&nbsp;\u2013&nbsp;<a rel=\"noreferrer noopener\" href=\"https:\/\/www.estrategiaconcursos.com.br\/assinaturas\" target=\"_blank\">Assinatura Ilimitada<\/a><\/p>\n\n\n\n<p style=\"text-align:center\"><em><strong>Fique por dentro de todos os concursos<\/strong><\/em>:<\/p>\n\n\n\n<p style=\"font-size:23px;text-align:center\" class=\"has-background has-pale-cyan-blue-background-color\"><strong><a href=\"https:\/\/www.estrategiaconcursos.com.br\/blog\/concursos-abertos\/\" target=\"_blank\" rel=\"noreferrer noopener\">Concursos abertos<\/a><\/strong><\/p>\n\n\n\n<p style=\"font-size:23px;text-align:center\" class=\"has-background has-pale-cyan-blue-background-color\"><strong><a href=\"https:\/\/www.estrategiaconcursos.com.br\/blog\/concursos-2019\/\" target=\"_blank\" rel=\"noreferrer noopener\">Concursos 2019<\/a><\/strong><\/p>\n\n\n\n<p style=\"font-size:23px;text-align:center\" class=\"has-background has-pale-cyan-blue-background-color\"><a rel=\"noreferrer noopener\" href=\"https:\/\/www.estrategiaconcursos.com.br\/blog\/concursos-2020\/\" target=\"_blank\"><strong>Concursos 2020<\/strong><\/a><\/p>\n\n\n<p><!--EndFragment--><br \/><br \/><\/p>","protected":false},"excerpt":{"rendered":"<p>O Instituto QUADRIX, banca organizadora do concurso CREFONO 5\/GO-DF publicou nesta ter\u00e7a-feira, 12 de dezembro, um comunicado informando a prorroga\u00e7\u00e3o das inscri\u00e7\u00f5es do certame at\u00e9 \u00e0s 23 horas e 59 minutos do dia 07 de janeiro de 2020. De acordo com o edital de abertura, as inscri\u00e7\u00f5es se encerrariam na \u00faltima segunda-feira, 09 de dezembro. [&hellip;]<\/p>\n","protected":false},"author":93,"featured_media":442360,"comment_status":"open","ping_status":"closed","sticky":false,"template":"","format":"standard","meta":{"post_tipo":"article","footnotes":""},"categories":[1],"tags":[],"tax_estado":[],"class_list":["post-458292","post","type-post","status-publish","format-standard","has-post-thumbnail","hentry","category-cursos-e-concursos"],"acf":[],"yoast_head":"<!-- This site is optimized with the Yoast SEO Premium plugin v27.2 (Yoast SEO v27.2) - https:\/\/yoast.com\/product\/yoast-seo-premium-wordpress\/ -->\n<title>Concurso CREFONO5\/GO-DF: PRORROGADAS as inscri\u00e7\u00f5es at\u00e9 07 de janeiro<\/title>\n<meta name=\"robots\" content=\"index, follow, max-snippet:-1, max-image-preview:large, max-video-preview:-1\" \/>\n<link rel=\"canonical\" href=\"https:\/\/www.estrategiaconcursos.com.br\/blog\/concurso-crefono5-go-df-prorrogadas-inscricoes\/\" \/>\n<meta property=\"og:locale\" content=\"pt_BR\" \/>\n<meta property=\"og:type\" content=\"article\" \/>\n<meta property=\"og:title\" content=\"Concurso CREFONO5\/GO-DF: PRORROGADAS as inscri\u00e7\u00f5es at\u00e9 07 de janeiro\" \/>\n<meta property=\"og:description\" content=\"O Instituto QUADRIX, banca organizadora do concurso CREFONO 5\/GO-DF publicou nesta ter\u00e7a-feira, 12 de dezembro, um comunicado informando a prorroga\u00e7\u00e3o das inscri\u00e7\u00f5es do certame at\u00e9 \u00e0s 23 horas e 59 minutos do dia 07 de janeiro de 2020. De acordo com o edital de abertura, as inscri\u00e7\u00f5es se encerrariam na \u00faltima segunda-feira, 09 de dezembro. [&hellip;]\" \/>\n<meta property=\"og:url\" content=\"https:\/\/www.estrategiaconcursos.com.br\/blog\/concurso-crefono5-go-df-prorrogadas-inscricoes\/\" \/>\n<meta property=\"og:site_name\" content=\"Estrat\u00e9gia Concursos\" \/>\n<meta property=\"article:published_time\" content=\"2019-12-10T16:08:37+00:00\" \/>\n<meta property=\"article:modified_time\" content=\"2020-01-22T21:37:43+00:00\" \/>\n<meta property=\"og:image\" content=\"https:\/\/dhg1h5j42swfq.cloudfront.net\/2019\/10\/31085905\/CREFONO.jpg\" \/>\n\t<meta property=\"og:image:width\" content=\"1200\" \/>\n\t<meta property=\"og:image:height\" content=\"628\" \/>\n\t<meta property=\"og:image:type\" content=\"image\/jpeg\" \/>\n<meta name=\"author\" content=\"Vinicius Silva\" \/>\n<meta name=\"twitter:card\" content=\"summary_large_image\" \/>\n<meta name=\"twitter:creator\" content=\"@EstratConcursos\" \/>\n<meta name=\"twitter:site\" content=\"@EstratConcursos\" \/>\n<meta name=\"twitter:label1\" content=\"Escrito por\" \/>\n\t<meta name=\"twitter:data1\" content=\"Vinicius Silva\" \/>\n\t<meta name=\"twitter:label2\" content=\"Est. tempo de leitura\" \/>\n\t<meta name=\"twitter:data2\" content=\"1 minuto\" \/>\n<script type=\"application\/ld+json\" class=\"yoast-schema-graph\">{\"@context\":\"https:\/\/schema.org\",\"@graph\":[{\"@type\":\"NewsArticle\",\"@id\":\"https:\/\/www.estrategiaconcursos.com.br\/blog\/concurso-crefono5-go-df-prorrogadas-inscricoes\/#article\",\"isPartOf\":{\"@id\":\"https:\/\/www.estrategiaconcursos.com.br\/blog\/concurso-crefono5-go-df-prorrogadas-inscricoes\/\"},\"author\":{\"name\":\"Vinicius Silva\",\"@id\":\"https:\/\/www.estrategiaconcursos.com.br\/blog\/#\/schema\/person\/20030622a981f9a942ad6b3561fe4ca4\"},\"headline\":\"Concurso CREFONO5\/GO-DF: PRORROGADAS as inscri\u00e7\u00f5es at\u00e9 07 de janeiro\",\"datePublished\":\"2019-12-10T16:08:37+00:00\",\"dateModified\":\"2020-01-22T21:37:43+00:00\",\"mainEntityOfPage\":{\"@id\":\"https:\/\/www.estrategiaconcursos.com.br\/blog\/concurso-crefono5-go-df-prorrogadas-inscricoes\/\"},\"wordCount\":255,\"commentCount\":0,\"publisher\":{\"@id\":\"https:\/\/www.estrategiaconcursos.com.br\/blog\/#organization\"},\"image\":{\"@id\":\"https:\/\/www.estrategiaconcursos.com.br\/blog\/concurso-crefono5-go-df-prorrogadas-inscricoes\/#primaryimage\"},\"thumbnailUrl\":\"https:\/\/dhg1h5j42swfq.cloudfront.net\/2019\/10\/31085905\/CREFONO.jpg\",\"articleSection\":[\"Concursos P\u00fablicos\"],\"inLanguage\":\"pt-BR\",\"potentialAction\":[{\"@type\":\"CommentAction\",\"name\":\"Comment\",\"target\":[\"https:\/\/www.estrategiaconcursos.com.br\/blog\/concurso-crefono5-go-df-prorrogadas-inscricoes\/#respond\"]}],\"copyrightYear\":\"2019\",\"copyrightHolder\":{\"@id\":\"https:\/\/www.estrategiaconcursos.com.br\/blog\/#organization\"}},{\"@type\":\"WebPage\",\"@id\":\"https:\/\/www.estrategiaconcursos.com.br\/blog\/concurso-crefono5-go-df-prorrogadas-inscricoes\/\",\"url\":\"https:\/\/www.estrategiaconcursos.com.br\/blog\/concurso-crefono5-go-df-prorrogadas-inscricoes\/\",\"name\":\"Concurso CREFONO5\/GO-DF: PRORROGADAS as inscri\u00e7\u00f5es at\u00e9 07 de janeiro\",\"isPartOf\":{\"@id\":\"https:\/\/www.estrategiaconcursos.com.br\/blog\/#website\"},\"primaryImageOfPage\":{\"@id\":\"https:\/\/www.estrategiaconcursos.com.br\/blog\/concurso-crefono5-go-df-prorrogadas-inscricoes\/#primaryimage\"},\"image\":{\"@id\":\"https:\/\/www.estrategiaconcursos.com.br\/blog\/concurso-crefono5-go-df-prorrogadas-inscricoes\/#primaryimage\"},\"thumbnailUrl\":\"https:\/\/dhg1h5j42swfq.cloudfront.net\/2019\/10\/31085905\/CREFONO.jpg\",\"datePublished\":\"2019-12-10T16:08:37+00:00\",\"dateModified\":\"2020-01-22T21:37:43+00:00\",\"breadcrumb\":{\"@id\":\"https:\/\/www.estrategiaconcursos.com.br\/blog\/concurso-crefono5-go-df-prorrogadas-inscricoes\/#breadcrumb\"},\"inLanguage\":\"pt-BR\",\"potentialAction\":[{\"@type\":\"ReadAction\",\"target\":[\"https:\/\/www.estrategiaconcursos.com.br\/blog\/concurso-crefono5-go-df-prorrogadas-inscricoes\/\"]}]},{\"@type\":\"ImageObject\",\"inLanguage\":\"pt-BR\",\"@id\":\"https:\/\/www.estrategiaconcursos.com.br\/blog\/concurso-crefono5-go-df-prorrogadas-inscricoes\/#primaryimage\",\"url\":\"https:\/\/dhg1h5j42swfq.cloudfront.net\/2019\/10\/31085905\/CREFONO.jpg\",\"contentUrl\":\"https:\/\/dhg1h5j42swfq.cloudfront.net\/2019\/10\/31085905\/CREFONO.jpg\",\"width\":1200,\"height\":628,\"caption\":\"CREFONO 4\"},{\"@type\":\"BreadcrumbList\",\"@id\":\"https:\/\/www.estrategiaconcursos.com.br\/blog\/concurso-crefono5-go-df-prorrogadas-inscricoes\/#breadcrumb\",\"itemListElement\":[{\"@type\":\"ListItem\",\"position\":1,\"name\":\"In\u00edcio\",\"item\":\"https:\/\/www.estrategiaconcursos.com.br\/blog\/\"},{\"@type\":\"ListItem\",\"position\":2,\"name\":\"Concurso CREFONO5\/GO-DF: PRORROGADAS as inscri\u00e7\u00f5es at\u00e9 07 de janeiro\"}]},{\"@type\":\"WebSite\",\"@id\":\"https:\/\/www.estrategiaconcursos.com.br\/blog\/#website\",\"url\":\"https:\/\/www.estrategiaconcursos.com.br\/blog\/\",\"name\":\"Estrat\u00e9gia Concursos\",\"description\":\"O blog da Estrat\u00e9gia Concursos traz not\u00edcias sobre concursos e artigos de professores oferecendo cursos para concursos (pdf + videaulas) no site.\",\"publisher\":{\"@id\":\"https:\/\/www.estrategiaconcursos.com.br\/blog\/#organization\"},\"potentialAction\":[{\"@type\":\"SearchAction\",\"target\":{\"@type\":\"EntryPoint\",\"urlTemplate\":\"https:\/\/www.estrategiaconcursos.com.br\/blog\/?s={search_term_string}\"},\"query-input\":{\"@type\":\"PropertyValueSpecification\",\"valueRequired\":true,\"valueName\":\"search_term_string\"}}],\"inLanguage\":\"pt-BR\"},{\"@type\":\"Organization\",\"@id\":\"https:\/\/www.estrategiaconcursos.com.br\/blog\/#organization\",\"name\":\"Estrat\u00e9gia Concursos\",\"url\":\"https:\/\/www.estrategiaconcursos.com.br\/blog\/\",\"logo\":{\"@type\":\"ImageObject\",\"inLanguage\":\"pt-BR\",\"@id\":\"https:\/\/www.estrategiaconcursos.com.br\/blog\/#\/schema\/logo\/image\/\",\"url\":\"https:\/\/dhg1h5j42swfq.cloudfront.net\/2025\/06\/03203428\/logo_concursos-1.jpg\",\"contentUrl\":\"https:\/\/dhg1h5j42swfq.cloudfront.net\/2025\/06\/03203428\/logo_concursos-1.jpg\",\"width\":230,\"height\":60,\"caption\":\"Estrat\u00e9gia Concursos\"},\"image\":{\"@id\":\"https:\/\/www.estrategiaconcursos.com.br\/blog\/#\/schema\/logo\/image\/\"},\"sameAs\":[\"https:\/\/x.com\/EstratConcursos\"]},{\"@type\":\"Person\",\"@id\":\"https:\/\/www.estrategiaconcursos.com.br\/blog\/#\/schema\/person\/20030622a981f9a942ad6b3561fe4ca4\",\"name\":\"Vinicius Silva\",\"image\":{\"@type\":\"ImageObject\",\"inLanguage\":\"pt-BR\",\"@id\":\"https:\/\/secure.gravatar.com\/avatar\/604d9670a4c7eea71feaa4381f3ae97e148292ac402671c5944aa67a3d127663?s=96&d=mm&r=g\",\"url\":\"https:\/\/secure.gravatar.com\/avatar\/604d9670a4c7eea71feaa4381f3ae97e148292ac402671c5944aa67a3d127663?s=96&d=mm&r=g\",\"contentUrl\":\"https:\/\/secure.gravatar.com\/avatar\/604d9670a4c7eea71feaa4381f3ae97e148292ac402671c5944aa67a3d127663?s=96&d=mm&r=g\",\"caption\":\"Vinicius Silva\"},\"url\":\"https:\/\/www.estrategiaconcursos.com.br\/blog\/author\/viniciussilvaestrategiaconcursos-com-br\/\"}]}<\/script>\n<!-- \/ Yoast SEO Premium plugin. -->","yoast_head_json":{"title":"Concurso CREFONO5\/GO-DF: PRORROGADAS as inscri\u00e7\u00f5es at\u00e9 07 de janeiro","robots":{"index":"index","follow":"follow","max-snippet":"max-snippet:-1","max-image-preview":"max-image-preview:large","max-video-preview":"max-video-preview:-1"},"canonical":"https:\/\/www.estrategiaconcursos.com.br\/blog\/concurso-crefono5-go-df-prorrogadas-inscricoes\/","og_locale":"pt_BR","og_type":"article","og_title":"Concurso CREFONO5\/GO-DF: PRORROGADAS as inscri\u00e7\u00f5es at\u00e9 07 de janeiro","og_description":"O Instituto QUADRIX, banca organizadora do concurso CREFONO 5\/GO-DF publicou nesta ter\u00e7a-feira, 12 de dezembro, um comunicado informando a prorroga\u00e7\u00e3o das inscri\u00e7\u00f5es do certame at\u00e9 \u00e0s 23 horas e 59 minutos do dia 07 de janeiro de 2020. De acordo com o edital de abertura, as inscri\u00e7\u00f5es se encerrariam na \u00faltima segunda-feira, 09 de dezembro. [&hellip;]","og_url":"https:\/\/www.estrategiaconcursos.com.br\/blog\/concurso-crefono5-go-df-prorrogadas-inscricoes\/","og_site_name":"Estrat\u00e9gia Concursos","article_published_time":"2019-12-10T16:08:37+00:00","article_modified_time":"2020-01-22T21:37:43+00:00","og_image":[{"width":1200,"height":628,"url":"https:\/\/dhg1h5j42swfq.cloudfront.net\/2019\/10\/31085905\/CREFONO.jpg","type":"image\/jpeg"}],"author":"Vinicius Silva","twitter_card":"summary_large_image","twitter_creator":"@EstratConcursos","twitter_site":"@EstratConcursos","twitter_misc":{"Escrito por":"Vinicius Silva","Est. tempo de leitura":"1 minuto"},"schema":{"@context":"https:\/\/schema.org","@graph":[{"@type":"NewsArticle","@id":"https:\/\/www.estrategiaconcursos.com.br\/blog\/concurso-crefono5-go-df-prorrogadas-inscricoes\/#article","isPartOf":{"@id":"https:\/\/www.estrategiaconcursos.com.br\/blog\/concurso-crefono5-go-df-prorrogadas-inscricoes\/"},"author":{"name":"Vinicius Silva","@id":"https:\/\/www.estrategiaconcursos.com.br\/blog\/#\/schema\/person\/20030622a981f9a942ad6b3561fe4ca4"},"headline":"Concurso CREFONO5\/GO-DF: PRORROGADAS as inscri\u00e7\u00f5es at\u00e9 07 de janeiro","datePublished":"2019-12-10T16:08:37+00:00","dateModified":"2020-01-22T21:37:43+00:00","mainEntityOfPage":{"@id":"https:\/\/www.estrategiaconcursos.com.br\/blog\/concurso-crefono5-go-df-prorrogadas-inscricoes\/"},"wordCount":255,"commentCount":0,"publisher":{"@id":"https:\/\/www.estrategiaconcursos.com.br\/blog\/#organization"},"image":{"@id":"https:\/\/www.estrategiaconcursos.com.br\/blog\/concurso-crefono5-go-df-prorrogadas-inscricoes\/#primaryimage"},"thumbnailUrl":"https:\/\/dhg1h5j42swfq.cloudfront.net\/2019\/10\/31085905\/CREFONO.jpg","articleSection":["Concursos P\u00fablicos"],"inLanguage":"pt-BR","potentialAction":[{"@type":"CommentAction","name":"Comment","target":["https:\/\/www.estrategiaconcursos.com.br\/blog\/concurso-crefono5-go-df-prorrogadas-inscricoes\/#respond"]}],"copyrightYear":"2019","copyrightHolder":{"@id":"https:\/\/www.estrategiaconcursos.com.br\/blog\/#organization"}},{"@type":"WebPage","@id":"https:\/\/www.estrategiaconcursos.com.br\/blog\/concurso-crefono5-go-df-prorrogadas-inscricoes\/","url":"https:\/\/www.estrategiaconcursos.com.br\/blog\/concurso-crefono5-go-df-prorrogadas-inscricoes\/","name":"Concurso CREFONO5\/GO-DF: PRORROGADAS as inscri\u00e7\u00f5es at\u00e9 07 de janeiro","isPartOf":{"@id":"https:\/\/www.estrategiaconcursos.com.br\/blog\/#website"},"primaryImageOfPage":{"@id":"https:\/\/www.estrategiaconcursos.com.br\/blog\/concurso-crefono5-go-df-prorrogadas-inscricoes\/#primaryimage"},"image":{"@id":"https:\/\/www.estrategiaconcursos.com.br\/blog\/concurso-crefono5-go-df-prorrogadas-inscricoes\/#primaryimage"},"thumbnailUrl":"https:\/\/dhg1h5j42swfq.cloudfront.net\/2019\/10\/31085905\/CREFONO.jpg","datePublished":"2019-12-10T16:08:37+00:00","dateModified":"2020-01-22T21:37:43+00:00","breadcrumb":{"@id":"https:\/\/www.estrategiaconcursos.com.br\/blog\/concurso-crefono5-go-df-prorrogadas-inscricoes\/#breadcrumb"},"inLanguage":"pt-BR","potentialAction":[{"@type":"ReadAction","target":["https:\/\/www.estrategiaconcursos.com.br\/blog\/concurso-crefono5-go-df-prorrogadas-inscricoes\/"]}]},{"@type":"ImageObject","inLanguage":"pt-BR","@id":"https:\/\/www.estrategiaconcursos.com.br\/blog\/concurso-crefono5-go-df-prorrogadas-inscricoes\/#primaryimage","url":"https:\/\/dhg1h5j42swfq.cloudfront.net\/2019\/10\/31085905\/CREFONO.jpg","contentUrl":"https:\/\/dhg1h5j42swfq.cloudfront.net\/2019\/10\/31085905\/CREFONO.jpg","width":1200,"height":628,"caption":"CREFONO 4"},{"@type":"BreadcrumbList","@id":"https:\/\/www.estrategiaconcursos.com.br\/blog\/concurso-crefono5-go-df-prorrogadas-inscricoes\/#breadcrumb","itemListElement":[{"@type":"ListItem","position":1,"name":"In\u00edcio","item":"https:\/\/www.estrategiaconcursos.com.br\/blog\/"},{"@type":"ListItem","position":2,"name":"Concurso CREFONO5\/GO-DF: PRORROGADAS as inscri\u00e7\u00f5es at\u00e9 07 de janeiro"}]},{"@type":"WebSite","@id":"https:\/\/www.estrategiaconcursos.com.br\/blog\/#website","url":"https:\/\/www.estrategiaconcursos.com.br\/blog\/","name":"Estrat\u00e9gia Concursos","description":"O blog da Estrat\u00e9gia Concursos traz not\u00edcias sobre concursos e artigos de professores oferecendo cursos para concursos (pdf + videaulas) no site.","publisher":{"@id":"https:\/\/www.estrategiaconcursos.com.br\/blog\/#organization"},"potentialAction":[{"@type":"SearchAction","target":{"@type":"EntryPoint","urlTemplate":"https:\/\/www.estrategiaconcursos.com.br\/blog\/?s={search_term_string}"},"query-input":{"@type":"PropertyValueSpecification","valueRequired":true,"valueName":"search_term_string"}}],"inLanguage":"pt-BR"},{"@type":"Organization","@id":"https:\/\/www.estrategiaconcursos.com.br\/blog\/#organization","name":"Estrat\u00e9gia Concursos","url":"https:\/\/www.estrategiaconcursos.com.br\/blog\/","logo":{"@type":"ImageObject","inLanguage":"pt-BR","@id":"https:\/\/www.estrategiaconcursos.com.br\/blog\/#\/schema\/logo\/image\/","url":"https:\/\/dhg1h5j42swfq.cloudfront.net\/2025\/06\/03203428\/logo_concursos-1.jpg","contentUrl":"https:\/\/dhg1h5j42swfq.cloudfront.net\/2025\/06\/03203428\/logo_concursos-1.jpg","width":230,"height":60,"caption":"Estrat\u00e9gia Concursos"},"image":{"@id":"https:\/\/www.estrategiaconcursos.com.br\/blog\/#\/schema\/logo\/image\/"},"sameAs":["https:\/\/x.com\/EstratConcursos"]},{"@type":"Person","@id":"https:\/\/www.estrategiaconcursos.com.br\/blog\/#\/schema\/person\/20030622a981f9a942ad6b3561fe4ca4","name":"Vinicius Silva","image":{"@type":"ImageObject","inLanguage":"pt-BR","@id":"https:\/\/secure.gravatar.com\/avatar\/604d9670a4c7eea71feaa4381f3ae97e148292ac402671c5944aa67a3d127663?s=96&d=mm&r=g","url":"https:\/\/secure.gravatar.com\/avatar\/604d9670a4c7eea71feaa4381f3ae97e148292ac402671c5944aa67a3d127663?s=96&d=mm&r=g","contentUrl":"https:\/\/secure.gravatar.com\/avatar\/604d9670a4c7eea71feaa4381f3ae97e148292ac402671c5944aa67a3d127663?s=96&d=mm&r=g","caption":"Vinicius Silva"},"url":"https:\/\/www.estrategiaconcursos.com.br\/blog\/author\/viniciussilvaestrategiaconcursos-com-br\/"}]}},"_links":{"self":[{"href":"https:\/\/www.estrategiaconcursos.com.br\/blog\/wp-json\/wp\/v2\/posts\/458292","targetHints":{"allow":["GET"]}}],"collection":[{"href":"https:\/\/www.estrategiaconcursos.com.br\/blog\/wp-json\/wp\/v2\/posts"}],"about":[{"href":"https:\/\/www.estrategiaconcursos.com.br\/blog\/wp-json\/wp\/v2\/types\/post"}],"author":[{"embeddable":true,"href":"https:\/\/www.estrategiaconcursos.com.br\/blog\/wp-json\/wp\/v2\/users\/93"}],"replies":[{"embeddable":true,"href":"https:\/\/www.estrategiaconcursos.com.br\/blog\/wp-json\/wp\/v2\/comments?post=458292"}],"version-history":[{"count":6,"href":"https:\/\/www.estrategiaconcursos.com.br\/blog\/wp-json\/wp\/v2\/posts\/458292\/revisions"}],"predecessor-version":[{"id":458313,"href":"https:\/\/www.estrategiaconcursos.com.br\/blog\/wp-json\/wp\/v2\/posts\/458292\/revisions\/458313"}],"wp:featuredmedia":[{"embeddable":true,"href":"https:\/\/www.estrategiaconcursos.com.br\/blog\/wp-json\/wp\/v2\/media\/442360"}],"wp:attachment":[{"href":"https:\/\/www.estrategiaconcursos.com.br\/blog\/wp-json\/wp\/v2\/media?parent=458292"}],"wp:term":[{"taxonomy":"category","embeddable":true,"href":"https:\/\/www.estrategiaconcursos.com.br\/blog\/wp-json\/wp\/v2\/categories?post=458292"},{"taxonomy":"post_tag","embeddable":true,"href":"https:\/\/www.estrategiaconcursos.com.br\/blog\/wp-json\/wp\/v2\/tags?post=458292"},{"taxonomy":"tax_estado","embeddable":true,"href":"https:\/\/www.estrategiaconcursos.com.br\/blog\/wp-json\/wp\/v2\/tax_estado?post=458292"}],"curies":[{"name":"wp","href":"https:\/\/api.w.org\/{rel}","templated":true}]}}