{"id":458192,"date":"2019-12-11T10:15:14","date_gmt":"2019-12-11T13:15:14","guid":{"rendered":"https:\/\/www.estrategiaconcursos.com.br\/blog\/?p=458192"},"modified":"2023-07-05T09:27:25","modified_gmt":"2023-07-05T12:27:25","slug":"preparacao-personalizada-para-a-pcdf-aprenda-na-pratica","status":"publish","type":"post","link":"https:\/\/www.estrategiaconcursos.com.br\/blog\/preparacao-personalizada-para-a-pcdf-aprenda-na-pratica\/","title":{"rendered":"Prepara\u00e7\u00e3o Personalizada para a PCDF: Aprenda na pr\u00e1tica!"},"content":{"rendered":"\n<p style=\"font-size:clamp(14.642px, 0.915rem + ((1vw - 3.2px) * 0.721), 22px);px\"><strong>Fa\u00e7a um estudo personalizado para a pcdf &#8211; escriv\u00e3o.<\/strong><\/p>\n\n\n<figure class=\"wp-block-embed-youtube wp-block-embed is-type-video is-provider-youtube wp-embed-aspect-16-9 wp-has-aspect-ratio\"><div class=\"lyte-wrapper\" style=\"width:853px;max-width:100%;margin:5px;\"><div class=\"lyMe\" id=\"WYL_6kmicxMszIM\"><div id=\"lyte_6kmicxMszIM\" data-src=\"\/\/i.ytimg.com\/vi\/6kmicxMszIM\/hqdefault.jpg\" class=\"pL\"><div class=\"tC\"><div class=\"tT\"><\/div><\/div><div class=\"play\"><\/div><div class=\"ctrl\"><div class=\"Lctrl\"><\/div><div class=\"Rctrl\"><\/div><\/div><\/div><noscript><a href=\"https:\/\/youtu.be\/6kmicxMszIM\" rel=\"nofollow\"><img loading=\"lazy\" decoding=\"async\" src=\"https:\/\/i.ytimg.com\/vi\/6kmicxMszIM\/0.jpg\" alt=\"YouTube video thumbnail\" width=\"853\" height=\"460\" \/><br \/>Assista a este v\u00eddeo no YouTube<\/a><\/noscript><\/div><\/div><div class=\"lL\" style=\"max-width:100%;width:853px;margin:5px;\"><\/div><figcaption>Prepara\u00e7\u00e3o personalizada<\/figcaption><\/figure>\n\n\n<p>Ol\u00e1 pessoal, tudo bem?<\/p>\n\n\n\n<p>Quem escreve aqui \u00e9 o Solino, coach aqui no Estrat\u00e9gia.<\/p>\n\n\n\n<p>O edital da PCDF para escriv\u00e3o foi publicado no dia 03\/12\/19.\nAs provas objetiva e discursiva est\u00e3o marcada para o dia 15\/03\/20.<\/p>\n\n\n\n<p>Neste artigo eu irei apresentar uma<strong> metodologia de estudo personalizado para a PCDF<\/strong>. Para fins did\u00e1ticos, irei exemplificar um planejamento por meio de um estudo de caso de uma aluna, a Ana.<\/p>\n\n\n\n<p><strong>Dessa forma, voc\u00ea\npoder\u00e1 se planejar para maximizar a sua pontua\u00e7\u00e3o na prova, seja voc\u00ea um aluno\niniciante, intermedi\u00e1rio ou avan\u00e7ado.<\/strong><\/p>\n\n\n\n<p>Para ilustrar essa metodologia de estudo personalizado para a PCDF, irei fazer uma analogia entre o concurso e a constru\u00e7\u00e3o de uma casa.<\/p>\n\n\n\n<p><strong><a href=\"https:\/\/docs.google.com\/spreadsheets\/d\/1Y_dxgrTJBnQCxb0lle-pXlTA7h0o7l2C1HhbnUDSsI0\/copy\" target=\"_blank\" rel=\"noreferrer noopener\" aria-label=\"Baixe a planilha de estudo associada a essa metodologia de estudos. (abre numa nova aba)\">Baixe a planilha de estudo associada a essa metodologia de estudos.<\/a><\/strong><\/p>\n\n\n\n<h2 class=\"wp-block-heading\" id=\"h-estimacao-do-tempo-de-estudo\"><strong>Estima\u00e7\u00e3o do tempo de estudo<\/strong><\/h2>\n\n\n\n<p><strong>O ponto de partida \u00e9\nentender que para construir uma casa voc\u00ea tem um or\u00e7amento limitado.<\/strong> Ou\nseja, voc\u00ea possui uma restri\u00e7\u00e3o financeira para construir a casa.<\/p>\n\n\n\n<p><strong>Na prepara\u00e7\u00e3o para\nconcursos, o or\u00e7amento \u00e9 o seu tempo de estudo.<\/strong><\/p>\n\n\n\n<p>Logo, voc\u00ea deve estimar quanto tempo de estudo l\u00edquido voc\u00ea ter\u00e1 dispon\u00edvel. Veja que \u00e9 fundamental fazer uma estimativa fidedigna, pois n\u00e3o podemos fazer um or\u00e7amento de uma casa por R$ 800.000,00 e s\u00f3 termos dispon\u00edveis R$ 400.000,00, n\u00e3o \u00e9 verdade?<\/p>\n\n\n\n<p>A Ana estima ter \u00e0 disposi\u00e7\u00e3o 418 horas l\u00edquidas de estudo. Veja que ela n\u00e3o incluiu o tempo de estudo da \u00faltimo semana, pois esse ser\u00e1 um momento para fazer uma revis\u00e3o geral de v\u00e9spera de prova.<\/p>\n\n\n\n<figure class=\"wp-block-image aligncenter is-resized\"><img loading=\"lazy\" decoding=\"async\" src=\"https:\/\/dhg1h5j42swfq.cloudfront.net\/2019\/12\/10123246\/Captura-de-Tela-2019-12-10-a%CC%80s-12.32.32.png\" alt=\"tempo-estudo\" class=\"wp-image-458283\" width=\"768\" height=\"284\" srcset=\"https:\/\/dhg1h5j42swfq.cloudfront.net\/2019\/12\/10123246\/Captura-de-Tela-2019-12-10-a%CC%80s-12.32.32.png 1874w, https:\/\/dhg1h5j42swfq.cloudfront.net\/2019\/12\/10123246\/Captura-de-Tela-2019-12-10-a%CC%80s-12.32.32.png 300w, https:\/\/dhg1h5j42swfq.cloudfront.net\/2019\/12\/10123246\/Captura-de-Tela-2019-12-10-a%CC%80s-12.32.32.png 768w, https:\/\/dhg1h5j42swfq.cloudfront.net\/2019\/12\/10123246\/Captura-de-Tela-2019-12-10-a%CC%80s-12.32.32.png 1024w, https:\/\/dhg1h5j42swfq.cloudfront.net\/2019\/12\/10123246\/Captura-de-Tela-2019-12-10-a%CC%80s-12.32.32.png 610w\" sizes=\"auto, (max-width: 768px) 100vw, 768px\" \/><\/figure>\n\n\n\n<p>A grande quest\u00e3o \u00e9 a seguinte: <strong>Como distribuir o tempo de estudo entre as disciplinas a fim de\nmaximizar a nota?<\/strong><\/p>\n\n\n\n<h2 class=\"wp-block-heading\" id=\"h-analise-de-beneficio-x-custo\"><strong>An\u00e1lise de Benef\u00edcio x Custo<\/strong><\/h2>\n\n\n\n<p>O edital de escriv\u00e3o divide as disciplinas em dois blocos:\nB\u00e1sicas (50 quest\u00f5es) e Espec\u00edfica (70 quest\u00f5es).<\/p>\n\n\n\n<p><strong>Uma novidade importante foi que Inform\u00e1tica e Racioc\u00ednio L\u00f3gico-Matem\u00e1tico veio no grupo das Espec\u00edficas.<\/strong> Por uma an\u00e1lise de provas correlatas com a PCDF recentes do Cespe, como Pol\u00edcia Federal e Pol\u00edcia Rodovi\u00e1ria Federal, eu fiz a estimativa abaixo da distribui\u00e7\u00e3o de quest\u00f5es por disciplinas.<\/p>\n\n\n\n<figure class=\"wp-block-image aligncenter is-resized\"><img loading=\"lazy\" decoding=\"async\" src=\"https:\/\/dhg1h5j42swfq.cloudfront.net\/2019\/12\/10123358\/Captura-de-Tela-2019-12-10-a%CC%80s-12.33.43.png\" alt=\"pesos\" class=\"wp-image-458286\" width=\"662\" height=\"359\" srcset=\"https:\/\/dhg1h5j42swfq.cloudfront.net\/2019\/12\/10123358\/Captura-de-Tela-2019-12-10-a%CC%80s-12.33.43.png 1214w, https:\/\/dhg1h5j42swfq.cloudfront.net\/2019\/12\/10123358\/Captura-de-Tela-2019-12-10-a%CC%80s-12.33.43.png 300w, https:\/\/dhg1h5j42swfq.cloudfront.net\/2019\/12\/10123358\/Captura-de-Tela-2019-12-10-a%CC%80s-12.33.43.png 768w, https:\/\/dhg1h5j42swfq.cloudfront.net\/2019\/12\/10123358\/Captura-de-Tela-2019-12-10-a%CC%80s-12.33.43.png 1024w, https:\/\/dhg1h5j42swfq.cloudfront.net\/2019\/12\/10123358\/Captura-de-Tela-2019-12-10-a%CC%80s-12.33.43.png 610w\" sizes=\"auto, (max-width: 662px) 100vw, 662px\" \/><\/figure>\n\n\n\n<p><strong>Veja que, pelas\nminhas proje\u00e7\u00f5es, Portugu\u00eas, Inform\u00e1tica e RLM podem representar a metade dos\npontos da objetiva.<\/strong><\/p>\n\n\n\n<p>Al\u00e9m disso, avaliando a extens\u00e3o das disciplinas, podemos\navaliar o benef\u00edcio x custo das disciplinas.<\/p>\n\n\n\n<p>Em rela\u00e7\u00e3o a analogia da casa, pense que primeiro \u00e9\nnecess\u00e1rio ter alicerces bem feitos, sem os quais a resid\u00eancia n\u00e3o ir\u00e1 se\nsustentar em p\u00e9. Depois \u00e9 preciso avaliar quais itens a especifica\u00e7\u00e3o traz como\nos mais relevantes.<\/p>\n\n\n\n<h2 class=\"wp-block-heading\" id=\"h-analise-de-vulnerabilidade\"><strong>An\u00e1lise de vulnerabilidade<\/strong><\/h2>\n\n\n\n<p><strong>Podemos definir a\nvulnerabilidade do estudo como a defici\u00eancia entre o seu conhecimento das\ndisciplinas e uma nota competitiva para a prova.<\/strong><\/p>\n\n\n\n<p>Para fazer isso, \u00e9 preciso avaliar o seu n\u00edvel de dom\u00ednio das\ndisciplinas e ainda identificar em quais assuntos ser\u00e1 poss\u00edvel ganhar mais\npontos.<\/p>\n\n\n\n<p><strong>Para avaliar o seu dom\u00ednio das disciplinas que voc\u00ea vinha estudando e realizar um estudo personalizado para a PCDF, o ideal \u00e9 que voc\u00ea fa\u00e7a um simulado com as disciplinas que est\u00e3o no edital.<\/strong><\/p>\n\n\n\n<p>A analogia com a casa \u00e9 a seguinte. Pense que saiu a nova\nespecifica\u00e7\u00e3o da casa. N\u00e3o seria o ideal ter uma opini\u00e3o t\u00e9cnica avaliando o\nque voc\u00ea j\u00e1 fez em rela\u00e7\u00e3o \u00e0 o que ser\u00e1 exigido? Dessa forma voc\u00ea saber\u00e1 se ir\u00e1\nprecisar fazer corre\u00e7\u00f5es e n\u00e3o ir\u00e1 descobrir essas vulnerabilidades no dia\navalia\u00e7\u00e3o final.<\/p>\n\n\n\n<p>A Ana fez um simulado diagn\u00f3stico e obteve uma nota equivalente a 58 pontos de 120 poss\u00edveis (j\u00e1 incluindo o fator de corre\u00e7\u00e3o do cespe).<\/p>\n\n\n\n<figure class=\"wp-block-image aligncenter is-resized\"><img loading=\"lazy\" decoding=\"async\" src=\"https:\/\/dhg1h5j42swfq.cloudfront.net\/2019\/12\/10123536\/Captura-de-Tela-2019-12-10-a%CC%80s-12.35.16.png\" alt=\"simulado\" class=\"wp-image-458287\" width=\"625\" height=\"371\" srcset=\"https:\/\/dhg1h5j42swfq.cloudfront.net\/2019\/12\/10123536\/Captura-de-Tela-2019-12-10-a%CC%80s-12.35.16.png 1240w, https:\/\/dhg1h5j42swfq.cloudfront.net\/2019\/12\/10123536\/Captura-de-Tela-2019-12-10-a%CC%80s-12.35.16.png 300w, https:\/\/dhg1h5j42swfq.cloudfront.net\/2019\/12\/10123536\/Captura-de-Tela-2019-12-10-a%CC%80s-12.35.16.png 768w, https:\/\/dhg1h5j42swfq.cloudfront.net\/2019\/12\/10123536\/Captura-de-Tela-2019-12-10-a%CC%80s-12.35.16.png 1024w, https:\/\/dhg1h5j42swfq.cloudfront.net\/2019\/12\/10123536\/Captura-de-Tela-2019-12-10-a%CC%80s-12.35.16.png 610w\" sizes=\"auto, (max-width: 625px) 100vw, 625px\" \/><\/figure>\n\n\n\n<h2 class=\"wp-block-heading\" id=\"h-estimacao-das-horas-para-fechar-o-edital\"><strong>Estima\u00e7\u00e3o das Horas para &#8220;fechar o edital&#8221;<\/strong><\/h2>\n\n\n\n<p><strong>Para avaliar se ser\u00e1\nposs\u00edvel estudar todo o edital, voc\u00ea deve avaliar quais assuntos voc\u00ea j\u00e1\nestudou e quais s\u00e3o novidades para voc\u00ea nessa etapa do p\u00f3s-edital.<\/strong><\/p>\n\n\n\n<p>Cada pessoa tem um ritmo de estudo, uma capacidade de aprendizagem.\nPara fazer uma avalia\u00e7\u00e3o de quanto tempo voc\u00ea precisar\u00e1 para esgotar o edital \u00e9\npreciso que voc\u00ea conhe\u00e7a o seu ritmo de estudo.<\/p>\n\n\n\n<p>No caso da Ana, ele possui um tempo m\u00e9dio de leitura de 15\np\u00e1ginas por hora. Considerando que cada pdf das aulas do Estrat\u00e9gia tenha, na\nm\u00e9dia, 60 pag de teoria, ela precisaria de 4h l\u00edquidas apenas para a teoria. Se\nconsiderarmos mais umas 3h para quest\u00f5es e revis\u00f5es, ela precisaria de 7h\nl\u00edquidas por aula.<\/p>\n\n\n\n<p>Ap\u00f3s a avalia\u00e7\u00e3o das aulas que faltam estudar, Ana precisaria de 126h l\u00edquidas de estudo. Como Ana possui uma estima\u00e7\u00e3o de 418h de estudo, restariam 292h para ela focar o estudo em revis\u00f5es.<\/p>\n\n\n\n<figure class=\"wp-block-image aligncenter is-resized\"><img loading=\"lazy\" decoding=\"async\" src=\"https:\/\/dhg1h5j42swfq.cloudfront.net\/2019\/12\/10123639\/Captura-de-Tela-2019-12-10-a%CC%80s-12.36.26.png\" alt=\"evolu\u00e7\u00e3o-estudo\" class=\"wp-image-458288\" width=\"768\" height=\"217\" srcset=\"https:\/\/dhg1h5j42swfq.cloudfront.net\/2019\/12\/10123639\/Captura-de-Tela-2019-12-10-a%CC%80s-12.36.26.png 2040w, https:\/\/dhg1h5j42swfq.cloudfront.net\/2019\/12\/10123639\/Captura-de-Tela-2019-12-10-a%CC%80s-12.36.26.png 300w, https:\/\/dhg1h5j42swfq.cloudfront.net\/2019\/12\/10123639\/Captura-de-Tela-2019-12-10-a%CC%80s-12.36.26.png 768w, https:\/\/dhg1h5j42swfq.cloudfront.net\/2019\/12\/10123639\/Captura-de-Tela-2019-12-10-a%CC%80s-12.36.26.png 1024w, https:\/\/dhg1h5j42swfq.cloudfront.net\/2019\/12\/10123639\/Captura-de-Tela-2019-12-10-a%CC%80s-12.36.26.png 610w\" sizes=\"auto, (max-width: 768px) 100vw, 768px\" \/><\/figure>\n\n\n\n<p>Veja que pelos pesos das disciplinas, Ana j\u00e1 tinha estudado um equivalente a 79% dos pontos do edital.<\/p>\n\n\n\n<h2 class=\"wp-block-heading\" id=\"h-alocacao-de-tempo-por-disciplina\"><strong>Aloca\u00e7\u00e3o de tempo por disciplina<\/strong><\/h2>\n\n\n\n<p>Por fim, para que voc\u00ea defina o seu  estudo personalizado para a PCDF de uma forma fundamentada e personalizada, leve em considera\u00e7\u00e3o:<\/p>\n\n\n\n<ul class=\"wp-block-list\">\n<li><strong>O seu\ntempo de estudo estimado at\u00e9 a prova<\/strong><\/li>\n\n\n\n<li><strong>O seu\nn\u00edvel de conhecimento para as disciplinas<\/strong><\/li>\n\n\n\n<li><strong>A an\u00e1lise\nde benef\u00edcio x custo das disciplinas<\/strong><\/li>\n<\/ul>\n\n\n\n<p>Pela analogia da casa, esse \u00e9 o momento de decidir quanto\nvoc\u00ea ir\u00e1 gastar com os elementos da casa, como a funda\u00e7\u00e3o, revestimentos,\ninstala\u00e7\u00f5es el\u00e9tricas, etc.<\/p>\n\n\n\n<p>Ana decidiu dividir da seguinte forma o seu tempo de estudo:<\/p>\n\n\n\n<figure class=\"wp-block-image aligncenter is-resized\"><img loading=\"lazy\" decoding=\"async\" src=\"https:\/\/dhg1h5j42swfq.cloudfront.net\/2019\/12\/10123729\/Captura-de-Tela-2019-12-10-a%CC%80s-12.37.17.png\" alt=\"priorizador\" class=\"wp-image-458289\" width=\"768\" height=\"244\" srcset=\"https:\/\/dhg1h5j42swfq.cloudfront.net\/2019\/12\/10123729\/Captura-de-Tela-2019-12-10-a%CC%80s-12.37.17.png 2106w, https:\/\/dhg1h5j42swfq.cloudfront.net\/2019\/12\/10123729\/Captura-de-Tela-2019-12-10-a%CC%80s-12.37.17.png 300w, https:\/\/dhg1h5j42swfq.cloudfront.net\/2019\/12\/10123729\/Captura-de-Tela-2019-12-10-a%CC%80s-12.37.17.png 768w, https:\/\/dhg1h5j42swfq.cloudfront.net\/2019\/12\/10123729\/Captura-de-Tela-2019-12-10-a%CC%80s-12.37.17.png 1024w, https:\/\/dhg1h5j42swfq.cloudfront.net\/2019\/12\/10123729\/Captura-de-Tela-2019-12-10-a%CC%80s-12.37.17.png 610w\" sizes=\"auto, (max-width: 768px) 100vw, 768px\" \/><\/figure>\n\n\n\n<h2 class=\"wp-block-heading\" id=\"h-controle-do-estudo\"><strong>Controle do Estudo<\/strong><\/h2>\n\n\n\n<p><strong>\u00c9 preciso que ao\nlongo do seu estudo no p\u00f3s-edital voc\u00ea fa\u00e7a ajustes e adapta\u00e7\u00f5es no estudo,\nseja na previs\u00e3o do tempo de estudo, seja na verifica\u00e7\u00e3o do estudo de fato.<\/strong><\/p>\n\n\n\n<p>Ap\u00f3s 3 semanas do planejamento inicial, essa foi a evolu\u00e7\u00e3o\ndo estudo da Ana:<\/p>\n\n\n\n<p>Ao longo do seu estudo, Ana pode rever o tempo previsto por\ndisciplina e remanej\u00e1-lo, pois pode notar que em algumas disciplinas ela\nevoluiu mais do que em outras.<\/p>\n\n\n\n<p><strong>O seu planejamento\ndeve ser flex\u00edvel o suficiente para fazer essas realoca\u00e7\u00f5es de tempo entre as\ndisciplinas.<\/strong><\/p>\n\n\n\n<p>Quer ter acesso a essa metodologia de planejamento\npersonalizado de estudo em uma planilha com todas essas fun\u00e7\u00f5es?<\/p>\n\n\n\n<p><strong><a href=\"https:\/\/docs.google.com\/spreadsheets\/d\/1Y_dxgrTJBnQCxb0lle-pXlTA7h0o7l2C1HhbnUDSsI0\/copy\" target=\"_blank\" rel=\"noreferrer noopener\" aria-label=\"Baixe gratuitamente a planilha Painel abaixo. Veja outras dicas de prepara\u00e7\u00e3o na aba Como Estudar (p\u00f3s-edital) (abre numa nova aba)\">Baixe gratuitamente a planilha Painel abaixo. Veja outras dicas de prepara\u00e7\u00e3o na aba Como Estudar (p\u00f3s-edital<\/a><\/strong><a href=\"https:\/\/docs.google.com\/spreadsheets\/d\/1Y_dxgrTJBnQCxb0lle-pXlTA7h0o7l2C1HhbnUDSsI0\/copy\" target=\"_blank\" rel=\"noreferrer noopener\" aria-label=\"Baixe gratuitamente a planilha Painel abaixo. Veja outras dicas de prepara\u00e7\u00e3o na aba Como Estudar (p\u00f3s-edital) (abre numa nova aba)\">)<\/a><\/p>\n\n\n\n<p>Acompanhe as minhas dicas de estudo no Instagram (<a href=\"https:\/\/www.instagram.com\/professor.solino\/?hl=pt-br\">@professor.solino<\/a>) e no YouTube (<a href=\"https:\/\/www.youtube.com\/channel\/UC4IK4cNzz26eQ9CbgwX0J3Q?view_as=subscriber\">Professor Solino<\/a>)<\/p>\n\n\n\n<p class=\"has-text-align-center has-pale-cyan-blue-background-color has-background\" style=\"font-size:clamp(14.642px, 0.915rem + ((1vw - 3.2px) * 0.721), 22px);px\"><a href=\"https:\/\/www.estrategiaconcursos.com.br\/assinaturas\/\">ASSINE AGORA \u2013 Assinatura ilimitada<\/a><\/p>\n\n\n\n<p class=\"has-text-align-center has-pale-cyan-blue-background-color has-background\" style=\"font-size:clamp(16.293px, 1.018rem + ((1vw - 3.2px) * 0.854), 25px);px\"><a href=\"https:\/\/www.estrategiaconcursos.com.br\/blog\/concursos-abertos\/\">CONCURSOS ABERTOS<\/a><\/p>\n","protected":false},"excerpt":{"rendered":"<p>Fa\u00e7a um estudo personalizado para a pcdf &#8211; escriv\u00e3o. Ol\u00e1 pessoal, tudo bem? Quem escreve aqui \u00e9 o Solino, coach aqui no Estrat\u00e9gia. O edital da PCDF para escriv\u00e3o foi publicado no dia 03\/12\/19. As provas objetiva e discursiva est\u00e3o marcada para o dia 15\/03\/20. Neste artigo eu irei apresentar uma metodologia de estudo personalizado [&hellip;]<\/p>\n","protected":false},"author":461,"featured_media":458286,"comment_status":"open","ping_status":"closed","sticky":false,"template":"","format":"standard","meta":{"post_tipo":"article","footnotes":""},"categories":[1],"tags":[],"tax_estado":[],"class_list":["post-458192","post","type-post","status-publish","format-standard","has-post-thumbnail","hentry","category-cursos-e-concursos"],"acf":[],"yoast_head":"<!-- This site is optimized with the Yoast SEO Premium plugin v27.2 (Yoast SEO v27.2) - https:\/\/yoast.com\/product\/yoast-seo-premium-wordpress\/ -->\n<title>Planejamento de estudo personalizado para a PCDF: Aprenda na pr\u00e1tica!<\/title>\n<meta name=\"description\" content=\"Aprenda na pr\u00e1tica a fazer um planejamento de estudo personalizado para a PCDF - escriv\u00e3o. Acesse gratuitamente a sua planilha de estudo neste artigo!\" \/>\n<meta name=\"robots\" content=\"index, follow, max-snippet:-1, max-image-preview:large, max-video-preview:-1\" \/>\n<link rel=\"canonical\" href=\"https:\/\/www.estrategiaconcursos.com.br\/blog\/preparacao-personalizada-para-a-pcdf-aprenda-na-pratica\/\" \/>\n<meta property=\"og:locale\" content=\"pt_BR\" \/>\n<meta property=\"og:type\" content=\"article\" \/>\n<meta property=\"og:title\" content=\"Prepara\u00e7\u00e3o Personalizada para a PCDF: Aprenda na pr\u00e1tica!\" \/>\n<meta property=\"og:description\" content=\"Aprenda na pr\u00e1tica a fazer um planejamento de estudo personalizado para a PCDF - escriv\u00e3o. Acesse gratuitamente a sua planilha de estudo neste artigo!\" \/>\n<meta property=\"og:url\" content=\"https:\/\/www.estrategiaconcursos.com.br\/blog\/preparacao-personalizada-para-a-pcdf-aprenda-na-pratica\/\" \/>\n<meta property=\"og:site_name\" content=\"Estrat\u00e9gia Concursos\" \/>\n<meta property=\"article:published_time\" content=\"2019-12-11T13:15:14+00:00\" \/>\n<meta property=\"article:modified_time\" content=\"2023-07-05T12:27:25+00:00\" \/>\n<meta property=\"og:image\" content=\"https:\/\/dhg1h5j42swfq.cloudfront.net\/2019\/12\/10123358\/Captura-de-Tela-2019-12-10-a%CC%80s-12.33.43.png\" \/>\n\t<meta property=\"og:image:width\" content=\"1214\" \/>\n\t<meta property=\"og:image:height\" content=\"658\" \/>\n\t<meta property=\"og:image:type\" content=\"image\/png\" \/>\n<meta name=\"author\" content=\"Guilherme Solino\" \/>\n<meta name=\"twitter:card\" content=\"summary_large_image\" \/>\n<meta name=\"twitter:creator\" content=\"@EstratConcursos\" \/>\n<meta name=\"twitter:site\" content=\"@EstratConcursos\" \/>\n<meta name=\"twitter:label1\" content=\"Escrito por\" \/>\n\t<meta name=\"twitter:data1\" content=\"Guilherme Solino\" \/>\n\t<meta name=\"twitter:label2\" content=\"Est. tempo de leitura\" \/>\n\t<meta name=\"twitter:data2\" content=\"5 minutos\" \/>\n<script type=\"application\/ld+json\" class=\"yoast-schema-graph\">{\"@context\":\"https:\/\/schema.org\",\"@graph\":[{\"@type\":\"NewsArticle\",\"@id\":\"https:\/\/www.estrategiaconcursos.com.br\/blog\/preparacao-personalizada-para-a-pcdf-aprenda-na-pratica\/#article\",\"isPartOf\":{\"@id\":\"https:\/\/www.estrategiaconcursos.com.br\/blog\/preparacao-personalizada-para-a-pcdf-aprenda-na-pratica\/\"},\"author\":{\"name\":\"Guilherme Solino\",\"@id\":\"https:\/\/www.estrategiaconcursos.com.br\/blog\/#\/schema\/person\/815879a5d53ac95e15b4315289247ae3\"},\"headline\":\"Prepara\u00e7\u00e3o Personalizada para a PCDF: Aprenda na pr\u00e1tica!\",\"datePublished\":\"2019-12-11T13:15:14+00:00\",\"dateModified\":\"2023-07-05T12:27:25+00:00\",\"mainEntityOfPage\":{\"@id\":\"https:\/\/www.estrategiaconcursos.com.br\/blog\/preparacao-personalizada-para-a-pcdf-aprenda-na-pratica\/\"},\"wordCount\":1092,\"commentCount\":2,\"publisher\":{\"@id\":\"https:\/\/www.estrategiaconcursos.com.br\/blog\/#organization\"},\"image\":{\"@id\":\"https:\/\/www.estrategiaconcursos.com.br\/blog\/preparacao-personalizada-para-a-pcdf-aprenda-na-pratica\/#primaryimage\"},\"thumbnailUrl\":\"https:\/\/dhg1h5j42swfq.cloudfront.net\/2019\/12\/10123358\/Captura-de-Tela-2019-12-10-a%CC%80s-12.33.43.png\",\"articleSection\":[\"Concursos P\u00fablicos\"],\"inLanguage\":\"pt-BR\",\"potentialAction\":[{\"@type\":\"CommentAction\",\"name\":\"Comment\",\"target\":[\"https:\/\/www.estrategiaconcursos.com.br\/blog\/preparacao-personalizada-para-a-pcdf-aprenda-na-pratica\/#respond\"]}],\"copyrightYear\":\"2019\",\"copyrightHolder\":{\"@id\":\"https:\/\/www.estrategiaconcursos.com.br\/blog\/#organization\"}},{\"@type\":\"WebPage\",\"@id\":\"https:\/\/www.estrategiaconcursos.com.br\/blog\/preparacao-personalizada-para-a-pcdf-aprenda-na-pratica\/\",\"url\":\"https:\/\/www.estrategiaconcursos.com.br\/blog\/preparacao-personalizada-para-a-pcdf-aprenda-na-pratica\/\",\"name\":\"Planejamento de estudo personalizado para a PCDF: Aprenda na pr\u00e1tica!\",\"isPartOf\":{\"@id\":\"https:\/\/www.estrategiaconcursos.com.br\/blog\/#website\"},\"primaryImageOfPage\":{\"@id\":\"https:\/\/www.estrategiaconcursos.com.br\/blog\/preparacao-personalizada-para-a-pcdf-aprenda-na-pratica\/#primaryimage\"},\"image\":{\"@id\":\"https:\/\/www.estrategiaconcursos.com.br\/blog\/preparacao-personalizada-para-a-pcdf-aprenda-na-pratica\/#primaryimage\"},\"thumbnailUrl\":\"https:\/\/dhg1h5j42swfq.cloudfront.net\/2019\/12\/10123358\/Captura-de-Tela-2019-12-10-a%CC%80s-12.33.43.png\",\"datePublished\":\"2019-12-11T13:15:14+00:00\",\"dateModified\":\"2023-07-05T12:27:25+00:00\",\"description\":\"Aprenda na pr\u00e1tica a fazer um planejamento de estudo personalizado para a PCDF - escriv\u00e3o. Acesse gratuitamente a sua planilha de estudo neste artigo!\",\"breadcrumb\":{\"@id\":\"https:\/\/www.estrategiaconcursos.com.br\/blog\/preparacao-personalizada-para-a-pcdf-aprenda-na-pratica\/#breadcrumb\"},\"inLanguage\":\"pt-BR\",\"potentialAction\":[{\"@type\":\"ReadAction\",\"target\":[\"https:\/\/www.estrategiaconcursos.com.br\/blog\/preparacao-personalizada-para-a-pcdf-aprenda-na-pratica\/\"]}]},{\"@type\":\"ImageObject\",\"inLanguage\":\"pt-BR\",\"@id\":\"https:\/\/www.estrategiaconcursos.com.br\/blog\/preparacao-personalizada-para-a-pcdf-aprenda-na-pratica\/#primaryimage\",\"url\":\"https:\/\/dhg1h5j42swfq.cloudfront.net\/2019\/12\/10123358\/Captura-de-Tela-2019-12-10-a%CC%80s-12.33.43.png\",\"contentUrl\":\"https:\/\/dhg1h5j42swfq.cloudfront.net\/2019\/12\/10123358\/Captura-de-Tela-2019-12-10-a%CC%80s-12.33.43.png\",\"width\":1214,\"height\":658,\"caption\":\"peso-pcdf\"},{\"@type\":\"BreadcrumbList\",\"@id\":\"https:\/\/www.estrategiaconcursos.com.br\/blog\/preparacao-personalizada-para-a-pcdf-aprenda-na-pratica\/#breadcrumb\",\"itemListElement\":[{\"@type\":\"ListItem\",\"position\":1,\"name\":\"In\u00edcio\",\"item\":\"https:\/\/www.estrategiaconcursos.com.br\/blog\/\"},{\"@type\":\"ListItem\",\"position\":2,\"name\":\"Prepara\u00e7\u00e3o Personalizada para a PCDF: Aprenda na pr\u00e1tica!\"}]},{\"@type\":\"WebSite\",\"@id\":\"https:\/\/www.estrategiaconcursos.com.br\/blog\/#website\",\"url\":\"https:\/\/www.estrategiaconcursos.com.br\/blog\/\",\"name\":\"Estrat\u00e9gia Concursos\",\"description\":\"O blog da Estrat\u00e9gia Concursos traz not\u00edcias sobre concursos e artigos de professores oferecendo cursos para concursos (pdf + videaulas) no site.\",\"publisher\":{\"@id\":\"https:\/\/www.estrategiaconcursos.com.br\/blog\/#organization\"},\"potentialAction\":[{\"@type\":\"SearchAction\",\"target\":{\"@type\":\"EntryPoint\",\"urlTemplate\":\"https:\/\/www.estrategiaconcursos.com.br\/blog\/?s={search_term_string}\"},\"query-input\":{\"@type\":\"PropertyValueSpecification\",\"valueRequired\":true,\"valueName\":\"search_term_string\"}}],\"inLanguage\":\"pt-BR\"},{\"@type\":\"Organization\",\"@id\":\"https:\/\/www.estrategiaconcursos.com.br\/blog\/#organization\",\"name\":\"Estrat\u00e9gia Concursos\",\"url\":\"https:\/\/www.estrategiaconcursos.com.br\/blog\/\",\"logo\":{\"@type\":\"ImageObject\",\"inLanguage\":\"pt-BR\",\"@id\":\"https:\/\/www.estrategiaconcursos.com.br\/blog\/#\/schema\/logo\/image\/\",\"url\":\"https:\/\/dhg1h5j42swfq.cloudfront.net\/2025\/06\/03203428\/logo_concursos-1.jpg\",\"contentUrl\":\"https:\/\/dhg1h5j42swfq.cloudfront.net\/2025\/06\/03203428\/logo_concursos-1.jpg\",\"width\":230,\"height\":60,\"caption\":\"Estrat\u00e9gia Concursos\"},\"image\":{\"@id\":\"https:\/\/www.estrategiaconcursos.com.br\/blog\/#\/schema\/logo\/image\/\"},\"sameAs\":[\"https:\/\/x.com\/EstratConcursos\"]},{\"@type\":\"Person\",\"@id\":\"https:\/\/www.estrategiaconcursos.com.br\/blog\/#\/schema\/person\/815879a5d53ac95e15b4315289247ae3\",\"name\":\"Guilherme Solino\",\"image\":{\"@type\":\"ImageObject\",\"inLanguage\":\"pt-BR\",\"@id\":\"https:\/\/secure.gravatar.com\/avatar\/06ac0810928deff27d59cfeff6b64e903348c45b69d786c38178631f5982feea?s=96&d=mm&r=g\",\"url\":\"https:\/\/secure.gravatar.com\/avatar\/06ac0810928deff27d59cfeff6b64e903348c45b69d786c38178631f5982feea?s=96&d=mm&r=g\",\"contentUrl\":\"https:\/\/secure.gravatar.com\/avatar\/06ac0810928deff27d59cfeff6b64e903348c45b69d786c38178631f5982feea?s=96&d=mm&r=g\",\"caption\":\"Guilherme Solino\"},\"sameAs\":[\"https:\/\/www.instagram.com\/professor.solino\/\",\"https:\/\/www.youtube.com\/channel\/UC4IK4cNzz26eQ9CbgwX0J3Q\"],\"url\":\"https:\/\/www.estrategiaconcursos.com.br\/blog\/author\/guilhermesolinoestrategiaconcursos-com-br\/\"}]}<\/script>\n<!-- \/ Yoast SEO Premium plugin. -->","yoast_head_json":{"title":"Planejamento de estudo personalizado para a PCDF: Aprenda na pr\u00e1tica!","description":"Aprenda na pr\u00e1tica a fazer um planejamento de estudo personalizado para a PCDF - escriv\u00e3o. Acesse gratuitamente a sua planilha de estudo neste artigo!","robots":{"index":"index","follow":"follow","max-snippet":"max-snippet:-1","max-image-preview":"max-image-preview:large","max-video-preview":"max-video-preview:-1"},"canonical":"https:\/\/www.estrategiaconcursos.com.br\/blog\/preparacao-personalizada-para-a-pcdf-aprenda-na-pratica\/","og_locale":"pt_BR","og_type":"article","og_title":"Prepara\u00e7\u00e3o Personalizada para a PCDF: Aprenda na pr\u00e1tica!","og_description":"Aprenda na pr\u00e1tica a fazer um planejamento de estudo personalizado para a PCDF - escriv\u00e3o. Acesse gratuitamente a sua planilha de estudo neste artigo!","og_url":"https:\/\/www.estrategiaconcursos.com.br\/blog\/preparacao-personalizada-para-a-pcdf-aprenda-na-pratica\/","og_site_name":"Estrat\u00e9gia Concursos","article_published_time":"2019-12-11T13:15:14+00:00","article_modified_time":"2023-07-05T12:27:25+00:00","og_image":[{"width":1214,"height":658,"url":"https:\/\/dhg1h5j42swfq.cloudfront.net\/2019\/12\/10123358\/Captura-de-Tela-2019-12-10-a%CC%80s-12.33.43.png","type":"image\/png"}],"author":"Guilherme Solino","twitter_card":"summary_large_image","twitter_creator":"@EstratConcursos","twitter_site":"@EstratConcursos","twitter_misc":{"Escrito por":"Guilherme Solino","Est. tempo de leitura":"5 minutos"},"schema":{"@context":"https:\/\/schema.org","@graph":[{"@type":"NewsArticle","@id":"https:\/\/www.estrategiaconcursos.com.br\/blog\/preparacao-personalizada-para-a-pcdf-aprenda-na-pratica\/#article","isPartOf":{"@id":"https:\/\/www.estrategiaconcursos.com.br\/blog\/preparacao-personalizada-para-a-pcdf-aprenda-na-pratica\/"},"author":{"name":"Guilherme Solino","@id":"https:\/\/www.estrategiaconcursos.com.br\/blog\/#\/schema\/person\/815879a5d53ac95e15b4315289247ae3"},"headline":"Prepara\u00e7\u00e3o Personalizada para a PCDF: Aprenda na pr\u00e1tica!","datePublished":"2019-12-11T13:15:14+00:00","dateModified":"2023-07-05T12:27:25+00:00","mainEntityOfPage":{"@id":"https:\/\/www.estrategiaconcursos.com.br\/blog\/preparacao-personalizada-para-a-pcdf-aprenda-na-pratica\/"},"wordCount":1092,"commentCount":2,"publisher":{"@id":"https:\/\/www.estrategiaconcursos.com.br\/blog\/#organization"},"image":{"@id":"https:\/\/www.estrategiaconcursos.com.br\/blog\/preparacao-personalizada-para-a-pcdf-aprenda-na-pratica\/#primaryimage"},"thumbnailUrl":"https:\/\/dhg1h5j42swfq.cloudfront.net\/2019\/12\/10123358\/Captura-de-Tela-2019-12-10-a%CC%80s-12.33.43.png","articleSection":["Concursos P\u00fablicos"],"inLanguage":"pt-BR","potentialAction":[{"@type":"CommentAction","name":"Comment","target":["https:\/\/www.estrategiaconcursos.com.br\/blog\/preparacao-personalizada-para-a-pcdf-aprenda-na-pratica\/#respond"]}],"copyrightYear":"2019","copyrightHolder":{"@id":"https:\/\/www.estrategiaconcursos.com.br\/blog\/#organization"}},{"@type":"WebPage","@id":"https:\/\/www.estrategiaconcursos.com.br\/blog\/preparacao-personalizada-para-a-pcdf-aprenda-na-pratica\/","url":"https:\/\/www.estrategiaconcursos.com.br\/blog\/preparacao-personalizada-para-a-pcdf-aprenda-na-pratica\/","name":"Planejamento de estudo personalizado para a PCDF: Aprenda na pr\u00e1tica!","isPartOf":{"@id":"https:\/\/www.estrategiaconcursos.com.br\/blog\/#website"},"primaryImageOfPage":{"@id":"https:\/\/www.estrategiaconcursos.com.br\/blog\/preparacao-personalizada-para-a-pcdf-aprenda-na-pratica\/#primaryimage"},"image":{"@id":"https:\/\/www.estrategiaconcursos.com.br\/blog\/preparacao-personalizada-para-a-pcdf-aprenda-na-pratica\/#primaryimage"},"thumbnailUrl":"https:\/\/dhg1h5j42swfq.cloudfront.net\/2019\/12\/10123358\/Captura-de-Tela-2019-12-10-a%CC%80s-12.33.43.png","datePublished":"2019-12-11T13:15:14+00:00","dateModified":"2023-07-05T12:27:25+00:00","description":"Aprenda na pr\u00e1tica a fazer um planejamento de estudo personalizado para a PCDF - escriv\u00e3o. Acesse gratuitamente a sua planilha de estudo neste artigo!","breadcrumb":{"@id":"https:\/\/www.estrategiaconcursos.com.br\/blog\/preparacao-personalizada-para-a-pcdf-aprenda-na-pratica\/#breadcrumb"},"inLanguage":"pt-BR","potentialAction":[{"@type":"ReadAction","target":["https:\/\/www.estrategiaconcursos.com.br\/blog\/preparacao-personalizada-para-a-pcdf-aprenda-na-pratica\/"]}]},{"@type":"ImageObject","inLanguage":"pt-BR","@id":"https:\/\/www.estrategiaconcursos.com.br\/blog\/preparacao-personalizada-para-a-pcdf-aprenda-na-pratica\/#primaryimage","url":"https:\/\/dhg1h5j42swfq.cloudfront.net\/2019\/12\/10123358\/Captura-de-Tela-2019-12-10-a%CC%80s-12.33.43.png","contentUrl":"https:\/\/dhg1h5j42swfq.cloudfront.net\/2019\/12\/10123358\/Captura-de-Tela-2019-12-10-a%CC%80s-12.33.43.png","width":1214,"height":658,"caption":"peso-pcdf"},{"@type":"BreadcrumbList","@id":"https:\/\/www.estrategiaconcursos.com.br\/blog\/preparacao-personalizada-para-a-pcdf-aprenda-na-pratica\/#breadcrumb","itemListElement":[{"@type":"ListItem","position":1,"name":"In\u00edcio","item":"https:\/\/www.estrategiaconcursos.com.br\/blog\/"},{"@type":"ListItem","position":2,"name":"Prepara\u00e7\u00e3o Personalizada para a PCDF: Aprenda na pr\u00e1tica!"}]},{"@type":"WebSite","@id":"https:\/\/www.estrategiaconcursos.com.br\/blog\/#website","url":"https:\/\/www.estrategiaconcursos.com.br\/blog\/","name":"Estrat\u00e9gia Concursos","description":"O blog da Estrat\u00e9gia Concursos traz not\u00edcias sobre concursos e artigos de professores oferecendo cursos para concursos (pdf + videaulas) no site.","publisher":{"@id":"https:\/\/www.estrategiaconcursos.com.br\/blog\/#organization"},"potentialAction":[{"@type":"SearchAction","target":{"@type":"EntryPoint","urlTemplate":"https:\/\/www.estrategiaconcursos.com.br\/blog\/?s={search_term_string}"},"query-input":{"@type":"PropertyValueSpecification","valueRequired":true,"valueName":"search_term_string"}}],"inLanguage":"pt-BR"},{"@type":"Organization","@id":"https:\/\/www.estrategiaconcursos.com.br\/blog\/#organization","name":"Estrat\u00e9gia Concursos","url":"https:\/\/www.estrategiaconcursos.com.br\/blog\/","logo":{"@type":"ImageObject","inLanguage":"pt-BR","@id":"https:\/\/www.estrategiaconcursos.com.br\/blog\/#\/schema\/logo\/image\/","url":"https:\/\/dhg1h5j42swfq.cloudfront.net\/2025\/06\/03203428\/logo_concursos-1.jpg","contentUrl":"https:\/\/dhg1h5j42swfq.cloudfront.net\/2025\/06\/03203428\/logo_concursos-1.jpg","width":230,"height":60,"caption":"Estrat\u00e9gia Concursos"},"image":{"@id":"https:\/\/www.estrategiaconcursos.com.br\/blog\/#\/schema\/logo\/image\/"},"sameAs":["https:\/\/x.com\/EstratConcursos"]},{"@type":"Person","@id":"https:\/\/www.estrategiaconcursos.com.br\/blog\/#\/schema\/person\/815879a5d53ac95e15b4315289247ae3","name":"Guilherme Solino","image":{"@type":"ImageObject","inLanguage":"pt-BR","@id":"https:\/\/secure.gravatar.com\/avatar\/06ac0810928deff27d59cfeff6b64e903348c45b69d786c38178631f5982feea?s=96&d=mm&r=g","url":"https:\/\/secure.gravatar.com\/avatar\/06ac0810928deff27d59cfeff6b64e903348c45b69d786c38178631f5982feea?s=96&d=mm&r=g","contentUrl":"https:\/\/secure.gravatar.com\/avatar\/06ac0810928deff27d59cfeff6b64e903348c45b69d786c38178631f5982feea?s=96&d=mm&r=g","caption":"Guilherme Solino"},"sameAs":["https:\/\/www.instagram.com\/professor.solino\/","https:\/\/www.youtube.com\/channel\/UC4IK4cNzz26eQ9CbgwX0J3Q"],"url":"https:\/\/www.estrategiaconcursos.com.br\/blog\/author\/guilhermesolinoestrategiaconcursos-com-br\/"}]}},"_links":{"self":[{"href":"https:\/\/www.estrategiaconcursos.com.br\/blog\/wp-json\/wp\/v2\/posts\/458192","targetHints":{"allow":["GET"]}}],"collection":[{"href":"https:\/\/www.estrategiaconcursos.com.br\/blog\/wp-json\/wp\/v2\/posts"}],"about":[{"href":"https:\/\/www.estrategiaconcursos.com.br\/blog\/wp-json\/wp\/v2\/types\/post"}],"author":[{"embeddable":true,"href":"https:\/\/www.estrategiaconcursos.com.br\/blog\/wp-json\/wp\/v2\/users\/461"}],"replies":[{"embeddable":true,"href":"https:\/\/www.estrategiaconcursos.com.br\/blog\/wp-json\/wp\/v2\/comments?post=458192"}],"version-history":[{"count":9,"href":"https:\/\/www.estrategiaconcursos.com.br\/blog\/wp-json\/wp\/v2\/posts\/458192\/revisions"}],"predecessor-version":[{"id":1243600,"href":"https:\/\/www.estrategiaconcursos.com.br\/blog\/wp-json\/wp\/v2\/posts\/458192\/revisions\/1243600"}],"wp:featuredmedia":[{"embeddable":true,"href":"https:\/\/www.estrategiaconcursos.com.br\/blog\/wp-json\/wp\/v2\/media\/458286"}],"wp:attachment":[{"href":"https:\/\/www.estrategiaconcursos.com.br\/blog\/wp-json\/wp\/v2\/media?parent=458192"}],"wp:term":[{"taxonomy":"category","embeddable":true,"href":"https:\/\/www.estrategiaconcursos.com.br\/blog\/wp-json\/wp\/v2\/categories?post=458192"},{"taxonomy":"post_tag","embeddable":true,"href":"https:\/\/www.estrategiaconcursos.com.br\/blog\/wp-json\/wp\/v2\/tags?post=458192"},{"taxonomy":"tax_estado","embeddable":true,"href":"https:\/\/www.estrategiaconcursos.com.br\/blog\/wp-json\/wp\/v2\/tax_estado?post=458192"}],"curies":[{"name":"wp","href":"https:\/\/api.w.org\/{rel}","templated":true}]}}