{"id":458172,"date":"2019-12-10T13:00:48","date_gmt":"2019-12-10T16:00:48","guid":{"rendered":"https:\/\/www.estrategiaconcursos.com.br\/blog\/?p=458172"},"modified":"2020-01-24T09:21:12","modified_gmt":"2020-01-24T12:21:12","slug":"saiu-edital-cdp-guarda-portuario","status":"publish","type":"post","link":"https:\/\/www.estrategiaconcursos.com.br\/blog\/saiu-edital-cdp-guarda-portuario\/","title":{"rendered":"Saiu edital CDP &#8211; Companhia Docas do Par\u00e1: vagas para Guarda Portu\u00e1rio"},"content":{"rendered":"\n<p>Foi publicado o edital do concurso p\u00fablico da <strong>Companhia de Docas do Par\u00e1<\/strong>. S\u00e3o ofertadas 20 vagas imediatas e forma\u00e7\u00e3o de cadastro reserva para Guarda Portu\u00e1rio, cargo que exige forma\u00e7\u00e3o de n\u00edvel m\u00e9dio ou equivalente.<\/p>\n\n\n\n<p>Os interessados em participar da sele\u00e7\u00e3o puderam realizar as <em>inscri\u00e7\u00f5es <\/em>no per\u00edodo de <strong>11 de dezembro a 23 de janeiro<\/strong>, no site da banca organizadora, o Instituto Consulplan. <\/p>\n\n\n\n<h2 class=\"wp-block-heading\" id=\"datas\">Principais datas<\/h2>\n\n\n\n<p class=\"has-background has-very-light-gray-background-color\"><strong>Inscri\u00e7\u00f5es<\/strong>: <s>11 de dezembro a 23 de janeiro de 2019<\/s> [ENCERRADO]<br \/><strong>Isen\u00e7\u00e3o da taxa<\/strong>: <s>11 e 13 de dezembro de 2019<\/s> [ENCERRADO]<br \/><strong>Prova<\/strong>: 01\/03\/2020 <\/p>\n\n\n\n<p>A primeira retifica\u00e7\u00e3o do concurso da Companhia Docas do Par\u00e1 foi no cronograma do certame. As principais altera\u00e7\u00f5es ocorreram na data de fim de inscri\u00e7\u00e3o e na aplica\u00e7\u00e3o da prova, conforme tabala abaixo:<\/p>\n\n\n\n<div class=\"wp-block-image\"><figure class=\"aligncenter size-large\"><img loading=\"lazy\" decoding=\"async\" width=\"726\" height=\"179\" src=\"https:\/\/dhg1h5j42swfq.cloudfront.net\/2019\/12\/18103605\/Capturar-min-1.png\" alt=\"\" class=\"wp-image-461901\" srcset=\"https:\/\/dhg1h5j42swfq.cloudfront.net\/2019\/12\/18103605\/Capturar-min-1.png 726w, https:\/\/dhg1h5j42swfq.cloudfront.net\/2019\/12\/18103605\/Capturar-min-1-300x74.png 300w, https:\/\/dhg1h5j42swfq.cloudfront.net\/2019\/12\/18103605\/Capturar-min-1-610x150.png 610w\" sizes=\"auto, (max-width: 726px) 100vw, 726px\" \/><\/figure><\/div>\n\n\n\n<h2 class=\"wp-block-heading\" id=\"cargos-vagas\">Saiba mais sobre o cargo<\/h2>\n\n\n\n<p>O concurso CDP oferta 20 vagas imediatas mais forma\u00e7\u00e3o de cadastro reserva ao cargo de <strong>Guarda Portu\u00e1rio<\/strong>. A remunera\u00e7\u00e3o oferecida \u00e9 de R$ <em>1.786,75 mais vantagens previstas em acordo coletivo<\/em>. A jornada de trabalho ser\u00e1 de 36 horas semanais, em turno de revezamento e\/ou hor\u00e1rio administrativo, de acordo com a lota\u00e7\u00e3o.<\/p>\n\n\n\n<p><strong>Distribui\u00e7\u00e3o das vagas:<\/strong><\/p>\n\n\n\n<p><\/p>\n\n\n\n<figure class=\"wp-block-table is-style-stripes\"><table class=\"has-subtle-pale-blue-background-color has-fixed-layout has-background\"><tbody><tr><td><strong> Vagas AC <\/strong><\/td><td><strong> Vagas PcD <\/strong><\/td><td><strong> Vagas Negros <\/strong><\/td><td><strong> Total de Vagas <\/strong><\/td><\/tr><tr><td> 15 + CR <\/td><td> 1 + CR <\/td><td> 4 + CR <\/td><td> 20 + CR <\/td><\/tr><\/tbody><\/table><\/figure>\n\n\n\n<p><strong>Principais requisitos:<\/strong><\/p>\n\n\n\n<ul class=\"wp-block-list\"><li>Ensino M\u00e9dio completo ou equivalente; <\/li><li>Ter idade m\u00ednima de 18 anos at\u00e9 a data da realiza\u00e7\u00e3o da Comprova\u00e7\u00e3o de Requisitos e Exames M\u00e9dicos &#8211; Atestado de Sa\u00fade Ocupacional; <\/li><li>Possuir Carteira Nacional de Habilita\u00e7\u00e3o de categoria A e B ou superior; <\/li><li>Ter conclu\u00eddo, com aproveitamento m\u00ednimo exigido, o Curso de Forma\u00e7\u00e3o de Guarda Portu\u00e1rio. <\/li><\/ul>\n\n\n\n<h2 class=\"wp-block-heading\" id=\"etapas\">Etapas e provas<\/h2>\n\n\n\n<p>O concurso da Companhia de Docas do Par\u00e1 ser\u00e1 composto pelas seguintes etapas: <\/p>\n\n\n\n<ul class=\"wp-block-list\"><li><strong>1\u00aa ETAPA \u2013 PROVAS DE CONHECIMENTO: <\/strong><ul><li>Prova Objetiva de m\u00faltipla escolha, de car\u00e1ter eliminat\u00f3rio e classificat\u00f3rio<\/li><li>Prova Discursiva, de car\u00e1ter eliminat\u00f3rio e classificat\u00f3rio<\/li><\/ul><\/li><li><strong>2\u00aa ETAPA \u2013 TESTES DE APTID\u00c3O AO EMPREGO: <\/strong><ul><li>Teste m\u00e9dico, de car\u00e1ter apenas eliminat\u00f3rio<\/li><li>Teste de Aptid\u00e3o F\u00edsica, de car\u00e1ter apenas eliminat\u00f3rio<\/li><li>Teste de Aptid\u00e3o Psicol\u00f3gica, de car\u00e1ter apenas eliminat\u00f3rio<\/li><\/ul><\/li><\/ul>\n\n\n\n<p>Haver\u00e1, ainda, Curso de Forma\u00e7\u00e3o de Guarda Portu\u00e1rio, de car\u00e1ter apenas eliminat\u00f3rio, que ser\u00e1 realizado ap\u00f3s a homologa\u00e7\u00e3o do resultado final das etapas anteriores e admiss\u00e3o do candidato ao emprego. O Curso ser\u00e1 desenvolvido durante o per\u00edodo de experi\u00eancia do empregado.<\/p>\n\n\n\n<p>As provas objetivas e discursivas ser\u00e3o realizadas nos munic\u00edpios de Bel\u00e9m\/PA, Marab\u00e1\/PA e Santar\u00e9m\/PA. As demais fases do certame ser\u00e3o realizadas exclusivamente no munic\u00edpio de Bel\u00e9m\/PA.<\/p>\n\n\n\n<h3 class=\"wp-block-heading\">Prova Objetiva<\/h3>\n\n\n\n<p>A prova objetiva ser\u00e1 composta por 40 quest\u00f5es de m\u00faltipla escolha, valendo um ponto cada. Sua aplica\u00e7\u00e3o est\u00e1 prevista para o dia <strong>1\u00ba de mar\u00e7o de 2020<\/strong>, com dura\u00e7\u00e3o de 4 horas, das 13h \u00e0s 17h.<\/p>\n\n\n\n<ul class=\"wp-block-list\"><li><em>L\u00edngua Portuguesa &#8211; 15<\/em> <em>quest\u00f5es<\/em><\/li><li><em>Racioc\u00ednio L\u00f3gico &#8211; 05<\/em> <em>quest\u00f5es<\/em><\/li><li><em>Legisla\u00e7\u00e3o Espec\u00edfica &#8211; 10 quest\u00f5es<\/em><\/li><li><em>Conhecimentos do emprego &#8211; 10 quest\u00f5es<\/em><\/li><\/ul>\n\n\n\n<p>Ser\u00e1 considerado aprovado o candidato que obtiver, no m\u00ednimo, 50% de aproveitamento dos pontos. <\/p>\n\n\n\n<h3 class=\"wp-block-heading\">Prova Discursiva<\/h3>\n\n\n\n<p>Ser\u00e1 aplicada prova discursiva, de car\u00e1ter eliminat\u00f3rio e classificat\u00f3rio, no mesmo dia de realiza\u00e7\u00e3o da prova objetiva, constitu\u00edda da elabora\u00e7\u00e3o de uma reda\u00e7\u00e3o. <\/p>\n\n\n\n<p>Os candidatos ao emprego de Guarda Portu\u00e1rio dever\u00e3o desenvolver um texto dissertativo a partir de uma \u00fanica proposta, sobre assunto de interesse geral. Devem ser observados os limites m\u00ednimo de 20 linhas e m\u00e1ximo de 30 linhas, sob pena de perda de 1,0 ponto a cada linha abaixo do limite m\u00ednimo exigido.  <\/p>\n\n\n\n<p>A reda\u00e7\u00e3o ser\u00e1 avaliada na escala de 0 a 10 pontos. Ser\u00e3o considerados aprovados apenas os candidatos que obtiverem o percentual m\u00ednimo de 50% de aproveitamento nos pontos da referida prova. <\/p>\n\n\n\n<p>Somente ser\u00e3o corrigidas as provas discursivas dos candidatos aprovados na prova objetiva, classificados na lista de ampla concorr\u00eancia at\u00e9 10 vezes o n\u00famero de vagas, considerando os empates na \u00faltima posi\u00e7\u00e3o. <\/p>\n\n\n\n<h3 class=\"wp-block-heading\">Teste de Aptid\u00e3o F\u00edsica<\/h3>\n\n\n\n<p>O Teste de Aptid\u00e3o F\u00edsica aplicado aos candidatos ser\u00e1 composto dos seguintes testes: <\/p>\n\n\n\n<p><strong>Teste Din\u00e2mico de Barra (sexo masculino) e Teste Est\u00e1tico de Barra (sexo feminino):<\/strong><\/p>\n\n\n\n<div class=\"wp-block-image\"><figure class=\"aligncenter is-resized\"><img loading=\"lazy\" decoding=\"async\" src=\"https:\/\/dhg1h5j42swfq.cloudfront.net\/2019\/12\/10113043\/image58.png\" alt=\"\" class=\"wp-image-458238\" width=\"718\" height=\"161\" srcset=\"https:\/\/dhg1h5j42swfq.cloudfront.net\/2019\/12\/10113043\/image58.png 772w, https:\/\/dhg1h5j42swfq.cloudfront.net\/2019\/12\/10113043\/image58.png 300w, https:\/\/dhg1h5j42swfq.cloudfront.net\/2019\/12\/10113043\/image58.png 768w, https:\/\/dhg1h5j42swfq.cloudfront.net\/2019\/12\/10113043\/image58.png 610w\" sizes=\"auto, (max-width: 718px) 100vw, 718px\" \/><\/figure><\/div>\n\n\n\n<p><strong>Corrida de 12 minutos, para todos os candidatos<\/strong>:<\/p>\n\n\n\n<div class=\"wp-block-image\"><figure class=\"aligncenter is-resized\"><img loading=\"lazy\" decoding=\"async\" src=\"https:\/\/dhg1h5j42swfq.cloudfront.net\/2019\/12\/10113239\/image59.png\" alt=\"\" class=\"wp-image-458239\" width=\"728\" height=\"158\" srcset=\"https:\/\/dhg1h5j42swfq.cloudfront.net\/2019\/12\/10113239\/image59.png 788w, https:\/\/dhg1h5j42swfq.cloudfront.net\/2019\/12\/10113239\/image59.png 300w, https:\/\/dhg1h5j42swfq.cloudfront.net\/2019\/12\/10113239\/image59.png 768w, https:\/\/dhg1h5j42swfq.cloudfront.net\/2019\/12\/10113239\/image59.png 610w\" sizes=\"auto, (max-width: 728px) 100vw, 728px\" \/><\/figure><\/div>\n\n\n\n<p><strong>Teste de Nata\u00e7\u00e3o (sexo masculino e feminino):<\/strong><\/p>\n\n\n\n<div class=\"wp-block-image\"><figure class=\"aligncenter is-resized\"><img loading=\"lazy\" decoding=\"async\" src=\"https:\/\/dhg1h5j42swfq.cloudfront.net\/2019\/12\/10113305\/image60.png\" alt=\"\" class=\"wp-image-458241\" width=\"732\" height=\"107\" srcset=\"https:\/\/dhg1h5j42swfq.cloudfront.net\/2019\/12\/10113305\/image60.png 790w, https:\/\/dhg1h5j42swfq.cloudfront.net\/2019\/12\/10113305\/image60.png 300w, https:\/\/dhg1h5j42swfq.cloudfront.net\/2019\/12\/10113305\/image60.png 768w, https:\/\/dhg1h5j42swfq.cloudfront.net\/2019\/12\/10113305\/image60.png 610w\" sizes=\"auto, (max-width: 732px) 100vw, 732px\" \/><\/figure><\/div>\n\n\n\n<h2 class=\"wp-block-heading\">An\u00e1lise de edital CDP<\/h2>\n\n\n<figure class=\"wp-block-embed-youtube wp-block-embed is-type-video is-provider-youtube wp-embed-aspect-16-9 wp-has-aspect-ratio lyte-align aligncenter\"><div class=\"lyte-wrapper\" style=\"width:853px;max-width:100%;margin:5px;\"><div class=\"lyMe\" id=\"WYL_L1QCEvEVV7c\"><div id=\"lyte_L1QCEvEVV7c\" data-src=\"\/\/i.ytimg.com\/vi\/L1QCEvEVV7c\/hqdefault.jpg\" class=\"pL\"><div class=\"tC\"><div class=\"tT\"><\/div><\/div><div class=\"play\"><\/div><div class=\"ctrl\"><div class=\"Lctrl\"><\/div><div class=\"Rctrl\"><\/div><\/div><\/div><noscript><a href=\"https:\/\/youtu.be\/L1QCEvEVV7c\" rel=\"nofollow\"><img loading=\"lazy\" decoding=\"async\" src=\"https:\/\/i.ytimg.com\/vi\/L1QCEvEVV7c\/0.jpg\" alt=\"YouTube video thumbnail\" width=\"853\" height=\"460\" \/><br \/>Assista a este v\u00eddeo no YouTube<\/a><\/noscript><\/div><\/div><div class=\"lL\" style=\"max-width:100%;width:853px;margin:5px;\"><\/div><figcaption><\/figcaption><\/figure>\n\n\n<h2 class=\"wp-block-heading\">Edita Estrat\u00e9gico<\/h2>\n\n\n\n<p style=\"font-size:22px\" class=\"has-background has-text-align-center has-very-light-gray-background-color\"><a rel=\"noreferrer noopener\" aria-label=\"Guarda Portu\u00e1rio (abre numa nova aba)\" href=\"https:\/\/drive.google.com\/open?id=1711yA65pCDpAJb6K9ks94WZE__Le9aX5\" target=\"_blank\"><strong>Guarda Portu\u00e1rio<\/strong><\/a><\/p>\n\n\n\n<p><strong>IMPORTANTE<\/strong>: Ao clicar no link acima, vai ser aberta uma janela do Google Drive que tentar\u00e1 carregar a visualiza\u00e7\u00e3o da planilha no seu navegador. N\u00e3o h\u00e1 necessidade de esperar essa visualiza\u00e7\u00e3o (talvez at\u00e9 nem carregue, j\u00e1 que os arquivos s\u00e3o pesados).<\/p>\n\n\n\n<p>Fa\u00e7a o download clicando na seta para baixo no canto superior direito da janela do Google Drive que vai ser aberta ao clicar nos links acima.<\/p>\n\n\n\n<p>Todos os arquivos foram testados em diferentes computadores e celulares e est\u00e3o ok. Talvez alguma incompatibilidade (ou mensagem de erro, como &#8220;arquivo inv\u00e1lido&#8221;) ocorra em virtude do seu pr\u00f3prio computador ou do tamanho dos arquivos que possuem mais conte\u00fado.<\/p>\n\n\n\n<p style=\"font-size:22px\" class=\"has-background has-text-align-center has-very-light-gray-background-color\"><strong>Saiba mais: <\/strong><a rel=\"noreferrer noopener\" aria-label=\"Concurso CDP (abre numa nova aba)\" href=\"https:\/\/www.estrategiaconcursos.com.br\/blog\/concurso-cdp\/\" target=\"_blank\"><strong>Concurso CDP<\/strong><\/a><\/p>\n\n\n\n<hr class=\"wp-block-separator\"\/>\n\n\n\n<h2 class=\"has-text-align-center wp-block-heading\" id=\"cursos-assinatura\">Quer estudar para o concurso CDP?<\/h2>\n\n\n\n<p class=\"has-text-align-center\"><em>Gostou desta oportunidade e deseja come\u00e7ar se preparar agora mesmo? Ent\u00e3o, confira os nossos cursos e comece a estudar:<\/em><\/p>\n\n\n\n<p style=\"font-size:22px\" class=\"has-background has-text-align-center has-light-green-cyan-background-color\"><strong><a rel=\"noreferrer noopener\" aria-label=\"Curso para concurso (abre numa nova aba)\" href=\"https:\/\/www.estrategiaconcursos.com.br\/cursosPorConcurso\/companhia-de-docas-do-para-cdp\/\" target=\"_blank\">Cursos CDP<\/a><\/strong><\/p>\n\n\n\n<p class=\"has-text-align-center has-medium-font-size\"><em><strong>Assinatura Anual Ilimitada*<\/strong><\/em><\/p>\n\n\n\n<p class=\"has-text-align-center\"><em>Prepare-se com o melhor material e com quem mais aprova em Concursos P\u00fablicos em todo o pa\u00eds. Assine agora a nossa Assinatura Anual e tenha acesso ilimitado* a todos os nossos cursos.<\/em><\/p>\n\n\n\n<p style=\"font-size:22px\" class=\"has-background has-text-align-center has-luminous-vivid-amber-background-color\"><strong>ASSINE AGORA<\/strong>&nbsp;\u2013&nbsp;<strong><a rel=\"noreferrer noopener\" href=\"https:\/\/www.estrategiaconcursos.com.br\/assinaturas\" target=\"_blank\">Assinatura Ilimitada<\/a><\/strong><\/p>\n\n\n\n<p class=\"has-text-align-center has-medium-font-size\"><strong><em>Fique por dentro de todos os concursos<\/em><\/strong><\/p>\n\n\n\n<p style=\"font-size:22px\" class=\"has-background has-text-align-center has-pale-cyan-blue-background-color\"><a rel=\"noreferrer noopener\" href=\"https:\/\/www.estrategiaconcursos.com.br\/blog\/concursos-abertos\/\" target=\"_blank\"><strong>CONCURSOS ABERTOS<\/strong><\/a><\/p>\n\n\n\n<p style=\"font-size:22px\" class=\"has-background has-text-align-center has-pale-cyan-blue-background-color\"><a rel=\"noreferrer noopener\" href=\"https:\/\/www.estrategiaconcursos.com.br\/blog\/concursos-2020\/\" target=\"_blank\"><strong>CONCURSOS&nbsp;2020<\/strong><\/a><\/p>\n\n\n\n<figure class=\"wp-block-image\"><img loading=\"lazy\" decoding=\"async\" width=\"300\" height=\"102\" src=\"https:\/\/dhg1h5j42swfq.cloudfront.net\/2017\/03\/28152500\/coruja-ficha-tecnica-300x102.png\" alt=\"\" class=\"wp-image-68542\"\/><\/figure>\n\n\n\n<h3 class=\"wp-block-heading\" id=\"ficha-tecnica\"><strong>Informa\u00e7\u00f5es sobre o c<\/strong>oncurso CDP &#8211; Companha de Docas do Par\u00e1<\/h3>\n\n\n\n<p>\u25ba<strong>Provas<\/strong>: 01\/03\/2020<br \/>\u25ba<strong>Vagas<\/strong>: 20 + CR<br \/>\u25ba<strong>Cargo<\/strong>: Guarda Portu\u00e1rio<br \/>\u25ba<strong>Banca<\/strong>: Instituto Consulplan<br \/>\u25ba<strong>Escolaridade<\/strong>: N\u00edvel m\u00e9dio<br \/>\u25ba<strong>Edital<\/strong>:\u00a0<strong><a rel=\"noreferrer noopener\" aria-label=\"Edital CDP (abre numa nova aba)\" href=\"https:\/\/dhg1h5j42swfq.cloudfront.net\/2019\/12\/10102957\/Edital-CDP.pdf\" target=\"_blank\">Edital CDP<\/a><\/strong><\/p>\n\n\n\n<p><br \/><em>Ascom Estrat\u00e9gia<\/em><br \/>ascomestrategia@gmail.com<\/p>\n","protected":false},"excerpt":{"rendered":"<p>Foi publicado o edital do concurso p\u00fablico da Companhia de Docas do Par\u00e1. S\u00e3o ofertadas 20 vagas imediatas e forma\u00e7\u00e3o de cadastro reserva para Guarda Portu\u00e1rio, cargo que exige forma\u00e7\u00e3o de n\u00edvel m\u00e9dio ou equivalente. Os interessados em participar da sele\u00e7\u00e3o puderam realizar as inscri\u00e7\u00f5es no per\u00edodo de 11 de dezembro a 23 de janeiro, [&hellip;]<\/p>\n","protected":false},"author":388,"featured_media":444278,"comment_status":"open","ping_status":"closed","sticky":false,"template":"","format":"standard","meta":{"post_tipo":"article","footnotes":""},"categories":[1],"tags":[],"tax_estado":[],"class_list":["post-458172","post","type-post","status-publish","format-standard","has-post-thumbnail","hentry","category-cursos-e-concursos"],"acf":[],"yoast_head":"<!-- This site is optimized with the Yoast SEO Premium plugin v27.2 (Yoast SEO v27.2) - https:\/\/yoast.com\/product\/yoast-seo-premium-wordpress\/ -->\n<title>Saiu edital CDP - Companhia Docas do Par\u00e1: vagas para Guarda Portu\u00e1rio<\/title>\n<meta name=\"description\" content=\"Foi publicado o edital do concurso da Companhia de Docas do Par\u00e1. S\u00e3o ofertadas 20 vagas imediatas e forma\u00e7\u00e3o de cadastro reserva para Guarda Portu\u00e1rio.\" \/>\n<meta name=\"robots\" content=\"index, follow, max-snippet:-1, max-image-preview:large, max-video-preview:-1\" \/>\n<link rel=\"canonical\" href=\"https:\/\/www.estrategiaconcursos.com.br\/blog\/saiu-edital-cdp-guarda-portuario\/\" \/>\n<meta property=\"og:locale\" content=\"pt_BR\" \/>\n<meta property=\"og:type\" content=\"article\" \/>\n<meta property=\"og:title\" content=\"Saiu edital CDP - Companhia Docas do Par\u00e1: vagas para Guarda Portu\u00e1rio\" \/>\n<meta property=\"og:description\" content=\"Foi publicado o edital do concurso da Companhia de Docas do Par\u00e1. S\u00e3o ofertadas 20 vagas imediatas e forma\u00e7\u00e3o de cadastro reserva para Guarda Portu\u00e1rio.\" \/>\n<meta property=\"og:url\" content=\"https:\/\/www.estrategiaconcursos.com.br\/blog\/saiu-edital-cdp-guarda-portuario\/\" \/>\n<meta property=\"og:site_name\" content=\"Estrat\u00e9gia Concursos\" \/>\n<meta property=\"article:published_time\" content=\"2019-12-10T16:00:48+00:00\" \/>\n<meta property=\"article:modified_time\" content=\"2020-01-24T12:21:12+00:00\" \/>\n<meta property=\"og:image\" content=\"https:\/\/dhg1h5j42swfq.cloudfront.net\/2019\/11\/05113900\/SAIU-EDITAL1.jpg\" \/>\n\t<meta property=\"og:image:width\" content=\"1200\" \/>\n\t<meta property=\"og:image:height\" content=\"628\" \/>\n\t<meta property=\"og:image:type\" content=\"image\/jpeg\" \/>\n<meta name=\"author\" content=\"Tiago Zanolla\" \/>\n<meta name=\"twitter:card\" content=\"summary_large_image\" \/>\n<meta name=\"twitter:creator\" content=\"@EstratConcursos\" \/>\n<meta name=\"twitter:site\" content=\"@EstratConcursos\" \/>\n<meta name=\"twitter:label1\" content=\"Escrito por\" \/>\n\t<meta name=\"twitter:data1\" content=\"Tiago Zanolla\" \/>\n\t<meta name=\"twitter:label2\" content=\"Est. tempo de leitura\" \/>\n\t<meta name=\"twitter:data2\" content=\"5 minutos\" \/>\n<script type=\"application\/ld+json\" class=\"yoast-schema-graph\">{\"@context\":\"https:\/\/schema.org\",\"@graph\":[{\"@type\":\"NewsArticle\",\"@id\":\"https:\/\/www.estrategiaconcursos.com.br\/blog\/saiu-edital-cdp-guarda-portuario\/#article\",\"isPartOf\":{\"@id\":\"https:\/\/www.estrategiaconcursos.com.br\/blog\/saiu-edital-cdp-guarda-portuario\/\"},\"author\":{\"name\":\"Tiago Zanolla\",\"@id\":\"https:\/\/www.estrategiaconcursos.com.br\/blog\/#\/schema\/person\/1509739fd92a40c9b52116de04a90310\"},\"headline\":\"Saiu edital CDP &#8211; Companhia Docas do Par\u00e1: vagas para Guarda Portu\u00e1rio\",\"datePublished\":\"2019-12-10T16:00:48+00:00\",\"dateModified\":\"2020-01-24T12:21:12+00:00\",\"mainEntityOfPage\":{\"@id\":\"https:\/\/www.estrategiaconcursos.com.br\/blog\/saiu-edital-cdp-guarda-portuario\/\"},\"wordCount\":991,\"commentCount\":1,\"publisher\":{\"@id\":\"https:\/\/www.estrategiaconcursos.com.br\/blog\/#organization\"},\"image\":{\"@id\":\"https:\/\/www.estrategiaconcursos.com.br\/blog\/saiu-edital-cdp-guarda-portuario\/#primaryimage\"},\"thumbnailUrl\":\"https:\/\/dhg1h5j42swfq.cloudfront.net\/2019\/11\/05113900\/SAIU-EDITAL1.jpg\",\"articleSection\":[\"Concursos P\u00fablicos\"],\"inLanguage\":\"pt-BR\",\"potentialAction\":[{\"@type\":\"CommentAction\",\"name\":\"Comment\",\"target\":[\"https:\/\/www.estrategiaconcursos.com.br\/blog\/saiu-edital-cdp-guarda-portuario\/#respond\"]}],\"copyrightYear\":\"2019\",\"copyrightHolder\":{\"@id\":\"https:\/\/www.estrategiaconcursos.com.br\/blog\/#organization\"}},{\"@type\":\"WebPage\",\"@id\":\"https:\/\/www.estrategiaconcursos.com.br\/blog\/saiu-edital-cdp-guarda-portuario\/\",\"url\":\"https:\/\/www.estrategiaconcursos.com.br\/blog\/saiu-edital-cdp-guarda-portuario\/\",\"name\":\"Saiu edital CDP - Companhia Docas do Par\u00e1: vagas para Guarda Portu\u00e1rio\",\"isPartOf\":{\"@id\":\"https:\/\/www.estrategiaconcursos.com.br\/blog\/#website\"},\"primaryImageOfPage\":{\"@id\":\"https:\/\/www.estrategiaconcursos.com.br\/blog\/saiu-edital-cdp-guarda-portuario\/#primaryimage\"},\"image\":{\"@id\":\"https:\/\/www.estrategiaconcursos.com.br\/blog\/saiu-edital-cdp-guarda-portuario\/#primaryimage\"},\"thumbnailUrl\":\"https:\/\/dhg1h5j42swfq.cloudfront.net\/2019\/11\/05113900\/SAIU-EDITAL1.jpg\",\"datePublished\":\"2019-12-10T16:00:48+00:00\",\"dateModified\":\"2020-01-24T12:21:12+00:00\",\"description\":\"Foi publicado o edital do concurso da Companhia de Docas do Par\u00e1. S\u00e3o ofertadas 20 vagas imediatas e forma\u00e7\u00e3o de cadastro reserva para Guarda Portu\u00e1rio.\",\"breadcrumb\":{\"@id\":\"https:\/\/www.estrategiaconcursos.com.br\/blog\/saiu-edital-cdp-guarda-portuario\/#breadcrumb\"},\"inLanguage\":\"pt-BR\",\"potentialAction\":[{\"@type\":\"ReadAction\",\"target\":[\"https:\/\/www.estrategiaconcursos.com.br\/blog\/saiu-edital-cdp-guarda-portuario\/\"]}]},{\"@type\":\"ImageObject\",\"inLanguage\":\"pt-BR\",\"@id\":\"https:\/\/www.estrategiaconcursos.com.br\/blog\/saiu-edital-cdp-guarda-portuario\/#primaryimage\",\"url\":\"https:\/\/dhg1h5j42swfq.cloudfront.net\/2019\/11\/05113900\/SAIU-EDITAL1.jpg\",\"contentUrl\":\"https:\/\/dhg1h5j42swfq.cloudfront.net\/2019\/11\/05113900\/SAIU-EDITAL1.jpg\",\"width\":1200,\"height\":628,\"caption\":\"Concurso PGM Barra do Bugres\"},{\"@type\":\"BreadcrumbList\",\"@id\":\"https:\/\/www.estrategiaconcursos.com.br\/blog\/saiu-edital-cdp-guarda-portuario\/#breadcrumb\",\"itemListElement\":[{\"@type\":\"ListItem\",\"position\":1,\"name\":\"In\u00edcio\",\"item\":\"https:\/\/www.estrategiaconcursos.com.br\/blog\/\"},{\"@type\":\"ListItem\",\"position\":2,\"name\":\"Saiu edital CDP &#8211; Companhia Docas do Par\u00e1: vagas para Guarda Portu\u00e1rio\"}]},{\"@type\":\"WebSite\",\"@id\":\"https:\/\/www.estrategiaconcursos.com.br\/blog\/#website\",\"url\":\"https:\/\/www.estrategiaconcursos.com.br\/blog\/\",\"name\":\"Estrat\u00e9gia Concursos\",\"description\":\"O blog da Estrat\u00e9gia Concursos traz not\u00edcias sobre concursos e artigos de professores oferecendo cursos para concursos (pdf + videaulas) no site.\",\"publisher\":{\"@id\":\"https:\/\/www.estrategiaconcursos.com.br\/blog\/#organization\"},\"potentialAction\":[{\"@type\":\"SearchAction\",\"target\":{\"@type\":\"EntryPoint\",\"urlTemplate\":\"https:\/\/www.estrategiaconcursos.com.br\/blog\/?s={search_term_string}\"},\"query-input\":{\"@type\":\"PropertyValueSpecification\",\"valueRequired\":true,\"valueName\":\"search_term_string\"}}],\"inLanguage\":\"pt-BR\"},{\"@type\":\"Organization\",\"@id\":\"https:\/\/www.estrategiaconcursos.com.br\/blog\/#organization\",\"name\":\"Estrat\u00e9gia Concursos\",\"url\":\"https:\/\/www.estrategiaconcursos.com.br\/blog\/\",\"logo\":{\"@type\":\"ImageObject\",\"inLanguage\":\"pt-BR\",\"@id\":\"https:\/\/www.estrategiaconcursos.com.br\/blog\/#\/schema\/logo\/image\/\",\"url\":\"https:\/\/dhg1h5j42swfq.cloudfront.net\/2025\/06\/03203428\/logo_concursos-1.jpg\",\"contentUrl\":\"https:\/\/dhg1h5j42swfq.cloudfront.net\/2025\/06\/03203428\/logo_concursos-1.jpg\",\"width\":230,\"height\":60,\"caption\":\"Estrat\u00e9gia Concursos\"},\"image\":{\"@id\":\"https:\/\/www.estrategiaconcursos.com.br\/blog\/#\/schema\/logo\/image\/\"},\"sameAs\":[\"https:\/\/x.com\/EstratConcursos\"]},{\"@type\":\"Person\",\"@id\":\"https:\/\/www.estrategiaconcursos.com.br\/blog\/#\/schema\/person\/1509739fd92a40c9b52116de04a90310\",\"name\":\"Tiago Zanolla\",\"image\":{\"@type\":\"ImageObject\",\"inLanguage\":\"pt-BR\",\"@id\":\"https:\/\/secure.gravatar.com\/avatar\/e647cb200c21008603a1760df42f3f713d32dd977761568b5689c47f0b1747ee?s=96&d=mm&r=g\",\"url\":\"https:\/\/secure.gravatar.com\/avatar\/e647cb200c21008603a1760df42f3f713d32dd977761568b5689c47f0b1747ee?s=96&d=mm&r=g\",\"contentUrl\":\"https:\/\/secure.gravatar.com\/avatar\/e647cb200c21008603a1760df42f3f713d32dd977761568b5689c47f0b1747ee?s=96&d=mm&r=g\",\"caption\":\"Tiago Zanolla\"},\"url\":\"https:\/\/www.estrategiaconcursos.com.br\/blog\/author\/zanolla-estrategiagmail-com\/\"}]}<\/script>\n<!-- \/ Yoast SEO Premium plugin. -->","yoast_head_json":{"title":"Saiu edital CDP - Companhia Docas do Par\u00e1: vagas para Guarda Portu\u00e1rio","description":"Foi publicado o edital do concurso da Companhia de Docas do Par\u00e1. S\u00e3o ofertadas 20 vagas imediatas e forma\u00e7\u00e3o de cadastro reserva para Guarda Portu\u00e1rio.","robots":{"index":"index","follow":"follow","max-snippet":"max-snippet:-1","max-image-preview":"max-image-preview:large","max-video-preview":"max-video-preview:-1"},"canonical":"https:\/\/www.estrategiaconcursos.com.br\/blog\/saiu-edital-cdp-guarda-portuario\/","og_locale":"pt_BR","og_type":"article","og_title":"Saiu edital CDP - Companhia Docas do Par\u00e1: vagas para Guarda Portu\u00e1rio","og_description":"Foi publicado o edital do concurso da Companhia de Docas do Par\u00e1. S\u00e3o ofertadas 20 vagas imediatas e forma\u00e7\u00e3o de cadastro reserva para Guarda Portu\u00e1rio.","og_url":"https:\/\/www.estrategiaconcursos.com.br\/blog\/saiu-edital-cdp-guarda-portuario\/","og_site_name":"Estrat\u00e9gia Concursos","article_published_time":"2019-12-10T16:00:48+00:00","article_modified_time":"2020-01-24T12:21:12+00:00","og_image":[{"width":1200,"height":628,"url":"https:\/\/dhg1h5j42swfq.cloudfront.net\/2019\/11\/05113900\/SAIU-EDITAL1.jpg","type":"image\/jpeg"}],"author":"Tiago Zanolla","twitter_card":"summary_large_image","twitter_creator":"@EstratConcursos","twitter_site":"@EstratConcursos","twitter_misc":{"Escrito por":"Tiago Zanolla","Est. tempo de leitura":"5 minutos"},"schema":{"@context":"https:\/\/schema.org","@graph":[{"@type":"NewsArticle","@id":"https:\/\/www.estrategiaconcursos.com.br\/blog\/saiu-edital-cdp-guarda-portuario\/#article","isPartOf":{"@id":"https:\/\/www.estrategiaconcursos.com.br\/blog\/saiu-edital-cdp-guarda-portuario\/"},"author":{"name":"Tiago Zanolla","@id":"https:\/\/www.estrategiaconcursos.com.br\/blog\/#\/schema\/person\/1509739fd92a40c9b52116de04a90310"},"headline":"Saiu edital CDP &#8211; Companhia Docas do Par\u00e1: vagas para Guarda Portu\u00e1rio","datePublished":"2019-12-10T16:00:48+00:00","dateModified":"2020-01-24T12:21:12+00:00","mainEntityOfPage":{"@id":"https:\/\/www.estrategiaconcursos.com.br\/blog\/saiu-edital-cdp-guarda-portuario\/"},"wordCount":991,"commentCount":1,"publisher":{"@id":"https:\/\/www.estrategiaconcursos.com.br\/blog\/#organization"},"image":{"@id":"https:\/\/www.estrategiaconcursos.com.br\/blog\/saiu-edital-cdp-guarda-portuario\/#primaryimage"},"thumbnailUrl":"https:\/\/dhg1h5j42swfq.cloudfront.net\/2019\/11\/05113900\/SAIU-EDITAL1.jpg","articleSection":["Concursos P\u00fablicos"],"inLanguage":"pt-BR","potentialAction":[{"@type":"CommentAction","name":"Comment","target":["https:\/\/www.estrategiaconcursos.com.br\/blog\/saiu-edital-cdp-guarda-portuario\/#respond"]}],"copyrightYear":"2019","copyrightHolder":{"@id":"https:\/\/www.estrategiaconcursos.com.br\/blog\/#organization"}},{"@type":"WebPage","@id":"https:\/\/www.estrategiaconcursos.com.br\/blog\/saiu-edital-cdp-guarda-portuario\/","url":"https:\/\/www.estrategiaconcursos.com.br\/blog\/saiu-edital-cdp-guarda-portuario\/","name":"Saiu edital CDP - Companhia Docas do Par\u00e1: vagas para Guarda Portu\u00e1rio","isPartOf":{"@id":"https:\/\/www.estrategiaconcursos.com.br\/blog\/#website"},"primaryImageOfPage":{"@id":"https:\/\/www.estrategiaconcursos.com.br\/blog\/saiu-edital-cdp-guarda-portuario\/#primaryimage"},"image":{"@id":"https:\/\/www.estrategiaconcursos.com.br\/blog\/saiu-edital-cdp-guarda-portuario\/#primaryimage"},"thumbnailUrl":"https:\/\/dhg1h5j42swfq.cloudfront.net\/2019\/11\/05113900\/SAIU-EDITAL1.jpg","datePublished":"2019-12-10T16:00:48+00:00","dateModified":"2020-01-24T12:21:12+00:00","description":"Foi publicado o edital do concurso da Companhia de Docas do Par\u00e1. S\u00e3o ofertadas 20 vagas imediatas e forma\u00e7\u00e3o de cadastro reserva para Guarda Portu\u00e1rio.","breadcrumb":{"@id":"https:\/\/www.estrategiaconcursos.com.br\/blog\/saiu-edital-cdp-guarda-portuario\/#breadcrumb"},"inLanguage":"pt-BR","potentialAction":[{"@type":"ReadAction","target":["https:\/\/www.estrategiaconcursos.com.br\/blog\/saiu-edital-cdp-guarda-portuario\/"]}]},{"@type":"ImageObject","inLanguage":"pt-BR","@id":"https:\/\/www.estrategiaconcursos.com.br\/blog\/saiu-edital-cdp-guarda-portuario\/#primaryimage","url":"https:\/\/dhg1h5j42swfq.cloudfront.net\/2019\/11\/05113900\/SAIU-EDITAL1.jpg","contentUrl":"https:\/\/dhg1h5j42swfq.cloudfront.net\/2019\/11\/05113900\/SAIU-EDITAL1.jpg","width":1200,"height":628,"caption":"Concurso PGM Barra do Bugres"},{"@type":"BreadcrumbList","@id":"https:\/\/www.estrategiaconcursos.com.br\/blog\/saiu-edital-cdp-guarda-portuario\/#breadcrumb","itemListElement":[{"@type":"ListItem","position":1,"name":"In\u00edcio","item":"https:\/\/www.estrategiaconcursos.com.br\/blog\/"},{"@type":"ListItem","position":2,"name":"Saiu edital CDP &#8211; Companhia Docas do Par\u00e1: vagas para Guarda Portu\u00e1rio"}]},{"@type":"WebSite","@id":"https:\/\/www.estrategiaconcursos.com.br\/blog\/#website","url":"https:\/\/www.estrategiaconcursos.com.br\/blog\/","name":"Estrat\u00e9gia Concursos","description":"O blog da Estrat\u00e9gia Concursos traz not\u00edcias sobre concursos e artigos de professores oferecendo cursos para concursos (pdf + videaulas) no site.","publisher":{"@id":"https:\/\/www.estrategiaconcursos.com.br\/blog\/#organization"},"potentialAction":[{"@type":"SearchAction","target":{"@type":"EntryPoint","urlTemplate":"https:\/\/www.estrategiaconcursos.com.br\/blog\/?s={search_term_string}"},"query-input":{"@type":"PropertyValueSpecification","valueRequired":true,"valueName":"search_term_string"}}],"inLanguage":"pt-BR"},{"@type":"Organization","@id":"https:\/\/www.estrategiaconcursos.com.br\/blog\/#organization","name":"Estrat\u00e9gia Concursos","url":"https:\/\/www.estrategiaconcursos.com.br\/blog\/","logo":{"@type":"ImageObject","inLanguage":"pt-BR","@id":"https:\/\/www.estrategiaconcursos.com.br\/blog\/#\/schema\/logo\/image\/","url":"https:\/\/dhg1h5j42swfq.cloudfront.net\/2025\/06\/03203428\/logo_concursos-1.jpg","contentUrl":"https:\/\/dhg1h5j42swfq.cloudfront.net\/2025\/06\/03203428\/logo_concursos-1.jpg","width":230,"height":60,"caption":"Estrat\u00e9gia Concursos"},"image":{"@id":"https:\/\/www.estrategiaconcursos.com.br\/blog\/#\/schema\/logo\/image\/"},"sameAs":["https:\/\/x.com\/EstratConcursos"]},{"@type":"Person","@id":"https:\/\/www.estrategiaconcursos.com.br\/blog\/#\/schema\/person\/1509739fd92a40c9b52116de04a90310","name":"Tiago Zanolla","image":{"@type":"ImageObject","inLanguage":"pt-BR","@id":"https:\/\/secure.gravatar.com\/avatar\/e647cb200c21008603a1760df42f3f713d32dd977761568b5689c47f0b1747ee?s=96&d=mm&r=g","url":"https:\/\/secure.gravatar.com\/avatar\/e647cb200c21008603a1760df42f3f713d32dd977761568b5689c47f0b1747ee?s=96&d=mm&r=g","contentUrl":"https:\/\/secure.gravatar.com\/avatar\/e647cb200c21008603a1760df42f3f713d32dd977761568b5689c47f0b1747ee?s=96&d=mm&r=g","caption":"Tiago Zanolla"},"url":"https:\/\/www.estrategiaconcursos.com.br\/blog\/author\/zanolla-estrategiagmail-com\/"}]}},"_links":{"self":[{"href":"https:\/\/www.estrategiaconcursos.com.br\/blog\/wp-json\/wp\/v2\/posts\/458172","targetHints":{"allow":["GET"]}}],"collection":[{"href":"https:\/\/www.estrategiaconcursos.com.br\/blog\/wp-json\/wp\/v2\/posts"}],"about":[{"href":"https:\/\/www.estrategiaconcursos.com.br\/blog\/wp-json\/wp\/v2\/types\/post"}],"author":[{"embeddable":true,"href":"https:\/\/www.estrategiaconcursos.com.br\/blog\/wp-json\/wp\/v2\/users\/388"}],"replies":[{"embeddable":true,"href":"https:\/\/www.estrategiaconcursos.com.br\/blog\/wp-json\/wp\/v2\/comments?post=458172"}],"version-history":[{"count":8,"href":"https:\/\/www.estrategiaconcursos.com.br\/blog\/wp-json\/wp\/v2\/posts\/458172\/revisions"}],"predecessor-version":[{"id":473618,"href":"https:\/\/www.estrategiaconcursos.com.br\/blog\/wp-json\/wp\/v2\/posts\/458172\/revisions\/473618"}],"wp:featuredmedia":[{"embeddable":true,"href":"https:\/\/www.estrategiaconcursos.com.br\/blog\/wp-json\/wp\/v2\/media\/444278"}],"wp:attachment":[{"href":"https:\/\/www.estrategiaconcursos.com.br\/blog\/wp-json\/wp\/v2\/media?parent=458172"}],"wp:term":[{"taxonomy":"category","embeddable":true,"href":"https:\/\/www.estrategiaconcursos.com.br\/blog\/wp-json\/wp\/v2\/categories?post=458172"},{"taxonomy":"post_tag","embeddable":true,"href":"https:\/\/www.estrategiaconcursos.com.br\/blog\/wp-json\/wp\/v2\/tags?post=458172"},{"taxonomy":"tax_estado","embeddable":true,"href":"https:\/\/www.estrategiaconcursos.com.br\/blog\/wp-json\/wp\/v2\/tax_estado?post=458172"}],"curies":[{"name":"wp","href":"https:\/\/api.w.org\/{rel}","templated":true}]}}