{"id":458143,"date":"2022-02-14T16:14:00","date_gmt":"2022-02-14T19:14:00","guid":{"rendered":"https:\/\/www.estrategiaconcursos.com.br\/blog\/?p=458143"},"modified":"2022-02-14T16:14:38","modified_gmt":"2022-02-14T19:14:38","slug":"edital-crf-pa","status":"publish","type":"post","link":"https:\/\/www.estrategiaconcursos.com.br\/blog\/edital-crf-pa\/","title":{"rendered":"Edital CRF PA: cronograma retificado; saiba mais"},"content":{"rendered":"\n<p>Novo cronograma do concurso CRF PA foi divulgado no dia 14 de fevereiro de 2022.<\/p>\n\n\n\n<p>Lembre-se que o Conselho Regional de Farm\u00e1cia do Estado do Par\u00e1 j\u00e1 divulgou os <a href=\"https:\/\/www.fundacaocetap.com.br\/uploads\/237\/concursos\/135\/anexos\/56q0iBJRI9FPzw30XJWXByJkjaVEtGhj0B96oVVR.pdf\" target=\"_blank\" rel=\"noreferrer noopener\">resultados preliminares<\/a> das Provas Objetivas realizadas no dia <strong>5 de dezembro de 2021<\/strong>. <\/p>\n\n\n\n<ul id=\"block-ee678516-e9d1-48bd-b327-7b9acd55f0fd\" class=\"has-very-light-gray-to-cyan-bluish-gray-gradient-background has-background wp-block-list\"><li><strong>Concurso CRF PA<\/strong><\/li><li><strong>Status:<\/strong>&nbsp;resultado preliminar da objetiva divulgado <\/li><li><strong>Banca:&nbsp;<\/strong>Cetap<\/li><li><strong>Vagas:&nbsp;<\/strong>26<\/li><li><strong>Sal\u00e1rio inicial:<\/strong>&nbsp;R$ 8.207,86 \/ R$ 3.630,40<\/li><li><strong>Edital:&nbsp;<\/strong><a href=\"https:\/\/dhg1h5j42swfq.cloudfront.net\/2021\/08\/10142042\/lwcppqitg1piy8utog9mglbpcsyd13czjob7ljia.pdf\" target=\"_blank\" rel=\"noreferrer noopener nofollow\">Retomada 2021<\/a><\/li><\/ul>\n\n\n\n<ul class=\"wp-block-list\"><li><a href=\"#atual\">Situa\u00e7\u00e3o atual do concurso<\/a><\/li><li><a href=\"#carreira\">Carreira<\/a><ul><li><a href=\"#cargo\">Cargos, vagas e sal\u00e1rios<\/a><\/li><\/ul><\/li><li><a href=\"#prova\">Etapas de provas <\/a><\/li><li><a href=\"#assinatura-ilimitada\">Cursos e Assinaturas<\/a><\/li><\/ul>\n\n\n\n<h2 class=\"wp-block-heading\" id=\"atual\">Concurso CRF PA: situa\u00e7\u00e3o atual <\/h2>\n\n\n\n<p>Confira as novas datas do cronograma que foram alteradas no dia 14 de fevereiro de 2022:<\/p>\n\n\n\n<ul class=\"wp-block-list\"><li>Edital de convoca\u00e7\u00e3o para a realiza\u00e7\u00e3o do procedimento de heteroidentifica\u00e7\u00e3o complementar \u00e0 autodeclara\u00e7\u00e3o dos candidatos pretos ou pardos retificado &#8211; 07 de fevereiro de 2022.<\/li><li>Per\u00edodo de realiza\u00e7\u00e3o do procedimento de heteroidentifica\u00e7\u00e3o complementar \u00e0 autodeclara\u00e7\u00e3o dos candidatos pretos ou pardos &#8211; 17 de fevereiro de 2022.<\/li><li>Resultado preliminar do procedimento de heteroidentifica\u00e7\u00e3o complementar \u00e0 autodeclara\u00e7\u00e3o dos candidatos pretos ou pardos &#8211; 21 de fevereiro de 2022.<\/li><li>Per\u00edodo de recurso contra o resultado preliminar do procedimento de heteroidentifica\u00e7\u00e3o complementar \u00e0 autodeclara\u00e7\u00e3o dos candidatos pretos ou pardos &#8211; 22 e 23 de fevereiro de 2022.<\/li><li>Resultado definitivo do procedimento de heteroidentifica\u00e7\u00e3o complementar \u00e0 autodeclara\u00e7\u00e3o dos candidatos pretos ou pardos &#8211; 28 de fevereiro de 2022.<\/li><li><strong>Resultado final preliminar<\/strong> &#8211; 28 de fevereiro de 2022. <\/li><li>Per\u00edodo de recurso contra o resultado final preliminar &#8211; 02 e 03 de mar\u00e7o de 2022.<\/li><li><strong>Resultado final definitivo &#8211; 07 de mar\u00e7o de 2022. <\/strong><\/li><\/ul>\n\n\n\n<h2 class=\"wp-block-heading\" id=\"carreira\">Concurso CRF PA: carreira<\/h2>\n\n\n\n<h2 class=\"wp-block-heading\" id=\"cargo\">Cargos, vagas e sal\u00e1rios<\/h2>\n\n\n\n<h4 class=\"wp-block-heading\" id=\"nivel-medio\">N\u00edvel M\u00e9dio<\/h4>\n\n\n\n<figure class=\"wp-block-table aligncenter is-style-stripes\"><table class=\"has-background has-fixed-layout\" style=\"background-color:#e7f5fe\"><tbody><tr><td class=\"has-text-align-center\" data-align=\"center\"><strong>CARGOS<\/strong><\/td><td class=\"has-text-align-center\" data-align=\"center\"><strong>VAGAS<\/strong><\/td><td class=\"has-text-align-center\" data-align=\"center\"><strong>REMUNERA\u00c7\u00d5ES<\/strong><\/td><\/tr><tr><td class=\"has-text-align-center\" data-align=\"center\">Agente Administrativo<\/td><td class=\"has-text-align-center\" data-align=\"center\">11 vagas<\/td><td class=\"has-text-align-center\" data-align=\"center\">R$ 2.015,86 + Benef\u00edcios <\/td><\/tr><tr><td class=\"has-text-align-center\" data-align=\"center\">Auxiliar Administrativo<\/td><td class=\"has-text-align-center\" data-align=\"center\">4 vagas<\/td><td class=\"has-text-align-center\" data-align=\"center\">R$ 1.193.04 + Benef\u00edcios <\/td><\/tr><\/tbody><\/table><\/figure>\n\n\n\n<h4 class=\"wp-block-heading\" id=\"nivel-superior\">N\u00edvel Superior<\/h4>\n\n\n\n<figure class=\"wp-block-table aligncenter is-style-stripes\"><table class=\"has-background has-fixed-layout\" style=\"background-color:#e7f5fe\"><tbody><tr><td class=\"has-text-align-center\" data-align=\"center\"><strong>CARGOS<\/strong><\/td><td class=\"has-text-align-center\" data-align=\"center\"><strong>VAGAS<\/strong><\/td><td class=\"has-text-align-center\" data-align=\"center\"><strong>REMUNERA\u00c7\u00d5ES<\/strong><\/td><\/tr><tr><td class=\"has-text-align-center\" data-align=\"center\">Advogado<\/td><td class=\"has-text-align-center\" data-align=\"center\">1 vaga<\/td><td class=\"has-text-align-center\" data-align=\"center\">R$ 8.207,86 + Benef\u00edcios<\/td><\/tr><tr><td class=\"has-text-align-center\" data-align=\"center\"> Farmac\u00eautico Fiscal <\/td><td class=\"has-text-align-center\" data-align=\"center\">6 vagas<\/td><td class=\"has-text-align-center\" data-align=\"center\">R$ 4.079,11 + Adicional de Exclusividade 100% + Benef\u00edcios <\/td><\/tr><tr><td class=\"has-text-align-center\" data-align=\"center\">Secret\u00e1rio Executivo Bil\u00edngue ou Tril\u00edngue <\/td><td class=\"has-text-align-center\" data-align=\"center\">1 vaga<\/td><td class=\"has-text-align-center\" data-align=\"center\">R$ 3.630,40 + Benef\u00edcios<\/td><\/tr><tr><td class=\"has-text-align-center\" data-align=\"center\">Contador<\/td><td class=\"has-text-align-center\" data-align=\"center\">1 vaga<\/td><td class=\"has-text-align-center\" data-align=\"center\">R$ 6.017,69 + Benef\u00edcios<\/td><\/tr><tr><td class=\"has-text-align-center\" data-align=\"center\">Administrador<\/td><td class=\"has-text-align-center\" data-align=\"center\">1 vaga<\/td><td class=\"has-text-align-center\" data-align=\"center\">R$ 6.017,69 + Benef\u00edcios<\/td><\/tr><tr><td class=\"has-text-align-center\" data-align=\"center\">Analista de Suporte<\/td><td class=\"has-text-align-center\" data-align=\"center\">1 vaga<\/td><td class=\"has-text-align-center\" data-align=\"center\">R$ 3.775,62 + Benef\u00edcios<\/td><\/tr><\/tbody><\/table><\/figure>\n\n\n\n<h2 class=\"wp-block-heading\" id=\"prova\">Concurso CRF PA: etapas de provas <\/h2>\n\n\n\n<ul class=\"wp-block-list\"><li><strong>1\u00aa Fase: Prova Objetiva <\/strong>&#8211; A Prova Objetiva de M\u00faltipla Escolha foi realizada nos Munic\u00edpios de BEL\u00c9M\/PA, CASTANHAL\/PA, MARAB\u00c1\/PA, REDEN\u00c7\u00c3O\/PA e SANTAR\u00c9M\/PA.<\/li><li><strong>2\u00aa Fase: Prova de T\u00edtulos<\/strong> &#8211; A Prova de T\u00edtulos, de car\u00e1ter Classificat\u00f3rio, foi aplicada para todos os candidatos inscritos nos cargos de N\u00edvel Superior aprovados na 1\u00aa Fase.<\/li><\/ul>\n\n\n\n<h2 class=\"has-text-align-center wp-block-heading\" id=\"cursos\">Quer saber tudo sobre concursos previstos?<br \/><strong>Confira nossos artigos!<\/strong><\/h2>\n\n\n\n<ul class=\"wp-block-list\"><li><a href=\"https:\/\/www.estrategiaconcursos.com.br\/blog\/concursos-abertos\/\" target=\"_blank\" rel=\"noreferrer noopener\">Concursos abertos<\/a><\/li><li><a href=\"https:\/\/www.estrategiaconcursos.com.br\/blog\/concursos-2022\/\" target=\"_blank\" rel=\"noreferrer noopener\">Concursos 2022<\/a><\/li><\/ul>\n\n\n\n<h2 class=\"has-text-align-center wp-block-heading\" id=\"assinatura-ilimitada\">Quer se preparar para o concurso CRF PA?<\/h2>\n\n\n\n<div class=\"col-sm\">\n      <div class=\"banner-estrategia\" id=\"box-assinatura\">\n        <h3 class=\"titulo-assinatura\">Cursos para CRF PA<\/h3>\n        <p class=\"subtitulo-assinatura\">Conhe\u00e7a os cursos<\/p>\n        <div class=\"box-botao\">\n          <a class=\"btn-assinatura\" target=\"_blank\" href=\"https:\/\/www.estrategiaconcursos.com.br\/cursosPorConcurso\/conselho-regional-de-farmacia-do-para-crf-pa\/\" role=\"button\" rel=\"noopener noreferrer\">Conhe\u00e7a mais<\/a>\n        <\/div>\n      <\/div>\n      \n    <\/div>\n\n\n\n\n\n<figure class=\"wp-block-image size-large is-resized\"><img loading=\"lazy\" decoding=\"async\" src=\"https:\/\/dhg1h5j42swfq.cloudfront.net\/2021\/05\/10150159\/ficha-tecnica-1-1024x632-1-6.png\" alt=\"\" class=\"wp-image-736318\" width=\"275\" height=\"169\" srcset=\"https:\/\/dhg1h5j42swfq.cloudfront.net\/2021\/05\/10150159\/ficha-tecnica-1-1024x632-1-6.png 1024w, https:\/\/dhg1h5j42swfq.cloudfront.net\/2021\/05\/10150159\/ficha-tecnica-1-1024x632-1-6-300x185.png 300w, https:\/\/dhg1h5j42swfq.cloudfront.net\/2021\/05\/10150159\/ficha-tecnica-1-1024x632-1-6-768x474.png 768w, https:\/\/dhg1h5j42swfq.cloudfront.net\/2021\/05\/10150159\/ficha-tecnica-1-1024x632-1-6-610x376.png 610w\" sizes=\"auto, (max-width: 275px) 100vw, 275px\" \/><\/figure>\n\n\n\n<h3 class=\"wp-block-heading\" id=\"ficha-tecnica\"><strong>Informa\u00e7\u00f5es sobre o&nbsp;<\/strong>concurso CRF PA<\/h3>\n\n\n\n<ul class=\"wp-block-list\"><li><strong>Provas<\/strong>: <s>05\/12\/2021<\/s><\/li><li><strong>Vagas<\/strong>: 26 <\/li><li><strong>Cargos<\/strong>: diversos<\/li><li><strong>Banca<\/strong>: CETAP<\/li><li><strong>Escolaridade<\/strong>: N\u00edvel superior e m\u00e9dio<\/li><li><strong>Retomada<\/strong>: <a href=\"https:\/\/dhg1h5j42swfq.cloudfront.net\/2021\/08\/10142042\/lwcppqitg1piy8utog9mglbpcsyd13czjob7ljia.pdf\" target=\"_blank\" rel=\"noreferrer noopener nofollow\">Retomada 2021<\/a><\/li><li><strong>Retifica\u00e7\u00e3o<\/strong>: <a href=\"https:\/\/dhg1h5j42swfq.cloudfront.net\/2021\/08\/11115112\/lwcppqitg1piy8utog9mglbpcsyd13czjob7ljia-1.pdf\" target=\"_blank\" rel=\"noreferrer noopener nofollow\">Retifica\u00e7\u00e3o CRF PA 2021<\/a>\/\/ <a href=\"https:\/\/www.fundacaocetap.com.br\/uploads\/237\/concursos\/135\/anexos\/w2hpgnuR7IMDycCmAbQWLSto8THpCiBz7hU27f03.pdf\" target=\"_blank\" rel=\"noreferrer noopener\">Retifica\u00e7\u00e3o cronograma 2022<\/a><\/li><\/ul>\n\n\n\n<p><\/p>\n","protected":false},"excerpt":{"rendered":"<p>Novo cronograma do concurso CRF PA foi divulgado no dia 14 de fevereiro de 2022. Lembre-se que o Conselho Regional de Farm\u00e1cia do Estado do Par\u00e1 j\u00e1 divulgou os resultados preliminares das Provas Objetivas realizadas no dia 5 de dezembro de 2021. Concurso CRF PA Status:&nbsp;resultado preliminar da objetiva divulgado Banca:&nbsp;Cetap Vagas:&nbsp;26 Sal\u00e1rio inicial:&nbsp;R$ 8.207,86 [&hellip;]<\/p>\n","protected":false},"author":1,"featured_media":461477,"comment_status":"open","ping_status":"closed","sticky":false,"template":"","format":"standard","meta":{"post_tipo":"news_page","footnotes":""},"categories":[1],"tags":[],"tax_estado":[219977],"class_list":["post-458143","post","type-post","status-publish","format-standard","has-post-thumbnail","hentry","category-cursos-e-concursos","tax_estado-pa"],"acf":[],"yoast_head":"<!-- This site is optimized with the Yoast SEO Premium plugin v27.2 (Yoast SEO v27.2) - https:\/\/yoast.com\/product\/yoast-seo-premium-wordpress\/ -->\n<title>Edital CRF PA: cronograma retificado; saiba mais<\/title>\n<meta name=\"description\" content=\"Edital CRF PA: cronograma \u00e9 retificado no dia 14 de fevereiro de 2022. Confira AQUI as novas datas e saiba todos os detalhes.\" \/>\n<meta name=\"robots\" content=\"index, follow, max-snippet:-1, max-image-preview:large, max-video-preview:-1\" \/>\n<link rel=\"canonical\" href=\"https:\/\/www.estrategiaconcursos.com.br\/blog\/edital-crf-pa\/\" \/>\n<meta property=\"og:locale\" content=\"pt_BR\" \/>\n<meta property=\"og:type\" content=\"article\" \/>\n<meta property=\"og:title\" content=\"Edital CRF PA: cronograma retificado; saiba mais\" \/>\n<meta property=\"og:description\" content=\"Edital CRF PA: cronograma \u00e9 retificado no dia 14 de fevereiro de 2022. Confira AQUI as novas datas e saiba todos os detalhes.\" \/>\n<meta property=\"og:url\" content=\"https:\/\/www.estrategiaconcursos.com.br\/blog\/edital-crf-pa\/\" \/>\n<meta property=\"og:site_name\" content=\"Estrat\u00e9gia Concursos\" \/>\n<meta property=\"article:author\" content=\"https:\/\/www.facebook.com\/EstrategiaConcursos\" \/>\n<meta property=\"article:published_time\" content=\"2022-02-14T19:14:00+00:00\" \/>\n<meta property=\"article:modified_time\" content=\"2022-02-14T19:14:38+00:00\" \/>\n<meta property=\"og:image\" content=\"https:\/\/dhg1h5j42swfq.cloudfront.net\/2019\/12\/17143802\/CRF-PA.jpg\" \/>\n\t<meta property=\"og:image:width\" content=\"1200\" \/>\n\t<meta property=\"og:image:height\" content=\"628\" \/>\n\t<meta property=\"og:image:type\" content=\"image\/jpeg\" \/>\n<meta name=\"author\" content=\"Coordena\u00e7\u00e3o\" \/>\n<meta name=\"twitter:card\" content=\"summary_large_image\" \/>\n<meta name=\"twitter:creator\" content=\"@EstratConcursos\" \/>\n<meta name=\"twitter:site\" content=\"@EstratConcursos\" \/>\n<meta name=\"twitter:label1\" content=\"Escrito por\" \/>\n\t<meta name=\"twitter:data1\" content=\"Coordena\u00e7\u00e3o\" \/>\n\t<meta name=\"twitter:label2\" content=\"Est. tempo de leitura\" \/>\n\t<meta name=\"twitter:data2\" content=\"3 minutos\" \/>\n<script type=\"application\/ld+json\" class=\"yoast-schema-graph\">{\"@context\":\"https:\/\/schema.org\",\"@graph\":[{\"@type\":\"NewsArticle\",\"@id\":\"https:\/\/www.estrategiaconcursos.com.br\/blog\/edital-crf-pa\/#article\",\"isPartOf\":{\"@id\":\"https:\/\/www.estrategiaconcursos.com.br\/blog\/edital-crf-pa\/\"},\"author\":{\"name\":\"Coordena\u00e7\u00e3o\",\"@id\":\"https:\/\/www.estrategiaconcursos.com.br\/blog\/#\/schema\/person\/b4a388c97673c5f483d72185668afa1f\"},\"headline\":\"Edital CRF PA: cronograma retificado; saiba mais\",\"datePublished\":\"2022-02-14T19:14:00+00:00\",\"dateModified\":\"2022-02-14T19:14:38+00:00\",\"mainEntityOfPage\":{\"@id\":\"https:\/\/www.estrategiaconcursos.com.br\/blog\/edital-crf-pa\/\"},\"wordCount\":461,\"commentCount\":0,\"publisher\":{\"@id\":\"https:\/\/www.estrategiaconcursos.com.br\/blog\/#organization\"},\"image\":{\"@id\":\"https:\/\/www.estrategiaconcursos.com.br\/blog\/edital-crf-pa\/#primaryimage\"},\"thumbnailUrl\":\"https:\/\/dhg1h5j42swfq.cloudfront.net\/2019\/12\/17143802\/CRF-PA.jpg\",\"articleSection\":[\"Concursos P\u00fablicos\"],\"inLanguage\":\"pt-BR\",\"potentialAction\":[{\"@type\":\"CommentAction\",\"name\":\"Comment\",\"target\":[\"https:\/\/www.estrategiaconcursos.com.br\/blog\/edital-crf-pa\/#respond\"]}],\"copyrightYear\":\"2022\",\"copyrightHolder\":{\"@id\":\"https:\/\/www.estrategiaconcursos.com.br\/blog\/#organization\"}},{\"@type\":\"WebPage\",\"@id\":\"https:\/\/www.estrategiaconcursos.com.br\/blog\/edital-crf-pa\/\",\"url\":\"https:\/\/www.estrategiaconcursos.com.br\/blog\/edital-crf-pa\/\",\"name\":\"Edital CRF PA: cronograma retificado; saiba mais\",\"isPartOf\":{\"@id\":\"https:\/\/www.estrategiaconcursos.com.br\/blog\/#website\"},\"primaryImageOfPage\":{\"@id\":\"https:\/\/www.estrategiaconcursos.com.br\/blog\/edital-crf-pa\/#primaryimage\"},\"image\":{\"@id\":\"https:\/\/www.estrategiaconcursos.com.br\/blog\/edital-crf-pa\/#primaryimage\"},\"thumbnailUrl\":\"https:\/\/dhg1h5j42swfq.cloudfront.net\/2019\/12\/17143802\/CRF-PA.jpg\",\"datePublished\":\"2022-02-14T19:14:00+00:00\",\"dateModified\":\"2022-02-14T19:14:38+00:00\",\"description\":\"Edital CRF PA: cronograma \u00e9 retificado no dia 14 de fevereiro de 2022. Confira AQUI as novas datas e saiba todos os detalhes.\",\"breadcrumb\":{\"@id\":\"https:\/\/www.estrategiaconcursos.com.br\/blog\/edital-crf-pa\/#breadcrumb\"},\"inLanguage\":\"pt-BR\",\"potentialAction\":[{\"@type\":\"ReadAction\",\"target\":[\"https:\/\/www.estrategiaconcursos.com.br\/blog\/edital-crf-pa\/\"]}]},{\"@type\":\"ImageObject\",\"inLanguage\":\"pt-BR\",\"@id\":\"https:\/\/www.estrategiaconcursos.com.br\/blog\/edital-crf-pa\/#primaryimage\",\"url\":\"https:\/\/dhg1h5j42swfq.cloudfront.net\/2019\/12\/17143802\/CRF-PA.jpg\",\"contentUrl\":\"https:\/\/dhg1h5j42swfq.cloudfront.net\/2019\/12\/17143802\/CRF-PA.jpg\",\"width\":1200,\"height\":628,\"caption\":\"crf pa\"},{\"@type\":\"BreadcrumbList\",\"@id\":\"https:\/\/www.estrategiaconcursos.com.br\/blog\/edital-crf-pa\/#breadcrumb\",\"itemListElement\":[{\"@type\":\"ListItem\",\"position\":1,\"name\":\"In\u00edcio\",\"item\":\"https:\/\/www.estrategiaconcursos.com.br\/blog\/\"},{\"@type\":\"ListItem\",\"position\":2,\"name\":\"Edital CRF PA: cronograma retificado; saiba mais\"}]},{\"@type\":\"WebSite\",\"@id\":\"https:\/\/www.estrategiaconcursos.com.br\/blog\/#website\",\"url\":\"https:\/\/www.estrategiaconcursos.com.br\/blog\/\",\"name\":\"Estrat\u00e9gia Concursos\",\"description\":\"O blog da Estrat\u00e9gia Concursos traz not\u00edcias sobre concursos e artigos de professores oferecendo cursos para concursos (pdf + videaulas) no site.\",\"publisher\":{\"@id\":\"https:\/\/www.estrategiaconcursos.com.br\/blog\/#organization\"},\"potentialAction\":[{\"@type\":\"SearchAction\",\"target\":{\"@type\":\"EntryPoint\",\"urlTemplate\":\"https:\/\/www.estrategiaconcursos.com.br\/blog\/?s={search_term_string}\"},\"query-input\":{\"@type\":\"PropertyValueSpecification\",\"valueRequired\":true,\"valueName\":\"search_term_string\"}}],\"inLanguage\":\"pt-BR\"},{\"@type\":\"Organization\",\"@id\":\"https:\/\/www.estrategiaconcursos.com.br\/blog\/#organization\",\"name\":\"Estrat\u00e9gia Concursos\",\"url\":\"https:\/\/www.estrategiaconcursos.com.br\/blog\/\",\"logo\":{\"@type\":\"ImageObject\",\"inLanguage\":\"pt-BR\",\"@id\":\"https:\/\/www.estrategiaconcursos.com.br\/blog\/#\/schema\/logo\/image\/\",\"url\":\"https:\/\/dhg1h5j42swfq.cloudfront.net\/2025\/06\/03203428\/logo_concursos-1.jpg\",\"contentUrl\":\"https:\/\/dhg1h5j42swfq.cloudfront.net\/2025\/06\/03203428\/logo_concursos-1.jpg\",\"width\":230,\"height\":60,\"caption\":\"Estrat\u00e9gia Concursos\"},\"image\":{\"@id\":\"https:\/\/www.estrategiaconcursos.com.br\/blog\/#\/schema\/logo\/image\/\"},\"sameAs\":[\"https:\/\/x.com\/EstratConcursos\"]},{\"@type\":\"Person\",\"@id\":\"https:\/\/www.estrategiaconcursos.com.br\/blog\/#\/schema\/person\/b4a388c97673c5f483d72185668afa1f\",\"name\":\"Coordena\u00e7\u00e3o\",\"image\":{\"@type\":\"ImageObject\",\"inLanguage\":\"pt-BR\",\"@id\":\"https:\/\/secure.gravatar.com\/avatar\/b720319e4c9a967eb58678d110f4fe35452fc5d5f97b202bac7b8acceb18c6ad?s=96&d=mm&r=g\",\"url\":\"https:\/\/secure.gravatar.com\/avatar\/b720319e4c9a967eb58678d110f4fe35452fc5d5f97b202bac7b8acceb18c6ad?s=96&d=mm&r=g\",\"contentUrl\":\"https:\/\/secure.gravatar.com\/avatar\/b720319e4c9a967eb58678d110f4fe35452fc5d5f97b202bac7b8acceb18c6ad?s=96&d=mm&r=g\",\"caption\":\"Coordena\u00e7\u00e3o\"},\"sameAs\":[\"https:\/\/www.facebook.com\/EstrategiaConcursos\",\"https:\/\/x.com\/EstratConcursos\"],\"url\":\"https:\/\/www.estrategiaconcursos.com.br\/blog\/author\/estrategia2013\/\"}]}<\/script>\n<!-- \/ Yoast SEO Premium plugin. -->","yoast_head_json":{"title":"Edital CRF PA: cronograma retificado; saiba mais","description":"Edital CRF PA: cronograma \u00e9 retificado no dia 14 de fevereiro de 2022. Confira AQUI as novas datas e saiba todos os detalhes.","robots":{"index":"index","follow":"follow","max-snippet":"max-snippet:-1","max-image-preview":"max-image-preview:large","max-video-preview":"max-video-preview:-1"},"canonical":"https:\/\/www.estrategiaconcursos.com.br\/blog\/edital-crf-pa\/","og_locale":"pt_BR","og_type":"article","og_title":"Edital CRF PA: cronograma retificado; saiba mais","og_description":"Edital CRF PA: cronograma \u00e9 retificado no dia 14 de fevereiro de 2022. Confira AQUI as novas datas e saiba todos os detalhes.","og_url":"https:\/\/www.estrategiaconcursos.com.br\/blog\/edital-crf-pa\/","og_site_name":"Estrat\u00e9gia Concursos","article_author":"https:\/\/www.facebook.com\/EstrategiaConcursos","article_published_time":"2022-02-14T19:14:00+00:00","article_modified_time":"2022-02-14T19:14:38+00:00","og_image":[{"width":1200,"height":628,"url":"https:\/\/dhg1h5j42swfq.cloudfront.net\/2019\/12\/17143802\/CRF-PA.jpg","type":"image\/jpeg"}],"author":"Coordena\u00e7\u00e3o","twitter_card":"summary_large_image","twitter_creator":"@EstratConcursos","twitter_site":"@EstratConcursos","twitter_misc":{"Escrito por":"Coordena\u00e7\u00e3o","Est. tempo de leitura":"3 minutos"},"schema":{"@context":"https:\/\/schema.org","@graph":[{"@type":"NewsArticle","@id":"https:\/\/www.estrategiaconcursos.com.br\/blog\/edital-crf-pa\/#article","isPartOf":{"@id":"https:\/\/www.estrategiaconcursos.com.br\/blog\/edital-crf-pa\/"},"author":{"name":"Coordena\u00e7\u00e3o","@id":"https:\/\/www.estrategiaconcursos.com.br\/blog\/#\/schema\/person\/b4a388c97673c5f483d72185668afa1f"},"headline":"Edital CRF PA: cronograma retificado; saiba mais","datePublished":"2022-02-14T19:14:00+00:00","dateModified":"2022-02-14T19:14:38+00:00","mainEntityOfPage":{"@id":"https:\/\/www.estrategiaconcursos.com.br\/blog\/edital-crf-pa\/"},"wordCount":461,"commentCount":0,"publisher":{"@id":"https:\/\/www.estrategiaconcursos.com.br\/blog\/#organization"},"image":{"@id":"https:\/\/www.estrategiaconcursos.com.br\/blog\/edital-crf-pa\/#primaryimage"},"thumbnailUrl":"https:\/\/dhg1h5j42swfq.cloudfront.net\/2019\/12\/17143802\/CRF-PA.jpg","articleSection":["Concursos P\u00fablicos"],"inLanguage":"pt-BR","potentialAction":[{"@type":"CommentAction","name":"Comment","target":["https:\/\/www.estrategiaconcursos.com.br\/blog\/edital-crf-pa\/#respond"]}],"copyrightYear":"2022","copyrightHolder":{"@id":"https:\/\/www.estrategiaconcursos.com.br\/blog\/#organization"}},{"@type":"WebPage","@id":"https:\/\/www.estrategiaconcursos.com.br\/blog\/edital-crf-pa\/","url":"https:\/\/www.estrategiaconcursos.com.br\/blog\/edital-crf-pa\/","name":"Edital CRF PA: cronograma retificado; saiba mais","isPartOf":{"@id":"https:\/\/www.estrategiaconcursos.com.br\/blog\/#website"},"primaryImageOfPage":{"@id":"https:\/\/www.estrategiaconcursos.com.br\/blog\/edital-crf-pa\/#primaryimage"},"image":{"@id":"https:\/\/www.estrategiaconcursos.com.br\/blog\/edital-crf-pa\/#primaryimage"},"thumbnailUrl":"https:\/\/dhg1h5j42swfq.cloudfront.net\/2019\/12\/17143802\/CRF-PA.jpg","datePublished":"2022-02-14T19:14:00+00:00","dateModified":"2022-02-14T19:14:38+00:00","description":"Edital CRF PA: cronograma \u00e9 retificado no dia 14 de fevereiro de 2022. Confira AQUI as novas datas e saiba todos os detalhes.","breadcrumb":{"@id":"https:\/\/www.estrategiaconcursos.com.br\/blog\/edital-crf-pa\/#breadcrumb"},"inLanguage":"pt-BR","potentialAction":[{"@type":"ReadAction","target":["https:\/\/www.estrategiaconcursos.com.br\/blog\/edital-crf-pa\/"]}]},{"@type":"ImageObject","inLanguage":"pt-BR","@id":"https:\/\/www.estrategiaconcursos.com.br\/blog\/edital-crf-pa\/#primaryimage","url":"https:\/\/dhg1h5j42swfq.cloudfront.net\/2019\/12\/17143802\/CRF-PA.jpg","contentUrl":"https:\/\/dhg1h5j42swfq.cloudfront.net\/2019\/12\/17143802\/CRF-PA.jpg","width":1200,"height":628,"caption":"crf pa"},{"@type":"BreadcrumbList","@id":"https:\/\/www.estrategiaconcursos.com.br\/blog\/edital-crf-pa\/#breadcrumb","itemListElement":[{"@type":"ListItem","position":1,"name":"In\u00edcio","item":"https:\/\/www.estrategiaconcursos.com.br\/blog\/"},{"@type":"ListItem","position":2,"name":"Edital CRF PA: cronograma retificado; saiba mais"}]},{"@type":"WebSite","@id":"https:\/\/www.estrategiaconcursos.com.br\/blog\/#website","url":"https:\/\/www.estrategiaconcursos.com.br\/blog\/","name":"Estrat\u00e9gia Concursos","description":"O blog da Estrat\u00e9gia Concursos traz not\u00edcias sobre concursos e artigos de professores oferecendo cursos para concursos (pdf + videaulas) no site.","publisher":{"@id":"https:\/\/www.estrategiaconcursos.com.br\/blog\/#organization"},"potentialAction":[{"@type":"SearchAction","target":{"@type":"EntryPoint","urlTemplate":"https:\/\/www.estrategiaconcursos.com.br\/blog\/?s={search_term_string}"},"query-input":{"@type":"PropertyValueSpecification","valueRequired":true,"valueName":"search_term_string"}}],"inLanguage":"pt-BR"},{"@type":"Organization","@id":"https:\/\/www.estrategiaconcursos.com.br\/blog\/#organization","name":"Estrat\u00e9gia Concursos","url":"https:\/\/www.estrategiaconcursos.com.br\/blog\/","logo":{"@type":"ImageObject","inLanguage":"pt-BR","@id":"https:\/\/www.estrategiaconcursos.com.br\/blog\/#\/schema\/logo\/image\/","url":"https:\/\/dhg1h5j42swfq.cloudfront.net\/2025\/06\/03203428\/logo_concursos-1.jpg","contentUrl":"https:\/\/dhg1h5j42swfq.cloudfront.net\/2025\/06\/03203428\/logo_concursos-1.jpg","width":230,"height":60,"caption":"Estrat\u00e9gia Concursos"},"image":{"@id":"https:\/\/www.estrategiaconcursos.com.br\/blog\/#\/schema\/logo\/image\/"},"sameAs":["https:\/\/x.com\/EstratConcursos"]},{"@type":"Person","@id":"https:\/\/www.estrategiaconcursos.com.br\/blog\/#\/schema\/person\/b4a388c97673c5f483d72185668afa1f","name":"Coordena\u00e7\u00e3o","image":{"@type":"ImageObject","inLanguage":"pt-BR","@id":"https:\/\/secure.gravatar.com\/avatar\/b720319e4c9a967eb58678d110f4fe35452fc5d5f97b202bac7b8acceb18c6ad?s=96&d=mm&r=g","url":"https:\/\/secure.gravatar.com\/avatar\/b720319e4c9a967eb58678d110f4fe35452fc5d5f97b202bac7b8acceb18c6ad?s=96&d=mm&r=g","contentUrl":"https:\/\/secure.gravatar.com\/avatar\/b720319e4c9a967eb58678d110f4fe35452fc5d5f97b202bac7b8acceb18c6ad?s=96&d=mm&r=g","caption":"Coordena\u00e7\u00e3o"},"sameAs":["https:\/\/www.facebook.com\/EstrategiaConcursos","https:\/\/x.com\/EstratConcursos"],"url":"https:\/\/www.estrategiaconcursos.com.br\/blog\/author\/estrategia2013\/"}]}},"_links":{"self":[{"href":"https:\/\/www.estrategiaconcursos.com.br\/blog\/wp-json\/wp\/v2\/posts\/458143","targetHints":{"allow":["GET"]}}],"collection":[{"href":"https:\/\/www.estrategiaconcursos.com.br\/blog\/wp-json\/wp\/v2\/posts"}],"about":[{"href":"https:\/\/www.estrategiaconcursos.com.br\/blog\/wp-json\/wp\/v2\/types\/post"}],"author":[{"embeddable":true,"href":"https:\/\/www.estrategiaconcursos.com.br\/blog\/wp-json\/wp\/v2\/users\/1"}],"replies":[{"embeddable":true,"href":"https:\/\/www.estrategiaconcursos.com.br\/blog\/wp-json\/wp\/v2\/comments?post=458143"}],"version-history":[{"count":19,"href":"https:\/\/www.estrategiaconcursos.com.br\/blog\/wp-json\/wp\/v2\/posts\/458143\/revisions"}],"predecessor-version":[{"id":968536,"href":"https:\/\/www.estrategiaconcursos.com.br\/blog\/wp-json\/wp\/v2\/posts\/458143\/revisions\/968536"}],"wp:featuredmedia":[{"embeddable":true,"href":"https:\/\/www.estrategiaconcursos.com.br\/blog\/wp-json\/wp\/v2\/media\/461477"}],"wp:attachment":[{"href":"https:\/\/www.estrategiaconcursos.com.br\/blog\/wp-json\/wp\/v2\/media?parent=458143"}],"wp:term":[{"taxonomy":"category","embeddable":true,"href":"https:\/\/www.estrategiaconcursos.com.br\/blog\/wp-json\/wp\/v2\/categories?post=458143"},{"taxonomy":"post_tag","embeddable":true,"href":"https:\/\/www.estrategiaconcursos.com.br\/blog\/wp-json\/wp\/v2\/tags?post=458143"},{"taxonomy":"tax_estado","embeddable":true,"href":"https:\/\/www.estrategiaconcursos.com.br\/blog\/wp-json\/wp\/v2\/tax_estado?post=458143"}],"curies":[{"name":"wp","href":"https:\/\/api.w.org\/{rel}","templated":true}]}}