{"id":458096,"date":"2019-12-24T02:00:00","date_gmt":"2019-12-24T05:00:00","guid":{"rendered":"https:\/\/www.estrategiaconcursos.com.br\/blog\/?p=458096"},"modified":"2019-12-24T09:25:23","modified_gmt":"2019-12-24T12:25:23","slug":"concurso-osorio-rs","status":"publish","type":"post","link":"https:\/\/www.estrategiaconcursos.com.br\/blog\/concurso-osorio-rs\/","title":{"rendered":"Concurso Os\u00f3rio RS: \u00faltimo dia de inscri\u00e7\u00f5es com 76 vagas mais CR"},"content":{"rendered":"\n<h2 class=\"wp-block-heading\"><em>Provas previstas para mar\u00e7o de 2020<\/em><\/h2>\n\n\n\n<p>Terminam hoje as inscri\u00e7\u00f5es do concurso p\u00fablico <strong>Prefeitura de Os\u00f3rio<\/strong>, no Estado do Rio Grande do Sul. O edital do certame oferta ao todo <strong>76 vagas<\/strong> mais cadastro de reserva para diversos cargos. <\/p>\n\n\n\n<p>As oportunidades s\u00e3o para cargos de n\u00edvel fundamental incompleto, fundamental completo, m\u00e9dio, t\u00e9cnico e superior. Os sal\u00e1rios podem chegar a  R$ 12.000,00 dependendo do cargo desejado. Al\u00e9m disso, ser\u00e1 pago o aux\u00edlio-alimenta\u00e7\u00e3o no valor de R$ 28,50 por dia integral de trabalho.<\/p>\n\n\n\n<p>Confira ao longo deste artigo todas as informa\u00e7\u00f5es a respeito do concurso Os\u00f3rio RS. Acompanhe pelos t\u00f3picos abaixo:<\/p>\n\n\n\n<ul class=\"wp-block-list\"><li><a href=\"#status-concurso\"><em><strong>Status do concurso<\/strong><\/em><\/a><\/li><li><a href=\"#principais-datas\"><em><strong>Principais datas<\/strong><\/em><\/a><\/li><li><a href=\"#cargo-vaga \"><em><strong>Cargos\/vagas do concurso Os\u00f3rio RS<\/strong><\/em><\/a><\/li><li><a href=\"#etapas-concurso\"><em><strong>Etapas do concurso Os\u00f3rio RS<\/strong><\/em><\/a><\/li><li><strong><em><a href=\"#cursos-assinatura\">Cursos\/assinatura<\/a><\/em><\/strong><\/li><li><a href=\"#ficha\"><em><strong>Ficha T\u00e9cnica<\/strong><\/em><\/a><\/li><\/ul>\n\n\n\n<h2 class=\"wp-block-heading\" id=\"status-concurso\">Status do Concurso Os\u00f3rio RS <\/h2>\n\n\n\n<p>As inscri\u00e7\u00f5es do concurso p\u00fablico da Prefeitura de Os\u00f3rio, munic\u00edpio do estado do Rio Grande do Sul, teve seu edital publicado com oferta de 76 vagas imediatas mais cadastro de reserva para cargos de n\u00edvel fundamental incompleto\/completo, m\u00e9dio, t\u00e9cnico e superior. <\/p>\n\n\n\n<p>Os interessados em participar do certame devem entrar no site da banca organizadora, a <strong>Legalle Concursos,<\/strong> at\u00e9 a data de hoje e efetuar o pagamento da taxa fixada at\u00e9 o dia 26 de dezembro de 2019.  <\/p>\n\n\n\n<p> Confira abaixo os respectivos valores para cada n\u00edvel de escolaridade: <\/p>\n\n\n\n<ul class=\"wp-block-list\"><li><strong>N\u00edvel fundamental<\/strong> &#8211; R$ 60,00<\/li><li><strong>N\u00edvel m\u00e9dio\/t\u00e9cnico<\/strong> &#8211; R$ 80,00<\/li><li><strong>N\u00edvel superior<\/strong> &#8211; R$ 120,00<\/li><\/ul>\n\n\n\n<h2 class=\"wp-block-heading\" id=\"principais-datas\">Principais datas do Concurso Os\u00f3rio:<\/h2>\n\n\n\n<p class=\"has-background has-very-light-gray-background-color\"><strong>Inscri\u00e7\u00f5es<\/strong>: 10 a 24\/12\/2019<br \/><strong>Prazo para o pagamento da taxa:<\/strong> at\u00e9 o dia 26\/12\/2019<br \/><strong>Provas<\/strong>: 01 e 08\/03\/2020<\/p>\n\n\n\n<h2 class=\"wp-block-heading\" id=\"cargo-vaga\">Cargos\/vagas do concurso Os\u00f3rio RS:<\/h2>\n\n\n\n<h3 class=\"wp-block-heading\">N\u00edvel superior <\/h3>\n\n\n\n<ul class=\"wp-block-list\"><li>Arquiteto (CR)<\/li><li>Assistente Social (CR)<\/li><li>Biom\u00e9dico (CR)<\/li><li>Cirurgi\u00e3o Dentista (2)<\/li><li>Contador (CR)<\/li><li>Enfermeiro (2)<\/li><li>Engenheiro Civil (CR)<\/li><li>Farmac\u00eautico (CR)<\/li><li>Fisioterapeuta (CR)<\/li><li>M\u00e9dico Cl\u00ednico Geral (5)<\/li><li>M\u00e9dico Cl\u00ednico Geral ESF (5)<\/li><li>M\u00e9dico Ginecologista (1)<\/li><li>M\u00e9dico Pediatra (1)<\/li><li>M\u00e9dico Psiquiatra (1)<\/li><li>M\u00e9dico Veterin\u00e1rio (CR)<\/li><li>Nutricionista (CR)<\/li><li>Psic\u00f3logo (CR)<\/li><li>Procurador Adjunto (1)<\/li><li>Professor \u00c1rea II \u2013 Ci\u00eancias (CR)<\/li><li>Professor \u00c1rea II \u2013 Ingl\u00eas  (1)<\/li><li>Professor \u00c1rea II \u2013 L\u00edngua Espanhola (2)<\/li><li>Professor \u00c1rea II \u2013 Educa\u00e7\u00e3o F\u00edsica (CR)<\/li><li>Professor \u00c1rea II \u2013 Geografia (CR)<\/li><li>Professor \u00c1rea II \u2013 Hist\u00f3ria (CR)<\/li><li>Professor \u00c1rea II \u2013 Matem\u00e1tica (1)<\/li><li>Professor \u00c1rea II \u2013 Portugu\u00eas (CR)<\/li><li>Professor Especialista em Educa\u00e7\u00e3o Especial (1)<\/li><li>Professor de Artes (CR)<\/li><\/ul>\n\n\n\n<h3 class=\"wp-block-heading\">N\u00edvel m\u00e9dio\/t\u00e9cnico<\/h3>\n\n\n\n<ul class=\"wp-block-list\"><li>Auxiliar de Educa\u00e7\u00e3o Infantil (10)<\/li><li>Auxiliar de Consult\u00f3rio Dent\u00e1rio (CR)<\/li><li>Auxiliar de Farm\u00e1cia (CR)<\/li><li>Cuidador (Educador Social) (3)<\/li><li>Desenhista (CR)<\/li><li>Fiscal (1)<\/li><li>Monitor \u2013 Educa\u00e7\u00e3o Especial (14)<\/li><li>T\u00e9cnico de Enfermagem (2)<\/li><li>T\u00e9cnico em Higiene Dental (2)<\/li><li>T\u00e9cnico em Radiologia (1) <\/li><li>Top\u00f3grafo (CR)<\/li><li>Secret\u00e1rio de Escola (CR)<\/li><\/ul>\n\n\n\n<h3 class=\"wp-block-heading\">N\u00edvel fundamental <\/h3>\n\n\n\n<ul class=\"wp-block-list\"><li>Auxiliar de Administra\u00e7\u00e3o (3)<\/li><li>Agente de Combate \u00e0s Endemias (CR)<\/li><li>Agente Comunit\u00e1rio de Sa\u00fade (CR)<\/li><li>Merendeira (1)<\/li><li>Motorista (2)<\/li><li>Operador Especializado (CR)<\/li><li>Oper\u00e1rio(5)<\/li><\/ul>\n\n\n\n<h2 class=\"wp-block-heading\" id=\"etapas-concurso\">Etapas do Concurso Os\u00f3rio RS<\/h2>\n\n\n\n<p>A prova objetiva ser\u00e1 realizada na data prov\u00e1vel de <strong>01 de mar\u00e7o<\/strong> para os cargos de n\u00edveis fundamental e superior e no dia <strong>08 de mar\u00e7o de 2020<\/strong> para os cargos de n\u00edveis m\u00e9dio e t\u00e9cnico. Al\u00e9m disso, as provas e etapas ser\u00e3o realizadas conforme especificado:<\/p>\n\n\n\n<p><strong>Para os cargos de Professor: <\/strong>Professor \u00c1rea I, Professor \u00c1rea II, Professor Especialista em Educa\u00e7\u00e3o Especial e Professor de Artes<\/p>\n\n\n\n<div class=\"wp-block-image\"><figure class=\"aligncenter\"><img loading=\"lazy\" decoding=\"async\" width=\"659\" height=\"139\" src=\"https:\/\/dhg1h5j42swfq.cloudfront.net\/2019\/12\/10100926\/PROFESSOR.png.png\" alt=\"\" class=\"wp-image-458151\" srcset=\"https:\/\/dhg1h5j42swfq.cloudfront.net\/2019\/12\/10100926\/PROFESSOR.png.png 659w, https:\/\/dhg1h5j42swfq.cloudfront.net\/2019\/12\/10100926\/PROFESSOR.png.png 300w, https:\/\/dhg1h5j42swfq.cloudfront.net\/2019\/12\/10100926\/PROFESSOR.png.png 610w\" sizes=\"auto, (max-width: 659px) 100vw, 659px\" \/><\/figure><\/div>\n\n\n\n<p><strong>J\u00e1 para os cargos de N\u00edvel Superior com Prova de T\u00edtulos: <\/strong>Arquiteto, Assistente Social, Biom\u00e9dico, Cirurgi\u00e3o Dentista, Cirurgi\u00e3o Dentista ESF, Contador, Enfermeiro, Engenheiro Civil, Farmac\u00eautico, Fisioterapeuta, M\u00e9dico Cl\u00ednico Geral, M\u00e9dico Cl\u00ednico Geral ESF, M\u00e9dico Ginecologista, M\u00e9dico Pediatra, M\u00e9dico Psiquiatra, M\u00e9dico Veterin\u00e1rio, Nutricionista, Procurador Adjunto e Psic\u00f3logo <\/p>\n\n\n\n<div class=\"wp-block-image\"><figure class=\"aligncenter\"><img loading=\"lazy\" decoding=\"async\" width=\"652\" height=\"145\" src=\"https:\/\/dhg1h5j42swfq.cloudfront.net\/2019\/12\/10101011\/supe.png.png\" alt=\"\" class=\"wp-image-458153\" srcset=\"https:\/\/dhg1h5j42swfq.cloudfront.net\/2019\/12\/10101011\/supe.png.png 652w, https:\/\/dhg1h5j42swfq.cloudfront.net\/2019\/12\/10101011\/supe.png.png 300w, https:\/\/dhg1h5j42swfq.cloudfront.net\/2019\/12\/10101011\/supe.png.png 610w\" sizes=\"auto, (max-width: 652px) 100vw, 652px\" \/><\/figure><\/div>\n\n\n\n<p> <strong>Para o cargo de N\u00edvel M\u00e9dio com Prova Pr\u00e1tica:<\/strong> Desenhista. <\/p>\n\n\n\n<div class=\"wp-block-image\"><figure class=\"aligncenter\"><img loading=\"lazy\" decoding=\"async\" width=\"658\" height=\"162\" src=\"https:\/\/dhg1h5j42swfq.cloudfront.net\/2019\/12\/10101052\/desenhista.png.png\" alt=\"\" class=\"wp-image-458154\" srcset=\"https:\/\/dhg1h5j42swfq.cloudfront.net\/2019\/12\/10101052\/desenhista.png.png 658w, https:\/\/dhg1h5j42swfq.cloudfront.net\/2019\/12\/10101052\/desenhista.png.png 300w, https:\/\/dhg1h5j42swfq.cloudfront.net\/2019\/12\/10101052\/desenhista.png.png 610w\" sizes=\"auto, (max-width: 658px) 100vw, 658px\" \/><\/figure><\/div>\n\n\n\n<p><strong>Para os cargos de N\u00edvel M\u00e9dio\/T\u00e9cnico com Prova de T\u00edtulos: <\/strong>T\u00e9cnico em Radiologia e Top\u00f3grafo <\/p>\n\n\n\n<div class=\"wp-block-image\"><figure class=\"aligncenter\"><img loading=\"lazy\" decoding=\"async\" width=\"659\" height=\"144\" src=\"https:\/\/dhg1h5j42swfq.cloudfront.net\/2019\/12\/10101139\/topo.png.png\" alt=\"\" class=\"wp-image-458155\" srcset=\"https:\/\/dhg1h5j42swfq.cloudfront.net\/2019\/12\/10101139\/topo.png.png 659w, https:\/\/dhg1h5j42swfq.cloudfront.net\/2019\/12\/10101139\/topo.png.png 300w, https:\/\/dhg1h5j42swfq.cloudfront.net\/2019\/12\/10101139\/topo.png.png 610w\" sizes=\"auto, (max-width: 659px) 100vw, 659px\" \/><\/figure><\/div>\n\n\n\n<p><strong>Para os cargos de N\u00edvel M\u00e9dio\/T\u00e9cnico sem Prova Pr\u00e1tica: <\/strong>Auxiliar de Educa\u00e7\u00e3o Infantil, Auxiliar de Consult\u00f3rio Dent\u00e1rio, Auxiliar de Farm\u00e1cia, Cuidador \u2013 Educador Social, Fiscal, Monitor \u2013 Educa\u00e7\u00e3o Especial, Secret\u00e1rio de Escola, T\u00e9cnico de Enfermagem e T\u00e9cnico em Higiene Dental. <\/p>\n\n\n\n<div class=\"wp-block-image\"><figure class=\"aligncenter\"><img loading=\"lazy\" decoding=\"async\" width=\"660\" height=\"128\" src=\"https:\/\/dhg1h5j42swfq.cloudfront.net\/2019\/12\/10101213\/medio.png.png\" alt=\"\" class=\"wp-image-458156\" srcset=\"https:\/\/dhg1h5j42swfq.cloudfront.net\/2019\/12\/10101213\/medio.png.png 660w, https:\/\/dhg1h5j42swfq.cloudfront.net\/2019\/12\/10101213\/medio.png.png 300w, https:\/\/dhg1h5j42swfq.cloudfront.net\/2019\/12\/10101213\/medio.png.png 610w\" sizes=\"auto, (max-width: 660px) 100vw, 660px\" \/><\/figure><\/div>\n\n\n\n<p><strong>Para os cargos de N\u00edvel Fundamental Completo:<\/strong> Agente de Combate \u00e0s Endemias, Agente Comunit\u00e1rio de Sa\u00fade e Auxiliar de Administra\u00e7\u00e3o. <\/p>\n\n\n\n<div class=\"wp-block-image\"><figure class=\"aligncenter\"><img loading=\"lazy\" decoding=\"async\" width=\"654\" height=\"128\" src=\"https:\/\/dhg1h5j42swfq.cloudfront.net\/2019\/12\/10101250\/fund.png.png\" alt=\"\" class=\"wp-image-458157\" srcset=\"https:\/\/dhg1h5j42swfq.cloudfront.net\/2019\/12\/10101250\/fund.png.png 654w, https:\/\/dhg1h5j42swfq.cloudfront.net\/2019\/12\/10101250\/fund.png.png 300w, https:\/\/dhg1h5j42swfq.cloudfront.net\/2019\/12\/10101250\/fund.png.png 610w\" sizes=\"auto, (max-width: 654px) 100vw, 654px\" \/><\/figure><\/div>\n\n\n\n<p> <strong>Para os cargos de N\u00edvel Fundamental Incompleto com Prova Pr\u00e1tica: <\/strong>Merendeira, Motorista, Oper\u00e1rio e Operador Especializado. <\/p>\n\n\n\n<div class=\"wp-block-image\"><figure class=\"aligncenter\"><img loading=\"lazy\" decoding=\"async\" width=\"659\" height=\"171\" src=\"https:\/\/dhg1h5j42swfq.cloudfront.net\/2019\/12\/10101336\/operador.png.png\" alt=\"\" class=\"wp-image-458158\" srcset=\"https:\/\/dhg1h5j42swfq.cloudfront.net\/2019\/12\/10101336\/operador.png.png 659w, https:\/\/dhg1h5j42swfq.cloudfront.net\/2019\/12\/10101336\/operador.png.png 300w, https:\/\/dhg1h5j42swfq.cloudfront.net\/2019\/12\/10101336\/operador.png.png 610w\" sizes=\"auto, (max-width: 659px) 100vw, 659px\" \/><\/figure><\/div>\n\n\n\n<h2 class=\"has-text-align-center wp-block-heading\" id=\"cursos-assinatura\">Quer estudar para o concurso Os\u00f3rio RS?<\/h2>\n\n\n\n<p style=\"font-size:22px\" class=\"has-background has-text-align-center has-luminous-vivid-amber-background-color\"><strong><a rel=\"noreferrer noopener\" aria-label=\"CURSOS PARA CONCURSO  (abre numa nova aba)\" href=\"https:\/\/www.estrategiaconcursos.com.br\/cursos\/concurso\/\" target=\"_blank\">CURSOS PARA CONCURSO<\/a><\/strong><\/p>\n\n\n\n<p class=\"has-text-align-center\"><em><strong>Assinatura Anual Ilimitada*<\/strong><\/em><\/p>\n\n\n\n<p class=\"has-text-align-center\"><em>Prepare-se com o melhor material e com quem mais aprova em&nbsp;Concursos P\u00fablicos de todo o pa\u00eds. Assine agora a nossa Assinatura Anual e tenha acesso ilimitado* a todos os nossos cursos.<\/em><\/p>\n\n\n\n<p class=\"has-background has-text-align-center has-medium-font-size has-light-green-cyan-background-color\"><strong>ASSINE AGORA&nbsp;\u2013&nbsp;<\/strong><a rel=\"noreferrer noopener\" href=\"https:\/\/www.estrategiaconcursos.com.br\/blog\/concursos-abertos\/\" target=\"_blank\"><strong>Assinatura Ilimitada<\/strong><\/a><\/p>\n\n\n\n<p class=\"has-text-align-center\"><em><strong>Fique por dentro de todos os concursos<\/strong><\/em>:<\/p>\n\n\n\n<p class=\"has-background has-text-align-center has-medium-font-size has-pale-cyan-blue-background-color\"><strong><a href=\"https:\/\/www.estrategiaconcursos.com.br\/blog\/concursos-abertos\/\" target=\"_blank\" rel=\"noreferrer noopener\">Concursos abertos<\/a><\/strong><\/p>\n\n\n\n<p class=\"has-background has-text-align-center has-medium-font-size has-pale-cyan-blue-background-color\"><strong><a href=\"https:\/\/www.estrategiaconcursos.com.br\/blog\/concursos-2019\/\" target=\"_blank\" rel=\"noreferrer noopener\">Concursos 2019<\/a><\/strong><\/p>\n\n\n\n<p class=\"has-background has-text-align-center has-medium-font-size has-pale-cyan-blue-background-color\"><a rel=\"noreferrer noopener\" href=\"https:\/\/www.estrategiaconcursos.com.br\/blog\/concursos-2020\/\" target=\"_blank\"><strong>Concursos 2020<\/strong><\/a><\/p>\n\n\n\n<figure class=\"wp-block-image\"><img loading=\"lazy\" decoding=\"async\" width=\"300\" height=\"102\" src=\"https:\/\/dhg1h5j42swfq.cloudfront.net\/2017\/03\/28152500\/coruja-ficha-tecnica-300x102.png\" alt=\"Ficha t\u00e9cnica concurso os\u00f3rio\" class=\"wp-image-68542\"\/><\/figure>\n\n\n\n<h4 class=\"wp-block-heading\" id=\"ficha\"><strong>\u2666Informa\u00e7\u00f5es do Concurso Os\u00f3rio RS<\/strong><\/h4>\n\n\n\n<p>\u25ba<strong>Data da prova:<\/strong> 01 e 08 de mar\u00e7o de 2020<br \/>\u25ba<strong>Vagas: <\/strong>76 + CR<br \/>\u25ba<strong>Banca: <\/strong>Legalle Concursos <br \/><strong>\u25baCargos: <\/strong>V\u00e1rios<br \/>\u25ba<strong>Edital:&nbsp;<\/strong><a rel=\"noreferrer noopener\" aria-label=\"Concurso Os\u00f3rio RS (abre numa nova aba)\" href=\"https:\/\/dhg1h5j42swfq.cloudfront.net\/2019\/12\/10102128\/4764b44e86c45f7127d461ae345c07e8.pdf\" target=\"_blank\">Concurso Os\u00f3rio RS<\/a><\/p>\n\n\n\n<p><br \/><em>Ascom Estrat\u00e9gia<br \/><\/em>ascomestrategia@gmail.com <\/p>\n","protected":false},"excerpt":{"rendered":"<p>Provas previstas para mar\u00e7o de 2020 Terminam hoje as inscri\u00e7\u00f5es do concurso p\u00fablico Prefeitura de Os\u00f3rio, no Estado do Rio Grande do Sul. O edital do certame oferta ao todo 76 vagas mais cadastro de reserva para diversos cargos. As oportunidades s\u00e3o para cargos de n\u00edvel fundamental incompleto, fundamental completo, m\u00e9dio, t\u00e9cnico e superior. Os [&hellip;]<\/p>\n","protected":false},"author":1,"featured_media":444274,"comment_status":"open","ping_status":"closed","sticky":false,"template":"","format":"standard","meta":{"post_tipo":"news","footnotes":""},"categories":[1],"tags":[],"tax_estado":[],"class_list":["post-458096","post","type-post","status-publish","format-standard","has-post-thumbnail","hentry","category-cursos-e-concursos"],"acf":[],"yoast_head":"<!-- This site is optimized with the Yoast SEO Premium plugin v27.2 (Yoast SEO v27.2) - https:\/\/yoast.com\/product\/yoast-seo-premium-wordpress\/ -->\n<title>Concurso Os\u00f3rio RS: \u00faltimo dia de inscri\u00e7\u00f5es com 76 vagas mais CR<\/title>\n<meta name=\"description\" content=\"Concurso Os\u00f3rio RS: \u00faltimo dia de inscri\u00e7\u00f5es com oferta de 76 vagas imediatas mais cadastro reserva para cargos em todas as escolaridades.\" \/>\n<meta name=\"robots\" content=\"index, follow, max-snippet:-1, max-image-preview:large, max-video-preview:-1\" \/>\n<link rel=\"canonical\" href=\"https:\/\/www.estrategiaconcursos.com.br\/blog\/concurso-osorio-rs\/\" \/>\n<meta property=\"og:locale\" content=\"pt_BR\" \/>\n<meta property=\"og:type\" content=\"article\" \/>\n<meta property=\"og:title\" content=\"Concurso Os\u00f3rio RS: \u00faltimo dia de inscri\u00e7\u00f5es com 76 vagas mais CR\" \/>\n<meta property=\"og:description\" content=\"Concurso Os\u00f3rio RS: \u00faltimo dia de inscri\u00e7\u00f5es com oferta de 76 vagas imediatas mais cadastro reserva para cargos em todas as escolaridades.\" \/>\n<meta property=\"og:url\" content=\"https:\/\/www.estrategiaconcursos.com.br\/blog\/concurso-osorio-rs\/\" \/>\n<meta property=\"og:site_name\" content=\"Estrat\u00e9gia Concursos\" \/>\n<meta property=\"article:author\" content=\"https:\/\/www.facebook.com\/EstrategiaConcursos\" \/>\n<meta property=\"article:published_time\" content=\"2019-12-24T05:00:00+00:00\" \/>\n<meta property=\"article:modified_time\" content=\"2019-12-24T12:25:23+00:00\" \/>\n<meta property=\"og:image\" content=\"https:\/\/dhg1h5j42swfq.cloudfront.net\/2019\/11\/05113836\/Saiu-Edital-7.png\" \/>\n\t<meta property=\"og:image:width\" content=\"1200\" \/>\n\t<meta property=\"og:image:height\" content=\"628\" \/>\n\t<meta property=\"og:image:type\" content=\"image\/png\" \/>\n<meta name=\"author\" content=\"Coordena\u00e7\u00e3o\" \/>\n<meta name=\"twitter:card\" content=\"summary_large_image\" \/>\n<meta name=\"twitter:creator\" content=\"@EstratConcursos\" \/>\n<meta name=\"twitter:site\" content=\"@EstratConcursos\" \/>\n<meta name=\"twitter:label1\" content=\"Escrito por\" \/>\n\t<meta name=\"twitter:data1\" content=\"Coordena\u00e7\u00e3o\" \/>\n\t<meta name=\"twitter:label2\" content=\"Est. tempo de leitura\" \/>\n\t<meta name=\"twitter:data2\" content=\"4 minutos\" \/>\n<script type=\"application\/ld+json\" class=\"yoast-schema-graph\">{\"@context\":\"https:\/\/schema.org\",\"@graph\":[{\"@type\":\"NewsArticle\",\"@id\":\"https:\/\/www.estrategiaconcursos.com.br\/blog\/concurso-osorio-rs\/#article\",\"isPartOf\":{\"@id\":\"https:\/\/www.estrategiaconcursos.com.br\/blog\/concurso-osorio-rs\/\"},\"author\":{\"name\":\"Coordena\u00e7\u00e3o\",\"@id\":\"https:\/\/www.estrategiaconcursos.com.br\/blog\/#\/schema\/person\/b4a388c97673c5f483d72185668afa1f\"},\"headline\":\"Concurso Os\u00f3rio RS: \u00faltimo dia de inscri\u00e7\u00f5es com 76 vagas mais CR\",\"datePublished\":\"2019-12-24T05:00:00+00:00\",\"dateModified\":\"2019-12-24T12:25:23+00:00\",\"mainEntityOfPage\":{\"@id\":\"https:\/\/www.estrategiaconcursos.com.br\/blog\/concurso-osorio-rs\/\"},\"wordCount\":856,\"commentCount\":1,\"publisher\":{\"@id\":\"https:\/\/www.estrategiaconcursos.com.br\/blog\/#organization\"},\"image\":{\"@id\":\"https:\/\/www.estrategiaconcursos.com.br\/blog\/concurso-osorio-rs\/#primaryimage\"},\"thumbnailUrl\":\"https:\/\/dhg1h5j42swfq.cloudfront.net\/2019\/11\/05113836\/Saiu-Edital-7.png\",\"articleSection\":[\"Concursos P\u00fablicos\"],\"inLanguage\":\"pt-BR\",\"potentialAction\":[{\"@type\":\"CommentAction\",\"name\":\"Comment\",\"target\":[\"https:\/\/www.estrategiaconcursos.com.br\/blog\/concurso-osorio-rs\/#respond\"]}],\"copyrightYear\":\"2019\",\"copyrightHolder\":{\"@id\":\"https:\/\/www.estrategiaconcursos.com.br\/blog\/#organization\"}},{\"@type\":\"WebPage\",\"@id\":\"https:\/\/www.estrategiaconcursos.com.br\/blog\/concurso-osorio-rs\/\",\"url\":\"https:\/\/www.estrategiaconcursos.com.br\/blog\/concurso-osorio-rs\/\",\"name\":\"Concurso Os\u00f3rio RS: \u00faltimo dia de inscri\u00e7\u00f5es com 76 vagas mais CR\",\"isPartOf\":{\"@id\":\"https:\/\/www.estrategiaconcursos.com.br\/blog\/#website\"},\"primaryImageOfPage\":{\"@id\":\"https:\/\/www.estrategiaconcursos.com.br\/blog\/concurso-osorio-rs\/#primaryimage\"},\"image\":{\"@id\":\"https:\/\/www.estrategiaconcursos.com.br\/blog\/concurso-osorio-rs\/#primaryimage\"},\"thumbnailUrl\":\"https:\/\/dhg1h5j42swfq.cloudfront.net\/2019\/11\/05113836\/Saiu-Edital-7.png\",\"datePublished\":\"2019-12-24T05:00:00+00:00\",\"dateModified\":\"2019-12-24T12:25:23+00:00\",\"description\":\"Concurso Os\u00f3rio RS: \u00faltimo dia de inscri\u00e7\u00f5es com oferta de 76 vagas imediatas mais cadastro reserva para cargos em todas as escolaridades.\",\"breadcrumb\":{\"@id\":\"https:\/\/www.estrategiaconcursos.com.br\/blog\/concurso-osorio-rs\/#breadcrumb\"},\"inLanguage\":\"pt-BR\",\"potentialAction\":[{\"@type\":\"ReadAction\",\"target\":[\"https:\/\/www.estrategiaconcursos.com.br\/blog\/concurso-osorio-rs\/\"]}]},{\"@type\":\"ImageObject\",\"inLanguage\":\"pt-BR\",\"@id\":\"https:\/\/www.estrategiaconcursos.com.br\/blog\/concurso-osorio-rs\/#primaryimage\",\"url\":\"https:\/\/dhg1h5j42swfq.cloudfront.net\/2019\/11\/05113836\/Saiu-Edital-7.png\",\"contentUrl\":\"https:\/\/dhg1h5j42swfq.cloudfront.net\/2019\/11\/05113836\/Saiu-Edital-7.png\",\"width\":1200,\"height\":628,\"caption\":\"processo seletivo agu\"},{\"@type\":\"BreadcrumbList\",\"@id\":\"https:\/\/www.estrategiaconcursos.com.br\/blog\/concurso-osorio-rs\/#breadcrumb\",\"itemListElement\":[{\"@type\":\"ListItem\",\"position\":1,\"name\":\"In\u00edcio\",\"item\":\"https:\/\/www.estrategiaconcursos.com.br\/blog\/\"},{\"@type\":\"ListItem\",\"position\":2,\"name\":\"Concurso Os\u00f3rio RS: \u00faltimo dia de inscri\u00e7\u00f5es com 76 vagas mais CR\"}]},{\"@type\":\"WebSite\",\"@id\":\"https:\/\/www.estrategiaconcursos.com.br\/blog\/#website\",\"url\":\"https:\/\/www.estrategiaconcursos.com.br\/blog\/\",\"name\":\"Estrat\u00e9gia Concursos\",\"description\":\"O blog da Estrat\u00e9gia Concursos traz not\u00edcias sobre concursos e artigos de professores oferecendo cursos para concursos (pdf + videaulas) no site.\",\"publisher\":{\"@id\":\"https:\/\/www.estrategiaconcursos.com.br\/blog\/#organization\"},\"potentialAction\":[{\"@type\":\"SearchAction\",\"target\":{\"@type\":\"EntryPoint\",\"urlTemplate\":\"https:\/\/www.estrategiaconcursos.com.br\/blog\/?s={search_term_string}\"},\"query-input\":{\"@type\":\"PropertyValueSpecification\",\"valueRequired\":true,\"valueName\":\"search_term_string\"}}],\"inLanguage\":\"pt-BR\"},{\"@type\":\"Organization\",\"@id\":\"https:\/\/www.estrategiaconcursos.com.br\/blog\/#organization\",\"name\":\"Estrat\u00e9gia Concursos\",\"url\":\"https:\/\/www.estrategiaconcursos.com.br\/blog\/\",\"logo\":{\"@type\":\"ImageObject\",\"inLanguage\":\"pt-BR\",\"@id\":\"https:\/\/www.estrategiaconcursos.com.br\/blog\/#\/schema\/logo\/image\/\",\"url\":\"https:\/\/dhg1h5j42swfq.cloudfront.net\/2025\/06\/03203428\/logo_concursos-1.jpg\",\"contentUrl\":\"https:\/\/dhg1h5j42swfq.cloudfront.net\/2025\/06\/03203428\/logo_concursos-1.jpg\",\"width\":230,\"height\":60,\"caption\":\"Estrat\u00e9gia Concursos\"},\"image\":{\"@id\":\"https:\/\/www.estrategiaconcursos.com.br\/blog\/#\/schema\/logo\/image\/\"},\"sameAs\":[\"https:\/\/x.com\/EstratConcursos\"]},{\"@type\":\"Person\",\"@id\":\"https:\/\/www.estrategiaconcursos.com.br\/blog\/#\/schema\/person\/b4a388c97673c5f483d72185668afa1f\",\"name\":\"Coordena\u00e7\u00e3o\",\"image\":{\"@type\":\"ImageObject\",\"inLanguage\":\"pt-BR\",\"@id\":\"https:\/\/secure.gravatar.com\/avatar\/b720319e4c9a967eb58678d110f4fe35452fc5d5f97b202bac7b8acceb18c6ad?s=96&d=mm&r=g\",\"url\":\"https:\/\/secure.gravatar.com\/avatar\/b720319e4c9a967eb58678d110f4fe35452fc5d5f97b202bac7b8acceb18c6ad?s=96&d=mm&r=g\",\"contentUrl\":\"https:\/\/secure.gravatar.com\/avatar\/b720319e4c9a967eb58678d110f4fe35452fc5d5f97b202bac7b8acceb18c6ad?s=96&d=mm&r=g\",\"caption\":\"Coordena\u00e7\u00e3o\"},\"sameAs\":[\"https:\/\/www.facebook.com\/EstrategiaConcursos\",\"https:\/\/x.com\/EstratConcursos\"],\"url\":\"https:\/\/www.estrategiaconcursos.com.br\/blog\/author\/estrategia2013\/\"}]}<\/script>\n<!-- \/ Yoast SEO Premium plugin. -->","yoast_head_json":{"title":"Concurso Os\u00f3rio RS: \u00faltimo dia de inscri\u00e7\u00f5es com 76 vagas mais CR","description":"Concurso Os\u00f3rio RS: \u00faltimo dia de inscri\u00e7\u00f5es com oferta de 76 vagas imediatas mais cadastro reserva para cargos em todas as escolaridades.","robots":{"index":"index","follow":"follow","max-snippet":"max-snippet:-1","max-image-preview":"max-image-preview:large","max-video-preview":"max-video-preview:-1"},"canonical":"https:\/\/www.estrategiaconcursos.com.br\/blog\/concurso-osorio-rs\/","og_locale":"pt_BR","og_type":"article","og_title":"Concurso Os\u00f3rio RS: \u00faltimo dia de inscri\u00e7\u00f5es com 76 vagas mais CR","og_description":"Concurso Os\u00f3rio RS: \u00faltimo dia de inscri\u00e7\u00f5es com oferta de 76 vagas imediatas mais cadastro reserva para cargos em todas as escolaridades.","og_url":"https:\/\/www.estrategiaconcursos.com.br\/blog\/concurso-osorio-rs\/","og_site_name":"Estrat\u00e9gia Concursos","article_author":"https:\/\/www.facebook.com\/EstrategiaConcursos","article_published_time":"2019-12-24T05:00:00+00:00","article_modified_time":"2019-12-24T12:25:23+00:00","og_image":[{"width":1200,"height":628,"url":"https:\/\/dhg1h5j42swfq.cloudfront.net\/2019\/11\/05113836\/Saiu-Edital-7.png","type":"image\/png"}],"author":"Coordena\u00e7\u00e3o","twitter_card":"summary_large_image","twitter_creator":"@EstratConcursos","twitter_site":"@EstratConcursos","twitter_misc":{"Escrito por":"Coordena\u00e7\u00e3o","Est. tempo de leitura":"4 minutos"},"schema":{"@context":"https:\/\/schema.org","@graph":[{"@type":"NewsArticle","@id":"https:\/\/www.estrategiaconcursos.com.br\/blog\/concurso-osorio-rs\/#article","isPartOf":{"@id":"https:\/\/www.estrategiaconcursos.com.br\/blog\/concurso-osorio-rs\/"},"author":{"name":"Coordena\u00e7\u00e3o","@id":"https:\/\/www.estrategiaconcursos.com.br\/blog\/#\/schema\/person\/b4a388c97673c5f483d72185668afa1f"},"headline":"Concurso Os\u00f3rio RS: \u00faltimo dia de inscri\u00e7\u00f5es com 76 vagas mais CR","datePublished":"2019-12-24T05:00:00+00:00","dateModified":"2019-12-24T12:25:23+00:00","mainEntityOfPage":{"@id":"https:\/\/www.estrategiaconcursos.com.br\/blog\/concurso-osorio-rs\/"},"wordCount":856,"commentCount":1,"publisher":{"@id":"https:\/\/www.estrategiaconcursos.com.br\/blog\/#organization"},"image":{"@id":"https:\/\/www.estrategiaconcursos.com.br\/blog\/concurso-osorio-rs\/#primaryimage"},"thumbnailUrl":"https:\/\/dhg1h5j42swfq.cloudfront.net\/2019\/11\/05113836\/Saiu-Edital-7.png","articleSection":["Concursos P\u00fablicos"],"inLanguage":"pt-BR","potentialAction":[{"@type":"CommentAction","name":"Comment","target":["https:\/\/www.estrategiaconcursos.com.br\/blog\/concurso-osorio-rs\/#respond"]}],"copyrightYear":"2019","copyrightHolder":{"@id":"https:\/\/www.estrategiaconcursos.com.br\/blog\/#organization"}},{"@type":"WebPage","@id":"https:\/\/www.estrategiaconcursos.com.br\/blog\/concurso-osorio-rs\/","url":"https:\/\/www.estrategiaconcursos.com.br\/blog\/concurso-osorio-rs\/","name":"Concurso Os\u00f3rio RS: \u00faltimo dia de inscri\u00e7\u00f5es com 76 vagas mais CR","isPartOf":{"@id":"https:\/\/www.estrategiaconcursos.com.br\/blog\/#website"},"primaryImageOfPage":{"@id":"https:\/\/www.estrategiaconcursos.com.br\/blog\/concurso-osorio-rs\/#primaryimage"},"image":{"@id":"https:\/\/www.estrategiaconcursos.com.br\/blog\/concurso-osorio-rs\/#primaryimage"},"thumbnailUrl":"https:\/\/dhg1h5j42swfq.cloudfront.net\/2019\/11\/05113836\/Saiu-Edital-7.png","datePublished":"2019-12-24T05:00:00+00:00","dateModified":"2019-12-24T12:25:23+00:00","description":"Concurso Os\u00f3rio RS: \u00faltimo dia de inscri\u00e7\u00f5es com oferta de 76 vagas imediatas mais cadastro reserva para cargos em todas as escolaridades.","breadcrumb":{"@id":"https:\/\/www.estrategiaconcursos.com.br\/blog\/concurso-osorio-rs\/#breadcrumb"},"inLanguage":"pt-BR","potentialAction":[{"@type":"ReadAction","target":["https:\/\/www.estrategiaconcursos.com.br\/blog\/concurso-osorio-rs\/"]}]},{"@type":"ImageObject","inLanguage":"pt-BR","@id":"https:\/\/www.estrategiaconcursos.com.br\/blog\/concurso-osorio-rs\/#primaryimage","url":"https:\/\/dhg1h5j42swfq.cloudfront.net\/2019\/11\/05113836\/Saiu-Edital-7.png","contentUrl":"https:\/\/dhg1h5j42swfq.cloudfront.net\/2019\/11\/05113836\/Saiu-Edital-7.png","width":1200,"height":628,"caption":"processo seletivo agu"},{"@type":"BreadcrumbList","@id":"https:\/\/www.estrategiaconcursos.com.br\/blog\/concurso-osorio-rs\/#breadcrumb","itemListElement":[{"@type":"ListItem","position":1,"name":"In\u00edcio","item":"https:\/\/www.estrategiaconcursos.com.br\/blog\/"},{"@type":"ListItem","position":2,"name":"Concurso Os\u00f3rio RS: \u00faltimo dia de inscri\u00e7\u00f5es com 76 vagas mais CR"}]},{"@type":"WebSite","@id":"https:\/\/www.estrategiaconcursos.com.br\/blog\/#website","url":"https:\/\/www.estrategiaconcursos.com.br\/blog\/","name":"Estrat\u00e9gia Concursos","description":"O blog da Estrat\u00e9gia Concursos traz not\u00edcias sobre concursos e artigos de professores oferecendo cursos para concursos (pdf + videaulas) no site.","publisher":{"@id":"https:\/\/www.estrategiaconcursos.com.br\/blog\/#organization"},"potentialAction":[{"@type":"SearchAction","target":{"@type":"EntryPoint","urlTemplate":"https:\/\/www.estrategiaconcursos.com.br\/blog\/?s={search_term_string}"},"query-input":{"@type":"PropertyValueSpecification","valueRequired":true,"valueName":"search_term_string"}}],"inLanguage":"pt-BR"},{"@type":"Organization","@id":"https:\/\/www.estrategiaconcursos.com.br\/blog\/#organization","name":"Estrat\u00e9gia Concursos","url":"https:\/\/www.estrategiaconcursos.com.br\/blog\/","logo":{"@type":"ImageObject","inLanguage":"pt-BR","@id":"https:\/\/www.estrategiaconcursos.com.br\/blog\/#\/schema\/logo\/image\/","url":"https:\/\/dhg1h5j42swfq.cloudfront.net\/2025\/06\/03203428\/logo_concursos-1.jpg","contentUrl":"https:\/\/dhg1h5j42swfq.cloudfront.net\/2025\/06\/03203428\/logo_concursos-1.jpg","width":230,"height":60,"caption":"Estrat\u00e9gia Concursos"},"image":{"@id":"https:\/\/www.estrategiaconcursos.com.br\/blog\/#\/schema\/logo\/image\/"},"sameAs":["https:\/\/x.com\/EstratConcursos"]},{"@type":"Person","@id":"https:\/\/www.estrategiaconcursos.com.br\/blog\/#\/schema\/person\/b4a388c97673c5f483d72185668afa1f","name":"Coordena\u00e7\u00e3o","image":{"@type":"ImageObject","inLanguage":"pt-BR","@id":"https:\/\/secure.gravatar.com\/avatar\/b720319e4c9a967eb58678d110f4fe35452fc5d5f97b202bac7b8acceb18c6ad?s=96&d=mm&r=g","url":"https:\/\/secure.gravatar.com\/avatar\/b720319e4c9a967eb58678d110f4fe35452fc5d5f97b202bac7b8acceb18c6ad?s=96&d=mm&r=g","contentUrl":"https:\/\/secure.gravatar.com\/avatar\/b720319e4c9a967eb58678d110f4fe35452fc5d5f97b202bac7b8acceb18c6ad?s=96&d=mm&r=g","caption":"Coordena\u00e7\u00e3o"},"sameAs":["https:\/\/www.facebook.com\/EstrategiaConcursos","https:\/\/x.com\/EstratConcursos"],"url":"https:\/\/www.estrategiaconcursos.com.br\/blog\/author\/estrategia2013\/"}]}},"_links":{"self":[{"href":"https:\/\/www.estrategiaconcursos.com.br\/blog\/wp-json\/wp\/v2\/posts\/458096","targetHints":{"allow":["GET"]}}],"collection":[{"href":"https:\/\/www.estrategiaconcursos.com.br\/blog\/wp-json\/wp\/v2\/posts"}],"about":[{"href":"https:\/\/www.estrategiaconcursos.com.br\/blog\/wp-json\/wp\/v2\/types\/post"}],"author":[{"embeddable":true,"href":"https:\/\/www.estrategiaconcursos.com.br\/blog\/wp-json\/wp\/v2\/users\/1"}],"replies":[{"embeddable":true,"href":"https:\/\/www.estrategiaconcursos.com.br\/blog\/wp-json\/wp\/v2\/comments?post=458096"}],"version-history":[{"count":11,"href":"https:\/\/www.estrategiaconcursos.com.br\/blog\/wp-json\/wp\/v2\/posts\/458096\/revisions"}],"predecessor-version":[{"id":463773,"href":"https:\/\/www.estrategiaconcursos.com.br\/blog\/wp-json\/wp\/v2\/posts\/458096\/revisions\/463773"}],"wp:featuredmedia":[{"embeddable":true,"href":"https:\/\/www.estrategiaconcursos.com.br\/blog\/wp-json\/wp\/v2\/media\/444274"}],"wp:attachment":[{"href":"https:\/\/www.estrategiaconcursos.com.br\/blog\/wp-json\/wp\/v2\/media?parent=458096"}],"wp:term":[{"taxonomy":"category","embeddable":true,"href":"https:\/\/www.estrategiaconcursos.com.br\/blog\/wp-json\/wp\/v2\/categories?post=458096"},{"taxonomy":"post_tag","embeddable":true,"href":"https:\/\/www.estrategiaconcursos.com.br\/blog\/wp-json\/wp\/v2\/tags?post=458096"},{"taxonomy":"tax_estado","embeddable":true,"href":"https:\/\/www.estrategiaconcursos.com.br\/blog\/wp-json\/wp\/v2\/tax_estado?post=458096"}],"curies":[{"name":"wp","href":"https:\/\/api.w.org\/{rel}","templated":true}]}}