{"id":458058,"date":"2021-02-04T08:00:00","date_gmt":"2021-02-04T11:00:00","guid":{"rendered":"https:\/\/www.estrategiaconcursos.com.br\/blog\/?p=458058"},"modified":"2022-12-06T11:05:52","modified_gmt":"2022-12-06T14:05:52","slug":"concurso-camara-de-maraba","status":"publish","type":"post","link":"https:\/\/www.estrategiaconcursos.com.br\/blog\/concurso-camara-de-maraba\/","title":{"rendered":"Concurso C\u00e2mara de Marab\u00e1: sele\u00e7\u00e3o retomada e novo cronograma!"},"content":{"rendered":"\n<p> As etapas do Concurso C\u00e2mara de Marab\u00e1 est\u00e3o retomadas! Anteriormente a banca organizadora, FADESP, suspendeu o certame por conta da transmiss\u00e3o do novo Coronav\u00edrus (COVID-19).<\/p>\n\n\n\n<p>Agora, as provas do certame ser\u00e3o realizadas em <strong>11 de julho de 2021 <\/strong>e as demais informa\u00e7\u00f5es poder\u00e3o ser encontradas na p\u00e1gina oficial do concurso, no site da FADESP.<\/p>\n\n\n\n<p>O concurso oferta 23 vagas para n\u00edvel fundamental, m\u00e9dio e superior.<\/p>\n\n\n\n<p>Confira abaixo todas as informa\u00e7\u00f5es para voc\u00ea participar deste concurso p\u00fablico. <\/p>\n\n\n\n<ul class=\"wp-block-list\"><li><em><strong><a href=\"#situacao\">Situa\u00e7\u00e3o atual do concurso<\/a><\/strong><\/em><\/li><li><strong><em><a href=\"#principais\">Principais informa\u00e7\u00f5es do concurso<\/a><\/em><\/strong><\/li><li><strong><em><a href=\"#cargos\">Cargos, vagas e Remunera\u00e7\u00f5es<\/a><\/em><\/strong><\/li><li><strong><em><a href=\"#etapas\">Etapas do concurso<\/a><\/em><\/strong><\/li><li><strong><em><a href=\"#etapas\">Atribui\u00e7\u00e3o de cargos<\/a><\/em><\/strong><\/li><li><strong><em><a href=\"#edital\">An\u00e1lise de Edital<\/a><\/em><\/strong><\/li><li><strong><em><a href=\"#ficha-tecnica\">Assinatura<\/a><\/em><\/strong><\/li><\/ul>\n\n\n\n<h2 class=\"wp-block-heading\" id=\"situacao\"><strong>Situa\u00e7\u00e3o atual do concurso<\/strong><\/h2>\n\n\n\n<p>O concurso foi suspenso por duas vezes, mas agora est\u00e1 com fases retomadas e provas remarcadas.<\/p>\n\n\n\n<p>As medidas que fizeram com que o certame fosse suspenso fazem parte da conten\u00e7\u00e3o da transmiss\u00e3o do novo Coronav\u00edrus (COVID-19).<\/p>\n\n\n\n<p>As provas agora ocorrer\u00e3o em 11 de julho e o cronograma completo pode ser encontrado no site da banca organizadora, Fadesp.<\/p>\n\n\n\n<figure class=\"wp-block-image size-large\"><img loading=\"lazy\" decoding=\"async\" width=\"1024\" height=\"411\" src=\"https:\/\/dhg1h5j42swfq.cloudfront.net\/2021\/02\/04093115\/captura-de-tela-2021-02-04-as-07-33-54-1024x411.png\" alt=\"\" class=\"wp-image-663560\" srcset=\"https:\/\/dhg1h5j42swfq.cloudfront.net\/2021\/02\/04093115\/captura-de-tela-2021-02-04-as-07-33-54-1024x411.png 1024w, https:\/\/dhg1h5j42swfq.cloudfront.net\/2021\/02\/04093115\/captura-de-tela-2021-02-04-as-07-33-54-300x120.png 300w, https:\/\/dhg1h5j42swfq.cloudfront.net\/2021\/02\/04093115\/captura-de-tela-2021-02-04-as-07-33-54-768x308.png 768w, https:\/\/dhg1h5j42swfq.cloudfront.net\/2021\/02\/04093115\/captura-de-tela-2021-02-04-as-07-33-54-610x245.png 610w, https:\/\/dhg1h5j42swfq.cloudfront.net\/2021\/02\/04093115\/captura-de-tela-2021-02-04-as-07-33-54.png 1126w\" sizes=\"auto, (max-width: 1024px) 100vw, 1024px\" \/><\/figure>\n\n\n\n<p>Anteriormente, a empresa contratada para fazer a organiza\u00e7\u00e3o do certame, a Faculdade Integrada Caraj\u00e1s (FIC), desistiu de realizar o certame, sendo necess\u00e1rio, por Dispensa de licita\u00e7\u00e3o, contratar a Fadesp para dar continuidade ao concurso<\/p>\n\n\n\n<h2 class=\"wp-block-heading\" id=\"principais\">Principais informa\u00e7\u00f5es do edital C\u00e2mara de Marab\u00e1<\/h2>\n\n\n\n<p>Os candidatos interessados pelas vagas do certame deveriam se<strong>&nbsp;inscrever<\/strong>&nbsp;entre os dias,<strong>&nbsp;<\/strong> <strong>19 de fevereiro at\u00e9 16 de mar\u00e7o<\/strong> de 2020. Ap\u00f3s realizar a inscri\u00e7\u00e3o os concurseiros deveriam pagar uma taxa que variava conforme o grau de forma\u00e7\u00e3o.<em>&nbsp;Confira abaixo:<\/em><\/p>\n\n\n\n<p class=\"has-medium-font-size\"><strong>Taxa de inscri\u00e7\u00e3o<\/strong><\/p>\n\n\n\n<ul class=\"wp-block-list\"><li>N\u00edvel Fundamental\u2013 R$ 48,00 <\/li><li>N\u00edvel M\u00e9dio &#8211; R$ 60,00 <\/li><li>N\u00edvel Superior &#8211; R$ 72,00 <\/li><\/ul>\n\n\n\n<h3 class=\"wp-block-heading\">Principais Datas<\/h3>\n\n\n\n<p class=\"has-very-light-gray-background-color has-background\"><strong><em>Inscri\u00e7\u00f5es<\/em><\/strong><em>: <\/em> <s><em>11 de dezembro a 8 de fevereiro <\/em> <strong>19 de fevereiro at\u00e9 16 de mar\u00e7o<\/strong> <\/s><em><br \/><\/em><strong><em>Prova objetiva<\/em><\/strong><em>:<s> 8 de mar<\/s><\/em>  <s>12 de abril. <\/s><strong>11 de julho<\/strong><\/p>\n\n\n\n<h2 class=\"wp-block-heading\" id=\"cargos\">Cargos, vagas e Remunera\u00e7\u00f5es \u2013  <br \/>edital C\u00e2mara de Marab\u00e1 <\/h2>\n\n\n\n<p>S\u00e3o oferecidas <strong>23 vagas<\/strong> no total para cargos de todos os n\u00edveis. O cargo com mais vagas no concurso C\u00e2mara de Marab\u00e1 \u00e9 de Agente Administrativo. Para este cargo, aceita-se certificado de conclus\u00e3o do Ensino M\u00e9dio.<\/p>\n\n\n\n<p>Acompanhe abaixo a quantidade de vagas para cada cargo com suas respectivas remunera\u00e7\u00f5es.<\/p>\n\n\n\n<h4 class=\"wp-block-heading\">N\u00edvel Fundamental<\/h4>\n\n\n\n<ul class=\"wp-block-list\"><li> <em>Agente de Portaria (3 vagas) R$ 1.154,34 <\/em><\/li><li><em> Motorista  (1 vagas) R$ 4.092,66 <\/em><\/li><\/ul>\n\n\n\n<h4 class=\"wp-block-heading\">N\u00edvel M\u00e9dio<\/h4>\n\n\n\n<ul class=\"wp-block-list\"><li> <em>Agente Administrativo  (7 vagas) R$ 1.679,04 <\/em><\/li><li><em> T\u00e9cnico Legislativo  (6 vagas) R$ 4.092,66 <\/em><\/li><li><em> T\u00e9cnico em Contabilidade (1 vaga) R$ 4.092,66 <\/em><\/li><li><em> T\u00e9cnico em Processamento de Dados  (1 vaga) R$ 4.092,66 <\/em><\/li><li><em> T\u00e9cnico em Tradu\u00e7\u00e3o e Interpreta\u00e7\u00e3o de Libras (1 vaga) R$ 4.092,66<\/em><\/li><\/ul>\n\n\n\n<h4 class=\"wp-block-heading\"><strong>N\u00edvel Superior<\/strong><\/h4>\n\n\n\n<ul class=\"wp-block-list\"><li><em>Advogado (2 vagas) R$ 3.882,78 <\/em><\/li><li><em> Engenheiro Civil (1 vaga)<\/em><\/li><\/ul>\n\n\n\n<h2 class=\"wp-block-heading\" id=\"etapas\">Etapas do concurso C\u00e2mara de Marab\u00e1  <\/h2>\n\n\n\n<p>O Concurso C\u00e2mara de Marab\u00e1 ser\u00e1 realizado em <strong>3 etapas<\/strong>:  prova escrita de m\u00faltipla escolha <strong>a todos os cargo<\/strong>; aferi\u00e7\u00e3o de t\u00edtulos para os cargos de n\u00edvel superior  e prova pr\u00e1tica para o cargo de T\u00e9cnico em Tradu\u00e7\u00e3o e Interpreta\u00e7\u00e3o de Libras.<\/p>\n\n\n\n<p style=\"font-size:clamp(14.642px, 0.915rem + ((1vw - 3.2px) * 0.721), 22px);px\"><strong>Prova Escrita<\/strong><\/p>\n\n\n\n<p> A prova objetiva de m\u00faltipla escolha constar\u00e1 de 50 quest\u00f5es, valendo 1,0 cada, com peso 1, nota m\u00e1xima 50. <\/p>\n\n\n\n<p>O candidato somente ser\u00e1 aprovado quando obtiver o m\u00ednimo de 50% de acerto na prova objetiva de m\u00faltipla escolha. As provas ter\u00e3o dura\u00e7\u00e3o m\u00e1xima de 4 horas.<\/p>\n\n\n\n<p>Confira abaixo a tabela com as disciplinas cobradas na prova escrita e outros detalhes:<\/p>\n\n\n\n<p><\/p>\n\n\n\n<figure class=\"wp-block-table is-style-stripes\"><table class=\"has-background has-fixed-layout\" style=\"background-color:#e7f5fe\"><tbody><tr><td><strong>Cargo <\/strong><\/td><td><strong>Disciplina<\/strong><\/td><td><strong>Quest\u00f5es <\/strong><\/td><td><strong>Peso<\/strong><\/td><\/tr><tr><td> Agente de Portaria <\/td><td>L\u00edngua Portuguesa  <br \/>Matem\u00e1tica <br \/>Conhecimentos Espec\u00edficos <\/td><td>15<br \/>15<br \/>20<\/td><td>1<br \/>1<br \/>1<br \/><\/td><\/tr><tr><td> Motorista  <\/td><td>L\u00edngua Portuguesa  <br \/> Matem\u00e1tica <br \/> Conhecimentos Espec\u00edficos<\/td><td>15<br \/>15<br \/>20 <\/td><td>1<br \/>1<br \/>1<br \/><\/td><\/tr><tr><td> Agente Administrativo  <\/td><td> L\u00edngua Portuguesa  <br \/> Matem\u00e1tica <br \/>No\u00e7\u00f5es de Inform\u00e1tica<br \/> Conhecimentos Espec\u00edficos <\/td><td>10<br \/>10<br \/>10<br \/>20<\/td><td>1<br \/>1<br \/>1<br \/>1 <\/td><\/tr><tr><td> T\u00e9cnico Legislativo  <\/td><td>L\u00edngua Portuguesa  <br \/> Matem\u00e1tica <br \/> No\u00e7\u00f5es de Inform\u00e1tica<br \/> Conhecimentos Espec\u00edficos<\/td><td>10<br \/>10<br \/>10<br \/>20 <\/td><td>1<br \/>1<br \/>1<br \/>1<\/td><\/tr><tr><td> T\u00e9cnico em Contabilidade <\/td><td>L\u00edngua Portuguesa  <br \/> Matem\u00e1tica <br \/> No\u00e7\u00f5es de Inform\u00e1tica<br \/> Conhecimentos Espec\u00edficos<\/td><td>10<br \/>10<br \/>10<br \/>20 <\/td><td>1<br \/>1<br \/>1<br \/>1 <\/td><\/tr><tr><td> T\u00e9cnico em Processamento de Dados <\/td><td> L\u00edngua Portuguesa  <br \/> Matem\u00e1tica <br \/> No\u00e7\u00f5es de Inform\u00e1tica<br \/> Conhecimentos Espec\u00edficos <\/td><td>10<br \/>10<br \/>10<br \/>20 <\/td><td>1<br \/>1<br \/>1<br \/>1  <\/td><\/tr><tr><td> T\u00e9cnico em Tradu\u00e7\u00e3o e Interpreta\u00e7\u00e3o de Libras <\/td><td> L\u00edngua Portuguesa  <br \/> Matem\u00e1tica <br \/> No\u00e7\u00f5es de Inform\u00e1tica<br \/> Conhecimentos Espec\u00edficos <br \/>Pr\u00e1tica<\/td><td>10<br \/>10<br \/>10<br \/>20 <\/td><td>1<br \/>1<br \/>1<br \/>1 <\/td><\/tr><tr><td> Advogado <\/td><td> L\u00edngua Portuguesa <br \/> No\u00e7\u00f5es de Inform\u00e1tica <br \/> No\u00e7\u00f5es de Meio Ambiente  <br \/> Conhecimentos Espec\u00edficos  <br \/><\/td><td>10<br \/>10<br \/>5<br \/>25<\/td><td>1<br \/>1<br \/>1<br \/>1<\/td><\/tr><tr><td> Engenheiro Civil <\/td><td> L\u00edngua Portuguesa <br \/> No\u00e7\u00f5es de Inform\u00e1tica <br \/> No\u00e7\u00f5es de Meio Ambiente  <br \/> Conhecimentos Espec\u00edficos <\/td><td>10<br \/>10<br \/>5<br \/>25 <\/td><td>1<br \/>1<br \/>1<br \/>1 <\/td><\/tr><\/tbody><\/table><\/figure>\n\n\n\n<p style=\"font-size:clamp(14.642px, 0.915rem + ((1vw - 3.2px) * 0.721), 22px);px\"><strong>Prova Pr\u00e1tica<\/strong><\/p>\n\n\n\n<p> A prova pr\u00e1tica para o cargo de T\u00e9cnico em Tradu\u00e7\u00e3o e Interpreta\u00e7\u00e3o de Libras ocorrer\u00e1 na C\u00e2mara Municipal de Marab\u00e1 e consistir\u00e1 na apresenta\u00e7\u00e3o pessoal de, no m\u00e1ximo 10 minutos, com a tradu\u00e7\u00e3o de um Texto oral em L\u00edngua Portuguesa para Libras e de um Texto em Libras para a modalidade oral da L\u00edngua Portuguesa, avaliada com base nos seguintes crit\u00e9rios de avalia\u00e7\u00e3o:<\/p>\n\n\n\n<figure class=\"wp-block-image\"><img loading=\"lazy\" decoding=\"async\" width=\"697\" height=\"303\" src=\"https:\/\/dhg1h5j42swfq.cloudfront.net\/2019\/12\/10100603\/image56.png\" alt=\"\" class=\"wp-image-458148\" srcset=\"https:\/\/dhg1h5j42swfq.cloudfront.net\/2019\/12\/10100603\/image56.png 697w, https:\/\/dhg1h5j42swfq.cloudfront.net\/2019\/12\/10100603\/image56.png 300w, https:\/\/dhg1h5j42swfq.cloudfront.net\/2019\/12\/10100603\/image56.png 610w\" sizes=\"auto, (max-width: 697px) 100vw, 697px\" \/><\/figure>\n\n\n\n<p>A prova consistir\u00e1 em duas fases, sendo a <strong>1\u00aa Fase<\/strong>: Tradu\u00e7\u00e3o de texto em Libras para a modalidade oral da L\u00edngua Portuguesa e <strong> 2\u00aa Fase<\/strong> : Tradu\u00e7\u00e3o de texto oral em L\u00edngua Portuguesa para Libras.<\/p>\n\n\n\n<p style=\"font-size:clamp(14.642px, 0.915rem + ((1vw - 3.2px) * 0.721), 22px);px\"><strong>Aferi\u00e7\u00e3o de T\u00edtulos<\/strong><\/p>\n\n\n\n<p> A contagem de <strong>pontos por tempo de servi\u00e7o<\/strong>, com valor de t\u00edtulo, ser\u00e1 auferida apenas aos servidores est\u00e1veis, ou seja, aqueles admitidos at\u00e9 05 de outubro de 1983. A pontua\u00e7\u00e3o se dar\u00e1 na propor\u00e7\u00e3o de 0,25  por per\u00edodo de 365 dias l\u00edquidos, at\u00e9 o limite m\u00e1ximo de 6,0  pontos. <\/p>\n\n\n\n<p><strong>Pontos por T\u00edtulos<\/strong>:  O n\u00famero de pontos atribu\u00eddos a t\u00edtulo ocorrer\u00e1 da seguinte maneira:<\/p>\n\n\n\n<figure class=\"wp-block-image\"><img loading=\"lazy\" decoding=\"async\" width=\"651\" height=\"168\" src=\"https:\/\/dhg1h5j42swfq.cloudfront.net\/2019\/12\/10101551\/image57.png\" alt=\"\" class=\"wp-image-458159\" srcset=\"https:\/\/dhg1h5j42swfq.cloudfront.net\/2019\/12\/10101551\/image57.png 651w, https:\/\/dhg1h5j42swfq.cloudfront.net\/2019\/12\/10101551\/image57.png 300w, https:\/\/dhg1h5j42swfq.cloudfront.net\/2019\/12\/10101551\/image57.png 610w\" sizes=\"auto, (max-width: 651px) 100vw, 651px\" \/><\/figure>\n\n\n\n<h2 class=\"wp-block-heading\" id=\"atribuicao\">Atribui\u00e7\u00f5es do cargos<\/h2>\n\n\n\n<p> <strong>Agente de Portaria<\/strong>:  receber, registrar em protocolo e fazer a recep\u00e7\u00e3o e distribui\u00e7\u00e3o de correspond\u00eancias, documentos e processos;<br \/><strong> Motorista: <\/strong> conduzir autom\u00f3veis e outros ve\u00edculos destinados ao transporte de servidores e vereadores, a servi\u00e7o e quando devidamente autorizado dentro ou fora do munic\u00edpio.<br \/> <strong>Agente Administrativo<\/strong>: <strong> <\/strong>atendimento ao p\u00fablico, digita\u00e7\u00e3o, arquivamento e protocolo de documentos e processos; operar m\u00e1quinas copiadoras; realizar servi\u00e7os externos.<br \/><strong>T\u00e9cnico Legislativo<\/strong>:  receber, conferir e registrar todos os processos legislativos e acompanhar os mesmos, controlando os prazos de tramita\u00e7\u00e3o; acompanhar as aprecia\u00e7\u00f5es das mat\u00e9rias constantes da pauta e executar os trabalhos de apoio e realiza\u00e7\u00e3o das sess\u00f5es ordin\u00e1rias, extraordin\u00e1rias e especiais.<br \/><strong>T\u00e9cnico em Contabilidade<\/strong>:  executar servi\u00e7os auxiliares de contabilidade, al\u00e9m das atividades administrativas inerentes ao setor de Controle Interno e Financeiro.<br \/><strong>T\u00e9cnico em Processamento de Dados<\/strong>:  Realizar as atividades inerentes \u00e0 fun\u00e7\u00f5es de operador e digitador de computador; orientar os usu\u00e1rios quanto \u00e0s suas d\u00favidas e sobre a correta utiliza\u00e7\u00e3o do sistema de inform\u00e1tica.<br \/><strong>T\u00e9cnico em Tradu\u00e7\u00e3o e Interpreta\u00e7\u00e3o de Libras<\/strong>: traduzir e interpretar artigos, livros, textos diversos bem como de um idioma para o outro, traduzir e interpretar palavras, conversa\u00e7\u00f5es, narrativas, palestras, atividades did\u00e1tico-pedag\u00f3gicas em outro idioma, reproduzindo Libras ou na modalidade oral da L\u00edngua Portuguesa o pensamento e inten\u00e7\u00e3o do emissor.<br \/><strong> Advogado<\/strong>:   quanto aos aspectos da constitucionalidade e legalidade das a\u00e7\u00f5es administrativas e legislativas; propor a\u00e7\u00f5es judiciais e elaborar defesas e recursos em processos administrativos e judiciais no \u00e2mbito do Controle Interno.<br \/> <strong>Engenheiro Civil<\/strong>:  Desenvolver projetos de engenharia, planejar, coordenar a opera\u00e7\u00e3o e a manuten\u00e7\u00e3o, or\u00e7ar e avaliar a contrata\u00e7\u00e3o de servi\u00e7os, controlar a qualidade dos suprimentos e servi\u00e7os comprados e executados.<\/p>\n\n\n\n<h2 class=\"has-text-align-center wp-block-heading\" id=\"cursos-assinatura\"><strong><em>Quer estudar para Concurso<\/em><\/strong> <em>C\u00e2mara de Marab\u00e1<\/em><strong><em>?<\/em><\/strong><\/h2>\n\n\n\n<p class=\"has-text-align-center\"><em><strong>Gostou desta oportunidade e deseja come\u00e7ar se preparar agora mesmo? Ent\u00e3o, confira os nossos cursos e comece a estudar para <\/strong><\/em><strong><em>C\u00e2mara de Marab\u00e1:<\/em><\/strong><\/p>\n\n\n\n<p class=\"has-text-align-center has-luminous-vivid-amber-background-color has-background has-medium-font-size\"><strong><em><a href=\"https:\/\/www.estrategiaconcursos.com.br\/cursosPorConcurso\/camara-municipal-de-maraba-pa\/\" target=\"_blank\" rel=\"noreferrer noopener\" aria-label=\"CURSOS C\u00c2MARA MARAB\u00c1 (abre numa nova aba)\">CURSOS C\u00c2MARA MARAB\u00c1<\/a><\/em><\/strong><\/p>\n\n\n\n<h4 class=\"has-text-align-center wp-block-heading\" id=\"assinatura\"><em><strong>Assinatura Anual Ilimitada*<\/strong><\/em><\/h4>\n\n\n\n<p class=\"has-text-align-center\"><em>Prepare-se com o melhor material e com quem mais aprova em Concursos P\u00fablicos em todo o pa\u00eds. Assine agora a nossa Assinatura Anual e tenha acesso ilimitado* a todos os nossos cursos.<\/em><\/p>\n\n\n\n<p class=\"has-text-align-center has-light-green-cyan-background-color has-background\"><strong>ASSINE AGORA<\/strong>&nbsp;\u2013&nbsp;<a rel=\"noreferrer noopener\" href=\"https:\/\/www.estrategiaconcursos.com.br\/assinaturas\" target=\"_blank\">Assinatura Ilimitada<\/a><\/p>\n\n\n\n<p class=\"has-text-align-center\"><em><strong>Fique por dentro de todos os concursos<\/strong><\/em>:<\/p>\n\n\n\n<p class=\"has-text-align-center has-pale-cyan-blue-background-color has-background\"><strong><a rel=\"noreferrer noopener\" href=\"https:\/\/www.estrategiaconcursos.com.br\/blog\/concursos-abertos\/\" target=\"_blank\">Concursos Abertos<\/a><\/strong><\/p>\n\n\n\n<p class=\"has-text-align-center has-pale-cyan-blue-background-color has-background\"><a rel=\"noreferrer noopener\" href=\"https:\/\/www.estrategiaconcursos.com.br\/blog\/concursos-2020\/\" target=\"_blank\"><strong>Concursos 2020<\/strong><\/a><\/p>\n\n\n\n<figure class=\"wp-block-image\"><img decoding=\"async\" src=\"https:\/\/dhg1h5j42swfq.cloudfront.net\/2017\/03\/28152500\/coruja-ficha-tecnica-300x102.png\" alt=\"Ficha T\u00e9cnica Concurso prefeitura de queimados\"\/><\/figure>\n\n\n\n<h4 class=\"wp-block-heading\" id=\"ficha-tecnica\"><strong>Informa\u00e7\u00f5es do&nbsp;<\/strong>Concurso C\u00e2mara de Marab\u00e1 <\/h4>\n\n\n\n<p>\u25ba<strong>Data prevista:  11 de julho<br \/>\u25baVagas:&nbsp;<\/strong>23 vagas<strong><br \/>\u25baLota\u00e7\u00f5es:&nbsp;<\/strong>Marab\u00e1 (PA)<strong><br \/>\u25baBanca:&nbsp;<\/strong>FIC <br \/><strong>\u25baEscolaridade:<\/strong>&nbsp;N\u00edvel fundamental, m\u00e9dio e superior<br \/><strong>\u25baEdital 2019:&nbsp;<\/strong><a href=\"https:\/\/dhg1h5j42swfq.cloudfront.net\/2019\/12\/10102257\/Edital_C%C3%A2mara_de_Marab%C3%A1_PA.pdf\">C\u00e2mara de Marab\u00e1<\/a><\/p>\n\n\n\n<p><em>Ascom Estrat\u00e9gia<\/em><br \/><\/p>\n","protected":false},"excerpt":{"rendered":"<p>As etapas do Concurso C\u00e2mara de Marab\u00e1 est\u00e3o retomadas! Anteriormente a banca organizadora, FADESP, suspendeu o certame por conta da transmiss\u00e3o do novo Coronav\u00edrus (COVID-19). Agora, as provas do certame ser\u00e3o realizadas em 11 de julho de 2021 e as demais informa\u00e7\u00f5es poder\u00e3o ser encontradas na p\u00e1gina oficial do concurso, no site da FADESP. O [&hellip;]<\/p>\n","protected":false},"author":1,"featured_media":458734,"comment_status":"open","ping_status":"closed","sticky":false,"template":"","format":"standard","meta":{"post_tipo":"news_page","footnotes":""},"categories":[2017],"tags":[],"tax_estado":[219977],"class_list":["post-458058","post","type-post","status-publish","format-standard","has-post-thumbnail","hentry","category-concursos-legislativos","tax_estado-pa"],"acf":[],"yoast_head":"<!-- This site is optimized with the Yoast SEO Premium plugin v27.2 (Yoast SEO v27.2) - https:\/\/yoast.com\/product\/yoast-seo-premium-wordpress\/ -->\n<title>Concurso C\u00e2mara de Marab\u00e1: sele\u00e7\u00e3o retomada e novo cronograma!<\/title>\n<meta name=\"description\" content=\"concurso C\u00e2mara de Marab\u00e1: Novo cronograma divulgado e provas remarcadas, mais uma vez, para 11 de julho de 2021! Confira!\" \/>\n<meta name=\"robots\" content=\"index, follow, max-snippet:-1, max-image-preview:large, max-video-preview:-1\" \/>\n<link rel=\"canonical\" href=\"https:\/\/www.estrategiaconcursos.com.br\/blog\/concurso-camara-de-maraba\/\" \/>\n<meta property=\"og:locale\" content=\"pt_BR\" \/>\n<meta property=\"og:type\" content=\"article\" \/>\n<meta property=\"og:title\" content=\"Concurso C\u00e2mara de Marab\u00e1: sele\u00e7\u00e3o retomada e novo cronograma!\" \/>\n<meta property=\"og:description\" content=\"concurso C\u00e2mara de Marab\u00e1: Novo cronograma divulgado e provas remarcadas, mais uma vez, para 11 de julho de 2021! Confira!\" \/>\n<meta property=\"og:url\" content=\"https:\/\/www.estrategiaconcursos.com.br\/blog\/concurso-camara-de-maraba\/\" \/>\n<meta property=\"og:site_name\" content=\"Estrat\u00e9gia Concursos\" \/>\n<meta property=\"article:author\" content=\"https:\/\/www.facebook.com\/EstrategiaConcursos\" \/>\n<meta property=\"article:published_time\" content=\"2021-02-04T11:00:00+00:00\" \/>\n<meta property=\"article:modified_time\" content=\"2022-12-06T14:05:52+00:00\" \/>\n<meta property=\"og:image\" content=\"https:\/\/dhg1h5j42swfq.cloudfront.net\/2019\/12\/11085051\/concurso-c%C3%A2mara-de-marab%C3%A1.jpg\" \/>\n\t<meta property=\"og:image:width\" content=\"1200\" \/>\n\t<meta property=\"og:image:height\" content=\"628\" \/>\n\t<meta property=\"og:image:type\" content=\"image\/jpeg\" \/>\n<meta name=\"author\" content=\"Coordena\u00e7\u00e3o\" \/>\n<meta name=\"twitter:card\" content=\"summary_large_image\" \/>\n<meta name=\"twitter:creator\" content=\"@EstratConcursos\" \/>\n<meta name=\"twitter:site\" content=\"@EstratConcursos\" \/>\n<meta name=\"twitter:label1\" content=\"Escrito por\" \/>\n\t<meta name=\"twitter:data1\" content=\"Coordena\u00e7\u00e3o\" \/>\n\t<meta name=\"twitter:label2\" content=\"Est. tempo de leitura\" \/>\n\t<meta name=\"twitter:data2\" content=\"7 minutos\" \/>\n<script type=\"application\/ld+json\" class=\"yoast-schema-graph\">{\"@context\":\"https:\/\/schema.org\",\"@graph\":[{\"@type\":\"NewsArticle\",\"@id\":\"https:\/\/www.estrategiaconcursos.com.br\/blog\/concurso-camara-de-maraba\/#article\",\"isPartOf\":{\"@id\":\"https:\/\/www.estrategiaconcursos.com.br\/blog\/concurso-camara-de-maraba\/\"},\"author\":{\"name\":\"Coordena\u00e7\u00e3o\",\"@id\":\"https:\/\/www.estrategiaconcursos.com.br\/blog\/#\/schema\/person\/b4a388c97673c5f483d72185668afa1f\"},\"headline\":\"Concurso C\u00e2mara de Marab\u00e1: sele\u00e7\u00e3o retomada e novo cronograma!\",\"datePublished\":\"2021-02-04T11:00:00+00:00\",\"dateModified\":\"2022-12-06T14:05:52+00:00\",\"mainEntityOfPage\":{\"@id\":\"https:\/\/www.estrategiaconcursos.com.br\/blog\/concurso-camara-de-maraba\/\"},\"wordCount\":1351,\"commentCount\":2,\"publisher\":{\"@id\":\"https:\/\/www.estrategiaconcursos.com.br\/blog\/#organization\"},\"image\":{\"@id\":\"https:\/\/www.estrategiaconcursos.com.br\/blog\/concurso-camara-de-maraba\/#primaryimage\"},\"thumbnailUrl\":\"https:\/\/dhg1h5j42swfq.cloudfront.net\/2019\/12\/11085051\/concurso-c%C3%A2mara-de-marab%C3%A1.jpg\",\"articleSection\":[\"Legislativo\"],\"inLanguage\":\"pt-BR\",\"potentialAction\":[{\"@type\":\"CommentAction\",\"name\":\"Comment\",\"target\":[\"https:\/\/www.estrategiaconcursos.com.br\/blog\/concurso-camara-de-maraba\/#respond\"]}],\"copyrightYear\":\"2021\",\"copyrightHolder\":{\"@id\":\"https:\/\/www.estrategiaconcursos.com.br\/blog\/#organization\"}},{\"@type\":\"WebPage\",\"@id\":\"https:\/\/www.estrategiaconcursos.com.br\/blog\/concurso-camara-de-maraba\/\",\"url\":\"https:\/\/www.estrategiaconcursos.com.br\/blog\/concurso-camara-de-maraba\/\",\"name\":\"Concurso C\u00e2mara de Marab\u00e1: sele\u00e7\u00e3o retomada e novo cronograma!\",\"isPartOf\":{\"@id\":\"https:\/\/www.estrategiaconcursos.com.br\/blog\/#website\"},\"primaryImageOfPage\":{\"@id\":\"https:\/\/www.estrategiaconcursos.com.br\/blog\/concurso-camara-de-maraba\/#primaryimage\"},\"image\":{\"@id\":\"https:\/\/www.estrategiaconcursos.com.br\/blog\/concurso-camara-de-maraba\/#primaryimage\"},\"thumbnailUrl\":\"https:\/\/dhg1h5j42swfq.cloudfront.net\/2019\/12\/11085051\/concurso-c%C3%A2mara-de-marab%C3%A1.jpg\",\"datePublished\":\"2021-02-04T11:00:00+00:00\",\"dateModified\":\"2022-12-06T14:05:52+00:00\",\"description\":\"concurso C\u00e2mara de Marab\u00e1: Novo cronograma divulgado e provas remarcadas, mais uma vez, para 11 de julho de 2021! Confira!\",\"breadcrumb\":{\"@id\":\"https:\/\/www.estrategiaconcursos.com.br\/blog\/concurso-camara-de-maraba\/#breadcrumb\"},\"inLanguage\":\"pt-BR\",\"potentialAction\":[{\"@type\":\"ReadAction\",\"target\":[\"https:\/\/www.estrategiaconcursos.com.br\/blog\/concurso-camara-de-maraba\/\"]}]},{\"@type\":\"ImageObject\",\"inLanguage\":\"pt-BR\",\"@id\":\"https:\/\/www.estrategiaconcursos.com.br\/blog\/concurso-camara-de-maraba\/#primaryimage\",\"url\":\"https:\/\/dhg1h5j42swfq.cloudfront.net\/2019\/12\/11085051\/concurso-c%C3%A2mara-de-marab%C3%A1.jpg\",\"contentUrl\":\"https:\/\/dhg1h5j42swfq.cloudfront.net\/2019\/12\/11085051\/concurso-c%C3%A2mara-de-marab%C3%A1.jpg\",\"width\":1200,\"height\":628,\"caption\":\"c\u00e2mara de marab\u00e1\"},{\"@type\":\"BreadcrumbList\",\"@id\":\"https:\/\/www.estrategiaconcursos.com.br\/blog\/concurso-camara-de-maraba\/#breadcrumb\",\"itemListElement\":[{\"@type\":\"ListItem\",\"position\":1,\"name\":\"In\u00edcio\",\"item\":\"https:\/\/www.estrategiaconcursos.com.br\/blog\/\"},{\"@type\":\"ListItem\",\"position\":2,\"name\":\"Concurso C\u00e2mara de Marab\u00e1: sele\u00e7\u00e3o retomada e novo cronograma!\"}]},{\"@type\":\"WebSite\",\"@id\":\"https:\/\/www.estrategiaconcursos.com.br\/blog\/#website\",\"url\":\"https:\/\/www.estrategiaconcursos.com.br\/blog\/\",\"name\":\"Estrat\u00e9gia Concursos\",\"description\":\"O blog da Estrat\u00e9gia Concursos traz not\u00edcias sobre concursos e artigos de professores oferecendo cursos para concursos (pdf + videaulas) no site.\",\"publisher\":{\"@id\":\"https:\/\/www.estrategiaconcursos.com.br\/blog\/#organization\"},\"potentialAction\":[{\"@type\":\"SearchAction\",\"target\":{\"@type\":\"EntryPoint\",\"urlTemplate\":\"https:\/\/www.estrategiaconcursos.com.br\/blog\/?s={search_term_string}\"},\"query-input\":{\"@type\":\"PropertyValueSpecification\",\"valueRequired\":true,\"valueName\":\"search_term_string\"}}],\"inLanguage\":\"pt-BR\"},{\"@type\":\"Organization\",\"@id\":\"https:\/\/www.estrategiaconcursos.com.br\/blog\/#organization\",\"name\":\"Estrat\u00e9gia Concursos\",\"url\":\"https:\/\/www.estrategiaconcursos.com.br\/blog\/\",\"logo\":{\"@type\":\"ImageObject\",\"inLanguage\":\"pt-BR\",\"@id\":\"https:\/\/www.estrategiaconcursos.com.br\/blog\/#\/schema\/logo\/image\/\",\"url\":\"https:\/\/dhg1h5j42swfq.cloudfront.net\/2025\/06\/03203428\/logo_concursos-1.jpg\",\"contentUrl\":\"https:\/\/dhg1h5j42swfq.cloudfront.net\/2025\/06\/03203428\/logo_concursos-1.jpg\",\"width\":230,\"height\":60,\"caption\":\"Estrat\u00e9gia Concursos\"},\"image\":{\"@id\":\"https:\/\/www.estrategiaconcursos.com.br\/blog\/#\/schema\/logo\/image\/\"},\"sameAs\":[\"https:\/\/x.com\/EstratConcursos\"]},{\"@type\":\"Person\",\"@id\":\"https:\/\/www.estrategiaconcursos.com.br\/blog\/#\/schema\/person\/b4a388c97673c5f483d72185668afa1f\",\"name\":\"Coordena\u00e7\u00e3o\",\"image\":{\"@type\":\"ImageObject\",\"inLanguage\":\"pt-BR\",\"@id\":\"https:\/\/secure.gravatar.com\/avatar\/b720319e4c9a967eb58678d110f4fe35452fc5d5f97b202bac7b8acceb18c6ad?s=96&d=mm&r=g\",\"url\":\"https:\/\/secure.gravatar.com\/avatar\/b720319e4c9a967eb58678d110f4fe35452fc5d5f97b202bac7b8acceb18c6ad?s=96&d=mm&r=g\",\"contentUrl\":\"https:\/\/secure.gravatar.com\/avatar\/b720319e4c9a967eb58678d110f4fe35452fc5d5f97b202bac7b8acceb18c6ad?s=96&d=mm&r=g\",\"caption\":\"Coordena\u00e7\u00e3o\"},\"sameAs\":[\"https:\/\/www.facebook.com\/EstrategiaConcursos\",\"https:\/\/x.com\/EstratConcursos\"],\"url\":\"https:\/\/www.estrategiaconcursos.com.br\/blog\/author\/estrategia2013\/\"}]}<\/script>\n<!-- \/ Yoast SEO Premium plugin. -->","yoast_head_json":{"title":"Concurso C\u00e2mara de Marab\u00e1: sele\u00e7\u00e3o retomada e novo cronograma!","description":"concurso C\u00e2mara de Marab\u00e1: Novo cronograma divulgado e provas remarcadas, mais uma vez, para 11 de julho de 2021! Confira!","robots":{"index":"index","follow":"follow","max-snippet":"max-snippet:-1","max-image-preview":"max-image-preview:large","max-video-preview":"max-video-preview:-1"},"canonical":"https:\/\/www.estrategiaconcursos.com.br\/blog\/concurso-camara-de-maraba\/","og_locale":"pt_BR","og_type":"article","og_title":"Concurso C\u00e2mara de Marab\u00e1: sele\u00e7\u00e3o retomada e novo cronograma!","og_description":"concurso C\u00e2mara de Marab\u00e1: Novo cronograma divulgado e provas remarcadas, mais uma vez, para 11 de julho de 2021! Confira!","og_url":"https:\/\/www.estrategiaconcursos.com.br\/blog\/concurso-camara-de-maraba\/","og_site_name":"Estrat\u00e9gia Concursos","article_author":"https:\/\/www.facebook.com\/EstrategiaConcursos","article_published_time":"2021-02-04T11:00:00+00:00","article_modified_time":"2022-12-06T14:05:52+00:00","og_image":[{"width":1200,"height":628,"url":"https:\/\/dhg1h5j42swfq.cloudfront.net\/2019\/12\/11085051\/concurso-c%C3%A2mara-de-marab%C3%A1.jpg","type":"image\/jpeg"}],"author":"Coordena\u00e7\u00e3o","twitter_card":"summary_large_image","twitter_creator":"@EstratConcursos","twitter_site":"@EstratConcursos","twitter_misc":{"Escrito por":"Coordena\u00e7\u00e3o","Est. tempo de leitura":"7 minutos"},"schema":{"@context":"https:\/\/schema.org","@graph":[{"@type":"NewsArticle","@id":"https:\/\/www.estrategiaconcursos.com.br\/blog\/concurso-camara-de-maraba\/#article","isPartOf":{"@id":"https:\/\/www.estrategiaconcursos.com.br\/blog\/concurso-camara-de-maraba\/"},"author":{"name":"Coordena\u00e7\u00e3o","@id":"https:\/\/www.estrategiaconcursos.com.br\/blog\/#\/schema\/person\/b4a388c97673c5f483d72185668afa1f"},"headline":"Concurso C\u00e2mara de Marab\u00e1: sele\u00e7\u00e3o retomada e novo cronograma!","datePublished":"2021-02-04T11:00:00+00:00","dateModified":"2022-12-06T14:05:52+00:00","mainEntityOfPage":{"@id":"https:\/\/www.estrategiaconcursos.com.br\/blog\/concurso-camara-de-maraba\/"},"wordCount":1351,"commentCount":2,"publisher":{"@id":"https:\/\/www.estrategiaconcursos.com.br\/blog\/#organization"},"image":{"@id":"https:\/\/www.estrategiaconcursos.com.br\/blog\/concurso-camara-de-maraba\/#primaryimage"},"thumbnailUrl":"https:\/\/dhg1h5j42swfq.cloudfront.net\/2019\/12\/11085051\/concurso-c%C3%A2mara-de-marab%C3%A1.jpg","articleSection":["Legislativo"],"inLanguage":"pt-BR","potentialAction":[{"@type":"CommentAction","name":"Comment","target":["https:\/\/www.estrategiaconcursos.com.br\/blog\/concurso-camara-de-maraba\/#respond"]}],"copyrightYear":"2021","copyrightHolder":{"@id":"https:\/\/www.estrategiaconcursos.com.br\/blog\/#organization"}},{"@type":"WebPage","@id":"https:\/\/www.estrategiaconcursos.com.br\/blog\/concurso-camara-de-maraba\/","url":"https:\/\/www.estrategiaconcursos.com.br\/blog\/concurso-camara-de-maraba\/","name":"Concurso C\u00e2mara de Marab\u00e1: sele\u00e7\u00e3o retomada e novo cronograma!","isPartOf":{"@id":"https:\/\/www.estrategiaconcursos.com.br\/blog\/#website"},"primaryImageOfPage":{"@id":"https:\/\/www.estrategiaconcursos.com.br\/blog\/concurso-camara-de-maraba\/#primaryimage"},"image":{"@id":"https:\/\/www.estrategiaconcursos.com.br\/blog\/concurso-camara-de-maraba\/#primaryimage"},"thumbnailUrl":"https:\/\/dhg1h5j42swfq.cloudfront.net\/2019\/12\/11085051\/concurso-c%C3%A2mara-de-marab%C3%A1.jpg","datePublished":"2021-02-04T11:00:00+00:00","dateModified":"2022-12-06T14:05:52+00:00","description":"concurso C\u00e2mara de Marab\u00e1: Novo cronograma divulgado e provas remarcadas, mais uma vez, para 11 de julho de 2021! Confira!","breadcrumb":{"@id":"https:\/\/www.estrategiaconcursos.com.br\/blog\/concurso-camara-de-maraba\/#breadcrumb"},"inLanguage":"pt-BR","potentialAction":[{"@type":"ReadAction","target":["https:\/\/www.estrategiaconcursos.com.br\/blog\/concurso-camara-de-maraba\/"]}]},{"@type":"ImageObject","inLanguage":"pt-BR","@id":"https:\/\/www.estrategiaconcursos.com.br\/blog\/concurso-camara-de-maraba\/#primaryimage","url":"https:\/\/dhg1h5j42swfq.cloudfront.net\/2019\/12\/11085051\/concurso-c%C3%A2mara-de-marab%C3%A1.jpg","contentUrl":"https:\/\/dhg1h5j42swfq.cloudfront.net\/2019\/12\/11085051\/concurso-c%C3%A2mara-de-marab%C3%A1.jpg","width":1200,"height":628,"caption":"c\u00e2mara de marab\u00e1"},{"@type":"BreadcrumbList","@id":"https:\/\/www.estrategiaconcursos.com.br\/blog\/concurso-camara-de-maraba\/#breadcrumb","itemListElement":[{"@type":"ListItem","position":1,"name":"In\u00edcio","item":"https:\/\/www.estrategiaconcursos.com.br\/blog\/"},{"@type":"ListItem","position":2,"name":"Concurso C\u00e2mara de Marab\u00e1: sele\u00e7\u00e3o retomada e novo cronograma!"}]},{"@type":"WebSite","@id":"https:\/\/www.estrategiaconcursos.com.br\/blog\/#website","url":"https:\/\/www.estrategiaconcursos.com.br\/blog\/","name":"Estrat\u00e9gia Concursos","description":"O blog da Estrat\u00e9gia Concursos traz not\u00edcias sobre concursos e artigos de professores oferecendo cursos para concursos (pdf + videaulas) no site.","publisher":{"@id":"https:\/\/www.estrategiaconcursos.com.br\/blog\/#organization"},"potentialAction":[{"@type":"SearchAction","target":{"@type":"EntryPoint","urlTemplate":"https:\/\/www.estrategiaconcursos.com.br\/blog\/?s={search_term_string}"},"query-input":{"@type":"PropertyValueSpecification","valueRequired":true,"valueName":"search_term_string"}}],"inLanguage":"pt-BR"},{"@type":"Organization","@id":"https:\/\/www.estrategiaconcursos.com.br\/blog\/#organization","name":"Estrat\u00e9gia Concursos","url":"https:\/\/www.estrategiaconcursos.com.br\/blog\/","logo":{"@type":"ImageObject","inLanguage":"pt-BR","@id":"https:\/\/www.estrategiaconcursos.com.br\/blog\/#\/schema\/logo\/image\/","url":"https:\/\/dhg1h5j42swfq.cloudfront.net\/2025\/06\/03203428\/logo_concursos-1.jpg","contentUrl":"https:\/\/dhg1h5j42swfq.cloudfront.net\/2025\/06\/03203428\/logo_concursos-1.jpg","width":230,"height":60,"caption":"Estrat\u00e9gia Concursos"},"image":{"@id":"https:\/\/www.estrategiaconcursos.com.br\/blog\/#\/schema\/logo\/image\/"},"sameAs":["https:\/\/x.com\/EstratConcursos"]},{"@type":"Person","@id":"https:\/\/www.estrategiaconcursos.com.br\/blog\/#\/schema\/person\/b4a388c97673c5f483d72185668afa1f","name":"Coordena\u00e7\u00e3o","image":{"@type":"ImageObject","inLanguage":"pt-BR","@id":"https:\/\/secure.gravatar.com\/avatar\/b720319e4c9a967eb58678d110f4fe35452fc5d5f97b202bac7b8acceb18c6ad?s=96&d=mm&r=g","url":"https:\/\/secure.gravatar.com\/avatar\/b720319e4c9a967eb58678d110f4fe35452fc5d5f97b202bac7b8acceb18c6ad?s=96&d=mm&r=g","contentUrl":"https:\/\/secure.gravatar.com\/avatar\/b720319e4c9a967eb58678d110f4fe35452fc5d5f97b202bac7b8acceb18c6ad?s=96&d=mm&r=g","caption":"Coordena\u00e7\u00e3o"},"sameAs":["https:\/\/www.facebook.com\/EstrategiaConcursos","https:\/\/x.com\/EstratConcursos"],"url":"https:\/\/www.estrategiaconcursos.com.br\/blog\/author\/estrategia2013\/"}]}},"_links":{"self":[{"href":"https:\/\/www.estrategiaconcursos.com.br\/blog\/wp-json\/wp\/v2\/posts\/458058","targetHints":{"allow":["GET"]}}],"collection":[{"href":"https:\/\/www.estrategiaconcursos.com.br\/blog\/wp-json\/wp\/v2\/posts"}],"about":[{"href":"https:\/\/www.estrategiaconcursos.com.br\/blog\/wp-json\/wp\/v2\/types\/post"}],"author":[{"embeddable":true,"href":"https:\/\/www.estrategiaconcursos.com.br\/blog\/wp-json\/wp\/v2\/users\/1"}],"replies":[{"embeddable":true,"href":"https:\/\/www.estrategiaconcursos.com.br\/blog\/wp-json\/wp\/v2\/comments?post=458058"}],"version-history":[{"count":26,"href":"https:\/\/www.estrategiaconcursos.com.br\/blog\/wp-json\/wp\/v2\/posts\/458058\/revisions"}],"predecessor-version":[{"id":1135053,"href":"https:\/\/www.estrategiaconcursos.com.br\/blog\/wp-json\/wp\/v2\/posts\/458058\/revisions\/1135053"}],"wp:featuredmedia":[{"embeddable":true,"href":"https:\/\/www.estrategiaconcursos.com.br\/blog\/wp-json\/wp\/v2\/media\/458734"}],"wp:attachment":[{"href":"https:\/\/www.estrategiaconcursos.com.br\/blog\/wp-json\/wp\/v2\/media?parent=458058"}],"wp:term":[{"taxonomy":"category","embeddable":true,"href":"https:\/\/www.estrategiaconcursos.com.br\/blog\/wp-json\/wp\/v2\/categories?post=458058"},{"taxonomy":"post_tag","embeddable":true,"href":"https:\/\/www.estrategiaconcursos.com.br\/blog\/wp-json\/wp\/v2\/tags?post=458058"},{"taxonomy":"tax_estado","embeddable":true,"href":"https:\/\/www.estrategiaconcursos.com.br\/blog\/wp-json\/wp\/v2\/tax_estado?post=458058"}],"curies":[{"name":"wp","href":"https:\/\/api.w.org\/{rel}","templated":true}]}}