{"id":457559,"date":"2019-12-09T11:58:38","date_gmt":"2019-12-09T14:58:38","guid":{"rendered":"https:\/\/www.estrategiaconcursos.com.br\/blog\/?p=457559"},"modified":"2023-10-10T17:26:39","modified_gmt":"2023-10-10T20:26:39","slug":"novas-retificacoes-no-concurso-ebserh-inscricoes-terminam-dia-10","status":"publish","type":"post","link":"https:\/\/www.estrategiaconcursos.com.br\/blog\/novas-retificacoes-no-concurso-ebserh-inscricoes-terminam-dia-10\/","title":{"rendered":"Novas retifica\u00e7\u00f5es no concurso EBSERH; Inscri\u00e7\u00f5es terminam dia 10"},"content":{"rendered":"\n<h2 class=\"wp-block-heading\" id=\"h-as-inscricoes-do-concurso-ibserh-terminam-nesta-terca-feira-10\"><em>As inscri\u00e7\u00f5es do concurso IBSERH terminam nesta ter\u00e7a-feira (10) <\/em><\/h2>\n\n\n\n<p>O edital do certame da Empresa Brasileira de Servi\u00e7os Hospitalares, c<strong>oncurso EBSERH<\/strong>, sofreu novas <strong>retifica\u00e7\u00f5es<\/strong>. Lembrando que s\u00e3o ofertadas <strong>1.660 vagas<\/strong> para <strong>\u00e1reas M\u00e9dica, Assistencial e Administrativas<\/strong>. <\/p>\n\n\n\n<p>Foi <strong>alterado<\/strong> o <strong>Anexo V dos conhecimentos espec\u00edficos do cargo de Analista Administrativo &#8211; Contabilidade<\/strong> o item 19 da parte II \u2013 Contabilidade P\u00fablica, que passa a vigorar com a seguinte reda\u00e7\u00e3o:  II Contabilidade P\u00fablica: 19 MCASP 8\u00aa edi\u00e7\u00e3o.  <\/p>\n\n\n\n<p>Os interessados ainda podem ser inscrever no certame at\u00e9 o dia 10 de dezembro no site do IBFC. <strong>Confira o artigo abaixo com todas as informa\u00e7\u00f5es para prestar o concurso<\/strong>: cargos, remunera\u00e7\u00e3o, inscri\u00e7\u00e3o, etapas do concurso entre outras.<\/p>\n\n\n\n<p class=\"has-text-align-center has-very-light-gray-background-color has-background\" style=\"font-size:clamp(16.293px, 1.018rem + ((1vw - 3.2px) * 0.854), 25px);px\"><strong><a href=\"https:\/\/www.estrategiaconcursos.com.br\/blog\/concurso-ebserh\/\" target=\"_blank\" rel=\"noreferrer noopener\">Concurso EBSERH<\/a><\/strong><\/p>\n\n\n\n<p class=\"has-text-align-center has-very-light-gray-background-color has-background has-medium-font-size\"><em><strong>Retifica\u00e7\u00e3o: <\/strong><\/em><a rel=\"noreferrer noopener\" href=\"https:\/\/dhg1h5j42swfq.cloudfront.net\/2019\/12\/09114224\/retifica%C3%A7%C3%A3o-IBSERH-Contabilidade.pdf\" target=\"_blank\"><em><strong>contabilidade<\/strong><\/em><\/a><\/p>\n\n\n\n<h2 class=\"wp-block-heading\" id=\"h-gostou-dessa-oportunidade-confira-abaixo-o-nosso-curso\">Gostou dessa oportunidade? Confira abaixo o nosso curso.<\/h2>\n\n\n\n<p class=\"has-text-align-center has-background has-medium-font-size\" style=\"background-color:#fcb9007d\"><a href=\"https:\/\/www.estrategiaconcursos.com.br\/cursosPorConcurso\/promocao-pacotes-para-ebserh\/\"><strong>CURSOS PARA Concurso EBSERH<\/strong><\/a><\/p>\n\n\n\n<p class=\"has-text-align-center\"><em>Prepare-se com o melhor material e com quem mais aprova em Concursos P\u00fablicos em todo o pa\u00eds. Assine agora a nossa Assinatura Anual e tenha acesso ilimitado* a todos os nossos cursos.<\/em><\/p>\n\n\n\n<p class=\"has-text-align-center has-light-green-cyan-background-color has-background\"><strong>ASSINE AGORA<\/strong>&nbsp;\u2013&nbsp;<a rel=\"noreferrer noopener\" href=\"https:\/\/www.estrategiaconcursos.com.br\/assinaturas\" target=\"_blank\"><strong>Assinatura Ilimitada<\/strong><\/a><\/p>\n\n\n\n<p class=\"has-text-align-center has-pale-cyan-blue-background-color has-background\" style=\"font-size:clamp(14px, 0.875rem + ((1vw - 3.2px) * 0.392), 18px);px\"><a href=\"https:\/\/www.estrategiaconcursos.com.br\/blog\/concursos-abertos\/\"><strong>CONCURSOS ABERTOS<\/strong><\/a><\/p>\n","protected":false},"excerpt":{"rendered":"<p>As inscri\u00e7\u00f5es do concurso IBSERH terminam nesta ter\u00e7a-feira (10) O edital do certame da Empresa Brasileira de Servi\u00e7os Hospitalares, concurso EBSERH, sofreu novas retifica\u00e7\u00f5es. Lembrando que s\u00e3o ofertadas 1.660 vagas para \u00e1reas M\u00e9dica, Assistencial e Administrativas. Foi alterado o Anexo V dos conhecimentos espec\u00edficos do cargo de Analista Administrativo &#8211; Contabilidade o item 19 da [&hellip;]<\/p>\n","protected":false},"author":561,"featured_media":441702,"comment_status":"open","ping_status":"closed","sticky":false,"template":"","format":"standard","meta":{"post_tipo":"article","footnotes":""},"categories":[1,1981],"tags":[],"tax_estado":[],"class_list":["post-457559","post","type-post","status-publish","format-standard","has-post-thumbnail","hentry","category-cursos-e-concursos","category-saude"],"acf":[],"yoast_head":"<!-- This site is optimized with the Yoast SEO Premium plugin v27.2 (Yoast SEO v27.2) - https:\/\/yoast.com\/product\/yoast-seo-premium-wordpress\/ -->\n<title>Novas retifica\u00e7\u00f5es no concurso EBSERH; Inscri\u00e7\u00f5es terminam dia 10<\/title>\n<meta name=\"robots\" content=\"index, follow, max-snippet:-1, max-image-preview:large, max-video-preview:-1\" \/>\n<link rel=\"canonical\" href=\"https:\/\/www.estrategiaconcursos.com.br\/blog\/novas-retificacoes-no-concurso-ebserh-inscricoes-terminam-dia-10\/\" \/>\n<meta property=\"og:locale\" content=\"pt_BR\" \/>\n<meta property=\"og:type\" content=\"article\" \/>\n<meta property=\"og:title\" content=\"Novas retifica\u00e7\u00f5es no concurso EBSERH; Inscri\u00e7\u00f5es terminam dia 10\" \/>\n<meta property=\"og:description\" content=\"As inscri\u00e7\u00f5es do concurso IBSERH terminam nesta ter\u00e7a-feira (10) O edital do certame da Empresa Brasileira de Servi\u00e7os Hospitalares, concurso EBSERH, sofreu novas retifica\u00e7\u00f5es. Lembrando que s\u00e3o ofertadas 1.660 vagas para \u00e1reas M\u00e9dica, Assistencial e Administrativas. Foi alterado o Anexo V dos conhecimentos espec\u00edficos do cargo de Analista Administrativo &#8211; Contabilidade o item 19 da [&hellip;]\" \/>\n<meta property=\"og:url\" content=\"https:\/\/www.estrategiaconcursos.com.br\/blog\/novas-retificacoes-no-concurso-ebserh-inscricoes-terminam-dia-10\/\" \/>\n<meta property=\"og:site_name\" content=\"Estrat\u00e9gia Concursos\" \/>\n<meta property=\"article:published_time\" content=\"2019-12-09T14:58:38+00:00\" \/>\n<meta property=\"article:modified_time\" content=\"2023-10-10T20:26:39+00:00\" \/>\n<meta property=\"og:image\" content=\"https:\/\/dhg1h5j42swfq.cloudfront.net\/2019\/10\/29184400\/ebserh-e15206088839871.jpg\" \/>\n\t<meta property=\"og:image:width\" content=\"400\" \/>\n\t<meta property=\"og:image:height\" content=\"209\" \/>\n\t<meta property=\"og:image:type\" content=\"image\/jpeg\" \/>\n<meta name=\"author\" content=\"Ligia Carvalheiro Fernandes\" \/>\n<meta name=\"twitter:card\" content=\"summary_large_image\" \/>\n<meta name=\"twitter:creator\" content=\"@EstratConcursos\" \/>\n<meta name=\"twitter:site\" content=\"@EstratConcursos\" \/>\n<meta name=\"twitter:label1\" content=\"Escrito por\" \/>\n\t<meta name=\"twitter:data1\" content=\"Ligia Carvalheiro Fernandes\" \/>\n\t<meta name=\"twitter:label2\" content=\"Est. tempo de leitura\" \/>\n\t<meta name=\"twitter:data2\" content=\"1 minuto\" \/>\n<script type=\"application\/ld+json\" class=\"yoast-schema-graph\">{\"@context\":\"https:\/\/schema.org\",\"@graph\":[{\"@type\":\"NewsArticle\",\"@id\":\"https:\/\/www.estrategiaconcursos.com.br\/blog\/novas-retificacoes-no-concurso-ebserh-inscricoes-terminam-dia-10\/#article\",\"isPartOf\":{\"@id\":\"https:\/\/www.estrategiaconcursos.com.br\/blog\/novas-retificacoes-no-concurso-ebserh-inscricoes-terminam-dia-10\/\"},\"author\":{\"name\":\"Ligia Carvalheiro Fernandes\",\"@id\":\"https:\/\/www.estrategiaconcursos.com.br\/blog\/#\/schema\/person\/cc76e9dac392d5e35e7d00c493eee792\"},\"headline\":\"Novas retifica\u00e7\u00f5es no concurso EBSERH; Inscri\u00e7\u00f5es terminam dia 10\",\"datePublished\":\"2019-12-09T14:58:38+00:00\",\"dateModified\":\"2023-10-10T20:26:39+00:00\",\"mainEntityOfPage\":{\"@id\":\"https:\/\/www.estrategiaconcursos.com.br\/blog\/novas-retificacoes-no-concurso-ebserh-inscricoes-terminam-dia-10\/\"},\"wordCount\":189,\"commentCount\":0,\"publisher\":{\"@id\":\"https:\/\/www.estrategiaconcursos.com.br\/blog\/#organization\"},\"image\":{\"@id\":\"https:\/\/www.estrategiaconcursos.com.br\/blog\/novas-retificacoes-no-concurso-ebserh-inscricoes-terminam-dia-10\/#primaryimage\"},\"thumbnailUrl\":\"https:\/\/dhg1h5j42swfq.cloudfront.net\/2019\/10\/29184400\/ebserh-e15206088839871.jpg\",\"articleSection\":[\"Concursos P\u00fablicos\",\"Sa\u00fade\"],\"inLanguage\":\"pt-BR\",\"potentialAction\":[{\"@type\":\"CommentAction\",\"name\":\"Comment\",\"target\":[\"https:\/\/www.estrategiaconcursos.com.br\/blog\/novas-retificacoes-no-concurso-ebserh-inscricoes-terminam-dia-10\/#respond\"]}],\"copyrightYear\":\"2019\",\"copyrightHolder\":{\"@id\":\"https:\/\/www.estrategiaconcursos.com.br\/blog\/#organization\"}},{\"@type\":\"WebPage\",\"@id\":\"https:\/\/www.estrategiaconcursos.com.br\/blog\/novas-retificacoes-no-concurso-ebserh-inscricoes-terminam-dia-10\/\",\"url\":\"https:\/\/www.estrategiaconcursos.com.br\/blog\/novas-retificacoes-no-concurso-ebserh-inscricoes-terminam-dia-10\/\",\"name\":\"Novas retifica\u00e7\u00f5es no concurso EBSERH; Inscri\u00e7\u00f5es terminam dia 10\",\"isPartOf\":{\"@id\":\"https:\/\/www.estrategiaconcursos.com.br\/blog\/#website\"},\"primaryImageOfPage\":{\"@id\":\"https:\/\/www.estrategiaconcursos.com.br\/blog\/novas-retificacoes-no-concurso-ebserh-inscricoes-terminam-dia-10\/#primaryimage\"},\"image\":{\"@id\":\"https:\/\/www.estrategiaconcursos.com.br\/blog\/novas-retificacoes-no-concurso-ebserh-inscricoes-terminam-dia-10\/#primaryimage\"},\"thumbnailUrl\":\"https:\/\/dhg1h5j42swfq.cloudfront.net\/2019\/10\/29184400\/ebserh-e15206088839871.jpg\",\"datePublished\":\"2019-12-09T14:58:38+00:00\",\"dateModified\":\"2023-10-10T20:26:39+00:00\",\"breadcrumb\":{\"@id\":\"https:\/\/www.estrategiaconcursos.com.br\/blog\/novas-retificacoes-no-concurso-ebserh-inscricoes-terminam-dia-10\/#breadcrumb\"},\"inLanguage\":\"pt-BR\",\"potentialAction\":[{\"@type\":\"ReadAction\",\"target\":[\"https:\/\/www.estrategiaconcursos.com.br\/blog\/novas-retificacoes-no-concurso-ebserh-inscricoes-terminam-dia-10\/\"]}]},{\"@type\":\"ImageObject\",\"inLanguage\":\"pt-BR\",\"@id\":\"https:\/\/www.estrategiaconcursos.com.br\/blog\/novas-retificacoes-no-concurso-ebserh-inscricoes-terminam-dia-10\/#primaryimage\",\"url\":\"https:\/\/dhg1h5j42swfq.cloudfront.net\/2019\/10\/29184400\/ebserh-e15206088839871.jpg\",\"contentUrl\":\"https:\/\/dhg1h5j42swfq.cloudfront.net\/2019\/10\/29184400\/ebserh-e15206088839871.jpg\",\"width\":400,\"height\":209,\"caption\":\"Resid\u00eancia Multiprofissional EBSERH\"},{\"@type\":\"BreadcrumbList\",\"@id\":\"https:\/\/www.estrategiaconcursos.com.br\/blog\/novas-retificacoes-no-concurso-ebserh-inscricoes-terminam-dia-10\/#breadcrumb\",\"itemListElement\":[{\"@type\":\"ListItem\",\"position\":1,\"name\":\"In\u00edcio\",\"item\":\"https:\/\/www.estrategiaconcursos.com.br\/blog\/\"},{\"@type\":\"ListItem\",\"position\":2,\"name\":\"Novas retifica\u00e7\u00f5es no concurso EBSERH; Inscri\u00e7\u00f5es terminam dia 10\"}]},{\"@type\":\"WebSite\",\"@id\":\"https:\/\/www.estrategiaconcursos.com.br\/blog\/#website\",\"url\":\"https:\/\/www.estrategiaconcursos.com.br\/blog\/\",\"name\":\"Estrat\u00e9gia Concursos\",\"description\":\"O blog da Estrat\u00e9gia Concursos traz not\u00edcias sobre concursos e artigos de professores oferecendo cursos para concursos (pdf + videaulas) no site.\",\"publisher\":{\"@id\":\"https:\/\/www.estrategiaconcursos.com.br\/blog\/#organization\"},\"potentialAction\":[{\"@type\":\"SearchAction\",\"target\":{\"@type\":\"EntryPoint\",\"urlTemplate\":\"https:\/\/www.estrategiaconcursos.com.br\/blog\/?s={search_term_string}\"},\"query-input\":{\"@type\":\"PropertyValueSpecification\",\"valueRequired\":true,\"valueName\":\"search_term_string\"}}],\"inLanguage\":\"pt-BR\"},{\"@type\":\"Organization\",\"@id\":\"https:\/\/www.estrategiaconcursos.com.br\/blog\/#organization\",\"name\":\"Estrat\u00e9gia Concursos\",\"url\":\"https:\/\/www.estrategiaconcursos.com.br\/blog\/\",\"logo\":{\"@type\":\"ImageObject\",\"inLanguage\":\"pt-BR\",\"@id\":\"https:\/\/www.estrategiaconcursos.com.br\/blog\/#\/schema\/logo\/image\/\",\"url\":\"https:\/\/dhg1h5j42swfq.cloudfront.net\/2025\/06\/03203428\/logo_concursos-1.jpg\",\"contentUrl\":\"https:\/\/dhg1h5j42swfq.cloudfront.net\/2025\/06\/03203428\/logo_concursos-1.jpg\",\"width\":230,\"height\":60,\"caption\":\"Estrat\u00e9gia Concursos\"},\"image\":{\"@id\":\"https:\/\/www.estrategiaconcursos.com.br\/blog\/#\/schema\/logo\/image\/\"},\"sameAs\":[\"https:\/\/x.com\/EstratConcursos\"]},{\"@type\":\"Person\",\"@id\":\"https:\/\/www.estrategiaconcursos.com.br\/blog\/#\/schema\/person\/cc76e9dac392d5e35e7d00c493eee792\",\"name\":\"Ligia Carvalheiro Fernandes\",\"image\":{\"@type\":\"ImageObject\",\"inLanguage\":\"pt-BR\",\"@id\":\"https:\/\/secure.gravatar.com\/avatar\/26e4636c44dabc043eaf634f767ecd1d80505b210d3981d4ebd176a3f373e3ec?s=96&d=mm&r=g\",\"url\":\"https:\/\/secure.gravatar.com\/avatar\/26e4636c44dabc043eaf634f767ecd1d80505b210d3981d4ebd176a3f373e3ec?s=96&d=mm&r=g\",\"contentUrl\":\"https:\/\/secure.gravatar.com\/avatar\/26e4636c44dabc043eaf634f767ecd1d80505b210d3981d4ebd176a3f373e3ec?s=96&d=mm&r=g\",\"caption\":\"Ligia Carvalheiro Fernandes\"},\"url\":\"https:\/\/www.estrategiaconcursos.com.br\/blog\/author\/licarfegmail-com\/\"}]}<\/script>\n<!-- \/ Yoast SEO Premium plugin. -->","yoast_head_json":{"title":"Novas retifica\u00e7\u00f5es no concurso EBSERH; Inscri\u00e7\u00f5es terminam dia 10","robots":{"index":"index","follow":"follow","max-snippet":"max-snippet:-1","max-image-preview":"max-image-preview:large","max-video-preview":"max-video-preview:-1"},"canonical":"https:\/\/www.estrategiaconcursos.com.br\/blog\/novas-retificacoes-no-concurso-ebserh-inscricoes-terminam-dia-10\/","og_locale":"pt_BR","og_type":"article","og_title":"Novas retifica\u00e7\u00f5es no concurso EBSERH; Inscri\u00e7\u00f5es terminam dia 10","og_description":"As inscri\u00e7\u00f5es do concurso IBSERH terminam nesta ter\u00e7a-feira (10) O edital do certame da Empresa Brasileira de Servi\u00e7os Hospitalares, concurso EBSERH, sofreu novas retifica\u00e7\u00f5es. Lembrando que s\u00e3o ofertadas 1.660 vagas para \u00e1reas M\u00e9dica, Assistencial e Administrativas. Foi alterado o Anexo V dos conhecimentos espec\u00edficos do cargo de Analista Administrativo &#8211; Contabilidade o item 19 da [&hellip;]","og_url":"https:\/\/www.estrategiaconcursos.com.br\/blog\/novas-retificacoes-no-concurso-ebserh-inscricoes-terminam-dia-10\/","og_site_name":"Estrat\u00e9gia Concursos","article_published_time":"2019-12-09T14:58:38+00:00","article_modified_time":"2023-10-10T20:26:39+00:00","og_image":[{"width":400,"height":209,"url":"https:\/\/dhg1h5j42swfq.cloudfront.net\/2019\/10\/29184400\/ebserh-e15206088839871.jpg","type":"image\/jpeg"}],"author":"Ligia Carvalheiro Fernandes","twitter_card":"summary_large_image","twitter_creator":"@EstratConcursos","twitter_site":"@EstratConcursos","twitter_misc":{"Escrito por":"Ligia Carvalheiro Fernandes","Est. tempo de leitura":"1 minuto"},"schema":{"@context":"https:\/\/schema.org","@graph":[{"@type":"NewsArticle","@id":"https:\/\/www.estrategiaconcursos.com.br\/blog\/novas-retificacoes-no-concurso-ebserh-inscricoes-terminam-dia-10\/#article","isPartOf":{"@id":"https:\/\/www.estrategiaconcursos.com.br\/blog\/novas-retificacoes-no-concurso-ebserh-inscricoes-terminam-dia-10\/"},"author":{"name":"Ligia Carvalheiro Fernandes","@id":"https:\/\/www.estrategiaconcursos.com.br\/blog\/#\/schema\/person\/cc76e9dac392d5e35e7d00c493eee792"},"headline":"Novas retifica\u00e7\u00f5es no concurso EBSERH; Inscri\u00e7\u00f5es terminam dia 10","datePublished":"2019-12-09T14:58:38+00:00","dateModified":"2023-10-10T20:26:39+00:00","mainEntityOfPage":{"@id":"https:\/\/www.estrategiaconcursos.com.br\/blog\/novas-retificacoes-no-concurso-ebserh-inscricoes-terminam-dia-10\/"},"wordCount":189,"commentCount":0,"publisher":{"@id":"https:\/\/www.estrategiaconcursos.com.br\/blog\/#organization"},"image":{"@id":"https:\/\/www.estrategiaconcursos.com.br\/blog\/novas-retificacoes-no-concurso-ebserh-inscricoes-terminam-dia-10\/#primaryimage"},"thumbnailUrl":"https:\/\/dhg1h5j42swfq.cloudfront.net\/2019\/10\/29184400\/ebserh-e15206088839871.jpg","articleSection":["Concursos P\u00fablicos","Sa\u00fade"],"inLanguage":"pt-BR","potentialAction":[{"@type":"CommentAction","name":"Comment","target":["https:\/\/www.estrategiaconcursos.com.br\/blog\/novas-retificacoes-no-concurso-ebserh-inscricoes-terminam-dia-10\/#respond"]}],"copyrightYear":"2019","copyrightHolder":{"@id":"https:\/\/www.estrategiaconcursos.com.br\/blog\/#organization"}},{"@type":"WebPage","@id":"https:\/\/www.estrategiaconcursos.com.br\/blog\/novas-retificacoes-no-concurso-ebserh-inscricoes-terminam-dia-10\/","url":"https:\/\/www.estrategiaconcursos.com.br\/blog\/novas-retificacoes-no-concurso-ebserh-inscricoes-terminam-dia-10\/","name":"Novas retifica\u00e7\u00f5es no concurso EBSERH; Inscri\u00e7\u00f5es terminam dia 10","isPartOf":{"@id":"https:\/\/www.estrategiaconcursos.com.br\/blog\/#website"},"primaryImageOfPage":{"@id":"https:\/\/www.estrategiaconcursos.com.br\/blog\/novas-retificacoes-no-concurso-ebserh-inscricoes-terminam-dia-10\/#primaryimage"},"image":{"@id":"https:\/\/www.estrategiaconcursos.com.br\/blog\/novas-retificacoes-no-concurso-ebserh-inscricoes-terminam-dia-10\/#primaryimage"},"thumbnailUrl":"https:\/\/dhg1h5j42swfq.cloudfront.net\/2019\/10\/29184400\/ebserh-e15206088839871.jpg","datePublished":"2019-12-09T14:58:38+00:00","dateModified":"2023-10-10T20:26:39+00:00","breadcrumb":{"@id":"https:\/\/www.estrategiaconcursos.com.br\/blog\/novas-retificacoes-no-concurso-ebserh-inscricoes-terminam-dia-10\/#breadcrumb"},"inLanguage":"pt-BR","potentialAction":[{"@type":"ReadAction","target":["https:\/\/www.estrategiaconcursos.com.br\/blog\/novas-retificacoes-no-concurso-ebserh-inscricoes-terminam-dia-10\/"]}]},{"@type":"ImageObject","inLanguage":"pt-BR","@id":"https:\/\/www.estrategiaconcursos.com.br\/blog\/novas-retificacoes-no-concurso-ebserh-inscricoes-terminam-dia-10\/#primaryimage","url":"https:\/\/dhg1h5j42swfq.cloudfront.net\/2019\/10\/29184400\/ebserh-e15206088839871.jpg","contentUrl":"https:\/\/dhg1h5j42swfq.cloudfront.net\/2019\/10\/29184400\/ebserh-e15206088839871.jpg","width":400,"height":209,"caption":"Resid\u00eancia Multiprofissional EBSERH"},{"@type":"BreadcrumbList","@id":"https:\/\/www.estrategiaconcursos.com.br\/blog\/novas-retificacoes-no-concurso-ebserh-inscricoes-terminam-dia-10\/#breadcrumb","itemListElement":[{"@type":"ListItem","position":1,"name":"In\u00edcio","item":"https:\/\/www.estrategiaconcursos.com.br\/blog\/"},{"@type":"ListItem","position":2,"name":"Novas retifica\u00e7\u00f5es no concurso EBSERH; Inscri\u00e7\u00f5es terminam dia 10"}]},{"@type":"WebSite","@id":"https:\/\/www.estrategiaconcursos.com.br\/blog\/#website","url":"https:\/\/www.estrategiaconcursos.com.br\/blog\/","name":"Estrat\u00e9gia Concursos","description":"O blog da Estrat\u00e9gia Concursos traz not\u00edcias sobre concursos e artigos de professores oferecendo cursos para concursos (pdf + videaulas) no site.","publisher":{"@id":"https:\/\/www.estrategiaconcursos.com.br\/blog\/#organization"},"potentialAction":[{"@type":"SearchAction","target":{"@type":"EntryPoint","urlTemplate":"https:\/\/www.estrategiaconcursos.com.br\/blog\/?s={search_term_string}"},"query-input":{"@type":"PropertyValueSpecification","valueRequired":true,"valueName":"search_term_string"}}],"inLanguage":"pt-BR"},{"@type":"Organization","@id":"https:\/\/www.estrategiaconcursos.com.br\/blog\/#organization","name":"Estrat\u00e9gia Concursos","url":"https:\/\/www.estrategiaconcursos.com.br\/blog\/","logo":{"@type":"ImageObject","inLanguage":"pt-BR","@id":"https:\/\/www.estrategiaconcursos.com.br\/blog\/#\/schema\/logo\/image\/","url":"https:\/\/dhg1h5j42swfq.cloudfront.net\/2025\/06\/03203428\/logo_concursos-1.jpg","contentUrl":"https:\/\/dhg1h5j42swfq.cloudfront.net\/2025\/06\/03203428\/logo_concursos-1.jpg","width":230,"height":60,"caption":"Estrat\u00e9gia Concursos"},"image":{"@id":"https:\/\/www.estrategiaconcursos.com.br\/blog\/#\/schema\/logo\/image\/"},"sameAs":["https:\/\/x.com\/EstratConcursos"]},{"@type":"Person","@id":"https:\/\/www.estrategiaconcursos.com.br\/blog\/#\/schema\/person\/cc76e9dac392d5e35e7d00c493eee792","name":"Ligia Carvalheiro Fernandes","image":{"@type":"ImageObject","inLanguage":"pt-BR","@id":"https:\/\/secure.gravatar.com\/avatar\/26e4636c44dabc043eaf634f767ecd1d80505b210d3981d4ebd176a3f373e3ec?s=96&d=mm&r=g","url":"https:\/\/secure.gravatar.com\/avatar\/26e4636c44dabc043eaf634f767ecd1d80505b210d3981d4ebd176a3f373e3ec?s=96&d=mm&r=g","contentUrl":"https:\/\/secure.gravatar.com\/avatar\/26e4636c44dabc043eaf634f767ecd1d80505b210d3981d4ebd176a3f373e3ec?s=96&d=mm&r=g","caption":"Ligia Carvalheiro Fernandes"},"url":"https:\/\/www.estrategiaconcursos.com.br\/blog\/author\/licarfegmail-com\/"}]}},"_links":{"self":[{"href":"https:\/\/www.estrategiaconcursos.com.br\/blog\/wp-json\/wp\/v2\/posts\/457559","targetHints":{"allow":["GET"]}}],"collection":[{"href":"https:\/\/www.estrategiaconcursos.com.br\/blog\/wp-json\/wp\/v2\/posts"}],"about":[{"href":"https:\/\/www.estrategiaconcursos.com.br\/blog\/wp-json\/wp\/v2\/types\/post"}],"author":[{"embeddable":true,"href":"https:\/\/www.estrategiaconcursos.com.br\/blog\/wp-json\/wp\/v2\/users\/561"}],"replies":[{"embeddable":true,"href":"https:\/\/www.estrategiaconcursos.com.br\/blog\/wp-json\/wp\/v2\/comments?post=457559"}],"version-history":[{"count":5,"href":"https:\/\/www.estrategiaconcursos.com.br\/blog\/wp-json\/wp\/v2\/posts\/457559\/revisions"}],"predecessor-version":[{"id":1290976,"href":"https:\/\/www.estrategiaconcursos.com.br\/blog\/wp-json\/wp\/v2\/posts\/457559\/revisions\/1290976"}],"wp:featuredmedia":[{"embeddable":true,"href":"https:\/\/www.estrategiaconcursos.com.br\/blog\/wp-json\/wp\/v2\/media\/441702"}],"wp:attachment":[{"href":"https:\/\/www.estrategiaconcursos.com.br\/blog\/wp-json\/wp\/v2\/media?parent=457559"}],"wp:term":[{"taxonomy":"category","embeddable":true,"href":"https:\/\/www.estrategiaconcursos.com.br\/blog\/wp-json\/wp\/v2\/categories?post=457559"},{"taxonomy":"post_tag","embeddable":true,"href":"https:\/\/www.estrategiaconcursos.com.br\/blog\/wp-json\/wp\/v2\/tags?post=457559"},{"taxonomy":"tax_estado","embeddable":true,"href":"https:\/\/www.estrategiaconcursos.com.br\/blog\/wp-json\/wp\/v2\/tax_estado?post=457559"}],"curies":[{"name":"wp","href":"https:\/\/api.w.org\/{rel}","templated":true}]}}