{"id":457474,"date":"2019-12-09T09:52:24","date_gmt":"2019-12-09T12:52:24","guid":{"rendered":"https:\/\/www.estrategiaconcursos.com.br\/blog\/?p=457474"},"modified":"2020-04-27T19:39:46","modified_gmt":"2020-04-27T22:39:46","slug":"edital-oab-xxxi-exame-de-ordem-inscricoes","status":"publish","type":"post","link":"https:\/\/www.estrategiaconcursos.com.br\/blog\/edital-oab-xxxi-exame-de-ordem-inscricoes\/","title":{"rendered":"Edital OAB: XXXI Exame de Ordem encerra as inscri\u00e7\u00f5es nesta segunda (9)"},"content":{"rendered":"\n<p>Os candidatos que pretendem prestar o <strong>XXXI Exame de Ordem<\/strong> devem efetuar as inscri\u00e7\u00f5es at\u00e9 \u00e0s 17:00 desta segunda-feira, 9 de dezembro, atrav\u00e9s do portal online da <strong>Funda\u00e7\u00e3o Get\u00falio Vargas<\/strong> (FGV).<\/p>\n\n\n\n<p>Ap\u00f3s realizar a inscri\u00e7\u00e3o, o candidato dever\u00e1 pagar a taxa de inscri\u00e7\u00e3o no valor de R$ 260,00. O Exame da OAB tem <strong>duas fase<\/strong>: a <strong>1.\u00aa<\/strong> (prova objetiva) est\u00e1 prevista para ocorrer em<strong> 09 de fevereiro<\/strong> e a <strong>2.\u00aa<\/strong> <strong>fase<\/strong> (prova pr\u00e1tico-profissional) foi agendada para <strong>05 de abril de 2020<\/strong>. <\/p>\n\n\n\n<p>Vale lembrar que o edital trata-se da <strong>primeira<\/strong> edi\u00e7\u00e3o de 2020 do exame que habilita os bachar\u00e9is em Direito para o exerc\u00edcio da advocacia. <\/p>\n\n\n\n<p>Quer saber mais sobre o certame? Clique no link abaixo e fique por dentro de tudo!<\/p>\n\n\n\n<p style=\"font-size:23px\" class=\"has-background has-text-align-center has-pale-cyan-blue-background-color\"><strong><em>Mais informa\u00e7\u00f5es:<\/em><\/strong><a href=\"https:\/\/www.estrategiaconcursos.com.br\/blog\/edital-oab-xxxi\/\"><strong><em> XXXI Exame de Ordem<\/em><\/strong><\/a><\/p>\n\n\n\n<p style=\"font-size:25px\" class=\"has-background has-text-align-center has-luminous-vivid-amber-background-color\"><strong><em>Baixe o edital: <\/em><\/strong><em> <\/em><a rel=\"noreferrer noopener\" aria-label=\"Edital XXXI Exame OAB (abre numa nova aba)\" href=\"https:\/\/dhg1h5j42swfq.cloudfront.net\/2019\/12\/02152610\/Edital-XXXI-Exame-de-Ordem.pdf\" target=\"_blank\"><strong>Edital XXXI Exame OAB<\/strong><\/a><strong> <\/strong><\/p>\n\n\n\n<h2 class=\"wp-block-heading\">Nossas redes sociais<\/h2>\n\n\n\n<p style=\"font-size:22px\" class=\"has-background has-text-align-center has-very-light-gray-background-color\"><a href=\"https:\/\/www.instagram.com\/estrategiaoab\/\" target=\"_blank\" rel=\"noreferrer noopener\">Instagram Estrat\u00e9gia OAB<\/a><\/p>\n\n\n\n<p style=\"font-size:22px\" class=\"has-background has-text-align-center has-very-light-gray-background-color\"><a rel=\"noreferrer noopener\" href=\"https:\/\/www.youtube.com\/channel\/UC7rgrKTSF5aOrBGWOw60ovw\" target=\"_blank\">YouTube do Estrat\u00e9gia OAB<\/a><\/p>\n\n\n\n<h2 class=\"wp-block-heading\">Grupo de Telegram para a OAB<\/h2>\n\n\n\n<p style=\"font-size:22px\" class=\"has-background has-text-align-center has-light-green-cyan-background-color\"><a href=\"http:\/\/bit.ly\/TelegramOAB\"><strong>Inscreva-se no nosso grupo do Telegram<\/strong><\/a><\/p>\n\n\n\n<h2 class=\"wp-block-heading\">Cursos para o Exame de Ordem<\/h2>\n\n\n\n<p style=\"font-size:25px\" class=\"has-background has-text-align-center has-pale-cyan-blue-background-color\"><strong><a rel=\"noreferrer noopener\" href=\"https:\/\/www.estrategiaconcursos.com.br\/cursosPorConcurso\/exame-de-ordem-oab-1-fase\/\" target=\"_blank\">Curso OAB 1\u00aa Fase<\/a><\/strong><\/p>\n\n\n\n<p style=\"font-size:25px\" class=\"has-background has-text-align-center has-pale-cyan-blue-background-color\"><strong><a href=\"https:\/\/www.estrategiaconcursos.com.br\/cursosPorConcurso\/oab-2-fase-192\/\" target=\"_blank\" rel=\"noreferrer noopener\">Curso OAB 2\u00aa Fase<\/a><\/strong><\/p>\n\n\n\n<p class=\"has-background has-text-align-center has-medium-font-size has-pale-cyan-blue-background-color\"><a rel=\"noreferrer noopener\" href=\"https:\/\/www.estrategiaconcursos.com.br\/blog\/edital-oab-xxx-exame-de-ordem\/\" target=\"_blank\">Clique aqui para mais informa\u00e7\u00f5es sobre o Exame de Ordem<\/a><\/p>\n","protected":false},"excerpt":{"rendered":"<p>Os candidatos que pretendem prestar o XXXI Exame de Ordem devem efetuar as inscri\u00e7\u00f5es at\u00e9 \u00e0s 17:00 desta segunda-feira, 9 de dezembro, atrav\u00e9s do portal online da Funda\u00e7\u00e3o Get\u00falio Vargas (FGV). Ap\u00f3s realizar a inscri\u00e7\u00e3o, o candidato dever\u00e1 pagar a taxa de inscri\u00e7\u00e3o no valor de R$ 260,00. O Exame da OAB tem duas fase: [&hellip;]<\/p>\n","protected":false},"author":218,"featured_media":182668,"comment_status":"open","ping_status":"closed","sticky":false,"template":"","format":"standard","meta":{"post_tipo":"article","footnotes":""},"categories":[1],"tags":[],"tax_estado":[],"class_list":["post-457474","post","type-post","status-publish","format-standard","has-post-thumbnail","hentry","category-cursos-e-concursos"],"acf":[],"yoast_head":"<!-- This site is optimized with the Yoast SEO Premium plugin v27.2 (Yoast SEO v27.2) - https:\/\/yoast.com\/product\/yoast-seo-premium-wordpress\/ -->\n<title>Edital OAB: XXXI Exame de Ordem encerra as inscri\u00e7\u00f5es nesta segunda (9)<\/title>\n<meta name=\"robots\" content=\"index, follow, max-snippet:-1, max-image-preview:large, max-video-preview:-1\" \/>\n<link rel=\"canonical\" href=\"https:\/\/www.estrategiaconcursos.com.br\/blog\/edital-oab-xxxi-exame-de-ordem-inscricoes\/\" \/>\n<meta property=\"og:locale\" content=\"pt_BR\" \/>\n<meta property=\"og:type\" content=\"article\" \/>\n<meta property=\"og:title\" content=\"Edital OAB: XXXI Exame de Ordem encerra as inscri\u00e7\u00f5es nesta segunda (9)\" \/>\n<meta property=\"og:description\" content=\"Os candidatos que pretendem prestar o XXXI Exame de Ordem devem efetuar as inscri\u00e7\u00f5es at\u00e9 \u00e0s 17:00 desta segunda-feira, 9 de dezembro, atrav\u00e9s do portal online da Funda\u00e7\u00e3o Get\u00falio Vargas (FGV). Ap\u00f3s realizar a inscri\u00e7\u00e3o, o candidato dever\u00e1 pagar a taxa de inscri\u00e7\u00e3o no valor de R$ 260,00. O Exame da OAB tem duas fase: [&hellip;]\" \/>\n<meta property=\"og:url\" content=\"https:\/\/www.estrategiaconcursos.com.br\/blog\/edital-oab-xxxi-exame-de-ordem-inscricoes\/\" \/>\n<meta property=\"og:site_name\" content=\"Estrat\u00e9gia Concursos\" \/>\n<meta property=\"article:published_time\" content=\"2019-12-09T12:52:24+00:00\" \/>\n<meta property=\"article:modified_time\" content=\"2020-04-27T22:39:46+00:00\" \/>\n<meta property=\"og:image\" content=\"https:\/\/dhg1h5j42swfq.cloudfront.net\/2019\/04\/10115514\/exame-de-ordem.jpg\" \/>\n\t<meta property=\"og:image:width\" content=\"398\" \/>\n\t<meta property=\"og:image:height\" content=\"209\" \/>\n\t<meta property=\"og:image:type\" content=\"image\/jpeg\" \/>\n<meta name=\"author\" content=\"Paulo H M Sousa\" \/>\n<meta name=\"twitter:card\" content=\"summary_large_image\" \/>\n<meta name=\"twitter:creator\" content=\"@EstratConcursos\" \/>\n<meta name=\"twitter:site\" content=\"@EstratConcursos\" \/>\n<meta name=\"twitter:label1\" content=\"Escrito por\" \/>\n\t<meta name=\"twitter:data1\" content=\"Paulo H M Sousa\" \/>\n\t<meta name=\"twitter:label2\" content=\"Est. tempo de leitura\" \/>\n\t<meta name=\"twitter:data2\" content=\"1 minuto\" \/>\n<script type=\"application\/ld+json\" class=\"yoast-schema-graph\">{\"@context\":\"https:\/\/schema.org\",\"@graph\":[{\"@type\":\"NewsArticle\",\"@id\":\"https:\/\/www.estrategiaconcursos.com.br\/blog\/edital-oab-xxxi-exame-de-ordem-inscricoes\/#article\",\"isPartOf\":{\"@id\":\"https:\/\/www.estrategiaconcursos.com.br\/blog\/edital-oab-xxxi-exame-de-ordem-inscricoes\/\"},\"author\":{\"name\":\"Paulo H M Sousa\",\"@id\":\"https:\/\/www.estrategiaconcursos.com.br\/blog\/#\/schema\/person\/659a4992e582a2be87908edc68d3786f\"},\"headline\":\"Edital OAB: XXXI Exame de Ordem encerra as inscri\u00e7\u00f5es nesta segunda (9)\",\"datePublished\":\"2019-12-09T12:52:24+00:00\",\"dateModified\":\"2020-04-27T22:39:46+00:00\",\"mainEntityOfPage\":{\"@id\":\"https:\/\/www.estrategiaconcursos.com.br\/blog\/edital-oab-xxxi-exame-de-ordem-inscricoes\/\"},\"wordCount\":196,\"commentCount\":0,\"publisher\":{\"@id\":\"https:\/\/www.estrategiaconcursos.com.br\/blog\/#organization\"},\"image\":{\"@id\":\"https:\/\/www.estrategiaconcursos.com.br\/blog\/edital-oab-xxxi-exame-de-ordem-inscricoes\/#primaryimage\"},\"thumbnailUrl\":\"https:\/\/dhg1h5j42swfq.cloudfront.net\/2019\/04\/10115514\/exame-de-ordem.jpg\",\"articleSection\":[\"Concursos P\u00fablicos\"],\"inLanguage\":\"pt-BR\",\"potentialAction\":[{\"@type\":\"CommentAction\",\"name\":\"Comment\",\"target\":[\"https:\/\/www.estrategiaconcursos.com.br\/blog\/edital-oab-xxxi-exame-de-ordem-inscricoes\/#respond\"]}],\"copyrightYear\":\"2019\",\"copyrightHolder\":{\"@id\":\"https:\/\/www.estrategiaconcursos.com.br\/blog\/#organization\"}},{\"@type\":\"WebPage\",\"@id\":\"https:\/\/www.estrategiaconcursos.com.br\/blog\/edital-oab-xxxi-exame-de-ordem-inscricoes\/\",\"url\":\"https:\/\/www.estrategiaconcursos.com.br\/blog\/edital-oab-xxxi-exame-de-ordem-inscricoes\/\",\"name\":\"Edital OAB: XXXI Exame de Ordem encerra as inscri\u00e7\u00f5es nesta segunda (9)\",\"isPartOf\":{\"@id\":\"https:\/\/www.estrategiaconcursos.com.br\/blog\/#website\"},\"primaryImageOfPage\":{\"@id\":\"https:\/\/www.estrategiaconcursos.com.br\/blog\/edital-oab-xxxi-exame-de-ordem-inscricoes\/#primaryimage\"},\"image\":{\"@id\":\"https:\/\/www.estrategiaconcursos.com.br\/blog\/edital-oab-xxxi-exame-de-ordem-inscricoes\/#primaryimage\"},\"thumbnailUrl\":\"https:\/\/dhg1h5j42swfq.cloudfront.net\/2019\/04\/10115514\/exame-de-ordem.jpg\",\"datePublished\":\"2019-12-09T12:52:24+00:00\",\"dateModified\":\"2020-04-27T22:39:46+00:00\",\"breadcrumb\":{\"@id\":\"https:\/\/www.estrategiaconcursos.com.br\/blog\/edital-oab-xxxi-exame-de-ordem-inscricoes\/#breadcrumb\"},\"inLanguage\":\"pt-BR\",\"potentialAction\":[{\"@type\":\"ReadAction\",\"target\":[\"https:\/\/www.estrategiaconcursos.com.br\/blog\/edital-oab-xxxi-exame-de-ordem-inscricoes\/\"]}]},{\"@type\":\"ImageObject\",\"inLanguage\":\"pt-BR\",\"@id\":\"https:\/\/www.estrategiaconcursos.com.br\/blog\/edital-oab-xxxi-exame-de-ordem-inscricoes\/#primaryimage\",\"url\":\"https:\/\/dhg1h5j42swfq.cloudfront.net\/2019\/04\/10115514\/exame-de-ordem.jpg\",\"contentUrl\":\"https:\/\/dhg1h5j42swfq.cloudfront.net\/2019\/04\/10115514\/exame-de-ordem.jpg\",\"width\":398,\"height\":209,\"caption\":\"exame de ordem\"},{\"@type\":\"BreadcrumbList\",\"@id\":\"https:\/\/www.estrategiaconcursos.com.br\/blog\/edital-oab-xxxi-exame-de-ordem-inscricoes\/#breadcrumb\",\"itemListElement\":[{\"@type\":\"ListItem\",\"position\":1,\"name\":\"In\u00edcio\",\"item\":\"https:\/\/www.estrategiaconcursos.com.br\/blog\/\"},{\"@type\":\"ListItem\",\"position\":2,\"name\":\"Edital OAB: XXXI Exame de Ordem encerra as inscri\u00e7\u00f5es nesta segunda (9)\"}]},{\"@type\":\"WebSite\",\"@id\":\"https:\/\/www.estrategiaconcursos.com.br\/blog\/#website\",\"url\":\"https:\/\/www.estrategiaconcursos.com.br\/blog\/\",\"name\":\"Estrat\u00e9gia Concursos\",\"description\":\"O blog da Estrat\u00e9gia Concursos traz not\u00edcias sobre concursos e artigos de professores oferecendo cursos para concursos (pdf + videaulas) no site.\",\"publisher\":{\"@id\":\"https:\/\/www.estrategiaconcursos.com.br\/blog\/#organization\"},\"potentialAction\":[{\"@type\":\"SearchAction\",\"target\":{\"@type\":\"EntryPoint\",\"urlTemplate\":\"https:\/\/www.estrategiaconcursos.com.br\/blog\/?s={search_term_string}\"},\"query-input\":{\"@type\":\"PropertyValueSpecification\",\"valueRequired\":true,\"valueName\":\"search_term_string\"}}],\"inLanguage\":\"pt-BR\"},{\"@type\":\"Organization\",\"@id\":\"https:\/\/www.estrategiaconcursos.com.br\/blog\/#organization\",\"name\":\"Estrat\u00e9gia Concursos\",\"url\":\"https:\/\/www.estrategiaconcursos.com.br\/blog\/\",\"logo\":{\"@type\":\"ImageObject\",\"inLanguage\":\"pt-BR\",\"@id\":\"https:\/\/www.estrategiaconcursos.com.br\/blog\/#\/schema\/logo\/image\/\",\"url\":\"https:\/\/dhg1h5j42swfq.cloudfront.net\/2025\/06\/03203428\/logo_concursos-1.jpg\",\"contentUrl\":\"https:\/\/dhg1h5j42swfq.cloudfront.net\/2025\/06\/03203428\/logo_concursos-1.jpg\",\"width\":230,\"height\":60,\"caption\":\"Estrat\u00e9gia Concursos\"},\"image\":{\"@id\":\"https:\/\/www.estrategiaconcursos.com.br\/blog\/#\/schema\/logo\/image\/\"},\"sameAs\":[\"https:\/\/x.com\/EstratConcursos\"]},{\"@type\":\"Person\",\"@id\":\"https:\/\/www.estrategiaconcursos.com.br\/blog\/#\/schema\/person\/659a4992e582a2be87908edc68d3786f\",\"name\":\"Paulo H M Sousa\",\"image\":{\"@type\":\"ImageObject\",\"inLanguage\":\"pt-BR\",\"@id\":\"https:\/\/secure.gravatar.com\/avatar\/6c5538a36475e584e0a1a209a3b92f8b2ecca752f244b8d7db751faab2a292e2?s=96&d=mm&r=g\",\"url\":\"https:\/\/secure.gravatar.com\/avatar\/6c5538a36475e584e0a1a209a3b92f8b2ecca752f244b8d7db751faab2a292e2?s=96&d=mm&r=g\",\"contentUrl\":\"https:\/\/secure.gravatar.com\/avatar\/6c5538a36475e584e0a1a209a3b92f8b2ecca752f244b8d7db751faab2a292e2?s=96&d=mm&r=g\",\"caption\":\"Paulo H M Sousa\"},\"url\":\"https:\/\/www.estrategiaconcursos.com.br\/blog\/author\/paulosousaestrategiaconcursos-com-br\/\"}]}<\/script>\n<!-- \/ Yoast SEO Premium plugin. -->","yoast_head_json":{"title":"Edital OAB: XXXI Exame de Ordem encerra as inscri\u00e7\u00f5es nesta segunda (9)","robots":{"index":"index","follow":"follow","max-snippet":"max-snippet:-1","max-image-preview":"max-image-preview:large","max-video-preview":"max-video-preview:-1"},"canonical":"https:\/\/www.estrategiaconcursos.com.br\/blog\/edital-oab-xxxi-exame-de-ordem-inscricoes\/","og_locale":"pt_BR","og_type":"article","og_title":"Edital OAB: XXXI Exame de Ordem encerra as inscri\u00e7\u00f5es nesta segunda (9)","og_description":"Os candidatos que pretendem prestar o XXXI Exame de Ordem devem efetuar as inscri\u00e7\u00f5es at\u00e9 \u00e0s 17:00 desta segunda-feira, 9 de dezembro, atrav\u00e9s do portal online da Funda\u00e7\u00e3o Get\u00falio Vargas (FGV). Ap\u00f3s realizar a inscri\u00e7\u00e3o, o candidato dever\u00e1 pagar a taxa de inscri\u00e7\u00e3o no valor de R$ 260,00. O Exame da OAB tem duas fase: [&hellip;]","og_url":"https:\/\/www.estrategiaconcursos.com.br\/blog\/edital-oab-xxxi-exame-de-ordem-inscricoes\/","og_site_name":"Estrat\u00e9gia Concursos","article_published_time":"2019-12-09T12:52:24+00:00","article_modified_time":"2020-04-27T22:39:46+00:00","og_image":[{"width":398,"height":209,"url":"https:\/\/dhg1h5j42swfq.cloudfront.net\/2019\/04\/10115514\/exame-de-ordem.jpg","type":"image\/jpeg"}],"author":"Paulo H M Sousa","twitter_card":"summary_large_image","twitter_creator":"@EstratConcursos","twitter_site":"@EstratConcursos","twitter_misc":{"Escrito por":"Paulo H M Sousa","Est. tempo de leitura":"1 minuto"},"schema":{"@context":"https:\/\/schema.org","@graph":[{"@type":"NewsArticle","@id":"https:\/\/www.estrategiaconcursos.com.br\/blog\/edital-oab-xxxi-exame-de-ordem-inscricoes\/#article","isPartOf":{"@id":"https:\/\/www.estrategiaconcursos.com.br\/blog\/edital-oab-xxxi-exame-de-ordem-inscricoes\/"},"author":{"name":"Paulo H M Sousa","@id":"https:\/\/www.estrategiaconcursos.com.br\/blog\/#\/schema\/person\/659a4992e582a2be87908edc68d3786f"},"headline":"Edital OAB: XXXI Exame de Ordem encerra as inscri\u00e7\u00f5es nesta segunda (9)","datePublished":"2019-12-09T12:52:24+00:00","dateModified":"2020-04-27T22:39:46+00:00","mainEntityOfPage":{"@id":"https:\/\/www.estrategiaconcursos.com.br\/blog\/edital-oab-xxxi-exame-de-ordem-inscricoes\/"},"wordCount":196,"commentCount":0,"publisher":{"@id":"https:\/\/www.estrategiaconcursos.com.br\/blog\/#organization"},"image":{"@id":"https:\/\/www.estrategiaconcursos.com.br\/blog\/edital-oab-xxxi-exame-de-ordem-inscricoes\/#primaryimage"},"thumbnailUrl":"https:\/\/dhg1h5j42swfq.cloudfront.net\/2019\/04\/10115514\/exame-de-ordem.jpg","articleSection":["Concursos P\u00fablicos"],"inLanguage":"pt-BR","potentialAction":[{"@type":"CommentAction","name":"Comment","target":["https:\/\/www.estrategiaconcursos.com.br\/blog\/edital-oab-xxxi-exame-de-ordem-inscricoes\/#respond"]}],"copyrightYear":"2019","copyrightHolder":{"@id":"https:\/\/www.estrategiaconcursos.com.br\/blog\/#organization"}},{"@type":"WebPage","@id":"https:\/\/www.estrategiaconcursos.com.br\/blog\/edital-oab-xxxi-exame-de-ordem-inscricoes\/","url":"https:\/\/www.estrategiaconcursos.com.br\/blog\/edital-oab-xxxi-exame-de-ordem-inscricoes\/","name":"Edital OAB: XXXI Exame de Ordem encerra as inscri\u00e7\u00f5es nesta segunda (9)","isPartOf":{"@id":"https:\/\/www.estrategiaconcursos.com.br\/blog\/#website"},"primaryImageOfPage":{"@id":"https:\/\/www.estrategiaconcursos.com.br\/blog\/edital-oab-xxxi-exame-de-ordem-inscricoes\/#primaryimage"},"image":{"@id":"https:\/\/www.estrategiaconcursos.com.br\/blog\/edital-oab-xxxi-exame-de-ordem-inscricoes\/#primaryimage"},"thumbnailUrl":"https:\/\/dhg1h5j42swfq.cloudfront.net\/2019\/04\/10115514\/exame-de-ordem.jpg","datePublished":"2019-12-09T12:52:24+00:00","dateModified":"2020-04-27T22:39:46+00:00","breadcrumb":{"@id":"https:\/\/www.estrategiaconcursos.com.br\/blog\/edital-oab-xxxi-exame-de-ordem-inscricoes\/#breadcrumb"},"inLanguage":"pt-BR","potentialAction":[{"@type":"ReadAction","target":["https:\/\/www.estrategiaconcursos.com.br\/blog\/edital-oab-xxxi-exame-de-ordem-inscricoes\/"]}]},{"@type":"ImageObject","inLanguage":"pt-BR","@id":"https:\/\/www.estrategiaconcursos.com.br\/blog\/edital-oab-xxxi-exame-de-ordem-inscricoes\/#primaryimage","url":"https:\/\/dhg1h5j42swfq.cloudfront.net\/2019\/04\/10115514\/exame-de-ordem.jpg","contentUrl":"https:\/\/dhg1h5j42swfq.cloudfront.net\/2019\/04\/10115514\/exame-de-ordem.jpg","width":398,"height":209,"caption":"exame de ordem"},{"@type":"BreadcrumbList","@id":"https:\/\/www.estrategiaconcursos.com.br\/blog\/edital-oab-xxxi-exame-de-ordem-inscricoes\/#breadcrumb","itemListElement":[{"@type":"ListItem","position":1,"name":"In\u00edcio","item":"https:\/\/www.estrategiaconcursos.com.br\/blog\/"},{"@type":"ListItem","position":2,"name":"Edital OAB: XXXI Exame de Ordem encerra as inscri\u00e7\u00f5es nesta segunda (9)"}]},{"@type":"WebSite","@id":"https:\/\/www.estrategiaconcursos.com.br\/blog\/#website","url":"https:\/\/www.estrategiaconcursos.com.br\/blog\/","name":"Estrat\u00e9gia Concursos","description":"O blog da Estrat\u00e9gia Concursos traz not\u00edcias sobre concursos e artigos de professores oferecendo cursos para concursos (pdf + videaulas) no site.","publisher":{"@id":"https:\/\/www.estrategiaconcursos.com.br\/blog\/#organization"},"potentialAction":[{"@type":"SearchAction","target":{"@type":"EntryPoint","urlTemplate":"https:\/\/www.estrategiaconcursos.com.br\/blog\/?s={search_term_string}"},"query-input":{"@type":"PropertyValueSpecification","valueRequired":true,"valueName":"search_term_string"}}],"inLanguage":"pt-BR"},{"@type":"Organization","@id":"https:\/\/www.estrategiaconcursos.com.br\/blog\/#organization","name":"Estrat\u00e9gia Concursos","url":"https:\/\/www.estrategiaconcursos.com.br\/blog\/","logo":{"@type":"ImageObject","inLanguage":"pt-BR","@id":"https:\/\/www.estrategiaconcursos.com.br\/blog\/#\/schema\/logo\/image\/","url":"https:\/\/dhg1h5j42swfq.cloudfront.net\/2025\/06\/03203428\/logo_concursos-1.jpg","contentUrl":"https:\/\/dhg1h5j42swfq.cloudfront.net\/2025\/06\/03203428\/logo_concursos-1.jpg","width":230,"height":60,"caption":"Estrat\u00e9gia Concursos"},"image":{"@id":"https:\/\/www.estrategiaconcursos.com.br\/blog\/#\/schema\/logo\/image\/"},"sameAs":["https:\/\/x.com\/EstratConcursos"]},{"@type":"Person","@id":"https:\/\/www.estrategiaconcursos.com.br\/blog\/#\/schema\/person\/659a4992e582a2be87908edc68d3786f","name":"Paulo H M Sousa","image":{"@type":"ImageObject","inLanguage":"pt-BR","@id":"https:\/\/secure.gravatar.com\/avatar\/6c5538a36475e584e0a1a209a3b92f8b2ecca752f244b8d7db751faab2a292e2?s=96&d=mm&r=g","url":"https:\/\/secure.gravatar.com\/avatar\/6c5538a36475e584e0a1a209a3b92f8b2ecca752f244b8d7db751faab2a292e2?s=96&d=mm&r=g","contentUrl":"https:\/\/secure.gravatar.com\/avatar\/6c5538a36475e584e0a1a209a3b92f8b2ecca752f244b8d7db751faab2a292e2?s=96&d=mm&r=g","caption":"Paulo H M Sousa"},"url":"https:\/\/www.estrategiaconcursos.com.br\/blog\/author\/paulosousaestrategiaconcursos-com-br\/"}]}},"_links":{"self":[{"href":"https:\/\/www.estrategiaconcursos.com.br\/blog\/wp-json\/wp\/v2\/posts\/457474","targetHints":{"allow":["GET"]}}],"collection":[{"href":"https:\/\/www.estrategiaconcursos.com.br\/blog\/wp-json\/wp\/v2\/posts"}],"about":[{"href":"https:\/\/www.estrategiaconcursos.com.br\/blog\/wp-json\/wp\/v2\/types\/post"}],"author":[{"embeddable":true,"href":"https:\/\/www.estrategiaconcursos.com.br\/blog\/wp-json\/wp\/v2\/users\/218"}],"replies":[{"embeddable":true,"href":"https:\/\/www.estrategiaconcursos.com.br\/blog\/wp-json\/wp\/v2\/comments?post=457474"}],"version-history":[{"count":3,"href":"https:\/\/www.estrategiaconcursos.com.br\/blog\/wp-json\/wp\/v2\/posts\/457474\/revisions"}],"predecessor-version":[{"id":507872,"href":"https:\/\/www.estrategiaconcursos.com.br\/blog\/wp-json\/wp\/v2\/posts\/457474\/revisions\/507872"}],"wp:featuredmedia":[{"embeddable":true,"href":"https:\/\/www.estrategiaconcursos.com.br\/blog\/wp-json\/wp\/v2\/media\/182668"}],"wp:attachment":[{"href":"https:\/\/www.estrategiaconcursos.com.br\/blog\/wp-json\/wp\/v2\/media?parent=457474"}],"wp:term":[{"taxonomy":"category","embeddable":true,"href":"https:\/\/www.estrategiaconcursos.com.br\/blog\/wp-json\/wp\/v2\/categories?post=457474"},{"taxonomy":"post_tag","embeddable":true,"href":"https:\/\/www.estrategiaconcursos.com.br\/blog\/wp-json\/wp\/v2\/tags?post=457474"},{"taxonomy":"tax_estado","embeddable":true,"href":"https:\/\/www.estrategiaconcursos.com.br\/blog\/wp-json\/wp\/v2\/tax_estado?post=457474"}],"curies":[{"name":"wp","href":"https:\/\/api.w.org\/{rel}","templated":true}]}}