{"id":457114,"date":"2020-08-06T00:10:00","date_gmt":"2020-08-06T03:10:00","guid":{"rendered":"https:\/\/www.estrategiaconcursos.com.br\/blog\/?p=457114"},"modified":"2025-03-20T16:22:23","modified_gmt":"2025-03-20T19:22:23","slug":"concurso-esfcex-edital-2021","status":"publish","type":"post","link":"https:\/\/www.estrategiaconcursos.com.br\/blog\/concurso-esfcex-edital-2021\/","title":{"rendered":"Concurso EsFCEx 2021: inscri\u00e7\u00f5es encerradas; remunera\u00e7\u00e3o de R$ 11 MIL!"},"content":{"rendered":"\n<p>Est\u00e3o encerradas as inscri\u00e7\u00f5es para o concurso EsFCEx para a Escola de Forma\u00e7\u00e3o Complementar do Ex\u00e9rcito (Curso de Forma\u00e7\u00e3o de Oficiais do Quadro Complementar e Curso de Forma\u00e7\u00e3o de Capel\u00e3es).<\/p>\n\n\n\n<p>O certame oferta <strong>41 vagas <\/strong>para in\u00edcio imediato. O concurso ser\u00e1 realizado nas cidades do Rio de Janeiro (RJ) e Salvador (BA).<\/p>\n\n\n\n<p><em>Confira neste artigo todas as informa\u00e7\u00f5es necess\u00e1rias para prestar o concurso EsFCEx.<\/em><\/p>\n\n\n\n<ul class=\"wp-block-list\">\n<li><em><strong><a href=\"#principais\">Principais informa\u00e7\u00f5es concurso EsFCEx<\/a><\/strong><\/em><\/li>\n\n\n\n<li><em><strong><a href=\"#cargos\">Cargos, vagas e Remunera\u00e7\u00f5es<\/a><\/strong><\/em><\/li>\n\n\n\n<li><em><strong><a href=\"#etapas\">Etapas de Prova<\/a><\/strong><\/em><\/li>\n\n\n\n<li><strong><em><a href=\"#ultimo\">\u00daltimo concurso EsFCEx<\/a><\/em><\/strong><\/li>\n<\/ul>\n\n\n\n<h2 class=\"wp-block-heading\" id=\"principais\">Principais informa\u00e7\u00f5es do concurso EsFCEx 2021<\/h2>\n\n\n\n<p>O concurso EsFCEx publicou seu edital anual para Curso de Forma\u00e7\u00e3o de Oficiais (CFO), nas Escolas de Forma\u00e7\u00e3o Complementar. O certame oferta <strong>38 vagas <\/strong>para in\u00edcio imediato. O concurso ser\u00e1 realizado nas cidades do Rio de Janeiro (RJ) e Salvador (BA).<\/p>\n\n\n\n<h3 class=\"wp-block-heading\">Principais Datas<\/h3>\n\n\n\n<p class=\"has-very-light-gray-background-color has-background\"><strong><em>Inscri\u00e7\u00f5es<\/em><\/strong><em>:&nbsp;<s>17 de junho a 5 de agosto de 2020<\/s><\/em><br \/><strong><em>Prova objetiva<\/em><\/strong><em>:&nbsp;13 de setembro<\/em><br \/><strong><em>Isen\u00e7\u00e3o do pagamento: <\/em><\/strong><em><s>17 a 19 de junho<\/s><\/em><\/p>\n\n\n\n<h2 class=\"wp-block-heading\" id=\"cargos\">Cargos, vagas e remunera\u00e7\u00e3o &#8211;  concurso EsFCEx<\/h2>\n\n\n\n<p class=\"has-medium-font-size\">Curso a ser realizado na EsFCEx <strong>(Salvador-BA)<\/strong><\/p>\n\n\n\n<ul class=\"wp-block-list\">\n<li><em>Administra\u00e7\u00e3o (3 vagas)<\/em><\/li>\n\n\n\n<li><em>Ci\u00eancias Cont\u00e1beis (2 vagas)<\/em><\/li>\n\n\n\n<li><em>Direito (3 vagas)<\/em><\/li>\n\n\n\n<li><em>Estat\u00edstica (2 vagas)<\/em><\/li>\n\n\n\n<li><em>Inform\u00e1tica (3 vagas)<\/em><\/li>\n\n\n\n<li><em>Magist\u00e9rio Biologia (2 vagas)<\/em><\/li>\n\n\n\n<li><em>Magist\u00e9rio Espanhol (2 vagas)<\/em><\/li>\n\n\n\n<li><em>Magist\u00e9rio F\u00edsica (2 vagas)<\/em><\/li>\n\n\n\n<li><em>Magist\u00e9rio Geografia (2 vagas)<\/em><\/li>\n\n\n\n<li><em>Magist\u00e9rio Hist\u00f3ria (2 vagas)<\/em><\/li>\n\n\n\n<li><em>Magist\u00e9rio Ingl\u00eas (2 vagas)<\/em><\/li>\n\n\n\n<li><em>Magist\u00e9rio Matem\u00e1tica (2 vaga) e<\/em><\/li>\n\n\n\n<li><em>Magist\u00e9rio Portugu\u00eas (2 vagas)<\/em><\/li>\n\n\n\n<li><em>Pedagogia (1 vaga)<\/em><\/li>\n\n\n\n<li><em>Psicologia (1 vaga)<\/em><\/li>\n<\/ul>\n\n\n\n<p class=\"has-medium-font-size\"><strong>(Rio de Janeiro &#8211; RJ)<\/strong><\/p>\n\n\n\n<ul class=\"wp-block-list\">\n<li><em>Enfermagem (5 vagas)<\/em><\/li>\n\n\n\n<li><em>Veterin\u00e1ria (2 vagas)<\/em><\/li>\n<\/ul>\n\n\n\n<p class=\"has-medium-font-size\"><strong>CF\/CM (Rio de Janeiro &#8211; RJ)<\/strong><\/p>\n\n\n\n<ul class=\"wp-block-list\">\n<li><em>Padre Cat\u00f3lico (2 vagas)<\/em><\/li>\n\n\n\n<li><em>Pastor Evang\u00e9lico (1 vaga)<\/em><\/li>\n<\/ul>\n\n\n\n<p>Os aprovados no certame receber\u00e3o o sal\u00e1rio de Primeiro-Tenente equivalente a <strong>RS 11.130,75 <\/strong>.O valor \u00e9 composto de soldo de R$ 8.245 mais adicional de habilita\u00e7\u00e3o de R$1.319,20 e adicional militar no valor de R$ 1.566,55.<\/p>\n\n\n\n<h2 class=\"wp-block-heading\" id=\"etapas\">Etapas do concurso EsFCEx<\/h2>\n\n\n\n<p>Os candidatos ser\u00e3o avaliados em 5 etapas. Confira abaixo:<\/p>\n\n\n\n<ul class=\"wp-block-list\">\n<li><em>Exame&nbsp;intelectual (EI), &nbsp;<\/em><\/li>\n\n\n\n<li><em>inspe\u00e7\u00e3o de sa\u00fade (IS), <\/em><\/li>\n\n\n\n<li><em>Exame de aptid\u00e3o f\u00edsica (EAF), <\/em><\/li>\n\n\n\n<li><em>Verifica\u00e7\u00e3o documental <\/em><\/li>\n\n\n\n<li><em>Revis\u00e3o m\u00e9dica e <\/em><\/li>\n\n\n\n<li><em>Comprova\u00e7\u00e3o de requisitos para biogr\u00e1ficos<\/em><\/li>\n<\/ul>\n\n\n\n<h3 class=\"wp-block-heading\"><strong>Exame intelectual (EI):<\/strong><\/h3>\n\n\n\n<p>O Exame Intelectual tem  car\u00e1ter eliminat\u00f3rio e classificat\u00f3rio, conta com 30 quest\u00f5es de Conhecimentos Gerais (7 de L\u00edngua Portuguesa, 8 de Hist\u00f3ria do Brasil, 8 de Geografia do Brasil e 7 de idioma estrangeiro \u2013 ingl\u00eas ou espanhol)&nbsp;e mais&nbsp;40 quest\u00f5es de Conhecimentos Espec\u00edficos.<\/p>\n\n\n\n<h3 class=\"wp-block-heading\"><strong>Inspe\u00e7\u00e3o de sa\u00fade (IS):<\/strong><\/h3>\n\n\n\n<p>Nesta fase, o candidato \u00e9 convocado a comparecer a Inspe\u00e7\u00e3o de Sa\u00fade&nbsp;em locais designados pelas Guarni\u00e7\u00e3o de Exame (Gu Exm) com documento de identifica\u00e7\u00e3o, al\u00e9m da documenta\u00e7\u00e3o m\u00e9dica obrigat\u00f3ria prevista no edital.<\/p>\n\n\n\n<h3 class=\"wp-block-heading\"><strong>Exame de aptid\u00e3o f\u00edsica (EAF):<\/strong><\/h3>\n\n\n\n<p>O candidato convocado dever\u00e1 se apresentar no local&nbsp;designado com&nbsp;traje esportivo.&nbsp;As tarefas ser\u00e3o realizadas em dois dias consecutivos. Confira:<\/p>\n\n\n\n<ul class=\"wp-block-list\">\n<li><strong>Para o sexo masculino:<\/strong>&nbsp;flex\u00f5es de bra\u00e7os, abdominal supra e corrida de 12 minutos.<\/li>\n\n\n\n<li><strong>Para o sexo feminino<\/strong>:&nbsp;flex\u00f5es de bra\u00e7os (com apoio dos joelhos), abdominal supra e corrida de 12 minutos<\/li>\n<\/ul>\n\n\n\n<h3 class=\"wp-block-heading\"><strong>Verifica\u00e7\u00e3o documental preliminar:<\/strong><\/h3>\n\n\n\n<p>N\u00e3o possui car\u00e1ter eliminat\u00f3rio nem classificat\u00f3rio, a ser realizada apenas pelo candidato aprovado nas fases anteriores dever\u00e3o remeter \u00e0 EsFCEx c\u00f3pia leg\u00edvel (frente e verso) autenticada em cart\u00f3rio, dos documentos relacionados&nbsp;no edital.<\/p>\n\n\n\n<h3 class=\"wp-block-heading\"><strong>Revis\u00e3o m\u00e9dica e comprova\u00e7\u00e3o dos requisitos biogr\u00e1ficos<\/strong><\/h3>\n\n\n\n<p>Os candidatos convocados para a revis\u00e3o m\u00e9dica e&nbsp;comprova\u00e7\u00e3o dos requisitos para matr\u00edcula, de car\u00e1ter eliminat\u00f3rio, dever\u00e3o se apresentar na EsFCEx&nbsp;na data prevista no&nbsp;Calend\u00e1rio Anual do CA&nbsp;, portando os resultados e laudos dos exames complementares realizados por ocasi\u00e3o da IS e os originais dos&nbsp;documentos previstos para a verifica\u00e7\u00e3o documental preliminar.<\/p>\n\n\n<p class=\"has-text-align-center\"><strong><em>Sistema de Quest\u00f5es<\/em><\/strong><\/p>\n<p class=\"has-text-align-center\"><em>Estrat\u00e9gia Quest\u00f5es nasceu maior do que todos os concorrentes, com mais quest\u00f5es cadastradas e mais solu\u00e7\u00f5es por professores. Clique no link e aproveite os descontos e b\u00f4nus imperd\u00edveis!<\/em><\/p>\n<p class=\"has-background has-text-align-center has-vivid-green-cyan-background-color\"><strong>ASSINE AGORA \u2013\u00a0<a href=\"https:\/\/www.estrategiaconcursos.com.br\/cursosPorConcurso\/sistema-de-questoes\/#\/\" target=\"_blank\" rel=\"noreferrer noopener\">Sistema de Quest\u00f5es<\/a><\/strong><\/p>\n<p><!-- \/wp:post-content --><\/p>\n<p><!-- wp:paragraph {\"align\":\"center\",\"backgroundColor\":\"luminous-vivid-amber\",\"customFontSize\":23} --><\/p>\n<p><!-- \/wp:paragraph --><\/p>\n<p><!-- wp:paragraph {\"align\":\"center\"} --><\/p>\n<p class=\"has-text-align-center\"><em><strong>Assinatura Anual Ilimitada*<\/strong><\/em><\/p>\n<p><!-- \/wp:paragraph --><\/p>\n<p><!-- wp:paragraph {\"align\":\"center\"} --><\/p>\n<p class=\"has-text-align-center\"><em>Prepare-se com o melhor material e com quem mais aprova em\u00a0Concursos P\u00fablicos de todo o pa\u00eds. Assine agora a nossa Assinatura Anual e tenha acesso ilimitado a todos os nossos cursos.<\/em><\/p>\n<p><!-- \/wp:paragraph --><\/p>\n<p><!-- wp:paragraph {\"align\":\"center\",\"backgroundColor\":\"light-green-cyan\",\"customFontSize\":23} --><\/p>\n<p class=\"has-background has-text-align-center has-light-green-cyan-background-color\" style=\"font-size: 23px;\"><strong>ASSINE AGORA<\/strong>\u00a0\u2013\u00a0<a href=\"https:\/\/www.estrategiaconcursos.com.br\/assinaturas\" target=\"_blank\" rel=\"noreferrer noopener\"><strong>Assinatura Ilimitada<\/strong><\/a><\/p>\n<p><!-- \/wp:paragraph --><\/p>\n<p><!-- wp:paragraph {\"align\":\"center\"} --><\/p>\n<p class=\"has-text-align-center\"><strong><em>Fique por dentro dos concursos vigentes:<\/em><\/strong><\/p>\n<p><!-- \/wp:paragraph --><\/p>\n<p><!-- wp:paragraph {\"align\":\"center\",\"backgroundColor\":\"pale-cyan-blue\",\"customFontSize\":23} --><\/p>\n<p class=\"has-background has-text-align-center has-pale-cyan-blue-background-color\" style=\"font-size: 23px;\"><strong><a href=\"https:\/\/www.estrategiaconcursos.com.br\/blog\/concursos-abertos\/\" target=\"_blank\" rel=\"noreferrer noopener\">CONCURSOS ABERTOS<\/a><\/strong><\/p>\n<p><!-- \/wp:paragraph --><\/p>\n<p><!-- wp:paragraph {\"align\":\"center\",\"backgroundColor\":\"pale-cyan-blue\",\"customFontSize\":23} --><\/p>\n<p><!-- \/wp:paragraph --><\/p>\n<p><!-- wp:image {\"id\":68542} --><\/p>\n<p><!-- \/wp:image --><\/p>\n<p><!-- wp:heading {\"level\":4} --><\/p>\n<p><!-- \/wp:heading --><\/p>\n<figure class=\"wp-block-image\"><img loading=\"lazy\" decoding=\"async\" width=\"300\" height=\"102\" class=\"wp-image-68542\" src=\"https:\/\/dhg1h5j42swfq.cloudfront.net\/2017\/03\/28152500\/coruja-ficha-tecnica-300x102.png\" alt=\"Ficha t\u00e9cnica concurso marinha\" \/><\/figure>\n<p><!-- \/wp:image --><\/p>\n<p><!-- wp:heading {\"level\":4} --><\/p>\n<h4 id=\"ficha-tecnica\"><strong>Informa\u00e7\u00f5es do<\/strong> Concurso EsFCEx<\/h4>\n<p><!-- \/wp:heading --><\/p>\n<p><!-- wp:paragraph --><\/p>\n<p>\u25ba<strong>Data prevista: <\/strong>13 de setembro<strong><br \/>\u25baVagas: <\/strong>\u00a041 vagas<strong><br \/>\u25baLota\u00e7\u00f5es:\u00a0<\/strong>(RJ) e (BA)<strong><br \/>\u25baBanca:\u00a0<\/strong>Vunesp<br \/><strong>\u25baEscolaridade:<\/strong> superior<br \/><strong>Edital:\u00a0 <\/strong><a href=\"https:\/\/dhg1h5j42swfq.cloudfront.net\/2020\/06\/16094630\/Edital_Capel%C3%A3es_Militares_2021.pdf\">EsFCEX\u00a0<\/a><\/p>","protected":false},"excerpt":{"rendered":"<p>Est\u00e3o encerradas as inscri\u00e7\u00f5es para o concurso EsFCEx para a Escola de Forma\u00e7\u00e3o Complementar do Ex\u00e9rcito (Curso de Forma\u00e7\u00e3o de Oficiais do Quadro Complementar e Curso de Forma\u00e7\u00e3o de Capel\u00e3es). O certame oferta 41 vagas para in\u00edcio imediato. O concurso ser\u00e1 realizado nas cidades do Rio de Janeiro (RJ) e Salvador (BA). Confira neste artigo [&hellip;]<\/p>\n","protected":false},"author":1,"featured_media":453990,"comment_status":"open","ping_status":"closed","sticky":false,"template":"","format":"standard","meta":{"post_tipo":"news","footnotes":""},"categories":[1,6741],"tags":[],"tax_estado":[],"class_list":["post-457114","post","type-post","status-publish","format-standard","has-post-thumbnail","hentry","category-cursos-e-concursos","category-forcas-armadas-oficiais"],"acf":[],"yoast_head":"<!-- This site is optimized with the Yoast SEO Premium plugin v27.2 (Yoast SEO v27.2) - https:\/\/yoast.com\/product\/yoast-seo-premium-wordpress\/ -->\n<title>Concurso EsFCEx 2021: inscri\u00e7\u00f5es encerradas; remunera\u00e7\u00e3o de R$ 11 MIL!<\/title>\n<meta name=\"description\" content=\"Concurso EsFCEx: foi publicado no Di\u00e1rio Oficial o edital do concursopara o Curso de Forma\u00e7\u00e3o de Oficiais (CFO) Saiba mais!\" \/>\n<meta name=\"robots\" content=\"index, follow, max-snippet:-1, max-image-preview:large, max-video-preview:-1\" \/>\n<link rel=\"canonical\" href=\"https:\/\/www.estrategiaconcursos.com.br\/blog\/concurso-esfcex-edital-2021\/\" \/>\n<meta property=\"og:locale\" content=\"pt_BR\" \/>\n<meta property=\"og:type\" content=\"article\" \/>\n<meta property=\"og:title\" content=\"Concurso EsFCEx 2021: inscri\u00e7\u00f5es encerradas; remunera\u00e7\u00e3o de R$ 11 MIL!\" \/>\n<meta property=\"og:description\" content=\"Concurso EsFCEx: foi publicado no Di\u00e1rio Oficial o edital do concursopara o Curso de Forma\u00e7\u00e3o de Oficiais (CFO) Saiba mais!\" \/>\n<meta property=\"og:url\" content=\"https:\/\/www.estrategiaconcursos.com.br\/blog\/concurso-esfcex-edital-2021\/\" \/>\n<meta property=\"og:site_name\" content=\"Estrat\u00e9gia Concursos\" \/>\n<meta property=\"article:author\" content=\"https:\/\/www.facebook.com\/EstrategiaConcursos\" \/>\n<meta property=\"article:published_time\" content=\"2020-08-06T03:10:00+00:00\" \/>\n<meta property=\"article:modified_time\" content=\"2025-03-20T19:22:23+00:00\" \/>\n<meta property=\"og:image\" content=\"https:\/\/dhg1h5j42swfq.cloudfront.net\/2019\/12\/02085042\/Saiu-Edital-ECJ-1.png\" \/>\n\t<meta property=\"og:image:width\" content=\"1200\" \/>\n\t<meta property=\"og:image:height\" content=\"628\" \/>\n\t<meta property=\"og:image:type\" content=\"image\/png\" \/>\n<meta name=\"author\" content=\"Coordena\u00e7\u00e3o\" \/>\n<meta name=\"twitter:card\" content=\"summary_large_image\" \/>\n<meta name=\"twitter:creator\" content=\"@EstratConcursos\" \/>\n<meta name=\"twitter:site\" content=\"@EstratConcursos\" \/>\n<meta name=\"twitter:label1\" content=\"Escrito por\" \/>\n\t<meta name=\"twitter:data1\" content=\"Coordena\u00e7\u00e3o\" \/>\n\t<meta name=\"twitter:label2\" content=\"Est. tempo de leitura\" \/>\n\t<meta name=\"twitter:data2\" content=\"4 minutos\" \/>\n<script type=\"application\/ld+json\" class=\"yoast-schema-graph\">{\"@context\":\"https:\/\/schema.org\",\"@graph\":[{\"@type\":\"NewsArticle\",\"@id\":\"https:\/\/www.estrategiaconcursos.com.br\/blog\/concurso-esfcex-edital-2021\/#article\",\"isPartOf\":{\"@id\":\"https:\/\/www.estrategiaconcursos.com.br\/blog\/concurso-esfcex-edital-2021\/\"},\"author\":{\"name\":\"Coordena\u00e7\u00e3o\",\"@id\":\"https:\/\/www.estrategiaconcursos.com.br\/blog\/#\/schema\/person\/b4a388c97673c5f483d72185668afa1f\"},\"headline\":\"Concurso EsFCEx 2021: inscri\u00e7\u00f5es encerradas; remunera\u00e7\u00e3o de R$ 11 MIL!\",\"datePublished\":\"2020-08-06T03:10:00+00:00\",\"dateModified\":\"2025-03-20T19:22:23+00:00\",\"mainEntityOfPage\":{\"@id\":\"https:\/\/www.estrategiaconcursos.com.br\/blog\/concurso-esfcex-edital-2021\/\"},\"wordCount\":756,\"commentCount\":3,\"publisher\":{\"@id\":\"https:\/\/www.estrategiaconcursos.com.br\/blog\/#organization\"},\"image\":{\"@id\":\"https:\/\/www.estrategiaconcursos.com.br\/blog\/concurso-esfcex-edital-2021\/#primaryimage\"},\"thumbnailUrl\":\"https:\/\/dhg1h5j42swfq.cloudfront.net\/2019\/12\/02085042\/Saiu-Edital-ECJ-1.png\",\"articleSection\":[\"Concursos P\u00fablicos\",\"For\u00e7as Armadas (Oficiais)\"],\"inLanguage\":\"pt-BR\",\"potentialAction\":[{\"@type\":\"CommentAction\",\"name\":\"Comment\",\"target\":[\"https:\/\/www.estrategiaconcursos.com.br\/blog\/concurso-esfcex-edital-2021\/#respond\"]}],\"copyrightYear\":\"2020\",\"copyrightHolder\":{\"@id\":\"https:\/\/www.estrategiaconcursos.com.br\/blog\/#organization\"}},{\"@type\":\"WebPage\",\"@id\":\"https:\/\/www.estrategiaconcursos.com.br\/blog\/concurso-esfcex-edital-2021\/\",\"url\":\"https:\/\/www.estrategiaconcursos.com.br\/blog\/concurso-esfcex-edital-2021\/\",\"name\":\"Concurso EsFCEx 2021: inscri\u00e7\u00f5es encerradas; remunera\u00e7\u00e3o de R$ 11 MIL!\",\"isPartOf\":{\"@id\":\"https:\/\/www.estrategiaconcursos.com.br\/blog\/#website\"},\"primaryImageOfPage\":{\"@id\":\"https:\/\/www.estrategiaconcursos.com.br\/blog\/concurso-esfcex-edital-2021\/#primaryimage\"},\"image\":{\"@id\":\"https:\/\/www.estrategiaconcursos.com.br\/blog\/concurso-esfcex-edital-2021\/#primaryimage\"},\"thumbnailUrl\":\"https:\/\/dhg1h5j42swfq.cloudfront.net\/2019\/12\/02085042\/Saiu-Edital-ECJ-1.png\",\"datePublished\":\"2020-08-06T03:10:00+00:00\",\"dateModified\":\"2025-03-20T19:22:23+00:00\",\"description\":\"Concurso EsFCEx: foi publicado no Di\u00e1rio Oficial o edital do concursopara o Curso de Forma\u00e7\u00e3o de Oficiais (CFO) Saiba mais!\",\"breadcrumb\":{\"@id\":\"https:\/\/www.estrategiaconcursos.com.br\/blog\/concurso-esfcex-edital-2021\/#breadcrumb\"},\"inLanguage\":\"pt-BR\",\"potentialAction\":[{\"@type\":\"ReadAction\",\"target\":[\"https:\/\/www.estrategiaconcursos.com.br\/blog\/concurso-esfcex-edital-2021\/\"]}]},{\"@type\":\"ImageObject\",\"inLanguage\":\"pt-BR\",\"@id\":\"https:\/\/www.estrategiaconcursos.com.br\/blog\/concurso-esfcex-edital-2021\/#primaryimage\",\"url\":\"https:\/\/dhg1h5j42swfq.cloudfront.net\/2019\/12\/02085042\/Saiu-Edital-ECJ-1.png\",\"contentUrl\":\"https:\/\/dhg1h5j42swfq.cloudfront.net\/2019\/12\/02085042\/Saiu-Edital-ECJ-1.png\",\"width\":1200,\"height\":628,\"caption\":\"concurso\"},{\"@type\":\"BreadcrumbList\",\"@id\":\"https:\/\/www.estrategiaconcursos.com.br\/blog\/concurso-esfcex-edital-2021\/#breadcrumb\",\"itemListElement\":[{\"@type\":\"ListItem\",\"position\":1,\"name\":\"In\u00edcio\",\"item\":\"https:\/\/www.estrategiaconcursos.com.br\/blog\/\"},{\"@type\":\"ListItem\",\"position\":2,\"name\":\"Concurso EsFCEx 2021: inscri\u00e7\u00f5es encerradas; remunera\u00e7\u00e3o de R$ 11 MIL!\"}]},{\"@type\":\"WebSite\",\"@id\":\"https:\/\/www.estrategiaconcursos.com.br\/blog\/#website\",\"url\":\"https:\/\/www.estrategiaconcursos.com.br\/blog\/\",\"name\":\"Estrat\u00e9gia Concursos\",\"description\":\"O blog da Estrat\u00e9gia Concursos traz not\u00edcias sobre concursos e artigos de professores oferecendo cursos para concursos (pdf + videaulas) no site.\",\"publisher\":{\"@id\":\"https:\/\/www.estrategiaconcursos.com.br\/blog\/#organization\"},\"potentialAction\":[{\"@type\":\"SearchAction\",\"target\":{\"@type\":\"EntryPoint\",\"urlTemplate\":\"https:\/\/www.estrategiaconcursos.com.br\/blog\/?s={search_term_string}\"},\"query-input\":{\"@type\":\"PropertyValueSpecification\",\"valueRequired\":true,\"valueName\":\"search_term_string\"}}],\"inLanguage\":\"pt-BR\"},{\"@type\":\"Organization\",\"@id\":\"https:\/\/www.estrategiaconcursos.com.br\/blog\/#organization\",\"name\":\"Estrat\u00e9gia Concursos\",\"url\":\"https:\/\/www.estrategiaconcursos.com.br\/blog\/\",\"logo\":{\"@type\":\"ImageObject\",\"inLanguage\":\"pt-BR\",\"@id\":\"https:\/\/www.estrategiaconcursos.com.br\/blog\/#\/schema\/logo\/image\/\",\"url\":\"https:\/\/dhg1h5j42swfq.cloudfront.net\/2025\/06\/03203428\/logo_concursos-1.jpg\",\"contentUrl\":\"https:\/\/dhg1h5j42swfq.cloudfront.net\/2025\/06\/03203428\/logo_concursos-1.jpg\",\"width\":230,\"height\":60,\"caption\":\"Estrat\u00e9gia Concursos\"},\"image\":{\"@id\":\"https:\/\/www.estrategiaconcursos.com.br\/blog\/#\/schema\/logo\/image\/\"},\"sameAs\":[\"https:\/\/x.com\/EstratConcursos\"]},{\"@type\":\"Person\",\"@id\":\"https:\/\/www.estrategiaconcursos.com.br\/blog\/#\/schema\/person\/b4a388c97673c5f483d72185668afa1f\",\"name\":\"Coordena\u00e7\u00e3o\",\"image\":{\"@type\":\"ImageObject\",\"inLanguage\":\"pt-BR\",\"@id\":\"https:\/\/secure.gravatar.com\/avatar\/b720319e4c9a967eb58678d110f4fe35452fc5d5f97b202bac7b8acceb18c6ad?s=96&d=mm&r=g\",\"url\":\"https:\/\/secure.gravatar.com\/avatar\/b720319e4c9a967eb58678d110f4fe35452fc5d5f97b202bac7b8acceb18c6ad?s=96&d=mm&r=g\",\"contentUrl\":\"https:\/\/secure.gravatar.com\/avatar\/b720319e4c9a967eb58678d110f4fe35452fc5d5f97b202bac7b8acceb18c6ad?s=96&d=mm&r=g\",\"caption\":\"Coordena\u00e7\u00e3o\"},\"sameAs\":[\"https:\/\/www.facebook.com\/EstrategiaConcursos\",\"https:\/\/x.com\/EstratConcursos\"],\"url\":\"https:\/\/www.estrategiaconcursos.com.br\/blog\/author\/estrategia2013\/\"}]}<\/script>\n<!-- \/ Yoast SEO Premium plugin. -->","yoast_head_json":{"title":"Concurso EsFCEx 2021: inscri\u00e7\u00f5es encerradas; remunera\u00e7\u00e3o de R$ 11 MIL!","description":"Concurso EsFCEx: foi publicado no Di\u00e1rio Oficial o edital do concursopara o Curso de Forma\u00e7\u00e3o de Oficiais (CFO) Saiba mais!","robots":{"index":"index","follow":"follow","max-snippet":"max-snippet:-1","max-image-preview":"max-image-preview:large","max-video-preview":"max-video-preview:-1"},"canonical":"https:\/\/www.estrategiaconcursos.com.br\/blog\/concurso-esfcex-edital-2021\/","og_locale":"pt_BR","og_type":"article","og_title":"Concurso EsFCEx 2021: inscri\u00e7\u00f5es encerradas; remunera\u00e7\u00e3o de R$ 11 MIL!","og_description":"Concurso EsFCEx: foi publicado no Di\u00e1rio Oficial o edital do concursopara o Curso de Forma\u00e7\u00e3o de Oficiais (CFO) Saiba mais!","og_url":"https:\/\/www.estrategiaconcursos.com.br\/blog\/concurso-esfcex-edital-2021\/","og_site_name":"Estrat\u00e9gia Concursos","article_author":"https:\/\/www.facebook.com\/EstrategiaConcursos","article_published_time":"2020-08-06T03:10:00+00:00","article_modified_time":"2025-03-20T19:22:23+00:00","og_image":[{"width":1200,"height":628,"url":"https:\/\/dhg1h5j42swfq.cloudfront.net\/2019\/12\/02085042\/Saiu-Edital-ECJ-1.png","type":"image\/png"}],"author":"Coordena\u00e7\u00e3o","twitter_card":"summary_large_image","twitter_creator":"@EstratConcursos","twitter_site":"@EstratConcursos","twitter_misc":{"Escrito por":"Coordena\u00e7\u00e3o","Est. tempo de leitura":"4 minutos"},"schema":{"@context":"https:\/\/schema.org","@graph":[{"@type":"NewsArticle","@id":"https:\/\/www.estrategiaconcursos.com.br\/blog\/concurso-esfcex-edital-2021\/#article","isPartOf":{"@id":"https:\/\/www.estrategiaconcursos.com.br\/blog\/concurso-esfcex-edital-2021\/"},"author":{"name":"Coordena\u00e7\u00e3o","@id":"https:\/\/www.estrategiaconcursos.com.br\/blog\/#\/schema\/person\/b4a388c97673c5f483d72185668afa1f"},"headline":"Concurso EsFCEx 2021: inscri\u00e7\u00f5es encerradas; remunera\u00e7\u00e3o de R$ 11 MIL!","datePublished":"2020-08-06T03:10:00+00:00","dateModified":"2025-03-20T19:22:23+00:00","mainEntityOfPage":{"@id":"https:\/\/www.estrategiaconcursos.com.br\/blog\/concurso-esfcex-edital-2021\/"},"wordCount":756,"commentCount":3,"publisher":{"@id":"https:\/\/www.estrategiaconcursos.com.br\/blog\/#organization"},"image":{"@id":"https:\/\/www.estrategiaconcursos.com.br\/blog\/concurso-esfcex-edital-2021\/#primaryimage"},"thumbnailUrl":"https:\/\/dhg1h5j42swfq.cloudfront.net\/2019\/12\/02085042\/Saiu-Edital-ECJ-1.png","articleSection":["Concursos P\u00fablicos","For\u00e7as Armadas (Oficiais)"],"inLanguage":"pt-BR","potentialAction":[{"@type":"CommentAction","name":"Comment","target":["https:\/\/www.estrategiaconcursos.com.br\/blog\/concurso-esfcex-edital-2021\/#respond"]}],"copyrightYear":"2020","copyrightHolder":{"@id":"https:\/\/www.estrategiaconcursos.com.br\/blog\/#organization"}},{"@type":"WebPage","@id":"https:\/\/www.estrategiaconcursos.com.br\/blog\/concurso-esfcex-edital-2021\/","url":"https:\/\/www.estrategiaconcursos.com.br\/blog\/concurso-esfcex-edital-2021\/","name":"Concurso EsFCEx 2021: inscri\u00e7\u00f5es encerradas; remunera\u00e7\u00e3o de R$ 11 MIL!","isPartOf":{"@id":"https:\/\/www.estrategiaconcursos.com.br\/blog\/#website"},"primaryImageOfPage":{"@id":"https:\/\/www.estrategiaconcursos.com.br\/blog\/concurso-esfcex-edital-2021\/#primaryimage"},"image":{"@id":"https:\/\/www.estrategiaconcursos.com.br\/blog\/concurso-esfcex-edital-2021\/#primaryimage"},"thumbnailUrl":"https:\/\/dhg1h5j42swfq.cloudfront.net\/2019\/12\/02085042\/Saiu-Edital-ECJ-1.png","datePublished":"2020-08-06T03:10:00+00:00","dateModified":"2025-03-20T19:22:23+00:00","description":"Concurso EsFCEx: foi publicado no Di\u00e1rio Oficial o edital do concursopara o Curso de Forma\u00e7\u00e3o de Oficiais (CFO) Saiba mais!","breadcrumb":{"@id":"https:\/\/www.estrategiaconcursos.com.br\/blog\/concurso-esfcex-edital-2021\/#breadcrumb"},"inLanguage":"pt-BR","potentialAction":[{"@type":"ReadAction","target":["https:\/\/www.estrategiaconcursos.com.br\/blog\/concurso-esfcex-edital-2021\/"]}]},{"@type":"ImageObject","inLanguage":"pt-BR","@id":"https:\/\/www.estrategiaconcursos.com.br\/blog\/concurso-esfcex-edital-2021\/#primaryimage","url":"https:\/\/dhg1h5j42swfq.cloudfront.net\/2019\/12\/02085042\/Saiu-Edital-ECJ-1.png","contentUrl":"https:\/\/dhg1h5j42swfq.cloudfront.net\/2019\/12\/02085042\/Saiu-Edital-ECJ-1.png","width":1200,"height":628,"caption":"concurso"},{"@type":"BreadcrumbList","@id":"https:\/\/www.estrategiaconcursos.com.br\/blog\/concurso-esfcex-edital-2021\/#breadcrumb","itemListElement":[{"@type":"ListItem","position":1,"name":"In\u00edcio","item":"https:\/\/www.estrategiaconcursos.com.br\/blog\/"},{"@type":"ListItem","position":2,"name":"Concurso EsFCEx 2021: inscri\u00e7\u00f5es encerradas; remunera\u00e7\u00e3o de R$ 11 MIL!"}]},{"@type":"WebSite","@id":"https:\/\/www.estrategiaconcursos.com.br\/blog\/#website","url":"https:\/\/www.estrategiaconcursos.com.br\/blog\/","name":"Estrat\u00e9gia Concursos","description":"O blog da Estrat\u00e9gia Concursos traz not\u00edcias sobre concursos e artigos de professores oferecendo cursos para concursos (pdf + videaulas) no site.","publisher":{"@id":"https:\/\/www.estrategiaconcursos.com.br\/blog\/#organization"},"potentialAction":[{"@type":"SearchAction","target":{"@type":"EntryPoint","urlTemplate":"https:\/\/www.estrategiaconcursos.com.br\/blog\/?s={search_term_string}"},"query-input":{"@type":"PropertyValueSpecification","valueRequired":true,"valueName":"search_term_string"}}],"inLanguage":"pt-BR"},{"@type":"Organization","@id":"https:\/\/www.estrategiaconcursos.com.br\/blog\/#organization","name":"Estrat\u00e9gia Concursos","url":"https:\/\/www.estrategiaconcursos.com.br\/blog\/","logo":{"@type":"ImageObject","inLanguage":"pt-BR","@id":"https:\/\/www.estrategiaconcursos.com.br\/blog\/#\/schema\/logo\/image\/","url":"https:\/\/dhg1h5j42swfq.cloudfront.net\/2025\/06\/03203428\/logo_concursos-1.jpg","contentUrl":"https:\/\/dhg1h5j42swfq.cloudfront.net\/2025\/06\/03203428\/logo_concursos-1.jpg","width":230,"height":60,"caption":"Estrat\u00e9gia Concursos"},"image":{"@id":"https:\/\/www.estrategiaconcursos.com.br\/blog\/#\/schema\/logo\/image\/"},"sameAs":["https:\/\/x.com\/EstratConcursos"]},{"@type":"Person","@id":"https:\/\/www.estrategiaconcursos.com.br\/blog\/#\/schema\/person\/b4a388c97673c5f483d72185668afa1f","name":"Coordena\u00e7\u00e3o","image":{"@type":"ImageObject","inLanguage":"pt-BR","@id":"https:\/\/secure.gravatar.com\/avatar\/b720319e4c9a967eb58678d110f4fe35452fc5d5f97b202bac7b8acceb18c6ad?s=96&d=mm&r=g","url":"https:\/\/secure.gravatar.com\/avatar\/b720319e4c9a967eb58678d110f4fe35452fc5d5f97b202bac7b8acceb18c6ad?s=96&d=mm&r=g","contentUrl":"https:\/\/secure.gravatar.com\/avatar\/b720319e4c9a967eb58678d110f4fe35452fc5d5f97b202bac7b8acceb18c6ad?s=96&d=mm&r=g","caption":"Coordena\u00e7\u00e3o"},"sameAs":["https:\/\/www.facebook.com\/EstrategiaConcursos","https:\/\/x.com\/EstratConcursos"],"url":"https:\/\/www.estrategiaconcursos.com.br\/blog\/author\/estrategia2013\/"}]}},"_links":{"self":[{"href":"https:\/\/www.estrategiaconcursos.com.br\/blog\/wp-json\/wp\/v2\/posts\/457114","targetHints":{"allow":["GET"]}}],"collection":[{"href":"https:\/\/www.estrategiaconcursos.com.br\/blog\/wp-json\/wp\/v2\/posts"}],"about":[{"href":"https:\/\/www.estrategiaconcursos.com.br\/blog\/wp-json\/wp\/v2\/types\/post"}],"author":[{"embeddable":true,"href":"https:\/\/www.estrategiaconcursos.com.br\/blog\/wp-json\/wp\/v2\/users\/1"}],"replies":[{"embeddable":true,"href":"https:\/\/www.estrategiaconcursos.com.br\/blog\/wp-json\/wp\/v2\/comments?post=457114"}],"version-history":[{"count":52,"href":"https:\/\/www.estrategiaconcursos.com.br\/blog\/wp-json\/wp\/v2\/posts\/457114\/revisions"}],"predecessor-version":[{"id":1217485,"href":"https:\/\/www.estrategiaconcursos.com.br\/blog\/wp-json\/wp\/v2\/posts\/457114\/revisions\/1217485"}],"wp:featuredmedia":[{"embeddable":true,"href":"https:\/\/www.estrategiaconcursos.com.br\/blog\/wp-json\/wp\/v2\/media\/453990"}],"wp:attachment":[{"href":"https:\/\/www.estrategiaconcursos.com.br\/blog\/wp-json\/wp\/v2\/media?parent=457114"}],"wp:term":[{"taxonomy":"category","embeddable":true,"href":"https:\/\/www.estrategiaconcursos.com.br\/blog\/wp-json\/wp\/v2\/categories?post=457114"},{"taxonomy":"post_tag","embeddable":true,"href":"https:\/\/www.estrategiaconcursos.com.br\/blog\/wp-json\/wp\/v2\/tags?post=457114"},{"taxonomy":"tax_estado","embeddable":true,"href":"https:\/\/www.estrategiaconcursos.com.br\/blog\/wp-json\/wp\/v2\/tax_estado?post=457114"}],"curies":[{"name":"wp","href":"https:\/\/api.w.org\/{rel}","templated":true}]}}