{"id":457107,"date":"2019-12-07T13:42:52","date_gmt":"2019-12-07T16:42:52","guid":{"rendered":"https:\/\/www.estrategiaconcursos.com.br\/blog\/?p=457107"},"modified":"2019-12-09T09:07:38","modified_gmt":"2019-12-09T12:07:38","slug":"edital-sms-recife-695-vagas","status":"publish","type":"post","link":"https:\/\/www.estrategiaconcursos.com.br\/blog\/edital-sms-recife-695-vagas\/","title":{"rendered":"Edital SMS Recife: inscri\u00e7\u00f5es abertas! S\u00e3o 695 vagas para n\u00edveis m\u00e9dio e superior"},"content":{"rendered":"\n<p>No dia <strong>07 de dezembro<\/strong>, foi publicado o edital do concurso para a <strong>Secretaria de Sa\u00fade do Munic\u00edpio de Recife &#8211; SMS Recife<\/strong>. S\u00e3o ofertadas <strong>695 vagas<\/strong> para diversos cargos de n\u00edvel m\u00e9dio\/t\u00e9cnico e superior de escolaridade. As remunera\u00e7\u00f5es variam de R$ 833,60 a R$ 11.512,41. <\/p>\n\n\n\n<p>A publica\u00e7\u00e3o do edital confirma o anunciado pela titular da pasta, Elaine Germano, em audi\u00eancia p\u00fablica realizada em 31 de maio na C\u00e2mara Municipal da capital pernambucana e pela Assessoria de Imprensa que j\u00e1 havia confirmado a oferta de 500 ou mais vagas para o novo concurso. <\/p>\n\n\n\n<p>Os interessados em participar do certame dever\u00e3o acessar o site da banca organizadora, o Instituto AOCP e preencher o formul\u00e1rio de inscri\u00e7\u00e3o entre as <strong>09 horas do dia 09 de dezembro<\/strong> at\u00e9 as <strong>23 horas e 59 minutos<\/strong> do dia <strong>13 de janeiro de 2020.<\/strong><\/p>\n\n\n\n<p>Neste artigo voc\u00ea acompanhar\u00e1 as principais informa\u00e7\u00f5es sobre o certame. <\/p>\n\n\n\n<h2 class=\"wp-block-heading\">Principais datas <\/h2>\n\n\n\n<p class=\"has-background has-very-light-gray-background-color\"><em><strong>Per\u00edodo de inscri\u00e7\u00f5es<\/strong><\/em>: 09 de dezembro de 2019 a 13 de janeiro de 2020 <br \/><strong><em>Isen\u00e7\u00e3o<\/em><\/strong>: 09 a 16 de dezembro de 2019<br \/><em><strong>Taxa<\/strong><\/em>: R$ 50,00 a R$ 100,00 <br \/><em><strong>Aplica\u00e7\u00e3o da Prova Objetiva<\/strong><\/em>: 01 de mar\u00e7o de 2020 <\/p>\n\n\n\n<h2 class=\"wp-block-heading\">Cargos, vagas e remunera\u00e7\u00f5es <\/h2>\n\n\n\n<p>Os cargos dispon\u00edveis s\u00e3o para n\u00edvel m\u00e9dio\/t\u00e9cnico e superior e as cargas hor\u00e1rias variam de 20 a 40 horas semanais. <\/p>\n\n\n\n<h3 class=\"wp-block-heading\">N\u00edvel M\u00e9dio\/T\u00e9cnico <\/h3>\n\n\n\n<p><\/p>\n\n\n\n<table class=\"wp-block-table aligncenter has-subtle-pale-blue-background-color has-fixed-layout has-background is-style-stripes\"><tbody><tr><td><strong>Cargos&nbsp;<\/strong><\/td><td><strong>Carga Hor\u00e1ria Semanal&nbsp;&nbsp;<\/strong><\/td><td><strong>Remunera\u00e7\u00e3o&nbsp;<\/strong><\/td><\/tr><tr><td>Agente de Sa\u00fade Ambiental e Combate \u00e0s Endemias&nbsp;<\/td><td>40 horas&nbsp;<\/td><td>R$ 1.138,17<\/td><\/tr><tr><td>Auxiliar em sa\u00fade bucal<\/td><td>30 horas&nbsp;<\/td><td>R$ 1.004,06<\/td><\/tr><tr><td>Auxiliar em sa\u00fade bucal<\/td><td>40 horas&nbsp;<\/td><td>R$ 1.329,53<\/td><\/tr><tr><td>T\u00e9cnico de Enfermagem (v\u00e1rias especialidades)<\/td><td>30 horas&nbsp;<\/td><td>R$ 991,51<\/td><\/tr><tr><td>T\u00e9cnico de Enfermagem&nbsp;<\/td><td>40 horas&nbsp;<\/td><td>R$ 1.235,35<\/td><\/tr><tr><td>T\u00e9cnico de Laborat\u00f3rio<\/td><td>30 horas&nbsp;<\/td><td>R$ 833,60<\/td><\/tr><tr><td>T\u00e9cnico em Histopatologia<\/td><td>30 horas&nbsp;<\/td><td>R$ 833,60<\/td><\/tr><tr><td>T\u00e9cnico em Imobiliza\u00e7\u00e3o\n  Ortop\u00e9dica&nbsp;<\/td><td>30 horas&nbsp;<\/td><td>R$ 833,60<\/td><\/tr><tr><td>T\u00e9cnico em Radiologia\n  Plantonista<\/td><td>20 horas<\/td><td>R$ 833,60<\/td><\/tr><tr><td>T\u00e9cnico em Saneamento&nbsp;<\/td><td>30 horas&nbsp;<\/td><td>R$ 833,60<\/td><\/tr><tr><td>T\u00e9cnico em Sa\u00fade Bucal&nbsp;<\/td><td>30 horas&nbsp;<\/td><td>R$ 1.016,60<\/td><\/tr><tr><td>T\u00e9cnico em Sa\u00fade Bucal&nbsp;<\/td><td>40 horas&nbsp;<\/td><td>R$ 1.339,28<\/td><\/tr><tr><td>T\u00e9cnico de Seguran\u00e7a do Trabalho 30h<\/td><td>30 horas&nbsp;<\/td><td>R$ 833,60<\/td><\/tr><\/tbody><\/table>\n\n\n\n<h3 class=\"wp-block-heading\">N\u00edvel Superior<\/h3>\n\n\n\n<p><\/p>\n\n\n\n<table class=\"wp-block-table aligncenter has-subtle-pale-blue-background-color has-fixed-layout has-background is-style-stripes\"><tbody><tr><td><strong>Cargos&nbsp;<\/strong> <\/td><td><strong>Carga Hor\u00e1ria Semanal&nbsp;&nbsp;<\/strong> <\/td><td><strong>Remunera\u00e7\u00e3o&nbsp;<\/strong> <\/td><\/tr><tr><td>Analista\n  Cl\u00ednico&nbsp;<\/td><td>30 horas&nbsp;<\/td><td>R$ 2.373,84<\/td><\/tr><tr><td>Assistente Social&nbsp;<\/td><td>20 horas<\/td><td>R$ 1.419,18<\/td><\/tr><tr><td>Assistente Social<\/td><td>30 horas&nbsp;<\/td><td>R$ 2.373,84<\/td><\/tr><tr><td>Bi\u00f3logo&nbsp;<\/td><td>30 horas&nbsp;<\/td><td>R$ 2.373,84<\/td><\/tr><tr><td>Biom\u00e9dico&nbsp;<\/td><td>30 horas&nbsp;<\/td><td>R$ 2.373,84<\/td><\/tr><tr><td>Cirurgi\u00e3o Dentista (v\u00e1rias\n  especialidades)<\/td><td>20 horas<\/td><td>R$ 2.672,68<\/td><\/tr><tr><td>Cirurgi\u00e3o Dentista (v\u00e1rias especialidades)<\/td><td>40 horas&nbsp;<\/td><td>R$ 5.345,33<\/td><\/tr><tr><td>Enfermeiro (v\u00e1rias\n  especialidades)<\/td><td>30 horas&nbsp;<\/td><td>R$ 3.012,13<\/td><\/tr><tr><td>Enfermeiro (v\u00e1rias\n  especialidades)<\/td><td>40 horas&nbsp;<\/td><td>R$ 5.345,33<\/td><\/tr><tr><td>Enfermeio Obstetra<\/td><td>30 horas&nbsp;<\/td><td>R$ 3.012,13<\/td><\/tr><tr><td>Enfermeio Obstetra&nbsp;<\/td><td>40 horas&nbsp;<\/td><td>R$ 5.345,33<\/td><\/tr><tr><td>Engenheiro de Seguran\u00e7a do\n  Trabalho&nbsp;<\/td><td>30 horas&nbsp;<\/td><td>R$ 4.684,03<\/td><\/tr><tr><td>Farmac\u00eautico&nbsp;<\/td><td>30 horas&nbsp;<\/td><td>R$ 2.533,15<\/td><\/tr><tr><td>Farmac\u00eautico&nbsp;<\/td><td>40 horas&nbsp;<\/td><td>R$ 3.016,77<\/td><\/tr><tr><td>Fisioterapeuta&nbsp;<\/td><td>20 horas<\/td><td>R$ 1.544,68<\/td><\/tr><tr><td>Fisioterapeuta&nbsp;<\/td><td>30 horas&nbsp;<\/td><td>R$ 2.533,15<\/td><\/tr><tr><td>Fonoaudi\u00f3logo<\/td><td>30 horas&nbsp;<\/td><td>R$ 2.373,84<\/td><\/tr><tr><td>Fonoaudi\u00f3logo<\/td><td>40 horas&nbsp;<\/td><td>R$ 2.703,17<\/td><\/tr><tr><td>Fonoaudi\u00f3logo Infantil&nbsp;<\/td><td>30 horas&nbsp;<\/td><td>R$ 2.373,84<\/td><\/tr><tr><td>M\u00e9dico (v\u00e1rias especialidades)<\/td><td>20 horas<\/td><td>R$ 5.911,99<\/td><\/tr><tr><td>M\u00e9dico do Trabalho<\/td><td>20 horas<\/td><td>R$ 5.911,99<\/td><\/tr><tr><td>M\u00e9dico&nbsp;<\/td><td>40 horas&nbsp;<\/td><td>R$ 11.512,41<\/td><\/tr><tr><td>M\u00e9dico veterin\u00e1rio&nbsp;<\/td><td>30 horas&nbsp;<\/td><td>R$ 3.067,17<\/td><\/tr><tr><td>Nutricionista&nbsp;<\/td><td>30 horas&nbsp;<\/td><td>R$ 2.373,84<\/td><\/tr><tr><td>Nutricionista&nbsp;<\/td><td>40 horas&nbsp;<\/td><td>R$ 2.703,17<\/td><\/tr><tr><td>Profissional de Educa\u00e7\u00e3o F\u00edsica&nbsp;<\/td><td>30 horas&nbsp;<\/td><td>R$ 2.373,84<\/td><\/tr><tr><td>Psic\u00f3logo&nbsp;<\/td><td>30 horas&nbsp;<\/td><td>R$ 2.373,84<\/td><\/tr><tr><td>Psic\u00f3logo&nbsp;<\/td><td>40 horas&nbsp;<\/td><td>R$ 2.703,17<\/td><\/tr><tr><td>Qu\u00edmico&nbsp;<\/td><td>30 horas&nbsp;<\/td><td>R$ 4.684,03<\/td><\/tr><tr><td>Sanitarista<\/td><td>30 horas&nbsp;<\/td><td>R$ 2.373,84<\/td><\/tr><tr><td>Sanitarista&nbsp;<\/td><td>40 horas&nbsp;<\/td><td>R$ 4.237,24<\/td><\/tr><tr><td>Terapeuta Ocupacional&nbsp;<\/td><td>20 horas<\/td><td>R$ 1.544,68<\/td><\/tr><tr><td>Terapeuta Ocupacional&nbsp;<\/td><td>30 horas&nbsp;<\/td><td>R$ 2.553,15<\/td><\/tr><\/tbody><\/table>\n\n\n\n<h2 class=\"wp-block-heading\">Etapas do concurso <\/h2>\n\n\n\n<p>O certame ser\u00e1 dividido nas seguintes etapas: <\/p>\n\n\n\n<ul class=\"wp-block-list\"><li><em><strong>Prova Objetiva<\/strong><\/em> (todos os cargos): car\u00e1ter eliminat\u00f3rio e classificat\u00f3rio <\/li><li><em><strong>Prova de T\u00edtulos <\/strong><\/em>(cargos de n\u00edvel superior e t\u00e9cnico de enfermagem 30 horas): car\u00e1ter classificat\u00f3rio  <\/li><\/ul>\n\n\n\n<h3 class=\"wp-block-heading\">Prova Objetiva <\/h3>\n\n\n\n<p>A Prova Objetiva ser\u00e1 composta de 50  quest\u00f5es distribu\u00eddas por \u00e1reas de conhecimento. Cada quest\u00e3o da Prova Objetiva ter\u00e1 5 alternativas, sendo que cada quest\u00e3o ter\u00e1 apenas 1 alternativa correta, pontuadas conforme as Tabelas do item. <\/p>\n\n\n\n<h4 class=\"wp-block-heading\">N\u00edvel M\u00e9dio\/T\u00e9cnico  <\/h4>\n\n\n\n<p><\/p>\n\n\n\n<table class=\"wp-block-table aligncenter has-subtle-pale-blue-background-color has-fixed-layout has-background is-style-stripes\"><tbody><tr><td><strong>Disciplina<\/strong><\/td><td><strong>N.\u00ba de quest\u00f5es<\/strong><\/td><td><strong>Pontua\u00e7\u00e3o <\/strong><\/td><td><strong>Pontua\u00e7\u00e3o M\u00e1xima <\/strong><\/td><\/tr><tr><td> L\u00edngua Portuguesa <\/td><td>15<\/td><td>2,0<\/td><td>30<\/td><\/tr><tr><td> Sistema \u00danico de Sa\u00fade (SUS)\/Sa\u00fade Coletiva <\/td><td>15<\/td><td>2,0<\/td><td>30<\/td><\/tr><tr><td> Conhecimentos Espec\u00edficos <\/td><td>20<\/td><td>2,0<\/td><td>40<\/td><\/tr><tr><td><strong>Total<\/strong><\/td><td><strong>50<\/strong><\/td><td><\/td><td><strong>100<\/strong><\/td><\/tr><\/tbody><\/table>\n\n\n\n<h4 class=\"wp-block-heading\">N\u00edvel Superior<\/h4>\n\n\n\n<p><\/p>\n\n\n\n<table class=\"wp-block-table aligncenter has-subtle-pale-blue-background-color has-fixed-layout has-background is-style-stripes\"><tbody><tr><td><strong>Disciplina<\/strong><\/td><td><strong>N.\u00ba de quest\u00f5es<\/strong><\/td><td><strong>Pontua\u00e7\u00e3o <\/strong><\/td><td><strong>Pontua\u00e7\u00e3o M\u00e1xima <\/strong><\/td><\/tr><tr><td> L\u00edngua Portuguesa <\/td><td>15<\/td><td>2,0<\/td><td>30<\/td><\/tr><tr><td> Sistema \u00danico de Sa\u00fade (SUS)\/Sa\u00fade Coletiva <\/td><td>15<\/td><td>2,0<\/td><td>30<\/td><\/tr><tr><td> Conhecimentos Espec\u00edficos <\/td><td>20<\/td><td>2,0<\/td><td>40<\/td><\/tr><tr><td><strong>Total<\/strong><\/td><td><strong>50<\/strong><\/td><td><\/td><td><strong>100<\/strong><\/td><\/tr><\/tbody><\/table>\n\n\n\n<p>Ser\u00e1 atribu\u00edda pontua\u00e7\u00e3o 0 \u00e0s quest\u00f5es com mais de uma op\u00e7\u00e3o assinalada, quest\u00f5es sem op\u00e7\u00e3o assinalada, com rasuras ou preenchidas a l\u00e1pis. O candidato dever\u00e1 obter <strong>50 pontos <\/strong>ou mais na Prova Escrita Objetiva para n\u00e3o ser eliminado do concurso p\u00fablico. <\/p>\n\n\n\n<h2 class=\"wp-block-heading\">Prova de T\u00edtulos <\/h2>\n\n\n\n<p>A Prova de t\u00edtulos, de car\u00e1ter classificat\u00f3rio ser\u00e1 aplicada para os cargos de  <em>T\u00e9cnico de Enfermagem SAMU &#8211; Plantonista (30 horas) e T\u00e9cnico de Enfermagem Operador de Motol\u00e2ncia SAMU &#8211; Plantonista (30 horas)<\/em> e N\u00edvel Superior. <\/p>\n\n\n\n<h4 class=\"wp-block-heading\">Cargos de N\u00edvel T\u00e9cnico  <\/h4>\n\n\n\n<p><\/p>\n\n\n\n<table class=\"wp-block-table aligncenter has-subtle-pale-blue-background-color has-fixed-layout has-background is-style-stripes\"><tbody><tr><td><strong> T\u00cdTULOS <\/strong><\/td><td> <strong>PONTUA\u00c7\u00c3O M\u00c1XIMA<\/strong> <\/td><\/tr><tr><td> Curso de Atualiza\u00e7\u00e3o, com carga hor\u00e1ria m\u00ednima de 30 horas de carga hor\u00e1ria na \u00e1rea de urg\u00eancia\/emerg\u00eancia (excetuando os anteriores).<\/td><td> 100 <\/td><\/tr><tr><td> Certificado\/Declara\u00e7\u00e3o de Conclus\u00e3o de Curso de Atendimento Pr\u00e9-hospitalar (APH) com no m\u00ednimo 20 horas de carga hor\u00e1ria. <\/td><td> 70 <\/td><\/tr><tr><td> Curso de Suporte B\u00e1sico de Vida com no m\u00ednimo 20 horas  de carga hor\u00e1ria. <\/td><td> 60 <\/td><\/tr><\/tbody><\/table>\n\n\n\n<h4 class=\"wp-block-heading\">N\u00edvel Superior <\/h4>\n\n\n\n<p><\/p>\n\n\n\n<table class=\"wp-block-table aligncenter has-subtle-pale-blue-background-color has-fixed-layout has-background is-style-stripes\"><tbody><tr><td><strong> T\u00cdTULOS <\/strong><\/td><td> <strong>PONTUA\u00c7\u00c3O M\u00c1XIMA<\/strong> <\/td><\/tr><tr><td> Certificado ou Declara\u00e7\u00e3o de conclus\u00e3o de Doutorado na \u00c1rea de Atua\u00e7\u00e3o escolhida pelo candidato.<\/td><td> 100 <\/td><\/tr><tr><td>  Certificado ou Declara\u00e7\u00e3o de conclus\u00e3o de Mestrado na \u00c1rea de Atua\u00e7\u00e3o escolhida pelo candidato.<\/td><td> 80<\/td><\/tr><tr><td>  Certificado de Especializa\u00e7\u00e3o na forma de treinamento em servi\u00e7o, sob supervis\u00e3o na \u00c1rea de Atua\u00e7\u00e3o escolhida pelo candidato.<\/td><td> 70 <\/td><\/tr><tr><td> Certificado de conclus\u00e3o de cursos de especializa\u00e7\u00e3o na \u00c1rea de Atua\u00e7\u00e3o escolhida pelo candidato, a partir de 360 horas, emitido por entidade reconhecida pelo MEC.  <\/td><td>60<\/td><\/tr><\/tbody><\/table>\n\n\n\n<p><\/p>\n\n\n\n<h3 class=\"wp-block-heading\"><em>Gostou dessa oportunidade? Ent\u00e3o, confira abaixo os nossos cursos.<\/em><\/h3>\n\n\n\n<p style=\"text-align:center\" class=\"has-background has-medium-font-size has-luminous-vivid-amber-background-color\"><a href=\"https:\/\/www.estrategiaconcursos.com.br\/cursos\/concurso\/\"><strong>CURSO SMS RECIFE<\/strong><\/a><\/p>\n\n\n\n<p style=\"text-align:center\"><em><strong>Assinatura Anual Ilimitada*<\/strong><\/em><\/p>\n\n\n\n<p><em>Prepare-se com o melhor material e com quem mais aprova em Concursos P\u00fablicos em todo o pa\u00eds. Assine agora a nossa Assinatura Anual e tenha acesso ilimitado a todos os nossos cursos.<\/em><\/p>\n\n\n\n<p style=\"text-align:center\" class=\"has-background has-medium-font-size has-light-green-cyan-background-color\"><strong>ASSINE AGORA<\/strong>&nbsp;\u2013&nbsp;<a rel=\"noreferrer noopener\" href=\"https:\/\/www.estrategiaconcursos.com.br\/assinaturas\" target=\"_blank\">Assinatura Ilimitada<\/a><\/p>\n\n\n\n<p style=\"text-align:center\" class=\"has-medium-font-size\"><strong><em>Fique por dentro dos concursos vigentes:<\/em><\/strong><\/p>\n\n\n\n<p style=\"text-align:center\" class=\"has-background has-medium-font-size has-pale-cyan-blue-background-color\"><strong><a href=\"https:\/\/www.estrategiaconcursos.com.br\/blog\/concursos-abertos\/\" target=\"_blank\" rel=\"noreferrer noopener\">CONCURSOS ABERTOS<\/a><\/strong><\/p>\n\n\n\n<p style=\"text-align:center\" class=\"has-background has-medium-font-size has-pale-cyan-blue-background-color\"><strong><a href=\"https:\/\/www.estrategiaconcursos.com.br\/blog\/concursos-2019\/\" target=\"_blank\" rel=\"noreferrer noopener\">CONCURSOS 2019<\/a><\/strong><\/p>\n\n\n\n<p style=\"text-align:center\" class=\"has-background has-medium-font-size has-pale-cyan-blue-background-color\"><strong><a href=\"https:\/\/www.estrategiaconcursos.com.br\/blog\/concursos-2020\/\" target=\"_blank\" rel=\"noreferrer noopener\">CONCURSOS&nbsp;2020<\/a><\/strong><\/p>\n\n\n\n<figure class=\"wp-block-image\"><img loading=\"lazy\" decoding=\"async\" width=\"300\" height=\"102\" src=\"https:\/\/dhg1h5j42swfq.cloudfront.net\/2017\/03\/28152500\/coruja-ficha-tecnica-300x102.png\" alt=\"Ficha t\u00e9cnica concurso pm mg oficial\" class=\"wp-image-68542\"\/><\/figure>\n\n\n\n<h3 class=\"wp-block-heading\" id=\"ficha\"><strong>Informa\u00e7\u00f5es sobre o concurso SMS Recife<\/strong><\/h3>\n\n\n\n<p>\u25ba<strong>Data<\/strong>: 01 de mar\u00e7o de 2020  <br \/>\u25ba<strong>Vagas<\/strong>: 695<br \/>\u25ba<strong>Cargos<\/strong>: diversos <br \/>\u25ba<strong>Lota\u00e7\u00f5es<\/strong>: Recife (PE)<br \/>\u25ba<strong>Escolaridade<\/strong>: N\u00edvel M\u00e9dio e Superior<br \/>\u25ba<strong>Banca<\/strong>: Instituto AOCP<br \/>\u25ba<strong>Edital: <\/strong><a href=\"https:\/\/dhg1h5j42swfq.cloudfront.net\/2019\/12\/07134050\/sms-recife-pe.pdf\">Edital SMS Recife <\/a><\/p>\n\n\n\n<p><em>Ascom Estrat\u00e9gia<\/em><br \/>ascomestrategia@gmail.com<\/p>\n","protected":false},"excerpt":{"rendered":"<p>No dia 07 de dezembro, foi publicado o edital do concurso para a Secretaria de Sa\u00fade do Munic\u00edpio de Recife &#8211; SMS Recife. S\u00e3o ofertadas 695 vagas para diversos cargos de n\u00edvel m\u00e9dio\/t\u00e9cnico e superior de escolaridade. As remunera\u00e7\u00f5es variam de R$ 833,60 a R$ 11.512,41. A publica\u00e7\u00e3o do edital confirma o anunciado pela titular [&hellip;]<\/p>\n","protected":false},"author":93,"featured_media":373765,"comment_status":"open","ping_status":"closed","sticky":false,"template":"","format":"standard","meta":{"post_tipo":"article","footnotes":""},"categories":[1,1981],"tags":[],"tax_estado":[],"class_list":["post-457107","post","type-post","status-publish","format-standard","has-post-thumbnail","hentry","category-cursos-e-concursos","category-saude"],"acf":[],"yoast_head":"<!-- This site is optimized with the Yoast SEO Premium plugin v27.2 (Yoast SEO v27.2) - https:\/\/yoast.com\/product\/yoast-seo-premium-wordpress\/ -->\n<title>Edital SMS Recife: inscri\u00e7\u00f5es abertas! S\u00e3o 695 vagas para n\u00edveis m\u00e9dio e superior<\/title>\n<meta name=\"robots\" content=\"index, follow, max-snippet:-1, max-image-preview:large, max-video-preview:-1\" \/>\n<link rel=\"canonical\" href=\"https:\/\/www.estrategiaconcursos.com.br\/blog\/edital-sms-recife-695-vagas\/\" \/>\n<meta property=\"og:locale\" content=\"pt_BR\" \/>\n<meta property=\"og:type\" content=\"article\" \/>\n<meta property=\"og:title\" content=\"Edital SMS Recife: inscri\u00e7\u00f5es abertas! S\u00e3o 695 vagas para n\u00edveis m\u00e9dio e superior\" \/>\n<meta property=\"og:description\" content=\"No dia 07 de dezembro, foi publicado o edital do concurso para a Secretaria de Sa\u00fade do Munic\u00edpio de Recife &#8211; SMS Recife. S\u00e3o ofertadas 695 vagas para diversos cargos de n\u00edvel m\u00e9dio\/t\u00e9cnico e superior de escolaridade. As remunera\u00e7\u00f5es variam de R$ 833,60 a R$ 11.512,41. A publica\u00e7\u00e3o do edital confirma o anunciado pela titular [&hellip;]\" \/>\n<meta property=\"og:url\" content=\"https:\/\/www.estrategiaconcursos.com.br\/blog\/edital-sms-recife-695-vagas\/\" \/>\n<meta property=\"og:site_name\" content=\"Estrat\u00e9gia Concursos\" \/>\n<meta property=\"article:published_time\" content=\"2019-12-07T16:42:52+00:00\" \/>\n<meta property=\"article:modified_time\" content=\"2019-12-09T12:07:38+00:00\" \/>\n<meta property=\"og:image\" content=\"https:\/\/dhg1h5j42swfq.cloudfront.net\/2019\/05\/13103334\/SMS-RECIFE2.jpeg\" \/>\n\t<meta property=\"og:image:width\" content=\"400\" \/>\n\t<meta property=\"og:image:height\" content=\"209\" \/>\n\t<meta property=\"og:image:type\" content=\"image\/jpeg\" \/>\n<meta name=\"author\" content=\"Vinicius Silva\" \/>\n<meta name=\"twitter:card\" content=\"summary_large_image\" \/>\n<meta name=\"twitter:creator\" content=\"@EstratConcursos\" \/>\n<meta name=\"twitter:site\" content=\"@EstratConcursos\" \/>\n<meta name=\"twitter:label1\" content=\"Escrito por\" \/>\n\t<meta name=\"twitter:data1\" content=\"Vinicius Silva\" \/>\n\t<meta name=\"twitter:label2\" content=\"Est. tempo de leitura\" \/>\n\t<meta name=\"twitter:data2\" content=\"5 minutos\" \/>\n<script type=\"application\/ld+json\" class=\"yoast-schema-graph\">{\"@context\":\"https:\/\/schema.org\",\"@graph\":[{\"@type\":\"NewsArticle\",\"@id\":\"https:\/\/www.estrategiaconcursos.com.br\/blog\/edital-sms-recife-695-vagas\/#article\",\"isPartOf\":{\"@id\":\"https:\/\/www.estrategiaconcursos.com.br\/blog\/edital-sms-recife-695-vagas\/\"},\"author\":{\"name\":\"Vinicius Silva\",\"@id\":\"https:\/\/www.estrategiaconcursos.com.br\/blog\/#\/schema\/person\/20030622a981f9a942ad6b3561fe4ca4\"},\"headline\":\"Edital SMS Recife: inscri\u00e7\u00f5es abertas! S\u00e3o 695 vagas para n\u00edveis m\u00e9dio e superior\",\"datePublished\":\"2019-12-07T16:42:52+00:00\",\"dateModified\":\"2019-12-09T12:07:38+00:00\",\"mainEntityOfPage\":{\"@id\":\"https:\/\/www.estrategiaconcursos.com.br\/blog\/edital-sms-recife-695-vagas\/\"},\"wordCount\":1095,\"commentCount\":0,\"publisher\":{\"@id\":\"https:\/\/www.estrategiaconcursos.com.br\/blog\/#organization\"},\"image\":{\"@id\":\"https:\/\/www.estrategiaconcursos.com.br\/blog\/edital-sms-recife-695-vagas\/#primaryimage\"},\"thumbnailUrl\":\"https:\/\/dhg1h5j42swfq.cloudfront.net\/2019\/05\/13103334\/SMS-RECIFE2.jpeg\",\"articleSection\":[\"Concursos P\u00fablicos\",\"Sa\u00fade\"],\"inLanguage\":\"pt-BR\",\"potentialAction\":[{\"@type\":\"CommentAction\",\"name\":\"Comment\",\"target\":[\"https:\/\/www.estrategiaconcursos.com.br\/blog\/edital-sms-recife-695-vagas\/#respond\"]}],\"copyrightYear\":\"2019\",\"copyrightHolder\":{\"@id\":\"https:\/\/www.estrategiaconcursos.com.br\/blog\/#organization\"}},{\"@type\":\"WebPage\",\"@id\":\"https:\/\/www.estrategiaconcursos.com.br\/blog\/edital-sms-recife-695-vagas\/\",\"url\":\"https:\/\/www.estrategiaconcursos.com.br\/blog\/edital-sms-recife-695-vagas\/\",\"name\":\"Edital SMS Recife: inscri\u00e7\u00f5es abertas! S\u00e3o 695 vagas para n\u00edveis m\u00e9dio e superior\",\"isPartOf\":{\"@id\":\"https:\/\/www.estrategiaconcursos.com.br\/blog\/#website\"},\"primaryImageOfPage\":{\"@id\":\"https:\/\/www.estrategiaconcursos.com.br\/blog\/edital-sms-recife-695-vagas\/#primaryimage\"},\"image\":{\"@id\":\"https:\/\/www.estrategiaconcursos.com.br\/blog\/edital-sms-recife-695-vagas\/#primaryimage\"},\"thumbnailUrl\":\"https:\/\/dhg1h5j42swfq.cloudfront.net\/2019\/05\/13103334\/SMS-RECIFE2.jpeg\",\"datePublished\":\"2019-12-07T16:42:52+00:00\",\"dateModified\":\"2019-12-09T12:07:38+00:00\",\"breadcrumb\":{\"@id\":\"https:\/\/www.estrategiaconcursos.com.br\/blog\/edital-sms-recife-695-vagas\/#breadcrumb\"},\"inLanguage\":\"pt-BR\",\"potentialAction\":[{\"@type\":\"ReadAction\",\"target\":[\"https:\/\/www.estrategiaconcursos.com.br\/blog\/edital-sms-recife-695-vagas\/\"]}]},{\"@type\":\"ImageObject\",\"inLanguage\":\"pt-BR\",\"@id\":\"https:\/\/www.estrategiaconcursos.com.br\/blog\/edital-sms-recife-695-vagas\/#primaryimage\",\"url\":\"https:\/\/dhg1h5j42swfq.cloudfront.net\/2019\/05\/13103334\/SMS-RECIFE2.jpeg\",\"contentUrl\":\"https:\/\/dhg1h5j42swfq.cloudfront.net\/2019\/05\/13103334\/SMS-RECIFE2.jpeg\",\"width\":400,\"height\":209,\"caption\":\"CONCURSO SMS RECIFE\"},{\"@type\":\"BreadcrumbList\",\"@id\":\"https:\/\/www.estrategiaconcursos.com.br\/blog\/edital-sms-recife-695-vagas\/#breadcrumb\",\"itemListElement\":[{\"@type\":\"ListItem\",\"position\":1,\"name\":\"In\u00edcio\",\"item\":\"https:\/\/www.estrategiaconcursos.com.br\/blog\/\"},{\"@type\":\"ListItem\",\"position\":2,\"name\":\"Edital SMS Recife: inscri\u00e7\u00f5es abertas! S\u00e3o 695 vagas para n\u00edveis m\u00e9dio e superior\"}]},{\"@type\":\"WebSite\",\"@id\":\"https:\/\/www.estrategiaconcursos.com.br\/blog\/#website\",\"url\":\"https:\/\/www.estrategiaconcursos.com.br\/blog\/\",\"name\":\"Estrat\u00e9gia Concursos\",\"description\":\"O blog da Estrat\u00e9gia Concursos traz not\u00edcias sobre concursos e artigos de professores oferecendo cursos para concursos (pdf + videaulas) no site.\",\"publisher\":{\"@id\":\"https:\/\/www.estrategiaconcursos.com.br\/blog\/#organization\"},\"potentialAction\":[{\"@type\":\"SearchAction\",\"target\":{\"@type\":\"EntryPoint\",\"urlTemplate\":\"https:\/\/www.estrategiaconcursos.com.br\/blog\/?s={search_term_string}\"},\"query-input\":{\"@type\":\"PropertyValueSpecification\",\"valueRequired\":true,\"valueName\":\"search_term_string\"}}],\"inLanguage\":\"pt-BR\"},{\"@type\":\"Organization\",\"@id\":\"https:\/\/www.estrategiaconcursos.com.br\/blog\/#organization\",\"name\":\"Estrat\u00e9gia Concursos\",\"url\":\"https:\/\/www.estrategiaconcursos.com.br\/blog\/\",\"logo\":{\"@type\":\"ImageObject\",\"inLanguage\":\"pt-BR\",\"@id\":\"https:\/\/www.estrategiaconcursos.com.br\/blog\/#\/schema\/logo\/image\/\",\"url\":\"https:\/\/dhg1h5j42swfq.cloudfront.net\/2025\/06\/03203428\/logo_concursos-1.jpg\",\"contentUrl\":\"https:\/\/dhg1h5j42swfq.cloudfront.net\/2025\/06\/03203428\/logo_concursos-1.jpg\",\"width\":230,\"height\":60,\"caption\":\"Estrat\u00e9gia Concursos\"},\"image\":{\"@id\":\"https:\/\/www.estrategiaconcursos.com.br\/blog\/#\/schema\/logo\/image\/\"},\"sameAs\":[\"https:\/\/x.com\/EstratConcursos\"]},{\"@type\":\"Person\",\"@id\":\"https:\/\/www.estrategiaconcursos.com.br\/blog\/#\/schema\/person\/20030622a981f9a942ad6b3561fe4ca4\",\"name\":\"Vinicius Silva\",\"image\":{\"@type\":\"ImageObject\",\"inLanguage\":\"pt-BR\",\"@id\":\"https:\/\/secure.gravatar.com\/avatar\/604d9670a4c7eea71feaa4381f3ae97e148292ac402671c5944aa67a3d127663?s=96&d=mm&r=g\",\"url\":\"https:\/\/secure.gravatar.com\/avatar\/604d9670a4c7eea71feaa4381f3ae97e148292ac402671c5944aa67a3d127663?s=96&d=mm&r=g\",\"contentUrl\":\"https:\/\/secure.gravatar.com\/avatar\/604d9670a4c7eea71feaa4381f3ae97e148292ac402671c5944aa67a3d127663?s=96&d=mm&r=g\",\"caption\":\"Vinicius Silva\"},\"url\":\"https:\/\/www.estrategiaconcursos.com.br\/blog\/author\/viniciussilvaestrategiaconcursos-com-br\/\"}]}<\/script>\n<!-- \/ Yoast SEO Premium plugin. -->","yoast_head_json":{"title":"Edital SMS Recife: inscri\u00e7\u00f5es abertas! S\u00e3o 695 vagas para n\u00edveis m\u00e9dio e superior","robots":{"index":"index","follow":"follow","max-snippet":"max-snippet:-1","max-image-preview":"max-image-preview:large","max-video-preview":"max-video-preview:-1"},"canonical":"https:\/\/www.estrategiaconcursos.com.br\/blog\/edital-sms-recife-695-vagas\/","og_locale":"pt_BR","og_type":"article","og_title":"Edital SMS Recife: inscri\u00e7\u00f5es abertas! S\u00e3o 695 vagas para n\u00edveis m\u00e9dio e superior","og_description":"No dia 07 de dezembro, foi publicado o edital do concurso para a Secretaria de Sa\u00fade do Munic\u00edpio de Recife &#8211; SMS Recife. S\u00e3o ofertadas 695 vagas para diversos cargos de n\u00edvel m\u00e9dio\/t\u00e9cnico e superior de escolaridade. As remunera\u00e7\u00f5es variam de R$ 833,60 a R$ 11.512,41. A publica\u00e7\u00e3o do edital confirma o anunciado pela titular [&hellip;]","og_url":"https:\/\/www.estrategiaconcursos.com.br\/blog\/edital-sms-recife-695-vagas\/","og_site_name":"Estrat\u00e9gia Concursos","article_published_time":"2019-12-07T16:42:52+00:00","article_modified_time":"2019-12-09T12:07:38+00:00","og_image":[{"width":400,"height":209,"url":"https:\/\/dhg1h5j42swfq.cloudfront.net\/2019\/05\/13103334\/SMS-RECIFE2.jpeg","type":"image\/jpeg"}],"author":"Vinicius Silva","twitter_card":"summary_large_image","twitter_creator":"@EstratConcursos","twitter_site":"@EstratConcursos","twitter_misc":{"Escrito por":"Vinicius Silva","Est. tempo de leitura":"5 minutos"},"schema":{"@context":"https:\/\/schema.org","@graph":[{"@type":"NewsArticle","@id":"https:\/\/www.estrategiaconcursos.com.br\/blog\/edital-sms-recife-695-vagas\/#article","isPartOf":{"@id":"https:\/\/www.estrategiaconcursos.com.br\/blog\/edital-sms-recife-695-vagas\/"},"author":{"name":"Vinicius Silva","@id":"https:\/\/www.estrategiaconcursos.com.br\/blog\/#\/schema\/person\/20030622a981f9a942ad6b3561fe4ca4"},"headline":"Edital SMS Recife: inscri\u00e7\u00f5es abertas! S\u00e3o 695 vagas para n\u00edveis m\u00e9dio e superior","datePublished":"2019-12-07T16:42:52+00:00","dateModified":"2019-12-09T12:07:38+00:00","mainEntityOfPage":{"@id":"https:\/\/www.estrategiaconcursos.com.br\/blog\/edital-sms-recife-695-vagas\/"},"wordCount":1095,"commentCount":0,"publisher":{"@id":"https:\/\/www.estrategiaconcursos.com.br\/blog\/#organization"},"image":{"@id":"https:\/\/www.estrategiaconcursos.com.br\/blog\/edital-sms-recife-695-vagas\/#primaryimage"},"thumbnailUrl":"https:\/\/dhg1h5j42swfq.cloudfront.net\/2019\/05\/13103334\/SMS-RECIFE2.jpeg","articleSection":["Concursos P\u00fablicos","Sa\u00fade"],"inLanguage":"pt-BR","potentialAction":[{"@type":"CommentAction","name":"Comment","target":["https:\/\/www.estrategiaconcursos.com.br\/blog\/edital-sms-recife-695-vagas\/#respond"]}],"copyrightYear":"2019","copyrightHolder":{"@id":"https:\/\/www.estrategiaconcursos.com.br\/blog\/#organization"}},{"@type":"WebPage","@id":"https:\/\/www.estrategiaconcursos.com.br\/blog\/edital-sms-recife-695-vagas\/","url":"https:\/\/www.estrategiaconcursos.com.br\/blog\/edital-sms-recife-695-vagas\/","name":"Edital SMS Recife: inscri\u00e7\u00f5es abertas! S\u00e3o 695 vagas para n\u00edveis m\u00e9dio e superior","isPartOf":{"@id":"https:\/\/www.estrategiaconcursos.com.br\/blog\/#website"},"primaryImageOfPage":{"@id":"https:\/\/www.estrategiaconcursos.com.br\/blog\/edital-sms-recife-695-vagas\/#primaryimage"},"image":{"@id":"https:\/\/www.estrategiaconcursos.com.br\/blog\/edital-sms-recife-695-vagas\/#primaryimage"},"thumbnailUrl":"https:\/\/dhg1h5j42swfq.cloudfront.net\/2019\/05\/13103334\/SMS-RECIFE2.jpeg","datePublished":"2019-12-07T16:42:52+00:00","dateModified":"2019-12-09T12:07:38+00:00","breadcrumb":{"@id":"https:\/\/www.estrategiaconcursos.com.br\/blog\/edital-sms-recife-695-vagas\/#breadcrumb"},"inLanguage":"pt-BR","potentialAction":[{"@type":"ReadAction","target":["https:\/\/www.estrategiaconcursos.com.br\/blog\/edital-sms-recife-695-vagas\/"]}]},{"@type":"ImageObject","inLanguage":"pt-BR","@id":"https:\/\/www.estrategiaconcursos.com.br\/blog\/edital-sms-recife-695-vagas\/#primaryimage","url":"https:\/\/dhg1h5j42swfq.cloudfront.net\/2019\/05\/13103334\/SMS-RECIFE2.jpeg","contentUrl":"https:\/\/dhg1h5j42swfq.cloudfront.net\/2019\/05\/13103334\/SMS-RECIFE2.jpeg","width":400,"height":209,"caption":"CONCURSO SMS RECIFE"},{"@type":"BreadcrumbList","@id":"https:\/\/www.estrategiaconcursos.com.br\/blog\/edital-sms-recife-695-vagas\/#breadcrumb","itemListElement":[{"@type":"ListItem","position":1,"name":"In\u00edcio","item":"https:\/\/www.estrategiaconcursos.com.br\/blog\/"},{"@type":"ListItem","position":2,"name":"Edital SMS Recife: inscri\u00e7\u00f5es abertas! S\u00e3o 695 vagas para n\u00edveis m\u00e9dio e superior"}]},{"@type":"WebSite","@id":"https:\/\/www.estrategiaconcursos.com.br\/blog\/#website","url":"https:\/\/www.estrategiaconcursos.com.br\/blog\/","name":"Estrat\u00e9gia Concursos","description":"O blog da Estrat\u00e9gia Concursos traz not\u00edcias sobre concursos e artigos de professores oferecendo cursos para concursos (pdf + videaulas) no site.","publisher":{"@id":"https:\/\/www.estrategiaconcursos.com.br\/blog\/#organization"},"potentialAction":[{"@type":"SearchAction","target":{"@type":"EntryPoint","urlTemplate":"https:\/\/www.estrategiaconcursos.com.br\/blog\/?s={search_term_string}"},"query-input":{"@type":"PropertyValueSpecification","valueRequired":true,"valueName":"search_term_string"}}],"inLanguage":"pt-BR"},{"@type":"Organization","@id":"https:\/\/www.estrategiaconcursos.com.br\/blog\/#organization","name":"Estrat\u00e9gia Concursos","url":"https:\/\/www.estrategiaconcursos.com.br\/blog\/","logo":{"@type":"ImageObject","inLanguage":"pt-BR","@id":"https:\/\/www.estrategiaconcursos.com.br\/blog\/#\/schema\/logo\/image\/","url":"https:\/\/dhg1h5j42swfq.cloudfront.net\/2025\/06\/03203428\/logo_concursos-1.jpg","contentUrl":"https:\/\/dhg1h5j42swfq.cloudfront.net\/2025\/06\/03203428\/logo_concursos-1.jpg","width":230,"height":60,"caption":"Estrat\u00e9gia Concursos"},"image":{"@id":"https:\/\/www.estrategiaconcursos.com.br\/blog\/#\/schema\/logo\/image\/"},"sameAs":["https:\/\/x.com\/EstratConcursos"]},{"@type":"Person","@id":"https:\/\/www.estrategiaconcursos.com.br\/blog\/#\/schema\/person\/20030622a981f9a942ad6b3561fe4ca4","name":"Vinicius Silva","image":{"@type":"ImageObject","inLanguage":"pt-BR","@id":"https:\/\/secure.gravatar.com\/avatar\/604d9670a4c7eea71feaa4381f3ae97e148292ac402671c5944aa67a3d127663?s=96&d=mm&r=g","url":"https:\/\/secure.gravatar.com\/avatar\/604d9670a4c7eea71feaa4381f3ae97e148292ac402671c5944aa67a3d127663?s=96&d=mm&r=g","contentUrl":"https:\/\/secure.gravatar.com\/avatar\/604d9670a4c7eea71feaa4381f3ae97e148292ac402671c5944aa67a3d127663?s=96&d=mm&r=g","caption":"Vinicius Silva"},"url":"https:\/\/www.estrategiaconcursos.com.br\/blog\/author\/viniciussilvaestrategiaconcursos-com-br\/"}]}},"_links":{"self":[{"href":"https:\/\/www.estrategiaconcursos.com.br\/blog\/wp-json\/wp\/v2\/posts\/457107","targetHints":{"allow":["GET"]}}],"collection":[{"href":"https:\/\/www.estrategiaconcursos.com.br\/blog\/wp-json\/wp\/v2\/posts"}],"about":[{"href":"https:\/\/www.estrategiaconcursos.com.br\/blog\/wp-json\/wp\/v2\/types\/post"}],"author":[{"embeddable":true,"href":"https:\/\/www.estrategiaconcursos.com.br\/blog\/wp-json\/wp\/v2\/users\/93"}],"replies":[{"embeddable":true,"href":"https:\/\/www.estrategiaconcursos.com.br\/blog\/wp-json\/wp\/v2\/comments?post=457107"}],"version-history":[{"count":24,"href":"https:\/\/www.estrategiaconcursos.com.br\/blog\/wp-json\/wp\/v2\/posts\/457107\/revisions"}],"predecessor-version":[{"id":457446,"href":"https:\/\/www.estrategiaconcursos.com.br\/blog\/wp-json\/wp\/v2\/posts\/457107\/revisions\/457446"}],"wp:featuredmedia":[{"embeddable":true,"href":"https:\/\/www.estrategiaconcursos.com.br\/blog\/wp-json\/wp\/v2\/media\/373765"}],"wp:attachment":[{"href":"https:\/\/www.estrategiaconcursos.com.br\/blog\/wp-json\/wp\/v2\/media?parent=457107"}],"wp:term":[{"taxonomy":"category","embeddable":true,"href":"https:\/\/www.estrategiaconcursos.com.br\/blog\/wp-json\/wp\/v2\/categories?post=457107"},{"taxonomy":"post_tag","embeddable":true,"href":"https:\/\/www.estrategiaconcursos.com.br\/blog\/wp-json\/wp\/v2\/tags?post=457107"},{"taxonomy":"tax_estado","embeddable":true,"href":"https:\/\/www.estrategiaconcursos.com.br\/blog\/wp-json\/wp\/v2\/tax_estado?post=457107"}],"curies":[{"name":"wp","href":"https:\/\/api.w.org\/{rel}","templated":true}]}}