{"id":457065,"date":"2019-12-07T21:00:34","date_gmt":"2019-12-08T00:00:34","guid":{"rendered":"https:\/\/www.estrategiaconcursos.com.br\/blog\/?p=457065"},"modified":"2020-05-06T13:55:51","modified_gmt":"2020-05-06T16:55:51","slug":"concurso-pcdf-escrivao-tema-de-redacao-02","status":"publish","type":"post","link":"https:\/\/www.estrategiaconcursos.com.br\/blog\/concurso-pcdf-escrivao-tema-de-redacao-02\/","title":{"rendered":"Concurso PCDF Escriv\u00e3o: Tema de Reda\u00e7\u00e3o 02"},"content":{"rendered":"\n<p>Oi, oi, oi! A proposta de hoje tem como eixo tem\u00e1tico Transporte. Segue o tema&#8230;<\/p>\n\n\n\n<p class=\"has-text-align-center\"><strong>Proposta de Reda\u00e7\u00e3o 02<\/strong><\/p>\n\n\n\n<p>O\ntransporte p\u00fablico no Brasil sempre foi alvo de muitas reclama\u00e7\u00f5es ao longo do\ntempo. Na maioria das vezes, as queixas referem-se ao fato de os ve\u00edculos\nestarem sempre lotados, \u00e0s condi\u00e7\u00f5es ruins dos carros e \u00e0 baixa qualidade dos\nservi\u00e7os prestados. Tais problemas somaram-se \u00e0 insatisfa\u00e7\u00e3o popular com o\naumento das passagens de \u00f4nibus em algumas capitais do Brasil nos \u00faltimos anos,\no que culminou em uma s\u00e9rie de protestos que vem sendo realizada na maior parte\ndas capitais estaduais.<\/p>\n\n\n\n<p>A\ninsatisfa\u00e7\u00e3o da popula\u00e7\u00e3o com o transporte coletivo nas cidades brasileiras, no\nentanto, n\u00e3o \u00e9 uma quest\u00e3o recente. Pesquisas realizadas pelo Instituto de\nPesquisa Econ\u00f4mica Aplicada (IPEA), em 2011 e 2012, revelaram um quadro\nnegativo, com avalia\u00e7\u00f5es classificadas como \u201cp\u00e9ssimas ou ruins\u201d ultrapassando\nos 60%.<\/p>\n\n\n\n<p>Fonte: <a href=\"https:\/\/brasilescola.uol.com.br\/geografia\/problemas-no-transporte-publico.htm\">https:\/\/brasilescola.uol.com.br\/geografia\/problemas-no-transporte-publico.htm<\/a>\n<\/p>\n\n\n\n<p>Tendo\no texto acima apenas como motivador, desenvolva uma disserta\u00e7\u00e3o sobre o tema: <\/p>\n\n\n\n<p class=\"has-text-align-center\"><strong>Transporte p\u00fablico nas\ncidades e sua condi\u00e7\u00e3o para os usu\u00e1rios<\/strong><\/p>\n\n\n\n<p>Para\no seu texto, aborde, obrigatoriamente, os seguintes aspectos: <\/p>\n\n\n\n<ol class=\"wp-block-list\"><li>Discorra sobre a poss\u00edvel origem dos problemas no transporte p\u00fablico no Brasil [10,00]<\/li><li>Comente acerca da situa\u00e7\u00e3o do transporte p\u00fablico em grandes centros urbanos no pa\u00eds, cite exemplos. [10,00]<\/li><li>Apresente propostas que podem melhorar a condi\u00e7\u00e3o do transporte p\u00fablico nas cidades para os usu\u00e1rios [9,00] <\/li><\/ol>\n\n\n\n<p>Mais um tema para voc\u00ea praticar! <\/p>\n\n\n\n<p>Abra\u00e7os, <\/p>\n\n\n\n<p>Janaina Arruda<\/p>\n","protected":false},"excerpt":{"rendered":"<p>Oi, oi, oi! A proposta de hoje tem como eixo tem\u00e1tico Transporte. Segue o tema&#8230; Proposta de Reda\u00e7\u00e3o 02 O transporte p\u00fablico no Brasil sempre foi alvo de muitas reclama\u00e7\u00f5es ao longo do tempo. Na maioria das vezes, as queixas referem-se ao fato de os ve\u00edculos estarem sempre lotados, \u00e0s condi\u00e7\u00f5es ruins dos carros e [&hellip;]<\/p>\n","protected":false},"author":1430,"featured_media":0,"comment_status":"open","ping_status":"closed","sticky":false,"template":"","format":"standard","meta":{"post_tipo":"article","footnotes":""},"categories":[1,1988],"tags":[],"tax_estado":[],"class_list":["post-457065","post","type-post","status-publish","format-standard","hentry","category-cursos-e-concursos","category-policia"],"acf":[],"yoast_head":"<!-- This site is optimized with the Yoast SEO Premium plugin v27.2 (Yoast SEO v27.2) - https:\/\/yoast.com\/product\/yoast-seo-premium-wordpress\/ -->\n<title>Concurso PCDF Escriv\u00e3o: Tema de Reda\u00e7\u00e3o 02 Concurso escriv\u00e3o PCDF<\/title>\n<meta name=\"description\" content=\"Tema de Reda\u00e7\u00e3o 02 para o concurso de Escriv\u00e3o da PCDF. Esse tema trata do eixo Transporte, aten\u00e7\u00e3o para os comandos dos t\u00f3picos!\" \/>\n<meta name=\"robots\" content=\"index, follow, max-snippet:-1, max-image-preview:large, max-video-preview:-1\" \/>\n<link rel=\"canonical\" href=\"https:\/\/www.estrategiaconcursos.com.br\/blog\/concurso-pcdf-escrivao-tema-de-redacao-02\/\" \/>\n<meta property=\"og:locale\" content=\"pt_BR\" \/>\n<meta property=\"og:type\" content=\"article\" \/>\n<meta property=\"og:title\" content=\"Concurso PCDF Escriv\u00e3o: Tema de Reda\u00e7\u00e3o 02\" \/>\n<meta property=\"og:description\" content=\"Tema de Reda\u00e7\u00e3o 02 para o concurso de Escriv\u00e3o da PCDF. Esse tema trata do eixo Transporte, aten\u00e7\u00e3o para os comandos dos t\u00f3picos!\" \/>\n<meta property=\"og:url\" content=\"https:\/\/www.estrategiaconcursos.com.br\/blog\/concurso-pcdf-escrivao-tema-de-redacao-02\/\" \/>\n<meta property=\"og:site_name\" content=\"Estrat\u00e9gia Concursos\" \/>\n<meta property=\"article:published_time\" content=\"2019-12-08T00:00:34+00:00\" \/>\n<meta property=\"article:modified_time\" content=\"2020-05-06T16:55:51+00:00\" \/>\n<meta name=\"author\" content=\"Janaina Arruda\" \/>\n<meta name=\"twitter:card\" content=\"summary_large_image\" \/>\n<meta name=\"twitter:creator\" content=\"@EstratConcursos\" \/>\n<meta name=\"twitter:site\" content=\"@EstratConcursos\" \/>\n<meta name=\"twitter:label1\" content=\"Escrito por\" \/>\n\t<meta name=\"twitter:data1\" content=\"Janaina Arruda\" \/>\n\t<meta name=\"twitter:label2\" content=\"Est. tempo de leitura\" \/>\n\t<meta name=\"twitter:data2\" content=\"1 minuto\" \/>\n<script type=\"application\/ld+json\" class=\"yoast-schema-graph\">{\"@context\":\"https:\/\/schema.org\",\"@graph\":[{\"@type\":\"NewsArticle\",\"@id\":\"https:\/\/www.estrategiaconcursos.com.br\/blog\/concurso-pcdf-escrivao-tema-de-redacao-02\/#article\",\"isPartOf\":{\"@id\":\"https:\/\/www.estrategiaconcursos.com.br\/blog\/concurso-pcdf-escrivao-tema-de-redacao-02\/\"},\"author\":{\"name\":\"Janaina Arruda\",\"@id\":\"https:\/\/www.estrategiaconcursos.com.br\/blog\/#\/schema\/person\/f2fb305e65e771b216148107c0d96d68\"},\"headline\":\"Concurso PCDF Escriv\u00e3o: Tema de Reda\u00e7\u00e3o 02\",\"datePublished\":\"2019-12-08T00:00:34+00:00\",\"dateModified\":\"2020-05-06T16:55:51+00:00\",\"mainEntityOfPage\":{\"@id\":\"https:\/\/www.estrategiaconcursos.com.br\/blog\/concurso-pcdf-escrivao-tema-de-redacao-02\/\"},\"wordCount\":267,\"commentCount\":2,\"publisher\":{\"@id\":\"https:\/\/www.estrategiaconcursos.com.br\/blog\/#organization\"},\"articleSection\":[\"Concursos P\u00fablicos\",\"Policial (Agente, Escriv\u00e3o e Investigador)\"],\"inLanguage\":\"pt-BR\",\"potentialAction\":[{\"@type\":\"CommentAction\",\"name\":\"Comment\",\"target\":[\"https:\/\/www.estrategiaconcursos.com.br\/blog\/concurso-pcdf-escrivao-tema-de-redacao-02\/#respond\"]}],\"copyrightYear\":\"2019\",\"copyrightHolder\":{\"@id\":\"https:\/\/www.estrategiaconcursos.com.br\/blog\/#organization\"}},{\"@type\":\"WebPage\",\"@id\":\"https:\/\/www.estrategiaconcursos.com.br\/blog\/concurso-pcdf-escrivao-tema-de-redacao-02\/\",\"url\":\"https:\/\/www.estrategiaconcursos.com.br\/blog\/concurso-pcdf-escrivao-tema-de-redacao-02\/\",\"name\":\"Concurso PCDF Escriv\u00e3o: Tema de Reda\u00e7\u00e3o 02 Concurso escriv\u00e3o PCDF\",\"isPartOf\":{\"@id\":\"https:\/\/www.estrategiaconcursos.com.br\/blog\/#website\"},\"datePublished\":\"2019-12-08T00:00:34+00:00\",\"dateModified\":\"2020-05-06T16:55:51+00:00\",\"description\":\"Tema de Reda\u00e7\u00e3o 02 para o concurso de Escriv\u00e3o da PCDF. Esse tema trata do eixo Transporte, aten\u00e7\u00e3o para os comandos dos t\u00f3picos!\",\"breadcrumb\":{\"@id\":\"https:\/\/www.estrategiaconcursos.com.br\/blog\/concurso-pcdf-escrivao-tema-de-redacao-02\/#breadcrumb\"},\"inLanguage\":\"pt-BR\",\"potentialAction\":[{\"@type\":\"ReadAction\",\"target\":[\"https:\/\/www.estrategiaconcursos.com.br\/blog\/concurso-pcdf-escrivao-tema-de-redacao-02\/\"]}]},{\"@type\":\"BreadcrumbList\",\"@id\":\"https:\/\/www.estrategiaconcursos.com.br\/blog\/concurso-pcdf-escrivao-tema-de-redacao-02\/#breadcrumb\",\"itemListElement\":[{\"@type\":\"ListItem\",\"position\":1,\"name\":\"In\u00edcio\",\"item\":\"https:\/\/www.estrategiaconcursos.com.br\/blog\/\"},{\"@type\":\"ListItem\",\"position\":2,\"name\":\"Concurso PCDF Escriv\u00e3o: Tema de Reda\u00e7\u00e3o 02\"}]},{\"@type\":\"WebSite\",\"@id\":\"https:\/\/www.estrategiaconcursos.com.br\/blog\/#website\",\"url\":\"https:\/\/www.estrategiaconcursos.com.br\/blog\/\",\"name\":\"Estrat\u00e9gia Concursos\",\"description\":\"O blog da Estrat\u00e9gia Concursos traz not\u00edcias sobre concursos e artigos de professores oferecendo cursos para concursos (pdf + videaulas) no site.\",\"publisher\":{\"@id\":\"https:\/\/www.estrategiaconcursos.com.br\/blog\/#organization\"},\"potentialAction\":[{\"@type\":\"SearchAction\",\"target\":{\"@type\":\"EntryPoint\",\"urlTemplate\":\"https:\/\/www.estrategiaconcursos.com.br\/blog\/?s={search_term_string}\"},\"query-input\":{\"@type\":\"PropertyValueSpecification\",\"valueRequired\":true,\"valueName\":\"search_term_string\"}}],\"inLanguage\":\"pt-BR\"},{\"@type\":\"Organization\",\"@id\":\"https:\/\/www.estrategiaconcursos.com.br\/blog\/#organization\",\"name\":\"Estrat\u00e9gia Concursos\",\"url\":\"https:\/\/www.estrategiaconcursos.com.br\/blog\/\",\"logo\":{\"@type\":\"ImageObject\",\"inLanguage\":\"pt-BR\",\"@id\":\"https:\/\/www.estrategiaconcursos.com.br\/blog\/#\/schema\/logo\/image\/\",\"url\":\"https:\/\/dhg1h5j42swfq.cloudfront.net\/2025\/06\/03203428\/logo_concursos-1.jpg\",\"contentUrl\":\"https:\/\/dhg1h5j42swfq.cloudfront.net\/2025\/06\/03203428\/logo_concursos-1.jpg\",\"width\":230,\"height\":60,\"caption\":\"Estrat\u00e9gia Concursos\"},\"image\":{\"@id\":\"https:\/\/www.estrategiaconcursos.com.br\/blog\/#\/schema\/logo\/image\/\"},\"sameAs\":[\"https:\/\/x.com\/EstratConcursos\"]},{\"@type\":\"Person\",\"@id\":\"https:\/\/www.estrategiaconcursos.com.br\/blog\/#\/schema\/person\/f2fb305e65e771b216148107c0d96d68\",\"name\":\"Janaina Arruda\",\"image\":{\"@type\":\"ImageObject\",\"inLanguage\":\"pt-BR\",\"@id\":\"https:\/\/secure.gravatar.com\/avatar\/9377d341617569b19a8eb58b32e54c10304cac645ab0cef38c66bfa34f77bdc6?s=96&d=mm&r=g\",\"url\":\"https:\/\/secure.gravatar.com\/avatar\/9377d341617569b19a8eb58b32e54c10304cac645ab0cef38c66bfa34f77bdc6?s=96&d=mm&r=g\",\"contentUrl\":\"https:\/\/secure.gravatar.com\/avatar\/9377d341617569b19a8eb58b32e54c10304cac645ab0cef38c66bfa34f77bdc6?s=96&d=mm&r=g\",\"caption\":\"Janaina Arruda\"},\"url\":\"https:\/\/www.estrategiaconcursos.com.br\/blog\/author\/arruda-janhotmail-com\/\"}]}<\/script>\n<!-- \/ Yoast SEO Premium plugin. -->","yoast_head_json":{"title":"Concurso PCDF Escriv\u00e3o: Tema de Reda\u00e7\u00e3o 02 Concurso escriv\u00e3o PCDF","description":"Tema de Reda\u00e7\u00e3o 02 para o concurso de Escriv\u00e3o da PCDF. Esse tema trata do eixo Transporte, aten\u00e7\u00e3o para os comandos dos t\u00f3picos!","robots":{"index":"index","follow":"follow","max-snippet":"max-snippet:-1","max-image-preview":"max-image-preview:large","max-video-preview":"max-video-preview:-1"},"canonical":"https:\/\/www.estrategiaconcursos.com.br\/blog\/concurso-pcdf-escrivao-tema-de-redacao-02\/","og_locale":"pt_BR","og_type":"article","og_title":"Concurso PCDF Escriv\u00e3o: Tema de Reda\u00e7\u00e3o 02","og_description":"Tema de Reda\u00e7\u00e3o 02 para o concurso de Escriv\u00e3o da PCDF. Esse tema trata do eixo Transporte, aten\u00e7\u00e3o para os comandos dos t\u00f3picos!","og_url":"https:\/\/www.estrategiaconcursos.com.br\/blog\/concurso-pcdf-escrivao-tema-de-redacao-02\/","og_site_name":"Estrat\u00e9gia Concursos","article_published_time":"2019-12-08T00:00:34+00:00","article_modified_time":"2020-05-06T16:55:51+00:00","author":"Janaina Arruda","twitter_card":"summary_large_image","twitter_creator":"@EstratConcursos","twitter_site":"@EstratConcursos","twitter_misc":{"Escrito por":"Janaina Arruda","Est. tempo de leitura":"1 minuto"},"schema":{"@context":"https:\/\/schema.org","@graph":[{"@type":"NewsArticle","@id":"https:\/\/www.estrategiaconcursos.com.br\/blog\/concurso-pcdf-escrivao-tema-de-redacao-02\/#article","isPartOf":{"@id":"https:\/\/www.estrategiaconcursos.com.br\/blog\/concurso-pcdf-escrivao-tema-de-redacao-02\/"},"author":{"name":"Janaina Arruda","@id":"https:\/\/www.estrategiaconcursos.com.br\/blog\/#\/schema\/person\/f2fb305e65e771b216148107c0d96d68"},"headline":"Concurso PCDF Escriv\u00e3o: Tema de Reda\u00e7\u00e3o 02","datePublished":"2019-12-08T00:00:34+00:00","dateModified":"2020-05-06T16:55:51+00:00","mainEntityOfPage":{"@id":"https:\/\/www.estrategiaconcursos.com.br\/blog\/concurso-pcdf-escrivao-tema-de-redacao-02\/"},"wordCount":267,"commentCount":2,"publisher":{"@id":"https:\/\/www.estrategiaconcursos.com.br\/blog\/#organization"},"articleSection":["Concursos P\u00fablicos","Policial (Agente, Escriv\u00e3o e Investigador)"],"inLanguage":"pt-BR","potentialAction":[{"@type":"CommentAction","name":"Comment","target":["https:\/\/www.estrategiaconcursos.com.br\/blog\/concurso-pcdf-escrivao-tema-de-redacao-02\/#respond"]}],"copyrightYear":"2019","copyrightHolder":{"@id":"https:\/\/www.estrategiaconcursos.com.br\/blog\/#organization"}},{"@type":"WebPage","@id":"https:\/\/www.estrategiaconcursos.com.br\/blog\/concurso-pcdf-escrivao-tema-de-redacao-02\/","url":"https:\/\/www.estrategiaconcursos.com.br\/blog\/concurso-pcdf-escrivao-tema-de-redacao-02\/","name":"Concurso PCDF Escriv\u00e3o: Tema de Reda\u00e7\u00e3o 02 Concurso escriv\u00e3o PCDF","isPartOf":{"@id":"https:\/\/www.estrategiaconcursos.com.br\/blog\/#website"},"datePublished":"2019-12-08T00:00:34+00:00","dateModified":"2020-05-06T16:55:51+00:00","description":"Tema de Reda\u00e7\u00e3o 02 para o concurso de Escriv\u00e3o da PCDF. Esse tema trata do eixo Transporte, aten\u00e7\u00e3o para os comandos dos t\u00f3picos!","breadcrumb":{"@id":"https:\/\/www.estrategiaconcursos.com.br\/blog\/concurso-pcdf-escrivao-tema-de-redacao-02\/#breadcrumb"},"inLanguage":"pt-BR","potentialAction":[{"@type":"ReadAction","target":["https:\/\/www.estrategiaconcursos.com.br\/blog\/concurso-pcdf-escrivao-tema-de-redacao-02\/"]}]},{"@type":"BreadcrumbList","@id":"https:\/\/www.estrategiaconcursos.com.br\/blog\/concurso-pcdf-escrivao-tema-de-redacao-02\/#breadcrumb","itemListElement":[{"@type":"ListItem","position":1,"name":"In\u00edcio","item":"https:\/\/www.estrategiaconcursos.com.br\/blog\/"},{"@type":"ListItem","position":2,"name":"Concurso PCDF Escriv\u00e3o: Tema de Reda\u00e7\u00e3o 02"}]},{"@type":"WebSite","@id":"https:\/\/www.estrategiaconcursos.com.br\/blog\/#website","url":"https:\/\/www.estrategiaconcursos.com.br\/blog\/","name":"Estrat\u00e9gia Concursos","description":"O blog da Estrat\u00e9gia Concursos traz not\u00edcias sobre concursos e artigos de professores oferecendo cursos para concursos (pdf + videaulas) no site.","publisher":{"@id":"https:\/\/www.estrategiaconcursos.com.br\/blog\/#organization"},"potentialAction":[{"@type":"SearchAction","target":{"@type":"EntryPoint","urlTemplate":"https:\/\/www.estrategiaconcursos.com.br\/blog\/?s={search_term_string}"},"query-input":{"@type":"PropertyValueSpecification","valueRequired":true,"valueName":"search_term_string"}}],"inLanguage":"pt-BR"},{"@type":"Organization","@id":"https:\/\/www.estrategiaconcursos.com.br\/blog\/#organization","name":"Estrat\u00e9gia Concursos","url":"https:\/\/www.estrategiaconcursos.com.br\/blog\/","logo":{"@type":"ImageObject","inLanguage":"pt-BR","@id":"https:\/\/www.estrategiaconcursos.com.br\/blog\/#\/schema\/logo\/image\/","url":"https:\/\/dhg1h5j42swfq.cloudfront.net\/2025\/06\/03203428\/logo_concursos-1.jpg","contentUrl":"https:\/\/dhg1h5j42swfq.cloudfront.net\/2025\/06\/03203428\/logo_concursos-1.jpg","width":230,"height":60,"caption":"Estrat\u00e9gia Concursos"},"image":{"@id":"https:\/\/www.estrategiaconcursos.com.br\/blog\/#\/schema\/logo\/image\/"},"sameAs":["https:\/\/x.com\/EstratConcursos"]},{"@type":"Person","@id":"https:\/\/www.estrategiaconcursos.com.br\/blog\/#\/schema\/person\/f2fb305e65e771b216148107c0d96d68","name":"Janaina Arruda","image":{"@type":"ImageObject","inLanguage":"pt-BR","@id":"https:\/\/secure.gravatar.com\/avatar\/9377d341617569b19a8eb58b32e54c10304cac645ab0cef38c66bfa34f77bdc6?s=96&d=mm&r=g","url":"https:\/\/secure.gravatar.com\/avatar\/9377d341617569b19a8eb58b32e54c10304cac645ab0cef38c66bfa34f77bdc6?s=96&d=mm&r=g","contentUrl":"https:\/\/secure.gravatar.com\/avatar\/9377d341617569b19a8eb58b32e54c10304cac645ab0cef38c66bfa34f77bdc6?s=96&d=mm&r=g","caption":"Janaina Arruda"},"url":"https:\/\/www.estrategiaconcursos.com.br\/blog\/author\/arruda-janhotmail-com\/"}]}},"_links":{"self":[{"href":"https:\/\/www.estrategiaconcursos.com.br\/blog\/wp-json\/wp\/v2\/posts\/457065","targetHints":{"allow":["GET"]}}],"collection":[{"href":"https:\/\/www.estrategiaconcursos.com.br\/blog\/wp-json\/wp\/v2\/posts"}],"about":[{"href":"https:\/\/www.estrategiaconcursos.com.br\/blog\/wp-json\/wp\/v2\/types\/post"}],"author":[{"embeddable":true,"href":"https:\/\/www.estrategiaconcursos.com.br\/blog\/wp-json\/wp\/v2\/users\/1430"}],"replies":[{"embeddable":true,"href":"https:\/\/www.estrategiaconcursos.com.br\/blog\/wp-json\/wp\/v2\/comments?post=457065"}],"version-history":[{"count":2,"href":"https:\/\/www.estrategiaconcursos.com.br\/blog\/wp-json\/wp\/v2\/posts\/457065\/revisions"}],"predecessor-version":[{"id":511231,"href":"https:\/\/www.estrategiaconcursos.com.br\/blog\/wp-json\/wp\/v2\/posts\/457065\/revisions\/511231"}],"wp:attachment":[{"href":"https:\/\/www.estrategiaconcursos.com.br\/blog\/wp-json\/wp\/v2\/media?parent=457065"}],"wp:term":[{"taxonomy":"category","embeddable":true,"href":"https:\/\/www.estrategiaconcursos.com.br\/blog\/wp-json\/wp\/v2\/categories?post=457065"},{"taxonomy":"post_tag","embeddable":true,"href":"https:\/\/www.estrategiaconcursos.com.br\/blog\/wp-json\/wp\/v2\/tags?post=457065"},{"taxonomy":"tax_estado","embeddable":true,"href":"https:\/\/www.estrategiaconcursos.com.br\/blog\/wp-json\/wp\/v2\/tax_estado?post=457065"}],"curies":[{"name":"wp","href":"https:\/\/api.w.org\/{rel}","templated":true}]}}