{"id":456939,"date":"2019-12-06T20:02:03","date_gmt":"2019-12-06T23:02:03","guid":{"rendered":"https:\/\/www.estrategiaconcursos.com.br\/blog\/?p=456939"},"modified":"2019-12-09T09:50:41","modified_gmt":"2019-12-09T12:50:41","slug":"edital-pm-mg-oficial-2020","status":"publish","type":"post","link":"https:\/\/www.estrategiaconcursos.com.br\/blog\/edital-pm-mg-oficial-2020\/","title":{"rendered":"Edital PM MG Oficial 2020: ofertadas 144 vagas masculinas e 16 femininas"},"content":{"rendered":"\n<p>Foi publicado nesta sexta-feira, <strong>06 de dezembro<\/strong>, o edital PM MG Oficial, ofertando <strong>160 vagas<\/strong> para o <strong>curso de<\/strong> <strong>forma\u00e7\u00e3o de oficiais (CFO) da Pol\u00edcia Militar do estado de Minas Gerais<\/strong>, sendo 144 vagas masculinas e 16 vagas femininas. <\/p>\n\n\n\n<p>Os candidatos interessados em fazer parte do processo seletivo dever\u00e3o acessar o site da Pol\u00edcia Militar de Minas e preencher o formul\u00e1rio de inscri\u00e7\u00e3o entre os dias <strong>05 de fevereiro<\/strong> e <strong>06 de mar\u00e7o de 2020<\/strong> e efetuar o pagamento da <strong>taxa<\/strong> no valor de<strong> R$ 173,00.<\/strong><\/p>\n\n\n\n<p>Neste artigo voc\u00ea obter\u00e1 todas as informa\u00e7\u00f5es sobre o certame e as caracter\u00edsticas desta carreira. <\/p>\n\n\n\n<h2 class=\"wp-block-heading\">Principais datas <\/h2>\n\n\n\n<p class=\"has-background has-very-light-gray-background-color\"><em><strong>Per\u00edodo de inscri\u00e7\u00f5es<\/strong><\/em>: 05 de fevereiro a 06 de mar\u00e7o de 2020<br \/><em><strong>Isen\u00e7\u00e3o<\/strong><\/em>: 05 a 06 de fevereiro de 2020<br \/><em><strong>Taxa<\/strong><\/em>: R$ 173,00. <br \/><em><strong>Prova Objetiva<\/strong><\/em>: 05 de abril de 2020<\/p>\n\n\n\n<h2 class=\"wp-block-heading\">Requisitos, atribui\u00e7\u00f5es e remunera\u00e7\u00e3o do cargo <\/h2>\n\n\n\n<p>Constituem requisitos para concorrer ao concurso: <\/p>\n\n\n\n<ol class=\"wp-block-list\"><li>ser brasileiro <strong>nato<\/strong>; <\/li><li>possuir t\u00edtulo de <strong>bacharel em Direito<\/strong>:<\/li><li>estar quite com as obriga\u00e7\u00f5es eleitorais e militares; <\/li><li>ter entre <strong>18 e 30  anos de idade<\/strong> na <em>data da inclus\u00e3o<\/em>; <\/li><li>possuir idoneidade moral; <\/li><li>ter <strong>altura m\u00ednima de 1,60 m<\/strong>; <\/li><li>ter sanidade f\u00edsica e mental; <\/li><li>ter aptid\u00e3o f\u00edsica; <\/li><li>ser aprovado em avalia\u00e7\u00e3o psicol\u00f3gica; <\/li><li>n\u00e3o apresentar, quando em uso dos diversos uniformes, tatuagem vis\u00edvel que seja, por seu significado, incompat\u00edvel com o exerc\u00edcio das atividades de policial militar; <\/li><li>n\u00e3o ter sido demitido da PMMG, de outra institui\u00e7\u00e3o militar estadual ou das For\u00e7as Armadas; <\/li><li>n\u00e3o ter dado baixa no conceito &#8220;C&#8221; nos termos do C\u00f3digo de \u00c9tica e Disciplina dos Militares do Estado de Minas Gerais <\/li><li> n\u00e3o ter sido exonerado ou demitido da PMMG ou do Corpo de Bombeiros Militares de Minas Gerais.<\/li><\/ol>\n\n\n\n<p>Quanto \u00e0s atribui\u00e7\u00f5es de cada uma das patentes dos aprovados no CFO, s\u00e3o as seguintes:  <\/p>\n\n\n\n<ul class=\"wp-block-list\"><li><strong>Cadete PM: <\/strong>exercer atividade estudantil, em regime de dedica\u00e7\u00e3o integral, e demais atividades internas e externas atreladas \u00e0 sua forma\u00e7\u00e3o. <\/li><li><strong>Aspirante a Oficial PM<\/strong>: exercer atividades inerentes aos oficiais subalternos (Tenentes), com atribui\u00e7\u00f5es e deveres semelhantes, respeitadas as restri\u00e7\u00f5es previstas em leis, regulamentos e instru\u00e7\u00f5es pertinentes. <\/li><li><strong>2\u00ba Tenente PM<\/strong>: promover a seguran\u00e7a p\u00fablica por meio de a\u00e7\u00f5es e opera\u00e7\u00f5es policiais militares, coordenando, controlando e monitorando os resultados alcan\u00e7ados. <\/li><\/ul>\n\n\n\n<p>A <strong>remunera\u00e7\u00e3o b\u00e1sica inicial<\/strong> para o<strong> Cadete do 1.\u00ba ano do CFO\/2020 <\/strong>\u00e9 de <strong>R$ 5.769,42.<\/strong> <\/p>\n\n\n\n<h2 class=\"wp-block-heading\">Etapas do concurso <\/h2>\n\n\n\n<p>O certame se dividir\u00e1 nas seguintes etapas:<\/p>\n\n\n\n<ul class=\"wp-block-list\"><li><em>Provas Objetiva &#8211; <\/em>car\u00e1ter eliminat\u00f3rio e classificat\u00f3rio <\/li><li><em>Prova Dissertativa <\/em> <em>&#8211; <\/em>car\u00e1ter eliminat\u00f3rio e classificat\u00f3rio  <\/li><li><em>Avalia\u00e7\u00f5es Psicol\u00f3gicas <\/em> <em>&#8211; <\/em>car\u00e1ter eliminat\u00f3rio <\/li><li><em>Avalia\u00e7\u00e3o F\u00edsica Militar (AFM) e Exames de Sa\u00fade (preliminares e complementares) &#8211;  <\/em>car\u00e1ter eliminat\u00f3rio <\/li><li><em>Exame Toxicol\u00f3gico &#8211; <\/em>car\u00e1ter eliminat\u00f3rio e classificat\u00f3rio  <\/li><li><em>Prova Oral &#8211; <\/em>car\u00e1ter eliminat\u00f3rio <\/li><li><em>Prova de T\u00edtulo<\/em> &#8211;  car\u00e1ter eliminat\u00f3rio  <\/li><\/ul>\n\n\n\n<h3 class=\"wp-block-heading\" id=\"objetiva\">Prova objetiva<\/h3>\n\n\n\n<p>A prova objetiva, de car\u00e1ter eliminat\u00f3rio e classificat\u00f3rio, ter\u00e1 03 tipos de provas (A, B e C) e ser\u00e1 composta de<strong> 40 quest\u00f5es<\/strong> de m\u00faltipla escolha no valor de <strong>5,0 pontos cada quest\u00e3o<\/strong>, totalizando <strong>200 pontos, <\/strong>e dispondo sobre os seguintes conte\u00fados:<\/p>\n\n\n\n<p>a) L\u00edngua Portuguesa.<br \/>b) Direito Constitucional.<br \/>c) Direito Penal Militar.<br \/>d) Direito Penal.<br \/>e) Direito Processual Penal Militar.<br \/>f) Direito Processual Penal.<br \/>g) Direito Administrativo.<br \/>h) Legisla\u00e7\u00e3o Extravagante e Legisla\u00e7\u00e3o Institucional.<\/p>\n\n\n\n<p>Somente ser\u00e3o corrigidas as provas dissertativas dos candidatos que obtiveram <strong>nota m\u00ednima de 60% dos pontos<\/strong> atribu\u00eddos \u00e0 prova objetiva, na propor\u00e7\u00e3o de at\u00e9 <strong>3,5 candidatos por vaga<\/strong> para ambos os sexos, incluindo-se os que estiverem empatados na nota de corte. <\/p>\n\n\n\n<h3 class=\"wp-block-heading\">Prova Dissertativa <\/h3>\n\n\n\n<p>A Prova dissertativa, ter\u00e1 car\u00e1ter eliminat\u00f3rio e classificat\u00f3rio e consistir\u00e1 numa reda\u00e7\u00e3o que dever\u00e1 conter, no m\u00e1ximo, <strong>30 linhas<\/strong> e, no m\u00ednimo,<strong> 120  palavras<\/strong>, tendo valor de <strong>100 pontos<\/strong>, assim distribu\u00eddos: <br \/>a) ortografia: 20 pontos; <br \/>b) morfossintaxe: 20 pontos; <br \/>c) pontua\u00e7\u00e3o: 20 pontos; <br \/>d) conte\u00fado: 40 pontos. <\/p>\n\n\n\n<p>A Prova Objetiva e a Prova Dissertativa ser\u00e3o <em>aplicadas juntas<\/em> no dia <strong>05 de abril de 2020<\/strong> e ter\u00e3o tempo de <strong>4 horas<\/strong> para resolu\u00e7\u00e3o. <\/p>\n\n\n\n<p>Ser\u00e1 <em>eliminado<\/em> do concurso o candidato que n\u00e3o obtiver o <strong>m\u00ednimo de 60% dos pontos atribu\u00eddos \u00e0 prova objetiva<\/strong> ou de <strong>70% dos pontos atribu\u00eddos \u00e0 prova dissertativa<\/strong>. <\/p>\n\n\n\n<h3 class=\"wp-block-heading\" id=\"fisica\">Avalia\u00e7\u00e3o F\u00edsica Militar (AFM)<\/h3>\n\n\n\n<p>Ser\u00e3o convocados para submiss\u00e3o \u00e0 2.\u00aa fase do concurso para a realiza\u00e7\u00e3o de avalia\u00e7\u00e3o psicol\u00f3gica, Avalia\u00e7\u00e3o F\u00edsica Militar (AFM), Exames de Sa\u00fade, Exames Toxicol\u00f3gicos, Prova Oral e Prova de T\u00edtulos, os candidatos melhores classificados, observando-se a ordem decrescente de notas obtidas nas provas prova objetiva e dissertativa, na propor\u00e7\u00e3o de<strong> 3,0 candidatos por vaga<\/strong> para ambos os sexos, sendo inclu\u00eddos todos os candidatos porventura empatados na nota de corte. <\/p>\n\n\n\n<p>A Avalia\u00e7\u00e3o F\u00edsica Militar (AFM) ser\u00e1 composta de Avalia\u00e7\u00e3o M\u00e9dica (AM)\/Controle Fisiol\u00f3gico (CF) e do Teste de Capacita\u00e7\u00e3o F\u00edsica (TCF). O TCF teve car\u00e1ter eliminat\u00f3rio e classificat\u00f3rio, os candidatos tiveram que alcan\u00e7ar no <strong>m\u00ednimo 60% de rendimento em cada modalidade<\/strong> para aprova\u00e7\u00e3o, conforme tabelas a seguir.<\/p>\n\n\n\n<p><em><strong>For\u00e7a de resist\u00eancia abdominal (abdominal tipo remador):<\/strong><\/em><\/p>\n\n\n\n<div class=\"wp-block-image\"><figure class=\"aligncenter\"><img loading=\"lazy\" decoding=\"async\" width=\"646\" height=\"202\" src=\"https:\/\/dhg1h5j42swfq.cloudfront.net\/2018\/12\/07165047\/1-min.jpg\" alt=\"TAF Concurso PM MG Oficial\" class=\"wp-image-154833\" srcset=\"https:\/\/dhg1h5j42swfq.cloudfront.net\/2018\/12\/07165047\/1-min.jpg 646w, https:\/\/dhg1h5j42swfq.cloudfront.net\/2018\/12\/07165047\/1-min.jpg 300w, https:\/\/dhg1h5j42swfq.cloudfront.net\/2018\/12\/07165047\/1-min.jpg 610w\" sizes=\"auto, (max-width: 646px) 100vw, 646px\" \/><\/figure><\/div>\n\n\n\n<p><em><strong>For\u00e7a de resist\u00eancia de bra\u00e7os na barra fixa (flex\u00e3o est\u00e1tica e din\u00e2mica na barra fixa):<\/strong><\/em><\/p>\n\n\n\n<div class=\"wp-block-image\"><figure class=\"aligncenter\"><img loading=\"lazy\" decoding=\"async\" width=\"645\" height=\"225\" src=\"https:\/\/dhg1h5j42swfq.cloudfront.net\/2018\/12\/07165125\/2-min.jpg\" alt=\"TAF Concurso PM MG Oficial\" class=\"wp-image-154834\" srcset=\"https:\/\/dhg1h5j42swfq.cloudfront.net\/2018\/12\/07165125\/2-min.jpg 645w, https:\/\/dhg1h5j42swfq.cloudfront.net\/2018\/12\/07165125\/2-min.jpg 300w, https:\/\/dhg1h5j42swfq.cloudfront.net\/2018\/12\/07165125\/2-min.jpg 610w\" sizes=\"auto, (max-width: 645px) 100vw, 645px\" \/><\/figure><\/div>\n\n\n\n<p><em><strong>Resist\u00eancia cardiorrespirat\u00f3ria (corrida de 2.400 metros): <\/strong><\/em><\/p>\n\n\n\n<div class=\"wp-block-image\"><figure class=\"aligncenter\"><img loading=\"lazy\" decoding=\"async\" width=\"645\" height=\"203\" src=\"https:\/\/dhg1h5j42swfq.cloudfront.net\/2018\/12\/07165212\/3-min.jpg\" alt=\"TAF Concurso PM MG Oficial\" class=\"wp-image-154835\" srcset=\"https:\/\/dhg1h5j42swfq.cloudfront.net\/2018\/12\/07165212\/3-min.jpg 645w, https:\/\/dhg1h5j42swfq.cloudfront.net\/2018\/12\/07165212\/3-min.jpg 300w, https:\/\/dhg1h5j42swfq.cloudfront.net\/2018\/12\/07165212\/3-min.jpg 610w\" sizes=\"auto, (max-width: 645px) 100vw, 645px\" \/><\/figure><\/div>\n\n\n\n<h3 class=\"wp-block-heading\" id=\"oral\">Prova Oral<\/h3>\n\n\n\n<p>A prova oral, de car\u00e1ter eliminat\u00f3rio, valer\u00e1 <strong>100 pontos<\/strong>&nbsp;abrangendo as seguintes \u00e1reas tem\u00e1ticas:<\/p>\n\n\n\n<p>a) Direito Constitucional.<br \/>b) Direito Penal Comum e Militar.<br \/>c) Direito Processual Penal Comum e Militar.<br \/>d) Direito Administrativo.<\/p>\n\n\n\n<p>Cada candidato ser\u00e1 arguido sobre as 04 \u00e1reas tem\u00e1ticas previstas e ter\u00e1, no m\u00e1ximo, 5 minutos para responder aos questionamentos relativos a cada \u00e1rea.&nbsp;Ser\u00e1 considerado reprovado aquele que n\u00e3o obtiver o aproveitamento m\u00ednimo de 50%.<\/p>\n\n\n\n<p>A prova oral ser\u00e1 realizada em <strong>02 dias consecutivos<\/strong>, conforme data a ser publicada no ato de convoca\u00e7\u00e3o para a prova. <\/p>\n\n\n\n<p>Ser\u00e1 considerado r<em>eprovado e automaticamente eliminado<\/em> do concurso aquele que <strong>n\u00e3o obtiver<\/strong> o aproveitamento<strong> m\u00ednimo de 50% na prova oral. <\/strong><\/p>\n\n\n\n<h3 class=\"wp-block-heading\" id=\"titulos\">Prova de T\u00edtulos<\/h3>\n\n\n\n<p>A prova de t\u00edtulos ter\u00e1 car\u00e1ter classificat\u00f3rio e o valor de <strong>10 pontos<\/strong>&nbsp;divididos conforme a tabela abaixo:<\/p>\n\n\n\n<p><\/p>\n\n\n\n<table class=\"wp-block-table aligncenter has-subtle-pale-blue-background-color has-fixed-layout has-background is-style-stripes\"><tbody><tr><td><strong> Diploma\/certificado <\/strong><\/td><td> <strong>Pontos <\/strong><\/td><\/tr><tr><td>gradua\u00e7\u00e3o em curso superior, oficialmente reconhecido pelo \u00f3rg\u00e3o federal de ensino, excetuado o de Bacharel em Direito, que constitui requisito de ingresso na carreira. <\/td><td> 01 ponto <\/td><\/tr><tr><td>especializa\u00e7\u00e3o (p\u00f3s-gradua\u00e7\u00e3o, \u201clato sensu\u201d)<\/td><td>02 pontos <\/td><\/tr><tr><td>mestrado<\/td><td> 03  pontos <\/td><\/tr><tr><td>doutorado <\/td><td> 04 pontos <\/td><\/tr><\/tbody><\/table>\n\n\n\n<p>A aprova\u00e7\u00e3o no concurso condiciona-se \u00e0(ao): <br \/>a) aproveitamento m\u00ednimo de 60% dos pontos atribu\u00eddos \u00e0 prova objetiva e estar classificado para a corre\u00e7\u00e3o da prova dissertativa na propor\u00e7\u00e3o de 3,5  vezes o n\u00famero de vagas, incluindo os empatados na nota de corte; <br \/>b) aproveitamento m\u00ednimo de 70% dos pontos atribu\u00eddos \u00e0 prova dissertativa (reda\u00e7\u00e3o) e estar classificado para a realiza\u00e7\u00e3o das demais provas, avalia\u00e7\u00f5es, testes e exames na propor\u00e7\u00e3o de 3,0 vezes o n\u00famero de vagas, incluindo os empatados na nota de corte; <br \/>c) aproveitamento m\u00ednimo de 50% dos pontos atribu\u00eddos \u00e0 prova oral; <br \/>d) aptid\u00e3o nos exames preliminares e complementares de sa\u00fade; <br \/>e) aproveitamento m\u00ednimo de 12 (doze) pontos em cada modalidade do TCF; f) ser considerado apto nas avalia\u00e7\u00f5es psicol\u00f3gicas; <br \/>g) obter resultado negativo no exame toxicol\u00f3gico. <\/p>\n\n\n\n<p>O concurso se encerra com a publica\u00e7\u00e3o do resultado final e respectiva homologa\u00e7\u00e3o, com consequente convoca\u00e7\u00e3o para matr\u00edcula. <\/p>\n\n\n\n<p>A matr\u00edcula no curso de forma\u00e7\u00e3o implica na posse imediata do candidato, fazendo jus a todos os direitos legais dos militares. <\/p>\n\n\n\n<h3 class=\"wp-block-heading\" id=\"curso\">Curso de Forma\u00e7\u00e3o<\/h3>\n\n\n\n<p>O CFO funciona na Escola de Forma\u00e7\u00e3o de Oficiais da Academia de Pol\u00edcia Militar e ter\u00e1 dura\u00e7\u00e3o de dois anos e seis meses acad\u00eamicos e seis meses de aspirantado, com in\u00edcio previsto para 31 de agosto 2020, em tempo integral, com regime de dedica\u00e7\u00e3o exclusiva e atividades escolares extraclasse ap\u00f3s as 18h, inclusive aos s\u00e1bados, domingos e feriados .<\/p>\n\n\n\n<p>Durante o curso ser\u00e1 obrigat\u00f3rio o alojamento do Cadete nos primeiros 12 (doze) meses de curso (pernoitar nos aquartelamentos), no todo ou em parte, com a finalidade de familiarizar-se ao regime da caserna e \u00e0s atividades militares, de acordo com o Regimento da Escola. <\/p>\n\n\n\n<p>O Cadete far\u00e1 jus, durante o per\u00edodo do curso, \u00e0 remunera\u00e7\u00e3o, abono fardamento, assist\u00eancia m\u00e9dico-hospitalar, psicol\u00f3gica e odontol\u00f3gica, conforme legisla\u00e7\u00e3o em vigor.<\/p>\n\n\n\n<p>Conclu\u00eddo com aproveitamento o per\u00edodo acad\u00eamico e satisfeitas as exig\u00eancias legais referentes \u00e0 promo\u00e7\u00e3o, o Cadete ser\u00e1 declarado Aspirante a Oficial, com a antiguidade definida segundo a ordem de classifica\u00e7\u00e3o no CFO, podendo ser movimentado, de acordo com a necessidade e conveni\u00eancia administrativa para qualquer unidade da PMMG, em todo o Estado de Minas Gerais. <\/p>\n\n\n\n<p style=\"text-align:center\"><strong>Gostou desta oportunidade e deseja se prepara? Confira os curso dispon\u00edveis para o certame:<\/strong><\/p>\n\n\n\n<p style=\"font-size:25px;text-align:center\" class=\"has-background has-luminous-vivid-amber-background-color\"><strong><a rel=\"noreferrer noopener\" href=\"https:\/\/www.estrategiaconcursos.com.br\/cursosPorConcurso\/policia-militar-de-minas-gerais-pm-mg\/\" target=\"_blank\">CURSO PM MG<\/a><\/strong><\/p>\n\n\n\n<p style=\"text-align:center\"><em><strong>Assinatura Anual Ilimitada*<\/strong><\/em><\/p>\n\n\n\n<p style=\"font-size:17px;text-align:center\"><em>Prepare-se com o melhor material e com quem mais aprova em&nbsp;Concursos P\u00fablicos de todo o pa\u00eds. Assine agora a nossa Assinatura Anual e tenha acesso ilimitado* a todos os nossos cursos<\/em><\/p>\n\n\n\n<p style=\"font-size:25px;text-align:center\" class=\"has-background has-light-green-cyan-background-color\"><strong>ASSINE AGORA<\/strong>&nbsp;\u2013&nbsp;<a rel=\"noreferrer noopener\" href=\"https:\/\/www.estrategiaconcursos.com.br\/assinaturas\" target=\"_blank\"><strong>Assinatura Ilimitada<\/strong><\/a><\/p>\n\n\n\n<p style=\"text-align:center\"><strong><em>Fique por dentro dos concursos vigentes:<\/em><\/strong><\/p>\n\n\n\n<p style=\"font-size:25px;text-align:center\" class=\"has-background has-pale-cyan-blue-background-color\"><strong><a href=\"https:\/\/www.estrategiaconcursos.com.br\/blog\/concursos-abertos\/\" target=\"_blank\" rel=\"noreferrer noopener\">CONCURSOS ABERTOS<\/a><\/strong><\/p>\n\n\n\n<p style=\"font-size:25px;text-align:center\" class=\"has-background has-pale-cyan-blue-background-color\"><strong><a rel=\"noreferrer noopener\" href=\"https:\/\/www.estrategiaconcursos.com.br\/blog\/concursos-2019\/\" target=\"_blank\">CONCURSOS 2019<\/a><\/strong><\/p>\n\n\n\n<p style=\"font-size:25px;text-align:center\" class=\"has-background has-pale-cyan-blue-background-color\"><strong><a rel=\"noreferrer noopener\" href=\"https:\/\/www.estrategiaconcursos.com.br\/blog\/concursos-2020\/\" target=\"_blank\">CONCURSOS\u00a02020<\/a><\/strong><\/p>\n\n\n\n<figure class=\"wp-block-image\"><img decoding=\"async\" src=\"https:\/\/dhg1h5j42swfq.cloudfront.net\/2017\/03\/28152500\/coruja-ficha-tecnica-300x102.png\" alt=\"Ficha T\u00e9cnica Concurso CLDF 2018\"\/><\/figure>\n\n\n\n<h2 class=\"wp-block-heading\"><strong>Informa\u00e7\u00f5es do concurso PM MG&nbsp;<\/strong><\/h2>\n\n\n\n<p>\u25baData: 06 de dezembro de 2020<br \/>\u25baVagas: 160<br \/>\u25baLota\u00e7\u00f5es: Minas Gerais<br \/>\u25baBanca: PM MG<br \/>\u25baEscolaridade: N\u00edvel superior<br \/>\u25baEdital:&nbsp;<strong><a href=\"https:\/\/dhg1h5j42swfq.cloudfront.net\/2019\/12\/06192432\/Edital_PM_MG_2019_-_Oficial.pdf\">Edital PMMG Oficial<\/a><\/strong><\/p>\n\n\n\n<p><em>Ascom Estrat\u00e9gia<\/em><br \/>ascomestrategia@gmail.com<\/p>\n","protected":false},"excerpt":{"rendered":"<p>Foi publicado nesta sexta-feira, 06 de dezembro, o edital PM MG Oficial, ofertando 160 vagas para o curso de forma\u00e7\u00e3o de oficiais (CFO) da Pol\u00edcia Militar do estado de Minas Gerais, sendo 144 vagas masculinas e 16 vagas femininas. Os candidatos interessados em fazer parte do processo seletivo dever\u00e3o acessar o site da Pol\u00edcia Militar [&hellip;]<\/p>\n","protected":false},"author":552,"featured_media":155135,"comment_status":"open","ping_status":"closed","sticky":false,"template":"","format":"standard","meta":{"post_tipo":"article","footnotes":""},"categories":[1],"tags":[],"tax_estado":[],"class_list":["post-456939","post","type-post","status-publish","format-standard","has-post-thumbnail","hentry","category-cursos-e-concursos"],"acf":[],"yoast_head":"<!-- This site is optimized with the Yoast SEO Premium plugin v27.2 (Yoast SEO v27.2) - https:\/\/yoast.com\/product\/yoast-seo-premium-wordpress\/ -->\n<title>Edital PM MG Oficial 2020: ofertadas 144 vagas masculinas e 16 femininas<\/title>\n<meta name=\"robots\" content=\"index, follow, max-snippet:-1, max-image-preview:large, max-video-preview:-1\" \/>\n<link rel=\"canonical\" href=\"https:\/\/www.estrategiaconcursos.com.br\/blog\/edital-pm-mg-oficial-2020\/\" \/>\n<meta property=\"og:locale\" content=\"pt_BR\" \/>\n<meta property=\"og:type\" content=\"article\" \/>\n<meta property=\"og:title\" content=\"Edital PM MG Oficial 2020: ofertadas 144 vagas masculinas e 16 femininas\" \/>\n<meta property=\"og:description\" content=\"Foi publicado nesta sexta-feira, 06 de dezembro, o edital PM MG Oficial, ofertando 160 vagas para o curso de forma\u00e7\u00e3o de oficiais (CFO) da Pol\u00edcia Militar do estado de Minas Gerais, sendo 144 vagas masculinas e 16 vagas femininas. Os candidatos interessados em fazer parte do processo seletivo dever\u00e3o acessar o site da Pol\u00edcia Militar [&hellip;]\" \/>\n<meta property=\"og:url\" content=\"https:\/\/www.estrategiaconcursos.com.br\/blog\/edital-pm-mg-oficial-2020\/\" \/>\n<meta property=\"og:site_name\" content=\"Estrat\u00e9gia Concursos\" \/>\n<meta property=\"article:published_time\" content=\"2019-12-06T23:02:03+00:00\" \/>\n<meta property=\"article:modified_time\" content=\"2019-12-09T12:50:41+00:00\" \/>\n<meta property=\"og:image\" content=\"https:\/\/dhg1h5j42swfq.cloudfront.net\/2018\/12\/10090930\/PM-MG-e1544443778912.jpg\" \/>\n\t<meta property=\"og:image:width\" content=\"400\" \/>\n\t<meta property=\"og:image:height\" content=\"209\" \/>\n\t<meta property=\"og:image:type\" content=\"image\/jpeg\" \/>\n<meta name=\"author\" content=\"Paulo Bilynskyj\" \/>\n<meta name=\"twitter:card\" content=\"summary_large_image\" \/>\n<meta name=\"twitter:creator\" content=\"@EstratConcursos\" \/>\n<meta name=\"twitter:site\" content=\"@EstratConcursos\" \/>\n<meta name=\"twitter:label1\" content=\"Escrito por\" \/>\n\t<meta name=\"twitter:data1\" content=\"Paulo Bilynskyj\" \/>\n\t<meta name=\"twitter:label2\" content=\"Est. tempo de leitura\" \/>\n\t<meta name=\"twitter:data2\" content=\"8 minutos\" \/>\n<script type=\"application\/ld+json\" class=\"yoast-schema-graph\">{\"@context\":\"https:\/\/schema.org\",\"@graph\":[{\"@type\":\"NewsArticle\",\"@id\":\"https:\/\/www.estrategiaconcursos.com.br\/blog\/edital-pm-mg-oficial-2020\/#article\",\"isPartOf\":{\"@id\":\"https:\/\/www.estrategiaconcursos.com.br\/blog\/edital-pm-mg-oficial-2020\/\"},\"author\":{\"name\":\"Paulo Bilynskyj\",\"@id\":\"https:\/\/www.estrategiaconcursos.com.br\/blog\/#\/schema\/person\/a630b15e36f45b4c21fed01219843cb5\"},\"headline\":\"Edital PM MG Oficial 2020: ofertadas 144 vagas masculinas e 16 femininas\",\"datePublished\":\"2019-12-06T23:02:03+00:00\",\"dateModified\":\"2019-12-09T12:50:41+00:00\",\"mainEntityOfPage\":{\"@id\":\"https:\/\/www.estrategiaconcursos.com.br\/blog\/edital-pm-mg-oficial-2020\/\"},\"wordCount\":1575,\"commentCount\":1,\"publisher\":{\"@id\":\"https:\/\/www.estrategiaconcursos.com.br\/blog\/#organization\"},\"image\":{\"@id\":\"https:\/\/www.estrategiaconcursos.com.br\/blog\/edital-pm-mg-oficial-2020\/#primaryimage\"},\"thumbnailUrl\":\"https:\/\/dhg1h5j42swfq.cloudfront.net\/2018\/12\/10090930\/PM-MG-e1544443778912.jpg\",\"articleSection\":[\"Concursos P\u00fablicos\"],\"inLanguage\":\"pt-BR\",\"potentialAction\":[{\"@type\":\"CommentAction\",\"name\":\"Comment\",\"target\":[\"https:\/\/www.estrategiaconcursos.com.br\/blog\/edital-pm-mg-oficial-2020\/#respond\"]}],\"copyrightYear\":\"2019\",\"copyrightHolder\":{\"@id\":\"https:\/\/www.estrategiaconcursos.com.br\/blog\/#organization\"}},{\"@type\":\"WebPage\",\"@id\":\"https:\/\/www.estrategiaconcursos.com.br\/blog\/edital-pm-mg-oficial-2020\/\",\"url\":\"https:\/\/www.estrategiaconcursos.com.br\/blog\/edital-pm-mg-oficial-2020\/\",\"name\":\"Edital PM MG Oficial 2020: ofertadas 144 vagas masculinas e 16 femininas\",\"isPartOf\":{\"@id\":\"https:\/\/www.estrategiaconcursos.com.br\/blog\/#website\"},\"primaryImageOfPage\":{\"@id\":\"https:\/\/www.estrategiaconcursos.com.br\/blog\/edital-pm-mg-oficial-2020\/#primaryimage\"},\"image\":{\"@id\":\"https:\/\/www.estrategiaconcursos.com.br\/blog\/edital-pm-mg-oficial-2020\/#primaryimage\"},\"thumbnailUrl\":\"https:\/\/dhg1h5j42swfq.cloudfront.net\/2018\/12\/10090930\/PM-MG-e1544443778912.jpg\",\"datePublished\":\"2019-12-06T23:02:03+00:00\",\"dateModified\":\"2019-12-09T12:50:41+00:00\",\"breadcrumb\":{\"@id\":\"https:\/\/www.estrategiaconcursos.com.br\/blog\/edital-pm-mg-oficial-2020\/#breadcrumb\"},\"inLanguage\":\"pt-BR\",\"potentialAction\":[{\"@type\":\"ReadAction\",\"target\":[\"https:\/\/www.estrategiaconcursos.com.br\/blog\/edital-pm-mg-oficial-2020\/\"]}]},{\"@type\":\"ImageObject\",\"inLanguage\":\"pt-BR\",\"@id\":\"https:\/\/www.estrategiaconcursos.com.br\/blog\/edital-pm-mg-oficial-2020\/#primaryimage\",\"url\":\"https:\/\/dhg1h5j42swfq.cloudfront.net\/2018\/12\/10090930\/PM-MG-e1544443778912.jpg\",\"contentUrl\":\"https:\/\/dhg1h5j42swfq.cloudfront.net\/2018\/12\/10090930\/PM-MG-e1544443778912.jpg\",\"width\":400,\"height\":209,\"caption\":\"concurso pm mg oficial\"},{\"@type\":\"BreadcrumbList\",\"@id\":\"https:\/\/www.estrategiaconcursos.com.br\/blog\/edital-pm-mg-oficial-2020\/#breadcrumb\",\"itemListElement\":[{\"@type\":\"ListItem\",\"position\":1,\"name\":\"In\u00edcio\",\"item\":\"https:\/\/www.estrategiaconcursos.com.br\/blog\/\"},{\"@type\":\"ListItem\",\"position\":2,\"name\":\"Edital PM MG Oficial 2020: ofertadas 144 vagas masculinas e 16 femininas\"}]},{\"@type\":\"WebSite\",\"@id\":\"https:\/\/www.estrategiaconcursos.com.br\/blog\/#website\",\"url\":\"https:\/\/www.estrategiaconcursos.com.br\/blog\/\",\"name\":\"Estrat\u00e9gia Concursos\",\"description\":\"O blog da Estrat\u00e9gia Concursos traz not\u00edcias sobre concursos e artigos de professores oferecendo cursos para concursos (pdf + videaulas) no site.\",\"publisher\":{\"@id\":\"https:\/\/www.estrategiaconcursos.com.br\/blog\/#organization\"},\"potentialAction\":[{\"@type\":\"SearchAction\",\"target\":{\"@type\":\"EntryPoint\",\"urlTemplate\":\"https:\/\/www.estrategiaconcursos.com.br\/blog\/?s={search_term_string}\"},\"query-input\":{\"@type\":\"PropertyValueSpecification\",\"valueRequired\":true,\"valueName\":\"search_term_string\"}}],\"inLanguage\":\"pt-BR\"},{\"@type\":\"Organization\",\"@id\":\"https:\/\/www.estrategiaconcursos.com.br\/blog\/#organization\",\"name\":\"Estrat\u00e9gia Concursos\",\"url\":\"https:\/\/www.estrategiaconcursos.com.br\/blog\/\",\"logo\":{\"@type\":\"ImageObject\",\"inLanguage\":\"pt-BR\",\"@id\":\"https:\/\/www.estrategiaconcursos.com.br\/blog\/#\/schema\/logo\/image\/\",\"url\":\"https:\/\/dhg1h5j42swfq.cloudfront.net\/2025\/06\/03203428\/logo_concursos-1.jpg\",\"contentUrl\":\"https:\/\/dhg1h5j42swfq.cloudfront.net\/2025\/06\/03203428\/logo_concursos-1.jpg\",\"width\":230,\"height\":60,\"caption\":\"Estrat\u00e9gia Concursos\"},\"image\":{\"@id\":\"https:\/\/www.estrategiaconcursos.com.br\/blog\/#\/schema\/logo\/image\/\"},\"sameAs\":[\"https:\/\/x.com\/EstratConcursos\"]},{\"@type\":\"Person\",\"@id\":\"https:\/\/www.estrategiaconcursos.com.br\/blog\/#\/schema\/person\/a630b15e36f45b4c21fed01219843cb5\",\"name\":\"Paulo Bilynskyj\",\"image\":{\"@type\":\"ImageObject\",\"inLanguage\":\"pt-BR\",\"@id\":\"https:\/\/secure.gravatar.com\/avatar\/37e21f70c9042e7456beffdc6d31fe051f3f6dcbf252f69343a791b144852057?s=96&d=mm&r=g\",\"url\":\"https:\/\/secure.gravatar.com\/avatar\/37e21f70c9042e7456beffdc6d31fe051f3f6dcbf252f69343a791b144852057?s=96&d=mm&r=g\",\"contentUrl\":\"https:\/\/secure.gravatar.com\/avatar\/37e21f70c9042e7456beffdc6d31fe051f3f6dcbf252f69343a791b144852057?s=96&d=mm&r=g\",\"caption\":\"Paulo Bilynskyj\"},\"url\":\"https:\/\/www.estrategiaconcursos.com.br\/blog\/author\/pbilynskyjgmail-com\/\"}]}<\/script>\n<!-- \/ Yoast SEO Premium plugin. -->","yoast_head_json":{"title":"Edital PM MG Oficial 2020: ofertadas 144 vagas masculinas e 16 femininas","robots":{"index":"index","follow":"follow","max-snippet":"max-snippet:-1","max-image-preview":"max-image-preview:large","max-video-preview":"max-video-preview:-1"},"canonical":"https:\/\/www.estrategiaconcursos.com.br\/blog\/edital-pm-mg-oficial-2020\/","og_locale":"pt_BR","og_type":"article","og_title":"Edital PM MG Oficial 2020: ofertadas 144 vagas masculinas e 16 femininas","og_description":"Foi publicado nesta sexta-feira, 06 de dezembro, o edital PM MG Oficial, ofertando 160 vagas para o curso de forma\u00e7\u00e3o de oficiais (CFO) da Pol\u00edcia Militar do estado de Minas Gerais, sendo 144 vagas masculinas e 16 vagas femininas. Os candidatos interessados em fazer parte do processo seletivo dever\u00e3o acessar o site da Pol\u00edcia Militar [&hellip;]","og_url":"https:\/\/www.estrategiaconcursos.com.br\/blog\/edital-pm-mg-oficial-2020\/","og_site_name":"Estrat\u00e9gia Concursos","article_published_time":"2019-12-06T23:02:03+00:00","article_modified_time":"2019-12-09T12:50:41+00:00","og_image":[{"width":400,"height":209,"url":"https:\/\/dhg1h5j42swfq.cloudfront.net\/2018\/12\/10090930\/PM-MG-e1544443778912.jpg","type":"image\/jpeg"}],"author":"Paulo Bilynskyj","twitter_card":"summary_large_image","twitter_creator":"@EstratConcursos","twitter_site":"@EstratConcursos","twitter_misc":{"Escrito por":"Paulo Bilynskyj","Est. tempo de leitura":"8 minutos"},"schema":{"@context":"https:\/\/schema.org","@graph":[{"@type":"NewsArticle","@id":"https:\/\/www.estrategiaconcursos.com.br\/blog\/edital-pm-mg-oficial-2020\/#article","isPartOf":{"@id":"https:\/\/www.estrategiaconcursos.com.br\/blog\/edital-pm-mg-oficial-2020\/"},"author":{"name":"Paulo Bilynskyj","@id":"https:\/\/www.estrategiaconcursos.com.br\/blog\/#\/schema\/person\/a630b15e36f45b4c21fed01219843cb5"},"headline":"Edital PM MG Oficial 2020: ofertadas 144 vagas masculinas e 16 femininas","datePublished":"2019-12-06T23:02:03+00:00","dateModified":"2019-12-09T12:50:41+00:00","mainEntityOfPage":{"@id":"https:\/\/www.estrategiaconcursos.com.br\/blog\/edital-pm-mg-oficial-2020\/"},"wordCount":1575,"commentCount":1,"publisher":{"@id":"https:\/\/www.estrategiaconcursos.com.br\/blog\/#organization"},"image":{"@id":"https:\/\/www.estrategiaconcursos.com.br\/blog\/edital-pm-mg-oficial-2020\/#primaryimage"},"thumbnailUrl":"https:\/\/dhg1h5j42swfq.cloudfront.net\/2018\/12\/10090930\/PM-MG-e1544443778912.jpg","articleSection":["Concursos P\u00fablicos"],"inLanguage":"pt-BR","potentialAction":[{"@type":"CommentAction","name":"Comment","target":["https:\/\/www.estrategiaconcursos.com.br\/blog\/edital-pm-mg-oficial-2020\/#respond"]}],"copyrightYear":"2019","copyrightHolder":{"@id":"https:\/\/www.estrategiaconcursos.com.br\/blog\/#organization"}},{"@type":"WebPage","@id":"https:\/\/www.estrategiaconcursos.com.br\/blog\/edital-pm-mg-oficial-2020\/","url":"https:\/\/www.estrategiaconcursos.com.br\/blog\/edital-pm-mg-oficial-2020\/","name":"Edital PM MG Oficial 2020: ofertadas 144 vagas masculinas e 16 femininas","isPartOf":{"@id":"https:\/\/www.estrategiaconcursos.com.br\/blog\/#website"},"primaryImageOfPage":{"@id":"https:\/\/www.estrategiaconcursos.com.br\/blog\/edital-pm-mg-oficial-2020\/#primaryimage"},"image":{"@id":"https:\/\/www.estrategiaconcursos.com.br\/blog\/edital-pm-mg-oficial-2020\/#primaryimage"},"thumbnailUrl":"https:\/\/dhg1h5j42swfq.cloudfront.net\/2018\/12\/10090930\/PM-MG-e1544443778912.jpg","datePublished":"2019-12-06T23:02:03+00:00","dateModified":"2019-12-09T12:50:41+00:00","breadcrumb":{"@id":"https:\/\/www.estrategiaconcursos.com.br\/blog\/edital-pm-mg-oficial-2020\/#breadcrumb"},"inLanguage":"pt-BR","potentialAction":[{"@type":"ReadAction","target":["https:\/\/www.estrategiaconcursos.com.br\/blog\/edital-pm-mg-oficial-2020\/"]}]},{"@type":"ImageObject","inLanguage":"pt-BR","@id":"https:\/\/www.estrategiaconcursos.com.br\/blog\/edital-pm-mg-oficial-2020\/#primaryimage","url":"https:\/\/dhg1h5j42swfq.cloudfront.net\/2018\/12\/10090930\/PM-MG-e1544443778912.jpg","contentUrl":"https:\/\/dhg1h5j42swfq.cloudfront.net\/2018\/12\/10090930\/PM-MG-e1544443778912.jpg","width":400,"height":209,"caption":"concurso pm mg oficial"},{"@type":"BreadcrumbList","@id":"https:\/\/www.estrategiaconcursos.com.br\/blog\/edital-pm-mg-oficial-2020\/#breadcrumb","itemListElement":[{"@type":"ListItem","position":1,"name":"In\u00edcio","item":"https:\/\/www.estrategiaconcursos.com.br\/blog\/"},{"@type":"ListItem","position":2,"name":"Edital PM MG Oficial 2020: ofertadas 144 vagas masculinas e 16 femininas"}]},{"@type":"WebSite","@id":"https:\/\/www.estrategiaconcursos.com.br\/blog\/#website","url":"https:\/\/www.estrategiaconcursos.com.br\/blog\/","name":"Estrat\u00e9gia Concursos","description":"O blog da Estrat\u00e9gia Concursos traz not\u00edcias sobre concursos e artigos de professores oferecendo cursos para concursos (pdf + videaulas) no site.","publisher":{"@id":"https:\/\/www.estrategiaconcursos.com.br\/blog\/#organization"},"potentialAction":[{"@type":"SearchAction","target":{"@type":"EntryPoint","urlTemplate":"https:\/\/www.estrategiaconcursos.com.br\/blog\/?s={search_term_string}"},"query-input":{"@type":"PropertyValueSpecification","valueRequired":true,"valueName":"search_term_string"}}],"inLanguage":"pt-BR"},{"@type":"Organization","@id":"https:\/\/www.estrategiaconcursos.com.br\/blog\/#organization","name":"Estrat\u00e9gia Concursos","url":"https:\/\/www.estrategiaconcursos.com.br\/blog\/","logo":{"@type":"ImageObject","inLanguage":"pt-BR","@id":"https:\/\/www.estrategiaconcursos.com.br\/blog\/#\/schema\/logo\/image\/","url":"https:\/\/dhg1h5j42swfq.cloudfront.net\/2025\/06\/03203428\/logo_concursos-1.jpg","contentUrl":"https:\/\/dhg1h5j42swfq.cloudfront.net\/2025\/06\/03203428\/logo_concursos-1.jpg","width":230,"height":60,"caption":"Estrat\u00e9gia Concursos"},"image":{"@id":"https:\/\/www.estrategiaconcursos.com.br\/blog\/#\/schema\/logo\/image\/"},"sameAs":["https:\/\/x.com\/EstratConcursos"]},{"@type":"Person","@id":"https:\/\/www.estrategiaconcursos.com.br\/blog\/#\/schema\/person\/a630b15e36f45b4c21fed01219843cb5","name":"Paulo Bilynskyj","image":{"@type":"ImageObject","inLanguage":"pt-BR","@id":"https:\/\/secure.gravatar.com\/avatar\/37e21f70c9042e7456beffdc6d31fe051f3f6dcbf252f69343a791b144852057?s=96&d=mm&r=g","url":"https:\/\/secure.gravatar.com\/avatar\/37e21f70c9042e7456beffdc6d31fe051f3f6dcbf252f69343a791b144852057?s=96&d=mm&r=g","contentUrl":"https:\/\/secure.gravatar.com\/avatar\/37e21f70c9042e7456beffdc6d31fe051f3f6dcbf252f69343a791b144852057?s=96&d=mm&r=g","caption":"Paulo Bilynskyj"},"url":"https:\/\/www.estrategiaconcursos.com.br\/blog\/author\/pbilynskyjgmail-com\/"}]}},"_links":{"self":[{"href":"https:\/\/www.estrategiaconcursos.com.br\/blog\/wp-json\/wp\/v2\/posts\/456939","targetHints":{"allow":["GET"]}}],"collection":[{"href":"https:\/\/www.estrategiaconcursos.com.br\/blog\/wp-json\/wp\/v2\/posts"}],"about":[{"href":"https:\/\/www.estrategiaconcursos.com.br\/blog\/wp-json\/wp\/v2\/types\/post"}],"author":[{"embeddable":true,"href":"https:\/\/www.estrategiaconcursos.com.br\/blog\/wp-json\/wp\/v2\/users\/552"}],"replies":[{"embeddable":true,"href":"https:\/\/www.estrategiaconcursos.com.br\/blog\/wp-json\/wp\/v2\/comments?post=456939"}],"version-history":[{"count":18,"href":"https:\/\/www.estrategiaconcursos.com.br\/blog\/wp-json\/wp\/v2\/posts\/456939\/revisions"}],"predecessor-version":[{"id":457480,"href":"https:\/\/www.estrategiaconcursos.com.br\/blog\/wp-json\/wp\/v2\/posts\/456939\/revisions\/457480"}],"wp:featuredmedia":[{"embeddable":true,"href":"https:\/\/www.estrategiaconcursos.com.br\/blog\/wp-json\/wp\/v2\/media\/155135"}],"wp:attachment":[{"href":"https:\/\/www.estrategiaconcursos.com.br\/blog\/wp-json\/wp\/v2\/media?parent=456939"}],"wp:term":[{"taxonomy":"category","embeddable":true,"href":"https:\/\/www.estrategiaconcursos.com.br\/blog\/wp-json\/wp\/v2\/categories?post=456939"},{"taxonomy":"post_tag","embeddable":true,"href":"https:\/\/www.estrategiaconcursos.com.br\/blog\/wp-json\/wp\/v2\/tags?post=456939"},{"taxonomy":"tax_estado","embeddable":true,"href":"https:\/\/www.estrategiaconcursos.com.br\/blog\/wp-json\/wp\/v2\/tax_estado?post=456939"}],"curies":[{"name":"wp","href":"https:\/\/api.w.org\/{rel}","templated":true}]}}