{"id":456913,"date":"2019-12-08T07:15:13","date_gmt":"2019-12-08T10:15:13","guid":{"rendered":"https:\/\/www.estrategiaconcursos.com.br\/blog\/?p=456913"},"modified":"2023-01-31T13:42:01","modified_gmt":"2023-01-31T16:42:01","slug":"1-a-maratona-temas-essenciais-advogado-da-agu-um-domingo-inteiro-de-aulas","status":"publish","type":"post","link":"https:\/\/www.estrategiaconcursos.com.br\/blog\/1-a-maratona-temas-essenciais-advogado-da-agu-um-domingo-inteiro-de-aulas\/","title":{"rendered":"1.\u00aa Maratona: Temas Essenciais Advogado da AGU:  um domingo inteiro de aulas"},"content":{"rendered":"\n<p>O \u00faltimo concurso para Advogado da Uni\u00e3o ocorreu em 2015. \u00c0 \u00e9poca foram ofertados <strong>84 cargos<\/strong>, nestes j\u00e1 inclu\u00eddas 5 vagas para candidatos com defici\u00eancia e 17 cargos para negros, al\u00e9m do acr\u00e9scimo de cargos que viessem a ser criados durante o certame.  <\/p>\n\n\n\n<p>O certame \u00e9 excelente para os formados na \u00e1rea jur\u00eddica j\u00e1 que, para ser investido na carreira de Advogado da Uni\u00e3o o candidato dever\u00e1 possuir, <em>cumulativamente,<\/em> diploma de <strong>gradua\u00e7\u00e3o em Direito<\/strong>, registro de <strong>inscri\u00e7\u00e3o na OAB<\/strong> e <strong>2 anos<\/strong> de <strong>pr\u00e1tica forense<\/strong>. <\/p>\n\n\n\n<p>Por se tratar de um concurso peculiar e de grande relev\u00e2ncia nacional, existem temas essenciais e repletos de especificidades relacionados ao certame para advogado. A fim de deixar os candidatos interessados na carreira j\u00e1 afiados em rela\u00e7\u00e3o a eles a equipe de professores do Estrat\u00e9gia Concursos preparou um evento exclusivo! <\/p>\n\n\n\n<p>A transmiss\u00e3o ser\u00e1 <em><strong>gratuita<\/strong><\/em> e <em><strong>ao vivo<\/strong><\/em> a partir das <strong><em>08 horas e 30 minutos<\/em><\/strong> e ocupar\u00e1 todo este domingo,<strong> <em>08 de dezembro<\/em><\/strong><em>,<\/em> diretamente do <strong><em>canal do Estrat\u00e9gia no Youtube<\/em><\/strong>. Acompanhe a programa\u00e7\u00e3o: <\/p>\n\n\n\n<p><\/p>\n\n\n\n<figure class=\"wp-block-table aligncenter is-style-stripes\"><table class=\"has-subtle-pale-blue-background-color has-background has-fixed-layout\"><tbody><tr><td><strong>Hor\u00e1rio <\/strong><\/td><td><strong>Disciplinas <\/strong><\/td><td>Professores <\/td><\/tr><tr><td><strong>08:30 \u00e0s 10:00<\/strong><\/td><td>Direito Administrativo <\/td><td>Prof.\u00ba Igor Maciel<\/td><\/tr><tr><td><strong>10:00 \u00e0s 11:00<\/strong><\/td><td>Legisla\u00e7\u00e3o Administrativa da AGU<\/td><td>Prof.\u00ba Igor Maciel<\/td><\/tr><tr><td><strong>11:00 \u00e0s 12:30<\/strong><\/td><td>Direito Constitucional<\/td><td>Prof.\u00aa Nelma Fontana <\/td><\/tr><tr><td><strong>12:30 \u00e0s 13:30<\/strong><\/td><td><strong>INTERVALO<\/strong><\/td><td><\/td><\/tr><tr><td><strong>13:30 \u00e0s 15:00<\/strong><\/td><td>Direito Financeiro e Econ\u00f4mico<\/td><td>Prof.\u00aa Nat\u00e1lia Riche <\/td><\/tr><tr><td><strong>15:00 \u00e0s 16:00<\/strong><\/td><td>Direito Tribut\u00e1rio<\/td><td>Prof.\u00ba Mateus Pontalti<\/td><\/tr><tr><td><strong>16:00 \u00e0s 17:00<\/strong><\/td><td>Direito Ambiental <\/td><td>Prof.\u00ba Thiago Leite<\/td><\/tr><\/tbody><\/table><\/figure>\n\n\n\n<p>N\u00e3o fique de fora dessa! <strong>Clique no link abaixo e acompanhe: <\/strong><\/p>\n\n\n\n<h2 class=\"wp-block-heading\" id=\"assinatura-cursos\">Quer se preparar para o concurso AGU Advogado da Uni\u00e3o?<\/h2>\n\n\n\n<p class=\"has-text-align-center has-light-green-cyan-background-color has-background\" style=\"font-size:clamp(16.293px, 1.018rem + ((1vw - 3.2px) * 0.854), 25px);px\"><strong><a href=\"https:\/\/www.estrategiaconcursos.com.br\/cursosPorConcurso\/agu-procurador-federal\/\">CURSO AGU ADVOGADO DA UNI\u00c3O<\/a><\/strong><\/p>\n\n\n\n<p class=\"has-text-align-center\"><strong><em>Fique por dentro dos concursos vigentes:<\/em><\/strong><\/p>\n\n\n\n<p class=\"has-text-align-center has-pale-cyan-blue-background-color has-background\" style=\"font-size:clamp(16.293px, 1.018rem + ((1vw - 3.2px) * 0.854), 25px);px\"><strong><a href=\"https:\/\/www.estrategiaconcursos.com.br\/blog\/concursos-abertos\/\" target=\"_blank\" rel=\"noreferrer noopener\">CONCURSOS ABERTOS<\/a><\/strong><\/p>\n\n\n\n<p class=\"has-text-align-center has-pale-cyan-blue-background-color has-background\" style=\"font-size:clamp(16.293px, 1.018rem + ((1vw - 3.2px) * 0.854), 25px);px\"><strong><a href=\"https:\/\/www.estrategiaconcursos.com.br\/blog\/concursos-2019\/\" target=\"_blank\" rel=\"noreferrer noopener\">CONCURSOS 2019<\/a><\/strong><\/p>\n\n\n\n<p class=\"has-text-align-center has-pale-cyan-blue-background-color has-background\" style=\"font-size:clamp(16.293px, 1.018rem + ((1vw - 3.2px) * 0.854), 25px);px\"><strong><a href=\"https:\/\/www.estrategiaconcursos.com.br\/blog\/concursos-2020\/\" target=\"_blank\" rel=\"noreferrer noopener\">CONCURSOS&nbsp;2020<\/a><\/strong><\/p>\n\n\n\n<p class=\"has-text-align-center has-pale-pink-background-color has-background\" style=\"font-size:clamp(16.293px, 1.018rem + ((1vw - 3.2px) * 0.854), 25px);px\"><strong><a rel=\"noreferrer noopener\" href=\"https:\/\/www.estrategiaconcursos.com.br\/blog\/concursos-de-direito\/\" target=\"_blank\">CONCURSOS DE DIREITO<\/a><\/strong><\/p>\n","protected":false},"excerpt":{"rendered":"<p>O \u00faltimo concurso para Advogado da Uni\u00e3o ocorreu em 2015. \u00c0 \u00e9poca foram ofertados 84 cargos, nestes j\u00e1 inclu\u00eddas 5 vagas para candidatos com defici\u00eancia e 17 cargos para negros, al\u00e9m do acr\u00e9scimo de cargos que viessem a ser criados durante o certame. O certame \u00e9 excelente para os formados na \u00e1rea jur\u00eddica j\u00e1 que, [&hellip;]<\/p>\n","protected":false},"author":180,"featured_media":457048,"comment_status":"open","ping_status":"closed","sticky":false,"template":"","format":"standard","meta":{"post_tipo":"article","footnotes":""},"categories":[1,2185],"tags":[],"tax_estado":[],"class_list":["post-456913","post","type-post","status-publish","format-standard","has-post-thumbnail","hentry","category-cursos-e-concursos","category-carreiras-juridicas"],"acf":[],"yoast_head":"<!-- This site is optimized with the Yoast SEO Premium plugin v27.2 (Yoast SEO v27.2) - https:\/\/yoast.com\/product\/yoast-seo-premium-wordpress\/ -->\n<title>1.\u00aa Maratona: Temas Essenciais Advogado da AGU: um domingo inteiro de aulas<\/title>\n<meta name=\"robots\" content=\"index, follow, max-snippet:-1, max-image-preview:large, max-video-preview:-1\" \/>\n<link rel=\"canonical\" href=\"https:\/\/www.estrategiaconcursos.com.br\/blog\/1-a-maratona-temas-essenciais-advogado-da-agu-um-domingo-inteiro-de-aulas\/\" \/>\n<meta property=\"og:locale\" content=\"pt_BR\" \/>\n<meta property=\"og:type\" content=\"article\" \/>\n<meta property=\"og:title\" content=\"1.\u00aa Maratona: Temas Essenciais Advogado da AGU: um domingo inteiro de aulas\" \/>\n<meta property=\"og:description\" content=\"O \u00faltimo concurso para Advogado da Uni\u00e3o ocorreu em 2015. \u00c0 \u00e9poca foram ofertados 84 cargos, nestes j\u00e1 inclu\u00eddas 5 vagas para candidatos com defici\u00eancia e 17 cargos para negros, al\u00e9m do acr\u00e9scimo de cargos que viessem a ser criados durante o certame. O certame \u00e9 excelente para os formados na \u00e1rea jur\u00eddica j\u00e1 que, [&hellip;]\" \/>\n<meta property=\"og:url\" content=\"https:\/\/www.estrategiaconcursos.com.br\/blog\/1-a-maratona-temas-essenciais-advogado-da-agu-um-domingo-inteiro-de-aulas\/\" \/>\n<meta property=\"og:site_name\" content=\"Estrat\u00e9gia Concursos\" \/>\n<meta property=\"article:author\" content=\"https:\/\/www.facebook.com\/ricardo.s.torques\" \/>\n<meta property=\"article:published_time\" content=\"2019-12-08T10:15:13+00:00\" \/>\n<meta property=\"article:modified_time\" content=\"2023-01-31T16:42:01+00:00\" \/>\n<meta property=\"og:image\" content=\"https:\/\/dhg1h5j42swfq.cloudfront.net\/2019\/12\/07093415\/youtube-agu.jpg\" \/>\n\t<meta property=\"og:image:width\" content=\"1200\" \/>\n\t<meta property=\"og:image:height\" content=\"675\" \/>\n\t<meta property=\"og:image:type\" content=\"image\/jpeg\" \/>\n<meta name=\"author\" content=\"Ricardo Torques\" \/>\n<meta name=\"twitter:card\" content=\"summary_large_image\" \/>\n<meta name=\"twitter:creator\" content=\"@EstratConcursos\" \/>\n<meta name=\"twitter:site\" content=\"@EstratConcursos\" \/>\n<meta name=\"twitter:label1\" content=\"Escrito por\" \/>\n\t<meta name=\"twitter:data1\" content=\"Ricardo Torques\" \/>\n\t<meta name=\"twitter:label2\" content=\"Est. tempo de leitura\" \/>\n\t<meta name=\"twitter:data2\" content=\"1 minuto\" \/>\n<script type=\"application\/ld+json\" class=\"yoast-schema-graph\">{\"@context\":\"https:\/\/schema.org\",\"@graph\":[{\"@type\":\"NewsArticle\",\"@id\":\"https:\/\/www.estrategiaconcursos.com.br\/blog\/1-a-maratona-temas-essenciais-advogado-da-agu-um-domingo-inteiro-de-aulas\/#article\",\"isPartOf\":{\"@id\":\"https:\/\/www.estrategiaconcursos.com.br\/blog\/1-a-maratona-temas-essenciais-advogado-da-agu-um-domingo-inteiro-de-aulas\/\"},\"author\":{\"name\":\"Ricardo Torques\",\"@id\":\"https:\/\/www.estrategiaconcursos.com.br\/blog\/#\/schema\/person\/aa39cf5ddb518e5bdce27c35788405e2\"},\"headline\":\"1.\u00aa Maratona: Temas Essenciais Advogado da AGU: um domingo inteiro de aulas\",\"datePublished\":\"2019-12-08T10:15:13+00:00\",\"dateModified\":\"2023-01-31T16:42:01+00:00\",\"mainEntityOfPage\":{\"@id\":\"https:\/\/www.estrategiaconcursos.com.br\/blog\/1-a-maratona-temas-essenciais-advogado-da-agu-um-domingo-inteiro-de-aulas\/\"},\"wordCount\":278,\"commentCount\":0,\"publisher\":{\"@id\":\"https:\/\/www.estrategiaconcursos.com.br\/blog\/#organization\"},\"image\":{\"@id\":\"https:\/\/www.estrategiaconcursos.com.br\/blog\/1-a-maratona-temas-essenciais-advogado-da-agu-um-domingo-inteiro-de-aulas\/#primaryimage\"},\"thumbnailUrl\":\"https:\/\/dhg1h5j42swfq.cloudfront.net\/2019\/12\/07093415\/youtube-agu.jpg\",\"articleSection\":[\"Concursos P\u00fablicos\",\"Jur\u00eddico\"],\"inLanguage\":\"pt-BR\",\"potentialAction\":[{\"@type\":\"CommentAction\",\"name\":\"Comment\",\"target\":[\"https:\/\/www.estrategiaconcursos.com.br\/blog\/1-a-maratona-temas-essenciais-advogado-da-agu-um-domingo-inteiro-de-aulas\/#respond\"]}],\"copyrightYear\":\"2019\",\"copyrightHolder\":{\"@id\":\"https:\/\/www.estrategiaconcursos.com.br\/blog\/#organization\"}},{\"@type\":\"WebPage\",\"@id\":\"https:\/\/www.estrategiaconcursos.com.br\/blog\/1-a-maratona-temas-essenciais-advogado-da-agu-um-domingo-inteiro-de-aulas\/\",\"url\":\"https:\/\/www.estrategiaconcursos.com.br\/blog\/1-a-maratona-temas-essenciais-advogado-da-agu-um-domingo-inteiro-de-aulas\/\",\"name\":\"1.\u00aa Maratona: Temas Essenciais Advogado da AGU: um domingo inteiro de aulas\",\"isPartOf\":{\"@id\":\"https:\/\/www.estrategiaconcursos.com.br\/blog\/#website\"},\"primaryImageOfPage\":{\"@id\":\"https:\/\/www.estrategiaconcursos.com.br\/blog\/1-a-maratona-temas-essenciais-advogado-da-agu-um-domingo-inteiro-de-aulas\/#primaryimage\"},\"image\":{\"@id\":\"https:\/\/www.estrategiaconcursos.com.br\/blog\/1-a-maratona-temas-essenciais-advogado-da-agu-um-domingo-inteiro-de-aulas\/#primaryimage\"},\"thumbnailUrl\":\"https:\/\/dhg1h5j42swfq.cloudfront.net\/2019\/12\/07093415\/youtube-agu.jpg\",\"datePublished\":\"2019-12-08T10:15:13+00:00\",\"dateModified\":\"2023-01-31T16:42:01+00:00\",\"breadcrumb\":{\"@id\":\"https:\/\/www.estrategiaconcursos.com.br\/blog\/1-a-maratona-temas-essenciais-advogado-da-agu-um-domingo-inteiro-de-aulas\/#breadcrumb\"},\"inLanguage\":\"pt-BR\",\"potentialAction\":[{\"@type\":\"ReadAction\",\"target\":[\"https:\/\/www.estrategiaconcursos.com.br\/blog\/1-a-maratona-temas-essenciais-advogado-da-agu-um-domingo-inteiro-de-aulas\/\"]}]},{\"@type\":\"ImageObject\",\"inLanguage\":\"pt-BR\",\"@id\":\"https:\/\/www.estrategiaconcursos.com.br\/blog\/1-a-maratona-temas-essenciais-advogado-da-agu-um-domingo-inteiro-de-aulas\/#primaryimage\",\"url\":\"https:\/\/dhg1h5j42swfq.cloudfront.net\/2019\/12\/07093415\/youtube-agu.jpg\",\"contentUrl\":\"https:\/\/dhg1h5j42swfq.cloudfront.net\/2019\/12\/07093415\/youtube-agu.jpg\",\"width\":1200,\"height\":675},{\"@type\":\"BreadcrumbList\",\"@id\":\"https:\/\/www.estrategiaconcursos.com.br\/blog\/1-a-maratona-temas-essenciais-advogado-da-agu-um-domingo-inteiro-de-aulas\/#breadcrumb\",\"itemListElement\":[{\"@type\":\"ListItem\",\"position\":1,\"name\":\"In\u00edcio\",\"item\":\"https:\/\/www.estrategiaconcursos.com.br\/blog\/\"},{\"@type\":\"ListItem\",\"position\":2,\"name\":\"1.\u00aa Maratona: Temas Essenciais Advogado da AGU: um domingo inteiro de aulas\"}]},{\"@type\":\"WebSite\",\"@id\":\"https:\/\/www.estrategiaconcursos.com.br\/blog\/#website\",\"url\":\"https:\/\/www.estrategiaconcursos.com.br\/blog\/\",\"name\":\"Estrat\u00e9gia Concursos\",\"description\":\"O blog da Estrat\u00e9gia Concursos traz not\u00edcias sobre concursos e artigos de professores oferecendo cursos para concursos (pdf + videaulas) no site.\",\"publisher\":{\"@id\":\"https:\/\/www.estrategiaconcursos.com.br\/blog\/#organization\"},\"potentialAction\":[{\"@type\":\"SearchAction\",\"target\":{\"@type\":\"EntryPoint\",\"urlTemplate\":\"https:\/\/www.estrategiaconcursos.com.br\/blog\/?s={search_term_string}\"},\"query-input\":{\"@type\":\"PropertyValueSpecification\",\"valueRequired\":true,\"valueName\":\"search_term_string\"}}],\"inLanguage\":\"pt-BR\"},{\"@type\":\"Organization\",\"@id\":\"https:\/\/www.estrategiaconcursos.com.br\/blog\/#organization\",\"name\":\"Estrat\u00e9gia Concursos\",\"url\":\"https:\/\/www.estrategiaconcursos.com.br\/blog\/\",\"logo\":{\"@type\":\"ImageObject\",\"inLanguage\":\"pt-BR\",\"@id\":\"https:\/\/www.estrategiaconcursos.com.br\/blog\/#\/schema\/logo\/image\/\",\"url\":\"https:\/\/dhg1h5j42swfq.cloudfront.net\/2025\/06\/03203428\/logo_concursos-1.jpg\",\"contentUrl\":\"https:\/\/dhg1h5j42swfq.cloudfront.net\/2025\/06\/03203428\/logo_concursos-1.jpg\",\"width\":230,\"height\":60,\"caption\":\"Estrat\u00e9gia Concursos\"},\"image\":{\"@id\":\"https:\/\/www.estrategiaconcursos.com.br\/blog\/#\/schema\/logo\/image\/\"},\"sameAs\":[\"https:\/\/x.com\/EstratConcursos\"]},{\"@type\":\"Person\",\"@id\":\"https:\/\/www.estrategiaconcursos.com.br\/blog\/#\/schema\/person\/aa39cf5ddb518e5bdce27c35788405e2\",\"name\":\"Ricardo Torques\",\"image\":{\"@type\":\"ImageObject\",\"inLanguage\":\"pt-BR\",\"@id\":\"https:\/\/secure.gravatar.com\/avatar\/ce9ac6c3cff25fe86d15ed568ebc64d1724baf5c0693133bcb1f6073f712f92a?s=96&d=mm&r=g\",\"url\":\"https:\/\/secure.gravatar.com\/avatar\/ce9ac6c3cff25fe86d15ed568ebc64d1724baf5c0693133bcb1f6073f712f92a?s=96&d=mm&r=g\",\"contentUrl\":\"https:\/\/secure.gravatar.com\/avatar\/ce9ac6c3cff25fe86d15ed568ebc64d1724baf5c0693133bcb1f6073f712f92a?s=96&d=mm&r=g\",\"caption\":\"Ricardo Torques\"},\"sameAs\":[\"https:\/\/www.facebook.com\/ricardo.s.torques\"],\"url\":\"https:\/\/www.estrategiaconcursos.com.br\/blog\/author\/ricardotorquesestrategiaconcursos-com-br\/\"}]}<\/script>\n<!-- \/ Yoast SEO Premium plugin. -->","yoast_head_json":{"title":"1.\u00aa Maratona: Temas Essenciais Advogado da AGU: um domingo inteiro de aulas","robots":{"index":"index","follow":"follow","max-snippet":"max-snippet:-1","max-image-preview":"max-image-preview:large","max-video-preview":"max-video-preview:-1"},"canonical":"https:\/\/www.estrategiaconcursos.com.br\/blog\/1-a-maratona-temas-essenciais-advogado-da-agu-um-domingo-inteiro-de-aulas\/","og_locale":"pt_BR","og_type":"article","og_title":"1.\u00aa Maratona: Temas Essenciais Advogado da AGU: um domingo inteiro de aulas","og_description":"O \u00faltimo concurso para Advogado da Uni\u00e3o ocorreu em 2015. \u00c0 \u00e9poca foram ofertados 84 cargos, nestes j\u00e1 inclu\u00eddas 5 vagas para candidatos com defici\u00eancia e 17 cargos para negros, al\u00e9m do acr\u00e9scimo de cargos que viessem a ser criados durante o certame. O certame \u00e9 excelente para os formados na \u00e1rea jur\u00eddica j\u00e1 que, [&hellip;]","og_url":"https:\/\/www.estrategiaconcursos.com.br\/blog\/1-a-maratona-temas-essenciais-advogado-da-agu-um-domingo-inteiro-de-aulas\/","og_site_name":"Estrat\u00e9gia Concursos","article_author":"https:\/\/www.facebook.com\/ricardo.s.torques","article_published_time":"2019-12-08T10:15:13+00:00","article_modified_time":"2023-01-31T16:42:01+00:00","og_image":[{"width":1200,"height":675,"url":"https:\/\/dhg1h5j42swfq.cloudfront.net\/2019\/12\/07093415\/youtube-agu.jpg","type":"image\/jpeg"}],"author":"Ricardo Torques","twitter_card":"summary_large_image","twitter_creator":"@EstratConcursos","twitter_site":"@EstratConcursos","twitter_misc":{"Escrito por":"Ricardo Torques","Est. tempo de leitura":"1 minuto"},"schema":{"@context":"https:\/\/schema.org","@graph":[{"@type":"NewsArticle","@id":"https:\/\/www.estrategiaconcursos.com.br\/blog\/1-a-maratona-temas-essenciais-advogado-da-agu-um-domingo-inteiro-de-aulas\/#article","isPartOf":{"@id":"https:\/\/www.estrategiaconcursos.com.br\/blog\/1-a-maratona-temas-essenciais-advogado-da-agu-um-domingo-inteiro-de-aulas\/"},"author":{"name":"Ricardo Torques","@id":"https:\/\/www.estrategiaconcursos.com.br\/blog\/#\/schema\/person\/aa39cf5ddb518e5bdce27c35788405e2"},"headline":"1.\u00aa Maratona: Temas Essenciais Advogado da AGU: um domingo inteiro de aulas","datePublished":"2019-12-08T10:15:13+00:00","dateModified":"2023-01-31T16:42:01+00:00","mainEntityOfPage":{"@id":"https:\/\/www.estrategiaconcursos.com.br\/blog\/1-a-maratona-temas-essenciais-advogado-da-agu-um-domingo-inteiro-de-aulas\/"},"wordCount":278,"commentCount":0,"publisher":{"@id":"https:\/\/www.estrategiaconcursos.com.br\/blog\/#organization"},"image":{"@id":"https:\/\/www.estrategiaconcursos.com.br\/blog\/1-a-maratona-temas-essenciais-advogado-da-agu-um-domingo-inteiro-de-aulas\/#primaryimage"},"thumbnailUrl":"https:\/\/dhg1h5j42swfq.cloudfront.net\/2019\/12\/07093415\/youtube-agu.jpg","articleSection":["Concursos P\u00fablicos","Jur\u00eddico"],"inLanguage":"pt-BR","potentialAction":[{"@type":"CommentAction","name":"Comment","target":["https:\/\/www.estrategiaconcursos.com.br\/blog\/1-a-maratona-temas-essenciais-advogado-da-agu-um-domingo-inteiro-de-aulas\/#respond"]}],"copyrightYear":"2019","copyrightHolder":{"@id":"https:\/\/www.estrategiaconcursos.com.br\/blog\/#organization"}},{"@type":"WebPage","@id":"https:\/\/www.estrategiaconcursos.com.br\/blog\/1-a-maratona-temas-essenciais-advogado-da-agu-um-domingo-inteiro-de-aulas\/","url":"https:\/\/www.estrategiaconcursos.com.br\/blog\/1-a-maratona-temas-essenciais-advogado-da-agu-um-domingo-inteiro-de-aulas\/","name":"1.\u00aa Maratona: Temas Essenciais Advogado da AGU: um domingo inteiro de aulas","isPartOf":{"@id":"https:\/\/www.estrategiaconcursos.com.br\/blog\/#website"},"primaryImageOfPage":{"@id":"https:\/\/www.estrategiaconcursos.com.br\/blog\/1-a-maratona-temas-essenciais-advogado-da-agu-um-domingo-inteiro-de-aulas\/#primaryimage"},"image":{"@id":"https:\/\/www.estrategiaconcursos.com.br\/blog\/1-a-maratona-temas-essenciais-advogado-da-agu-um-domingo-inteiro-de-aulas\/#primaryimage"},"thumbnailUrl":"https:\/\/dhg1h5j42swfq.cloudfront.net\/2019\/12\/07093415\/youtube-agu.jpg","datePublished":"2019-12-08T10:15:13+00:00","dateModified":"2023-01-31T16:42:01+00:00","breadcrumb":{"@id":"https:\/\/www.estrategiaconcursos.com.br\/blog\/1-a-maratona-temas-essenciais-advogado-da-agu-um-domingo-inteiro-de-aulas\/#breadcrumb"},"inLanguage":"pt-BR","potentialAction":[{"@type":"ReadAction","target":["https:\/\/www.estrategiaconcursos.com.br\/blog\/1-a-maratona-temas-essenciais-advogado-da-agu-um-domingo-inteiro-de-aulas\/"]}]},{"@type":"ImageObject","inLanguage":"pt-BR","@id":"https:\/\/www.estrategiaconcursos.com.br\/blog\/1-a-maratona-temas-essenciais-advogado-da-agu-um-domingo-inteiro-de-aulas\/#primaryimage","url":"https:\/\/dhg1h5j42swfq.cloudfront.net\/2019\/12\/07093415\/youtube-agu.jpg","contentUrl":"https:\/\/dhg1h5j42swfq.cloudfront.net\/2019\/12\/07093415\/youtube-agu.jpg","width":1200,"height":675},{"@type":"BreadcrumbList","@id":"https:\/\/www.estrategiaconcursos.com.br\/blog\/1-a-maratona-temas-essenciais-advogado-da-agu-um-domingo-inteiro-de-aulas\/#breadcrumb","itemListElement":[{"@type":"ListItem","position":1,"name":"In\u00edcio","item":"https:\/\/www.estrategiaconcursos.com.br\/blog\/"},{"@type":"ListItem","position":2,"name":"1.\u00aa Maratona: Temas Essenciais Advogado da AGU: um domingo inteiro de aulas"}]},{"@type":"WebSite","@id":"https:\/\/www.estrategiaconcursos.com.br\/blog\/#website","url":"https:\/\/www.estrategiaconcursos.com.br\/blog\/","name":"Estrat\u00e9gia Concursos","description":"O blog da Estrat\u00e9gia Concursos traz not\u00edcias sobre concursos e artigos de professores oferecendo cursos para concursos (pdf + videaulas) no site.","publisher":{"@id":"https:\/\/www.estrategiaconcursos.com.br\/blog\/#organization"},"potentialAction":[{"@type":"SearchAction","target":{"@type":"EntryPoint","urlTemplate":"https:\/\/www.estrategiaconcursos.com.br\/blog\/?s={search_term_string}"},"query-input":{"@type":"PropertyValueSpecification","valueRequired":true,"valueName":"search_term_string"}}],"inLanguage":"pt-BR"},{"@type":"Organization","@id":"https:\/\/www.estrategiaconcursos.com.br\/blog\/#organization","name":"Estrat\u00e9gia Concursos","url":"https:\/\/www.estrategiaconcursos.com.br\/blog\/","logo":{"@type":"ImageObject","inLanguage":"pt-BR","@id":"https:\/\/www.estrategiaconcursos.com.br\/blog\/#\/schema\/logo\/image\/","url":"https:\/\/dhg1h5j42swfq.cloudfront.net\/2025\/06\/03203428\/logo_concursos-1.jpg","contentUrl":"https:\/\/dhg1h5j42swfq.cloudfront.net\/2025\/06\/03203428\/logo_concursos-1.jpg","width":230,"height":60,"caption":"Estrat\u00e9gia Concursos"},"image":{"@id":"https:\/\/www.estrategiaconcursos.com.br\/blog\/#\/schema\/logo\/image\/"},"sameAs":["https:\/\/x.com\/EstratConcursos"]},{"@type":"Person","@id":"https:\/\/www.estrategiaconcursos.com.br\/blog\/#\/schema\/person\/aa39cf5ddb518e5bdce27c35788405e2","name":"Ricardo Torques","image":{"@type":"ImageObject","inLanguage":"pt-BR","@id":"https:\/\/secure.gravatar.com\/avatar\/ce9ac6c3cff25fe86d15ed568ebc64d1724baf5c0693133bcb1f6073f712f92a?s=96&d=mm&r=g","url":"https:\/\/secure.gravatar.com\/avatar\/ce9ac6c3cff25fe86d15ed568ebc64d1724baf5c0693133bcb1f6073f712f92a?s=96&d=mm&r=g","contentUrl":"https:\/\/secure.gravatar.com\/avatar\/ce9ac6c3cff25fe86d15ed568ebc64d1724baf5c0693133bcb1f6073f712f92a?s=96&d=mm&r=g","caption":"Ricardo Torques"},"sameAs":["https:\/\/www.facebook.com\/ricardo.s.torques"],"url":"https:\/\/www.estrategiaconcursos.com.br\/blog\/author\/ricardotorquesestrategiaconcursos-com-br\/"}]}},"_links":{"self":[{"href":"https:\/\/www.estrategiaconcursos.com.br\/blog\/wp-json\/wp\/v2\/posts\/456913","targetHints":{"allow":["GET"]}}],"collection":[{"href":"https:\/\/www.estrategiaconcursos.com.br\/blog\/wp-json\/wp\/v2\/posts"}],"about":[{"href":"https:\/\/www.estrategiaconcursos.com.br\/blog\/wp-json\/wp\/v2\/types\/post"}],"author":[{"embeddable":true,"href":"https:\/\/www.estrategiaconcursos.com.br\/blog\/wp-json\/wp\/v2\/users\/180"}],"replies":[{"embeddable":true,"href":"https:\/\/www.estrategiaconcursos.com.br\/blog\/wp-json\/wp\/v2\/comments?post=456913"}],"version-history":[{"count":14,"href":"https:\/\/www.estrategiaconcursos.com.br\/blog\/wp-json\/wp\/v2\/posts\/456913\/revisions"}],"predecessor-version":[{"id":1161954,"href":"https:\/\/www.estrategiaconcursos.com.br\/blog\/wp-json\/wp\/v2\/posts\/456913\/revisions\/1161954"}],"wp:featuredmedia":[{"embeddable":true,"href":"https:\/\/www.estrategiaconcursos.com.br\/blog\/wp-json\/wp\/v2\/media\/457048"}],"wp:attachment":[{"href":"https:\/\/www.estrategiaconcursos.com.br\/blog\/wp-json\/wp\/v2\/media?parent=456913"}],"wp:term":[{"taxonomy":"category","embeddable":true,"href":"https:\/\/www.estrategiaconcursos.com.br\/blog\/wp-json\/wp\/v2\/categories?post=456913"},{"taxonomy":"post_tag","embeddable":true,"href":"https:\/\/www.estrategiaconcursos.com.br\/blog\/wp-json\/wp\/v2\/tags?post=456913"},{"taxonomy":"tax_estado","embeddable":true,"href":"https:\/\/www.estrategiaconcursos.com.br\/blog\/wp-json\/wp\/v2\/tax_estado?post=456913"}],"curies":[{"name":"wp","href":"https:\/\/api.w.org\/{rel}","templated":true}]}}