{"id":456780,"date":"2019-12-08T17:00:23","date_gmt":"2019-12-08T20:00:23","guid":{"rendered":"https:\/\/www.estrategiaconcursos.com.br\/blog\/?p=456780"},"modified":"2023-05-29T10:35:57","modified_gmt":"2023-05-29T13:35:57","slug":"gabarito-ibge-coordenador-confira-aqui","status":"publish","type":"post","link":"https:\/\/www.estrategiaconcursos.com.br\/blog\/gabarito-ibge-coordenador-confira-aqui\/","title":{"rendered":"AGORA! GABARITO IBGE Coordenador: Confira AQUI a corre\u00e7\u00e3o ao vivo"},"content":{"rendered":"\n<p><strong>Confira aqui<\/strong> o <strong>Gabarito IBGE de todas as disciplinas: L\u00edngua Portuguesa, \u00c9tica, Racioc\u00ednio L\u00f3gico e No\u00e7\u00f5es de Administra\u00e7\u00e3o!<\/strong> Veja tamb\u00e9m as <strong>resolu\u00e7\u00f5es comentadas<\/strong> pelos Professores do Estrat\u00e9gia Concursos. J\u00e1 <strong>saiba<\/strong> qual \u00e9 a <strong>sua coloca\u00e7\u00e3o <\/strong>no certame, <strong>preencha<\/strong> o nosso <strong><a href=\"#gabarito\">ranking estrat\u00e9gico<\/a><\/strong>. <\/p>\n\n\n\n<p>O processo seletivo do <strong>concurso IBGE<\/strong> que oferta <strong>2.658 vagas<\/strong>&nbsp;para as fun\u00e7\u00f5es de Coordenador Censit\u00e1rio de Sub\u00e1rea e Agente Censit\u00e1rio Operacional aconteceu neste domingo, 09 de dezembro.<\/p>\n\n\n\n<p>O certame foi composto por uma \u00fancia etapa de car\u00e1ter eliminat\u00f3rio e classificat\u00f3rio, sendo esta uma&nbsp;<strong>Prova Objetiva<\/strong>&nbsp;com&nbsp;<strong>60 quest\u00f5es<\/strong>&nbsp;de m\u00faltipla escolha, cada uma com 05 alternativas. <\/p>\n\n\n\n<h2 class=\"wp-block-heading\">Gabarito IBGE Coordenador Censit\u00e1rio &#8211; Prova tipo 1 Branca <\/h2>\n\n\n\n<ol class=\"wp-block-list\">\n<li>\u201cA bike da estudante permaneceu <br \/>Resposta \u2013 C  demonstra a efici\u00eancia  <\/li>\n\n\n\n<li>\u201cA dificuldade de aumentar o Fundo Eleitoral  <br \/>Resposta \u2013 B  \u201celei\u00e7\u00f5es municipais  <\/li>\n\n\n\n<li>\u201cA dificuldade de aumentar o Fundo Eleitoral  <br \/>Resposta \u2013 A   a dificuldade de aumentar <\/li>\n\n\n\n<li>Um jornal de grande circula\u00e7\u00e3o  <br \/>Resposta \u2013 D  mostra efic\u00e1cia da intelig\u00eancia <\/li>\n\n\n\n<li>Pris\u00e3o de traficante mostra efic\u00e1cia  <br \/>Resposta \u2013 C  certeza \/ d\u00favida <\/li>\n\n\n\n<li>Not\u00edcia publicada na imprensa  <br \/>Resposta \u2013 E  o \u00faltimo per\u00edodo do texto mostra <\/li>\n\n\n\n<li>OCDE reduz proje\u00e7\u00f5es para  <br \/>Resposta \u2013 E  emprego de linguagem  <\/li>\n\n\n\n<li>Segundo o texto 1,  <br \/>Resposta &#8211; C  a documenta\u00e7\u00e3o hist\u00f3rica d <\/li>\n\n\n\n<li>\u201c&#8230;que v\u00eam transformando as  <br \/>Resposta  \u2013 B  As not\u00edcias aparecem em <\/li>\n\n\n\n<li>Sobre a estrutura\u00e7\u00e3o do texto 2,  <br \/>Resposta &#8211; C  a palavra \u201cdeslizamentos\u201d <\/li>\n\n\n\n<li>No caso do texto 2, a finalidade dos  <br \/>Resposta \u2013 B   salvaguardar interesses <\/li>\n\n\n\n<li>O cartaz aludido no texto 2  <br \/>Resposta  \u2013 E  \u201cCaso contr\u00e1rio\u201d indica <\/li>\n\n\n\n<li>Para melhorar a escritura da frase  <br \/>Resposta \u2013 C  o infrator da \u201clei\u201d; <\/li>\n\n\n\n<li>Muitas vezes podemos trocar  <br \/>Resposta \u2013 E  porque aqui tem uma maneira  <\/li>\n\n\n\n<li>\u201cAssim, chegamos a uma aldeia  <br \/>Resposta \u2013 B  aqui \/ nesta aldeia; <\/li>\n\n\n\n<li>Ant\u00f4nio tem que visitar 120 clientes  <br \/>Resposta \u2013 E  78 <\/li>\n\n\n\n<li>Sabe-se que 3 recenseadores  <br \/>Resposta \u2013 D  17; <\/li>\n\n\n\n<li>Marlene comeu, inicialmente,  <br \/>Resposta &#8211; A 2\/ 1 ; <\/li>\n\n\n\n<li>Ricardo, Jo\u00e3o e Pedro  <br \/>Resposta \u2013 A  10min; <\/li>\n\n\n\n<li>Joana construiu um muro  <br \/>Resposta \u2013 D   23 metros e 40 cent\u00edmetros; <\/li>\n\n\n\n<li>O local do trabalho de Anderson  <br \/>Resposta \u2013 A  1h 27min; <\/li>\n\n\n\n<li>Considere a senten\u00e7a: \u201cRubens  <br \/>Resposta \u2013 B  Rubens n\u00e3o tem mais de 18 anos ou n\u00e3o sabe dirigir; <\/li>\n\n\n\n<li>Jo\u00e3o, o dono da casa,  <br \/>Resposta &#8211; D  pelo menos uma das tr\u00eas pessoas <\/li>\n\n\n\n<li>Considere a senten\u00e7a: \u201cSe corro ou fa\u00e7o  <br \/>Resposta &#8211; C  N\u00e3o corro e n\u00e3o fa\u00e7o muscula\u00e7\u00e3o <\/li>\n\n\n\n<li>Andr\u00e9, Bento, Cl\u00e1udio e Diogo  <br \/>Resposta \u2013 E   O pintor tem Cl\u00e1udio <\/li>\n\n\n\n<li>O C\u00f3digo de \u00c9tica do servidor p\u00fablico  <br \/>Resposta \u2013 A  da relev\u00e2ncia das informa\u00e7\u00f5es  <\/li>\n\n\n\n<li>Jo\u00e3o, Agente Censit\u00e1rio Operacional do IBGE  <br \/>Resposta \u2013 B   censura, cuja fundamenta\u00e7\u00e3o  <\/li>\n\n\n\n<li>Sobre poss\u00edveis condutas do servidor  <br \/>Resposta \u2013 E   I, II e III. <\/li>\n\n\n\n<li>Maria \u00e9 servidora p\u00fablica estatut\u00e1ria   <br \/>Resposta \u2013 E  il\u00edcita, independentemente de compatibilidade de hor\u00e1rio e do ente federativo <\/li>\n\n\n\n<li>Joaquim, ocupante do cargo  <br \/>Resposta \u2013 B  revele segredo do qual <\/li>\n\n\n\n<li>Um funcion\u00e1rio que ocupava  <br \/>Resposta \u2013 B   interpessoal, de l\u00edder; decis\u00f3rio,  <\/li>\n\n\n\n<li>Um funcion\u00e1rio est\u00e1 se candidatando  <br \/>Resposta \u2013 B  organiza\u00e7\u00e3o; organiza\u00e7\u00e3o; controle; <\/li>\n\n\n\n<li>Uma das fun\u00e7\u00f5es administrativas  <br \/>Resposta \u2013 C  organiza\u00e7\u00e3o; desenho da <\/li>\n\n\n\n<li>Em todas as organiza\u00e7\u00f5es  <br \/>Resposta \u2013 D  avalia\u00e7\u00e3o de desempenho; <\/li>\n\n\n\n<li>O adequado desempenho da fun\u00e7\u00e3o  <br \/>Resposta \u2013 A  precis\u00e3o e flexibilidade <\/li>\n\n\n\n<li>Em uma organiza\u00e7\u00e3o, um grupo  <br \/>Resposta \u2013 E  estimular competi\u00e7\u00e3o com <\/li>\n\n\n\n<li>Para a cria\u00e7\u00e3o de equipes  <br \/>Resposta \u2013 E  personalidade dos membros <\/li>\n\n\n\n<li>Em uma equipe de trabalho  <br \/>Resposta \u2013 C  impulsor\/organizador; <\/li>\n\n\n\n<li>Maria, funcion\u00e1ria de um \u00f3rg\u00e3o  <br \/>Resposta &#8211; C  orientado para a tarefa; <\/li>\n\n\n\n<li>Uma organiza\u00e7\u00e3o p\u00fablica-  <br \/>Resposta E  estabilidade e boas condi\u00e7\u00f5es <\/li>\n\n\n\n<li>Barreiras \u00e0 comunica\u00e7\u00e3o s\u00e3o  <br \/>Resposta \u2013 C  filtragem; <\/li>\n\n\n\n<li>Em uma entrevista de processo seletivo  <br \/>Resposta \u2013 D  de estima; <\/li>\n\n\n\n<li>Pedro, funcion\u00e1rio de uma organiza\u00e7\u00e3o <br \/>Resposta  \u2013 D  instrumental; <\/li>\n\n\n\n<li>O gerente de uma equipe  <br \/>Resposta \u2013 B  liberal (laissez-faire); <\/li>\n\n\n\n<li>Em Administra\u00e7\u00e3o, centraliza\u00e7\u00e3o  <br \/>Resposta \u2013 A  eliminar esfor\u00e7os duplicados <\/li>\n\n\n\n<li>Um funcion\u00e1rio foi promovido  <br \/>Resposta \u2013 E  do grau de capacidade e interesse  <\/li>\n\n\n\n<li>As compet\u00eancias podem  <br \/>Resposta \u2013 A  capacidades e entregas; <\/li>\n\n\n\n<li>Em uma organiza\u00e7\u00e3o, o mapeamento <br \/>Resposta  \u2013 B   atitude; atitude; conhecimento; <\/li>\n\n\n\n<li>A rotatividade de pessoal  <br \/>Resposta \u2013 C   custos de treinamento <\/li>\n\n\n\n<li>A avalia\u00e7\u00e3o de desempenho  <br \/>Resposta \u2013 C   tend\u00eancia a trabalhar com <\/li>\n\n\n\n<li>Em uma organiza\u00e7\u00e3o, o m\u00e9todo  <br \/>Resposta \u2013 B  escalas gr\u00e1ficas; facilidade  <\/li>\n\n\n\n<li>Uma empresa do ramo de higiene <br \/>Resposta  \u2013 B  contextual; <\/li>\n\n\n\n<li>A Administra\u00e7\u00e3o Cient\u00edfica <br \/>Resposta  \u2013 E  introdu\u00e7\u00e3o da remunera\u00e7\u00e3o  <\/li>\n\n\n\n<li>Um importante marco na evolu\u00e7\u00e3o <br \/>Resposta  \u2013 E  tecnologia e tamanho da organiza\u00e7\u00e3o<\/li>\n\n\n\n<li>O controle dos processos e atividades  <br \/>Resposta \u2013 A  supervis\u00e3o direta; <\/li>\n\n\n\n<li>Uma grande organiza\u00e7\u00e3o tem passado  <br \/>Resposta \u2013 C  framing; <\/li>\n\n\n\n<li>O processo decis\u00f3rio organizacional  <br \/>Resposta \u2013 D  anal\u00edtico; <\/li>\n\n\n\n<li>Uma organiza\u00e7\u00e3o est\u00e1 considerando <br \/>Resposta  \u2013 C  n\u00e3o construir; valor esperado de 1,2 milh\u00e3o; <\/li>\n\n\n\n<li>Um \u00f3rg\u00e3o p\u00fablico est\u00e1 em processo  <br \/>Resposta \u2013 C  6,81 e 11,19; <\/li>\n\n\n\n<li>Um \u00f3rg\u00e3o p\u00fablico constatou  <br \/>Resposta &#8211; D  diagrama de Ishikawa <br \/> <\/li>\n<\/ol>\n\n\n\n<h2 class=\"wp-block-heading\" id=\"gabarito\"><strong>Preencha seu gabarito<\/strong> do concurso IBGE <\/h2>\n\n\n\n<p class=\"has-very-light-gray-background-color has-background has-medium-font-size\"><strong>Confira seu desempenho:&nbsp;<a href=\"https:\/\/forms.gle\/sLw3xNAjtTgVTetUA\" target=\"_blank\" rel=\"noreferrer noopener\" aria-label=\"preencha aqui! (abre numa nova aba)\">preencha aqui!<\/a><\/strong><\/p>\n\n\n\n<h2 class=\"wp-block-heading\">Ranking Estrat\u00e9gico: confira sua coloca\u00e7\u00e3o<\/h2>\n\n\n\n<p class=\"has-very-light-gray-background-color has-background has-medium-font-size\"><strong>Veja sua posi\u00e7\u00e3o na prova objetiva:&nbsp;<a rel=\"noreferrer noopener\" aria-label=\"clique aqui! (abre numa nova aba)\" href=\"https:\/\/docs.google.com\/spreadsheets\/d\/1TQIqfhgAGq5qxKZUqymPik5aRP6I-3FyhvmqNUiDB80\/edit?usp=sharing\" target=\"_blank\">clique aqui!<\/a><\/strong><\/p>\n\n\n\n<p>Ser\u00e1 considerado <strong>aprovado na Prova Objetiva <\/strong>o candidato que, <strong>cumulativamente<\/strong>: <\/p>\n\n\n\n<p class=\"has-very-light-gray-background-color has-background\">acertar, no m\u00ednimo, 30% do total da prova; <strong>e<\/strong><br \/>acertar, no m\u00ednimo, 1 quest\u00e3o de cada m\u00f3dulo. <\/p>\n\n\n\n<p>O candidato <strong>aprovado dentro do n\u00famero de vagas<\/strong> ser\u00e1 considerado <strong>classificado<\/strong>, enquanto o candidato <strong>aprovado fora do n\u00famero de vagas   n\u00e3o eliminado<\/strong>.<\/p>\n\n\n\n<h2 class=\"wp-block-heading\">Pr\u00f3ximas datas concurso IBGE<\/h2>\n\n\n\n<ul class=\"wp-block-list\">\n<li><strong>Divulga\u00e7\u00e3o dos gabaritos preliminares da prova objetiva<\/strong> &#8211; 09\/12\/2019 <\/li>\n\n\n\n<li><strong>Interposi\u00e7\u00e3o de recursos<\/strong> &#8211; 10\/12 e 11\/12\/2019<\/li>\n\n\n\n<li><strong>Publica\u00e7\u00e3o do Gabarito Definitivo e do Resultado Definitivo da Prova  Objetiva<\/strong> &#8211; 06\/01\/2020<\/li>\n\n\n\n<li><strong>Divulga\u00e7\u00e3o do resultado final<\/strong> &#8211; 10\/01\/2020<\/li>\n<\/ul>\n\n\n\n<p class=\"has-text-align-center has-very-light-gray-background-color has-background has-medium-font-size\"><strong>Edital IBGE: <\/strong><a rel=\"noreferrer noopener\" href=\"https:\/\/dhg1h5j42swfq.cloudfront.net\/2019\/09\/25100717\/Edital_PSS_FGV_-_CCS_ACO_-_25092019divulgacao.pdf\" target=\"_blank\"><strong>Edital IBGE 2019 \u2013 ACO e CSS<\/strong><\/a><\/p>\n\n\n\n<p class=\"has-text-align-center has-pale-cyan-blue-background-color has-background has-medium-font-size\"><strong><a href=\"https:\/\/www.estrategiaconcursos.com.br\/blog\/concursos-abertos\/\">CONCURSOS ABERTOS<\/a><\/strong><\/p>\n\n\n\n<p class=\"has-text-align-center has-pale-cyan-blue-background-color has-background has-medium-font-size\"><a href=\"https:\/\/www.estrategiaconcursos.com.br\/blog\/concursos-2019\/\"><strong>CONCURSOS 2019<\/strong><\/a><\/p>\n\n\n\n<p class=\"has-text-align-center has-pale-cyan-blue-background-color has-background has-medium-font-size\"><a href=\"https:\/\/www.estrategiaconcursos.com.br\/blog\/concursos-2020\/\"><strong>CONCURSOS<\/strong><\/a><strong><a href=\"https:\/\/www.estrategiaconcursos.com.br\/blog\/concursos-2020\/\">&nbsp;2020<\/a><\/strong><\/p>\n\n\n<p><!--EndFragment--><\/p>","protected":false},"excerpt":{"rendered":"<p>Confira aqui o Gabarito IBGE de todas as disciplinas: L\u00edngua Portuguesa, \u00c9tica, Racioc\u00ednio L\u00f3gico e No\u00e7\u00f5es de Administra\u00e7\u00e3o! Veja tamb\u00e9m as resolu\u00e7\u00f5es comentadas pelos Professores do Estrat\u00e9gia Concursos. J\u00e1 saiba qual \u00e9 a sua coloca\u00e7\u00e3o no certame, preencha o nosso ranking estrat\u00e9gico. O processo seletivo do concurso IBGE que oferta 2.658 vagas&nbsp;para as fun\u00e7\u00f5es de [&hellip;]<\/p>\n","protected":false},"author":1,"featured_media":457223,"comment_status":"open","ping_status":"closed","sticky":false,"template":"","format":"standard","meta":{"post_tipo":"news","footnotes":""},"categories":[1],"tags":[],"tax_estado":[],"class_list":["post-456780","post","type-post","status-publish","format-standard","has-post-thumbnail","hentry","category-cursos-e-concursos"],"acf":[],"yoast_head":"<!-- This site is optimized with the Yoast SEO Premium plugin v27.2 (Yoast SEO v27.2) - https:\/\/yoast.com\/product\/yoast-seo-premium-wordpress\/ -->\n<title>AGORA! GABARITO IBGE Coordenador: Confira AQUI a corre\u00e7\u00e3o ao vivo<\/title>\n<meta name=\"robots\" content=\"index, follow, max-snippet:-1, max-image-preview:large, max-video-preview:-1\" \/>\n<link rel=\"canonical\" href=\"https:\/\/www.estrategiaconcursos.com.br\/blog\/gabarito-ibge-coordenador-confira-aqui\/\" \/>\n<meta property=\"og:locale\" content=\"pt_BR\" \/>\n<meta property=\"og:type\" content=\"article\" \/>\n<meta property=\"og:title\" content=\"AGORA! GABARITO IBGE Coordenador: Confira AQUI a corre\u00e7\u00e3o ao vivo\" \/>\n<meta property=\"og:description\" content=\"Confira aqui o Gabarito IBGE de todas as disciplinas: L\u00edngua Portuguesa, \u00c9tica, Racioc\u00ednio L\u00f3gico e No\u00e7\u00f5es de Administra\u00e7\u00e3o! Veja tamb\u00e9m as resolu\u00e7\u00f5es comentadas pelos Professores do Estrat\u00e9gia Concursos. J\u00e1 saiba qual \u00e9 a sua coloca\u00e7\u00e3o no certame, preencha o nosso ranking estrat\u00e9gico. O processo seletivo do concurso IBGE que oferta 2.658 vagas&nbsp;para as fun\u00e7\u00f5es de [&hellip;]\" \/>\n<meta property=\"og:url\" content=\"https:\/\/www.estrategiaconcursos.com.br\/blog\/gabarito-ibge-coordenador-confira-aqui\/\" \/>\n<meta property=\"og:site_name\" content=\"Estrat\u00e9gia Concursos\" \/>\n<meta property=\"article:author\" content=\"https:\/\/www.facebook.com\/EstrategiaConcursos\" \/>\n<meta property=\"article:published_time\" content=\"2019-12-08T20:00:23+00:00\" \/>\n<meta property=\"article:modified_time\" content=\"2023-05-29T13:35:57+00:00\" \/>\n<meta property=\"og:image\" content=\"https:\/\/dhg1h5j42swfq.cloudfront.net\/2019\/12\/08134517\/gabarito-ibge.jpg\" \/>\n\t<meta property=\"og:image:width\" content=\"1280\" \/>\n\t<meta property=\"og:image:height\" content=\"720\" \/>\n\t<meta property=\"og:image:type\" content=\"image\/jpeg\" \/>\n<meta name=\"author\" content=\"Coordena\u00e7\u00e3o\" \/>\n<meta name=\"twitter:card\" content=\"summary_large_image\" \/>\n<meta name=\"twitter:creator\" content=\"@EstratConcursos\" \/>\n<meta name=\"twitter:site\" content=\"@EstratConcursos\" \/>\n<meta name=\"twitter:label1\" content=\"Escrito por\" \/>\n\t<meta name=\"twitter:data1\" content=\"Coordena\u00e7\u00e3o\" \/>\n\t<meta name=\"twitter:label2\" content=\"Est. tempo de leitura\" \/>\n\t<meta name=\"twitter:data2\" content=\"5 minutos\" \/>\n<script type=\"application\/ld+json\" class=\"yoast-schema-graph\">{\"@context\":\"https:\/\/schema.org\",\"@graph\":[{\"@type\":\"NewsArticle\",\"@id\":\"https:\/\/www.estrategiaconcursos.com.br\/blog\/gabarito-ibge-coordenador-confira-aqui\/#article\",\"isPartOf\":{\"@id\":\"https:\/\/www.estrategiaconcursos.com.br\/blog\/gabarito-ibge-coordenador-confira-aqui\/\"},\"author\":{\"name\":\"Coordena\u00e7\u00e3o\",\"@id\":\"https:\/\/www.estrategiaconcursos.com.br\/blog\/#\/schema\/person\/b4a388c97673c5f483d72185668afa1f\"},\"headline\":\"AGORA! GABARITO IBGE Coordenador: Confira AQUI a corre\u00e7\u00e3o ao vivo\",\"datePublished\":\"2019-12-08T20:00:23+00:00\",\"dateModified\":\"2023-05-29T13:35:57+00:00\",\"mainEntityOfPage\":{\"@id\":\"https:\/\/www.estrategiaconcursos.com.br\/blog\/gabarito-ibge-coordenador-confira-aqui\/\"},\"wordCount\":974,\"commentCount\":3,\"publisher\":{\"@id\":\"https:\/\/www.estrategiaconcursos.com.br\/blog\/#organization\"},\"image\":{\"@id\":\"https:\/\/www.estrategiaconcursos.com.br\/blog\/gabarito-ibge-coordenador-confira-aqui\/#primaryimage\"},\"thumbnailUrl\":\"https:\/\/dhg1h5j42swfq.cloudfront.net\/2019\/12\/08134517\/gabarito-ibge.jpg\",\"articleSection\":[\"Concursos P\u00fablicos\"],\"inLanguage\":\"pt-BR\",\"potentialAction\":[{\"@type\":\"CommentAction\",\"name\":\"Comment\",\"target\":[\"https:\/\/www.estrategiaconcursos.com.br\/blog\/gabarito-ibge-coordenador-confira-aqui\/#respond\"]}],\"copyrightYear\":\"2019\",\"copyrightHolder\":{\"@id\":\"https:\/\/www.estrategiaconcursos.com.br\/blog\/#organization\"}},{\"@type\":\"WebPage\",\"@id\":\"https:\/\/www.estrategiaconcursos.com.br\/blog\/gabarito-ibge-coordenador-confira-aqui\/\",\"url\":\"https:\/\/www.estrategiaconcursos.com.br\/blog\/gabarito-ibge-coordenador-confira-aqui\/\",\"name\":\"AGORA! GABARITO IBGE Coordenador: Confira AQUI a corre\u00e7\u00e3o ao vivo\",\"isPartOf\":{\"@id\":\"https:\/\/www.estrategiaconcursos.com.br\/blog\/#website\"},\"primaryImageOfPage\":{\"@id\":\"https:\/\/www.estrategiaconcursos.com.br\/blog\/gabarito-ibge-coordenador-confira-aqui\/#primaryimage\"},\"image\":{\"@id\":\"https:\/\/www.estrategiaconcursos.com.br\/blog\/gabarito-ibge-coordenador-confira-aqui\/#primaryimage\"},\"thumbnailUrl\":\"https:\/\/dhg1h5j42swfq.cloudfront.net\/2019\/12\/08134517\/gabarito-ibge.jpg\",\"datePublished\":\"2019-12-08T20:00:23+00:00\",\"dateModified\":\"2023-05-29T13:35:57+00:00\",\"breadcrumb\":{\"@id\":\"https:\/\/www.estrategiaconcursos.com.br\/blog\/gabarito-ibge-coordenador-confira-aqui\/#breadcrumb\"},\"inLanguage\":\"pt-BR\",\"potentialAction\":[{\"@type\":\"ReadAction\",\"target\":[\"https:\/\/www.estrategiaconcursos.com.br\/blog\/gabarito-ibge-coordenador-confira-aqui\/\"]}]},{\"@type\":\"ImageObject\",\"inLanguage\":\"pt-BR\",\"@id\":\"https:\/\/www.estrategiaconcursos.com.br\/blog\/gabarito-ibge-coordenador-confira-aqui\/#primaryimage\",\"url\":\"https:\/\/dhg1h5j42swfq.cloudfront.net\/2019\/12\/08134517\/gabarito-ibge.jpg\",\"contentUrl\":\"https:\/\/dhg1h5j42swfq.cloudfront.net\/2019\/12\/08134517\/gabarito-ibge.jpg\",\"width\":1280,\"height\":720,\"caption\":\"gabarito IBGE ao vivo\"},{\"@type\":\"BreadcrumbList\",\"@id\":\"https:\/\/www.estrategiaconcursos.com.br\/blog\/gabarito-ibge-coordenador-confira-aqui\/#breadcrumb\",\"itemListElement\":[{\"@type\":\"ListItem\",\"position\":1,\"name\":\"In\u00edcio\",\"item\":\"https:\/\/www.estrategiaconcursos.com.br\/blog\/\"},{\"@type\":\"ListItem\",\"position\":2,\"name\":\"AGORA! GABARITO IBGE Coordenador: Confira AQUI a corre\u00e7\u00e3o ao vivo\"}]},{\"@type\":\"WebSite\",\"@id\":\"https:\/\/www.estrategiaconcursos.com.br\/blog\/#website\",\"url\":\"https:\/\/www.estrategiaconcursos.com.br\/blog\/\",\"name\":\"Estrat\u00e9gia Concursos\",\"description\":\"O blog da Estrat\u00e9gia Concursos traz not\u00edcias sobre concursos e artigos de professores oferecendo cursos para concursos (pdf + videaulas) no site.\",\"publisher\":{\"@id\":\"https:\/\/www.estrategiaconcursos.com.br\/blog\/#organization\"},\"potentialAction\":[{\"@type\":\"SearchAction\",\"target\":{\"@type\":\"EntryPoint\",\"urlTemplate\":\"https:\/\/www.estrategiaconcursos.com.br\/blog\/?s={search_term_string}\"},\"query-input\":{\"@type\":\"PropertyValueSpecification\",\"valueRequired\":true,\"valueName\":\"search_term_string\"}}],\"inLanguage\":\"pt-BR\"},{\"@type\":\"Organization\",\"@id\":\"https:\/\/www.estrategiaconcursos.com.br\/blog\/#organization\",\"name\":\"Estrat\u00e9gia Concursos\",\"url\":\"https:\/\/www.estrategiaconcursos.com.br\/blog\/\",\"logo\":{\"@type\":\"ImageObject\",\"inLanguage\":\"pt-BR\",\"@id\":\"https:\/\/www.estrategiaconcursos.com.br\/blog\/#\/schema\/logo\/image\/\",\"url\":\"https:\/\/dhg1h5j42swfq.cloudfront.net\/2025\/06\/03203428\/logo_concursos-1.jpg\",\"contentUrl\":\"https:\/\/dhg1h5j42swfq.cloudfront.net\/2025\/06\/03203428\/logo_concursos-1.jpg\",\"width\":230,\"height\":60,\"caption\":\"Estrat\u00e9gia Concursos\"},\"image\":{\"@id\":\"https:\/\/www.estrategiaconcursos.com.br\/blog\/#\/schema\/logo\/image\/\"},\"sameAs\":[\"https:\/\/x.com\/EstratConcursos\"]},{\"@type\":\"Person\",\"@id\":\"https:\/\/www.estrategiaconcursos.com.br\/blog\/#\/schema\/person\/b4a388c97673c5f483d72185668afa1f\",\"name\":\"Coordena\u00e7\u00e3o\",\"image\":{\"@type\":\"ImageObject\",\"inLanguage\":\"pt-BR\",\"@id\":\"https:\/\/secure.gravatar.com\/avatar\/b720319e4c9a967eb58678d110f4fe35452fc5d5f97b202bac7b8acceb18c6ad?s=96&d=mm&r=g\",\"url\":\"https:\/\/secure.gravatar.com\/avatar\/b720319e4c9a967eb58678d110f4fe35452fc5d5f97b202bac7b8acceb18c6ad?s=96&d=mm&r=g\",\"contentUrl\":\"https:\/\/secure.gravatar.com\/avatar\/b720319e4c9a967eb58678d110f4fe35452fc5d5f97b202bac7b8acceb18c6ad?s=96&d=mm&r=g\",\"caption\":\"Coordena\u00e7\u00e3o\"},\"sameAs\":[\"https:\/\/www.facebook.com\/EstrategiaConcursos\",\"https:\/\/x.com\/EstratConcursos\"],\"url\":\"https:\/\/www.estrategiaconcursos.com.br\/blog\/author\/estrategia2013\/\"}]}<\/script>\n<!-- \/ Yoast SEO Premium plugin. -->","yoast_head_json":{"title":"AGORA! GABARITO IBGE Coordenador: Confira AQUI a corre\u00e7\u00e3o ao vivo","robots":{"index":"index","follow":"follow","max-snippet":"max-snippet:-1","max-image-preview":"max-image-preview:large","max-video-preview":"max-video-preview:-1"},"canonical":"https:\/\/www.estrategiaconcursos.com.br\/blog\/gabarito-ibge-coordenador-confira-aqui\/","og_locale":"pt_BR","og_type":"article","og_title":"AGORA! GABARITO IBGE Coordenador: Confira AQUI a corre\u00e7\u00e3o ao vivo","og_description":"Confira aqui o Gabarito IBGE de todas as disciplinas: L\u00edngua Portuguesa, \u00c9tica, Racioc\u00ednio L\u00f3gico e No\u00e7\u00f5es de Administra\u00e7\u00e3o! Veja tamb\u00e9m as resolu\u00e7\u00f5es comentadas pelos Professores do Estrat\u00e9gia Concursos. J\u00e1 saiba qual \u00e9 a sua coloca\u00e7\u00e3o no certame, preencha o nosso ranking estrat\u00e9gico. O processo seletivo do concurso IBGE que oferta 2.658 vagas&nbsp;para as fun\u00e7\u00f5es de [&hellip;]","og_url":"https:\/\/www.estrategiaconcursos.com.br\/blog\/gabarito-ibge-coordenador-confira-aqui\/","og_site_name":"Estrat\u00e9gia Concursos","article_author":"https:\/\/www.facebook.com\/EstrategiaConcursos","article_published_time":"2019-12-08T20:00:23+00:00","article_modified_time":"2023-05-29T13:35:57+00:00","og_image":[{"width":1280,"height":720,"url":"https:\/\/dhg1h5j42swfq.cloudfront.net\/2019\/12\/08134517\/gabarito-ibge.jpg","type":"image\/jpeg"}],"author":"Coordena\u00e7\u00e3o","twitter_card":"summary_large_image","twitter_creator":"@EstratConcursos","twitter_site":"@EstratConcursos","twitter_misc":{"Escrito por":"Coordena\u00e7\u00e3o","Est. tempo de leitura":"5 minutos"},"schema":{"@context":"https:\/\/schema.org","@graph":[{"@type":"NewsArticle","@id":"https:\/\/www.estrategiaconcursos.com.br\/blog\/gabarito-ibge-coordenador-confira-aqui\/#article","isPartOf":{"@id":"https:\/\/www.estrategiaconcursos.com.br\/blog\/gabarito-ibge-coordenador-confira-aqui\/"},"author":{"name":"Coordena\u00e7\u00e3o","@id":"https:\/\/www.estrategiaconcursos.com.br\/blog\/#\/schema\/person\/b4a388c97673c5f483d72185668afa1f"},"headline":"AGORA! GABARITO IBGE Coordenador: Confira AQUI a corre\u00e7\u00e3o ao vivo","datePublished":"2019-12-08T20:00:23+00:00","dateModified":"2023-05-29T13:35:57+00:00","mainEntityOfPage":{"@id":"https:\/\/www.estrategiaconcursos.com.br\/blog\/gabarito-ibge-coordenador-confira-aqui\/"},"wordCount":974,"commentCount":3,"publisher":{"@id":"https:\/\/www.estrategiaconcursos.com.br\/blog\/#organization"},"image":{"@id":"https:\/\/www.estrategiaconcursos.com.br\/blog\/gabarito-ibge-coordenador-confira-aqui\/#primaryimage"},"thumbnailUrl":"https:\/\/dhg1h5j42swfq.cloudfront.net\/2019\/12\/08134517\/gabarito-ibge.jpg","articleSection":["Concursos P\u00fablicos"],"inLanguage":"pt-BR","potentialAction":[{"@type":"CommentAction","name":"Comment","target":["https:\/\/www.estrategiaconcursos.com.br\/blog\/gabarito-ibge-coordenador-confira-aqui\/#respond"]}],"copyrightYear":"2019","copyrightHolder":{"@id":"https:\/\/www.estrategiaconcursos.com.br\/blog\/#organization"}},{"@type":"WebPage","@id":"https:\/\/www.estrategiaconcursos.com.br\/blog\/gabarito-ibge-coordenador-confira-aqui\/","url":"https:\/\/www.estrategiaconcursos.com.br\/blog\/gabarito-ibge-coordenador-confira-aqui\/","name":"AGORA! GABARITO IBGE Coordenador: Confira AQUI a corre\u00e7\u00e3o ao vivo","isPartOf":{"@id":"https:\/\/www.estrategiaconcursos.com.br\/blog\/#website"},"primaryImageOfPage":{"@id":"https:\/\/www.estrategiaconcursos.com.br\/blog\/gabarito-ibge-coordenador-confira-aqui\/#primaryimage"},"image":{"@id":"https:\/\/www.estrategiaconcursos.com.br\/blog\/gabarito-ibge-coordenador-confira-aqui\/#primaryimage"},"thumbnailUrl":"https:\/\/dhg1h5j42swfq.cloudfront.net\/2019\/12\/08134517\/gabarito-ibge.jpg","datePublished":"2019-12-08T20:00:23+00:00","dateModified":"2023-05-29T13:35:57+00:00","breadcrumb":{"@id":"https:\/\/www.estrategiaconcursos.com.br\/blog\/gabarito-ibge-coordenador-confira-aqui\/#breadcrumb"},"inLanguage":"pt-BR","potentialAction":[{"@type":"ReadAction","target":["https:\/\/www.estrategiaconcursos.com.br\/blog\/gabarito-ibge-coordenador-confira-aqui\/"]}]},{"@type":"ImageObject","inLanguage":"pt-BR","@id":"https:\/\/www.estrategiaconcursos.com.br\/blog\/gabarito-ibge-coordenador-confira-aqui\/#primaryimage","url":"https:\/\/dhg1h5j42swfq.cloudfront.net\/2019\/12\/08134517\/gabarito-ibge.jpg","contentUrl":"https:\/\/dhg1h5j42swfq.cloudfront.net\/2019\/12\/08134517\/gabarito-ibge.jpg","width":1280,"height":720,"caption":"gabarito IBGE ao vivo"},{"@type":"BreadcrumbList","@id":"https:\/\/www.estrategiaconcursos.com.br\/blog\/gabarito-ibge-coordenador-confira-aqui\/#breadcrumb","itemListElement":[{"@type":"ListItem","position":1,"name":"In\u00edcio","item":"https:\/\/www.estrategiaconcursos.com.br\/blog\/"},{"@type":"ListItem","position":2,"name":"AGORA! GABARITO IBGE Coordenador: Confira AQUI a corre\u00e7\u00e3o ao vivo"}]},{"@type":"WebSite","@id":"https:\/\/www.estrategiaconcursos.com.br\/blog\/#website","url":"https:\/\/www.estrategiaconcursos.com.br\/blog\/","name":"Estrat\u00e9gia Concursos","description":"O blog da Estrat\u00e9gia Concursos traz not\u00edcias sobre concursos e artigos de professores oferecendo cursos para concursos (pdf + videaulas) no site.","publisher":{"@id":"https:\/\/www.estrategiaconcursos.com.br\/blog\/#organization"},"potentialAction":[{"@type":"SearchAction","target":{"@type":"EntryPoint","urlTemplate":"https:\/\/www.estrategiaconcursos.com.br\/blog\/?s={search_term_string}"},"query-input":{"@type":"PropertyValueSpecification","valueRequired":true,"valueName":"search_term_string"}}],"inLanguage":"pt-BR"},{"@type":"Organization","@id":"https:\/\/www.estrategiaconcursos.com.br\/blog\/#organization","name":"Estrat\u00e9gia Concursos","url":"https:\/\/www.estrategiaconcursos.com.br\/blog\/","logo":{"@type":"ImageObject","inLanguage":"pt-BR","@id":"https:\/\/www.estrategiaconcursos.com.br\/blog\/#\/schema\/logo\/image\/","url":"https:\/\/dhg1h5j42swfq.cloudfront.net\/2025\/06\/03203428\/logo_concursos-1.jpg","contentUrl":"https:\/\/dhg1h5j42swfq.cloudfront.net\/2025\/06\/03203428\/logo_concursos-1.jpg","width":230,"height":60,"caption":"Estrat\u00e9gia Concursos"},"image":{"@id":"https:\/\/www.estrategiaconcursos.com.br\/blog\/#\/schema\/logo\/image\/"},"sameAs":["https:\/\/x.com\/EstratConcursos"]},{"@type":"Person","@id":"https:\/\/www.estrategiaconcursos.com.br\/blog\/#\/schema\/person\/b4a388c97673c5f483d72185668afa1f","name":"Coordena\u00e7\u00e3o","image":{"@type":"ImageObject","inLanguage":"pt-BR","@id":"https:\/\/secure.gravatar.com\/avatar\/b720319e4c9a967eb58678d110f4fe35452fc5d5f97b202bac7b8acceb18c6ad?s=96&d=mm&r=g","url":"https:\/\/secure.gravatar.com\/avatar\/b720319e4c9a967eb58678d110f4fe35452fc5d5f97b202bac7b8acceb18c6ad?s=96&d=mm&r=g","contentUrl":"https:\/\/secure.gravatar.com\/avatar\/b720319e4c9a967eb58678d110f4fe35452fc5d5f97b202bac7b8acceb18c6ad?s=96&d=mm&r=g","caption":"Coordena\u00e7\u00e3o"},"sameAs":["https:\/\/www.facebook.com\/EstrategiaConcursos","https:\/\/x.com\/EstratConcursos"],"url":"https:\/\/www.estrategiaconcursos.com.br\/blog\/author\/estrategia2013\/"}]}},"_links":{"self":[{"href":"https:\/\/www.estrategiaconcursos.com.br\/blog\/wp-json\/wp\/v2\/posts\/456780","targetHints":{"allow":["GET"]}}],"collection":[{"href":"https:\/\/www.estrategiaconcursos.com.br\/blog\/wp-json\/wp\/v2\/posts"}],"about":[{"href":"https:\/\/www.estrategiaconcursos.com.br\/blog\/wp-json\/wp\/v2\/types\/post"}],"author":[{"embeddable":true,"href":"https:\/\/www.estrategiaconcursos.com.br\/blog\/wp-json\/wp\/v2\/users\/1"}],"replies":[{"embeddable":true,"href":"https:\/\/www.estrategiaconcursos.com.br\/blog\/wp-json\/wp\/v2\/comments?post=456780"}],"version-history":[{"count":52,"href":"https:\/\/www.estrategiaconcursos.com.br\/blog\/wp-json\/wp\/v2\/posts\/456780\/revisions"}],"predecessor-version":[{"id":1223417,"href":"https:\/\/www.estrategiaconcursos.com.br\/blog\/wp-json\/wp\/v2\/posts\/456780\/revisions\/1223417"}],"wp:featuredmedia":[{"embeddable":true,"href":"https:\/\/www.estrategiaconcursos.com.br\/blog\/wp-json\/wp\/v2\/media\/457223"}],"wp:attachment":[{"href":"https:\/\/www.estrategiaconcursos.com.br\/blog\/wp-json\/wp\/v2\/media?parent=456780"}],"wp:term":[{"taxonomy":"category","embeddable":true,"href":"https:\/\/www.estrategiaconcursos.com.br\/blog\/wp-json\/wp\/v2\/categories?post=456780"},{"taxonomy":"post_tag","embeddable":true,"href":"https:\/\/www.estrategiaconcursos.com.br\/blog\/wp-json\/wp\/v2\/tags?post=456780"},{"taxonomy":"tax_estado","embeddable":true,"href":"https:\/\/www.estrategiaconcursos.com.br\/blog\/wp-json\/wp\/v2\/tax_estado?post=456780"}],"curies":[{"name":"wp","href":"https:\/\/api.w.org\/{rel}","templated":true}]}}