{"id":456703,"date":"2020-03-24T11:07:00","date_gmt":"2020-03-24T14:07:00","guid":{"rendered":"https:\/\/www.estrategiaconcursos.com.br\/blog\/?p=456703"},"modified":"2020-03-24T11:17:19","modified_gmt":"2020-03-24T14:17:19","slug":"concurso-feti-uberaba","status":"publish","type":"post","link":"https:\/\/www.estrategiaconcursos.com.br\/blog\/concurso-feti-uberaba\/","title":{"rendered":"Concurso FETI Uberaba: prova que aconteceria no dia 5 de abril foi suspensa"},"content":{"rendered":"\n<h2 class=\"wp-block-heading\"><strong><em>Inscri\u00e7\u00f5es encerradas para o certame<\/em><\/strong><\/h2>\n\n\n\n<p>O concurso FETI Uberaba teve sua prova suspensa devido a pandemia de coronav\u00edrus que afetou todo o Brasil. De acordo com o comunicado emitido pelo \u00f3rg\u00e3o, em breve as novas datas do certame ser\u00e3o publicadas.<\/p>\n\n\n\n<p>Confira abaixo:<\/p>\n\n\n\n<div class=\"wp-block-image\"><figure class=\"aligncenter size-large is-resized\"><img loading=\"lazy\" decoding=\"async\" src=\"https:\/\/dhg1h5j42swfq.cloudfront.net\/2020\/03\/24111428\/image-305.png\" alt=\"\" class=\"wp-image-495852\" width=\"451\" height=\"258\" srcset=\"https:\/\/dhg1h5j42swfq.cloudfront.net\/2020\/03\/24111428\/image-305.png 634w, https:\/\/dhg1h5j42swfq.cloudfront.net\/2020\/03\/24111428\/image-305-300x172.png 300w, https:\/\/dhg1h5j42swfq.cloudfront.net\/2020\/03\/24111428\/image-305-610x350.png 610w\" sizes=\"auto, (max-width: 451px) 100vw, 451px\" \/><\/figure><\/div>\n\n\n\n<p>Vale lembrar que as inscri\u00e7\u00f5es para o concurso p\u00fablico da Funda\u00e7\u00e3o de Ensino T\u00e9cnico Intensivo \u201cDr. Ren\u00ea Barsam\u201d \u2013 FETI, est\u00e3o encerradas.<\/p>\n\n\n\n<p>O certame visa ofertar aos candidatos no total 14 vagas para diversos cargos de n\u00edveis de forma\u00e7\u00e3o fundamental, m\u00e9dio e superior.<\/p>\n\n\n\n<ul class=\"wp-block-list\"><li><a href=\"#data\"><strong><em>Principais datas<\/em><\/strong><\/a><\/li><li><a href=\"#cargo\"><strong><em>Cargos\/Vagas e Sal\u00e1rio inicial <\/em><\/strong><\/a><\/li><li><a href=\"#prova\"><strong><em>Etapas de provas do concurso<\/em><\/strong><\/a><\/li><\/ul>\n\n\n\n<h2 class=\"wp-block-heading\" id=\"data\">Principais datas<\/h2>\n\n\n\n<p class=\"has-background has-very-light-gray-background-color\"><em><strong>Inscri\u00e7\u00e3o: 3 de fevereiro a 4 de mar\u00e7o de 2020 <br \/>Prova: 05 de abril de 2020 <\/strong><\/em><\/p>\n\n\n\n<h2 class=\"wp-block-heading\" id=\"cargo\">Cargos\/Vagas e Sal\u00e1rio inicial <\/h2>\n\n\n\n<h3 class=\"wp-block-heading\">N\u00edvel Fundamental<\/h3>\n\n\n\n<figure class=\"wp-block-table aligncenter is-style-stripes\"><table class=\"has-subtle-pale-blue-background-color has-fixed-layout has-background\"><tbody><tr><td><strong>CARGOS <\/strong><\/td><td><strong>VAGAS<\/strong><\/td><td><strong>SAL\u00c1RIO INICIAL<\/strong><\/td><\/tr><tr><td> Trabalhador Bra\u00e7al <\/td><td>1 VAGA<\/td><td> R$ 1.113,00 <\/td><\/tr><tr><td> Auxiliar de Servi\u00e7os Gerais <\/td><td>1 VAGA<\/td><td> R$ 1.113,00 <\/td><\/tr><\/tbody><\/table><\/figure>\n\n\n\n<h3 class=\"wp-block-heading\">N\u00edvel M\u00e9dio <\/h3>\n\n\n\n<figure class=\"wp-block-table aligncenter is-style-stripes\"><table class=\"has-subtle-pale-blue-background-color has-fixed-layout has-background\"><tbody><tr><td><strong>CARGOS<\/strong><\/td><td><strong>VAGAS<\/strong><\/td><td><strong>SAL\u00c1RIO INICIAL<\/strong><\/td><\/tr><tr><td> Motorista de Ve\u00edculos Oficiais <\/td><td>1 VAGA<\/td><td> R$ 1.560,00 <\/td><\/tr><tr><td> Agente Administrativo <\/td><td>4 VAGAS<\/td><td> R$ 1.560,00 <\/td><\/tr><\/tbody><\/table><\/figure>\n\n\n\n<h3 class=\"wp-block-heading\">N\u00edvel Superior<\/h3>\n\n\n\n<figure class=\"wp-block-table aligncenter is-style-stripes\"><table class=\"has-subtle-pale-blue-background-color has-fixed-layout has-background\"><tbody><tr><td><strong>CARGOS<\/strong><\/td><td><strong>VAGAS<\/strong><\/td><td><strong>SAL\u00c1RIO INICIAL<\/strong><\/td><\/tr><tr><td> Supervisor Pedag\u00f3gico  <\/td><td>1 VAGA<\/td><td> R$ 3.100,00 <\/td><\/tr><tr><td> Psic\u00f3logo <\/td><td>1 VAGA<\/td><td> R$ 3.100,00 <\/td><\/tr><tr><td> Educador Social <\/td><td>1 VAGA<\/td><td> R$ 3.100,00 <\/td><\/tr><tr><td> Contabilista <\/td><td>1 VAGA<\/td><td> R$ 3.100,00 <\/td><\/tr><tr><td> Auditor <\/td><td>1 VAGA<\/td><td> R$ 3.100,00 <\/td><\/tr><tr><td> Assistente Social <\/td><td>2 VAGAS<\/td><td> R$ 3.100,00  <\/td><\/tr><\/tbody><\/table><\/figure>\n\n\n\n<h2 class=\"wp-block-heading\" id=\"prova\">Etapas de provas do concurso FETI Uberaba<\/h2>\n\n\n\n<p>As Provas Objetivas de M\u00faltipla Escolha ser\u00e3o aplicadas na cidade de Uberaba\/MG, na data prov\u00e1vel de 05\/04\/2020. Al\u00e9m disso o certame contar\u00e1 com uma prova de t\u00edtulos. <\/p>\n\n\n\n<h4 class=\"wp-block-heading\"> N\u00edvel Fundamental Incompleto   <\/h4>\n\n\n\n<div class=\"wp-block-image\"><figure class=\"aligncenter is-resized\"><img loading=\"lazy\" decoding=\"async\" src=\"https:\/\/dhg1h5j42swfq.cloudfront.net\/2019\/12\/06143716\/image29.png\" alt=\"\" class=\"wp-image-456751\" width=\"326\" height=\"245\" srcset=\"https:\/\/dhg1h5j42swfq.cloudfront.net\/2019\/12\/06143716\/image29.png 457w, https:\/\/dhg1h5j42swfq.cloudfront.net\/2019\/12\/06143716\/image29.png 300w\" sizes=\"auto, (max-width: 326px) 100vw, 326px\" \/><\/figure><\/div>\n\n\n\n<h4 class=\"wp-block-heading\">N\u00edvel M\u00e9dio<\/h4>\n\n\n\n<div class=\"wp-block-image\"><figure class=\"aligncenter is-resized\"><img loading=\"lazy\" decoding=\"async\" src=\"https:\/\/dhg1h5j42swfq.cloudfront.net\/2019\/12\/06143808\/image30.png\" alt=\"\" class=\"wp-image-456752\" width=\"338\" height=\"580\" srcset=\"https:\/\/dhg1h5j42swfq.cloudfront.net\/2019\/12\/06143808\/image30.png 457w, https:\/\/dhg1h5j42swfq.cloudfront.net\/2019\/12\/06143808\/image30.png 175w\" sizes=\"auto, (max-width: 338px) 100vw, 338px\" \/><\/figure><\/div>\n\n\n\n<h4 class=\"wp-block-heading\">N\u00edvel Superior<\/h4>\n\n\n\n<div class=\"wp-block-image\"><figure class=\"aligncenter is-resized\"><img loading=\"lazy\" decoding=\"async\" src=\"https:\/\/dhg1h5j42swfq.cloudfront.net\/2019\/12\/06143909\/image31.png\" alt=\"\" class=\"wp-image-456753\" width=\"286\" height=\"831\" srcset=\"https:\/\/dhg1h5j42swfq.cloudfront.net\/2019\/12\/06143909\/image31.png 252w, https:\/\/dhg1h5j42swfq.cloudfront.net\/2019\/12\/06143909\/image31.png 103w\" sizes=\"auto, (max-width: 286px) 100vw, 286px\" \/><\/figure><\/div>\n\n\n\n<h2 class=\"wp-block-heading\">Prova de T\u00edtulos <\/h2>\n\n\n\n<p>A avalia\u00e7\u00e3o de t\u00edtulos tem car\u00e1ter apenas classificat\u00f3rio e se submeter\u00e3o a esta etapa somente os candidatos aos cargos de N\u00edvel Superior. <\/p>\n\n\n\n<p>Esta etapa valer\u00e1 at\u00e9 10  pontos, ainda que a soma dos pontos obtidos pelos t\u00edtulos apresentados seja superior a esse valor.  <\/p>\n\n\n\n<div class=\"wp-block-image\"><figure class=\"aligncenter\"><img loading=\"lazy\" decoding=\"async\" width=\"736\" height=\"237\" src=\"https:\/\/dhg1h5j42swfq.cloudfront.net\/2019\/12\/06144257\/image32.png\" alt=\" Quadro de Atribui\u00e7\u00e3o de Pontos para a Prova de T\u00edtulos (cargos de n\u00edvel superior) \" class=\"wp-image-456754\" srcset=\"https:\/\/dhg1h5j42swfq.cloudfront.net\/2019\/12\/06144257\/image32.png 736w, https:\/\/dhg1h5j42swfq.cloudfront.net\/2019\/12\/06144257\/image32.png 300w, https:\/\/dhg1h5j42swfq.cloudfront.net\/2019\/12\/06144257\/image32.png 610w\" sizes=\"auto, (max-width: 736px) 100vw, 736px\" \/><figcaption>  Quadro de Atribui\u00e7\u00e3o de Pontos para a Prova de T\u00edtulos (cargos de n\u00edvel superior) <\/figcaption><\/figure><\/div>\n\n\n\n<h2 class=\"has-text-align-center wp-block-heading\" id=\"cursos-assinaturas\"><strong><em>Quer estudar para Concurso FETI UBERABA?<\/em><\/strong><\/h2>\n\n\n\n<p style=\"font-size:23px\" class=\"has-background has-text-align-center has-luminous-vivid-amber-background-color\"><strong><a href=\"https:\/\/www.estrategiaconcursos.com.br\/cursosPorConcurso\/fundacao-de-ensino-tecnico-intensivo-rdr-rene-barsamr-feti\/\" target=\"_blank\" rel=\"noreferrer noopener\" aria-label=\"CURSOS FETI UBERABA (abre numa nova aba)\">CURSOS FETI UBERABA<\/a><\/strong><\/p>\n\n\n\n<p class=\"has-text-align-center\"><em><strong>Assinatura Anual Ilimitada*<\/strong><\/em><\/p>\n\n\n\n<p class=\"has-text-align-center\"><em>Prepare-se com o melhor material e com quem mais aprova em&nbsp;Concursos P\u00fablicos de todo o pa\u00eds. Assine agora a nossa Assinatura Anual e tenha acesso ilimitado a todos os nossos cursos.<\/em><\/p>\n\n\n\n<p style=\"font-size:23px\" class=\"has-background has-text-align-center has-light-green-cyan-background-color\"><strong>ASSINE AGORA<\/strong>&nbsp;\u2013&nbsp;<a rel=\"noreferrer noopener\" href=\"https:\/\/www.estrategiaconcursos.com.br\/assinaturas\" target=\"_blank\"><strong>Assinatura Ilimitada<\/strong><\/a><\/p>\n\n\n\n<p class=\"has-text-align-center\"><strong><em>Fique por dentro dos concursos vigentes:<\/em><\/strong><\/p>\n\n\n\n<p style=\"font-size:23px\" class=\"has-background has-text-align-center has-pale-cyan-blue-background-color\"><strong><a href=\"https:\/\/www.estrategiaconcursos.com.br\/blog\/concursos-abertos\/\" target=\"_blank\" rel=\"noreferrer noopener\">CONCURSOS ABERTOS<\/a><\/strong><\/p>\n\n\n\n<p style=\"font-size:23px\" class=\"has-background has-text-align-center has-pale-cyan-blue-background-color\"><strong><a href=\"https:\/\/www.estrategiaconcursos.com.br\/blog\/concursos-2020\/\" target=\"_blank\" rel=\"noreferrer noopener\">CONCURSOS&nbsp;2020<\/a><\/strong><\/p>\n\n\n\n<figure class=\"wp-block-image\"><img loading=\"lazy\" decoding=\"async\" width=\"300\" height=\"102\" src=\"https:\/\/dhg1h5j42swfq.cloudfront.net\/2017\/03\/28152500\/coruja-ficha-tecnica-300x102.png\" alt=\"Ficha t\u00e9cnica concurso TJ RJ\" class=\"wp-image-68542\"\/><\/figure>\n\n\n\n<h4 class=\"wp-block-heading\" id=\"ficha-tecnica\"><strong>\u25baInforma\u00e7\u00f5es sobre o concurso FETI UBERABA<\/strong><\/h4>\n\n\n\n<p>\u25ba<strong>Data:<\/strong>&nbsp;05\/04\/2020 <br \/>\u25ba<strong>Vagas:&nbsp;<\/strong>14<br \/>\u25ba<strong>Cargos:<\/strong>&nbsp;diversos<br \/>\u25ba<strong>Banca:&nbsp;<\/strong>CEFETMINAS <br \/>\u25ba<strong>Escolaridade:<\/strong>&nbsp;N\u00edvel fundamenal, m\u00e9dio e superior<\/p>\n\n\n\n<p><strong>\u25baEdital FETI Uberaba:&nbsp;<\/strong><a href=\"https:\/\/dhg1h5j42swfq.cloudfront.net\/2019\/12\/06144929\/edital-concurso-feti-uberaba-01-2019.pdf\">EDITAL 2019<\/a><\/p>\n","protected":false},"excerpt":{"rendered":"<p>Inscri\u00e7\u00f5es encerradas para o certame O concurso FETI Uberaba teve sua prova suspensa devido a pandemia de coronav\u00edrus que afetou todo o Brasil. De acordo com o comunicado emitido pelo \u00f3rg\u00e3o, em breve as novas datas do certame ser\u00e3o publicadas. Confira abaixo: Vale lembrar que as inscri\u00e7\u00f5es para o concurso p\u00fablico da Funda\u00e7\u00e3o de Ensino [&hellip;]<\/p>\n","protected":false},"author":388,"featured_media":495855,"comment_status":"open","ping_status":"closed","sticky":false,"template":"","format":"standard","meta":{"post_tipo":"article","footnotes":""},"categories":[1],"tags":[],"tax_estado":[],"class_list":["post-456703","post","type-post","status-publish","format-standard","has-post-thumbnail","hentry","category-cursos-e-concursos"],"acf":[],"yoast_head":"<!-- This site is optimized with the Yoast SEO Premium plugin v27.2 (Yoast SEO v27.2) - https:\/\/yoast.com\/product\/yoast-seo-premium-wordpress\/ -->\n<title>Concurso FETI Uberaba: prova que aconteceria no dia 5 de abril foi suspensa<\/title>\n<meta name=\"description\" content=\"O concurso FETI Uberaba est\u00e1 com as inscri\u00e7\u00f5es encerradas para 14 vagas de n\u00edvel fundamental, m\u00e9dio e superior. Saiba mais neste artigo.\" \/>\n<meta name=\"robots\" content=\"index, follow, max-snippet:-1, max-image-preview:large, max-video-preview:-1\" \/>\n<link rel=\"canonical\" href=\"https:\/\/www.estrategiaconcursos.com.br\/blog\/concurso-feti-uberaba\/\" \/>\n<meta property=\"og:locale\" content=\"pt_BR\" \/>\n<meta property=\"og:type\" content=\"article\" \/>\n<meta property=\"og:title\" content=\"Concurso FETI Uberaba: prova que aconteceria no dia 5 de abril foi suspensa\" \/>\n<meta property=\"og:description\" content=\"O concurso FETI Uberaba est\u00e1 com as inscri\u00e7\u00f5es encerradas para 14 vagas de n\u00edvel fundamental, m\u00e9dio e superior. Saiba mais neste artigo.\" \/>\n<meta property=\"og:url\" content=\"https:\/\/www.estrategiaconcursos.com.br\/blog\/concurso-feti-uberaba\/\" \/>\n<meta property=\"og:site_name\" content=\"Estrat\u00e9gia Concursos\" \/>\n<meta property=\"article:published_time\" content=\"2020-03-24T14:07:00+00:00\" \/>\n<meta property=\"article:modified_time\" content=\"2020-03-24T14:17:19+00:00\" \/>\n<meta property=\"og:image\" content=\"https:\/\/dhg1h5j42swfq.cloudfront.net\/2020\/03\/24111705\/feti-uberaba-mg.jpg\" \/>\n\t<meta property=\"og:image:width\" content=\"430\" \/>\n\t<meta property=\"og:image:height\" content=\"322\" \/>\n\t<meta property=\"og:image:type\" content=\"image\/jpeg\" \/>\n<meta name=\"author\" content=\"Tiago Zanolla\" \/>\n<meta name=\"twitter:card\" content=\"summary_large_image\" \/>\n<meta name=\"twitter:creator\" content=\"@EstratConcursos\" \/>\n<meta name=\"twitter:site\" content=\"@EstratConcursos\" \/>\n<meta name=\"twitter:label1\" content=\"Escrito por\" \/>\n\t<meta name=\"twitter:data1\" content=\"Tiago Zanolla\" \/>\n\t<meta name=\"twitter:label2\" content=\"Est. tempo de leitura\" \/>\n\t<meta name=\"twitter:data2\" content=\"2 minutos\" \/>\n<script type=\"application\/ld+json\" class=\"yoast-schema-graph\">{\"@context\":\"https:\/\/schema.org\",\"@graph\":[{\"@type\":\"NewsArticle\",\"@id\":\"https:\/\/www.estrategiaconcursos.com.br\/blog\/concurso-feti-uberaba\/#article\",\"isPartOf\":{\"@id\":\"https:\/\/www.estrategiaconcursos.com.br\/blog\/concurso-feti-uberaba\/\"},\"author\":{\"name\":\"Tiago Zanolla\",\"@id\":\"https:\/\/www.estrategiaconcursos.com.br\/blog\/#\/schema\/person\/1509739fd92a40c9b52116de04a90310\"},\"headline\":\"Concurso FETI Uberaba: prova que aconteceria no dia 5 de abril foi suspensa\",\"datePublished\":\"2020-03-24T14:07:00+00:00\",\"dateModified\":\"2020-03-24T14:17:19+00:00\",\"mainEntityOfPage\":{\"@id\":\"https:\/\/www.estrategiaconcursos.com.br\/blog\/concurso-feti-uberaba\/\"},\"wordCount\":426,\"commentCount\":2,\"publisher\":{\"@id\":\"https:\/\/www.estrategiaconcursos.com.br\/blog\/#organization\"},\"image\":{\"@id\":\"https:\/\/www.estrategiaconcursos.com.br\/blog\/concurso-feti-uberaba\/#primaryimage\"},\"thumbnailUrl\":\"https:\/\/dhg1h5j42swfq.cloudfront.net\/2020\/03\/24111705\/feti-uberaba-mg.jpg\",\"articleSection\":[\"Concursos P\u00fablicos\"],\"inLanguage\":\"pt-BR\",\"potentialAction\":[{\"@type\":\"CommentAction\",\"name\":\"Comment\",\"target\":[\"https:\/\/www.estrategiaconcursos.com.br\/blog\/concurso-feti-uberaba\/#respond\"]}],\"copyrightYear\":\"2020\",\"copyrightHolder\":{\"@id\":\"https:\/\/www.estrategiaconcursos.com.br\/blog\/#organization\"}},{\"@type\":\"WebPage\",\"@id\":\"https:\/\/www.estrategiaconcursos.com.br\/blog\/concurso-feti-uberaba\/\",\"url\":\"https:\/\/www.estrategiaconcursos.com.br\/blog\/concurso-feti-uberaba\/\",\"name\":\"Concurso FETI Uberaba: prova que aconteceria no dia 5 de abril foi suspensa\",\"isPartOf\":{\"@id\":\"https:\/\/www.estrategiaconcursos.com.br\/blog\/#website\"},\"primaryImageOfPage\":{\"@id\":\"https:\/\/www.estrategiaconcursos.com.br\/blog\/concurso-feti-uberaba\/#primaryimage\"},\"image\":{\"@id\":\"https:\/\/www.estrategiaconcursos.com.br\/blog\/concurso-feti-uberaba\/#primaryimage\"},\"thumbnailUrl\":\"https:\/\/dhg1h5j42swfq.cloudfront.net\/2020\/03\/24111705\/feti-uberaba-mg.jpg\",\"datePublished\":\"2020-03-24T14:07:00+00:00\",\"dateModified\":\"2020-03-24T14:17:19+00:00\",\"description\":\"O concurso FETI Uberaba est\u00e1 com as inscri\u00e7\u00f5es encerradas para 14 vagas de n\u00edvel fundamental, m\u00e9dio e superior. Saiba mais neste artigo.\",\"breadcrumb\":{\"@id\":\"https:\/\/www.estrategiaconcursos.com.br\/blog\/concurso-feti-uberaba\/#breadcrumb\"},\"inLanguage\":\"pt-BR\",\"potentialAction\":[{\"@type\":\"ReadAction\",\"target\":[\"https:\/\/www.estrategiaconcursos.com.br\/blog\/concurso-feti-uberaba\/\"]}]},{\"@type\":\"ImageObject\",\"inLanguage\":\"pt-BR\",\"@id\":\"https:\/\/www.estrategiaconcursos.com.br\/blog\/concurso-feti-uberaba\/#primaryimage\",\"url\":\"https:\/\/dhg1h5j42swfq.cloudfront.net\/2020\/03\/24111705\/feti-uberaba-mg.jpg\",\"contentUrl\":\"https:\/\/dhg1h5j42swfq.cloudfront.net\/2020\/03\/24111705\/feti-uberaba-mg.jpg\",\"width\":430,\"height\":322},{\"@type\":\"BreadcrumbList\",\"@id\":\"https:\/\/www.estrategiaconcursos.com.br\/blog\/concurso-feti-uberaba\/#breadcrumb\",\"itemListElement\":[{\"@type\":\"ListItem\",\"position\":1,\"name\":\"In\u00edcio\",\"item\":\"https:\/\/www.estrategiaconcursos.com.br\/blog\/\"},{\"@type\":\"ListItem\",\"position\":2,\"name\":\"Concurso FETI Uberaba: prova que aconteceria no dia 5 de abril foi suspensa\"}]},{\"@type\":\"WebSite\",\"@id\":\"https:\/\/www.estrategiaconcursos.com.br\/blog\/#website\",\"url\":\"https:\/\/www.estrategiaconcursos.com.br\/blog\/\",\"name\":\"Estrat\u00e9gia Concursos\",\"description\":\"O blog da Estrat\u00e9gia Concursos traz not\u00edcias sobre concursos e artigos de professores oferecendo cursos para concursos (pdf + videaulas) no site.\",\"publisher\":{\"@id\":\"https:\/\/www.estrategiaconcursos.com.br\/blog\/#organization\"},\"potentialAction\":[{\"@type\":\"SearchAction\",\"target\":{\"@type\":\"EntryPoint\",\"urlTemplate\":\"https:\/\/www.estrategiaconcursos.com.br\/blog\/?s={search_term_string}\"},\"query-input\":{\"@type\":\"PropertyValueSpecification\",\"valueRequired\":true,\"valueName\":\"search_term_string\"}}],\"inLanguage\":\"pt-BR\"},{\"@type\":\"Organization\",\"@id\":\"https:\/\/www.estrategiaconcursos.com.br\/blog\/#organization\",\"name\":\"Estrat\u00e9gia Concursos\",\"url\":\"https:\/\/www.estrategiaconcursos.com.br\/blog\/\",\"logo\":{\"@type\":\"ImageObject\",\"inLanguage\":\"pt-BR\",\"@id\":\"https:\/\/www.estrategiaconcursos.com.br\/blog\/#\/schema\/logo\/image\/\",\"url\":\"https:\/\/dhg1h5j42swfq.cloudfront.net\/2025\/06\/03203428\/logo_concursos-1.jpg\",\"contentUrl\":\"https:\/\/dhg1h5j42swfq.cloudfront.net\/2025\/06\/03203428\/logo_concursos-1.jpg\",\"width\":230,\"height\":60,\"caption\":\"Estrat\u00e9gia Concursos\"},\"image\":{\"@id\":\"https:\/\/www.estrategiaconcursos.com.br\/blog\/#\/schema\/logo\/image\/\"},\"sameAs\":[\"https:\/\/x.com\/EstratConcursos\"]},{\"@type\":\"Person\",\"@id\":\"https:\/\/www.estrategiaconcursos.com.br\/blog\/#\/schema\/person\/1509739fd92a40c9b52116de04a90310\",\"name\":\"Tiago Zanolla\",\"image\":{\"@type\":\"ImageObject\",\"inLanguage\":\"pt-BR\",\"@id\":\"https:\/\/secure.gravatar.com\/avatar\/e647cb200c21008603a1760df42f3f713d32dd977761568b5689c47f0b1747ee?s=96&d=mm&r=g\",\"url\":\"https:\/\/secure.gravatar.com\/avatar\/e647cb200c21008603a1760df42f3f713d32dd977761568b5689c47f0b1747ee?s=96&d=mm&r=g\",\"contentUrl\":\"https:\/\/secure.gravatar.com\/avatar\/e647cb200c21008603a1760df42f3f713d32dd977761568b5689c47f0b1747ee?s=96&d=mm&r=g\",\"caption\":\"Tiago Zanolla\"},\"url\":\"https:\/\/www.estrategiaconcursos.com.br\/blog\/author\/zanolla-estrategiagmail-com\/\"}]}<\/script>\n<!-- \/ Yoast SEO Premium plugin. -->","yoast_head_json":{"title":"Concurso FETI Uberaba: prova que aconteceria no dia 5 de abril foi suspensa","description":"O concurso FETI Uberaba est\u00e1 com as inscri\u00e7\u00f5es encerradas para 14 vagas de n\u00edvel fundamental, m\u00e9dio e superior. Saiba mais neste artigo.","robots":{"index":"index","follow":"follow","max-snippet":"max-snippet:-1","max-image-preview":"max-image-preview:large","max-video-preview":"max-video-preview:-1"},"canonical":"https:\/\/www.estrategiaconcursos.com.br\/blog\/concurso-feti-uberaba\/","og_locale":"pt_BR","og_type":"article","og_title":"Concurso FETI Uberaba: prova que aconteceria no dia 5 de abril foi suspensa","og_description":"O concurso FETI Uberaba est\u00e1 com as inscri\u00e7\u00f5es encerradas para 14 vagas de n\u00edvel fundamental, m\u00e9dio e superior. Saiba mais neste artigo.","og_url":"https:\/\/www.estrategiaconcursos.com.br\/blog\/concurso-feti-uberaba\/","og_site_name":"Estrat\u00e9gia Concursos","article_published_time":"2020-03-24T14:07:00+00:00","article_modified_time":"2020-03-24T14:17:19+00:00","og_image":[{"width":430,"height":322,"url":"https:\/\/dhg1h5j42swfq.cloudfront.net\/2020\/03\/24111705\/feti-uberaba-mg.jpg","type":"image\/jpeg"}],"author":"Tiago Zanolla","twitter_card":"summary_large_image","twitter_creator":"@EstratConcursos","twitter_site":"@EstratConcursos","twitter_misc":{"Escrito por":"Tiago Zanolla","Est. tempo de leitura":"2 minutos"},"schema":{"@context":"https:\/\/schema.org","@graph":[{"@type":"NewsArticle","@id":"https:\/\/www.estrategiaconcursos.com.br\/blog\/concurso-feti-uberaba\/#article","isPartOf":{"@id":"https:\/\/www.estrategiaconcursos.com.br\/blog\/concurso-feti-uberaba\/"},"author":{"name":"Tiago Zanolla","@id":"https:\/\/www.estrategiaconcursos.com.br\/blog\/#\/schema\/person\/1509739fd92a40c9b52116de04a90310"},"headline":"Concurso FETI Uberaba: prova que aconteceria no dia 5 de abril foi suspensa","datePublished":"2020-03-24T14:07:00+00:00","dateModified":"2020-03-24T14:17:19+00:00","mainEntityOfPage":{"@id":"https:\/\/www.estrategiaconcursos.com.br\/blog\/concurso-feti-uberaba\/"},"wordCount":426,"commentCount":2,"publisher":{"@id":"https:\/\/www.estrategiaconcursos.com.br\/blog\/#organization"},"image":{"@id":"https:\/\/www.estrategiaconcursos.com.br\/blog\/concurso-feti-uberaba\/#primaryimage"},"thumbnailUrl":"https:\/\/dhg1h5j42swfq.cloudfront.net\/2020\/03\/24111705\/feti-uberaba-mg.jpg","articleSection":["Concursos P\u00fablicos"],"inLanguage":"pt-BR","potentialAction":[{"@type":"CommentAction","name":"Comment","target":["https:\/\/www.estrategiaconcursos.com.br\/blog\/concurso-feti-uberaba\/#respond"]}],"copyrightYear":"2020","copyrightHolder":{"@id":"https:\/\/www.estrategiaconcursos.com.br\/blog\/#organization"}},{"@type":"WebPage","@id":"https:\/\/www.estrategiaconcursos.com.br\/blog\/concurso-feti-uberaba\/","url":"https:\/\/www.estrategiaconcursos.com.br\/blog\/concurso-feti-uberaba\/","name":"Concurso FETI Uberaba: prova que aconteceria no dia 5 de abril foi suspensa","isPartOf":{"@id":"https:\/\/www.estrategiaconcursos.com.br\/blog\/#website"},"primaryImageOfPage":{"@id":"https:\/\/www.estrategiaconcursos.com.br\/blog\/concurso-feti-uberaba\/#primaryimage"},"image":{"@id":"https:\/\/www.estrategiaconcursos.com.br\/blog\/concurso-feti-uberaba\/#primaryimage"},"thumbnailUrl":"https:\/\/dhg1h5j42swfq.cloudfront.net\/2020\/03\/24111705\/feti-uberaba-mg.jpg","datePublished":"2020-03-24T14:07:00+00:00","dateModified":"2020-03-24T14:17:19+00:00","description":"O concurso FETI Uberaba est\u00e1 com as inscri\u00e7\u00f5es encerradas para 14 vagas de n\u00edvel fundamental, m\u00e9dio e superior. Saiba mais neste artigo.","breadcrumb":{"@id":"https:\/\/www.estrategiaconcursos.com.br\/blog\/concurso-feti-uberaba\/#breadcrumb"},"inLanguage":"pt-BR","potentialAction":[{"@type":"ReadAction","target":["https:\/\/www.estrategiaconcursos.com.br\/blog\/concurso-feti-uberaba\/"]}]},{"@type":"ImageObject","inLanguage":"pt-BR","@id":"https:\/\/www.estrategiaconcursos.com.br\/blog\/concurso-feti-uberaba\/#primaryimage","url":"https:\/\/dhg1h5j42swfq.cloudfront.net\/2020\/03\/24111705\/feti-uberaba-mg.jpg","contentUrl":"https:\/\/dhg1h5j42swfq.cloudfront.net\/2020\/03\/24111705\/feti-uberaba-mg.jpg","width":430,"height":322},{"@type":"BreadcrumbList","@id":"https:\/\/www.estrategiaconcursos.com.br\/blog\/concurso-feti-uberaba\/#breadcrumb","itemListElement":[{"@type":"ListItem","position":1,"name":"In\u00edcio","item":"https:\/\/www.estrategiaconcursos.com.br\/blog\/"},{"@type":"ListItem","position":2,"name":"Concurso FETI Uberaba: prova que aconteceria no dia 5 de abril foi suspensa"}]},{"@type":"WebSite","@id":"https:\/\/www.estrategiaconcursos.com.br\/blog\/#website","url":"https:\/\/www.estrategiaconcursos.com.br\/blog\/","name":"Estrat\u00e9gia Concursos","description":"O blog da Estrat\u00e9gia Concursos traz not\u00edcias sobre concursos e artigos de professores oferecendo cursos para concursos (pdf + videaulas) no site.","publisher":{"@id":"https:\/\/www.estrategiaconcursos.com.br\/blog\/#organization"},"potentialAction":[{"@type":"SearchAction","target":{"@type":"EntryPoint","urlTemplate":"https:\/\/www.estrategiaconcursos.com.br\/blog\/?s={search_term_string}"},"query-input":{"@type":"PropertyValueSpecification","valueRequired":true,"valueName":"search_term_string"}}],"inLanguage":"pt-BR"},{"@type":"Organization","@id":"https:\/\/www.estrategiaconcursos.com.br\/blog\/#organization","name":"Estrat\u00e9gia Concursos","url":"https:\/\/www.estrategiaconcursos.com.br\/blog\/","logo":{"@type":"ImageObject","inLanguage":"pt-BR","@id":"https:\/\/www.estrategiaconcursos.com.br\/blog\/#\/schema\/logo\/image\/","url":"https:\/\/dhg1h5j42swfq.cloudfront.net\/2025\/06\/03203428\/logo_concursos-1.jpg","contentUrl":"https:\/\/dhg1h5j42swfq.cloudfront.net\/2025\/06\/03203428\/logo_concursos-1.jpg","width":230,"height":60,"caption":"Estrat\u00e9gia Concursos"},"image":{"@id":"https:\/\/www.estrategiaconcursos.com.br\/blog\/#\/schema\/logo\/image\/"},"sameAs":["https:\/\/x.com\/EstratConcursos"]},{"@type":"Person","@id":"https:\/\/www.estrategiaconcursos.com.br\/blog\/#\/schema\/person\/1509739fd92a40c9b52116de04a90310","name":"Tiago Zanolla","image":{"@type":"ImageObject","inLanguage":"pt-BR","@id":"https:\/\/secure.gravatar.com\/avatar\/e647cb200c21008603a1760df42f3f713d32dd977761568b5689c47f0b1747ee?s=96&d=mm&r=g","url":"https:\/\/secure.gravatar.com\/avatar\/e647cb200c21008603a1760df42f3f713d32dd977761568b5689c47f0b1747ee?s=96&d=mm&r=g","contentUrl":"https:\/\/secure.gravatar.com\/avatar\/e647cb200c21008603a1760df42f3f713d32dd977761568b5689c47f0b1747ee?s=96&d=mm&r=g","caption":"Tiago Zanolla"},"url":"https:\/\/www.estrategiaconcursos.com.br\/blog\/author\/zanolla-estrategiagmail-com\/"}]}},"_links":{"self":[{"href":"https:\/\/www.estrategiaconcursos.com.br\/blog\/wp-json\/wp\/v2\/posts\/456703","targetHints":{"allow":["GET"]}}],"collection":[{"href":"https:\/\/www.estrategiaconcursos.com.br\/blog\/wp-json\/wp\/v2\/posts"}],"about":[{"href":"https:\/\/www.estrategiaconcursos.com.br\/blog\/wp-json\/wp\/v2\/types\/post"}],"author":[{"embeddable":true,"href":"https:\/\/www.estrategiaconcursos.com.br\/blog\/wp-json\/wp\/v2\/users\/388"}],"replies":[{"embeddable":true,"href":"https:\/\/www.estrategiaconcursos.com.br\/blog\/wp-json\/wp\/v2\/comments?post=456703"}],"version-history":[{"count":9,"href":"https:\/\/www.estrategiaconcursos.com.br\/blog\/wp-json\/wp\/v2\/posts\/456703\/revisions"}],"predecessor-version":[{"id":495856,"href":"https:\/\/www.estrategiaconcursos.com.br\/blog\/wp-json\/wp\/v2\/posts\/456703\/revisions\/495856"}],"wp:featuredmedia":[{"embeddable":true,"href":"https:\/\/www.estrategiaconcursos.com.br\/blog\/wp-json\/wp\/v2\/media\/495855"}],"wp:attachment":[{"href":"https:\/\/www.estrategiaconcursos.com.br\/blog\/wp-json\/wp\/v2\/media?parent=456703"}],"wp:term":[{"taxonomy":"category","embeddable":true,"href":"https:\/\/www.estrategiaconcursos.com.br\/blog\/wp-json\/wp\/v2\/categories?post=456703"},{"taxonomy":"post_tag","embeddable":true,"href":"https:\/\/www.estrategiaconcursos.com.br\/blog\/wp-json\/wp\/v2\/tags?post=456703"},{"taxonomy":"tax_estado","embeddable":true,"href":"https:\/\/www.estrategiaconcursos.com.br\/blog\/wp-json\/wp\/v2\/tax_estado?post=456703"}],"curies":[{"name":"wp","href":"https:\/\/api.w.org\/{rel}","templated":true}]}}