{"id":456420,"date":"2019-12-06T00:46:10","date_gmt":"2019-12-06T03:46:10","guid":{"rendered":"https:\/\/www.estrategiaconcursos.com.br\/blog\/?p=456420"},"modified":"2020-05-06T13:57:42","modified_gmt":"2020-05-06T16:57:42","slug":"edital-pcdf-tema-de-redacao-para-a-prova-de-escrivao","status":"publish","type":"post","link":"https:\/\/www.estrategiaconcursos.com.br\/blog\/edital-pcdf-tema-de-redacao-para-a-prova-de-escrivao\/","title":{"rendered":"Edital PCDF: Tema de reda\u00e7\u00e3o para a prova de escriv\u00e3o"},"content":{"rendered":"\n<p><strong>Tema de Reda\u00e7\u00e3o PCDF todos os dias at\u00e9 a data da prova!!!<\/strong><\/p>\n\n\n\n<p class=\"has-text-align-justify\">Sim! Essa \u00e9 a resposta para essa pergunta que est\u00e1 ecoando no seu pensamento. Vamos ter um tema de reda\u00e7\u00e3o PCDF todos os dias? Pra muita gente pode parecer loucura, mas, para a gente, n\u00e3o \u00e9! <\/p>\n\n\n\n<p class=\"has-text-align-justify\">Meu nome \u00e9 <strong>Janaina Arruda<\/strong> e sou professora de<strong> L\u00edngua Portuguesa<\/strong> e <strong>Reda\u00e7\u00e3o<\/strong> no <strong>Estrat\u00e9gia Concursos<\/strong>. Fazer um tema por dia j\u00e1 \u00e9 o esperado pelos alunos, pois fiz essa maratona com temas para a Pol\u00edcia federal e para a Pol\u00edcia Rodovi\u00e1ria Federal. <\/p>\n\n\n\n<p class=\"has-text-align-justify\">A sua prepara\u00e7\u00e3o \u00e9 muito importante e sabemos que um dos maiores medos nos certames est\u00e1 relacionado \u00e0 escrita da reda\u00e7\u00e3o. Por essa raz\u00e3o, um tema por dia vai tirar esse medo do seu cora\u00e7\u00e3o e vai permitir que voc\u00ea pense, reflita e escreva sobre os diferentes eixos tem\u00e1ticos que podem ser abordados da reda\u00e7\u00e3o PCDF. <\/p>\n\n\n\n<p class=\"has-text-align-justify\">A banca Cespe disponibilizou no edital publicado nessa quinta-feira (05\/12\/19) os pontos que podem ser cobrados na prova discursiva, s\u00e3o eles:   <\/p>\n\n\n\n<ul class=\"wp-block-list\"><li> <strong>seguran\u00e7a<\/strong>  <\/li><li><strong> transportes<\/strong><\/li><li><strong> pol\u00edtica<\/strong><\/li><li><strong>economia<\/strong><\/li><li><strong>sociedade<\/strong><\/li><li><strong>educa\u00e7\u00e3o<\/strong><\/li><li><strong>sa\u00fade<\/strong><\/li><li><strong>cultura<\/strong><\/li><li><strong>tecnologia<\/strong><\/li><li><strong>energia<\/strong><\/li><li><strong>rela\u00e7\u00f5es internacionais<\/strong><\/li><li><strong>desenvolvimento sustent\u00e1vel e ecologia<\/strong><\/li><li><strong>suas inter-rela\u00e7\u00f5es e suas vincula\u00e7\u00f5es hist\u00f3ricas<\/strong> (temas propostos) <\/li><\/ul>\n\n\n\n<p><\/p>\n\n\n\n<ul class=\"wp-block-list\"><li>Vamos separar em 12 eixos tem\u00e1ticos, o que nos dar\u00e1 uma m\u00e9dia de 8 a 9 temas por eixo, seguindo a ideia de que todos esses assuntos estejam relacionados \u00e0 atualidade. <\/li><\/ul>\n\n\n\n<p class=\"has-text-align-justify\">Essa indica\u00e7\u00e3o para a reda\u00e7\u00e3o PCDF foi uma surpresa para muita gente que apostava em temas fechados, ainda mais seguindo o perfil da banca para as provas de escriv\u00e3o de Pol\u00edcia Civil nos \u00faltimos anos. <\/p>\n\n\n\n<p class=\"has-text-align-justify\">Houve tamb\u00e9m que acreditou que a reda\u00e7\u00e3o PCDF sofreria mudan\u00e7as e que n\u00e3o seria mais cobrado o texto de praxe em 30 linhas, mas que seriam t\u00f3picos separados em pequenas estruturas de 10 linhas para cada t\u00f3pico no m\u00e1ximo.<\/p>\n\n\n\n<p class=\"has-text-align-justify\">Quem apostou na mudan\u00e7a ficou muito surpreso com a publica\u00e7\u00e3o do edital e a indica\u00e7\u00e3o de tem\u00e1tica envolvendo atualidades para esse certame, afinal, temas desse tipo s\u00e3o mais comuns para as provas de agente. <\/p>\n\n\n\n<p class=\"has-text-align-justify\">A postagem dos temas ser\u00e1 feita no meu<strong><em> Instagram<\/em><\/strong> (<strong><em>@profa.janaina.arruda<\/em><\/strong>) e algumas delas tamb\u00e9m ser\u00e3o disponibilizadas aqui no blog. Por isso, acompanhe as publica\u00e7\u00f5es, fique de olho nos temas e prepare-se para que a sua reda\u00e7\u00e3o PCDF seja uma nota m\u00e1xima! <\/p>\n\n\n\n<p>Abra\u00e7os,<\/p>\n\n\n\n<p>Janaina Arruda (@profa.janaina.arruda)<\/p>\n","protected":false},"excerpt":{"rendered":"<p>Tema de Reda\u00e7\u00e3o PCDF todos os dias at\u00e9 a data da prova!!! Sim! Essa \u00e9 a resposta para essa pergunta que est\u00e1 ecoando no seu pensamento. Vamos ter um tema de reda\u00e7\u00e3o PCDF todos os dias? Pra muita gente pode parecer loucura, mas, para a gente, n\u00e3o \u00e9! Meu nome \u00e9 Janaina Arruda e sou [&hellip;]<\/p>\n","protected":false},"author":1430,"featured_media":0,"comment_status":"open","ping_status":"closed","sticky":false,"template":"","format":"standard","meta":{"post_tipo":"article","footnotes":""},"categories":[1],"tags":[],"tax_estado":[],"class_list":["post-456420","post","type-post","status-publish","format-standard","hentry","category-cursos-e-concursos"],"acf":[],"yoast_head":"<!-- This site is optimized with the Yoast SEO Premium plugin v27.2 (Yoast SEO v27.2) - https:\/\/yoast.com\/product\/yoast-seo-premium-wordpress\/ -->\n<title>Edital PCDF: Tema de reda\u00e7\u00e3o para a prova de escriv\u00e3o Um tema de reda\u00e7\u00e3o PCDF por dia at\u00e9 a data da prova!<\/title>\n<meta name=\"description\" content=\"At\u00e9 a data da prova, teremos um tema de reda\u00e7\u00e3o PCDF por dia dos diferentes eixos tem\u00e1ticos que envolvem atualidades para esse certame da banca Cespe.\" \/>\n<meta name=\"robots\" content=\"index, follow, max-snippet:-1, max-image-preview:large, max-video-preview:-1\" \/>\n<link rel=\"canonical\" href=\"https:\/\/www.estrategiaconcursos.com.br\/blog\/edital-pcdf-tema-de-redacao-para-a-prova-de-escrivao\/\" \/>\n<meta property=\"og:locale\" content=\"pt_BR\" \/>\n<meta property=\"og:type\" content=\"article\" \/>\n<meta property=\"og:title\" content=\"Edital PCDF: Tema de reda\u00e7\u00e3o para a prova de escriv\u00e3o\" \/>\n<meta property=\"og:description\" content=\"At\u00e9 a data da prova, teremos um tema de reda\u00e7\u00e3o PCDF por dia dos diferentes eixos tem\u00e1ticos que envolvem atualidades para esse certame da banca Cespe.\" \/>\n<meta property=\"og:url\" content=\"https:\/\/www.estrategiaconcursos.com.br\/blog\/edital-pcdf-tema-de-redacao-para-a-prova-de-escrivao\/\" \/>\n<meta property=\"og:site_name\" content=\"Estrat\u00e9gia Concursos\" \/>\n<meta property=\"article:published_time\" content=\"2019-12-06T03:46:10+00:00\" \/>\n<meta property=\"article:modified_time\" content=\"2020-05-06T16:57:42+00:00\" \/>\n<meta name=\"author\" content=\"Janaina Arruda\" \/>\n<meta name=\"twitter:card\" content=\"summary_large_image\" \/>\n<meta name=\"twitter:creator\" content=\"@EstratConcursos\" \/>\n<meta name=\"twitter:site\" content=\"@EstratConcursos\" \/>\n<meta name=\"twitter:label1\" content=\"Escrito por\" \/>\n\t<meta name=\"twitter:data1\" content=\"Janaina Arruda\" \/>\n\t<meta name=\"twitter:label2\" content=\"Est. tempo de leitura\" \/>\n\t<meta name=\"twitter:data2\" content=\"2 minutos\" \/>\n<script type=\"application\/ld+json\" class=\"yoast-schema-graph\">{\"@context\":\"https:\/\/schema.org\",\"@graph\":[{\"@type\":\"NewsArticle\",\"@id\":\"https:\/\/www.estrategiaconcursos.com.br\/blog\/edital-pcdf-tema-de-redacao-para-a-prova-de-escrivao\/#article\",\"isPartOf\":{\"@id\":\"https:\/\/www.estrategiaconcursos.com.br\/blog\/edital-pcdf-tema-de-redacao-para-a-prova-de-escrivao\/\"},\"author\":{\"name\":\"Janaina Arruda\",\"@id\":\"https:\/\/www.estrategiaconcursos.com.br\/blog\/#\/schema\/person\/f2fb305e65e771b216148107c0d96d68\"},\"headline\":\"Edital PCDF: Tema de reda\u00e7\u00e3o para a prova de escriv\u00e3o\",\"datePublished\":\"2019-12-06T03:46:10+00:00\",\"dateModified\":\"2020-05-06T16:57:42+00:00\",\"mainEntityOfPage\":{\"@id\":\"https:\/\/www.estrategiaconcursos.com.br\/blog\/edital-pcdf-tema-de-redacao-para-a-prova-de-escrivao\/\"},\"wordCount\":428,\"commentCount\":8,\"publisher\":{\"@id\":\"https:\/\/www.estrategiaconcursos.com.br\/blog\/#organization\"},\"articleSection\":[\"Concursos P\u00fablicos\"],\"inLanguage\":\"pt-BR\",\"potentialAction\":[{\"@type\":\"CommentAction\",\"name\":\"Comment\",\"target\":[\"https:\/\/www.estrategiaconcursos.com.br\/blog\/edital-pcdf-tema-de-redacao-para-a-prova-de-escrivao\/#respond\"]}],\"copyrightYear\":\"2019\",\"copyrightHolder\":{\"@id\":\"https:\/\/www.estrategiaconcursos.com.br\/blog\/#organization\"}},{\"@type\":\"WebPage\",\"@id\":\"https:\/\/www.estrategiaconcursos.com.br\/blog\/edital-pcdf-tema-de-redacao-para-a-prova-de-escrivao\/\",\"url\":\"https:\/\/www.estrategiaconcursos.com.br\/blog\/edital-pcdf-tema-de-redacao-para-a-prova-de-escrivao\/\",\"name\":\"Edital PCDF: Tema de reda\u00e7\u00e3o para a prova de escriv\u00e3o Um tema de reda\u00e7\u00e3o PCDF por dia at\u00e9 a data da prova!\",\"isPartOf\":{\"@id\":\"https:\/\/www.estrategiaconcursos.com.br\/blog\/#website\"},\"datePublished\":\"2019-12-06T03:46:10+00:00\",\"dateModified\":\"2020-05-06T16:57:42+00:00\",\"description\":\"At\u00e9 a data da prova, teremos um tema de reda\u00e7\u00e3o PCDF por dia dos diferentes eixos tem\u00e1ticos que envolvem atualidades para esse certame da banca Cespe.\",\"breadcrumb\":{\"@id\":\"https:\/\/www.estrategiaconcursos.com.br\/blog\/edital-pcdf-tema-de-redacao-para-a-prova-de-escrivao\/#breadcrumb\"},\"inLanguage\":\"pt-BR\",\"potentialAction\":[{\"@type\":\"ReadAction\",\"target\":[\"https:\/\/www.estrategiaconcursos.com.br\/blog\/edital-pcdf-tema-de-redacao-para-a-prova-de-escrivao\/\"]}]},{\"@type\":\"BreadcrumbList\",\"@id\":\"https:\/\/www.estrategiaconcursos.com.br\/blog\/edital-pcdf-tema-de-redacao-para-a-prova-de-escrivao\/#breadcrumb\",\"itemListElement\":[{\"@type\":\"ListItem\",\"position\":1,\"name\":\"In\u00edcio\",\"item\":\"https:\/\/www.estrategiaconcursos.com.br\/blog\/\"},{\"@type\":\"ListItem\",\"position\":2,\"name\":\"Edital PCDF: Tema de reda\u00e7\u00e3o para a prova de escriv\u00e3o\"}]},{\"@type\":\"WebSite\",\"@id\":\"https:\/\/www.estrategiaconcursos.com.br\/blog\/#website\",\"url\":\"https:\/\/www.estrategiaconcursos.com.br\/blog\/\",\"name\":\"Estrat\u00e9gia Concursos\",\"description\":\"O blog da Estrat\u00e9gia Concursos traz not\u00edcias sobre concursos e artigos de professores oferecendo cursos para concursos (pdf + videaulas) no site.\",\"publisher\":{\"@id\":\"https:\/\/www.estrategiaconcursos.com.br\/blog\/#organization\"},\"potentialAction\":[{\"@type\":\"SearchAction\",\"target\":{\"@type\":\"EntryPoint\",\"urlTemplate\":\"https:\/\/www.estrategiaconcursos.com.br\/blog\/?s={search_term_string}\"},\"query-input\":{\"@type\":\"PropertyValueSpecification\",\"valueRequired\":true,\"valueName\":\"search_term_string\"}}],\"inLanguage\":\"pt-BR\"},{\"@type\":\"Organization\",\"@id\":\"https:\/\/www.estrategiaconcursos.com.br\/blog\/#organization\",\"name\":\"Estrat\u00e9gia Concursos\",\"url\":\"https:\/\/www.estrategiaconcursos.com.br\/blog\/\",\"logo\":{\"@type\":\"ImageObject\",\"inLanguage\":\"pt-BR\",\"@id\":\"https:\/\/www.estrategiaconcursos.com.br\/blog\/#\/schema\/logo\/image\/\",\"url\":\"https:\/\/dhg1h5j42swfq.cloudfront.net\/2025\/06\/03203428\/logo_concursos-1.jpg\",\"contentUrl\":\"https:\/\/dhg1h5j42swfq.cloudfront.net\/2025\/06\/03203428\/logo_concursos-1.jpg\",\"width\":230,\"height\":60,\"caption\":\"Estrat\u00e9gia Concursos\"},\"image\":{\"@id\":\"https:\/\/www.estrategiaconcursos.com.br\/blog\/#\/schema\/logo\/image\/\"},\"sameAs\":[\"https:\/\/x.com\/EstratConcursos\"]},{\"@type\":\"Person\",\"@id\":\"https:\/\/www.estrategiaconcursos.com.br\/blog\/#\/schema\/person\/f2fb305e65e771b216148107c0d96d68\",\"name\":\"Janaina Arruda\",\"image\":{\"@type\":\"ImageObject\",\"inLanguage\":\"pt-BR\",\"@id\":\"https:\/\/secure.gravatar.com\/avatar\/9377d341617569b19a8eb58b32e54c10304cac645ab0cef38c66bfa34f77bdc6?s=96&d=mm&r=g\",\"url\":\"https:\/\/secure.gravatar.com\/avatar\/9377d341617569b19a8eb58b32e54c10304cac645ab0cef38c66bfa34f77bdc6?s=96&d=mm&r=g\",\"contentUrl\":\"https:\/\/secure.gravatar.com\/avatar\/9377d341617569b19a8eb58b32e54c10304cac645ab0cef38c66bfa34f77bdc6?s=96&d=mm&r=g\",\"caption\":\"Janaina Arruda\"},\"url\":\"https:\/\/www.estrategiaconcursos.com.br\/blog\/author\/arruda-janhotmail-com\/\"}]}<\/script>\n<!-- \/ Yoast SEO Premium plugin. -->","yoast_head_json":{"title":"Edital PCDF: Tema de reda\u00e7\u00e3o para a prova de escriv\u00e3o Um tema de reda\u00e7\u00e3o PCDF por dia at\u00e9 a data da prova!","description":"At\u00e9 a data da prova, teremos um tema de reda\u00e7\u00e3o PCDF por dia dos diferentes eixos tem\u00e1ticos que envolvem atualidades para esse certame da banca Cespe.","robots":{"index":"index","follow":"follow","max-snippet":"max-snippet:-1","max-image-preview":"max-image-preview:large","max-video-preview":"max-video-preview:-1"},"canonical":"https:\/\/www.estrategiaconcursos.com.br\/blog\/edital-pcdf-tema-de-redacao-para-a-prova-de-escrivao\/","og_locale":"pt_BR","og_type":"article","og_title":"Edital PCDF: Tema de reda\u00e7\u00e3o para a prova de escriv\u00e3o","og_description":"At\u00e9 a data da prova, teremos um tema de reda\u00e7\u00e3o PCDF por dia dos diferentes eixos tem\u00e1ticos que envolvem atualidades para esse certame da banca Cespe.","og_url":"https:\/\/www.estrategiaconcursos.com.br\/blog\/edital-pcdf-tema-de-redacao-para-a-prova-de-escrivao\/","og_site_name":"Estrat\u00e9gia Concursos","article_published_time":"2019-12-06T03:46:10+00:00","article_modified_time":"2020-05-06T16:57:42+00:00","author":"Janaina Arruda","twitter_card":"summary_large_image","twitter_creator":"@EstratConcursos","twitter_site":"@EstratConcursos","twitter_misc":{"Escrito por":"Janaina Arruda","Est. tempo de leitura":"2 minutos"},"schema":{"@context":"https:\/\/schema.org","@graph":[{"@type":"NewsArticle","@id":"https:\/\/www.estrategiaconcursos.com.br\/blog\/edital-pcdf-tema-de-redacao-para-a-prova-de-escrivao\/#article","isPartOf":{"@id":"https:\/\/www.estrategiaconcursos.com.br\/blog\/edital-pcdf-tema-de-redacao-para-a-prova-de-escrivao\/"},"author":{"name":"Janaina Arruda","@id":"https:\/\/www.estrategiaconcursos.com.br\/blog\/#\/schema\/person\/f2fb305e65e771b216148107c0d96d68"},"headline":"Edital PCDF: Tema de reda\u00e7\u00e3o para a prova de escriv\u00e3o","datePublished":"2019-12-06T03:46:10+00:00","dateModified":"2020-05-06T16:57:42+00:00","mainEntityOfPage":{"@id":"https:\/\/www.estrategiaconcursos.com.br\/blog\/edital-pcdf-tema-de-redacao-para-a-prova-de-escrivao\/"},"wordCount":428,"commentCount":8,"publisher":{"@id":"https:\/\/www.estrategiaconcursos.com.br\/blog\/#organization"},"articleSection":["Concursos P\u00fablicos"],"inLanguage":"pt-BR","potentialAction":[{"@type":"CommentAction","name":"Comment","target":["https:\/\/www.estrategiaconcursos.com.br\/blog\/edital-pcdf-tema-de-redacao-para-a-prova-de-escrivao\/#respond"]}],"copyrightYear":"2019","copyrightHolder":{"@id":"https:\/\/www.estrategiaconcursos.com.br\/blog\/#organization"}},{"@type":"WebPage","@id":"https:\/\/www.estrategiaconcursos.com.br\/blog\/edital-pcdf-tema-de-redacao-para-a-prova-de-escrivao\/","url":"https:\/\/www.estrategiaconcursos.com.br\/blog\/edital-pcdf-tema-de-redacao-para-a-prova-de-escrivao\/","name":"Edital PCDF: Tema de reda\u00e7\u00e3o para a prova de escriv\u00e3o Um tema de reda\u00e7\u00e3o PCDF por dia at\u00e9 a data da prova!","isPartOf":{"@id":"https:\/\/www.estrategiaconcursos.com.br\/blog\/#website"},"datePublished":"2019-12-06T03:46:10+00:00","dateModified":"2020-05-06T16:57:42+00:00","description":"At\u00e9 a data da prova, teremos um tema de reda\u00e7\u00e3o PCDF por dia dos diferentes eixos tem\u00e1ticos que envolvem atualidades para esse certame da banca Cespe.","breadcrumb":{"@id":"https:\/\/www.estrategiaconcursos.com.br\/blog\/edital-pcdf-tema-de-redacao-para-a-prova-de-escrivao\/#breadcrumb"},"inLanguage":"pt-BR","potentialAction":[{"@type":"ReadAction","target":["https:\/\/www.estrategiaconcursos.com.br\/blog\/edital-pcdf-tema-de-redacao-para-a-prova-de-escrivao\/"]}]},{"@type":"BreadcrumbList","@id":"https:\/\/www.estrategiaconcursos.com.br\/blog\/edital-pcdf-tema-de-redacao-para-a-prova-de-escrivao\/#breadcrumb","itemListElement":[{"@type":"ListItem","position":1,"name":"In\u00edcio","item":"https:\/\/www.estrategiaconcursos.com.br\/blog\/"},{"@type":"ListItem","position":2,"name":"Edital PCDF: Tema de reda\u00e7\u00e3o para a prova de escriv\u00e3o"}]},{"@type":"WebSite","@id":"https:\/\/www.estrategiaconcursos.com.br\/blog\/#website","url":"https:\/\/www.estrategiaconcursos.com.br\/blog\/","name":"Estrat\u00e9gia Concursos","description":"O blog da Estrat\u00e9gia Concursos traz not\u00edcias sobre concursos e artigos de professores oferecendo cursos para concursos (pdf + videaulas) no site.","publisher":{"@id":"https:\/\/www.estrategiaconcursos.com.br\/blog\/#organization"},"potentialAction":[{"@type":"SearchAction","target":{"@type":"EntryPoint","urlTemplate":"https:\/\/www.estrategiaconcursos.com.br\/blog\/?s={search_term_string}"},"query-input":{"@type":"PropertyValueSpecification","valueRequired":true,"valueName":"search_term_string"}}],"inLanguage":"pt-BR"},{"@type":"Organization","@id":"https:\/\/www.estrategiaconcursos.com.br\/blog\/#organization","name":"Estrat\u00e9gia Concursos","url":"https:\/\/www.estrategiaconcursos.com.br\/blog\/","logo":{"@type":"ImageObject","inLanguage":"pt-BR","@id":"https:\/\/www.estrategiaconcursos.com.br\/blog\/#\/schema\/logo\/image\/","url":"https:\/\/dhg1h5j42swfq.cloudfront.net\/2025\/06\/03203428\/logo_concursos-1.jpg","contentUrl":"https:\/\/dhg1h5j42swfq.cloudfront.net\/2025\/06\/03203428\/logo_concursos-1.jpg","width":230,"height":60,"caption":"Estrat\u00e9gia Concursos"},"image":{"@id":"https:\/\/www.estrategiaconcursos.com.br\/blog\/#\/schema\/logo\/image\/"},"sameAs":["https:\/\/x.com\/EstratConcursos"]},{"@type":"Person","@id":"https:\/\/www.estrategiaconcursos.com.br\/blog\/#\/schema\/person\/f2fb305e65e771b216148107c0d96d68","name":"Janaina Arruda","image":{"@type":"ImageObject","inLanguage":"pt-BR","@id":"https:\/\/secure.gravatar.com\/avatar\/9377d341617569b19a8eb58b32e54c10304cac645ab0cef38c66bfa34f77bdc6?s=96&d=mm&r=g","url":"https:\/\/secure.gravatar.com\/avatar\/9377d341617569b19a8eb58b32e54c10304cac645ab0cef38c66bfa34f77bdc6?s=96&d=mm&r=g","contentUrl":"https:\/\/secure.gravatar.com\/avatar\/9377d341617569b19a8eb58b32e54c10304cac645ab0cef38c66bfa34f77bdc6?s=96&d=mm&r=g","caption":"Janaina Arruda"},"url":"https:\/\/www.estrategiaconcursos.com.br\/blog\/author\/arruda-janhotmail-com\/"}]}},"_links":{"self":[{"href":"https:\/\/www.estrategiaconcursos.com.br\/blog\/wp-json\/wp\/v2\/posts\/456420","targetHints":{"allow":["GET"]}}],"collection":[{"href":"https:\/\/www.estrategiaconcursos.com.br\/blog\/wp-json\/wp\/v2\/posts"}],"about":[{"href":"https:\/\/www.estrategiaconcursos.com.br\/blog\/wp-json\/wp\/v2\/types\/post"}],"author":[{"embeddable":true,"href":"https:\/\/www.estrategiaconcursos.com.br\/blog\/wp-json\/wp\/v2\/users\/1430"}],"replies":[{"embeddable":true,"href":"https:\/\/www.estrategiaconcursos.com.br\/blog\/wp-json\/wp\/v2\/comments?post=456420"}],"version-history":[{"count":7,"href":"https:\/\/www.estrategiaconcursos.com.br\/blog\/wp-json\/wp\/v2\/posts\/456420\/revisions"}],"predecessor-version":[{"id":511234,"href":"https:\/\/www.estrategiaconcursos.com.br\/blog\/wp-json\/wp\/v2\/posts\/456420\/revisions\/511234"}],"wp:attachment":[{"href":"https:\/\/www.estrategiaconcursos.com.br\/blog\/wp-json\/wp\/v2\/media?parent=456420"}],"wp:term":[{"taxonomy":"category","embeddable":true,"href":"https:\/\/www.estrategiaconcursos.com.br\/blog\/wp-json\/wp\/v2\/categories?post=456420"},{"taxonomy":"post_tag","embeddable":true,"href":"https:\/\/www.estrategiaconcursos.com.br\/blog\/wp-json\/wp\/v2\/tags?post=456420"},{"taxonomy":"tax_estado","embeddable":true,"href":"https:\/\/www.estrategiaconcursos.com.br\/blog\/wp-json\/wp\/v2\/tax_estado?post=456420"}],"curies":[{"name":"wp","href":"https:\/\/api.w.org\/{rel}","templated":true}]}}