{"id":456414,"date":"2019-12-05T22:46:16","date_gmt":"2019-12-06T01:46:16","guid":{"rendered":"https:\/\/www.estrategiaconcursos.com.br\/blog\/?p=456414"},"modified":"2019-12-05T22:46:20","modified_gmt":"2019-12-06T01:46:20","slug":"redacao-pcdf-analise-do-edital-tendencias-da-banca-e-book-temas-cebraspe-da-area-policial-nos-ultimos-10-anos","status":"publish","type":"post","link":"https:\/\/www.estrategiaconcursos.com.br\/blog\/redacao-pcdf-analise-do-edital-tendencias-da-banca-e-book-temas-cebraspe-da-area-policial-nos-ultimos-10-anos\/","title":{"rendered":"Reda\u00e7\u00e3o PCDF: an\u00e1lise do edital + tend\u00eancias da banca + E-book (temas Cebraspe da \u00e1rea policial nos \u00faltimos 10 anos)."},"content":{"rendered":"\n<p>Ol\u00e1, pessoal.\nTudo bem?<\/p>\n\n\n\n<p>Meu nome \u00e9 <strong>Marcio Damasceno<\/strong>, sou professor dos <strong>Cursos de Discursivas<\/strong> do Estrat\u00e9gia\nConcursos. Atualmente, ocupo o cargo de Analista da carreira de Especialista do\nBanco Central do Brasil.<\/p>\n\n\n\n<p>Como voc\u00ea j\u00e1\nsabe, saiu o t\u00e3o aguardado edital. Vamos fazer uma an\u00e1lise no que se refere \u00e0\nprova discursiva, parte essencial para sua aprova\u00e7\u00e3o.<\/p>\n\n\n\n<p>No item 11.1 o\nedital prev\u00ea: &#8220;<em>a prova discursiva valer\u00e1 <strong>30,00 pontos<\/strong> e\nconsistir\u00e1 da <strong>reda\u00e7\u00e3o de texto dissertativo<\/strong>, de at\u00e9 30 linhas, a\nrespeito de temas da atualidade<\/em>. &#8220;<\/p>\n\n\n\n<p>Primeiro ponto:\ncomo a parte objetiva vale 120 pontos, 20% da sua nota sair\u00e1 da prova discursiva\n(30\/150). Assim, n\u00e3o resta nenhuma d\u00favida sobre a import\u00e2ncia que voc\u00ea se saia\nbem na reda\u00e7\u00e3o. Ser\u00e1, sem d\u00favidas, requisito fundamental para a sua prova\u00e7\u00e3o.<\/p>\n\n\n\n<p>Sua reda\u00e7\u00e3o\ndeve ter, no m\u00e1ximo, 30 linhas. O que passar disso, ser\u00e1 ignorado pela sua\nbanca.<\/p>\n\n\n\n<p>Ser\u00e1 um texto\ndissertativo e provavelmente <strong>argumentativo<\/strong>. Dessa forma, voc\u00ea dever\u00e1 se\nposicionar acerca do tema apresentado por meio da sua tese. Contudo, \u00e9 poss\u00edvel\nque algum dos t\u00f3picos questionadores (sua banca costuma apresent\u00e1-los em n\u00famero\nde tr\u00eas) tenha natureza expositiva (exemplo: conceituar determinado instituto).\nIsso \u00e9 relativamente comum na Cebraspe.<\/p>\n\n\n\n<p>Segundo ponto:\nser\u00e1 uma <strong>REDA\u00c7\u00c3O<\/strong> de texto dissertativo, sobre <strong>atualidades<\/strong>. Dessa\nforma, n\u00e3o obstante as &#8220;idas e vindas&#8221; da fase pr\u00e9-edital, voc\u00ea ter\u00e1\nque fazer uma <strong>reda\u00e7\u00e3o<\/strong>, a qual versar\u00e1 sobre os seguintes temas: &#8220;<em>t\u00f3picos\nrelevantes e atuais de diversas \u00e1reas, tais como seguran\u00e7a, transportes,\npol\u00edtica, economia, sociedade, educa\u00e7\u00e3o, sa\u00fade, cultura, tecnologia, energia,\nrela\u00e7\u00f5es internacionais, desenvolvimento sustent\u00e1vel e ecologia, suas\ninter-rela\u00e7\u00f5es e suas vincula\u00e7\u00f5es hist\u00f3ricas<\/em>.<\/p>\n\n\n\n<p>Da\u00ed se pode\nconcluir que qualquer assunto, espec\u00edfico ou gen\u00e9rico, sobre qualquer tema da\natualidade (nacional ou internacional) pode ser cobrado de voc\u00ea. Isso refor\u00e7a a\nnecessidade de uma prepara\u00e7\u00e3o hol\u00edstica, observando-se os diversos segmentos\ntem\u00e1ticos (exemplos: pol\u00edtica, educa\u00e7\u00e3o, meio ambiente). Saiba, contudo, que o\nhist\u00f3rico da banca indica ser mais prov\u00e1vel a cobran\u00e7a de temas ligados \u00e0 \u00e1rea do\ncargo, no caso, seguran\u00e7a p\u00fablica (veremos isso, em detalhes, mais adiante). <\/p>\n\n\n\n<p>Prosseguindo: &#8220;<em>11.2\nA prova discursiva ser\u00e1 avaliada e pontuada segundo os crit\u00e9rios estabelecidos\nno subitem 11.7 deste edital. [&#8230;]<\/em><em><\/em><\/p>\n\n\n\n<p><em>11.7.3 A prova\ndiscursiva avaliar\u00e1 o conte\u00fado (conhecimento do tema) a capacidade de express\u00e3o\nna modalidade escrita e o uso das normas do registro formal culto da L\u00edngua\nPortuguesa. O candidato dever\u00e1 produzir, conforme o comando formulado pela\nbanca examinadora, texto dissertativo, primando pela coer\u00eancia e pela coes\u00e3o. <\/em><em><\/em><\/p>\n\n\n\n<p><em>11.7.3.1 A\nprova discursiva de cada candidato ser\u00e1 submetida a duas avalia\u00e7\u00f5es: uma avalia\u00e7\u00e3o\nde conte\u00fado e uma avalia\u00e7\u00e3o do dom\u00ednio da modalidade escrita da L\u00edngua\nPortuguesa.<\/em>&#8220;<\/p>\n\n\n\n<p>Diante disso,\nobserva-se que voc\u00ea ser\u00e1 avaliado quanto ao conte\u00fado, estrutura e\nmicroestrutura (grafia, morfossintaxe e propriedade vocabular). Sendo a sua\nbanca a Cebraspe, posso afirmar que a maioria esmagadora da sua nota ser\u00e1\nproveniente da parte de conte\u00fado. Isso refor\u00e7a a necessidade de voc\u00ea aprimorar\na sua capacidade critico-reflexiva sobre os problemas e fatos da sociedade, sobre\nas rela\u00e7\u00f5es interpessoais na contemporaneidade, com a profundidade necess\u00e1ria\npara ir al\u00e9m do senso comum, daquilo que as pessoas, em geral, repetem sem\nnenhuma reflex\u00e3o ou pesquisa sobre o assunto (t\u00e3o comum nos dias atuais).<\/p>\n\n\n\n<p>Trata-se de\nbanca extremamente conteudista, provavelmente a mais, e que tem como regra\nreservar 95% da pontua\u00e7\u00e3o para conte\u00fado e 5% para apresenta\u00e7\u00e3o (engloba a estrutura,\nparagrafa\u00e7\u00e3o e translinea\u00e7\u00e3o). Esse somat\u00f3rio, os 100%, constituir\u00e1 30,00\npontos, chamado pelo edital como nota de conte\u00fado (NC), referentes \u00e0: &#8220;<em>apresenta\u00e7\u00e3o\ne a estrutura textuais e o desenvolvimento do tema <\/em>&#8220;.<\/p>\n\n\n\n<p>A parte de\nmicroestrutura \u00e9 descontada \u00e0 parte, por meio da f\u00f3rmula <strong>NPD = NC &#8211; 6 \u00d7\nNE \u00f7 TLi<\/strong>, onde:<\/p>\n\n\n\n<ul class=\"wp-block-list\"><li>NPD: nota na prova\ndiscursiva;<\/li><li>NE: n\u00famero de erros;<\/li><li>TL: total de linhas.<\/li><\/ul>\n\n\n\n<p>Assim, quanto\nmaior o n\u00famero de linhas, menor o valor de cada erro. Se voc\u00ea domina bem o\nidioma, ent\u00e3o \u00e9 vantagem escrever algo pr\u00f3ximo das 30 linhas.<\/p>\n\n\n\n<p>Um <strong>ponto\nimportante<\/strong>: para ser a<strong>provado na prova discursiva, o candidato deve obter\nNPD \u2265 18,00 pontos<\/strong>. Dessa maneira, j\u00e1 descontados os erros de\nmicroestrutura, seu aproveitamento deve ser maior ou igual a 60%.<\/p>\n\n\n\n<p>Outras\nobserva\u00e7\u00f5es:<\/p>\n\n\n\n<ul class=\"wp-block-list\"><li>A prova objetiva e a prova\ndiscursiva ter\u00e3o a dura\u00e7\u00e3o de 4 horas e 30 minutos. FUNDAMENTAL: &nbsp;simule exatamente as mesmas condi\u00e7\u00f5es de prova\n(&#8220;treinamento dif\u00edcil, combate f\u00e1cil&#8221;).<\/li><li>Nunca \u00e9 demais lembrar: o\ntexto definitivo da prova discursiva dever\u00e1 ser manuscrito, em letra leg\u00edvel,\ncom caneta esferogr\u00e1fica de tinta <strong>PRETA<\/strong> fabricada em material\ntransparente. Pessoal, caneta azul, azul caneta, n\u00e3o pode!<\/li><li>Aten\u00e7\u00e3o: &#8221; <em>a <strong>folha\nde texto definitivo da prova discursiva<\/strong> <strong>n\u00e3o poder\u00e1 ser assinada,\nrubricada ou conter, em outro local que n\u00e3o o apropriado, qualquer palavra ou\nmarca que identifique o candidato<\/strong>, sob pena de <strong>anula\u00e7\u00e3o da prova\ndiscursiva<\/strong>. Assim, a detec\u00e7\u00e3o de qualquer marca identificadora no\nespa\u00e7o destinado \u00e0 transcri\u00e7\u00e3o do texto definitivo acarretar\u00e1 a anula\u00e7\u00e3o da\nprova discursiva<\/em>&#8220;.<\/li><\/ul>\n\n\n\n<p>Vamos agora\nolhar para o passado e ver o que aconteceu em concursos anteriores do\nCespe\/Cebraspe. O tema, exatamente da forma como foi cobrado, n\u00e3o ir\u00e1 se\nrepetir, contudo essa an\u00e1lise pode nos revelar qual a \u00e1rea mais explorada pela\nbanca na \u00e1rea policial.<\/p>\n\n\n\n<p>Vejam a seguinte\ntabela, montada com base no que foi cobrado em provas de reda\u00e7\u00e3o do Cespe\/Cebraspe\nnos \u00faltimos 10 anos:<\/p>\n\n\n\n<figure class=\"wp-block-image\"><img loading=\"lazy\" decoding=\"async\" width=\"973\" height=\"433\" src=\"https:\/\/dhg1h5j42swfq.cloudfront.net\/2019\/12\/05224456\/tabela.png\" alt=\"\" class=\"wp-image-456415\" srcset=\"https:\/\/dhg1h5j42swfq.cloudfront.net\/2019\/12\/05224456\/tabela.png 973w, https:\/\/dhg1h5j42swfq.cloudfront.net\/2019\/12\/05224456\/tabela.png 300w, https:\/\/dhg1h5j42swfq.cloudfront.net\/2019\/12\/05224456\/tabela.png 768w, https:\/\/dhg1h5j42swfq.cloudfront.net\/2019\/12\/05224456\/tabela.png 610w\" sizes=\"auto, (max-width: 973px) 100vw, 973px\" \/><\/figure>\n\n\n\n<p>Dessa tabela,\nobserva-se a predomin\u00e2ncia de temas ligados \u00e0 seguran\u00e7a p\u00fablica (viol\u00eancia,\ncombate \u00e0s drogas, entre outros) e ao papel desempenhado pelas diversas\npol\u00edcias. Portanto, olhe com carinho esses temas.<\/p>\n\n\n\n<p>O nosso curso\nseguir\u00e1 essa orienta\u00e7\u00e3o, propondo temas cl\u00e1ssicos da \u00e1rea de seguran\u00e7a p\u00fablica,\nbem como os assuntos do momento, ligados a atualidades. <\/p>\n\n\n\n<p>Por falar nisso,\nele foi concebido a v\u00e1rias m\u00e3os. Contar\u00e1 com a minha presen\u00e7a, a do professor\nCarlos Roberto, a das professoras Jana\u00edna Arruda e Rafaela Freitas (corre\u00e7\u00e3o).\nMaiores detalhes poder\u00e3o ser encontrados na aula inicial dos nossos cursos. <\/p>\n\n\n\n<p>Por fim, caso\ntenham interesse em conhecer&nbsp;os temas de discursivas do CESPE nos \u00faltimos\n10 anos&nbsp;aplicados na&nbsp;\u00c1rea Policial, disponibilizamos-lhes um&nbsp;E-BOOK&nbsp;especial\nque contribuir\u00e1 com a prepara\u00e7\u00e3o de voc\u00eas. Baixe o eBook&nbsp;<a href=\"https:\/\/www.estrategiaconcursos.com.br\/gratis\/cespe-area-policial\/\">AQUI<\/a>.<\/p>\n\n\n\n<p>Ser\u00e1 um prazer\nt\u00ea-los como alunos nesta trajet\u00f3ria rumo ao sonhado cargo de escriv\u00e3o da PC-DF.\nEsperamos voc\u00eas l\u00e1! Grande abra\u00e7o!<\/p>\n\n\n\n<p>Marcio Damasceno.<\/p>\n\n\n\n<p>IG:\nprofmarciodamasceno.<\/p>\n","protected":false},"excerpt":{"rendered":"<p>Ol\u00e1, pessoal. Tudo bem? Meu nome \u00e9 Marcio Damasceno, sou professor dos Cursos de Discursivas do Estrat\u00e9gia Concursos. Atualmente, ocupo o cargo de Analista da carreira de Especialista do Banco Central do Brasil. Como voc\u00ea j\u00e1 sabe, saiu o t\u00e3o aguardado edital. Vamos fazer uma an\u00e1lise no que se refere \u00e0 prova discursiva, parte essencial [&hellip;]<\/p>\n","protected":false},"author":611,"featured_media":0,"comment_status":"open","ping_status":"closed","sticky":false,"template":"","format":"standard","meta":{"post_tipo":"article","footnotes":""},"categories":[1],"tags":[],"tax_estado":[],"class_list":["post-456414","post","type-post","status-publish","format-standard","hentry","category-cursos-e-concursos"],"acf":[],"yoast_head":"<!-- This site is optimized with the Yoast SEO Premium plugin v27.2 (Yoast SEO v27.2) - https:\/\/yoast.com\/product\/yoast-seo-premium-wordpress\/ -->\n<title>Reda\u00e7\u00e3o PCDF: an\u00e1lise do edital + tend\u00eancias da banca + E-book (temas Cebraspe da \u00e1rea policial nos \u00faltimos 10 anos).<\/title>\n<meta name=\"robots\" content=\"index, follow, max-snippet:-1, max-image-preview:large, max-video-preview:-1\" \/>\n<link rel=\"canonical\" href=\"https:\/\/www.estrategiaconcursos.com.br\/blog\/redacao-pcdf-analise-do-edital-tendencias-da-banca-e-book-temas-cebraspe-da-area-policial-nos-ultimos-10-anos\/\" \/>\n<meta property=\"og:locale\" content=\"pt_BR\" \/>\n<meta property=\"og:type\" content=\"article\" \/>\n<meta property=\"og:title\" content=\"Reda\u00e7\u00e3o PCDF: an\u00e1lise do edital + tend\u00eancias da banca + E-book (temas Cebraspe da \u00e1rea policial nos \u00faltimos 10 anos).\" \/>\n<meta property=\"og:description\" content=\"Ol\u00e1, pessoal. Tudo bem? Meu nome \u00e9 Marcio Damasceno, sou professor dos Cursos de Discursivas do Estrat\u00e9gia Concursos. Atualmente, ocupo o cargo de Analista da carreira de Especialista do Banco Central do Brasil. Como voc\u00ea j\u00e1 sabe, saiu o t\u00e3o aguardado edital. Vamos fazer uma an\u00e1lise no que se refere \u00e0 prova discursiva, parte essencial [&hellip;]\" \/>\n<meta property=\"og:url\" content=\"https:\/\/www.estrategiaconcursos.com.br\/blog\/redacao-pcdf-analise-do-edital-tendencias-da-banca-e-book-temas-cebraspe-da-area-policial-nos-ultimos-10-anos\/\" \/>\n<meta property=\"og:site_name\" content=\"Estrat\u00e9gia Concursos\" \/>\n<meta property=\"article:published_time\" content=\"2019-12-06T01:46:16+00:00\" \/>\n<meta property=\"article:modified_time\" content=\"2019-12-06T01:46:20+00:00\" \/>\n<meta property=\"og:image\" content=\"https:\/\/www.estrategiaconcursos.com.br\/blog\/wp-content\/uploads\/2019\/12\/tabela.png\" \/>\n<meta name=\"author\" content=\"Marcio Damasceno\" \/>\n<meta name=\"twitter:card\" content=\"summary_large_image\" \/>\n<meta name=\"twitter:creator\" content=\"@EstratConcursos\" \/>\n<meta name=\"twitter:site\" content=\"@EstratConcursos\" \/>\n<meta name=\"twitter:label1\" content=\"Escrito por\" \/>\n\t<meta name=\"twitter:data1\" content=\"Marcio Damasceno\" \/>\n\t<meta name=\"twitter:label2\" content=\"Est. tempo de leitura\" \/>\n\t<meta name=\"twitter:data2\" content=\"6 minutos\" \/>\n<script type=\"application\/ld+json\" class=\"yoast-schema-graph\">{\"@context\":\"https:\/\/schema.org\",\"@graph\":[{\"@type\":\"NewsArticle\",\"@id\":\"https:\/\/www.estrategiaconcursos.com.br\/blog\/redacao-pcdf-analise-do-edital-tendencias-da-banca-e-book-temas-cebraspe-da-area-policial-nos-ultimos-10-anos\/#article\",\"isPartOf\":{\"@id\":\"https:\/\/www.estrategiaconcursos.com.br\/blog\/redacao-pcdf-analise-do-edital-tendencias-da-banca-e-book-temas-cebraspe-da-area-policial-nos-ultimos-10-anos\/\"},\"author\":{\"name\":\"Marcio Damasceno\",\"@id\":\"https:\/\/www.estrategiaconcursos.com.br\/blog\/#\/schema\/person\/93fb122910b3b72b3ba17b9d67315bef\"},\"headline\":\"Reda\u00e7\u00e3o PCDF: an\u00e1lise do edital + tend\u00eancias da banca + E-book (temas Cebraspe da \u00e1rea policial nos \u00faltimos 10 anos).\",\"datePublished\":\"2019-12-06T01:46:16+00:00\",\"dateModified\":\"2019-12-06T01:46:20+00:00\",\"mainEntityOfPage\":{\"@id\":\"https:\/\/www.estrategiaconcursos.com.br\/blog\/redacao-pcdf-analise-do-edital-tendencias-da-banca-e-book-temas-cebraspe-da-area-policial-nos-ultimos-10-anos\/\"},\"wordCount\":1122,\"commentCount\":6,\"publisher\":{\"@id\":\"https:\/\/www.estrategiaconcursos.com.br\/blog\/#organization\"},\"image\":{\"@id\":\"https:\/\/www.estrategiaconcursos.com.br\/blog\/redacao-pcdf-analise-do-edital-tendencias-da-banca-e-book-temas-cebraspe-da-area-policial-nos-ultimos-10-anos\/#primaryimage\"},\"thumbnailUrl\":\"https:\/\/www.estrategiaconcursos.com.br\/blog\/wp-content\/uploads\/2019\/12\/tabela.png\",\"articleSection\":[\"Concursos P\u00fablicos\"],\"inLanguage\":\"pt-BR\",\"potentialAction\":[{\"@type\":\"CommentAction\",\"name\":\"Comment\",\"target\":[\"https:\/\/www.estrategiaconcursos.com.br\/blog\/redacao-pcdf-analise-do-edital-tendencias-da-banca-e-book-temas-cebraspe-da-area-policial-nos-ultimos-10-anos\/#respond\"]}],\"copyrightYear\":\"2019\",\"copyrightHolder\":{\"@id\":\"https:\/\/www.estrategiaconcursos.com.br\/blog\/#organization\"}},{\"@type\":\"WebPage\",\"@id\":\"https:\/\/www.estrategiaconcursos.com.br\/blog\/redacao-pcdf-analise-do-edital-tendencias-da-banca-e-book-temas-cebraspe-da-area-policial-nos-ultimos-10-anos\/\",\"url\":\"https:\/\/www.estrategiaconcursos.com.br\/blog\/redacao-pcdf-analise-do-edital-tendencias-da-banca-e-book-temas-cebraspe-da-area-policial-nos-ultimos-10-anos\/\",\"name\":\"Reda\u00e7\u00e3o PCDF: an\u00e1lise do edital + tend\u00eancias da banca + E-book (temas Cebraspe da \u00e1rea policial nos \u00faltimos 10 anos).\",\"isPartOf\":{\"@id\":\"https:\/\/www.estrategiaconcursos.com.br\/blog\/#website\"},\"primaryImageOfPage\":{\"@id\":\"https:\/\/www.estrategiaconcursos.com.br\/blog\/redacao-pcdf-analise-do-edital-tendencias-da-banca-e-book-temas-cebraspe-da-area-policial-nos-ultimos-10-anos\/#primaryimage\"},\"image\":{\"@id\":\"https:\/\/www.estrategiaconcursos.com.br\/blog\/redacao-pcdf-analise-do-edital-tendencias-da-banca-e-book-temas-cebraspe-da-area-policial-nos-ultimos-10-anos\/#primaryimage\"},\"thumbnailUrl\":\"https:\/\/www.estrategiaconcursos.com.br\/blog\/wp-content\/uploads\/2019\/12\/tabela.png\",\"datePublished\":\"2019-12-06T01:46:16+00:00\",\"dateModified\":\"2019-12-06T01:46:20+00:00\",\"breadcrumb\":{\"@id\":\"https:\/\/www.estrategiaconcursos.com.br\/blog\/redacao-pcdf-analise-do-edital-tendencias-da-banca-e-book-temas-cebraspe-da-area-policial-nos-ultimos-10-anos\/#breadcrumb\"},\"inLanguage\":\"pt-BR\",\"potentialAction\":[{\"@type\":\"ReadAction\",\"target\":[\"https:\/\/www.estrategiaconcursos.com.br\/blog\/redacao-pcdf-analise-do-edital-tendencias-da-banca-e-book-temas-cebraspe-da-area-policial-nos-ultimos-10-anos\/\"]}]},{\"@type\":\"ImageObject\",\"inLanguage\":\"pt-BR\",\"@id\":\"https:\/\/www.estrategiaconcursos.com.br\/blog\/redacao-pcdf-analise-do-edital-tendencias-da-banca-e-book-temas-cebraspe-da-area-policial-nos-ultimos-10-anos\/#primaryimage\",\"url\":\"https:\/\/dhg1h5j42swfq.cloudfront.net\/2019\/12\/05224456\/tabela.png\",\"contentUrl\":\"https:\/\/dhg1h5j42swfq.cloudfront.net\/2019\/12\/05224456\/tabela.png\",\"width\":973,\"height\":433},{\"@type\":\"BreadcrumbList\",\"@id\":\"https:\/\/www.estrategiaconcursos.com.br\/blog\/redacao-pcdf-analise-do-edital-tendencias-da-banca-e-book-temas-cebraspe-da-area-policial-nos-ultimos-10-anos\/#breadcrumb\",\"itemListElement\":[{\"@type\":\"ListItem\",\"position\":1,\"name\":\"In\u00edcio\",\"item\":\"https:\/\/www.estrategiaconcursos.com.br\/blog\/\"},{\"@type\":\"ListItem\",\"position\":2,\"name\":\"Reda\u00e7\u00e3o PCDF: an\u00e1lise do edital + tend\u00eancias da banca + E-book (temas Cebraspe da \u00e1rea policial nos \u00faltimos 10 anos).\"}]},{\"@type\":\"WebSite\",\"@id\":\"https:\/\/www.estrategiaconcursos.com.br\/blog\/#website\",\"url\":\"https:\/\/www.estrategiaconcursos.com.br\/blog\/\",\"name\":\"Estrat\u00e9gia Concursos\",\"description\":\"O blog da Estrat\u00e9gia Concursos traz not\u00edcias sobre concursos e artigos de professores oferecendo cursos para concursos (pdf + videaulas) no site.\",\"publisher\":{\"@id\":\"https:\/\/www.estrategiaconcursos.com.br\/blog\/#organization\"},\"potentialAction\":[{\"@type\":\"SearchAction\",\"target\":{\"@type\":\"EntryPoint\",\"urlTemplate\":\"https:\/\/www.estrategiaconcursos.com.br\/blog\/?s={search_term_string}\"},\"query-input\":{\"@type\":\"PropertyValueSpecification\",\"valueRequired\":true,\"valueName\":\"search_term_string\"}}],\"inLanguage\":\"pt-BR\"},{\"@type\":\"Organization\",\"@id\":\"https:\/\/www.estrategiaconcursos.com.br\/blog\/#organization\",\"name\":\"Estrat\u00e9gia Concursos\",\"url\":\"https:\/\/www.estrategiaconcursos.com.br\/blog\/\",\"logo\":{\"@type\":\"ImageObject\",\"inLanguage\":\"pt-BR\",\"@id\":\"https:\/\/www.estrategiaconcursos.com.br\/blog\/#\/schema\/logo\/image\/\",\"url\":\"https:\/\/dhg1h5j42swfq.cloudfront.net\/2025\/06\/03203428\/logo_concursos-1.jpg\",\"contentUrl\":\"https:\/\/dhg1h5j42swfq.cloudfront.net\/2025\/06\/03203428\/logo_concursos-1.jpg\",\"width\":230,\"height\":60,\"caption\":\"Estrat\u00e9gia Concursos\"},\"image\":{\"@id\":\"https:\/\/www.estrategiaconcursos.com.br\/blog\/#\/schema\/logo\/image\/\"},\"sameAs\":[\"https:\/\/x.com\/EstratConcursos\"]},{\"@type\":\"Person\",\"@id\":\"https:\/\/www.estrategiaconcursos.com.br\/blog\/#\/schema\/person\/93fb122910b3b72b3ba17b9d67315bef\",\"name\":\"Marcio Damasceno\",\"image\":{\"@type\":\"ImageObject\",\"inLanguage\":\"pt-BR\",\"@id\":\"https:\/\/secure.gravatar.com\/avatar\/239ef2e5a61ef0a51d0076c851c83d2b59ad4685169911ccb9f9bf306edf074e?s=96&d=mm&r=g\",\"url\":\"https:\/\/secure.gravatar.com\/avatar\/239ef2e5a61ef0a51d0076c851c83d2b59ad4685169911ccb9f9bf306edf074e?s=96&d=mm&r=g\",\"contentUrl\":\"https:\/\/secure.gravatar.com\/avatar\/239ef2e5a61ef0a51d0076c851c83d2b59ad4685169911ccb9f9bf306edf074e?s=96&d=mm&r=g\",\"caption\":\"Marcio Damasceno\"},\"url\":\"https:\/\/www.estrategiaconcursos.com.br\/blog\/author\/marciodamascenoestrategiaconcursos-com-br\/\"}]}<\/script>\n<!-- \/ Yoast SEO Premium plugin. -->","yoast_head_json":{"title":"Reda\u00e7\u00e3o PCDF: an\u00e1lise do edital + tend\u00eancias da banca + E-book (temas Cebraspe da \u00e1rea policial nos \u00faltimos 10 anos).","robots":{"index":"index","follow":"follow","max-snippet":"max-snippet:-1","max-image-preview":"max-image-preview:large","max-video-preview":"max-video-preview:-1"},"canonical":"https:\/\/www.estrategiaconcursos.com.br\/blog\/redacao-pcdf-analise-do-edital-tendencias-da-banca-e-book-temas-cebraspe-da-area-policial-nos-ultimos-10-anos\/","og_locale":"pt_BR","og_type":"article","og_title":"Reda\u00e7\u00e3o PCDF: an\u00e1lise do edital + tend\u00eancias da banca + E-book (temas Cebraspe da \u00e1rea policial nos \u00faltimos 10 anos).","og_description":"Ol\u00e1, pessoal. Tudo bem? Meu nome \u00e9 Marcio Damasceno, sou professor dos Cursos de Discursivas do Estrat\u00e9gia Concursos. Atualmente, ocupo o cargo de Analista da carreira de Especialista do Banco Central do Brasil. Como voc\u00ea j\u00e1 sabe, saiu o t\u00e3o aguardado edital. Vamos fazer uma an\u00e1lise no que se refere \u00e0 prova discursiva, parte essencial [&hellip;]","og_url":"https:\/\/www.estrategiaconcursos.com.br\/blog\/redacao-pcdf-analise-do-edital-tendencias-da-banca-e-book-temas-cebraspe-da-area-policial-nos-ultimos-10-anos\/","og_site_name":"Estrat\u00e9gia Concursos","article_published_time":"2019-12-06T01:46:16+00:00","article_modified_time":"2019-12-06T01:46:20+00:00","og_image":[{"url":"https:\/\/www.estrategiaconcursos.com.br\/blog\/wp-content\/uploads\/2019\/12\/tabela.png","type":"","width":"","height":""}],"author":"Marcio Damasceno","twitter_card":"summary_large_image","twitter_creator":"@EstratConcursos","twitter_site":"@EstratConcursos","twitter_misc":{"Escrito por":"Marcio Damasceno","Est. tempo de leitura":"6 minutos"},"schema":{"@context":"https:\/\/schema.org","@graph":[{"@type":"NewsArticle","@id":"https:\/\/www.estrategiaconcursos.com.br\/blog\/redacao-pcdf-analise-do-edital-tendencias-da-banca-e-book-temas-cebraspe-da-area-policial-nos-ultimos-10-anos\/#article","isPartOf":{"@id":"https:\/\/www.estrategiaconcursos.com.br\/blog\/redacao-pcdf-analise-do-edital-tendencias-da-banca-e-book-temas-cebraspe-da-area-policial-nos-ultimos-10-anos\/"},"author":{"name":"Marcio Damasceno","@id":"https:\/\/www.estrategiaconcursos.com.br\/blog\/#\/schema\/person\/93fb122910b3b72b3ba17b9d67315bef"},"headline":"Reda\u00e7\u00e3o PCDF: an\u00e1lise do edital + tend\u00eancias da banca + E-book (temas Cebraspe da \u00e1rea policial nos \u00faltimos 10 anos).","datePublished":"2019-12-06T01:46:16+00:00","dateModified":"2019-12-06T01:46:20+00:00","mainEntityOfPage":{"@id":"https:\/\/www.estrategiaconcursos.com.br\/blog\/redacao-pcdf-analise-do-edital-tendencias-da-banca-e-book-temas-cebraspe-da-area-policial-nos-ultimos-10-anos\/"},"wordCount":1122,"commentCount":6,"publisher":{"@id":"https:\/\/www.estrategiaconcursos.com.br\/blog\/#organization"},"image":{"@id":"https:\/\/www.estrategiaconcursos.com.br\/blog\/redacao-pcdf-analise-do-edital-tendencias-da-banca-e-book-temas-cebraspe-da-area-policial-nos-ultimos-10-anos\/#primaryimage"},"thumbnailUrl":"https:\/\/www.estrategiaconcursos.com.br\/blog\/wp-content\/uploads\/2019\/12\/tabela.png","articleSection":["Concursos P\u00fablicos"],"inLanguage":"pt-BR","potentialAction":[{"@type":"CommentAction","name":"Comment","target":["https:\/\/www.estrategiaconcursos.com.br\/blog\/redacao-pcdf-analise-do-edital-tendencias-da-banca-e-book-temas-cebraspe-da-area-policial-nos-ultimos-10-anos\/#respond"]}],"copyrightYear":"2019","copyrightHolder":{"@id":"https:\/\/www.estrategiaconcursos.com.br\/blog\/#organization"}},{"@type":"WebPage","@id":"https:\/\/www.estrategiaconcursos.com.br\/blog\/redacao-pcdf-analise-do-edital-tendencias-da-banca-e-book-temas-cebraspe-da-area-policial-nos-ultimos-10-anos\/","url":"https:\/\/www.estrategiaconcursos.com.br\/blog\/redacao-pcdf-analise-do-edital-tendencias-da-banca-e-book-temas-cebraspe-da-area-policial-nos-ultimos-10-anos\/","name":"Reda\u00e7\u00e3o PCDF: an\u00e1lise do edital + tend\u00eancias da banca + E-book (temas Cebraspe da \u00e1rea policial nos \u00faltimos 10 anos).","isPartOf":{"@id":"https:\/\/www.estrategiaconcursos.com.br\/blog\/#website"},"primaryImageOfPage":{"@id":"https:\/\/www.estrategiaconcursos.com.br\/blog\/redacao-pcdf-analise-do-edital-tendencias-da-banca-e-book-temas-cebraspe-da-area-policial-nos-ultimos-10-anos\/#primaryimage"},"image":{"@id":"https:\/\/www.estrategiaconcursos.com.br\/blog\/redacao-pcdf-analise-do-edital-tendencias-da-banca-e-book-temas-cebraspe-da-area-policial-nos-ultimos-10-anos\/#primaryimage"},"thumbnailUrl":"https:\/\/www.estrategiaconcursos.com.br\/blog\/wp-content\/uploads\/2019\/12\/tabela.png","datePublished":"2019-12-06T01:46:16+00:00","dateModified":"2019-12-06T01:46:20+00:00","breadcrumb":{"@id":"https:\/\/www.estrategiaconcursos.com.br\/blog\/redacao-pcdf-analise-do-edital-tendencias-da-banca-e-book-temas-cebraspe-da-area-policial-nos-ultimos-10-anos\/#breadcrumb"},"inLanguage":"pt-BR","potentialAction":[{"@type":"ReadAction","target":["https:\/\/www.estrategiaconcursos.com.br\/blog\/redacao-pcdf-analise-do-edital-tendencias-da-banca-e-book-temas-cebraspe-da-area-policial-nos-ultimos-10-anos\/"]}]},{"@type":"ImageObject","inLanguage":"pt-BR","@id":"https:\/\/www.estrategiaconcursos.com.br\/blog\/redacao-pcdf-analise-do-edital-tendencias-da-banca-e-book-temas-cebraspe-da-area-policial-nos-ultimos-10-anos\/#primaryimage","url":"https:\/\/dhg1h5j42swfq.cloudfront.net\/2019\/12\/05224456\/tabela.png","contentUrl":"https:\/\/dhg1h5j42swfq.cloudfront.net\/2019\/12\/05224456\/tabela.png","width":973,"height":433},{"@type":"BreadcrumbList","@id":"https:\/\/www.estrategiaconcursos.com.br\/blog\/redacao-pcdf-analise-do-edital-tendencias-da-banca-e-book-temas-cebraspe-da-area-policial-nos-ultimos-10-anos\/#breadcrumb","itemListElement":[{"@type":"ListItem","position":1,"name":"In\u00edcio","item":"https:\/\/www.estrategiaconcursos.com.br\/blog\/"},{"@type":"ListItem","position":2,"name":"Reda\u00e7\u00e3o PCDF: an\u00e1lise do edital + tend\u00eancias da banca + E-book (temas Cebraspe da \u00e1rea policial nos \u00faltimos 10 anos)."}]},{"@type":"WebSite","@id":"https:\/\/www.estrategiaconcursos.com.br\/blog\/#website","url":"https:\/\/www.estrategiaconcursos.com.br\/blog\/","name":"Estrat\u00e9gia Concursos","description":"O blog da Estrat\u00e9gia Concursos traz not\u00edcias sobre concursos e artigos de professores oferecendo cursos para concursos (pdf + videaulas) no site.","publisher":{"@id":"https:\/\/www.estrategiaconcursos.com.br\/blog\/#organization"},"potentialAction":[{"@type":"SearchAction","target":{"@type":"EntryPoint","urlTemplate":"https:\/\/www.estrategiaconcursos.com.br\/blog\/?s={search_term_string}"},"query-input":{"@type":"PropertyValueSpecification","valueRequired":true,"valueName":"search_term_string"}}],"inLanguage":"pt-BR"},{"@type":"Organization","@id":"https:\/\/www.estrategiaconcursos.com.br\/blog\/#organization","name":"Estrat\u00e9gia Concursos","url":"https:\/\/www.estrategiaconcursos.com.br\/blog\/","logo":{"@type":"ImageObject","inLanguage":"pt-BR","@id":"https:\/\/www.estrategiaconcursos.com.br\/blog\/#\/schema\/logo\/image\/","url":"https:\/\/dhg1h5j42swfq.cloudfront.net\/2025\/06\/03203428\/logo_concursos-1.jpg","contentUrl":"https:\/\/dhg1h5j42swfq.cloudfront.net\/2025\/06\/03203428\/logo_concursos-1.jpg","width":230,"height":60,"caption":"Estrat\u00e9gia Concursos"},"image":{"@id":"https:\/\/www.estrategiaconcursos.com.br\/blog\/#\/schema\/logo\/image\/"},"sameAs":["https:\/\/x.com\/EstratConcursos"]},{"@type":"Person","@id":"https:\/\/www.estrategiaconcursos.com.br\/blog\/#\/schema\/person\/93fb122910b3b72b3ba17b9d67315bef","name":"Marcio Damasceno","image":{"@type":"ImageObject","inLanguage":"pt-BR","@id":"https:\/\/secure.gravatar.com\/avatar\/239ef2e5a61ef0a51d0076c851c83d2b59ad4685169911ccb9f9bf306edf074e?s=96&d=mm&r=g","url":"https:\/\/secure.gravatar.com\/avatar\/239ef2e5a61ef0a51d0076c851c83d2b59ad4685169911ccb9f9bf306edf074e?s=96&d=mm&r=g","contentUrl":"https:\/\/secure.gravatar.com\/avatar\/239ef2e5a61ef0a51d0076c851c83d2b59ad4685169911ccb9f9bf306edf074e?s=96&d=mm&r=g","caption":"Marcio Damasceno"},"url":"https:\/\/www.estrategiaconcursos.com.br\/blog\/author\/marciodamascenoestrategiaconcursos-com-br\/"}]}},"_links":{"self":[{"href":"https:\/\/www.estrategiaconcursos.com.br\/blog\/wp-json\/wp\/v2\/posts\/456414","targetHints":{"allow":["GET"]}}],"collection":[{"href":"https:\/\/www.estrategiaconcursos.com.br\/blog\/wp-json\/wp\/v2\/posts"}],"about":[{"href":"https:\/\/www.estrategiaconcursos.com.br\/blog\/wp-json\/wp\/v2\/types\/post"}],"author":[{"embeddable":true,"href":"https:\/\/www.estrategiaconcursos.com.br\/blog\/wp-json\/wp\/v2\/users\/611"}],"replies":[{"embeddable":true,"href":"https:\/\/www.estrategiaconcursos.com.br\/blog\/wp-json\/wp\/v2\/comments?post=456414"}],"version-history":[{"count":1,"href":"https:\/\/www.estrategiaconcursos.com.br\/blog\/wp-json\/wp\/v2\/posts\/456414\/revisions"}],"predecessor-version":[{"id":456416,"href":"https:\/\/www.estrategiaconcursos.com.br\/blog\/wp-json\/wp\/v2\/posts\/456414\/revisions\/456416"}],"wp:attachment":[{"href":"https:\/\/www.estrategiaconcursos.com.br\/blog\/wp-json\/wp\/v2\/media?parent=456414"}],"wp:term":[{"taxonomy":"category","embeddable":true,"href":"https:\/\/www.estrategiaconcursos.com.br\/blog\/wp-json\/wp\/v2\/categories?post=456414"},{"taxonomy":"post_tag","embeddable":true,"href":"https:\/\/www.estrategiaconcursos.com.br\/blog\/wp-json\/wp\/v2\/tags?post=456414"},{"taxonomy":"tax_estado","embeddable":true,"href":"https:\/\/www.estrategiaconcursos.com.br\/blog\/wp-json\/wp\/v2\/tax_estado?post=456414"}],"curies":[{"name":"wp","href":"https:\/\/api.w.org\/{rel}","templated":true}]}}