{"id":456376,"date":"2019-12-07T06:30:49","date_gmt":"2019-12-07T09:30:49","guid":{"rendered":"https:\/\/www.estrategiaconcursos.com.br\/blog\/?p=456376"},"modified":"2023-06-12T16:23:43","modified_gmt":"2023-06-12T19:23:43","slug":"aulao-guarda-municipal-de-marica","status":"publish","type":"post","link":"https:\/\/www.estrategiaconcursos.com.br\/blog\/aulao-guarda-municipal-de-marica\/","title":{"rendered":"Saiba como se preparar para o concurso Guarda Municipal de Maric\u00e1"},"content":{"rendered":"\n<p>O concurso para Guarda Municipal de Maric\u00e1 (RJ) teve suas inscri\u00e7\u00f5es encerradas! Ent\u00e3o, \u00e9 hora de revisar todo o conte\u00fado e ficar ainda mais preparado para o certame. Vamos l\u00e1?<br \/><br \/>Lembrando que s\u00e3o <strong>200 vagas<\/strong>&nbsp;para in\u00edcio imediato, sendo 150 para ampla concorr\u00eancia e 50 reservadas para cotas, com vencimentos iniciais de <strong>R$ 1.749,38<\/strong>.<\/p>\n\n\n\n<p>As etapas do certame s\u00e3o compostas por Prova Objetiva, Prova de Aptid\u00e3o F\u00edsica e Exame Psicot\u00e9cnico e M\u00e9dico.<\/p>\n\n\n\n<h4 class=\"wp-block-heading\" id=\"h-prova-objetiva\">Prova Objetiva  <\/h4>\n\n\n\n<p>A prova objetiva, marcada para o dia <strong>08 de dezembro<\/strong>, ser\u00e1 de car\u00e1ter eliminat\u00f3rio e classificat\u00f3rio, com quest\u00f5es de m\u00faltipla escolha, contendo 5 op\u00e7\u00f5es de respostas, com somente uma correta. <\/p>\n\n\n\n<h4 class=\"wp-block-heading\" id=\"h-prova-de-aptidao-fisica\">Prova de Aptid\u00e3o F\u00edsica<\/h4>\n\n\n\n<p>A Prova de Aptid\u00e3o F\u00edsica, de car\u00e1ter eliminat\u00f3rio, avalia se o candidato est\u00e1 apto para suportar as exig\u00eancias do cargo. Lembrando que apenas os candidatos aprovados na Prova Objetiva participam desta etapa. <\/p>\n\n\n\n<p>Constitu\u00edda de quatro testes f\u00edsicos, a Prova de Aptid\u00e3o F\u00edsica ser\u00e1 realizada de <strong>7 a 13 de janeiro de 2020<\/strong>. <\/p>\n\n\n\n<h4 class=\"wp-block-heading\" id=\"h-exame-psicotecnico-e-medico\">Exame Psicot\u00e9cnico e M\u00e9dico<\/h4>\n\n\n\n<p>Os candidatos considerados aprovados na Prova de Aptid\u00e3o F\u00edsica ser\u00e3o convocados para a realiza\u00e7\u00e3o dos Exames Psicot\u00e9cnico e M\u00e9dico, etapa de car\u00e1ter eliminat\u00f3rio. <br \/><br \/>A convoca\u00e7\u00e3o ser\u00e1 divulgada por meio de Nota Oficial, no dia <strong>30 de janeiro de 2020<\/strong>.<\/p>\n\n\n\n<p>E voc\u00ea, j\u00e1 est\u00e1 preparado para a etapa de provas do concurso da <strong>Guarda Municipal de Maric\u00e1 (RJ)<\/strong>? Neste <strong>s\u00e1bado<\/strong>, <strong>07 de dezembro<\/strong>, entre<strong> 08h e 17h<\/strong>, acontecer\u00e1 a Revis\u00e3o de V\u00e9spera, uma \u00f3tima oportunidade para que voc\u00ea possa sanar suas d\u00favidas, receber dicas e ficar por dentro de tudo o que pode ser cobrado no certame. <\/p>\n\n\n\n<p>Confira abaixo a programa\u00e7\u00e3o especial que a equipe de professores do Estrat\u00e9gia Concursos preparou para voc\u00ea:<\/p>\n\n\n\n<figure class=\"wp-block-table aligncenter is-style-stripes\"><table class=\"has-subtle-pale-blue-background-color has-background\"><tbody><tr><td><strong>Hor\u00e1rio<\/strong><\/td><td><strong>Mat\u00e9ria<\/strong><\/td><td><strong>Professor(a)<\/strong><\/td><\/tr><tr><td>08:00 \u00e0s 09:00<\/td><td>Portugu\u00eas<\/td><td>Jana\u00edna Arruda<\/td><\/tr><tr><td>09:00 \u00e0s 09:50 <\/td><td>Racioc\u00ednio L\u00f3gico<\/td><td>Brunno Lima<\/td><\/tr><tr><td> 09:50 \u00e0s 10:40 <\/td><td>Direito Constitucional<\/td><td>Diego Cerqueira<\/td><\/tr><tr><td> 10:40 \u00e0s 11:10 <\/td><td>ECA (Estatuto do Idoso e da Pessoa com Defici\u00eancia)<\/td><td>Ricardo Torques<\/td><\/tr><tr><td> 11:10 \u00e0s 12:00 <\/td><td>Direito Administrativo<\/td><td>Fabiano Pereira<\/td><\/tr><tr><td> 13:00 \u00e0s 14:00 <\/td><td>Direito Penal<\/td><td>Renan Ara\u00fajo<\/td><\/tr><tr><td> 14:00 \u00e0s 14:50 <\/td><td>Direito Processual Penal<\/td><td>Priscila Silveira<\/td><\/tr><tr><td> 14:50 \u00e0s 15:40 <\/td><td>Direitos Humanos<\/td><td>Ricardo Torques<\/td><\/tr><tr><td> 15:40 \u00e0s 16:30 <\/td><td>Legisla\u00e7\u00e3o Penal<\/td><td>Marcos Gir\u00e3o<\/td><\/tr><tr><td> 16:30 \u00e0s 17:20 <\/td><td>C\u00f3digo de Tr\u00e2nsito<\/td><td> Marcos Gir\u00e3o <\/td><\/tr><tr><td> 17:20 \u00e0s 18:00 <\/td><td>Estatudo dos Servidores<\/td><td>Paulo Guimar\u00e3es<\/td><\/tr><tr><td> 18:00 \u00e0s 19:00 <\/td><td>Inform\u00e1tica<\/td><td>Renato da Costa<\/td><\/tr><\/tbody><\/table><\/figure>\n\n\n\n<p>J\u00e1 conhece todos os detalhes do concurso da Guarda Municipal de Maric\u00e1 (RJ)? Fique por dentro de tudo, acessando o link abaixo: <\/p>\n\n\n\n<p class=\"has-text-align-center has-very-light-gray-background-color has-background\" style=\"font-size:clamp(14.642px, 0.915rem + ((1vw - 3.2px) * 0.721), 22px);px\"><strong><a href=\"https:\/\/www.estrategiaconcursos.com.br\/blog\/concurso-guarda-municipal-marica\/\" target=\"_blank\" rel=\"noreferrer noopener\" aria-label=\"Saiba mais: Guarda Municipal de Maric\u00e1 (RJ) (abre numa nova aba)\">Saiba mais: Guarda Municipal de Maric\u00e1 (RJ)<\/a><\/strong><\/p>\n\n\n\n<h2 class=\"wp-block-heading\" id=\"h-quer-estudar-para-o-concurso-da-guarda-municipal-de-marica-rj\">Quer estudar para o concurso da Guarda Municipal de Maric\u00e1 (RJ)?<\/h2>\n\n\n\n<p><em>Curtiu esta oportunidade e deseja come\u00e7ar a se preparar agora mesmo? Ent\u00e3o, confira os nossos cursos e comece a estudar:<\/em><\/p>\n\n\n\n<p class=\"has-text-align-center has-light-green-cyan-background-color has-background\"><a href=\"https:\/\/www.estrategiaconcursos.com.br\/cursos\/\"><strong>Cursos Estrat\u00e9gia Concursos<\/strong><\/a><\/p>\n\n\n\n<p class=\"has-text-align-center\"><strong><em>Fique por dentro dos concursos vigentes<\/em><\/strong><\/p>\n\n\n\n<p class=\"has-text-align-center has-pale-cyan-blue-background-color has-background\"><a rel=\"noreferrer noopener\" href=\"https:\/\/www.estrategiaconcursos.com.br\/blog\/concursos-abertos\/\" target=\"_blank\"><strong>CONCURSOS ABERTOS<\/strong><\/a><\/p>\n\n\n\n<p class=\"has-text-align-center has-pale-cyan-blue-background-color has-background\"><a rel=\"noreferrer noopener\" href=\"https:\/\/www.estrategiaconcursos.com.br\/blog\/concursos-2019\/\" target=\"_blank\"><strong>CONCURSOS 2019<\/strong><\/a><\/p>\n\n\n\n<p class=\"has-text-align-center has-pale-cyan-blue-background-color has-background\"><a rel=\"noreferrer noopener\" href=\"https:\/\/www.estrategiaconcursos.com.br\/blog\/concursos-2020\/\" target=\"_blank\"><strong>CONCURSOS&nbsp;2020<\/strong><\/a><\/p>\n","protected":false},"excerpt":{"rendered":"<p>O concurso para Guarda Municipal de Maric\u00e1 (RJ) teve suas inscri\u00e7\u00f5es encerradas! Ent\u00e3o, \u00e9 hora de revisar todo o conte\u00fado e ficar ainda mais preparado para o certame. Vamos l\u00e1? Lembrando que s\u00e3o 200 vagas&nbsp;para in\u00edcio imediato, sendo 150 para ampla concorr\u00eancia e 50 reservadas para cotas, com vencimentos iniciais de R$ 1.749,38. As etapas [&hellip;]<\/p>\n","protected":false},"author":214,"featured_media":436600,"comment_status":"open","ping_status":"closed","sticky":false,"template":"","format":"standard","meta":{"post_tipo":"article","footnotes":""},"categories":[1],"tags":[],"tax_estado":[],"class_list":["post-456376","post","type-post","status-publish","format-standard","has-post-thumbnail","hentry","category-cursos-e-concursos"],"acf":[],"yoast_head":"<!-- This site is optimized with the Yoast SEO Premium plugin v27.2 (Yoast SEO v27.2) - https:\/\/yoast.com\/product\/yoast-seo-premium-wordpress\/ -->\n<title>Saiba como se preparar para o concurso Guarda Municipal de Maric\u00e1<\/title>\n<meta name=\"description\" content=\"Conhe\u00e7am todos os detalhes do concurso, veja as etapas e estejam prontos para as provas da Guarda Municipal de Maric\u00e1 (RJ)!\" \/>\n<meta name=\"robots\" content=\"index, follow, max-snippet:-1, max-image-preview:large, max-video-preview:-1\" \/>\n<link rel=\"canonical\" href=\"https:\/\/www.estrategiaconcursos.com.br\/blog\/aulao-guarda-municipal-de-marica\/\" \/>\n<meta property=\"og:locale\" content=\"pt_BR\" \/>\n<meta property=\"og:type\" content=\"article\" \/>\n<meta property=\"og:title\" content=\"Saiba como se preparar para o concurso Guarda Municipal de Maric\u00e1\" \/>\n<meta property=\"og:description\" content=\"Conhe\u00e7am todos os detalhes do concurso, veja as etapas e estejam prontos para as provas da Guarda Municipal de Maric\u00e1 (RJ)!\" \/>\n<meta property=\"og:url\" content=\"https:\/\/www.estrategiaconcursos.com.br\/blog\/aulao-guarda-municipal-de-marica\/\" \/>\n<meta property=\"og:site_name\" content=\"Estrat\u00e9gia Concursos\" \/>\n<meta property=\"article:published_time\" content=\"2019-12-07T09:30:49+00:00\" \/>\n<meta property=\"article:modified_time\" content=\"2023-06-12T19:23:43+00:00\" \/>\n<meta property=\"og:image\" content=\"https:\/\/dhg1h5j42swfq.cloudfront.net\/2019\/10\/18144117\/GUARDA-DE-MARICA-RJ.jpg\" \/>\n\t<meta property=\"og:image:width\" content=\"1200\" \/>\n\t<meta property=\"og:image:height\" content=\"628\" \/>\n\t<meta property=\"og:image:type\" content=\"image\/jpeg\" \/>\n<meta name=\"author\" content=\"D\u00e9cio Terror Filho\" \/>\n<meta name=\"twitter:card\" content=\"summary_large_image\" \/>\n<meta name=\"twitter:creator\" content=\"@EstratConcursos\" \/>\n<meta name=\"twitter:site\" content=\"@EstratConcursos\" \/>\n<meta name=\"twitter:label1\" content=\"Escrito por\" \/>\n\t<meta name=\"twitter:data1\" content=\"D\u00e9cio Terror Filho\" \/>\n\t<meta name=\"twitter:label2\" content=\"Est. tempo de leitura\" \/>\n\t<meta name=\"twitter:data2\" content=\"2 minutos\" \/>\n<script type=\"application\/ld+json\" class=\"yoast-schema-graph\">{\"@context\":\"https:\/\/schema.org\",\"@graph\":[{\"@type\":\"NewsArticle\",\"@id\":\"https:\/\/www.estrategiaconcursos.com.br\/blog\/aulao-guarda-municipal-de-marica\/#article\",\"isPartOf\":{\"@id\":\"https:\/\/www.estrategiaconcursos.com.br\/blog\/aulao-guarda-municipal-de-marica\/\"},\"author\":{\"name\":\"D\u00e9cio Terror Filho\",\"@id\":\"https:\/\/www.estrategiaconcursos.com.br\/blog\/#\/schema\/person\/e8165364027a31208914fc77c3314727\"},\"headline\":\"Saiba como se preparar para o concurso Guarda Municipal de Maric\u00e1\",\"datePublished\":\"2019-12-07T09:30:49+00:00\",\"dateModified\":\"2023-06-12T19:23:43+00:00\",\"mainEntityOfPage\":{\"@id\":\"https:\/\/www.estrategiaconcursos.com.br\/blog\/aulao-guarda-municipal-de-marica\/\"},\"wordCount\":485,\"commentCount\":0,\"publisher\":{\"@id\":\"https:\/\/www.estrategiaconcursos.com.br\/blog\/#organization\"},\"image\":{\"@id\":\"https:\/\/www.estrategiaconcursos.com.br\/blog\/aulao-guarda-municipal-de-marica\/#primaryimage\"},\"thumbnailUrl\":\"https:\/\/dhg1h5j42swfq.cloudfront.net\/2019\/10\/18144117\/GUARDA-DE-MARICA-RJ.jpg\",\"articleSection\":[\"Concursos P\u00fablicos\"],\"inLanguage\":\"pt-BR\",\"potentialAction\":[{\"@type\":\"CommentAction\",\"name\":\"Comment\",\"target\":[\"https:\/\/www.estrategiaconcursos.com.br\/blog\/aulao-guarda-municipal-de-marica\/#respond\"]}],\"copyrightYear\":\"2019\",\"copyrightHolder\":{\"@id\":\"https:\/\/www.estrategiaconcursos.com.br\/blog\/#organization\"}},{\"@type\":\"WebPage\",\"@id\":\"https:\/\/www.estrategiaconcursos.com.br\/blog\/aulao-guarda-municipal-de-marica\/\",\"url\":\"https:\/\/www.estrategiaconcursos.com.br\/blog\/aulao-guarda-municipal-de-marica\/\",\"name\":\"Saiba como se preparar para o concurso Guarda Municipal de Maric\u00e1\",\"isPartOf\":{\"@id\":\"https:\/\/www.estrategiaconcursos.com.br\/blog\/#website\"},\"primaryImageOfPage\":{\"@id\":\"https:\/\/www.estrategiaconcursos.com.br\/blog\/aulao-guarda-municipal-de-marica\/#primaryimage\"},\"image\":{\"@id\":\"https:\/\/www.estrategiaconcursos.com.br\/blog\/aulao-guarda-municipal-de-marica\/#primaryimage\"},\"thumbnailUrl\":\"https:\/\/dhg1h5j42swfq.cloudfront.net\/2019\/10\/18144117\/GUARDA-DE-MARICA-RJ.jpg\",\"datePublished\":\"2019-12-07T09:30:49+00:00\",\"dateModified\":\"2023-06-12T19:23:43+00:00\",\"description\":\"Conhe\u00e7am todos os detalhes do concurso, veja as etapas e estejam prontos para as provas da Guarda Municipal de Maric\u00e1 (RJ)!\",\"breadcrumb\":{\"@id\":\"https:\/\/www.estrategiaconcursos.com.br\/blog\/aulao-guarda-municipal-de-marica\/#breadcrumb\"},\"inLanguage\":\"pt-BR\",\"potentialAction\":[{\"@type\":\"ReadAction\",\"target\":[\"https:\/\/www.estrategiaconcursos.com.br\/blog\/aulao-guarda-municipal-de-marica\/\"]}]},{\"@type\":\"ImageObject\",\"inLanguage\":\"pt-BR\",\"@id\":\"https:\/\/www.estrategiaconcursos.com.br\/blog\/aulao-guarda-municipal-de-marica\/#primaryimage\",\"url\":\"https:\/\/dhg1h5j42swfq.cloudfront.net\/2019\/10\/18144117\/GUARDA-DE-MARICA-RJ.jpg\",\"contentUrl\":\"https:\/\/dhg1h5j42swfq.cloudfront.net\/2019\/10\/18144117\/GUARDA-DE-MARICA-RJ.jpg\",\"width\":1200,\"height\":628,\"caption\":\"concurso guarda de maric\u00e1\"},{\"@type\":\"BreadcrumbList\",\"@id\":\"https:\/\/www.estrategiaconcursos.com.br\/blog\/aulao-guarda-municipal-de-marica\/#breadcrumb\",\"itemListElement\":[{\"@type\":\"ListItem\",\"position\":1,\"name\":\"In\u00edcio\",\"item\":\"https:\/\/www.estrategiaconcursos.com.br\/blog\/\"},{\"@type\":\"ListItem\",\"position\":2,\"name\":\"Saiba como se preparar para o concurso Guarda Municipal de Maric\u00e1\"}]},{\"@type\":\"WebSite\",\"@id\":\"https:\/\/www.estrategiaconcursos.com.br\/blog\/#website\",\"url\":\"https:\/\/www.estrategiaconcursos.com.br\/blog\/\",\"name\":\"Estrat\u00e9gia Concursos\",\"description\":\"O blog da Estrat\u00e9gia Concursos traz not\u00edcias sobre concursos e artigos de professores oferecendo cursos para concursos (pdf + videaulas) no site.\",\"publisher\":{\"@id\":\"https:\/\/www.estrategiaconcursos.com.br\/blog\/#organization\"},\"potentialAction\":[{\"@type\":\"SearchAction\",\"target\":{\"@type\":\"EntryPoint\",\"urlTemplate\":\"https:\/\/www.estrategiaconcursos.com.br\/blog\/?s={search_term_string}\"},\"query-input\":{\"@type\":\"PropertyValueSpecification\",\"valueRequired\":true,\"valueName\":\"search_term_string\"}}],\"inLanguage\":\"pt-BR\"},{\"@type\":\"Organization\",\"@id\":\"https:\/\/www.estrategiaconcursos.com.br\/blog\/#organization\",\"name\":\"Estrat\u00e9gia Concursos\",\"url\":\"https:\/\/www.estrategiaconcursos.com.br\/blog\/\",\"logo\":{\"@type\":\"ImageObject\",\"inLanguage\":\"pt-BR\",\"@id\":\"https:\/\/www.estrategiaconcursos.com.br\/blog\/#\/schema\/logo\/image\/\",\"url\":\"https:\/\/dhg1h5j42swfq.cloudfront.net\/2025\/06\/03203428\/logo_concursos-1.jpg\",\"contentUrl\":\"https:\/\/dhg1h5j42swfq.cloudfront.net\/2025\/06\/03203428\/logo_concursos-1.jpg\",\"width\":230,\"height\":60,\"caption\":\"Estrat\u00e9gia Concursos\"},\"image\":{\"@id\":\"https:\/\/www.estrategiaconcursos.com.br\/blog\/#\/schema\/logo\/image\/\"},\"sameAs\":[\"https:\/\/x.com\/EstratConcursos\"]},{\"@type\":\"Person\",\"@id\":\"https:\/\/www.estrategiaconcursos.com.br\/blog\/#\/schema\/person\/e8165364027a31208914fc77c3314727\",\"name\":\"D\u00e9cio Terror Filho\",\"image\":{\"@type\":\"ImageObject\",\"inLanguage\":\"pt-BR\",\"@id\":\"https:\/\/secure.gravatar.com\/avatar\/a5b78e734de7c6482e965926e78344deb81abbc34282a3c9536cbb1a59728a37?s=96&d=mm&r=g\",\"url\":\"https:\/\/secure.gravatar.com\/avatar\/a5b78e734de7c6482e965926e78344deb81abbc34282a3c9536cbb1a59728a37?s=96&d=mm&r=g\",\"contentUrl\":\"https:\/\/secure.gravatar.com\/avatar\/a5b78e734de7c6482e965926e78344deb81abbc34282a3c9536cbb1a59728a37?s=96&d=mm&r=g\",\"caption\":\"D\u00e9cio Terror Filho\"},\"url\":\"https:\/\/www.estrategiaconcursos.com.br\/blog\/author\/contatoterrorportugues-com-br\/\"}]}<\/script>\n<!-- \/ Yoast SEO Premium plugin. -->","yoast_head_json":{"title":"Saiba como se preparar para o concurso Guarda Municipal de Maric\u00e1","description":"Conhe\u00e7am todos os detalhes do concurso, veja as etapas e estejam prontos para as provas da Guarda Municipal de Maric\u00e1 (RJ)!","robots":{"index":"index","follow":"follow","max-snippet":"max-snippet:-1","max-image-preview":"max-image-preview:large","max-video-preview":"max-video-preview:-1"},"canonical":"https:\/\/www.estrategiaconcursos.com.br\/blog\/aulao-guarda-municipal-de-marica\/","og_locale":"pt_BR","og_type":"article","og_title":"Saiba como se preparar para o concurso Guarda Municipal de Maric\u00e1","og_description":"Conhe\u00e7am todos os detalhes do concurso, veja as etapas e estejam prontos para as provas da Guarda Municipal de Maric\u00e1 (RJ)!","og_url":"https:\/\/www.estrategiaconcursos.com.br\/blog\/aulao-guarda-municipal-de-marica\/","og_site_name":"Estrat\u00e9gia Concursos","article_published_time":"2019-12-07T09:30:49+00:00","article_modified_time":"2023-06-12T19:23:43+00:00","og_image":[{"width":1200,"height":628,"url":"https:\/\/dhg1h5j42swfq.cloudfront.net\/2019\/10\/18144117\/GUARDA-DE-MARICA-RJ.jpg","type":"image\/jpeg"}],"author":"D\u00e9cio Terror Filho","twitter_card":"summary_large_image","twitter_creator":"@EstratConcursos","twitter_site":"@EstratConcursos","twitter_misc":{"Escrito por":"D\u00e9cio Terror Filho","Est. tempo de leitura":"2 minutos"},"schema":{"@context":"https:\/\/schema.org","@graph":[{"@type":"NewsArticle","@id":"https:\/\/www.estrategiaconcursos.com.br\/blog\/aulao-guarda-municipal-de-marica\/#article","isPartOf":{"@id":"https:\/\/www.estrategiaconcursos.com.br\/blog\/aulao-guarda-municipal-de-marica\/"},"author":{"name":"D\u00e9cio Terror Filho","@id":"https:\/\/www.estrategiaconcursos.com.br\/blog\/#\/schema\/person\/e8165364027a31208914fc77c3314727"},"headline":"Saiba como se preparar para o concurso Guarda Municipal de Maric\u00e1","datePublished":"2019-12-07T09:30:49+00:00","dateModified":"2023-06-12T19:23:43+00:00","mainEntityOfPage":{"@id":"https:\/\/www.estrategiaconcursos.com.br\/blog\/aulao-guarda-municipal-de-marica\/"},"wordCount":485,"commentCount":0,"publisher":{"@id":"https:\/\/www.estrategiaconcursos.com.br\/blog\/#organization"},"image":{"@id":"https:\/\/www.estrategiaconcursos.com.br\/blog\/aulao-guarda-municipal-de-marica\/#primaryimage"},"thumbnailUrl":"https:\/\/dhg1h5j42swfq.cloudfront.net\/2019\/10\/18144117\/GUARDA-DE-MARICA-RJ.jpg","articleSection":["Concursos P\u00fablicos"],"inLanguage":"pt-BR","potentialAction":[{"@type":"CommentAction","name":"Comment","target":["https:\/\/www.estrategiaconcursos.com.br\/blog\/aulao-guarda-municipal-de-marica\/#respond"]}],"copyrightYear":"2019","copyrightHolder":{"@id":"https:\/\/www.estrategiaconcursos.com.br\/blog\/#organization"}},{"@type":"WebPage","@id":"https:\/\/www.estrategiaconcursos.com.br\/blog\/aulao-guarda-municipal-de-marica\/","url":"https:\/\/www.estrategiaconcursos.com.br\/blog\/aulao-guarda-municipal-de-marica\/","name":"Saiba como se preparar para o concurso Guarda Municipal de Maric\u00e1","isPartOf":{"@id":"https:\/\/www.estrategiaconcursos.com.br\/blog\/#website"},"primaryImageOfPage":{"@id":"https:\/\/www.estrategiaconcursos.com.br\/blog\/aulao-guarda-municipal-de-marica\/#primaryimage"},"image":{"@id":"https:\/\/www.estrategiaconcursos.com.br\/blog\/aulao-guarda-municipal-de-marica\/#primaryimage"},"thumbnailUrl":"https:\/\/dhg1h5j42swfq.cloudfront.net\/2019\/10\/18144117\/GUARDA-DE-MARICA-RJ.jpg","datePublished":"2019-12-07T09:30:49+00:00","dateModified":"2023-06-12T19:23:43+00:00","description":"Conhe\u00e7am todos os detalhes do concurso, veja as etapas e estejam prontos para as provas da Guarda Municipal de Maric\u00e1 (RJ)!","breadcrumb":{"@id":"https:\/\/www.estrategiaconcursos.com.br\/blog\/aulao-guarda-municipal-de-marica\/#breadcrumb"},"inLanguage":"pt-BR","potentialAction":[{"@type":"ReadAction","target":["https:\/\/www.estrategiaconcursos.com.br\/blog\/aulao-guarda-municipal-de-marica\/"]}]},{"@type":"ImageObject","inLanguage":"pt-BR","@id":"https:\/\/www.estrategiaconcursos.com.br\/blog\/aulao-guarda-municipal-de-marica\/#primaryimage","url":"https:\/\/dhg1h5j42swfq.cloudfront.net\/2019\/10\/18144117\/GUARDA-DE-MARICA-RJ.jpg","contentUrl":"https:\/\/dhg1h5j42swfq.cloudfront.net\/2019\/10\/18144117\/GUARDA-DE-MARICA-RJ.jpg","width":1200,"height":628,"caption":"concurso guarda de maric\u00e1"},{"@type":"BreadcrumbList","@id":"https:\/\/www.estrategiaconcursos.com.br\/blog\/aulao-guarda-municipal-de-marica\/#breadcrumb","itemListElement":[{"@type":"ListItem","position":1,"name":"In\u00edcio","item":"https:\/\/www.estrategiaconcursos.com.br\/blog\/"},{"@type":"ListItem","position":2,"name":"Saiba como se preparar para o concurso Guarda Municipal de Maric\u00e1"}]},{"@type":"WebSite","@id":"https:\/\/www.estrategiaconcursos.com.br\/blog\/#website","url":"https:\/\/www.estrategiaconcursos.com.br\/blog\/","name":"Estrat\u00e9gia Concursos","description":"O blog da Estrat\u00e9gia Concursos traz not\u00edcias sobre concursos e artigos de professores oferecendo cursos para concursos (pdf + videaulas) no site.","publisher":{"@id":"https:\/\/www.estrategiaconcursos.com.br\/blog\/#organization"},"potentialAction":[{"@type":"SearchAction","target":{"@type":"EntryPoint","urlTemplate":"https:\/\/www.estrategiaconcursos.com.br\/blog\/?s={search_term_string}"},"query-input":{"@type":"PropertyValueSpecification","valueRequired":true,"valueName":"search_term_string"}}],"inLanguage":"pt-BR"},{"@type":"Organization","@id":"https:\/\/www.estrategiaconcursos.com.br\/blog\/#organization","name":"Estrat\u00e9gia Concursos","url":"https:\/\/www.estrategiaconcursos.com.br\/blog\/","logo":{"@type":"ImageObject","inLanguage":"pt-BR","@id":"https:\/\/www.estrategiaconcursos.com.br\/blog\/#\/schema\/logo\/image\/","url":"https:\/\/dhg1h5j42swfq.cloudfront.net\/2025\/06\/03203428\/logo_concursos-1.jpg","contentUrl":"https:\/\/dhg1h5j42swfq.cloudfront.net\/2025\/06\/03203428\/logo_concursos-1.jpg","width":230,"height":60,"caption":"Estrat\u00e9gia Concursos"},"image":{"@id":"https:\/\/www.estrategiaconcursos.com.br\/blog\/#\/schema\/logo\/image\/"},"sameAs":["https:\/\/x.com\/EstratConcursos"]},{"@type":"Person","@id":"https:\/\/www.estrategiaconcursos.com.br\/blog\/#\/schema\/person\/e8165364027a31208914fc77c3314727","name":"D\u00e9cio Terror Filho","image":{"@type":"ImageObject","inLanguage":"pt-BR","@id":"https:\/\/secure.gravatar.com\/avatar\/a5b78e734de7c6482e965926e78344deb81abbc34282a3c9536cbb1a59728a37?s=96&d=mm&r=g","url":"https:\/\/secure.gravatar.com\/avatar\/a5b78e734de7c6482e965926e78344deb81abbc34282a3c9536cbb1a59728a37?s=96&d=mm&r=g","contentUrl":"https:\/\/secure.gravatar.com\/avatar\/a5b78e734de7c6482e965926e78344deb81abbc34282a3c9536cbb1a59728a37?s=96&d=mm&r=g","caption":"D\u00e9cio Terror Filho"},"url":"https:\/\/www.estrategiaconcursos.com.br\/blog\/author\/contatoterrorportugues-com-br\/"}]}},"_links":{"self":[{"href":"https:\/\/www.estrategiaconcursos.com.br\/blog\/wp-json\/wp\/v2\/posts\/456376","targetHints":{"allow":["GET"]}}],"collection":[{"href":"https:\/\/www.estrategiaconcursos.com.br\/blog\/wp-json\/wp\/v2\/posts"}],"about":[{"href":"https:\/\/www.estrategiaconcursos.com.br\/blog\/wp-json\/wp\/v2\/types\/post"}],"author":[{"embeddable":true,"href":"https:\/\/www.estrategiaconcursos.com.br\/blog\/wp-json\/wp\/v2\/users\/214"}],"replies":[{"embeddable":true,"href":"https:\/\/www.estrategiaconcursos.com.br\/blog\/wp-json\/wp\/v2\/comments?post=456376"}],"version-history":[{"count":10,"href":"https:\/\/www.estrategiaconcursos.com.br\/blog\/wp-json\/wp\/v2\/posts\/456376\/revisions"}],"predecessor-version":[{"id":1230890,"href":"https:\/\/www.estrategiaconcursos.com.br\/blog\/wp-json\/wp\/v2\/posts\/456376\/revisions\/1230890"}],"wp:featuredmedia":[{"embeddable":true,"href":"https:\/\/www.estrategiaconcursos.com.br\/blog\/wp-json\/wp\/v2\/media\/436600"}],"wp:attachment":[{"href":"https:\/\/www.estrategiaconcursos.com.br\/blog\/wp-json\/wp\/v2\/media?parent=456376"}],"wp:term":[{"taxonomy":"category","embeddable":true,"href":"https:\/\/www.estrategiaconcursos.com.br\/blog\/wp-json\/wp\/v2\/categories?post=456376"},{"taxonomy":"post_tag","embeddable":true,"href":"https:\/\/www.estrategiaconcursos.com.br\/blog\/wp-json\/wp\/v2\/tags?post=456376"},{"taxonomy":"tax_estado","embeddable":true,"href":"https:\/\/www.estrategiaconcursos.com.br\/blog\/wp-json\/wp\/v2\/tax_estado?post=456376"}],"curies":[{"name":"wp","href":"https:\/\/api.w.org\/{rel}","templated":true}]}}