{"id":456175,"date":"2019-12-05T16:30:45","date_gmt":"2019-12-05T19:30:45","guid":{"rendered":"https:\/\/www.estrategiaconcursos.com.br\/blog\/?p=456175"},"modified":"2019-12-05T15:52:54","modified_gmt":"2019-12-05T18:52:54","slug":"preparacao-turbo-para-o-concurso-pcdf-escrivao-participe","status":"publish","type":"post","link":"https:\/\/www.estrategiaconcursos.com.br\/blog\/preparacao-turbo-para-o-concurso-pcdf-escrivao-participe\/","title":{"rendered":"Prepara\u00e7\u00e3o Turbo para o concurso PCDF Escriv\u00e3o; Participe!"},"content":{"rendered":"\n<h2 class=\"wp-block-heading\"><em>Inscri\u00e7\u00f5es abertas a partir do dia 22 de janeiro<\/em><\/h2>\n\n\n\n<p>Concurseiros, chegou a hora da prepara\u00e7\u00e3o total, dedica\u00e7\u00e3o e disciplina para o<strong> concurso PCDF<\/strong>. O edital t\u00e3o aguardado com oferta de <strong>300 vagas <\/strong>foi publicado e a <strong>prova objetiva<\/strong> ser\u00e1 no dia <strong>15 de mar\u00e7o<\/strong>.<\/p>\n\n\n\n<p>O certame ser\u00e1 organizado pela Cebraspe, ent\u00e3o o formato da avalia\u00e7\u00e3o \u00e9 de 120 itens para marca\u00e7\u00e3o de \u201cCerto\u201d ou \u201cErrado\u201d, sendo 50 de conhecimentos b\u00e1sicos e 70 de conhecimentos espec\u00edficos. <\/p>\n\n\n\n<p><strong>Preparamos 78 aulas b\u00f4nus<\/strong> para turbinar os seus estudos. No cronograma est\u00e3o as <strong>principais disciplinas<\/strong> e as mais relevantes ainda contam de 2 a 5 aulas. <strong>S\u00e3o aulas te\u00f3ricas com quest\u00f5es e outras somente com quest\u00f5es comentadas.<\/strong><\/p>\n\n\n\n<p>Pensando tamb\u00e9m na <strong>prova discursiva<\/strong>, o professor Rodolfo Graciolli vai dar <strong>3 aulas sobre Atualidades<\/strong>, mat\u00e9ria exigida na avalia\u00e7\u00e3o. Lembrando que a<strong> reda\u00e7\u00e3o<\/strong> \u00e9 aplicada no mesmo dia da prova objetiva.<\/p>\n\n\n\n<p class=\"has-background has-very-light-gray-background-color\">As aulas ir\u00e3o come\u00e7ar nesta semana, a partir de sexta-feira, 06 de dezembro, e estar\u00e3o dispon\u00edvel na \u00e1rea do aluno at\u00e9 o final da assinatura do curso completo do PCDF.<\/p>\n\n\n\n<p class=\"has-medium-font-size\"><strong>Confira as disciplinas do curso Turbo PCDF              <\/strong>                                                       <\/p>\n\n\n\n<table class=\"wp-block-table has-subtle-pale-green-background-color has-fixed-layout has-background is-style-stripes\"><tbody><tr><td><strong>Mat\u00e9ria<\/strong><\/td><td><strong>Professor<\/strong><\/td><\/tr><tr><td>Portugu\u00eas<\/td><td>D\u00e9cio Terror<\/td><\/tr><tr><td>Ingl\u00eas<\/td><td>Roberto Whitte<\/td><\/tr><tr><td>RIDE<\/td><td>Leandro Signori<\/td><\/tr><tr><td>LODF<\/td><td>Rodrigo Francelino<\/td><\/tr><tr><td>Atualidades<\/td><td>Rodolfo Gracioli<\/td><\/tr><tr><td>Legisla\u00e7\u00e3o Espec\u00edfica<\/td><td>Marcos Gir\u00e3o<\/td><\/tr><tr><td>Lei 8.112 e Lei 8.429<\/td><td>  Th\u00e1llius <\/td><\/tr><tr><td>Direito Constitucional <\/td><td>Adriane Fauth <\/td><\/tr><tr><td>Direito Penal <\/td><td> Delegado Ivo <\/td><\/tr><tr><td>Direito Processual Penal <\/td><td> Delegado Fernando <\/td><\/tr><tr><td>Direitos Humanos <\/td><td> Ricardo Torques <\/td><\/tr><tr><td>Inform\u00e1tica <\/td><td>Renato da Costa <\/td><\/tr><tr><td>Matem\u00e1tica e Racioc\u00ednio L\u00f3gico <\/td><td> Brunno Lima <\/td><\/tr><tr><td>Quest\u00f5es comentadas de Portugu\u00eas <\/td><td>Jana\u00edna Arruda <\/td><\/tr><tr><td>Quest\u00f5es comentadas de Ingl\u00eas <\/td><td> Roberto Witte <\/td><\/tr><tr><td>Quest\u00f5es comentadas de RIDE <\/td><td> Leandro Signori <\/td><\/tr><tr><td>Quest\u00f5es comentadas de Legisla\u00e7\u00e3o Espec\u00edfica <\/td><td> Marcos Gir\u00e3o <\/td><\/tr><tr><td>Quest\u00f5es comentadas das Leis 8.112 e 8.429 <\/td><td> Ant\u00f4nio Daud <\/td><\/tr><tr><td>Quest\u00f5es comentadas de Direito Constitucional <\/td><td> Nelma Fontana <\/td><\/tr><tr><td>Quest\u00f5es comentadas de Direito Penal <\/td><td> Renan Ara\u00fajo <\/td><\/tr><tr><td>Quest\u00f5es comentadas de Direito Processual Penal <\/td><td> Renan Ara\u00fajo <\/td><\/tr><tr><td>Quest\u00f5es comentadas de Direitos Humanos <\/td><td>Lilian Novakosk <\/td><\/tr><tr><td>Quest\u00f5es comentadas de Inform\u00e1tica <\/td><td>Rani Passos <\/td><\/tr><tr><td>Quest\u00f5es comentadas de Matem\u00e1tica e Racioc\u00ednio <\/td><td> Carlos Henrique <\/td><\/tr><\/tbody><\/table>\n\n\n\n<h2 class=\"wp-block-heading\"><strong><em>Quer estudar para Concurso PCDF?<\/em><\/strong><\/h2>\n\n\n\n<p><em>Gostou desta oportunidade e deseja come\u00e7ar se preparar agora mesmo? Ent\u00e3o, confira os nossos cursos e comece a estudar para o concurso PC DF:<\/em><\/p>\n\n\n\n<p style=\"text-align:center\" class=\"has-background has-medium-font-size has-luminous-vivid-amber-background-color\"><a rel=\"noreferrer noopener\" href=\"https:\/\/www.estrategiaconcursos.com.br\/cursosPorConcurso\/policia-civil-do-distrito-federal-pc-df\/\" target=\"_blank\"><strong>CURSO PCDF<\/strong><\/a><\/p>\n\n\n\n<p style=\"font-size:24px;text-align:center\" class=\"has-background has-very-light-gray-background-color\"><a rel=\"noreferrer noopener\" aria-label=\"Saiba mais informa\u00e7\u00f5es: Concurso PCDF (abre numa nova aba)\" href=\"https:\/\/www.estrategiaconcursos.com.br\/blog\/edital-pcdf-escrivao\/\" target=\"_blank\"><strong>Saiba mais informa\u00e7\u00f5es: Concurso PCDF<\/strong><\/a><\/p>\n\n\n\n<p style=\"text-align:center\"><em><strong>Assinatura Anual Ilimitada*<\/strong><\/em><\/p>\n\n\n\n<p><em>Prepare-se com o melhor material e com quem mais aprova em Concursos P\u00fablicos em todo o pa\u00eds. Assine agora a nossa Assinatura Anual e tenha acesso ilimitado* a todos os nossos cursos.<\/em><\/p>\n\n\n\n<p style=\"text-align:center\" class=\"has-background has-medium-font-size has-light-green-cyan-background-color\"><strong>ASSINE AGORA<\/strong>&nbsp;\u2013&nbsp;<a href=\"https:\/\/www.estrategiaconcursos.com.br\/assinaturas\/\" target=\"_blank\" rel=\"noreferrer noopener\">Assinatura Ilimitada<\/a><\/p>\n\n\n\n<p style=\"text-align:center\" class=\"has-background has-medium-font-size has-pale-cyan-blue-background-color\"><strong><a href=\"https:\/\/www.estrategiaconcursos.com.br\/blog\/concursos-abertos\/\">CONCURSOS ABERTOS<\/a><\/strong><\/p>\n\n\n\n<p style=\"text-align:center\" class=\"has-background has-medium-font-size has-pale-cyan-blue-background-color\"><a href=\"https:\/\/www.estrategiaconcursos.com.br\/blog\/concursos-2019\/\"><strong>CONCURSOS 2019<\/strong><\/a><\/p>\n\n\n\n<p style=\"text-align:center\" class=\"has-background has-medium-font-size has-pale-cyan-blue-background-color\"><a href=\"https:\/\/www.estrategiaconcursos.com.br\/blog\/concursos-2020\/\"><strong>CONCURSOS<\/strong><\/a><strong><a href=\"https:\/\/www.estrategiaconcursos.com.br\/blog\/concursos-2020\/\">&nbsp;2020<\/a><\/strong><\/p>\n","protected":false},"excerpt":{"rendered":"<p>Inscri\u00e7\u00f5es abertas a partir do dia 22 de janeiro Concurseiros, chegou a hora da prepara\u00e7\u00e3o total, dedica\u00e7\u00e3o e disciplina para o concurso PCDF. O edital t\u00e3o aguardado com oferta de 300 vagas foi publicado e a prova objetiva ser\u00e1 no dia 15 de mar\u00e7o. O certame ser\u00e1 organizado pela Cebraspe, ent\u00e3o o formato da avalia\u00e7\u00e3o [&hellip;]<\/p>\n","protected":false},"author":552,"featured_media":166319,"comment_status":"open","ping_status":"closed","sticky":false,"template":"","format":"standard","meta":{"post_tipo":"article","footnotes":""},"categories":[1,1988],"tags":[],"tax_estado":[],"class_list":["post-456175","post","type-post","status-publish","format-standard","has-post-thumbnail","hentry","category-cursos-e-concursos","category-policia"],"acf":[],"yoast_head":"<!-- This site is optimized with the Yoast SEO Premium plugin v27.2 (Yoast SEO v27.2) - https:\/\/yoast.com\/product\/yoast-seo-premium-wordpress\/ -->\n<title>Prepara\u00e7\u00e3o Turbo para o concurso PCDF Escriv\u00e3o; Participe!<\/title>\n<meta name=\"robots\" content=\"index, follow, max-snippet:-1, max-image-preview:large, max-video-preview:-1\" \/>\n<link rel=\"canonical\" href=\"https:\/\/www.estrategiaconcursos.com.br\/blog\/preparacao-turbo-para-o-concurso-pcdf-escrivao-participe\/\" \/>\n<meta property=\"og:locale\" content=\"pt_BR\" \/>\n<meta property=\"og:type\" content=\"article\" \/>\n<meta property=\"og:title\" content=\"Prepara\u00e7\u00e3o Turbo para o concurso PCDF Escriv\u00e3o; Participe!\" \/>\n<meta property=\"og:description\" content=\"Inscri\u00e7\u00f5es abertas a partir do dia 22 de janeiro Concurseiros, chegou a hora da prepara\u00e7\u00e3o total, dedica\u00e7\u00e3o e disciplina para o concurso PCDF. O edital t\u00e3o aguardado com oferta de 300 vagas foi publicado e a prova objetiva ser\u00e1 no dia 15 de mar\u00e7o. O certame ser\u00e1 organizado pela Cebraspe, ent\u00e3o o formato da avalia\u00e7\u00e3o [&hellip;]\" \/>\n<meta property=\"og:url\" content=\"https:\/\/www.estrategiaconcursos.com.br\/blog\/preparacao-turbo-para-o-concurso-pcdf-escrivao-participe\/\" \/>\n<meta property=\"og:site_name\" content=\"Estrat\u00e9gia Concursos\" \/>\n<meta property=\"article:published_time\" content=\"2019-12-05T19:30:45+00:00\" \/>\n<meta property=\"og:image\" content=\"https:\/\/dhg1h5j42swfq.cloudfront.net\/2019\/02\/15161407\/PCDF_NOME.jpg\" \/>\n\t<meta property=\"og:image:width\" content=\"1200\" \/>\n\t<meta property=\"og:image:height\" content=\"628\" \/>\n\t<meta property=\"og:image:type\" content=\"image\/jpeg\" \/>\n<meta name=\"author\" content=\"Paulo Bilynskyj\" \/>\n<meta name=\"twitter:card\" content=\"summary_large_image\" \/>\n<meta name=\"twitter:creator\" content=\"@EstratConcursos\" \/>\n<meta name=\"twitter:site\" content=\"@EstratConcursos\" \/>\n<meta name=\"twitter:label1\" content=\"Escrito por\" \/>\n\t<meta name=\"twitter:data1\" content=\"Paulo Bilynskyj\" \/>\n\t<meta name=\"twitter:label2\" content=\"Est. tempo de leitura\" \/>\n\t<meta name=\"twitter:data2\" content=\"2 minutos\" \/>\n<script type=\"application\/ld+json\" class=\"yoast-schema-graph\">{\"@context\":\"https:\/\/schema.org\",\"@graph\":[{\"@type\":\"NewsArticle\",\"@id\":\"https:\/\/www.estrategiaconcursos.com.br\/blog\/preparacao-turbo-para-o-concurso-pcdf-escrivao-participe\/#article\",\"isPartOf\":{\"@id\":\"https:\/\/www.estrategiaconcursos.com.br\/blog\/preparacao-turbo-para-o-concurso-pcdf-escrivao-participe\/\"},\"author\":{\"name\":\"Paulo Bilynskyj\",\"@id\":\"https:\/\/www.estrategiaconcursos.com.br\/blog\/#\/schema\/person\/a630b15e36f45b4c21fed01219843cb5\"},\"headline\":\"Prepara\u00e7\u00e3o Turbo para o concurso PCDF Escriv\u00e3o; Participe!\",\"datePublished\":\"2019-12-05T19:30:45+00:00\",\"mainEntityOfPage\":{\"@id\":\"https:\/\/www.estrategiaconcursos.com.br\/blog\/preparacao-turbo-para-o-concurso-pcdf-escrivao-participe\/\"},\"wordCount\":450,\"commentCount\":1,\"publisher\":{\"@id\":\"https:\/\/www.estrategiaconcursos.com.br\/blog\/#organization\"},\"image\":{\"@id\":\"https:\/\/www.estrategiaconcursos.com.br\/blog\/preparacao-turbo-para-o-concurso-pcdf-escrivao-participe\/#primaryimage\"},\"thumbnailUrl\":\"https:\/\/dhg1h5j42swfq.cloudfront.net\/2019\/02\/15161407\/PCDF_NOME.jpg\",\"articleSection\":[\"Concursos P\u00fablicos\",\"Policial (Agente, Escriv\u00e3o e Investigador)\"],\"inLanguage\":\"pt-BR\",\"potentialAction\":[{\"@type\":\"CommentAction\",\"name\":\"Comment\",\"target\":[\"https:\/\/www.estrategiaconcursos.com.br\/blog\/preparacao-turbo-para-o-concurso-pcdf-escrivao-participe\/#respond\"]}],\"copyrightYear\":\"2019\",\"copyrightHolder\":{\"@id\":\"https:\/\/www.estrategiaconcursos.com.br\/blog\/#organization\"}},{\"@type\":\"WebPage\",\"@id\":\"https:\/\/www.estrategiaconcursos.com.br\/blog\/preparacao-turbo-para-o-concurso-pcdf-escrivao-participe\/\",\"url\":\"https:\/\/www.estrategiaconcursos.com.br\/blog\/preparacao-turbo-para-o-concurso-pcdf-escrivao-participe\/\",\"name\":\"Prepara\u00e7\u00e3o Turbo para o concurso PCDF Escriv\u00e3o; Participe!\",\"isPartOf\":{\"@id\":\"https:\/\/www.estrategiaconcursos.com.br\/blog\/#website\"},\"primaryImageOfPage\":{\"@id\":\"https:\/\/www.estrategiaconcursos.com.br\/blog\/preparacao-turbo-para-o-concurso-pcdf-escrivao-participe\/#primaryimage\"},\"image\":{\"@id\":\"https:\/\/www.estrategiaconcursos.com.br\/blog\/preparacao-turbo-para-o-concurso-pcdf-escrivao-participe\/#primaryimage\"},\"thumbnailUrl\":\"https:\/\/dhg1h5j42swfq.cloudfront.net\/2019\/02\/15161407\/PCDF_NOME.jpg\",\"datePublished\":\"2019-12-05T19:30:45+00:00\",\"breadcrumb\":{\"@id\":\"https:\/\/www.estrategiaconcursos.com.br\/blog\/preparacao-turbo-para-o-concurso-pcdf-escrivao-participe\/#breadcrumb\"},\"inLanguage\":\"pt-BR\",\"potentialAction\":[{\"@type\":\"ReadAction\",\"target\":[\"https:\/\/www.estrategiaconcursos.com.br\/blog\/preparacao-turbo-para-o-concurso-pcdf-escrivao-participe\/\"]}]},{\"@type\":\"ImageObject\",\"inLanguage\":\"pt-BR\",\"@id\":\"https:\/\/www.estrategiaconcursos.com.br\/blog\/preparacao-turbo-para-o-concurso-pcdf-escrivao-participe\/#primaryimage\",\"url\":\"https:\/\/dhg1h5j42swfq.cloudfront.net\/2019\/02\/15161407\/PCDF_NOME.jpg\",\"contentUrl\":\"https:\/\/dhg1h5j42swfq.cloudfront.net\/2019\/02\/15161407\/PCDF_NOME.jpg\",\"width\":1200,\"height\":628,\"caption\":\"concurso pcdf\"},{\"@type\":\"BreadcrumbList\",\"@id\":\"https:\/\/www.estrategiaconcursos.com.br\/blog\/preparacao-turbo-para-o-concurso-pcdf-escrivao-participe\/#breadcrumb\",\"itemListElement\":[{\"@type\":\"ListItem\",\"position\":1,\"name\":\"In\u00edcio\",\"item\":\"https:\/\/www.estrategiaconcursos.com.br\/blog\/\"},{\"@type\":\"ListItem\",\"position\":2,\"name\":\"Prepara\u00e7\u00e3o Turbo para o concurso PCDF Escriv\u00e3o; Participe!\"}]},{\"@type\":\"WebSite\",\"@id\":\"https:\/\/www.estrategiaconcursos.com.br\/blog\/#website\",\"url\":\"https:\/\/www.estrategiaconcursos.com.br\/blog\/\",\"name\":\"Estrat\u00e9gia Concursos\",\"description\":\"O blog da Estrat\u00e9gia Concursos traz not\u00edcias sobre concursos e artigos de professores oferecendo cursos para concursos (pdf + videaulas) no site.\",\"publisher\":{\"@id\":\"https:\/\/www.estrategiaconcursos.com.br\/blog\/#organization\"},\"potentialAction\":[{\"@type\":\"SearchAction\",\"target\":{\"@type\":\"EntryPoint\",\"urlTemplate\":\"https:\/\/www.estrategiaconcursos.com.br\/blog\/?s={search_term_string}\"},\"query-input\":{\"@type\":\"PropertyValueSpecification\",\"valueRequired\":true,\"valueName\":\"search_term_string\"}}],\"inLanguage\":\"pt-BR\"},{\"@type\":\"Organization\",\"@id\":\"https:\/\/www.estrategiaconcursos.com.br\/blog\/#organization\",\"name\":\"Estrat\u00e9gia Concursos\",\"url\":\"https:\/\/www.estrategiaconcursos.com.br\/blog\/\",\"logo\":{\"@type\":\"ImageObject\",\"inLanguage\":\"pt-BR\",\"@id\":\"https:\/\/www.estrategiaconcursos.com.br\/blog\/#\/schema\/logo\/image\/\",\"url\":\"https:\/\/dhg1h5j42swfq.cloudfront.net\/2025\/06\/03203428\/logo_concursos-1.jpg\",\"contentUrl\":\"https:\/\/dhg1h5j42swfq.cloudfront.net\/2025\/06\/03203428\/logo_concursos-1.jpg\",\"width\":230,\"height\":60,\"caption\":\"Estrat\u00e9gia Concursos\"},\"image\":{\"@id\":\"https:\/\/www.estrategiaconcursos.com.br\/blog\/#\/schema\/logo\/image\/\"},\"sameAs\":[\"https:\/\/x.com\/EstratConcursos\"]},{\"@type\":\"Person\",\"@id\":\"https:\/\/www.estrategiaconcursos.com.br\/blog\/#\/schema\/person\/a630b15e36f45b4c21fed01219843cb5\",\"name\":\"Paulo Bilynskyj\",\"image\":{\"@type\":\"ImageObject\",\"inLanguage\":\"pt-BR\",\"@id\":\"https:\/\/secure.gravatar.com\/avatar\/37e21f70c9042e7456beffdc6d31fe051f3f6dcbf252f69343a791b144852057?s=96&d=mm&r=g\",\"url\":\"https:\/\/secure.gravatar.com\/avatar\/37e21f70c9042e7456beffdc6d31fe051f3f6dcbf252f69343a791b144852057?s=96&d=mm&r=g\",\"contentUrl\":\"https:\/\/secure.gravatar.com\/avatar\/37e21f70c9042e7456beffdc6d31fe051f3f6dcbf252f69343a791b144852057?s=96&d=mm&r=g\",\"caption\":\"Paulo Bilynskyj\"},\"url\":\"https:\/\/www.estrategiaconcursos.com.br\/blog\/author\/pbilynskyjgmail-com\/\"}]}<\/script>\n<!-- \/ Yoast SEO Premium plugin. -->","yoast_head_json":{"title":"Prepara\u00e7\u00e3o Turbo para o concurso PCDF Escriv\u00e3o; Participe!","robots":{"index":"index","follow":"follow","max-snippet":"max-snippet:-1","max-image-preview":"max-image-preview:large","max-video-preview":"max-video-preview:-1"},"canonical":"https:\/\/www.estrategiaconcursos.com.br\/blog\/preparacao-turbo-para-o-concurso-pcdf-escrivao-participe\/","og_locale":"pt_BR","og_type":"article","og_title":"Prepara\u00e7\u00e3o Turbo para o concurso PCDF Escriv\u00e3o; Participe!","og_description":"Inscri\u00e7\u00f5es abertas a partir do dia 22 de janeiro Concurseiros, chegou a hora da prepara\u00e7\u00e3o total, dedica\u00e7\u00e3o e disciplina para o concurso PCDF. O edital t\u00e3o aguardado com oferta de 300 vagas foi publicado e a prova objetiva ser\u00e1 no dia 15 de mar\u00e7o. O certame ser\u00e1 organizado pela Cebraspe, ent\u00e3o o formato da avalia\u00e7\u00e3o [&hellip;]","og_url":"https:\/\/www.estrategiaconcursos.com.br\/blog\/preparacao-turbo-para-o-concurso-pcdf-escrivao-participe\/","og_site_name":"Estrat\u00e9gia Concursos","article_published_time":"2019-12-05T19:30:45+00:00","og_image":[{"width":1200,"height":628,"url":"https:\/\/dhg1h5j42swfq.cloudfront.net\/2019\/02\/15161407\/PCDF_NOME.jpg","type":"image\/jpeg"}],"author":"Paulo Bilynskyj","twitter_card":"summary_large_image","twitter_creator":"@EstratConcursos","twitter_site":"@EstratConcursos","twitter_misc":{"Escrito por":"Paulo Bilynskyj","Est. tempo de leitura":"2 minutos"},"schema":{"@context":"https:\/\/schema.org","@graph":[{"@type":"NewsArticle","@id":"https:\/\/www.estrategiaconcursos.com.br\/blog\/preparacao-turbo-para-o-concurso-pcdf-escrivao-participe\/#article","isPartOf":{"@id":"https:\/\/www.estrategiaconcursos.com.br\/blog\/preparacao-turbo-para-o-concurso-pcdf-escrivao-participe\/"},"author":{"name":"Paulo Bilynskyj","@id":"https:\/\/www.estrategiaconcursos.com.br\/blog\/#\/schema\/person\/a630b15e36f45b4c21fed01219843cb5"},"headline":"Prepara\u00e7\u00e3o Turbo para o concurso PCDF Escriv\u00e3o; Participe!","datePublished":"2019-12-05T19:30:45+00:00","mainEntityOfPage":{"@id":"https:\/\/www.estrategiaconcursos.com.br\/blog\/preparacao-turbo-para-o-concurso-pcdf-escrivao-participe\/"},"wordCount":450,"commentCount":1,"publisher":{"@id":"https:\/\/www.estrategiaconcursos.com.br\/blog\/#organization"},"image":{"@id":"https:\/\/www.estrategiaconcursos.com.br\/blog\/preparacao-turbo-para-o-concurso-pcdf-escrivao-participe\/#primaryimage"},"thumbnailUrl":"https:\/\/dhg1h5j42swfq.cloudfront.net\/2019\/02\/15161407\/PCDF_NOME.jpg","articleSection":["Concursos P\u00fablicos","Policial (Agente, Escriv\u00e3o e Investigador)"],"inLanguage":"pt-BR","potentialAction":[{"@type":"CommentAction","name":"Comment","target":["https:\/\/www.estrategiaconcursos.com.br\/blog\/preparacao-turbo-para-o-concurso-pcdf-escrivao-participe\/#respond"]}],"copyrightYear":"2019","copyrightHolder":{"@id":"https:\/\/www.estrategiaconcursos.com.br\/blog\/#organization"}},{"@type":"WebPage","@id":"https:\/\/www.estrategiaconcursos.com.br\/blog\/preparacao-turbo-para-o-concurso-pcdf-escrivao-participe\/","url":"https:\/\/www.estrategiaconcursos.com.br\/blog\/preparacao-turbo-para-o-concurso-pcdf-escrivao-participe\/","name":"Prepara\u00e7\u00e3o Turbo para o concurso PCDF Escriv\u00e3o; Participe!","isPartOf":{"@id":"https:\/\/www.estrategiaconcursos.com.br\/blog\/#website"},"primaryImageOfPage":{"@id":"https:\/\/www.estrategiaconcursos.com.br\/blog\/preparacao-turbo-para-o-concurso-pcdf-escrivao-participe\/#primaryimage"},"image":{"@id":"https:\/\/www.estrategiaconcursos.com.br\/blog\/preparacao-turbo-para-o-concurso-pcdf-escrivao-participe\/#primaryimage"},"thumbnailUrl":"https:\/\/dhg1h5j42swfq.cloudfront.net\/2019\/02\/15161407\/PCDF_NOME.jpg","datePublished":"2019-12-05T19:30:45+00:00","breadcrumb":{"@id":"https:\/\/www.estrategiaconcursos.com.br\/blog\/preparacao-turbo-para-o-concurso-pcdf-escrivao-participe\/#breadcrumb"},"inLanguage":"pt-BR","potentialAction":[{"@type":"ReadAction","target":["https:\/\/www.estrategiaconcursos.com.br\/blog\/preparacao-turbo-para-o-concurso-pcdf-escrivao-participe\/"]}]},{"@type":"ImageObject","inLanguage":"pt-BR","@id":"https:\/\/www.estrategiaconcursos.com.br\/blog\/preparacao-turbo-para-o-concurso-pcdf-escrivao-participe\/#primaryimage","url":"https:\/\/dhg1h5j42swfq.cloudfront.net\/2019\/02\/15161407\/PCDF_NOME.jpg","contentUrl":"https:\/\/dhg1h5j42swfq.cloudfront.net\/2019\/02\/15161407\/PCDF_NOME.jpg","width":1200,"height":628,"caption":"concurso pcdf"},{"@type":"BreadcrumbList","@id":"https:\/\/www.estrategiaconcursos.com.br\/blog\/preparacao-turbo-para-o-concurso-pcdf-escrivao-participe\/#breadcrumb","itemListElement":[{"@type":"ListItem","position":1,"name":"In\u00edcio","item":"https:\/\/www.estrategiaconcursos.com.br\/blog\/"},{"@type":"ListItem","position":2,"name":"Prepara\u00e7\u00e3o Turbo para o concurso PCDF Escriv\u00e3o; Participe!"}]},{"@type":"WebSite","@id":"https:\/\/www.estrategiaconcursos.com.br\/blog\/#website","url":"https:\/\/www.estrategiaconcursos.com.br\/blog\/","name":"Estrat\u00e9gia Concursos","description":"O blog da Estrat\u00e9gia Concursos traz not\u00edcias sobre concursos e artigos de professores oferecendo cursos para concursos (pdf + videaulas) no site.","publisher":{"@id":"https:\/\/www.estrategiaconcursos.com.br\/blog\/#organization"},"potentialAction":[{"@type":"SearchAction","target":{"@type":"EntryPoint","urlTemplate":"https:\/\/www.estrategiaconcursos.com.br\/blog\/?s={search_term_string}"},"query-input":{"@type":"PropertyValueSpecification","valueRequired":true,"valueName":"search_term_string"}}],"inLanguage":"pt-BR"},{"@type":"Organization","@id":"https:\/\/www.estrategiaconcursos.com.br\/blog\/#organization","name":"Estrat\u00e9gia Concursos","url":"https:\/\/www.estrategiaconcursos.com.br\/blog\/","logo":{"@type":"ImageObject","inLanguage":"pt-BR","@id":"https:\/\/www.estrategiaconcursos.com.br\/blog\/#\/schema\/logo\/image\/","url":"https:\/\/dhg1h5j42swfq.cloudfront.net\/2025\/06\/03203428\/logo_concursos-1.jpg","contentUrl":"https:\/\/dhg1h5j42swfq.cloudfront.net\/2025\/06\/03203428\/logo_concursos-1.jpg","width":230,"height":60,"caption":"Estrat\u00e9gia Concursos"},"image":{"@id":"https:\/\/www.estrategiaconcursos.com.br\/blog\/#\/schema\/logo\/image\/"},"sameAs":["https:\/\/x.com\/EstratConcursos"]},{"@type":"Person","@id":"https:\/\/www.estrategiaconcursos.com.br\/blog\/#\/schema\/person\/a630b15e36f45b4c21fed01219843cb5","name":"Paulo Bilynskyj","image":{"@type":"ImageObject","inLanguage":"pt-BR","@id":"https:\/\/secure.gravatar.com\/avatar\/37e21f70c9042e7456beffdc6d31fe051f3f6dcbf252f69343a791b144852057?s=96&d=mm&r=g","url":"https:\/\/secure.gravatar.com\/avatar\/37e21f70c9042e7456beffdc6d31fe051f3f6dcbf252f69343a791b144852057?s=96&d=mm&r=g","contentUrl":"https:\/\/secure.gravatar.com\/avatar\/37e21f70c9042e7456beffdc6d31fe051f3f6dcbf252f69343a791b144852057?s=96&d=mm&r=g","caption":"Paulo Bilynskyj"},"url":"https:\/\/www.estrategiaconcursos.com.br\/blog\/author\/pbilynskyjgmail-com\/"}]}},"_links":{"self":[{"href":"https:\/\/www.estrategiaconcursos.com.br\/blog\/wp-json\/wp\/v2\/posts\/456175","targetHints":{"allow":["GET"]}}],"collection":[{"href":"https:\/\/www.estrategiaconcursos.com.br\/blog\/wp-json\/wp\/v2\/posts"}],"about":[{"href":"https:\/\/www.estrategiaconcursos.com.br\/blog\/wp-json\/wp\/v2\/types\/post"}],"author":[{"embeddable":true,"href":"https:\/\/www.estrategiaconcursos.com.br\/blog\/wp-json\/wp\/v2\/users\/552"}],"replies":[{"embeddable":true,"href":"https:\/\/www.estrategiaconcursos.com.br\/blog\/wp-json\/wp\/v2\/comments?post=456175"}],"version-history":[{"count":2,"href":"https:\/\/www.estrategiaconcursos.com.br\/blog\/wp-json\/wp\/v2\/posts\/456175\/revisions"}],"predecessor-version":[{"id":456248,"href":"https:\/\/www.estrategiaconcursos.com.br\/blog\/wp-json\/wp\/v2\/posts\/456175\/revisions\/456248"}],"wp:featuredmedia":[{"embeddable":true,"href":"https:\/\/www.estrategiaconcursos.com.br\/blog\/wp-json\/wp\/v2\/media\/166319"}],"wp:attachment":[{"href":"https:\/\/www.estrategiaconcursos.com.br\/blog\/wp-json\/wp\/v2\/media?parent=456175"}],"wp:term":[{"taxonomy":"category","embeddable":true,"href":"https:\/\/www.estrategiaconcursos.com.br\/blog\/wp-json\/wp\/v2\/categories?post=456175"},{"taxonomy":"post_tag","embeddable":true,"href":"https:\/\/www.estrategiaconcursos.com.br\/blog\/wp-json\/wp\/v2\/tags?post=456175"},{"taxonomy":"tax_estado","embeddable":true,"href":"https:\/\/www.estrategiaconcursos.com.br\/blog\/wp-json\/wp\/v2\/tax_estado?post=456175"}],"curies":[{"name":"wp","href":"https:\/\/api.w.org\/{rel}","templated":true}]}}