{"id":456165,"date":"2019-12-08T01:00:05","date_gmt":"2019-12-08T04:00:05","guid":{"rendered":"https:\/\/www.estrategiaconcursos.com.br\/blog\/?p=456165"},"modified":"2019-12-30T17:49:44","modified_gmt":"2019-12-30T20:49:44","slug":"edital-prefeitura-de-fortaleza-ce-temporaria-de-professores","status":"publish","type":"post","link":"https:\/\/www.estrategiaconcursos.com.br\/blog\/edital-prefeitura-de-fortaleza-ce-temporaria-de-professores\/","title":{"rendered":"Edital Prefeitura de Fortaleza CE: cadastro reserva para Professor"},"content":{"rendered":"\n<p>Em raz\u00e3o de car\u00eancias tempor\u00e1rias e emergenciais na Prefeitura de Fortaleza, capital do estado do Cear\u00e1,  foi publicado, no dia 29 de novembro, edital de sele\u00e7\u00e3o p\u00fablica para forma\u00e7\u00e3o de cadastro reserva de professores substitutos, a serem contratados por tempo determinado, sob o regime de contrato administrativo. <\/p>\n\n\n\n<p>Os candidatos interessados em participar da sele\u00e7\u00e3o tiveram at\u00e9 a data do dia 10 de dezembro de 2019 para entrar no site da banca organizadora do certame, Instituto Municipal de Desenvolvimento de Recursos Humanos &#8211; IMPARH, e realizar a inscri\u00e7\u00e3o no processo seletivo. <\/p>\n\n\n\n<p>O valor da taxa de inscri\u00e7\u00f5es foi de R$ 110,00. Neste artigo voc\u00ea ficar\u00e1 a par de todas as informa\u00e7\u00f5es sobre todo o processo.  <\/p>\n\n\n\n<h2 class=\"wp-block-heading\">Principais datas<\/h2>\n\n\n\n<p class=\"has-background has-very-light-gray-background-color\"><strong>Per\u00edodo de inscri\u00e7\u00f5es<\/strong>: 29 de novembro a 10 de dezembro <br \/><strong>Taxa<\/strong>: R$ 110,00<br \/><strong>Data da Prova<\/strong>: 22 de dezembro <\/p>\n\n\n\n<h2 class=\"wp-block-heading\">Cargos vagos e atribui\u00e7\u00f5es <\/h2>\n\n\n\n<p>Est\u00e3o vagos os cargos para professores com n\u00edvel de escolaridade superior para ministrar aulas nas seguintes \u00e1reas: <\/p>\n\n\n\n<ul class=\"wp-block-list\"><li><em>Artes; <\/em><\/li><li><em>L\u00edngua Inglesa; <\/em><\/li><li><em>Matem\u00e1tica<\/em><\/li><\/ul>\n\n\n\n<p>S\u00e3o atribui\u00e7\u00f5es dos professores substitutos: <\/p>\n\n\n\n<ol class=\"wp-block-list\"><li> Participar da elabora\u00e7\u00e3o da proposta pedag\u00f3gica do estabelecimento de ensino; elaborar e cumprir plano de trabalho, <\/li><li>Zelar pela aprendizagem dos alunos; <\/li><li>Estabelecer estrat\u00e9gias de recupera\u00e7\u00e3o para os alunos de menor rendimento; <\/li><li>Ministrar os dias letivos e horas-aula estabelecidas, al\u00e9m de participar integralmente dos per\u00edodos dedicados ao planejamento, \u00e0 avalia\u00e7\u00e3o e ao desenvolvimento profissional; <\/li><li>Colaborar com as atividades de articula\u00e7\u00e3o da escola com as fam\u00edlias e a comunidade.  <\/li><\/ol>\n\n\n\n<h2 class=\"wp-block-heading\">Etapas do processo <\/h2>\n\n\n\n<p>O processo seletivo ser\u00e1 composto de apenas uma etapa, consistente em uma Prova Objetiva, de car\u00e1ter eliminat\u00f3rio e classificat\u00f3rio. <\/p>\n\n\n\n<p>A prova ter\u00e1 40 quest\u00f5es de m\u00faltipla escolha,  com 04 alternativas de resposta sendo somente uma considerada correta. A cada quest\u00e3o ser\u00e1 atribu\u00eddo 1,0 ponto, totalizando o valor m\u00e1ximo de 40 pontos. <\/p>\n\n\n\n<p>Os candidatos ter\u00e3o o per\u00edodo de <strong>3 horas<\/strong> para resolver as quest\u00f5es no per\u00edodo da tarde do dia <strong>22 de dezembro<\/strong>. <\/p>\n\n\n\n<p>A avalia\u00e7\u00e3o ser\u00e1 dividida em dois grupos: Conhecimentos B\u00e1sicos e Conhecimentos Espec\u00edficos, cada qual contendo 20 quest\u00f5es assim divididas: <\/p>\n\n\n\n<p><em>Conhecimentos B\u00e1sicos<\/em><\/p>\n\n\n\n<ul class=\"wp-block-list\"><li><strong>L\u00edngua Portuguesa<\/strong> &#8211; 10 quest\u00f5es<\/li><li><strong>Did\u00e1tica<\/strong> &#8211; 10 quest\u00f5es<\/li><\/ul>\n\n\n\n<p><em>Conhecimentos Espec\u00edficos <\/em><\/p>\n\n\n\n<ul class=\"wp-block-list\"><li><strong>Disciplina espec\u00edfica da \u00e1rea<\/strong> &#8211; 20 pontos. <\/li><\/ul>\n\n\n\n<p>Ser\u00e3o considerados aprovados os candidatos que acertarem, no m\u00ednimo, 50% das quest\u00f5es da prova objetiva, o que corresponde a 20 pontos. <\/p>\n\n\n\n<p>A contrata\u00e7\u00e3o dos candidatos selecionados ser\u00e1 submetida ao regime jur\u00eddico administrativo, sendo-lhes assegurados o <strong>prazo de contrata\u00e7\u00e3o <\/strong>de at\u00e9 <strong>12 meses <\/strong>e, a depender do interesse de ambas as partes, a sua prorroga\u00e7\u00e3o por, no m\u00e1ximo, <strong>mais 12 meses<\/strong>. <\/p>\n\n\n\n<h2 class=\"has-text-align-center wp-block-heading\" id=\"cursos-assinatura\">Quer estudar para o concurso Prefeitura de Fortaleza CE?<\/h2>\n\n\n\n<p class=\"has-text-align-center\"><em>Quer se preparar agora mesmo? Ent\u00e3o, confira os nossos cursos e comece a estudar para o concurso Prefeitura de Fortaleza:<\/em><\/p>\n\n\n\n<p style=\"font-size:22px\" class=\"has-background has-text-align-center has-light-green-cyan-background-color\"><strong><a rel=\"noreferrer noopener\" href=\"https:\/\/www.estrategiaconcursos.com.br\/cursos\/concurso\/\" target=\"_blank\">Cursos para concursos<\/a><\/strong><\/p>\n\n\n\n<p class=\"has-text-align-center has-medium-font-size\"><em><strong>Assinatura Anual Ilimitada*<\/strong><\/em><\/p>\n\n\n\n<p class=\"has-text-align-center\"><em>Prepare-se com o melhor material e com quem mais aprova em Concursos P\u00fablicos em todo o pa\u00eds. Assine agora a nossa Assinatura Anual e tenha acesso ilimitado* a todos os nossos cursos.<\/em><\/p>\n\n\n\n<p style=\"font-size:22px\" class=\"has-background has-text-align-center has-luminous-vivid-amber-background-color\"><strong>ASSINE AGORA<\/strong>&nbsp;\u2013&nbsp;<strong><a rel=\"noreferrer noopener\" href=\"https:\/\/www.estrategiaconcursos.com.br\/assinaturas\" target=\"_blank\">Assinatura Ilimitada<\/a><\/strong><\/p>\n\n\n\n<p class=\"has-text-align-center has-medium-font-size\"><strong><em>Fique por dentro de todos os concursos<\/em><\/strong><\/p>\n\n\n\n<p style=\"font-size:22px\" class=\"has-background has-text-align-center has-pale-cyan-blue-background-color\"><a rel=\"noreferrer noopener\" aria-label=\"CONCURSOS ABERTOS (abre numa nova aba)\" href=\"https:\/\/www.estrategiaconcursos.com.br\/blog\/concursos-abertos\/\" target=\"_blank\"><strong>CONCURSOS ABERTOS<\/strong><\/a><\/p>\n\n\n\n<p style=\"font-size:22px\" class=\"has-background has-text-align-center has-pale-cyan-blue-background-color\"><a rel=\"noreferrer noopener\" aria-label=\"CONCURSOS&nbsp;2020 (abre numa nova aba)\" href=\"https:\/\/www.estrategiaconcursos.com.br\/blog\/concursos-2020\/\" target=\"_blank\"><strong>CONCURSOS&nbsp;2020<\/strong><\/a><\/p>\n\n\n\n<figure class=\"wp-block-image\"><img loading=\"lazy\" decoding=\"async\" width=\"300\" height=\"102\" src=\"https:\/\/dhg1h5j42swfq.cloudfront.net\/2017\/03\/28152500\/coruja-ficha-tecnica-300x102.png\" alt=\"Ficha t\u00e9cnica do concurso Prefeitura de Fortaleza \" class=\"wp-image-68542\"\/><\/figure>\n\n\n\n<h3 class=\"wp-block-heading\" id=\"ficha-tecnica\"><strong>Informa\u00e7\u00f5es&nbsp;<\/strong>do concurso Prefeitura Fortaleza CE<\/h3>\n\n\n\n<p>\u25ba<strong>Inscri\u00e7\u00f5es<\/strong>: 29\/11 a 10\/12 <br \/>\u25ba<strong>Prova<\/strong>: 22\/12<br \/>\u25ba<strong>Vagas<\/strong>: CR<br \/>\u25ba<strong>Cargos<\/strong>: Professor substituto <br \/>\u25ba<strong>Escolaridade<\/strong>: N\u00edvel superior <br \/>\u25ba<strong>Edital<\/strong>: <strong><a rel=\"noreferrer noopener\" aria-label=\"Edital Prefeitura de Fortaleza CE  (abre numa nova aba)\" href=\"https:\/\/dhg1h5j42swfq.cloudfront.net\/2019\/12\/05141649\/Prof_Substituto_SME.pdf\" target=\"_blank\">Edital Prefeitura de Fortaleza CE <\/a><\/strong><\/p>\n\n\n\n<p><em>Ascom Estrat\u00e9gia<\/em><br \/>ascomestrategia@gmail.com<\/p>\n\n\n\n<p><\/p>\n","protected":false},"excerpt":{"rendered":"<p>Em raz\u00e3o de car\u00eancias tempor\u00e1rias e emergenciais na Prefeitura de Fortaleza, capital do estado do Cear\u00e1, foi publicado, no dia 29 de novembro, edital de sele\u00e7\u00e3o p\u00fablica para forma\u00e7\u00e3o de cadastro reserva de professores substitutos, a serem contratados por tempo determinado, sob o regime de contrato administrativo. Os candidatos interessados em participar da sele\u00e7\u00e3o tiveram [&hellip;]<\/p>\n","protected":false},"author":260,"featured_media":444277,"comment_status":"open","ping_status":"closed","sticky":false,"template":"","format":"standard","meta":{"post_tipo":"article","footnotes":""},"categories":[1],"tags":[],"tax_estado":[],"class_list":["post-456165","post","type-post","status-publish","format-standard","has-post-thumbnail","hentry","category-cursos-e-concursos"],"acf":[],"yoast_head":"<!-- This site is optimized with the Yoast SEO Premium plugin v27.2 (Yoast SEO v27.2) - https:\/\/yoast.com\/product\/yoast-seo-premium-wordpress\/ -->\n<title>Edital Prefeitura de Fortaleza CE: cadastro reserva para Professor<\/title>\n<meta name=\"robots\" content=\"index, follow, max-snippet:-1, max-image-preview:large, max-video-preview:-1\" \/>\n<link rel=\"canonical\" href=\"https:\/\/www.estrategiaconcursos.com.br\/blog\/edital-prefeitura-de-fortaleza-ce-temporaria-de-professores\/\" \/>\n<meta property=\"og:locale\" content=\"pt_BR\" \/>\n<meta property=\"og:type\" content=\"article\" \/>\n<meta property=\"og:title\" content=\"Edital Prefeitura de Fortaleza CE: cadastro reserva para Professor\" \/>\n<meta property=\"og:description\" content=\"Em raz\u00e3o de car\u00eancias tempor\u00e1rias e emergenciais na Prefeitura de Fortaleza, capital do estado do Cear\u00e1, foi publicado, no dia 29 de novembro, edital de sele\u00e7\u00e3o p\u00fablica para forma\u00e7\u00e3o de cadastro reserva de professores substitutos, a serem contratados por tempo determinado, sob o regime de contrato administrativo. Os candidatos interessados em participar da sele\u00e7\u00e3o tiveram [&hellip;]\" \/>\n<meta property=\"og:url\" content=\"https:\/\/www.estrategiaconcursos.com.br\/blog\/edital-prefeitura-de-fortaleza-ce-temporaria-de-professores\/\" \/>\n<meta property=\"og:site_name\" content=\"Estrat\u00e9gia Concursos\" \/>\n<meta property=\"article:published_time\" content=\"2019-12-08T04:00:05+00:00\" \/>\n<meta property=\"article:modified_time\" content=\"2019-12-30T20:49:44+00:00\" \/>\n<meta property=\"og:image\" content=\"https:\/\/dhg1h5j42swfq.cloudfront.net\/2019\/11\/05113857\/Saiu-Edital-5.png\" \/>\n\t<meta property=\"og:image:width\" content=\"1200\" \/>\n\t<meta property=\"og:image:height\" content=\"628\" \/>\n\t<meta property=\"og:image:type\" content=\"image\/png\" \/>\n<meta name=\"author\" content=\"Diego Cerqueira Berbert Vasconcelos\" \/>\n<meta name=\"twitter:card\" content=\"summary_large_image\" \/>\n<meta name=\"twitter:creator\" content=\"@EstratConcursos\" \/>\n<meta name=\"twitter:site\" content=\"@EstratConcursos\" \/>\n<meta name=\"twitter:label1\" content=\"Escrito por\" \/>\n\t<meta name=\"twitter:data1\" content=\"Diego Cerqueira Berbert Vasconcelos\" \/>\n\t<meta name=\"twitter:label2\" content=\"Est. tempo de leitura\" \/>\n\t<meta name=\"twitter:data2\" content=\"3 minutos\" \/>\n<script type=\"application\/ld+json\" class=\"yoast-schema-graph\">{\"@context\":\"https:\/\/schema.org\",\"@graph\":[{\"@type\":\"NewsArticle\",\"@id\":\"https:\/\/www.estrategiaconcursos.com.br\/blog\/edital-prefeitura-de-fortaleza-ce-temporaria-de-professores\/#article\",\"isPartOf\":{\"@id\":\"https:\/\/www.estrategiaconcursos.com.br\/blog\/edital-prefeitura-de-fortaleza-ce-temporaria-de-professores\/\"},\"author\":{\"name\":\"Diego Cerqueira Berbert Vasconcelos\",\"@id\":\"https:\/\/www.estrategiaconcursos.com.br\/blog\/#\/schema\/person\/7fbf898fd336f5ce58a961518beff68c\"},\"headline\":\"Edital Prefeitura de Fortaleza CE: cadastro reserva para Professor\",\"datePublished\":\"2019-12-08T04:00:05+00:00\",\"dateModified\":\"2019-12-30T20:49:44+00:00\",\"mainEntityOfPage\":{\"@id\":\"https:\/\/www.estrategiaconcursos.com.br\/blog\/edital-prefeitura-de-fortaleza-ce-temporaria-de-professores\/\"},\"wordCount\":571,\"commentCount\":0,\"publisher\":{\"@id\":\"https:\/\/www.estrategiaconcursos.com.br\/blog\/#organization\"},\"image\":{\"@id\":\"https:\/\/www.estrategiaconcursos.com.br\/blog\/edital-prefeitura-de-fortaleza-ce-temporaria-de-professores\/#primaryimage\"},\"thumbnailUrl\":\"https:\/\/dhg1h5j42swfq.cloudfront.net\/2019\/11\/05113857\/Saiu-Edital-5.png\",\"articleSection\":[\"Concursos P\u00fablicos\"],\"inLanguage\":\"pt-BR\",\"potentialAction\":[{\"@type\":\"CommentAction\",\"name\":\"Comment\",\"target\":[\"https:\/\/www.estrategiaconcursos.com.br\/blog\/edital-prefeitura-de-fortaleza-ce-temporaria-de-professores\/#respond\"]}],\"copyrightYear\":\"2019\",\"copyrightHolder\":{\"@id\":\"https:\/\/www.estrategiaconcursos.com.br\/blog\/#organization\"}},{\"@type\":\"WebPage\",\"@id\":\"https:\/\/www.estrategiaconcursos.com.br\/blog\/edital-prefeitura-de-fortaleza-ce-temporaria-de-professores\/\",\"url\":\"https:\/\/www.estrategiaconcursos.com.br\/blog\/edital-prefeitura-de-fortaleza-ce-temporaria-de-professores\/\",\"name\":\"Edital Prefeitura de Fortaleza CE: cadastro reserva para Professor\",\"isPartOf\":{\"@id\":\"https:\/\/www.estrategiaconcursos.com.br\/blog\/#website\"},\"primaryImageOfPage\":{\"@id\":\"https:\/\/www.estrategiaconcursos.com.br\/blog\/edital-prefeitura-de-fortaleza-ce-temporaria-de-professores\/#primaryimage\"},\"image\":{\"@id\":\"https:\/\/www.estrategiaconcursos.com.br\/blog\/edital-prefeitura-de-fortaleza-ce-temporaria-de-professores\/#primaryimage\"},\"thumbnailUrl\":\"https:\/\/dhg1h5j42swfq.cloudfront.net\/2019\/11\/05113857\/Saiu-Edital-5.png\",\"datePublished\":\"2019-12-08T04:00:05+00:00\",\"dateModified\":\"2019-12-30T20:49:44+00:00\",\"breadcrumb\":{\"@id\":\"https:\/\/www.estrategiaconcursos.com.br\/blog\/edital-prefeitura-de-fortaleza-ce-temporaria-de-professores\/#breadcrumb\"},\"inLanguage\":\"pt-BR\",\"potentialAction\":[{\"@type\":\"ReadAction\",\"target\":[\"https:\/\/www.estrategiaconcursos.com.br\/blog\/edital-prefeitura-de-fortaleza-ce-temporaria-de-professores\/\"]}]},{\"@type\":\"ImageObject\",\"inLanguage\":\"pt-BR\",\"@id\":\"https:\/\/www.estrategiaconcursos.com.br\/blog\/edital-prefeitura-de-fortaleza-ce-temporaria-de-professores\/#primaryimage\",\"url\":\"https:\/\/dhg1h5j42swfq.cloudfront.net\/2019\/11\/05113857\/Saiu-Edital-5.png\",\"contentUrl\":\"https:\/\/dhg1h5j42swfq.cloudfront.net\/2019\/11\/05113857\/Saiu-Edital-5.png\",\"width\":1200,\"height\":628,\"caption\":\"Edital CRF MA\"},{\"@type\":\"BreadcrumbList\",\"@id\":\"https:\/\/www.estrategiaconcursos.com.br\/blog\/edital-prefeitura-de-fortaleza-ce-temporaria-de-professores\/#breadcrumb\",\"itemListElement\":[{\"@type\":\"ListItem\",\"position\":1,\"name\":\"In\u00edcio\",\"item\":\"https:\/\/www.estrategiaconcursos.com.br\/blog\/\"},{\"@type\":\"ListItem\",\"position\":2,\"name\":\"Edital Prefeitura de Fortaleza CE: cadastro reserva para Professor\"}]},{\"@type\":\"WebSite\",\"@id\":\"https:\/\/www.estrategiaconcursos.com.br\/blog\/#website\",\"url\":\"https:\/\/www.estrategiaconcursos.com.br\/blog\/\",\"name\":\"Estrat\u00e9gia Concursos\",\"description\":\"O blog da Estrat\u00e9gia Concursos traz not\u00edcias sobre concursos e artigos de professores oferecendo cursos para concursos (pdf + videaulas) no site.\",\"publisher\":{\"@id\":\"https:\/\/www.estrategiaconcursos.com.br\/blog\/#organization\"},\"potentialAction\":[{\"@type\":\"SearchAction\",\"target\":{\"@type\":\"EntryPoint\",\"urlTemplate\":\"https:\/\/www.estrategiaconcursos.com.br\/blog\/?s={search_term_string}\"},\"query-input\":{\"@type\":\"PropertyValueSpecification\",\"valueRequired\":true,\"valueName\":\"search_term_string\"}}],\"inLanguage\":\"pt-BR\"},{\"@type\":\"Organization\",\"@id\":\"https:\/\/www.estrategiaconcursos.com.br\/blog\/#organization\",\"name\":\"Estrat\u00e9gia Concursos\",\"url\":\"https:\/\/www.estrategiaconcursos.com.br\/blog\/\",\"logo\":{\"@type\":\"ImageObject\",\"inLanguage\":\"pt-BR\",\"@id\":\"https:\/\/www.estrategiaconcursos.com.br\/blog\/#\/schema\/logo\/image\/\",\"url\":\"https:\/\/dhg1h5j42swfq.cloudfront.net\/2025\/06\/03203428\/logo_concursos-1.jpg\",\"contentUrl\":\"https:\/\/dhg1h5j42swfq.cloudfront.net\/2025\/06\/03203428\/logo_concursos-1.jpg\",\"width\":230,\"height\":60,\"caption\":\"Estrat\u00e9gia Concursos\"},\"image\":{\"@id\":\"https:\/\/www.estrategiaconcursos.com.br\/blog\/#\/schema\/logo\/image\/\"},\"sameAs\":[\"https:\/\/x.com\/EstratConcursos\"]},{\"@type\":\"Person\",\"@id\":\"https:\/\/www.estrategiaconcursos.com.br\/blog\/#\/schema\/person\/7fbf898fd336f5ce58a961518beff68c\",\"name\":\"Diego Cerqueira Berbert Vasconcelos\",\"image\":{\"@type\":\"ImageObject\",\"inLanguage\":\"pt-BR\",\"@id\":\"https:\/\/secure.gravatar.com\/avatar\/ed2d045a7390980cad1a92d24dcc39d10ef55b88fcb9fb9c047979bf4ddeb1ce?s=96&d=mm&r=g\",\"url\":\"https:\/\/secure.gravatar.com\/avatar\/ed2d045a7390980cad1a92d24dcc39d10ef55b88fcb9fb9c047979bf4ddeb1ce?s=96&d=mm&r=g\",\"contentUrl\":\"https:\/\/secure.gravatar.com\/avatar\/ed2d045a7390980cad1a92d24dcc39d10ef55b88fcb9fb9c047979bf4ddeb1ce?s=96&d=mm&r=g\",\"caption\":\"Diego Cerqueira Berbert Vasconcelos\"},\"url\":\"https:\/\/www.estrategiaconcursos.com.br\/blog\/author\/diegocerqueiraestrategiaconcursos-com-br\/\"}]}<\/script>\n<!-- \/ Yoast SEO Premium plugin. -->","yoast_head_json":{"title":"Edital Prefeitura de Fortaleza CE: cadastro reserva para Professor","robots":{"index":"index","follow":"follow","max-snippet":"max-snippet:-1","max-image-preview":"max-image-preview:large","max-video-preview":"max-video-preview:-1"},"canonical":"https:\/\/www.estrategiaconcursos.com.br\/blog\/edital-prefeitura-de-fortaleza-ce-temporaria-de-professores\/","og_locale":"pt_BR","og_type":"article","og_title":"Edital Prefeitura de Fortaleza CE: cadastro reserva para Professor","og_description":"Em raz\u00e3o de car\u00eancias tempor\u00e1rias e emergenciais na Prefeitura de Fortaleza, capital do estado do Cear\u00e1, foi publicado, no dia 29 de novembro, edital de sele\u00e7\u00e3o p\u00fablica para forma\u00e7\u00e3o de cadastro reserva de professores substitutos, a serem contratados por tempo determinado, sob o regime de contrato administrativo. Os candidatos interessados em participar da sele\u00e7\u00e3o tiveram [&hellip;]","og_url":"https:\/\/www.estrategiaconcursos.com.br\/blog\/edital-prefeitura-de-fortaleza-ce-temporaria-de-professores\/","og_site_name":"Estrat\u00e9gia Concursos","article_published_time":"2019-12-08T04:00:05+00:00","article_modified_time":"2019-12-30T20:49:44+00:00","og_image":[{"width":1200,"height":628,"url":"https:\/\/dhg1h5j42swfq.cloudfront.net\/2019\/11\/05113857\/Saiu-Edital-5.png","type":"image\/png"}],"author":"Diego Cerqueira Berbert Vasconcelos","twitter_card":"summary_large_image","twitter_creator":"@EstratConcursos","twitter_site":"@EstratConcursos","twitter_misc":{"Escrito por":"Diego Cerqueira Berbert Vasconcelos","Est. tempo de leitura":"3 minutos"},"schema":{"@context":"https:\/\/schema.org","@graph":[{"@type":"NewsArticle","@id":"https:\/\/www.estrategiaconcursos.com.br\/blog\/edital-prefeitura-de-fortaleza-ce-temporaria-de-professores\/#article","isPartOf":{"@id":"https:\/\/www.estrategiaconcursos.com.br\/blog\/edital-prefeitura-de-fortaleza-ce-temporaria-de-professores\/"},"author":{"name":"Diego Cerqueira Berbert Vasconcelos","@id":"https:\/\/www.estrategiaconcursos.com.br\/blog\/#\/schema\/person\/7fbf898fd336f5ce58a961518beff68c"},"headline":"Edital Prefeitura de Fortaleza CE: cadastro reserva para Professor","datePublished":"2019-12-08T04:00:05+00:00","dateModified":"2019-12-30T20:49:44+00:00","mainEntityOfPage":{"@id":"https:\/\/www.estrategiaconcursos.com.br\/blog\/edital-prefeitura-de-fortaleza-ce-temporaria-de-professores\/"},"wordCount":571,"commentCount":0,"publisher":{"@id":"https:\/\/www.estrategiaconcursos.com.br\/blog\/#organization"},"image":{"@id":"https:\/\/www.estrategiaconcursos.com.br\/blog\/edital-prefeitura-de-fortaleza-ce-temporaria-de-professores\/#primaryimage"},"thumbnailUrl":"https:\/\/dhg1h5j42swfq.cloudfront.net\/2019\/11\/05113857\/Saiu-Edital-5.png","articleSection":["Concursos P\u00fablicos"],"inLanguage":"pt-BR","potentialAction":[{"@type":"CommentAction","name":"Comment","target":["https:\/\/www.estrategiaconcursos.com.br\/blog\/edital-prefeitura-de-fortaleza-ce-temporaria-de-professores\/#respond"]}],"copyrightYear":"2019","copyrightHolder":{"@id":"https:\/\/www.estrategiaconcursos.com.br\/blog\/#organization"}},{"@type":"WebPage","@id":"https:\/\/www.estrategiaconcursos.com.br\/blog\/edital-prefeitura-de-fortaleza-ce-temporaria-de-professores\/","url":"https:\/\/www.estrategiaconcursos.com.br\/blog\/edital-prefeitura-de-fortaleza-ce-temporaria-de-professores\/","name":"Edital Prefeitura de Fortaleza CE: cadastro reserva para Professor","isPartOf":{"@id":"https:\/\/www.estrategiaconcursos.com.br\/blog\/#website"},"primaryImageOfPage":{"@id":"https:\/\/www.estrategiaconcursos.com.br\/blog\/edital-prefeitura-de-fortaleza-ce-temporaria-de-professores\/#primaryimage"},"image":{"@id":"https:\/\/www.estrategiaconcursos.com.br\/blog\/edital-prefeitura-de-fortaleza-ce-temporaria-de-professores\/#primaryimage"},"thumbnailUrl":"https:\/\/dhg1h5j42swfq.cloudfront.net\/2019\/11\/05113857\/Saiu-Edital-5.png","datePublished":"2019-12-08T04:00:05+00:00","dateModified":"2019-12-30T20:49:44+00:00","breadcrumb":{"@id":"https:\/\/www.estrategiaconcursos.com.br\/blog\/edital-prefeitura-de-fortaleza-ce-temporaria-de-professores\/#breadcrumb"},"inLanguage":"pt-BR","potentialAction":[{"@type":"ReadAction","target":["https:\/\/www.estrategiaconcursos.com.br\/blog\/edital-prefeitura-de-fortaleza-ce-temporaria-de-professores\/"]}]},{"@type":"ImageObject","inLanguage":"pt-BR","@id":"https:\/\/www.estrategiaconcursos.com.br\/blog\/edital-prefeitura-de-fortaleza-ce-temporaria-de-professores\/#primaryimage","url":"https:\/\/dhg1h5j42swfq.cloudfront.net\/2019\/11\/05113857\/Saiu-Edital-5.png","contentUrl":"https:\/\/dhg1h5j42swfq.cloudfront.net\/2019\/11\/05113857\/Saiu-Edital-5.png","width":1200,"height":628,"caption":"Edital CRF MA"},{"@type":"BreadcrumbList","@id":"https:\/\/www.estrategiaconcursos.com.br\/blog\/edital-prefeitura-de-fortaleza-ce-temporaria-de-professores\/#breadcrumb","itemListElement":[{"@type":"ListItem","position":1,"name":"In\u00edcio","item":"https:\/\/www.estrategiaconcursos.com.br\/blog\/"},{"@type":"ListItem","position":2,"name":"Edital Prefeitura de Fortaleza CE: cadastro reserva para Professor"}]},{"@type":"WebSite","@id":"https:\/\/www.estrategiaconcursos.com.br\/blog\/#website","url":"https:\/\/www.estrategiaconcursos.com.br\/blog\/","name":"Estrat\u00e9gia Concursos","description":"O blog da Estrat\u00e9gia Concursos traz not\u00edcias sobre concursos e artigos de professores oferecendo cursos para concursos (pdf + videaulas) no site.","publisher":{"@id":"https:\/\/www.estrategiaconcursos.com.br\/blog\/#organization"},"potentialAction":[{"@type":"SearchAction","target":{"@type":"EntryPoint","urlTemplate":"https:\/\/www.estrategiaconcursos.com.br\/blog\/?s={search_term_string}"},"query-input":{"@type":"PropertyValueSpecification","valueRequired":true,"valueName":"search_term_string"}}],"inLanguage":"pt-BR"},{"@type":"Organization","@id":"https:\/\/www.estrategiaconcursos.com.br\/blog\/#organization","name":"Estrat\u00e9gia Concursos","url":"https:\/\/www.estrategiaconcursos.com.br\/blog\/","logo":{"@type":"ImageObject","inLanguage":"pt-BR","@id":"https:\/\/www.estrategiaconcursos.com.br\/blog\/#\/schema\/logo\/image\/","url":"https:\/\/dhg1h5j42swfq.cloudfront.net\/2025\/06\/03203428\/logo_concursos-1.jpg","contentUrl":"https:\/\/dhg1h5j42swfq.cloudfront.net\/2025\/06\/03203428\/logo_concursos-1.jpg","width":230,"height":60,"caption":"Estrat\u00e9gia Concursos"},"image":{"@id":"https:\/\/www.estrategiaconcursos.com.br\/blog\/#\/schema\/logo\/image\/"},"sameAs":["https:\/\/x.com\/EstratConcursos"]},{"@type":"Person","@id":"https:\/\/www.estrategiaconcursos.com.br\/blog\/#\/schema\/person\/7fbf898fd336f5ce58a961518beff68c","name":"Diego Cerqueira Berbert Vasconcelos","image":{"@type":"ImageObject","inLanguage":"pt-BR","@id":"https:\/\/secure.gravatar.com\/avatar\/ed2d045a7390980cad1a92d24dcc39d10ef55b88fcb9fb9c047979bf4ddeb1ce?s=96&d=mm&r=g","url":"https:\/\/secure.gravatar.com\/avatar\/ed2d045a7390980cad1a92d24dcc39d10ef55b88fcb9fb9c047979bf4ddeb1ce?s=96&d=mm&r=g","contentUrl":"https:\/\/secure.gravatar.com\/avatar\/ed2d045a7390980cad1a92d24dcc39d10ef55b88fcb9fb9c047979bf4ddeb1ce?s=96&d=mm&r=g","caption":"Diego Cerqueira Berbert Vasconcelos"},"url":"https:\/\/www.estrategiaconcursos.com.br\/blog\/author\/diegocerqueiraestrategiaconcursos-com-br\/"}]}},"_links":{"self":[{"href":"https:\/\/www.estrategiaconcursos.com.br\/blog\/wp-json\/wp\/v2\/posts\/456165","targetHints":{"allow":["GET"]}}],"collection":[{"href":"https:\/\/www.estrategiaconcursos.com.br\/blog\/wp-json\/wp\/v2\/posts"}],"about":[{"href":"https:\/\/www.estrategiaconcursos.com.br\/blog\/wp-json\/wp\/v2\/types\/post"}],"author":[{"embeddable":true,"href":"https:\/\/www.estrategiaconcursos.com.br\/blog\/wp-json\/wp\/v2\/users\/260"}],"replies":[{"embeddable":true,"href":"https:\/\/www.estrategiaconcursos.com.br\/blog\/wp-json\/wp\/v2\/comments?post=456165"}],"version-history":[{"count":16,"href":"https:\/\/www.estrategiaconcursos.com.br\/blog\/wp-json\/wp\/v2\/posts\/456165\/revisions"}],"predecessor-version":[{"id":464802,"href":"https:\/\/www.estrategiaconcursos.com.br\/blog\/wp-json\/wp\/v2\/posts\/456165\/revisions\/464802"}],"wp:featuredmedia":[{"embeddable":true,"href":"https:\/\/www.estrategiaconcursos.com.br\/blog\/wp-json\/wp\/v2\/media\/444277"}],"wp:attachment":[{"href":"https:\/\/www.estrategiaconcursos.com.br\/blog\/wp-json\/wp\/v2\/media?parent=456165"}],"wp:term":[{"taxonomy":"category","embeddable":true,"href":"https:\/\/www.estrategiaconcursos.com.br\/blog\/wp-json\/wp\/v2\/categories?post=456165"},{"taxonomy":"post_tag","embeddable":true,"href":"https:\/\/www.estrategiaconcursos.com.br\/blog\/wp-json\/wp\/v2\/tags?post=456165"},{"taxonomy":"tax_estado","embeddable":true,"href":"https:\/\/www.estrategiaconcursos.com.br\/blog\/wp-json\/wp\/v2\/tax_estado?post=456165"}],"curies":[{"name":"wp","href":"https:\/\/api.w.org\/{rel}","templated":true}]}}