{"id":456100,"date":"2019-12-05T10:56:29","date_gmt":"2019-12-05T13:56:29","guid":{"rendered":"https:\/\/www.estrategiaconcursos.com.br\/blog\/?p=456100"},"modified":"2019-12-05T10:56:33","modified_gmt":"2019-12-05T13:56:33","slug":"aulao-presencial-de-vespera-pcdf","status":"publish","type":"post","link":"https:\/\/www.estrategiaconcursos.com.br\/blog\/aulao-presencial-de-vespera-pcdf\/","title":{"rendered":"Aul\u00e3o Presencial de V\u00e9spera PCDF vai acontecer em Bras\u00edlia"},"content":{"rendered":"\n<p>O aguardado edital da <strong><a rel=\"noreferrer noopener\" aria-label=\" (abre numa nova aba)\" href=\"https:\/\/www.estrategiaconcursos.com.br\/blog\/edital-pcdf-escrivao\/\" target=\"_blank\">Pol\u00edcia Civil do Distrito Federal<\/a><\/strong> com <strong>300 vagas<\/strong> imediatas para Escriv\u00e3o de Pol\u00edcia foi publicado e as provas est\u00e3o marcadas para o dia <strong>15 de mar\u00e7o de 2020<\/strong>.  <\/p>\n\n\n\n<p> Pensando nisso, o Estrat\u00e9gia Concursos ir\u00e1 realizar no <strong>14 de mar\u00e7o<\/strong> um\u00a0<strong>Aul\u00e3o Especial Presencial<\/strong>, focado  nos pontos mais importantes do edital concurso da\u00a0<strong>PCDF<\/strong>, com maior probabilidade de ca\u00edrem na sua prova.<\/p>\n\n\n\n<p>Nossa equipe vai desembarcar em <strong>Bras\u00edlia<\/strong> para acompanhar voc\u00eas nesse dia decisivo. Ser\u00e1 um grande evento que vai contar com conte\u00fados focados no edital do certame e resolu\u00e7\u00e3o de quest\u00f5es com dicas importantes para te deixar ainda mais seguro para a prova.<\/p>\n\n\n\n<p>No dia, voc\u00eas ainda poder\u00e3o interagir com os nossos professores, n\u00e3o \u00e9 legal?<\/p>\n\n\n\n<h2 class=\"wp-block-heading\">Assinantes t\u00eam desconto<\/h2>\n\n\n\n<p>Uma boa not\u00edcia \u00e9 que se voc\u00ea \u00e9 Assinante em qualquer um dos nossos planos (de um ou dois anos), ter\u00e1&nbsp;<em><strong>um desconto especial de 50% no valor do ingresso<\/strong><\/em>. Assim que voc\u00ea efetuar a compra do seu passaporte para o evento,&nbsp;o desconto ser\u00e1 abatido no ato da inscri\u00e7\u00e3o. Corra e garanta j\u00e1 a sua participa\u00e7\u00e3o neste grande evento porque as&nbsp;<em><strong>vagas s\u00e3o limitadas!<\/strong><\/em><\/p>\n\n\n\n<p class=\"has-medium-font-size\"><em>Quem n\u00e3o \u00e9 assinante, pode participar?<\/em><\/p>\n\n\n\n<p><em>SIM!! \u00c9 claro! Voc\u00ea ser\u00e1 bem-vindo! Se voc\u00ea n\u00e3o \u00e9 nosso assinante, nem mesmo \u00e9 aluno do Estrat\u00e9gia Concursos, vai poder participar do evento e conhecer nossa equipe de professores de perto. \u00c9 s\u00f3 adquirir o ingresso em nosso site&nbsp;<strong>no valor<\/strong>, \u00e0 vista ou pagos em at\u00e9 12x no cart\u00e3o.<\/em><\/p>\n\n\n\n<h2 class=\"wp-block-heading\"><strong><a href=\"https:\/\/www.estrategiaconcursos.com.br\/curso\/aulao-presencial-de-vespera-para-pc-df-escrivao-14-03-2019\/\">Dia 14\/03  \u2013 Aul\u00e3o Presencial PCDF<\/a><\/strong><\/h2>\n\n\n\n<p style=\"font-size:25px\"><strong>Lotes de Ingressos<\/strong><\/p>\n\n\n\n<p class=\"has-medium-font-size\"><a rel=\"noreferrer noopener\" aria-label=\"1\u00ba lote - at\u00e9 01\/01 - R$ 49,00 (abre numa nova aba)\" href=\"https:\/\/www.estrategiaconcursos.com.br\/curso\/aulao-presencial-de-vespera-para-pc-df-escrivao-14-03-2019\/\" target=\"_blank\"><strong>1\u00ba lote <\/strong><\/a><em><a rel=\"noreferrer noopener\" aria-label=\"1\u00ba lote - at\u00e9 01\/01 - R$ 49,00 (abre numa nova aba)\" href=\"https:\/\/www.estrategiaconcursos.com.br\/curso\/aulao-presencial-de-vespera-para-pc-df-escrivao-14-03-2019\/\" target=\"_blank\"><strong>&#8211; at\u00e9 01\/01 &#8211; R$ 49,00<\/strong><\/a><strong><br \/><\/strong><\/em>2\u00ba lote <em>&#8211; at\u00e9 31\/01 &#8211; R$ 59,00<\/em><br \/>3\u00ba lote <em>&#8211; depois de 01\/02 &#8211; R$ 78,00<\/em> <\/p>\n\n\n\n<p style=\"font-size:30px;text-align:center\" class=\"has-background has-luminous-vivid-amber-background-color\"><strong><em><span style=\"text-decoration: underline;\"><a href=\"https:\/\/www.estrategiaconcursos.com.br\/curso\/aulao-presencial-de-vespera-para-pc-df-escrivao-14-03-2019\/\" target=\"_blank\" rel=\"noreferrer noopener\" aria-label=\"Quero meu Ingresso! (abre numa nova aba)\">Quero meu Ingresso!<\/a><\/span><\/em><\/strong><\/p>\n\n\n<p><!--EndFragment--><br \/><br \/><\/p>","protected":false},"excerpt":{"rendered":"<p>O aguardado edital da Pol\u00edcia Civil do Distrito Federal com 300 vagas imediatas para Escriv\u00e3o de Pol\u00edcia foi publicado e as provas est\u00e3o marcadas para o dia 15 de mar\u00e7o de 2020. Pensando nisso, o Estrat\u00e9gia Concursos ir\u00e1 realizar no 14 de mar\u00e7o um\u00a0Aul\u00e3o Especial Presencial, focado nos pontos mais importantes do edital concurso da\u00a0PCDF, [&hellip;]<\/p>\n","protected":false},"author":552,"featured_media":167034,"comment_status":"open","ping_status":"closed","sticky":false,"template":"","format":"standard","meta":{"post_tipo":"article","footnotes":""},"categories":[1,1988],"tags":[],"tax_estado":[],"class_list":["post-456100","post","type-post","status-publish","format-standard","has-post-thumbnail","hentry","category-cursos-e-concursos","category-policia"],"acf":[],"yoast_head":"<!-- This site is optimized with the Yoast SEO Premium plugin v27.2 (Yoast SEO v27.2) - https:\/\/yoast.com\/product\/yoast-seo-premium-wordpress\/ -->\n<title>Aul\u00e3o Presencial de V\u00e9spera PCDF vai acontecer em Bras\u00edlia<\/title>\n<meta name=\"robots\" content=\"index, follow, max-snippet:-1, max-image-preview:large, max-video-preview:-1\" \/>\n<link rel=\"canonical\" href=\"https:\/\/www.estrategiaconcursos.com.br\/blog\/aulao-presencial-de-vespera-pcdf\/\" \/>\n<meta property=\"og:locale\" content=\"pt_BR\" \/>\n<meta property=\"og:type\" content=\"article\" \/>\n<meta property=\"og:title\" content=\"Aul\u00e3o Presencial de V\u00e9spera PCDF vai acontecer em Bras\u00edlia\" \/>\n<meta property=\"og:description\" content=\"O aguardado edital da Pol\u00edcia Civil do Distrito Federal com 300 vagas imediatas para Escriv\u00e3o de Pol\u00edcia foi publicado e as provas est\u00e3o marcadas para o dia 15 de mar\u00e7o de 2020. Pensando nisso, o Estrat\u00e9gia Concursos ir\u00e1 realizar no 14 de mar\u00e7o um\u00a0Aul\u00e3o Especial Presencial, focado nos pontos mais importantes do edital concurso da\u00a0PCDF, [&hellip;]\" \/>\n<meta property=\"og:url\" content=\"https:\/\/www.estrategiaconcursos.com.br\/blog\/aulao-presencial-de-vespera-pcdf\/\" \/>\n<meta property=\"og:site_name\" content=\"Estrat\u00e9gia Concursos\" \/>\n<meta property=\"article:published_time\" content=\"2019-12-05T13:56:29+00:00\" \/>\n<meta property=\"article:modified_time\" content=\"2019-12-05T13:56:33+00:00\" \/>\n<meta property=\"og:image\" content=\"https:\/\/dhg1h5j42swfq.cloudfront.net\/2019\/02\/20085705\/PCDF_NOME1.jpg\" \/>\n\t<meta property=\"og:image:width\" content=\"1200\" \/>\n\t<meta property=\"og:image:height\" content=\"628\" \/>\n\t<meta property=\"og:image:type\" content=\"image\/jpeg\" \/>\n<meta name=\"author\" content=\"Paulo Bilynskyj\" \/>\n<meta name=\"twitter:card\" content=\"summary_large_image\" \/>\n<meta name=\"twitter:creator\" content=\"@EstratConcursos\" \/>\n<meta name=\"twitter:site\" content=\"@EstratConcursos\" \/>\n<meta name=\"twitter:label1\" content=\"Escrito por\" \/>\n\t<meta name=\"twitter:data1\" content=\"Paulo Bilynskyj\" \/>\n\t<meta name=\"twitter:label2\" content=\"Est. tempo de leitura\" \/>\n\t<meta name=\"twitter:data2\" content=\"1 minuto\" \/>\n<script type=\"application\/ld+json\" class=\"yoast-schema-graph\">{\"@context\":\"https:\/\/schema.org\",\"@graph\":[{\"@type\":\"NewsArticle\",\"@id\":\"https:\/\/www.estrategiaconcursos.com.br\/blog\/aulao-presencial-de-vespera-pcdf\/#article\",\"isPartOf\":{\"@id\":\"https:\/\/www.estrategiaconcursos.com.br\/blog\/aulao-presencial-de-vespera-pcdf\/\"},\"author\":{\"name\":\"Paulo Bilynskyj\",\"@id\":\"https:\/\/www.estrategiaconcursos.com.br\/blog\/#\/schema\/person\/a630b15e36f45b4c21fed01219843cb5\"},\"headline\":\"Aul\u00e3o Presencial de V\u00e9spera PCDF vai acontecer em Bras\u00edlia\",\"datePublished\":\"2019-12-05T13:56:29+00:00\",\"dateModified\":\"2019-12-05T13:56:33+00:00\",\"mainEntityOfPage\":{\"@id\":\"https:\/\/www.estrategiaconcursos.com.br\/blog\/aulao-presencial-de-vespera-pcdf\/\"},\"wordCount\":300,\"commentCount\":0,\"publisher\":{\"@id\":\"https:\/\/www.estrategiaconcursos.com.br\/blog\/#organization\"},\"image\":{\"@id\":\"https:\/\/www.estrategiaconcursos.com.br\/blog\/aulao-presencial-de-vespera-pcdf\/#primaryimage\"},\"thumbnailUrl\":\"https:\/\/dhg1h5j42swfq.cloudfront.net\/2019\/02\/20085705\/PCDF_NOME1.jpg\",\"articleSection\":[\"Concursos P\u00fablicos\",\"Policial (Agente, Escriv\u00e3o e Investigador)\"],\"inLanguage\":\"pt-BR\",\"potentialAction\":[{\"@type\":\"CommentAction\",\"name\":\"Comment\",\"target\":[\"https:\/\/www.estrategiaconcursos.com.br\/blog\/aulao-presencial-de-vespera-pcdf\/#respond\"]}],\"copyrightYear\":\"2019\",\"copyrightHolder\":{\"@id\":\"https:\/\/www.estrategiaconcursos.com.br\/blog\/#organization\"}},{\"@type\":\"WebPage\",\"@id\":\"https:\/\/www.estrategiaconcursos.com.br\/blog\/aulao-presencial-de-vespera-pcdf\/\",\"url\":\"https:\/\/www.estrategiaconcursos.com.br\/blog\/aulao-presencial-de-vespera-pcdf\/\",\"name\":\"Aul\u00e3o Presencial de V\u00e9spera PCDF vai acontecer em Bras\u00edlia\",\"isPartOf\":{\"@id\":\"https:\/\/www.estrategiaconcursos.com.br\/blog\/#website\"},\"primaryImageOfPage\":{\"@id\":\"https:\/\/www.estrategiaconcursos.com.br\/blog\/aulao-presencial-de-vespera-pcdf\/#primaryimage\"},\"image\":{\"@id\":\"https:\/\/www.estrategiaconcursos.com.br\/blog\/aulao-presencial-de-vespera-pcdf\/#primaryimage\"},\"thumbnailUrl\":\"https:\/\/dhg1h5j42swfq.cloudfront.net\/2019\/02\/20085705\/PCDF_NOME1.jpg\",\"datePublished\":\"2019-12-05T13:56:29+00:00\",\"dateModified\":\"2019-12-05T13:56:33+00:00\",\"breadcrumb\":{\"@id\":\"https:\/\/www.estrategiaconcursos.com.br\/blog\/aulao-presencial-de-vespera-pcdf\/#breadcrumb\"},\"inLanguage\":\"pt-BR\",\"potentialAction\":[{\"@type\":\"ReadAction\",\"target\":[\"https:\/\/www.estrategiaconcursos.com.br\/blog\/aulao-presencial-de-vespera-pcdf\/\"]}]},{\"@type\":\"ImageObject\",\"inLanguage\":\"pt-BR\",\"@id\":\"https:\/\/www.estrategiaconcursos.com.br\/blog\/aulao-presencial-de-vespera-pcdf\/#primaryimage\",\"url\":\"https:\/\/dhg1h5j42swfq.cloudfront.net\/2019\/02\/20085705\/PCDF_NOME1.jpg\",\"contentUrl\":\"https:\/\/dhg1h5j42swfq.cloudfront.net\/2019\/02\/20085705\/PCDF_NOME1.jpg\",\"width\":1200,\"height\":628},{\"@type\":\"BreadcrumbList\",\"@id\":\"https:\/\/www.estrategiaconcursos.com.br\/blog\/aulao-presencial-de-vespera-pcdf\/#breadcrumb\",\"itemListElement\":[{\"@type\":\"ListItem\",\"position\":1,\"name\":\"In\u00edcio\",\"item\":\"https:\/\/www.estrategiaconcursos.com.br\/blog\/\"},{\"@type\":\"ListItem\",\"position\":2,\"name\":\"Aul\u00e3o Presencial de V\u00e9spera PCDF vai acontecer em Bras\u00edlia\"}]},{\"@type\":\"WebSite\",\"@id\":\"https:\/\/www.estrategiaconcursos.com.br\/blog\/#website\",\"url\":\"https:\/\/www.estrategiaconcursos.com.br\/blog\/\",\"name\":\"Estrat\u00e9gia Concursos\",\"description\":\"O blog da Estrat\u00e9gia Concursos traz not\u00edcias sobre concursos e artigos de professores oferecendo cursos para concursos (pdf + videaulas) no site.\",\"publisher\":{\"@id\":\"https:\/\/www.estrategiaconcursos.com.br\/blog\/#organization\"},\"potentialAction\":[{\"@type\":\"SearchAction\",\"target\":{\"@type\":\"EntryPoint\",\"urlTemplate\":\"https:\/\/www.estrategiaconcursos.com.br\/blog\/?s={search_term_string}\"},\"query-input\":{\"@type\":\"PropertyValueSpecification\",\"valueRequired\":true,\"valueName\":\"search_term_string\"}}],\"inLanguage\":\"pt-BR\"},{\"@type\":\"Organization\",\"@id\":\"https:\/\/www.estrategiaconcursos.com.br\/blog\/#organization\",\"name\":\"Estrat\u00e9gia Concursos\",\"url\":\"https:\/\/www.estrategiaconcursos.com.br\/blog\/\",\"logo\":{\"@type\":\"ImageObject\",\"inLanguage\":\"pt-BR\",\"@id\":\"https:\/\/www.estrategiaconcursos.com.br\/blog\/#\/schema\/logo\/image\/\",\"url\":\"https:\/\/dhg1h5j42swfq.cloudfront.net\/2025\/06\/03203428\/logo_concursos-1.jpg\",\"contentUrl\":\"https:\/\/dhg1h5j42swfq.cloudfront.net\/2025\/06\/03203428\/logo_concursos-1.jpg\",\"width\":230,\"height\":60,\"caption\":\"Estrat\u00e9gia Concursos\"},\"image\":{\"@id\":\"https:\/\/www.estrategiaconcursos.com.br\/blog\/#\/schema\/logo\/image\/\"},\"sameAs\":[\"https:\/\/x.com\/EstratConcursos\"]},{\"@type\":\"Person\",\"@id\":\"https:\/\/www.estrategiaconcursos.com.br\/blog\/#\/schema\/person\/a630b15e36f45b4c21fed01219843cb5\",\"name\":\"Paulo Bilynskyj\",\"image\":{\"@type\":\"ImageObject\",\"inLanguage\":\"pt-BR\",\"@id\":\"https:\/\/secure.gravatar.com\/avatar\/37e21f70c9042e7456beffdc6d31fe051f3f6dcbf252f69343a791b144852057?s=96&d=mm&r=g\",\"url\":\"https:\/\/secure.gravatar.com\/avatar\/37e21f70c9042e7456beffdc6d31fe051f3f6dcbf252f69343a791b144852057?s=96&d=mm&r=g\",\"contentUrl\":\"https:\/\/secure.gravatar.com\/avatar\/37e21f70c9042e7456beffdc6d31fe051f3f6dcbf252f69343a791b144852057?s=96&d=mm&r=g\",\"caption\":\"Paulo Bilynskyj\"},\"url\":\"https:\/\/www.estrategiaconcursos.com.br\/blog\/author\/pbilynskyjgmail-com\/\"}]}<\/script>\n<!-- \/ Yoast SEO Premium plugin. -->","yoast_head_json":{"title":"Aul\u00e3o Presencial de V\u00e9spera PCDF vai acontecer em Bras\u00edlia","robots":{"index":"index","follow":"follow","max-snippet":"max-snippet:-1","max-image-preview":"max-image-preview:large","max-video-preview":"max-video-preview:-1"},"canonical":"https:\/\/www.estrategiaconcursos.com.br\/blog\/aulao-presencial-de-vespera-pcdf\/","og_locale":"pt_BR","og_type":"article","og_title":"Aul\u00e3o Presencial de V\u00e9spera PCDF vai acontecer em Bras\u00edlia","og_description":"O aguardado edital da Pol\u00edcia Civil do Distrito Federal com 300 vagas imediatas para Escriv\u00e3o de Pol\u00edcia foi publicado e as provas est\u00e3o marcadas para o dia 15 de mar\u00e7o de 2020. Pensando nisso, o Estrat\u00e9gia Concursos ir\u00e1 realizar no 14 de mar\u00e7o um\u00a0Aul\u00e3o Especial Presencial, focado nos pontos mais importantes do edital concurso da\u00a0PCDF, [&hellip;]","og_url":"https:\/\/www.estrategiaconcursos.com.br\/blog\/aulao-presencial-de-vespera-pcdf\/","og_site_name":"Estrat\u00e9gia Concursos","article_published_time":"2019-12-05T13:56:29+00:00","article_modified_time":"2019-12-05T13:56:33+00:00","og_image":[{"width":1200,"height":628,"url":"https:\/\/dhg1h5j42swfq.cloudfront.net\/2019\/02\/20085705\/PCDF_NOME1.jpg","type":"image\/jpeg"}],"author":"Paulo Bilynskyj","twitter_card":"summary_large_image","twitter_creator":"@EstratConcursos","twitter_site":"@EstratConcursos","twitter_misc":{"Escrito por":"Paulo Bilynskyj","Est. tempo de leitura":"1 minuto"},"schema":{"@context":"https:\/\/schema.org","@graph":[{"@type":"NewsArticle","@id":"https:\/\/www.estrategiaconcursos.com.br\/blog\/aulao-presencial-de-vespera-pcdf\/#article","isPartOf":{"@id":"https:\/\/www.estrategiaconcursos.com.br\/blog\/aulao-presencial-de-vespera-pcdf\/"},"author":{"name":"Paulo Bilynskyj","@id":"https:\/\/www.estrategiaconcursos.com.br\/blog\/#\/schema\/person\/a630b15e36f45b4c21fed01219843cb5"},"headline":"Aul\u00e3o Presencial de V\u00e9spera PCDF vai acontecer em Bras\u00edlia","datePublished":"2019-12-05T13:56:29+00:00","dateModified":"2019-12-05T13:56:33+00:00","mainEntityOfPage":{"@id":"https:\/\/www.estrategiaconcursos.com.br\/blog\/aulao-presencial-de-vespera-pcdf\/"},"wordCount":300,"commentCount":0,"publisher":{"@id":"https:\/\/www.estrategiaconcursos.com.br\/blog\/#organization"},"image":{"@id":"https:\/\/www.estrategiaconcursos.com.br\/blog\/aulao-presencial-de-vespera-pcdf\/#primaryimage"},"thumbnailUrl":"https:\/\/dhg1h5j42swfq.cloudfront.net\/2019\/02\/20085705\/PCDF_NOME1.jpg","articleSection":["Concursos P\u00fablicos","Policial (Agente, Escriv\u00e3o e Investigador)"],"inLanguage":"pt-BR","potentialAction":[{"@type":"CommentAction","name":"Comment","target":["https:\/\/www.estrategiaconcursos.com.br\/blog\/aulao-presencial-de-vespera-pcdf\/#respond"]}],"copyrightYear":"2019","copyrightHolder":{"@id":"https:\/\/www.estrategiaconcursos.com.br\/blog\/#organization"}},{"@type":"WebPage","@id":"https:\/\/www.estrategiaconcursos.com.br\/blog\/aulao-presencial-de-vespera-pcdf\/","url":"https:\/\/www.estrategiaconcursos.com.br\/blog\/aulao-presencial-de-vespera-pcdf\/","name":"Aul\u00e3o Presencial de V\u00e9spera PCDF vai acontecer em Bras\u00edlia","isPartOf":{"@id":"https:\/\/www.estrategiaconcursos.com.br\/blog\/#website"},"primaryImageOfPage":{"@id":"https:\/\/www.estrategiaconcursos.com.br\/blog\/aulao-presencial-de-vespera-pcdf\/#primaryimage"},"image":{"@id":"https:\/\/www.estrategiaconcursos.com.br\/blog\/aulao-presencial-de-vespera-pcdf\/#primaryimage"},"thumbnailUrl":"https:\/\/dhg1h5j42swfq.cloudfront.net\/2019\/02\/20085705\/PCDF_NOME1.jpg","datePublished":"2019-12-05T13:56:29+00:00","dateModified":"2019-12-05T13:56:33+00:00","breadcrumb":{"@id":"https:\/\/www.estrategiaconcursos.com.br\/blog\/aulao-presencial-de-vespera-pcdf\/#breadcrumb"},"inLanguage":"pt-BR","potentialAction":[{"@type":"ReadAction","target":["https:\/\/www.estrategiaconcursos.com.br\/blog\/aulao-presencial-de-vespera-pcdf\/"]}]},{"@type":"ImageObject","inLanguage":"pt-BR","@id":"https:\/\/www.estrategiaconcursos.com.br\/blog\/aulao-presencial-de-vespera-pcdf\/#primaryimage","url":"https:\/\/dhg1h5j42swfq.cloudfront.net\/2019\/02\/20085705\/PCDF_NOME1.jpg","contentUrl":"https:\/\/dhg1h5j42swfq.cloudfront.net\/2019\/02\/20085705\/PCDF_NOME1.jpg","width":1200,"height":628},{"@type":"BreadcrumbList","@id":"https:\/\/www.estrategiaconcursos.com.br\/blog\/aulao-presencial-de-vespera-pcdf\/#breadcrumb","itemListElement":[{"@type":"ListItem","position":1,"name":"In\u00edcio","item":"https:\/\/www.estrategiaconcursos.com.br\/blog\/"},{"@type":"ListItem","position":2,"name":"Aul\u00e3o Presencial de V\u00e9spera PCDF vai acontecer em Bras\u00edlia"}]},{"@type":"WebSite","@id":"https:\/\/www.estrategiaconcursos.com.br\/blog\/#website","url":"https:\/\/www.estrategiaconcursos.com.br\/blog\/","name":"Estrat\u00e9gia Concursos","description":"O blog da Estrat\u00e9gia Concursos traz not\u00edcias sobre concursos e artigos de professores oferecendo cursos para concursos (pdf + videaulas) no site.","publisher":{"@id":"https:\/\/www.estrategiaconcursos.com.br\/blog\/#organization"},"potentialAction":[{"@type":"SearchAction","target":{"@type":"EntryPoint","urlTemplate":"https:\/\/www.estrategiaconcursos.com.br\/blog\/?s={search_term_string}"},"query-input":{"@type":"PropertyValueSpecification","valueRequired":true,"valueName":"search_term_string"}}],"inLanguage":"pt-BR"},{"@type":"Organization","@id":"https:\/\/www.estrategiaconcursos.com.br\/blog\/#organization","name":"Estrat\u00e9gia Concursos","url":"https:\/\/www.estrategiaconcursos.com.br\/blog\/","logo":{"@type":"ImageObject","inLanguage":"pt-BR","@id":"https:\/\/www.estrategiaconcursos.com.br\/blog\/#\/schema\/logo\/image\/","url":"https:\/\/dhg1h5j42swfq.cloudfront.net\/2025\/06\/03203428\/logo_concursos-1.jpg","contentUrl":"https:\/\/dhg1h5j42swfq.cloudfront.net\/2025\/06\/03203428\/logo_concursos-1.jpg","width":230,"height":60,"caption":"Estrat\u00e9gia Concursos"},"image":{"@id":"https:\/\/www.estrategiaconcursos.com.br\/blog\/#\/schema\/logo\/image\/"},"sameAs":["https:\/\/x.com\/EstratConcursos"]},{"@type":"Person","@id":"https:\/\/www.estrategiaconcursos.com.br\/blog\/#\/schema\/person\/a630b15e36f45b4c21fed01219843cb5","name":"Paulo Bilynskyj","image":{"@type":"ImageObject","inLanguage":"pt-BR","@id":"https:\/\/secure.gravatar.com\/avatar\/37e21f70c9042e7456beffdc6d31fe051f3f6dcbf252f69343a791b144852057?s=96&d=mm&r=g","url":"https:\/\/secure.gravatar.com\/avatar\/37e21f70c9042e7456beffdc6d31fe051f3f6dcbf252f69343a791b144852057?s=96&d=mm&r=g","contentUrl":"https:\/\/secure.gravatar.com\/avatar\/37e21f70c9042e7456beffdc6d31fe051f3f6dcbf252f69343a791b144852057?s=96&d=mm&r=g","caption":"Paulo Bilynskyj"},"url":"https:\/\/www.estrategiaconcursos.com.br\/blog\/author\/pbilynskyjgmail-com\/"}]}},"_links":{"self":[{"href":"https:\/\/www.estrategiaconcursos.com.br\/blog\/wp-json\/wp\/v2\/posts\/456100","targetHints":{"allow":["GET"]}}],"collection":[{"href":"https:\/\/www.estrategiaconcursos.com.br\/blog\/wp-json\/wp\/v2\/posts"}],"about":[{"href":"https:\/\/www.estrategiaconcursos.com.br\/blog\/wp-json\/wp\/v2\/types\/post"}],"author":[{"embeddable":true,"href":"https:\/\/www.estrategiaconcursos.com.br\/blog\/wp-json\/wp\/v2\/users\/552"}],"replies":[{"embeddable":true,"href":"https:\/\/www.estrategiaconcursos.com.br\/blog\/wp-json\/wp\/v2\/comments?post=456100"}],"version-history":[{"count":3,"href":"https:\/\/www.estrategiaconcursos.com.br\/blog\/wp-json\/wp\/v2\/posts\/456100\/revisions"}],"predecessor-version":[{"id":456135,"href":"https:\/\/www.estrategiaconcursos.com.br\/blog\/wp-json\/wp\/v2\/posts\/456100\/revisions\/456135"}],"wp:featuredmedia":[{"embeddable":true,"href":"https:\/\/www.estrategiaconcursos.com.br\/blog\/wp-json\/wp\/v2\/media\/167034"}],"wp:attachment":[{"href":"https:\/\/www.estrategiaconcursos.com.br\/blog\/wp-json\/wp\/v2\/media?parent=456100"}],"wp:term":[{"taxonomy":"category","embeddable":true,"href":"https:\/\/www.estrategiaconcursos.com.br\/blog\/wp-json\/wp\/v2\/categories?post=456100"},{"taxonomy":"post_tag","embeddable":true,"href":"https:\/\/www.estrategiaconcursos.com.br\/blog\/wp-json\/wp\/v2\/tags?post=456100"},{"taxonomy":"tax_estado","embeddable":true,"href":"https:\/\/www.estrategiaconcursos.com.br\/blog\/wp-json\/wp\/v2\/tax_estado?post=456100"}],"curies":[{"name":"wp","href":"https:\/\/api.w.org\/{rel}","templated":true}]}}