{"id":456081,"date":"2019-12-05T10:49:21","date_gmt":"2019-12-05T13:49:21","guid":{"rendered":"https:\/\/www.estrategiaconcursos.com.br\/blog\/?p=456081"},"modified":"2019-12-05T10:49:23","modified_gmt":"2019-12-05T13:49:23","slug":"convocacao-prova-concurso-iss-porto-alegre","status":"publish","type":"post","link":"https:\/\/www.estrategiaconcursos.com.br\/blog\/convocacao-prova-concurso-iss-porto-alegre\/","title":{"rendered":"Convoca\u00e7\u00e3o para prova objetiva do concurso ISS Porto Alegre \u00e9 publicada"},"content":{"rendered":"\n<p>Foi publicada a convoca\u00e7\u00e3o para as provas objetivas do <strong>concurso ISS Porto Alegre<\/strong>, que oferta 02 vagas ao cargo de Auditor Fiscal da Receita Municipal.  Sob organiza\u00e7\u00e3o da Funda\u00e7\u00e3o Universidade Empresa de Tecnologia e Ci\u00eancias \u2013 Fundatec, <strong><em>1.790 candidatos inscritos<\/em><\/strong> devem comparecer para realiza\u00e7\u00e3o da prova.<\/p>\n\n\n\n<p>Sua aplica\u00e7\u00e3o acontece na <em>PUC \u2013 Pr\u00e9dio 11, situada na Avenida Ipiranga, 6681 \u2013 Partenon, no Munic\u00edpio de Porto Alegre\/RS<\/em>, no dia <strong>15 de dezembro (domingo)<\/strong>, em dois turnos distintos.<\/p>\n\n\n\n<p>O candidato deve consultar o seu local de prova, bem como o n\u00famero da sala, pelo site da Fundatec, atrav\u00e9s do link \u201cConsulta da Data, Hora e Local da Prova Te\u00f3rico-Objetiva\u201d.  <\/p>\n\n\n\n<h3 class=\"wp-block-heading\"><em>BLOCO I \u2013 Manh\u00e3: <\/em><\/h3>\n\n\n\n<ul class=\"wp-block-list\"><li><strong>Tempo de prova:<\/strong> 04 horas para a resolu\u00e7\u00e3o da Prova Te\u00f3rico-Objetiva e preenchimento da Grade de Respostas<\/li><li><strong>Hor\u00e1rio de apresenta\u00e7\u00e3o dos candidatos:<\/strong> 08h<\/li><li><strong>Hor\u00e1rio de fechamento dos port\u00f5es:<\/strong> 09h<\/li><li><strong>In\u00edcio das Provas:<\/strong> 09h10<\/li><\/ul>\n\n\n\n<h3 class=\"wp-block-heading\"><em>BLOCO II \u2013 Tarde: <\/em><\/h3>\n\n\n\n<ul class=\"wp-block-list\"><li><strong>Tempo de prova:<\/strong> 04 horas para a resolu\u00e7\u00e3o da Prova Te\u00f3rico-Objetiva e preenchimento da Grade de Respostas<\/li><li><strong>Hor\u00e1rio de apresenta\u00e7\u00e3o dos candidatos:<\/strong> 14h45<\/li><li><strong>Hor\u00e1rio de fechamento dos port\u00f5es:<\/strong> 15h30<\/li><li><strong>In\u00edcio das Provas:<\/strong> 15h40 <\/li><\/ul>\n\n\n\n<p class=\"has-background has-medium-font-size has-very-light-gray-background-color\">\u25ba<strong><a href=\"https:\/\/dhg1h5j42swfq.cloudfront.net\/2019\/12\/05104733\/convoca%C3%A7%C3%A3o_iss_poa.pdf\" target=\"_blank\" rel=\"noreferrer noopener\" aria-label=\"Edital de Convoca\u00e7\u00e3o (abre numa nova aba)\">Edital de Convoca\u00e7\u00e3o<\/a><\/strong><\/p>\n\n\n\n<hr class=\"wp-block-separator\"\/>\n\n\n\n<p style=\"font-size:22px;text-align:center\" class=\"has-background has-light-green-cyan-background-color\"><strong>Saiba mais: <\/strong><a rel=\"noreferrer noopener\" aria-label=\"Concurso ISS Porto Alegre (abre numa nova aba)\" href=\"https:\/\/www.estrategiaconcursos.com.br\/blog\/concurso-iss-porto-alegre\/\" target=\"_blank\"><strong>Concurso ISS Porto Alegre<\/strong><\/a><\/p>\n\n\n\n<p style=\"text-align:center\" class=\"has-medium-font-size\"><em><strong>Assinatura Anual Ilimitada*<\/strong><\/em><\/p>\n\n\n\n<p style=\"text-align:center\"><em>Prepare-se com o melhor material e com quem mais aprova em Concursos P\u00fablicos em todo o pa\u00eds. Assine agora a nossa Assinatura Anual e tenha acesso ilimitado* a todos os nossos cursos.<\/em><\/p>\n\n\n\n<p style=\"font-size:22px;text-align:center\" class=\"has-background has-luminous-vivid-amber-background-color\"><strong>ASSINE AGORA\u00a0\u2013\u00a0<\/strong><a rel=\"noreferrer noopener\" href=\"https:\/\/www.estrategiaconcursos.com.br\/assinaturas\" target=\"_blank\"><strong>Assinatura Ilimitada<\/strong><\/a><\/p>\n\n\n\n<p style=\"text-align:center\" class=\"has-medium-font-size\"><strong><em>Fique por dentro de todos os concursos<\/em><\/strong><\/p>\n\n\n\n<p style=\"font-size:22px;text-align:center\" class=\"has-background has-pale-cyan-blue-background-color\"><a rel=\"noreferrer noopener\" aria-label=\"CONCURSOS ABERTOS (abre numa nova aba)\" href=\"https:\/\/www.estrategiaconcursos.com.br\/blog\/concursos-abertos\/\" target=\"_blank\"><strong>CONCURSOS ABERTOS<\/strong><\/a><\/p>\n\n\n\n<p style=\"font-size:22px;text-align:center\" class=\"has-background has-pale-cyan-blue-background-color\"><a rel=\"noreferrer noopener\" aria-label=\"CONCURSOS 2019 (abre numa nova aba)\" href=\"https:\/\/www.estrategiaconcursos.com.br\/blog\/concursos-2019\/\" target=\"_blank\"><strong>CONCURSOS 2019<\/strong><\/a><\/p>\n\n\n\n<p style=\"font-size:22px;text-align:center\" class=\"has-background has-pale-cyan-blue-background-color\"><a rel=\"noreferrer noopener\" aria-label=\"CONCURSOS\u00a02020 (abre numa nova aba)\" href=\"https:\/\/www.estrategiaconcursos.com.br\/blog\/concursos-2020\/\" target=\"_blank\"><strong>CONCURSOS\u00a02020<\/strong><\/a><\/p>\n","protected":false},"excerpt":{"rendered":"<p>Foi publicada a convoca\u00e7\u00e3o para as provas objetivas do concurso ISS Porto Alegre, que oferta 02 vagas ao cargo de Auditor Fiscal da Receita Municipal. Sob organiza\u00e7\u00e3o da Funda\u00e7\u00e3o Universidade Empresa de Tecnologia e Ci\u00eancias \u2013 Fundatec, 1.790 candidatos inscritos devem comparecer para realiza\u00e7\u00e3o da prova. Sua aplica\u00e7\u00e3o acontece na PUC \u2013 Pr\u00e9dio 11, situada [&hellip;]<\/p>\n","protected":false},"author":1276,"featured_media":374734,"comment_status":"open","ping_status":"closed","sticky":false,"template":"","format":"standard","meta":{"post_tipo":"article","footnotes":""},"categories":[1],"tags":[],"tax_estado":[],"class_list":["post-456081","post","type-post","status-publish","format-standard","has-post-thumbnail","hentry","category-cursos-e-concursos"],"acf":[],"yoast_head":"<!-- This site is optimized with the Yoast SEO Premium plugin v27.2 (Yoast SEO v27.2) - https:\/\/yoast.com\/product\/yoast-seo-premium-wordpress\/ -->\n<title>Convoca\u00e7\u00e3o para prova objetiva do concurso ISS Porto Alegre \u00e9 publicada<\/title>\n<meta name=\"robots\" content=\"index, follow, max-snippet:-1, max-image-preview:large, max-video-preview:-1\" \/>\n<link rel=\"canonical\" href=\"https:\/\/www.estrategiaconcursos.com.br\/blog\/convocacao-prova-concurso-iss-porto-alegre\/\" \/>\n<meta property=\"og:locale\" content=\"pt_BR\" \/>\n<meta property=\"og:type\" content=\"article\" \/>\n<meta property=\"og:title\" content=\"Convoca\u00e7\u00e3o para prova objetiva do concurso ISS Porto Alegre \u00e9 publicada\" \/>\n<meta property=\"og:description\" content=\"Foi publicada a convoca\u00e7\u00e3o para as provas objetivas do concurso ISS Porto Alegre, que oferta 02 vagas ao cargo de Auditor Fiscal da Receita Municipal. Sob organiza\u00e7\u00e3o da Funda\u00e7\u00e3o Universidade Empresa de Tecnologia e Ci\u00eancias \u2013 Fundatec, 1.790 candidatos inscritos devem comparecer para realiza\u00e7\u00e3o da prova. Sua aplica\u00e7\u00e3o acontece na PUC \u2013 Pr\u00e9dio 11, situada [&hellip;]\" \/>\n<meta property=\"og:url\" content=\"https:\/\/www.estrategiaconcursos.com.br\/blog\/convocacao-prova-concurso-iss-porto-alegre\/\" \/>\n<meta property=\"og:site_name\" content=\"Estrat\u00e9gia Concursos\" \/>\n<meta property=\"article:published_time\" content=\"2019-12-05T13:49:21+00:00\" \/>\n<meta property=\"article:modified_time\" content=\"2019-12-05T13:49:23+00:00\" \/>\n<meta property=\"og:image\" content=\"https:\/\/dhg1h5j42swfq.cloudfront.net\/2019\/01\/16161646\/ISS-PORTO-ALEGRE1-e1558034215621.jpg\" \/>\n\t<meta property=\"og:image:width\" content=\"400\" \/>\n\t<meta property=\"og:image:height\" content=\"209\" \/>\n\t<meta property=\"og:image:type\" content=\"image\/jpeg\" \/>\n<meta name=\"author\" content=\"Victor Shinichi Tanaka\" \/>\n<meta name=\"twitter:card\" content=\"summary_large_image\" \/>\n<meta name=\"twitter:creator\" content=\"@EstratConcursos\" \/>\n<meta name=\"twitter:site\" content=\"@EstratConcursos\" \/>\n<meta name=\"twitter:label1\" content=\"Escrito por\" \/>\n\t<meta name=\"twitter:data1\" content=\"Victor Shinichi Tanaka\" \/>\n\t<meta name=\"twitter:label2\" content=\"Est. tempo de leitura\" \/>\n\t<meta name=\"twitter:data2\" content=\"1 minuto\" \/>\n<script type=\"application\/ld+json\" class=\"yoast-schema-graph\">{\"@context\":\"https:\/\/schema.org\",\"@graph\":[{\"@type\":\"NewsArticle\",\"@id\":\"https:\/\/www.estrategiaconcursos.com.br\/blog\/convocacao-prova-concurso-iss-porto-alegre\/#article\",\"isPartOf\":{\"@id\":\"https:\/\/www.estrategiaconcursos.com.br\/blog\/convocacao-prova-concurso-iss-porto-alegre\/\"},\"author\":{\"name\":\"Victor Shinichi Tanaka\",\"@id\":\"https:\/\/www.estrategiaconcursos.com.br\/blog\/#\/schema\/person\/602a4eaf2bed921c107675da3a65b0e0\"},\"headline\":\"Convoca\u00e7\u00e3o para prova objetiva do concurso ISS Porto Alegre \u00e9 publicada\",\"datePublished\":\"2019-12-05T13:49:21+00:00\",\"dateModified\":\"2019-12-05T13:49:23+00:00\",\"mainEntityOfPage\":{\"@id\":\"https:\/\/www.estrategiaconcursos.com.br\/blog\/convocacao-prova-concurso-iss-porto-alegre\/\"},\"wordCount\":268,\"commentCount\":0,\"publisher\":{\"@id\":\"https:\/\/www.estrategiaconcursos.com.br\/blog\/#organization\"},\"image\":{\"@id\":\"https:\/\/www.estrategiaconcursos.com.br\/blog\/convocacao-prova-concurso-iss-porto-alegre\/#primaryimage\"},\"thumbnailUrl\":\"https:\/\/dhg1h5j42swfq.cloudfront.net\/2019\/01\/16161646\/ISS-PORTO-ALEGRE1-e1558034215621.jpg\",\"articleSection\":[\"Concursos P\u00fablicos\"],\"inLanguage\":\"pt-BR\",\"potentialAction\":[{\"@type\":\"CommentAction\",\"name\":\"Comment\",\"target\":[\"https:\/\/www.estrategiaconcursos.com.br\/blog\/convocacao-prova-concurso-iss-porto-alegre\/#respond\"]}],\"copyrightYear\":\"2019\",\"copyrightHolder\":{\"@id\":\"https:\/\/www.estrategiaconcursos.com.br\/blog\/#organization\"}},{\"@type\":\"WebPage\",\"@id\":\"https:\/\/www.estrategiaconcursos.com.br\/blog\/convocacao-prova-concurso-iss-porto-alegre\/\",\"url\":\"https:\/\/www.estrategiaconcursos.com.br\/blog\/convocacao-prova-concurso-iss-porto-alegre\/\",\"name\":\"Convoca\u00e7\u00e3o para prova objetiva do concurso ISS Porto Alegre \u00e9 publicada\",\"isPartOf\":{\"@id\":\"https:\/\/www.estrategiaconcursos.com.br\/blog\/#website\"},\"primaryImageOfPage\":{\"@id\":\"https:\/\/www.estrategiaconcursos.com.br\/blog\/convocacao-prova-concurso-iss-porto-alegre\/#primaryimage\"},\"image\":{\"@id\":\"https:\/\/www.estrategiaconcursos.com.br\/blog\/convocacao-prova-concurso-iss-porto-alegre\/#primaryimage\"},\"thumbnailUrl\":\"https:\/\/dhg1h5j42swfq.cloudfront.net\/2019\/01\/16161646\/ISS-PORTO-ALEGRE1-e1558034215621.jpg\",\"datePublished\":\"2019-12-05T13:49:21+00:00\",\"dateModified\":\"2019-12-05T13:49:23+00:00\",\"breadcrumb\":{\"@id\":\"https:\/\/www.estrategiaconcursos.com.br\/blog\/convocacao-prova-concurso-iss-porto-alegre\/#breadcrumb\"},\"inLanguage\":\"pt-BR\",\"potentialAction\":[{\"@type\":\"ReadAction\",\"target\":[\"https:\/\/www.estrategiaconcursos.com.br\/blog\/convocacao-prova-concurso-iss-porto-alegre\/\"]}]},{\"@type\":\"ImageObject\",\"inLanguage\":\"pt-BR\",\"@id\":\"https:\/\/www.estrategiaconcursos.com.br\/blog\/convocacao-prova-concurso-iss-porto-alegre\/#primaryimage\",\"url\":\"https:\/\/dhg1h5j42swfq.cloudfront.net\/2019\/01\/16161646\/ISS-PORTO-ALEGRE1-e1558034215621.jpg\",\"contentUrl\":\"https:\/\/dhg1h5j42swfq.cloudfront.net\/2019\/01\/16161646\/ISS-PORTO-ALEGRE1-e1558034215621.jpg\",\"width\":400,\"height\":209,\"caption\":\"concurso iss porto alegre\"},{\"@type\":\"BreadcrumbList\",\"@id\":\"https:\/\/www.estrategiaconcursos.com.br\/blog\/convocacao-prova-concurso-iss-porto-alegre\/#breadcrumb\",\"itemListElement\":[{\"@type\":\"ListItem\",\"position\":1,\"name\":\"In\u00edcio\",\"item\":\"https:\/\/www.estrategiaconcursos.com.br\/blog\/\"},{\"@type\":\"ListItem\",\"position\":2,\"name\":\"Convoca\u00e7\u00e3o para prova objetiva do concurso ISS Porto Alegre \u00e9 publicada\"}]},{\"@type\":\"WebSite\",\"@id\":\"https:\/\/www.estrategiaconcursos.com.br\/blog\/#website\",\"url\":\"https:\/\/www.estrategiaconcursos.com.br\/blog\/\",\"name\":\"Estrat\u00e9gia Concursos\",\"description\":\"O blog da Estrat\u00e9gia Concursos traz not\u00edcias sobre concursos e artigos de professores oferecendo cursos para concursos (pdf + videaulas) no site.\",\"publisher\":{\"@id\":\"https:\/\/www.estrategiaconcursos.com.br\/blog\/#organization\"},\"potentialAction\":[{\"@type\":\"SearchAction\",\"target\":{\"@type\":\"EntryPoint\",\"urlTemplate\":\"https:\/\/www.estrategiaconcursos.com.br\/blog\/?s={search_term_string}\"},\"query-input\":{\"@type\":\"PropertyValueSpecification\",\"valueRequired\":true,\"valueName\":\"search_term_string\"}}],\"inLanguage\":\"pt-BR\"},{\"@type\":\"Organization\",\"@id\":\"https:\/\/www.estrategiaconcursos.com.br\/blog\/#organization\",\"name\":\"Estrat\u00e9gia Concursos\",\"url\":\"https:\/\/www.estrategiaconcursos.com.br\/blog\/\",\"logo\":{\"@type\":\"ImageObject\",\"inLanguage\":\"pt-BR\",\"@id\":\"https:\/\/www.estrategiaconcursos.com.br\/blog\/#\/schema\/logo\/image\/\",\"url\":\"https:\/\/dhg1h5j42swfq.cloudfront.net\/2025\/06\/03203428\/logo_concursos-1.jpg\",\"contentUrl\":\"https:\/\/dhg1h5j42swfq.cloudfront.net\/2025\/06\/03203428\/logo_concursos-1.jpg\",\"width\":230,\"height\":60,\"caption\":\"Estrat\u00e9gia Concursos\"},\"image\":{\"@id\":\"https:\/\/www.estrategiaconcursos.com.br\/blog\/#\/schema\/logo\/image\/\"},\"sameAs\":[\"https:\/\/x.com\/EstratConcursos\"]},{\"@type\":\"Person\",\"@id\":\"https:\/\/www.estrategiaconcursos.com.br\/blog\/#\/schema\/person\/602a4eaf2bed921c107675da3a65b0e0\",\"name\":\"Victor Shinichi Tanaka\",\"image\":{\"@type\":\"ImageObject\",\"inLanguage\":\"pt-BR\",\"@id\":\"https:\/\/secure.gravatar.com\/avatar\/3772723eea77b2e6a2231e357d6339c6c129c6fb65cda4d02d0f3ca700221333?s=96&d=mm&r=g\",\"url\":\"https:\/\/secure.gravatar.com\/avatar\/3772723eea77b2e6a2231e357d6339c6c129c6fb65cda4d02d0f3ca700221333?s=96&d=mm&r=g\",\"contentUrl\":\"https:\/\/secure.gravatar.com\/avatar\/3772723eea77b2e6a2231e357d6339c6c129c6fb65cda4d02d0f3ca700221333?s=96&d=mm&r=g\",\"caption\":\"Victor Shinichi Tanaka\"},\"url\":\"https:\/\/www.estrategiaconcursos.com.br\/blog\/author\/victorstanakagmail-com\/\"}]}<\/script>\n<!-- \/ Yoast SEO Premium plugin. -->","yoast_head_json":{"title":"Convoca\u00e7\u00e3o para prova objetiva do concurso ISS Porto Alegre \u00e9 publicada","robots":{"index":"index","follow":"follow","max-snippet":"max-snippet:-1","max-image-preview":"max-image-preview:large","max-video-preview":"max-video-preview:-1"},"canonical":"https:\/\/www.estrategiaconcursos.com.br\/blog\/convocacao-prova-concurso-iss-porto-alegre\/","og_locale":"pt_BR","og_type":"article","og_title":"Convoca\u00e7\u00e3o para prova objetiva do concurso ISS Porto Alegre \u00e9 publicada","og_description":"Foi publicada a convoca\u00e7\u00e3o para as provas objetivas do concurso ISS Porto Alegre, que oferta 02 vagas ao cargo de Auditor Fiscal da Receita Municipal. Sob organiza\u00e7\u00e3o da Funda\u00e7\u00e3o Universidade Empresa de Tecnologia e Ci\u00eancias \u2013 Fundatec, 1.790 candidatos inscritos devem comparecer para realiza\u00e7\u00e3o da prova. Sua aplica\u00e7\u00e3o acontece na PUC \u2013 Pr\u00e9dio 11, situada [&hellip;]","og_url":"https:\/\/www.estrategiaconcursos.com.br\/blog\/convocacao-prova-concurso-iss-porto-alegre\/","og_site_name":"Estrat\u00e9gia Concursos","article_published_time":"2019-12-05T13:49:21+00:00","article_modified_time":"2019-12-05T13:49:23+00:00","og_image":[{"width":400,"height":209,"url":"https:\/\/dhg1h5j42swfq.cloudfront.net\/2019\/01\/16161646\/ISS-PORTO-ALEGRE1-e1558034215621.jpg","type":"image\/jpeg"}],"author":"Victor Shinichi Tanaka","twitter_card":"summary_large_image","twitter_creator":"@EstratConcursos","twitter_site":"@EstratConcursos","twitter_misc":{"Escrito por":"Victor Shinichi Tanaka","Est. tempo de leitura":"1 minuto"},"schema":{"@context":"https:\/\/schema.org","@graph":[{"@type":"NewsArticle","@id":"https:\/\/www.estrategiaconcursos.com.br\/blog\/convocacao-prova-concurso-iss-porto-alegre\/#article","isPartOf":{"@id":"https:\/\/www.estrategiaconcursos.com.br\/blog\/convocacao-prova-concurso-iss-porto-alegre\/"},"author":{"name":"Victor Shinichi Tanaka","@id":"https:\/\/www.estrategiaconcursos.com.br\/blog\/#\/schema\/person\/602a4eaf2bed921c107675da3a65b0e0"},"headline":"Convoca\u00e7\u00e3o para prova objetiva do concurso ISS Porto Alegre \u00e9 publicada","datePublished":"2019-12-05T13:49:21+00:00","dateModified":"2019-12-05T13:49:23+00:00","mainEntityOfPage":{"@id":"https:\/\/www.estrategiaconcursos.com.br\/blog\/convocacao-prova-concurso-iss-porto-alegre\/"},"wordCount":268,"commentCount":0,"publisher":{"@id":"https:\/\/www.estrategiaconcursos.com.br\/blog\/#organization"},"image":{"@id":"https:\/\/www.estrategiaconcursos.com.br\/blog\/convocacao-prova-concurso-iss-porto-alegre\/#primaryimage"},"thumbnailUrl":"https:\/\/dhg1h5j42swfq.cloudfront.net\/2019\/01\/16161646\/ISS-PORTO-ALEGRE1-e1558034215621.jpg","articleSection":["Concursos P\u00fablicos"],"inLanguage":"pt-BR","potentialAction":[{"@type":"CommentAction","name":"Comment","target":["https:\/\/www.estrategiaconcursos.com.br\/blog\/convocacao-prova-concurso-iss-porto-alegre\/#respond"]}],"copyrightYear":"2019","copyrightHolder":{"@id":"https:\/\/www.estrategiaconcursos.com.br\/blog\/#organization"}},{"@type":"WebPage","@id":"https:\/\/www.estrategiaconcursos.com.br\/blog\/convocacao-prova-concurso-iss-porto-alegre\/","url":"https:\/\/www.estrategiaconcursos.com.br\/blog\/convocacao-prova-concurso-iss-porto-alegre\/","name":"Convoca\u00e7\u00e3o para prova objetiva do concurso ISS Porto Alegre \u00e9 publicada","isPartOf":{"@id":"https:\/\/www.estrategiaconcursos.com.br\/blog\/#website"},"primaryImageOfPage":{"@id":"https:\/\/www.estrategiaconcursos.com.br\/blog\/convocacao-prova-concurso-iss-porto-alegre\/#primaryimage"},"image":{"@id":"https:\/\/www.estrategiaconcursos.com.br\/blog\/convocacao-prova-concurso-iss-porto-alegre\/#primaryimage"},"thumbnailUrl":"https:\/\/dhg1h5j42swfq.cloudfront.net\/2019\/01\/16161646\/ISS-PORTO-ALEGRE1-e1558034215621.jpg","datePublished":"2019-12-05T13:49:21+00:00","dateModified":"2019-12-05T13:49:23+00:00","breadcrumb":{"@id":"https:\/\/www.estrategiaconcursos.com.br\/blog\/convocacao-prova-concurso-iss-porto-alegre\/#breadcrumb"},"inLanguage":"pt-BR","potentialAction":[{"@type":"ReadAction","target":["https:\/\/www.estrategiaconcursos.com.br\/blog\/convocacao-prova-concurso-iss-porto-alegre\/"]}]},{"@type":"ImageObject","inLanguage":"pt-BR","@id":"https:\/\/www.estrategiaconcursos.com.br\/blog\/convocacao-prova-concurso-iss-porto-alegre\/#primaryimage","url":"https:\/\/dhg1h5j42swfq.cloudfront.net\/2019\/01\/16161646\/ISS-PORTO-ALEGRE1-e1558034215621.jpg","contentUrl":"https:\/\/dhg1h5j42swfq.cloudfront.net\/2019\/01\/16161646\/ISS-PORTO-ALEGRE1-e1558034215621.jpg","width":400,"height":209,"caption":"concurso iss porto alegre"},{"@type":"BreadcrumbList","@id":"https:\/\/www.estrategiaconcursos.com.br\/blog\/convocacao-prova-concurso-iss-porto-alegre\/#breadcrumb","itemListElement":[{"@type":"ListItem","position":1,"name":"In\u00edcio","item":"https:\/\/www.estrategiaconcursos.com.br\/blog\/"},{"@type":"ListItem","position":2,"name":"Convoca\u00e7\u00e3o para prova objetiva do concurso ISS Porto Alegre \u00e9 publicada"}]},{"@type":"WebSite","@id":"https:\/\/www.estrategiaconcursos.com.br\/blog\/#website","url":"https:\/\/www.estrategiaconcursos.com.br\/blog\/","name":"Estrat\u00e9gia Concursos","description":"O blog da Estrat\u00e9gia Concursos traz not\u00edcias sobre concursos e artigos de professores oferecendo cursos para concursos (pdf + videaulas) no site.","publisher":{"@id":"https:\/\/www.estrategiaconcursos.com.br\/blog\/#organization"},"potentialAction":[{"@type":"SearchAction","target":{"@type":"EntryPoint","urlTemplate":"https:\/\/www.estrategiaconcursos.com.br\/blog\/?s={search_term_string}"},"query-input":{"@type":"PropertyValueSpecification","valueRequired":true,"valueName":"search_term_string"}}],"inLanguage":"pt-BR"},{"@type":"Organization","@id":"https:\/\/www.estrategiaconcursos.com.br\/blog\/#organization","name":"Estrat\u00e9gia Concursos","url":"https:\/\/www.estrategiaconcursos.com.br\/blog\/","logo":{"@type":"ImageObject","inLanguage":"pt-BR","@id":"https:\/\/www.estrategiaconcursos.com.br\/blog\/#\/schema\/logo\/image\/","url":"https:\/\/dhg1h5j42swfq.cloudfront.net\/2025\/06\/03203428\/logo_concursos-1.jpg","contentUrl":"https:\/\/dhg1h5j42swfq.cloudfront.net\/2025\/06\/03203428\/logo_concursos-1.jpg","width":230,"height":60,"caption":"Estrat\u00e9gia Concursos"},"image":{"@id":"https:\/\/www.estrategiaconcursos.com.br\/blog\/#\/schema\/logo\/image\/"},"sameAs":["https:\/\/x.com\/EstratConcursos"]},{"@type":"Person","@id":"https:\/\/www.estrategiaconcursos.com.br\/blog\/#\/schema\/person\/602a4eaf2bed921c107675da3a65b0e0","name":"Victor Shinichi Tanaka","image":{"@type":"ImageObject","inLanguage":"pt-BR","@id":"https:\/\/secure.gravatar.com\/avatar\/3772723eea77b2e6a2231e357d6339c6c129c6fb65cda4d02d0f3ca700221333?s=96&d=mm&r=g","url":"https:\/\/secure.gravatar.com\/avatar\/3772723eea77b2e6a2231e357d6339c6c129c6fb65cda4d02d0f3ca700221333?s=96&d=mm&r=g","contentUrl":"https:\/\/secure.gravatar.com\/avatar\/3772723eea77b2e6a2231e357d6339c6c129c6fb65cda4d02d0f3ca700221333?s=96&d=mm&r=g","caption":"Victor Shinichi Tanaka"},"url":"https:\/\/www.estrategiaconcursos.com.br\/blog\/author\/victorstanakagmail-com\/"}]}},"_links":{"self":[{"href":"https:\/\/www.estrategiaconcursos.com.br\/blog\/wp-json\/wp\/v2\/posts\/456081","targetHints":{"allow":["GET"]}}],"collection":[{"href":"https:\/\/www.estrategiaconcursos.com.br\/blog\/wp-json\/wp\/v2\/posts"}],"about":[{"href":"https:\/\/www.estrategiaconcursos.com.br\/blog\/wp-json\/wp\/v2\/types\/post"}],"author":[{"embeddable":true,"href":"https:\/\/www.estrategiaconcursos.com.br\/blog\/wp-json\/wp\/v2\/users\/1276"}],"replies":[{"embeddable":true,"href":"https:\/\/www.estrategiaconcursos.com.br\/blog\/wp-json\/wp\/v2\/comments?post=456081"}],"version-history":[{"count":1,"href":"https:\/\/www.estrategiaconcursos.com.br\/blog\/wp-json\/wp\/v2\/posts\/456081\/revisions"}],"predecessor-version":[{"id":456115,"href":"https:\/\/www.estrategiaconcursos.com.br\/blog\/wp-json\/wp\/v2\/posts\/456081\/revisions\/456115"}],"wp:featuredmedia":[{"embeddable":true,"href":"https:\/\/www.estrategiaconcursos.com.br\/blog\/wp-json\/wp\/v2\/media\/374734"}],"wp:attachment":[{"href":"https:\/\/www.estrategiaconcursos.com.br\/blog\/wp-json\/wp\/v2\/media?parent=456081"}],"wp:term":[{"taxonomy":"category","embeddable":true,"href":"https:\/\/www.estrategiaconcursos.com.br\/blog\/wp-json\/wp\/v2\/categories?post=456081"},{"taxonomy":"post_tag","embeddable":true,"href":"https:\/\/www.estrategiaconcursos.com.br\/blog\/wp-json\/wp\/v2\/tags?post=456081"},{"taxonomy":"tax_estado","embeddable":true,"href":"https:\/\/www.estrategiaconcursos.com.br\/blog\/wp-json\/wp\/v2\/tax_estado?post=456081"}],"curies":[{"name":"wp","href":"https:\/\/api.w.org\/{rel}","templated":true}]}}