{"id":456017,"date":"2019-12-05T09:46:11","date_gmt":"2019-12-05T12:46:11","guid":{"rendered":"https:\/\/www.estrategiaconcursos.com.br\/blog\/?p=456017"},"modified":"2022-11-30T16:55:39","modified_gmt":"2022-11-30T19:55:39","slug":"edital-pcdf-matematica-e-raciocinio-logico","status":"publish","type":"post","link":"https:\/\/www.estrategiaconcursos.com.br\/blog\/edital-pcdf-matematica-e-raciocinio-logico\/","title":{"rendered":"Edital PCDF &#8211; Matem\u00e1tica e Racioc\u00ednio L\u00f3gico"},"content":{"rendered":"\n<p>Neste artigo, farei uma an\u00e1lise detalhada do conte\u00fado de Matem\u00e1tica e Racioc\u00ednio L\u00f3gico que foi cobrado no edital para o cargo de Escriv\u00e3o da PCDF.<\/p>\n\n\n\n<p>A primeira novidade \u00e9 que foi exclu\u00edda a mat\u00e9ria de Estat\u00edstica e foi inclu\u00edda a mat\u00e9ria de Matem\u00e1tica no edital da PCDF.<\/p>\n\n\n\n<p>Assim, foi mantido todo o conte\u00fado de Racioc\u00ednio L\u00f3gico, que j\u00e1 era esperado, e foram adicionados alguns t\u00f3picos de Matem\u00e1tica.<\/p>\n\n\n\n<p>Os assuntos listados a partir do item 9 formam a base de praticamente todas as provas de Racioc\u00ednio L\u00f3gico organizadas pelo CEBRASPE:<\/p>\n\n\n\n<p><strong>9 Estruturas l\u00f3gicas. 10 L\u00f3gica de argumenta\u00e7\u00e3o. <\/strong>10.1 Analogias, infer\u00eancias, dedu\u00e7\u00f5es e conclus\u00f5es. <strong>11 L\u00f3gica sentencial (ou proposicional). 11.1 Proposi\u00e7\u00f5es simples e compostas. 11.2 Tabelas-verdade. 11.3 Equival\u00eancias. 11.4 Leis de De Morgan. 11.5 Diagramas l\u00f3gicos.<\/strong> 12 L\u00f3gica de primeira ordem. <strong>13 Princ\u00edpios de contagem e probabilidade. 14 Opera\u00e7\u00f5es com conjuntos. 15 Racioc\u00ednio logico envolvendo problemas aritm\u00e9ticos<\/strong>, geom\u00e9tricos e matriciais. <\/p>\n\n\n\n<p>Destaquei em negrito os assuntos que julgo serem mais importantes.<\/p>\n\n\n\n<p>\u00c9 importante frisar que alguns assuntos j\u00e1 est\u00e3o impl\u00edcitos dentro do t\u00f3pico de &#8220;problemas aritm\u00e9ticos&#8221;: porcentagem, regra de tr\u00eas, raz\u00f5es e propor\u00e7\u00f5es. Esses assuntos foram explicitados tamb\u00e9m no conte\u00fado de Matem\u00e1tica (itens 2, 3 e 4), mas n\u00e3o novidades, pois, como acabei de falar, est\u00e3o impl\u00edcitos na parte de &#8220;problemas aritm\u00e9ticos&#8221;.<\/p>\n\n\n\n<p>\u00c9 curioso destacar tamb\u00e9m que o assunto de An\u00e1lise Combinat\u00f3ria aparece duas vezes no conte\u00fado: itens 1 e 13 (Princ\u00edpios de Contagem) do conte\u00fado program\u00e1tico. Apesar de ser estranha a repeti\u00e7\u00e3o, sabemos que <strong>a banca CEBRASPE simplesmente AMA cobrar quest\u00f5es de An\u00e1lise Combinat\u00f3ria<\/strong>. Para quem ainda n\u00e3o conhece, An\u00e1lise Combinat\u00f3ria e Princ\u00edpios de Contagem s\u00e3o express\u00f5es sin\u00f4nimas.<\/p>\n\n\n\n<p>&#8211; <em>Guilherme, e quais s\u00e3o as novidades no edital?<\/em><\/p>\n\n\n\n<p>As novidades s\u00e3o assuntos que foram cobrados no \u00faltimo concurso da PRF.<\/p>\n\n\n\n<ul class=\"wp-block-list\"><li>Equa\u00e7\u00f5es de 1\u00ba e 2\u00ba graus<\/li><li>Sequ\u00eancias Num\u00e9ricas<\/li><li>Progress\u00f5es Aritm\u00e9ticas e Geom\u00e9tricas<\/li><li>Fun\u00e7\u00f5es e Gr\u00e1ficos<\/li><\/ul>\n\n\n\n<p>Apesar de o edital n\u00e3o deixar claro quais fun\u00e7\u00f5es ser\u00e3o cobradas, eu aposto que ser\u00e3o as fun\u00e7\u00f5es polinomiais do 1\u00ba e 2\u00ba graus, j\u00e1 que foram destacadas as equa\u00e7\u00f5es de 1\u00ba e 2\u00ba graus.<\/p>\n\n\n\n<p>A minha vis\u00e3o \u00e9 que o CEBRASPE n\u00e3o pode cobrar fun\u00e7\u00e3o logar\u00edtmica, pois o assunto &#8220;logaritmo&#8221; n\u00e3o foi expl\u00edcito no edital.<\/p>\n\n\n\n<p>Esses assuntos novos sempre est\u00e3o presentes nas provas quando aparecem no edital e N\u00c3O PODEM ser negligenciados. Basta dar uma olhadinha nas recentes provas da <a href=\"https:\/\/www.estrategiaconcursos.com.br\/blog\/gabarito-extraoficial-e-prova-resolvida-prf-raciocinio-logico-matematico\/\">PRF<\/a>, <a href=\"https:\/\/www.estrategiaconcursos.com.br\/blog\/gabarito-extraoficial-bnb-prova-comentada-de-matematica\/\">BNB<\/a> e <a href=\"https:\/\/www.estrategiaconcursos.com.br\/blog\/revisao-gratuita-para-prf-e-sefaz-rs\/\">FUB<\/a>.<\/p>\n\n\n\n<p>Assista logo a seguir a an\u00e1lise completa do edital para Escriv\u00e3o da PCDF.<\/p>\n\n\n\n<p>Forte abra\u00e7o,<\/p>\n\n\n\n<p>Guilherme Neves<\/p>\n","protected":false},"excerpt":{"rendered":"<p>Neste artigo, farei uma an\u00e1lise detalhada do conte\u00fado de Matem\u00e1tica e Racioc\u00ednio L\u00f3gico que foi cobrado no edital para o cargo de Escriv\u00e3o da PCDF. A primeira novidade \u00e9 que foi exclu\u00edda a mat\u00e9ria de Estat\u00edstica e foi inclu\u00edda a mat\u00e9ria de Matem\u00e1tica no edital da PCDF. Assim, foi mantido todo o conte\u00fado de Racioc\u00ednio [&hellip;]<\/p>\n","protected":false},"author":739,"featured_media":0,"comment_status":"open","ping_status":"closed","sticky":false,"template":"","format":"standard","meta":{"post_tipo":"article","footnotes":""},"categories":[1],"tags":[],"tax_estado":[],"class_list":["post-456017","post","type-post","status-publish","format-standard","hentry","category-cursos-e-concursos"],"acf":[],"yoast_head":"<!-- This site is optimized with the Yoast SEO Premium plugin v27.2 (Yoast SEO v27.2) - https:\/\/yoast.com\/product\/yoast-seo-premium-wordpress\/ -->\n<title>Edital PCDF - Matem\u00e1tica e Racioc\u00ednio L\u00f3gico<\/title>\n<meta name=\"robots\" content=\"index, follow, max-snippet:-1, max-image-preview:large, max-video-preview:-1\" \/>\n<link rel=\"canonical\" href=\"https:\/\/www.estrategiaconcursos.com.br\/blog\/edital-pcdf-matematica-e-raciocinio-logico\/\" \/>\n<meta property=\"og:locale\" content=\"pt_BR\" \/>\n<meta property=\"og:type\" content=\"article\" \/>\n<meta property=\"og:title\" content=\"Edital PCDF - Matem\u00e1tica e Racioc\u00ednio L\u00f3gico\" \/>\n<meta property=\"og:description\" content=\"Neste artigo, farei uma an\u00e1lise detalhada do conte\u00fado de Matem\u00e1tica e Racioc\u00ednio L\u00f3gico que foi cobrado no edital para o cargo de Escriv\u00e3o da PCDF. A primeira novidade \u00e9 que foi exclu\u00edda a mat\u00e9ria de Estat\u00edstica e foi inclu\u00edda a mat\u00e9ria de Matem\u00e1tica no edital da PCDF. Assim, foi mantido todo o conte\u00fado de Racioc\u00ednio [&hellip;]\" \/>\n<meta property=\"og:url\" content=\"https:\/\/www.estrategiaconcursos.com.br\/blog\/edital-pcdf-matematica-e-raciocinio-logico\/\" \/>\n<meta property=\"og:site_name\" content=\"Estrat\u00e9gia Concursos\" \/>\n<meta property=\"article:published_time\" content=\"2019-12-05T12:46:11+00:00\" \/>\n<meta property=\"article:modified_time\" content=\"2022-11-30T19:55:39+00:00\" \/>\n<meta name=\"author\" content=\"Guilherme Neves\" \/>\n<meta name=\"twitter:card\" content=\"summary_large_image\" \/>\n<meta name=\"twitter:creator\" content=\"@EstratConcursos\" \/>\n<meta name=\"twitter:site\" content=\"@EstratConcursos\" \/>\n<meta name=\"twitter:label1\" content=\"Escrito por\" \/>\n\t<meta name=\"twitter:data1\" content=\"Guilherme Neves\" \/>\n\t<meta name=\"twitter:label2\" content=\"Est. tempo de leitura\" \/>\n\t<meta name=\"twitter:data2\" content=\"2 minutos\" \/>\n<script type=\"application\/ld+json\" class=\"yoast-schema-graph\">{\"@context\":\"https:\/\/schema.org\",\"@graph\":[{\"@type\":\"NewsArticle\",\"@id\":\"https:\/\/www.estrategiaconcursos.com.br\/blog\/edital-pcdf-matematica-e-raciocinio-logico\/#article\",\"isPartOf\":{\"@id\":\"https:\/\/www.estrategiaconcursos.com.br\/blog\/edital-pcdf-matematica-e-raciocinio-logico\/\"},\"author\":{\"name\":\"Guilherme Neves\",\"@id\":\"https:\/\/www.estrategiaconcursos.com.br\/blog\/#\/schema\/person\/6f1394c8fffbe6cfa67201ece56aed6e\"},\"headline\":\"Edital PCDF &#8211; Matem\u00e1tica e Racioc\u00ednio L\u00f3gico\",\"datePublished\":\"2019-12-05T12:46:11+00:00\",\"dateModified\":\"2022-11-30T19:55:39+00:00\",\"mainEntityOfPage\":{\"@id\":\"https:\/\/www.estrategiaconcursos.com.br\/blog\/edital-pcdf-matematica-e-raciocinio-logico\/\"},\"wordCount\":478,\"commentCount\":0,\"publisher\":{\"@id\":\"https:\/\/www.estrategiaconcursos.com.br\/blog\/#organization\"},\"articleSection\":[\"Concursos P\u00fablicos\"],\"inLanguage\":\"pt-BR\",\"potentialAction\":[{\"@type\":\"CommentAction\",\"name\":\"Comment\",\"target\":[\"https:\/\/www.estrategiaconcursos.com.br\/blog\/edital-pcdf-matematica-e-raciocinio-logico\/#respond\"]}],\"copyrightYear\":\"2019\",\"copyrightHolder\":{\"@id\":\"https:\/\/www.estrategiaconcursos.com.br\/blog\/#organization\"}},{\"@type\":\"WebPage\",\"@id\":\"https:\/\/www.estrategiaconcursos.com.br\/blog\/edital-pcdf-matematica-e-raciocinio-logico\/\",\"url\":\"https:\/\/www.estrategiaconcursos.com.br\/blog\/edital-pcdf-matematica-e-raciocinio-logico\/\",\"name\":\"Edital PCDF - Matem\u00e1tica e Racioc\u00ednio L\u00f3gico\",\"isPartOf\":{\"@id\":\"https:\/\/www.estrategiaconcursos.com.br\/blog\/#website\"},\"datePublished\":\"2019-12-05T12:46:11+00:00\",\"dateModified\":\"2022-11-30T19:55:39+00:00\",\"breadcrumb\":{\"@id\":\"https:\/\/www.estrategiaconcursos.com.br\/blog\/edital-pcdf-matematica-e-raciocinio-logico\/#breadcrumb\"},\"inLanguage\":\"pt-BR\",\"potentialAction\":[{\"@type\":\"ReadAction\",\"target\":[\"https:\/\/www.estrategiaconcursos.com.br\/blog\/edital-pcdf-matematica-e-raciocinio-logico\/\"]}]},{\"@type\":\"BreadcrumbList\",\"@id\":\"https:\/\/www.estrategiaconcursos.com.br\/blog\/edital-pcdf-matematica-e-raciocinio-logico\/#breadcrumb\",\"itemListElement\":[{\"@type\":\"ListItem\",\"position\":1,\"name\":\"In\u00edcio\",\"item\":\"https:\/\/www.estrategiaconcursos.com.br\/blog\/\"},{\"@type\":\"ListItem\",\"position\":2,\"name\":\"Edital PCDF &#8211; Matem\u00e1tica e Racioc\u00ednio L\u00f3gico\"}]},{\"@type\":\"WebSite\",\"@id\":\"https:\/\/www.estrategiaconcursos.com.br\/blog\/#website\",\"url\":\"https:\/\/www.estrategiaconcursos.com.br\/blog\/\",\"name\":\"Estrat\u00e9gia Concursos\",\"description\":\"O blog da Estrat\u00e9gia Concursos traz not\u00edcias sobre concursos e artigos de professores oferecendo cursos para concursos (pdf + videaulas) no site.\",\"publisher\":{\"@id\":\"https:\/\/www.estrategiaconcursos.com.br\/blog\/#organization\"},\"potentialAction\":[{\"@type\":\"SearchAction\",\"target\":{\"@type\":\"EntryPoint\",\"urlTemplate\":\"https:\/\/www.estrategiaconcursos.com.br\/blog\/?s={search_term_string}\"},\"query-input\":{\"@type\":\"PropertyValueSpecification\",\"valueRequired\":true,\"valueName\":\"search_term_string\"}}],\"inLanguage\":\"pt-BR\"},{\"@type\":\"Organization\",\"@id\":\"https:\/\/www.estrategiaconcursos.com.br\/blog\/#organization\",\"name\":\"Estrat\u00e9gia Concursos\",\"url\":\"https:\/\/www.estrategiaconcursos.com.br\/blog\/\",\"logo\":{\"@type\":\"ImageObject\",\"inLanguage\":\"pt-BR\",\"@id\":\"https:\/\/www.estrategiaconcursos.com.br\/blog\/#\/schema\/logo\/image\/\",\"url\":\"https:\/\/dhg1h5j42swfq.cloudfront.net\/2025\/06\/03203428\/logo_concursos-1.jpg\",\"contentUrl\":\"https:\/\/dhg1h5j42swfq.cloudfront.net\/2025\/06\/03203428\/logo_concursos-1.jpg\",\"width\":230,\"height\":60,\"caption\":\"Estrat\u00e9gia Concursos\"},\"image\":{\"@id\":\"https:\/\/www.estrategiaconcursos.com.br\/blog\/#\/schema\/logo\/image\/\"},\"sameAs\":[\"https:\/\/x.com\/EstratConcursos\"]},{\"@type\":\"Person\",\"@id\":\"https:\/\/www.estrategiaconcursos.com.br\/blog\/#\/schema\/person\/6f1394c8fffbe6cfa67201ece56aed6e\",\"name\":\"Guilherme Neves\",\"image\":{\"@type\":\"ImageObject\",\"inLanguage\":\"pt-BR\",\"@id\":\"https:\/\/secure.gravatar.com\/avatar\/c6e634c175758bc81974a6dbecf7f3de844f8c8435193c5549709cbb19dd8cab?s=96&d=mm&r=g\",\"url\":\"https:\/\/secure.gravatar.com\/avatar\/c6e634c175758bc81974a6dbecf7f3de844f8c8435193c5549709cbb19dd8cab?s=96&d=mm&r=g\",\"contentUrl\":\"https:\/\/secure.gravatar.com\/avatar\/c6e634c175758bc81974a6dbecf7f3de844f8c8435193c5549709cbb19dd8cab?s=96&d=mm&r=g\",\"caption\":\"Guilherme Neves\"},\"url\":\"https:\/\/www.estrategiaconcursos.com.br\/blog\/author\/guilhermenevesestrategiaconcursos-com-br\/\"}]}<\/script>\n<!-- \/ Yoast SEO Premium plugin. -->","yoast_head_json":{"title":"Edital PCDF - Matem\u00e1tica e Racioc\u00ednio L\u00f3gico","robots":{"index":"index","follow":"follow","max-snippet":"max-snippet:-1","max-image-preview":"max-image-preview:large","max-video-preview":"max-video-preview:-1"},"canonical":"https:\/\/www.estrategiaconcursos.com.br\/blog\/edital-pcdf-matematica-e-raciocinio-logico\/","og_locale":"pt_BR","og_type":"article","og_title":"Edital PCDF - Matem\u00e1tica e Racioc\u00ednio L\u00f3gico","og_description":"Neste artigo, farei uma an\u00e1lise detalhada do conte\u00fado de Matem\u00e1tica e Racioc\u00ednio L\u00f3gico que foi cobrado no edital para o cargo de Escriv\u00e3o da PCDF. A primeira novidade \u00e9 que foi exclu\u00edda a mat\u00e9ria de Estat\u00edstica e foi inclu\u00edda a mat\u00e9ria de Matem\u00e1tica no edital da PCDF. Assim, foi mantido todo o conte\u00fado de Racioc\u00ednio [&hellip;]","og_url":"https:\/\/www.estrategiaconcursos.com.br\/blog\/edital-pcdf-matematica-e-raciocinio-logico\/","og_site_name":"Estrat\u00e9gia Concursos","article_published_time":"2019-12-05T12:46:11+00:00","article_modified_time":"2022-11-30T19:55:39+00:00","author":"Guilherme Neves","twitter_card":"summary_large_image","twitter_creator":"@EstratConcursos","twitter_site":"@EstratConcursos","twitter_misc":{"Escrito por":"Guilherme Neves","Est. tempo de leitura":"2 minutos"},"schema":{"@context":"https:\/\/schema.org","@graph":[{"@type":"NewsArticle","@id":"https:\/\/www.estrategiaconcursos.com.br\/blog\/edital-pcdf-matematica-e-raciocinio-logico\/#article","isPartOf":{"@id":"https:\/\/www.estrategiaconcursos.com.br\/blog\/edital-pcdf-matematica-e-raciocinio-logico\/"},"author":{"name":"Guilherme Neves","@id":"https:\/\/www.estrategiaconcursos.com.br\/blog\/#\/schema\/person\/6f1394c8fffbe6cfa67201ece56aed6e"},"headline":"Edital PCDF &#8211; Matem\u00e1tica e Racioc\u00ednio L\u00f3gico","datePublished":"2019-12-05T12:46:11+00:00","dateModified":"2022-11-30T19:55:39+00:00","mainEntityOfPage":{"@id":"https:\/\/www.estrategiaconcursos.com.br\/blog\/edital-pcdf-matematica-e-raciocinio-logico\/"},"wordCount":478,"commentCount":0,"publisher":{"@id":"https:\/\/www.estrategiaconcursos.com.br\/blog\/#organization"},"articleSection":["Concursos P\u00fablicos"],"inLanguage":"pt-BR","potentialAction":[{"@type":"CommentAction","name":"Comment","target":["https:\/\/www.estrategiaconcursos.com.br\/blog\/edital-pcdf-matematica-e-raciocinio-logico\/#respond"]}],"copyrightYear":"2019","copyrightHolder":{"@id":"https:\/\/www.estrategiaconcursos.com.br\/blog\/#organization"}},{"@type":"WebPage","@id":"https:\/\/www.estrategiaconcursos.com.br\/blog\/edital-pcdf-matematica-e-raciocinio-logico\/","url":"https:\/\/www.estrategiaconcursos.com.br\/blog\/edital-pcdf-matematica-e-raciocinio-logico\/","name":"Edital PCDF - Matem\u00e1tica e Racioc\u00ednio L\u00f3gico","isPartOf":{"@id":"https:\/\/www.estrategiaconcursos.com.br\/blog\/#website"},"datePublished":"2019-12-05T12:46:11+00:00","dateModified":"2022-11-30T19:55:39+00:00","breadcrumb":{"@id":"https:\/\/www.estrategiaconcursos.com.br\/blog\/edital-pcdf-matematica-e-raciocinio-logico\/#breadcrumb"},"inLanguage":"pt-BR","potentialAction":[{"@type":"ReadAction","target":["https:\/\/www.estrategiaconcursos.com.br\/blog\/edital-pcdf-matematica-e-raciocinio-logico\/"]}]},{"@type":"BreadcrumbList","@id":"https:\/\/www.estrategiaconcursos.com.br\/blog\/edital-pcdf-matematica-e-raciocinio-logico\/#breadcrumb","itemListElement":[{"@type":"ListItem","position":1,"name":"In\u00edcio","item":"https:\/\/www.estrategiaconcursos.com.br\/blog\/"},{"@type":"ListItem","position":2,"name":"Edital PCDF &#8211; Matem\u00e1tica e Racioc\u00ednio L\u00f3gico"}]},{"@type":"WebSite","@id":"https:\/\/www.estrategiaconcursos.com.br\/blog\/#website","url":"https:\/\/www.estrategiaconcursos.com.br\/blog\/","name":"Estrat\u00e9gia Concursos","description":"O blog da Estrat\u00e9gia Concursos traz not\u00edcias sobre concursos e artigos de professores oferecendo cursos para concursos (pdf + videaulas) no site.","publisher":{"@id":"https:\/\/www.estrategiaconcursos.com.br\/blog\/#organization"},"potentialAction":[{"@type":"SearchAction","target":{"@type":"EntryPoint","urlTemplate":"https:\/\/www.estrategiaconcursos.com.br\/blog\/?s={search_term_string}"},"query-input":{"@type":"PropertyValueSpecification","valueRequired":true,"valueName":"search_term_string"}}],"inLanguage":"pt-BR"},{"@type":"Organization","@id":"https:\/\/www.estrategiaconcursos.com.br\/blog\/#organization","name":"Estrat\u00e9gia Concursos","url":"https:\/\/www.estrategiaconcursos.com.br\/blog\/","logo":{"@type":"ImageObject","inLanguage":"pt-BR","@id":"https:\/\/www.estrategiaconcursos.com.br\/blog\/#\/schema\/logo\/image\/","url":"https:\/\/dhg1h5j42swfq.cloudfront.net\/2025\/06\/03203428\/logo_concursos-1.jpg","contentUrl":"https:\/\/dhg1h5j42swfq.cloudfront.net\/2025\/06\/03203428\/logo_concursos-1.jpg","width":230,"height":60,"caption":"Estrat\u00e9gia Concursos"},"image":{"@id":"https:\/\/www.estrategiaconcursos.com.br\/blog\/#\/schema\/logo\/image\/"},"sameAs":["https:\/\/x.com\/EstratConcursos"]},{"@type":"Person","@id":"https:\/\/www.estrategiaconcursos.com.br\/blog\/#\/schema\/person\/6f1394c8fffbe6cfa67201ece56aed6e","name":"Guilherme Neves","image":{"@type":"ImageObject","inLanguage":"pt-BR","@id":"https:\/\/secure.gravatar.com\/avatar\/c6e634c175758bc81974a6dbecf7f3de844f8c8435193c5549709cbb19dd8cab?s=96&d=mm&r=g","url":"https:\/\/secure.gravatar.com\/avatar\/c6e634c175758bc81974a6dbecf7f3de844f8c8435193c5549709cbb19dd8cab?s=96&d=mm&r=g","contentUrl":"https:\/\/secure.gravatar.com\/avatar\/c6e634c175758bc81974a6dbecf7f3de844f8c8435193c5549709cbb19dd8cab?s=96&d=mm&r=g","caption":"Guilherme Neves"},"url":"https:\/\/www.estrategiaconcursos.com.br\/blog\/author\/guilhermenevesestrategiaconcursos-com-br\/"}]}},"_links":{"self":[{"href":"https:\/\/www.estrategiaconcursos.com.br\/blog\/wp-json\/wp\/v2\/posts\/456017","targetHints":{"allow":["GET"]}}],"collection":[{"href":"https:\/\/www.estrategiaconcursos.com.br\/blog\/wp-json\/wp\/v2\/posts"}],"about":[{"href":"https:\/\/www.estrategiaconcursos.com.br\/blog\/wp-json\/wp\/v2\/types\/post"}],"author":[{"embeddable":true,"href":"https:\/\/www.estrategiaconcursos.com.br\/blog\/wp-json\/wp\/v2\/users\/739"}],"replies":[{"embeddable":true,"href":"https:\/\/www.estrategiaconcursos.com.br\/blog\/wp-json\/wp\/v2\/comments?post=456017"}],"version-history":[{"count":3,"href":"https:\/\/www.estrategiaconcursos.com.br\/blog\/wp-json\/wp\/v2\/posts\/456017\/revisions"}],"predecessor-version":[{"id":1132310,"href":"https:\/\/www.estrategiaconcursos.com.br\/blog\/wp-json\/wp\/v2\/posts\/456017\/revisions\/1132310"}],"wp:attachment":[{"href":"https:\/\/www.estrategiaconcursos.com.br\/blog\/wp-json\/wp\/v2\/media?parent=456017"}],"wp:term":[{"taxonomy":"category","embeddable":true,"href":"https:\/\/www.estrategiaconcursos.com.br\/blog\/wp-json\/wp\/v2\/categories?post=456017"},{"taxonomy":"post_tag","embeddable":true,"href":"https:\/\/www.estrategiaconcursos.com.br\/blog\/wp-json\/wp\/v2\/tags?post=456017"},{"taxonomy":"tax_estado","embeddable":true,"href":"https:\/\/www.estrategiaconcursos.com.br\/blog\/wp-json\/wp\/v2\/tax_estado?post=456017"}],"curies":[{"name":"wp","href":"https:\/\/api.w.org\/{rel}","templated":true}]}}