{"id":455996,"date":"2021-11-29T10:10:00","date_gmt":"2021-11-29T13:10:00","guid":{"rendered":"https:\/\/www.estrategiaconcursos.com.br\/blog\/?p=455996"},"modified":"2024-03-08T15:20:25","modified_gmt":"2024-03-08T18:20:25","slug":"concurso-prefeitura-sao-goncalo-do-amarante-rn","status":"publish","type":"post","link":"https:\/\/www.estrategiaconcursos.com.br\/blog\/concurso-prefeitura-sao-goncalo-do-amarante-rn\/","title":{"rendered":"Concurso S\u00e3o Gon\u00e7alo do Amarante: resultados finais!"},"content":{"rendered":"\n<p>Foram publicados os resultados finais do concurso S\u00e3o Gon\u00e7alo do Amarante, Rio Grande do Norte. Para conferir, basta acessar os links abaixo:<\/p>\n\n\n\n<p class=\"has-text-align-center has-background\" style=\"background-color:#d6efff;font-size:clamp(14px, 0.875rem + ((1vw - 3.2px) * 0.392), 18px);\"><strong><a href=\"https:\/\/fs.ibfc.org.br\/arquivos\/1849e3e8771216b30604dd14493b6697.pdf\" target=\"_blank\" rel=\"noreferrer noopener\">Resultado Guarda Municipal e N\u00edvel Superior<\/a><\/strong> <strong>| <a href=\"https:\/\/fs.ibfc.org.br\/arquivos\/945efac6cade43078f6822af5dcec4ae.pdf\" target=\"_blank\" rel=\"noreferrer noopener\">Resultado N\u00edvel Fundamental e M\u00e9dio<\/a><\/strong><\/p>\n\n\n\n<p>Ao todo, o concurso registrou um total de 44.352 candidatos inscritos, sendo 37.933 para atua\u00e7\u00e3o na prefeitura e 6.419 para vagas do SAAE. <strong><a href=\"https:\/\/dhg1h5j42swfq.cloudfront.net\/2021\/04\/30150133\/inscritos-1.pdf\" target=\"_blank\" rel=\"noreferrer noopener nofollow\">Confira a rela\u00e7\u00e3o completa de inscritos por cargo<\/a><\/strong>. <\/p>\n\n\n\n<p>Vale lembrar que a sele\u00e7\u00e3o ter\u00e1 validade de dois anos, a contar da data da publica\u00e7\u00e3o da homologa\u00e7\u00e3o do resultado final, podendo ser prorrogado por igual per\u00edodo, a crit\u00e9rio da Prefeitura de S\u00e3o Gon\u00e7alo do Amarante. <\/p>\n\n\n\n<ul id=\"block-ee678516-e9d1-48bd-b327-7b9acd55f0fd\" class=\"has-blush-light-purple-gradient-background has-background wp-block-list\"><li><strong>S\u00e3o Gon\u00e7alo do Amarante<\/strong>\u00a0\u2013\u00a0<strong>diversos cargos<\/strong><\/li><li><strong>Status:<\/strong> Resultado final divulgado<\/li><li><strong>Banca:<\/strong>\u00a0IBFC<\/li><li><strong>Vagas:\u00a0<\/strong>583<\/li><li><strong>Sal\u00e1rio inicial:<\/strong>\u00a0R$ 998,00 a R$ 3.002,03<\/li><li><a href=\"https:\/\/fs.ibfc.org.br\/arquivos\/65856721e966de44c1d6b57c03c8ed06.pdf\" target=\"_blank\" rel=\"noreferrer noopener\"><strong>Edital S\u00e3o Gon\u00e7alo<\/strong><\/a><\/li><\/ul>\n\n\n\n<p>O concurso S\u00e3o Gon\u00e7alo do Amarante ofertou <strong>583 vagas<\/strong> para cargos em todas as escolaridades, distribu\u00eddas entre a prefeitura municipal e o Servi\u00e7o Aut\u00f4nomo de \u00c1gua e Esgoto \u2013 SAEE.<\/p>\n\n\n\n<p id=\"indice\">Confira neste artigo tudo o que voc\u00ea precisa saber para ficar por dentro de todas as informa\u00e7\u00f5es do concurso Prefeitura S\u00e3o Gon\u00e7alo do Amarante. Acompanhe os t\u00f3picos abaixo e n\u00e3o perca nenhum detalhe:<\/p>\n\n\n\n<ul class=\"wp-block-list\" id=\"indice\"><li><a href=\"#cargos-vagas\">Cargos e vagas<\/a><ul><li><a href=\"#superior\">Prefeitura &#8211; N\u00edvel superior<\/a><\/li><li><a href=\"#medio\">Prefeitura &#8211; N\u00edvel m\u00e9dio e t\u00e9cnico<\/a><\/li><li><a href=\"#saae\">SAAE &#8211; N\u00edvel fundamental, m\u00e9dio, t\u00e9cnico e superior<\/a><\/li><\/ul><\/li><li><a href=\"#etapas\">Etapas do concurso<\/a><ul><li><a href=\"#objetiva\">Prova objetiva<\/a><\/li><li><a href=\"#titulos\">Prova de t\u00edtulos<\/a><\/li><li><a href=\"#taf\">Teste de aptid\u00e3o f\u00edsica<\/a><\/li><\/ul><\/li><li><a href=\"#edital-estrategico\">Edital estrat\u00e9gico<\/a><\/li><li><a href=\"#cursos-assinatura\">Cursos e Assinatura<\/a><\/li><li><a href=\"#ficha-tecnica\">Ficha t\u00e9cnica<\/a><\/li><\/ul>\n\n\n\n<div class=\"container\" id=\"boxes\">\n  <div class=\"row\">\n\n    <div class=\"col-sm\">\n      <div class=\"banner-estrategia\" id=\"box-assinatura\">\n        <h3 class=\"titulo-assinatura\">Cursos para o Concurso S\u00e3o Gon\u00e7alo do Amarante<\/h3>\n        <p class=\"subtitulo-assinatura\">Estude conosco<\/p>\n        <div class=\"box-botao\">\n          <a class=\"btn-assinatura\" target=\"_blank\" href=\"https:\/\/www.estrategiaconcursos.com.br\/cursosPorConcurso\/prefeitura-municipal-de-sao-goncalo-do-amaranto-rn\/\" role=\"button\" rel=\"noopener noreferrer\">Conhe\u00e7a os cursos<\/a>\n        <\/div>\n      <\/div>\n     \n    <\/div>\n\n  <\/div>\n<\/div>\n\n\n\n<h2 class=\"wp-block-heading\" id=\"cargos-vagas\">Cargos e vagas do concurso Prefeitura S\u00e3o Gon\u00e7alo do Amarante<\/h2>\n\n\n\n<h3 class=\"wp-block-heading\" id=\"superior\">Prefeitura &#8211; N\u00edvel superior<\/h3>\n\n\n\n<figure class=\"wp-block-table is-style-stripes\"><table class=\"has-background has-fixed-layout\" style=\"background-color:#e7f5fe\"><thead><tr><th class=\"has-text-align-center\" data-align=\"center\"><strong>Cargo<\/strong><\/th><th class=\"has-text-align-center\" data-align=\"center\"><strong>Vagas<\/strong><\/th><th class=\"has-text-align-center\" data-align=\"center\"><strong>Sal\u00e1rio<\/strong><\/th><\/tr><\/thead><tbody><tr><td class=\"has-text-align-center\" data-align=\"center\"> Administrador <\/td><td class=\"has-text-align-center\" data-align=\"center\"> 2 <\/td><td class=\"has-text-align-center\" data-align=\"center\"> R$ 1.344,84 <\/td><\/tr><tr><td class=\"has-text-align-center\" data-align=\"center\"> Administrador &#8211; Especializado em Recursos Humanos <\/td><td class=\"has-text-align-center\" data-align=\"center\"> 3 <\/td><td class=\"has-text-align-center\" data-align=\"center\"> R$ 1.344,84 <\/td><\/tr><tr><td class=\"has-text-align-center\" data-align=\"center\"> Analista de Controle Interno &#8211; Contador <\/td><td class=\"has-text-align-center\" data-align=\"center\"> 3 <\/td><td class=\"has-text-align-center\" data-align=\"center\"> R$ 1.344,84 <\/td><\/tr><tr><td class=\"has-text-align-center\" data-align=\"center\"> Analista de Sistema <\/td><td class=\"has-text-align-center\" data-align=\"center\"> 2 <\/td><td class=\"has-text-align-center\" data-align=\"center\"> R$ 1.344,84 <\/td><\/tr><tr><td class=\"has-text-align-center\" data-align=\"center\"> Arquiteto <\/td><td class=\"has-text-align-center\" data-align=\"center\"> 3 <\/td><td class=\"has-text-align-center\" data-align=\"center\"> R$ 1.344,84 <\/td><\/tr><tr><td class=\"has-text-align-center\" data-align=\"center\"> Arquiteto &#8211; Especializado em Tr\u00e2nsito\/Tr\u00e1fego <\/td><td class=\"has-text-align-center\" data-align=\"center\"> 1<\/td><td class=\"has-text-align-center\" data-align=\"center\"> R$ 1.344,84 <\/td><\/tr><tr><td class=\"has-text-align-center\" data-align=\"center\"> Arte Educador <\/td><td class=\"has-text-align-center\" data-align=\"center\"> 5 <\/td><td class=\"has-text-align-center\" data-align=\"center\"> R$ 1.344,84 <\/td><\/tr><tr><td class=\"has-text-align-center\" data-align=\"center\"> Assistente Social <\/td><td class=\"has-text-align-center\" data-align=\"center\"> 10 <\/td><td class=\"has-text-align-center\" data-align=\"center\"> R$ 1.344,84 <\/td><\/tr><tr><td class=\"has-text-align-center\" data-align=\"center\"> Auditor Fiscal do Tesouro Municipal <\/td><td class=\"has-text-align-center\" data-align=\"center\"> 7 <\/td><td class=\"has-text-align-center\" data-align=\"center\"> R$ 1.897,08 <\/td><\/tr><tr><td class=\"has-text-align-center\" data-align=\"center\"> Bi\u00f3logo <\/td><td class=\"has-text-align-center\" data-align=\"center\"> 2 <\/td><td class=\"has-text-align-center\" data-align=\"center\"> R$ 1.344,84 <\/td><\/tr><tr><td class=\"has-text-align-center\" data-align=\"center\"> Bioqu\u00edmico <\/td><td class=\"has-text-align-center\" data-align=\"center\"> 6 <\/td><td class=\"has-text-align-center\" data-align=\"center\"> R$ 1.344,84 <\/td><\/tr><tr><td class=\"has-text-align-center\" data-align=\"center\"> Cirurgi\u00e3o Dentista  <\/td><td class=\"has-text-align-center\" data-align=\"center\"> 16 <\/td><td class=\"has-text-align-center\" data-align=\"center\"> R$ 1.344,84 <\/td><\/tr><tr><td class=\"has-text-align-center\" data-align=\"center\"> Contador <\/td><td class=\"has-text-align-center\" data-align=\"center\"> 3 <\/td><td class=\"has-text-align-center\" data-align=\"center\"> R$ 1.344,84 <\/td><\/tr><tr><td class=\"has-text-align-center\" data-align=\"center\"> Economista <\/td><td class=\"has-text-align-center\" data-align=\"center\"> 1 <\/td><td class=\"has-text-align-center\" data-align=\"center\"> R$ 1.344,84 <\/td><\/tr><tr><td class=\"has-text-align-center\" data-align=\"center\"> Educador F\u00edsico <\/td><td class=\"has-text-align-center\" data-align=\"center\"> 9 <\/td><td class=\"has-text-align-center\" data-align=\"center\"> R$ 1.344,84 <\/td><\/tr><tr><td class=\"has-text-align-center\" data-align=\"center\"> Enfermeiro <\/td><td class=\"has-text-align-center\" data-align=\"center\"> 17 <\/td><td class=\"has-text-align-center\" data-align=\"center\"> R$ 1.344,84 <\/td><\/tr><tr><td class=\"has-text-align-center\" data-align=\"center\"> Engenheiro (v\u00e1rios)<\/td><td class=\"has-text-align-center\" data-align=\"center\"> 12<\/td><td class=\"has-text-align-center\" data-align=\"center\"> R$ 1.344,84 <\/td><\/tr><tr><td class=\"has-text-align-center\" data-align=\"center\"> Estat\u00edstico <\/td><td class=\"has-text-align-center\" data-align=\"center\"> 1 <\/td><td class=\"has-text-align-center\" data-align=\"center\"> R$ 1.344,84 <\/td><\/tr><tr><td class=\"has-text-align-center\" data-align=\"center\"> Farmac\u00eautico <\/td><td class=\"has-text-align-center\" data-align=\"center\"> 3 <\/td><td class=\"has-text-align-center\" data-align=\"center\"> R$ 1.344,84 <\/td><\/tr><tr><td class=\"has-text-align-center\" data-align=\"center\"> Fiscal Urban\u00edstico <\/td><td class=\"has-text-align-center\" data-align=\"center\"> 4 <\/td><td class=\"has-text-align-center\" data-align=\"center\"> R$ 1.344,84 <\/td><\/tr><tr><td class=\"has-text-align-center\" data-align=\"center\"> Fisioterapeuta <\/td><td class=\"has-text-align-center\" data-align=\"center\"> 6 <\/td><td class=\"has-text-align-center\" data-align=\"center\"> R$ 1.344,84 <\/td><\/tr><tr><td class=\"has-text-align-center\" data-align=\"center\"> Fonoaudi\u00f3logo <\/td><td class=\"has-text-align-center\" data-align=\"center\"> 5 <\/td><td class=\"has-text-align-center\" data-align=\"center\"> R$ 1.344,84 <\/td><\/tr><tr><td class=\"has-text-align-center\" data-align=\"center\"> Ge\u00f3grafo <\/td><td class=\"has-text-align-center\" data-align=\"center\"> 1 <\/td><td class=\"has-text-align-center\" data-align=\"center\"> R$ 1.344,84 <\/td><\/tr><tr><td class=\"has-text-align-center\" data-align=\"center\"> M\u00e9dico (v\u00e1rios)<\/td><td class=\"has-text-align-center\" data-align=\"center\"> 73<\/td><td class=\"has-text-align-center\" data-align=\"center\"> R$ 1.154,00 &#8211; R$ 2.308,00 <\/td><\/tr><tr><td class=\"has-text-align-center\" data-align=\"center\"> M\u00fasico Terapeuta <\/td><td class=\"has-text-align-center\" data-align=\"center\"> 2<\/td><td class=\"has-text-align-center\" data-align=\"center\"> R$ 1.344,84 <\/td><\/tr><tr><td class=\"has-text-align-center\" data-align=\"center\"> Nutricionista <\/td><td class=\"has-text-align-center\" data-align=\"center\"> 5 <\/td><td class=\"has-text-align-center\" data-align=\"center\"> R$ 1.344,84 <\/td><\/tr><tr><td class=\"has-text-align-center\" data-align=\"center\"> Odont\u00f3logo (v\u00e1rios)<\/td><td class=\"has-text-align-center\" data-align=\"center\"> 14<\/td><td class=\"has-text-align-center\" data-align=\"center\"> R$ 1.344,84 <\/td><\/tr><tr><td class=\"has-text-align-center\" data-align=\"center\"> Professor (v\u00e1rios)<\/td><td class=\"has-text-align-center\" data-align=\"center\"> 173<\/td><td class=\"has-text-align-center\" data-align=\"center\"> R$ 1.842,86 <\/td><\/tr><tr><td class=\"has-text-align-center\" data-align=\"center\"> Psic\u00f3logo <\/td><td class=\"has-text-align-center\" data-align=\"center\"> 10 <\/td><td class=\"has-text-align-center\" data-align=\"center\"> R$ 1.344,84 <\/td><\/tr><tr><td class=\"has-text-align-center\" data-align=\"center\"> Psic\u00f3logo Organizacional <\/td><td class=\"has-text-align-center\" data-align=\"center\"> 2 <\/td><td class=\"has-text-align-center\" data-align=\"center\"> R$ 1.344,84 <\/td><\/tr><tr><td class=\"has-text-align-center\" data-align=\"center\"> Psicopedagogo <\/td><td class=\"has-text-align-center\" data-align=\"center\"> 3 <\/td><td class=\"has-text-align-center\" data-align=\"center\"> R$ 1.344,84 <\/td><\/tr><tr><td class=\"has-text-align-center\" data-align=\"center\"> Soci\u00f3logo <\/td><td class=\"has-text-align-center\" data-align=\"center\"> 1 <\/td><td class=\"has-text-align-center\" data-align=\"center\"> R$ 1.344,84 <\/td><\/tr><tr><td class=\"has-text-align-center\" data-align=\"center\"> Supervisor Escolar <\/td><td class=\"has-text-align-center\" data-align=\"center\"> 6 <\/td><td class=\"has-text-align-center\" data-align=\"center\"> R$ 1.842,86 <\/td><\/tr><tr><td class=\"has-text-align-center\" data-align=\"center\"> Tecn\u00f3logo de Informa\u00e7\u00e3o <\/td><td class=\"has-text-align-center\" data-align=\"center\"> 2 <\/td><td class=\"has-text-align-center\" data-align=\"center\"> R$ 1.344,84 <\/td><\/tr><tr><td class=\"has-text-align-center\" data-align=\"center\"> Terapeuta Ocupacional <\/td><td class=\"has-text-align-center\" data-align=\"center\"> 4 <\/td><td class=\"has-text-align-center\" data-align=\"center\"> R$ 1.344,84 <\/td><\/tr><tr><td class=\"has-text-align-center\" data-align=\"center\"> Turism\u00f3logo <\/td><td class=\"has-text-align-center\" data-align=\"center\"> 1 <\/td><td class=\"has-text-align-center\" data-align=\"center\"> R$ 1.344,84 <\/td><\/tr><tr><td class=\"has-text-align-center\" data-align=\"center\"> Zootecnista <\/td><td class=\"has-text-align-center\" data-align=\"center\"> 1 <\/td><td class=\"has-text-align-center\" data-align=\"center\"> R$ 1.344,84 <\/td><\/tr><\/tbody><\/table><\/figure>\n\n\n\n<h3 class=\"wp-block-heading\" id=\"medio\">Prefeitura &#8211; N\u00edvel m\u00e9dio e t\u00e9cnico<\/h3>\n\n\n\n<figure class=\"wp-block-table is-style-stripes\"><table class=\"has-background has-fixed-layout\" style=\"background-color:#e7f5fe\"><thead><tr><th class=\"has-text-align-center\" data-align=\"center\"><strong>Cargo<\/strong><\/th><th class=\"has-text-align-center\" data-align=\"center\"><strong>Vagas<\/strong><\/th><th class=\"has-text-align-center\" data-align=\"center\"><strong>Sal\u00e1rio<\/strong><\/th><\/tr><\/thead><tbody><tr><td class=\"has-text-align-center\" data-align=\"center\">Agente Administrativo<\/td><td class=\"has-text-align-center\" data-align=\"center\">13<\/td><td class=\"has-text-align-center\" data-align=\"center\">R$ 998,00<\/td><\/tr><tr><td class=\"has-text-align-center\" data-align=\"center\">Agente de Tr\u00e2nsito<\/td><td class=\"has-text-align-center\" data-align=\"center\">12<\/td><td class=\"has-text-align-center\" data-align=\"center\">R$ 1.004,00<\/td><\/tr><tr><td class=\"has-text-align-center\" data-align=\"center\">Auxiliar de Sa\u00fade Bucal<\/td><td class=\"has-text-align-center\" data-align=\"center\">16<\/td><td class=\"has-text-align-center\" data-align=\"center\">R$ 998,00<\/td><\/tr><tr><td class=\"has-text-align-center\" data-align=\"center\">Cuidador Social<\/td><td class=\"has-text-align-center\" data-align=\"center\">5<\/td><td class=\"has-text-align-center\" data-align=\"center\">R$ 998,00<\/td><\/tr><tr><td class=\"has-text-align-center\" data-align=\"center\">Educador Social<\/td><td class=\"has-text-align-center\" data-align=\"center\">6<\/td><td class=\"has-text-align-center\" data-align=\"center\">R$ 998,00<\/td><\/tr><tr><td class=\"has-text-align-center\" data-align=\"center\">Fiscal Ambiental<\/td><td class=\"has-text-align-center\" data-align=\"center\">4<\/td><td class=\"has-text-align-center\" data-align=\"center\">R$ 1.010,00<\/td><\/tr><tr><td class=\"has-text-align-center\" data-align=\"center\">Fiscal de Servi\u00e7os Urbanos<\/td><td class=\"has-text-align-center\" data-align=\"center\">10<\/td><td class=\"has-text-align-center\" data-align=\"center\">R$ 998,00<\/td><\/tr><tr><td class=\"has-text-align-center\" data-align=\"center\">Guarda Municipal<\/td><td class=\"has-text-align-center\" data-align=\"center\">30<\/td><td class=\"has-text-align-center\" data-align=\"center\">R$ 1.004,00<\/td><\/tr><tr><td class=\"has-text-align-center\" data-align=\"center\">T\u00e9cnico de Enfermagem<\/td><td class=\"has-text-align-center\" data-align=\"center\">20<\/td><td class=\"has-text-align-center\" data-align=\"center\">R$ 998,00<\/td><\/tr><tr><td class=\"has-text-align-center\" data-align=\"center\">T\u00e9cnico de Laborat\u00f3rio<\/td><td class=\"has-text-align-center\" data-align=\"center\">6<\/td><td class=\"has-text-align-center\" data-align=\"center\">R$ 998,00<\/td><\/tr><tr><td class=\"has-text-align-center\" data-align=\"center\">T\u00e9cnico em Edifica\u00e7\u00f5es<\/td><td class=\"has-text-align-center\" data-align=\"center\">3<\/td><td class=\"has-text-align-center\" data-align=\"center\">R$ 998,00<\/td><\/tr><tr><td class=\"has-text-align-center\" data-align=\"center\">T\u00e9cnico em Eletromec\u00e2nica<\/td><td class=\"has-text-align-center\" data-align=\"center\">1<\/td><td class=\"has-text-align-center\" data-align=\"center\">R$ 998,00<\/td><\/tr><tr><td class=\"has-text-align-center\" data-align=\"center\">T\u00e9cnico Ambiental<\/td><td class=\"has-text-align-center\" data-align=\"center\">2<\/td><td class=\"has-text-align-center\" data-align=\"center\">R$ 998,00<\/td><\/tr><\/tbody><\/table><\/figure>\n\n\n\n<h3 class=\"wp-block-heading\" id=\"saae\">SAAE \u2013 n\u00edvel fundamental, m\u00e9dio, t\u00e9cnico e superior<\/h3>\n\n\n\n<figure class=\"wp-block-table is-style-stripes\"><table class=\"has-background has-fixed-layout\" style=\"background-color:#e7f5fe\"><thead><tr><th class=\"has-text-align-center\" data-align=\"center\"><strong>Cargo<\/strong><\/th><th class=\"has-text-align-center\" data-align=\"center\"><strong>Vagas<\/strong><\/th><th class=\"has-text-align-center\" data-align=\"center\"><strong>Sal\u00e1rio<\/strong><\/th><\/tr><\/thead><tbody><tr><td class=\"has-text-align-center\" data-align=\"center\">Agente Administrativo<\/td><td class=\"has-text-align-center\" data-align=\"center\">7<\/td><td class=\"has-text-align-center\" data-align=\"center\">R$ 1.469,90<\/td><\/tr><tr><td class=\"has-text-align-center\" data-align=\"center\">Analista Ambiental<\/td><td class=\"has-text-align-center\" data-align=\"center\">1<\/td><td class=\"has-text-align-center\" data-align=\"center\">R$ 3.002,03<\/td><\/tr><tr><td class=\"has-text-align-center\" data-align=\"center\">Analista de Sistema<\/td><td class=\"has-text-align-center\" data-align=\"center\">1<\/td><td class=\"has-text-align-center\" data-align=\"center\">R$ 3.002,03<\/td><\/tr><tr><td class=\"has-text-align-center\" data-align=\"center\">Contador<\/td><td class=\"has-text-align-center\" data-align=\"center\">1<\/td><td class=\"has-text-align-center\" data-align=\"center\">R$ 3.002,03<\/td><\/tr><tr><td class=\"has-text-align-center\" data-align=\"center\">Engenheiro Civil<\/td><td class=\"has-text-align-center\" data-align=\"center\">1<\/td><td class=\"has-text-align-center\" data-align=\"center\">R$ 3.002,03<\/td><\/tr><tr><td class=\"has-text-align-center\" data-align=\"center\">Engenheiro Mec\u00e2nico<\/td><td class=\"has-text-align-center\" data-align=\"center\">1<\/td><td class=\"has-text-align-center\" data-align=\"center\">R$ 3.002,03<\/td><\/tr><tr><td class=\"has-text-align-center\" data-align=\"center\">Gestor de Recursos Humanos<\/td><td class=\"has-text-align-center\" data-align=\"center\">1<\/td><td class=\"has-text-align-center\" data-align=\"center\">R$ 3.002,03<\/td><\/tr><tr><td class=\"has-text-align-center\" data-align=\"center\">Operador de Sistemas de \u00c1gua e Esgoto<\/td><td class=\"has-text-align-center\" data-align=\"center\">20<\/td><td class=\"has-text-align-center\" data-align=\"center\">R$ 1.254,62<\/td><\/tr><tr><td class=\"has-text-align-center\" data-align=\"center\">Qu\u00edmico<\/td><td class=\"has-text-align-center\" data-align=\"center\">1<\/td><td class=\"has-text-align-center\" data-align=\"center\">R$ 3.002,03<\/td><\/tr><tr><td class=\"has-text-align-center\" data-align=\"center\">T\u00e9cnico em Eletromec\u00e2nica<\/td><td class=\"has-text-align-center\" data-align=\"center\">2<\/td><td class=\"has-text-align-center\" data-align=\"center\">R$ 1.938,61<\/td><\/tr><\/tbody><\/table><\/figure>\n\n\n\n<h2 class=\"wp-block-heading\" id=\"etapas\">Etapas do concurso Prefeitura S\u00e3o Gon\u00e7alo do Amarante<\/h2>\n\n\n\n<p>O concurso da Prefeitura de S\u00e3o Gon\u00e7alo do Amarante foi composto pelas seguintes etapas:<\/p>\n\n\n\n<ul class=\"wp-block-list\"><li><strong>Prova Objetiva<\/strong> &#8211; para todos os cargos, de car\u00e1ter eliminat\u00f3rio e classificat\u00f3rio <\/li><li><strong>Prova de T\u00edtulos<\/strong> &#8211; aos cargos de n\u00edvel superior, de car\u00e1ter classificat\u00f3rio <\/li><li><strong>Teste de Aptid\u00e3o F\u00edsica (TAF)<\/strong> &#8211; somente para o cargo de Guarda Municipal, de car\u00e1ter eliminat\u00f3rio   <\/li><li><strong>Avalia\u00e7\u00e3o Psicol\u00f3gica<\/strong> &#8211; somente para Guarda Municipal, de car\u00e1ter eliminat\u00f3rio  <\/li><\/ul>\n\n\n\n<p>Al\u00e9m disso, o certame tamb\u00e9m foi constitu\u00eddo de <strong>Investiga\u00e7\u00e3o Social<\/strong> e o <strong>Curso de Forma\u00e7\u00e3o<\/strong> para Guarda Municipal de car\u00e1ter eliminat\u00f3rio. Essas avalia\u00e7\u00f5es s\u00e3o requisitos obrigat\u00f3rios para investidura no cargo.<\/p>\n\n\n\n<p>As etapas foram realizadas na cidade de S\u00e3o Gon\u00e7alo do Amarante e\/ou Natal, no estado do Rio Grande do Norte, com exce\u00e7\u00e3o da Prova de T\u00edtulos.  <\/p>\n\n\n\n<h3 class=\"wp-block-heading\" id=\"objetiva\">Prova Objetiva<\/h3>\n\n\n\n<p>A Prova Objetiva do concurso S\u00e3o Gon\u00e7alo do Amarante foi composta por quest\u00f5es de m\u00faltipla escolha, sendo constitu\u00edda conforme a seguir:  <\/p>\n\n\n\n<ul class=\"wp-block-list\"><li><strong>Agente Administrativo, Agente Administrativo (SAAE), Agente de Tr\u00e2nsito, Cuidador Social, Educador Social, Fiscal de Servi\u00e7os Urbanos e Operador de Sistemas de \u00c1gua e Esgoto:<\/strong><ul><li><em>L\u00edngua Portuguesa &#8211; 15<\/em><\/li><li><em>Racioc\u00ednio L\u00f3gico &#8211; 15 <\/em><\/li><li><em>No\u00e7\u00f5es de Inform\u00e1tica &#8211; 10 <\/em><\/li><\/ul><\/li><\/ul>\n\n\n\n<ul class=\"wp-block-list\"><li><strong>Auxiliar de Sa\u00fade Bucal, Fiscal Ambiental, Guarda Municipal, T\u00e9cnico de Enfermagem, T\u00e9cnico de Laborat\u00f3rio, T\u00e9cnico em Edifica\u00e7\u00f5es, T\u00e9cnico em Eletromec\u00e2nica, T\u00e9cnico em Eletromec\u00e2nica (SAAE) e T\u00e9cnico Ambiental:<\/strong><ul><li><em>L\u00edngua Portuguesa &#8211; 15<\/em><\/li><li><em>Racioc\u00ednio L\u00f3gico &#8211; 10 <\/em><\/li><li><em>Conhecimentos Espec\u00edficos &#8211; 15 <\/em><\/li><\/ul><\/li><\/ul>\n\n\n\n<ul class=\"wp-block-list\"><li><strong>Professor (todos):<\/strong><ul><li><em>L\u00edngua Portuguesa &#8211; 15<\/em><\/li><li><em>Legisla\u00e7\u00e3o &#8211; 10 <\/em><\/li><li><em>Conhecimentos Espec\u00edficos &#8211; 15 <\/em><\/li><\/ul><\/li><\/ul>\n\n\n\n<ul class=\"wp-block-list\"><li><strong>Demais cargos de n\u00edvel superior:<\/strong><ul><li><em>L\u00edngua Portuguesa &#8211; 10 <\/em><\/li><li><em>Racioc\u00ednio L\u00f3gico &#8211; 10 <\/em><\/li><li><em>Conhecimentos Espec\u00edficos &#8211; 20 <\/em><\/li><\/ul><\/li><\/ul>\n\n\n\n<h3 class=\"wp-block-heading\" id=\"titulos\">Prova de T\u00edtulos<\/h3>\n\n\n\n<p>Foram convocados para a Prova de T\u00edtulos todos os candidatos com as inscri\u00e7\u00f5es deferidas e aprovados na etapa anterior dos cargos de N\u00edvel Superior. <\/p>\n\n\n\n<ol class=\"wp-block-list\"><li><strong>Doutorado <\/strong>conclu\u00eddo em qualquer \u00e1rea de conhecimento, realizado em institui\u00e7\u00e3o de ensino reconhecida pelo MEC &#8211; <em>1,5 pontos<\/em><\/li><li><strong>Mestrado <\/strong>conclu\u00eddo em qualquer \u00e1rea de conhecimento, realizado em institui\u00e7\u00e3o de ensino reconhecida pelo MEC &#8211; <em>1 ponto<\/em><\/li><li>P\u00f3s-gradua\u00e7\u00e3o em n\u00edvel de <strong>Especializa\u00e7\u00e3o<\/strong> <em>lato sensu<\/em>, com carga hor\u00e1ria m\u00ednima de 360 horas, em qualquer \u00e1rea de conhecimento, realizado em institui\u00e7\u00e3o de ensino reconhecida pelo MEC &#8211; <em>0,5 pontos<\/em><\/li><\/ol>\n\n\n\n<h3 class=\"wp-block-heading\" id=\"taf\">Teste de Aptid\u00e3o F\u00edsica<\/h3>\n\n\n\n<p>Os candidatos aprovados na Prova Objetiva do cargo de Guarda Municipal e que estivessem classificados dentro do limite foram convocados para o Teste de Aptid\u00e3o F\u00edsica (TAF) de car\u00e1ter eliminat\u00f3rio. <\/p>\n\n\n\n<figure class=\"wp-block-table is-style-stripes\"><table class=\"has-background has-fixed-layout\" style=\"background-color:#e7f5fe\"><tbody><tr><td class=\"has-text-align-center\" data-align=\"center\"><strong>Teste<\/strong><\/td><td class=\"has-text-align-center\" data-align=\"center\"><strong>Feminino<\/strong><\/td><td class=\"has-text-align-center\" data-align=\"center\"><strong>Masculino<\/strong><\/td><\/tr><tr><td class=\"has-text-align-center\" data-align=\"center\"> Barra <\/td><td class=\"has-text-align-center\" data-align=\"center\"> 10 segundos<\/td><td class=\"has-text-align-center\" data-align=\"center\"> 05 repeti\u00e7\u00f5es <\/td><\/tr><tr><td class=\"has-text-align-center\" data-align=\"center\"> Abdominal (remador) &#8211; 1 min<\/td><td class=\"has-text-align-center\" data-align=\"center\"> 20 repeti\u00e7\u00f5es  <\/td><td class=\"has-text-align-center\" data-align=\"center\"> 35 repeti\u00e7\u00f5es <\/td><\/tr><tr><td class=\"has-text-align-center\" data-align=\"center\"> Corrida de Resist\u00eancia &#8211; 12 min<\/td><td class=\"has-text-align-center\" data-align=\"center\"> 1.800 metros <\/td><td class=\"has-text-align-center\" data-align=\"center\"> 2.200 metros <\/td><\/tr><\/tbody><\/table><\/figure>\n\n\n\n<h2 class=\"wp-block-heading\" id=\"edital-estrategico\">Edital Estrat\u00e9gico: Baixe gratuitamente<\/h2>\n\n\n\n<p><strong>O que \u00e9 o Edital Estrat\u00e9gico?<\/strong>&nbsp;Trata-se de uma planilha com recursos para ajud\u00e1-los no registro das diferentes tarefas de estudo: teoria, revis\u00e3o e exerc\u00edcios. O registro de cada tarefa ser\u00e1 feito para cada assunto exigido no conte\u00fado program\u00e1tico do edital.<\/p>\n\n\n\n<ul class=\"wp-block-list\"><li><strong><a href=\"https:\/\/dhg1h5j42swfq.cloudfront.net\/2019\/12\/06161506\/Edital-Estrat%C3%A9gico_PREFEITURA-DE-S%C3%83O-GON%C3%87ALO_ADMINISTRADOR-ESPECIALIZADO-EM-RH.xlsx\" target=\"_blank\" rel=\"noreferrer noopener nofollow\">Administrador Espe<\/a><a rel=\"noreferrer noopener\" href=\"https:\/\/dhg1h5j42swfq.cloudfront.net\/2019\/12\/06161506\/Edital-Estrat%C3%A9gico_PREFEITURA-DE-S%C3%83O-GON%C3%87ALO_ADMINISTRADOR-ESPECIALIZADO-EM-RH.xlsx\" target=\"_blank\">cializado em RH<\/a><\/strong><\/li><li><strong><a href=\"https:\/\/dhg1h5j42swfq.cloudfront.net\/2019\/12\/06161604\/Edital-Estrat%C3%A9gico_PREFEITURA-DE-S%C3%83O-GON%C3%87ALO_ADMINISTRADOR.xlsx\" target=\"_blank\" rel=\"noreferrer noopener nofollow\">Administrador<\/a><\/strong><\/li><li><strong><a href=\"https:\/\/dhg1h5j42swfq.cloudfront.net\/2019\/12\/06161656\/Edital-Estrat%C3%A9gico_PREFEITURA-DE-S%C3%83O-GON%C3%87ALO_AGENTE-ADMINISTRATIVO.xlsx\" target=\"_blank\" rel=\"noreferrer noopener nofollow\">Agente Administrador<\/a><\/strong><\/li><li><strong><a href=\"https:\/\/dhg1h5j42swfq.cloudfront.net\/2019\/12\/06161749\/Edital-Estrat%C3%A9gico_PREFEITURA-DE-S%C3%83O-GON%C3%87ALO_AGENTE-DE-TR%C3%82NSITO.xlsx\" target=\"_blank\" rel=\"noreferrer noopener nofollow\">Agente de Tr\u00e2nsito<\/a><\/strong><\/li><li><strong><a href=\"https:\/\/dhg1h5j42swfq.cloudfront.net\/2019\/12\/06161835\/Edital-Estrat%C3%A9gico_PREFEITURA-DE-S%C3%83O-GON%C3%87ALO_ANALISTA-DE-CONTROLE-INTERNO.xlsx\" target=\"_blank\" rel=\"noreferrer noopener nofollow\">Analista de Controle Interno<\/a><\/strong><\/li><li><strong><a href=\"https:\/\/dhg1h5j42swfq.cloudfront.net\/2019\/12\/06161919\/Edital-Estrat%C3%A9gico_PREFEITURA-DE-S%C3%83O-GON%C3%87ALO_AUDITOR-FISCAL-DO-TESOURO-MUNICIPAL.xlsx\" target=\"_blank\" rel=\"noreferrer noopener nofollow\">Auditor Fiscal do Tesouro Municipal<\/a><\/strong><\/li><\/ul>\n\n\n\n<hr class=\"wp-block-separator\"\/>\n\n\n\n<h2 class=\"has-text-align-center wp-block-heading\" id=\"cursos-assinatura\">Cursos para o concurso S\u00e3o Gon\u00e7alo do Amarante<\/h2>\n\n\n\n<div class=\"container\" id=\"boxes\">\n  <div class=\"row\">\n\n    <div class=\"col-sm\">\n      <div class=\"banner-estrategia\" id=\"box-assinatura\">\n        <h3 class=\"titulo-assinatura\">Cursos para o Concurso S\u00e3o Gon\u00e7alo do Amarante<\/h3>\n        <p class=\"subtitulo-assinatura\">Estude conosco<\/p>\n        <div class=\"box-botao\">\n          <a class=\"btn-assinatura\" target=\"_blank\" href=\"https:\/\/www.estrategiaconcursos.com.br\/cursosPorConcurso\/prefeitura-municipal-de-sao-goncalo-do-amaranto-rn\/\" role=\"button\" rel=\"noopener noreferrer\">Conhe\u00e7a os cursos<\/a>\n        <\/div>\n      <\/div>\n     \n    <\/div>\n\n  <\/div>\n<\/div>\n\n\n\n<div class=\"container\" id=\"boxes\">\n  <div class=\"row\">\n\n    <div class=\"col-sm\">\n      <div class=\"estrategia\" id=\"box-assinatura\">\n        <h3 class=\"titulo-assinatura\">Assinatura Concursos<\/h3>\n        <p class=\"subtitulo-assinatura\">Assinatura de 1 ano ou 2 anos<\/p>\n        <div class=\"box-botao\">\n          <a class=\"btn-assinatura\" target=\"_blank\" href=\"https:\/\/www.estrategiaconcursos.com.br\/assinaturas\/\" role=\"button\" rel=\"noopener noreferrer\">ASSINE AGORA<\/a>\n        <\/div>\n      <\/div><\/div><\/div><\/div>\n\n\n\n<h2 class=\"has-text-align-center wp-block-heading\" id=\"h-quer-saber-tudo-sobre-concursos-previstos-confira-nossos-artigos\">Quer saber tudo sobre concursos previstos?<br \/>Confira  nossos artigos!<\/h2>\n\n\n\n<ul class=\"wp-block-list\"><li><a href=\"https:\/\/www.estrategiaconcursos.com.br\/blog\/concursos-abertos\/\" target=\"_blank\" rel=\"noreferrer noopener\">Concursos abertos<\/a><\/li><li><a href=\"https:\/\/www.estrategiaconcursos.com.br\/blog\/concursos-2022\/\" target=\"_blank\" rel=\"noreferrer noopener\">Concursos 2022<\/a><\/li><\/ul>\n\n\n\n<figure class=\"wp-block-image size-large is-resized\"><img loading=\"lazy\" decoding=\"async\" src=\"https:\/\/dhg1h5j42swfq.cloudfront.net\/2021\/04\/29103905\/ficha-tecnica-184-1024x632.png\" alt=\"Ficha t\u00e9cnica do concurso Prefeitura S\u00e3o Gon\u00e7alo DO amARANTE\" class=\"wp-image-726529\" width=\"266\" height=\"164\" srcset=\"https:\/\/dhg1h5j42swfq.cloudfront.net\/2021\/04\/29103905\/ficha-tecnica-184-1024x632.png 1024w, https:\/\/dhg1h5j42swfq.cloudfront.net\/2021\/04\/29103905\/ficha-tecnica-184-300x185.png 300w, https:\/\/dhg1h5j42swfq.cloudfront.net\/2021\/04\/29103905\/ficha-tecnica-184-768x474.png 768w, https:\/\/dhg1h5j42swfq.cloudfront.net\/2021\/04\/29103905\/ficha-tecnica-184-1536x948.png 1536w, https:\/\/dhg1h5j42swfq.cloudfront.net\/2021\/04\/29103905\/ficha-tecnica-184-610x377.png 610w, https:\/\/dhg1h5j42swfq.cloudfront.net\/2021\/04\/29103905\/ficha-tecnica-184.png 1571w\" sizes=\"auto, (max-width: 266px) 100vw, 266px\" \/><\/figure>\n\n\n\n<h3 class=\"wp-block-heading\" id=\"ficha-tecnica\">Informa\u00e7\u00f5es&nbsp;do concurso S\u00e3o Gon\u00e7alo do Amarante-RN<\/h3>\n\n\n\n<ul class=\"wp-block-list\"><li><strong>Prova<\/strong>: <s>12<\/s> <s>e 19\/09<\/s><\/li><li><strong>Vagas<\/strong>: 583<\/li><li><strong>Cargos<\/strong>: Diversos<\/li><li><strong>Escolaridade<\/strong>: N\u00edvel fundamental, m\u00e9dio e superior<\/li><li><strong>Banca<\/strong>: IBFC<\/li><li><strong>Edital<\/strong>: <a href=\"https:\/\/fs.ibfc.org.br\/arquivos\/65856721e966de44c1d6b57c03c8ed06.pdf\" target=\"_blank\" rel=\"noreferrer noopener\">Edital S\u00e3o Gon\u00e7alo do Amarante<\/a> <\/li><\/ul>\n","protected":false},"excerpt":{"rendered":"<p>Foram publicados os resultados finais do concurso S\u00e3o Gon\u00e7alo do Amarante, Rio Grande do Norte. Para conferir, basta acessar os links abaixo: Resultado Guarda Municipal e N\u00edvel Superior | Resultado N\u00edvel Fundamental e M\u00e9dio Ao todo, o concurso registrou um total de 44.352 candidatos inscritos, sendo 37.933 para atua\u00e7\u00e3o na prefeitura e 6.419 para vagas [&hellip;]<\/p>\n","protected":false},"author":1,"featured_media":729774,"comment_status":"open","ping_status":"closed","sticky":false,"template":"","format":"standard","meta":{"post_tipo":"news_page","footnotes":""},"categories":[214992],"tags":[],"tax_estado":[219983],"class_list":["post-455996","post","type-post","status-publish","format-standard","has-post-thumbnail","hentry","category-concursos-administrativos","tax_estado-rn"],"acf":[],"yoast_head":"<!-- This site is optimized with the Yoast SEO Premium plugin v27.2 (Yoast SEO v27.2) - https:\/\/yoast.com\/product\/yoast-seo-premium-wordpress\/ -->\n<title>Concurso S\u00e3o Gon\u00e7alo do Amarante: resultados finais!<\/title>\n<meta name=\"description\" content=\"Concurso Prefeitura S\u00e3o Gon\u00e7alo do Amarante: divulgados os resultados finais de todos os cargos do certame. Acesse e saiba mais!\" \/>\n<meta name=\"robots\" content=\"index, follow, max-snippet:-1, max-image-preview:large, max-video-preview:-1\" \/>\n<link rel=\"canonical\" href=\"https:\/\/www.estrategiaconcursos.com.br\/blog\/concurso-prefeitura-sao-goncalo-do-amarante-rn\/\" \/>\n<meta property=\"og:locale\" content=\"pt_BR\" \/>\n<meta property=\"og:type\" content=\"article\" \/>\n<meta property=\"og:title\" content=\"Concurso S\u00e3o Gon\u00e7alo do Amarante: resultados finais!\" \/>\n<meta property=\"og:description\" content=\"Concurso Prefeitura S\u00e3o Gon\u00e7alo do Amarante: divulgados os resultados finais de todos os cargos do certame. Acesse e saiba mais!\" \/>\n<meta property=\"og:url\" content=\"https:\/\/www.estrategiaconcursos.com.br\/blog\/concurso-prefeitura-sao-goncalo-do-amarante-rn\/\" \/>\n<meta property=\"og:site_name\" content=\"Estrat\u00e9gia Concursos\" \/>\n<meta property=\"article:author\" content=\"https:\/\/www.facebook.com\/EstrategiaConcursos\" \/>\n<meta property=\"article:published_time\" content=\"2021-11-29T13:10:00+00:00\" \/>\n<meta property=\"article:modified_time\" content=\"2024-03-08T18:20:25+00:00\" \/>\n<meta property=\"og:image\" content=\"https:\/\/dhg1h5j42swfq.cloudfront.net\/2021\/04\/03122437\/prefeitura-de-sao-goncalo-do-amarante.jpg\" \/>\n\t<meta property=\"og:image:width\" content=\"768\" \/>\n\t<meta property=\"og:image:height\" content=\"432\" \/>\n\t<meta property=\"og:image:type\" content=\"image\/jpeg\" \/>\n<meta name=\"author\" content=\"Coordena\u00e7\u00e3o\" \/>\n<meta name=\"twitter:card\" content=\"summary_large_image\" \/>\n<meta name=\"twitter:creator\" content=\"@EstratConcursos\" \/>\n<meta name=\"twitter:site\" content=\"@EstratConcursos\" \/>\n<meta name=\"twitter:label1\" content=\"Escrito por\" \/>\n\t<meta name=\"twitter:data1\" content=\"Coordena\u00e7\u00e3o\" \/>\n\t<meta name=\"twitter:label2\" content=\"Est. tempo de leitura\" \/>\n\t<meta name=\"twitter:data2\" content=\"7 minutos\" \/>\n<script type=\"application\/ld+json\" class=\"yoast-schema-graph\">{\"@context\":\"https:\/\/schema.org\",\"@graph\":[{\"@type\":\"NewsArticle\",\"@id\":\"https:\/\/www.estrategiaconcursos.com.br\/blog\/concurso-prefeitura-sao-goncalo-do-amarante-rn\/#article\",\"isPartOf\":{\"@id\":\"https:\/\/www.estrategiaconcursos.com.br\/blog\/concurso-prefeitura-sao-goncalo-do-amarante-rn\/\"},\"author\":{\"name\":\"Coordena\u00e7\u00e3o\",\"@id\":\"https:\/\/www.estrategiaconcursos.com.br\/blog\/#\/schema\/person\/b4a388c97673c5f483d72185668afa1f\"},\"headline\":\"Concurso S\u00e3o Gon\u00e7alo do Amarante: resultados finais!\",\"datePublished\":\"2021-11-29T13:10:00+00:00\",\"dateModified\":\"2024-03-08T18:20:25+00:00\",\"mainEntityOfPage\":{\"@id\":\"https:\/\/www.estrategiaconcursos.com.br\/blog\/concurso-prefeitura-sao-goncalo-do-amarante-rn\/\"},\"wordCount\":1204,\"commentCount\":5,\"publisher\":{\"@id\":\"https:\/\/www.estrategiaconcursos.com.br\/blog\/#organization\"},\"image\":{\"@id\":\"https:\/\/www.estrategiaconcursos.com.br\/blog\/concurso-prefeitura-sao-goncalo-do-amarante-rn\/#primaryimage\"},\"thumbnailUrl\":\"https:\/\/dhg1h5j42swfq.cloudfront.net\/2021\/04\/03122437\/prefeitura-de-sao-goncalo-do-amarante.jpg\",\"articleSection\":[\"Executivo (Administrativa)\"],\"inLanguage\":\"pt-BR\",\"potentialAction\":[{\"@type\":\"CommentAction\",\"name\":\"Comment\",\"target\":[\"https:\/\/www.estrategiaconcursos.com.br\/blog\/concurso-prefeitura-sao-goncalo-do-amarante-rn\/#respond\"]}],\"copyrightYear\":\"2021\",\"copyrightHolder\":{\"@id\":\"https:\/\/www.estrategiaconcursos.com.br\/blog\/#organization\"}},{\"@type\":\"WebPage\",\"@id\":\"https:\/\/www.estrategiaconcursos.com.br\/blog\/concurso-prefeitura-sao-goncalo-do-amarante-rn\/\",\"url\":\"https:\/\/www.estrategiaconcursos.com.br\/blog\/concurso-prefeitura-sao-goncalo-do-amarante-rn\/\",\"name\":\"Concurso S\u00e3o Gon\u00e7alo do Amarante: resultados finais!\",\"isPartOf\":{\"@id\":\"https:\/\/www.estrategiaconcursos.com.br\/blog\/#website\"},\"primaryImageOfPage\":{\"@id\":\"https:\/\/www.estrategiaconcursos.com.br\/blog\/concurso-prefeitura-sao-goncalo-do-amarante-rn\/#primaryimage\"},\"image\":{\"@id\":\"https:\/\/www.estrategiaconcursos.com.br\/blog\/concurso-prefeitura-sao-goncalo-do-amarante-rn\/#primaryimage\"},\"thumbnailUrl\":\"https:\/\/dhg1h5j42swfq.cloudfront.net\/2021\/04\/03122437\/prefeitura-de-sao-goncalo-do-amarante.jpg\",\"datePublished\":\"2021-11-29T13:10:00+00:00\",\"dateModified\":\"2024-03-08T18:20:25+00:00\",\"description\":\"Concurso Prefeitura S\u00e3o Gon\u00e7alo do Amarante: divulgados os resultados finais de todos os cargos do certame. Acesse e saiba mais!\",\"breadcrumb\":{\"@id\":\"https:\/\/www.estrategiaconcursos.com.br\/blog\/concurso-prefeitura-sao-goncalo-do-amarante-rn\/#breadcrumb\"},\"inLanguage\":\"pt-BR\",\"potentialAction\":[{\"@type\":\"ReadAction\",\"target\":[\"https:\/\/www.estrategiaconcursos.com.br\/blog\/concurso-prefeitura-sao-goncalo-do-amarante-rn\/\"]}]},{\"@type\":\"ImageObject\",\"inLanguage\":\"pt-BR\",\"@id\":\"https:\/\/www.estrategiaconcursos.com.br\/blog\/concurso-prefeitura-sao-goncalo-do-amarante-rn\/#primaryimage\",\"url\":\"https:\/\/dhg1h5j42swfq.cloudfront.net\/2021\/04\/03122437\/prefeitura-de-sao-goncalo-do-amarante.jpg\",\"contentUrl\":\"https:\/\/dhg1h5j42swfq.cloudfront.net\/2021\/04\/03122437\/prefeitura-de-sao-goncalo-do-amarante.jpg\",\"width\":768,\"height\":432,\"caption\":\"concurso gon\u00e7alo amarante gabaritos\"},{\"@type\":\"BreadcrumbList\",\"@id\":\"https:\/\/www.estrategiaconcursos.com.br\/blog\/concurso-prefeitura-sao-goncalo-do-amarante-rn\/#breadcrumb\",\"itemListElement\":[{\"@type\":\"ListItem\",\"position\":1,\"name\":\"In\u00edcio\",\"item\":\"https:\/\/www.estrategiaconcursos.com.br\/blog\/\"},{\"@type\":\"ListItem\",\"position\":2,\"name\":\"Concurso S\u00e3o Gon\u00e7alo do Amarante: resultados finais!\"}]},{\"@type\":\"WebSite\",\"@id\":\"https:\/\/www.estrategiaconcursos.com.br\/blog\/#website\",\"url\":\"https:\/\/www.estrategiaconcursos.com.br\/blog\/\",\"name\":\"Estrat\u00e9gia Concursos\",\"description\":\"O blog da Estrat\u00e9gia Concursos traz not\u00edcias sobre concursos e artigos de professores oferecendo cursos para concursos (pdf + videaulas) no site.\",\"publisher\":{\"@id\":\"https:\/\/www.estrategiaconcursos.com.br\/blog\/#organization\"},\"potentialAction\":[{\"@type\":\"SearchAction\",\"target\":{\"@type\":\"EntryPoint\",\"urlTemplate\":\"https:\/\/www.estrategiaconcursos.com.br\/blog\/?s={search_term_string}\"},\"query-input\":{\"@type\":\"PropertyValueSpecification\",\"valueRequired\":true,\"valueName\":\"search_term_string\"}}],\"inLanguage\":\"pt-BR\"},{\"@type\":\"Organization\",\"@id\":\"https:\/\/www.estrategiaconcursos.com.br\/blog\/#organization\",\"name\":\"Estrat\u00e9gia Concursos\",\"url\":\"https:\/\/www.estrategiaconcursos.com.br\/blog\/\",\"logo\":{\"@type\":\"ImageObject\",\"inLanguage\":\"pt-BR\",\"@id\":\"https:\/\/www.estrategiaconcursos.com.br\/blog\/#\/schema\/logo\/image\/\",\"url\":\"https:\/\/dhg1h5j42swfq.cloudfront.net\/2025\/06\/03203428\/logo_concursos-1.jpg\",\"contentUrl\":\"https:\/\/dhg1h5j42swfq.cloudfront.net\/2025\/06\/03203428\/logo_concursos-1.jpg\",\"width\":230,\"height\":60,\"caption\":\"Estrat\u00e9gia Concursos\"},\"image\":{\"@id\":\"https:\/\/www.estrategiaconcursos.com.br\/blog\/#\/schema\/logo\/image\/\"},\"sameAs\":[\"https:\/\/x.com\/EstratConcursos\"]},{\"@type\":\"Person\",\"@id\":\"https:\/\/www.estrategiaconcursos.com.br\/blog\/#\/schema\/person\/b4a388c97673c5f483d72185668afa1f\",\"name\":\"Coordena\u00e7\u00e3o\",\"image\":{\"@type\":\"ImageObject\",\"inLanguage\":\"pt-BR\",\"@id\":\"https:\/\/secure.gravatar.com\/avatar\/b720319e4c9a967eb58678d110f4fe35452fc5d5f97b202bac7b8acceb18c6ad?s=96&d=mm&r=g\",\"url\":\"https:\/\/secure.gravatar.com\/avatar\/b720319e4c9a967eb58678d110f4fe35452fc5d5f97b202bac7b8acceb18c6ad?s=96&d=mm&r=g\",\"contentUrl\":\"https:\/\/secure.gravatar.com\/avatar\/b720319e4c9a967eb58678d110f4fe35452fc5d5f97b202bac7b8acceb18c6ad?s=96&d=mm&r=g\",\"caption\":\"Coordena\u00e7\u00e3o\"},\"sameAs\":[\"https:\/\/www.facebook.com\/EstrategiaConcursos\",\"https:\/\/x.com\/EstratConcursos\"],\"url\":\"https:\/\/www.estrategiaconcursos.com.br\/blog\/author\/estrategia2013\/\"}]}<\/script>\n<!-- \/ Yoast SEO Premium plugin. -->","yoast_head_json":{"title":"Concurso S\u00e3o Gon\u00e7alo do Amarante: resultados finais!","description":"Concurso Prefeitura S\u00e3o Gon\u00e7alo do Amarante: divulgados os resultados finais de todos os cargos do certame. Acesse e saiba mais!","robots":{"index":"index","follow":"follow","max-snippet":"max-snippet:-1","max-image-preview":"max-image-preview:large","max-video-preview":"max-video-preview:-1"},"canonical":"https:\/\/www.estrategiaconcursos.com.br\/blog\/concurso-prefeitura-sao-goncalo-do-amarante-rn\/","og_locale":"pt_BR","og_type":"article","og_title":"Concurso S\u00e3o Gon\u00e7alo do Amarante: resultados finais!","og_description":"Concurso Prefeitura S\u00e3o Gon\u00e7alo do Amarante: divulgados os resultados finais de todos os cargos do certame. Acesse e saiba mais!","og_url":"https:\/\/www.estrategiaconcursos.com.br\/blog\/concurso-prefeitura-sao-goncalo-do-amarante-rn\/","og_site_name":"Estrat\u00e9gia Concursos","article_author":"https:\/\/www.facebook.com\/EstrategiaConcursos","article_published_time":"2021-11-29T13:10:00+00:00","article_modified_time":"2024-03-08T18:20:25+00:00","og_image":[{"width":768,"height":432,"url":"https:\/\/dhg1h5j42swfq.cloudfront.net\/2021\/04\/03122437\/prefeitura-de-sao-goncalo-do-amarante.jpg","type":"image\/jpeg"}],"author":"Coordena\u00e7\u00e3o","twitter_card":"summary_large_image","twitter_creator":"@EstratConcursos","twitter_site":"@EstratConcursos","twitter_misc":{"Escrito por":"Coordena\u00e7\u00e3o","Est. tempo de leitura":"7 minutos"},"schema":{"@context":"https:\/\/schema.org","@graph":[{"@type":"NewsArticle","@id":"https:\/\/www.estrategiaconcursos.com.br\/blog\/concurso-prefeitura-sao-goncalo-do-amarante-rn\/#article","isPartOf":{"@id":"https:\/\/www.estrategiaconcursos.com.br\/blog\/concurso-prefeitura-sao-goncalo-do-amarante-rn\/"},"author":{"name":"Coordena\u00e7\u00e3o","@id":"https:\/\/www.estrategiaconcursos.com.br\/blog\/#\/schema\/person\/b4a388c97673c5f483d72185668afa1f"},"headline":"Concurso S\u00e3o Gon\u00e7alo do Amarante: resultados finais!","datePublished":"2021-11-29T13:10:00+00:00","dateModified":"2024-03-08T18:20:25+00:00","mainEntityOfPage":{"@id":"https:\/\/www.estrategiaconcursos.com.br\/blog\/concurso-prefeitura-sao-goncalo-do-amarante-rn\/"},"wordCount":1204,"commentCount":5,"publisher":{"@id":"https:\/\/www.estrategiaconcursos.com.br\/blog\/#organization"},"image":{"@id":"https:\/\/www.estrategiaconcursos.com.br\/blog\/concurso-prefeitura-sao-goncalo-do-amarante-rn\/#primaryimage"},"thumbnailUrl":"https:\/\/dhg1h5j42swfq.cloudfront.net\/2021\/04\/03122437\/prefeitura-de-sao-goncalo-do-amarante.jpg","articleSection":["Executivo (Administrativa)"],"inLanguage":"pt-BR","potentialAction":[{"@type":"CommentAction","name":"Comment","target":["https:\/\/www.estrategiaconcursos.com.br\/blog\/concurso-prefeitura-sao-goncalo-do-amarante-rn\/#respond"]}],"copyrightYear":"2021","copyrightHolder":{"@id":"https:\/\/www.estrategiaconcursos.com.br\/blog\/#organization"}},{"@type":"WebPage","@id":"https:\/\/www.estrategiaconcursos.com.br\/blog\/concurso-prefeitura-sao-goncalo-do-amarante-rn\/","url":"https:\/\/www.estrategiaconcursos.com.br\/blog\/concurso-prefeitura-sao-goncalo-do-amarante-rn\/","name":"Concurso S\u00e3o Gon\u00e7alo do Amarante: resultados finais!","isPartOf":{"@id":"https:\/\/www.estrategiaconcursos.com.br\/blog\/#website"},"primaryImageOfPage":{"@id":"https:\/\/www.estrategiaconcursos.com.br\/blog\/concurso-prefeitura-sao-goncalo-do-amarante-rn\/#primaryimage"},"image":{"@id":"https:\/\/www.estrategiaconcursos.com.br\/blog\/concurso-prefeitura-sao-goncalo-do-amarante-rn\/#primaryimage"},"thumbnailUrl":"https:\/\/dhg1h5j42swfq.cloudfront.net\/2021\/04\/03122437\/prefeitura-de-sao-goncalo-do-amarante.jpg","datePublished":"2021-11-29T13:10:00+00:00","dateModified":"2024-03-08T18:20:25+00:00","description":"Concurso Prefeitura S\u00e3o Gon\u00e7alo do Amarante: divulgados os resultados finais de todos os cargos do certame. Acesse e saiba mais!","breadcrumb":{"@id":"https:\/\/www.estrategiaconcursos.com.br\/blog\/concurso-prefeitura-sao-goncalo-do-amarante-rn\/#breadcrumb"},"inLanguage":"pt-BR","potentialAction":[{"@type":"ReadAction","target":["https:\/\/www.estrategiaconcursos.com.br\/blog\/concurso-prefeitura-sao-goncalo-do-amarante-rn\/"]}]},{"@type":"ImageObject","inLanguage":"pt-BR","@id":"https:\/\/www.estrategiaconcursos.com.br\/blog\/concurso-prefeitura-sao-goncalo-do-amarante-rn\/#primaryimage","url":"https:\/\/dhg1h5j42swfq.cloudfront.net\/2021\/04\/03122437\/prefeitura-de-sao-goncalo-do-amarante.jpg","contentUrl":"https:\/\/dhg1h5j42swfq.cloudfront.net\/2021\/04\/03122437\/prefeitura-de-sao-goncalo-do-amarante.jpg","width":768,"height":432,"caption":"concurso gon\u00e7alo amarante gabaritos"},{"@type":"BreadcrumbList","@id":"https:\/\/www.estrategiaconcursos.com.br\/blog\/concurso-prefeitura-sao-goncalo-do-amarante-rn\/#breadcrumb","itemListElement":[{"@type":"ListItem","position":1,"name":"In\u00edcio","item":"https:\/\/www.estrategiaconcursos.com.br\/blog\/"},{"@type":"ListItem","position":2,"name":"Concurso S\u00e3o Gon\u00e7alo do Amarante: resultados finais!"}]},{"@type":"WebSite","@id":"https:\/\/www.estrategiaconcursos.com.br\/blog\/#website","url":"https:\/\/www.estrategiaconcursos.com.br\/blog\/","name":"Estrat\u00e9gia Concursos","description":"O blog da Estrat\u00e9gia Concursos traz not\u00edcias sobre concursos e artigos de professores oferecendo cursos para concursos (pdf + videaulas) no site.","publisher":{"@id":"https:\/\/www.estrategiaconcursos.com.br\/blog\/#organization"},"potentialAction":[{"@type":"SearchAction","target":{"@type":"EntryPoint","urlTemplate":"https:\/\/www.estrategiaconcursos.com.br\/blog\/?s={search_term_string}"},"query-input":{"@type":"PropertyValueSpecification","valueRequired":true,"valueName":"search_term_string"}}],"inLanguage":"pt-BR"},{"@type":"Organization","@id":"https:\/\/www.estrategiaconcursos.com.br\/blog\/#organization","name":"Estrat\u00e9gia Concursos","url":"https:\/\/www.estrategiaconcursos.com.br\/blog\/","logo":{"@type":"ImageObject","inLanguage":"pt-BR","@id":"https:\/\/www.estrategiaconcursos.com.br\/blog\/#\/schema\/logo\/image\/","url":"https:\/\/dhg1h5j42swfq.cloudfront.net\/2025\/06\/03203428\/logo_concursos-1.jpg","contentUrl":"https:\/\/dhg1h5j42swfq.cloudfront.net\/2025\/06\/03203428\/logo_concursos-1.jpg","width":230,"height":60,"caption":"Estrat\u00e9gia Concursos"},"image":{"@id":"https:\/\/www.estrategiaconcursos.com.br\/blog\/#\/schema\/logo\/image\/"},"sameAs":["https:\/\/x.com\/EstratConcursos"]},{"@type":"Person","@id":"https:\/\/www.estrategiaconcursos.com.br\/blog\/#\/schema\/person\/b4a388c97673c5f483d72185668afa1f","name":"Coordena\u00e7\u00e3o","image":{"@type":"ImageObject","inLanguage":"pt-BR","@id":"https:\/\/secure.gravatar.com\/avatar\/b720319e4c9a967eb58678d110f4fe35452fc5d5f97b202bac7b8acceb18c6ad?s=96&d=mm&r=g","url":"https:\/\/secure.gravatar.com\/avatar\/b720319e4c9a967eb58678d110f4fe35452fc5d5f97b202bac7b8acceb18c6ad?s=96&d=mm&r=g","contentUrl":"https:\/\/secure.gravatar.com\/avatar\/b720319e4c9a967eb58678d110f4fe35452fc5d5f97b202bac7b8acceb18c6ad?s=96&d=mm&r=g","caption":"Coordena\u00e7\u00e3o"},"sameAs":["https:\/\/www.facebook.com\/EstrategiaConcursos","https:\/\/x.com\/EstratConcursos"],"url":"https:\/\/www.estrategiaconcursos.com.br\/blog\/author\/estrategia2013\/"}]}},"_links":{"self":[{"href":"https:\/\/www.estrategiaconcursos.com.br\/blog\/wp-json\/wp\/v2\/posts\/455996","targetHints":{"allow":["GET"]}}],"collection":[{"href":"https:\/\/www.estrategiaconcursos.com.br\/blog\/wp-json\/wp\/v2\/posts"}],"about":[{"href":"https:\/\/www.estrategiaconcursos.com.br\/blog\/wp-json\/wp\/v2\/types\/post"}],"author":[{"embeddable":true,"href":"https:\/\/www.estrategiaconcursos.com.br\/blog\/wp-json\/wp\/v2\/users\/1"}],"replies":[{"embeddable":true,"href":"https:\/\/www.estrategiaconcursos.com.br\/blog\/wp-json\/wp\/v2\/comments?post=455996"}],"version-history":[{"count":45,"href":"https:\/\/www.estrategiaconcursos.com.br\/blog\/wp-json\/wp\/v2\/posts\/455996\/revisions"}],"predecessor-version":[{"id":939617,"href":"https:\/\/www.estrategiaconcursos.com.br\/blog\/wp-json\/wp\/v2\/posts\/455996\/revisions\/939617"}],"wp:featuredmedia":[{"embeddable":true,"href":"https:\/\/www.estrategiaconcursos.com.br\/blog\/wp-json\/wp\/v2\/media\/729774"}],"wp:attachment":[{"href":"https:\/\/www.estrategiaconcursos.com.br\/blog\/wp-json\/wp\/v2\/media?parent=455996"}],"wp:term":[{"taxonomy":"category","embeddable":true,"href":"https:\/\/www.estrategiaconcursos.com.br\/blog\/wp-json\/wp\/v2\/categories?post=455996"},{"taxonomy":"post_tag","embeddable":true,"href":"https:\/\/www.estrategiaconcursos.com.br\/blog\/wp-json\/wp\/v2\/tags?post=455996"},{"taxonomy":"tax_estado","embeddable":true,"href":"https:\/\/www.estrategiaconcursos.com.br\/blog\/wp-json\/wp\/v2\/tax_estado?post=455996"}],"curies":[{"name":"wp","href":"https:\/\/api.w.org\/{rel}","templated":true}]}}