{"id":455862,"date":"2019-12-07T07:00:20","date_gmt":"2019-12-07T10:00:20","guid":{"rendered":"https:\/\/www.estrategiaconcursos.com.br\/blog\/?p=455862"},"modified":"2022-10-13T17:55:53","modified_gmt":"2022-10-13T20:55:53","slug":"concurso-dpe-pr-defensor-provas-comentadass","status":"publish","type":"post","link":"https:\/\/www.estrategiaconcursos.com.br\/blog\/concurso-dpe-pr-defensor-provas-comentadass\/","title":{"rendered":"Concurso DPE PR Defensor: \u00daltimas provas comentadas"},"content":{"rendered":"\n<p>Neste ano de 2019 a Defensoria P\u00fablica do Paran\u00e1 autorizou a realiza\u00e7\u00e3o de um novo concurso para Defensores. O regulamento da sele\u00e7\u00e3o j\u00e1 foi aprovado pelo Conselho Superior do \u00f3rg\u00e3o e as bancas examinadoras j\u00e1 foram indicadas indicadas. <\/p>\n\n\n\n<p>O \u00faltimo certame para a carreira ocorreu em 2016, quando foram ofertadas 13 vagas diretas mais cadastro reserva para o cargo de Defensor P\u00fablico. <\/p>\n\n\n\n<p>Recentemente, o Governador do Paran\u00e1, Ratinho J\u00fanior, sancionou a Lei Complementar 218\/2019, que introduziu importantes altera\u00e7\u00f5es na Lei Org\u00e2nica da Defensoria P\u00fablica do Estado, agora dividindo a carreira em cinco classes e reajustando a tabela de subs\u00eddio dos defensores. <\/p>\n\n\n\n<p>Essa novidade assim como a expectativa de um novo certame para 2020 deixam os candidatos ainda mais nervosos e ansiosos em sua prepara\u00e7\u00e3o e, para auxili\u00e1-los neste momento, a equipe de professores do Estrat\u00e9gia Concursos preparou um <strong>evento exclusivo<\/strong> para corre\u00e7\u00f5es e coment\u00e1rios a respeito das \u00faltimas provas. Confira a programa\u00e7\u00e3o: <\/p>\n\n\n\n<ul class=\"wp-block-list\"><li> <em>Direito Constitucional<\/em> &#8211; Prof. Nelma Fontana<\/li><li> <em>Direitos Humanos<\/em> &#8211; Prof. Ricardo Torques<\/li><li> <em>Direito da Crian\u00e7a e do Adolescente <\/em>&#8211; Prof. Ricardo Torques<\/li><li> <em>Direito Penal<\/em> &#8211; Prof. Michael Proc\u00f3pio<\/li><li> <em>Criminologia<\/em> &#8211; Prof. Paulo Bilynskyj<\/li><li> <em>Direito Processual Penal<\/em> &#8211; Prof. Leonardo Tavares<\/li><li><em> Legisla\u00e7\u00e3o Penal Especial<\/em> &#8211; Prof. Ivan Marques<\/li><li> <em>Direito Civil <\/em>&#8211; Prof. Paulo Sousa<\/li><li> <em>Direito Processual Civil<\/em> &#8211; Prof. Rodrigo Vaslin<\/li><li> <em>Direitos Difusos e Coletivos<\/em> &#8211; Prof. Vanderlei Garcia<\/li><li> <em>Direito do Consumidor<\/em>&#8211; Prof. Igor Maciel<\/li><li><em>Direito Administrativo<\/em> &#8211; Prof. Wagner Dam\u00e1zio<\/li><li><em>Princ\u00edpios e Atribui\u00e7\u00f5es Institucionais da Defensoria do Estado do Paran\u00e1<\/em> &#8211; Prof. Igor Maciel<\/li><li><em>Filosofia do Direito e Sociologia Jur\u00eddica<\/em> &#8211; Prof. Jean Vilbert<\/li><\/ul>\n\n\n\n<p>A transmiss\u00e3o ser\u00e1 <strong>gratuita<\/strong> e ocorrer\u00e1 neste <strong>s\u00e1bado<\/strong>, <strong>07 de dezembro<\/strong>, ao vivo,  partir das <strong>08 horas e 30 minutos<\/strong>, diretamente do <strong>canal do Estrat\u00e9gia no Youtube. <\/strong><\/p>\n\n\n\n<p class=\"has-text-align-center has-background has-medium-font-size\" style=\"background-color:#fcb9007a\"><strong>Saiba mais: <a href=\"https:\/\/cj.estrategia.com\/portal\/concurso-dpe-pr-defensor\/\" target=\"_blank\" rel=\"noreferrer noopener\">Concurso DPE PR Defensor<\/a><\/strong><\/p>\n\n\n\n<h2 class=\"has-text-align-center wp-block-heading\" id=\"cursos\">Cursos concurso DPE PR Defensor<\/h2>\n\n\n\n<p class=\"has-text-align-center\" style=\"font-size:clamp(16.293px, 1.018rem + ((1vw - 3.2px) * 0.854), 25px);px\"><strong><em>Quer estudar para Concurso DPE PR Defensor?<\/em><\/strong><\/p>\n\n\n\n<p class=\"has-text-align-center\"><em><strong>Gostou desta oportunidade e deseja come\u00e7ar se preparar agora mesmo? Ent\u00e3o, confira os nossos cursos e comece a estudar DPE PR Defensor:<\/strong><\/em><\/p>\n\n\n\n<p class=\"has-text-align-center has-luminous-vivid-amber-background-color has-background\" style=\"font-size:clamp(16.293px, 1.018rem + ((1vw - 3.2px) * 0.854), 25px);px\"><span style=\"text-decoration: underline;\"><em><a rel=\"noreferrer noopener\" aria-label=\"Curso  DPE PR Defensor (abre numa nova aba)\" href=\"https:\/\/www.estrategiaconcursos.com.br\/cursosPorConcurso\/dpe-pr-defensoria-publica-de-parana-defensor-publico\/\" target=\"_blank\"><strong>Curso DPE PR Defensor<\/strong><\/a><\/em><\/span><\/p>\n\n\n\n<p class=\"has-text-align-center has-pale-cyan-blue-background-color has-background\" style=\"font-size:clamp(15.197px, 0.95rem + ((1vw - 3.2px) * 0.765), 23px);px\"><strong><a href=\"https:\/\/www.estrategiaconcursos.com.br\/blog\/concursos-abertos\/\">CONCURSOS ABERTOS<\/a><\/strong><\/p>\n\n\n\n<p class=\"has-text-align-center has-pale-cyan-blue-background-color has-background\" style=\"font-size:clamp(15.197px, 0.95rem + ((1vw - 3.2px) * 0.765), 23px);px\"><strong><a href=\"https:\/\/www.estrategiaconcursos.com.br\/blog\/concursos-2023\/\" target=\"_blank\" rel=\"noreferrer noopener\">CONCURSOS 2023<\/a><\/strong><\/p>\n\n\n\n<p class=\"has-text-align-center has-pale-cyan-blue-background-color has-background\" style=\"font-size:clamp(15.197px, 0.95rem + ((1vw - 3.2px) * 0.765), 23px);px\"><strong><a href=\"https:\/\/cj.estrategia.com\/portal\/concursos-de-direito\/\" target=\"_blank\" rel=\"noreferrer noopener\">CONCURSOS DE DIREITO<\/a><\/strong><\/p>\n","protected":false},"excerpt":{"rendered":"<p>Neste ano de 2019 a Defensoria P\u00fablica do Paran\u00e1 autorizou a realiza\u00e7\u00e3o de um novo concurso para Defensores. O regulamento da sele\u00e7\u00e3o j\u00e1 foi aprovado pelo Conselho Superior do \u00f3rg\u00e3o e as bancas examinadoras j\u00e1 foram indicadas indicadas. O \u00faltimo certame para a carreira ocorreu em 2016, quando foram ofertadas 13 vagas diretas mais cadastro [&hellip;]<\/p>\n","protected":false},"author":180,"featured_media":388809,"comment_status":"open","ping_status":"closed","sticky":false,"template":"","format":"standard","meta":{"post_tipo":"article","footnotes":""},"categories":[1,2185],"tags":[],"tax_estado":[],"class_list":["post-455862","post","type-post","status-publish","format-standard","has-post-thumbnail","hentry","category-cursos-e-concursos","category-carreiras-juridicas"],"acf":[],"yoast_head":"<!-- This site is optimized with the Yoast SEO Premium plugin v27.2 (Yoast SEO v27.2) - https:\/\/yoast.com\/product\/yoast-seo-premium-wordpress\/ -->\n<title>Concurso DPE PR Defensor: \u00daltimas provas comentadas<\/title>\n<meta name=\"robots\" content=\"index, follow, max-snippet:-1, max-image-preview:large, max-video-preview:-1\" \/>\n<link rel=\"canonical\" href=\"https:\/\/www.estrategiaconcursos.com.br\/blog\/concurso-dpe-pr-defensor-provas-comentadass\/\" \/>\n<meta property=\"og:locale\" content=\"pt_BR\" \/>\n<meta property=\"og:type\" content=\"article\" \/>\n<meta property=\"og:title\" content=\"Concurso DPE PR Defensor: \u00daltimas provas comentadas\" \/>\n<meta property=\"og:description\" content=\"Neste ano de 2019 a Defensoria P\u00fablica do Paran\u00e1 autorizou a realiza\u00e7\u00e3o de um novo concurso para Defensores. O regulamento da sele\u00e7\u00e3o j\u00e1 foi aprovado pelo Conselho Superior do \u00f3rg\u00e3o e as bancas examinadoras j\u00e1 foram indicadas indicadas. O \u00faltimo certame para a carreira ocorreu em 2016, quando foram ofertadas 13 vagas diretas mais cadastro [&hellip;]\" \/>\n<meta property=\"og:url\" content=\"https:\/\/www.estrategiaconcursos.com.br\/blog\/concurso-dpe-pr-defensor-provas-comentadass\/\" \/>\n<meta property=\"og:site_name\" content=\"Estrat\u00e9gia Concursos\" \/>\n<meta property=\"article:author\" content=\"https:\/\/www.facebook.com\/ricardo.s.torques\" \/>\n<meta property=\"article:published_time\" content=\"2019-12-07T10:00:20+00:00\" \/>\n<meta property=\"article:modified_time\" content=\"2022-10-13T20:55:53+00:00\" \/>\n<meta property=\"og:image\" content=\"https:\/\/dhg1h5j42swfq.cloudfront.net\/2019\/06\/17172414\/dpe-pr.png\" \/>\n\t<meta property=\"og:image:width\" content=\"400\" \/>\n\t<meta property=\"og:image:height\" content=\"209\" \/>\n\t<meta property=\"og:image:type\" content=\"image\/png\" \/>\n<meta name=\"author\" content=\"Ricardo Torques\" \/>\n<meta name=\"twitter:card\" content=\"summary_large_image\" \/>\n<meta name=\"twitter:creator\" content=\"@EstratConcursos\" \/>\n<meta name=\"twitter:site\" content=\"@EstratConcursos\" \/>\n<meta name=\"twitter:label1\" content=\"Escrito por\" \/>\n\t<meta name=\"twitter:data1\" content=\"Ricardo Torques\" \/>\n\t<meta name=\"twitter:label2\" content=\"Est. tempo de leitura\" \/>\n\t<meta name=\"twitter:data2\" content=\"2 minutos\" \/>\n<script type=\"application\/ld+json\" class=\"yoast-schema-graph\">{\"@context\":\"https:\/\/schema.org\",\"@graph\":[{\"@type\":\"NewsArticle\",\"@id\":\"https:\/\/www.estrategiaconcursos.com.br\/blog\/concurso-dpe-pr-defensor-provas-comentadass\/#article\",\"isPartOf\":{\"@id\":\"https:\/\/www.estrategiaconcursos.com.br\/blog\/concurso-dpe-pr-defensor-provas-comentadass\/\"},\"author\":{\"name\":\"Ricardo Torques\",\"@id\":\"https:\/\/www.estrategiaconcursos.com.br\/blog\/#\/schema\/person\/aa39cf5ddb518e5bdce27c35788405e2\"},\"headline\":\"Concurso DPE PR Defensor: \u00daltimas provas comentadas\",\"datePublished\":\"2019-12-07T10:00:20+00:00\",\"dateModified\":\"2022-10-13T20:55:53+00:00\",\"mainEntityOfPage\":{\"@id\":\"https:\/\/www.estrategiaconcursos.com.br\/blog\/concurso-dpe-pr-defensor-provas-comentadass\/\"},\"wordCount\":360,\"commentCount\":0,\"publisher\":{\"@id\":\"https:\/\/www.estrategiaconcursos.com.br\/blog\/#organization\"},\"image\":{\"@id\":\"https:\/\/www.estrategiaconcursos.com.br\/blog\/concurso-dpe-pr-defensor-provas-comentadass\/#primaryimage\"},\"thumbnailUrl\":\"https:\/\/dhg1h5j42swfq.cloudfront.net\/2019\/06\/17172414\/dpe-pr.png\",\"articleSection\":[\"Concursos P\u00fablicos\",\"Jur\u00eddico\"],\"inLanguage\":\"pt-BR\",\"potentialAction\":[{\"@type\":\"CommentAction\",\"name\":\"Comment\",\"target\":[\"https:\/\/www.estrategiaconcursos.com.br\/blog\/concurso-dpe-pr-defensor-provas-comentadass\/#respond\"]}],\"copyrightYear\":\"2019\",\"copyrightHolder\":{\"@id\":\"https:\/\/www.estrategiaconcursos.com.br\/blog\/#organization\"}},{\"@type\":\"WebPage\",\"@id\":\"https:\/\/www.estrategiaconcursos.com.br\/blog\/concurso-dpe-pr-defensor-provas-comentadass\/\",\"url\":\"https:\/\/www.estrategiaconcursos.com.br\/blog\/concurso-dpe-pr-defensor-provas-comentadass\/\",\"name\":\"Concurso DPE PR Defensor: \u00daltimas provas comentadas\",\"isPartOf\":{\"@id\":\"https:\/\/www.estrategiaconcursos.com.br\/blog\/#website\"},\"primaryImageOfPage\":{\"@id\":\"https:\/\/www.estrategiaconcursos.com.br\/blog\/concurso-dpe-pr-defensor-provas-comentadass\/#primaryimage\"},\"image\":{\"@id\":\"https:\/\/www.estrategiaconcursos.com.br\/blog\/concurso-dpe-pr-defensor-provas-comentadass\/#primaryimage\"},\"thumbnailUrl\":\"https:\/\/dhg1h5j42swfq.cloudfront.net\/2019\/06\/17172414\/dpe-pr.png\",\"datePublished\":\"2019-12-07T10:00:20+00:00\",\"dateModified\":\"2022-10-13T20:55:53+00:00\",\"breadcrumb\":{\"@id\":\"https:\/\/www.estrategiaconcursos.com.br\/blog\/concurso-dpe-pr-defensor-provas-comentadass\/#breadcrumb\"},\"inLanguage\":\"pt-BR\",\"potentialAction\":[{\"@type\":\"ReadAction\",\"target\":[\"https:\/\/www.estrategiaconcursos.com.br\/blog\/concurso-dpe-pr-defensor-provas-comentadass\/\"]}]},{\"@type\":\"ImageObject\",\"inLanguage\":\"pt-BR\",\"@id\":\"https:\/\/www.estrategiaconcursos.com.br\/blog\/concurso-dpe-pr-defensor-provas-comentadass\/#primaryimage\",\"url\":\"https:\/\/dhg1h5j42swfq.cloudfront.net\/2019\/06\/17172414\/dpe-pr.png\",\"contentUrl\":\"https:\/\/dhg1h5j42swfq.cloudfront.net\/2019\/06\/17172414\/dpe-pr.png\",\"width\":400,\"height\":209,\"caption\":\"concurso dpe pr defensor\"},{\"@type\":\"BreadcrumbList\",\"@id\":\"https:\/\/www.estrategiaconcursos.com.br\/blog\/concurso-dpe-pr-defensor-provas-comentadass\/#breadcrumb\",\"itemListElement\":[{\"@type\":\"ListItem\",\"position\":1,\"name\":\"In\u00edcio\",\"item\":\"https:\/\/www.estrategiaconcursos.com.br\/blog\/\"},{\"@type\":\"ListItem\",\"position\":2,\"name\":\"Concurso DPE PR Defensor: \u00daltimas provas comentadas\"}]},{\"@type\":\"WebSite\",\"@id\":\"https:\/\/www.estrategiaconcursos.com.br\/blog\/#website\",\"url\":\"https:\/\/www.estrategiaconcursos.com.br\/blog\/\",\"name\":\"Estrat\u00e9gia Concursos\",\"description\":\"O blog da Estrat\u00e9gia Concursos traz not\u00edcias sobre concursos e artigos de professores oferecendo cursos para concursos (pdf + videaulas) no site.\",\"publisher\":{\"@id\":\"https:\/\/www.estrategiaconcursos.com.br\/blog\/#organization\"},\"potentialAction\":[{\"@type\":\"SearchAction\",\"target\":{\"@type\":\"EntryPoint\",\"urlTemplate\":\"https:\/\/www.estrategiaconcursos.com.br\/blog\/?s={search_term_string}\"},\"query-input\":{\"@type\":\"PropertyValueSpecification\",\"valueRequired\":true,\"valueName\":\"search_term_string\"}}],\"inLanguage\":\"pt-BR\"},{\"@type\":\"Organization\",\"@id\":\"https:\/\/www.estrategiaconcursos.com.br\/blog\/#organization\",\"name\":\"Estrat\u00e9gia Concursos\",\"url\":\"https:\/\/www.estrategiaconcursos.com.br\/blog\/\",\"logo\":{\"@type\":\"ImageObject\",\"inLanguage\":\"pt-BR\",\"@id\":\"https:\/\/www.estrategiaconcursos.com.br\/blog\/#\/schema\/logo\/image\/\",\"url\":\"https:\/\/dhg1h5j42swfq.cloudfront.net\/2025\/06\/03203428\/logo_concursos-1.jpg\",\"contentUrl\":\"https:\/\/dhg1h5j42swfq.cloudfront.net\/2025\/06\/03203428\/logo_concursos-1.jpg\",\"width\":230,\"height\":60,\"caption\":\"Estrat\u00e9gia Concursos\"},\"image\":{\"@id\":\"https:\/\/www.estrategiaconcursos.com.br\/blog\/#\/schema\/logo\/image\/\"},\"sameAs\":[\"https:\/\/x.com\/EstratConcursos\"]},{\"@type\":\"Person\",\"@id\":\"https:\/\/www.estrategiaconcursos.com.br\/blog\/#\/schema\/person\/aa39cf5ddb518e5bdce27c35788405e2\",\"name\":\"Ricardo Torques\",\"image\":{\"@type\":\"ImageObject\",\"inLanguage\":\"pt-BR\",\"@id\":\"https:\/\/secure.gravatar.com\/avatar\/ce9ac6c3cff25fe86d15ed568ebc64d1724baf5c0693133bcb1f6073f712f92a?s=96&d=mm&r=g\",\"url\":\"https:\/\/secure.gravatar.com\/avatar\/ce9ac6c3cff25fe86d15ed568ebc64d1724baf5c0693133bcb1f6073f712f92a?s=96&d=mm&r=g\",\"contentUrl\":\"https:\/\/secure.gravatar.com\/avatar\/ce9ac6c3cff25fe86d15ed568ebc64d1724baf5c0693133bcb1f6073f712f92a?s=96&d=mm&r=g\",\"caption\":\"Ricardo Torques\"},\"sameAs\":[\"https:\/\/www.facebook.com\/ricardo.s.torques\"],\"url\":\"https:\/\/www.estrategiaconcursos.com.br\/blog\/author\/ricardotorquesestrategiaconcursos-com-br\/\"}]}<\/script>\n<!-- \/ Yoast SEO Premium plugin. -->","yoast_head_json":{"title":"Concurso DPE PR Defensor: \u00daltimas provas comentadas","robots":{"index":"index","follow":"follow","max-snippet":"max-snippet:-1","max-image-preview":"max-image-preview:large","max-video-preview":"max-video-preview:-1"},"canonical":"https:\/\/www.estrategiaconcursos.com.br\/blog\/concurso-dpe-pr-defensor-provas-comentadass\/","og_locale":"pt_BR","og_type":"article","og_title":"Concurso DPE PR Defensor: \u00daltimas provas comentadas","og_description":"Neste ano de 2019 a Defensoria P\u00fablica do Paran\u00e1 autorizou a realiza\u00e7\u00e3o de um novo concurso para Defensores. O regulamento da sele\u00e7\u00e3o j\u00e1 foi aprovado pelo Conselho Superior do \u00f3rg\u00e3o e as bancas examinadoras j\u00e1 foram indicadas indicadas. O \u00faltimo certame para a carreira ocorreu em 2016, quando foram ofertadas 13 vagas diretas mais cadastro [&hellip;]","og_url":"https:\/\/www.estrategiaconcursos.com.br\/blog\/concurso-dpe-pr-defensor-provas-comentadass\/","og_site_name":"Estrat\u00e9gia Concursos","article_author":"https:\/\/www.facebook.com\/ricardo.s.torques","article_published_time":"2019-12-07T10:00:20+00:00","article_modified_time":"2022-10-13T20:55:53+00:00","og_image":[{"width":400,"height":209,"url":"https:\/\/dhg1h5j42swfq.cloudfront.net\/2019\/06\/17172414\/dpe-pr.png","type":"image\/png"}],"author":"Ricardo Torques","twitter_card":"summary_large_image","twitter_creator":"@EstratConcursos","twitter_site":"@EstratConcursos","twitter_misc":{"Escrito por":"Ricardo Torques","Est. tempo de leitura":"2 minutos"},"schema":{"@context":"https:\/\/schema.org","@graph":[{"@type":"NewsArticle","@id":"https:\/\/www.estrategiaconcursos.com.br\/blog\/concurso-dpe-pr-defensor-provas-comentadass\/#article","isPartOf":{"@id":"https:\/\/www.estrategiaconcursos.com.br\/blog\/concurso-dpe-pr-defensor-provas-comentadass\/"},"author":{"name":"Ricardo Torques","@id":"https:\/\/www.estrategiaconcursos.com.br\/blog\/#\/schema\/person\/aa39cf5ddb518e5bdce27c35788405e2"},"headline":"Concurso DPE PR Defensor: \u00daltimas provas comentadas","datePublished":"2019-12-07T10:00:20+00:00","dateModified":"2022-10-13T20:55:53+00:00","mainEntityOfPage":{"@id":"https:\/\/www.estrategiaconcursos.com.br\/blog\/concurso-dpe-pr-defensor-provas-comentadass\/"},"wordCount":360,"commentCount":0,"publisher":{"@id":"https:\/\/www.estrategiaconcursos.com.br\/blog\/#organization"},"image":{"@id":"https:\/\/www.estrategiaconcursos.com.br\/blog\/concurso-dpe-pr-defensor-provas-comentadass\/#primaryimage"},"thumbnailUrl":"https:\/\/dhg1h5j42swfq.cloudfront.net\/2019\/06\/17172414\/dpe-pr.png","articleSection":["Concursos P\u00fablicos","Jur\u00eddico"],"inLanguage":"pt-BR","potentialAction":[{"@type":"CommentAction","name":"Comment","target":["https:\/\/www.estrategiaconcursos.com.br\/blog\/concurso-dpe-pr-defensor-provas-comentadass\/#respond"]}],"copyrightYear":"2019","copyrightHolder":{"@id":"https:\/\/www.estrategiaconcursos.com.br\/blog\/#organization"}},{"@type":"WebPage","@id":"https:\/\/www.estrategiaconcursos.com.br\/blog\/concurso-dpe-pr-defensor-provas-comentadass\/","url":"https:\/\/www.estrategiaconcursos.com.br\/blog\/concurso-dpe-pr-defensor-provas-comentadass\/","name":"Concurso DPE PR Defensor: \u00daltimas provas comentadas","isPartOf":{"@id":"https:\/\/www.estrategiaconcursos.com.br\/blog\/#website"},"primaryImageOfPage":{"@id":"https:\/\/www.estrategiaconcursos.com.br\/blog\/concurso-dpe-pr-defensor-provas-comentadass\/#primaryimage"},"image":{"@id":"https:\/\/www.estrategiaconcursos.com.br\/blog\/concurso-dpe-pr-defensor-provas-comentadass\/#primaryimage"},"thumbnailUrl":"https:\/\/dhg1h5j42swfq.cloudfront.net\/2019\/06\/17172414\/dpe-pr.png","datePublished":"2019-12-07T10:00:20+00:00","dateModified":"2022-10-13T20:55:53+00:00","breadcrumb":{"@id":"https:\/\/www.estrategiaconcursos.com.br\/blog\/concurso-dpe-pr-defensor-provas-comentadass\/#breadcrumb"},"inLanguage":"pt-BR","potentialAction":[{"@type":"ReadAction","target":["https:\/\/www.estrategiaconcursos.com.br\/blog\/concurso-dpe-pr-defensor-provas-comentadass\/"]}]},{"@type":"ImageObject","inLanguage":"pt-BR","@id":"https:\/\/www.estrategiaconcursos.com.br\/blog\/concurso-dpe-pr-defensor-provas-comentadass\/#primaryimage","url":"https:\/\/dhg1h5j42swfq.cloudfront.net\/2019\/06\/17172414\/dpe-pr.png","contentUrl":"https:\/\/dhg1h5j42swfq.cloudfront.net\/2019\/06\/17172414\/dpe-pr.png","width":400,"height":209,"caption":"concurso dpe pr defensor"},{"@type":"BreadcrumbList","@id":"https:\/\/www.estrategiaconcursos.com.br\/blog\/concurso-dpe-pr-defensor-provas-comentadass\/#breadcrumb","itemListElement":[{"@type":"ListItem","position":1,"name":"In\u00edcio","item":"https:\/\/www.estrategiaconcursos.com.br\/blog\/"},{"@type":"ListItem","position":2,"name":"Concurso DPE PR Defensor: \u00daltimas provas comentadas"}]},{"@type":"WebSite","@id":"https:\/\/www.estrategiaconcursos.com.br\/blog\/#website","url":"https:\/\/www.estrategiaconcursos.com.br\/blog\/","name":"Estrat\u00e9gia Concursos","description":"O blog da Estrat\u00e9gia Concursos traz not\u00edcias sobre concursos e artigos de professores oferecendo cursos para concursos (pdf + videaulas) no site.","publisher":{"@id":"https:\/\/www.estrategiaconcursos.com.br\/blog\/#organization"},"potentialAction":[{"@type":"SearchAction","target":{"@type":"EntryPoint","urlTemplate":"https:\/\/www.estrategiaconcursos.com.br\/blog\/?s={search_term_string}"},"query-input":{"@type":"PropertyValueSpecification","valueRequired":true,"valueName":"search_term_string"}}],"inLanguage":"pt-BR"},{"@type":"Organization","@id":"https:\/\/www.estrategiaconcursos.com.br\/blog\/#organization","name":"Estrat\u00e9gia Concursos","url":"https:\/\/www.estrategiaconcursos.com.br\/blog\/","logo":{"@type":"ImageObject","inLanguage":"pt-BR","@id":"https:\/\/www.estrategiaconcursos.com.br\/blog\/#\/schema\/logo\/image\/","url":"https:\/\/dhg1h5j42swfq.cloudfront.net\/2025\/06\/03203428\/logo_concursos-1.jpg","contentUrl":"https:\/\/dhg1h5j42swfq.cloudfront.net\/2025\/06\/03203428\/logo_concursos-1.jpg","width":230,"height":60,"caption":"Estrat\u00e9gia Concursos"},"image":{"@id":"https:\/\/www.estrategiaconcursos.com.br\/blog\/#\/schema\/logo\/image\/"},"sameAs":["https:\/\/x.com\/EstratConcursos"]},{"@type":"Person","@id":"https:\/\/www.estrategiaconcursos.com.br\/blog\/#\/schema\/person\/aa39cf5ddb518e5bdce27c35788405e2","name":"Ricardo Torques","image":{"@type":"ImageObject","inLanguage":"pt-BR","@id":"https:\/\/secure.gravatar.com\/avatar\/ce9ac6c3cff25fe86d15ed568ebc64d1724baf5c0693133bcb1f6073f712f92a?s=96&d=mm&r=g","url":"https:\/\/secure.gravatar.com\/avatar\/ce9ac6c3cff25fe86d15ed568ebc64d1724baf5c0693133bcb1f6073f712f92a?s=96&d=mm&r=g","contentUrl":"https:\/\/secure.gravatar.com\/avatar\/ce9ac6c3cff25fe86d15ed568ebc64d1724baf5c0693133bcb1f6073f712f92a?s=96&d=mm&r=g","caption":"Ricardo Torques"},"sameAs":["https:\/\/www.facebook.com\/ricardo.s.torques"],"url":"https:\/\/www.estrategiaconcursos.com.br\/blog\/author\/ricardotorquesestrategiaconcursos-com-br\/"}]}},"_links":{"self":[{"href":"https:\/\/www.estrategiaconcursos.com.br\/blog\/wp-json\/wp\/v2\/posts\/455862","targetHints":{"allow":["GET"]}}],"collection":[{"href":"https:\/\/www.estrategiaconcursos.com.br\/blog\/wp-json\/wp\/v2\/posts"}],"about":[{"href":"https:\/\/www.estrategiaconcursos.com.br\/blog\/wp-json\/wp\/v2\/types\/post"}],"author":[{"embeddable":true,"href":"https:\/\/www.estrategiaconcursos.com.br\/blog\/wp-json\/wp\/v2\/users\/180"}],"replies":[{"embeddable":true,"href":"https:\/\/www.estrategiaconcursos.com.br\/blog\/wp-json\/wp\/v2\/comments?post=455862"}],"version-history":[{"count":7,"href":"https:\/\/www.estrategiaconcursos.com.br\/blog\/wp-json\/wp\/v2\/posts\/455862\/revisions"}],"predecessor-version":[{"id":1109850,"href":"https:\/\/www.estrategiaconcursos.com.br\/blog\/wp-json\/wp\/v2\/posts\/455862\/revisions\/1109850"}],"wp:featuredmedia":[{"embeddable":true,"href":"https:\/\/www.estrategiaconcursos.com.br\/blog\/wp-json\/wp\/v2\/media\/388809"}],"wp:attachment":[{"href":"https:\/\/www.estrategiaconcursos.com.br\/blog\/wp-json\/wp\/v2\/media?parent=455862"}],"wp:term":[{"taxonomy":"category","embeddable":true,"href":"https:\/\/www.estrategiaconcursos.com.br\/blog\/wp-json\/wp\/v2\/categories?post=455862"},{"taxonomy":"post_tag","embeddable":true,"href":"https:\/\/www.estrategiaconcursos.com.br\/blog\/wp-json\/wp\/v2\/tags?post=455862"},{"taxonomy":"tax_estado","embeddable":true,"href":"https:\/\/www.estrategiaconcursos.com.br\/blog\/wp-json\/wp\/v2\/tax_estado?post=455862"}],"curies":[{"name":"wp","href":"https:\/\/api.w.org\/{rel}","templated":true}]}}