{"id":455838,"date":"2019-12-13T09:20:20","date_gmt":"2019-12-13T12:20:20","guid":{"rendered":"https:\/\/www.estrategiaconcursos.com.br\/blog\/?p=455838"},"modified":"2020-01-20T08:26:24","modified_gmt":"2020-01-20T11:26:24","slug":"edital-prefeitura-vila-velha","status":"publish","type":"post","link":"https:\/\/www.estrategiaconcursos.com.br\/blog\/edital-prefeitura-vila-velha\/","title":{"rendered":"Edital do concurso Vila Velha \u00e9 publicado com mais de 1.400 vagas"},"content":{"rendered":"\n<h2 class=\"wp-block-heading\"><em>Inscri\u00e7\u00f5es do concurso j\u00e1 est\u00e3o encerradas!<\/em><\/h2>\n\n\n\n<p>Foram publicados quatro editais do<strong> concurso p\u00fablico da Prefeitura de Vila Velha<\/strong>, munic\u00edpio do Estado do Esp\u00edrito Santo. Ao todo, s\u00e3o ofertadas <strong><em>1.423 vagas<\/em><\/strong> distribu\u00eddas entre cargos de n\u00edvel m\u00e9dio, t\u00e9cnico e superior. Os editais se dividem nas \u00e1reas da Administra\u00e7\u00e3o, Instituto de Previd\u00eancia de Vila Velha &#8211; IPVV, Magist\u00e9rio e Sa\u00fade.<\/p>\n\n\n\n<p>Com inscri\u00e7\u00f5es j\u00e1 encerradas, os interessados em participar da sele\u00e7\u00e3o puderam realizar as <em>inscri\u00e7\u00f5es <\/em>at\u00e9 o dia 19 de janeiro, no site da banca organizadora, o\u00a0Instituto de Apoio e Desenvolvimento Executivo\u00a0\u2013 <strong>IBADE<\/strong>.<\/p>\n\n\n\n<h2 class=\"wp-block-heading\" id=\"datas\">Principais datas<\/h2>\n\n\n\n<p class=\"has-background has-very-light-gray-background-color\"><strong>Inscri\u00e7\u00f5es<\/strong>: <s>16\/12 a 19\/01\/2020<\/s> [ENCERRADO]<br \/><strong>Isen\u00e7\u00e3o da taxa<\/strong>: <s>18 a 20\/12\/2019<\/s> [ENCERRADO]<br \/><strong>\u00daltimo dia para pagamento<\/strong>: 20\/01\/2020  <br \/><strong>Prova<\/strong> <strong>Objetiva e Discursiva:<\/strong> 09\/02\/2020 (Sa\u00fade) | 16\/02\/2020 (Magist\u00e9rio) | 08\/03\/2020 (Administra\u00e7\u00e3o e IPVV) <\/p>\n\n\n\n<h2 class=\"wp-block-heading\" id=\"cargos-vagas\">Distribui\u00e7\u00e3o das vagas<\/h2>\n\n\n\n<h3 class=\"wp-block-heading\">N\u00edvel m\u00e9dio:<\/h3>\n\n\n\n<figure class=\"wp-block-table is-style-stripes\"><table class=\"has-subtle-pale-blue-background-color has-fixed-layout has-background\"><tbody><tr><td><strong>Cargo<\/strong><\/td><td><strong>Vagas<\/strong><\/td><td><strong>Sal\u00e1rio<\/strong><\/td><td><strong>Carga hor\u00e1ria<\/strong><\/td><\/tr><tr><td>Agente de Farm\u00e1cia<\/td><td>26<\/td><td>R$ 998<\/td><td>40h<\/td><\/tr><tr><td>Agente de Defesa Ambiental<\/td><td>2<\/td><td>R$ 1.247,40<\/td><td>40h<\/td><\/tr><tr><td>Assistente Administrativo<\/td><td>187<\/td><td>R$ 998<\/td><td>40h<\/td><\/tr><tr><td>Auxiliar de Sa\u00fade Bucal<\/td><td>24<\/td><td>R$ 998<\/td><td>40h<\/td><\/tr><tr><td>Auxiliar de Secretaria Escolar<\/td><td>144<\/td><td>R$ 998<\/td><td>40h<\/td><\/tr><tr><td>Secret\u00e1rio Escolar<\/td><td>30<\/td><td>R$ 998<\/td><td>40h<\/td><\/tr><tr><td>Top\u00f3grafo<\/td><td>3<\/td><td>R$ 998<\/td><td>40h<\/td><\/tr><\/tbody><\/table><\/figure>\n\n\n\n<h3 class=\"wp-block-heading\">N\u00edvel t\u00e9cnico:<\/h3>\n\n\n\n<figure class=\"wp-block-table is-style-stripes\"><table class=\"has-subtle-pale-blue-background-color has-fixed-layout has-background\"><tbody><tr><td><strong>Cargo<\/strong><\/td><td><strong>Vagas<\/strong><\/td><td><strong>Sal\u00e1rio<\/strong><\/td><td><strong>Carga hor\u00e1ria<\/strong><\/td><\/tr><tr><td>T\u00e9cnico de Enfermagem<\/td><td>118<\/td><td>R$ 998<\/td><td>40h<\/td><\/tr><tr><td>T\u00e9cnico de Inform\u00e1tica<\/td><td>5<\/td><td> R$ 998 <\/td><td>40h<\/td><\/tr><tr><td>T\u00e9cnico Educacional<\/td><td>2<\/td><td>R$ 1.927,80 <\/td><td>40h<\/td><\/tr><tr><td>T\u00e9cnico em Edifica\u00e7\u00f5es<\/td><td>5<\/td><td>R$ 998<\/td><td>40h<\/td><\/tr><tr><td>T\u00e9cnico em Geom\u00e1tica<\/td><td>3<\/td><td>R$ 998<\/td><td>40h<\/td><\/tr><tr><td>T\u00e9cnico em Sa\u00fade Bucal<\/td><td>15<\/td><td>R$ 998<\/td><td>40h<\/td><\/tr><tr><td>T\u00e9cnico Esportivo<\/td><td>6<\/td><td>R$ 2.324,70 <\/td><td>40h<\/td><\/tr><\/tbody><\/table><\/figure>\n\n\n\n<h3 class=\"wp-block-heading\">N\u00edvel superior:<\/h3>\n\n\n\n<figure class=\"wp-block-table is-style-stripes\"><table class=\"has-subtle-pale-blue-background-color has-fixed-layout has-background\"><tbody><tr><td><strong>Cargos<\/strong><\/td><td><strong>Vagas<\/strong><\/td><td><strong>Remunera\u00e7\u00e3o<\/strong><\/td><td><strong>Carga hor\u00e1ria<\/strong><\/td><\/tr><tr><td>Analista Ambiental<\/td><td>4<\/td><td>R$ 1.927,80<\/td><td>40h<\/td><\/tr><tr><td>Analista de Desenvolvimento<\/td><td>2<\/td><td>R$ 4.796,82<\/td><td>40h<\/td><\/tr><tr><td>Analista de Infraestrutura<\/td><td>2<\/td><td>R$ 4.796,82<\/td><td>40h<\/td><\/tr><tr><td>Analista de Suporte<\/td><td>2<\/td><td>R$1.927,80<\/td><td>40h<\/td><\/tr><tr><td>Analista P. Gest\u00e3o Administra\u00e7\u00e3o<\/td><td>11<\/td><td>R$ 1.927,80<\/td><td>40h<\/td><\/tr><tr><td>Analista P. Gest\u00e3o Contabilidade<\/td><td>22<\/td><td>R$ 1.927,80<\/td><td>40h<\/td><\/tr><tr><td>Analista P. Gest\u00e3o Direito<\/td><td>12<\/td><td>R$ 1.927,80<\/td><td>40h<\/td><\/tr><tr><td>Analista P. Gest\u00e3o Economista<\/td><td>2<\/td><td>R$ 1.927,80<\/td><td>40h<\/td><\/tr><tr><td>Analista P. Gest\u00e3o Estat\u00edstico<\/td><td>1<\/td><td>R$ 1.927,80<\/td><td>40h<\/td><\/tr><tr><td>Arquiteto<\/td><td>6<\/td><td>R$ 1.927,80<\/td><td>40h<\/td><\/tr><tr><td>Arquivista<\/td><td>3<\/td><td>R$ 1.927,80<\/td><td>40h<\/td><\/tr><tr><td>Assistente Social<\/td><td>41<\/td><td>R$ 1.927,80<\/td><td>30h<\/td><\/tr><tr><td>Bibliotec\u00e1rio<\/td><td>41<\/td><td>R$ 1.927,80<\/td><td>40h<\/td><\/tr><tr><td>Cirurgi\u00e3o Dentista<\/td><td>20<\/td><td>R$2.494,80 \u2013 R$ 4.762,80<\/td><td>20h \u2013 40h<\/td><\/tr><tr><td>Enfermeiro<\/td><td>70<\/td><td>R$ 1.901,72 \u2013 R$ 2.324,70<\/td><td>30h \u2013 40h<\/td><\/tr><tr><td>Engenheiro (Civil, Eletricista, Mec\u00e2nico e Ambiental)<\/td><td>12<\/td><td>R$ 1.927,80<\/td><td>40h<\/td><\/tr><tr><td>EPPGG<\/td><td>5<\/td><td>R$ 4.796,82<\/td><td>40h<\/td><\/tr><tr><td>Farmac\u00eautico<\/td><td>11<\/td><td>R$ 1.901,72<\/td><td>30h<\/td><\/tr><tr><td>Farmac\u00eautico Bioqu\u00edmico<\/td><td>1<\/td><td>R$ 2.324,70<\/td><td>40h<\/td><\/tr><tr><td>Fisioterapeuta<\/td><td>1<\/td><td>R$ 1.901,72<\/td><td>30h<\/td><\/tr><tr><td>Fonoaudi\u00f3logo<\/td><td>3<\/td><td>R$ 1.901,72<\/td><td>30h<\/td><\/tr><tr><td>Ge\u00f3logo<\/td><td>2<\/td><td>R$ 1.927,80<\/td><td>40h<\/td><\/tr><tr><td>M\u00e9dico (v\u00e1rios)<\/td><td>93<\/td><td>R$ 2.494,80<\/td><td>20h<\/td><\/tr><tr><td>Muse\u00f3logo<\/td><td>1<\/td><td>R$ 1.927,80<\/td><td>40h<\/td><\/tr><tr><td>Nutricionista<\/td><td>7<\/td><td>R$ 1.901,72<\/td><td>30h<\/td><\/tr><tr><td>Professor (v\u00e1rios)<\/td><td>428<\/td><td>R$ 1.625,80<\/td><td>25h<\/td><\/tr><tr><td>Psic\u00f3logo<\/td><td>33<\/td><td>R$ 1.901.72<\/td><td>30h<\/td><\/tr><tr><td>Terapeuta ocupacional<\/td><td>7<\/td><td>R$ 1.901,72<\/td><td>30h<\/td><\/tr><tr><td>Turism\u00f3logo<\/td><td>1<\/td><td>R$ 1.927,80<\/td><td>40h<\/td><\/tr><\/tbody><\/table><\/figure>\n\n\n\n<h3 class=\"wp-block-heading\">Instituto de Previd\u00eancia de Vila Velha:<\/h3>\n\n\n\n<figure class=\"wp-block-table is-style-stripes\"><table class=\"has-subtle-pale-blue-background-color has-fixed-layout has-background\"><tbody><tr><td><strong>Cargos<\/strong><\/td><td><strong>Vagas<\/strong><\/td><td><strong>Sal\u00e1rio<\/strong><\/td><td><strong>Carga hor\u00e1ria<\/strong><\/td><\/tr><tr><td>Agente P. Gest\u00e3o Administrativo<\/td><td>1<\/td><td>R$ 1.927,80<\/td><td>40h<\/td><\/tr><tr><td>Analista Previdenci\u00e1rio Arquivologia<\/td><td>1<\/td><td>R$ 1.927,80<\/td><td>40h<\/td><\/tr><tr><td>Analista Previdenci\u00e1rio Atuarial<\/td><td>1<\/td><td>R$ 1.927,80<\/td><td>40h<\/td><\/tr><tr><td>Assistente P\u00fablico Administrativo<\/td><td>2<\/td><td>R$ 998<\/td><td>40h<\/td><\/tr><tr><td>Contador<\/td><td>1<\/td><td>R$ 4.796,82<\/td><td>40h<\/td><\/tr><tr><td>M\u00e9dico do Trabalho<\/td><td>2<\/td><td>R$ 2.494,80<\/td><td>20h<\/td><\/tr><tr><td>Procurador Aut\u00e1rquico<\/td><td>1<\/td><td>R$ 4.796,82<\/td><td>40h<\/td><\/tr><\/tbody><\/table><\/figure>\n\n\n\n<h2 class=\"wp-block-heading\" id=\"etapas\">Etapas e provas do Edital de Administra\u00e7\u00e3o<\/h2>\n\n\n\n<ol class=\"wp-block-list\"><li><strong>Para os cargos do Ensino M\u00e9dio: <\/strong><ul><li><strong>Prova Objetiva<\/strong>, para todos os cargos, de car\u00e1ter classificat\u00f3rio e eliminat\u00f3rio; <\/li><li><strong>Prova Discursiva<\/strong>, somente para os cargos: Assistente P\u00fablico Administrativo, Auxiliar de Secretaria Escolar e Secret\u00e1rio Escolar, de car\u00e1ter classificat\u00f3rio e eliminat\u00f3rio; <\/li><li><strong>Prova Pr\u00e1tica<\/strong>, somente para os cargos: Auxiliar de Secretaria Escolar e Secret\u00e1rio Escolar, de car\u00e1ter eliminat\u00f3rio. <\/li><\/ul><\/li><\/ol>\n\n\n\n<ul class=\"wp-block-list\"><li><strong>Para os cargos do Ensino Superior: <\/strong><ul><li><strong>Prova Objetiva<\/strong>, para todos os cargos, de car\u00e1ter classificat\u00f3rio e eliminat\u00f3rio; <\/li><li><strong>Prova Discursiva<\/strong>, para todos os cargos, de car\u00e1ter classificat\u00f3rio e eliminat\u00f3rio; <\/li><li><strong>Prova de T\u00edtulos<\/strong>, para todos os cargos, de car\u00e1ter classificat\u00f3rio <\/li><\/ul><\/li><\/ul>\n\n\n\n<h3 class=\"wp-block-heading\">Prova Objetiva<\/h3>\n\n\n\n<ul class=\"wp-block-list\"><li>L\u00edngua Portuguesa &#8211; 10 quest\u00f5es, peso 2  <\/li><li>Racioc\u00ednio L\u00f3gico Quantitativo &#8211; 5 quest\u00f5es, peso 1 <\/li><li>Conhecimentos de Gest\u00e3o da Qualidade e Administra\u00e7\u00e3o P\u00fablica &#8211; 5 quest\u00f5es, peso 1  <\/li><li>Inform\u00e1tica B\u00e1sica &#8211; 6 quest\u00f5es, peso 1  <\/li><li>Atualidades &#8211; 4 quest\u00f5es, peso 1  <\/li><li>Conhecimentos Espec\u00edficos &#8211; 20 quest\u00f5es, peso 2   <\/li><\/ul>\n\n\n\n<h2 class=\"wp-block-heading\">Etapas e provas do Edital IPVV<\/h2>\n\n\n\n<ul class=\"wp-block-list\"><li><strong>Prova Objetiva<\/strong>, de car\u00e1ter classificat\u00f3rio e eliminat\u00f3rio; <\/li><li><strong>Prova Discursiva<\/strong>, de car\u00e1ter classificat\u00f3rio e eliminat\u00f3rio; <\/li><li><strong>Prova de T\u00edtulos<\/strong> somente para os cargos de N\u00edvel Superior, de car\u00e1ter classificat\u00f3rio <\/li><\/ul>\n\n\n\n<h3 class=\"wp-block-heading\">Prova Objetiva<\/h3>\n\n\n\n<ul class=\"wp-block-list\"><li>L\u00edngua Portuguesa &#8211; 10 quest\u00f5es, peso 2  <\/li><li>Racioc\u00ednio L\u00f3gico Quantitativo &#8211; 5 quest\u00f5es, peso 1  <\/li><li>Conhecimentos de Gest\u00e3o da Qualidade e Administra\u00e7\u00e3o P\u00fablica &#8211; 5 quest\u00f5es, peso 1  <\/li><li>Inform\u00e1tica B\u00e1sica &#8211; 5 quest\u00f5es, peso 1  <\/li><li>No\u00e7\u00f5es de Direito Administrativo, Constitucional e Previdenci\u00e1rio &#8211; 5 quest\u00f5es, peso 1  <\/li><li>Conhecimentos Espec\u00edficos &#8211; 20 quest\u00f5es, peso 2  <\/li><\/ul>\n\n\n\n<h2 class=\"wp-block-heading\">Etapas e provas do Edital do Magist\u00e9rio<\/h2>\n\n\n\n<ul class=\"wp-block-list\"><li><strong>Prova Objetiva<\/strong>, para todos os cargos (classificat\u00f3rio e eliminat\u00f3rio); <\/li><li><strong>Prova Discursiva<\/strong>, para todos os cargos (classificat\u00f3rio e eliminat\u00f3rio); <\/li><li><strong>Prova de T\u00edtulos<\/strong>, para todos os cargos (classificat\u00f3rio); <\/li><li><strong>Prova Pr\u00e1tica<\/strong>, somente para os cargos: Professor Educa\u00e7\u00e3o Especial (eliminat\u00f3rio). <\/li><\/ul>\n\n\n\n<h3 class=\"wp-block-heading\">Prova Objetiva<\/h3>\n\n\n\n<ul class=\"wp-block-list\"><li>L\u00edngua Portuguesa &#8211; 5 quest\u00f5es, peso 2  <\/li><li>Racioc\u00ednio L\u00f3gico Quantitativo &#8211; 5 quest\u00f5es, peso 1  <\/li><li>Legisla\u00e7\u00e3o Educacional &#8211; 5 quest\u00f5es, peso 2  <\/li><li>Tecnologias Educacionais &#8211; 5 quest\u00f5es, peso 1  <\/li><li>Conhecimentos Pedag\u00f3gicos &#8211; 10 quest\u00f5es, peso 1  <\/li><li>Conhecimentos Espec\u00edficos &#8211; 20 quest\u00f5es, peso 2 <\/li><\/ul>\n\n\n\n<h2 class=\"wp-block-heading\">Etapas e provas do Edital da Sa\u00fade<\/h2>\n\n\n\n<ul class=\"wp-block-list\"><li><strong>Prova Objetiva<\/strong>, para todos os cargos (classificat\u00f3rio e eliminat\u00f3rio); <\/li><li><strong>Prova Discursiva<\/strong>, somente para os cargos de n\u00edvel superior (classificat\u00f3rio e eliminat\u00f3rio); <\/li><li><strong>Prova de T\u00edtulos<\/strong>, somente para os cargos de n\u00edvel superior (classificat\u00f3rio). <\/li><\/ul>\n\n\n\n<h3 class=\"wp-block-heading\">Prova Objetiva<\/h3>\n\n\n\n<ul class=\"wp-block-list\"><li>L\u00edngua Portuguesa &#8211; 10 quest\u00f5es, peso 2  <\/li><li>Racioc\u00ednio L\u00f3gico Quantitativo &#8211; 5 quest\u00f5es, peso 1  <\/li><li>Conhecimentos de Atendimento Humanizado e Administra\u00e7\u00e3o P\u00fablica &#8211; 5 quest\u00f5es, peso 1  <\/li><li>Inform\u00e1tica B\u00e1sica &#8211; 5 quest\u00f5es, peso 1  <\/li><li>Conhecimentos de Sa\u00fade P\u00fablica &#8211; 5 quest\u00f5es, peso 1  <\/li><li>Conhecimentos Espec\u00edficos &#8211; 20 quest\u00f5es, peso 2  <\/li><\/ul>\n\n\n\n<h2 class=\"wp-block-heading\">Prova de T\u00edtulos (todos os editais)<\/h2>\n\n\n\n<p>Todos os cargos que passar\u00e3o pela etapa de Prova de T\u00edtulos, ser\u00e3o avaliados pelos mesmos itens\/pontua\u00e7\u00e3o, conforme tabela abaixo, sendo aceito no m\u00e1ximo 1 (um) item de cada (A, B, C):<\/p>\n\n\n\n<div class=\"wp-block-image\"><figure class=\"aligncenter\"><img loading=\"lazy\" decoding=\"async\" width=\"629\" height=\"289\" src=\"https:\/\/dhg1h5j42swfq.cloudfront.net\/2019\/12\/13093812\/titulos2-min.png.png\" alt=\"\" class=\"wp-image-459889\" srcset=\"https:\/\/dhg1h5j42swfq.cloudfront.net\/2019\/12\/13093812\/titulos2-min.png.png 629w, https:\/\/dhg1h5j42swfq.cloudfront.net\/2019\/12\/13093812\/titulos2-min.png.png 300w, https:\/\/dhg1h5j42swfq.cloudfront.net\/2019\/12\/13093812\/titulos2-min.png.png 610w\" sizes=\"auto, (max-width: 629px) 100vw, 629px\" \/><\/figure><\/div>\n\n\n\n<hr class=\"wp-block-separator\"\/>\n\n\n\n<h2 class=\"has-text-align-center wp-block-heading\" id=\"cursos-assinatura\">Quer estudar para o concurso Vila Velha?<\/h2>\n\n\n\n<p class=\"has-text-align-center\"><em>Gostou desta oportunidade e deseja come\u00e7ar se preparar agora mesmo? Ent\u00e3o, confira os nossos cursos e comece a estudar:<\/em><\/p>\n\n\n\n<p style=\"font-size:22px\" class=\"has-background has-text-align-center has-light-green-cyan-background-color\"><a rel=\"noreferrer noopener\" aria-label=\"Cursos Vila Velha (abre numa nova aba)\" href=\"https:\/\/www.estrategiaconcursos.com.br\/cursosPorConcurso\/prefeitura-municipal-de-vila-velha-es\/\" target=\"_blank\"><strong>Cursos Vila Velha<\/strong><\/a><\/p>\n\n\n\n<p class=\"has-text-align-center has-medium-font-size\"><em><strong>Assinatura Anual Ilimitada*<\/strong><\/em><\/p>\n\n\n\n<p class=\"has-text-align-center\"><em>Prepare-se com o melhor material e com quem mais aprova em Concursos P\u00fablicos em todo o pa\u00eds. Assine agora a nossa Assinatura Anual e tenha acesso ilimitado* a todos os nossos cursos.<\/em><\/p>\n\n\n\n<p style=\"font-size:22px\" class=\"has-background has-text-align-center has-luminous-vivid-amber-background-color\"><strong>ASSINE AGORA<\/strong>&nbsp;\u2013&nbsp;<strong><a rel=\"noreferrer noopener\" href=\"https:\/\/www.estrategiaconcursos.com.br\/assinaturas\" target=\"_blank\">Assinatura Ilimitada<\/a><\/strong><\/p>\n\n\n\n<p class=\"has-text-align-center has-medium-font-size\"><strong><em>Fique por dentro de todos os concursos<\/em><\/strong><\/p>\n\n\n\n<p style=\"font-size:22px\" class=\"has-background has-text-align-center has-pale-cyan-blue-background-color\"><a rel=\"noreferrer noopener\" href=\"https:\/\/www.estrategiaconcursos.com.br\/blog\/concursos-abertos\/\" target=\"_blank\"><strong>CONCURSOS ABERTOS<\/strong><\/a><\/p>\n\n\n\n<p style=\"font-size:22px\" class=\"has-background has-text-align-center has-pale-cyan-blue-background-color\"><a rel=\"noreferrer noopener\" href=\"https:\/\/www.estrategiaconcursos.com.br\/blog\/concursos-2020\/\" target=\"_blank\"><strong>CONCURSOS&nbsp;2020<\/strong><\/a><\/p>\n\n\n\n<figure class=\"wp-block-image\"><img loading=\"lazy\" decoding=\"async\" width=\"300\" height=\"102\" src=\"https:\/\/dhg1h5j42swfq.cloudfront.net\/2017\/03\/28152500\/coruja-ficha-tecnica-300x102.png\" alt=\"\" class=\"wp-image-68542\"\/><\/figure>\n\n\n\n<h3 class=\"wp-block-heading\" id=\"ficha-tecnica\"><strong>Informa\u00e7\u00f5es sobre o c<\/strong>oncurso Vila Velha<\/h3>\n\n\n\n<p>\u25ba<strong>Provas<\/strong>: 09\/02; 16\/02 e 08\/03\/2020   <br \/>\u25ba<strong>Vagas<\/strong>: 1.423<br \/>\u25ba<strong>Cargos<\/strong>: Diversos<br \/>\u25ba<strong>Banca<\/strong>: IBADE<br \/>\u25ba<strong>Escolaridade<\/strong>: N\u00edvel m\u00e9dio, t\u00e9cnico e superior<br \/>\u25ba<strong>Edital<\/strong>:&nbsp;<a rel=\"noreferrer noopener\" aria-label=\"Edital Administra\u00e7\u00e3o (abre numa nova aba)\" href=\"https:\/\/dhg1h5j42swfq.cloudfront.net\/2019\/12\/13092532\/VILA-VELHA-ADMINISTRACAO.pdf\" target=\"_blank\">Edital Administra\u00e7\u00e3o<\/a> \/ <a rel=\"noreferrer noopener\" aria-label=\"Edital IPVV (abre numa nova aba)\" href=\"https:\/\/dhg1h5j42swfq.cloudfront.net\/2019\/12\/13092537\/VILA-VELHA-IPVV.pdf\" target=\"_blank\">Edital IPVV<\/a> \/ <a rel=\"noreferrer noopener\" aria-label=\"Edital Magist\u00e9rio (abre numa nova aba)\" href=\"https:\/\/dhg1h5j42swfq.cloudfront.net\/2019\/12\/13092522\/VILA-VELHA-MAGISTERIO.pdf\" target=\"_blank\">Edital Magist\u00e9rio<\/a> \/ <a rel=\"noreferrer noopener\" aria-label=\"Edital Sa\u00fade (abre numa nova aba)\" href=\"https:\/\/dhg1h5j42swfq.cloudfront.net\/2019\/12\/13092527\/VILA-VELHA-SAUDE.pdf\" target=\"_blank\">Edital Sa\u00fade<\/a><\/p>\n\n\n\n<p><br \/><em>Ascom Estrat\u00e9gia<\/em><br \/>ascomestrategia@gmail.com<\/p>\n","protected":false},"excerpt":{"rendered":"<p>Inscri\u00e7\u00f5es do concurso j\u00e1 est\u00e3o encerradas! Foram publicados quatro editais do concurso p\u00fablico da Prefeitura de Vila Velha, munic\u00edpio do Estado do Esp\u00edrito Santo. Ao todo, s\u00e3o ofertadas 1.423 vagas distribu\u00eddas entre cargos de n\u00edvel m\u00e9dio, t\u00e9cnico e superior. Os editais se dividem nas \u00e1reas da Administra\u00e7\u00e3o, Instituto de Previd\u00eancia de Vila Velha &#8211; IPVV, [&hellip;]<\/p>\n","protected":false},"author":260,"featured_media":444275,"comment_status":"open","ping_status":"closed","sticky":false,"template":"","format":"standard","meta":{"post_tipo":"article","footnotes":""},"categories":[1],"tags":[],"tax_estado":[],"class_list":["post-455838","post","type-post","status-publish","format-standard","has-post-thumbnail","hentry","category-cursos-e-concursos"],"acf":[],"yoast_head":"<!-- This site is optimized with the Yoast SEO Premium plugin v27.2 (Yoast SEO v27.2) - https:\/\/yoast.com\/product\/yoast-seo-premium-wordpress\/ -->\n<title>Edital do concurso Vila Velha \u00e9 publicado com mais de 1.400 vagas<\/title>\n<meta name=\"description\" content=\"Foram publicados quatro editais do concurso p\u00fablico da Prefeitura de Vila Velha. Ao todo, s\u00e3o ofertadas 1.423 vagas para n\u00edvel m\u00e9dio, t\u00e9cnico e superior.\" \/>\n<meta name=\"robots\" content=\"index, follow, max-snippet:-1, max-image-preview:large, max-video-preview:-1\" \/>\n<link rel=\"canonical\" href=\"https:\/\/www.estrategiaconcursos.com.br\/blog\/edital-prefeitura-vila-velha\/\" \/>\n<meta property=\"og:locale\" content=\"pt_BR\" \/>\n<meta property=\"og:type\" content=\"article\" \/>\n<meta property=\"og:title\" content=\"Edital do concurso Vila Velha \u00e9 publicado com mais de 1.400 vagas\" \/>\n<meta property=\"og:description\" content=\"Foram publicados quatro editais do concurso p\u00fablico da Prefeitura de Vila Velha. Ao todo, s\u00e3o ofertadas 1.423 vagas para n\u00edvel m\u00e9dio, t\u00e9cnico e superior.\" \/>\n<meta property=\"og:url\" content=\"https:\/\/www.estrategiaconcursos.com.br\/blog\/edital-prefeitura-vila-velha\/\" \/>\n<meta property=\"og:site_name\" content=\"Estrat\u00e9gia Concursos\" \/>\n<meta property=\"article:published_time\" content=\"2019-12-13T12:20:20+00:00\" \/>\n<meta property=\"article:modified_time\" content=\"2020-01-20T11:26:24+00:00\" \/>\n<meta property=\"og:image\" content=\"https:\/\/dhg1h5j42swfq.cloudfront.net\/2019\/11\/05113847\/Saiu-Edital-6.png\" \/>\n\t<meta property=\"og:image:width\" content=\"1200\" \/>\n\t<meta property=\"og:image:height\" content=\"628\" \/>\n\t<meta property=\"og:image:type\" content=\"image\/png\" \/>\n<meta name=\"author\" content=\"Diego Cerqueira Berbert Vasconcelos\" \/>\n<meta name=\"twitter:card\" content=\"summary_large_image\" \/>\n<meta name=\"twitter:creator\" content=\"@EstratConcursos\" \/>\n<meta name=\"twitter:site\" content=\"@EstratConcursos\" \/>\n<meta name=\"twitter:label1\" content=\"Escrito por\" \/>\n\t<meta name=\"twitter:data1\" content=\"Diego Cerqueira Berbert Vasconcelos\" \/>\n\t<meta name=\"twitter:label2\" content=\"Est. tempo de leitura\" \/>\n\t<meta name=\"twitter:data2\" content=\"5 minutos\" \/>\n<script type=\"application\/ld+json\" class=\"yoast-schema-graph\">{\"@context\":\"https:\/\/schema.org\",\"@graph\":[{\"@type\":\"NewsArticle\",\"@id\":\"https:\/\/www.estrategiaconcursos.com.br\/blog\/edital-prefeitura-vila-velha\/#article\",\"isPartOf\":{\"@id\":\"https:\/\/www.estrategiaconcursos.com.br\/blog\/edital-prefeitura-vila-velha\/\"},\"author\":{\"name\":\"Diego Cerqueira Berbert Vasconcelos\",\"@id\":\"https:\/\/www.estrategiaconcursos.com.br\/blog\/#\/schema\/person\/7fbf898fd336f5ce58a961518beff68c\"},\"headline\":\"Edital do concurso Vila Velha \u00e9 publicado com mais de 1.400 vagas\",\"datePublished\":\"2019-12-13T12:20:20+00:00\",\"dateModified\":\"2020-01-20T11:26:24+00:00\",\"mainEntityOfPage\":{\"@id\":\"https:\/\/www.estrategiaconcursos.com.br\/blog\/edital-prefeitura-vila-velha\/\"},\"wordCount\":1112,\"commentCount\":1,\"publisher\":{\"@id\":\"https:\/\/www.estrategiaconcursos.com.br\/blog\/#organization\"},\"image\":{\"@id\":\"https:\/\/www.estrategiaconcursos.com.br\/blog\/edital-prefeitura-vila-velha\/#primaryimage\"},\"thumbnailUrl\":\"https:\/\/dhg1h5j42swfq.cloudfront.net\/2019\/11\/05113847\/Saiu-Edital-6.png\",\"articleSection\":[\"Concursos P\u00fablicos\"],\"inLanguage\":\"pt-BR\",\"potentialAction\":[{\"@type\":\"CommentAction\",\"name\":\"Comment\",\"target\":[\"https:\/\/www.estrategiaconcursos.com.br\/blog\/edital-prefeitura-vila-velha\/#respond\"]}],\"copyrightYear\":\"2019\",\"copyrightHolder\":{\"@id\":\"https:\/\/www.estrategiaconcursos.com.br\/blog\/#organization\"}},{\"@type\":\"WebPage\",\"@id\":\"https:\/\/www.estrategiaconcursos.com.br\/blog\/edital-prefeitura-vila-velha\/\",\"url\":\"https:\/\/www.estrategiaconcursos.com.br\/blog\/edital-prefeitura-vila-velha\/\",\"name\":\"Edital do concurso Vila Velha \u00e9 publicado com mais de 1.400 vagas\",\"isPartOf\":{\"@id\":\"https:\/\/www.estrategiaconcursos.com.br\/blog\/#website\"},\"primaryImageOfPage\":{\"@id\":\"https:\/\/www.estrategiaconcursos.com.br\/blog\/edital-prefeitura-vila-velha\/#primaryimage\"},\"image\":{\"@id\":\"https:\/\/www.estrategiaconcursos.com.br\/blog\/edital-prefeitura-vila-velha\/#primaryimage\"},\"thumbnailUrl\":\"https:\/\/dhg1h5j42swfq.cloudfront.net\/2019\/11\/05113847\/Saiu-Edital-6.png\",\"datePublished\":\"2019-12-13T12:20:20+00:00\",\"dateModified\":\"2020-01-20T11:26:24+00:00\",\"description\":\"Foram publicados quatro editais do concurso p\u00fablico da Prefeitura de Vila Velha. Ao todo, s\u00e3o ofertadas 1.423 vagas para n\u00edvel m\u00e9dio, t\u00e9cnico e superior.\",\"breadcrumb\":{\"@id\":\"https:\/\/www.estrategiaconcursos.com.br\/blog\/edital-prefeitura-vila-velha\/#breadcrumb\"},\"inLanguage\":\"pt-BR\",\"potentialAction\":[{\"@type\":\"ReadAction\",\"target\":[\"https:\/\/www.estrategiaconcursos.com.br\/blog\/edital-prefeitura-vila-velha\/\"]}]},{\"@type\":\"ImageObject\",\"inLanguage\":\"pt-BR\",\"@id\":\"https:\/\/www.estrategiaconcursos.com.br\/blog\/edital-prefeitura-vila-velha\/#primaryimage\",\"url\":\"https:\/\/dhg1h5j42swfq.cloudfront.net\/2019\/11\/05113847\/Saiu-Edital-6.png\",\"contentUrl\":\"https:\/\/dhg1h5j42swfq.cloudfront.net\/2019\/11\/05113847\/Saiu-Edital-6.png\",\"width\":1200,\"height\":628,\"caption\":\"Concurso CRBM 14\"},{\"@type\":\"BreadcrumbList\",\"@id\":\"https:\/\/www.estrategiaconcursos.com.br\/blog\/edital-prefeitura-vila-velha\/#breadcrumb\",\"itemListElement\":[{\"@type\":\"ListItem\",\"position\":1,\"name\":\"In\u00edcio\",\"item\":\"https:\/\/www.estrategiaconcursos.com.br\/blog\/\"},{\"@type\":\"ListItem\",\"position\":2,\"name\":\"Edital do concurso Vila Velha \u00e9 publicado com mais de 1.400 vagas\"}]},{\"@type\":\"WebSite\",\"@id\":\"https:\/\/www.estrategiaconcursos.com.br\/blog\/#website\",\"url\":\"https:\/\/www.estrategiaconcursos.com.br\/blog\/\",\"name\":\"Estrat\u00e9gia Concursos\",\"description\":\"O blog da Estrat\u00e9gia Concursos traz not\u00edcias sobre concursos e artigos de professores oferecendo cursos para concursos (pdf + videaulas) no site.\",\"publisher\":{\"@id\":\"https:\/\/www.estrategiaconcursos.com.br\/blog\/#organization\"},\"potentialAction\":[{\"@type\":\"SearchAction\",\"target\":{\"@type\":\"EntryPoint\",\"urlTemplate\":\"https:\/\/www.estrategiaconcursos.com.br\/blog\/?s={search_term_string}\"},\"query-input\":{\"@type\":\"PropertyValueSpecification\",\"valueRequired\":true,\"valueName\":\"search_term_string\"}}],\"inLanguage\":\"pt-BR\"},{\"@type\":\"Organization\",\"@id\":\"https:\/\/www.estrategiaconcursos.com.br\/blog\/#organization\",\"name\":\"Estrat\u00e9gia Concursos\",\"url\":\"https:\/\/www.estrategiaconcursos.com.br\/blog\/\",\"logo\":{\"@type\":\"ImageObject\",\"inLanguage\":\"pt-BR\",\"@id\":\"https:\/\/www.estrategiaconcursos.com.br\/blog\/#\/schema\/logo\/image\/\",\"url\":\"https:\/\/dhg1h5j42swfq.cloudfront.net\/2025\/06\/03203428\/logo_concursos-1.jpg\",\"contentUrl\":\"https:\/\/dhg1h5j42swfq.cloudfront.net\/2025\/06\/03203428\/logo_concursos-1.jpg\",\"width\":230,\"height\":60,\"caption\":\"Estrat\u00e9gia Concursos\"},\"image\":{\"@id\":\"https:\/\/www.estrategiaconcursos.com.br\/blog\/#\/schema\/logo\/image\/\"},\"sameAs\":[\"https:\/\/x.com\/EstratConcursos\"]},{\"@type\":\"Person\",\"@id\":\"https:\/\/www.estrategiaconcursos.com.br\/blog\/#\/schema\/person\/7fbf898fd336f5ce58a961518beff68c\",\"name\":\"Diego Cerqueira Berbert Vasconcelos\",\"image\":{\"@type\":\"ImageObject\",\"inLanguage\":\"pt-BR\",\"@id\":\"https:\/\/secure.gravatar.com\/avatar\/ed2d045a7390980cad1a92d24dcc39d10ef55b88fcb9fb9c047979bf4ddeb1ce?s=96&d=mm&r=g\",\"url\":\"https:\/\/secure.gravatar.com\/avatar\/ed2d045a7390980cad1a92d24dcc39d10ef55b88fcb9fb9c047979bf4ddeb1ce?s=96&d=mm&r=g\",\"contentUrl\":\"https:\/\/secure.gravatar.com\/avatar\/ed2d045a7390980cad1a92d24dcc39d10ef55b88fcb9fb9c047979bf4ddeb1ce?s=96&d=mm&r=g\",\"caption\":\"Diego Cerqueira Berbert Vasconcelos\"},\"url\":\"https:\/\/www.estrategiaconcursos.com.br\/blog\/author\/diegocerqueiraestrategiaconcursos-com-br\/\"}]}<\/script>\n<!-- \/ Yoast SEO Premium plugin. -->","yoast_head_json":{"title":"Edital do concurso Vila Velha \u00e9 publicado com mais de 1.400 vagas","description":"Foram publicados quatro editais do concurso p\u00fablico da Prefeitura de Vila Velha. Ao todo, s\u00e3o ofertadas 1.423 vagas para n\u00edvel m\u00e9dio, t\u00e9cnico e superior.","robots":{"index":"index","follow":"follow","max-snippet":"max-snippet:-1","max-image-preview":"max-image-preview:large","max-video-preview":"max-video-preview:-1"},"canonical":"https:\/\/www.estrategiaconcursos.com.br\/blog\/edital-prefeitura-vila-velha\/","og_locale":"pt_BR","og_type":"article","og_title":"Edital do concurso Vila Velha \u00e9 publicado com mais de 1.400 vagas","og_description":"Foram publicados quatro editais do concurso p\u00fablico da Prefeitura de Vila Velha. Ao todo, s\u00e3o ofertadas 1.423 vagas para n\u00edvel m\u00e9dio, t\u00e9cnico e superior.","og_url":"https:\/\/www.estrategiaconcursos.com.br\/blog\/edital-prefeitura-vila-velha\/","og_site_name":"Estrat\u00e9gia Concursos","article_published_time":"2019-12-13T12:20:20+00:00","article_modified_time":"2020-01-20T11:26:24+00:00","og_image":[{"width":1200,"height":628,"url":"https:\/\/dhg1h5j42swfq.cloudfront.net\/2019\/11\/05113847\/Saiu-Edital-6.png","type":"image\/png"}],"author":"Diego Cerqueira Berbert Vasconcelos","twitter_card":"summary_large_image","twitter_creator":"@EstratConcursos","twitter_site":"@EstratConcursos","twitter_misc":{"Escrito por":"Diego Cerqueira Berbert Vasconcelos","Est. tempo de leitura":"5 minutos"},"schema":{"@context":"https:\/\/schema.org","@graph":[{"@type":"NewsArticle","@id":"https:\/\/www.estrategiaconcursos.com.br\/blog\/edital-prefeitura-vila-velha\/#article","isPartOf":{"@id":"https:\/\/www.estrategiaconcursos.com.br\/blog\/edital-prefeitura-vila-velha\/"},"author":{"name":"Diego Cerqueira Berbert Vasconcelos","@id":"https:\/\/www.estrategiaconcursos.com.br\/blog\/#\/schema\/person\/7fbf898fd336f5ce58a961518beff68c"},"headline":"Edital do concurso Vila Velha \u00e9 publicado com mais de 1.400 vagas","datePublished":"2019-12-13T12:20:20+00:00","dateModified":"2020-01-20T11:26:24+00:00","mainEntityOfPage":{"@id":"https:\/\/www.estrategiaconcursos.com.br\/blog\/edital-prefeitura-vila-velha\/"},"wordCount":1112,"commentCount":1,"publisher":{"@id":"https:\/\/www.estrategiaconcursos.com.br\/blog\/#organization"},"image":{"@id":"https:\/\/www.estrategiaconcursos.com.br\/blog\/edital-prefeitura-vila-velha\/#primaryimage"},"thumbnailUrl":"https:\/\/dhg1h5j42swfq.cloudfront.net\/2019\/11\/05113847\/Saiu-Edital-6.png","articleSection":["Concursos P\u00fablicos"],"inLanguage":"pt-BR","potentialAction":[{"@type":"CommentAction","name":"Comment","target":["https:\/\/www.estrategiaconcursos.com.br\/blog\/edital-prefeitura-vila-velha\/#respond"]}],"copyrightYear":"2019","copyrightHolder":{"@id":"https:\/\/www.estrategiaconcursos.com.br\/blog\/#organization"}},{"@type":"WebPage","@id":"https:\/\/www.estrategiaconcursos.com.br\/blog\/edital-prefeitura-vila-velha\/","url":"https:\/\/www.estrategiaconcursos.com.br\/blog\/edital-prefeitura-vila-velha\/","name":"Edital do concurso Vila Velha \u00e9 publicado com mais de 1.400 vagas","isPartOf":{"@id":"https:\/\/www.estrategiaconcursos.com.br\/blog\/#website"},"primaryImageOfPage":{"@id":"https:\/\/www.estrategiaconcursos.com.br\/blog\/edital-prefeitura-vila-velha\/#primaryimage"},"image":{"@id":"https:\/\/www.estrategiaconcursos.com.br\/blog\/edital-prefeitura-vila-velha\/#primaryimage"},"thumbnailUrl":"https:\/\/dhg1h5j42swfq.cloudfront.net\/2019\/11\/05113847\/Saiu-Edital-6.png","datePublished":"2019-12-13T12:20:20+00:00","dateModified":"2020-01-20T11:26:24+00:00","description":"Foram publicados quatro editais do concurso p\u00fablico da Prefeitura de Vila Velha. Ao todo, s\u00e3o ofertadas 1.423 vagas para n\u00edvel m\u00e9dio, t\u00e9cnico e superior.","breadcrumb":{"@id":"https:\/\/www.estrategiaconcursos.com.br\/blog\/edital-prefeitura-vila-velha\/#breadcrumb"},"inLanguage":"pt-BR","potentialAction":[{"@type":"ReadAction","target":["https:\/\/www.estrategiaconcursos.com.br\/blog\/edital-prefeitura-vila-velha\/"]}]},{"@type":"ImageObject","inLanguage":"pt-BR","@id":"https:\/\/www.estrategiaconcursos.com.br\/blog\/edital-prefeitura-vila-velha\/#primaryimage","url":"https:\/\/dhg1h5j42swfq.cloudfront.net\/2019\/11\/05113847\/Saiu-Edital-6.png","contentUrl":"https:\/\/dhg1h5j42swfq.cloudfront.net\/2019\/11\/05113847\/Saiu-Edital-6.png","width":1200,"height":628,"caption":"Concurso CRBM 14"},{"@type":"BreadcrumbList","@id":"https:\/\/www.estrategiaconcursos.com.br\/blog\/edital-prefeitura-vila-velha\/#breadcrumb","itemListElement":[{"@type":"ListItem","position":1,"name":"In\u00edcio","item":"https:\/\/www.estrategiaconcursos.com.br\/blog\/"},{"@type":"ListItem","position":2,"name":"Edital do concurso Vila Velha \u00e9 publicado com mais de 1.400 vagas"}]},{"@type":"WebSite","@id":"https:\/\/www.estrategiaconcursos.com.br\/blog\/#website","url":"https:\/\/www.estrategiaconcursos.com.br\/blog\/","name":"Estrat\u00e9gia Concursos","description":"O blog da Estrat\u00e9gia Concursos traz not\u00edcias sobre concursos e artigos de professores oferecendo cursos para concursos (pdf + videaulas) no site.","publisher":{"@id":"https:\/\/www.estrategiaconcursos.com.br\/blog\/#organization"},"potentialAction":[{"@type":"SearchAction","target":{"@type":"EntryPoint","urlTemplate":"https:\/\/www.estrategiaconcursos.com.br\/blog\/?s={search_term_string}"},"query-input":{"@type":"PropertyValueSpecification","valueRequired":true,"valueName":"search_term_string"}}],"inLanguage":"pt-BR"},{"@type":"Organization","@id":"https:\/\/www.estrategiaconcursos.com.br\/blog\/#organization","name":"Estrat\u00e9gia Concursos","url":"https:\/\/www.estrategiaconcursos.com.br\/blog\/","logo":{"@type":"ImageObject","inLanguage":"pt-BR","@id":"https:\/\/www.estrategiaconcursos.com.br\/blog\/#\/schema\/logo\/image\/","url":"https:\/\/dhg1h5j42swfq.cloudfront.net\/2025\/06\/03203428\/logo_concursos-1.jpg","contentUrl":"https:\/\/dhg1h5j42swfq.cloudfront.net\/2025\/06\/03203428\/logo_concursos-1.jpg","width":230,"height":60,"caption":"Estrat\u00e9gia Concursos"},"image":{"@id":"https:\/\/www.estrategiaconcursos.com.br\/blog\/#\/schema\/logo\/image\/"},"sameAs":["https:\/\/x.com\/EstratConcursos"]},{"@type":"Person","@id":"https:\/\/www.estrategiaconcursos.com.br\/blog\/#\/schema\/person\/7fbf898fd336f5ce58a961518beff68c","name":"Diego Cerqueira Berbert Vasconcelos","image":{"@type":"ImageObject","inLanguage":"pt-BR","@id":"https:\/\/secure.gravatar.com\/avatar\/ed2d045a7390980cad1a92d24dcc39d10ef55b88fcb9fb9c047979bf4ddeb1ce?s=96&d=mm&r=g","url":"https:\/\/secure.gravatar.com\/avatar\/ed2d045a7390980cad1a92d24dcc39d10ef55b88fcb9fb9c047979bf4ddeb1ce?s=96&d=mm&r=g","contentUrl":"https:\/\/secure.gravatar.com\/avatar\/ed2d045a7390980cad1a92d24dcc39d10ef55b88fcb9fb9c047979bf4ddeb1ce?s=96&d=mm&r=g","caption":"Diego Cerqueira Berbert Vasconcelos"},"url":"https:\/\/www.estrategiaconcursos.com.br\/blog\/author\/diegocerqueiraestrategiaconcursos-com-br\/"}]}},"_links":{"self":[{"href":"https:\/\/www.estrategiaconcursos.com.br\/blog\/wp-json\/wp\/v2\/posts\/455838","targetHints":{"allow":["GET"]}}],"collection":[{"href":"https:\/\/www.estrategiaconcursos.com.br\/blog\/wp-json\/wp\/v2\/posts"}],"about":[{"href":"https:\/\/www.estrategiaconcursos.com.br\/blog\/wp-json\/wp\/v2\/types\/post"}],"author":[{"embeddable":true,"href":"https:\/\/www.estrategiaconcursos.com.br\/blog\/wp-json\/wp\/v2\/users\/260"}],"replies":[{"embeddable":true,"href":"https:\/\/www.estrategiaconcursos.com.br\/blog\/wp-json\/wp\/v2\/comments?post=455838"}],"version-history":[{"count":9,"href":"https:\/\/www.estrategiaconcursos.com.br\/blog\/wp-json\/wp\/v2\/posts\/455838\/revisions"}],"predecessor-version":[{"id":471820,"href":"https:\/\/www.estrategiaconcursos.com.br\/blog\/wp-json\/wp\/v2\/posts\/455838\/revisions\/471820"}],"wp:featuredmedia":[{"embeddable":true,"href":"https:\/\/www.estrategiaconcursos.com.br\/blog\/wp-json\/wp\/v2\/media\/444275"}],"wp:attachment":[{"href":"https:\/\/www.estrategiaconcursos.com.br\/blog\/wp-json\/wp\/v2\/media?parent=455838"}],"wp:term":[{"taxonomy":"category","embeddable":true,"href":"https:\/\/www.estrategiaconcursos.com.br\/blog\/wp-json\/wp\/v2\/categories?post=455838"},{"taxonomy":"post_tag","embeddable":true,"href":"https:\/\/www.estrategiaconcursos.com.br\/blog\/wp-json\/wp\/v2\/tags?post=455838"},{"taxonomy":"tax_estado","embeddable":true,"href":"https:\/\/www.estrategiaconcursos.com.br\/blog\/wp-json\/wp\/v2\/tax_estado?post=455838"}],"curies":[{"name":"wp","href":"https:\/\/api.w.org\/{rel}","templated":true}]}}