{"id":455534,"date":"2022-08-26T07:31:00","date_gmt":"2022-08-26T10:31:00","guid":{"rendered":"https:\/\/www.estrategiaconcursos.com.br\/blog\/?p=455534"},"modified":"2022-08-26T10:27:30","modified_gmt":"2022-08-26T13:27:30","slug":"concurso-camara-de-suzano","status":"publish","type":"post","link":"https:\/\/www.estrategiaconcursos.com.br\/blog\/concurso-camara-de-suzano\/","title":{"rendered":"Concurso C\u00e2mara de Suzano: inscri\u00e7\u00f5es encerradas"},"content":{"rendered":"\n<p>Est\u00e3o encerradas as inscri\u00e7\u00f5es do concurso <strong>C\u00e2mara de Suzano<\/strong>, no estado de S\u00e3o Paulo. Segundo o documento, s\u00e3o ofertadas 2 vagas imediatas, al\u00e9m da forma\u00e7\u00e3o de cadastro reserva.<\/p>\n\n\n\n<p>Os interessados puderam se candidatar at\u00e9 o dia 25 de agosto de 2022, no portal da banca organizadora, <a href=\"https:\/\/www.vunesp.com.br\/CMSZ2201\" target=\"_blank\" rel=\"noreferrer noopener\">Vunesp<\/a>, a um custo que variou de R$ 54,90 a R$ 98,80.<\/p>\n\n\n\n<p>As oportunidades se distribuem entre os n\u00edveis fundamental e superior de forma\u00e7\u00e3o, com remunera\u00e7\u00e3o inicial de R$ 2.012,70 a R$ 6.604,48.<\/p>\n\n\n\n<ul class=\"has-background wp-block-list\" style=\"background-color:#c4ab67\"><li><strong>C\u00e2mara de Suzano<\/strong><\/li><li><strong>Situa\u00e7\u00e3o<\/strong>: inscri\u00e7\u00f5es encerradas<\/li><li><strong>Banca<\/strong>: Funda\u00e7\u00e3o Vunesp<\/li><li><strong>Vagas<\/strong>: 2 + CR<\/li><li><strong>Sal\u00e1rio inicial:<\/strong>\u00a0R$ 2.012,70 a R$ 6.604,48<\/li><li><strong>Edital<\/strong>:\u00a0<a href=\"https:\/\/dhg1h5j42swfq.cloudfront.net\/2022\/07\/12141015\/pdf-2.pdf\" target=\"_blank\" rel=\"noreferrer noopener nofollow\">C\u00e2mara de Suzano 2022<\/a><\/li><\/ul>\n\n\n\n<p>Nosso objetivo \u00e9 deix\u00e1-los 100% informados. Acompanhe neste artigo as principais informa\u00e7\u00f5es e mantenha-se informado! <\/p>\n\n\n\n<ul class=\"wp-block-list\"><li><a href=\"#informacoes\">Informa\u00e7\u00f5es do concurso<\/a><ul><li><a href=\"#datas\">Principais datas<\/a><\/li><\/ul><\/li><li><a href=\"#cargos\">Cargos, vagas e remunera\u00e7\u00f5es<\/a><\/li><li><a href=\"#etapas\">Etapas e provas<\/a><\/li><li><a href=\"#ultimo\">\u00daltimo concurso<\/a><ul><li><a href=\"#cargos\">Cargos, Vagas e Remunera\u00e7\u00f5es<\/a><\/li><li><a href=\"#etapas\">Etapas e provas<\/a><\/li><li><a href=\"#homologa\u00e7\u00e3o\">Homologa\u00e7\u00e3o<\/a><\/li><\/ul><\/li><li><a href=\"#cursos-assinatura\">Cursos e assinaturas<\/a><\/li><li><a href=\"#ficha\">Ficha T\u00e9cnica<\/a><\/li><\/ul>\n\n\n\n<h2 class=\"wp-block-heading\" id=\"datas\">Principais datas do concurso C\u00e2mara de Suzano<\/h2>\n\n\n\n<p class=\"has-very-light-gray-background-color has-background\"><strong>Inscri\u00e7\u00f5es<\/strong>: <s>20 de julho a 25 de agosto de 2022<\/s><br \/><strong>Isen\u00e7\u00e3o da taxa<\/strong>: <s>20 a 21 de julho<\/s><br \/><strong>\u00daltimo dia de pagamento:<\/strong> <s>26 de agosto<\/s><br \/><strong>Prova<\/strong>: 09 de outubro<\/p>\n\n\n\n<h2 class=\"wp-block-heading\" id=\"cargos-vagas\">Cargos e vagas do concurso C\u00e2mara de Suzano<\/h2>\n\n\n\n<figure class=\"wp-block-table is-style-stripes\"><table class=\"has-background has-fixed-layout\" style=\"background-color:#d9bc90\"><thead><tr><th class=\"has-text-align-center\" data-align=\"center\">Cargos<\/th><th class=\"has-text-align-center\" data-align=\"center\">Vagas<\/th><th class=\"has-text-align-center\" data-align=\"center\">Sal\u00e1rio<\/th><th class=\"has-text-align-center\" data-align=\"center\">N\u00edvel de escolaridade<\/th><\/tr><\/thead><tbody><tr><td class=\"has-text-align-center\" data-align=\"center\">Agente Parlamentar <\/td><td class=\"has-text-align-center\" data-align=\"center\">CR<\/td><td class=\"has-text-align-center\" data-align=\"center\">R$ 2.012,70<\/td><td class=\"has-text-align-center\" data-align=\"center\">Fundamental<\/td><\/tr><tr><td class=\"has-text-align-center\" data-align=\"center\">Auxiliar Administrativo<\/td><td class=\"has-text-align-center\" data-align=\"center\">01<\/td><td class=\"has-text-align-center\" data-align=\"center\">R$ 2.012,70<\/td><td class=\"has-text-align-center\" data-align=\"center\">Fundamental<\/td><\/tr><tr><td class=\"has-text-align-center\" data-align=\"center\">Analista de Compras<\/td><td class=\"has-text-align-center\" data-align=\"center\">01<\/td><td class=\"has-text-align-center\" data-align=\"center\">R$ 6.604,48<\/td><td class=\"has-text-align-center\" data-align=\"center\">Superior*<\/td><\/tr><\/tbody><\/table><\/figure>\n\n\n\n<p>*Ao cargo de Analista de Compras \u00e9 exigido n\u00edvel superior completo em Administra\u00e7\u00e3o, Contabilidade, Engenharia ou Economia.<\/p>\n\n\n\n<p>A C\u00e2mara Municipal de Suzano oferecer\u00e1 os seguintes benef\u00edcios: Vale Alimenta\u00e7\u00e3o, Vale Refei\u00e7\u00e3o, Vale Transporte e Aux\u00edlio Creche, conforme as disposi\u00e7\u00f5es da legisla\u00e7\u00e3o vigente.<\/p>\n\n\n\n<h2 class=\"wp-block-heading\" id=\"etapas-e-provas-do-concurso-camara-de-suzano\">Etapas e provas do concurso C\u00e2mara de Suzano<\/h2>\n\n\n\n<p>A sele\u00e7\u00e3o ser\u00e1 realizada mediante aplica\u00e7\u00e3o de uma \u00fanica etapa, sendo de prova objetiva.<\/p>\n\n\n\n<h3 class=\"wp-block-heading\" id=\"prova-objetiva\">Prova Objetiva<\/h3>\n\n\n\n<p>Com dura\u00e7\u00e3o de 3 horas, a etapa contar\u00e1 com quest\u00f5es de m\u00faltipla escolha, com 5 alternativas cada e apenas uma correta.<\/p>\n\n\n\n<figure class=\"wp-block-image aligncenter size-full is-resized\"><img loading=\"lazy\" decoding=\"async\" src=\"https:\/\/dhg1h5j42swfq.cloudfront.net\/2022\/07\/12142340\/image-160.png\" alt=\"Provas Objetivas do concurso C\u00e2mara de Suzano\" class=\"wp-image-1059830\" width=\"611\" height=\"403\" srcset=\"https:\/\/dhg1h5j42swfq.cloudfront.net\/2022\/07\/12142340\/image-160.png 654w, https:\/\/dhg1h5j42swfq.cloudfront.net\/2022\/07\/12142340\/image-160-300x198.png 300w, https:\/\/dhg1h5j42swfq.cloudfront.net\/2022\/07\/12142340\/image-160-610x402.png 610w, https:\/\/dhg1h5j42swfq.cloudfront.net\/2022\/07\/12142340\/image-160-150x99.png 150w\" sizes=\"auto, (max-width: 611px) 100vw, 611px\" \/><figcaption>Provas Objetivas do concurso C\u00e2mara de Suzano<\/figcaption><\/figure>\n\n\n\n<p>A prova objetiva ser\u00e1 avaliada na escala de 0 (zero) a 100,00 (cem) pontos, cuja nota ser\u00e1 obtida pela seguinte f\u00f3rmula:<\/p>\n\n\n\n<p>NP = (Na x100) \/ Tq<\/p>\n\n\n\n<p>Onde: <br \/>NP = Nota da prova<br \/>Na = N\u00famero de acertos do candidato<br \/>Tq = Total de quest\u00f5es da prova objetiva<\/p>\n\n\n\n<p>Ser\u00e1 considerado habilitado, na prova objetiva, o candidato que obtiver nota igual ou superior a 50,00 pontos, bem como n\u00e3o zerar em nenhum dos componentes dessa prova.<\/p>\n\n\n\n<h2 class=\"wp-block-heading\" id=\"ultimo\">\u00daltimo concurso C\u00e2mara de Suzano<\/h2>\n\n\n\n<p>O \u00faltimo concurso da C\u00e2mara de Suzano foi realizado em 2019. Sob organiza\u00e7\u00e3o da Vunesp, foram ofertadas 2 vagas imediatas, al\u00e9m de oportunidades para forma\u00e7\u00e3o de cadastro de reserva, para cargos de n\u00edveis fundamental, m\u00e9dio e superior.<\/p>\n\n\n\n<p>A remunera\u00e7\u00e3o inicial foi fixada em R$ 1.839,60 a R$ 4.156,56, para um jornada de trabalho de 25 a 40 horas semanais.<\/p>\n\n\n\n<h3 class=\"wp-block-heading\" id=\"cargos\">Cargos, vagas e remunera\u00e7\u00f5es do \u00faltimo concurso C\u00e2mara de Suzano<\/h3>\n\n\n\n<ul class=\"wp-block-list\"><li><strong>Procurador Legislativo &#8211; 1 vaga<\/strong><\/li><li>Remunera\u00e7\u00e3o: R$ 4.155,56 (20 horas)<\/li><li>Requisito: Ensino superior completo e registro na OAB. <\/li><\/ul>\n\n\n\n<ul class=\"wp-block-list\"><li><strong>Analista de Tecnologia da Informa\u00e7\u00e3o &#8211; 1 vaga <\/strong><\/li><li>Remunera\u00e7\u00e3o: R$ 4.155,56 (40 horas)<\/li><li>Requisito: Ensino T\u00e9cnico ou Superior completo nas \u00e1reas de Inform\u00e1tica, Computa\u00e7\u00e3o, An\u00e1lise de Sistemas ou cursos ou correlatos. <\/li><\/ul>\n\n\n\n<ul class=\"wp-block-list\"><li><strong>Agente de Manuten\u00e7\u00e3o &#8211; CR <\/strong><\/li><li>Remunera\u00e7\u00e3o: R$ 2.671,40 (40 horas)<\/li><li>Requisito: Ensino M\u00e9dio Completo. <\/li><\/ul>\n\n\n\n<ul class=\"wp-block-list\"><li><strong>Motorista &#8211; CR <\/strong><\/li><li>Remunera\u00e7\u00e3o: R$ 3.186,50 (40 horas)<\/li><li>Requisito: Ensino M\u00e9dio Completo e CNH categoria \u201cB\u201d. <\/li><\/ul>\n\n\n\n<ul class=\"wp-block-list\"><li><strong>Telefonista &#8211; CR<\/strong><\/li><li>Remunera\u00e7\u00e3o: 2.671,40 (25 horas)<\/li><li>Requisito: Ensino M\u00e9dio Completo.<\/li><\/ul>\n\n\n\n<ul class=\"wp-block-list\"><li><strong>Copeira &#8211; CR <\/strong><\/li><li>Remunera\u00e7\u00e3o: R$ 1.839,60 (40 horas)<\/li><li>Requisito: Ensino Fundamental Completo.<\/li><\/ul>\n\n\n\n<h2 class=\"wp-block-heading\" id=\"etapas\">Etapas do \u00faltimo concurso C\u00e2mara de Suzano<\/h2>\n\n\n\n<p>O \u00faltimo certame foi realizado mediante 3 etapas, a depender do cargo escolhido, sendo:<\/p>\n\n\n\n<ul class=\"wp-block-list\"><li>Provas Objetivas;<\/li><li>Prova Pr\u00e1tico-Profissional; e<\/li><li>Prova Pr\u00e1tica.<\/li><\/ul>\n\n\n\n<h3 class=\"wp-block-heading\" id=\"prova\">Prova Objetiva<\/h3>\n\n\n\n<p>A <strong>prova objetiva<\/strong>, de car\u00e1ter eliminat\u00f3rio e classificat\u00f3rio, foi composta de quest\u00f5es de m\u00faltipla escolha com 5 alternativas cada uma, sendo apenas uma alternativa correta.<\/p>\n\n\n\n<p class=\"has-medium-font-size\"><strong>Agente de Manuten\u00e7\u00e3o<\/strong><\/p>\n\n\n\n<figure class=\"wp-block-table is-style-stripes\"><table class=\"has-background has-fixed-layout\" style=\"background-color:#c0ac75\"><tbody><tr><td class=\"has-text-align-center\" data-align=\"center\"><strong>Disciplinas<\/strong><\/td><td class=\"has-text-align-center\" data-align=\"center\"><strong>Quantidade de Quest\u00f5es<\/strong><\/td><\/tr><tr><td class=\"has-text-align-center\" data-align=\"center\">L\u00edngua Portuguesa  <\/td><td class=\"has-text-align-center\" data-align=\"center\">15<\/td><\/tr><tr><td class=\"has-text-align-center\" data-align=\"center\">Matem\u00e1tica <\/td><td class=\"has-text-align-center\" data-align=\"center\">10<\/td><\/tr><tr><td class=\"has-text-align-center\" data-align=\"center\">No\u00e7\u00f5es de Inform\u00e1tica <\/td><td class=\"has-text-align-center\" data-align=\"center\">05<\/td><\/tr><tr><td class=\"has-text-align-center\" data-align=\"center\">Conhecimentos Espec\u00edficos  <\/td><td class=\"has-text-align-center\" data-align=\"center\">20<\/td><\/tr><tr><td class=\"has-text-align-center\" data-align=\"center\">Total<\/td><td class=\"has-text-align-center\" data-align=\"center\">40<\/td><\/tr><\/tbody><\/table><\/figure>\n\n\n\n<p class=\"has-medium-font-size\"> <strong>Analista de Tecnologia da Informa\u00e7\u00e3o <\/strong><\/p>\n\n\n\n<figure class=\"wp-block-table is-style-stripes\"><table class=\"has-background has-fixed-layout\" style=\"background-color:#c0ac75\"><tbody><tr><td class=\"has-text-align-center\" data-align=\"center\"><strong>Disciplinas<\/strong><\/td><td class=\"has-text-align-center\" data-align=\"center\"><strong>Quantidade de Quest\u00f5es<\/strong><\/td><\/tr><tr><td class=\"has-text-align-center\" data-align=\"center\">L\u00edngua Portuguesa  <\/td><td class=\"has-text-align-center\" data-align=\"center\">15<\/td><\/tr><tr><td class=\"has-text-align-center\" data-align=\"center\">Matem\u00e1tica <\/td><td class=\"has-text-align-center\" data-align=\"center\">10<\/td><\/tr><tr><td class=\"has-text-align-center\" data-align=\"center\">Racioc\u00ednio L\u00f3gico <\/td><td class=\"has-text-align-center\" data-align=\"center\">05<\/td><\/tr><tr><td class=\"has-text-align-center\" data-align=\"center\">Conhecimentos Espec\u00edficos  <\/td><td class=\"has-text-align-center\" data-align=\"center\">20<\/td><\/tr><tr><td class=\"has-text-align-center\" data-align=\"center\">Total<\/td><td class=\"has-text-align-center\" data-align=\"center\">40<\/td><\/tr><\/tbody><\/table><\/figure>\n\n\n\n<p class=\"has-medium-font-size\"><strong> Copeira <\/strong><\/p>\n\n\n\n<figure class=\"wp-block-table is-style-stripes\"><table class=\"has-background has-fixed-layout\" style=\"background-color:#b49d5e\"><tbody><tr><td class=\"has-text-align-center\" data-align=\"center\"><strong>Disciplinas<\/strong><\/td><td class=\"has-text-align-center\" data-align=\"center\"><strong>Quantidade de Quest\u00f5es<\/strong><\/td><\/tr><tr><td class=\"has-text-align-center\" data-align=\"center\">L\u00edngua Portuguesa  <\/td><td class=\"has-text-align-center\" data-align=\"center\">20<\/td><\/tr><tr><td class=\"has-text-align-center\" data-align=\"center\">Matem\u00e1tica <\/td><td class=\"has-text-align-center\" data-align=\"center\">20<\/td><\/tr><tr><td class=\"has-text-align-center\" data-align=\"center\">Total<\/td><td class=\"has-text-align-center\" data-align=\"center\">40<\/td><\/tr><\/tbody><\/table><\/figure>\n\n\n\n<p class=\"has-medium-font-size\"><strong>Motorista <\/strong><\/p>\n\n\n\n<figure class=\"wp-block-table is-style-stripes\"><table class=\"has-background has-fixed-layout\" style=\"background-color:#bca666\"><tbody><tr><td class=\"has-text-align-center\" data-align=\"center\"><strong>Disciplinas<\/strong><\/td><td class=\"has-text-align-center\" data-align=\"center\"><strong>Quantidade de Quest\u00f5es<\/strong><\/td><\/tr><tr><td class=\"has-text-align-center\" data-align=\"center\">L\u00edngua Portuguesa  <\/td><td class=\"has-text-align-center\" data-align=\"center\">15<\/td><\/tr><tr><td class=\"has-text-align-center\" data-align=\"center\">Matem\u00e1tica <\/td><td class=\"has-text-align-center\" data-align=\"center\">10<\/td><\/tr><tr><td class=\"has-text-align-center\" data-align=\"center\">Racioc\u00ednio L\u00f3gico <\/td><td class=\"has-text-align-center\" data-align=\"center\">05<\/td><\/tr><tr><td class=\"has-text-align-center\" data-align=\"center\">No\u00e7\u00f5es de Inform\u00e1tica  <\/td><td class=\"has-text-align-center\" data-align=\"center\">20<\/td><\/tr><tr><td class=\"has-text-align-center\" data-align=\"center\">Total<\/td><td class=\"has-text-align-center\" data-align=\"center\">40<\/td><\/tr><\/tbody><\/table><\/figure>\n\n\n\n<p class=\"has-medium-font-size\"><strong>Procurador Legislativo<\/strong><\/p>\n\n\n\n<figure class=\"wp-block-table is-style-stripes\"><table class=\"has-background has-fixed-layout\" style=\"background-color:#d3b971\"><tbody><tr><td class=\"has-text-align-center\" data-align=\"center\"><strong>Disciplinas<\/strong><\/td><td class=\"has-text-align-center\" data-align=\"center\"><strong>Quantidade de Quest\u00f5es<\/strong><\/td><\/tr><tr><td class=\"has-text-align-center\" data-align=\"center\">Conhecimentos Espec\u00edficos   <\/td><td class=\"has-text-align-center\" data-align=\"center\">60<\/td><\/tr><\/tbody><\/table><\/figure>\n\n\n\n<p class=\"has-medium-font-size\"><strong>Telefonista<\/strong><\/p>\n\n\n\n<figure class=\"wp-block-table is-style-stripes\"><table class=\"has-background has-fixed-layout\" style=\"background-color:#b49c59\"><tbody><tr><td class=\"has-text-align-center\" data-align=\"center\"><strong>Disciplinas<\/strong><\/td><td class=\"has-text-align-center\" data-align=\"center\"><strong>Quantidade de Quest\u00f5es<\/strong><\/td><\/tr><tr><td class=\"has-text-align-center\" data-align=\"center\">L\u00edngua Portuguesa  <\/td><td class=\"has-text-align-center\" data-align=\"center\">20<\/td><\/tr><tr><td class=\"has-text-align-center\" data-align=\"center\">Matem\u00e1tica <\/td><td class=\"has-text-align-center\" data-align=\"center\">10<\/td><\/tr><tr><td class=\"has-text-align-center\" data-align=\"center\">No\u00e7\u00f5es de Inform\u00e1tica <\/td><td class=\"has-text-align-center\" data-align=\"center\">05<\/td><\/tr><tr><td class=\"has-text-align-center\" data-align=\"center\">Conhecimentos Espec\u00edficos  <\/td><td class=\"has-text-align-center\" data-align=\"center\">15<\/td><\/tr><tr><td class=\"has-text-align-center\" data-align=\"center\">Total<\/td><td class=\"has-text-align-center\" data-align=\"center\">50<\/td><\/tr><\/tbody><\/table><\/figure>\n\n\n\n<h3 class=\"wp-block-heading\" id=\"pratico\">Prova Pr\u00e1tico-Profissional<\/h3>\n\n\n\n<p>A <strong>prova pr\u00e1tico-profissional <\/strong>do concurso C\u00e2mara de Suzano foi aplicada somente para os <strong>candidatos que concorram ao cargo de Procurador Legislativo<\/strong>.<\/p>\n\n\n\n<p> O objetivo da avalia\u00e7\u00e3o era analisar o grau de conhecimento e a capacidade de argumenta\u00e7\u00e3o t\u00e9cnica do candidato, necess\u00e1rios ao desempenho do cargo. <\/p>\n\n\n\n<h3 class=\"wp-block-heading\" id=\"pratica\">Prova Pr\u00e1tica<\/h3>\n\n\n\n<p>A <strong>prova pr\u00e1tica<\/strong> foi aplicada somente <strong>para os cargos de Copeira e Motorista<\/strong>. Nesta etapa, os candidatos foram avaliados por meio de demonstra\u00e7\u00e3o pr\u00e1tica das atividades a serem desempenhadas no exerc\u00edcio do respectivo cargo.<\/p>\n\n\n\n<h2 class=\"wp-block-heading\" id=\"homologacao\">Homologa\u00e7\u00e3o<\/h2>\n\n\n\n<p>O certame foi homologado em maio de 2022, Com isso, ter\u00e1 validade pelo prazo de 02 anos, podendo ser prorrogado por igual per\u00edodo, para atender ao interesse da Administra\u00e7\u00e3o P\u00fablica.<\/p>\n\n\n\n<ul class=\"wp-block-list\"><li><a href=\"https:\/\/dhg1h5j42swfq.cloudfront.net\/2022\/07\/12140927\/pdf.pdf\" target=\"_blank\" rel=\"noreferrer noopener nofollow\">Homologa\u00e7\u00e3o<\/a><\/li><\/ul>\n\n\n\n<h2 class=\"has-text-align-center wp-block-heading\" id=\"h-quer-saber-tudo-sobre-concursos-previstos-confira-nossos-artigos\">Quer saber tudo sobre concursos previstos?<br \/>Confira nossos artigos!<\/h2>\n\n\n\n<ul class=\"wp-block-list\"><li><a href=\"https:\/\/www.estrategiaconcursos.com.br\/blog\/concursos-abertos\/\" target=\"_blank\" rel=\"noreferrer noopener\">Concursos abertos<\/a><\/li><li><a href=\"https:\/\/www.estrategiaconcursos.com.br\/blog\/concursos-2022\/\" target=\"_blank\" rel=\"noreferrer noopener\">Concursos 2022<\/a><\/li><li><a href=\"https:\/\/www.estrategiaconcursos.com.br\/blog\/concursos-2023\/\" target=\"_blank\" rel=\"noreferrer noopener\">Concursos 2023<\/a><\/li><\/ul>\n\n\n\n<h2 class=\"has-text-align-center wp-block-heading\" id=\"cursos-assinatura\">Quer estudar para concurso C\u00e2mara de Suzano?<\/h2>\n\n\n\n<div class=\"container\" id=\"boxes\">\n  <div class=\"row\">\n\n    <div class=\"col-sm\">\n      <div class=\"banner-estrategia\" id=\"box-assinatura\">\n        <h3 class=\"titulo-assinatura\">Concurso C\u00e2mara de Suzano<\/h3>\n        <p class=\"subtitulo-assinatura\">Conhe\u00e7a os cursos<\/p>\n        <div class=\"box-botao\">\n          <a class=\"btn-assinatura\" target=\"_blank\" href=\"https:\/\/www.estrategiaconcursos.com.br\/cursosPorConcurso\/camara-municipal-de-suzano-sp\/\" role=\"button\" rel=\"noopener noreferrer\">Conhe\u00e7a mais<\/a>\n        <\/div>\n      <\/div>\n  \n    <\/div>\n\n  <\/div>\n<\/div>\n\n\n\n<div class=\"container\" id=\"boxes\">\n  <div class=\"row\">\n\n    <div class=\"col-sm\">\n      <div class=\"estrategia\" id=\"box-assinatura\">\n        <h3 class=\"titulo-assinatura\">Assinatura Concursos<\/h3>\n        <p class=\"subtitulo-assinatura\">Assinatura de 1 ano ou 2 anos<\/p>\n        <div class=\"box-botao\">\n          <a class=\"btn-assinatura\" target=\"_blank\" href=\"https:\/\/www.estrategiaconcursos.com.br\/assinaturas\/\" role=\"button\" rel=\"noopener noreferrer\">ASSINE AGORA<\/a>\n        <\/div>\n      <\/div>\n     \n    <\/div><\/div><\/div>\n\n\n\n<figure class=\"wp-block-image size-large is-resized\"><img loading=\"lazy\" decoding=\"async\" src=\"https:\/\/dhg1h5j42swfq.cloudfront.net\/2021\/08\/18151931\/ficha-tecnica-3-1024x632.png\" alt=\"Ficha do concurso C\u00e2mara de Suzano\" class=\"wp-image-839757\" width=\"230\" height=\"142\" srcset=\"https:\/\/dhg1h5j42swfq.cloudfront.net\/2021\/08\/18151931\/ficha-tecnica-3-1024x632.png 1024w, https:\/\/dhg1h5j42swfq.cloudfront.net\/2021\/08\/18151931\/ficha-tecnica-3-300x185.png 300w, https:\/\/dhg1h5j42swfq.cloudfront.net\/2021\/08\/18151931\/ficha-tecnica-3-768x474.png 768w, https:\/\/dhg1h5j42swfq.cloudfront.net\/2021\/08\/18151931\/ficha-tecnica-3-1536x948.png 1536w, https:\/\/dhg1h5j42swfq.cloudfront.net\/2021\/08\/18151931\/ficha-tecnica-3-610x377.png 610w, https:\/\/dhg1h5j42swfq.cloudfront.net\/2021\/08\/18151931\/ficha-tecnica-3.png 1571w\" sizes=\"auto, (max-width: 230px) 100vw, 230px\" \/><\/figure>\n\n\n\n<h3 class=\"wp-block-heading\" id=\"ficha\">Informa\u00e7\u00f5es&nbsp;do concurso C\u00e2mara de Suzano<\/h3>\n\n\n\n<p>\u25ba<strong>Provas<\/strong>: 09\/10\/2022<br \/>\u25ba<strong>Vagas<\/strong>: 2 + CR<br \/>\u25ba<strong>Banca<\/strong>: VUNESP<br \/>\u25ba<strong>Cargos<\/strong>: Diversos<br \/>\u25ba<strong>Escolaridade<\/strong>: N\u00edvel fundamental e superior<br \/>\u25ba<strong>Edital<\/strong>: <a href=\"https:\/\/dhg1h5j42swfq.cloudfront.net\/2022\/07\/12141015\/pdf-2.pdf\" target=\"_blank\" rel=\"noreferrer noopener nofollow\">C\u00e2mara de Suzano 2022<\/a><br \/><br \/><\/p>\n","protected":false},"excerpt":{"rendered":"<p>Est\u00e3o encerradas as inscri\u00e7\u00f5es do concurso C\u00e2mara de Suzano, no estado de S\u00e3o Paulo. Segundo o documento, s\u00e3o ofertadas 2 vagas imediatas, al\u00e9m da forma\u00e7\u00e3o de cadastro reserva. Os interessados puderam se candidatar at\u00e9 o dia 25 de agosto de 2022, no portal da banca organizadora, Vunesp, a um custo que variou de R$ 54,90 [&hellip;]<\/p>\n","protected":false},"author":1,"featured_media":1063615,"comment_status":"open","ping_status":"closed","sticky":false,"template":"","format":"standard","meta":{"post_tipo":"news_page","footnotes":""},"categories":[2017],"tags":[],"tax_estado":[219989],"class_list":["post-455534","post","type-post","status-publish","format-standard","has-post-thumbnail","hentry","category-concursos-legislativos","tax_estado-sp"],"acf":[],"yoast_head":"<!-- This site is optimized with the Yoast SEO Premium plugin v27.2 (Yoast SEO v27.2) - https:\/\/yoast.com\/product\/yoast-seo-premium-wordpress\/ -->\n<title>Concurso C\u00e2mara de Suzano: inscri\u00e7\u00f5es encerradas<\/title>\n<meta name=\"description\" content=\"Concurso C\u00e2mara de Suzano tem edital publicado com 2 vagas + CR! Inscri\u00e7\u00f5es encerradas! Veja os detalhes no site do Estrat\u00e9gia Concursos!\" \/>\n<meta name=\"robots\" content=\"index, follow, max-snippet:-1, max-image-preview:large, max-video-preview:-1\" \/>\n<link rel=\"canonical\" href=\"https:\/\/www.estrategiaconcursos.com.br\/blog\/concurso-camara-de-suzano\/\" \/>\n<meta property=\"og:locale\" content=\"pt_BR\" \/>\n<meta property=\"og:type\" content=\"article\" \/>\n<meta property=\"og:title\" content=\"Concurso C\u00e2mara de Suzano: inscri\u00e7\u00f5es encerradas\" \/>\n<meta property=\"og:description\" content=\"Concurso C\u00e2mara de Suzano tem edital publicado com 2 vagas + CR! Inscri\u00e7\u00f5es encerradas! Veja os detalhes no site do Estrat\u00e9gia Concursos!\" \/>\n<meta property=\"og:url\" content=\"https:\/\/www.estrategiaconcursos.com.br\/blog\/concurso-camara-de-suzano\/\" \/>\n<meta property=\"og:site_name\" content=\"Estrat\u00e9gia Concursos\" \/>\n<meta property=\"article:author\" content=\"https:\/\/www.facebook.com\/EstrategiaConcursos\" \/>\n<meta property=\"article:published_time\" content=\"2022-08-26T10:31:00+00:00\" \/>\n<meta property=\"article:modified_time\" content=\"2022-08-26T13:27:30+00:00\" \/>\n<meta property=\"og:image\" content=\"https:\/\/dhg1h5j42swfq.cloudfront.net\/2022\/07\/19143015\/camara_de_suzano.jpg\" \/>\n\t<meta property=\"og:image:width\" content=\"768\" \/>\n\t<meta property=\"og:image:height\" content=\"432\" \/>\n\t<meta property=\"og:image:type\" content=\"image\/jpeg\" \/>\n<meta name=\"author\" content=\"Coordena\u00e7\u00e3o\" \/>\n<meta name=\"twitter:card\" content=\"summary_large_image\" \/>\n<meta name=\"twitter:creator\" content=\"@EstratConcursos\" \/>\n<meta name=\"twitter:site\" content=\"@EstratConcursos\" \/>\n<meta name=\"twitter:label1\" content=\"Escrito por\" \/>\n\t<meta name=\"twitter:data1\" content=\"Coordena\u00e7\u00e3o\" \/>\n\t<meta name=\"twitter:label2\" content=\"Est. tempo de leitura\" \/>\n\t<meta name=\"twitter:data2\" content=\"6 minutos\" \/>\n<script type=\"application\/ld+json\" class=\"yoast-schema-graph\">{\"@context\":\"https:\/\/schema.org\",\"@graph\":[{\"@type\":\"NewsArticle\",\"@id\":\"https:\/\/www.estrategiaconcursos.com.br\/blog\/concurso-camara-de-suzano\/#article\",\"isPartOf\":{\"@id\":\"https:\/\/www.estrategiaconcursos.com.br\/blog\/concurso-camara-de-suzano\/\"},\"author\":{\"name\":\"Coordena\u00e7\u00e3o\",\"@id\":\"https:\/\/www.estrategiaconcursos.com.br\/blog\/#\/schema\/person\/b4a388c97673c5f483d72185668afa1f\"},\"headline\":\"Concurso C\u00e2mara de Suzano: inscri\u00e7\u00f5es encerradas\",\"datePublished\":\"2022-08-26T10:31:00+00:00\",\"dateModified\":\"2022-08-26T13:27:30+00:00\",\"mainEntityOfPage\":{\"@id\":\"https:\/\/www.estrategiaconcursos.com.br\/blog\/concurso-camara-de-suzano\/\"},\"wordCount\":951,\"commentCount\":0,\"publisher\":{\"@id\":\"https:\/\/www.estrategiaconcursos.com.br\/blog\/#organization\"},\"image\":{\"@id\":\"https:\/\/www.estrategiaconcursos.com.br\/blog\/concurso-camara-de-suzano\/#primaryimage\"},\"thumbnailUrl\":\"https:\/\/dhg1h5j42swfq.cloudfront.net\/2022\/07\/19143015\/camara_de_suzano.jpg\",\"articleSection\":[\"Legislativo\"],\"inLanguage\":\"pt-BR\",\"potentialAction\":[{\"@type\":\"CommentAction\",\"name\":\"Comment\",\"target\":[\"https:\/\/www.estrategiaconcursos.com.br\/blog\/concurso-camara-de-suzano\/#respond\"]}],\"copyrightYear\":\"2022\",\"copyrightHolder\":{\"@id\":\"https:\/\/www.estrategiaconcursos.com.br\/blog\/#organization\"}},{\"@type\":\"WebPage\",\"@id\":\"https:\/\/www.estrategiaconcursos.com.br\/blog\/concurso-camara-de-suzano\/\",\"url\":\"https:\/\/www.estrategiaconcursos.com.br\/blog\/concurso-camara-de-suzano\/\",\"name\":\"Concurso C\u00e2mara de Suzano: inscri\u00e7\u00f5es encerradas\",\"isPartOf\":{\"@id\":\"https:\/\/www.estrategiaconcursos.com.br\/blog\/#website\"},\"primaryImageOfPage\":{\"@id\":\"https:\/\/www.estrategiaconcursos.com.br\/blog\/concurso-camara-de-suzano\/#primaryimage\"},\"image\":{\"@id\":\"https:\/\/www.estrategiaconcursos.com.br\/blog\/concurso-camara-de-suzano\/#primaryimage\"},\"thumbnailUrl\":\"https:\/\/dhg1h5j42swfq.cloudfront.net\/2022\/07\/19143015\/camara_de_suzano.jpg\",\"datePublished\":\"2022-08-26T10:31:00+00:00\",\"dateModified\":\"2022-08-26T13:27:30+00:00\",\"description\":\"Concurso C\u00e2mara de Suzano tem edital publicado com 2 vagas + CR! Inscri\u00e7\u00f5es encerradas! Veja os detalhes no site do Estrat\u00e9gia Concursos!\",\"breadcrumb\":{\"@id\":\"https:\/\/www.estrategiaconcursos.com.br\/blog\/concurso-camara-de-suzano\/#breadcrumb\"},\"inLanguage\":\"pt-BR\",\"potentialAction\":[{\"@type\":\"ReadAction\",\"target\":[\"https:\/\/www.estrategiaconcursos.com.br\/blog\/concurso-camara-de-suzano\/\"]}]},{\"@type\":\"ImageObject\",\"inLanguage\":\"pt-BR\",\"@id\":\"https:\/\/www.estrategiaconcursos.com.br\/blog\/concurso-camara-de-suzano\/#primaryimage\",\"url\":\"https:\/\/dhg1h5j42swfq.cloudfront.net\/2022\/07\/19143015\/camara_de_suzano.jpg\",\"contentUrl\":\"https:\/\/dhg1h5j42swfq.cloudfront.net\/2022\/07\/19143015\/camara_de_suzano.jpg\",\"width\":768,\"height\":432},{\"@type\":\"BreadcrumbList\",\"@id\":\"https:\/\/www.estrategiaconcursos.com.br\/blog\/concurso-camara-de-suzano\/#breadcrumb\",\"itemListElement\":[{\"@type\":\"ListItem\",\"position\":1,\"name\":\"In\u00edcio\",\"item\":\"https:\/\/www.estrategiaconcursos.com.br\/blog\/\"},{\"@type\":\"ListItem\",\"position\":2,\"name\":\"Concurso C\u00e2mara de Suzano: inscri\u00e7\u00f5es encerradas\"}]},{\"@type\":\"WebSite\",\"@id\":\"https:\/\/www.estrategiaconcursos.com.br\/blog\/#website\",\"url\":\"https:\/\/www.estrategiaconcursos.com.br\/blog\/\",\"name\":\"Estrat\u00e9gia Concursos\",\"description\":\"O blog da Estrat\u00e9gia Concursos traz not\u00edcias sobre concursos e artigos de professores oferecendo cursos para concursos (pdf + videaulas) no site.\",\"publisher\":{\"@id\":\"https:\/\/www.estrategiaconcursos.com.br\/blog\/#organization\"},\"potentialAction\":[{\"@type\":\"SearchAction\",\"target\":{\"@type\":\"EntryPoint\",\"urlTemplate\":\"https:\/\/www.estrategiaconcursos.com.br\/blog\/?s={search_term_string}\"},\"query-input\":{\"@type\":\"PropertyValueSpecification\",\"valueRequired\":true,\"valueName\":\"search_term_string\"}}],\"inLanguage\":\"pt-BR\"},{\"@type\":\"Organization\",\"@id\":\"https:\/\/www.estrategiaconcursos.com.br\/blog\/#organization\",\"name\":\"Estrat\u00e9gia Concursos\",\"url\":\"https:\/\/www.estrategiaconcursos.com.br\/blog\/\",\"logo\":{\"@type\":\"ImageObject\",\"inLanguage\":\"pt-BR\",\"@id\":\"https:\/\/www.estrategiaconcursos.com.br\/blog\/#\/schema\/logo\/image\/\",\"url\":\"https:\/\/dhg1h5j42swfq.cloudfront.net\/2025\/06\/03203428\/logo_concursos-1.jpg\",\"contentUrl\":\"https:\/\/dhg1h5j42swfq.cloudfront.net\/2025\/06\/03203428\/logo_concursos-1.jpg\",\"width\":230,\"height\":60,\"caption\":\"Estrat\u00e9gia Concursos\"},\"image\":{\"@id\":\"https:\/\/www.estrategiaconcursos.com.br\/blog\/#\/schema\/logo\/image\/\"},\"sameAs\":[\"https:\/\/x.com\/EstratConcursos\"]},{\"@type\":\"Person\",\"@id\":\"https:\/\/www.estrategiaconcursos.com.br\/blog\/#\/schema\/person\/b4a388c97673c5f483d72185668afa1f\",\"name\":\"Coordena\u00e7\u00e3o\",\"image\":{\"@type\":\"ImageObject\",\"inLanguage\":\"pt-BR\",\"@id\":\"https:\/\/secure.gravatar.com\/avatar\/b720319e4c9a967eb58678d110f4fe35452fc5d5f97b202bac7b8acceb18c6ad?s=96&d=mm&r=g\",\"url\":\"https:\/\/secure.gravatar.com\/avatar\/b720319e4c9a967eb58678d110f4fe35452fc5d5f97b202bac7b8acceb18c6ad?s=96&d=mm&r=g\",\"contentUrl\":\"https:\/\/secure.gravatar.com\/avatar\/b720319e4c9a967eb58678d110f4fe35452fc5d5f97b202bac7b8acceb18c6ad?s=96&d=mm&r=g\",\"caption\":\"Coordena\u00e7\u00e3o\"},\"sameAs\":[\"https:\/\/www.facebook.com\/EstrategiaConcursos\",\"https:\/\/x.com\/EstratConcursos\"],\"url\":\"https:\/\/www.estrategiaconcursos.com.br\/blog\/author\/estrategia2013\/\"}]}<\/script>\n<!-- \/ Yoast SEO Premium plugin. -->","yoast_head_json":{"title":"Concurso C\u00e2mara de Suzano: inscri\u00e7\u00f5es encerradas","description":"Concurso C\u00e2mara de Suzano tem edital publicado com 2 vagas + CR! Inscri\u00e7\u00f5es encerradas! Veja os detalhes no site do Estrat\u00e9gia Concursos!","robots":{"index":"index","follow":"follow","max-snippet":"max-snippet:-1","max-image-preview":"max-image-preview:large","max-video-preview":"max-video-preview:-1"},"canonical":"https:\/\/www.estrategiaconcursos.com.br\/blog\/concurso-camara-de-suzano\/","og_locale":"pt_BR","og_type":"article","og_title":"Concurso C\u00e2mara de Suzano: inscri\u00e7\u00f5es encerradas","og_description":"Concurso C\u00e2mara de Suzano tem edital publicado com 2 vagas + CR! Inscri\u00e7\u00f5es encerradas! Veja os detalhes no site do Estrat\u00e9gia Concursos!","og_url":"https:\/\/www.estrategiaconcursos.com.br\/blog\/concurso-camara-de-suzano\/","og_site_name":"Estrat\u00e9gia Concursos","article_author":"https:\/\/www.facebook.com\/EstrategiaConcursos","article_published_time":"2022-08-26T10:31:00+00:00","article_modified_time":"2022-08-26T13:27:30+00:00","og_image":[{"width":768,"height":432,"url":"https:\/\/dhg1h5j42swfq.cloudfront.net\/2022\/07\/19143015\/camara_de_suzano.jpg","type":"image\/jpeg"}],"author":"Coordena\u00e7\u00e3o","twitter_card":"summary_large_image","twitter_creator":"@EstratConcursos","twitter_site":"@EstratConcursos","twitter_misc":{"Escrito por":"Coordena\u00e7\u00e3o","Est. tempo de leitura":"6 minutos"},"schema":{"@context":"https:\/\/schema.org","@graph":[{"@type":"NewsArticle","@id":"https:\/\/www.estrategiaconcursos.com.br\/blog\/concurso-camara-de-suzano\/#article","isPartOf":{"@id":"https:\/\/www.estrategiaconcursos.com.br\/blog\/concurso-camara-de-suzano\/"},"author":{"name":"Coordena\u00e7\u00e3o","@id":"https:\/\/www.estrategiaconcursos.com.br\/blog\/#\/schema\/person\/b4a388c97673c5f483d72185668afa1f"},"headline":"Concurso C\u00e2mara de Suzano: inscri\u00e7\u00f5es encerradas","datePublished":"2022-08-26T10:31:00+00:00","dateModified":"2022-08-26T13:27:30+00:00","mainEntityOfPage":{"@id":"https:\/\/www.estrategiaconcursos.com.br\/blog\/concurso-camara-de-suzano\/"},"wordCount":951,"commentCount":0,"publisher":{"@id":"https:\/\/www.estrategiaconcursos.com.br\/blog\/#organization"},"image":{"@id":"https:\/\/www.estrategiaconcursos.com.br\/blog\/concurso-camara-de-suzano\/#primaryimage"},"thumbnailUrl":"https:\/\/dhg1h5j42swfq.cloudfront.net\/2022\/07\/19143015\/camara_de_suzano.jpg","articleSection":["Legislativo"],"inLanguage":"pt-BR","potentialAction":[{"@type":"CommentAction","name":"Comment","target":["https:\/\/www.estrategiaconcursos.com.br\/blog\/concurso-camara-de-suzano\/#respond"]}],"copyrightYear":"2022","copyrightHolder":{"@id":"https:\/\/www.estrategiaconcursos.com.br\/blog\/#organization"}},{"@type":"WebPage","@id":"https:\/\/www.estrategiaconcursos.com.br\/blog\/concurso-camara-de-suzano\/","url":"https:\/\/www.estrategiaconcursos.com.br\/blog\/concurso-camara-de-suzano\/","name":"Concurso C\u00e2mara de Suzano: inscri\u00e7\u00f5es encerradas","isPartOf":{"@id":"https:\/\/www.estrategiaconcursos.com.br\/blog\/#website"},"primaryImageOfPage":{"@id":"https:\/\/www.estrategiaconcursos.com.br\/blog\/concurso-camara-de-suzano\/#primaryimage"},"image":{"@id":"https:\/\/www.estrategiaconcursos.com.br\/blog\/concurso-camara-de-suzano\/#primaryimage"},"thumbnailUrl":"https:\/\/dhg1h5j42swfq.cloudfront.net\/2022\/07\/19143015\/camara_de_suzano.jpg","datePublished":"2022-08-26T10:31:00+00:00","dateModified":"2022-08-26T13:27:30+00:00","description":"Concurso C\u00e2mara de Suzano tem edital publicado com 2 vagas + CR! Inscri\u00e7\u00f5es encerradas! Veja os detalhes no site do Estrat\u00e9gia Concursos!","breadcrumb":{"@id":"https:\/\/www.estrategiaconcursos.com.br\/blog\/concurso-camara-de-suzano\/#breadcrumb"},"inLanguage":"pt-BR","potentialAction":[{"@type":"ReadAction","target":["https:\/\/www.estrategiaconcursos.com.br\/blog\/concurso-camara-de-suzano\/"]}]},{"@type":"ImageObject","inLanguage":"pt-BR","@id":"https:\/\/www.estrategiaconcursos.com.br\/blog\/concurso-camara-de-suzano\/#primaryimage","url":"https:\/\/dhg1h5j42swfq.cloudfront.net\/2022\/07\/19143015\/camara_de_suzano.jpg","contentUrl":"https:\/\/dhg1h5j42swfq.cloudfront.net\/2022\/07\/19143015\/camara_de_suzano.jpg","width":768,"height":432},{"@type":"BreadcrumbList","@id":"https:\/\/www.estrategiaconcursos.com.br\/blog\/concurso-camara-de-suzano\/#breadcrumb","itemListElement":[{"@type":"ListItem","position":1,"name":"In\u00edcio","item":"https:\/\/www.estrategiaconcursos.com.br\/blog\/"},{"@type":"ListItem","position":2,"name":"Concurso C\u00e2mara de Suzano: inscri\u00e7\u00f5es encerradas"}]},{"@type":"WebSite","@id":"https:\/\/www.estrategiaconcursos.com.br\/blog\/#website","url":"https:\/\/www.estrategiaconcursos.com.br\/blog\/","name":"Estrat\u00e9gia Concursos","description":"O blog da Estrat\u00e9gia Concursos traz not\u00edcias sobre concursos e artigos de professores oferecendo cursos para concursos (pdf + videaulas) no site.","publisher":{"@id":"https:\/\/www.estrategiaconcursos.com.br\/blog\/#organization"},"potentialAction":[{"@type":"SearchAction","target":{"@type":"EntryPoint","urlTemplate":"https:\/\/www.estrategiaconcursos.com.br\/blog\/?s={search_term_string}"},"query-input":{"@type":"PropertyValueSpecification","valueRequired":true,"valueName":"search_term_string"}}],"inLanguage":"pt-BR"},{"@type":"Organization","@id":"https:\/\/www.estrategiaconcursos.com.br\/blog\/#organization","name":"Estrat\u00e9gia Concursos","url":"https:\/\/www.estrategiaconcursos.com.br\/blog\/","logo":{"@type":"ImageObject","inLanguage":"pt-BR","@id":"https:\/\/www.estrategiaconcursos.com.br\/blog\/#\/schema\/logo\/image\/","url":"https:\/\/dhg1h5j42swfq.cloudfront.net\/2025\/06\/03203428\/logo_concursos-1.jpg","contentUrl":"https:\/\/dhg1h5j42swfq.cloudfront.net\/2025\/06\/03203428\/logo_concursos-1.jpg","width":230,"height":60,"caption":"Estrat\u00e9gia Concursos"},"image":{"@id":"https:\/\/www.estrategiaconcursos.com.br\/blog\/#\/schema\/logo\/image\/"},"sameAs":["https:\/\/x.com\/EstratConcursos"]},{"@type":"Person","@id":"https:\/\/www.estrategiaconcursos.com.br\/blog\/#\/schema\/person\/b4a388c97673c5f483d72185668afa1f","name":"Coordena\u00e7\u00e3o","image":{"@type":"ImageObject","inLanguage":"pt-BR","@id":"https:\/\/secure.gravatar.com\/avatar\/b720319e4c9a967eb58678d110f4fe35452fc5d5f97b202bac7b8acceb18c6ad?s=96&d=mm&r=g","url":"https:\/\/secure.gravatar.com\/avatar\/b720319e4c9a967eb58678d110f4fe35452fc5d5f97b202bac7b8acceb18c6ad?s=96&d=mm&r=g","contentUrl":"https:\/\/secure.gravatar.com\/avatar\/b720319e4c9a967eb58678d110f4fe35452fc5d5f97b202bac7b8acceb18c6ad?s=96&d=mm&r=g","caption":"Coordena\u00e7\u00e3o"},"sameAs":["https:\/\/www.facebook.com\/EstrategiaConcursos","https:\/\/x.com\/EstratConcursos"],"url":"https:\/\/www.estrategiaconcursos.com.br\/blog\/author\/estrategia2013\/"}]}},"_links":{"self":[{"href":"https:\/\/www.estrategiaconcursos.com.br\/blog\/wp-json\/wp\/v2\/posts\/455534","targetHints":{"allow":["GET"]}}],"collection":[{"href":"https:\/\/www.estrategiaconcursos.com.br\/blog\/wp-json\/wp\/v2\/posts"}],"about":[{"href":"https:\/\/www.estrategiaconcursos.com.br\/blog\/wp-json\/wp\/v2\/types\/post"}],"author":[{"embeddable":true,"href":"https:\/\/www.estrategiaconcursos.com.br\/blog\/wp-json\/wp\/v2\/users\/1"}],"replies":[{"embeddable":true,"href":"https:\/\/www.estrategiaconcursos.com.br\/blog\/wp-json\/wp\/v2\/comments?post=455534"}],"version-history":[{"count":37,"href":"https:\/\/www.estrategiaconcursos.com.br\/blog\/wp-json\/wp\/v2\/posts\/455534\/revisions"}],"predecessor-version":[{"id":1084523,"href":"https:\/\/www.estrategiaconcursos.com.br\/blog\/wp-json\/wp\/v2\/posts\/455534\/revisions\/1084523"}],"wp:featuredmedia":[{"embeddable":true,"href":"https:\/\/www.estrategiaconcursos.com.br\/blog\/wp-json\/wp\/v2\/media\/1063615"}],"wp:attachment":[{"href":"https:\/\/www.estrategiaconcursos.com.br\/blog\/wp-json\/wp\/v2\/media?parent=455534"}],"wp:term":[{"taxonomy":"category","embeddable":true,"href":"https:\/\/www.estrategiaconcursos.com.br\/blog\/wp-json\/wp\/v2\/categories?post=455534"},{"taxonomy":"post_tag","embeddable":true,"href":"https:\/\/www.estrategiaconcursos.com.br\/blog\/wp-json\/wp\/v2\/tags?post=455534"},{"taxonomy":"tax_estado","embeddable":true,"href":"https:\/\/www.estrategiaconcursos.com.br\/blog\/wp-json\/wp\/v2\/tax_estado?post=455534"}],"curies":[{"name":"wp","href":"https:\/\/api.w.org\/{rel}","templated":true}]}}