{"id":455186,"date":"2019-12-04T10:55:32","date_gmt":"2019-12-04T13:55:32","guid":{"rendered":"https:\/\/www.estrategiaconcursos.com.br\/blog\/?p=455186"},"modified":"2023-06-14T15:49:40","modified_gmt":"2023-06-14T18:49:40","slug":"concurso-dpe-pr-carreira-defensor","status":"publish","type":"post","link":"https:\/\/www.estrategiaconcursos.com.br\/blog\/concurso-dpe-pr-carreira-defensor\/","title":{"rendered":"Governador do Paran\u00e1 sanciona lei que reestrutura carreira de Defensor P\u00fablico"},"content":{"rendered":"\n<h2 class=\"wp-block-heading\" id=\"h-novo-concurso-da-dpe-pr-para-defensor-publico-esta-em-planejamento\">Novo concurso da DPE PR para Defensor P\u00fablico est\u00e1 em planejamento<\/h2>\n\n\n\n<p>O Governador do Paran\u00e1, Ratinho J\u00fanior, sancionou na \u00faltima quinta-feira (28), a Lei Complementar Estadual 218\/2019, que introduziu importantes altera\u00e7\u00f5es na carreira de Defensor P\u00fablico do Estado.<\/p>\n\n\n\n<p>A \u00edntegra do texto foi disponibilizada no Di\u00e1rio Oficial do Estado. A nova lei modifica e insere dispositivos na Lei Org\u00e2nica da DPE PR (LC 136\/2011). Dentre as mudan\u00e7as, destaca-se a <strong>nova tabela de subs\u00eddio<\/strong> e a reestrutura\u00e7\u00e3o das classes da carreira de Defensor P\u00fablico do Estado.<\/p>\n\n\n\n<p>\u00c0s <strong>tr\u00eas categorias<\/strong> previstas no texto original da LC 136 foram acrescidos os cargos de <strong>Defensor P\u00fablico Substituto<\/strong>, que passa ser a classe inicial, e <strong>Defensor P\u00fablico de Classe Especial<\/strong>, que substitui a Primeira Categoria no topo da carreira. <a href=\"https:\/\/dhg1h5j42swfq.cloudfront.net\/2019\/12\/04104442\/LC_-_DPE-PR1.pdf\" target=\"_blank\" rel=\"noreferrer noopener\" aria-label=\"Clique aqui para acessar a \u00edntegra do texto (abre numa nova aba)\">Clique aqui para acessar a \u00edntegra do texto<\/a>.<\/p>\n\n\n\n<p>Confira o comparativo:<\/p>\n\n\n\n<figure class=\"wp-block-table is-style-stripes\"><table><tbody><tr><td><strong>Reda\u00e7\u00e3o original da LC 136<\/strong><\/td><td><strong>Reda\u00e7\u00e3o alterada pela LC 218<\/strong><\/td><\/tr><tr><td><\/td><td><strong>Defensor P\u00fablico Substituto<\/strong>: 160 cargos<\/td><\/tr><tr><td>Defensor P\u00fablico de 3\u00aa Categoria: 333 cargos.<\/td><td>Defensor P\u00fablico de 3\u00aa Categoria: 115 cargos.<\/td><\/tr><tr><td>Defensor P\u00fablico de 2\u00aa Categoria: 166 cargos.<\/td><td>Defensor P\u00fablico de 2\u00aa Categoria: 105 cargos<\/td><\/tr><tr><td>Defensor P\u00fablico de 1\u00aa Categoria: 83 cargos.<\/td><td>Defensor P\u00fablico de 1\u00aa Categoria: 110 cargos.<\/td><\/tr><tr><td><\/td><td><strong>Defensor P\u00fablico de Classe Especial: <\/strong>92 cargos<\/td><\/tr><\/tbody><\/table><\/figure>\n\n\n\n<p>De acordo com a nova lei, os Defensores P\u00fablicos que atualmente se encontrem na 3\u00aa e 2\u00aa categorias permanecem enquadrados nessas classes, enquanto que os ocupantes dos cargos de Defensor P\u00fablico de 1\u00aa Categoria progredir\u00e3o automaticamente \u00e0 Classe Especial.<\/p>\n\n\n\n<p>Com a reestrutura\u00e7\u00e3o da carreira em <strong>cinco classes<\/strong>, a <strong>tabela de subs\u00eddio<\/strong> tamb\u00e9m teve que ser modificada. A remunera\u00e7\u00e3o  dos Defensores P\u00fablicos Substitutos ser\u00e1 de R$ 16.587,80, ao passo que os Defensores P\u00fablicos de Classe Especial ter\u00e3o subs\u00eddio de R$ 25.842,42, Confira a tabela completa abaixo:<\/p>\n\n\n\n<figure class=\"wp-block-table is-style-stripes\"><table><tbody><tr><td><strong>Cargo<\/strong><\/td><td><strong>Subs\u00eddio<\/strong><\/td><\/tr><tr><td>Defensor P\u00fablico Substituto<\/td><td>R$ 25.282,42<\/td><\/tr><tr><td>Defensor P\u00fablico de 3\u00aa Categoria<\/td><td>R$ 22.754,18<\/td><\/tr><tr><td>Defensor P\u00fablico de 2\u00aa Categoria<\/td><td>R$ 20.478,76 <\/td><\/tr><tr><td>Defensor P\u00fablico de 1\u00aa Categoria<\/td><td>R$ 18.430,88<\/td><\/tr><tr><td>Defensor P\u00fablico de Classe Especial<\/td><td>R$ 16.587,80<\/td><\/tr><\/tbody><\/table><\/figure>\n\n\n\n<h2 class=\"wp-block-heading\" id=\"h-o-novo-concurso-para-defensor-publico\">O novo concurso para Defensor P\u00fablico<\/h2>\n\n\n\n<p>O Conselho Superior da Defensoria P\u00fablica do Paran\u00e1 j\u00e1 autorizou a realiza\u00e7\u00e3o de um novo concurso p\u00fablico de ingresso na carreira, que se encontra em avan\u00e7ado grau de planejamento. <\/p>\n\n\n\n<p>Em meados de outubro, o colegiado nomeou as <strong>bancas examinadoras<\/strong> da sele\u00e7\u00e3o, respons\u00e1veis pela elabora\u00e7\u00e3o das provas. O regulamento do concurso tamb\u00e9m j\u00e1 foi publicado.<\/p>\n\n\n\n<p>A expectativa \u00e9 que o novo concurso tenha seu edital publicado at\u00e9 o pr\u00f3ximo ano.<\/p>\n\n\n\n<p class=\"has-text-align-center has-pale-cyan-blue-background-color has-background\" style=\"font-size:clamp(15.197px, 0.95rem + ((1vw - 3.2px) * 0.765), 23px);px\"><em><strong>Mais informa\u00e7\u00f5es: <\/strong><\/em><a href=\"https:\/\/www.estrategiaconcursos.com.br\/blog\/concurso-dpe-pr-defensor\/\"><em><strong>concurso DPE PR Defensor<\/strong><\/em><\/a><\/p>\n\n\n\n<p class=\"has-text-align-center\"><strong><em>Quer estudar para Concurso DPE PR Defensor?<\/em><\/strong><\/p>\n\n\n\n<p class=\"has-text-align-center\"><em><strong>Gostou desta oportunidade e deseja come\u00e7ar se preparar agora mesmo? Ent\u00e3o, confira os nossos cursos e comece a estudar DPE PR Defensor:<\/strong><\/em><\/p>\n\n\n\n<p class=\"has-text-align-center has-luminous-vivid-amber-background-color has-background\" style=\"font-size:clamp(15.197px, 0.95rem + ((1vw - 3.2px) * 0.765), 23px);px\"><em><a rel=\"noreferrer noopener\" href=\"https:\/\/www.estrategiaconcursos.com.br\/cursosPorConcurso\/dpe-pr-defensoria-publica-de-parana-defensor-publico\/\" target=\"_blank\"><strong>Curso DPE PR Defensor<\/strong><\/a><\/em><\/p>\n\n\n\n<p class=\"has-text-align-center has-pale-cyan-blue-background-color has-background\" style=\"font-size:clamp(15.197px, 0.95rem + ((1vw - 3.2px) * 0.765), 23px);px\"><strong><a href=\"https:\/\/www.estrategiaconcursos.com.br\/blog\/concursos-abertos\/\">CONCURSOS ABERTOS<\/a><\/strong><\/p>\n\n\n\n<p class=\"has-text-align-center has-pale-cyan-blue-background-color has-background\" style=\"font-size:clamp(15.197px, 0.95rem + ((1vw - 3.2px) * 0.765), 23px);px\"><strong><a href=\"https:\/\/www.estrategiaconcursos.com.br\/blog\/concursos-de-direito\/\" target=\"_blank\" rel=\"noreferrer noopener\">CONCURSOS DE DIREITO<\/a><\/strong><\/p>\n","protected":false},"excerpt":{"rendered":"<p>Novo concurso da DPE PR para Defensor P\u00fablico est\u00e1 em planejamento O Governador do Paran\u00e1, Ratinho J\u00fanior, sancionou na \u00faltima quinta-feira (28), a Lei Complementar Estadual 218\/2019, que introduziu importantes altera\u00e7\u00f5es na carreira de Defensor P\u00fablico do Estado. A \u00edntegra do texto foi disponibilizada no Di\u00e1rio Oficial do Estado. A nova lei modifica e insere [&hellip;]<\/p>\n","protected":false},"author":218,"featured_media":388809,"comment_status":"open","ping_status":"closed","sticky":false,"template":"","format":"standard","meta":{"post_tipo":"article","footnotes":""},"categories":[1,2185],"tags":[],"tax_estado":[],"class_list":["post-455186","post","type-post","status-publish","format-standard","has-post-thumbnail","hentry","category-cursos-e-concursos","category-carreiras-juridicas"],"acf":[],"yoast_head":"<!-- This site is optimized with the Yoast SEO Premium plugin v27.2 (Yoast SEO v27.2) - https:\/\/yoast.com\/product\/yoast-seo-premium-wordpress\/ -->\n<title>Governador do Paran\u00e1 sanciona lei que reestrutura carreira de Defensor P\u00fablico<\/title>\n<meta name=\"robots\" content=\"index, follow, max-snippet:-1, max-image-preview:large, max-video-preview:-1\" \/>\n<link rel=\"canonical\" href=\"https:\/\/www.estrategiaconcursos.com.br\/blog\/concurso-dpe-pr-carreira-defensor\/\" \/>\n<meta property=\"og:locale\" content=\"pt_BR\" \/>\n<meta property=\"og:type\" content=\"article\" \/>\n<meta property=\"og:title\" content=\"Governador do Paran\u00e1 sanciona lei que reestrutura carreira de Defensor P\u00fablico\" \/>\n<meta property=\"og:description\" content=\"Novo concurso da DPE PR para Defensor P\u00fablico est\u00e1 em planejamento O Governador do Paran\u00e1, Ratinho J\u00fanior, sancionou na \u00faltima quinta-feira (28), a Lei Complementar Estadual 218\/2019, que introduziu importantes altera\u00e7\u00f5es na carreira de Defensor P\u00fablico do Estado. A \u00edntegra do texto foi disponibilizada no Di\u00e1rio Oficial do Estado. A nova lei modifica e insere [&hellip;]\" \/>\n<meta property=\"og:url\" content=\"https:\/\/www.estrategiaconcursos.com.br\/blog\/concurso-dpe-pr-carreira-defensor\/\" \/>\n<meta property=\"og:site_name\" content=\"Estrat\u00e9gia Concursos\" \/>\n<meta property=\"article:published_time\" content=\"2019-12-04T13:55:32+00:00\" \/>\n<meta property=\"article:modified_time\" content=\"2023-06-14T18:49:40+00:00\" \/>\n<meta property=\"og:image\" content=\"https:\/\/dhg1h5j42swfq.cloudfront.net\/2019\/06\/17172414\/dpe-pr.png\" \/>\n\t<meta property=\"og:image:width\" content=\"400\" \/>\n\t<meta property=\"og:image:height\" content=\"209\" \/>\n\t<meta property=\"og:image:type\" content=\"image\/png\" \/>\n<meta name=\"author\" content=\"Paulo H M Sousa\" \/>\n<meta name=\"twitter:card\" content=\"summary_large_image\" \/>\n<meta name=\"twitter:creator\" content=\"@EstratConcursos\" \/>\n<meta name=\"twitter:site\" content=\"@EstratConcursos\" \/>\n<meta name=\"twitter:label1\" content=\"Escrito por\" \/>\n\t<meta name=\"twitter:data1\" content=\"Paulo H M Sousa\" \/>\n\t<meta name=\"twitter:label2\" content=\"Est. tempo de leitura\" \/>\n\t<meta name=\"twitter:data2\" content=\"2 minutos\" \/>\n<script type=\"application\/ld+json\" class=\"yoast-schema-graph\">{\"@context\":\"https:\/\/schema.org\",\"@graph\":[{\"@type\":\"NewsArticle\",\"@id\":\"https:\/\/www.estrategiaconcursos.com.br\/blog\/concurso-dpe-pr-carreira-defensor\/#article\",\"isPartOf\":{\"@id\":\"https:\/\/www.estrategiaconcursos.com.br\/blog\/concurso-dpe-pr-carreira-defensor\/\"},\"author\":{\"name\":\"Paulo H M Sousa\",\"@id\":\"https:\/\/www.estrategiaconcursos.com.br\/blog\/#\/schema\/person\/659a4992e582a2be87908edc68d3786f\"},\"headline\":\"Governador do Paran\u00e1 sanciona lei que reestrutura carreira de Defensor P\u00fablico\",\"datePublished\":\"2019-12-04T13:55:32+00:00\",\"dateModified\":\"2023-06-14T18:49:40+00:00\",\"mainEntityOfPage\":{\"@id\":\"https:\/\/www.estrategiaconcursos.com.br\/blog\/concurso-dpe-pr-carreira-defensor\/\"},\"wordCount\":468,\"commentCount\":0,\"publisher\":{\"@id\":\"https:\/\/www.estrategiaconcursos.com.br\/blog\/#organization\"},\"image\":{\"@id\":\"https:\/\/www.estrategiaconcursos.com.br\/blog\/concurso-dpe-pr-carreira-defensor\/#primaryimage\"},\"thumbnailUrl\":\"https:\/\/dhg1h5j42swfq.cloudfront.net\/2019\/06\/17172414\/dpe-pr.png\",\"articleSection\":[\"Concursos P\u00fablicos\",\"Jur\u00eddico\"],\"inLanguage\":\"pt-BR\",\"potentialAction\":[{\"@type\":\"CommentAction\",\"name\":\"Comment\",\"target\":[\"https:\/\/www.estrategiaconcursos.com.br\/blog\/concurso-dpe-pr-carreira-defensor\/#respond\"]}],\"copyrightYear\":\"2019\",\"copyrightHolder\":{\"@id\":\"https:\/\/www.estrategiaconcursos.com.br\/blog\/#organization\"}},{\"@type\":\"WebPage\",\"@id\":\"https:\/\/www.estrategiaconcursos.com.br\/blog\/concurso-dpe-pr-carreira-defensor\/\",\"url\":\"https:\/\/www.estrategiaconcursos.com.br\/blog\/concurso-dpe-pr-carreira-defensor\/\",\"name\":\"Governador do Paran\u00e1 sanciona lei que reestrutura carreira de Defensor P\u00fablico\",\"isPartOf\":{\"@id\":\"https:\/\/www.estrategiaconcursos.com.br\/blog\/#website\"},\"primaryImageOfPage\":{\"@id\":\"https:\/\/www.estrategiaconcursos.com.br\/blog\/concurso-dpe-pr-carreira-defensor\/#primaryimage\"},\"image\":{\"@id\":\"https:\/\/www.estrategiaconcursos.com.br\/blog\/concurso-dpe-pr-carreira-defensor\/#primaryimage\"},\"thumbnailUrl\":\"https:\/\/dhg1h5j42swfq.cloudfront.net\/2019\/06\/17172414\/dpe-pr.png\",\"datePublished\":\"2019-12-04T13:55:32+00:00\",\"dateModified\":\"2023-06-14T18:49:40+00:00\",\"breadcrumb\":{\"@id\":\"https:\/\/www.estrategiaconcursos.com.br\/blog\/concurso-dpe-pr-carreira-defensor\/#breadcrumb\"},\"inLanguage\":\"pt-BR\",\"potentialAction\":[{\"@type\":\"ReadAction\",\"target\":[\"https:\/\/www.estrategiaconcursos.com.br\/blog\/concurso-dpe-pr-carreira-defensor\/\"]}]},{\"@type\":\"ImageObject\",\"inLanguage\":\"pt-BR\",\"@id\":\"https:\/\/www.estrategiaconcursos.com.br\/blog\/concurso-dpe-pr-carreira-defensor\/#primaryimage\",\"url\":\"https:\/\/dhg1h5j42swfq.cloudfront.net\/2019\/06\/17172414\/dpe-pr.png\",\"contentUrl\":\"https:\/\/dhg1h5j42swfq.cloudfront.net\/2019\/06\/17172414\/dpe-pr.png\",\"width\":400,\"height\":209,\"caption\":\"concurso dpe pr defensor\"},{\"@type\":\"BreadcrumbList\",\"@id\":\"https:\/\/www.estrategiaconcursos.com.br\/blog\/concurso-dpe-pr-carreira-defensor\/#breadcrumb\",\"itemListElement\":[{\"@type\":\"ListItem\",\"position\":1,\"name\":\"In\u00edcio\",\"item\":\"https:\/\/www.estrategiaconcursos.com.br\/blog\/\"},{\"@type\":\"ListItem\",\"position\":2,\"name\":\"Governador do Paran\u00e1 sanciona lei que reestrutura carreira de Defensor P\u00fablico\"}]},{\"@type\":\"WebSite\",\"@id\":\"https:\/\/www.estrategiaconcursos.com.br\/blog\/#website\",\"url\":\"https:\/\/www.estrategiaconcursos.com.br\/blog\/\",\"name\":\"Estrat\u00e9gia Concursos\",\"description\":\"O blog da Estrat\u00e9gia Concursos traz not\u00edcias sobre concursos e artigos de professores oferecendo cursos para concursos (pdf + videaulas) no site.\",\"publisher\":{\"@id\":\"https:\/\/www.estrategiaconcursos.com.br\/blog\/#organization\"},\"potentialAction\":[{\"@type\":\"SearchAction\",\"target\":{\"@type\":\"EntryPoint\",\"urlTemplate\":\"https:\/\/www.estrategiaconcursos.com.br\/blog\/?s={search_term_string}\"},\"query-input\":{\"@type\":\"PropertyValueSpecification\",\"valueRequired\":true,\"valueName\":\"search_term_string\"}}],\"inLanguage\":\"pt-BR\"},{\"@type\":\"Organization\",\"@id\":\"https:\/\/www.estrategiaconcursos.com.br\/blog\/#organization\",\"name\":\"Estrat\u00e9gia Concursos\",\"url\":\"https:\/\/www.estrategiaconcursos.com.br\/blog\/\",\"logo\":{\"@type\":\"ImageObject\",\"inLanguage\":\"pt-BR\",\"@id\":\"https:\/\/www.estrategiaconcursos.com.br\/blog\/#\/schema\/logo\/image\/\",\"url\":\"https:\/\/dhg1h5j42swfq.cloudfront.net\/2025\/06\/03203428\/logo_concursos-1.jpg\",\"contentUrl\":\"https:\/\/dhg1h5j42swfq.cloudfront.net\/2025\/06\/03203428\/logo_concursos-1.jpg\",\"width\":230,\"height\":60,\"caption\":\"Estrat\u00e9gia Concursos\"},\"image\":{\"@id\":\"https:\/\/www.estrategiaconcursos.com.br\/blog\/#\/schema\/logo\/image\/\"},\"sameAs\":[\"https:\/\/x.com\/EstratConcursos\"]},{\"@type\":\"Person\",\"@id\":\"https:\/\/www.estrategiaconcursos.com.br\/blog\/#\/schema\/person\/659a4992e582a2be87908edc68d3786f\",\"name\":\"Paulo H M Sousa\",\"image\":{\"@type\":\"ImageObject\",\"inLanguage\":\"pt-BR\",\"@id\":\"https:\/\/secure.gravatar.com\/avatar\/6c5538a36475e584e0a1a209a3b92f8b2ecca752f244b8d7db751faab2a292e2?s=96&d=mm&r=g\",\"url\":\"https:\/\/secure.gravatar.com\/avatar\/6c5538a36475e584e0a1a209a3b92f8b2ecca752f244b8d7db751faab2a292e2?s=96&d=mm&r=g\",\"contentUrl\":\"https:\/\/secure.gravatar.com\/avatar\/6c5538a36475e584e0a1a209a3b92f8b2ecca752f244b8d7db751faab2a292e2?s=96&d=mm&r=g\",\"caption\":\"Paulo H M Sousa\"},\"url\":\"https:\/\/www.estrategiaconcursos.com.br\/blog\/author\/paulosousaestrategiaconcursos-com-br\/\"}]}<\/script>\n<!-- \/ Yoast SEO Premium plugin. -->","yoast_head_json":{"title":"Governador do Paran\u00e1 sanciona lei que reestrutura carreira de Defensor P\u00fablico","robots":{"index":"index","follow":"follow","max-snippet":"max-snippet:-1","max-image-preview":"max-image-preview:large","max-video-preview":"max-video-preview:-1"},"canonical":"https:\/\/www.estrategiaconcursos.com.br\/blog\/concurso-dpe-pr-carreira-defensor\/","og_locale":"pt_BR","og_type":"article","og_title":"Governador do Paran\u00e1 sanciona lei que reestrutura carreira de Defensor P\u00fablico","og_description":"Novo concurso da DPE PR para Defensor P\u00fablico est\u00e1 em planejamento O Governador do Paran\u00e1, Ratinho J\u00fanior, sancionou na \u00faltima quinta-feira (28), a Lei Complementar Estadual 218\/2019, que introduziu importantes altera\u00e7\u00f5es na carreira de Defensor P\u00fablico do Estado. A \u00edntegra do texto foi disponibilizada no Di\u00e1rio Oficial do Estado. A nova lei modifica e insere [&hellip;]","og_url":"https:\/\/www.estrategiaconcursos.com.br\/blog\/concurso-dpe-pr-carreira-defensor\/","og_site_name":"Estrat\u00e9gia Concursos","article_published_time":"2019-12-04T13:55:32+00:00","article_modified_time":"2023-06-14T18:49:40+00:00","og_image":[{"width":400,"height":209,"url":"https:\/\/dhg1h5j42swfq.cloudfront.net\/2019\/06\/17172414\/dpe-pr.png","type":"image\/png"}],"author":"Paulo H M Sousa","twitter_card":"summary_large_image","twitter_creator":"@EstratConcursos","twitter_site":"@EstratConcursos","twitter_misc":{"Escrito por":"Paulo H M Sousa","Est. tempo de leitura":"2 minutos"},"schema":{"@context":"https:\/\/schema.org","@graph":[{"@type":"NewsArticle","@id":"https:\/\/www.estrategiaconcursos.com.br\/blog\/concurso-dpe-pr-carreira-defensor\/#article","isPartOf":{"@id":"https:\/\/www.estrategiaconcursos.com.br\/blog\/concurso-dpe-pr-carreira-defensor\/"},"author":{"name":"Paulo H M Sousa","@id":"https:\/\/www.estrategiaconcursos.com.br\/blog\/#\/schema\/person\/659a4992e582a2be87908edc68d3786f"},"headline":"Governador do Paran\u00e1 sanciona lei que reestrutura carreira de Defensor P\u00fablico","datePublished":"2019-12-04T13:55:32+00:00","dateModified":"2023-06-14T18:49:40+00:00","mainEntityOfPage":{"@id":"https:\/\/www.estrategiaconcursos.com.br\/blog\/concurso-dpe-pr-carreira-defensor\/"},"wordCount":468,"commentCount":0,"publisher":{"@id":"https:\/\/www.estrategiaconcursos.com.br\/blog\/#organization"},"image":{"@id":"https:\/\/www.estrategiaconcursos.com.br\/blog\/concurso-dpe-pr-carreira-defensor\/#primaryimage"},"thumbnailUrl":"https:\/\/dhg1h5j42swfq.cloudfront.net\/2019\/06\/17172414\/dpe-pr.png","articleSection":["Concursos P\u00fablicos","Jur\u00eddico"],"inLanguage":"pt-BR","potentialAction":[{"@type":"CommentAction","name":"Comment","target":["https:\/\/www.estrategiaconcursos.com.br\/blog\/concurso-dpe-pr-carreira-defensor\/#respond"]}],"copyrightYear":"2019","copyrightHolder":{"@id":"https:\/\/www.estrategiaconcursos.com.br\/blog\/#organization"}},{"@type":"WebPage","@id":"https:\/\/www.estrategiaconcursos.com.br\/blog\/concurso-dpe-pr-carreira-defensor\/","url":"https:\/\/www.estrategiaconcursos.com.br\/blog\/concurso-dpe-pr-carreira-defensor\/","name":"Governador do Paran\u00e1 sanciona lei que reestrutura carreira de Defensor P\u00fablico","isPartOf":{"@id":"https:\/\/www.estrategiaconcursos.com.br\/blog\/#website"},"primaryImageOfPage":{"@id":"https:\/\/www.estrategiaconcursos.com.br\/blog\/concurso-dpe-pr-carreira-defensor\/#primaryimage"},"image":{"@id":"https:\/\/www.estrategiaconcursos.com.br\/blog\/concurso-dpe-pr-carreira-defensor\/#primaryimage"},"thumbnailUrl":"https:\/\/dhg1h5j42swfq.cloudfront.net\/2019\/06\/17172414\/dpe-pr.png","datePublished":"2019-12-04T13:55:32+00:00","dateModified":"2023-06-14T18:49:40+00:00","breadcrumb":{"@id":"https:\/\/www.estrategiaconcursos.com.br\/blog\/concurso-dpe-pr-carreira-defensor\/#breadcrumb"},"inLanguage":"pt-BR","potentialAction":[{"@type":"ReadAction","target":["https:\/\/www.estrategiaconcursos.com.br\/blog\/concurso-dpe-pr-carreira-defensor\/"]}]},{"@type":"ImageObject","inLanguage":"pt-BR","@id":"https:\/\/www.estrategiaconcursos.com.br\/blog\/concurso-dpe-pr-carreira-defensor\/#primaryimage","url":"https:\/\/dhg1h5j42swfq.cloudfront.net\/2019\/06\/17172414\/dpe-pr.png","contentUrl":"https:\/\/dhg1h5j42swfq.cloudfront.net\/2019\/06\/17172414\/dpe-pr.png","width":400,"height":209,"caption":"concurso dpe pr defensor"},{"@type":"BreadcrumbList","@id":"https:\/\/www.estrategiaconcursos.com.br\/blog\/concurso-dpe-pr-carreira-defensor\/#breadcrumb","itemListElement":[{"@type":"ListItem","position":1,"name":"In\u00edcio","item":"https:\/\/www.estrategiaconcursos.com.br\/blog\/"},{"@type":"ListItem","position":2,"name":"Governador do Paran\u00e1 sanciona lei que reestrutura carreira de Defensor P\u00fablico"}]},{"@type":"WebSite","@id":"https:\/\/www.estrategiaconcursos.com.br\/blog\/#website","url":"https:\/\/www.estrategiaconcursos.com.br\/blog\/","name":"Estrat\u00e9gia Concursos","description":"O blog da Estrat\u00e9gia Concursos traz not\u00edcias sobre concursos e artigos de professores oferecendo cursos para concursos (pdf + videaulas) no site.","publisher":{"@id":"https:\/\/www.estrategiaconcursos.com.br\/blog\/#organization"},"potentialAction":[{"@type":"SearchAction","target":{"@type":"EntryPoint","urlTemplate":"https:\/\/www.estrategiaconcursos.com.br\/blog\/?s={search_term_string}"},"query-input":{"@type":"PropertyValueSpecification","valueRequired":true,"valueName":"search_term_string"}}],"inLanguage":"pt-BR"},{"@type":"Organization","@id":"https:\/\/www.estrategiaconcursos.com.br\/blog\/#organization","name":"Estrat\u00e9gia Concursos","url":"https:\/\/www.estrategiaconcursos.com.br\/blog\/","logo":{"@type":"ImageObject","inLanguage":"pt-BR","@id":"https:\/\/www.estrategiaconcursos.com.br\/blog\/#\/schema\/logo\/image\/","url":"https:\/\/dhg1h5j42swfq.cloudfront.net\/2025\/06\/03203428\/logo_concursos-1.jpg","contentUrl":"https:\/\/dhg1h5j42swfq.cloudfront.net\/2025\/06\/03203428\/logo_concursos-1.jpg","width":230,"height":60,"caption":"Estrat\u00e9gia Concursos"},"image":{"@id":"https:\/\/www.estrategiaconcursos.com.br\/blog\/#\/schema\/logo\/image\/"},"sameAs":["https:\/\/x.com\/EstratConcursos"]},{"@type":"Person","@id":"https:\/\/www.estrategiaconcursos.com.br\/blog\/#\/schema\/person\/659a4992e582a2be87908edc68d3786f","name":"Paulo H M Sousa","image":{"@type":"ImageObject","inLanguage":"pt-BR","@id":"https:\/\/secure.gravatar.com\/avatar\/6c5538a36475e584e0a1a209a3b92f8b2ecca752f244b8d7db751faab2a292e2?s=96&d=mm&r=g","url":"https:\/\/secure.gravatar.com\/avatar\/6c5538a36475e584e0a1a209a3b92f8b2ecca752f244b8d7db751faab2a292e2?s=96&d=mm&r=g","contentUrl":"https:\/\/secure.gravatar.com\/avatar\/6c5538a36475e584e0a1a209a3b92f8b2ecca752f244b8d7db751faab2a292e2?s=96&d=mm&r=g","caption":"Paulo H M Sousa"},"url":"https:\/\/www.estrategiaconcursos.com.br\/blog\/author\/paulosousaestrategiaconcursos-com-br\/"}]}},"_links":{"self":[{"href":"https:\/\/www.estrategiaconcursos.com.br\/blog\/wp-json\/wp\/v2\/posts\/455186","targetHints":{"allow":["GET"]}}],"collection":[{"href":"https:\/\/www.estrategiaconcursos.com.br\/blog\/wp-json\/wp\/v2\/posts"}],"about":[{"href":"https:\/\/www.estrategiaconcursos.com.br\/blog\/wp-json\/wp\/v2\/types\/post"}],"author":[{"embeddable":true,"href":"https:\/\/www.estrategiaconcursos.com.br\/blog\/wp-json\/wp\/v2\/users\/218"}],"replies":[{"embeddable":true,"href":"https:\/\/www.estrategiaconcursos.com.br\/blog\/wp-json\/wp\/v2\/comments?post=455186"}],"version-history":[{"count":5,"href":"https:\/\/www.estrategiaconcursos.com.br\/blog\/wp-json\/wp\/v2\/posts\/455186\/revisions"}],"predecessor-version":[{"id":1232320,"href":"https:\/\/www.estrategiaconcursos.com.br\/blog\/wp-json\/wp\/v2\/posts\/455186\/revisions\/1232320"}],"wp:featuredmedia":[{"embeddable":true,"href":"https:\/\/www.estrategiaconcursos.com.br\/blog\/wp-json\/wp\/v2\/media\/388809"}],"wp:attachment":[{"href":"https:\/\/www.estrategiaconcursos.com.br\/blog\/wp-json\/wp\/v2\/media?parent=455186"}],"wp:term":[{"taxonomy":"category","embeddable":true,"href":"https:\/\/www.estrategiaconcursos.com.br\/blog\/wp-json\/wp\/v2\/categories?post=455186"},{"taxonomy":"post_tag","embeddable":true,"href":"https:\/\/www.estrategiaconcursos.com.br\/blog\/wp-json\/wp\/v2\/tags?post=455186"},{"taxonomy":"tax_estado","embeddable":true,"href":"https:\/\/www.estrategiaconcursos.com.br\/blog\/wp-json\/wp\/v2\/tax_estado?post=455186"}],"curies":[{"name":"wp","href":"https:\/\/api.w.org\/{rel}","templated":true}]}}