{"id":454635,"date":"2019-12-03T10:14:27","date_gmt":"2019-12-03T13:14:27","guid":{"rendered":"https:\/\/www.estrategiaconcursos.com.br\/blog\/?p=454635"},"modified":"2019-12-03T10:25:26","modified_gmt":"2019-12-03T13:25:26","slug":"concurso-mpm-subcomissoes","status":"publish","type":"post","link":"https:\/\/www.estrategiaconcursos.com.br\/blog\/concurso-mpm-subcomissoes\/","title":{"rendered":"MPM divulga composi\u00e7\u00e3o das subcomiss\u00f5es do concurso para Promotor"},"content":{"rendered":"\n<h2 class=\"wp-block-heading\">Concurso MPM  j\u00e1 tem regulamento publicado<\/h2>\n\n\n\n<p>O <strong>Minist\u00e9rio P\u00fablico Militar <\/strong>divulgou nesta ter\u00e7a-feira, 3 de dezembro, a composi\u00e7\u00e3o das <strong>subcomiss\u00f5es<\/strong> que ser\u00e3o respons\u00e1veis pelo acompanhamento do pr\u00f3ximo concurso para Promotor de Justi\u00e7a Militar no \u00e2mbito  das Procuradorias de Justi\u00e7a Militar nos Estados e no Distrito Federal.<\/p>\n\n\n\n<p>A portaria de nomea\u00e7\u00e3o das subcomiss\u00f5es foi assinada pelo Procurador-Geral de Justi\u00e7a Militar, Jaime de Cassio Miranda, e publicada no Di\u00e1rio Oficial da Uni\u00e3o.  <\/p>\n\n\n\n<p>O <strong>12\u00ba concurso MPM<\/strong> foi autorizado em junho deste ano mediante delibera\u00e7\u00e3o do Conselho Superior do \u00f3rg\u00e3o. O regulamento do certame foi divulgado no fim de outubro.<\/p>\n\n\n\n<p>S\u00e3o previstas <strong>6 vagas imediatas<\/strong> para a classe inicial da carreira de membro do Minist\u00e9rio P\u00fablico Militar, que \u00e9 um ramo do Minist\u00e9rio P\u00fablico da Uni\u00e3o.<\/p>\n\n\n\n<p>De acordo com a portaria, foram nomeados os titulares e suplentes das subcomiss\u00f5es das regionais de Bag\u00e9 (RS), Bel\u00e9m (PA), Bras\u00edlia (DF), Campo Grande (MS),  Fortaleza (CE), Juiz de Fora (MG), Manaus (AM), Porto Alegre (RS), Recife (PE),  Rio de Janeiro (RJ), Salvador (BA), Santa Maria (RS) e S\u00e3o Paulo (SP). <a rel=\"noreferrer noopener\" aria-label=\"Clique aqui para acessar a \u00edntegra da portaria (abre numa nova aba)\" href=\"https:\/\/dhg1h5j42swfq.cloudfront.net\/2019\/12\/03101338\/Subcomiss%C3%B5es-MPM.pdf\" target=\"_blank\">Clique aqui para acessar a \u00edntegra da portaria<\/a>.<\/p>\n\n\n\n<p style=\"text-align:center\" class=\"has-background has-medium-font-size has-very-light-gray-background-color\"><a href=\"https:\/\/www.estrategiaconcursos.com.br\/blog\/concurso-mpm-promotor\/\" target=\"_blank\" rel=\"noreferrer noopener\" aria-label=\"Clique aqui para mais informa\u00e7\u00f5es sobre o concurso MPM (abre numa nova aba)\">Clique aqui para mais informa\u00e7\u00f5es sobre o concurso MPM<\/a><\/p>\n\n\n\n<h2 class=\"wp-block-heading\" style=\"text-align:center\" id=\"cursos-assinatura\">Quer estudar para o concurso MPM Promotor?<\/h2>\n\n\n\n<p style=\"text-align:center\"><em>Gostou dessa oportunidade e deseja se preparar? Confira abaixo nossos cursos exclusivos e inicie agora seus estudos! N\u00e3o fique de fora:<\/em><\/p>\n\n\n\n<p style=\"font-size:23px;text-align:center\" class=\"has-background has-light-green-cyan-background-color\"><span style=\"text-decoration: underline;\"><strong><a rel=\"noreferrer noopener\" aria-label=\"Curso para concurso  (abre numa nova aba)\" href=\"https:\/\/www.estrategiaconcursos.com.br\/cursos\/concurso\/\" target=\"_blank\">CURSO MPM PROMOTO<\/a><\/strong><a rel=\"noreferrer noopener\" aria-label=\"Curso para concurso  (abre numa nova aba)\" href=\"https:\/\/www.estrategiaconcursos.com.br\/cursos\/concurso\/\" target=\"_blank\"><strong>R<\/strong><\/a><\/span><\/p>\n\n\n\n<p style=\"text-align:center\" class=\"has-medium-font-size\"><strong><em>Fique por dentro do mundo dos concursos:<\/em><\/strong><\/p>\n\n\n\n<p style=\"text-align:center\" class=\"has-background has-medium-font-size has-pale-cyan-blue-background-color\"><a rel=\"noreferrer noopener\" aria-label=\"CONCURSOS ABERTOS (abre numa nova aba)\" href=\"https:\/\/www.estrategiaconcursos.com.br\/blog\/concursos-abertos\/\" target=\"_blank\"><strong>CONCURSOS ABERTOS<\/strong><\/a><\/p>\n\n\n\n<p style=\"text-align:center\" class=\"has-background has-medium-font-size has-pale-cyan-blue-background-color\"><a rel=\"noreferrer noopener\" aria-label=\"CONCURSOS 2019 (abre numa nova aba)\" href=\"https:\/\/www.estrategiaconcursos.com.br\/blog\/concursos-2019\/\" target=\"_blank\"><strong>CONCURSOS 2019<\/strong><\/a><\/p>\n\n\n\n<p style=\"text-align:center\" class=\"has-background has-medium-font-size has-pale-cyan-blue-background-color\"><a rel=\"noreferrer noopener\" aria-label=\"CONCURSOS&nbsp;2020 (abre numa nova aba)\" href=\"https:\/\/www.estrategiaconcursos.com.br\/blog\/concursos-2020\/\" target=\"_blank\"><strong>CONCURSOS&nbsp;2020<\/strong><\/a><\/p>\n\n\n\n<p style=\"text-align:center\" class=\"has-background has-medium-font-size has-pale-cyan-blue-background-color\"><strong><a href=\"https:\/\/www.estrategiaconcursos.com.br\/blog\/concursos-de-direito\/\" target=\"_blank\" rel=\"noreferrer noopener\" aria-label=\"CONCURSOS DE DIREITO (abre numa nova aba)\">CONCURSOS DE DIREITO<\/a><\/strong><\/p>\n","protected":false},"excerpt":{"rendered":"<p>Concurso MPM j\u00e1 tem regulamento publicado O Minist\u00e9rio P\u00fablico Militar divulgou nesta ter\u00e7a-feira, 3 de dezembro, a composi\u00e7\u00e3o das subcomiss\u00f5es que ser\u00e3o respons\u00e1veis pelo acompanhamento do pr\u00f3ximo concurso para Promotor de Justi\u00e7a Militar no \u00e2mbito das Procuradorias de Justi\u00e7a Militar nos Estados e no Distrito Federal. A portaria de nomea\u00e7\u00e3o das subcomiss\u00f5es foi assinada pelo [&hellip;]<\/p>\n","protected":false},"author":180,"featured_media":454690,"comment_status":"open","ping_status":"closed","sticky":false,"template":"","format":"standard","meta":{"post_tipo":"article","footnotes":""},"categories":[1],"tags":[],"tax_estado":[],"class_list":["post-454635","post","type-post","status-publish","format-standard","has-post-thumbnail","hentry","category-cursos-e-concursos"],"acf":[],"yoast_head":"<!-- This site is optimized with the Yoast SEO Premium plugin v27.2 (Yoast SEO v27.2) - https:\/\/yoast.com\/product\/yoast-seo-premium-wordpress\/ -->\n<title>MPM divulga composi\u00e7\u00e3o das subcomiss\u00f5es do concurso para Promotor<\/title>\n<meta name=\"robots\" content=\"index, follow, max-snippet:-1, max-image-preview:large, max-video-preview:-1\" \/>\n<link rel=\"canonical\" href=\"https:\/\/www.estrategiaconcursos.com.br\/blog\/concurso-mpm-subcomissoes\/\" \/>\n<meta property=\"og:locale\" content=\"pt_BR\" \/>\n<meta property=\"og:type\" content=\"article\" \/>\n<meta property=\"og:title\" content=\"MPM divulga composi\u00e7\u00e3o das subcomiss\u00f5es do concurso para Promotor\" \/>\n<meta property=\"og:description\" content=\"Concurso MPM j\u00e1 tem regulamento publicado O Minist\u00e9rio P\u00fablico Militar divulgou nesta ter\u00e7a-feira, 3 de dezembro, a composi\u00e7\u00e3o das subcomiss\u00f5es que ser\u00e3o respons\u00e1veis pelo acompanhamento do pr\u00f3ximo concurso para Promotor de Justi\u00e7a Militar no \u00e2mbito das Procuradorias de Justi\u00e7a Militar nos Estados e no Distrito Federal. A portaria de nomea\u00e7\u00e3o das subcomiss\u00f5es foi assinada pelo [&hellip;]\" \/>\n<meta property=\"og:url\" content=\"https:\/\/www.estrategiaconcursos.com.br\/blog\/concurso-mpm-subcomissoes\/\" \/>\n<meta property=\"og:site_name\" content=\"Estrat\u00e9gia Concursos\" \/>\n<meta property=\"article:author\" content=\"https:\/\/www.facebook.com\/ricardo.s.torques\" \/>\n<meta property=\"article:published_time\" content=\"2019-12-03T13:14:27+00:00\" \/>\n<meta property=\"article:modified_time\" content=\"2019-12-03T13:25:26+00:00\" \/>\n<meta property=\"og:image\" content=\"https:\/\/dhg1h5j42swfq.cloudfront.net\/2019\/12\/03102515\/concurso-mpm.jpeg\" \/>\n\t<meta property=\"og:image:width\" content=\"1200\" \/>\n\t<meta property=\"og:image:height\" content=\"628\" \/>\n\t<meta property=\"og:image:type\" content=\"image\/jpeg\" \/>\n<meta name=\"author\" content=\"Ricardo Torques\" \/>\n<meta name=\"twitter:card\" content=\"summary_large_image\" \/>\n<meta name=\"twitter:creator\" content=\"@EstratConcursos\" \/>\n<meta name=\"twitter:site\" content=\"@EstratConcursos\" \/>\n<meta name=\"twitter:label1\" content=\"Escrito por\" \/>\n\t<meta name=\"twitter:data1\" content=\"Ricardo Torques\" \/>\n\t<meta name=\"twitter:label2\" content=\"Est. tempo de leitura\" \/>\n\t<meta name=\"twitter:data2\" content=\"1 minuto\" \/>\n<script type=\"application\/ld+json\" class=\"yoast-schema-graph\">{\"@context\":\"https:\/\/schema.org\",\"@graph\":[{\"@type\":\"NewsArticle\",\"@id\":\"https:\/\/www.estrategiaconcursos.com.br\/blog\/concurso-mpm-subcomissoes\/#article\",\"isPartOf\":{\"@id\":\"https:\/\/www.estrategiaconcursos.com.br\/blog\/concurso-mpm-subcomissoes\/\"},\"author\":{\"name\":\"Ricardo Torques\",\"@id\":\"https:\/\/www.estrategiaconcursos.com.br\/blog\/#\/schema\/person\/aa39cf5ddb518e5bdce27c35788405e2\"},\"headline\":\"MPM divulga composi\u00e7\u00e3o das subcomiss\u00f5es do concurso para Promotor\",\"datePublished\":\"2019-12-03T13:14:27+00:00\",\"dateModified\":\"2019-12-03T13:25:26+00:00\",\"mainEntityOfPage\":{\"@id\":\"https:\/\/www.estrategiaconcursos.com.br\/blog\/concurso-mpm-subcomissoes\/\"},\"wordCount\":274,\"commentCount\":0,\"publisher\":{\"@id\":\"https:\/\/www.estrategiaconcursos.com.br\/blog\/#organization\"},\"image\":{\"@id\":\"https:\/\/www.estrategiaconcursos.com.br\/blog\/concurso-mpm-subcomissoes\/#primaryimage\"},\"thumbnailUrl\":\"https:\/\/dhg1h5j42swfq.cloudfront.net\/2019\/12\/03102515\/concurso-mpm.jpeg\",\"articleSection\":[\"Concursos P\u00fablicos\"],\"inLanguage\":\"pt-BR\",\"potentialAction\":[{\"@type\":\"CommentAction\",\"name\":\"Comment\",\"target\":[\"https:\/\/www.estrategiaconcursos.com.br\/blog\/concurso-mpm-subcomissoes\/#respond\"]}],\"copyrightYear\":\"2019\",\"copyrightHolder\":{\"@id\":\"https:\/\/www.estrategiaconcursos.com.br\/blog\/#organization\"}},{\"@type\":\"WebPage\",\"@id\":\"https:\/\/www.estrategiaconcursos.com.br\/blog\/concurso-mpm-subcomissoes\/\",\"url\":\"https:\/\/www.estrategiaconcursos.com.br\/blog\/concurso-mpm-subcomissoes\/\",\"name\":\"MPM divulga composi\u00e7\u00e3o das subcomiss\u00f5es do concurso para Promotor\",\"isPartOf\":{\"@id\":\"https:\/\/www.estrategiaconcursos.com.br\/blog\/#website\"},\"primaryImageOfPage\":{\"@id\":\"https:\/\/www.estrategiaconcursos.com.br\/blog\/concurso-mpm-subcomissoes\/#primaryimage\"},\"image\":{\"@id\":\"https:\/\/www.estrategiaconcursos.com.br\/blog\/concurso-mpm-subcomissoes\/#primaryimage\"},\"thumbnailUrl\":\"https:\/\/dhg1h5j42swfq.cloudfront.net\/2019\/12\/03102515\/concurso-mpm.jpeg\",\"datePublished\":\"2019-12-03T13:14:27+00:00\",\"dateModified\":\"2019-12-03T13:25:26+00:00\",\"breadcrumb\":{\"@id\":\"https:\/\/www.estrategiaconcursos.com.br\/blog\/concurso-mpm-subcomissoes\/#breadcrumb\"},\"inLanguage\":\"pt-BR\",\"potentialAction\":[{\"@type\":\"ReadAction\",\"target\":[\"https:\/\/www.estrategiaconcursos.com.br\/blog\/concurso-mpm-subcomissoes\/\"]}]},{\"@type\":\"ImageObject\",\"inLanguage\":\"pt-BR\",\"@id\":\"https:\/\/www.estrategiaconcursos.com.br\/blog\/concurso-mpm-subcomissoes\/#primaryimage\",\"url\":\"https:\/\/dhg1h5j42swfq.cloudfront.net\/2019\/12\/03102515\/concurso-mpm.jpeg\",\"contentUrl\":\"https:\/\/dhg1h5j42swfq.cloudfront.net\/2019\/12\/03102515\/concurso-mpm.jpeg\",\"width\":1200,\"height\":628,\"caption\":\"concurso mpm\"},{\"@type\":\"BreadcrumbList\",\"@id\":\"https:\/\/www.estrategiaconcursos.com.br\/blog\/concurso-mpm-subcomissoes\/#breadcrumb\",\"itemListElement\":[{\"@type\":\"ListItem\",\"position\":1,\"name\":\"In\u00edcio\",\"item\":\"https:\/\/www.estrategiaconcursos.com.br\/blog\/\"},{\"@type\":\"ListItem\",\"position\":2,\"name\":\"MPM divulga composi\u00e7\u00e3o das subcomiss\u00f5es do concurso para Promotor\"}]},{\"@type\":\"WebSite\",\"@id\":\"https:\/\/www.estrategiaconcursos.com.br\/blog\/#website\",\"url\":\"https:\/\/www.estrategiaconcursos.com.br\/blog\/\",\"name\":\"Estrat\u00e9gia Concursos\",\"description\":\"O blog da Estrat\u00e9gia Concursos traz not\u00edcias sobre concursos e artigos de professores oferecendo cursos para concursos (pdf + videaulas) no site.\",\"publisher\":{\"@id\":\"https:\/\/www.estrategiaconcursos.com.br\/blog\/#organization\"},\"potentialAction\":[{\"@type\":\"SearchAction\",\"target\":{\"@type\":\"EntryPoint\",\"urlTemplate\":\"https:\/\/www.estrategiaconcursos.com.br\/blog\/?s={search_term_string}\"},\"query-input\":{\"@type\":\"PropertyValueSpecification\",\"valueRequired\":true,\"valueName\":\"search_term_string\"}}],\"inLanguage\":\"pt-BR\"},{\"@type\":\"Organization\",\"@id\":\"https:\/\/www.estrategiaconcursos.com.br\/blog\/#organization\",\"name\":\"Estrat\u00e9gia Concursos\",\"url\":\"https:\/\/www.estrategiaconcursos.com.br\/blog\/\",\"logo\":{\"@type\":\"ImageObject\",\"inLanguage\":\"pt-BR\",\"@id\":\"https:\/\/www.estrategiaconcursos.com.br\/blog\/#\/schema\/logo\/image\/\",\"url\":\"https:\/\/dhg1h5j42swfq.cloudfront.net\/2025\/06\/03203428\/logo_concursos-1.jpg\",\"contentUrl\":\"https:\/\/dhg1h5j42swfq.cloudfront.net\/2025\/06\/03203428\/logo_concursos-1.jpg\",\"width\":230,\"height\":60,\"caption\":\"Estrat\u00e9gia Concursos\"},\"image\":{\"@id\":\"https:\/\/www.estrategiaconcursos.com.br\/blog\/#\/schema\/logo\/image\/\"},\"sameAs\":[\"https:\/\/x.com\/EstratConcursos\"]},{\"@type\":\"Person\",\"@id\":\"https:\/\/www.estrategiaconcursos.com.br\/blog\/#\/schema\/person\/aa39cf5ddb518e5bdce27c35788405e2\",\"name\":\"Ricardo Torques\",\"image\":{\"@type\":\"ImageObject\",\"inLanguage\":\"pt-BR\",\"@id\":\"https:\/\/secure.gravatar.com\/avatar\/ce9ac6c3cff25fe86d15ed568ebc64d1724baf5c0693133bcb1f6073f712f92a?s=96&d=mm&r=g\",\"url\":\"https:\/\/secure.gravatar.com\/avatar\/ce9ac6c3cff25fe86d15ed568ebc64d1724baf5c0693133bcb1f6073f712f92a?s=96&d=mm&r=g\",\"contentUrl\":\"https:\/\/secure.gravatar.com\/avatar\/ce9ac6c3cff25fe86d15ed568ebc64d1724baf5c0693133bcb1f6073f712f92a?s=96&d=mm&r=g\",\"caption\":\"Ricardo Torques\"},\"sameAs\":[\"https:\/\/www.facebook.com\/ricardo.s.torques\"],\"url\":\"https:\/\/www.estrategiaconcursos.com.br\/blog\/author\/ricardotorquesestrategiaconcursos-com-br\/\"}]}<\/script>\n<!-- \/ Yoast SEO Premium plugin. -->","yoast_head_json":{"title":"MPM divulga composi\u00e7\u00e3o das subcomiss\u00f5es do concurso para Promotor","robots":{"index":"index","follow":"follow","max-snippet":"max-snippet:-1","max-image-preview":"max-image-preview:large","max-video-preview":"max-video-preview:-1"},"canonical":"https:\/\/www.estrategiaconcursos.com.br\/blog\/concurso-mpm-subcomissoes\/","og_locale":"pt_BR","og_type":"article","og_title":"MPM divulga composi\u00e7\u00e3o das subcomiss\u00f5es do concurso para Promotor","og_description":"Concurso MPM j\u00e1 tem regulamento publicado O Minist\u00e9rio P\u00fablico Militar divulgou nesta ter\u00e7a-feira, 3 de dezembro, a composi\u00e7\u00e3o das subcomiss\u00f5es que ser\u00e3o respons\u00e1veis pelo acompanhamento do pr\u00f3ximo concurso para Promotor de Justi\u00e7a Militar no \u00e2mbito das Procuradorias de Justi\u00e7a Militar nos Estados e no Distrito Federal. A portaria de nomea\u00e7\u00e3o das subcomiss\u00f5es foi assinada pelo [&hellip;]","og_url":"https:\/\/www.estrategiaconcursos.com.br\/blog\/concurso-mpm-subcomissoes\/","og_site_name":"Estrat\u00e9gia Concursos","article_author":"https:\/\/www.facebook.com\/ricardo.s.torques","article_published_time":"2019-12-03T13:14:27+00:00","article_modified_time":"2019-12-03T13:25:26+00:00","og_image":[{"width":1200,"height":628,"url":"https:\/\/dhg1h5j42swfq.cloudfront.net\/2019\/12\/03102515\/concurso-mpm.jpeg","type":"image\/jpeg"}],"author":"Ricardo Torques","twitter_card":"summary_large_image","twitter_creator":"@EstratConcursos","twitter_site":"@EstratConcursos","twitter_misc":{"Escrito por":"Ricardo Torques","Est. tempo de leitura":"1 minuto"},"schema":{"@context":"https:\/\/schema.org","@graph":[{"@type":"NewsArticle","@id":"https:\/\/www.estrategiaconcursos.com.br\/blog\/concurso-mpm-subcomissoes\/#article","isPartOf":{"@id":"https:\/\/www.estrategiaconcursos.com.br\/blog\/concurso-mpm-subcomissoes\/"},"author":{"name":"Ricardo Torques","@id":"https:\/\/www.estrategiaconcursos.com.br\/blog\/#\/schema\/person\/aa39cf5ddb518e5bdce27c35788405e2"},"headline":"MPM divulga composi\u00e7\u00e3o das subcomiss\u00f5es do concurso para Promotor","datePublished":"2019-12-03T13:14:27+00:00","dateModified":"2019-12-03T13:25:26+00:00","mainEntityOfPage":{"@id":"https:\/\/www.estrategiaconcursos.com.br\/blog\/concurso-mpm-subcomissoes\/"},"wordCount":274,"commentCount":0,"publisher":{"@id":"https:\/\/www.estrategiaconcursos.com.br\/blog\/#organization"},"image":{"@id":"https:\/\/www.estrategiaconcursos.com.br\/blog\/concurso-mpm-subcomissoes\/#primaryimage"},"thumbnailUrl":"https:\/\/dhg1h5j42swfq.cloudfront.net\/2019\/12\/03102515\/concurso-mpm.jpeg","articleSection":["Concursos P\u00fablicos"],"inLanguage":"pt-BR","potentialAction":[{"@type":"CommentAction","name":"Comment","target":["https:\/\/www.estrategiaconcursos.com.br\/blog\/concurso-mpm-subcomissoes\/#respond"]}],"copyrightYear":"2019","copyrightHolder":{"@id":"https:\/\/www.estrategiaconcursos.com.br\/blog\/#organization"}},{"@type":"WebPage","@id":"https:\/\/www.estrategiaconcursos.com.br\/blog\/concurso-mpm-subcomissoes\/","url":"https:\/\/www.estrategiaconcursos.com.br\/blog\/concurso-mpm-subcomissoes\/","name":"MPM divulga composi\u00e7\u00e3o das subcomiss\u00f5es do concurso para Promotor","isPartOf":{"@id":"https:\/\/www.estrategiaconcursos.com.br\/blog\/#website"},"primaryImageOfPage":{"@id":"https:\/\/www.estrategiaconcursos.com.br\/blog\/concurso-mpm-subcomissoes\/#primaryimage"},"image":{"@id":"https:\/\/www.estrategiaconcursos.com.br\/blog\/concurso-mpm-subcomissoes\/#primaryimage"},"thumbnailUrl":"https:\/\/dhg1h5j42swfq.cloudfront.net\/2019\/12\/03102515\/concurso-mpm.jpeg","datePublished":"2019-12-03T13:14:27+00:00","dateModified":"2019-12-03T13:25:26+00:00","breadcrumb":{"@id":"https:\/\/www.estrategiaconcursos.com.br\/blog\/concurso-mpm-subcomissoes\/#breadcrumb"},"inLanguage":"pt-BR","potentialAction":[{"@type":"ReadAction","target":["https:\/\/www.estrategiaconcursos.com.br\/blog\/concurso-mpm-subcomissoes\/"]}]},{"@type":"ImageObject","inLanguage":"pt-BR","@id":"https:\/\/www.estrategiaconcursos.com.br\/blog\/concurso-mpm-subcomissoes\/#primaryimage","url":"https:\/\/dhg1h5j42swfq.cloudfront.net\/2019\/12\/03102515\/concurso-mpm.jpeg","contentUrl":"https:\/\/dhg1h5j42swfq.cloudfront.net\/2019\/12\/03102515\/concurso-mpm.jpeg","width":1200,"height":628,"caption":"concurso mpm"},{"@type":"BreadcrumbList","@id":"https:\/\/www.estrategiaconcursos.com.br\/blog\/concurso-mpm-subcomissoes\/#breadcrumb","itemListElement":[{"@type":"ListItem","position":1,"name":"In\u00edcio","item":"https:\/\/www.estrategiaconcursos.com.br\/blog\/"},{"@type":"ListItem","position":2,"name":"MPM divulga composi\u00e7\u00e3o das subcomiss\u00f5es do concurso para Promotor"}]},{"@type":"WebSite","@id":"https:\/\/www.estrategiaconcursos.com.br\/blog\/#website","url":"https:\/\/www.estrategiaconcursos.com.br\/blog\/","name":"Estrat\u00e9gia Concursos","description":"O blog da Estrat\u00e9gia Concursos traz not\u00edcias sobre concursos e artigos de professores oferecendo cursos para concursos (pdf + videaulas) no site.","publisher":{"@id":"https:\/\/www.estrategiaconcursos.com.br\/blog\/#organization"},"potentialAction":[{"@type":"SearchAction","target":{"@type":"EntryPoint","urlTemplate":"https:\/\/www.estrategiaconcursos.com.br\/blog\/?s={search_term_string}"},"query-input":{"@type":"PropertyValueSpecification","valueRequired":true,"valueName":"search_term_string"}}],"inLanguage":"pt-BR"},{"@type":"Organization","@id":"https:\/\/www.estrategiaconcursos.com.br\/blog\/#organization","name":"Estrat\u00e9gia Concursos","url":"https:\/\/www.estrategiaconcursos.com.br\/blog\/","logo":{"@type":"ImageObject","inLanguage":"pt-BR","@id":"https:\/\/www.estrategiaconcursos.com.br\/blog\/#\/schema\/logo\/image\/","url":"https:\/\/dhg1h5j42swfq.cloudfront.net\/2025\/06\/03203428\/logo_concursos-1.jpg","contentUrl":"https:\/\/dhg1h5j42swfq.cloudfront.net\/2025\/06\/03203428\/logo_concursos-1.jpg","width":230,"height":60,"caption":"Estrat\u00e9gia Concursos"},"image":{"@id":"https:\/\/www.estrategiaconcursos.com.br\/blog\/#\/schema\/logo\/image\/"},"sameAs":["https:\/\/x.com\/EstratConcursos"]},{"@type":"Person","@id":"https:\/\/www.estrategiaconcursos.com.br\/blog\/#\/schema\/person\/aa39cf5ddb518e5bdce27c35788405e2","name":"Ricardo Torques","image":{"@type":"ImageObject","inLanguage":"pt-BR","@id":"https:\/\/secure.gravatar.com\/avatar\/ce9ac6c3cff25fe86d15ed568ebc64d1724baf5c0693133bcb1f6073f712f92a?s=96&d=mm&r=g","url":"https:\/\/secure.gravatar.com\/avatar\/ce9ac6c3cff25fe86d15ed568ebc64d1724baf5c0693133bcb1f6073f712f92a?s=96&d=mm&r=g","contentUrl":"https:\/\/secure.gravatar.com\/avatar\/ce9ac6c3cff25fe86d15ed568ebc64d1724baf5c0693133bcb1f6073f712f92a?s=96&d=mm&r=g","caption":"Ricardo Torques"},"sameAs":["https:\/\/www.facebook.com\/ricardo.s.torques"],"url":"https:\/\/www.estrategiaconcursos.com.br\/blog\/author\/ricardotorquesestrategiaconcursos-com-br\/"}]}},"_links":{"self":[{"href":"https:\/\/www.estrategiaconcursos.com.br\/blog\/wp-json\/wp\/v2\/posts\/454635","targetHints":{"allow":["GET"]}}],"collection":[{"href":"https:\/\/www.estrategiaconcursos.com.br\/blog\/wp-json\/wp\/v2\/posts"}],"about":[{"href":"https:\/\/www.estrategiaconcursos.com.br\/blog\/wp-json\/wp\/v2\/types\/post"}],"author":[{"embeddable":true,"href":"https:\/\/www.estrategiaconcursos.com.br\/blog\/wp-json\/wp\/v2\/users\/180"}],"replies":[{"embeddable":true,"href":"https:\/\/www.estrategiaconcursos.com.br\/blog\/wp-json\/wp\/v2\/comments?post=454635"}],"version-history":[{"count":2,"href":"https:\/\/www.estrategiaconcursos.com.br\/blog\/wp-json\/wp\/v2\/posts\/454635\/revisions"}],"predecessor-version":[{"id":454678,"href":"https:\/\/www.estrategiaconcursos.com.br\/blog\/wp-json\/wp\/v2\/posts\/454635\/revisions\/454678"}],"wp:featuredmedia":[{"embeddable":true,"href":"https:\/\/www.estrategiaconcursos.com.br\/blog\/wp-json\/wp\/v2\/media\/454690"}],"wp:attachment":[{"href":"https:\/\/www.estrategiaconcursos.com.br\/blog\/wp-json\/wp\/v2\/media?parent=454635"}],"wp:term":[{"taxonomy":"category","embeddable":true,"href":"https:\/\/www.estrategiaconcursos.com.br\/blog\/wp-json\/wp\/v2\/categories?post=454635"},{"taxonomy":"post_tag","embeddable":true,"href":"https:\/\/www.estrategiaconcursos.com.br\/blog\/wp-json\/wp\/v2\/tags?post=454635"},{"taxonomy":"tax_estado","embeddable":true,"href":"https:\/\/www.estrategiaconcursos.com.br\/blog\/wp-json\/wp\/v2\/tax_estado?post=454635"}],"curies":[{"name":"wp","href":"https:\/\/api.w.org\/{rel}","templated":true}]}}