{"id":454612,"date":"2020-01-13T02:00:00","date_gmt":"2020-01-13T05:00:00","guid":{"rendered":"https:\/\/www.estrategiaconcursos.com.br\/blog\/?p=454612"},"modified":"2020-01-13T08:52:54","modified_gmt":"2020-01-13T11:52:54","slug":"concurso-prefeitura-de-goiana","status":"publish","type":"post","link":"https:\/\/www.estrategiaconcursos.com.br\/blog\/concurso-prefeitura-de-goiana\/","title":{"rendered":"Concurso Prefeitura de Goiana: inscri\u00e7\u00f5es ENCERRADAS!"},"content":{"rendered":"\n<h2 class=\"wp-block-heading\"><em>Edital da Prefeitura de Goiana oferta 696 vagas <\/em><\/h2>\n\n\n\n<p>Ap\u00f3s a prorroga\u00e7\u00e3o das inscri\u00e7\u00f5es do concurso p\u00fablico da Prefeitura de Goiana, o processo seletivo foi oficialmente encerrado. Os interessados tiveram que garantir a candidatura atrav\u00e9s do site da banca organizadora, <strong>o <em>Instituto de Desenvolvimento Institucional Brasileiro &#8211; IDIB<\/em>.<\/strong><\/p>\n\n\n\n<p>O edital da <strong>Prefeitura de Goiana<\/strong>, munic\u00edpio do estado de Pernambuco, oferta <strong>696 vagas imediatas mais 494 em cadastro reserva<\/strong>. As oportunidades s\u00e3o para diversos cargos de n\u00edvel fundamental, m\u00e9dio, t\u00e9cnico e superior.<\/p>\n\n\n\n<p>As provas devem acontecem em dois dias subsequentes, em fevereiro de 2020. Ao longo deste artigo reunimos as principais informa\u00e7\u00f5es sobre o certame. Acompanhe pelos t\u00f3picos abaixo:<\/p>\n\n\n\n<ul class=\"wp-block-list\"><li><em><a href=\"#vagas\"><strong>Distribui\u00e7\u00e3o das vagas<\/strong><\/a><\/em><\/li><li><em><a href=\"#datas\"><strong>Principais datas<\/strong><\/a><\/em><\/li><li><em><a href=\"#etapas\"><strong>Etapas do concurso<\/strong><\/a><\/em><\/li><li><em><a href=\"#edital-estrategico\"><strong>Edital estrat\u00e9gico<\/strong><\/a><\/em><\/li><li><em><a href=\"#cursos\"><strong>Assinatura ilimitada e cursos<\/strong><\/a><\/em><\/li><li><em><a href=\"#ficha-tecnica\"><strong>Ficha t\u00e9cnica<\/strong><\/a><\/em><\/li><\/ul>\n\n\n\n<h2 class=\"wp-block-heading\" id=\"vagas\">Distribui\u00e7\u00e3o das vagas para o concurso Prefeitura de Goiana<\/h2>\n\n\n\n<h3 class=\"wp-block-heading\">Cargos de n\u00edvel fundamental<\/h3>\n\n\n\n<figure class=\"wp-block-table is-style-stripes\"><table class=\"has-subtle-pale-blue-background-color has-fixed-layout has-background\"><tbody><tr><td><strong>Cargos<\/strong><\/td><td><strong>Vagas<\/strong><\/td><td><strong>Sal\u00e1rio<\/strong> <strong>(R$)<\/strong><\/td><\/tr><tr><td>Art\u00edfice<\/td><td>15 + 13 CR<\/td><td>998,00 <\/td><\/tr><tr><td>Auxiliar de Servi\u00e7os Gerais<\/td><td>70 + 61 CR<\/td><td>998,00 <\/td><\/tr><tr><td>Auxiliar de Servi\u00e7os Urbanos<\/td><td>5 + 5 CR<\/td><td>998,00 <\/td><\/tr><tr><td>Coveiro<\/td><td>5 + 2 CR <\/td><td>998,00 <\/td><\/tr><tr><td>Cozinheira<\/td><td>2<\/td><td>998,00 <\/td><\/tr><tr><td>Merendeira<\/td><td>35 + 35 CR<\/td><td>998,00 <\/td><\/tr><tr><td>Operado de M\u00e1quinas Pesadas<\/td><td>5 + 5 CR <\/td><td>998,00 <\/td><\/tr><\/tbody><\/table><\/figure>\n\n\n\n<h3 class=\"wp-block-heading\">Cargos de n\u00edvel m\u00e9dio\/t\u00e9cnico<\/h3>\n\n\n\n<figure class=\"wp-block-table is-style-stripes\"><table class=\"has-subtle-pale-blue-background-color has-fixed-layout has-background\"><tbody><tr><td><strong>Cargos<\/strong><\/td><td><strong>Vagas<\/strong><\/td><td><strong>Sal\u00e1rio (R$)<\/strong><\/td><\/tr><tr><td>Agente Administrativo<\/td><td>20 + 30 CR<\/td><td>998,00  <\/td><\/tr><tr><td>Agente Comunit\u00e1rio de Sa\u00fade<\/td><td>20 + 40 CR <\/td><td>1.250,00 <\/td><\/tr><tr><td>Agente de Controle de Endemias<\/td><td>5 + 13 CR  <\/td><td>1.250,00 <\/td><\/tr><tr><td>Agente de Fiscaliza\u00e7\u00e3o de Tr\u00e2nsito e Transporte<\/td><td>10 + 10 CR  <\/td><td> 998,00 <\/td><\/tr><tr><td>Agente de Tributos<\/td><td>3 + 2 CR   <\/td><td>998,00 <\/td><\/tr><tr><td>Almoxarife<\/td><td>2<\/td><td>998,00 <\/td><\/tr><tr><td>Arquivista<\/td><td>2<\/td><td>998,00 <\/td><\/tr><tr><td>Assistente Administrativo<\/td><td>50 + 74 CR   <\/td><td>998,00 <\/td><\/tr><tr><td>Auxiliar Administrativo<\/td><td>2<\/td><td>998,00 <\/td><\/tr><tr><td>Auxiliar de Farm\u00e1cia<\/td><td>1 + 3 CR<\/td><td>998,00  <\/td><\/tr><tr><td>Auxiliar de Sa\u00fade Bucal<\/td><td>10 + 11 CR <\/td><td>998,00 <\/td><\/tr><tr><td>Condutor\/Socorrista<\/td><td>5 + 10 CR<\/td><td>1.180,00 <\/td><\/tr><tr><td>Cuidador<\/td><td>3 + 3 CR<\/td><td>998,00 <\/td><\/tr><tr><td>Fiscal de Obras<\/td><td>2 + 2 CR<\/td><td>998,00 <\/td><\/tr><tr><td>Laboratorista<\/td><td>2<\/td><td>1.026,43 <\/td><\/tr><tr><td>Motorista A\/B e D<\/td><td>30 + 20 CR<\/td><td>998,00 <\/td><\/tr><tr><td>Recepcionista<\/td><td>10 + 11 CR  <\/td><td>998,00 <\/td><\/tr><tr><td>T\u00e9cnico Agr\u00edcola<\/td><td>1<\/td><td>1.026,43  <\/td><\/tr><tr><td>T\u00e9cnico em Contabilidade<\/td><td>2 + 3 CR<\/td><td>1.026,43  <\/td><\/tr><tr><td>T\u00e9cnico em Edifica\u00e7\u00e3o<\/td><td>3 + 9 CR<\/td><td>1.026,43  <\/td><\/tr><tr><td>T\u00e9cnico em Enfermagem<\/td><td>25 + 5 CR<\/td><td>1.026,43  <\/td><\/tr><tr><td>T\u00e9cnico em Farm\u00e1cia<\/td><td>1<\/td><td>1.026,43  <\/td><\/tr><tr><td>T\u00e9cnico em Inform\u00e1tica<\/td><td>10 + 21 CR<\/td><td>1.026,43  <\/td><\/tr><tr><td>T\u00e9cnico em Pr\u00f3tese Dent\u00e1ria<\/td><td>1<\/td><td>1.026,43  <\/td><\/tr><tr><td>T\u00e9cnico em Radiologia<\/td><td>3 + 3 CR<\/td><td>1.026,43   <\/td><\/tr><tr><td>T\u00e9cnico em Seguran\u00e7a do Trabalho<\/td><td>2 + 3 CR<\/td><td>1.026,43   <\/td><\/tr><tr><td>T\u00e9cnico em T.I.<\/td><td>2 + 2 CR<\/td><td>1.026,43 <\/td><\/tr><tr><td>Terapeuta Hol\u00edstico<\/td><td>1<\/td><td>1.924,56 <\/td><\/tr><\/tbody><\/table><\/figure>\n\n\n\n<h3 class=\"wp-block-heading\">Cargos de n\u00edvel superior<\/h3>\n\n\n\n<figure class=\"wp-block-table is-style-stripes\"><table class=\"has-subtle-pale-blue-background-color has-fixed-layout has-background\"><tbody><tr><td><strong>Cargos<\/strong><\/td><td><strong>Vagas<\/strong><\/td><td><strong>Sal\u00e1rio<\/strong> <strong>(R$)<\/strong><\/td><\/tr><tr><td>Analista de Controle Interno<\/td><td>2<\/td><td>1.924,56  <\/td><\/tr><tr><td>Arquiteto<\/td><td>2 + 2 CR<\/td><td>5.988,00  <\/td><\/tr><tr><td>Assistente Social<\/td><td>5 + 4 CR<\/td><td>4.216,00 <\/td><\/tr><tr><td>Auditor Fiscal<\/td><td>2 + 3 CR<\/td><td>4.229,00  <\/td><\/tr><tr><td>Biom\u00e9dico<\/td><td>1<\/td><td>1.924,56 <\/td><\/tr><tr><td>Bioqu\u00edmico<\/td><td>1 + 1 CR<\/td><td>2.700,00 <\/td><\/tr><tr><td>Contador<\/td><td>1 + 1 CR <\/td><td>3.454,31 <\/td><\/tr><tr><td>Educador F\u00edsico<\/td><td>2 + 2 CR <\/td><td>1.924,56  <\/td><\/tr><tr><td>Enfermeiro<\/td><td>5 + 5 CR<\/td><td>1.924,56  <\/td><\/tr><tr><td>Engenheiro Agr\u00f4nomo<\/td><td>1<\/td><td>3.768,67 <\/td><\/tr><tr><td>Engenheiro Ambiental<\/td><td>1 CR<\/td><td>3.768,67 <\/td><\/tr><tr><td>Engenheiro Civil<\/td><td>3 + 3 CR<\/td><td>5.988,00 <\/td><\/tr><tr><td>Farmac\u00eautico<\/td><td>1 + 2 CR<\/td><td>3.423,00  <\/td><\/tr><tr><td>Fisioterapeuta<\/td><td>3 + 7 CR<\/td><td>1.924,56 <\/td><\/tr><tr><td>M\u00e9dico (v\u00e1rias especialidades)<\/td><td>28 + 27 CR<\/td><td>3.653,10 &#8211; 5.278,41  <\/td><\/tr><tr><td>Nutricionista<\/td><td>4 + 9 CR<\/td><td>2.703,00 <\/td><\/tr><tr><td>Odont\u00f3logo<\/td><td>3 + 4 CR<\/td><td>3.400,00 <\/td><\/tr><tr><td>Pedagogo<\/td><td>10 + 12 CR<\/td><td>1.924,56 <\/td><\/tr><tr><td>Psic\u00f3logo<\/td><td>4 + 10 CR<\/td><td>1.924,56 <\/td><\/tr><tr><td>Psiquiatra<\/td><td>2 + 4 CR<\/td><td>5.108,94 <\/td><\/tr><tr><td>Terapeuta Ocupacional<\/td><td>1 + 1 CR<\/td><td>1.924,56 <\/td><\/tr><tr><td>Professor (v\u00e1rias disciplinas)<\/td><td>250 + 13 CR<\/td><td>1.848,51 &#8211; 2.455,35 <\/td><\/tr><\/tbody><\/table><\/figure>\n\n\n\n<h2 class=\"wp-block-heading\" id=\"datas\">Principais datas do edital Prefeitura de Goiana <\/h2>\n\n\n\n<ul class=\"wp-block-list\"><li><strong>Inscri\u00e7\u00f5es:<\/strong> at\u00e9 12 de janeiro<\/li><li><strong>Isen\u00e7\u00e3o da taxa:<\/strong> <s>at\u00e9 05 de dezembro de 2019<\/s> [ENCERRADO]<\/li><li><strong>\u00daltimo dia de pagamento:<\/strong> 13 de janeiro<\/li><li><strong>Data prevista da prova:<\/strong> 15 e 16 de fevereiro de 2020 <\/li><\/ul>\n\n\n\n<p class=\"has-background has-very-light-gray-background-color\"><strong><em>Taxa de inscri\u00e7\u00e3o:<br \/><\/em><\/strong>N\u00edvel <strong>fundamental<\/strong>: R$ 60,00<br \/>N\u00edvel <strong>m\u00e9dio e t\u00e9cnico<\/strong>: R$ 65,00<br \/>N\u00edvel <strong>superior<\/strong>: R$ 75,00 e R$ 95,00<\/p>\n\n\n\n<h2 class=\"wp-block-heading\" id=\"etapas\">Etapas do concurso Prefeitura de Goiana<\/h2>\n\n\n\n<ul class=\"wp-block-list\"><li><strong>Prova Objetiva<\/strong> para todos os cargos (eliminat\u00f3rio e classificat\u00f3rio);<\/li><li><strong>Prova de T\u00edtulos<\/strong> somente para os cargos de Pedagogo e Professor (classificat\u00f3rio);<\/li><li><strong>Curso de Forma\u00e7\u00e3o<\/strong> somente para os cargos de Agente Comunit\u00e1rio de Sa\u00fade e Agente de Combate a Endemias (eliminat\u00f3rio); <\/li><li><strong>Prova Pr\u00e1tica <\/strong>somente para o cargo Operador de M\u00e1quinas (eliminat\u00f3rio).<\/li><\/ul>\n\n\n\n<h3 class=\"wp-block-heading\">Prova Objetiva<\/h3>\n\n\n\n<p>Com dura\u00e7\u00e3o de 3 horas, a prova objetiva ser\u00e1 composta por 30 ou 40 quest\u00f5es de m\u00faltipla escolha, conforme a escolaridade. Cada quest\u00e3o constar\u00e1 de quatro alternativas.<\/p>\n\n\n\n<h4 class=\"wp-block-heading\"><em>Todos os cargos de N\u00edvel Superior  <\/em><\/h4>\n\n\n\n<ul class=\"wp-block-list\"><li>L\u00edngua Portuguesa &#8211; 10 quest\u00f5es, peso 01 <\/li><li>Inform\u00e1tica &#8211; 06 quest\u00f5es, peso 01 <\/li><li>Racioc\u00ednio L\u00f3gico &#8211; 04 quest\u00f5es, peso 01 <\/li><li>Conhecimentos Espec\u00edficos &#8211; 20 quest\u00f5es, peso 02  <\/li><\/ul>\n\n\n\n<h4 class=\"wp-block-heading\"><em>Todos os cargos de N\u00edvel M\u00e9dio <\/em><\/h4>\n\n\n\n<ul class=\"wp-block-list\"><li>L\u00edngua Portuguesa &#8211; 10 quest\u00f5es, peso 01 <\/li><li>Inform\u00e1tica &#8211; 06 quest\u00f5es, peso 01  <\/li><li>Racioc\u00ednio L\u00f3gico &#8211; 04 quest\u00f5es, peso 01 <\/li><li>Conhecimentos Espec\u00edficos &#8211; 20 quest\u00f5es, peso 02 <\/li><\/ul>\n\n\n\n<h4 class=\"wp-block-heading\"><em>Todos os cargos de N\u00edvel Fundamental Completo <\/em><\/h4>\n\n\n\n<ul class=\"wp-block-list\"><li>L\u00edngua Portuguesa &#8211; 10 quest\u00f5es, peso 01 <\/li><li>Racioc\u00ednio L\u00f3gico &#8211; 06 quest\u00f5es, peso 01 <\/li><li>Conhecimentos Espec\u00edficos ou Gerais &#8211; 14 quest\u00f5es, peso 02 <\/li><\/ul>\n\n\n\n<h3 class=\"wp-block-heading\">Prova de T\u00edtulos<\/h3>\n\n\n\n<p>Participar\u00e3o da Prova de T\u00edtulos somente os candidatos que concorrerem aos cargos de Pedagogo e Professor, classificados na Prova Objetiva dentro das vagas, acrescido do seu cadastro de reserva e o seu julgamento obedecer\u00e1 aos seguintes crit\u00e9rios de pontua\u00e7\u00e3o:  <\/p>\n\n\n\n<p><\/p>\n\n\n\n<figure class=\"wp-block-table is-style-stripes\"><table class=\"has-subtle-pale-blue-background-color has-fixed-layout has-background\"><tbody><tr><td><\/td><td><strong>QUANTIDADE DE T\u00cdTULOS (M\u00c1XIMO) <\/strong><\/td><td><strong>VALOR UNIT\u00c1RIO <\/strong><\/td><td><strong>VALOR M\u00c1XIMO (PONTOS) <\/strong><\/td><\/tr><tr><td>Certificados de participa\u00e7\u00e3o em Cursos, Semin\u00e1rios, Simp\u00f3sios, Congressos, Oficinas e Workshops relacionados com o cargo, de no m\u00ednimo 30 horas  <\/td><td>8<\/td><td>0,5<\/td><td>4<\/td><\/tr><tr><td>Especializa\u00e7\u00e3o <\/td><td>1<\/td><td>1<\/td><td>1<\/td><\/tr><tr><td>Mestrado <\/td><td>1<\/td><td>2<\/td><td>2<\/td><\/tr><tr><td>Doutorado <\/td><td>1<\/td><td>3<\/td><td>3<\/td><\/tr><tr><td><strong>TOTAL GERAL EM T\u00cdTULOS <\/strong><\/td><td><strong>&#8211;<\/strong><\/td><td><strong>&#8211;<\/strong><\/td><td><strong>10<\/strong><\/td><\/tr><\/tbody><\/table><\/figure>\n\n\n\n<h2 class=\"wp-block-heading\" id=\"edital-estrategico\">Edital Estrat\u00e9gico do concurso Prefeitura de Goiana<\/h2>\n\n\n\n<p class=\"has-background has-text-align-center has-medium-font-size has-very-light-gray-background-color\"><a rel=\"noreferrer noopener\" href=\"https:\/\/drive.google.com\/open?id=0BwI9y3sTyv27RHNOaWJ2RjZ5cmRGTXZGemxhdFVpTmh0bXVV\" target=\"_blank\"><strong>Agente Administrativo<\/strong><\/a><\/p>\n\n\n\n<p class=\"has-background has-text-align-center has-medium-font-size has-very-light-gray-background-color\"><a rel=\"noreferrer noopener\" href=\"https:\/\/drive.google.com\/open?id=0BwI9y3sTyv27Qlp3em8xeG84XzluNDVlcm9kUmN4c2ZTLWsw\" target=\"_blank\"><strong>Agente de Fiscaliza\u00e7\u00e3o de Tr\u00e2nsito e Transporte<\/strong><\/a><\/p>\n\n\n\n<p class=\"has-background has-text-align-center has-medium-font-size has-very-light-gray-background-color\"><a rel=\"noreferrer noopener\" href=\"https:\/\/drive.google.com\/open?id=0BwI9y3sTyv27VFpKNzFNc3I2cW5Yc2pQbnNRanNxWU1nLU1B\" target=\"_blank\"><strong>Agente de Tributos<\/strong><\/a><\/p>\n\n\n\n<p class=\"has-background has-text-align-center has-medium-font-size has-very-light-gray-background-color\"><a rel=\"noreferrer noopener\" href=\"https:\/\/drive.google.com\/open?id=0BwI9y3sTyv27WGg4QlNuREpSbDdtYjlRdDN3ZHhPdkFPcFVB\" target=\"_blank\"><strong>Analista de Controle Interno<\/strong><\/a><\/p>\n\n\n\n<p class=\"has-background has-text-align-center has-medium-font-size has-very-light-gray-background-color\"><a rel=\"noreferrer noopener\" href=\"https:\/\/drive.google.com\/open?id=0BwI9y3sTyv27eHNBbktBN1NXQlZUNG1GUmI3b2dNaURvY0Rr\" target=\"_blank\"><strong>Assistente Administrativo<\/strong><\/a><\/p>\n\n\n\n<p class=\"has-background has-text-align-center has-medium-font-size has-very-light-gray-background-color\"><a rel=\"noreferrer noopener\" href=\"https:\/\/drive.google.com\/open?id=0BwI9y3sTyv27dkN2dG9acTZzdzc3MHJ1eUxlM3RBM2lGLWhJ\" target=\"_blank\"><strong>Auditor Fiscal<\/strong><\/a><\/p>\n\n\n\n<p class=\"has-background has-text-align-center has-medium-font-size has-very-light-gray-background-color\"><a href=\"https:\/\/drive.google.com\/open?id=0BwI9y3sTyv27R0ZzcWpNckpKVk5aMVo5dm1TdEVEY0FUOHdr\" target=\"_blank\" rel=\"noreferrer noopener\"><strong>Auxiliar Administrativo<\/strong><\/a><\/p>\n\n\n\n<p><strong>IMPORTANTE<\/strong>: Ao clicar no link acima, ser\u00e1 aberta uma janela do Google Drive que tentar\u00e1 carregar a visualiza\u00e7\u00e3o da planilha no seu navegador. N\u00e3o h\u00e1 necessidade de esperar essa visualiza\u00e7\u00e3o (talvez at\u00e9 nem carregue, j\u00e1 que os arquivos s\u00e3o pesados).<\/p>\n\n\n\n<p>Fa\u00e7a o download clicando na seta para baixo no canto superior direito da janela do Google Drive que vai ser aberta ao clicar nos links acima.<\/p>\n\n\n\n<p>Todos os arquivos foram testados em diferentes computadores e celulares e est\u00e3o ok. Talvez alguma incompatibilidade (ou mensagem de erro, como \u201carquivo inv\u00e1lido\u201d) ocorra em virtude do seu pr\u00f3prio computador ou do tamanho dos arquivos que possuem mais conte\u00fado.<\/p>\n\n\n\n<h2 class=\"has-text-align-center wp-block-heading\" id=\"cursos\">Quer estudar para o concurso Prefeitura de Goiana?<\/h2>\n\n\n\n<p class=\"has-text-align-center\"><em>Gostou desta oportunidade e deseja come\u00e7ar se preparar agora mesmo? Ent\u00e3o, confira os nossos cursos e comece a estudar:<\/em><\/p>\n\n\n\n<p class=\"has-background has-text-align-center has-medium-font-size has-light-green-cyan-background-color\"><strong><a href=\"https:\/\/www.estrategiaconcursos.com.br\/cursosPorConcurso\/prefeitura-municipal-de-goiana-pe\/\" target=\"_blank\" rel=\"noreferrer noopener\" aria-label=\"CURSO PREFEITURA DE GOIANA (abre numa nova aba)\">CURSO PREFEITURA DE GOIANA<\/a><\/strong><\/p>\n\n\n\n<p class=\"has-text-align-center\"><strong><em>Fique por dentro de todos os concursos<\/em><\/strong><\/p>\n\n\n\n<p class=\"has-background has-text-align-center has-medium-font-size has-pale-cyan-blue-background-color\"><a rel=\"noreferrer noopener\" href=\"https:\/\/www.estrategiaconcursos.com.br\/blog\/concursos-abertos\/\" target=\"_blank\"><strong>CONCURSOS ABERTOS<\/strong><\/a><\/p>\n\n\n\n<p class=\"has-background has-text-align-center has-medium-font-size has-pale-cyan-blue-background-color\"><a rel=\"noreferrer noopener\" href=\"https:\/\/www.estrategiaconcursos.com.br\/blog\/concursos-2020\/\" target=\"_blank\"><strong>CONCURSOS&nbsp;2020<\/strong><\/a><\/p>\n\n\n\n<figure class=\"wp-block-image\"><img loading=\"lazy\" decoding=\"async\" width=\"300\" height=\"102\" src=\"https:\/\/dhg1h5j42swfq.cloudfront.net\/2017\/03\/28152500\/coruja-ficha-tecnica-300x102.png\" alt=\"Ficha t\u00e9cnica do concurso Prefeitura de Goiana\" class=\"wp-image-68542\"\/><\/figure>\n\n\n\n<h3 class=\"wp-block-heading\" id=\"ficha-tecnica\"><strong>Informa\u00e7\u00f5es sobre o c<\/strong>oncurso Prefeitura de Goiana<\/h3>\n\n\n\n<p>\u25ba<strong>Provas<\/strong>: 15 e 16\/02<br \/>\u25ba<strong>Vagas<\/strong>: 696 + 494 CR<br \/>\u25ba<strong>Cargos<\/strong>: V\u00e1rios<br \/>\u25ba<strong>Banca<\/strong>: IDIB<br \/>\u25ba<strong>Escolaridade<\/strong>: N\u00edvel m\u00e9dio, t\u00e9cnico e superior<br \/>\u25ba<strong>Edital<\/strong>:&nbsp;<a rel=\"noreferrer noopener\" aria-label=\"Edital Prefeitura de Goiana (abre numa nova aba)\" href=\"https:\/\/dhg1h5j42swfq.cloudfront.net\/2019\/12\/03105146\/Edital_ISS_Goiana_-_PE.pdf\" target=\"_blank\">Edital Prefeitura de Goiana<\/a><\/p>\n\n\n\n<p><br \/><em>Ascom Estrat\u00e9gia<\/em><br \/>ascomestrategia@gmail.com<\/p>\n","protected":false},"excerpt":{"rendered":"<p>Edital da Prefeitura de Goiana oferta 696 vagas Ap\u00f3s a prorroga\u00e7\u00e3o das inscri\u00e7\u00f5es do concurso p\u00fablico da Prefeitura de Goiana, o processo seletivo foi oficialmente encerrado. Os interessados tiveram que garantir a candidatura atrav\u00e9s do site da banca organizadora, o Instituto de Desenvolvimento Institucional Brasileiro &#8211; IDIB. O edital da Prefeitura de Goiana, munic\u00edpio do [&hellip;]<\/p>\n","protected":false},"author":1,"featured_media":444277,"comment_status":"open","ping_status":"closed","sticky":false,"template":"","format":"standard","meta":{"post_tipo":"news","footnotes":""},"categories":[1],"tags":[],"tax_estado":[],"class_list":["post-454612","post","type-post","status-publish","format-standard","has-post-thumbnail","hentry","category-cursos-e-concursos"],"acf":[],"yoast_head":"<!-- This site is optimized with the Yoast SEO Premium plugin v27.2 (Yoast SEO v27.2) - https:\/\/yoast.com\/product\/yoast-seo-premium-wordpress\/ -->\n<title>Concurso Prefeitura de Goiana: inscri\u00e7\u00f5es ENCERRADAS!<\/title>\n<meta name=\"description\" content=\"Concurso Prefeitura de Goiana (PE): inscri\u00e7\u00f5es encerradas com oferta de 696 vagas imediatas mais 494 em cadastro reserva. Provas previstas para Fevereiro.\" \/>\n<meta name=\"robots\" content=\"index, follow, max-snippet:-1, max-image-preview:large, max-video-preview:-1\" \/>\n<link rel=\"canonical\" href=\"https:\/\/www.estrategiaconcursos.com.br\/blog\/concurso-prefeitura-de-goiana\/\" \/>\n<meta property=\"og:locale\" content=\"pt_BR\" \/>\n<meta property=\"og:type\" content=\"article\" \/>\n<meta property=\"og:title\" content=\"Concurso Prefeitura de Goiana: inscri\u00e7\u00f5es ENCERRADAS!\" \/>\n<meta property=\"og:description\" content=\"Concurso Prefeitura de Goiana (PE): inscri\u00e7\u00f5es encerradas com oferta de 696 vagas imediatas mais 494 em cadastro reserva. Provas previstas para Fevereiro.\" \/>\n<meta property=\"og:url\" content=\"https:\/\/www.estrategiaconcursos.com.br\/blog\/concurso-prefeitura-de-goiana\/\" \/>\n<meta property=\"og:site_name\" content=\"Estrat\u00e9gia Concursos\" \/>\n<meta property=\"article:author\" content=\"https:\/\/www.facebook.com\/EstrategiaConcursos\" \/>\n<meta property=\"article:published_time\" content=\"2020-01-13T05:00:00+00:00\" \/>\n<meta property=\"article:modified_time\" content=\"2020-01-13T11:52:54+00:00\" \/>\n<meta property=\"og:image\" content=\"https:\/\/dhg1h5j42swfq.cloudfront.net\/2019\/11\/05113857\/Saiu-Edital-5.png\" \/>\n\t<meta property=\"og:image:width\" content=\"1200\" \/>\n\t<meta property=\"og:image:height\" content=\"628\" \/>\n\t<meta property=\"og:image:type\" content=\"image\/png\" \/>\n<meta name=\"author\" content=\"Coordena\u00e7\u00e3o\" \/>\n<meta name=\"twitter:card\" content=\"summary_large_image\" \/>\n<meta name=\"twitter:creator\" content=\"@EstratConcursos\" \/>\n<meta name=\"twitter:site\" content=\"@EstratConcursos\" \/>\n<meta name=\"twitter:label1\" content=\"Escrito por\" \/>\n\t<meta name=\"twitter:data1\" content=\"Coordena\u00e7\u00e3o\" \/>\n\t<meta name=\"twitter:label2\" content=\"Est. tempo de leitura\" \/>\n\t<meta name=\"twitter:data2\" content=\"5 minutos\" \/>\n<script type=\"application\/ld+json\" class=\"yoast-schema-graph\">{\"@context\":\"https:\/\/schema.org\",\"@graph\":[{\"@type\":\"NewsArticle\",\"@id\":\"https:\/\/www.estrategiaconcursos.com.br\/blog\/concurso-prefeitura-de-goiana\/#article\",\"isPartOf\":{\"@id\":\"https:\/\/www.estrategiaconcursos.com.br\/blog\/concurso-prefeitura-de-goiana\/\"},\"author\":{\"name\":\"Coordena\u00e7\u00e3o\",\"@id\":\"https:\/\/www.estrategiaconcursos.com.br\/blog\/#\/schema\/person\/b4a388c97673c5f483d72185668afa1f\"},\"headline\":\"Concurso Prefeitura de Goiana: inscri\u00e7\u00f5es ENCERRADAS!\",\"datePublished\":\"2020-01-13T05:00:00+00:00\",\"dateModified\":\"2020-01-13T11:52:54+00:00\",\"mainEntityOfPage\":{\"@id\":\"https:\/\/www.estrategiaconcursos.com.br\/blog\/concurso-prefeitura-de-goiana\/\"},\"wordCount\":982,\"commentCount\":3,\"publisher\":{\"@id\":\"https:\/\/www.estrategiaconcursos.com.br\/blog\/#organization\"},\"image\":{\"@id\":\"https:\/\/www.estrategiaconcursos.com.br\/blog\/concurso-prefeitura-de-goiana\/#primaryimage\"},\"thumbnailUrl\":\"https:\/\/dhg1h5j42swfq.cloudfront.net\/2019\/11\/05113857\/Saiu-Edital-5.png\",\"articleSection\":[\"Concursos P\u00fablicos\"],\"inLanguage\":\"pt-BR\",\"potentialAction\":[{\"@type\":\"CommentAction\",\"name\":\"Comment\",\"target\":[\"https:\/\/www.estrategiaconcursos.com.br\/blog\/concurso-prefeitura-de-goiana\/#respond\"]}],\"copyrightYear\":\"2020\",\"copyrightHolder\":{\"@id\":\"https:\/\/www.estrategiaconcursos.com.br\/blog\/#organization\"}},{\"@type\":\"WebPage\",\"@id\":\"https:\/\/www.estrategiaconcursos.com.br\/blog\/concurso-prefeitura-de-goiana\/\",\"url\":\"https:\/\/www.estrategiaconcursos.com.br\/blog\/concurso-prefeitura-de-goiana\/\",\"name\":\"Concurso Prefeitura de Goiana: inscri\u00e7\u00f5es ENCERRADAS!\",\"isPartOf\":{\"@id\":\"https:\/\/www.estrategiaconcursos.com.br\/blog\/#website\"},\"primaryImageOfPage\":{\"@id\":\"https:\/\/www.estrategiaconcursos.com.br\/blog\/concurso-prefeitura-de-goiana\/#primaryimage\"},\"image\":{\"@id\":\"https:\/\/www.estrategiaconcursos.com.br\/blog\/concurso-prefeitura-de-goiana\/#primaryimage\"},\"thumbnailUrl\":\"https:\/\/dhg1h5j42swfq.cloudfront.net\/2019\/11\/05113857\/Saiu-Edital-5.png\",\"datePublished\":\"2020-01-13T05:00:00+00:00\",\"dateModified\":\"2020-01-13T11:52:54+00:00\",\"description\":\"Concurso Prefeitura de Goiana (PE): inscri\u00e7\u00f5es encerradas com oferta de 696 vagas imediatas mais 494 em cadastro reserva. Provas previstas para Fevereiro.\",\"breadcrumb\":{\"@id\":\"https:\/\/www.estrategiaconcursos.com.br\/blog\/concurso-prefeitura-de-goiana\/#breadcrumb\"},\"inLanguage\":\"pt-BR\",\"potentialAction\":[{\"@type\":\"ReadAction\",\"target\":[\"https:\/\/www.estrategiaconcursos.com.br\/blog\/concurso-prefeitura-de-goiana\/\"]}]},{\"@type\":\"ImageObject\",\"inLanguage\":\"pt-BR\",\"@id\":\"https:\/\/www.estrategiaconcursos.com.br\/blog\/concurso-prefeitura-de-goiana\/#primaryimage\",\"url\":\"https:\/\/dhg1h5j42swfq.cloudfront.net\/2019\/11\/05113857\/Saiu-Edital-5.png\",\"contentUrl\":\"https:\/\/dhg1h5j42swfq.cloudfront.net\/2019\/11\/05113857\/Saiu-Edital-5.png\",\"width\":1200,\"height\":628,\"caption\":\"Edital CRF MA\"},{\"@type\":\"BreadcrumbList\",\"@id\":\"https:\/\/www.estrategiaconcursos.com.br\/blog\/concurso-prefeitura-de-goiana\/#breadcrumb\",\"itemListElement\":[{\"@type\":\"ListItem\",\"position\":1,\"name\":\"In\u00edcio\",\"item\":\"https:\/\/www.estrategiaconcursos.com.br\/blog\/\"},{\"@type\":\"ListItem\",\"position\":2,\"name\":\"Concurso Prefeitura de Goiana: inscri\u00e7\u00f5es ENCERRADAS!\"}]},{\"@type\":\"WebSite\",\"@id\":\"https:\/\/www.estrategiaconcursos.com.br\/blog\/#website\",\"url\":\"https:\/\/www.estrategiaconcursos.com.br\/blog\/\",\"name\":\"Estrat\u00e9gia Concursos\",\"description\":\"O blog da Estrat\u00e9gia Concursos traz not\u00edcias sobre concursos e artigos de professores oferecendo cursos para concursos (pdf + videaulas) no site.\",\"publisher\":{\"@id\":\"https:\/\/www.estrategiaconcursos.com.br\/blog\/#organization\"},\"potentialAction\":[{\"@type\":\"SearchAction\",\"target\":{\"@type\":\"EntryPoint\",\"urlTemplate\":\"https:\/\/www.estrategiaconcursos.com.br\/blog\/?s={search_term_string}\"},\"query-input\":{\"@type\":\"PropertyValueSpecification\",\"valueRequired\":true,\"valueName\":\"search_term_string\"}}],\"inLanguage\":\"pt-BR\"},{\"@type\":\"Organization\",\"@id\":\"https:\/\/www.estrategiaconcursos.com.br\/blog\/#organization\",\"name\":\"Estrat\u00e9gia Concursos\",\"url\":\"https:\/\/www.estrategiaconcursos.com.br\/blog\/\",\"logo\":{\"@type\":\"ImageObject\",\"inLanguage\":\"pt-BR\",\"@id\":\"https:\/\/www.estrategiaconcursos.com.br\/blog\/#\/schema\/logo\/image\/\",\"url\":\"https:\/\/dhg1h5j42swfq.cloudfront.net\/2025\/06\/03203428\/logo_concursos-1.jpg\",\"contentUrl\":\"https:\/\/dhg1h5j42swfq.cloudfront.net\/2025\/06\/03203428\/logo_concursos-1.jpg\",\"width\":230,\"height\":60,\"caption\":\"Estrat\u00e9gia Concursos\"},\"image\":{\"@id\":\"https:\/\/www.estrategiaconcursos.com.br\/blog\/#\/schema\/logo\/image\/\"},\"sameAs\":[\"https:\/\/x.com\/EstratConcursos\"]},{\"@type\":\"Person\",\"@id\":\"https:\/\/www.estrategiaconcursos.com.br\/blog\/#\/schema\/person\/b4a388c97673c5f483d72185668afa1f\",\"name\":\"Coordena\u00e7\u00e3o\",\"image\":{\"@type\":\"ImageObject\",\"inLanguage\":\"pt-BR\",\"@id\":\"https:\/\/secure.gravatar.com\/avatar\/b720319e4c9a967eb58678d110f4fe35452fc5d5f97b202bac7b8acceb18c6ad?s=96&d=mm&r=g\",\"url\":\"https:\/\/secure.gravatar.com\/avatar\/b720319e4c9a967eb58678d110f4fe35452fc5d5f97b202bac7b8acceb18c6ad?s=96&d=mm&r=g\",\"contentUrl\":\"https:\/\/secure.gravatar.com\/avatar\/b720319e4c9a967eb58678d110f4fe35452fc5d5f97b202bac7b8acceb18c6ad?s=96&d=mm&r=g\",\"caption\":\"Coordena\u00e7\u00e3o\"},\"sameAs\":[\"https:\/\/www.facebook.com\/EstrategiaConcursos\",\"https:\/\/x.com\/EstratConcursos\"],\"url\":\"https:\/\/www.estrategiaconcursos.com.br\/blog\/author\/estrategia2013\/\"}]}<\/script>\n<!-- \/ Yoast SEO Premium plugin. -->","yoast_head_json":{"title":"Concurso Prefeitura de Goiana: inscri\u00e7\u00f5es ENCERRADAS!","description":"Concurso Prefeitura de Goiana (PE): inscri\u00e7\u00f5es encerradas com oferta de 696 vagas imediatas mais 494 em cadastro reserva. Provas previstas para Fevereiro.","robots":{"index":"index","follow":"follow","max-snippet":"max-snippet:-1","max-image-preview":"max-image-preview:large","max-video-preview":"max-video-preview:-1"},"canonical":"https:\/\/www.estrategiaconcursos.com.br\/blog\/concurso-prefeitura-de-goiana\/","og_locale":"pt_BR","og_type":"article","og_title":"Concurso Prefeitura de Goiana: inscri\u00e7\u00f5es ENCERRADAS!","og_description":"Concurso Prefeitura de Goiana (PE): inscri\u00e7\u00f5es encerradas com oferta de 696 vagas imediatas mais 494 em cadastro reserva. Provas previstas para Fevereiro.","og_url":"https:\/\/www.estrategiaconcursos.com.br\/blog\/concurso-prefeitura-de-goiana\/","og_site_name":"Estrat\u00e9gia Concursos","article_author":"https:\/\/www.facebook.com\/EstrategiaConcursos","article_published_time":"2020-01-13T05:00:00+00:00","article_modified_time":"2020-01-13T11:52:54+00:00","og_image":[{"width":1200,"height":628,"url":"https:\/\/dhg1h5j42swfq.cloudfront.net\/2019\/11\/05113857\/Saiu-Edital-5.png","type":"image\/png"}],"author":"Coordena\u00e7\u00e3o","twitter_card":"summary_large_image","twitter_creator":"@EstratConcursos","twitter_site":"@EstratConcursos","twitter_misc":{"Escrito por":"Coordena\u00e7\u00e3o","Est. tempo de leitura":"5 minutos"},"schema":{"@context":"https:\/\/schema.org","@graph":[{"@type":"NewsArticle","@id":"https:\/\/www.estrategiaconcursos.com.br\/blog\/concurso-prefeitura-de-goiana\/#article","isPartOf":{"@id":"https:\/\/www.estrategiaconcursos.com.br\/blog\/concurso-prefeitura-de-goiana\/"},"author":{"name":"Coordena\u00e7\u00e3o","@id":"https:\/\/www.estrategiaconcursos.com.br\/blog\/#\/schema\/person\/b4a388c97673c5f483d72185668afa1f"},"headline":"Concurso Prefeitura de Goiana: inscri\u00e7\u00f5es ENCERRADAS!","datePublished":"2020-01-13T05:00:00+00:00","dateModified":"2020-01-13T11:52:54+00:00","mainEntityOfPage":{"@id":"https:\/\/www.estrategiaconcursos.com.br\/blog\/concurso-prefeitura-de-goiana\/"},"wordCount":982,"commentCount":3,"publisher":{"@id":"https:\/\/www.estrategiaconcursos.com.br\/blog\/#organization"},"image":{"@id":"https:\/\/www.estrategiaconcursos.com.br\/blog\/concurso-prefeitura-de-goiana\/#primaryimage"},"thumbnailUrl":"https:\/\/dhg1h5j42swfq.cloudfront.net\/2019\/11\/05113857\/Saiu-Edital-5.png","articleSection":["Concursos P\u00fablicos"],"inLanguage":"pt-BR","potentialAction":[{"@type":"CommentAction","name":"Comment","target":["https:\/\/www.estrategiaconcursos.com.br\/blog\/concurso-prefeitura-de-goiana\/#respond"]}],"copyrightYear":"2020","copyrightHolder":{"@id":"https:\/\/www.estrategiaconcursos.com.br\/blog\/#organization"}},{"@type":"WebPage","@id":"https:\/\/www.estrategiaconcursos.com.br\/blog\/concurso-prefeitura-de-goiana\/","url":"https:\/\/www.estrategiaconcursos.com.br\/blog\/concurso-prefeitura-de-goiana\/","name":"Concurso Prefeitura de Goiana: inscri\u00e7\u00f5es ENCERRADAS!","isPartOf":{"@id":"https:\/\/www.estrategiaconcursos.com.br\/blog\/#website"},"primaryImageOfPage":{"@id":"https:\/\/www.estrategiaconcursos.com.br\/blog\/concurso-prefeitura-de-goiana\/#primaryimage"},"image":{"@id":"https:\/\/www.estrategiaconcursos.com.br\/blog\/concurso-prefeitura-de-goiana\/#primaryimage"},"thumbnailUrl":"https:\/\/dhg1h5j42swfq.cloudfront.net\/2019\/11\/05113857\/Saiu-Edital-5.png","datePublished":"2020-01-13T05:00:00+00:00","dateModified":"2020-01-13T11:52:54+00:00","description":"Concurso Prefeitura de Goiana (PE): inscri\u00e7\u00f5es encerradas com oferta de 696 vagas imediatas mais 494 em cadastro reserva. Provas previstas para Fevereiro.","breadcrumb":{"@id":"https:\/\/www.estrategiaconcursos.com.br\/blog\/concurso-prefeitura-de-goiana\/#breadcrumb"},"inLanguage":"pt-BR","potentialAction":[{"@type":"ReadAction","target":["https:\/\/www.estrategiaconcursos.com.br\/blog\/concurso-prefeitura-de-goiana\/"]}]},{"@type":"ImageObject","inLanguage":"pt-BR","@id":"https:\/\/www.estrategiaconcursos.com.br\/blog\/concurso-prefeitura-de-goiana\/#primaryimage","url":"https:\/\/dhg1h5j42swfq.cloudfront.net\/2019\/11\/05113857\/Saiu-Edital-5.png","contentUrl":"https:\/\/dhg1h5j42swfq.cloudfront.net\/2019\/11\/05113857\/Saiu-Edital-5.png","width":1200,"height":628,"caption":"Edital CRF MA"},{"@type":"BreadcrumbList","@id":"https:\/\/www.estrategiaconcursos.com.br\/blog\/concurso-prefeitura-de-goiana\/#breadcrumb","itemListElement":[{"@type":"ListItem","position":1,"name":"In\u00edcio","item":"https:\/\/www.estrategiaconcursos.com.br\/blog\/"},{"@type":"ListItem","position":2,"name":"Concurso Prefeitura de Goiana: inscri\u00e7\u00f5es ENCERRADAS!"}]},{"@type":"WebSite","@id":"https:\/\/www.estrategiaconcursos.com.br\/blog\/#website","url":"https:\/\/www.estrategiaconcursos.com.br\/blog\/","name":"Estrat\u00e9gia Concursos","description":"O blog da Estrat\u00e9gia Concursos traz not\u00edcias sobre concursos e artigos de professores oferecendo cursos para concursos (pdf + videaulas) no site.","publisher":{"@id":"https:\/\/www.estrategiaconcursos.com.br\/blog\/#organization"},"potentialAction":[{"@type":"SearchAction","target":{"@type":"EntryPoint","urlTemplate":"https:\/\/www.estrategiaconcursos.com.br\/blog\/?s={search_term_string}"},"query-input":{"@type":"PropertyValueSpecification","valueRequired":true,"valueName":"search_term_string"}}],"inLanguage":"pt-BR"},{"@type":"Organization","@id":"https:\/\/www.estrategiaconcursos.com.br\/blog\/#organization","name":"Estrat\u00e9gia Concursos","url":"https:\/\/www.estrategiaconcursos.com.br\/blog\/","logo":{"@type":"ImageObject","inLanguage":"pt-BR","@id":"https:\/\/www.estrategiaconcursos.com.br\/blog\/#\/schema\/logo\/image\/","url":"https:\/\/dhg1h5j42swfq.cloudfront.net\/2025\/06\/03203428\/logo_concursos-1.jpg","contentUrl":"https:\/\/dhg1h5j42swfq.cloudfront.net\/2025\/06\/03203428\/logo_concursos-1.jpg","width":230,"height":60,"caption":"Estrat\u00e9gia Concursos"},"image":{"@id":"https:\/\/www.estrategiaconcursos.com.br\/blog\/#\/schema\/logo\/image\/"},"sameAs":["https:\/\/x.com\/EstratConcursos"]},{"@type":"Person","@id":"https:\/\/www.estrategiaconcursos.com.br\/blog\/#\/schema\/person\/b4a388c97673c5f483d72185668afa1f","name":"Coordena\u00e7\u00e3o","image":{"@type":"ImageObject","inLanguage":"pt-BR","@id":"https:\/\/secure.gravatar.com\/avatar\/b720319e4c9a967eb58678d110f4fe35452fc5d5f97b202bac7b8acceb18c6ad?s=96&d=mm&r=g","url":"https:\/\/secure.gravatar.com\/avatar\/b720319e4c9a967eb58678d110f4fe35452fc5d5f97b202bac7b8acceb18c6ad?s=96&d=mm&r=g","contentUrl":"https:\/\/secure.gravatar.com\/avatar\/b720319e4c9a967eb58678d110f4fe35452fc5d5f97b202bac7b8acceb18c6ad?s=96&d=mm&r=g","caption":"Coordena\u00e7\u00e3o"},"sameAs":["https:\/\/www.facebook.com\/EstrategiaConcursos","https:\/\/x.com\/EstratConcursos"],"url":"https:\/\/www.estrategiaconcursos.com.br\/blog\/author\/estrategia2013\/"}]}},"_links":{"self":[{"href":"https:\/\/www.estrategiaconcursos.com.br\/blog\/wp-json\/wp\/v2\/posts\/454612","targetHints":{"allow":["GET"]}}],"collection":[{"href":"https:\/\/www.estrategiaconcursos.com.br\/blog\/wp-json\/wp\/v2\/posts"}],"about":[{"href":"https:\/\/www.estrategiaconcursos.com.br\/blog\/wp-json\/wp\/v2\/types\/post"}],"author":[{"embeddable":true,"href":"https:\/\/www.estrategiaconcursos.com.br\/blog\/wp-json\/wp\/v2\/users\/1"}],"replies":[{"embeddable":true,"href":"https:\/\/www.estrategiaconcursos.com.br\/blog\/wp-json\/wp\/v2\/comments?post=454612"}],"version-history":[{"count":31,"href":"https:\/\/www.estrategiaconcursos.com.br\/blog\/wp-json\/wp\/v2\/posts\/454612\/revisions"}],"predecessor-version":[{"id":469144,"href":"https:\/\/www.estrategiaconcursos.com.br\/blog\/wp-json\/wp\/v2\/posts\/454612\/revisions\/469144"}],"wp:featuredmedia":[{"embeddable":true,"href":"https:\/\/www.estrategiaconcursos.com.br\/blog\/wp-json\/wp\/v2\/media\/444277"}],"wp:attachment":[{"href":"https:\/\/www.estrategiaconcursos.com.br\/blog\/wp-json\/wp\/v2\/media?parent=454612"}],"wp:term":[{"taxonomy":"category","embeddable":true,"href":"https:\/\/www.estrategiaconcursos.com.br\/blog\/wp-json\/wp\/v2\/categories?post=454612"},{"taxonomy":"post_tag","embeddable":true,"href":"https:\/\/www.estrategiaconcursos.com.br\/blog\/wp-json\/wp\/v2\/tags?post=454612"},{"taxonomy":"tax_estado","embeddable":true,"href":"https:\/\/www.estrategiaconcursos.com.br\/blog\/wp-json\/wp\/v2\/tax_estado?post=454612"}],"curies":[{"name":"wp","href":"https:\/\/api.w.org\/{rel}","templated":true}]}}