{"id":454509,"date":"2019-12-02T21:32:13","date_gmt":"2019-12-03T00:32:13","guid":{"rendered":"https:\/\/www.estrategiaconcursos.com.br\/blog\/?p=454509"},"modified":"2022-10-24T17:40:08","modified_gmt":"2022-10-24T20:40:08","slug":"gabarito-trf3-tecnico-comentarios-as-questoes-de-processo-penal","status":"publish","type":"post","link":"https:\/\/www.estrategiaconcursos.com.br\/blog\/gabarito-trf3-tecnico-comentarios-as-questoes-de-processo-penal\/","title":{"rendered":"GABARITO TRF3 &#8211; T\u00c9CNICO &#8211; Coment\u00e1rios \u00e0s quest\u00f5es de processo penal"},"content":{"rendered":"\n<p class=\"has-text-align-center\">GABARITO TRF3 &#8211; T\u00c9CNICO JUDICI\u00c1RIO &#8211; PROCESSO PENAL<\/p>\n\n\n\n<p>Ol\u00e1, pessoal<\/p>\n\n\n\n<p>Para quem n\u00e3o me conhece ainda, meu nome \u00e9 <strong>Renan Araujo<\/strong> e sou professor aqui no Estrat\u00e9gia Concursos, lecionando as mat\u00e9rias de Direito Penal e Processual Penal.<\/p>\n\n\n\n<p>Antes de prosseguir, <strong>convido voc\u00ea a me seguir no INSTAGRAM<\/strong>:<strong>&nbsp;<a href=\"http:\/\/www.instagram.com\/profrenanaraujo\/?hl=pt-br\">Instagram do Prof. Renan Araujo<\/a><\/strong><\/p>\n\n\n\n<p>Neste artigo vamos comentar as quest\u00f5es de <strong>Direito Processual Penal<\/strong> que foram cobradas pela Banca <strong>FCC<\/strong> no concurso do TRF3, cuja prova foi realizada ontem, 01.12.2019.<\/p>\n\n\n\n<p>Vamos aos coment\u00e1rios:<\/p>\n\n\n\n<p><strong>PS.: A quest\u00e3o 43 n\u00e3o consta pois ficou a cargo do Prof. Paulo Guimar\u00e3es.<\/strong><\/p>\n\n\n\n<p><strong>42. (FCC \u2013 2019 \u2013 TRF3 &nbsp;\u2013 T\u00c9CNICO JUDICI\u00c1RIO)<\/strong><\/p>\n\n\n\n<p><strong>Sobre a compet\u00eancia penal da Justi\u00e7a Federal,\n\u00e9 INCORRETO afirmar que compete<\/strong><\/p>\n\n\n\n<p><strong>(A) aos ju\u00edzes federais processar e julgar os\ncrimes previstos em tratado ou conven\u00e7\u00e3o internacional, quando, iniciada a execu\u00e7\u00e3o\nno Pa\u00eds, o resultado tenha ou devesse ter ocorrido no estrangeiro, ou\nreciprocamente.<\/strong><\/p>\n\n\n\n<p><strong>(B) aos ju\u00edzes federais processar e julgar os\ncrimes cometidos a bordo de navios ou aeronaves, ressalvada a compet\u00eancia da Justi\u00e7a\nMilitar.<\/strong><\/p>\n\n\n\n<p><strong>(C) aos Tribunais Regionais Federais julgar\noriginariamente os membros do Minist\u00e9rio P\u00fablico da Uni\u00e3o nos crimes comuns, ressalvada\na compet\u00eancia da Justi\u00e7a Eleitoral.<\/strong><\/p>\n\n\n\n<p><strong>(D) ao Superior Tribunal de Justi\u00e7a julgar,\nem recurso ordin\u00e1rio, decis\u00f5es concessivas de habeas corpus decididos em \u00faltima\nou \u00fanica inst\u00e2ncia pelos Tribunais Regionais Federais.<\/strong><\/p>\n\n\n\n<p><strong>(E) aos Tribunais Regionais Federais\nprocessar e julgar as revis\u00f5es criminais de julgados dos ju\u00edzes federais da\nregi\u00e3o<\/strong><\/p>\n\n\n\n<p><strong>COMENT\u00c1RIOS<\/strong><\/p>\n\n\n\n<p>a)\nCORRETA: Item correto, pois esta \u00e9 a exata previs\u00e3o do art. 109, V da CF\/88.<\/p>\n\n\n\n<p>b)\nCORRETA: Item correto, pois esta \u00e9 a exata previs\u00e3o do art. 109, IX da CF\/88.<\/p>\n\n\n\n<p>c)\nCORRETA: Item correto, pois esta compet\u00eancia do TRF est\u00e1 prevista no art. 108,\nI, \u201ca\u201d da CF\/88.<\/p>\n\n\n\n<p>d) ERRADA:\nItem errado, pois a compet\u00eancia do STJ para julgar o Recurso Ordin\u00e1rio neste caso\nse d\u00e1 apenas quando for DENEGAT\u00d3RIA a decis\u00e3o em sede de habeas corpus,\nconforme art. 105, II, \u201ca\u201d da CF\/88.<\/p>\n\n\n\n<p>d)\nCORRETA: Item correto, pois esta compet\u00eancia do TRF est\u00e1 prevista no art. 108,\nI, \u201cb\u201d da CF\/88.<\/p>\n\n\n\n<p><strong>GABARITO: Letra D<\/strong><\/p>\n\n\n\n<p><strong>44. (FCC \u2013 2019 \u2013 TRF3 \u2013 T\u00c9CNICO JUDICI\u00c1RIO)<\/strong><\/p>\n\n\n\n<p><strong>Maur\u00edcio esteve em uma festa realizada em uma\ncasa noturna, situada na cidade de S\u00e3o Paulo, no dia 10 de julho de 2019.<\/strong><\/p>\n\n\n\n<p><strong>Acabou se envolvendo em uma briga e foi\nagredido por duas pessoas n\u00e3o identificadas. Maur\u00edcio registrou Boletim de Ocorr\u00eancia\ne foi submetido a exame de corpo de delito, que constatou que ele sofreu les\u00f5es\ncorporais de natureza leve. No curso das investiga\u00e7\u00f5es, de posse das imagens\ndas c\u00e2meras de seguran\u00e7a do estabelecimento, foi poss\u00edvel identificar os dois agressores.\nMaur\u00edcio compareceu ao Distrito Policial e realizou o reconhecimento pessoal\ndos seus agressores em 15 de agosto de 2019, os quais foram devidamente\nqualificados nessa data. No dia 10 de setembro de 2019, Maur\u00edcio faleceu em\ndecorr\u00eancia de um infarto, deixando uma esposa, Fab\u00edola. No caso hipot\u00e9tico\napresentado, tratando-se de crime que se processa mediante representa\u00e7\u00e3o do\nofendido, Fab\u00edola, na condi\u00e7\u00e3o de c\u00f4njuge do falecido, dever\u00e1 ofertar a\nnecess\u00e1ria representa\u00e7\u00e3o para ver os agressores do seu finado esposo\nprocessados criminalmente no prazo de<\/strong><\/p>\n\n\n\n<p><strong>(A) 03 meses, contado a partir da data do\n\u00f3bito de Maur\u00edcio.<\/strong><\/p>\n\n\n\n<p><strong>(B) 06 meses, contado a partir do dia 10 de\njulho de 2019.<\/strong><\/p>\n\n\n\n<p><strong>(C) 06 meses, contado a partir do dia 15 de\nagosto de 2019.<\/strong><\/p>\n\n\n\n<p><strong>(D) 06 meses, contado a partir da data do\n\u00f3bito de Maur\u00edcio.<\/strong><\/p>\n\n\n\n<p><strong>(E) 03 meses, contado a partir do dia 10 de\njulho de 2019.<\/strong><\/p>\n\n\n\n<p><strong>COMENT\u00c1RIOS<\/strong><\/p>\n\n\n\n<p>O\nprazo ser\u00e1 de 06 meses a contar da ci\u00eancia da autoria, no caso, dia 15.08.2019,\nconforme art. 38 do CP:<\/p>\n\n\n\n<p>Art. 38.&nbsp; Salvo\ndisposi\u00e7\u00e3o em contr\u00e1rio, o ofendido, ou seu representante legal, decair\u00e1 no\ndireito de queixa ou de representa\u00e7\u00e3o, se n\u00e3o o exercer dentro do prazo de seis\nmeses, contado do dia em que vier a saber quem \u00e9 o autor do crime, ou, no caso\ndo art. 29, do dia em que se esgotar o prazo para o oferecimento da den\u00fancia.<\/p>\n\n\n\n<p>Assim,\na esposa da v\u00edtima receber\u00e1 o prazo de 06 meses J\u00c1 EM CURSO (pois a v\u00edtima\nmorreu durante o curso do prazo).<\/p>\n\n\n\n<p><strong>GABARITO: Letra C<\/strong><\/p>\n\n\n\n<p><strong>45. (FCC \u2013 2019 \u2013 TRF3 \u2013 T\u00c9CNICO JUDICI\u00c1RIO)<\/strong><\/p>\n\n\n\n<p><strong>Lucas est\u00e1 sendo processado por crime de\npeculato (artigo 312, do C\u00f3digo Penal) em uma das varas da Justi\u00e7a Federal de Campo\nGrande, com compet\u00eancia criminal. Ao t\u00e9rmino da regular instru\u00e7\u00e3o do feito, o\nMagistrado competente proferiu senten\u00e7a, que condenou Lucas a cumprir pena de\n04 anos de reclus\u00e3o, em regime inicial semiaberto, e ao pagamento de 10\ndias-multa. Uma das teses veiculadas pelos advogados do r\u00e9u, Lucas, n\u00e3o foi\nanalisada na senten\u00e7a proferida pelo Magistrado. Nesse caso, Lucas, por meio de\nseus advogados, poder\u00e1 interpor embargos de declara\u00e7\u00e3o a partir da publica\u00e7\u00e3o\nda senten\u00e7a condenat\u00f3ria, no prazo de<\/strong><\/p>\n\n\n\n<p><strong>(A) 02 dias.<\/strong><\/p>\n\n\n\n<p><strong>(B) 05 dias.<\/strong><\/p>\n\n\n\n<p><strong>(C) 10 dias.<\/strong><\/p>\n\n\n\n<p><strong>(D) 15 dias.<\/strong><\/p>\n\n\n\n<p><strong>(E) 03 dias.<\/strong><\/p>\n\n\n\n<p><strong>COMENT\u00c1RIOS<\/strong><\/p>\n\n\n\n<p>O\nart. 382 do CPP assim estabelece:<\/p>\n\n\n\n<p>Art. 382.&nbsp; Qualquer\ndas partes poder\u00e1, no prazo de 2 (dois) dias, pedir ao juiz que declare a\nsenten\u00e7a, sempre que nela houver obscuridade, ambig\u00fcidade, contradi\u00e7\u00e3o ou\nomiss\u00e3o.<\/p>\n\n\n\n<p>Assim,\no prazo para a interposi\u00e7\u00e3o dos embargos ser\u00e1 de 02 dias.<\/p>\n\n\n\n<p><strong>GABARITO: Letra A<\/strong><\/p>\n\n\n\n<p><strong>46. (FCC \u2013 2019 \u2013 TRF3 \u2013 T\u00c9CNICO JUDICI\u00c1RIO)<\/strong><\/p>\n\n\n\n<p><strong>Maurilio e Pedro foram investigados pela\nPol\u00edcia Federal pelos crimes de forma\u00e7\u00e3o de quadrilha, corrup\u00e7\u00e3o ativa e\nlavagem de dinheiro. Encerrado e relatado o inqu\u00e9rito policial, o Minist\u00e9rio\nP\u00fablico ofereceu den\u00fancia contra Maurilio e Pedro e apresentou requerimento ao\nmagistrado competente para decreta\u00e7\u00e3o das pris\u00f5es preventivas dos denunciados.\nO magistrado, ao proferir o despacho inicial admitindo a den\u00fancia, indeferiu o\nrequerimento de pris\u00e3o preventiva, entendendo que estavam ausentes os requisitos\nlegais para tanto. Inconformado, o Minist\u00e9rio P\u00fablico Federal poder\u00e1 interpor<\/strong><\/p>\n\n\n\n<p><strong>(A) agravo de instrumento, no prazo de 10\ndias.<\/strong><\/p>\n\n\n\n<p><strong>(B) recurso em sentido estrito, no prazo de\n05 dias.<\/strong><\/p>\n\n\n\n<p><strong>(C) correi\u00e7\u00e3o parcial, no prazo de 05 dias.<\/strong><\/p>\n\n\n\n<p><strong>(D) apela\u00e7\u00e3o, no prazo de 05 dias.<\/strong><\/p>\n\n\n\n<p><strong>(E) mandado de seguran\u00e7a, no prazo de 10\ndias.<\/strong><\/p>\n\n\n\n<p><strong>COMENT\u00c1RIOS<\/strong><\/p>\n\n\n\n<p>O\nrecurso cab\u00edvel, neste caso, \u00e9 o recurso em sentido estrito, no prazo de 05\ndias, conforme art. 581, V c\/c art. 586, ambos do CPP:<\/p>\n\n\n\n<p>Art. 581.&nbsp; Caber\u00e1\nrecurso, no sentido estrito, da decis\u00e3o, despacho ou senten\u00e7a:<\/p>\n\n\n\n<p>(&#8230;)<\/p>\n\n\n\n<p>V &#8211; que conceder, negar, arbitrar, cassar ou julgar\ninid\u00f4nea a fian\u00e7a, indeferir requerimento de pris\u00e3o preventiva ou revog\u00e1-la,\nconceder liberdade provis\u00f3ria ou relaxar a pris\u00e3o em flagrante;&nbsp;&nbsp;&nbsp;&nbsp;&nbsp;&nbsp;&nbsp;&nbsp;&nbsp;&nbsp; (Reda\u00e7\u00e3o dada pela Lei n\u00ba 7.780, de\n22.6.1989)<\/p>\n\n\n\n<p>(&#8230;)<\/p>\n\n\n\n<p>Art. 586.&nbsp; O recurso\nvolunt\u00e1rio poder\u00e1 ser interposto no prazo de cinco dias.<\/p>\n\n\n\n<p><strong>GABARITO: Letra B<\/strong><\/p>\n\n\n\n<p><strong>47. (FCC \u2013 2019 \u2013 TRF3 \u2013 T\u00c9CNICO JUDICI\u00c1RIO)<\/strong><\/p>\n\n\n\n<p><strong>Marina est\u00e1 respondendo, em liberdade,\nprocesso por crime de contrabando em uma das varas com compet\u00eancia criminal da Justi\u00e7a\nFederal de Campo Grande\/MS. No momento da sua pris\u00e3o em flagrante, ao ser qualificada,\nMarina declarou o seu endere\u00e7o residencial na Avenida Lil\u00e1s, no 1, apartamento\n12, na cidade de Campo Grande, endere\u00e7o esse ratificado quando da concess\u00e3o do\nbenef\u00edcio da liberdade provis\u00f3ria pelo magistrado competente. Ao t\u00e9rmino do\ninqu\u00e9rito policial, o Minist\u00e9rio P\u00fablico Federal denunciou Marina pelo crime do\nartigo 334-A, C\u00f3digo Penal (contrabando). A den\u00fancia foi recebida e a r\u00e9\ndevidamente citada para responder \u00e0 a\u00e7\u00e3o penal, apresentando sua defesa\npreliminar. Ap\u00f3s manter o recebimento da den\u00fancia, o magistrado competente\ndesignou audi\u00eancia de instru\u00e7\u00e3o, debates e julgamento. Expedido mandado de\nintima\u00e7\u00e3o para a audi\u00eancia, Marina n\u00e3o \u00e9 encontrada no endere\u00e7o que forneceu,\ntendo mudado de domic\u00edlio sem comunicar o ju\u00edzo. No dia da audi\u00eancia Marina n\u00e3o\ncompareceu ao ato processual. Nesse caso, o magistrado que preside a a\u00e7\u00e3o penal\ndever\u00e1<\/strong><\/p>\n\n\n\n<p><strong>(A) redesignar a audi\u00eancia de instru\u00e7\u00e3o e\ndeterminar a realiza\u00e7\u00e3o de pesquisas por meio do sistema SIEL (Tribunal\nRegional Eleitoral) e Bacenjud, para tentar localizar e intimar pessoalmente a\nr\u00e9 Marina.<\/strong><\/p>\n\n\n\n<p><strong>(B) redesignar a audi\u00eancia de instru\u00e7\u00e3o e\ndeterminar a intima\u00e7\u00e3o de Marina por edital para a nova data que ser\u00e1 agendada.<\/strong><\/p>\n\n\n\n<p><strong>(C) determinar a suspens\u00e3o do processo e do\ncurso do prazo prescricional at\u00e9 a localiza\u00e7\u00e3o de Marina.<\/strong><\/p>\n\n\n\n<p><strong>(D) realizar normalmente a audi\u00eancia de\ninstru\u00e7\u00e3o e, posteriormente, determinar a intima\u00e7\u00e3o de Marina por edital para\numa nova audi\u00eancia de interrogat\u00f3rio.<\/strong><\/p>\n\n\n\n<p><strong>(E) determinar o regular prosseguimento do\nprocesso at\u00e9 julgamento sem a presen\u00e7a da acusada Marina, declarando a sua revelia.<\/strong><\/p>\n\n\n\n<p><strong>COMENT\u00c1RIOS<\/strong><\/p>\n\n\n\n<p>O\nart. 367 do CPP assim estabelece:<\/p>\n\n\n\n<p>Art. 367. O processo seguir\u00e1 sem a presen\u00e7a do acusado\nque, citado ou intimado pessoalmente para qualquer ato, deixar de comparecer\nsem motivo justificado, ou, no caso de mudan\u00e7a de resid\u00eancia, n\u00e3o comunicar o\nnovo endere\u00e7o ao ju\u00edzo.&nbsp;&nbsp;&nbsp; &nbsp;&nbsp;&nbsp;&nbsp;&nbsp;&nbsp;&nbsp;(Reda\u00e7\u00e3o dada pela Lei n\u00ba 9.271, de\n17.4.1996)<\/p>\n\n\n\n<p>Ora,\nse a r\u00e9 se mudou sem comunicar novo endere\u00e7o ao Ju\u00edzo, dever\u00e1 este determinar o\nregular prosseguimento do feito, que seguir\u00e1 \u201csem a presen\u00e7a do acusado\u201d, ou\nseja, sem a necessidade de intim\u00e1-lo para os futuros atos processuais,\nconsiderando-o como \u201causente\u201d.<\/p>\n\n\n\n<p><strong>GABARITO: Letra E<\/strong><\/p>\n\n\n\n<p><strong>48. (FCC \u2013 2019 \u2013 TRF3 \u2013 T\u00c9CNICO JUDICI\u00c1RIO)<\/strong><\/p>\n\n\n\n<p><strong>Considere os seguintes casos hipot\u00e9ticos:<\/strong><\/p>\n\n\n\n<p><strong>I. Paulo, funcion\u00e1rio p\u00fablico no exerc\u00edcio do\nseu cargo, cometeu crime de corrup\u00e7\u00e3o passiva ao exigir dinheiro de uma determinada\npessoa para deixar de praticar determinado ato de of\u00edcio.<\/strong><\/p>\n\n\n\n<p><strong>II. J\u00falio cometeu crime de c\u00e1rcere privado\n(artigo 148, do C\u00f3digo Penal) ao invadir a casa da ex-namorada, que n\u00e3o queria reatar\no relacionamento amoroso.<\/strong><\/p>\n\n\n\n<p><strong>III. Afonso cometeu crime de roubo (artigo\n157, do C\u00f3digo Penal) contra um hipermercado situado na cidade de S\u00e3o Paulo, em\ncomparsaria com outros elementos.<\/strong><\/p>\n\n\n\n<p><strong>IV. Manoel, funcion\u00e1rio p\u00fablico, cometeu\ncrime de peculato ap\u00f3s se apropriar de dinheiro de que teve a posse em raz\u00e3o do\nseu cargo.<\/strong><\/p>\n\n\n\n<p><strong>Presentes todos os requisitos legais\nprevistos na Lei no 7.960\/1989, que disp\u00f5e sobre a pris\u00e3o tempor\u00e1ria, o\nmagistrado competente poder\u00e1 decretar a pris\u00e3o tempor\u00e1ria de:<\/strong><\/p>\n\n\n\n<p><strong>(A) Paulo, J\u00falio e Manoel, apenas.<\/strong><\/p>\n\n\n\n<p><strong>(B) Paulo, J\u00falio, Afonso e Manoel.<\/strong><\/p>\n\n\n\n<p><strong>(C) Paulo, Afonso e Manoel, apenas.<\/strong><\/p>\n\n\n\n<p><strong>(D) J\u00falio e Afonso, apenas.<\/strong><\/p>\n\n\n\n<p><strong>(E) J\u00falio e Manoel, apenas.<\/strong><\/p>\n\n\n\n<p><strong>COMENT\u00c1RIOS<\/strong><\/p>\n\n\n\n<p>A\npris\u00e3o tempor\u00e1ria s\u00f3 tem cabimento no caso de crimes previstos no art. 1\u00ba, III\nda Lei 7.960\/89 ou no caso de crimes hediondos ou equiparados.<\/p>\n\n\n\n<p>No\ncaso em tela, apenas J\u00falio e Afonso praticaram crimes que admitem a tempor\u00e1ria.\nVejamos:<\/p>\n\n\n\n<p>Art. 1\u00b0 Caber\u00e1 pris\u00e3o tempor\u00e1ria:<\/p>\n\n\n\n<p>(&#8230;)<\/p>\n\n\n\n<p>III &#8211; quando houver fundadas raz\u00f5es, de acordo com\nqualquer prova admitida na legisla\u00e7\u00e3o penal, de autoria ou participa\u00e7\u00e3o do\nindiciado nos seguintes crimes:<\/p>\n\n\n\n<p>(&#8230;)<\/p>\n\n\n\n<p>b) seq\u00fcestro ou c\u00e1rcere privado (art. 148, caput, e seus\n\u00a7\u00a7 1\u00b0 e 2\u00b0);<\/p>\n\n\n\n<p>c) roubo (art. 157, caput, e seus \u00a7\u00a7 1\u00b0, 2\u00b0 e 3\u00b0);<\/p>\n\n\n\n<p>Assim,\npresentes os demais requisitos, somente caber\u00e1 a pris\u00e3o tempor\u00e1ria nos casos de\nJ\u00falio e Afonso.<strong>GABARITO:\nLetra D<\/strong><\/p>\n\n\n\n<p><\/p>\n\n\n\n<p>&nbsp;__________________<\/p>\n\n\n\n<p>Se voc\u00ea quer conhecer mais do meu trabalho aqui no Estrat\u00e9gia Concursos, <a href=\"https:\/\/www.estrategiaconcursos.com.br\/cursosPorProfessor\/renan-araujo-3209\/\">clique aqui<\/a> e baixe, gratuitamente, as aulas demonstrativas dos meus cursos.<\/p>\n\n\n\n<p><strong>Bons estudos!<\/strong><\/p>\n\n\n\n<p><strong>Prof. Renan Araujo<\/strong><\/p>\n\n\n\n<p><strong>E-mail:&nbsp;<\/strong><a href=\"mailto:profrenanaraujo@gmail.com\"><strong>prof<\/strong><\/a><strong>renanaraujo@gmail.com<\/strong><\/p>\n\n\n\n<p><strong>Facebook:&nbsp;<\/strong><a href=\"http:\/\/www.facebook.com\/profrenanaraujoestrategia\"><strong>www.facebook.com\/profrenanaraujoestrategia<\/strong><\/a><\/p>\n\n\n\n<p><strong>Instagram:&nbsp;<\/strong><a href=\"http:\/\/www.instagram.com\/profrenanaraujo\/?hl=pt-br\"><strong>www.instagram.com\/profrenanaraujo\/?hl=pt-br<\/strong><\/a><\/p>\n\n\n\n<p><strong>Youtube:&nbsp;<\/strong><a href=\"http:\/\/www.youtube.com\/channel\/UClIFS2cyREWT35OELN8wcFQ\"><strong>www.youtube.com\/channel\/UClIFS2cyREWT35OELN8wcFQ<\/strong><\/a><\/p>\n","protected":false},"excerpt":{"rendered":"<p>GABARITO TRF3 &#8211; T\u00c9CNICO JUDICI\u00c1RIO &#8211; PROCESSO PENAL Ol\u00e1, pessoal Para quem n\u00e3o me conhece ainda, meu nome \u00e9 Renan Araujo e sou professor aqui no Estrat\u00e9gia Concursos, lecionando as mat\u00e9rias de Direito Penal e Processual Penal. Antes de prosseguir, convido voc\u00ea a me seguir no INSTAGRAM:&nbsp;Instagram do Prof. Renan Araujo Neste artigo vamos comentar [&hellip;]<\/p>\n","protected":false},"author":39,"featured_media":0,"comment_status":"open","ping_status":"closed","sticky":false,"template":"","format":"standard","meta":{"post_tipo":"article","footnotes":""},"categories":[1],"tags":[],"tax_estado":[],"class_list":["post-454509","post","type-post","status-publish","format-standard","hentry","category-cursos-e-concursos"],"acf":[],"yoast_head":"<!-- This site is optimized with the Yoast SEO Premium plugin v27.2 (Yoast SEO v27.2) - https:\/\/yoast.com\/product\/yoast-seo-premium-wordpress\/ -->\n<title>GABARITO TRF3 - T\u00c9CNICO - Coment\u00e1rios \u00e0s quest\u00f5es de processo penal<\/title>\n<meta name=\"robots\" content=\"index, follow, max-snippet:-1, max-image-preview:large, max-video-preview:-1\" \/>\n<link rel=\"canonical\" href=\"https:\/\/www.estrategiaconcursos.com.br\/blog\/gabarito-trf3-tecnico-comentarios-as-questoes-de-processo-penal\/\" \/>\n<meta property=\"og:locale\" content=\"pt_BR\" \/>\n<meta property=\"og:type\" content=\"article\" \/>\n<meta property=\"og:title\" content=\"GABARITO TRF3 - T\u00c9CNICO - Coment\u00e1rios \u00e0s quest\u00f5es de processo penal\" \/>\n<meta property=\"og:description\" content=\"GABARITO TRF3 &#8211; T\u00c9CNICO JUDICI\u00c1RIO &#8211; PROCESSO PENAL Ol\u00e1, pessoal Para quem n\u00e3o me conhece ainda, meu nome \u00e9 Renan Araujo e sou professor aqui no Estrat\u00e9gia Concursos, lecionando as mat\u00e9rias de Direito Penal e Processual Penal. Antes de prosseguir, convido voc\u00ea a me seguir no INSTAGRAM:&nbsp;Instagram do Prof. Renan Araujo Neste artigo vamos comentar [&hellip;]\" \/>\n<meta property=\"og:url\" content=\"https:\/\/www.estrategiaconcursos.com.br\/blog\/gabarito-trf3-tecnico-comentarios-as-questoes-de-processo-penal\/\" \/>\n<meta property=\"og:site_name\" content=\"Estrat\u00e9gia Concursos\" \/>\n<meta property=\"article:published_time\" content=\"2019-12-03T00:32:13+00:00\" \/>\n<meta property=\"article:modified_time\" content=\"2022-10-24T20:40:08+00:00\" \/>\n<meta name=\"author\" content=\"Renan Araujo\" \/>\n<meta name=\"twitter:card\" content=\"summary_large_image\" \/>\n<meta name=\"twitter:creator\" content=\"@EstratConcursos\" \/>\n<meta name=\"twitter:site\" content=\"@EstratConcursos\" \/>\n<meta name=\"twitter:label1\" content=\"Escrito por\" \/>\n\t<meta name=\"twitter:data1\" content=\"Renan Araujo\" \/>\n\t<meta name=\"twitter:label2\" content=\"Est. tempo de leitura\" \/>\n\t<meta name=\"twitter:data2\" content=\"10 minutos\" \/>\n<script type=\"application\/ld+json\" class=\"yoast-schema-graph\">{\"@context\":\"https:\/\/schema.org\",\"@graph\":[{\"@type\":\"NewsArticle\",\"@id\":\"https:\/\/www.estrategiaconcursos.com.br\/blog\/gabarito-trf3-tecnico-comentarios-as-questoes-de-processo-penal\/#article\",\"isPartOf\":{\"@id\":\"https:\/\/www.estrategiaconcursos.com.br\/blog\/gabarito-trf3-tecnico-comentarios-as-questoes-de-processo-penal\/\"},\"author\":{\"name\":\"Renan Araujo\",\"@id\":\"https:\/\/www.estrategiaconcursos.com.br\/blog\/#\/schema\/person\/1a7a7af72da82939a6308b2ee292162b\"},\"headline\":\"GABARITO TRF3 &#8211; T\u00c9CNICO &#8211; Coment\u00e1rios \u00e0s quest\u00f5es de processo penal\",\"datePublished\":\"2019-12-03T00:32:13+00:00\",\"dateModified\":\"2022-10-24T20:40:08+00:00\",\"mainEntityOfPage\":{\"@id\":\"https:\/\/www.estrategiaconcursos.com.br\/blog\/gabarito-trf3-tecnico-comentarios-as-questoes-de-processo-penal\/\"},\"wordCount\":1968,\"commentCount\":1,\"publisher\":{\"@id\":\"https:\/\/www.estrategiaconcursos.com.br\/blog\/#organization\"},\"articleSection\":[\"Concursos P\u00fablicos\"],\"inLanguage\":\"pt-BR\",\"potentialAction\":[{\"@type\":\"CommentAction\",\"name\":\"Comment\",\"target\":[\"https:\/\/www.estrategiaconcursos.com.br\/blog\/gabarito-trf3-tecnico-comentarios-as-questoes-de-processo-penal\/#respond\"]}],\"copyrightYear\":\"2019\",\"copyrightHolder\":{\"@id\":\"https:\/\/www.estrategiaconcursos.com.br\/blog\/#organization\"}},{\"@type\":\"WebPage\",\"@id\":\"https:\/\/www.estrategiaconcursos.com.br\/blog\/gabarito-trf3-tecnico-comentarios-as-questoes-de-processo-penal\/\",\"url\":\"https:\/\/www.estrategiaconcursos.com.br\/blog\/gabarito-trf3-tecnico-comentarios-as-questoes-de-processo-penal\/\",\"name\":\"GABARITO TRF3 - T\u00c9CNICO - Coment\u00e1rios \u00e0s quest\u00f5es de processo penal\",\"isPartOf\":{\"@id\":\"https:\/\/www.estrategiaconcursos.com.br\/blog\/#website\"},\"datePublished\":\"2019-12-03T00:32:13+00:00\",\"dateModified\":\"2022-10-24T20:40:08+00:00\",\"breadcrumb\":{\"@id\":\"https:\/\/www.estrategiaconcursos.com.br\/blog\/gabarito-trf3-tecnico-comentarios-as-questoes-de-processo-penal\/#breadcrumb\"},\"inLanguage\":\"pt-BR\",\"potentialAction\":[{\"@type\":\"ReadAction\",\"target\":[\"https:\/\/www.estrategiaconcursos.com.br\/blog\/gabarito-trf3-tecnico-comentarios-as-questoes-de-processo-penal\/\"]}]},{\"@type\":\"BreadcrumbList\",\"@id\":\"https:\/\/www.estrategiaconcursos.com.br\/blog\/gabarito-trf3-tecnico-comentarios-as-questoes-de-processo-penal\/#breadcrumb\",\"itemListElement\":[{\"@type\":\"ListItem\",\"position\":1,\"name\":\"In\u00edcio\",\"item\":\"https:\/\/www.estrategiaconcursos.com.br\/blog\/\"},{\"@type\":\"ListItem\",\"position\":2,\"name\":\"GABARITO TRF3 &#8211; T\u00c9CNICO &#8211; Coment\u00e1rios \u00e0s quest\u00f5es de processo penal\"}]},{\"@type\":\"WebSite\",\"@id\":\"https:\/\/www.estrategiaconcursos.com.br\/blog\/#website\",\"url\":\"https:\/\/www.estrategiaconcursos.com.br\/blog\/\",\"name\":\"Estrat\u00e9gia Concursos\",\"description\":\"O blog da Estrat\u00e9gia Concursos traz not\u00edcias sobre concursos e artigos de professores oferecendo cursos para concursos (pdf + videaulas) no site.\",\"publisher\":{\"@id\":\"https:\/\/www.estrategiaconcursos.com.br\/blog\/#organization\"},\"potentialAction\":[{\"@type\":\"SearchAction\",\"target\":{\"@type\":\"EntryPoint\",\"urlTemplate\":\"https:\/\/www.estrategiaconcursos.com.br\/blog\/?s={search_term_string}\"},\"query-input\":{\"@type\":\"PropertyValueSpecification\",\"valueRequired\":true,\"valueName\":\"search_term_string\"}}],\"inLanguage\":\"pt-BR\"},{\"@type\":\"Organization\",\"@id\":\"https:\/\/www.estrategiaconcursos.com.br\/blog\/#organization\",\"name\":\"Estrat\u00e9gia Concursos\",\"url\":\"https:\/\/www.estrategiaconcursos.com.br\/blog\/\",\"logo\":{\"@type\":\"ImageObject\",\"inLanguage\":\"pt-BR\",\"@id\":\"https:\/\/www.estrategiaconcursos.com.br\/blog\/#\/schema\/logo\/image\/\",\"url\":\"https:\/\/dhg1h5j42swfq.cloudfront.net\/2025\/06\/03203428\/logo_concursos-1.jpg\",\"contentUrl\":\"https:\/\/dhg1h5j42swfq.cloudfront.net\/2025\/06\/03203428\/logo_concursos-1.jpg\",\"width\":230,\"height\":60,\"caption\":\"Estrat\u00e9gia Concursos\"},\"image\":{\"@id\":\"https:\/\/www.estrategiaconcursos.com.br\/blog\/#\/schema\/logo\/image\/\"},\"sameAs\":[\"https:\/\/x.com\/EstratConcursos\"]},{\"@type\":\"Person\",\"@id\":\"https:\/\/www.estrategiaconcursos.com.br\/blog\/#\/schema\/person\/1a7a7af72da82939a6308b2ee292162b\",\"name\":\"Renan Araujo\",\"image\":{\"@type\":\"ImageObject\",\"inLanguage\":\"pt-BR\",\"@id\":\"https:\/\/secure.gravatar.com\/avatar\/ca6cb9ba5a547fbe93c05c63d6103dff6c2566555a601f1efb8590a69fb9ed76?s=96&d=mm&r=g\",\"url\":\"https:\/\/secure.gravatar.com\/avatar\/ca6cb9ba5a547fbe93c05c63d6103dff6c2566555a601f1efb8590a69fb9ed76?s=96&d=mm&r=g\",\"contentUrl\":\"https:\/\/secure.gravatar.com\/avatar\/ca6cb9ba5a547fbe93c05c63d6103dff6c2566555a601f1efb8590a69fb9ed76?s=96&d=mm&r=g\",\"caption\":\"Renan Araujo\"},\"url\":\"https:\/\/www.estrategiaconcursos.com.br\/blog\/author\/renanaraujoestrategiaconcursos-com-br\/\"}]}<\/script>\n<!-- \/ Yoast SEO Premium plugin. -->","yoast_head_json":{"title":"GABARITO TRF3 - T\u00c9CNICO - Coment\u00e1rios \u00e0s quest\u00f5es de processo penal","robots":{"index":"index","follow":"follow","max-snippet":"max-snippet:-1","max-image-preview":"max-image-preview:large","max-video-preview":"max-video-preview:-1"},"canonical":"https:\/\/www.estrategiaconcursos.com.br\/blog\/gabarito-trf3-tecnico-comentarios-as-questoes-de-processo-penal\/","og_locale":"pt_BR","og_type":"article","og_title":"GABARITO TRF3 - T\u00c9CNICO - Coment\u00e1rios \u00e0s quest\u00f5es de processo penal","og_description":"GABARITO TRF3 &#8211; T\u00c9CNICO JUDICI\u00c1RIO &#8211; PROCESSO PENAL Ol\u00e1, pessoal Para quem n\u00e3o me conhece ainda, meu nome \u00e9 Renan Araujo e sou professor aqui no Estrat\u00e9gia Concursos, lecionando as mat\u00e9rias de Direito Penal e Processual Penal. Antes de prosseguir, convido voc\u00ea a me seguir no INSTAGRAM:&nbsp;Instagram do Prof. Renan Araujo Neste artigo vamos comentar [&hellip;]","og_url":"https:\/\/www.estrategiaconcursos.com.br\/blog\/gabarito-trf3-tecnico-comentarios-as-questoes-de-processo-penal\/","og_site_name":"Estrat\u00e9gia Concursos","article_published_time":"2019-12-03T00:32:13+00:00","article_modified_time":"2022-10-24T20:40:08+00:00","author":"Renan Araujo","twitter_card":"summary_large_image","twitter_creator":"@EstratConcursos","twitter_site":"@EstratConcursos","twitter_misc":{"Escrito por":"Renan Araujo","Est. tempo de leitura":"10 minutos"},"schema":{"@context":"https:\/\/schema.org","@graph":[{"@type":"NewsArticle","@id":"https:\/\/www.estrategiaconcursos.com.br\/blog\/gabarito-trf3-tecnico-comentarios-as-questoes-de-processo-penal\/#article","isPartOf":{"@id":"https:\/\/www.estrategiaconcursos.com.br\/blog\/gabarito-trf3-tecnico-comentarios-as-questoes-de-processo-penal\/"},"author":{"name":"Renan Araujo","@id":"https:\/\/www.estrategiaconcursos.com.br\/blog\/#\/schema\/person\/1a7a7af72da82939a6308b2ee292162b"},"headline":"GABARITO TRF3 &#8211; T\u00c9CNICO &#8211; Coment\u00e1rios \u00e0s quest\u00f5es de processo penal","datePublished":"2019-12-03T00:32:13+00:00","dateModified":"2022-10-24T20:40:08+00:00","mainEntityOfPage":{"@id":"https:\/\/www.estrategiaconcursos.com.br\/blog\/gabarito-trf3-tecnico-comentarios-as-questoes-de-processo-penal\/"},"wordCount":1968,"commentCount":1,"publisher":{"@id":"https:\/\/www.estrategiaconcursos.com.br\/blog\/#organization"},"articleSection":["Concursos P\u00fablicos"],"inLanguage":"pt-BR","potentialAction":[{"@type":"CommentAction","name":"Comment","target":["https:\/\/www.estrategiaconcursos.com.br\/blog\/gabarito-trf3-tecnico-comentarios-as-questoes-de-processo-penal\/#respond"]}],"copyrightYear":"2019","copyrightHolder":{"@id":"https:\/\/www.estrategiaconcursos.com.br\/blog\/#organization"}},{"@type":"WebPage","@id":"https:\/\/www.estrategiaconcursos.com.br\/blog\/gabarito-trf3-tecnico-comentarios-as-questoes-de-processo-penal\/","url":"https:\/\/www.estrategiaconcursos.com.br\/blog\/gabarito-trf3-tecnico-comentarios-as-questoes-de-processo-penal\/","name":"GABARITO TRF3 - T\u00c9CNICO - Coment\u00e1rios \u00e0s quest\u00f5es de processo penal","isPartOf":{"@id":"https:\/\/www.estrategiaconcursos.com.br\/blog\/#website"},"datePublished":"2019-12-03T00:32:13+00:00","dateModified":"2022-10-24T20:40:08+00:00","breadcrumb":{"@id":"https:\/\/www.estrategiaconcursos.com.br\/blog\/gabarito-trf3-tecnico-comentarios-as-questoes-de-processo-penal\/#breadcrumb"},"inLanguage":"pt-BR","potentialAction":[{"@type":"ReadAction","target":["https:\/\/www.estrategiaconcursos.com.br\/blog\/gabarito-trf3-tecnico-comentarios-as-questoes-de-processo-penal\/"]}]},{"@type":"BreadcrumbList","@id":"https:\/\/www.estrategiaconcursos.com.br\/blog\/gabarito-trf3-tecnico-comentarios-as-questoes-de-processo-penal\/#breadcrumb","itemListElement":[{"@type":"ListItem","position":1,"name":"In\u00edcio","item":"https:\/\/www.estrategiaconcursos.com.br\/blog\/"},{"@type":"ListItem","position":2,"name":"GABARITO TRF3 &#8211; T\u00c9CNICO &#8211; Coment\u00e1rios \u00e0s quest\u00f5es de processo penal"}]},{"@type":"WebSite","@id":"https:\/\/www.estrategiaconcursos.com.br\/blog\/#website","url":"https:\/\/www.estrategiaconcursos.com.br\/blog\/","name":"Estrat\u00e9gia Concursos","description":"O blog da Estrat\u00e9gia Concursos traz not\u00edcias sobre concursos e artigos de professores oferecendo cursos para concursos (pdf + videaulas) no site.","publisher":{"@id":"https:\/\/www.estrategiaconcursos.com.br\/blog\/#organization"},"potentialAction":[{"@type":"SearchAction","target":{"@type":"EntryPoint","urlTemplate":"https:\/\/www.estrategiaconcursos.com.br\/blog\/?s={search_term_string}"},"query-input":{"@type":"PropertyValueSpecification","valueRequired":true,"valueName":"search_term_string"}}],"inLanguage":"pt-BR"},{"@type":"Organization","@id":"https:\/\/www.estrategiaconcursos.com.br\/blog\/#organization","name":"Estrat\u00e9gia Concursos","url":"https:\/\/www.estrategiaconcursos.com.br\/blog\/","logo":{"@type":"ImageObject","inLanguage":"pt-BR","@id":"https:\/\/www.estrategiaconcursos.com.br\/blog\/#\/schema\/logo\/image\/","url":"https:\/\/dhg1h5j42swfq.cloudfront.net\/2025\/06\/03203428\/logo_concursos-1.jpg","contentUrl":"https:\/\/dhg1h5j42swfq.cloudfront.net\/2025\/06\/03203428\/logo_concursos-1.jpg","width":230,"height":60,"caption":"Estrat\u00e9gia Concursos"},"image":{"@id":"https:\/\/www.estrategiaconcursos.com.br\/blog\/#\/schema\/logo\/image\/"},"sameAs":["https:\/\/x.com\/EstratConcursos"]},{"@type":"Person","@id":"https:\/\/www.estrategiaconcursos.com.br\/blog\/#\/schema\/person\/1a7a7af72da82939a6308b2ee292162b","name":"Renan Araujo","image":{"@type":"ImageObject","inLanguage":"pt-BR","@id":"https:\/\/secure.gravatar.com\/avatar\/ca6cb9ba5a547fbe93c05c63d6103dff6c2566555a601f1efb8590a69fb9ed76?s=96&d=mm&r=g","url":"https:\/\/secure.gravatar.com\/avatar\/ca6cb9ba5a547fbe93c05c63d6103dff6c2566555a601f1efb8590a69fb9ed76?s=96&d=mm&r=g","contentUrl":"https:\/\/secure.gravatar.com\/avatar\/ca6cb9ba5a547fbe93c05c63d6103dff6c2566555a601f1efb8590a69fb9ed76?s=96&d=mm&r=g","caption":"Renan Araujo"},"url":"https:\/\/www.estrategiaconcursos.com.br\/blog\/author\/renanaraujoestrategiaconcursos-com-br\/"}]}},"_links":{"self":[{"href":"https:\/\/www.estrategiaconcursos.com.br\/blog\/wp-json\/wp\/v2\/posts\/454509","targetHints":{"allow":["GET"]}}],"collection":[{"href":"https:\/\/www.estrategiaconcursos.com.br\/blog\/wp-json\/wp\/v2\/posts"}],"about":[{"href":"https:\/\/www.estrategiaconcursos.com.br\/blog\/wp-json\/wp\/v2\/types\/post"}],"author":[{"embeddable":true,"href":"https:\/\/www.estrategiaconcursos.com.br\/blog\/wp-json\/wp\/v2\/users\/39"}],"replies":[{"embeddable":true,"href":"https:\/\/www.estrategiaconcursos.com.br\/blog\/wp-json\/wp\/v2\/comments?post=454509"}],"version-history":[{"count":3,"href":"https:\/\/www.estrategiaconcursos.com.br\/blog\/wp-json\/wp\/v2\/posts\/454509\/revisions"}],"predecessor-version":[{"id":1114912,"href":"https:\/\/www.estrategiaconcursos.com.br\/blog\/wp-json\/wp\/v2\/posts\/454509\/revisions\/1114912"}],"wp:attachment":[{"href":"https:\/\/www.estrategiaconcursos.com.br\/blog\/wp-json\/wp\/v2\/media?parent=454509"}],"wp:term":[{"taxonomy":"category","embeddable":true,"href":"https:\/\/www.estrategiaconcursos.com.br\/blog\/wp-json\/wp\/v2\/categories?post=454509"},{"taxonomy":"post_tag","embeddable":true,"href":"https:\/\/www.estrategiaconcursos.com.br\/blog\/wp-json\/wp\/v2\/tags?post=454509"},{"taxonomy":"tax_estado","embeddable":true,"href":"https:\/\/www.estrategiaconcursos.com.br\/blog\/wp-json\/wp\/v2\/tax_estado?post=454509"}],"curies":[{"name":"wp","href":"https:\/\/api.w.org\/{rel}","templated":true}]}}