{"id":454489,"date":"2019-12-02T21:31:53","date_gmt":"2019-12-03T00:31:53","guid":{"rendered":"https:\/\/www.estrategiaconcursos.com.br\/blog\/?p=454489"},"modified":"2019-12-03T19:16:36","modified_gmt":"2019-12-03T22:16:36","slug":"minha-jornada-como-mae-de-dois-e-concurseira","status":"publish","type":"post","link":"https:\/\/www.estrategiaconcursos.com.br\/blog\/minha-jornada-como-mae-de-dois-e-concurseira\/","title":{"rendered":"Minha jornada como m\u00e3e de dois filhos, aprovada para Delegada de Pol\u00edcia"},"content":{"rendered":"<p>Ol\u00e1, pessoal.<br \/>\nMeu nome \u00e9 Waleska Alvarenga.<\/p>\n<p>Quero compartilhar com voc\u00eas minha trajet\u00f3ria como concurseira e mam\u00e3e de dois lindos meninos. Espero que minha hist\u00f3ria incentive outras pessoas, especialmente as mam\u00e3es que t\u00eam esse sonho e que muitas vezes pensam, assim como eu pensava, que seria imposs\u00edvel passar em um concurso p\u00fablico tendo uma rotina di\u00e1ria t\u00e3o pesada e com muita coisa ao mesmo tempo para fazer.<\/p>\n<p>Bem, minha jornada no \u201cmundo\u201d dos concursos iniciou-se ap\u00f3s os meus 30 anos. Formei-me em 2008 e fui logo advogar. Achava que ser aprovada em concurso era extremamente dif\u00edcil e que eu n\u00e3o teria tempo para estudar, pois antes de me formar veio o meu primog\u00eanito (Pedro). Advoguei durante 06 anos e vi que n\u00e3o era aquilo que eu desejava.<br \/>\nEnt\u00e3o, resolvi me lan\u00e7ar nos concursos p\u00fablicos. Nessa \u00e9poca, Lucas j\u00e1 havia nascido, e eu era m\u00e3e de dois. Imagina, meninos tendem a ser bem mais agitados que meninas, claro que temos exce\u00e7\u00f5es Kkkkkk.<\/p>\n<p>Meu marido me deu todo o apoio, pois Lucas tinha 02 anos e Pedro tinha 07 anos e eu precisava cuidar dos meninos e da casa. Estudava no per\u00edodo em que eles estavam na escola ou mesmo de manh\u00e3. N\u00e3o estudava no final de semana. Dificilmente, estudava aos s\u00e1bados pela manh\u00e3. Ah, tamb\u00e9m tive ajuda da minha m\u00e3e enquanto eu morava perto dela.  Dica de ouro: n\u00e3o hesite em pedir ajuda, n\u00e3o somos de ferro.<\/p>\n<p>O primeiro concurso que fiz foi o de investigador de Pol\u00edcia Civil de Minas Gerais e para minha surpresa fui aprovada. Por\u00e9m, resolvi n\u00e3o continuar no concurso, pois almejava cargo de Delegado. Confesso que me arrependi um pouco dessa decis\u00e3o, pois hoje eu acredito que se tivesse me organizado direitinho, daria conta de trabalhar e continuar estudando. Mas n\u00e3o adianta chorar o leite derramado, n\u00e3o \u00e9 mesmo Vida que segue.<\/p>\n<p>Pois bem. Em 2015 comecei a fazer as provas de Delegado de Pol\u00edcia. Fiz Delegado Cear\u00e1 e Delegado do Distrito Federal. Fui reprovada. Ainda n\u00e3o estava preparada. Em 2016 n\u00e3o fiz nenhum concurso, pois o \u00fanico de Delegado que ia fazer era o de Pernambuco, mas meu banco n\u00e3o repassou \u00e0 Cespe o valor que paguei referente \u00e0 inscri\u00e7\u00e3o. At\u00e9 hoje n\u00e3o entendi realmente o que houve. Ainda bem que fui indenizada judicialmente.<br \/>\nEm 2017, fiz apenas um concurso de Delegado, que foi o de Goi\u00e1s, o qual foi anulado por fraude. Eu posso dizer que j\u00e1 vivi um pouco de tudo no mundo dos concursos. kkkkk<br \/>\nEm 2018, eu prestei 03 concursos para Delegado, quais sejam: MG, SP e RS. Fui aprovada no de Minas Gerais na 44 posi\u00e7\u00e3o, por\u00e9m ainda n\u00e3o tomei posse, pois fui injustamente reprovada num psicot\u00e9cnico que n\u00e3o seguiu as instru\u00e7\u00f5es do Conselho Federal de Psicologia. Consegui uma liminar e minha vaga est\u00e1 reservada.<br \/>\nQuanto ao concurso de SP, fiquei bem colocada na fase objetiva, todavia n\u00e3o fui fazer a prova discursiva, pois meio que coincidiram as datas da oral de MG com discursiva de SP. Tive que abrir m\u00e3o de SP. Ia ficar apertado.<br \/>\nGra\u00e7as a Deus, l\u00e1 no Rio Grande do Sul fui aprovada em todas as fases. Estou aguardando a convoca\u00e7\u00e3o para fazer a Academia de Pol\u00edcia.<\/p>\n<p>Ao longo desse per\u00edodo eu prestei 03 provas de magistratura estadual, por\u00e9m resolvi focar na carreira policial mesmo.<\/p>\n<p>Como voc\u00eas perceberam, passei por v\u00e1rias intemp\u00e9ries ao longo da minha trajet\u00f3ria. Mas uma coisa \u00e9 certa, n\u00e3o podemos desistir. N\u00e3o existe vida perfeita ou sem problemas. Isso \u00e9 fato. N\u00f3s \u00e9 que temos que nos concentrar e ter equil\u00edbrio para lutar pelos nossos objetivos.<\/p>\n<p>A verdade \u00e9 que nunca \u00e9 tarde para realizarmos o nosso sonho. Se voc\u00ea \u00e9 como eu, m\u00e3e, esposa, filha, dona de casa ou at\u00e9 mesmo trabalha fora, saiba que se eu consegui voc\u00ea certamente conseguir\u00e1. Nossos filhos n\u00e3o s\u00e3o empecilho, muito pelo contr\u00e1rio, eles s\u00e3o nossa inspira\u00e7\u00e3o di\u00e1ria, nossa for\u00e7a na caminhada.<\/p>\n<p>Destaco que o fundamental \u00e9 estudar com estrat\u00e9gia e planejamento, al\u00e9m de ter paci\u00eancia. Dizem que estudar para concurso \u00e9 como encher uma caixa d\u00e0gua. Voc\u00ea vai enchendo e enchendo que uma hora ela vai transbordar. \u00c9 nesse momento que o candidato come\u00e7a a passar.<\/p>\n<p>Por isso, estou aqui como coach, para te auxiliar a potencializar seus estudos, para que voc\u00ea alcance sua aprova\u00e7\u00e3o o mais r\u00e1pido poss\u00edvel.<br \/>\nContem comigo. Se eu dei conta, com certeza voc\u00eas tamb\u00e9m dar\u00e3o.<\/p>\n<p>Abra\u00e7os,<br \/>\nQualquer d\u00favida, estou \u00e0 disposi\u00e7\u00e3o<br \/>\nWaleska  Alvarenga- Coach do Estrat\u00e9gia<br \/>\n@waleskaalvarenga<\/p>\n","protected":false},"excerpt":{"rendered":"<p>Ol\u00e1, pessoal. Meu nome \u00e9 Waleska Alvarenga. Quero compartilhar com voc\u00eas minha trajet\u00f3ria como concurseira e mam\u00e3e de dois lindos meninos. Espero que minha hist\u00f3ria incentive outras pessoas, especialmente as mam\u00e3es que t\u00eam esse sonho e que muitas vezes pensam, assim como eu pensava, que seria imposs\u00edvel passar em um concurso p\u00fablico tendo uma rotina [&hellip;]<\/p>\n","protected":false},"author":1478,"featured_media":454511,"comment_status":"open","ping_status":"closed","sticky":false,"template":"","format":"standard","meta":{"post_tipo":"article","footnotes":""},"categories":[1],"tags":[],"tax_estado":[],"class_list":["post-454489","post","type-post","status-publish","format-standard","has-post-thumbnail","hentry","category-cursos-e-concursos"],"acf":[],"yoast_head":"<!-- This site is optimized with the Yoast SEO Premium plugin v27.2 (Yoast SEO v27.2) - https:\/\/yoast.com\/product\/yoast-seo-premium-wordpress\/ -->\n<title>Minha jornada como m\u00e3e de dois filhos, aprovada para Delegada de Pol\u00edcia<\/title>\n<meta name=\"robots\" content=\"index, follow, max-snippet:-1, max-image-preview:large, max-video-preview:-1\" \/>\n<link rel=\"canonical\" href=\"https:\/\/www.estrategiaconcursos.com.br\/blog\/minha-jornada-como-mae-de-dois-e-concurseira\/\" \/>\n<meta property=\"og:locale\" content=\"pt_BR\" \/>\n<meta property=\"og:type\" content=\"article\" \/>\n<meta property=\"og:title\" content=\"Minha jornada como m\u00e3e de dois filhos, aprovada para Delegada de Pol\u00edcia\" \/>\n<meta property=\"og:description\" content=\"Ol\u00e1, pessoal. Meu nome \u00e9 Waleska Alvarenga. Quero compartilhar com voc\u00eas minha trajet\u00f3ria como concurseira e mam\u00e3e de dois lindos meninos. Espero que minha hist\u00f3ria incentive outras pessoas, especialmente as mam\u00e3es que t\u00eam esse sonho e que muitas vezes pensam, assim como eu pensava, que seria imposs\u00edvel passar em um concurso p\u00fablico tendo uma rotina [&hellip;]\" \/>\n<meta property=\"og:url\" content=\"https:\/\/www.estrategiaconcursos.com.br\/blog\/minha-jornada-como-mae-de-dois-e-concurseira\/\" \/>\n<meta property=\"og:site_name\" content=\"Estrat\u00e9gia Concursos\" \/>\n<meta property=\"article:published_time\" content=\"2019-12-03T00:31:53+00:00\" \/>\n<meta property=\"article:modified_time\" content=\"2019-12-03T22:16:36+00:00\" \/>\n<meta property=\"og:image\" content=\"https:\/\/dhg1h5j42swfq.cloudfront.net\/2019\/12\/02212907\/Fam%C3%ADlia-Estrat%C3%A9gia.jpg\" \/>\n\t<meta property=\"og:image:width\" content=\"960\" \/>\n\t<meta property=\"og:image:height\" content=\"1280\" \/>\n\t<meta property=\"og:image:type\" content=\"image\/jpeg\" \/>\n<meta name=\"author\" content=\"Waleska Alvarenga\" \/>\n<meta name=\"twitter:card\" content=\"summary_large_image\" \/>\n<meta name=\"twitter:creator\" content=\"@EstratConcursos\" \/>\n<meta name=\"twitter:site\" content=\"@EstratConcursos\" \/>\n<meta name=\"twitter:label1\" content=\"Escrito por\" \/>\n\t<meta name=\"twitter:data1\" content=\"Waleska Alvarenga\" \/>\n\t<meta name=\"twitter:label2\" content=\"Est. tempo de leitura\" \/>\n\t<meta name=\"twitter:data2\" content=\"4 minutos\" \/>\n<script type=\"application\/ld+json\" class=\"yoast-schema-graph\">{\"@context\":\"https:\/\/schema.org\",\"@graph\":[{\"@type\":\"NewsArticle\",\"@id\":\"https:\/\/www.estrategiaconcursos.com.br\/blog\/minha-jornada-como-mae-de-dois-e-concurseira\/#article\",\"isPartOf\":{\"@id\":\"https:\/\/www.estrategiaconcursos.com.br\/blog\/minha-jornada-como-mae-de-dois-e-concurseira\/\"},\"author\":{\"name\":\"Waleska Alvarenga\",\"@id\":\"https:\/\/www.estrategiaconcursos.com.br\/blog\/#\/schema\/person\/ef279b4e5cecf1052fd18471a9aa8278\"},\"headline\":\"Minha jornada como m\u00e3e de dois filhos, aprovada para Delegada de Pol\u00edcia\",\"datePublished\":\"2019-12-03T00:31:53+00:00\",\"dateModified\":\"2019-12-03T22:16:36+00:00\",\"mainEntityOfPage\":{\"@id\":\"https:\/\/www.estrategiaconcursos.com.br\/blog\/minha-jornada-como-mae-de-dois-e-concurseira\/\"},\"wordCount\":810,\"commentCount\":5,\"publisher\":{\"@id\":\"https:\/\/www.estrategiaconcursos.com.br\/blog\/#organization\"},\"image\":{\"@id\":\"https:\/\/www.estrategiaconcursos.com.br\/blog\/minha-jornada-como-mae-de-dois-e-concurseira\/#primaryimage\"},\"thumbnailUrl\":\"https:\/\/dhg1h5j42swfq.cloudfront.net\/2019\/12\/02212907\/Fam%C3%ADlia-Estrat%C3%A9gia.jpg\",\"articleSection\":[\"Concursos P\u00fablicos\"],\"inLanguage\":\"pt-BR\",\"potentialAction\":[{\"@type\":\"CommentAction\",\"name\":\"Comment\",\"target\":[\"https:\/\/www.estrategiaconcursos.com.br\/blog\/minha-jornada-como-mae-de-dois-e-concurseira\/#respond\"]}],\"copyrightYear\":\"2019\",\"copyrightHolder\":{\"@id\":\"https:\/\/www.estrategiaconcursos.com.br\/blog\/#organization\"}},{\"@type\":\"WebPage\",\"@id\":\"https:\/\/www.estrategiaconcursos.com.br\/blog\/minha-jornada-como-mae-de-dois-e-concurseira\/\",\"url\":\"https:\/\/www.estrategiaconcursos.com.br\/blog\/minha-jornada-como-mae-de-dois-e-concurseira\/\",\"name\":\"Minha jornada como m\u00e3e de dois filhos, aprovada para Delegada de Pol\u00edcia\",\"isPartOf\":{\"@id\":\"https:\/\/www.estrategiaconcursos.com.br\/blog\/#website\"},\"primaryImageOfPage\":{\"@id\":\"https:\/\/www.estrategiaconcursos.com.br\/blog\/minha-jornada-como-mae-de-dois-e-concurseira\/#primaryimage\"},\"image\":{\"@id\":\"https:\/\/www.estrategiaconcursos.com.br\/blog\/minha-jornada-como-mae-de-dois-e-concurseira\/#primaryimage\"},\"thumbnailUrl\":\"https:\/\/dhg1h5j42swfq.cloudfront.net\/2019\/12\/02212907\/Fam%C3%ADlia-Estrat%C3%A9gia.jpg\",\"datePublished\":\"2019-12-03T00:31:53+00:00\",\"dateModified\":\"2019-12-03T22:16:36+00:00\",\"breadcrumb\":{\"@id\":\"https:\/\/www.estrategiaconcursos.com.br\/blog\/minha-jornada-como-mae-de-dois-e-concurseira\/#breadcrumb\"},\"inLanguage\":\"pt-BR\",\"potentialAction\":[{\"@type\":\"ReadAction\",\"target\":[\"https:\/\/www.estrategiaconcursos.com.br\/blog\/minha-jornada-como-mae-de-dois-e-concurseira\/\"]}]},{\"@type\":\"ImageObject\",\"inLanguage\":\"pt-BR\",\"@id\":\"https:\/\/www.estrategiaconcursos.com.br\/blog\/minha-jornada-como-mae-de-dois-e-concurseira\/#primaryimage\",\"url\":\"https:\/\/dhg1h5j42swfq.cloudfront.net\/2019\/12\/02212907\/Fam%C3%ADlia-Estrat%C3%A9gia.jpg\",\"contentUrl\":\"https:\/\/dhg1h5j42swfq.cloudfront.net\/2019\/12\/02212907\/Fam%C3%ADlia-Estrat%C3%A9gia.jpg\",\"width\":960,\"height\":1280},{\"@type\":\"BreadcrumbList\",\"@id\":\"https:\/\/www.estrategiaconcursos.com.br\/blog\/minha-jornada-como-mae-de-dois-e-concurseira\/#breadcrumb\",\"itemListElement\":[{\"@type\":\"ListItem\",\"position\":1,\"name\":\"In\u00edcio\",\"item\":\"https:\/\/www.estrategiaconcursos.com.br\/blog\/\"},{\"@type\":\"ListItem\",\"position\":2,\"name\":\"Minha jornada como m\u00e3e de dois filhos, aprovada para Delegada de Pol\u00edcia\"}]},{\"@type\":\"WebSite\",\"@id\":\"https:\/\/www.estrategiaconcursos.com.br\/blog\/#website\",\"url\":\"https:\/\/www.estrategiaconcursos.com.br\/blog\/\",\"name\":\"Estrat\u00e9gia Concursos\",\"description\":\"O blog da Estrat\u00e9gia Concursos traz not\u00edcias sobre concursos e artigos de professores oferecendo cursos para concursos (pdf + videaulas) no site.\",\"publisher\":{\"@id\":\"https:\/\/www.estrategiaconcursos.com.br\/blog\/#organization\"},\"potentialAction\":[{\"@type\":\"SearchAction\",\"target\":{\"@type\":\"EntryPoint\",\"urlTemplate\":\"https:\/\/www.estrategiaconcursos.com.br\/blog\/?s={search_term_string}\"},\"query-input\":{\"@type\":\"PropertyValueSpecification\",\"valueRequired\":true,\"valueName\":\"search_term_string\"}}],\"inLanguage\":\"pt-BR\"},{\"@type\":\"Organization\",\"@id\":\"https:\/\/www.estrategiaconcursos.com.br\/blog\/#organization\",\"name\":\"Estrat\u00e9gia Concursos\",\"url\":\"https:\/\/www.estrategiaconcursos.com.br\/blog\/\",\"logo\":{\"@type\":\"ImageObject\",\"inLanguage\":\"pt-BR\",\"@id\":\"https:\/\/www.estrategiaconcursos.com.br\/blog\/#\/schema\/logo\/image\/\",\"url\":\"https:\/\/dhg1h5j42swfq.cloudfront.net\/2025\/06\/03203428\/logo_concursos-1.jpg\",\"contentUrl\":\"https:\/\/dhg1h5j42swfq.cloudfront.net\/2025\/06\/03203428\/logo_concursos-1.jpg\",\"width\":230,\"height\":60,\"caption\":\"Estrat\u00e9gia Concursos\"},\"image\":{\"@id\":\"https:\/\/www.estrategiaconcursos.com.br\/blog\/#\/schema\/logo\/image\/\"},\"sameAs\":[\"https:\/\/x.com\/EstratConcursos\"]},{\"@type\":\"Person\",\"@id\":\"https:\/\/www.estrategiaconcursos.com.br\/blog\/#\/schema\/person\/ef279b4e5cecf1052fd18471a9aa8278\",\"name\":\"Waleska Alvarenga\",\"image\":{\"@type\":\"ImageObject\",\"inLanguage\":\"pt-BR\",\"@id\":\"https:\/\/secure.gravatar.com\/avatar\/e8319bf0504c55bd7007da8134933ca808638266ea8a0e15b7aaa82042be974d?s=96&d=mm&r=g\",\"url\":\"https:\/\/secure.gravatar.com\/avatar\/e8319bf0504c55bd7007da8134933ca808638266ea8a0e15b7aaa82042be974d?s=96&d=mm&r=g\",\"contentUrl\":\"https:\/\/secure.gravatar.com\/avatar\/e8319bf0504c55bd7007da8134933ca808638266ea8a0e15b7aaa82042be974d?s=96&d=mm&r=g\",\"caption\":\"Waleska Alvarenga\"},\"url\":\"https:\/\/www.estrategiaconcursos.com.br\/blog\/author\/waleska-alinegmail-com\/\"}]}<\/script>\n<!-- \/ Yoast SEO Premium plugin. -->","yoast_head_json":{"title":"Minha jornada como m\u00e3e de dois filhos, aprovada para Delegada de Pol\u00edcia","robots":{"index":"index","follow":"follow","max-snippet":"max-snippet:-1","max-image-preview":"max-image-preview:large","max-video-preview":"max-video-preview:-1"},"canonical":"https:\/\/www.estrategiaconcursos.com.br\/blog\/minha-jornada-como-mae-de-dois-e-concurseira\/","og_locale":"pt_BR","og_type":"article","og_title":"Minha jornada como m\u00e3e de dois filhos, aprovada para Delegada de Pol\u00edcia","og_description":"Ol\u00e1, pessoal. Meu nome \u00e9 Waleska Alvarenga. Quero compartilhar com voc\u00eas minha trajet\u00f3ria como concurseira e mam\u00e3e de dois lindos meninos. Espero que minha hist\u00f3ria incentive outras pessoas, especialmente as mam\u00e3es que t\u00eam esse sonho e que muitas vezes pensam, assim como eu pensava, que seria imposs\u00edvel passar em um concurso p\u00fablico tendo uma rotina [&hellip;]","og_url":"https:\/\/www.estrategiaconcursos.com.br\/blog\/minha-jornada-como-mae-de-dois-e-concurseira\/","og_site_name":"Estrat\u00e9gia Concursos","article_published_time":"2019-12-03T00:31:53+00:00","article_modified_time":"2019-12-03T22:16:36+00:00","og_image":[{"width":960,"height":1280,"url":"https:\/\/dhg1h5j42swfq.cloudfront.net\/2019\/12\/02212907\/Fam%C3%ADlia-Estrat%C3%A9gia.jpg","type":"image\/jpeg"}],"author":"Waleska Alvarenga","twitter_card":"summary_large_image","twitter_creator":"@EstratConcursos","twitter_site":"@EstratConcursos","twitter_misc":{"Escrito por":"Waleska Alvarenga","Est. tempo de leitura":"4 minutos"},"schema":{"@context":"https:\/\/schema.org","@graph":[{"@type":"NewsArticle","@id":"https:\/\/www.estrategiaconcursos.com.br\/blog\/minha-jornada-como-mae-de-dois-e-concurseira\/#article","isPartOf":{"@id":"https:\/\/www.estrategiaconcursos.com.br\/blog\/minha-jornada-como-mae-de-dois-e-concurseira\/"},"author":{"name":"Waleska Alvarenga","@id":"https:\/\/www.estrategiaconcursos.com.br\/blog\/#\/schema\/person\/ef279b4e5cecf1052fd18471a9aa8278"},"headline":"Minha jornada como m\u00e3e de dois filhos, aprovada para Delegada de Pol\u00edcia","datePublished":"2019-12-03T00:31:53+00:00","dateModified":"2019-12-03T22:16:36+00:00","mainEntityOfPage":{"@id":"https:\/\/www.estrategiaconcursos.com.br\/blog\/minha-jornada-como-mae-de-dois-e-concurseira\/"},"wordCount":810,"commentCount":5,"publisher":{"@id":"https:\/\/www.estrategiaconcursos.com.br\/blog\/#organization"},"image":{"@id":"https:\/\/www.estrategiaconcursos.com.br\/blog\/minha-jornada-como-mae-de-dois-e-concurseira\/#primaryimage"},"thumbnailUrl":"https:\/\/dhg1h5j42swfq.cloudfront.net\/2019\/12\/02212907\/Fam%C3%ADlia-Estrat%C3%A9gia.jpg","articleSection":["Concursos P\u00fablicos"],"inLanguage":"pt-BR","potentialAction":[{"@type":"CommentAction","name":"Comment","target":["https:\/\/www.estrategiaconcursos.com.br\/blog\/minha-jornada-como-mae-de-dois-e-concurseira\/#respond"]}],"copyrightYear":"2019","copyrightHolder":{"@id":"https:\/\/www.estrategiaconcursos.com.br\/blog\/#organization"}},{"@type":"WebPage","@id":"https:\/\/www.estrategiaconcursos.com.br\/blog\/minha-jornada-como-mae-de-dois-e-concurseira\/","url":"https:\/\/www.estrategiaconcursos.com.br\/blog\/minha-jornada-como-mae-de-dois-e-concurseira\/","name":"Minha jornada como m\u00e3e de dois filhos, aprovada para Delegada de Pol\u00edcia","isPartOf":{"@id":"https:\/\/www.estrategiaconcursos.com.br\/blog\/#website"},"primaryImageOfPage":{"@id":"https:\/\/www.estrategiaconcursos.com.br\/blog\/minha-jornada-como-mae-de-dois-e-concurseira\/#primaryimage"},"image":{"@id":"https:\/\/www.estrategiaconcursos.com.br\/blog\/minha-jornada-como-mae-de-dois-e-concurseira\/#primaryimage"},"thumbnailUrl":"https:\/\/dhg1h5j42swfq.cloudfront.net\/2019\/12\/02212907\/Fam%C3%ADlia-Estrat%C3%A9gia.jpg","datePublished":"2019-12-03T00:31:53+00:00","dateModified":"2019-12-03T22:16:36+00:00","breadcrumb":{"@id":"https:\/\/www.estrategiaconcursos.com.br\/blog\/minha-jornada-como-mae-de-dois-e-concurseira\/#breadcrumb"},"inLanguage":"pt-BR","potentialAction":[{"@type":"ReadAction","target":["https:\/\/www.estrategiaconcursos.com.br\/blog\/minha-jornada-como-mae-de-dois-e-concurseira\/"]}]},{"@type":"ImageObject","inLanguage":"pt-BR","@id":"https:\/\/www.estrategiaconcursos.com.br\/blog\/minha-jornada-como-mae-de-dois-e-concurseira\/#primaryimage","url":"https:\/\/dhg1h5j42swfq.cloudfront.net\/2019\/12\/02212907\/Fam%C3%ADlia-Estrat%C3%A9gia.jpg","contentUrl":"https:\/\/dhg1h5j42swfq.cloudfront.net\/2019\/12\/02212907\/Fam%C3%ADlia-Estrat%C3%A9gia.jpg","width":960,"height":1280},{"@type":"BreadcrumbList","@id":"https:\/\/www.estrategiaconcursos.com.br\/blog\/minha-jornada-como-mae-de-dois-e-concurseira\/#breadcrumb","itemListElement":[{"@type":"ListItem","position":1,"name":"In\u00edcio","item":"https:\/\/www.estrategiaconcursos.com.br\/blog\/"},{"@type":"ListItem","position":2,"name":"Minha jornada como m\u00e3e de dois filhos, aprovada para Delegada de Pol\u00edcia"}]},{"@type":"WebSite","@id":"https:\/\/www.estrategiaconcursos.com.br\/blog\/#website","url":"https:\/\/www.estrategiaconcursos.com.br\/blog\/","name":"Estrat\u00e9gia Concursos","description":"O blog da Estrat\u00e9gia Concursos traz not\u00edcias sobre concursos e artigos de professores oferecendo cursos para concursos (pdf + videaulas) no site.","publisher":{"@id":"https:\/\/www.estrategiaconcursos.com.br\/blog\/#organization"},"potentialAction":[{"@type":"SearchAction","target":{"@type":"EntryPoint","urlTemplate":"https:\/\/www.estrategiaconcursos.com.br\/blog\/?s={search_term_string}"},"query-input":{"@type":"PropertyValueSpecification","valueRequired":true,"valueName":"search_term_string"}}],"inLanguage":"pt-BR"},{"@type":"Organization","@id":"https:\/\/www.estrategiaconcursos.com.br\/blog\/#organization","name":"Estrat\u00e9gia Concursos","url":"https:\/\/www.estrategiaconcursos.com.br\/blog\/","logo":{"@type":"ImageObject","inLanguage":"pt-BR","@id":"https:\/\/www.estrategiaconcursos.com.br\/blog\/#\/schema\/logo\/image\/","url":"https:\/\/dhg1h5j42swfq.cloudfront.net\/2025\/06\/03203428\/logo_concursos-1.jpg","contentUrl":"https:\/\/dhg1h5j42swfq.cloudfront.net\/2025\/06\/03203428\/logo_concursos-1.jpg","width":230,"height":60,"caption":"Estrat\u00e9gia Concursos"},"image":{"@id":"https:\/\/www.estrategiaconcursos.com.br\/blog\/#\/schema\/logo\/image\/"},"sameAs":["https:\/\/x.com\/EstratConcursos"]},{"@type":"Person","@id":"https:\/\/www.estrategiaconcursos.com.br\/blog\/#\/schema\/person\/ef279b4e5cecf1052fd18471a9aa8278","name":"Waleska Alvarenga","image":{"@type":"ImageObject","inLanguage":"pt-BR","@id":"https:\/\/secure.gravatar.com\/avatar\/e8319bf0504c55bd7007da8134933ca808638266ea8a0e15b7aaa82042be974d?s=96&d=mm&r=g","url":"https:\/\/secure.gravatar.com\/avatar\/e8319bf0504c55bd7007da8134933ca808638266ea8a0e15b7aaa82042be974d?s=96&d=mm&r=g","contentUrl":"https:\/\/secure.gravatar.com\/avatar\/e8319bf0504c55bd7007da8134933ca808638266ea8a0e15b7aaa82042be974d?s=96&d=mm&r=g","caption":"Waleska Alvarenga"},"url":"https:\/\/www.estrategiaconcursos.com.br\/blog\/author\/waleska-alinegmail-com\/"}]}},"_links":{"self":[{"href":"https:\/\/www.estrategiaconcursos.com.br\/blog\/wp-json\/wp\/v2\/posts\/454489","targetHints":{"allow":["GET"]}}],"collection":[{"href":"https:\/\/www.estrategiaconcursos.com.br\/blog\/wp-json\/wp\/v2\/posts"}],"about":[{"href":"https:\/\/www.estrategiaconcursos.com.br\/blog\/wp-json\/wp\/v2\/types\/post"}],"author":[{"embeddable":true,"href":"https:\/\/www.estrategiaconcursos.com.br\/blog\/wp-json\/wp\/v2\/users\/1478"}],"replies":[{"embeddable":true,"href":"https:\/\/www.estrategiaconcursos.com.br\/blog\/wp-json\/wp\/v2\/comments?post=454489"}],"version-history":[{"count":3,"href":"https:\/\/www.estrategiaconcursos.com.br\/blog\/wp-json\/wp\/v2\/posts\/454489\/revisions"}],"predecessor-version":[{"id":455103,"href":"https:\/\/www.estrategiaconcursos.com.br\/blog\/wp-json\/wp\/v2\/posts\/454489\/revisions\/455103"}],"wp:featuredmedia":[{"embeddable":true,"href":"https:\/\/www.estrategiaconcursos.com.br\/blog\/wp-json\/wp\/v2\/media\/454511"}],"wp:attachment":[{"href":"https:\/\/www.estrategiaconcursos.com.br\/blog\/wp-json\/wp\/v2\/media?parent=454489"}],"wp:term":[{"taxonomy":"category","embeddable":true,"href":"https:\/\/www.estrategiaconcursos.com.br\/blog\/wp-json\/wp\/v2\/categories?post=454489"},{"taxonomy":"post_tag","embeddable":true,"href":"https:\/\/www.estrategiaconcursos.com.br\/blog\/wp-json\/wp\/v2\/tags?post=454489"},{"taxonomy":"tax_estado","embeddable":true,"href":"https:\/\/www.estrategiaconcursos.com.br\/blog\/wp-json\/wp\/v2\/tax_estado?post=454489"}],"curies":[{"name":"wp","href":"https:\/\/api.w.org\/{rel}","templated":true}]}}