{"id":454183,"date":"2019-12-02T14:56:14","date_gmt":"2019-12-02T17:56:14","guid":{"rendered":"https:\/\/www.estrategiaconcursos.com.br\/blog\/?p=454183"},"modified":"2019-12-02T14:56:41","modified_gmt":"2019-12-02T17:56:41","slug":"edital-concurso-prefeitura-santa-cruz-do-sul-deve-sair-amanha","status":"publish","type":"post","link":"https:\/\/www.estrategiaconcursos.com.br\/blog\/edital-concurso-prefeitura-santa-cruz-do-sul-deve-sair-amanha\/","title":{"rendered":"Edital do concurso da Prefeitura Santa Cruz do Sul deve sair amanh\u00e3 (03)"},"content":{"rendered":"\n<p>Durante coletiva de imprensa no Palacinho, realizada nesta segunda-feira, 02 de dezembro, o secret\u00e1rio de Administra\u00e7\u00e3o, Vanir Ramos de Azevedo, informou que o <strong>edital do concurso p\u00fablico da Prefeitura de Santa Cruz do Sul<\/strong> ser\u00e1 publicado <em>amanh\u00e3 (03)<\/em>.<\/p>\n\n\n\n<p>Al\u00e9m da publica\u00e7\u00e3o do edital, tamb\u00e9m foram divulgados outros detalhes preliminares do certame, como data das provas, inscri\u00e7\u00f5es e vagas. As <strong>provas <\/strong>est\u00e3o previstas para acontecer nos dias <em>15 e 16 de fevereiro de 2020<\/em>, sob organiza\u00e7\u00e3o da banca Consulpam.<\/p>\n\n\n\n<p>Espera-se que haja cerca de 16 mil candidatos inscritos no concurso. Os interessados poder\u00e3o realizar as <em>inscri\u00e7\u00f5es<\/em> no per\u00edodo de <strong>05 de dezembro a 05 de janeiro<\/strong>. A taxa ser\u00e1 determinada conforme grau de escolaridade exigido no cargo pretendido, sendo:<\/p>\n\n\n\n<ul class=\"wp-block-list\"><li><strong>N\u00edvel fundamental<\/strong>: R$ 60,00<\/li><li><strong>N\u00edvel m\u00e9dio<\/strong>: R$ 92,00<\/li><li><strong>N\u00edvel t\u00e9cnico<\/strong>: R$ 95,00<\/li><li><strong>N\u00edvel superior<\/strong>: de R$ 130,00 a R$ 180,00 <\/li><\/ul>\n\n\n\n<p>Ainda de acordo com o secret\u00e1rio, o edital do munic\u00edpio do Rio Grande do Sul ser\u00e1 dividido em quatro partes, que, juntos, devem somar <strong>234 vagas<\/strong>. As oportunidades ser\u00e3o para diversos cargos que abrangem todos os n\u00edveis de escolaridade. As remunera\u00e7\u00f5es variam entre R$ 1.278, 25 e R$ 13.545,46, mais vale-alimenta\u00e7\u00e3o de R$ 587,00. <\/p>\n\n\n\n<p>Pela primeira vez, um edital de concurso do munic\u00edpio haver\u00e1 20% das vagas reservadas para negros. Outros 10% ser\u00e3o destinados a pessoas com defici\u00eancia e, para o cargo de Guarda Municipal, 20% das vagas ser\u00e3o reservadas para mulheres. Al\u00e9m disso, doadores de medula \u00f3ssea est\u00e3o isentos da taxa de inscri\u00e7\u00e3o.<\/p>\n\n\n\n<p style=\"font-size:22px;text-align:center\" class=\"has-background has-very-light-gray-background-color\"><strong>Saiba mais: <\/strong><a rel=\"noreferrer noopener\" aria-label=\"Concurso Prefeitura de Santa Cruz (abre numa nova aba)\" href=\"https:\/\/www.estrategiaconcursos.com.br\/blog\/concurso-prefeitura-de-santa-cruz-do-sul\/\" target=\"_blank\"><strong>Concurso Prefeitura de Santa Cruz<\/strong><\/a><\/p>\n\n\n\n<hr class=\"wp-block-separator\"\/>\n\n\n\n<p style=\"font-size:22px;text-align:center\" class=\"has-background has-light-green-cyan-background-color\"><a rel=\"noreferrer noopener\" href=\"https:\/\/www.estrategiaconcursos.com.br\/cursosPorConcurso\/prefeitura-municipal-de-santa-cruz-do-sul-rs\/\" target=\"_blank\"><strong>Cursos para Prefeitura de Santa Cruz<\/strong><\/a><\/p>\n\n\n\n<p style=\"text-align:center\" class=\"has-medium-font-size\"><em><strong>Assinatura Anual Ilimitada*<\/strong><\/em><\/p>\n\n\n\n<p style=\"text-align:center\"><em>Prepare-se com o melhor material e com quem mais aprova em Concursos P\u00fablicos em todo o pa\u00eds. Assine agora a nossa Assinatura Anual e tenha acesso ilimitado* a todos os nossos cursos.<\/em><\/p>\n\n\n\n<p style=\"font-size:22px;text-align:center\" class=\"has-background has-luminous-vivid-amber-background-color\"><strong>ASSINE AGORA<\/strong>\u00a0\u2013\u00a0<a rel=\"noreferrer noopener\" href=\"https:\/\/www.estrategiaconcursos.com.br\/assinaturas\" target=\"_blank\"><strong>Assinatura Ilimitada<\/strong><\/a><\/p>\n\n\n\n<p style=\"text-align:center\" class=\"has-medium-font-size\"><strong><em>Fique por dentro de todos os concursos<\/em><\/strong><\/p>\n\n\n\n<p style=\"font-size:22px;text-align:center\" class=\"has-background has-pale-cyan-blue-background-color\"><a rel=\"noreferrer noopener\" href=\"https:\/\/www.estrategiaconcursos.com.br\/blog\/concursos-abertos\/\" target=\"_blank\"><strong>CONCURSOS ABERTOS<\/strong><\/a><\/p>\n\n\n\n<p style=\"font-size:22px;text-align:center\" class=\"has-background has-pale-cyan-blue-background-color\"><a rel=\"noreferrer noopener\" href=\"https:\/\/www.estrategiaconcursos.com.br\/blog\/concursos-2019\/\" target=\"_blank\"><strong>CONCURSOS 2019<\/strong><\/a><\/p>\n\n\n\n<p style=\"font-size:22px;text-align:center\" class=\"has-background has-pale-cyan-blue-background-color\"><a rel=\"noreferrer noopener\" href=\"https:\/\/www.estrategiaconcursos.com.br\/blog\/concursos-2020\/\" target=\"_blank\"><strong>CONCURSOS\u00a02020<\/strong><\/a><\/p>\n","protected":false},"excerpt":{"rendered":"<p>Durante coletiva de imprensa no Palacinho, realizada nesta segunda-feira, 02 de dezembro, o secret\u00e1rio de Administra\u00e7\u00e3o, Vanir Ramos de Azevedo, informou que o edital do concurso p\u00fablico da Prefeitura de Santa Cruz do Sul ser\u00e1 publicado amanh\u00e3 (03). Al\u00e9m da publica\u00e7\u00e3o do edital, tamb\u00e9m foram divulgados outros detalhes preliminares do certame, como data das provas, [&hellip;]<\/p>\n","protected":false},"author":93,"featured_media":399574,"comment_status":"open","ping_status":"closed","sticky":false,"template":"","format":"standard","meta":{"post_tipo":"article","footnotes":""},"categories":[1],"tags":[],"tax_estado":[],"class_list":["post-454183","post","type-post","status-publish","format-standard","has-post-thumbnail","hentry","category-cursos-e-concursos"],"acf":[],"yoast_head":"<!-- This site is optimized with the Yoast SEO Premium plugin v27.2 (Yoast SEO v27.2) - https:\/\/yoast.com\/product\/yoast-seo-premium-wordpress\/ -->\n<title>Edital do concurso da Prefeitura Santa Cruz do Sul deve sair amanh\u00e3 (03)<\/title>\n<meta name=\"robots\" content=\"index, follow, max-snippet:-1, max-image-preview:large, max-video-preview:-1\" \/>\n<link rel=\"canonical\" href=\"https:\/\/www.estrategiaconcursos.com.br\/blog\/edital-concurso-prefeitura-santa-cruz-do-sul-deve-sair-amanha\/\" \/>\n<meta property=\"og:locale\" content=\"pt_BR\" \/>\n<meta property=\"og:type\" content=\"article\" \/>\n<meta property=\"og:title\" content=\"Edital do concurso da Prefeitura Santa Cruz do Sul deve sair amanh\u00e3 (03)\" \/>\n<meta property=\"og:description\" content=\"Durante coletiva de imprensa no Palacinho, realizada nesta segunda-feira, 02 de dezembro, o secret\u00e1rio de Administra\u00e7\u00e3o, Vanir Ramos de Azevedo, informou que o edital do concurso p\u00fablico da Prefeitura de Santa Cruz do Sul ser\u00e1 publicado amanh\u00e3 (03). Al\u00e9m da publica\u00e7\u00e3o do edital, tamb\u00e9m foram divulgados outros detalhes preliminares do certame, como data das provas, [&hellip;]\" \/>\n<meta property=\"og:url\" content=\"https:\/\/www.estrategiaconcursos.com.br\/blog\/edital-concurso-prefeitura-santa-cruz-do-sul-deve-sair-amanha\/\" \/>\n<meta property=\"og:site_name\" content=\"Estrat\u00e9gia Concursos\" \/>\n<meta property=\"article:published_time\" content=\"2019-12-02T17:56:14+00:00\" \/>\n<meta property=\"article:modified_time\" content=\"2019-12-02T17:56:41+00:00\" \/>\n<meta property=\"og:image\" content=\"https:\/\/dhg1h5j42swfq.cloudfront.net\/2019\/07\/17073121\/concurso-santa-cruz-do-sul-rs.png\" \/>\n\t<meta property=\"og:image:width\" content=\"400\" \/>\n\t<meta property=\"og:image:height\" content=\"209\" \/>\n\t<meta property=\"og:image:type\" content=\"image\/png\" \/>\n<meta name=\"author\" content=\"Vinicius Silva\" \/>\n<meta name=\"twitter:card\" content=\"summary_large_image\" \/>\n<meta name=\"twitter:creator\" content=\"@EstratConcursos\" \/>\n<meta name=\"twitter:site\" content=\"@EstratConcursos\" \/>\n<meta name=\"twitter:label1\" content=\"Escrito por\" \/>\n\t<meta name=\"twitter:data1\" content=\"Vinicius Silva\" \/>\n\t<meta name=\"twitter:label2\" content=\"Est. tempo de leitura\" \/>\n\t<meta name=\"twitter:data2\" content=\"2 minutos\" \/>\n<script type=\"application\/ld+json\" class=\"yoast-schema-graph\">{\"@context\":\"https:\/\/schema.org\",\"@graph\":[{\"@type\":\"NewsArticle\",\"@id\":\"https:\/\/www.estrategiaconcursos.com.br\/blog\/edital-concurso-prefeitura-santa-cruz-do-sul-deve-sair-amanha\/#article\",\"isPartOf\":{\"@id\":\"https:\/\/www.estrategiaconcursos.com.br\/blog\/edital-concurso-prefeitura-santa-cruz-do-sul-deve-sair-amanha\/\"},\"author\":{\"name\":\"Vinicius Silva\",\"@id\":\"https:\/\/www.estrategiaconcursos.com.br\/blog\/#\/schema\/person\/20030622a981f9a942ad6b3561fe4ca4\"},\"headline\":\"Edital do concurso da Prefeitura Santa Cruz do Sul deve sair amanh\u00e3 (03)\",\"datePublished\":\"2019-12-02T17:56:14+00:00\",\"dateModified\":\"2019-12-02T17:56:41+00:00\",\"mainEntityOfPage\":{\"@id\":\"https:\/\/www.estrategiaconcursos.com.br\/blog\/edital-concurso-prefeitura-santa-cruz-do-sul-deve-sair-amanha\/\"},\"wordCount\":329,\"commentCount\":1,\"publisher\":{\"@id\":\"https:\/\/www.estrategiaconcursos.com.br\/blog\/#organization\"},\"image\":{\"@id\":\"https:\/\/www.estrategiaconcursos.com.br\/blog\/edital-concurso-prefeitura-santa-cruz-do-sul-deve-sair-amanha\/#primaryimage\"},\"thumbnailUrl\":\"https:\/\/dhg1h5j42swfq.cloudfront.net\/2019\/07\/17073121\/concurso-santa-cruz-do-sul-rs.png\",\"articleSection\":[\"Concursos P\u00fablicos\"],\"inLanguage\":\"pt-BR\",\"potentialAction\":[{\"@type\":\"CommentAction\",\"name\":\"Comment\",\"target\":[\"https:\/\/www.estrategiaconcursos.com.br\/blog\/edital-concurso-prefeitura-santa-cruz-do-sul-deve-sair-amanha\/#respond\"]}],\"copyrightYear\":\"2019\",\"copyrightHolder\":{\"@id\":\"https:\/\/www.estrategiaconcursos.com.br\/blog\/#organization\"}},{\"@type\":\"WebPage\",\"@id\":\"https:\/\/www.estrategiaconcursos.com.br\/blog\/edital-concurso-prefeitura-santa-cruz-do-sul-deve-sair-amanha\/\",\"url\":\"https:\/\/www.estrategiaconcursos.com.br\/blog\/edital-concurso-prefeitura-santa-cruz-do-sul-deve-sair-amanha\/\",\"name\":\"Edital do concurso da Prefeitura Santa Cruz do Sul deve sair amanh\u00e3 (03)\",\"isPartOf\":{\"@id\":\"https:\/\/www.estrategiaconcursos.com.br\/blog\/#website\"},\"primaryImageOfPage\":{\"@id\":\"https:\/\/www.estrategiaconcursos.com.br\/blog\/edital-concurso-prefeitura-santa-cruz-do-sul-deve-sair-amanha\/#primaryimage\"},\"image\":{\"@id\":\"https:\/\/www.estrategiaconcursos.com.br\/blog\/edital-concurso-prefeitura-santa-cruz-do-sul-deve-sair-amanha\/#primaryimage\"},\"thumbnailUrl\":\"https:\/\/dhg1h5j42swfq.cloudfront.net\/2019\/07\/17073121\/concurso-santa-cruz-do-sul-rs.png\",\"datePublished\":\"2019-12-02T17:56:14+00:00\",\"dateModified\":\"2019-12-02T17:56:41+00:00\",\"breadcrumb\":{\"@id\":\"https:\/\/www.estrategiaconcursos.com.br\/blog\/edital-concurso-prefeitura-santa-cruz-do-sul-deve-sair-amanha\/#breadcrumb\"},\"inLanguage\":\"pt-BR\",\"potentialAction\":[{\"@type\":\"ReadAction\",\"target\":[\"https:\/\/www.estrategiaconcursos.com.br\/blog\/edital-concurso-prefeitura-santa-cruz-do-sul-deve-sair-amanha\/\"]}]},{\"@type\":\"ImageObject\",\"inLanguage\":\"pt-BR\",\"@id\":\"https:\/\/www.estrategiaconcursos.com.br\/blog\/edital-concurso-prefeitura-santa-cruz-do-sul-deve-sair-amanha\/#primaryimage\",\"url\":\"https:\/\/dhg1h5j42swfq.cloudfront.net\/2019\/07\/17073121\/concurso-santa-cruz-do-sul-rs.png\",\"contentUrl\":\"https:\/\/dhg1h5j42swfq.cloudfront.net\/2019\/07\/17073121\/concurso-santa-cruz-do-sul-rs.png\",\"width\":400,\"height\":209,\"caption\":\"concurso prefeitura de santa cruz do sul\"},{\"@type\":\"BreadcrumbList\",\"@id\":\"https:\/\/www.estrategiaconcursos.com.br\/blog\/edital-concurso-prefeitura-santa-cruz-do-sul-deve-sair-amanha\/#breadcrumb\",\"itemListElement\":[{\"@type\":\"ListItem\",\"position\":1,\"name\":\"In\u00edcio\",\"item\":\"https:\/\/www.estrategiaconcursos.com.br\/blog\/\"},{\"@type\":\"ListItem\",\"position\":2,\"name\":\"Edital do concurso da Prefeitura Santa Cruz do Sul deve sair amanh\u00e3 (03)\"}]},{\"@type\":\"WebSite\",\"@id\":\"https:\/\/www.estrategiaconcursos.com.br\/blog\/#website\",\"url\":\"https:\/\/www.estrategiaconcursos.com.br\/blog\/\",\"name\":\"Estrat\u00e9gia Concursos\",\"description\":\"O blog da Estrat\u00e9gia Concursos traz not\u00edcias sobre concursos e artigos de professores oferecendo cursos para concursos (pdf + videaulas) no site.\",\"publisher\":{\"@id\":\"https:\/\/www.estrategiaconcursos.com.br\/blog\/#organization\"},\"potentialAction\":[{\"@type\":\"SearchAction\",\"target\":{\"@type\":\"EntryPoint\",\"urlTemplate\":\"https:\/\/www.estrategiaconcursos.com.br\/blog\/?s={search_term_string}\"},\"query-input\":{\"@type\":\"PropertyValueSpecification\",\"valueRequired\":true,\"valueName\":\"search_term_string\"}}],\"inLanguage\":\"pt-BR\"},{\"@type\":\"Organization\",\"@id\":\"https:\/\/www.estrategiaconcursos.com.br\/blog\/#organization\",\"name\":\"Estrat\u00e9gia Concursos\",\"url\":\"https:\/\/www.estrategiaconcursos.com.br\/blog\/\",\"logo\":{\"@type\":\"ImageObject\",\"inLanguage\":\"pt-BR\",\"@id\":\"https:\/\/www.estrategiaconcursos.com.br\/blog\/#\/schema\/logo\/image\/\",\"url\":\"https:\/\/dhg1h5j42swfq.cloudfront.net\/2025\/06\/03203428\/logo_concursos-1.jpg\",\"contentUrl\":\"https:\/\/dhg1h5j42swfq.cloudfront.net\/2025\/06\/03203428\/logo_concursos-1.jpg\",\"width\":230,\"height\":60,\"caption\":\"Estrat\u00e9gia Concursos\"},\"image\":{\"@id\":\"https:\/\/www.estrategiaconcursos.com.br\/blog\/#\/schema\/logo\/image\/\"},\"sameAs\":[\"https:\/\/x.com\/EstratConcursos\"]},{\"@type\":\"Person\",\"@id\":\"https:\/\/www.estrategiaconcursos.com.br\/blog\/#\/schema\/person\/20030622a981f9a942ad6b3561fe4ca4\",\"name\":\"Vinicius Silva\",\"image\":{\"@type\":\"ImageObject\",\"inLanguage\":\"pt-BR\",\"@id\":\"https:\/\/secure.gravatar.com\/avatar\/604d9670a4c7eea71feaa4381f3ae97e148292ac402671c5944aa67a3d127663?s=96&d=mm&r=g\",\"url\":\"https:\/\/secure.gravatar.com\/avatar\/604d9670a4c7eea71feaa4381f3ae97e148292ac402671c5944aa67a3d127663?s=96&d=mm&r=g\",\"contentUrl\":\"https:\/\/secure.gravatar.com\/avatar\/604d9670a4c7eea71feaa4381f3ae97e148292ac402671c5944aa67a3d127663?s=96&d=mm&r=g\",\"caption\":\"Vinicius Silva\"},\"url\":\"https:\/\/www.estrategiaconcursos.com.br\/blog\/author\/viniciussilvaestrategiaconcursos-com-br\/\"}]}<\/script>\n<!-- \/ Yoast SEO Premium plugin. -->","yoast_head_json":{"title":"Edital do concurso da Prefeitura Santa Cruz do Sul deve sair amanh\u00e3 (03)","robots":{"index":"index","follow":"follow","max-snippet":"max-snippet:-1","max-image-preview":"max-image-preview:large","max-video-preview":"max-video-preview:-1"},"canonical":"https:\/\/www.estrategiaconcursos.com.br\/blog\/edital-concurso-prefeitura-santa-cruz-do-sul-deve-sair-amanha\/","og_locale":"pt_BR","og_type":"article","og_title":"Edital do concurso da Prefeitura Santa Cruz do Sul deve sair amanh\u00e3 (03)","og_description":"Durante coletiva de imprensa no Palacinho, realizada nesta segunda-feira, 02 de dezembro, o secret\u00e1rio de Administra\u00e7\u00e3o, Vanir Ramos de Azevedo, informou que o edital do concurso p\u00fablico da Prefeitura de Santa Cruz do Sul ser\u00e1 publicado amanh\u00e3 (03). Al\u00e9m da publica\u00e7\u00e3o do edital, tamb\u00e9m foram divulgados outros detalhes preliminares do certame, como data das provas, [&hellip;]","og_url":"https:\/\/www.estrategiaconcursos.com.br\/blog\/edital-concurso-prefeitura-santa-cruz-do-sul-deve-sair-amanha\/","og_site_name":"Estrat\u00e9gia Concursos","article_published_time":"2019-12-02T17:56:14+00:00","article_modified_time":"2019-12-02T17:56:41+00:00","og_image":[{"width":400,"height":209,"url":"https:\/\/dhg1h5j42swfq.cloudfront.net\/2019\/07\/17073121\/concurso-santa-cruz-do-sul-rs.png","type":"image\/png"}],"author":"Vinicius Silva","twitter_card":"summary_large_image","twitter_creator":"@EstratConcursos","twitter_site":"@EstratConcursos","twitter_misc":{"Escrito por":"Vinicius Silva","Est. tempo de leitura":"2 minutos"},"schema":{"@context":"https:\/\/schema.org","@graph":[{"@type":"NewsArticle","@id":"https:\/\/www.estrategiaconcursos.com.br\/blog\/edital-concurso-prefeitura-santa-cruz-do-sul-deve-sair-amanha\/#article","isPartOf":{"@id":"https:\/\/www.estrategiaconcursos.com.br\/blog\/edital-concurso-prefeitura-santa-cruz-do-sul-deve-sair-amanha\/"},"author":{"name":"Vinicius Silva","@id":"https:\/\/www.estrategiaconcursos.com.br\/blog\/#\/schema\/person\/20030622a981f9a942ad6b3561fe4ca4"},"headline":"Edital do concurso da Prefeitura Santa Cruz do Sul deve sair amanh\u00e3 (03)","datePublished":"2019-12-02T17:56:14+00:00","dateModified":"2019-12-02T17:56:41+00:00","mainEntityOfPage":{"@id":"https:\/\/www.estrategiaconcursos.com.br\/blog\/edital-concurso-prefeitura-santa-cruz-do-sul-deve-sair-amanha\/"},"wordCount":329,"commentCount":1,"publisher":{"@id":"https:\/\/www.estrategiaconcursos.com.br\/blog\/#organization"},"image":{"@id":"https:\/\/www.estrategiaconcursos.com.br\/blog\/edital-concurso-prefeitura-santa-cruz-do-sul-deve-sair-amanha\/#primaryimage"},"thumbnailUrl":"https:\/\/dhg1h5j42swfq.cloudfront.net\/2019\/07\/17073121\/concurso-santa-cruz-do-sul-rs.png","articleSection":["Concursos P\u00fablicos"],"inLanguage":"pt-BR","potentialAction":[{"@type":"CommentAction","name":"Comment","target":["https:\/\/www.estrategiaconcursos.com.br\/blog\/edital-concurso-prefeitura-santa-cruz-do-sul-deve-sair-amanha\/#respond"]}],"copyrightYear":"2019","copyrightHolder":{"@id":"https:\/\/www.estrategiaconcursos.com.br\/blog\/#organization"}},{"@type":"WebPage","@id":"https:\/\/www.estrategiaconcursos.com.br\/blog\/edital-concurso-prefeitura-santa-cruz-do-sul-deve-sair-amanha\/","url":"https:\/\/www.estrategiaconcursos.com.br\/blog\/edital-concurso-prefeitura-santa-cruz-do-sul-deve-sair-amanha\/","name":"Edital do concurso da Prefeitura Santa Cruz do Sul deve sair amanh\u00e3 (03)","isPartOf":{"@id":"https:\/\/www.estrategiaconcursos.com.br\/blog\/#website"},"primaryImageOfPage":{"@id":"https:\/\/www.estrategiaconcursos.com.br\/blog\/edital-concurso-prefeitura-santa-cruz-do-sul-deve-sair-amanha\/#primaryimage"},"image":{"@id":"https:\/\/www.estrategiaconcursos.com.br\/blog\/edital-concurso-prefeitura-santa-cruz-do-sul-deve-sair-amanha\/#primaryimage"},"thumbnailUrl":"https:\/\/dhg1h5j42swfq.cloudfront.net\/2019\/07\/17073121\/concurso-santa-cruz-do-sul-rs.png","datePublished":"2019-12-02T17:56:14+00:00","dateModified":"2019-12-02T17:56:41+00:00","breadcrumb":{"@id":"https:\/\/www.estrategiaconcursos.com.br\/blog\/edital-concurso-prefeitura-santa-cruz-do-sul-deve-sair-amanha\/#breadcrumb"},"inLanguage":"pt-BR","potentialAction":[{"@type":"ReadAction","target":["https:\/\/www.estrategiaconcursos.com.br\/blog\/edital-concurso-prefeitura-santa-cruz-do-sul-deve-sair-amanha\/"]}]},{"@type":"ImageObject","inLanguage":"pt-BR","@id":"https:\/\/www.estrategiaconcursos.com.br\/blog\/edital-concurso-prefeitura-santa-cruz-do-sul-deve-sair-amanha\/#primaryimage","url":"https:\/\/dhg1h5j42swfq.cloudfront.net\/2019\/07\/17073121\/concurso-santa-cruz-do-sul-rs.png","contentUrl":"https:\/\/dhg1h5j42swfq.cloudfront.net\/2019\/07\/17073121\/concurso-santa-cruz-do-sul-rs.png","width":400,"height":209,"caption":"concurso prefeitura de santa cruz do sul"},{"@type":"BreadcrumbList","@id":"https:\/\/www.estrategiaconcursos.com.br\/blog\/edital-concurso-prefeitura-santa-cruz-do-sul-deve-sair-amanha\/#breadcrumb","itemListElement":[{"@type":"ListItem","position":1,"name":"In\u00edcio","item":"https:\/\/www.estrategiaconcursos.com.br\/blog\/"},{"@type":"ListItem","position":2,"name":"Edital do concurso da Prefeitura Santa Cruz do Sul deve sair amanh\u00e3 (03)"}]},{"@type":"WebSite","@id":"https:\/\/www.estrategiaconcursos.com.br\/blog\/#website","url":"https:\/\/www.estrategiaconcursos.com.br\/blog\/","name":"Estrat\u00e9gia Concursos","description":"O blog da Estrat\u00e9gia Concursos traz not\u00edcias sobre concursos e artigos de professores oferecendo cursos para concursos (pdf + videaulas) no site.","publisher":{"@id":"https:\/\/www.estrategiaconcursos.com.br\/blog\/#organization"},"potentialAction":[{"@type":"SearchAction","target":{"@type":"EntryPoint","urlTemplate":"https:\/\/www.estrategiaconcursos.com.br\/blog\/?s={search_term_string}"},"query-input":{"@type":"PropertyValueSpecification","valueRequired":true,"valueName":"search_term_string"}}],"inLanguage":"pt-BR"},{"@type":"Organization","@id":"https:\/\/www.estrategiaconcursos.com.br\/blog\/#organization","name":"Estrat\u00e9gia Concursos","url":"https:\/\/www.estrategiaconcursos.com.br\/blog\/","logo":{"@type":"ImageObject","inLanguage":"pt-BR","@id":"https:\/\/www.estrategiaconcursos.com.br\/blog\/#\/schema\/logo\/image\/","url":"https:\/\/dhg1h5j42swfq.cloudfront.net\/2025\/06\/03203428\/logo_concursos-1.jpg","contentUrl":"https:\/\/dhg1h5j42swfq.cloudfront.net\/2025\/06\/03203428\/logo_concursos-1.jpg","width":230,"height":60,"caption":"Estrat\u00e9gia Concursos"},"image":{"@id":"https:\/\/www.estrategiaconcursos.com.br\/blog\/#\/schema\/logo\/image\/"},"sameAs":["https:\/\/x.com\/EstratConcursos"]},{"@type":"Person","@id":"https:\/\/www.estrategiaconcursos.com.br\/blog\/#\/schema\/person\/20030622a981f9a942ad6b3561fe4ca4","name":"Vinicius Silva","image":{"@type":"ImageObject","inLanguage":"pt-BR","@id":"https:\/\/secure.gravatar.com\/avatar\/604d9670a4c7eea71feaa4381f3ae97e148292ac402671c5944aa67a3d127663?s=96&d=mm&r=g","url":"https:\/\/secure.gravatar.com\/avatar\/604d9670a4c7eea71feaa4381f3ae97e148292ac402671c5944aa67a3d127663?s=96&d=mm&r=g","contentUrl":"https:\/\/secure.gravatar.com\/avatar\/604d9670a4c7eea71feaa4381f3ae97e148292ac402671c5944aa67a3d127663?s=96&d=mm&r=g","caption":"Vinicius Silva"},"url":"https:\/\/www.estrategiaconcursos.com.br\/blog\/author\/viniciussilvaestrategiaconcursos-com-br\/"}]}},"_links":{"self":[{"href":"https:\/\/www.estrategiaconcursos.com.br\/blog\/wp-json\/wp\/v2\/posts\/454183","targetHints":{"allow":["GET"]}}],"collection":[{"href":"https:\/\/www.estrategiaconcursos.com.br\/blog\/wp-json\/wp\/v2\/posts"}],"about":[{"href":"https:\/\/www.estrategiaconcursos.com.br\/blog\/wp-json\/wp\/v2\/types\/post"}],"author":[{"embeddable":true,"href":"https:\/\/www.estrategiaconcursos.com.br\/blog\/wp-json\/wp\/v2\/users\/93"}],"replies":[{"embeddable":true,"href":"https:\/\/www.estrategiaconcursos.com.br\/blog\/wp-json\/wp\/v2\/comments?post=454183"}],"version-history":[{"count":2,"href":"https:\/\/www.estrategiaconcursos.com.br\/blog\/wp-json\/wp\/v2\/posts\/454183\/revisions"}],"predecessor-version":[{"id":454215,"href":"https:\/\/www.estrategiaconcursos.com.br\/blog\/wp-json\/wp\/v2\/posts\/454183\/revisions\/454215"}],"wp:featuredmedia":[{"embeddable":true,"href":"https:\/\/www.estrategiaconcursos.com.br\/blog\/wp-json\/wp\/v2\/media\/399574"}],"wp:attachment":[{"href":"https:\/\/www.estrategiaconcursos.com.br\/blog\/wp-json\/wp\/v2\/media?parent=454183"}],"wp:term":[{"taxonomy":"category","embeddable":true,"href":"https:\/\/www.estrategiaconcursos.com.br\/blog\/wp-json\/wp\/v2\/categories?post=454183"},{"taxonomy":"post_tag","embeddable":true,"href":"https:\/\/www.estrategiaconcursos.com.br\/blog\/wp-json\/wp\/v2\/tags?post=454183"},{"taxonomy":"tax_estado","embeddable":true,"href":"https:\/\/www.estrategiaconcursos.com.br\/blog\/wp-json\/wp\/v2\/tax_estado?post=454183"}],"curies":[{"name":"wp","href":"https:\/\/api.w.org\/{rel}","templated":true}]}}