{"id":454176,"date":"2019-12-05T00:06:44","date_gmt":"2019-12-05T03:06:44","guid":{"rendered":"https:\/\/www.estrategiaconcursos.com.br\/blog\/?p=454176"},"modified":"2020-01-06T08:32:11","modified_gmt":"2020-01-06T11:32:11","slug":"edital-prefeitura-santa-cruz-do-sul","status":"publish","type":"post","link":"https:\/\/www.estrategiaconcursos.com.br\/blog\/edital-prefeitura-santa-cruz-do-sul\/","title":{"rendered":"Edital Prefeitura Santa Cruz do Sul est\u00e1 com inscri\u00e7\u00f5es encerradas para 284 vagas"},"content":{"rendered":"\n<h2 class=\"wp-block-heading\"><em>Provas ser\u00e3o aplicadas nos dias 15 e 16 de fevereiro<\/em><\/h2>\n\n\n\n<p>A Prefeitura de Santa Cruz do Sul, Estado do Rio Grande do Sul, publicou tr\u00eas editais referentes ao seu novo concurso p\u00fablico. Ao todo, s\u00e3o ofertadas <strong>284 vagas <\/strong>divididas em 102 cargos para n\u00edveis fundamental, m\u00e9dio, t\u00e9cnico e superior.&nbsp;<\/p>\n\n\n\n<p>Com inscri\u00e7\u00f5es encerradas, os interessados em participar desta sele\u00e7\u00e3o puderam acessar o site da banca organizadora, a <strong>Consulpam<\/strong>, at\u00e9 o dia<strong> <\/strong>5 de janeiro de 2020. A aplica\u00e7\u00e3o da prova objetiva est\u00e1 marcada para ocorrer nos dias <strong>15 e de 16 de fevereiro de 2020.<\/strong><\/p>\n\n\n\n<h2 class=\"wp-block-heading\">Principais datas<\/h2>\n\n\n\n<p class=\"has-background has-very-light-gray-background-color\"><strong>Inscri\u00e7\u00f5es<\/strong>: <s>5 de dezembro a 5 de janeiro de 2020<\/s> [ENCERRADO]<br \/><strong>Isen\u00e7\u00e3o da taxa:<\/strong> <s>05 e 06 de dezembro<\/s> [ENCERRADO]<br \/><strong>Provas<\/strong>: 15 e 16 de fevereiro de 2020<\/p>\n\n\n\n<h2 class=\"wp-block-heading\">Cargos e vagas do edital Prefeitura de Santa Cruz do Sul<\/h2>\n\n\n\n<p>As remunera\u00e7\u00f5es variam entre <strong>R$ 1.278, 25 e R$ 13.545,46,<\/strong> mais vale-alimenta\u00e7\u00e3o de R$ 587,00 para todos os cargos. <\/p>\n\n\n\n<h4 class=\"wp-block-heading\">N\u00edvel Superior<\/h4>\n\n\n\n<ul class=\"wp-block-list\"><li>Advogado<\/li><li>Analista e Desenvolvedor de Sistema<\/li><li>Arquiteto<\/li><li>Arquivista<\/li><li>Assessor Administrativo<\/li><li>Assessor de Comunica\u00e7\u00e3o<\/li><li>Assistente Social<\/li><li>Auditor Fiscal da Receita Municipal<\/li><li>Bi\u00f3logo<\/li><li>Cirurgi\u00e3o Dentista 20 horas<\/li><li>Cirurgi\u00e3o Dentista 40 horas<\/li><li>Cirurgi\u00e3o Dentista Endodontia<\/li><li>Cirurgi\u00e3o Dentista Pr\u00f3tese Dent\u00e1ria<\/li><li>Contador<\/li><li>Educador F\u00edsico<\/li><li>Enfermeiro 40 horas<\/li><li>Enfermeiro Auditor<\/li><li>Engenheiro Civil<\/li><li>Engenheiro de Meio Ambiente<\/li><li>Engenheiro Mec\u00e2nico<\/li><li>Farmac\u00eautico 20 horas<\/li><li>Farmac\u00eautico 40 horas<\/li><li>Fisioterapeuta<\/li><li>Fonoaudi\u00f3logo<\/li><li>Ge\u00f3logo<\/li><li>Jornalista<\/li><li>M\u00e9dico Auditor<\/li><li>M\u00e9dico Autorizador<\/li><li>M\u00e9dico de Sa\u00fade da Fam\u00edlia<\/li><li>M\u00e9dico Cl\u00ednico Geral<\/li><li>M\u00e9dico Endocrinologista<\/li><li>M\u00e9dico Ginecologista\/Obstetra<\/li><li>M\u00e9dico Infectologista<\/li><li>M\u00e9dico Pediatra<\/li><li>M\u00e9dico Psiquiatra<\/li><li>M\u00e9dico Reumatologista<\/li><li>M\u00e9dico Sanitarista<\/li><li>M\u00e9dico Traumatologista<\/li><li>M\u00e9dico Veterin\u00e1rio<\/li><li>Nutricionista<\/li><li>Orientador Educacional<\/li><li>Pedagogo<\/li><li>Procurador<\/li><li>Professor Educa\u00e7\u00e3o Infantil<\/li><li>Professor Anos\/S\u00e9ries Iniciais do Ensino Fundamental<\/li><li>Professor Anos\/S\u00e9ries Finais do Ensino Fundamental Ci\u00eancias<\/li><li>Professor Anos\/S\u00e9ries Finais do Ensino Fundamental Geografia<\/li><li>Professor Anos\/S\u00e9ries Finais do Ensino Fundamental Hist\u00f3ria<\/li><li>Professor Anos\/S\u00e9ries Finais do Ensino Fundamental Ingl\u00eas<\/li><li>Professor Anos\/S\u00e9ries Finais do Ensino Fundamental Matem\u00e1tica<\/li><li>Professor Anos\/S\u00e9ries Finais do Ensino Fundamental Portugu\u00eas<\/li><li>Professor Inform\u00e1tica<\/li><li>Professor de Artes<\/li><li>Professor Educa\u00e7\u00e3o F\u00edsica<\/li><li>Psic\u00f3logo<\/li><li>Psicopedagogo<\/li><li>Qu\u00edmico<\/li><li>Supervisor Escolar<\/li><li>Terapeuta Ocupacional<\/li><\/ul>\n\n\n\n<h4 class=\"wp-block-heading\">N\u00edvel M\u00e9dio<\/h4>\n\n\n\n<ul class=\"wp-block-list\"><li>Agente Administrativo<\/li><li>Agente Municipal de Inspe\u00e7\u00e3o Sanit\u00e1ria e Industrial de Produtos de Origem Animal<\/li><li>Almoxarife<\/li><li>Atendente de EMEI<\/li><li>Atendente de Farm\u00e1cia<\/li><li>Auxiliar de Disciplina<\/li><li>Auxiliar de Escola<\/li><li>Auxiliar de Sa\u00fade Bucal<\/li><li>Auxiliar em Veterin\u00e1rio<\/li><li>Caixa<\/li><li>Desenhista\/Pintor Letrista<\/li><li>Educador Ambiental<\/li><li>Fiscal<\/li><li>Fiscal de Tr\u00e2nsito<\/li><li>Guarda Municipal<\/li><li>Laboratorista de Solos e Asfalto<\/li><li>Educador\/Cuidador<\/li><li>Motorista<\/li><li>Operador de Esta\u00e7\u00e3o de \u00c1gua e Esgoto<\/li><li>Operador de M\u00e1quinas<\/li><li>Soldador<\/li><li>T\u00e9cnico Agr\u00edcola<\/li><li>T\u00e9cnico em Constru\u00e7\u00e3o Civil \u2013 Edifica\u00e7\u00f5es<\/li><li>T\u00e9cnico em Enfermagem 40 horas<\/li><li>T\u00e9cnico em Geoprocessamento<\/li><li>T\u00e9cnico em Sa\u00fade Bucal<\/li><li>T\u00e9cnico em Suporte de Inform\u00e1tica<\/li><li>T\u00e9cnico de Estradas e Topografia<\/li><li>Telefonista\/Recepcionista<\/li><\/ul>\n\n\n\n<h4 class=\"wp-block-heading\">N\u00edvel Fundamental<\/h4>\n\n\n\n<ul class=\"wp-block-list\"><li>Borracheiro<\/li><li>Calceteiro<\/li><li>Carpinteiro<\/li><li>Coveiro<\/li><li>Eletricista<\/li><li>Eletricista Automotivo<\/li><li>Instalador Hidr\u00e1ulico<\/li><li>Marceneiro<\/li><li>Oper\u00e1rio<\/li><li>Pedreiro<\/li><li>Pintor<\/li><li>Pintor\/Operador<\/li><li>Servente<\/li><\/ul>\n\n\n\n<h2 class=\"wp-block-heading\">Etapa de provas do edital Prefeitura de Santa Cruz do Sul<\/h2>\n\n\n\n<p>As provas do concurso Prefeitura de Santa Cruz do Sul est\u00e3o previstas para ocorrer nos dias 15 e 16 de fevereiro de 2020. O concurso ser\u00e1 dividido em algumas importantes etapas. Confira abaixo todas as respectivas fases do certame:<\/p>\n\n\n\n<p><strong>Prova Objetiva e Prova Pr\u00e1tica<\/strong> de car\u00e1ter eliminat\u00f3rio e classificat\u00f3rio para os cargos de Borracheiro, Calceteiro, Carpinteiro, Eletricista, Eletricista Automotivo, Instalador Hidr\u00e1ulico, Marceneiro, Motorista, Operador de M\u00e1quinas, Pedreiro, Pintor, Pintor\/Operador e Soldador.<\/p>\n\n\n\n<p><strong>Prova F\u00edsica<\/strong> de car\u00e1ter eliminat\u00f3rio para os cargos de Fiscal de Tr\u00e2nsito, Oper\u00e1rio e Servente. Al\u00e9m de uma <strong>Avalia\u00e7\u00e3o Psicol\u00f3gica <\/strong>de car\u00e1ter eliminat\u00f3rio para os cargos de Atendente de EMEI, Auxiliar de Disciplina, Auxiliar de Escola, Auxiliar de Sa\u00fade Bucal, Educador\/Cuidador, Educador Ambiental, Fiscal, Fiscal de Tr\u00e2nsito, Pedagogo e T\u00e9cnico em Enfermagem. <\/p>\n\n\n\n<p> <strong>Prova de Avalia\u00e7\u00e3o Psicossocial<\/strong> de car\u00e1ter eliminat\u00f3rio para os cargos de Carpinteiro, Eletricista, Instalador Hidr\u00e1ulico, Marceneiro, Motorista, Operador de M\u00e1quinas, Oper\u00e1rio, Pedreiro, Pintor, Pintor\/Operador, Soldador, T\u00e9cnico em Constru\u00e7\u00e3o Civil \u2013 Edifica\u00e7\u00f5es. <\/p>\n\n\n\n<p><strong>Prova de T\u00edtulos<\/strong> de car\u00e1ter classificat\u00f3rio para os cargos de Orientador Educacional, Professor (todas as \u00e1reas), Psicopedagogo e Supervisor Escolar.  <\/p>\n\n\n\n<h3 class=\"wp-block-heading\">Guarda Municipal<\/h3>\n\n\n\n<p>O edital referente ao concurso para Guarda constar\u00e1 de: Prova Objetiva de car\u00e1ter eliminat\u00f3rio e classificat\u00f3rio, Prova F\u00edsica de car\u00e1ter eliminat\u00f3rio, Avalia\u00e7\u00e3o Psicol\u00f3gica de car\u00e1ter eliminat\u00f3rio e Investiga\u00e7\u00e3o de Conduta Social de car\u00e1ter eliminat\u00f3rio. <\/p>\n\n\n\n<h2 class=\"has-text-align-center wp-block-heading\" id=\"cursos-e-assinatura\">Quer estudar para o concurso Prefeitura de Santa Cruz do Sul?<\/h2>\n\n\n\n<p class=\"has-text-align-center\"><em>Gostou desta oportunidade e deseja come\u00e7ar se preparar agora mesmo? Ent\u00e3o, confira os nossos cursos e comece a estudar:<\/em><\/p>\n\n\n\n<p style=\"font-size:22px\" class=\"has-background has-text-align-center has-light-green-cyan-background-color\"><strong><a rel=\"noreferrer noopener\" href=\"https:\/\/www.estrategiaconcursos.com.br\/cursosPorConcurso\/prefeitura-municipal-de-santa-cruz-do-sul-rs\/\" target=\"_blank\">CURSO PREFEITURA DE SANTA CRUZ DO SUL<\/a><\/strong><\/p>\n\n\n\n<p class=\"has-text-align-center has-medium-font-size\"><em><strong>Assinatura Anual Ilimitada*<\/strong><\/em><\/p>\n\n\n\n<p class=\"has-text-align-center\"><em>Prepare-se com o melhor material e com quem mais aprova em Concursos P\u00fablicos em todo o pa\u00eds. Assine agora a nossa Assinatura Anual e tenha acesso ilimitado* a todos os nossos cursos.<\/em><\/p>\n\n\n\n<p style=\"font-size:22px\" class=\"has-background has-text-align-center has-luminous-vivid-amber-background-color\"><strong>ASSINE AGORA<\/strong>&nbsp;\u2013&nbsp;<a rel=\"noreferrer noopener\" href=\"https:\/\/www.estrategiaconcursos.com.br\/assinaturas\" target=\"_blank\"><strong>Assinatura Ilimitada<\/strong><\/a><\/p>\n\n\n\n<p class=\"has-text-align-center has-medium-font-size\"><strong><em>Fique por dentro de todos os concursos<\/em><\/strong><\/p>\n\n\n\n<p style=\"font-size:22px\" class=\"has-background has-text-align-center has-pale-cyan-blue-background-color\"><a rel=\"noreferrer noopener\" aria-label=\"CONCURSOS ABERTOS (abre numa nova aba)\" href=\"https:\/\/www.estrategiaconcursos.com.br\/blog\/concursos-abertos\/\" target=\"_blank\"><strong>CONCURSOS ABERTOS<\/strong><\/a><\/p>\n\n\n\n<p style=\"font-size:22px\" class=\"has-background has-text-align-center has-pale-cyan-blue-background-color\"><a rel=\"noreferrer noopener\" aria-label=\"CONCURSOS&nbsp;2020 (abre numa nova aba)\" href=\"https:\/\/www.estrategiaconcursos.com.br\/blog\/concursos-2020\/\" target=\"_blank\"><strong>CONCURSOS&nbsp;2020<\/strong><\/a><\/p>\n\n\n\n<figure class=\"wp-block-image\"><img loading=\"lazy\" decoding=\"async\" width=\"300\" height=\"102\" src=\"https:\/\/dhg1h5j42swfq.cloudfront.net\/2017\/03\/28152500\/coruja-ficha-tecnica-300x102.png\" alt=\"\" class=\"wp-image-68542\"\/><\/figure>\n\n\n\n<h3 class=\"wp-block-heading\"><strong>Informa\u00e7\u00f5es do concurso Prefeitura de Santa Cruz RS<\/strong><\/h3>\n\n\n\n<p>\u25ba<strong>Data prevista da prova:<\/strong>\u00a015 e 16 de fevereiro<br \/>\u25ba<strong>Vagas:<\/strong>\u00a0284<br \/>\u25ba<strong>Cargos:\u00a0<\/strong>V\u00e1rios<br \/>\u25ba<strong>Banca:<\/strong>\u00a0Consulpam\u00a0<br \/>\u25ba<strong>Escolaridade:<\/strong>\u00a0N\u00edvel fundamental, m\u00e9dio, t\u00e9cnico e superior<\/p>\n\n\n\n<p>\u25ba<strong>Editais:<\/strong>&nbsp;<a rel=\"noreferrer noopener\" aria-label=\"Edital Geral 1 (abre numa nova aba)\" href=\"https:\/\/dhg1h5j42swfq.cloudfront.net\/2019\/12\/03155251\/Edital_2_-_Gerais_com_Prova_F%C3%ADsica_Pr%C3%A1tica_e_outros.pdf\" target=\"_blank\">Edital Geral 1<\/a>&nbsp;<strong>\/<\/strong>&nbsp;<a rel=\"noreferrer noopener\" aria-label=\"Edital Geral 2 (abre numa nova aba)\" href=\"https:\/\/dhg1h5j42swfq.cloudfront.net\/2019\/12\/03155331\/Edital_3_-_Cargos_Gerais_sem_prova_Pr%C3%A1tica.pdf\" target=\"_blank\">Edital Geral 2<\/a>&nbsp;<strong>\/<\/strong>&nbsp;<a rel=\"noreferrer noopener\" aria-label=\"&nbsp;Edital Guarda (abre numa nova aba)\" href=\"https:\/\/dhg1h5j42swfq.cloudfront.net\/2019\/12\/03155211\/Edital_1_-_Guarda.pdf\" target=\"_blank\">Edital Guarda<\/a><\/p>\n\n\n\n<p><br \/><em>Ascom Estrat\u00e9gia<\/em><br \/>ascomestrategia@gmail.com<\/p>\n","protected":false},"excerpt":{"rendered":"<p>Provas ser\u00e3o aplicadas nos dias 15 e 16 de fevereiro A Prefeitura de Santa Cruz do Sul, Estado do Rio Grande do Sul, publicou tr\u00eas editais referentes ao seu novo concurso p\u00fablico. Ao todo, s\u00e3o ofertadas 284 vagas divididas em 102 cargos para n\u00edveis fundamental, m\u00e9dio, t\u00e9cnico e superior.&nbsp; Com inscri\u00e7\u00f5es encerradas, os interessados em [&hellip;]<\/p>\n","protected":false},"author":73,"featured_media":444277,"comment_status":"open","ping_status":"closed","sticky":false,"template":"","format":"standard","meta":{"post_tipo":"article","footnotes":""},"categories":[1],"tags":[],"tax_estado":[],"class_list":["post-454176","post","type-post","status-publish","format-standard","has-post-thumbnail","hentry","category-cursos-e-concursos"],"acf":[],"yoast_head":"<!-- This site is optimized with the Yoast SEO Premium plugin v27.2 (Yoast SEO v27.2) - https:\/\/yoast.com\/product\/yoast-seo-premium-wordpress\/ -->\n<title>Edital Prefeitura Santa Cruz do Sul est\u00e1 com inscri\u00e7\u00f5es encerradas para 284 vagas<\/title>\n<meta name=\"robots\" content=\"index, follow, max-snippet:-1, max-image-preview:large, max-video-preview:-1\" \/>\n<link rel=\"canonical\" href=\"https:\/\/www.estrategiaconcursos.com.br\/blog\/edital-prefeitura-santa-cruz-do-sul\/\" \/>\n<meta property=\"og:locale\" content=\"pt_BR\" \/>\n<meta property=\"og:type\" content=\"article\" \/>\n<meta property=\"og:title\" content=\"Edital Prefeitura Santa Cruz do Sul est\u00e1 com inscri\u00e7\u00f5es encerradas para 284 vagas\" \/>\n<meta property=\"og:description\" content=\"Provas ser\u00e3o aplicadas nos dias 15 e 16 de fevereiro A Prefeitura de Santa Cruz do Sul, Estado do Rio Grande do Sul, publicou tr\u00eas editais referentes ao seu novo concurso p\u00fablico. Ao todo, s\u00e3o ofertadas 284 vagas divididas em 102 cargos para n\u00edveis fundamental, m\u00e9dio, t\u00e9cnico e superior.&nbsp; Com inscri\u00e7\u00f5es encerradas, os interessados em [&hellip;]\" \/>\n<meta property=\"og:url\" content=\"https:\/\/www.estrategiaconcursos.com.br\/blog\/edital-prefeitura-santa-cruz-do-sul\/\" \/>\n<meta property=\"og:site_name\" content=\"Estrat\u00e9gia Concursos\" \/>\n<meta property=\"article:author\" content=\"https:\/\/www.facebook.com\/rosenvaljr\" \/>\n<meta property=\"article:published_time\" content=\"2019-12-05T03:06:44+00:00\" \/>\n<meta property=\"article:modified_time\" content=\"2020-01-06T11:32:11+00:00\" \/>\n<meta property=\"og:image\" content=\"https:\/\/dhg1h5j42swfq.cloudfront.net\/2019\/11\/05113857\/Saiu-Edital-5.png\" \/>\n\t<meta property=\"og:image:width\" content=\"1200\" \/>\n\t<meta property=\"og:image:height\" content=\"628\" \/>\n\t<meta property=\"og:image:type\" content=\"image\/png\" \/>\n<meta name=\"author\" content=\"Rosenval J\u00fanior\" \/>\n<meta name=\"twitter:card\" content=\"summary_large_image\" \/>\n<meta name=\"twitter:creator\" content=\"@EstratConcursos\" \/>\n<meta name=\"twitter:site\" content=\"@EstratConcursos\" \/>\n<meta name=\"twitter:label1\" content=\"Escrito por\" \/>\n\t<meta name=\"twitter:data1\" content=\"Rosenval J\u00fanior\" \/>\n\t<meta name=\"twitter:label2\" content=\"Est. tempo de leitura\" \/>\n\t<meta name=\"twitter:data2\" content=\"4 minutos\" \/>\n<script type=\"application\/ld+json\" class=\"yoast-schema-graph\">{\"@context\":\"https:\/\/schema.org\",\"@graph\":[{\"@type\":\"NewsArticle\",\"@id\":\"https:\/\/www.estrategiaconcursos.com.br\/blog\/edital-prefeitura-santa-cruz-do-sul\/#article\",\"isPartOf\":{\"@id\":\"https:\/\/www.estrategiaconcursos.com.br\/blog\/edital-prefeitura-santa-cruz-do-sul\/\"},\"author\":{\"name\":\"Rosenval J\u00fanior\",\"@id\":\"https:\/\/www.estrategiaconcursos.com.br\/blog\/#\/schema\/person\/3489eb8fb39ff11193689cf7762b03b0\"},\"headline\":\"Edital Prefeitura Santa Cruz do Sul est\u00e1 com inscri\u00e7\u00f5es encerradas para 284 vagas\",\"datePublished\":\"2019-12-05T03:06:44+00:00\",\"dateModified\":\"2020-01-06T11:32:11+00:00\",\"mainEntityOfPage\":{\"@id\":\"https:\/\/www.estrategiaconcursos.com.br\/blog\/edital-prefeitura-santa-cruz-do-sul\/\"},\"wordCount\":927,\"commentCount\":0,\"publisher\":{\"@id\":\"https:\/\/www.estrategiaconcursos.com.br\/blog\/#organization\"},\"image\":{\"@id\":\"https:\/\/www.estrategiaconcursos.com.br\/blog\/edital-prefeitura-santa-cruz-do-sul\/#primaryimage\"},\"thumbnailUrl\":\"https:\/\/dhg1h5j42swfq.cloudfront.net\/2019\/11\/05113857\/Saiu-Edital-5.png\",\"articleSection\":[\"Concursos P\u00fablicos\"],\"inLanguage\":\"pt-BR\",\"potentialAction\":[{\"@type\":\"CommentAction\",\"name\":\"Comment\",\"target\":[\"https:\/\/www.estrategiaconcursos.com.br\/blog\/edital-prefeitura-santa-cruz-do-sul\/#respond\"]}],\"copyrightYear\":\"2019\",\"copyrightHolder\":{\"@id\":\"https:\/\/www.estrategiaconcursos.com.br\/blog\/#organization\"}},{\"@type\":\"WebPage\",\"@id\":\"https:\/\/www.estrategiaconcursos.com.br\/blog\/edital-prefeitura-santa-cruz-do-sul\/\",\"url\":\"https:\/\/www.estrategiaconcursos.com.br\/blog\/edital-prefeitura-santa-cruz-do-sul\/\",\"name\":\"Edital Prefeitura Santa Cruz do Sul est\u00e1 com inscri\u00e7\u00f5es encerradas para 284 vagas\",\"isPartOf\":{\"@id\":\"https:\/\/www.estrategiaconcursos.com.br\/blog\/#website\"},\"primaryImageOfPage\":{\"@id\":\"https:\/\/www.estrategiaconcursos.com.br\/blog\/edital-prefeitura-santa-cruz-do-sul\/#primaryimage\"},\"image\":{\"@id\":\"https:\/\/www.estrategiaconcursos.com.br\/blog\/edital-prefeitura-santa-cruz-do-sul\/#primaryimage\"},\"thumbnailUrl\":\"https:\/\/dhg1h5j42swfq.cloudfront.net\/2019\/11\/05113857\/Saiu-Edital-5.png\",\"datePublished\":\"2019-12-05T03:06:44+00:00\",\"dateModified\":\"2020-01-06T11:32:11+00:00\",\"breadcrumb\":{\"@id\":\"https:\/\/www.estrategiaconcursos.com.br\/blog\/edital-prefeitura-santa-cruz-do-sul\/#breadcrumb\"},\"inLanguage\":\"pt-BR\",\"potentialAction\":[{\"@type\":\"ReadAction\",\"target\":[\"https:\/\/www.estrategiaconcursos.com.br\/blog\/edital-prefeitura-santa-cruz-do-sul\/\"]}]},{\"@type\":\"ImageObject\",\"inLanguage\":\"pt-BR\",\"@id\":\"https:\/\/www.estrategiaconcursos.com.br\/blog\/edital-prefeitura-santa-cruz-do-sul\/#primaryimage\",\"url\":\"https:\/\/dhg1h5j42swfq.cloudfront.net\/2019\/11\/05113857\/Saiu-Edital-5.png\",\"contentUrl\":\"https:\/\/dhg1h5j42swfq.cloudfront.net\/2019\/11\/05113857\/Saiu-Edital-5.png\",\"width\":1200,\"height\":628,\"caption\":\"Edital CRF MA\"},{\"@type\":\"BreadcrumbList\",\"@id\":\"https:\/\/www.estrategiaconcursos.com.br\/blog\/edital-prefeitura-santa-cruz-do-sul\/#breadcrumb\",\"itemListElement\":[{\"@type\":\"ListItem\",\"position\":1,\"name\":\"In\u00edcio\",\"item\":\"https:\/\/www.estrategiaconcursos.com.br\/blog\/\"},{\"@type\":\"ListItem\",\"position\":2,\"name\":\"Edital Prefeitura Santa Cruz do Sul est\u00e1 com inscri\u00e7\u00f5es encerradas para 284 vagas\"}]},{\"@type\":\"WebSite\",\"@id\":\"https:\/\/www.estrategiaconcursos.com.br\/blog\/#website\",\"url\":\"https:\/\/www.estrategiaconcursos.com.br\/blog\/\",\"name\":\"Estrat\u00e9gia Concursos\",\"description\":\"O blog da Estrat\u00e9gia Concursos traz not\u00edcias sobre concursos e artigos de professores oferecendo cursos para concursos (pdf + videaulas) no site.\",\"publisher\":{\"@id\":\"https:\/\/www.estrategiaconcursos.com.br\/blog\/#organization\"},\"potentialAction\":[{\"@type\":\"SearchAction\",\"target\":{\"@type\":\"EntryPoint\",\"urlTemplate\":\"https:\/\/www.estrategiaconcursos.com.br\/blog\/?s={search_term_string}\"},\"query-input\":{\"@type\":\"PropertyValueSpecification\",\"valueRequired\":true,\"valueName\":\"search_term_string\"}}],\"inLanguage\":\"pt-BR\"},{\"@type\":\"Organization\",\"@id\":\"https:\/\/www.estrategiaconcursos.com.br\/blog\/#organization\",\"name\":\"Estrat\u00e9gia Concursos\",\"url\":\"https:\/\/www.estrategiaconcursos.com.br\/blog\/\",\"logo\":{\"@type\":\"ImageObject\",\"inLanguage\":\"pt-BR\",\"@id\":\"https:\/\/www.estrategiaconcursos.com.br\/blog\/#\/schema\/logo\/image\/\",\"url\":\"https:\/\/dhg1h5j42swfq.cloudfront.net\/2025\/06\/03203428\/logo_concursos-1.jpg\",\"contentUrl\":\"https:\/\/dhg1h5j42swfq.cloudfront.net\/2025\/06\/03203428\/logo_concursos-1.jpg\",\"width\":230,\"height\":60,\"caption\":\"Estrat\u00e9gia Concursos\"},\"image\":{\"@id\":\"https:\/\/www.estrategiaconcursos.com.br\/blog\/#\/schema\/logo\/image\/\"},\"sameAs\":[\"https:\/\/x.com\/EstratConcursos\"]},{\"@type\":\"Person\",\"@id\":\"https:\/\/www.estrategiaconcursos.com.br\/blog\/#\/schema\/person\/3489eb8fb39ff11193689cf7762b03b0\",\"name\":\"Rosenval J\u00fanior\",\"image\":{\"@type\":\"ImageObject\",\"inLanguage\":\"pt-BR\",\"@id\":\"https:\/\/secure.gravatar.com\/avatar\/dc38e7bcadccb99c8a28b35b027bdc6b8b6a65ee938a25ed335e3e31eed462e0?s=96&d=mm&r=g\",\"url\":\"https:\/\/secure.gravatar.com\/avatar\/dc38e7bcadccb99c8a28b35b027bdc6b8b6a65ee938a25ed335e3e31eed462e0?s=96&d=mm&r=g\",\"contentUrl\":\"https:\/\/secure.gravatar.com\/avatar\/dc38e7bcadccb99c8a28b35b027bdc6b8b6a65ee938a25ed335e3e31eed462e0?s=96&d=mm&r=g\",\"caption\":\"Rosenval J\u00fanior\"},\"description\":\"Graduado pela Universidade Federal de Vi\u00e7osa - UFV. P\u00f3s-graduado em Direito Ambiental. Graduado tamb\u00e9m em Gest\u00e3o Ambiental, com tr\u00eas especializa\u00e7\u00f5es na \u00e1rea ambiental. Mestrando em Engenharia Ambiental. Servidor p\u00fablico do Minist\u00e9rio da Justi\u00e7a e professor de Direito Ambiental, Meio Ambiente, Direito Agr\u00e1rio e Direito Urban\u00edstico para concursos p\u00fablicos. Professor de Direito Ambiental para o Exame de Ordem. Aprovado em 15 concursos p\u00fablicos na \u00e1rea de Meio Ambiente como Analista Ambiental do Instituto Brasileiro do Meio Ambiente e dos Recursos Naturais Renov\u00e1veis - IBAMA; Analista Pericial - Especialidade Engenharia Florestal do Minist\u00e9rio P\u00fablico da Uni\u00e3o - MPU; Analista de Infraestrutura - \u00c1rea de Especializa\u00e7\u00e3o Ambiental do Departamento Nacional de Infraestrutura de Transportes - DNIT; Especialista em Regula\u00e7\u00e3o - \u00c1rea Engenharia Ambiental e Engenharia Florestal, com \u00eanfase em Meio Ambiente da Ag\u00eancia Nacional de Transportes Terrestres - ANTT; Consultor Legislativo em Meio Ambiente e Direito Ambiental, Organiza\u00e7\u00e3o Territorial, Desenvolvimento Urbano e Regional da C\u00e2mara dos Deputados; entre outros. Autor do livro \\\"Direito Ambiental para Concursos e Exame de Ordem\\\", Editora Juru\u00e1. Iniciou sua carreira no servi\u00e7o p\u00fablico federal em 2006, quando obteve aprova\u00e7\u00e3o em 1\u00b0 lugar para o cargo de engenheiro florestal da Casa Civil da Presid\u00eancia da Rep\u00fablica\/Arquivo Nacional. Alguns concursos em que foi aprovado: 1\u00b0 lugar para Analista do Minist\u00e9rio P\u00fablico de MG; 1\u00ba lugar para Engenheiro da Casa Civil da Presid\u00eancia da Rep\u00fablica; 1\u00b0 lugar para T\u00e9cnico em Recursos Naturais \u2013 n\u00edvel II \u2013 \u00c1rea Engenharia Florestal do IDAF; 2\u00b0 lugar para Analista Pericial do Minist\u00e9rio P\u00fablico da Uni\u00e3o - MPU; 2\u00b0 lugar para Analista em Reforma e Desenvolvimento Agr\u00e1rio do INCRA; 7\u00ba lugar Engenheiro J\u00fanior da Caixa Econ\u00f4mica Federal; 10\u00ba lugar para Analista Ambiental do Instituto Estadual de Florestas - IEF\/MG; 6\u00ba lugar para Analista de Infraestrutura (\u00c1rea de Especializa\u00e7\u00e3o Ambiental) do Departamento Nacional de Infraestrutura de Transportes \u2013 DNIT (Prova objetiva e discursiva); 2\u00b0 lugar para Perito Criminal da Pol\u00edcia Civil do Estado do Rio de Janeiro \u2013PCERJ (Resultado na Prova objetiva, TAF, Avalia\u00e7\u00e3o M\u00e9dica, e Psicot\u00e9cnico); 10\u00ba lugar para Perito Criminal da Pol\u00edcia Federal \u2013 DPF \u2013 \u00c1rea 9 (Resultado definitivo na prova objetiva e discursiva); 2\u00b0 lugar para Analista Ambiental do Instituto Brasileiro do Meio Ambiente e dos Recursos Naturais Renov\u00e1veis \u2013 IBAMA (Prova objetiva e discursiva); 1\u00b0 lugar para Especialista em Regula\u00e7\u00e3o Engenharia Ambiental e Engenharia Florestal (com \u00eanfase em meio ambiente) da Ag\u00eancia Nacional de Transportes Terrestres - ANTT (Resultado da prova objetiva, discursiva e de t\u00edtulos); 10\u00ba lugar para Consultor Legislativo em Meio Ambiente e Direito Ambiental, Organiza\u00e7\u00e3o Territorial, Desenvolvimento Urbano e Regional da C\u00e2mara dos Deputados. (Resultado da prova objetiva, discursiva e de t\u00edtulos) Entre em contato comigo pelo facebook e pelo Youtube. Basta colocar na busca: Rosenval J\u00fanior. Ou copiar e colar o endere\u00e7o: www.facebook.com\/rosenvaljr Acesse o meu site e saiba mais: www.aprendadireitoambiental.com.br\",\"sameAs\":[\"http:\/\/www.aprendadireitoambiental.com.br\",\"https:\/\/www.facebook.com\/rosenvaljr\"],\"url\":\"https:\/\/www.estrategiaconcursos.com.br\/blog\/author\/rosenvaljuniorestrategiaconcursos-com-br\/\"}]}<\/script>\n<!-- \/ Yoast SEO Premium plugin. -->","yoast_head_json":{"title":"Edital Prefeitura Santa Cruz do Sul est\u00e1 com inscri\u00e7\u00f5es encerradas para 284 vagas","robots":{"index":"index","follow":"follow","max-snippet":"max-snippet:-1","max-image-preview":"max-image-preview:large","max-video-preview":"max-video-preview:-1"},"canonical":"https:\/\/www.estrategiaconcursos.com.br\/blog\/edital-prefeitura-santa-cruz-do-sul\/","og_locale":"pt_BR","og_type":"article","og_title":"Edital Prefeitura Santa Cruz do Sul est\u00e1 com inscri\u00e7\u00f5es encerradas para 284 vagas","og_description":"Provas ser\u00e3o aplicadas nos dias 15 e 16 de fevereiro A Prefeitura de Santa Cruz do Sul, Estado do Rio Grande do Sul, publicou tr\u00eas editais referentes ao seu novo concurso p\u00fablico. Ao todo, s\u00e3o ofertadas 284 vagas divididas em 102 cargos para n\u00edveis fundamental, m\u00e9dio, t\u00e9cnico e superior.&nbsp; Com inscri\u00e7\u00f5es encerradas, os interessados em [&hellip;]","og_url":"https:\/\/www.estrategiaconcursos.com.br\/blog\/edital-prefeitura-santa-cruz-do-sul\/","og_site_name":"Estrat\u00e9gia Concursos","article_author":"https:\/\/www.facebook.com\/rosenvaljr","article_published_time":"2019-12-05T03:06:44+00:00","article_modified_time":"2020-01-06T11:32:11+00:00","og_image":[{"width":1200,"height":628,"url":"https:\/\/dhg1h5j42swfq.cloudfront.net\/2019\/11\/05113857\/Saiu-Edital-5.png","type":"image\/png"}],"author":"Rosenval J\u00fanior","twitter_card":"summary_large_image","twitter_creator":"@EstratConcursos","twitter_site":"@EstratConcursos","twitter_misc":{"Escrito por":"Rosenval J\u00fanior","Est. tempo de leitura":"4 minutos"},"schema":{"@context":"https:\/\/schema.org","@graph":[{"@type":"NewsArticle","@id":"https:\/\/www.estrategiaconcursos.com.br\/blog\/edital-prefeitura-santa-cruz-do-sul\/#article","isPartOf":{"@id":"https:\/\/www.estrategiaconcursos.com.br\/blog\/edital-prefeitura-santa-cruz-do-sul\/"},"author":{"name":"Rosenval J\u00fanior","@id":"https:\/\/www.estrategiaconcursos.com.br\/blog\/#\/schema\/person\/3489eb8fb39ff11193689cf7762b03b0"},"headline":"Edital Prefeitura Santa Cruz do Sul est\u00e1 com inscri\u00e7\u00f5es encerradas para 284 vagas","datePublished":"2019-12-05T03:06:44+00:00","dateModified":"2020-01-06T11:32:11+00:00","mainEntityOfPage":{"@id":"https:\/\/www.estrategiaconcursos.com.br\/blog\/edital-prefeitura-santa-cruz-do-sul\/"},"wordCount":927,"commentCount":0,"publisher":{"@id":"https:\/\/www.estrategiaconcursos.com.br\/blog\/#organization"},"image":{"@id":"https:\/\/www.estrategiaconcursos.com.br\/blog\/edital-prefeitura-santa-cruz-do-sul\/#primaryimage"},"thumbnailUrl":"https:\/\/dhg1h5j42swfq.cloudfront.net\/2019\/11\/05113857\/Saiu-Edital-5.png","articleSection":["Concursos P\u00fablicos"],"inLanguage":"pt-BR","potentialAction":[{"@type":"CommentAction","name":"Comment","target":["https:\/\/www.estrategiaconcursos.com.br\/blog\/edital-prefeitura-santa-cruz-do-sul\/#respond"]}],"copyrightYear":"2019","copyrightHolder":{"@id":"https:\/\/www.estrategiaconcursos.com.br\/blog\/#organization"}},{"@type":"WebPage","@id":"https:\/\/www.estrategiaconcursos.com.br\/blog\/edital-prefeitura-santa-cruz-do-sul\/","url":"https:\/\/www.estrategiaconcursos.com.br\/blog\/edital-prefeitura-santa-cruz-do-sul\/","name":"Edital Prefeitura Santa Cruz do Sul est\u00e1 com inscri\u00e7\u00f5es encerradas para 284 vagas","isPartOf":{"@id":"https:\/\/www.estrategiaconcursos.com.br\/blog\/#website"},"primaryImageOfPage":{"@id":"https:\/\/www.estrategiaconcursos.com.br\/blog\/edital-prefeitura-santa-cruz-do-sul\/#primaryimage"},"image":{"@id":"https:\/\/www.estrategiaconcursos.com.br\/blog\/edital-prefeitura-santa-cruz-do-sul\/#primaryimage"},"thumbnailUrl":"https:\/\/dhg1h5j42swfq.cloudfront.net\/2019\/11\/05113857\/Saiu-Edital-5.png","datePublished":"2019-12-05T03:06:44+00:00","dateModified":"2020-01-06T11:32:11+00:00","breadcrumb":{"@id":"https:\/\/www.estrategiaconcursos.com.br\/blog\/edital-prefeitura-santa-cruz-do-sul\/#breadcrumb"},"inLanguage":"pt-BR","potentialAction":[{"@type":"ReadAction","target":["https:\/\/www.estrategiaconcursos.com.br\/blog\/edital-prefeitura-santa-cruz-do-sul\/"]}]},{"@type":"ImageObject","inLanguage":"pt-BR","@id":"https:\/\/www.estrategiaconcursos.com.br\/blog\/edital-prefeitura-santa-cruz-do-sul\/#primaryimage","url":"https:\/\/dhg1h5j42swfq.cloudfront.net\/2019\/11\/05113857\/Saiu-Edital-5.png","contentUrl":"https:\/\/dhg1h5j42swfq.cloudfront.net\/2019\/11\/05113857\/Saiu-Edital-5.png","width":1200,"height":628,"caption":"Edital CRF MA"},{"@type":"BreadcrumbList","@id":"https:\/\/www.estrategiaconcursos.com.br\/blog\/edital-prefeitura-santa-cruz-do-sul\/#breadcrumb","itemListElement":[{"@type":"ListItem","position":1,"name":"In\u00edcio","item":"https:\/\/www.estrategiaconcursos.com.br\/blog\/"},{"@type":"ListItem","position":2,"name":"Edital Prefeitura Santa Cruz do Sul est\u00e1 com inscri\u00e7\u00f5es encerradas para 284 vagas"}]},{"@type":"WebSite","@id":"https:\/\/www.estrategiaconcursos.com.br\/blog\/#website","url":"https:\/\/www.estrategiaconcursos.com.br\/blog\/","name":"Estrat\u00e9gia Concursos","description":"O blog da Estrat\u00e9gia Concursos traz not\u00edcias sobre concursos e artigos de professores oferecendo cursos para concursos (pdf + videaulas) no site.","publisher":{"@id":"https:\/\/www.estrategiaconcursos.com.br\/blog\/#organization"},"potentialAction":[{"@type":"SearchAction","target":{"@type":"EntryPoint","urlTemplate":"https:\/\/www.estrategiaconcursos.com.br\/blog\/?s={search_term_string}"},"query-input":{"@type":"PropertyValueSpecification","valueRequired":true,"valueName":"search_term_string"}}],"inLanguage":"pt-BR"},{"@type":"Organization","@id":"https:\/\/www.estrategiaconcursos.com.br\/blog\/#organization","name":"Estrat\u00e9gia Concursos","url":"https:\/\/www.estrategiaconcursos.com.br\/blog\/","logo":{"@type":"ImageObject","inLanguage":"pt-BR","@id":"https:\/\/www.estrategiaconcursos.com.br\/blog\/#\/schema\/logo\/image\/","url":"https:\/\/dhg1h5j42swfq.cloudfront.net\/2025\/06\/03203428\/logo_concursos-1.jpg","contentUrl":"https:\/\/dhg1h5j42swfq.cloudfront.net\/2025\/06\/03203428\/logo_concursos-1.jpg","width":230,"height":60,"caption":"Estrat\u00e9gia Concursos"},"image":{"@id":"https:\/\/www.estrategiaconcursos.com.br\/blog\/#\/schema\/logo\/image\/"},"sameAs":["https:\/\/x.com\/EstratConcursos"]},{"@type":"Person","@id":"https:\/\/www.estrategiaconcursos.com.br\/blog\/#\/schema\/person\/3489eb8fb39ff11193689cf7762b03b0","name":"Rosenval J\u00fanior","image":{"@type":"ImageObject","inLanguage":"pt-BR","@id":"https:\/\/secure.gravatar.com\/avatar\/dc38e7bcadccb99c8a28b35b027bdc6b8b6a65ee938a25ed335e3e31eed462e0?s=96&d=mm&r=g","url":"https:\/\/secure.gravatar.com\/avatar\/dc38e7bcadccb99c8a28b35b027bdc6b8b6a65ee938a25ed335e3e31eed462e0?s=96&d=mm&r=g","contentUrl":"https:\/\/secure.gravatar.com\/avatar\/dc38e7bcadccb99c8a28b35b027bdc6b8b6a65ee938a25ed335e3e31eed462e0?s=96&d=mm&r=g","caption":"Rosenval J\u00fanior"},"description":"Graduado pela Universidade Federal de Vi\u00e7osa - UFV. P\u00f3s-graduado em Direito Ambiental. Graduado tamb\u00e9m em Gest\u00e3o Ambiental, com tr\u00eas especializa\u00e7\u00f5es na \u00e1rea ambiental. Mestrando em Engenharia Ambiental. Servidor p\u00fablico do Minist\u00e9rio da Justi\u00e7a e professor de Direito Ambiental, Meio Ambiente, Direito Agr\u00e1rio e Direito Urban\u00edstico para concursos p\u00fablicos. Professor de Direito Ambiental para o Exame de Ordem. Aprovado em 15 concursos p\u00fablicos na \u00e1rea de Meio Ambiente como Analista Ambiental do Instituto Brasileiro do Meio Ambiente e dos Recursos Naturais Renov\u00e1veis - IBAMA; Analista Pericial - Especialidade Engenharia Florestal do Minist\u00e9rio P\u00fablico da Uni\u00e3o - MPU; Analista de Infraestrutura - \u00c1rea de Especializa\u00e7\u00e3o Ambiental do Departamento Nacional de Infraestrutura de Transportes - DNIT; Especialista em Regula\u00e7\u00e3o - \u00c1rea Engenharia Ambiental e Engenharia Florestal, com \u00eanfase em Meio Ambiente da Ag\u00eancia Nacional de Transportes Terrestres - ANTT; Consultor Legislativo em Meio Ambiente e Direito Ambiental, Organiza\u00e7\u00e3o Territorial, Desenvolvimento Urbano e Regional da C\u00e2mara dos Deputados; entre outros. Autor do livro \"Direito Ambiental para Concursos e Exame de Ordem\", Editora Juru\u00e1. Iniciou sua carreira no servi\u00e7o p\u00fablico federal em 2006, quando obteve aprova\u00e7\u00e3o em 1\u00b0 lugar para o cargo de engenheiro florestal da Casa Civil da Presid\u00eancia da Rep\u00fablica\/Arquivo Nacional. Alguns concursos em que foi aprovado: 1\u00b0 lugar para Analista do Minist\u00e9rio P\u00fablico de MG; 1\u00ba lugar para Engenheiro da Casa Civil da Presid\u00eancia da Rep\u00fablica; 1\u00b0 lugar para T\u00e9cnico em Recursos Naturais \u2013 n\u00edvel II \u2013 \u00c1rea Engenharia Florestal do IDAF; 2\u00b0 lugar para Analista Pericial do Minist\u00e9rio P\u00fablico da Uni\u00e3o - MPU; 2\u00b0 lugar para Analista em Reforma e Desenvolvimento Agr\u00e1rio do INCRA; 7\u00ba lugar Engenheiro J\u00fanior da Caixa Econ\u00f4mica Federal; 10\u00ba lugar para Analista Ambiental do Instituto Estadual de Florestas - IEF\/MG; 6\u00ba lugar para Analista de Infraestrutura (\u00c1rea de Especializa\u00e7\u00e3o Ambiental) do Departamento Nacional de Infraestrutura de Transportes \u2013 DNIT (Prova objetiva e discursiva); 2\u00b0 lugar para Perito Criminal da Pol\u00edcia Civil do Estado do Rio de Janeiro \u2013PCERJ (Resultado na Prova objetiva, TAF, Avalia\u00e7\u00e3o M\u00e9dica, e Psicot\u00e9cnico); 10\u00ba lugar para Perito Criminal da Pol\u00edcia Federal \u2013 DPF \u2013 \u00c1rea 9 (Resultado definitivo na prova objetiva e discursiva); 2\u00b0 lugar para Analista Ambiental do Instituto Brasileiro do Meio Ambiente e dos Recursos Naturais Renov\u00e1veis \u2013 IBAMA (Prova objetiva e discursiva); 1\u00b0 lugar para Especialista em Regula\u00e7\u00e3o Engenharia Ambiental e Engenharia Florestal (com \u00eanfase em meio ambiente) da Ag\u00eancia Nacional de Transportes Terrestres - ANTT (Resultado da prova objetiva, discursiva e de t\u00edtulos); 10\u00ba lugar para Consultor Legislativo em Meio Ambiente e Direito Ambiental, Organiza\u00e7\u00e3o Territorial, Desenvolvimento Urbano e Regional da C\u00e2mara dos Deputados. (Resultado da prova objetiva, discursiva e de t\u00edtulos) Entre em contato comigo pelo facebook e pelo Youtube. Basta colocar na busca: Rosenval J\u00fanior. Ou copiar e colar o endere\u00e7o: www.facebook.com\/rosenvaljr Acesse o meu site e saiba mais: www.aprendadireitoambiental.com.br","sameAs":["http:\/\/www.aprendadireitoambiental.com.br","https:\/\/www.facebook.com\/rosenvaljr"],"url":"https:\/\/www.estrategiaconcursos.com.br\/blog\/author\/rosenvaljuniorestrategiaconcursos-com-br\/"}]}},"_links":{"self":[{"href":"https:\/\/www.estrategiaconcursos.com.br\/blog\/wp-json\/wp\/v2\/posts\/454176","targetHints":{"allow":["GET"]}}],"collection":[{"href":"https:\/\/www.estrategiaconcursos.com.br\/blog\/wp-json\/wp\/v2\/posts"}],"about":[{"href":"https:\/\/www.estrategiaconcursos.com.br\/blog\/wp-json\/wp\/v2\/types\/post"}],"author":[{"embeddable":true,"href":"https:\/\/www.estrategiaconcursos.com.br\/blog\/wp-json\/wp\/v2\/users\/73"}],"replies":[{"embeddable":true,"href":"https:\/\/www.estrategiaconcursos.com.br\/blog\/wp-json\/wp\/v2\/comments?post=454176"}],"version-history":[{"count":14,"href":"https:\/\/www.estrategiaconcursos.com.br\/blog\/wp-json\/wp\/v2\/posts\/454176\/revisions"}],"predecessor-version":[{"id":466061,"href":"https:\/\/www.estrategiaconcursos.com.br\/blog\/wp-json\/wp\/v2\/posts\/454176\/revisions\/466061"}],"wp:featuredmedia":[{"embeddable":true,"href":"https:\/\/www.estrategiaconcursos.com.br\/blog\/wp-json\/wp\/v2\/media\/444277"}],"wp:attachment":[{"href":"https:\/\/www.estrategiaconcursos.com.br\/blog\/wp-json\/wp\/v2\/media?parent=454176"}],"wp:term":[{"taxonomy":"category","embeddable":true,"href":"https:\/\/www.estrategiaconcursos.com.br\/blog\/wp-json\/wp\/v2\/categories?post=454176"},{"taxonomy":"post_tag","embeddable":true,"href":"https:\/\/www.estrategiaconcursos.com.br\/blog\/wp-json\/wp\/v2\/tags?post=454176"},{"taxonomy":"tax_estado","embeddable":true,"href":"https:\/\/www.estrategiaconcursos.com.br\/blog\/wp-json\/wp\/v2\/tax_estado?post=454176"}],"curies":[{"name":"wp","href":"https:\/\/api.w.org\/{rel}","templated":true}]}}