{"id":453463,"date":"2019-11-30T04:16:43","date_gmt":"2019-11-30T07:16:43","guid":{"rendered":"https:\/\/www.estrategiaconcursos.com.br\/blog\/?p=453463"},"modified":"2023-06-22T15:13:20","modified_gmt":"2023-06-22T18:13:20","slug":"dpdf-divulga-convocacao-para-prova-oral-do-concurso-para-defensor","status":"publish","type":"post","link":"https:\/\/www.estrategiaconcursos.com.br\/blog\/dpdf-divulga-convocacao-para-prova-oral-do-concurso-para-defensor\/","title":{"rendered":"DPDF divulga convoca\u00e7\u00e3o para prova oral do concurso para Defensor"},"content":{"rendered":"\n<h2 class=\"wp-block-heading\" id=\"h-orgao-tambem-publicou-resultado-final-da-prova-discursiva\">\u00d3rg\u00e3o tamb\u00e9m publicou resultado final da prova discursiva<\/h2>\n\n\n\n<p>A <strong>Defensoria P\u00fablica do Distrito Federal<\/strong> divulgou nesta sexta-feira, 29 de novembro, o <strong>resultado definitivo<\/strong> da prova discursiva e a convoca\u00e7\u00e3o para a <strong>prova oral<\/strong> do concurso de Defensor P\u00fablico, lan\u00e7ado em mar\u00e7o deste ano.<\/p>\n\n\n\n<p>De acordo com o documento, os candidatos aprovados ser\u00e3o submetidos \u00e0s provas orais nos dias <strong>6,<\/strong> <strong>7 <\/strong>e <strong>8 de dezembro<\/strong> de 2019, em Bras\u00edlia, no Distrito Federal. <\/p>\n\n\n\n<p>O certame oferta 12 vagas imediatas para a classe inicial da carreira de Defensor P\u00fablico, que tem remunera\u00e7\u00e3o inicial de R$&nbsp;24.668,75.  Baixe a \u00edntegra do documento <a href=\"https:\/\/dhg1h5j42swfq.cloudfront.net\/2019\/11\/29151614\/ED_12__2019__DPDF_DEFENSOR_RES_FIN_DISC_E_CONV_ORAL.pdf.pdf\" target=\"_blank\" rel=\"noreferrer noopener\" aria-label=\"clicando aqui. (abre numa nova aba)\">clicando aqui.<\/a><\/p>\n\n\n\n<p>A prova oral valer\u00e1 em seu conjunto 60,00 pontos e ser\u00e1 dividida em tr\u00eas grupos distintos, cada um valendo 20,00 pontos, englobando as seguintes \u00e1reas de conhecimento: <\/p>\n\n\n\n<ul class=\"wp-block-list\">\n<li><strong>Grupo I: <\/strong>Direito Administrativo, Direito Constitucional e Direitos Difusos e Coletivos <strong>(06\/12)<\/strong>;<\/li>\n\n\n\n<li><strong>Grupo II: <\/strong>Direito Civil, Direito Processual Civil e Direito do Consumidor<strong> (07\/12)<\/strong>;<\/li>\n\n\n\n<li><strong>Grupo III: <\/strong>Direito Penal, Direito Processual Penal e Direitos Humanos <strong>(08\/12).<\/strong><\/li>\n<\/ul>\n\n\n\n<p><strong>Notas m\u00ednimas<\/strong>: 10 pontos por grupo da prova oral.<\/p>\n\n\n\n<p>A prova oral \u00e9 a <strong>pen\u00faltima fase do concurso<\/strong>. Ap\u00f3s a sua realiza\u00e7\u00e3o, a comiss\u00e3o examinadora do concurso dever\u00e1 apuras as pontua\u00e7\u00f5es da <strong>avalia\u00e7\u00e3o de t\u00edtulos<\/strong> e depois divulgar o resultado final do concurso.<\/p>\n\n\n\n<p class=\"has-text-align-center has-pale-cyan-blue-background-color has-background\" style=\"font-size:clamp(14.642px, 0.915rem + ((1vw - 3.2px) * 0.721), 22px);px\"><strong><em>Mais informa\u00e7\u00f5es:<\/em><\/strong><a href=\"https:\/\/www.estrategiaconcursos.com.br\/blog\/concurso-dpdf-defensor\/\"><strong><em> concurso DPDF Defensor<\/em><\/strong><\/a><\/p>\n\n\n\n<p class=\"has-text-align-center has-luminous-vivid-amber-background-color has-background\" style=\"font-size:clamp(15.197px, 0.95rem + ((1vw - 3.2px) * 0.765), 23px);px\"><em><a href=\"https:\/\/www.estrategiaconcursos.com.br\/cursosPorConcurso\/defensoria-publica-df\/\"><strong>CURSO DPDF Defensor<\/strong><\/a><\/em><\/p>\n\n\n\n<p class=\"has-text-align-center\"><strong><em>Fique por dentro dos concursos vigentes:<\/em><\/strong><\/p>\n\n\n\n<p class=\"has-text-align-center has-pale-cyan-blue-background-color has-background\" style=\"font-size:clamp(15.197px, 0.95rem + ((1vw - 3.2px) * 0.765), 23px);px\"><strong><a href=\"https:\/\/www.estrategiaconcursos.com.br\/blog\/concursos-abertos\/\" target=\"_blank\" rel=\"noreferrer noopener\">CONCURSOS ABERTOS<\/a><\/strong><\/p>\n","protected":false},"excerpt":{"rendered":"<p>\u00d3rg\u00e3o tamb\u00e9m publicou resultado final da prova discursiva A Defensoria P\u00fablica do Distrito Federal divulgou nesta sexta-feira, 29 de novembro, o resultado definitivo da prova discursiva e a convoca\u00e7\u00e3o para a prova oral do concurso de Defensor P\u00fablico, lan\u00e7ado em mar\u00e7o deste ano. De acordo com o documento, os candidatos aprovados ser\u00e3o submetidos \u00e0s provas [&hellip;]<\/p>\n","protected":false},"author":1170,"featured_media":156692,"comment_status":"open","ping_status":"closed","sticky":false,"template":"","format":"standard","meta":{"post_tipo":"article","footnotes":""},"categories":[1,2185],"tags":[],"tax_estado":[],"class_list":["post-453463","post","type-post","status-publish","format-standard","has-post-thumbnail","hentry","category-cursos-e-concursos","category-carreiras-juridicas"],"acf":[],"yoast_head":"<!-- This site is optimized with the Yoast SEO Premium plugin v27.2 (Yoast SEO v27.2) - https:\/\/yoast.com\/product\/yoast-seo-premium-wordpress\/ -->\n<title>DPDF divulga convoca\u00e7\u00e3o para prova oral do concurso para Defensor<\/title>\n<meta name=\"robots\" content=\"index, follow, max-snippet:-1, max-image-preview:large, max-video-preview:-1\" \/>\n<link rel=\"canonical\" href=\"https:\/\/www.estrategiaconcursos.com.br\/blog\/dpdf-divulga-convocacao-para-prova-oral-do-concurso-para-defensor\/\" \/>\n<meta property=\"og:locale\" content=\"pt_BR\" \/>\n<meta property=\"og:type\" content=\"article\" \/>\n<meta property=\"og:title\" content=\"DPDF divulga convoca\u00e7\u00e3o para prova oral do concurso para Defensor\" \/>\n<meta property=\"og:description\" content=\"\u00d3rg\u00e3o tamb\u00e9m publicou resultado final da prova discursiva A Defensoria P\u00fablica do Distrito Federal divulgou nesta sexta-feira, 29 de novembro, o resultado definitivo da prova discursiva e a convoca\u00e7\u00e3o para a prova oral do concurso de Defensor P\u00fablico, lan\u00e7ado em mar\u00e7o deste ano. De acordo com o documento, os candidatos aprovados ser\u00e3o submetidos \u00e0s provas [&hellip;]\" \/>\n<meta property=\"og:url\" content=\"https:\/\/www.estrategiaconcursos.com.br\/blog\/dpdf-divulga-convocacao-para-prova-oral-do-concurso-para-defensor\/\" \/>\n<meta property=\"og:site_name\" content=\"Estrat\u00e9gia Concursos\" \/>\n<meta property=\"article:published_time\" content=\"2019-11-30T07:16:43+00:00\" \/>\n<meta property=\"article:modified_time\" content=\"2023-06-22T18:13:20+00:00\" \/>\n<meta property=\"og:image\" content=\"https:\/\/dhg1h5j42swfq.cloudfront.net\/2018\/12\/26070048\/nome.jpg\" \/>\n\t<meta property=\"og:image:width\" content=\"1200\" \/>\n\t<meta property=\"og:image:height\" content=\"628\" \/>\n\t<meta property=\"og:image:type\" content=\"image\/jpeg\" \/>\n<meta name=\"author\" content=\"Fabiano Pereira\" \/>\n<meta name=\"twitter:card\" content=\"summary_large_image\" \/>\n<meta name=\"twitter:creator\" content=\"@EstratConcursos\" \/>\n<meta name=\"twitter:site\" content=\"@EstratConcursos\" \/>\n<meta name=\"twitter:label1\" content=\"Escrito por\" \/>\n\t<meta name=\"twitter:data1\" content=\"Fabiano Pereira\" \/>\n\t<meta name=\"twitter:label2\" content=\"Est. tempo de leitura\" \/>\n\t<meta name=\"twitter:data2\" content=\"1 minuto\" \/>\n<script type=\"application\/ld+json\" class=\"yoast-schema-graph\">{\"@context\":\"https:\/\/schema.org\",\"@graph\":[{\"@type\":\"NewsArticle\",\"@id\":\"https:\/\/www.estrategiaconcursos.com.br\/blog\/dpdf-divulga-convocacao-para-prova-oral-do-concurso-para-defensor\/#article\",\"isPartOf\":{\"@id\":\"https:\/\/www.estrategiaconcursos.com.br\/blog\/dpdf-divulga-convocacao-para-prova-oral-do-concurso-para-defensor\/\"},\"author\":{\"name\":\"Fabiano Pereira\",\"@id\":\"https:\/\/www.estrategiaconcursos.com.br\/blog\/#\/schema\/person\/73a0097d005d0e0410a58869a4ff0dad\"},\"headline\":\"DPDF divulga convoca\u00e7\u00e3o para prova oral do concurso para Defensor\",\"datePublished\":\"2019-11-30T07:16:43+00:00\",\"dateModified\":\"2023-06-22T18:13:20+00:00\",\"mainEntityOfPage\":{\"@id\":\"https:\/\/www.estrategiaconcursos.com.br\/blog\/dpdf-divulga-convocacao-para-prova-oral-do-concurso-para-defensor\/\"},\"wordCount\":240,\"commentCount\":0,\"publisher\":{\"@id\":\"https:\/\/www.estrategiaconcursos.com.br\/blog\/#organization\"},\"image\":{\"@id\":\"https:\/\/www.estrategiaconcursos.com.br\/blog\/dpdf-divulga-convocacao-para-prova-oral-do-concurso-para-defensor\/#primaryimage\"},\"thumbnailUrl\":\"https:\/\/dhg1h5j42swfq.cloudfront.net\/2018\/12\/26070048\/nome.jpg\",\"articleSection\":[\"Concursos P\u00fablicos\",\"Jur\u00eddico\"],\"inLanguage\":\"pt-BR\",\"potentialAction\":[{\"@type\":\"CommentAction\",\"name\":\"Comment\",\"target\":[\"https:\/\/www.estrategiaconcursos.com.br\/blog\/dpdf-divulga-convocacao-para-prova-oral-do-concurso-para-defensor\/#respond\"]}],\"copyrightYear\":\"2019\",\"copyrightHolder\":{\"@id\":\"https:\/\/www.estrategiaconcursos.com.br\/blog\/#organization\"}},{\"@type\":\"WebPage\",\"@id\":\"https:\/\/www.estrategiaconcursos.com.br\/blog\/dpdf-divulga-convocacao-para-prova-oral-do-concurso-para-defensor\/\",\"url\":\"https:\/\/www.estrategiaconcursos.com.br\/blog\/dpdf-divulga-convocacao-para-prova-oral-do-concurso-para-defensor\/\",\"name\":\"DPDF divulga convoca\u00e7\u00e3o para prova oral do concurso para Defensor\",\"isPartOf\":{\"@id\":\"https:\/\/www.estrategiaconcursos.com.br\/blog\/#website\"},\"primaryImageOfPage\":{\"@id\":\"https:\/\/www.estrategiaconcursos.com.br\/blog\/dpdf-divulga-convocacao-para-prova-oral-do-concurso-para-defensor\/#primaryimage\"},\"image\":{\"@id\":\"https:\/\/www.estrategiaconcursos.com.br\/blog\/dpdf-divulga-convocacao-para-prova-oral-do-concurso-para-defensor\/#primaryimage\"},\"thumbnailUrl\":\"https:\/\/dhg1h5j42swfq.cloudfront.net\/2018\/12\/26070048\/nome.jpg\",\"datePublished\":\"2019-11-30T07:16:43+00:00\",\"dateModified\":\"2023-06-22T18:13:20+00:00\",\"breadcrumb\":{\"@id\":\"https:\/\/www.estrategiaconcursos.com.br\/blog\/dpdf-divulga-convocacao-para-prova-oral-do-concurso-para-defensor\/#breadcrumb\"},\"inLanguage\":\"pt-BR\",\"potentialAction\":[{\"@type\":\"ReadAction\",\"target\":[\"https:\/\/www.estrategiaconcursos.com.br\/blog\/dpdf-divulga-convocacao-para-prova-oral-do-concurso-para-defensor\/\"]}]},{\"@type\":\"ImageObject\",\"inLanguage\":\"pt-BR\",\"@id\":\"https:\/\/www.estrategiaconcursos.com.br\/blog\/dpdf-divulga-convocacao-para-prova-oral-do-concurso-para-defensor\/#primaryimage\",\"url\":\"https:\/\/dhg1h5j42swfq.cloudfront.net\/2018\/12\/26070048\/nome.jpg\",\"contentUrl\":\"https:\/\/dhg1h5j42swfq.cloudfront.net\/2018\/12\/26070048\/nome.jpg\",\"width\":1200,\"height\":628,\"caption\":\"concurso defensor df\"},{\"@type\":\"BreadcrumbList\",\"@id\":\"https:\/\/www.estrategiaconcursos.com.br\/blog\/dpdf-divulga-convocacao-para-prova-oral-do-concurso-para-defensor\/#breadcrumb\",\"itemListElement\":[{\"@type\":\"ListItem\",\"position\":1,\"name\":\"In\u00edcio\",\"item\":\"https:\/\/www.estrategiaconcursos.com.br\/blog\/\"},{\"@type\":\"ListItem\",\"position\":2,\"name\":\"DPDF divulga convoca\u00e7\u00e3o para prova oral do concurso para Defensor\"}]},{\"@type\":\"WebSite\",\"@id\":\"https:\/\/www.estrategiaconcursos.com.br\/blog\/#website\",\"url\":\"https:\/\/www.estrategiaconcursos.com.br\/blog\/\",\"name\":\"Estrat\u00e9gia Concursos\",\"description\":\"O blog da Estrat\u00e9gia Concursos traz not\u00edcias sobre concursos e artigos de professores oferecendo cursos para concursos (pdf + videaulas) no site.\",\"publisher\":{\"@id\":\"https:\/\/www.estrategiaconcursos.com.br\/blog\/#organization\"},\"potentialAction\":[{\"@type\":\"SearchAction\",\"target\":{\"@type\":\"EntryPoint\",\"urlTemplate\":\"https:\/\/www.estrategiaconcursos.com.br\/blog\/?s={search_term_string}\"},\"query-input\":{\"@type\":\"PropertyValueSpecification\",\"valueRequired\":true,\"valueName\":\"search_term_string\"}}],\"inLanguage\":\"pt-BR\"},{\"@type\":\"Organization\",\"@id\":\"https:\/\/www.estrategiaconcursos.com.br\/blog\/#organization\",\"name\":\"Estrat\u00e9gia Concursos\",\"url\":\"https:\/\/www.estrategiaconcursos.com.br\/blog\/\",\"logo\":{\"@type\":\"ImageObject\",\"inLanguage\":\"pt-BR\",\"@id\":\"https:\/\/www.estrategiaconcursos.com.br\/blog\/#\/schema\/logo\/image\/\",\"url\":\"https:\/\/dhg1h5j42swfq.cloudfront.net\/2025\/06\/03203428\/logo_concursos-1.jpg\",\"contentUrl\":\"https:\/\/dhg1h5j42swfq.cloudfront.net\/2025\/06\/03203428\/logo_concursos-1.jpg\",\"width\":230,\"height\":60,\"caption\":\"Estrat\u00e9gia Concursos\"},\"image\":{\"@id\":\"https:\/\/www.estrategiaconcursos.com.br\/blog\/#\/schema\/logo\/image\/\"},\"sameAs\":[\"https:\/\/x.com\/EstratConcursos\"]},{\"@type\":\"Person\",\"@id\":\"https:\/\/www.estrategiaconcursos.com.br\/blog\/#\/schema\/person\/73a0097d005d0e0410a58869a4ff0dad\",\"name\":\"Fabiano Pereira\",\"image\":{\"@type\":\"ImageObject\",\"inLanguage\":\"pt-BR\",\"@id\":\"https:\/\/secure.gravatar.com\/avatar\/2d50d79dc60f78c8adffae60393ee45fd6d79c9cb3bd6c1abc9a574ca4f1ff0a?s=96&d=mm&r=g\",\"url\":\"https:\/\/secure.gravatar.com\/avatar\/2d50d79dc60f78c8adffae60393ee45fd6d79c9cb3bd6c1abc9a574ca4f1ff0a?s=96&d=mm&r=g\",\"contentUrl\":\"https:\/\/secure.gravatar.com\/avatar\/2d50d79dc60f78c8adffae60393ee45fd6d79c9cb3bd6c1abc9a574ca4f1ff0a?s=96&d=mm&r=g\",\"caption\":\"Fabiano Pereira\"},\"url\":\"https:\/\/www.estrategiaconcursos.com.br\/blog\/author\/professorfabianopereirayahoo-com-br\/\"}]}<\/script>\n<!-- \/ Yoast SEO Premium plugin. -->","yoast_head_json":{"title":"DPDF divulga convoca\u00e7\u00e3o para prova oral do concurso para Defensor","robots":{"index":"index","follow":"follow","max-snippet":"max-snippet:-1","max-image-preview":"max-image-preview:large","max-video-preview":"max-video-preview:-1"},"canonical":"https:\/\/www.estrategiaconcursos.com.br\/blog\/dpdf-divulga-convocacao-para-prova-oral-do-concurso-para-defensor\/","og_locale":"pt_BR","og_type":"article","og_title":"DPDF divulga convoca\u00e7\u00e3o para prova oral do concurso para Defensor","og_description":"\u00d3rg\u00e3o tamb\u00e9m publicou resultado final da prova discursiva A Defensoria P\u00fablica do Distrito Federal divulgou nesta sexta-feira, 29 de novembro, o resultado definitivo da prova discursiva e a convoca\u00e7\u00e3o para a prova oral do concurso de Defensor P\u00fablico, lan\u00e7ado em mar\u00e7o deste ano. De acordo com o documento, os candidatos aprovados ser\u00e3o submetidos \u00e0s provas [&hellip;]","og_url":"https:\/\/www.estrategiaconcursos.com.br\/blog\/dpdf-divulga-convocacao-para-prova-oral-do-concurso-para-defensor\/","og_site_name":"Estrat\u00e9gia Concursos","article_published_time":"2019-11-30T07:16:43+00:00","article_modified_time":"2023-06-22T18:13:20+00:00","og_image":[{"width":1200,"height":628,"url":"https:\/\/dhg1h5j42swfq.cloudfront.net\/2018\/12\/26070048\/nome.jpg","type":"image\/jpeg"}],"author":"Fabiano Pereira","twitter_card":"summary_large_image","twitter_creator":"@EstratConcursos","twitter_site":"@EstratConcursos","twitter_misc":{"Escrito por":"Fabiano Pereira","Est. tempo de leitura":"1 minuto"},"schema":{"@context":"https:\/\/schema.org","@graph":[{"@type":"NewsArticle","@id":"https:\/\/www.estrategiaconcursos.com.br\/blog\/dpdf-divulga-convocacao-para-prova-oral-do-concurso-para-defensor\/#article","isPartOf":{"@id":"https:\/\/www.estrategiaconcursos.com.br\/blog\/dpdf-divulga-convocacao-para-prova-oral-do-concurso-para-defensor\/"},"author":{"name":"Fabiano Pereira","@id":"https:\/\/www.estrategiaconcursos.com.br\/blog\/#\/schema\/person\/73a0097d005d0e0410a58869a4ff0dad"},"headline":"DPDF divulga convoca\u00e7\u00e3o para prova oral do concurso para Defensor","datePublished":"2019-11-30T07:16:43+00:00","dateModified":"2023-06-22T18:13:20+00:00","mainEntityOfPage":{"@id":"https:\/\/www.estrategiaconcursos.com.br\/blog\/dpdf-divulga-convocacao-para-prova-oral-do-concurso-para-defensor\/"},"wordCount":240,"commentCount":0,"publisher":{"@id":"https:\/\/www.estrategiaconcursos.com.br\/blog\/#organization"},"image":{"@id":"https:\/\/www.estrategiaconcursos.com.br\/blog\/dpdf-divulga-convocacao-para-prova-oral-do-concurso-para-defensor\/#primaryimage"},"thumbnailUrl":"https:\/\/dhg1h5j42swfq.cloudfront.net\/2018\/12\/26070048\/nome.jpg","articleSection":["Concursos P\u00fablicos","Jur\u00eddico"],"inLanguage":"pt-BR","potentialAction":[{"@type":"CommentAction","name":"Comment","target":["https:\/\/www.estrategiaconcursos.com.br\/blog\/dpdf-divulga-convocacao-para-prova-oral-do-concurso-para-defensor\/#respond"]}],"copyrightYear":"2019","copyrightHolder":{"@id":"https:\/\/www.estrategiaconcursos.com.br\/blog\/#organization"}},{"@type":"WebPage","@id":"https:\/\/www.estrategiaconcursos.com.br\/blog\/dpdf-divulga-convocacao-para-prova-oral-do-concurso-para-defensor\/","url":"https:\/\/www.estrategiaconcursos.com.br\/blog\/dpdf-divulga-convocacao-para-prova-oral-do-concurso-para-defensor\/","name":"DPDF divulga convoca\u00e7\u00e3o para prova oral do concurso para Defensor","isPartOf":{"@id":"https:\/\/www.estrategiaconcursos.com.br\/blog\/#website"},"primaryImageOfPage":{"@id":"https:\/\/www.estrategiaconcursos.com.br\/blog\/dpdf-divulga-convocacao-para-prova-oral-do-concurso-para-defensor\/#primaryimage"},"image":{"@id":"https:\/\/www.estrategiaconcursos.com.br\/blog\/dpdf-divulga-convocacao-para-prova-oral-do-concurso-para-defensor\/#primaryimage"},"thumbnailUrl":"https:\/\/dhg1h5j42swfq.cloudfront.net\/2018\/12\/26070048\/nome.jpg","datePublished":"2019-11-30T07:16:43+00:00","dateModified":"2023-06-22T18:13:20+00:00","breadcrumb":{"@id":"https:\/\/www.estrategiaconcursos.com.br\/blog\/dpdf-divulga-convocacao-para-prova-oral-do-concurso-para-defensor\/#breadcrumb"},"inLanguage":"pt-BR","potentialAction":[{"@type":"ReadAction","target":["https:\/\/www.estrategiaconcursos.com.br\/blog\/dpdf-divulga-convocacao-para-prova-oral-do-concurso-para-defensor\/"]}]},{"@type":"ImageObject","inLanguage":"pt-BR","@id":"https:\/\/www.estrategiaconcursos.com.br\/blog\/dpdf-divulga-convocacao-para-prova-oral-do-concurso-para-defensor\/#primaryimage","url":"https:\/\/dhg1h5j42swfq.cloudfront.net\/2018\/12\/26070048\/nome.jpg","contentUrl":"https:\/\/dhg1h5j42swfq.cloudfront.net\/2018\/12\/26070048\/nome.jpg","width":1200,"height":628,"caption":"concurso defensor df"},{"@type":"BreadcrumbList","@id":"https:\/\/www.estrategiaconcursos.com.br\/blog\/dpdf-divulga-convocacao-para-prova-oral-do-concurso-para-defensor\/#breadcrumb","itemListElement":[{"@type":"ListItem","position":1,"name":"In\u00edcio","item":"https:\/\/www.estrategiaconcursos.com.br\/blog\/"},{"@type":"ListItem","position":2,"name":"DPDF divulga convoca\u00e7\u00e3o para prova oral do concurso para Defensor"}]},{"@type":"WebSite","@id":"https:\/\/www.estrategiaconcursos.com.br\/blog\/#website","url":"https:\/\/www.estrategiaconcursos.com.br\/blog\/","name":"Estrat\u00e9gia Concursos","description":"O blog da Estrat\u00e9gia Concursos traz not\u00edcias sobre concursos e artigos de professores oferecendo cursos para concursos (pdf + videaulas) no site.","publisher":{"@id":"https:\/\/www.estrategiaconcursos.com.br\/blog\/#organization"},"potentialAction":[{"@type":"SearchAction","target":{"@type":"EntryPoint","urlTemplate":"https:\/\/www.estrategiaconcursos.com.br\/blog\/?s={search_term_string}"},"query-input":{"@type":"PropertyValueSpecification","valueRequired":true,"valueName":"search_term_string"}}],"inLanguage":"pt-BR"},{"@type":"Organization","@id":"https:\/\/www.estrategiaconcursos.com.br\/blog\/#organization","name":"Estrat\u00e9gia Concursos","url":"https:\/\/www.estrategiaconcursos.com.br\/blog\/","logo":{"@type":"ImageObject","inLanguage":"pt-BR","@id":"https:\/\/www.estrategiaconcursos.com.br\/blog\/#\/schema\/logo\/image\/","url":"https:\/\/dhg1h5j42swfq.cloudfront.net\/2025\/06\/03203428\/logo_concursos-1.jpg","contentUrl":"https:\/\/dhg1h5j42swfq.cloudfront.net\/2025\/06\/03203428\/logo_concursos-1.jpg","width":230,"height":60,"caption":"Estrat\u00e9gia Concursos"},"image":{"@id":"https:\/\/www.estrategiaconcursos.com.br\/blog\/#\/schema\/logo\/image\/"},"sameAs":["https:\/\/x.com\/EstratConcursos"]},{"@type":"Person","@id":"https:\/\/www.estrategiaconcursos.com.br\/blog\/#\/schema\/person\/73a0097d005d0e0410a58869a4ff0dad","name":"Fabiano Pereira","image":{"@type":"ImageObject","inLanguage":"pt-BR","@id":"https:\/\/secure.gravatar.com\/avatar\/2d50d79dc60f78c8adffae60393ee45fd6d79c9cb3bd6c1abc9a574ca4f1ff0a?s=96&d=mm&r=g","url":"https:\/\/secure.gravatar.com\/avatar\/2d50d79dc60f78c8adffae60393ee45fd6d79c9cb3bd6c1abc9a574ca4f1ff0a?s=96&d=mm&r=g","contentUrl":"https:\/\/secure.gravatar.com\/avatar\/2d50d79dc60f78c8adffae60393ee45fd6d79c9cb3bd6c1abc9a574ca4f1ff0a?s=96&d=mm&r=g","caption":"Fabiano Pereira"},"url":"https:\/\/www.estrategiaconcursos.com.br\/blog\/author\/professorfabianopereirayahoo-com-br\/"}]}},"_links":{"self":[{"href":"https:\/\/www.estrategiaconcursos.com.br\/blog\/wp-json\/wp\/v2\/posts\/453463","targetHints":{"allow":["GET"]}}],"collection":[{"href":"https:\/\/www.estrategiaconcursos.com.br\/blog\/wp-json\/wp\/v2\/posts"}],"about":[{"href":"https:\/\/www.estrategiaconcursos.com.br\/blog\/wp-json\/wp\/v2\/types\/post"}],"author":[{"embeddable":true,"href":"https:\/\/www.estrategiaconcursos.com.br\/blog\/wp-json\/wp\/v2\/users\/1170"}],"replies":[{"embeddable":true,"href":"https:\/\/www.estrategiaconcursos.com.br\/blog\/wp-json\/wp\/v2\/comments?post=453463"}],"version-history":[{"count":5,"href":"https:\/\/www.estrategiaconcursos.com.br\/blog\/wp-json\/wp\/v2\/posts\/453463\/revisions"}],"predecessor-version":[{"id":1237390,"href":"https:\/\/www.estrategiaconcursos.com.br\/blog\/wp-json\/wp\/v2\/posts\/453463\/revisions\/1237390"}],"wp:featuredmedia":[{"embeddable":true,"href":"https:\/\/www.estrategiaconcursos.com.br\/blog\/wp-json\/wp\/v2\/media\/156692"}],"wp:attachment":[{"href":"https:\/\/www.estrategiaconcursos.com.br\/blog\/wp-json\/wp\/v2\/media?parent=453463"}],"wp:term":[{"taxonomy":"category","embeddable":true,"href":"https:\/\/www.estrategiaconcursos.com.br\/blog\/wp-json\/wp\/v2\/categories?post=453463"},{"taxonomy":"post_tag","embeddable":true,"href":"https:\/\/www.estrategiaconcursos.com.br\/blog\/wp-json\/wp\/v2\/tags?post=453463"},{"taxonomy":"tax_estado","embeddable":true,"href":"https:\/\/www.estrategiaconcursos.com.br\/blog\/wp-json\/wp\/v2\/tax_estado?post=453463"}],"curies":[{"name":"wp","href":"https:\/\/api.w.org\/{rel}","templated":true}]}}