{"id":453376,"date":"2021-03-01T14:12:00","date_gmt":"2021-03-01T17:12:00","guid":{"rendered":"https:\/\/www.estrategiaconcursos.com.br\/blog\/?p=453376"},"modified":"2024-01-12T10:29:59","modified_gmt":"2024-01-12T13:29:59","slug":"concurso-prefeitura-rio-grande","status":"publish","type":"post","link":"https:\/\/www.estrategiaconcursos.com.br\/blog\/concurso-prefeitura-rio-grande\/","title":{"rendered":"Concurso Prefeitura de Rio Grande: provas SUSPENSAS"},"content":{"rendered":"\n<p>O <strong>concurso p\u00fablico da Prefeitura de Rio Grande<\/strong> est\u00e1 com todas suas <strong>provas objetivas suspensas<\/strong>. Ap\u00f3s ter sido remarcada para 27 e 28 de fevereiro, a etapa para alguns cargos do edital 01 foi novamente suspensa.<\/p>\n\n\n\n<p>No total, s\u00e3o dois editais que ofertam vagas para forma\u00e7\u00e3o de <strong>Cadastro Reserva<\/strong>. As oportunidades s\u00e3o distribu\u00eddas entre diversos cargos de n\u00edveis fundamental, m\u00e9dio e superior.<\/p>\n\n\n\n<p>Confira neste artigo as principais informa\u00e7\u00f5es e novidades sobre o concurso da Prefeitura de Rio Grande. Acompanhe os t\u00f3picos abaixo e n\u00e3o perca nenhum detalhe:<\/p>\n\n\n\n<ul class=\"wp-block-list\"><li><a href=\"#situacao\">Situa\u00e7\u00e3o atual do concurso<\/a><ul><li><a href=\"#principais-datas\">Principais datas<\/a><\/li><li><a href=\"#retificacoes\">Retifica\u00e7\u00f5es<\/a><\/li><\/ul><\/li><li><a href=\"#cargos-vagas\">Cargos e vagas<\/a><ul><li><a href=\"#01\">Edital 01<\/a><\/li><li><a href=\"#02\">Edital 02<\/a><\/li><\/ul><\/li><li><a href=\"#etapas-concurso\">Etapas do concurso<\/a><ul><li><a href=\"#objetiva\">Prova objetiva<\/a><\/li><\/ul><\/li><li><a href=\"#estrategico\">Edital Estrat\u00e9gico<\/a><\/li><li><a href=\"#cursos-assinatura\">Cursos e assinatura<\/a><\/li><li><a href=\"#ficha-tecnica\">Ficha t\u00e9cnica<\/a><\/li><\/ul>\n\n\n\n<div class=\"container\" id=\"boxes\">\n  <div class=\"row\">\n\n    <div class=\"col-sm\">\n      <div class=\"banner-estrategia\" id=\"box-assinatura\">\n        <h3 class=\"titulo-assinatura\">Concurso Prefeitura de Rio Grande<\/h3>\n        <p class=\"subtitulo-assinatura\">Conhe\u00e7a os cursos<\/p>\n        <div class=\"box-botao\">\n          <a class=\"btn-assinatura\" target=\"_blank\" href=\"https:\/\/www.estrategiaconcursos.com.br\/cursos\/\" role=\"button\" rel=\"noopener noreferrer\">Conhe\u00e7a mais<\/a>\n        <\/div>\n      <\/div>\n   \n    <\/div>\n\n  <\/div>\n<\/div>\n\n\n\n<h2 class=\"wp-block-heading\" id=\"principais-datas\">Situa\u00e7\u00e3o atual do concurso Prefeitura de Rio Grande<\/h2>\n\n\n\n<h3 class=\"wp-block-heading\" id=\"principais-datas\">Principais datas<\/h3>\n\n\n\n<p class=\"has-text-align-left has-medium-font-size\"><strong><a rel=\"noreferrer noopener\" href=\"https:\/\/dhg1h5j42swfq.cloudfront.net\/2021\/02\/09090113\/ckaa1glawswlzfogamvisjkaykpjwihkztuld7xu.pdf\" target=\"_blank\">EDITAL 01<\/a><\/strong><\/p>\n\n\n\n<ul class=\"wp-block-list\"><li><strong>Turno 1: <\/strong>Auxiliar de Sa\u00fade Bucal, T\u00e9cnico em Enfermagem, T\u00e9cnico em Laborat\u00f3rio e An\u00e1lises Cl\u00ednicas<\/li><li><strong>Prova Objetiva<\/strong>: <s>27\/02\/2021<\/s> <strong>Suspensas<\/strong>*<\/li><\/ul>\n\n\n\n<ul class=\"wp-block-list\"><li><strong>Turno 2:<\/strong> Enfermeiro, Enfermeiro do Trabalho, Farmac\u00eautico, Fisioterapeuta, Fonoaudi\u00f3logo, M\u00e9dico Cardiologista, M\u00e9dico Endocrinologista, M\u00e9dico Especialista em Medicina do Trabalho, M\u00e9dico Gastroenterologista, M\u00e9dico Generalista, M\u00e9dico Ginecologista\/Obstetra, M\u00e9dico Oftalmologista, M\u00e9dico Pediatra, M\u00e9dico Pneumologista, M\u00e9dico Psiquiatra, M\u00e9dico Reumatologista, M\u00e9dico Urologista, Nutricionista, Odont\u00f3logo<\/li><li><strong>Prova Objetiva<\/strong>: <s>28\/02\/2021<\/s> <strong>Suspensas<\/strong>*<\/li><\/ul>\n\n\n\n<p class=\"has-background\" style=\"background-color:#eeeeee\"><em>*Provas dos dias 27 e 28\/02 <a href=\"https:\/\/dhg1h5j42swfq.cloudfront.net\/2025\/06\/01140805\/ufgw3tzfvjbulrs5gaqtytsolqwruxvn7mab0q82.pdf\" target=\"_blank\" rel=\"noreferrer noopener\"><strong>suspensas<\/strong><\/a>. Novas datas ser\u00e3o estabelecidas e oportunamente anunciadas.<\/em><\/p>\n\n\n\n<ul class=\"wp-block-list\"><li>Assistente Social, Educador F\u00edsico, M\u00e9dico Veterin\u00e1rio, Psic\u00f3logo, T\u00e9cnico Superior em Artes, Terapeuta Ocupacional:<\/li><li><strong>Prova Objetiva<\/strong>: <s>09\/01\/2021<\/s> <strong>Suspensas<\/strong>*<\/li><\/ul>\n\n\n\n<ul class=\"wp-block-list\"><li>Auxiliar de Farm\u00e1cia, Cuidador Social, Vigilante Sanit\u00e1rio:<\/li><li><strong>Prova Objetiva<\/strong>: <s>10\/01\/2021<\/s> <strong>Suspensas<\/strong>*<\/li><\/ul>\n\n\n\n<p class=\"has-background\" style=\"background-color:#eeeeee\"><em>*Provas dos dias 09 e 10\/01 <strong><a href=\"https:\/\/ibrasp.selecao.net.br\/uploads\/256\/concursos\/39\/anexos\/zVhfDyyNkmXpavbajjlAfQgc1ajmDSvTqtZmgysU.pdf\" target=\"_blank\" rel=\"noreferrer noopener\">suspensas<\/a><\/strong>. Novas datas ser\u00e3o estabelecidas e oportunamente anunciadas.<\/em><\/p>\n\n\n\n<p class=\"has-text-align-left has-medium-font-size\"><strong><a rel=\"noreferrer noopener\" href=\"https:\/\/dhg1h5j42swfq.cloudfront.net\/2020\/11\/04151714\/Edital-02.pdf\" target=\"_blank\">EDITAL 02<\/a><\/strong> <\/p>\n\n\n\n<ul class=\"wp-block-list\"><li>Fiscal Auxiliar de Tributos Municipais, Fiscal de Feiras e Mercado, Fiscal de Obras, Fiscal de Servi\u00e7os Urbanos, Fot\u00f3grafo, Produtor de Som, \u00c1udio e V\u00eddeo, T\u00e9cnico em Comunica\u00e7\u00e3o Visual, T\u00e9cnico em Contabilidade, T\u00e9cnico em Seguran\u00e7a Do Trabalho, T\u00e9cnico em Tecnologia da Informa\u00e7\u00e3o, T\u00e9cnico em Turismo, Top\u00f3grafo:<\/li><li><strong>Prova Objetiva<\/strong>: <s>20\/02\/2021<\/s> <strong>Suspensas<\/strong>*<\/li><\/ul>\n\n\n\n<ul class=\"wp-block-list\"><li>Assessor Administrativo, Educador Social, Administrador de Empresa, Analista em Tecnologia da Informa\u00e7\u00e3o, Arque\u00f3logo, Arquiteto Urbanista, Auditor Fiscal da Receita Municipal, Bi\u00f3logo, Contador, Economista, Engenheiro Agr\u00f4nomo, Engenheiro Civil, Engenheiro de Seguran\u00e7a do Trabalho, Engenheiro Eletricista, Engenheiro Mec\u00e2nico, Engenheiro Qu\u00edmico, Fiscal Ambiental, Ge\u00f3grafo, Ge\u00f3logo, Jornalista, Muse\u00f3logo, Publicit\u00e1rio, Rela\u00e7\u00f5es P\u00fablicas, Turism\u00f3logo:<\/li><li><strong>Prova Objetiva<\/strong>: <s>21\/02\/2021<\/s> <strong>Suspensas<\/strong>*<\/li><\/ul>\n\n\n\n<p class=\"has-background\" style=\"background-color:#eeeeee\"><em>*Provas dos dias 20 e 21\/02 <strong><a href=\"https:\/\/dhg1h5j42swfq.cloudfront.net\/2025\/06\/09102102\/8pytcybjgir2wrtkzadcpyvvecrglhpqifm8nlun-1.pdf\" target=\"_blank\" rel=\"noreferrer noopener\">suspensas<\/a><\/strong>. Novas datas ser\u00e3o estabelecidas e oportunamente anunciadas.<\/em><\/p>\n\n\n\n<h3 class=\"wp-block-heading\" id=\"retificacoes\">Retifica\u00e7\u00f5es<\/h3>\n\n\n\n<div class=\"wp-block-columns is-layout-flex wp-container-core-columns-is-layout-28f84493 wp-block-columns-is-layout-flex\">\n<div class=\"wp-block-column is-layout-flow wp-block-column-is-layout-flow\">\n<p><strong>Edital 01<\/strong><\/p>\n\n\n\n<ul class=\"wp-block-list\"><li><a rel=\"noreferrer noopener\" href=\"https:\/\/ibrasp.selecao.net.br\/uploads\/256\/concursos\/39\/anexos\/5684d619f7ecb45a6d3320cbe6cb053d.pdf\" target=\"_blank\">1\u00aa retifica\u00e7\u00e3o<\/a><\/li><li><a rel=\"noreferrer noopener\" href=\"https:\/\/ibrasp.selecao.net.br\/uploads\/256\/concursos\/39\/anexos\/613d663f9349dd4f1778f00b922317f8.pdf\" target=\"_blank\">2\u00aa retifica\u00e7\u00e3o<\/a><\/li><li><a rel=\"noreferrer noopener\" href=\"https:\/\/ibrasp.selecao.net.br\/uploads\/256\/concursos\/39\/anexos\/7qN0YTlD2pqB0HrzhuauwuExrMx3tKIJaTlDquGf.pdf\" target=\"_blank\">3\u00aa retifica\u00e7\u00e3o<\/a><\/li><li><a href=\"https:\/\/dhg1h5j42swfq.cloudfront.net\/2020\/12\/05111822\/6qjNpCFojgHuIrBc0aWc5MFcKrb6FvcnqLgadFTN.pdf\" target=\"_blank\" rel=\"noreferrer noopener\">4\u00aa retifica\u00e7\u00e3o<\/a><\/li><li><a href=\"https:\/\/dhg1h5j42swfq.cloudfront.net\/2021\/02\/09090113\/ckaa1glawswlzfogamvisjkaykpjwihkztuld7xu.pdf\" target=\"_blank\" rel=\"noreferrer noopener\">5\u00aa retifica\u00e7\u00e3o<\/a><\/li><\/ul>\n<\/div>\n\n\n\n<div class=\"wp-block-column is-layout-flow wp-block-column-is-layout-flow\">\n<p><strong>Edital 02<\/strong><\/p>\n\n\n\n<ul class=\"wp-block-list\" id=\"block-663a02ae-58b1-40fe-a559-1e3ec55c460c\"><li><a rel=\"noreferrer noopener\" href=\"https:\/\/ibrasp.selecao.net.br\/uploads\/256\/concursos\/40\/anexos\/k6t86uOuDCJlhm83hbxMo9UXlaFCgAosrf6oBOXt.pdf\" target=\"_blank\">1\u00aa retifica\u00e7\u00e3o<\/a><\/li><li><a rel=\"noreferrer noopener\" href=\"https:\/\/ibrasp.selecao.net.br\/uploads\/256\/concursos\/40\/anexos\/ZhPwOTb0AQ1wJozUlEMPxUgy4RzyK5dagEbGHQtx.pdf\" target=\"_blank\">2\u00aa retifica\u00e7\u00e3o<\/a><\/li><li><a rel=\"noreferrer noopener\" href=\"https:\/\/ibrasp.selecao.net.br\/uploads\/256\/concursos\/40\/anexos\/3lgGK4tMMCeWStmEn7nk2P90FAu4D8VtUS8KWmAV.pdf\" target=\"_blank\">3\u00aa retifica\u00e7\u00e3o<\/a><\/li><li><a href=\"https:\/\/dhg1h5j42swfq.cloudfront.net\/2020\/12\/07175953\/FV5A3MXoCLHV5BUgNULV3nhM7P9y7ttQe1f6Jjcn-2.pdf\" target=\"_blank\" rel=\"noreferrer noopener\">4\u00aa retifica\u00e7\u00e3o<\/a><\/li><li><a href=\"https:\/\/ibrasp.selecao.net.br\/uploads\/256\/concursos\/40\/anexos\/prW9GQXhgLvsEYCjSI7Pz8hwCMdMsIgj3cTgUFSS.pdf\" target=\"_blank\" rel=\"noreferrer noopener\">5\u00aa retifica\u00e7\u00e3o<\/a><\/li><li><a href=\"https:\/\/ibrasp.selecao.net.br\/uploads\/256\/concursos\/40\/anexos\/jJrOOEkkPfJHemC1GL48x0L4nhsPky5I69VdCRm7.pdf\" target=\"_blank\" rel=\"noreferrer noopener\">6\u00aa retifica\u00e7\u00e3o<\/a><\/li><li><a href=\"https:\/\/dhg1h5j42swfq.cloudfront.net\/2021\/02\/09090115\/8pytcybjgir2wrtkzadcpyvvecrglhpqifm8nlun.pdf\" target=\"_blank\" rel=\"noreferrer noopener\">7\u00aa retifica\u00e7\u00e3o<\/a><\/li><\/ul>\n<\/div>\n<\/div>\n\n\n\n<h2 class=\"wp-block-heading\" id=\"cargos-vagas\">Cargos e vagas do concurso Prefeitura de Rio Grande<\/h2>\n\n\n\n<h3 class=\"wp-block-heading\" id=\"01\">Edital 01<\/h3>\n\n\n\n<h4 class=\"wp-block-heading\" id=\"fundamental\">N\u00edvel fundamental<\/h4>\n\n\n\n<figure class=\"wp-block-table is-style-stripes\"><table class=\"has-subtle-pale-blue-background-color has-fixed-layout has-background\"><thead><tr><th class=\"has-text-align-center\" data-align=\"center\"><strong>CARGO<\/strong>S<\/th><th class=\"has-text-align-center\" data-align=\"center\"><strong>VAGAS<\/strong><\/th><th class=\"has-text-align-center\" data-align=\"center\"><strong><\/strong><strong>SAL\u00c1RIO<\/strong><\/th><\/tr><\/thead><tbody><tr><td class=\"has-text-align-center\" data-align=\"center\">Cuidador Social<\/td><td class=\"has-text-align-center\" data-align=\"center\">CR<\/td><td class=\"has-text-align-center\" data-align=\"center\">R$ 951,63<\/td><\/tr><\/tbody><\/table><\/figure>\n\n\n\n<h4 class=\"wp-block-heading\" id=\"medio\">Ensino m\u00e9dio e t\u00e9cnico<\/h4>\n\n\n\n<figure class=\"wp-block-table is-style-stripes\"><table class=\"has-subtle-pale-blue-background-color has-fixed-layout has-background\"><thead><tr><th class=\"has-text-align-center\" data-align=\"center\"><strong>CARGO<\/strong>S<\/th><th class=\"has-text-align-center\" data-align=\"center\"><strong>VAGAS<\/strong><\/th><th class=\"has-text-align-center\" data-align=\"center\"><strong><\/strong><strong>SAL\u00c1RIO<\/strong><\/th><\/tr><\/thead><tbody><tr><td class=\"has-text-align-center\" data-align=\"center\">Auxiliar de Sa\u00fade Bucal<\/td><td class=\"has-text-align-center\" data-align=\"center\">CR<\/td><td class=\"has-text-align-center\" data-align=\"center\">R$ 951,63<\/td><\/tr><tr><td class=\"has-text-align-center\" data-align=\"center\">Auxiliar de Farm\u00e1cia<\/td><td class=\"has-text-align-center\" data-align=\"center\">CR<\/td><td class=\"has-text-align-center\" data-align=\"center\">R$ 951,63<\/td><\/tr><tr><td class=\"has-text-align-center\" data-align=\"center\">T\u00e9cnico em Enfermagem<\/td><td class=\"has-text-align-center\" data-align=\"center\">CR<\/td><td class=\"has-text-align-center\" data-align=\"center\">R$ 1.225,63<\/td><\/tr><tr><td class=\"has-text-align-center\" data-align=\"center\">T\u00e9cnico em Laborat\u00f3rio e An\u00e1lises Cl\u00ednicas<\/td><td class=\"has-text-align-center\" data-align=\"center\">CR<\/td><td class=\"has-text-align-center\" data-align=\"center\">R$ 1.225,63<\/td><\/tr><tr><td class=\"has-text-align-center\" data-align=\"center\">Vigilante Sanit\u00e1rio<\/td><td class=\"has-text-align-center\" data-align=\"center\">CR<\/td><td class=\"has-text-align-center\" data-align=\"center\">R$ 1.098,06<\/td><\/tr><\/tbody><\/table><\/figure>\n\n\n\n<h4 class=\"wp-block-heading\" id=\"superior\">Curso superior<\/h4>\n\n\n\n<figure class=\"wp-block-table is-style-stripes\"><table class=\"has-subtle-pale-blue-background-color has-fixed-layout has-background\"><thead><tr><th class=\"has-text-align-center\" data-align=\"center\"><strong>CARGO<\/strong>S<\/th><th class=\"has-text-align-center\" data-align=\"center\"><strong>VAGAS<\/strong><\/th><th class=\"has-text-align-center\" data-align=\"center\"><strong>SAL\u00c1RIO<\/strong><\/th><\/tr><\/thead><tbody><tr><td class=\"has-text-align-center\" data-align=\"center\">Assistente Social<\/td><td class=\"has-text-align-center\" data-align=\"center\">CR<\/td><td class=\"has-text-align-center\" data-align=\"center\">R$ 2.037,28<\/td><\/tr><tr><td class=\"has-text-align-center\" data-align=\"center\">Educador F\u00edsico<\/td><td class=\"has-text-align-center\" data-align=\"center\">CR<\/td><td class=\"has-text-align-center\" data-align=\"center\">R$ 2.037,28<\/td><\/tr><tr><td class=\"has-text-align-center\" data-align=\"center\">Enfermeiro<\/td><td class=\"has-text-align-center\" data-align=\"center\">CR<\/td><td class=\"has-text-align-center\" data-align=\"center\">R$ 2.037,28<\/td><\/tr><tr><td class=\"has-text-align-center\" data-align=\"center\">Enfermeiro do Trabalho<\/td><td class=\"has-text-align-center\" data-align=\"center\">CR<\/td><td class=\"has-text-align-center\" data-align=\"center\">R$ 2.037,28<\/td><\/tr><tr><td class=\"has-text-align-center\" data-align=\"center\">Farmac\u00eautico<\/td><td class=\"has-text-align-center\" data-align=\"center\">CR<\/td><td class=\"has-text-align-center\" data-align=\"center\">R$ 2.037,28<\/td><\/tr><tr><td class=\"has-text-align-center\" data-align=\"center\">Fisioterapeuta<\/td><td class=\"has-text-align-center\" data-align=\"center\">CR<\/td><td class=\"has-text-align-center\" data-align=\"center\">R$ 2.037,28<\/td><\/tr><tr><td class=\"has-text-align-center\" data-align=\"center\">Fonoaudi\u00f3logo<\/td><td class=\"has-text-align-center\" data-align=\"center\">CR<\/td><td class=\"has-text-align-center\" data-align=\"center\">R$ 2.037,28<\/td><\/tr><tr><td class=\"has-text-align-center\" data-align=\"center\">M\u00e9dico (v\u00e1rios)<\/td><td class=\"has-text-align-center\" data-align=\"center\">CR<\/td><td class=\"has-text-align-center\" data-align=\"center\">R$ 3.189,17<\/td><\/tr><tr><td class=\"has-text-align-center\" data-align=\"center\">Nutricionista<\/td><td class=\"has-text-align-center\" data-align=\"center\">CR<\/td><td class=\"has-text-align-center\" data-align=\"center\">R$ 2.037,28<\/td><\/tr><tr><td class=\"has-text-align-center\" data-align=\"center\">Psic\u00f3logo<\/td><td class=\"has-text-align-center\" data-align=\"center\">CR<\/td><td class=\"has-text-align-center\" data-align=\"center\">R$ 2.037,28<\/td><\/tr><tr><td class=\"has-text-align-center\" data-align=\"center\">Odont\u00f3logo<\/td><td class=\"has-text-align-center\" data-align=\"center\">CR<\/td><td class=\"has-text-align-center\" data-align=\"center\">R$ 2.037,28<\/td><\/tr><tr><td class=\"has-text-align-center\" data-align=\"center\">T\u00e9cnico Superior em Artes<\/td><td class=\"has-text-align-center\" data-align=\"center\">CR<\/td><td class=\"has-text-align-center\" data-align=\"center\">R$ 2.037,28<\/td><\/tr><tr><td class=\"has-text-align-center\" data-align=\"center\">Terapeuta Ocupacional<\/td><td class=\"has-text-align-center\" data-align=\"center\">CR<\/td><td class=\"has-text-align-center\" data-align=\"center\">R$ 2.037,28<\/td><\/tr><\/tbody><\/table><\/figure>\n\n\n\n<h3 class=\"wp-block-heading\" id=\"02\">Edital 02<\/h3>\n\n\n\n<h4 class=\"wp-block-heading\" id=\"medio\">Ensino m\u00e9dio e t\u00e9cnico<\/h4>\n\n\n\n<figure class=\"wp-block-table is-style-stripes\"><table class=\"has-subtle-pale-blue-background-color has-fixed-layout has-background\"><thead><tr><th class=\"has-text-align-center\" data-align=\"center\"><strong>CARGO<\/strong>S<\/th><th class=\"has-text-align-center\" data-align=\"center\"><strong>VAGAS<\/strong><\/th><th class=\"has-text-align-center\" data-align=\"center\"><strong><\/strong><strong>SAL\u00c1RIO<\/strong><\/th><\/tr><\/thead><tbody><tr><td class=\"has-text-align-center\" data-align=\"center\">Assessor Administrativo<\/td><td class=\"has-text-align-center\" data-align=\"center\">CR<\/td><td class=\"has-text-align-center\" data-align=\"center\">R$ 1.098,06<\/td><\/tr><tr><td class=\"has-text-align-center\" data-align=\"center\">Educador Social<\/td><td class=\"has-text-align-center\" data-align=\"center\">CR<\/td><td class=\"has-text-align-center\" data-align=\"center\">R$ 1.098,06<\/td><\/tr><tr><td class=\"has-text-align-center\" data-align=\"center\">Fiscal Auxiliar de Tributos Municipais<\/td><td class=\"has-text-align-center\" data-align=\"center\">CR<\/td><td class=\"has-text-align-center\" data-align=\"center\">R$ 1.098,06<\/td><\/tr><tr><td class=\"has-text-align-center\" data-align=\"center\">Fiscal de Feiras e Mercado<\/td><td class=\"has-text-align-center\" data-align=\"center\">CR<\/td><td class=\"has-text-align-center\" data-align=\"center\">R$ 1.098,06<\/td><\/tr><tr><td class=\"has-text-align-center\" data-align=\"center\">Fiscal de Obras<\/td><td class=\"has-text-align-center\" data-align=\"center\">CR<\/td><td class=\"has-text-align-center\" data-align=\"center\">R$ 1.098,06<\/td><\/tr><tr><td class=\"has-text-align-center\" data-align=\"center\">Fiscal de Servi\u00e7os Urbanos<\/td><td class=\"has-text-align-center\" data-align=\"center\">CR<\/td><td class=\"has-text-align-center\" data-align=\"center\">R$ 1.098,06<\/td><\/tr><tr><td class=\"has-text-align-center\" data-align=\"center\">Fot\u00f3grafo<\/td><td class=\"has-text-align-center\" data-align=\"center\">CR<\/td><td class=\"has-text-align-center\" data-align=\"center\">R$ 1.098,06<\/td><\/tr><tr><td class=\"has-text-align-center\" data-align=\"center\">Produtor de Som, \u00c1udio e V\u00eddeo<\/td><td class=\"has-text-align-center\" data-align=\"center\">CR<\/td><td class=\"has-text-align-center\" data-align=\"center\">R$ 1.098,06<\/td><\/tr><tr><td class=\"has-text-align-center\" data-align=\"center\">T\u00e9cnico em Comunica\u00e7\u00e3o Visual<\/td><td class=\"has-text-align-center\" data-align=\"center\">CR<\/td><td class=\"has-text-align-center\" data-align=\"center\">R$ 1.225,63<\/td><\/tr><tr><td class=\"has-text-align-center\" data-align=\"center\">T\u00e9cnico em Contabilidade<\/td><td class=\"has-text-align-center\" data-align=\"center\">CR<\/td><td class=\"has-text-align-center\" data-align=\"center\">R$ 1.225,63<\/td><\/tr><tr><td class=\"has-text-align-center\" data-align=\"center\">T\u00e9cnico em Seguran\u00e7a do Trabalho<\/td><td class=\"has-text-align-center\" data-align=\"center\">CR<\/td><td class=\"has-text-align-center\" data-align=\"center\">R$ 1.225,63<\/td><\/tr><tr><td class=\"has-text-align-center\" data-align=\"center\">T\u00e9cnico em Tecnologia da Informa\u00e7\u00e3o<\/td><td class=\"has-text-align-center\" data-align=\"center\">CR<\/td><td class=\"has-text-align-center\" data-align=\"center\">R$ 1.225,63<\/td><\/tr><tr><td class=\"has-text-align-center\" data-align=\"center\">T\u00e9cnico em Turismo<\/td><td class=\"has-text-align-center\" data-align=\"center\">CR<\/td><td class=\"has-text-align-center\" data-align=\"center\">R$ 1.225,63<\/td><\/tr><tr><td class=\"has-text-align-center\" data-align=\"center\">Top\u00f3grafo<\/td><td class=\"has-text-align-center\" data-align=\"center\">CR<\/td><td class=\"has-text-align-center\" data-align=\"center\">R$ 1.225,63<\/td><\/tr><\/tbody><\/table><\/figure>\n\n\n\n<h4 class=\"wp-block-heading\" id=\"superior\">Curso superior<\/h4>\n\n\n\n<figure class=\"wp-block-table is-style-stripes\"><table class=\"has-subtle-pale-blue-background-color has-fixed-layout has-background\"><thead><tr><th class=\"has-text-align-center\" data-align=\"center\"><strong>CARGO<\/strong>S<\/th><th class=\"has-text-align-center\" data-align=\"center\"><strong>VAGAS<\/strong><\/th><th class=\"has-text-align-center\" data-align=\"center\"><strong>SAL\u00c1RIO<\/strong><\/th><\/tr><\/thead><tbody><tr><td class=\"has-text-align-center\" data-align=\"center\">Administrador de Empresas<\/td><td class=\"has-text-align-center\" data-align=\"center\">CR<\/td><td class=\"has-text-align-center\" data-align=\"center\">R$ 2.037,28<\/td><\/tr><tr><td class=\"has-text-align-center\" data-align=\"center\">Analista em Tecnologia da Informa\u00e7\u00e3o<\/td><td class=\"has-text-align-center\" data-align=\"center\">CR<\/td><td class=\"has-text-align-center\" data-align=\"center\">R$ 2.037,28<\/td><\/tr><tr><td class=\"has-text-align-center\" data-align=\"center\">Arque\u00f3logo<\/td><td class=\"has-text-align-center\" data-align=\"center\">CR<\/td><td class=\"has-text-align-center\" data-align=\"center\">R$ 2.037,28<\/td><\/tr><tr><td class=\"has-text-align-center\" data-align=\"center\">Arquiteto Urbanista<\/td><td class=\"has-text-align-center\" data-align=\"center\">CR<\/td><td class=\"has-text-align-center\" data-align=\"center\">R$ 2.037,28<\/td><\/tr><tr><td class=\"has-text-align-center\" data-align=\"center\">Auditor Fiscal da Receita Municipal<\/td><td class=\"has-text-align-center\" data-align=\"center\">CR<\/td><td class=\"has-text-align-center\" data-align=\"center\">R$ 2.037,28<\/td><\/tr><tr><td class=\"has-text-align-center\" data-align=\"center\">Bi\u00f3logo<\/td><td class=\"has-text-align-center\" data-align=\"center\">CR<\/td><td class=\"has-text-align-center\" data-align=\"center\">R$ 2.037,28<\/td><\/tr><tr><td class=\"has-text-align-center\" data-align=\"center\">Contador<\/td><td class=\"has-text-align-center\" data-align=\"center\">CR<\/td><td class=\"has-text-align-center\" data-align=\"center\">R$ 3.652,81<\/td><\/tr><tr><td class=\"has-text-align-center\" data-align=\"center\">Economista<\/td><td class=\"has-text-align-center\" data-align=\"center\">CR<\/td><td class=\"has-text-align-center\" data-align=\"center\">R$ 3.652,81<\/td><\/tr><tr><td class=\"has-text-align-center\" data-align=\"center\">Engenheiro (v\u00e1rios)<\/td><td class=\"has-text-align-center\" data-align=\"center\">CR<\/td><td class=\"has-text-align-center\" data-align=\"center\">R$ 2.037,28<\/td><\/tr><tr><td class=\"has-text-align-center\" data-align=\"center\">Fiscal Ambiental<\/td><td class=\"has-text-align-center\" data-align=\"center\">CR<\/td><td class=\"has-text-align-center\" data-align=\"center\">R$ 2.037,28<\/td><\/tr><tr><td class=\"has-text-align-center\" data-align=\"center\">Ge\u00f3grafo<\/td><td class=\"has-text-align-center\" data-align=\"center\">CR<\/td><td class=\"has-text-align-center\" data-align=\"center\">R$ 2.037,28<\/td><\/tr><tr><td class=\"has-text-align-center\" data-align=\"center\">Ge\u00f3logo<\/td><td class=\"has-text-align-center\" data-align=\"center\">CR<\/td><td class=\"has-text-align-center\" data-align=\"center\">R$ 2.037,28<\/td><\/tr><tr><td class=\"has-text-align-center\" data-align=\"center\">Jornalista<\/td><td class=\"has-text-align-center\" data-align=\"center\">CR<\/td><td class=\"has-text-align-center\" data-align=\"center\">R$ 2.037,28<\/td><\/tr><tr><td class=\"has-text-align-center\" data-align=\"center\">Muse\u00f3logo<\/td><td class=\"has-text-align-center\" data-align=\"center\">CR<\/td><td class=\"has-text-align-center\" data-align=\"center\">R$ 2.037,28<\/td><\/tr><tr><td class=\"has-text-align-center\" data-align=\"center\">Publicit\u00e1rio<\/td><td class=\"has-text-align-center\" data-align=\"center\">CR<\/td><td class=\"has-text-align-center\" data-align=\"center\">R$ 2.037,28<\/td><\/tr><tr><td class=\"has-text-align-center\" data-align=\"center\">Rela\u00e7\u00f5es P\u00fablicas<\/td><td class=\"has-text-align-center\" data-align=\"center\">CR<\/td><td class=\"has-text-align-center\" data-align=\"center\">R$ 2.037,28<\/td><\/tr><tr><td class=\"has-text-align-center\" data-align=\"center\">Turism\u00f3logo<\/td><td class=\"has-text-align-center\" data-align=\"center\">CR<\/td><td class=\"has-text-align-center\" data-align=\"center\">R$ 2.037,28<\/td><\/tr><\/tbody><\/table><\/figure>\n\n\n\n<h2 class=\"wp-block-heading\" id=\"etapas-concurso\">Etapas do concurso Prefeitura de Rio Grande<\/h2>\n\n\n\n<p>O concurso Prefeitura de Rio Grande ser\u00e1 composto de uma \u00fanica etapa, sendo ela uma <strong>Prova Objetiva<\/strong>. De car\u00e1ter eliminat\u00f3rio e classificat\u00f3rio, a avalia\u00e7\u00e3o ter\u00e1 dura\u00e7\u00e3o de tr\u00eas horas.<\/p>\n\n\n\n<h3 class=\"wp-block-heading\" id=\"objetiva\">Prova Objetiva<\/h3>\n\n\n\n<p>A prova objetiva possui car\u00e1ter eliminat\u00f3rio e classificat\u00f3rio, sendo composta por 40 quest\u00f5es de m\u00faltipla escolha, com cinco alternativas de resposta (A, B, C, D, E), sendo apenas uma considerada correta.<\/p>\n\n\n\n<p class=\"has-medium-font-size\"><strong>Edital 01<\/strong><\/p>\n\n\n\n<ul class=\"wp-block-list\"><li><strong>N\u00edvel fundamental:<\/strong><ul><li><em>L\u00edngua Portuguesa &#8211; 10 quest\u00f5es (peso 2,2)<\/em><\/li><li><em>Legisla\u00e7\u00e3o &#8211; 10 quest\u00f5es (peso 2,2)<\/em><\/li><li><em>Racioc\u00ednio L\u00f3gico &#8211; 05 quest\u00f5es (peso 2,2)<\/em><\/li><li><em>Matem\u00e1tica &#8211; 05 quest\u00f5es (peso 2,2)<\/em><\/li><li><em>Conhecimentos Espec\u00edficos &#8211; 10 quest\u00f5es (peso 3,4)<\/em><\/li><\/ul><\/li><\/ul>\n\n\n\n<ul class=\"wp-block-list\"><li><strong>N\u00edvel m\u00e9dio, t\u00e9cnico e superior:<\/strong><ul><li><em>L\u00edngua Portuguesa &#8211; 10 quest\u00f5es (peso 2,2)<\/em><\/li><li><em>Legisla\u00e7\u00e3o &#8211; 10 quest\u00f5es (peso 2,2)<\/em><\/li><li><em>Racioc\u00ednio L\u00f3gico &#8211; 05 quest\u00f5es (peso 2,2)<\/em><\/li><li><em>Inform\u00e1tica &#8211; 05 quest\u00f5es (peso 2,2)<\/em><\/li><li><em>Conhecimentos Espec\u00edficos &#8211; 10 quest\u00f5es (peso 3,4)<\/em><\/li><\/ul><\/li><\/ul>\n\n\n\n<p class=\"has-medium-font-size\"><strong>Edital 02<\/strong><\/p>\n\n\n\n<ul class=\"wp-block-list\"><li><strong>Todos os cargos:<\/strong><ul><li><em>L\u00edngua Portuguesa &#8211; 10 quest\u00f5es (peso 2,2)<\/em><\/li><li><em>Legisla\u00e7\u00e3o &#8211; 10 quest\u00f5es (peso 2,2)<\/em><\/li><li><em>Racioc\u00ednio L\u00f3gico &#8211; 05 quest\u00f5es (peso 2,2)<\/em><\/li><li><em>Inform\u00e1tica &#8211; 05 quest\u00f5es (peso 2,2)<\/em><\/li><li><em>Conhecimentos Espec\u00edficos &#8211; 10 quest\u00f5es (peso 3,4)<\/em><\/li><\/ul><\/li><\/ul>\n\n\n\n<p class=\"has-background has-normal-font-size\" style=\"background-color:#e8eaeb\"><strong>A pontua\u00e7\u00e3o m\u00ednima que o candidato precisa obter para n\u00e3o ser eliminado \u00e9 de 60 pontos.<\/strong><\/p>\n\n\n\n<h2 class=\"wp-block-heading\" id=\"estrategico\">Edital Estrat\u00e9gico<\/h2>\n\n\n\n<p class=\"has-text-align-center has-luminous-vivid-amber-background-color has-background\"><strong><a rel=\"noreferrer noopener\" href=\"https:\/\/drive.google.com\/file\/d\/1caQ7WtywaQ-48iQo51vtMAr_ivSWVIqF\/view?usp=sharing\" target=\"_blank\">Auditor Fiscal da Receita Municipal<\/a><\/strong><\/p>\n\n\n\n<p class=\"has-text-align-center has-luminous-vivid-amber-background-color has-background\"><strong><a href=\"https:\/\/drive.google.com\/file\/d\/1FRrC2TDlKXx2P_6NyukFsyJUPg3Lmcys\/view?usp=sharing\" target=\"_blank\" rel=\"noreferrer noopener\">Auxiliar de Tributos Municipais<\/a><\/strong><\/p>\n\n\n\n<p><strong>IMPORTANTE:&nbsp;<\/strong>Ao clicar nos links acima, vai ser aberta uma janela do Google Drive que tentar\u00e1 carregar a visualiza\u00e7\u00e3o da planilha no seu navegador. N\u00e3o h\u00e1 necessidade de esperar essa visualiza\u00e7\u00e3o (talvez at\u00e9 nem carregue, j\u00e1 que os arquivos s\u00e3o pesados).<\/p>\n\n\n\n<p>Fa\u00e7a o download clicando na seta para baixo no canto superior direito da janela do Google Drive que vai ser aberta ao clicar nos links acima.<\/p>\n\n\n\n<p>Todos os arquivos foram testados em diferentes computadores e celulares e est\u00e3o ok. Talvez alguma incompatibilidade (ou mensagem de erro, como \u201carquivo inv\u00e1lido\u201d) ocorra em virtude do seu pr\u00f3prio computador ou do tamanho dos arquivos que possuem mais conte\u00fado.<\/p>\n\n\n\n<hr class=\"wp-block-separator\"\/>\n\n\n\n<h2 class=\"has-text-align-center wp-block-heading\" id=\"cursos-assinatura\"><em>Quer estudar para o concurso Prefeitura de Rio Grande-RS?<\/em><\/h2>\n\n\n\n<div class=\"container\" id=\"boxes\">\n  <div class=\"row\">\n\n    <div class=\"col-sm\">\n      <div class=\"banner-estrategia\" id=\"box-assinatura\">\n        <h3 class=\"titulo-assinatura\">Concurso Prefeitura de Rio Grande<\/h3>\n        <p class=\"subtitulo-assinatura\">Conhe\u00e7a os cursos<\/p>\n        <div class=\"box-botao\">\n          <a class=\"btn-assinatura\" target=\"_blank\" href=\"https:\/\/www.estrategiaconcursos.com.br\/cursos\/\" role=\"button\" rel=\"noopener noreferrer\">Conhe\u00e7a mais<\/a>\n        <\/div>\n      <\/div>\n   \n    <\/div>\n\n  <\/div>\n<\/div>\n\n\n\n<div class=\"container\" id=\"boxes\">\n  <div class=\"row\">\n\n    <div class=\"col-sm\">\n      <div class=\"estrategia\" id=\"box-assinatura\">\n        <h3 class=\"titulo-assinatura\">Assinatura Ilimitada<\/h3>\n        <p class=\"subtitulo-assinatura\">Assinatura Anual Ilimitada*<\/p>\n        <div class=\"box-botao\">\n          <a class=\"btn-assinatura\" target=\"_blank\" href=\"https:\/\/www.estrategiaconcursos.com.br\/assinaturas\/\" role=\"button\" rel=\"noopener noreferrer\">ASSINE AGORA<\/a>\n        <\/div>\n      <\/div>\n      <p class=\"texto-auxiliar\">Prepare-se com o melhor material e com quem mais aprova em Concursos P\u00fablicos em todo o pa\u00eds. Assine agora a nossa Assinatura Anual e tenha acesso ilimitado* a todos os nossos cursos.<\/p>\n    <\/div>\n\n    <div class=\"col-sm\">\n      <div class=\"questoes\" id=\"box-assinatura\">\n        <h3 class=\"titulo-assinatura\">Sistema de Quest\u00f5es<\/h3>\n        <p class=\"subtitulo-assinatura\">Assinatura Ilimitada*\n<\/p>\n        <div class=\"box-botao\">\n          <a class=\"btn-assinatura\" target=\"_blank\" href=\"https:\/\/questoes.estrategiaconcursos.com.br\/\" role=\"button\" rel=\"noopener noreferrer\">ASSINE AGORA<\/a>\n        <\/div>\n      <\/div>\n      <p class=\"texto-auxiliar\">Estrat\u00e9gia Quest\u00f5es nasceu maior do que todos os concorrentes, com mais quest\u00f5es cadastradas e mais solu\u00e7\u00f5es por professores. Clique no link e aproveite os descontos e b\u00f4nus imperd\u00edveis!<\/p>\n    <\/div>\n  <\/div>\n<\/div>\n\n\n\n<div class=\"container\" id=\"boxes\">\n  <div class=\"row\">\n\n    <div class=\"col-sm\" id=\"boxes-concursos\">\n      <div style=\"background-color: #005DAD;\" class=\"conteudo-concursos\" id=\"box-concursos\">\n        <h3 class=\"titulo-assinatura\">Concursos Abertos<\/h3>\n        <p class=\"subtitulo-assinatura\">mais de 15 mil vagas<\/p>\n        <div class=\"box-botao\">\n          <a class=\"btn-assinatura\" target=\"_blank\" href=\"https:\/\/www.estrategiaconcursos.com.br\/blog\/concursos-abertos\/\" role=\"button\" rel=\"noopener noreferrer\">Conhe\u00e7a Agora<\/a>\n        <\/div>\n      <\/div>\n    <\/div>\n\n    <div class=\"col-sm\" id=\"boxes-concursos\">\n      <div style=\"background-color: #419FF0;\" class=\"conteudo-concursos\" id=\"box-concursos\">\n        <h3 class=\"titulo-assinatura\">Concursos 2021<\/h3>\n        <p class=\"subtitulo-assinatura\">mais de 50 mil vagas<\/p>\n        <div class=\"box-botao\">\n          <a class=\"btn-assinatura\" target=\"_blank\" href=\"https:\/\/www.estrategiaconcursos.com.br\/blog\/concursos-2021\/\" role=\"button\" rel=\"noopener noreferrer\">Conhe\u00e7a Agora<\/a>\n        <\/div>\n      <\/div>\n    <\/div>\n\n  <\/div>\n<\/div>\n\n\n\n<figure class=\"wp-block-image\"><img loading=\"lazy\" decoding=\"async\" width=\"300\" height=\"102\" src=\"https:\/\/dhg1h5j42swfq.cloudfront.net\/2019\/11\/29130632\/image123.png\" alt=\"Ficha t\u00e9cnica concurso Prefeitura de Rio Grande RS\" class=\"wp-image-453421\"\/><\/figure>\n\n\n\n<h3 class=\"wp-block-heading\"><strong>Informa\u00e7\u00f5es do concurso Prefeitura de Rio Grande-RS<\/strong><\/h3>\n\n\n\n<ul class=\"wp-block-list\"><li><strong>Provas<\/strong>: Suspensas<\/li><li><strong>Vagas<\/strong>: CR<\/li><li><strong>Cargos<\/strong>: Diversos<\/li><li><strong>Banca<\/strong>: IBRASP<\/li><li><strong>Escolaridade<\/strong>: N\u00edvel fundamental, m\u00e9dio e superior<\/li><li><strong>Edital 1<\/strong>: <a rel=\"noreferrer noopener\" href=\"https:\/\/dhg1h5j42swfq.cloudfront.net\/2020\/10\/29130242\/edital-01-Rio-Grande.pdf\" target=\"_blank\">Edital 01<\/a> <\/li><li><strong>Edital 2<\/strong>: <a rel=\"noreferrer noopener\" href=\"https:\/\/dhg1h5j42swfq.cloudfront.net\/2020\/10\/29130315\/edital-02-Rio-Grande.pdf\" target=\"_blank\">Edital 02<\/a> <\/li><\/ul>\n","protected":false},"excerpt":{"rendered":"<p>O concurso p\u00fablico da Prefeitura de Rio Grande est\u00e1 com todas suas provas objetivas suspensas. Ap\u00f3s ter sido remarcada para 27 e 28 de fevereiro, a etapa para alguns cargos do edital 01 foi novamente suspensa. No total, s\u00e3o dois editais que ofertam vagas para forma\u00e7\u00e3o de Cadastro Reserva. As oportunidades s\u00e3o distribu\u00eddas entre diversos [&hellip;]<\/p>\n","protected":false},"author":1,"featured_media":454315,"comment_status":"open","ping_status":"closed","sticky":false,"template":"","format":"standard","meta":{"post_tipo":"news_page","footnotes":""},"categories":[1],"tags":[],"tax_estado":[219986],"class_list":["post-453376","post","type-post","status-publish","format-standard","has-post-thumbnail","hentry","category-cursos-e-concursos","tax_estado-rs"],"acf":[],"yoast_head":"<!-- This site is optimized with the Yoast SEO Premium plugin v27.2 (Yoast SEO v27.2) - https:\/\/yoast.com\/product\/yoast-seo-premium-wordpress\/ -->\n<title>Concurso Prefeitura de Rio Grande: provas SUSPENSAS<\/title>\n<meta name=\"description\" content=\"Concurso Prefeitura de Rio Grande: Vagas em cadastro reserva para diversos cargos e provas suspensas. Confira todos os detalhes AQUI!\" \/>\n<meta name=\"robots\" content=\"index, follow, max-snippet:-1, max-image-preview:large, max-video-preview:-1\" \/>\n<link rel=\"canonical\" href=\"https:\/\/www.estrategiaconcursos.com.br\/blog\/concurso-prefeitura-rio-grande\/\" \/>\n<meta property=\"og:locale\" content=\"pt_BR\" \/>\n<meta property=\"og:type\" content=\"article\" \/>\n<meta property=\"og:title\" content=\"Concurso Prefeitura de Rio Grande: provas SUSPENSAS\" \/>\n<meta property=\"og:description\" content=\"Concurso Prefeitura de Rio Grande: Vagas em cadastro reserva para diversos cargos e provas suspensas. Confira todos os detalhes AQUI!\" \/>\n<meta property=\"og:url\" content=\"https:\/\/www.estrategiaconcursos.com.br\/blog\/concurso-prefeitura-rio-grande\/\" \/>\n<meta property=\"og:site_name\" content=\"Estrat\u00e9gia Concursos\" \/>\n<meta property=\"article:author\" content=\"https:\/\/www.facebook.com\/EstrategiaConcursos\" \/>\n<meta property=\"article:published_time\" content=\"2021-03-01T17:12:00+00:00\" \/>\n<meta property=\"article:modified_time\" content=\"2024-01-12T13:29:59+00:00\" \/>\n<meta property=\"og:image\" content=\"https:\/\/dhg1h5j42swfq.cloudfront.net\/2019\/11\/02165554\/Prefeitura-de-Rio-Grande-RS.jpg\" \/>\n\t<meta property=\"og:image:width\" content=\"1200\" \/>\n\t<meta property=\"og:image:height\" content=\"628\" \/>\n\t<meta property=\"og:image:type\" content=\"image\/jpeg\" \/>\n<meta name=\"author\" content=\"Coordena\u00e7\u00e3o\" \/>\n<meta name=\"twitter:card\" content=\"summary_large_image\" \/>\n<meta name=\"twitter:creator\" content=\"@EstratConcursos\" \/>\n<meta name=\"twitter:site\" content=\"@EstratConcursos\" \/>\n<meta name=\"twitter:label1\" content=\"Escrito por\" \/>\n\t<meta name=\"twitter:data1\" content=\"Coordena\u00e7\u00e3o\" \/>\n\t<meta name=\"twitter:label2\" content=\"Est. tempo de leitura\" \/>\n\t<meta name=\"twitter:data2\" content=\"6 minutos\" \/>\n<script type=\"application\/ld+json\" class=\"yoast-schema-graph\">{\"@context\":\"https:\/\/schema.org\",\"@graph\":[{\"@type\":\"NewsArticle\",\"@id\":\"https:\/\/www.estrategiaconcursos.com.br\/blog\/concurso-prefeitura-rio-grande\/#article\",\"isPartOf\":{\"@id\":\"https:\/\/www.estrategiaconcursos.com.br\/blog\/concurso-prefeitura-rio-grande\/\"},\"author\":{\"name\":\"Coordena\u00e7\u00e3o\",\"@id\":\"https:\/\/www.estrategiaconcursos.com.br\/blog\/#\/schema\/person\/b4a388c97673c5f483d72185668afa1f\"},\"headline\":\"Concurso Prefeitura de Rio Grande: provas SUSPENSAS\",\"datePublished\":\"2021-03-01T17:12:00+00:00\",\"dateModified\":\"2024-01-12T13:29:59+00:00\",\"mainEntityOfPage\":{\"@id\":\"https:\/\/www.estrategiaconcursos.com.br\/blog\/concurso-prefeitura-rio-grande\/\"},\"wordCount\":1262,\"commentCount\":1,\"publisher\":{\"@id\":\"https:\/\/www.estrategiaconcursos.com.br\/blog\/#organization\"},\"image\":{\"@id\":\"https:\/\/www.estrategiaconcursos.com.br\/blog\/concurso-prefeitura-rio-grande\/#primaryimage\"},\"thumbnailUrl\":\"https:\/\/dhg1h5j42swfq.cloudfront.net\/2019\/11\/02165554\/Prefeitura-de-Rio-Grande-RS.jpg\",\"articleSection\":[\"Concursos P\u00fablicos\"],\"inLanguage\":\"pt-BR\",\"potentialAction\":[{\"@type\":\"CommentAction\",\"name\":\"Comment\",\"target\":[\"https:\/\/www.estrategiaconcursos.com.br\/blog\/concurso-prefeitura-rio-grande\/#respond\"]}],\"copyrightYear\":\"2021\",\"copyrightHolder\":{\"@id\":\"https:\/\/www.estrategiaconcursos.com.br\/blog\/#organization\"}},{\"@type\":\"WebPage\",\"@id\":\"https:\/\/www.estrategiaconcursos.com.br\/blog\/concurso-prefeitura-rio-grande\/\",\"url\":\"https:\/\/www.estrategiaconcursos.com.br\/blog\/concurso-prefeitura-rio-grande\/\",\"name\":\"Concurso Prefeitura de Rio Grande: provas SUSPENSAS\",\"isPartOf\":{\"@id\":\"https:\/\/www.estrategiaconcursos.com.br\/blog\/#website\"},\"primaryImageOfPage\":{\"@id\":\"https:\/\/www.estrategiaconcursos.com.br\/blog\/concurso-prefeitura-rio-grande\/#primaryimage\"},\"image\":{\"@id\":\"https:\/\/www.estrategiaconcursos.com.br\/blog\/concurso-prefeitura-rio-grande\/#primaryimage\"},\"thumbnailUrl\":\"https:\/\/dhg1h5j42swfq.cloudfront.net\/2019\/11\/02165554\/Prefeitura-de-Rio-Grande-RS.jpg\",\"datePublished\":\"2021-03-01T17:12:00+00:00\",\"dateModified\":\"2024-01-12T13:29:59+00:00\",\"description\":\"Concurso Prefeitura de Rio Grande: Vagas em cadastro reserva para diversos cargos e provas suspensas. Confira todos os detalhes AQUI!\",\"breadcrumb\":{\"@id\":\"https:\/\/www.estrategiaconcursos.com.br\/blog\/concurso-prefeitura-rio-grande\/#breadcrumb\"},\"inLanguage\":\"pt-BR\",\"potentialAction\":[{\"@type\":\"ReadAction\",\"target\":[\"https:\/\/www.estrategiaconcursos.com.br\/blog\/concurso-prefeitura-rio-grande\/\"]}]},{\"@type\":\"ImageObject\",\"inLanguage\":\"pt-BR\",\"@id\":\"https:\/\/www.estrategiaconcursos.com.br\/blog\/concurso-prefeitura-rio-grande\/#primaryimage\",\"url\":\"https:\/\/dhg1h5j42swfq.cloudfront.net\/2019\/11\/02165554\/Prefeitura-de-Rio-Grande-RS.jpg\",\"contentUrl\":\"https:\/\/dhg1h5j42swfq.cloudfront.net\/2019\/11\/02165554\/Prefeitura-de-Rio-Grande-RS.jpg\",\"width\":1200,\"height\":628,\"caption\":\"Rio Grande RS\"},{\"@type\":\"BreadcrumbList\",\"@id\":\"https:\/\/www.estrategiaconcursos.com.br\/blog\/concurso-prefeitura-rio-grande\/#breadcrumb\",\"itemListElement\":[{\"@type\":\"ListItem\",\"position\":1,\"name\":\"In\u00edcio\",\"item\":\"https:\/\/www.estrategiaconcursos.com.br\/blog\/\"},{\"@type\":\"ListItem\",\"position\":2,\"name\":\"Concurso Prefeitura de Rio Grande: provas SUSPENSAS\"}]},{\"@type\":\"WebSite\",\"@id\":\"https:\/\/www.estrategiaconcursos.com.br\/blog\/#website\",\"url\":\"https:\/\/www.estrategiaconcursos.com.br\/blog\/\",\"name\":\"Estrat\u00e9gia Concursos\",\"description\":\"O blog da Estrat\u00e9gia Concursos traz not\u00edcias sobre concursos e artigos de professores oferecendo cursos para concursos (pdf + videaulas) no site.\",\"publisher\":{\"@id\":\"https:\/\/www.estrategiaconcursos.com.br\/blog\/#organization\"},\"potentialAction\":[{\"@type\":\"SearchAction\",\"target\":{\"@type\":\"EntryPoint\",\"urlTemplate\":\"https:\/\/www.estrategiaconcursos.com.br\/blog\/?s={search_term_string}\"},\"query-input\":{\"@type\":\"PropertyValueSpecification\",\"valueRequired\":true,\"valueName\":\"search_term_string\"}}],\"inLanguage\":\"pt-BR\"},{\"@type\":\"Organization\",\"@id\":\"https:\/\/www.estrategiaconcursos.com.br\/blog\/#organization\",\"name\":\"Estrat\u00e9gia Concursos\",\"url\":\"https:\/\/www.estrategiaconcursos.com.br\/blog\/\",\"logo\":{\"@type\":\"ImageObject\",\"inLanguage\":\"pt-BR\",\"@id\":\"https:\/\/www.estrategiaconcursos.com.br\/blog\/#\/schema\/logo\/image\/\",\"url\":\"https:\/\/dhg1h5j42swfq.cloudfront.net\/2025\/06\/03203428\/logo_concursos-1.jpg\",\"contentUrl\":\"https:\/\/dhg1h5j42swfq.cloudfront.net\/2025\/06\/03203428\/logo_concursos-1.jpg\",\"width\":230,\"height\":60,\"caption\":\"Estrat\u00e9gia Concursos\"},\"image\":{\"@id\":\"https:\/\/www.estrategiaconcursos.com.br\/blog\/#\/schema\/logo\/image\/\"},\"sameAs\":[\"https:\/\/x.com\/EstratConcursos\"]},{\"@type\":\"Person\",\"@id\":\"https:\/\/www.estrategiaconcursos.com.br\/blog\/#\/schema\/person\/b4a388c97673c5f483d72185668afa1f\",\"name\":\"Coordena\u00e7\u00e3o\",\"image\":{\"@type\":\"ImageObject\",\"inLanguage\":\"pt-BR\",\"@id\":\"https:\/\/secure.gravatar.com\/avatar\/b720319e4c9a967eb58678d110f4fe35452fc5d5f97b202bac7b8acceb18c6ad?s=96&d=mm&r=g\",\"url\":\"https:\/\/secure.gravatar.com\/avatar\/b720319e4c9a967eb58678d110f4fe35452fc5d5f97b202bac7b8acceb18c6ad?s=96&d=mm&r=g\",\"contentUrl\":\"https:\/\/secure.gravatar.com\/avatar\/b720319e4c9a967eb58678d110f4fe35452fc5d5f97b202bac7b8acceb18c6ad?s=96&d=mm&r=g\",\"caption\":\"Coordena\u00e7\u00e3o\"},\"sameAs\":[\"https:\/\/www.facebook.com\/EstrategiaConcursos\",\"https:\/\/x.com\/EstratConcursos\"],\"url\":\"https:\/\/www.estrategiaconcursos.com.br\/blog\/author\/estrategia2013\/\"}]}<\/script>\n<!-- \/ Yoast SEO Premium plugin. -->","yoast_head_json":{"title":"Concurso Prefeitura de Rio Grande: provas SUSPENSAS","description":"Concurso Prefeitura de Rio Grande: Vagas em cadastro reserva para diversos cargos e provas suspensas. Confira todos os detalhes AQUI!","robots":{"index":"index","follow":"follow","max-snippet":"max-snippet:-1","max-image-preview":"max-image-preview:large","max-video-preview":"max-video-preview:-1"},"canonical":"https:\/\/www.estrategiaconcursos.com.br\/blog\/concurso-prefeitura-rio-grande\/","og_locale":"pt_BR","og_type":"article","og_title":"Concurso Prefeitura de Rio Grande: provas SUSPENSAS","og_description":"Concurso Prefeitura de Rio Grande: Vagas em cadastro reserva para diversos cargos e provas suspensas. Confira todos os detalhes AQUI!","og_url":"https:\/\/www.estrategiaconcursos.com.br\/blog\/concurso-prefeitura-rio-grande\/","og_site_name":"Estrat\u00e9gia Concursos","article_author":"https:\/\/www.facebook.com\/EstrategiaConcursos","article_published_time":"2021-03-01T17:12:00+00:00","article_modified_time":"2024-01-12T13:29:59+00:00","og_image":[{"width":1200,"height":628,"url":"https:\/\/dhg1h5j42swfq.cloudfront.net\/2019\/11\/02165554\/Prefeitura-de-Rio-Grande-RS.jpg","type":"image\/jpeg"}],"author":"Coordena\u00e7\u00e3o","twitter_card":"summary_large_image","twitter_creator":"@EstratConcursos","twitter_site":"@EstratConcursos","twitter_misc":{"Escrito por":"Coordena\u00e7\u00e3o","Est. tempo de leitura":"6 minutos"},"schema":{"@context":"https:\/\/schema.org","@graph":[{"@type":"NewsArticle","@id":"https:\/\/www.estrategiaconcursos.com.br\/blog\/concurso-prefeitura-rio-grande\/#article","isPartOf":{"@id":"https:\/\/www.estrategiaconcursos.com.br\/blog\/concurso-prefeitura-rio-grande\/"},"author":{"name":"Coordena\u00e7\u00e3o","@id":"https:\/\/www.estrategiaconcursos.com.br\/blog\/#\/schema\/person\/b4a388c97673c5f483d72185668afa1f"},"headline":"Concurso Prefeitura de Rio Grande: provas SUSPENSAS","datePublished":"2021-03-01T17:12:00+00:00","dateModified":"2024-01-12T13:29:59+00:00","mainEntityOfPage":{"@id":"https:\/\/www.estrategiaconcursos.com.br\/blog\/concurso-prefeitura-rio-grande\/"},"wordCount":1262,"commentCount":1,"publisher":{"@id":"https:\/\/www.estrategiaconcursos.com.br\/blog\/#organization"},"image":{"@id":"https:\/\/www.estrategiaconcursos.com.br\/blog\/concurso-prefeitura-rio-grande\/#primaryimage"},"thumbnailUrl":"https:\/\/dhg1h5j42swfq.cloudfront.net\/2019\/11\/02165554\/Prefeitura-de-Rio-Grande-RS.jpg","articleSection":["Concursos P\u00fablicos"],"inLanguage":"pt-BR","potentialAction":[{"@type":"CommentAction","name":"Comment","target":["https:\/\/www.estrategiaconcursos.com.br\/blog\/concurso-prefeitura-rio-grande\/#respond"]}],"copyrightYear":"2021","copyrightHolder":{"@id":"https:\/\/www.estrategiaconcursos.com.br\/blog\/#organization"}},{"@type":"WebPage","@id":"https:\/\/www.estrategiaconcursos.com.br\/blog\/concurso-prefeitura-rio-grande\/","url":"https:\/\/www.estrategiaconcursos.com.br\/blog\/concurso-prefeitura-rio-grande\/","name":"Concurso Prefeitura de Rio Grande: provas SUSPENSAS","isPartOf":{"@id":"https:\/\/www.estrategiaconcursos.com.br\/blog\/#website"},"primaryImageOfPage":{"@id":"https:\/\/www.estrategiaconcursos.com.br\/blog\/concurso-prefeitura-rio-grande\/#primaryimage"},"image":{"@id":"https:\/\/www.estrategiaconcursos.com.br\/blog\/concurso-prefeitura-rio-grande\/#primaryimage"},"thumbnailUrl":"https:\/\/dhg1h5j42swfq.cloudfront.net\/2019\/11\/02165554\/Prefeitura-de-Rio-Grande-RS.jpg","datePublished":"2021-03-01T17:12:00+00:00","dateModified":"2024-01-12T13:29:59+00:00","description":"Concurso Prefeitura de Rio Grande: Vagas em cadastro reserva para diversos cargos e provas suspensas. Confira todos os detalhes AQUI!","breadcrumb":{"@id":"https:\/\/www.estrategiaconcursos.com.br\/blog\/concurso-prefeitura-rio-grande\/#breadcrumb"},"inLanguage":"pt-BR","potentialAction":[{"@type":"ReadAction","target":["https:\/\/www.estrategiaconcursos.com.br\/blog\/concurso-prefeitura-rio-grande\/"]}]},{"@type":"ImageObject","inLanguage":"pt-BR","@id":"https:\/\/www.estrategiaconcursos.com.br\/blog\/concurso-prefeitura-rio-grande\/#primaryimage","url":"https:\/\/dhg1h5j42swfq.cloudfront.net\/2019\/11\/02165554\/Prefeitura-de-Rio-Grande-RS.jpg","contentUrl":"https:\/\/dhg1h5j42swfq.cloudfront.net\/2019\/11\/02165554\/Prefeitura-de-Rio-Grande-RS.jpg","width":1200,"height":628,"caption":"Rio Grande RS"},{"@type":"BreadcrumbList","@id":"https:\/\/www.estrategiaconcursos.com.br\/blog\/concurso-prefeitura-rio-grande\/#breadcrumb","itemListElement":[{"@type":"ListItem","position":1,"name":"In\u00edcio","item":"https:\/\/www.estrategiaconcursos.com.br\/blog\/"},{"@type":"ListItem","position":2,"name":"Concurso Prefeitura de Rio Grande: provas SUSPENSAS"}]},{"@type":"WebSite","@id":"https:\/\/www.estrategiaconcursos.com.br\/blog\/#website","url":"https:\/\/www.estrategiaconcursos.com.br\/blog\/","name":"Estrat\u00e9gia Concursos","description":"O blog da Estrat\u00e9gia Concursos traz not\u00edcias sobre concursos e artigos de professores oferecendo cursos para concursos (pdf + videaulas) no site.","publisher":{"@id":"https:\/\/www.estrategiaconcursos.com.br\/blog\/#organization"},"potentialAction":[{"@type":"SearchAction","target":{"@type":"EntryPoint","urlTemplate":"https:\/\/www.estrategiaconcursos.com.br\/blog\/?s={search_term_string}"},"query-input":{"@type":"PropertyValueSpecification","valueRequired":true,"valueName":"search_term_string"}}],"inLanguage":"pt-BR"},{"@type":"Organization","@id":"https:\/\/www.estrategiaconcursos.com.br\/blog\/#organization","name":"Estrat\u00e9gia Concursos","url":"https:\/\/www.estrategiaconcursos.com.br\/blog\/","logo":{"@type":"ImageObject","inLanguage":"pt-BR","@id":"https:\/\/www.estrategiaconcursos.com.br\/blog\/#\/schema\/logo\/image\/","url":"https:\/\/dhg1h5j42swfq.cloudfront.net\/2025\/06\/03203428\/logo_concursos-1.jpg","contentUrl":"https:\/\/dhg1h5j42swfq.cloudfront.net\/2025\/06\/03203428\/logo_concursos-1.jpg","width":230,"height":60,"caption":"Estrat\u00e9gia Concursos"},"image":{"@id":"https:\/\/www.estrategiaconcursos.com.br\/blog\/#\/schema\/logo\/image\/"},"sameAs":["https:\/\/x.com\/EstratConcursos"]},{"@type":"Person","@id":"https:\/\/www.estrategiaconcursos.com.br\/blog\/#\/schema\/person\/b4a388c97673c5f483d72185668afa1f","name":"Coordena\u00e7\u00e3o","image":{"@type":"ImageObject","inLanguage":"pt-BR","@id":"https:\/\/secure.gravatar.com\/avatar\/b720319e4c9a967eb58678d110f4fe35452fc5d5f97b202bac7b8acceb18c6ad?s=96&d=mm&r=g","url":"https:\/\/secure.gravatar.com\/avatar\/b720319e4c9a967eb58678d110f4fe35452fc5d5f97b202bac7b8acceb18c6ad?s=96&d=mm&r=g","contentUrl":"https:\/\/secure.gravatar.com\/avatar\/b720319e4c9a967eb58678d110f4fe35452fc5d5f97b202bac7b8acceb18c6ad?s=96&d=mm&r=g","caption":"Coordena\u00e7\u00e3o"},"sameAs":["https:\/\/www.facebook.com\/EstrategiaConcursos","https:\/\/x.com\/EstratConcursos"],"url":"https:\/\/www.estrategiaconcursos.com.br\/blog\/author\/estrategia2013\/"}]}},"_links":{"self":[{"href":"https:\/\/www.estrategiaconcursos.com.br\/blog\/wp-json\/wp\/v2\/posts\/453376","targetHints":{"allow":["GET"]}}],"collection":[{"href":"https:\/\/www.estrategiaconcursos.com.br\/blog\/wp-json\/wp\/v2\/posts"}],"about":[{"href":"https:\/\/www.estrategiaconcursos.com.br\/blog\/wp-json\/wp\/v2\/types\/post"}],"author":[{"embeddable":true,"href":"https:\/\/www.estrategiaconcursos.com.br\/blog\/wp-json\/wp\/v2\/users\/1"}],"replies":[{"embeddable":true,"href":"https:\/\/www.estrategiaconcursos.com.br\/blog\/wp-json\/wp\/v2\/comments?post=453376"}],"version-history":[{"count":62,"href":"https:\/\/www.estrategiaconcursos.com.br\/blog\/wp-json\/wp\/v2\/posts\/453376\/revisions"}],"predecessor-version":[{"id":682309,"href":"https:\/\/www.estrategiaconcursos.com.br\/blog\/wp-json\/wp\/v2\/posts\/453376\/revisions\/682309"}],"wp:featuredmedia":[{"embeddable":true,"href":"https:\/\/www.estrategiaconcursos.com.br\/blog\/wp-json\/wp\/v2\/media\/454315"}],"wp:attachment":[{"href":"https:\/\/www.estrategiaconcursos.com.br\/blog\/wp-json\/wp\/v2\/media?parent=453376"}],"wp:term":[{"taxonomy":"category","embeddable":true,"href":"https:\/\/www.estrategiaconcursos.com.br\/blog\/wp-json\/wp\/v2\/categories?post=453376"},{"taxonomy":"post_tag","embeddable":true,"href":"https:\/\/www.estrategiaconcursos.com.br\/blog\/wp-json\/wp\/v2\/tags?post=453376"},{"taxonomy":"tax_estado","embeddable":true,"href":"https:\/\/www.estrategiaconcursos.com.br\/blog\/wp-json\/wp\/v2\/tax_estado?post=453376"}],"curies":[{"name":"wp","href":"https:\/\/api.w.org\/{rel}","templated":true}]}}