{"id":453263,"date":"2019-11-29T10:55:06","date_gmt":"2019-11-29T13:55:06","guid":{"rendered":"https:\/\/www.estrategiaconcursos.com.br\/blog\/?p=453263"},"modified":"2023-04-25T17:58:35","modified_gmt":"2023-04-25T20:58:35","slug":"concurso-senado-federal-marcada-audiencia-publica-para-o-projeto-basico","status":"publish","type":"post","link":"https:\/\/www.estrategiaconcursos.com.br\/blog\/concurso-senado-federal-marcada-audiencia-publica-para-o-projeto-basico\/","title":{"rendered":"Marcada audi\u00eancia p\u00fablica para o projeto b\u00e1sico do Concurso Senado"},"content":{"rendered":"\n<p>O Senado Federal marcou uma audi\u00eancia p\u00fablica para o dia 05 de dezembro com o objetivo de discutir a elabora\u00e7\u00e3o do projeto b\u00e1sico de seu novo concurso p\u00fablico. Conforme Aviso publicado nesta sexta-feira (29), no Di\u00e1rio Oficial da Uni\u00e3o, a audi\u00eancia ir\u00e1 recolher sugest\u00f5es t\u00e9cnicas.<\/p>\n\n\n\n<p>O objetivo \u00e9 modelar um projeto b\u00e1sico que esteja contextualizado com os novos par\u00e2metros para a realiza\u00e7\u00e3o de concursos p\u00fablicos. Al\u00e9m de analisar editais publicados recentemente pela Administra\u00e7\u00e3o P\u00fablica do pa\u00eds, o \u00f3rg\u00e3o colher\u00e1 informa\u00e7\u00f5es do mercado.<\/p>\n\n\n\n<p>Como pauta ser\u00e3o discutidos os seguintes pontos:<\/p>\n\n\n\n<ul class=\"wp-block-list\">\n<li>Seguran\u00e7a contra a ocorr\u00eancia de fraudes<\/li>\n\n\n\n<li>Sele\u00e7\u00e3o dos locais de prova e acessibilidade<\/li>\n\n\n\n<li>Realiza\u00e7\u00e3o de provas<\/li>\n\n\n\n<li>Transpar\u00eancia<\/li>\n\n\n\n<li>Interfer\u00eancias externas no certame<\/li>\n\n\n\n<li>Emerg\u00eancias m\u00e9dicas<\/li>\n\n\n\n<li>Cotas<\/li>\n\n\n\n<li>Recursos dos candidatos<\/li>\n\n\n\n<li>Cota\u00e7\u00e3o de pre\u00e7os<\/li>\n<\/ul>\n\n\n\n<p>O concurso Senado Federal ofertar\u00e1 40 vagas imediatas mais forma\u00e7\u00e3o de cadastro de reserva para cargos de n\u00edvel m\u00e9dio e superior. Depois da elabora\u00e7\u00e3o do projeto b\u00e1sico, o pr\u00f3ximo passo ser\u00e1 a publica\u00e7\u00e3o do aviso de licita\u00e7\u00e3o para contrata\u00e7\u00e3o da banca organizadora.<\/p>\n\n\n\n<p>No artigo abaixo elaboramos mais informa\u00e7\u00f5es sobre o concurso do Senado Federal. Confira quais cargos estar\u00e3o com vagas abertas, nota de corte e concorr\u00eancia do \u00faltimo certame e remunera\u00e7\u00e3o.<\/p>\n\n\n\n<p class=\"has-text-align-center has-luminous-vivid-amber-background-color has-background has-medium-font-size\"><strong>Saiba Mais: <\/strong><a rel=\"noreferrer noopener\" aria-label=\"Saiba Mais: Concurso Senado Federal (abre numa nova aba)\" href=\"https:\/\/www.estrategiaconcursos.com.br\/blog\/concurso-senado-federal\/\" target=\"_blank\"><strong>Concurso Senado Federal<\/strong><\/a><\/p>\n\n\n\n<h2 class=\"wp-block-heading\" id=\"h-prepare-se-agora-para-o-concurso-senado-federal\">Prepare-se agora para o Concurso Senado Federal<\/h2>\n\n\n\n<p class=\"has-text-align-center\"><strong><em>Gostou dessa oportunidade&nbsp;e deseja se preparar agora mesmo para este concurso?&nbsp;O Estrat\u00e9gia Concursos j\u00e1 possui cursos focados neste certame.<\/em><\/strong> <em><strong>Confira:<\/strong><\/em><\/p>\n\n\n\n<p class=\"has-text-align-center has-light-green-cyan-background-color has-background has-medium-font-size\"><strong><a rel=\"noreferrer noopener\" href=\"https:\/\/www.estrategiaconcursos.com.br\/cursosPorConcurso\/senado-federal-6\/\" target=\"_blank\">CURSOS SENADO FEDERAL<\/a><\/strong><\/p>\n\n\n\n<p class=\"has-text-align-center\"><strong><em>Fique por dentro dos concursos vigentes:<\/em><\/strong><\/p>\n\n\n\n<p class=\"has-text-align-center has-pale-cyan-blue-background-color has-background\"><strong><a href=\"https:\/\/www.estrategiaconcursos.com.br\/blog\/concursos-abertos\/\" target=\"_blank\" rel=\"noreferrer noopener\">CONCURSOS ABERTOS<\/a><\/strong><\/p>\n\n\n\n<p class=\"has-text-align-center has-pale-cyan-blue-background-color has-background\"><strong><a href=\"https:\/\/www.estrategiaconcursos.com.br\/blog\/concursos-2023\/\" target=\"_blank\" rel=\"noreferrer noopener\">CONCURSOS\u00a02023<\/a><\/strong><\/p>\n","protected":false},"excerpt":{"rendered":"<p>O Senado Federal marcou uma audi\u00eancia p\u00fablica para o dia 05 de dezembro com o objetivo de discutir a elabora\u00e7\u00e3o do projeto b\u00e1sico de seu novo concurso p\u00fablico. Conforme Aviso publicado nesta sexta-feira (29), no Di\u00e1rio Oficial da Uni\u00e3o, a audi\u00eancia ir\u00e1 recolher sugest\u00f5es t\u00e9cnicas. O objetivo \u00e9 modelar um projeto b\u00e1sico que esteja contextualizado [&hellip;]<\/p>\n","protected":false},"author":344,"featured_media":127848,"comment_status":"open","ping_status":"closed","sticky":false,"template":"","format":"standard","meta":{"post_tipo":"article","footnotes":""},"categories":[1],"tags":[],"tax_estado":[],"class_list":["post-453263","post","type-post","status-publish","format-standard","has-post-thumbnail","hentry","category-cursos-e-concursos"],"acf":[],"yoast_head":"<!-- This site is optimized with the Yoast SEO Premium plugin v27.2 (Yoast SEO v27.2) - https:\/\/yoast.com\/product\/yoast-seo-premium-wordpress\/ -->\n<title>Marcada audi\u00eancia p\u00fablica para o projeto b\u00e1sico do Concurso Senado<\/title>\n<meta name=\"description\" content=\"O Senado Federal marcou uma audi\u00eancia p\u00fablica para o dia 05 de dezembro com o objetivo de discutir a elabora\u00e7\u00e3o do projeto b\u00e1sico de seu novo concurso p\u00fablico.\" \/>\n<meta name=\"robots\" content=\"index, follow, max-snippet:-1, max-image-preview:large, max-video-preview:-1\" \/>\n<link rel=\"canonical\" href=\"https:\/\/www.estrategiaconcursos.com.br\/blog\/concurso-senado-federal-marcada-audiencia-publica-para-o-projeto-basico\/\" \/>\n<meta property=\"og:locale\" content=\"pt_BR\" \/>\n<meta property=\"og:type\" content=\"article\" \/>\n<meta property=\"og:title\" content=\"Marcada audi\u00eancia p\u00fablica para o projeto b\u00e1sico do Concurso Senado\" \/>\n<meta property=\"og:description\" content=\"O Senado Federal marcou uma audi\u00eancia p\u00fablica para o dia 05 de dezembro com o objetivo de discutir a elabora\u00e7\u00e3o do projeto b\u00e1sico de seu novo concurso p\u00fablico.\" \/>\n<meta property=\"og:url\" content=\"https:\/\/www.estrategiaconcursos.com.br\/blog\/concurso-senado-federal-marcada-audiencia-publica-para-o-projeto-basico\/\" \/>\n<meta property=\"og:site_name\" content=\"Estrat\u00e9gia Concursos\" \/>\n<meta property=\"article:author\" content=\"https:\/\/www.facebook.com\/coachluiseduardo\/\" \/>\n<meta property=\"article:published_time\" content=\"2019-11-29T13:55:06+00:00\" \/>\n<meta property=\"article:modified_time\" content=\"2023-04-25T20:58:35+00:00\" \/>\n<meta property=\"og:image\" content=\"https:\/\/dhg1h5j42swfq.cloudfront.net\/2018\/06\/21141837\/concuro-senado-federal-e1587330922515.jpg\" \/>\n\t<meta property=\"og:image:width\" content=\"1200\" \/>\n\t<meta property=\"og:image:height\" content=\"540\" \/>\n\t<meta property=\"og:image:type\" content=\"image\/jpeg\" \/>\n<meta name=\"author\" content=\"Luis Eduardo\" \/>\n<meta name=\"twitter:card\" content=\"summary_large_image\" \/>\n<meta name=\"twitter:creator\" content=\"@EstratConcursos\" \/>\n<meta name=\"twitter:site\" content=\"@EstratConcursos\" \/>\n<meta name=\"twitter:label1\" content=\"Escrito por\" \/>\n\t<meta name=\"twitter:data1\" content=\"Luis Eduardo\" \/>\n\t<meta name=\"twitter:label2\" content=\"Est. tempo de leitura\" \/>\n\t<meta name=\"twitter:data2\" content=\"1 minuto\" \/>\n<script type=\"application\/ld+json\" class=\"yoast-schema-graph\">{\"@context\":\"https:\/\/schema.org\",\"@graph\":[{\"@type\":\"NewsArticle\",\"@id\":\"https:\/\/www.estrategiaconcursos.com.br\/blog\/concurso-senado-federal-marcada-audiencia-publica-para-o-projeto-basico\/#article\",\"isPartOf\":{\"@id\":\"https:\/\/www.estrategiaconcursos.com.br\/blog\/concurso-senado-federal-marcada-audiencia-publica-para-o-projeto-basico\/\"},\"author\":{\"name\":\"Luis Eduardo\",\"@id\":\"https:\/\/www.estrategiaconcursos.com.br\/blog\/#\/schema\/person\/0906ff564105056f3b05978d503ee214\"},\"headline\":\"Marcada audi\u00eancia p\u00fablica para o projeto b\u00e1sico do Concurso Senado\",\"datePublished\":\"2019-11-29T13:55:06+00:00\",\"dateModified\":\"2023-04-25T20:58:35+00:00\",\"mainEntityOfPage\":{\"@id\":\"https:\/\/www.estrategiaconcursos.com.br\/blog\/concurso-senado-federal-marcada-audiencia-publica-para-o-projeto-basico\/\"},\"wordCount\":292,\"commentCount\":0,\"publisher\":{\"@id\":\"https:\/\/www.estrategiaconcursos.com.br\/blog\/#organization\"},\"image\":{\"@id\":\"https:\/\/www.estrategiaconcursos.com.br\/blog\/concurso-senado-federal-marcada-audiencia-publica-para-o-projeto-basico\/#primaryimage\"},\"thumbnailUrl\":\"https:\/\/dhg1h5j42swfq.cloudfront.net\/2018\/06\/21141837\/concuro-senado-federal-e1587330922515.jpg\",\"articleSection\":[\"Concursos P\u00fablicos\"],\"inLanguage\":\"pt-BR\",\"potentialAction\":[{\"@type\":\"CommentAction\",\"name\":\"Comment\",\"target\":[\"https:\/\/www.estrategiaconcursos.com.br\/blog\/concurso-senado-federal-marcada-audiencia-publica-para-o-projeto-basico\/#respond\"]}],\"copyrightYear\":\"2019\",\"copyrightHolder\":{\"@id\":\"https:\/\/www.estrategiaconcursos.com.br\/blog\/#organization\"}},{\"@type\":\"WebPage\",\"@id\":\"https:\/\/www.estrategiaconcursos.com.br\/blog\/concurso-senado-federal-marcada-audiencia-publica-para-o-projeto-basico\/\",\"url\":\"https:\/\/www.estrategiaconcursos.com.br\/blog\/concurso-senado-federal-marcada-audiencia-publica-para-o-projeto-basico\/\",\"name\":\"Marcada audi\u00eancia p\u00fablica para o projeto b\u00e1sico do Concurso Senado\",\"isPartOf\":{\"@id\":\"https:\/\/www.estrategiaconcursos.com.br\/blog\/#website\"},\"primaryImageOfPage\":{\"@id\":\"https:\/\/www.estrategiaconcursos.com.br\/blog\/concurso-senado-federal-marcada-audiencia-publica-para-o-projeto-basico\/#primaryimage\"},\"image\":{\"@id\":\"https:\/\/www.estrategiaconcursos.com.br\/blog\/concurso-senado-federal-marcada-audiencia-publica-para-o-projeto-basico\/#primaryimage\"},\"thumbnailUrl\":\"https:\/\/dhg1h5j42swfq.cloudfront.net\/2018\/06\/21141837\/concuro-senado-federal-e1587330922515.jpg\",\"datePublished\":\"2019-11-29T13:55:06+00:00\",\"dateModified\":\"2023-04-25T20:58:35+00:00\",\"description\":\"O Senado Federal marcou uma audi\u00eancia p\u00fablica para o dia 05 de dezembro com o objetivo de discutir a elabora\u00e7\u00e3o do projeto b\u00e1sico de seu novo concurso p\u00fablico.\",\"breadcrumb\":{\"@id\":\"https:\/\/www.estrategiaconcursos.com.br\/blog\/concurso-senado-federal-marcada-audiencia-publica-para-o-projeto-basico\/#breadcrumb\"},\"inLanguage\":\"pt-BR\",\"potentialAction\":[{\"@type\":\"ReadAction\",\"target\":[\"https:\/\/www.estrategiaconcursos.com.br\/blog\/concurso-senado-federal-marcada-audiencia-publica-para-o-projeto-basico\/\"]}]},{\"@type\":\"ImageObject\",\"inLanguage\":\"pt-BR\",\"@id\":\"https:\/\/www.estrategiaconcursos.com.br\/blog\/concurso-senado-federal-marcada-audiencia-publica-para-o-projeto-basico\/#primaryimage\",\"url\":\"https:\/\/dhg1h5j42swfq.cloudfront.net\/2018\/06\/21141837\/concuro-senado-federal-e1587330922515.jpg\",\"contentUrl\":\"https:\/\/dhg1h5j42swfq.cloudfront.net\/2018\/06\/21141837\/concuro-senado-federal-e1587330922515.jpg\",\"width\":1200,\"height\":540,\"caption\":\"Advogado do Senado Federal\"},{\"@type\":\"BreadcrumbList\",\"@id\":\"https:\/\/www.estrategiaconcursos.com.br\/blog\/concurso-senado-federal-marcada-audiencia-publica-para-o-projeto-basico\/#breadcrumb\",\"itemListElement\":[{\"@type\":\"ListItem\",\"position\":1,\"name\":\"In\u00edcio\",\"item\":\"https:\/\/www.estrategiaconcursos.com.br\/blog\/\"},{\"@type\":\"ListItem\",\"position\":2,\"name\":\"Marcada audi\u00eancia p\u00fablica para o projeto b\u00e1sico do Concurso Senado\"}]},{\"@type\":\"WebSite\",\"@id\":\"https:\/\/www.estrategiaconcursos.com.br\/blog\/#website\",\"url\":\"https:\/\/www.estrategiaconcursos.com.br\/blog\/\",\"name\":\"Estrat\u00e9gia Concursos\",\"description\":\"O blog da Estrat\u00e9gia Concursos traz not\u00edcias sobre concursos e artigos de professores oferecendo cursos para concursos (pdf + videaulas) no site.\",\"publisher\":{\"@id\":\"https:\/\/www.estrategiaconcursos.com.br\/blog\/#organization\"},\"potentialAction\":[{\"@type\":\"SearchAction\",\"target\":{\"@type\":\"EntryPoint\",\"urlTemplate\":\"https:\/\/www.estrategiaconcursos.com.br\/blog\/?s={search_term_string}\"},\"query-input\":{\"@type\":\"PropertyValueSpecification\",\"valueRequired\":true,\"valueName\":\"search_term_string\"}}],\"inLanguage\":\"pt-BR\"},{\"@type\":\"Organization\",\"@id\":\"https:\/\/www.estrategiaconcursos.com.br\/blog\/#organization\",\"name\":\"Estrat\u00e9gia Concursos\",\"url\":\"https:\/\/www.estrategiaconcursos.com.br\/blog\/\",\"logo\":{\"@type\":\"ImageObject\",\"inLanguage\":\"pt-BR\",\"@id\":\"https:\/\/www.estrategiaconcursos.com.br\/blog\/#\/schema\/logo\/image\/\",\"url\":\"https:\/\/dhg1h5j42swfq.cloudfront.net\/2025\/06\/03203428\/logo_concursos-1.jpg\",\"contentUrl\":\"https:\/\/dhg1h5j42swfq.cloudfront.net\/2025\/06\/03203428\/logo_concursos-1.jpg\",\"width\":230,\"height\":60,\"caption\":\"Estrat\u00e9gia Concursos\"},\"image\":{\"@id\":\"https:\/\/www.estrategiaconcursos.com.br\/blog\/#\/schema\/logo\/image\/\"},\"sameAs\":[\"https:\/\/x.com\/EstratConcursos\"]},{\"@type\":\"Person\",\"@id\":\"https:\/\/www.estrategiaconcursos.com.br\/blog\/#\/schema\/person\/0906ff564105056f3b05978d503ee214\",\"name\":\"Luis Eduardo\",\"image\":{\"@type\":\"ImageObject\",\"inLanguage\":\"pt-BR\",\"@id\":\"https:\/\/secure.gravatar.com\/avatar\/3ce09d3c01f86018c4f3b15b9e6389f2ac325bc19863fdb79cd37fefb38517d1?s=96&d=mm&r=g\",\"url\":\"https:\/\/secure.gravatar.com\/avatar\/3ce09d3c01f86018c4f3b15b9e6389f2ac325bc19863fdb79cd37fefb38517d1?s=96&d=mm&r=g\",\"contentUrl\":\"https:\/\/secure.gravatar.com\/avatar\/3ce09d3c01f86018c4f3b15b9e6389f2ac325bc19863fdb79cd37fefb38517d1?s=96&d=mm&r=g\",\"caption\":\"Luis Eduardo\"},\"sameAs\":[\"https:\/\/www.facebook.com\/coachluiseduardo\/\"],\"url\":\"https:\/\/www.estrategiaconcursos.com.br\/blog\/author\/luiseduardoestrategiaconcursos-com-br\/\"}]}<\/script>\n<!-- \/ Yoast SEO Premium plugin. -->","yoast_head_json":{"title":"Marcada audi\u00eancia p\u00fablica para o projeto b\u00e1sico do Concurso Senado","description":"O Senado Federal marcou uma audi\u00eancia p\u00fablica para o dia 05 de dezembro com o objetivo de discutir a elabora\u00e7\u00e3o do projeto b\u00e1sico de seu novo concurso p\u00fablico.","robots":{"index":"index","follow":"follow","max-snippet":"max-snippet:-1","max-image-preview":"max-image-preview:large","max-video-preview":"max-video-preview:-1"},"canonical":"https:\/\/www.estrategiaconcursos.com.br\/blog\/concurso-senado-federal-marcada-audiencia-publica-para-o-projeto-basico\/","og_locale":"pt_BR","og_type":"article","og_title":"Marcada audi\u00eancia p\u00fablica para o projeto b\u00e1sico do Concurso Senado","og_description":"O Senado Federal marcou uma audi\u00eancia p\u00fablica para o dia 05 de dezembro com o objetivo de discutir a elabora\u00e7\u00e3o do projeto b\u00e1sico de seu novo concurso p\u00fablico.","og_url":"https:\/\/www.estrategiaconcursos.com.br\/blog\/concurso-senado-federal-marcada-audiencia-publica-para-o-projeto-basico\/","og_site_name":"Estrat\u00e9gia Concursos","article_author":"https:\/\/www.facebook.com\/coachluiseduardo\/","article_published_time":"2019-11-29T13:55:06+00:00","article_modified_time":"2023-04-25T20:58:35+00:00","og_image":[{"width":1200,"height":540,"url":"https:\/\/dhg1h5j42swfq.cloudfront.net\/2018\/06\/21141837\/concuro-senado-federal-e1587330922515.jpg","type":"image\/jpeg"}],"author":"Luis Eduardo","twitter_card":"summary_large_image","twitter_creator":"@EstratConcursos","twitter_site":"@EstratConcursos","twitter_misc":{"Escrito por":"Luis Eduardo","Est. tempo de leitura":"1 minuto"},"schema":{"@context":"https:\/\/schema.org","@graph":[{"@type":"NewsArticle","@id":"https:\/\/www.estrategiaconcursos.com.br\/blog\/concurso-senado-federal-marcada-audiencia-publica-para-o-projeto-basico\/#article","isPartOf":{"@id":"https:\/\/www.estrategiaconcursos.com.br\/blog\/concurso-senado-federal-marcada-audiencia-publica-para-o-projeto-basico\/"},"author":{"name":"Luis Eduardo","@id":"https:\/\/www.estrategiaconcursos.com.br\/blog\/#\/schema\/person\/0906ff564105056f3b05978d503ee214"},"headline":"Marcada audi\u00eancia p\u00fablica para o projeto b\u00e1sico do Concurso Senado","datePublished":"2019-11-29T13:55:06+00:00","dateModified":"2023-04-25T20:58:35+00:00","mainEntityOfPage":{"@id":"https:\/\/www.estrategiaconcursos.com.br\/blog\/concurso-senado-federal-marcada-audiencia-publica-para-o-projeto-basico\/"},"wordCount":292,"commentCount":0,"publisher":{"@id":"https:\/\/www.estrategiaconcursos.com.br\/blog\/#organization"},"image":{"@id":"https:\/\/www.estrategiaconcursos.com.br\/blog\/concurso-senado-federal-marcada-audiencia-publica-para-o-projeto-basico\/#primaryimage"},"thumbnailUrl":"https:\/\/dhg1h5j42swfq.cloudfront.net\/2018\/06\/21141837\/concuro-senado-federal-e1587330922515.jpg","articleSection":["Concursos P\u00fablicos"],"inLanguage":"pt-BR","potentialAction":[{"@type":"CommentAction","name":"Comment","target":["https:\/\/www.estrategiaconcursos.com.br\/blog\/concurso-senado-federal-marcada-audiencia-publica-para-o-projeto-basico\/#respond"]}],"copyrightYear":"2019","copyrightHolder":{"@id":"https:\/\/www.estrategiaconcursos.com.br\/blog\/#organization"}},{"@type":"WebPage","@id":"https:\/\/www.estrategiaconcursos.com.br\/blog\/concurso-senado-federal-marcada-audiencia-publica-para-o-projeto-basico\/","url":"https:\/\/www.estrategiaconcursos.com.br\/blog\/concurso-senado-federal-marcada-audiencia-publica-para-o-projeto-basico\/","name":"Marcada audi\u00eancia p\u00fablica para o projeto b\u00e1sico do Concurso Senado","isPartOf":{"@id":"https:\/\/www.estrategiaconcursos.com.br\/blog\/#website"},"primaryImageOfPage":{"@id":"https:\/\/www.estrategiaconcursos.com.br\/blog\/concurso-senado-federal-marcada-audiencia-publica-para-o-projeto-basico\/#primaryimage"},"image":{"@id":"https:\/\/www.estrategiaconcursos.com.br\/blog\/concurso-senado-federal-marcada-audiencia-publica-para-o-projeto-basico\/#primaryimage"},"thumbnailUrl":"https:\/\/dhg1h5j42swfq.cloudfront.net\/2018\/06\/21141837\/concuro-senado-federal-e1587330922515.jpg","datePublished":"2019-11-29T13:55:06+00:00","dateModified":"2023-04-25T20:58:35+00:00","description":"O Senado Federal marcou uma audi\u00eancia p\u00fablica para o dia 05 de dezembro com o objetivo de discutir a elabora\u00e7\u00e3o do projeto b\u00e1sico de seu novo concurso p\u00fablico.","breadcrumb":{"@id":"https:\/\/www.estrategiaconcursos.com.br\/blog\/concurso-senado-federal-marcada-audiencia-publica-para-o-projeto-basico\/#breadcrumb"},"inLanguage":"pt-BR","potentialAction":[{"@type":"ReadAction","target":["https:\/\/www.estrategiaconcursos.com.br\/blog\/concurso-senado-federal-marcada-audiencia-publica-para-o-projeto-basico\/"]}]},{"@type":"ImageObject","inLanguage":"pt-BR","@id":"https:\/\/www.estrategiaconcursos.com.br\/blog\/concurso-senado-federal-marcada-audiencia-publica-para-o-projeto-basico\/#primaryimage","url":"https:\/\/dhg1h5j42swfq.cloudfront.net\/2018\/06\/21141837\/concuro-senado-federal-e1587330922515.jpg","contentUrl":"https:\/\/dhg1h5j42swfq.cloudfront.net\/2018\/06\/21141837\/concuro-senado-federal-e1587330922515.jpg","width":1200,"height":540,"caption":"Advogado do Senado Federal"},{"@type":"BreadcrumbList","@id":"https:\/\/www.estrategiaconcursos.com.br\/blog\/concurso-senado-federal-marcada-audiencia-publica-para-o-projeto-basico\/#breadcrumb","itemListElement":[{"@type":"ListItem","position":1,"name":"In\u00edcio","item":"https:\/\/www.estrategiaconcursos.com.br\/blog\/"},{"@type":"ListItem","position":2,"name":"Marcada audi\u00eancia p\u00fablica para o projeto b\u00e1sico do Concurso Senado"}]},{"@type":"WebSite","@id":"https:\/\/www.estrategiaconcursos.com.br\/blog\/#website","url":"https:\/\/www.estrategiaconcursos.com.br\/blog\/","name":"Estrat\u00e9gia Concursos","description":"O blog da Estrat\u00e9gia Concursos traz not\u00edcias sobre concursos e artigos de professores oferecendo cursos para concursos (pdf + videaulas) no site.","publisher":{"@id":"https:\/\/www.estrategiaconcursos.com.br\/blog\/#organization"},"potentialAction":[{"@type":"SearchAction","target":{"@type":"EntryPoint","urlTemplate":"https:\/\/www.estrategiaconcursos.com.br\/blog\/?s={search_term_string}"},"query-input":{"@type":"PropertyValueSpecification","valueRequired":true,"valueName":"search_term_string"}}],"inLanguage":"pt-BR"},{"@type":"Organization","@id":"https:\/\/www.estrategiaconcursos.com.br\/blog\/#organization","name":"Estrat\u00e9gia Concursos","url":"https:\/\/www.estrategiaconcursos.com.br\/blog\/","logo":{"@type":"ImageObject","inLanguage":"pt-BR","@id":"https:\/\/www.estrategiaconcursos.com.br\/blog\/#\/schema\/logo\/image\/","url":"https:\/\/dhg1h5j42swfq.cloudfront.net\/2025\/06\/03203428\/logo_concursos-1.jpg","contentUrl":"https:\/\/dhg1h5j42swfq.cloudfront.net\/2025\/06\/03203428\/logo_concursos-1.jpg","width":230,"height":60,"caption":"Estrat\u00e9gia Concursos"},"image":{"@id":"https:\/\/www.estrategiaconcursos.com.br\/blog\/#\/schema\/logo\/image\/"},"sameAs":["https:\/\/x.com\/EstratConcursos"]},{"@type":"Person","@id":"https:\/\/www.estrategiaconcursos.com.br\/blog\/#\/schema\/person\/0906ff564105056f3b05978d503ee214","name":"Luis Eduardo","image":{"@type":"ImageObject","inLanguage":"pt-BR","@id":"https:\/\/secure.gravatar.com\/avatar\/3ce09d3c01f86018c4f3b15b9e6389f2ac325bc19863fdb79cd37fefb38517d1?s=96&d=mm&r=g","url":"https:\/\/secure.gravatar.com\/avatar\/3ce09d3c01f86018c4f3b15b9e6389f2ac325bc19863fdb79cd37fefb38517d1?s=96&d=mm&r=g","contentUrl":"https:\/\/secure.gravatar.com\/avatar\/3ce09d3c01f86018c4f3b15b9e6389f2ac325bc19863fdb79cd37fefb38517d1?s=96&d=mm&r=g","caption":"Luis Eduardo"},"sameAs":["https:\/\/www.facebook.com\/coachluiseduardo\/"],"url":"https:\/\/www.estrategiaconcursos.com.br\/blog\/author\/luiseduardoestrategiaconcursos-com-br\/"}]}},"_links":{"self":[{"href":"https:\/\/www.estrategiaconcursos.com.br\/blog\/wp-json\/wp\/v2\/posts\/453263","targetHints":{"allow":["GET"]}}],"collection":[{"href":"https:\/\/www.estrategiaconcursos.com.br\/blog\/wp-json\/wp\/v2\/posts"}],"about":[{"href":"https:\/\/www.estrategiaconcursos.com.br\/blog\/wp-json\/wp\/v2\/types\/post"}],"author":[{"embeddable":true,"href":"https:\/\/www.estrategiaconcursos.com.br\/blog\/wp-json\/wp\/v2\/users\/344"}],"replies":[{"embeddable":true,"href":"https:\/\/www.estrategiaconcursos.com.br\/blog\/wp-json\/wp\/v2\/comments?post=453263"}],"version-history":[{"count":14,"href":"https:\/\/www.estrategiaconcursos.com.br\/blog\/wp-json\/wp\/v2\/posts\/453263\/revisions"}],"predecessor-version":[{"id":1206978,"href":"https:\/\/www.estrategiaconcursos.com.br\/blog\/wp-json\/wp\/v2\/posts\/453263\/revisions\/1206978"}],"wp:featuredmedia":[{"embeddable":true,"href":"https:\/\/www.estrategiaconcursos.com.br\/blog\/wp-json\/wp\/v2\/media\/127848"}],"wp:attachment":[{"href":"https:\/\/www.estrategiaconcursos.com.br\/blog\/wp-json\/wp\/v2\/media?parent=453263"}],"wp:term":[{"taxonomy":"category","embeddable":true,"href":"https:\/\/www.estrategiaconcursos.com.br\/blog\/wp-json\/wp\/v2\/categories?post=453263"},{"taxonomy":"post_tag","embeddable":true,"href":"https:\/\/www.estrategiaconcursos.com.br\/blog\/wp-json\/wp\/v2\/tags?post=453263"},{"taxonomy":"tax_estado","embeddable":true,"href":"https:\/\/www.estrategiaconcursos.com.br\/blog\/wp-json\/wp\/v2\/tax_estado?post=453263"}],"curies":[{"name":"wp","href":"https:\/\/api.w.org\/{rel}","templated":true}]}}