{"id":453219,"date":"2019-12-23T00:54:00","date_gmt":"2019-12-23T03:54:00","guid":{"rendered":"https:\/\/www.estrategiaconcursos.com.br\/blog\/?p=453219"},"modified":"2019-12-30T18:29:48","modified_gmt":"2019-12-30T21:29:48","slug":"edital-camara-de-mesquita-rj","status":"publish","type":"post","link":"https:\/\/www.estrategiaconcursos.com.br\/blog\/edital-camara-de-mesquita-rj\/","title":{"rendered":"Concurso C\u00e2mara de Mesquita-RJ: S\u00e3o 20 vagas para fundamental, m\u00e9dio e superior"},"content":{"rendered":"\n<p>O per\u00edodo de inscri\u00e7\u00e3o do concurso C\u00e2mara de Mesquita, munic\u00edpio do Estado do Rio de Janeiro, havia sido prorrogado <strong>at\u00e9 o dia 22 de dezembro<\/strong> e agora est\u00e1 oficialmente encerrado. A data da prova se mant\u00e9m prevista para acontecer em 19 de janeiro.<\/p>\n\n\n\n<p>O certame visa ofertar aos candidatos&nbsp;<em>20 vagas para o n\u00edvel Fundamental, M\u00e9dio<\/em> e <em>Superior.<\/em><\/p>\n\n\n\n<p>Confira abaixo todas as informa\u00e7\u00f5es para voc\u00ea participar deste concurso p\u00fablico. <\/p>\n\n\n\n<ul class=\"wp-block-list\"><li><strong><em><a href=\"#principais\">Principais informa\u00e7\u00f5es do concurso<\/a><\/em><\/strong><\/li><li><strong><em><a href=\"#cargos\">Cargos, vagas e Remunera\u00e7\u00f5es<\/a><\/em><\/strong><\/li><li><strong><em><a href=\"#etapas\">Etapas do concurso<\/a><\/em><\/strong><\/li><li><strong><em><a href=\"#cidade\">Sobra a cidade de Mesquita<\/a><\/em><\/strong><\/li><li><strong><em><a href=\"#cursos\">Assinatura<\/a><\/em><\/strong><\/li><li><strong><em><a href=\"#ficha\">Ficha T\u00e9cnica<\/a><\/em><\/strong><\/li><\/ul>\n\n\n\n<h2 class=\"wp-block-heading\" id=\"principais\">Principais informa\u00e7\u00f5es do edital C\u00e2mara de Mesquita RJ<\/h2>\n\n\n\n<p>Os candidatos interessados pelas vagas do certame devem se<strong>&nbsp;inscrever<\/strong>&nbsp;no site da banca organizadora, <strong>o Instituto Aplicado de Sele\u00e7\u00e3o (IASP)<\/strong> at\u00e9 o dia 22 de dezembro. Ap\u00f3s realizar a inscri\u00e7\u00e3o os concurseiros dever\u00e3o pagar uma taxa que varia conforme o grau de forma\u00e7\u00e3o.<em>&nbsp;Confira abaixo:<\/em><\/p>\n\n\n\n<p><strong>Taxa de inscri\u00e7\u00e3o<\/strong><\/p>\n\n\n\n<ul class=\"wp-block-list\"><li>N\u00edvel Fundamental: R$ 65,00 <\/li><li>N\u00edvel M\u00e9dio: R$ 80,00<\/li><li>N\u00edvel Superior: R$ 98,00 <\/li><\/ul>\n\n\n\n<h3 class=\"wp-block-heading\">Principais Datas<\/h3>\n\n\n\n<p class=\"has-background has-very-light-gray-background-color\"><strong><em>Inscri\u00e7\u00f5es<\/em><\/strong><em>: 25 de novembro a 22 de dezembro [encerradas]<br \/><\/em><strong><em>Prova objetiva<\/em><\/strong><em>: 19 de janeiro 2020 <\/em><\/p>\n\n\n\n<h2 class=\"wp-block-heading\" id=\"cargos\">Cargos, vagas e Remunera\u00e7\u00f5es \u2013 Edital C\u00e2mara de Mesquita RJ <\/h2>\n\n\n\n<p>S\u00e3o oferecidas 20 vagas no total para cargos de n\u00edvel fundamental, m\u00e9dio e superior. O cargo com mais vagas no concurso C\u00e2mara de Mesquita RJ \u00e9 para&nbsp;Auxiliar de Limpeza e Cozinha. Para este cargo, aceita-se N\u00edvel Fundamental Incompleto (5\u00ba ano do Ensino Fundamental ou antiga 4\u00aa s\u00e9rie completa.) <\/p>\n\n\n\n<p>Acompanhe abaixo a quantidade de vagas para cada cargo com suas respectivas remunera\u00e7\u00f5es.<\/p>\n\n\n\n<h4 class=\"wp-block-heading\">N\u00edvel Fundamental<\/h4>\n\n\n\n<ul class=\"wp-block-list\"><li><em> Auxiliar de Limpeza e Cozinha (4 vagas)  R$ 1.200,00 <\/em><\/li><li><em> Auxiliar Administrativo (1 vaga)  R$ 1.200,00 <\/em><\/li><li><em> Auxiliar de Arquivo (1 vaga)  R$ 1.200,00 <\/em><\/li><li><em> Motorista (1 vaga)  R$ 1.200,00 <\/em><\/li><li><em> Operador de \u00c1udio e Som (1 vaga) R$ 1.200,00 <\/em><\/li><li><em> Porteiro (1 vaga)  R$ 1.200,00 <\/em><\/li><li><em> Recepcionista (2 vagas)  R$ 1.200,00 <\/em><\/li><li><em> Vigia  (2 vagas)  R$ 1.200,00<\/em><\/li><\/ul>\n\n\n\n<h4 class=\"wp-block-heading\"> N\u00edvel M\u00e9dio<\/h4>\n\n\n\n<ul class=\"wp-block-list\"><li><em> Almoxarife (1 vaga)  R$ 1.800,00 <\/em><\/li><li><em> Gestor de Patrim\u00f4nio (1 vaga)  R$ 1.800,00 <\/em><\/li><li><em> Redator de Atas (1 vaga)  R$ 1.800,00 <\/em><\/li><\/ul>\n\n\n\n<h4 class=\"wp-block-heading\">N\u00edvel Superior<\/h4>\n\n\n\n<ul class=\"wp-block-list\"><li> <em>Consultor Geral da Mesa Diretora (1 vaga)  R$ 4.500,00 <\/em><\/li><li><em> Consultor Legislativo  (1 vaga)  R$ 2.200,00 <\/em><\/li><\/ul>\n\n\n\n<h2 class=\"wp-block-heading\" id=\"etapas\">Etapas do concurso C\u00e2mara de Mesquita RJ  <\/h2>\n\n\n\n<p>O concurso C\u00e2mara de Mesquita RJ ser\u00e1 composto apenas de uma fase, a Prova Objetiva.<\/p>\n\n\n\n<p style=\"font-size:22px\"><strong>Prova Objetiva<\/strong><\/p>\n\n\n\n<p> A Prova Objetiva ocorrer\u00e1 no dia <strong>19 de janeiro de 2020 <\/strong>e ter\u00e1 car\u00e1ter eliminat\u00f3rio e classificat\u00f3rio.  A prova  ser\u00e1 do tipo m\u00faltipla escolha com 5  alternativas de \u201ca\u201d a \u201ce\u201d, das quais apenas uma \u00e9 a correta e ser\u00e3o aplicadas no munic\u00edpio de Mesquita (Rio de Janeiro).<\/p>\n\n\n\n<p>Confira os detalhes da Prova Objetiva como disciplinas cobradas e n\u00famero de quest\u00f5es:<\/p>\n\n\n\n<p class=\"has-medium-font-size\"><strong>N\u00edvel Fundamental<\/strong><\/p>\n\n\n\n<figure class=\"wp-block-image\"><img loading=\"lazy\" decoding=\"async\" width=\"688\" height=\"84\" src=\"https:\/\/dhg1h5j42swfq.cloudfront.net\/2019\/11\/29104139\/image110.png\" alt=\"\" class=\"wp-image-453290\" srcset=\"https:\/\/dhg1h5j42swfq.cloudfront.net\/2019\/11\/29104139\/image110.png 688w, https:\/\/dhg1h5j42swfq.cloudfront.net\/2019\/11\/29104139\/image110.png 300w, https:\/\/dhg1h5j42swfq.cloudfront.net\/2019\/11\/29104139\/image110.png 610w\" sizes=\"auto, (max-width: 688px) 100vw, 688px\" \/><\/figure>\n\n\n\n<p class=\"has-medium-font-size\"><strong>N\u00edvel M\u00e9dio\/ Superior<\/strong><\/p>\n\n\n\n<figure class=\"wp-block-image\"><img loading=\"lazy\" decoding=\"async\" width=\"680\" height=\"83\" src=\"https:\/\/dhg1h5j42swfq.cloudfront.net\/2019\/11\/29104225\/image111.png\" alt=\"\" class=\"wp-image-453293\" srcset=\"https:\/\/dhg1h5j42swfq.cloudfront.net\/2019\/11\/29104225\/image111.png 680w, https:\/\/dhg1h5j42swfq.cloudfront.net\/2019\/11\/29104225\/image111.png 300w, https:\/\/dhg1h5j42swfq.cloudfront.net\/2019\/11\/29104225\/image111.png 610w\" sizes=\"auto, (max-width: 680px) 100vw, 680px\" \/><\/figure>\n\n\n\n<h2 class=\"wp-block-heading\" id=\"cidade\">Saiba mais sobre a cidade:<\/h2>\n\n\n\n<p><strong>Mesquita<\/strong>&nbsp;\u00e9 um&nbsp;munic\u00edpio&nbsp;da&nbsp;Regi\u00e3o Metropolitana do Rio de Janeiro, no&nbsp;estado&nbsp;do&nbsp;Rio de Janeiro, no&nbsp;Brasil. Emancipou-se em 1999 do munic\u00edpio vizinho de&nbsp;Nova Igua\u00e7u, sendo o munic\u00edpio mais novo da&nbsp;Baixada Fluminense&nbsp;e do estado do&nbsp;Rio de Janeiro. Sua popula\u00e7\u00e3o estimada pelo&nbsp;IBGE&nbsp;no ano de&nbsp;2019&nbsp;era de <strong>176.103 habitantes<\/strong>.<\/p>\n\n\n\n<p>Al\u00e9m disso,  \u00e9 a  cidade mais nova da Baixada Fluminense e foi considerada a mais transparente entre os todos os munic\u00edpios do Estado do Rio de Janeiro. A avalia\u00e7\u00e3o \u00e9 do Minist\u00e9rio da Transpar\u00eancia e da Controladoria Geral da Uni\u00e3o. Mesquita obteve a nota 9,15, numa escala que vai at\u00e9 10. Os outros munic\u00edpios fluminenses ficaram todos abaixo de 9.  <\/p>\n\n\n\n<h2 class=\"has-text-align-center wp-block-heading\" id=\"cursos\"><strong><em>Quer estudar para Concurs<\/em><\/strong>o <em>C\u00e2mara de Mesquita RJ?  <\/em> <\/h2>\n\n\n\n<p class=\"has-text-align-center\"><em><strong>Gostou desta oportunidade e deseja come\u00e7ar se preparar agora mesmo? Ent\u00e3o, confira os nossos cursos e comece a estudar para&nbsp;<\/strong><\/em><strong><em>C\u00e2mara de Mesquita RJ ?<\/em><\/strong><\/p>\n\n\n\n<p class=\"has-background has-text-align-center has-medium-font-size has-light-green-cyan-background-color\"><strong><em><a href=\"https:\/\/www.estrategiaconcursos.com.br\/cursosPorConcurso\/camara-municipal-de-mesquita-rj\/\" target=\"_blank\" rel=\"noreferrer noopener\" aria-label=\"CURSOS C\u00c2MARA DE MESQUITA (abre numa nova aba)\">CURSOS C\u00c2MARA DE MESQUITA<\/a><\/em><\/strong><\/p>\n\n\n\n<h4 class=\"has-text-align-center wp-block-heading\" id=\"assinatura\"><em><strong>Assinatura Anual Ilimitada*<\/strong><\/em><\/h4>\n\n\n\n<p class=\"has-text-align-center\"><em>Prepare-se com o melhor material e com quem mais aprova em Concursos P\u00fablicos em todo o pa\u00eds. Assine agora a nossa Assinatura Anual e tenha acesso ilimitado* a todos os nossos cursos.<\/em><\/p>\n\n\n\n<p class=\"has-background has-text-align-center has-luminous-vivid-amber-background-color\"><strong>ASSINE AGORA<\/strong>&nbsp;\u2013&nbsp;<a rel=\"noreferrer noopener\" href=\"https:\/\/www.estrategiaconcursos.com.br\/assinaturas\" target=\"_blank\">Assinatura Ilimitada<\/a><\/p>\n\n\n\n<p class=\"has-background has-text-align-center has-pale-cyan-blue-background-color\"><strong><a href=\"https:\/\/www.estrategiaconcursos.com.br\/blog\/concursos-abertos\/\">CONCURSOS ABERTOS<\/a><\/strong><\/p>\n\n\n\n<p class=\"has-background has-text-align-center has-pale-cyan-blue-background-color\"><a href=\"https:\/\/www.estrategiaconcursos.com.br\/blog\/concursos-2020\/\"><strong>CONCURSOS<\/strong><\/a><strong><a href=\"https:\/\/www.estrategiaconcursos.com.br\/blog\/concursos-2020\/\">&nbsp;2020<\/a><\/strong><\/p>\n\n\n\n<figure class=\"wp-block-image\"><img decoding=\"async\" src=\"https:\/\/dhg1h5j42swfq.cloudfront.net\/2017\/03\/28152500\/coruja-ficha-tecnica-300x102.png\" alt=\"Ficha T\u00e9cnica Concurso prefeitura de queimados\"\/><\/figure>\n\n\n\n<h4 class=\"wp-block-heading\" id=\"ficha\"><strong>Informa\u00e7\u00f5es do&nbsp;<\/strong>Concurso C\u00e2mara de Mesquita RJ   <\/h4>\n\n\n\n<p>\u25ba<strong>Prova:&nbsp;<\/strong>19 de janeiro<strong><br \/>\u25baVagas:&nbsp;<\/strong>20 vagas<strong><br \/>\u25baLota\u00e7\u00f5es:&nbsp;<\/strong>Mesquita (RJ)<strong><br \/>\u25baBanca:&nbsp;<\/strong>&nbsp;IASP <br \/><strong>\u25baEscolaridade:<\/strong>&nbsp;N\u00edvel fundamental, m\u00e9dio e superior<br \/><strong>\u25baEdital 2019:&nbsp;<\/strong><a href=\"https:\/\/dhg1h5j42swfq.cloudfront.net\/2019\/11\/29104939\/edital-concurso-camara-de-mesquita-rj-2019.pdf\">C\u00e2mara de Mesquita RJ<\/a> | <a href=\"https:\/\/www.institutoiasp.org.br\/uploads\/385\/concursos\/2\/anexos\/1820daf762a759047e6c51749b790232.pdf\" target=\"_blank\" rel=\"noreferrer noopener\" aria-label=\"Retifica\u00e7\u00e3o (abre numa nova aba)\">Retifica\u00e7\u00e3o<\/a><\/p>\n\n\n\n<p><em>Estefani Dantas<\/em><br \/><em>Ascom Estrat\u00e9gia<\/em><br \/>ascomestrategia@gmail.com<\/p>\n","protected":false},"excerpt":{"rendered":"<p>O per\u00edodo de inscri\u00e7\u00e3o do concurso C\u00e2mara de Mesquita, munic\u00edpio do Estado do Rio de Janeiro, havia sido prorrogado at\u00e9 o dia 22 de dezembro e agora est\u00e1 oficialmente encerrado. A data da prova se mant\u00e9m prevista para acontecer em 19 de janeiro. O certame visa ofertar aos candidatos&nbsp;20 vagas para o n\u00edvel Fundamental, M\u00e9dio [&hellip;]<\/p>\n","protected":false},"author":1,"featured_media":0,"comment_status":"open","ping_status":"closed","sticky":false,"template":"","format":"standard","meta":{"post_tipo":"news","footnotes":""},"categories":[1],"tags":[],"tax_estado":[],"class_list":["post-453219","post","type-post","status-publish","format-standard","hentry","category-cursos-e-concursos"],"acf":[],"yoast_head":"<!-- This site is optimized with the Yoast SEO Premium plugin v27.2 (Yoast SEO v27.2) - https:\/\/yoast.com\/product\/yoast-seo-premium-wordpress\/ -->\n<title>Concurso C\u00e2mara de Mesquita-RJ: S\u00e3o 20 vagas para fundamental, m\u00e9dio e superior<\/title>\n<meta name=\"robots\" content=\"index, follow, max-snippet:-1, max-image-preview:large, max-video-preview:-1\" \/>\n<link rel=\"canonical\" href=\"https:\/\/www.estrategiaconcursos.com.br\/blog\/edital-camara-de-mesquita-rj\/\" \/>\n<meta property=\"og:locale\" content=\"pt_BR\" \/>\n<meta property=\"og:type\" content=\"article\" \/>\n<meta property=\"og:title\" content=\"Concurso C\u00e2mara de Mesquita-RJ: S\u00e3o 20 vagas para fundamental, m\u00e9dio e superior\" \/>\n<meta property=\"og:description\" content=\"O per\u00edodo de inscri\u00e7\u00e3o do concurso C\u00e2mara de Mesquita, munic\u00edpio do Estado do Rio de Janeiro, havia sido prorrogado at\u00e9 o dia 22 de dezembro e agora est\u00e1 oficialmente encerrado. A data da prova se mant\u00e9m prevista para acontecer em 19 de janeiro. O certame visa ofertar aos candidatos&nbsp;20 vagas para o n\u00edvel Fundamental, M\u00e9dio [&hellip;]\" \/>\n<meta property=\"og:url\" content=\"https:\/\/www.estrategiaconcursos.com.br\/blog\/edital-camara-de-mesquita-rj\/\" \/>\n<meta property=\"og:site_name\" content=\"Estrat\u00e9gia Concursos\" \/>\n<meta property=\"article:author\" content=\"https:\/\/www.facebook.com\/EstrategiaConcursos\" \/>\n<meta property=\"article:published_time\" content=\"2019-12-23T03:54:00+00:00\" \/>\n<meta property=\"article:modified_time\" content=\"2019-12-30T21:29:48+00:00\" \/>\n<meta property=\"og:image\" content=\"https:\/\/www.estrategiaconcursos.com.br\/blog\/wp-content\/uploads\/2019\/11\/image110.png\" \/>\n<meta name=\"author\" content=\"Coordena\u00e7\u00e3o\" \/>\n<meta name=\"twitter:card\" content=\"summary_large_image\" \/>\n<meta name=\"twitter:creator\" content=\"@EstratConcursos\" \/>\n<meta name=\"twitter:site\" content=\"@EstratConcursos\" \/>\n<meta name=\"twitter:label1\" content=\"Escrito por\" \/>\n\t<meta name=\"twitter:data1\" content=\"Coordena\u00e7\u00e3o\" \/>\n\t<meta name=\"twitter:label2\" content=\"Est. tempo de leitura\" \/>\n\t<meta name=\"twitter:data2\" content=\"4 minutos\" \/>\n<script type=\"application\/ld+json\" class=\"yoast-schema-graph\">{\"@context\":\"https:\/\/schema.org\",\"@graph\":[{\"@type\":\"NewsArticle\",\"@id\":\"https:\/\/www.estrategiaconcursos.com.br\/blog\/edital-camara-de-mesquita-rj\/#article\",\"isPartOf\":{\"@id\":\"https:\/\/www.estrategiaconcursos.com.br\/blog\/edital-camara-de-mesquita-rj\/\"},\"author\":{\"name\":\"Coordena\u00e7\u00e3o\",\"@id\":\"https:\/\/www.estrategiaconcursos.com.br\/blog\/#\/schema\/person\/b4a388c97673c5f483d72185668afa1f\"},\"headline\":\"Concurso C\u00e2mara de Mesquita-RJ: S\u00e3o 20 vagas para fundamental, m\u00e9dio e superior\",\"datePublished\":\"2019-12-23T03:54:00+00:00\",\"dateModified\":\"2019-12-30T21:29:48+00:00\",\"mainEntityOfPage\":{\"@id\":\"https:\/\/www.estrategiaconcursos.com.br\/blog\/edital-camara-de-mesquita-rj\/\"},\"wordCount\":735,\"commentCount\":0,\"publisher\":{\"@id\":\"https:\/\/www.estrategiaconcursos.com.br\/blog\/#organization\"},\"image\":{\"@id\":\"https:\/\/www.estrategiaconcursos.com.br\/blog\/edital-camara-de-mesquita-rj\/#primaryimage\"},\"thumbnailUrl\":\"https:\/\/www.estrategiaconcursos.com.br\/blog\/wp-content\/uploads\/2019\/11\/image110.png\",\"articleSection\":[\"Concursos P\u00fablicos\"],\"inLanguage\":\"pt-BR\",\"potentialAction\":[{\"@type\":\"CommentAction\",\"name\":\"Comment\",\"target\":[\"https:\/\/www.estrategiaconcursos.com.br\/blog\/edital-camara-de-mesquita-rj\/#respond\"]}],\"copyrightYear\":\"2019\",\"copyrightHolder\":{\"@id\":\"https:\/\/www.estrategiaconcursos.com.br\/blog\/#organization\"}},{\"@type\":\"WebPage\",\"@id\":\"https:\/\/www.estrategiaconcursos.com.br\/blog\/edital-camara-de-mesquita-rj\/\",\"url\":\"https:\/\/www.estrategiaconcursos.com.br\/blog\/edital-camara-de-mesquita-rj\/\",\"name\":\"Concurso C\u00e2mara de Mesquita-RJ: S\u00e3o 20 vagas para fundamental, m\u00e9dio e superior\",\"isPartOf\":{\"@id\":\"https:\/\/www.estrategiaconcursos.com.br\/blog\/#website\"},\"primaryImageOfPage\":{\"@id\":\"https:\/\/www.estrategiaconcursos.com.br\/blog\/edital-camara-de-mesquita-rj\/#primaryimage\"},\"image\":{\"@id\":\"https:\/\/www.estrategiaconcursos.com.br\/blog\/edital-camara-de-mesquita-rj\/#primaryimage\"},\"thumbnailUrl\":\"https:\/\/www.estrategiaconcursos.com.br\/blog\/wp-content\/uploads\/2019\/11\/image110.png\",\"datePublished\":\"2019-12-23T03:54:00+00:00\",\"dateModified\":\"2019-12-30T21:29:48+00:00\",\"breadcrumb\":{\"@id\":\"https:\/\/www.estrategiaconcursos.com.br\/blog\/edital-camara-de-mesquita-rj\/#breadcrumb\"},\"inLanguage\":\"pt-BR\",\"potentialAction\":[{\"@type\":\"ReadAction\",\"target\":[\"https:\/\/www.estrategiaconcursos.com.br\/blog\/edital-camara-de-mesquita-rj\/\"]}]},{\"@type\":\"ImageObject\",\"inLanguage\":\"pt-BR\",\"@id\":\"https:\/\/www.estrategiaconcursos.com.br\/blog\/edital-camara-de-mesquita-rj\/#primaryimage\",\"url\":\"https:\/\/dhg1h5j42swfq.cloudfront.net\/2019\/11\/29104139\/image110.png\",\"contentUrl\":\"https:\/\/dhg1h5j42swfq.cloudfront.net\/2019\/11\/29104139\/image110.png\",\"width\":688,\"height\":84},{\"@type\":\"BreadcrumbList\",\"@id\":\"https:\/\/www.estrategiaconcursos.com.br\/blog\/edital-camara-de-mesquita-rj\/#breadcrumb\",\"itemListElement\":[{\"@type\":\"ListItem\",\"position\":1,\"name\":\"In\u00edcio\",\"item\":\"https:\/\/www.estrategiaconcursos.com.br\/blog\/\"},{\"@type\":\"ListItem\",\"position\":2,\"name\":\"Concurso C\u00e2mara de Mesquita-RJ: S\u00e3o 20 vagas para fundamental, m\u00e9dio e superior\"}]},{\"@type\":\"WebSite\",\"@id\":\"https:\/\/www.estrategiaconcursos.com.br\/blog\/#website\",\"url\":\"https:\/\/www.estrategiaconcursos.com.br\/blog\/\",\"name\":\"Estrat\u00e9gia Concursos\",\"description\":\"O blog da Estrat\u00e9gia Concursos traz not\u00edcias sobre concursos e artigos de professores oferecendo cursos para concursos (pdf + videaulas) no site.\",\"publisher\":{\"@id\":\"https:\/\/www.estrategiaconcursos.com.br\/blog\/#organization\"},\"potentialAction\":[{\"@type\":\"SearchAction\",\"target\":{\"@type\":\"EntryPoint\",\"urlTemplate\":\"https:\/\/www.estrategiaconcursos.com.br\/blog\/?s={search_term_string}\"},\"query-input\":{\"@type\":\"PropertyValueSpecification\",\"valueRequired\":true,\"valueName\":\"search_term_string\"}}],\"inLanguage\":\"pt-BR\"},{\"@type\":\"Organization\",\"@id\":\"https:\/\/www.estrategiaconcursos.com.br\/blog\/#organization\",\"name\":\"Estrat\u00e9gia Concursos\",\"url\":\"https:\/\/www.estrategiaconcursos.com.br\/blog\/\",\"logo\":{\"@type\":\"ImageObject\",\"inLanguage\":\"pt-BR\",\"@id\":\"https:\/\/www.estrategiaconcursos.com.br\/blog\/#\/schema\/logo\/image\/\",\"url\":\"https:\/\/dhg1h5j42swfq.cloudfront.net\/2025\/06\/03203428\/logo_concursos-1.jpg\",\"contentUrl\":\"https:\/\/dhg1h5j42swfq.cloudfront.net\/2025\/06\/03203428\/logo_concursos-1.jpg\",\"width\":230,\"height\":60,\"caption\":\"Estrat\u00e9gia Concursos\"},\"image\":{\"@id\":\"https:\/\/www.estrategiaconcursos.com.br\/blog\/#\/schema\/logo\/image\/\"},\"sameAs\":[\"https:\/\/x.com\/EstratConcursos\"]},{\"@type\":\"Person\",\"@id\":\"https:\/\/www.estrategiaconcursos.com.br\/blog\/#\/schema\/person\/b4a388c97673c5f483d72185668afa1f\",\"name\":\"Coordena\u00e7\u00e3o\",\"image\":{\"@type\":\"ImageObject\",\"inLanguage\":\"pt-BR\",\"@id\":\"https:\/\/secure.gravatar.com\/avatar\/b720319e4c9a967eb58678d110f4fe35452fc5d5f97b202bac7b8acceb18c6ad?s=96&d=mm&r=g\",\"url\":\"https:\/\/secure.gravatar.com\/avatar\/b720319e4c9a967eb58678d110f4fe35452fc5d5f97b202bac7b8acceb18c6ad?s=96&d=mm&r=g\",\"contentUrl\":\"https:\/\/secure.gravatar.com\/avatar\/b720319e4c9a967eb58678d110f4fe35452fc5d5f97b202bac7b8acceb18c6ad?s=96&d=mm&r=g\",\"caption\":\"Coordena\u00e7\u00e3o\"},\"sameAs\":[\"https:\/\/www.facebook.com\/EstrategiaConcursos\",\"https:\/\/x.com\/EstratConcursos\"],\"url\":\"https:\/\/www.estrategiaconcursos.com.br\/blog\/author\/estrategia2013\/\"}]}<\/script>\n<!-- \/ Yoast SEO Premium plugin. -->","yoast_head_json":{"title":"Concurso C\u00e2mara de Mesquita-RJ: S\u00e3o 20 vagas para fundamental, m\u00e9dio e superior","robots":{"index":"index","follow":"follow","max-snippet":"max-snippet:-1","max-image-preview":"max-image-preview:large","max-video-preview":"max-video-preview:-1"},"canonical":"https:\/\/www.estrategiaconcursos.com.br\/blog\/edital-camara-de-mesquita-rj\/","og_locale":"pt_BR","og_type":"article","og_title":"Concurso C\u00e2mara de Mesquita-RJ: S\u00e3o 20 vagas para fundamental, m\u00e9dio e superior","og_description":"O per\u00edodo de inscri\u00e7\u00e3o do concurso C\u00e2mara de Mesquita, munic\u00edpio do Estado do Rio de Janeiro, havia sido prorrogado at\u00e9 o dia 22 de dezembro e agora est\u00e1 oficialmente encerrado. A data da prova se mant\u00e9m prevista para acontecer em 19 de janeiro. O certame visa ofertar aos candidatos&nbsp;20 vagas para o n\u00edvel Fundamental, M\u00e9dio [&hellip;]","og_url":"https:\/\/www.estrategiaconcursos.com.br\/blog\/edital-camara-de-mesquita-rj\/","og_site_name":"Estrat\u00e9gia Concursos","article_author":"https:\/\/www.facebook.com\/EstrategiaConcursos","article_published_time":"2019-12-23T03:54:00+00:00","article_modified_time":"2019-12-30T21:29:48+00:00","og_image":[{"url":"https:\/\/www.estrategiaconcursos.com.br\/blog\/wp-content\/uploads\/2019\/11\/image110.png","type":"","width":"","height":""}],"author":"Coordena\u00e7\u00e3o","twitter_card":"summary_large_image","twitter_creator":"@EstratConcursos","twitter_site":"@EstratConcursos","twitter_misc":{"Escrito por":"Coordena\u00e7\u00e3o","Est. tempo de leitura":"4 minutos"},"schema":{"@context":"https:\/\/schema.org","@graph":[{"@type":"NewsArticle","@id":"https:\/\/www.estrategiaconcursos.com.br\/blog\/edital-camara-de-mesquita-rj\/#article","isPartOf":{"@id":"https:\/\/www.estrategiaconcursos.com.br\/blog\/edital-camara-de-mesquita-rj\/"},"author":{"name":"Coordena\u00e7\u00e3o","@id":"https:\/\/www.estrategiaconcursos.com.br\/blog\/#\/schema\/person\/b4a388c97673c5f483d72185668afa1f"},"headline":"Concurso C\u00e2mara de Mesquita-RJ: S\u00e3o 20 vagas para fundamental, m\u00e9dio e superior","datePublished":"2019-12-23T03:54:00+00:00","dateModified":"2019-12-30T21:29:48+00:00","mainEntityOfPage":{"@id":"https:\/\/www.estrategiaconcursos.com.br\/blog\/edital-camara-de-mesquita-rj\/"},"wordCount":735,"commentCount":0,"publisher":{"@id":"https:\/\/www.estrategiaconcursos.com.br\/blog\/#organization"},"image":{"@id":"https:\/\/www.estrategiaconcursos.com.br\/blog\/edital-camara-de-mesquita-rj\/#primaryimage"},"thumbnailUrl":"https:\/\/www.estrategiaconcursos.com.br\/blog\/wp-content\/uploads\/2019\/11\/image110.png","articleSection":["Concursos P\u00fablicos"],"inLanguage":"pt-BR","potentialAction":[{"@type":"CommentAction","name":"Comment","target":["https:\/\/www.estrategiaconcursos.com.br\/blog\/edital-camara-de-mesquita-rj\/#respond"]}],"copyrightYear":"2019","copyrightHolder":{"@id":"https:\/\/www.estrategiaconcursos.com.br\/blog\/#organization"}},{"@type":"WebPage","@id":"https:\/\/www.estrategiaconcursos.com.br\/blog\/edital-camara-de-mesquita-rj\/","url":"https:\/\/www.estrategiaconcursos.com.br\/blog\/edital-camara-de-mesquita-rj\/","name":"Concurso C\u00e2mara de Mesquita-RJ: S\u00e3o 20 vagas para fundamental, m\u00e9dio e superior","isPartOf":{"@id":"https:\/\/www.estrategiaconcursos.com.br\/blog\/#website"},"primaryImageOfPage":{"@id":"https:\/\/www.estrategiaconcursos.com.br\/blog\/edital-camara-de-mesquita-rj\/#primaryimage"},"image":{"@id":"https:\/\/www.estrategiaconcursos.com.br\/blog\/edital-camara-de-mesquita-rj\/#primaryimage"},"thumbnailUrl":"https:\/\/www.estrategiaconcursos.com.br\/blog\/wp-content\/uploads\/2019\/11\/image110.png","datePublished":"2019-12-23T03:54:00+00:00","dateModified":"2019-12-30T21:29:48+00:00","breadcrumb":{"@id":"https:\/\/www.estrategiaconcursos.com.br\/blog\/edital-camara-de-mesquita-rj\/#breadcrumb"},"inLanguage":"pt-BR","potentialAction":[{"@type":"ReadAction","target":["https:\/\/www.estrategiaconcursos.com.br\/blog\/edital-camara-de-mesquita-rj\/"]}]},{"@type":"ImageObject","inLanguage":"pt-BR","@id":"https:\/\/www.estrategiaconcursos.com.br\/blog\/edital-camara-de-mesquita-rj\/#primaryimage","url":"https:\/\/dhg1h5j42swfq.cloudfront.net\/2019\/11\/29104139\/image110.png","contentUrl":"https:\/\/dhg1h5j42swfq.cloudfront.net\/2019\/11\/29104139\/image110.png","width":688,"height":84},{"@type":"BreadcrumbList","@id":"https:\/\/www.estrategiaconcursos.com.br\/blog\/edital-camara-de-mesquita-rj\/#breadcrumb","itemListElement":[{"@type":"ListItem","position":1,"name":"In\u00edcio","item":"https:\/\/www.estrategiaconcursos.com.br\/blog\/"},{"@type":"ListItem","position":2,"name":"Concurso C\u00e2mara de Mesquita-RJ: S\u00e3o 20 vagas para fundamental, m\u00e9dio e superior"}]},{"@type":"WebSite","@id":"https:\/\/www.estrategiaconcursos.com.br\/blog\/#website","url":"https:\/\/www.estrategiaconcursos.com.br\/blog\/","name":"Estrat\u00e9gia Concursos","description":"O blog da Estrat\u00e9gia Concursos traz not\u00edcias sobre concursos e artigos de professores oferecendo cursos para concursos (pdf + videaulas) no site.","publisher":{"@id":"https:\/\/www.estrategiaconcursos.com.br\/blog\/#organization"},"potentialAction":[{"@type":"SearchAction","target":{"@type":"EntryPoint","urlTemplate":"https:\/\/www.estrategiaconcursos.com.br\/blog\/?s={search_term_string}"},"query-input":{"@type":"PropertyValueSpecification","valueRequired":true,"valueName":"search_term_string"}}],"inLanguage":"pt-BR"},{"@type":"Organization","@id":"https:\/\/www.estrategiaconcursos.com.br\/blog\/#organization","name":"Estrat\u00e9gia Concursos","url":"https:\/\/www.estrategiaconcursos.com.br\/blog\/","logo":{"@type":"ImageObject","inLanguage":"pt-BR","@id":"https:\/\/www.estrategiaconcursos.com.br\/blog\/#\/schema\/logo\/image\/","url":"https:\/\/dhg1h5j42swfq.cloudfront.net\/2025\/06\/03203428\/logo_concursos-1.jpg","contentUrl":"https:\/\/dhg1h5j42swfq.cloudfront.net\/2025\/06\/03203428\/logo_concursos-1.jpg","width":230,"height":60,"caption":"Estrat\u00e9gia Concursos"},"image":{"@id":"https:\/\/www.estrategiaconcursos.com.br\/blog\/#\/schema\/logo\/image\/"},"sameAs":["https:\/\/x.com\/EstratConcursos"]},{"@type":"Person","@id":"https:\/\/www.estrategiaconcursos.com.br\/blog\/#\/schema\/person\/b4a388c97673c5f483d72185668afa1f","name":"Coordena\u00e7\u00e3o","image":{"@type":"ImageObject","inLanguage":"pt-BR","@id":"https:\/\/secure.gravatar.com\/avatar\/b720319e4c9a967eb58678d110f4fe35452fc5d5f97b202bac7b8acceb18c6ad?s=96&d=mm&r=g","url":"https:\/\/secure.gravatar.com\/avatar\/b720319e4c9a967eb58678d110f4fe35452fc5d5f97b202bac7b8acceb18c6ad?s=96&d=mm&r=g","contentUrl":"https:\/\/secure.gravatar.com\/avatar\/b720319e4c9a967eb58678d110f4fe35452fc5d5f97b202bac7b8acceb18c6ad?s=96&d=mm&r=g","caption":"Coordena\u00e7\u00e3o"},"sameAs":["https:\/\/www.facebook.com\/EstrategiaConcursos","https:\/\/x.com\/EstratConcursos"],"url":"https:\/\/www.estrategiaconcursos.com.br\/blog\/author\/estrategia2013\/"}]}},"_links":{"self":[{"href":"https:\/\/www.estrategiaconcursos.com.br\/blog\/wp-json\/wp\/v2\/posts\/453219","targetHints":{"allow":["GET"]}}],"collection":[{"href":"https:\/\/www.estrategiaconcursos.com.br\/blog\/wp-json\/wp\/v2\/posts"}],"about":[{"href":"https:\/\/www.estrategiaconcursos.com.br\/blog\/wp-json\/wp\/v2\/types\/post"}],"author":[{"embeddable":true,"href":"https:\/\/www.estrategiaconcursos.com.br\/blog\/wp-json\/wp\/v2\/users\/1"}],"replies":[{"embeddable":true,"href":"https:\/\/www.estrategiaconcursos.com.br\/blog\/wp-json\/wp\/v2\/comments?post=453219"}],"version-history":[{"count":23,"href":"https:\/\/www.estrategiaconcursos.com.br\/blog\/wp-json\/wp\/v2\/posts\/453219\/revisions"}],"predecessor-version":[{"id":464888,"href":"https:\/\/www.estrategiaconcursos.com.br\/blog\/wp-json\/wp\/v2\/posts\/453219\/revisions\/464888"}],"wp:attachment":[{"href":"https:\/\/www.estrategiaconcursos.com.br\/blog\/wp-json\/wp\/v2\/media?parent=453219"}],"wp:term":[{"taxonomy":"category","embeddable":true,"href":"https:\/\/www.estrategiaconcursos.com.br\/blog\/wp-json\/wp\/v2\/categories?post=453219"},{"taxonomy":"post_tag","embeddable":true,"href":"https:\/\/www.estrategiaconcursos.com.br\/blog\/wp-json\/wp\/v2\/tags?post=453219"},{"taxonomy":"tax_estado","embeddable":true,"href":"https:\/\/www.estrategiaconcursos.com.br\/blog\/wp-json\/wp\/v2\/tax_estado?post=453219"}],"curies":[{"name":"wp","href":"https:\/\/api.w.org\/{rel}","templated":true}]}}