{"id":452813,"date":"2019-11-28T13:57:51","date_gmt":"2019-11-28T16:57:51","guid":{"rendered":"https:\/\/www.estrategiaconcursos.com.br\/blog\/?p=452813"},"modified":"2023-10-26T08:40:38","modified_gmt":"2023-10-26T11:40:38","slug":"edital-ses-sp-2019","status":"publish","type":"post","link":"https:\/\/www.estrategiaconcursos.com.br\/blog\/edital-ses-sp-2019\/","title":{"rendered":"Edital SES SP: vaga para T\u00e9cnico de Enfermagem"},"content":{"rendered":"\n<p>A <strong>Secretaria de Sa\u00fade do estado de S\u00e3o Paulo publicou o edital SES SP<\/strong>, nesta quinta-feira, 28 de novembro, para <strong>preenchimento de uma vaga para o cargo de T\u00e9cnico de Enfermagem<\/strong>.<\/p>\n\n\n\n<p class=\"has-medium-font-size\"><strong>Saiba tudo que \u00e9 necess\u00e1rio para prestar o certame.<\/strong> <strong>Acompanhe o webn\u00e1rio que faremos hoje, 28 de novembro, \u00e0s 18h30. <\/strong><\/p>\n\n\n\n<ul class=\"wp-block-list\">\n<li><a href=\"#web\"><strong><em>Webn\u00e1rio An\u00e1lise de Edital<\/em><\/strong><\/a><\/li>\n\n\n\n<li><a href=\"#informacoes\"><strong><em>Informa\u00e7\u00f5es Principais <\/em><\/strong><\/a><\/li>\n\n\n\n<li><a href=\"#remuneracao\"><strong><em>Remunera\u00e7\u00e3o<\/em><\/strong><\/a><\/li>\n\n\n\n<li><a href=\"#requisitos\"><strong><em>Requisitos<\/em><\/strong><\/a><\/li>\n\n\n\n<li><a href=\"#etapas\"><strong><em>Etapas do concurso<\/em><\/strong><\/a><\/li>\n\n\n\n<li><a href=\"#objetiva\"><strong><em>Prova Objetiva<\/em><\/strong><\/a><\/li>\n\n\n\n<li><a href=\"#titulos\"><strong><em>Prova de T\u00edtulos<\/em><\/strong><\/a><\/li>\n\n\n\n<li><a href=\"#concursos\"><strong><em>Mais concursos em aberto<\/em><\/strong><\/a><\/li>\n\n\n\n<li><a href=\"#ficha\"><strong><em>Ficha T\u00e9cnica<\/em><\/strong><\/a><\/li>\n<\/ul>\n\n\n\n<h2 class=\"wp-block-heading\" id=\"web\">Webn\u00e1rio Gratuito &#8211; An\u00e1lise de Edital SES SP<\/h2>\n\n\n\n<p>O <strong>Edital SES SP <\/strong>\u00e9 uma boa oportunidade para os concurseiros da \u00e1rea de sa\u00fade. Venha conferir a nossa <strong>an\u00e1lise e entenda tudo sobre o certame<\/strong>. Nesta quinta-feira, <strong>28 de novembro, \u00e0s 18h30<\/strong>, espero voc\u00eas. <strong>Acesse<\/strong>  o <strong><a href=\"https:\/\/www.youtube.com\/channel\/UChvwkhC3eHxJsVxW_ItDjdA\" target=\"_blank\" rel=\"noreferrer noopener\" aria-label=\" (abre numa nova aba)\">Estrat\u00e9gia Concursos no YouTube<\/a><\/strong><a href=\"https:\/\/www.youtube.com\/channel\/UChvwkhC3eHxJsVxW_ItDjdA\" target=\"_blank\" rel=\"noreferrer noopener\" aria-label=\" (abre numa nova aba)\">.<\/a><\/p>\n\n\n\n<h2 class=\"wp-block-heading\" id=\"informacoes\">Informa\u00e7\u00f5es Principais &#8211; edital SES SP<\/h2>\n\n\n\n<p>Os candidatos interessados em prestar o certame devem acessar o <strong>site da <\/strong><a rel=\"noreferrer noopener\" aria-label=\"VUNESP (abre numa nova aba)\" href=\"https:\/\/www.vunesp.com.br\/\" target=\"_blank\"><strong>VUNESP<\/strong><\/a><strong> para realizar a inscri\u00e7\u00e3o no per\u00edodo das 10 horas de 09\/12\/2019 \u00e0s 23h59min de 24\/01\/2020. A taxa de inscri\u00e7\u00e3o custa R$ 58,37<\/strong>.<\/p>\n\n\n\n<p>A solicita\u00e7\u00e3o de<strong> isen\u00e7\u00e3o da taxa de inscri\u00e7\u00e3o<\/strong> estar\u00e1 dispon\u00edvel entre os dias <strong>09\/12 a 10\/12\/2019<\/strong>, os candidatos devem seguir as instru\u00e7\u00f5es e estar dentro dos requisitos estabelecidos no edital para fazer o pedido.<\/p>\n\n\n\n<h3 class=\"wp-block-heading\" id=\"remuneracao\">Remunera\u00e7\u00e3o<\/h3>\n\n\n\n<p>A carga hor\u00e1ria para T\u00e9cnico de Enfermagem \u00e9 30 horas semanais com sal\u00e1rio de R$ 1.142,64. Inclui as vantagens pecuni\u00e1rias de acordo com a Unidade, acrescido de PR\u00caMIO DE INCENTIVO no valor de AT\u00c9 R$ 623,00.<\/p>\n\n\n\n<p>No valor acima est\u00e3o inclusos Sal\u00e1rio Base, Gratifica\u00e7\u00e3o Executiva e Abono Complementar quando existente, de acordo com legisla\u00e7\u00e3o espec\u00edfica.<\/p>\n\n\n\n<h2 class=\"wp-block-heading\" id=\"requisitos\">Requisitos &#8211; edital SES SP<\/h2>\n\n\n\n<p>Conforme o edital SES SP \u00e9 necess\u00e1rio que os candidatos tenham os requisitos abaixo para concorrer ao concurso.<\/p>\n\n\n\n<ul class=\"wp-block-list\">\n<li>Possuir ensino m\u00e9dio completo;  <\/li>\n\n\n\n<li>Possuir certificado do Curso de T\u00e9cnico de Enfermagem; <\/li>\n\n\n\n<li>Possuir registro como T\u00e9cnico de Enfermagem no Conselho Regional de Enfermagem \u2013 COREN\/SP.<\/li>\n<\/ul>\n\n\n\n<h2 class=\"wp-block-heading\" id=\"etapas\">Etapas do edital SES SP<\/h2>\n\n\n\n<h3 class=\"wp-block-heading\" id=\"objetiva\">Prova Objetiva<\/h3>\n\n\n\n<p>Segundo o edital SES SP, a <strong>prova objetiva<\/strong> ser\u00e1 realizada na cidade de S\u00e3o Paulo\/SP, com data prevista para o dia <strong>15 de mar\u00e7o de 2020<\/strong> e dura\u00e7\u00e3o de 4 horas. <\/p>\n\n\n\n<p>A avalia\u00e7\u00e3o ser\u00e1 composta de <strong>50 quest\u00f5es de m\u00faltipla escolha<\/strong>, com 5 alternativas cada uma, sendo apenas uma alternativa correta. A prova ser\u00e1 avaliada na escala de 0 a 100 pontos. O candidato ser\u00e1 considerado habilitado se obtiver nota igual ou superior a 50 pontos. <\/p>\n\n\n\n<p>Acompanhe a seguir as disciplinas cobradas na avalia\u00e7\u00e3o objetiva.<\/p>\n\n\n\n<figure class=\"wp-block-table is-style-stripes\"><table class=\"has-subtle-pale-green-background-color has-background has-fixed-layout\"><tbody><tr><td><strong>Disciplinas<\/strong><\/td><td><strong>Quantidade de Quest\u00f5es<\/strong><\/td><\/tr><tr><td>Portugu\u00eas<\/td><td>10<\/td><\/tr><tr><td>Matem\u00e1tica<\/td><td>05<\/td><\/tr><tr><td>Racioc\u00ednio L\u00f3gico<\/td><td>05<\/td><\/tr><tr><td>No\u00e7\u00f5es de Inform\u00e1tica<\/td><td>05<\/td><\/tr><tr><td>No\u00e7\u00f5es de Admistra\u00e7\u00e3o P\u00fablica<\/td><td>05<\/td><\/tr><tr><td>Conhecimentos Espec\u00edficos<\/td><td>20<\/td><\/tr><tr><td>Total<\/td><td>50<\/td><\/tr><\/tbody><\/table><\/figure>\n\n\n\n<p><\/p>\n\n\n\n<h3 class=\"wp-block-heading\" id=\"t\u00edtulos\">Prova de T\u00edtulos<\/h3>\n\n\n\n<p>A prova de t\u00edtulos ser\u00e1 na cidade de S\u00e3o Paulo\/SP e somente os candidatos habilitados na avalia\u00e7\u00e3o objetiva ser\u00e3o convocados para esta etapa. A convoca\u00e7\u00e3o ser\u00e1 por meio de edital espec\u00edfico publicado no <a rel=\"noreferrer noopener\" aria-label=\"Di\u00e1rio Oficial do Estado de S\u00e3o Paulo (abre numa nova aba)\" href=\"http:\/\/www.imprensaoficial.com.br\/#28\/11\/2019\" target=\"_blank\">Di\u00e1rio Oficial do Estado de S\u00e3o Paulo<\/a> e no site da Funda\u00e7\u00e3o <a rel=\"noreferrer noopener\" aria-label=\"VUNESP. (abre numa nova aba)\" href=\"https:\/\/www.vunesp.com.br\/\" target=\"_blank\">VUNESP.<\/a><\/p>\n\n\n\n<p>Somente ser\u00e3o considerados como \u201cT\u00edtulos\u201d a EXPERI\u00caNCIA PROFISSIONAL no cargo de T\u00e9cnico de Enfermagem e os documentos devem seguir os crit\u00e9rios abaixo:<\/p>\n\n\n\n<ul class=\"wp-block-list\">\n<li>t\u00edtulos de experi\u00eancia profissional que tenham rela\u00e7\u00e3o com as atribui\u00e7\u00f5es do cargo de T\u00e9cnico de Enfermagem; <\/li>\n\n\n\n<li>documenta\u00e7\u00e3o, comprovando a equival\u00eancia e a compatibilidade com o cargo de T\u00e9cnico de Enfermagem dever\u00e1 ser emitida pelo empregador (institui\u00e7\u00e3o p\u00fablica ou privada)<\/li>\n\n\n\n<li><strong>n\u00e3o<\/strong> ser\u00e3o considerados como t\u00edtulos de experi\u00eancia profissional o trabalho realizado em cargos\/fun\u00e7\u00f5es de Professor ou outros da carreira do Magist\u00e9rio, bem como trabalho volunt\u00e1rio, aut\u00f4nomo, est\u00e1gio, bolsa de estudo ou monitoria; <\/li>\n\n\n\n<li>somente ser\u00e3o considerados os t\u00edtulos de experi\u00eancia profissional de, no m\u00ednimo, 1 ano ininterrupto de trabalho no mesmo empregador, sendo v\u00e1lido o trabalho exercido em \u00f3rg\u00e3os p\u00fablicos ou institui\u00e7\u00f5es privadas; <\/li>\n\n\n\n<li>o tempo excedente a 1 ano no mesmo empregador poder\u00e1 ser somado aos tempos excedentes a 1 ano em outros empregadores para contabilizar o tempo total de experi\u00eancia profissional; <\/li>\n\n\n\n<li>na contagem do tempo total de experi\u00eancia profissional <strong>n\u00e3o <\/strong>ser\u00e1 considerado o tempo concomitante com outro tempo de experi\u00eancia. <\/li>\n<\/ul>\n\n\n\n<h3 class=\"wp-block-heading\">Gostou dessa oportunidade? Confira abaixo os nossos cursos.<\/h3>\n\n\n\n<p class=\"has-text-align-center has-luminous-vivid-amber-background-color has-background has-medium-font-size\"><em><strong><a rel=\"noreferrer noopener\" href=\"https:\/\/www.estrategiaconcursos.com.br\/cursos\/concurso\/\" target=\"_blank\">Cursos para concursos<\/a><\/strong><\/em><\/p>\n\n\n\n<p class=\"has-text-align-center\"><em><strong>Assinatura Anual Ilimitada*<\/strong><\/em><\/p>\n\n\n\n<p><em>Prepare-se com o melhor material e com quem mais aprova em&nbsp;Concursos P\u00fablicos de todo o pa\u00eds. Assine agora a nossa Assinatura Anual e tenha acesso ilimitado a todos os nossos cursos.<\/em><\/p>\n\n\n\n<p class=\"has-text-align-center has-light-green-cyan-background-color has-background has-medium-font-size\"><strong>ASSINE AGORA<\/strong>&nbsp;\u2013&nbsp;<a rel=\"noreferrer noopener\" href=\"https:\/\/www.estrategiaconcursos.com.br\/assinaturas\" target=\"_blank\"><strong>Assinatura Ilimitada<\/strong><\/a><\/p>\n\n\n\n<h3 class=\"wp-block-heading has-text-align-center\" id=\"concursos\"><strong><em>Fique por dentro dos concursos vigentes:<\/em><\/strong><\/h3>\n\n\n\n<p class=\"has-text-align-center has-pale-cyan-blue-background-color has-background\"><strong><a href=\"https:\/\/www.estrategiaconcursos.com.br\/blog\/concursos-abertos\/\" target=\"_blank\" rel=\"noreferrer noopener\">CONCURSOS ABERTOS<\/a><\/strong><\/p>\n\n\n\n<p class=\"has-text-align-center has-pale-cyan-blue-background-color has-background\"><strong><a href=\"https:\/\/www.estrategiaconcursos.com.br\/blog\/concursos-2019\/\" target=\"_blank\" rel=\"noreferrer noopener\">CONCURSOS 2019<\/a><\/strong><\/p>\n\n\n\n<p class=\"has-text-align-center has-pale-cyan-blue-background-color has-background\"><strong><a rel=\"noreferrer noopener\" href=\"https:\/\/www.estrategiaconcursos.com.br\/blog\/concursos-2020\/\" target=\"_blank\">CONCURSOS&nbsp;2020<\/a><\/strong><\/p>\n\n\n\n<figure class=\"wp-block-image\"><img loading=\"lazy\" decoding=\"async\" width=\"300\" height=\"102\" src=\"https:\/\/dhg1h5j42swfq.cloudfront.net\/2017\/03\/28152500\/coruja-ficha-tecnica-300x102.png\" alt=\"Ficha t\u00e9cnica edital SES SP\" class=\"wp-image-68542\"\/><\/figure>\n\n\n\n<h3 class=\"wp-block-heading\" id=\"ficha\"><strong>Informa\u00e7\u00f5es sobre o&nbsp;<\/strong>edital SES SP<\/h3>\n\n\n\n<p>\u25ba<strong>Inscri\u00e7\u00f5es<\/strong>: 09\/12 a 24\/01\/2020 <br \/>\u25ba<strong>Prova Objetiva<\/strong>: 15\/03\/2020<br \/>\u25ba<strong>Vagas<\/strong>: 01<br \/>\u25ba<strong>Cargos<\/strong>: T\u00e9cnico de Enfermagem<br \/>\u25ba<strong>Banca<\/strong>: VUNESP<br \/>\u25ba<strong>Escolaridade<\/strong>: N\u00edvel m\u00e9dio<br \/>\u25ba<strong>Edital<\/strong>:&nbsp;<strong><a href=\"https:\/\/dhg1h5j42swfq.cloudfront.net\/2019\/11\/28142745\/EDITAL_SES_SP.pdf\" target=\"_blank\" rel=\"noreferrer noopener\" aria-label=\"Concurso SES SP Edital (abre numa nova aba)\">Concurso SES SP Edital<\/a><\/strong><\/p>\n","protected":false},"excerpt":{"rendered":"<p>A Secretaria de Sa\u00fade do estado de S\u00e3o Paulo publicou o edital SES SP, nesta quinta-feira, 28 de novembro, para preenchimento de uma vaga para o cargo de T\u00e9cnico de Enfermagem. Saiba tudo que \u00e9 necess\u00e1rio para prestar o certame. Acompanhe o webn\u00e1rio que faremos hoje, 28 de novembro, \u00e0s 18h30. Webn\u00e1rio Gratuito &#8211; An\u00e1lise [&hellip;]<\/p>\n","protected":false},"author":561,"featured_media":446933,"comment_status":"open","ping_status":"closed","sticky":false,"template":"","format":"standard","meta":{"post_tipo":"article","footnotes":""},"categories":[1,1981],"tags":[],"tax_estado":[219989],"class_list":["post-452813","post","type-post","status-publish","format-standard","has-post-thumbnail","hentry","category-cursos-e-concursos","category-saude","tax_estado-sp"],"acf":[],"yoast_head":"<!-- This site is optimized with the Yoast SEO Premium plugin v27.2 (Yoast SEO v27.2) - https:\/\/yoast.com\/product\/yoast-seo-premium-wordpress\/ -->\n<title>Edital SES SP: vaga para T\u00e9cnico de Enfermagem<\/title>\n<meta name=\"description\" content=\"Saiu o edital SES SP! O cocnurso oferta vaga para T\u00e9cnico de Enfermagem. Confira aqui tudo o que voc\u00ea precisa para prestar o certame!\" \/>\n<meta name=\"robots\" content=\"index, follow, max-snippet:-1, max-image-preview:large, max-video-preview:-1\" \/>\n<link rel=\"canonical\" href=\"https:\/\/www.estrategiaconcursos.com.br\/blog\/edital-ses-sp-2019\/\" \/>\n<meta property=\"og:locale\" content=\"pt_BR\" \/>\n<meta property=\"og:type\" content=\"article\" \/>\n<meta property=\"og:title\" content=\"Edital SES SP: vaga para T\u00e9cnico de Enfermagem\" \/>\n<meta property=\"og:description\" content=\"Saiu o edital SES SP! O cocnurso oferta vaga para T\u00e9cnico de Enfermagem. Confira aqui tudo o que voc\u00ea precisa para prestar o certame!\" \/>\n<meta property=\"og:url\" content=\"https:\/\/www.estrategiaconcursos.com.br\/blog\/edital-ses-sp-2019\/\" \/>\n<meta property=\"og:site_name\" content=\"Estrat\u00e9gia Concursos\" \/>\n<meta property=\"article:published_time\" content=\"2019-11-28T16:57:51+00:00\" \/>\n<meta property=\"article:modified_time\" content=\"2023-10-26T11:40:38+00:00\" \/>\n<meta property=\"og:image\" content=\"https:\/\/dhg1h5j42swfq.cloudfront.net\/2019\/11\/12073325\/Saiu-Edital-ECJ-4.png\" \/>\n\t<meta property=\"og:image:width\" content=\"1200\" \/>\n\t<meta property=\"og:image:height\" content=\"628\" \/>\n\t<meta property=\"og:image:type\" content=\"image\/png\" \/>\n<meta name=\"author\" content=\"Ligia Carvalheiro Fernandes\" \/>\n<meta name=\"twitter:card\" content=\"summary_large_image\" \/>\n<meta name=\"twitter:creator\" content=\"@EstratConcursos\" \/>\n<meta name=\"twitter:site\" content=\"@EstratConcursos\" \/>\n<meta name=\"twitter:label1\" content=\"Escrito por\" \/>\n\t<meta name=\"twitter:data1\" content=\"Ligia Carvalheiro Fernandes\" \/>\n\t<meta name=\"twitter:label2\" content=\"Est. tempo de leitura\" \/>\n\t<meta name=\"twitter:data2\" content=\"4 minutos\" \/>\n<script type=\"application\/ld+json\" class=\"yoast-schema-graph\">{\"@context\":\"https:\/\/schema.org\",\"@graph\":[{\"@type\":\"NewsArticle\",\"@id\":\"https:\/\/www.estrategiaconcursos.com.br\/blog\/edital-ses-sp-2019\/#article\",\"isPartOf\":{\"@id\":\"https:\/\/www.estrategiaconcursos.com.br\/blog\/edital-ses-sp-2019\/\"},\"author\":{\"name\":\"Ligia Carvalheiro Fernandes\",\"@id\":\"https:\/\/www.estrategiaconcursos.com.br\/blog\/#\/schema\/person\/cc76e9dac392d5e35e7d00c493eee792\"},\"headline\":\"Edital SES SP: vaga para T\u00e9cnico de Enfermagem\",\"datePublished\":\"2019-11-28T16:57:51+00:00\",\"dateModified\":\"2023-10-26T11:40:38+00:00\",\"mainEntityOfPage\":{\"@id\":\"https:\/\/www.estrategiaconcursos.com.br\/blog\/edital-ses-sp-2019\/\"},\"wordCount\":820,\"commentCount\":0,\"publisher\":{\"@id\":\"https:\/\/www.estrategiaconcursos.com.br\/blog\/#organization\"},\"image\":{\"@id\":\"https:\/\/www.estrategiaconcursos.com.br\/blog\/edital-ses-sp-2019\/#primaryimage\"},\"thumbnailUrl\":\"https:\/\/dhg1h5j42swfq.cloudfront.net\/2019\/11\/12073325\/Saiu-Edital-ECJ-4.png\",\"articleSection\":[\"Concursos P\u00fablicos\",\"Sa\u00fade\"],\"inLanguage\":\"pt-BR\",\"potentialAction\":[{\"@type\":\"CommentAction\",\"name\":\"Comment\",\"target\":[\"https:\/\/www.estrategiaconcursos.com.br\/blog\/edital-ses-sp-2019\/#respond\"]}],\"copyrightYear\":\"2019\",\"copyrightHolder\":{\"@id\":\"https:\/\/www.estrategiaconcursos.com.br\/blog\/#organization\"}},{\"@type\":\"WebPage\",\"@id\":\"https:\/\/www.estrategiaconcursos.com.br\/blog\/edital-ses-sp-2019\/\",\"url\":\"https:\/\/www.estrategiaconcursos.com.br\/blog\/edital-ses-sp-2019\/\",\"name\":\"Edital SES SP: vaga para T\u00e9cnico de Enfermagem\",\"isPartOf\":{\"@id\":\"https:\/\/www.estrategiaconcursos.com.br\/blog\/#website\"},\"primaryImageOfPage\":{\"@id\":\"https:\/\/www.estrategiaconcursos.com.br\/blog\/edital-ses-sp-2019\/#primaryimage\"},\"image\":{\"@id\":\"https:\/\/www.estrategiaconcursos.com.br\/blog\/edital-ses-sp-2019\/#primaryimage\"},\"thumbnailUrl\":\"https:\/\/dhg1h5j42swfq.cloudfront.net\/2019\/11\/12073325\/Saiu-Edital-ECJ-4.png\",\"datePublished\":\"2019-11-28T16:57:51+00:00\",\"dateModified\":\"2023-10-26T11:40:38+00:00\",\"description\":\"Saiu o edital SES SP! O cocnurso oferta vaga para T\u00e9cnico de Enfermagem. Confira aqui tudo o que voc\u00ea precisa para prestar o certame!\",\"breadcrumb\":{\"@id\":\"https:\/\/www.estrategiaconcursos.com.br\/blog\/edital-ses-sp-2019\/#breadcrumb\"},\"inLanguage\":\"pt-BR\",\"potentialAction\":[{\"@type\":\"ReadAction\",\"target\":[\"https:\/\/www.estrategiaconcursos.com.br\/blog\/edital-ses-sp-2019\/\"]}]},{\"@type\":\"ImageObject\",\"inLanguage\":\"pt-BR\",\"@id\":\"https:\/\/www.estrategiaconcursos.com.br\/blog\/edital-ses-sp-2019\/#primaryimage\",\"url\":\"https:\/\/dhg1h5j42swfq.cloudfront.net\/2019\/11\/12073325\/Saiu-Edital-ECJ-4.png\",\"contentUrl\":\"https:\/\/dhg1h5j42swfq.cloudfront.net\/2019\/11\/12073325\/Saiu-Edital-ECJ-4.png\",\"width\":1200,\"height\":628,\"caption\":\"Concurso PGM Sinop\"},{\"@type\":\"BreadcrumbList\",\"@id\":\"https:\/\/www.estrategiaconcursos.com.br\/blog\/edital-ses-sp-2019\/#breadcrumb\",\"itemListElement\":[{\"@type\":\"ListItem\",\"position\":1,\"name\":\"In\u00edcio\",\"item\":\"https:\/\/www.estrategiaconcursos.com.br\/blog\/\"},{\"@type\":\"ListItem\",\"position\":2,\"name\":\"Edital SES SP: vaga para T\u00e9cnico de Enfermagem\"}]},{\"@type\":\"WebSite\",\"@id\":\"https:\/\/www.estrategiaconcursos.com.br\/blog\/#website\",\"url\":\"https:\/\/www.estrategiaconcursos.com.br\/blog\/\",\"name\":\"Estrat\u00e9gia Concursos\",\"description\":\"O blog da Estrat\u00e9gia Concursos traz not\u00edcias sobre concursos e artigos de professores oferecendo cursos para concursos (pdf + videaulas) no site.\",\"publisher\":{\"@id\":\"https:\/\/www.estrategiaconcursos.com.br\/blog\/#organization\"},\"potentialAction\":[{\"@type\":\"SearchAction\",\"target\":{\"@type\":\"EntryPoint\",\"urlTemplate\":\"https:\/\/www.estrategiaconcursos.com.br\/blog\/?s={search_term_string}\"},\"query-input\":{\"@type\":\"PropertyValueSpecification\",\"valueRequired\":true,\"valueName\":\"search_term_string\"}}],\"inLanguage\":\"pt-BR\"},{\"@type\":\"Organization\",\"@id\":\"https:\/\/www.estrategiaconcursos.com.br\/blog\/#organization\",\"name\":\"Estrat\u00e9gia Concursos\",\"url\":\"https:\/\/www.estrategiaconcursos.com.br\/blog\/\",\"logo\":{\"@type\":\"ImageObject\",\"inLanguage\":\"pt-BR\",\"@id\":\"https:\/\/www.estrategiaconcursos.com.br\/blog\/#\/schema\/logo\/image\/\",\"url\":\"https:\/\/dhg1h5j42swfq.cloudfront.net\/2025\/06\/03203428\/logo_concursos-1.jpg\",\"contentUrl\":\"https:\/\/dhg1h5j42swfq.cloudfront.net\/2025\/06\/03203428\/logo_concursos-1.jpg\",\"width\":230,\"height\":60,\"caption\":\"Estrat\u00e9gia Concursos\"},\"image\":{\"@id\":\"https:\/\/www.estrategiaconcursos.com.br\/blog\/#\/schema\/logo\/image\/\"},\"sameAs\":[\"https:\/\/x.com\/EstratConcursos\"]},{\"@type\":\"Person\",\"@id\":\"https:\/\/www.estrategiaconcursos.com.br\/blog\/#\/schema\/person\/cc76e9dac392d5e35e7d00c493eee792\",\"name\":\"Ligia Carvalheiro Fernandes\",\"image\":{\"@type\":\"ImageObject\",\"inLanguage\":\"pt-BR\",\"@id\":\"https:\/\/secure.gravatar.com\/avatar\/26e4636c44dabc043eaf634f767ecd1d80505b210d3981d4ebd176a3f373e3ec?s=96&d=mm&r=g\",\"url\":\"https:\/\/secure.gravatar.com\/avatar\/26e4636c44dabc043eaf634f767ecd1d80505b210d3981d4ebd176a3f373e3ec?s=96&d=mm&r=g\",\"contentUrl\":\"https:\/\/secure.gravatar.com\/avatar\/26e4636c44dabc043eaf634f767ecd1d80505b210d3981d4ebd176a3f373e3ec?s=96&d=mm&r=g\",\"caption\":\"Ligia Carvalheiro Fernandes\"},\"url\":\"https:\/\/www.estrategiaconcursos.com.br\/blog\/author\/licarfegmail-com\/\"}]}<\/script>\n<!-- \/ Yoast SEO Premium plugin. -->","yoast_head_json":{"title":"Edital SES SP: vaga para T\u00e9cnico de Enfermagem","description":"Saiu o edital SES SP! O cocnurso oferta vaga para T\u00e9cnico de Enfermagem. Confira aqui tudo o que voc\u00ea precisa para prestar o certame!","robots":{"index":"index","follow":"follow","max-snippet":"max-snippet:-1","max-image-preview":"max-image-preview:large","max-video-preview":"max-video-preview:-1"},"canonical":"https:\/\/www.estrategiaconcursos.com.br\/blog\/edital-ses-sp-2019\/","og_locale":"pt_BR","og_type":"article","og_title":"Edital SES SP: vaga para T\u00e9cnico de Enfermagem","og_description":"Saiu o edital SES SP! O cocnurso oferta vaga para T\u00e9cnico de Enfermagem. Confira aqui tudo o que voc\u00ea precisa para prestar o certame!","og_url":"https:\/\/www.estrategiaconcursos.com.br\/blog\/edital-ses-sp-2019\/","og_site_name":"Estrat\u00e9gia Concursos","article_published_time":"2019-11-28T16:57:51+00:00","article_modified_time":"2023-10-26T11:40:38+00:00","og_image":[{"width":1200,"height":628,"url":"https:\/\/dhg1h5j42swfq.cloudfront.net\/2019\/11\/12073325\/Saiu-Edital-ECJ-4.png","type":"image\/png"}],"author":"Ligia Carvalheiro Fernandes","twitter_card":"summary_large_image","twitter_creator":"@EstratConcursos","twitter_site":"@EstratConcursos","twitter_misc":{"Escrito por":"Ligia Carvalheiro Fernandes","Est. tempo de leitura":"4 minutos"},"schema":{"@context":"https:\/\/schema.org","@graph":[{"@type":"NewsArticle","@id":"https:\/\/www.estrategiaconcursos.com.br\/blog\/edital-ses-sp-2019\/#article","isPartOf":{"@id":"https:\/\/www.estrategiaconcursos.com.br\/blog\/edital-ses-sp-2019\/"},"author":{"name":"Ligia Carvalheiro Fernandes","@id":"https:\/\/www.estrategiaconcursos.com.br\/blog\/#\/schema\/person\/cc76e9dac392d5e35e7d00c493eee792"},"headline":"Edital SES SP: vaga para T\u00e9cnico de Enfermagem","datePublished":"2019-11-28T16:57:51+00:00","dateModified":"2023-10-26T11:40:38+00:00","mainEntityOfPage":{"@id":"https:\/\/www.estrategiaconcursos.com.br\/blog\/edital-ses-sp-2019\/"},"wordCount":820,"commentCount":0,"publisher":{"@id":"https:\/\/www.estrategiaconcursos.com.br\/blog\/#organization"},"image":{"@id":"https:\/\/www.estrategiaconcursos.com.br\/blog\/edital-ses-sp-2019\/#primaryimage"},"thumbnailUrl":"https:\/\/dhg1h5j42swfq.cloudfront.net\/2019\/11\/12073325\/Saiu-Edital-ECJ-4.png","articleSection":["Concursos P\u00fablicos","Sa\u00fade"],"inLanguage":"pt-BR","potentialAction":[{"@type":"CommentAction","name":"Comment","target":["https:\/\/www.estrategiaconcursos.com.br\/blog\/edital-ses-sp-2019\/#respond"]}],"copyrightYear":"2019","copyrightHolder":{"@id":"https:\/\/www.estrategiaconcursos.com.br\/blog\/#organization"}},{"@type":"WebPage","@id":"https:\/\/www.estrategiaconcursos.com.br\/blog\/edital-ses-sp-2019\/","url":"https:\/\/www.estrategiaconcursos.com.br\/blog\/edital-ses-sp-2019\/","name":"Edital SES SP: vaga para T\u00e9cnico de Enfermagem","isPartOf":{"@id":"https:\/\/www.estrategiaconcursos.com.br\/blog\/#website"},"primaryImageOfPage":{"@id":"https:\/\/www.estrategiaconcursos.com.br\/blog\/edital-ses-sp-2019\/#primaryimage"},"image":{"@id":"https:\/\/www.estrategiaconcursos.com.br\/blog\/edital-ses-sp-2019\/#primaryimage"},"thumbnailUrl":"https:\/\/dhg1h5j42swfq.cloudfront.net\/2019\/11\/12073325\/Saiu-Edital-ECJ-4.png","datePublished":"2019-11-28T16:57:51+00:00","dateModified":"2023-10-26T11:40:38+00:00","description":"Saiu o edital SES SP! O cocnurso oferta vaga para T\u00e9cnico de Enfermagem. Confira aqui tudo o que voc\u00ea precisa para prestar o certame!","breadcrumb":{"@id":"https:\/\/www.estrategiaconcursos.com.br\/blog\/edital-ses-sp-2019\/#breadcrumb"},"inLanguage":"pt-BR","potentialAction":[{"@type":"ReadAction","target":["https:\/\/www.estrategiaconcursos.com.br\/blog\/edital-ses-sp-2019\/"]}]},{"@type":"ImageObject","inLanguage":"pt-BR","@id":"https:\/\/www.estrategiaconcursos.com.br\/blog\/edital-ses-sp-2019\/#primaryimage","url":"https:\/\/dhg1h5j42swfq.cloudfront.net\/2019\/11\/12073325\/Saiu-Edital-ECJ-4.png","contentUrl":"https:\/\/dhg1h5j42swfq.cloudfront.net\/2019\/11\/12073325\/Saiu-Edital-ECJ-4.png","width":1200,"height":628,"caption":"Concurso PGM Sinop"},{"@type":"BreadcrumbList","@id":"https:\/\/www.estrategiaconcursos.com.br\/blog\/edital-ses-sp-2019\/#breadcrumb","itemListElement":[{"@type":"ListItem","position":1,"name":"In\u00edcio","item":"https:\/\/www.estrategiaconcursos.com.br\/blog\/"},{"@type":"ListItem","position":2,"name":"Edital SES SP: vaga para T\u00e9cnico de Enfermagem"}]},{"@type":"WebSite","@id":"https:\/\/www.estrategiaconcursos.com.br\/blog\/#website","url":"https:\/\/www.estrategiaconcursos.com.br\/blog\/","name":"Estrat\u00e9gia Concursos","description":"O blog da Estrat\u00e9gia Concursos traz not\u00edcias sobre concursos e artigos de professores oferecendo cursos para concursos (pdf + videaulas) no site.","publisher":{"@id":"https:\/\/www.estrategiaconcursos.com.br\/blog\/#organization"},"potentialAction":[{"@type":"SearchAction","target":{"@type":"EntryPoint","urlTemplate":"https:\/\/www.estrategiaconcursos.com.br\/blog\/?s={search_term_string}"},"query-input":{"@type":"PropertyValueSpecification","valueRequired":true,"valueName":"search_term_string"}}],"inLanguage":"pt-BR"},{"@type":"Organization","@id":"https:\/\/www.estrategiaconcursos.com.br\/blog\/#organization","name":"Estrat\u00e9gia Concursos","url":"https:\/\/www.estrategiaconcursos.com.br\/blog\/","logo":{"@type":"ImageObject","inLanguage":"pt-BR","@id":"https:\/\/www.estrategiaconcursos.com.br\/blog\/#\/schema\/logo\/image\/","url":"https:\/\/dhg1h5j42swfq.cloudfront.net\/2025\/06\/03203428\/logo_concursos-1.jpg","contentUrl":"https:\/\/dhg1h5j42swfq.cloudfront.net\/2025\/06\/03203428\/logo_concursos-1.jpg","width":230,"height":60,"caption":"Estrat\u00e9gia Concursos"},"image":{"@id":"https:\/\/www.estrategiaconcursos.com.br\/blog\/#\/schema\/logo\/image\/"},"sameAs":["https:\/\/x.com\/EstratConcursos"]},{"@type":"Person","@id":"https:\/\/www.estrategiaconcursos.com.br\/blog\/#\/schema\/person\/cc76e9dac392d5e35e7d00c493eee792","name":"Ligia Carvalheiro Fernandes","image":{"@type":"ImageObject","inLanguage":"pt-BR","@id":"https:\/\/secure.gravatar.com\/avatar\/26e4636c44dabc043eaf634f767ecd1d80505b210d3981d4ebd176a3f373e3ec?s=96&d=mm&r=g","url":"https:\/\/secure.gravatar.com\/avatar\/26e4636c44dabc043eaf634f767ecd1d80505b210d3981d4ebd176a3f373e3ec?s=96&d=mm&r=g","contentUrl":"https:\/\/secure.gravatar.com\/avatar\/26e4636c44dabc043eaf634f767ecd1d80505b210d3981d4ebd176a3f373e3ec?s=96&d=mm&r=g","caption":"Ligia Carvalheiro Fernandes"},"url":"https:\/\/www.estrategiaconcursos.com.br\/blog\/author\/licarfegmail-com\/"}]}},"_links":{"self":[{"href":"https:\/\/www.estrategiaconcursos.com.br\/blog\/wp-json\/wp\/v2\/posts\/452813","targetHints":{"allow":["GET"]}}],"collection":[{"href":"https:\/\/www.estrategiaconcursos.com.br\/blog\/wp-json\/wp\/v2\/posts"}],"about":[{"href":"https:\/\/www.estrategiaconcursos.com.br\/blog\/wp-json\/wp\/v2\/types\/post"}],"author":[{"embeddable":true,"href":"https:\/\/www.estrategiaconcursos.com.br\/blog\/wp-json\/wp\/v2\/users\/561"}],"replies":[{"embeddable":true,"href":"https:\/\/www.estrategiaconcursos.com.br\/blog\/wp-json\/wp\/v2\/comments?post=452813"}],"version-history":[{"count":17,"href":"https:\/\/www.estrategiaconcursos.com.br\/blog\/wp-json\/wp\/v2\/posts\/452813\/revisions"}],"predecessor-version":[{"id":1298007,"href":"https:\/\/www.estrategiaconcursos.com.br\/blog\/wp-json\/wp\/v2\/posts\/452813\/revisions\/1298007"}],"wp:featuredmedia":[{"embeddable":true,"href":"https:\/\/www.estrategiaconcursos.com.br\/blog\/wp-json\/wp\/v2\/media\/446933"}],"wp:attachment":[{"href":"https:\/\/www.estrategiaconcursos.com.br\/blog\/wp-json\/wp\/v2\/media?parent=452813"}],"wp:term":[{"taxonomy":"category","embeddable":true,"href":"https:\/\/www.estrategiaconcursos.com.br\/blog\/wp-json\/wp\/v2\/categories?post=452813"},{"taxonomy":"post_tag","embeddable":true,"href":"https:\/\/www.estrategiaconcursos.com.br\/blog\/wp-json\/wp\/v2\/tags?post=452813"},{"taxonomy":"tax_estado","embeddable":true,"href":"https:\/\/www.estrategiaconcursos.com.br\/blog\/wp-json\/wp\/v2\/tax_estado?post=452813"}],"curies":[{"name":"wp","href":"https:\/\/api.w.org\/{rel}","templated":true}]}}