{"id":452068,"date":"2019-11-27T07:07:06","date_gmt":"2019-11-27T10:07:06","guid":{"rendered":"https:\/\/www.estrategiaconcursos.com.br\/blog\/?p=452068"},"modified":"2019-11-27T07:07:09","modified_gmt":"2019-11-27T10:07:09","slug":"comentarios-da-redacao-do-concurso-para-a-agepen-go-asp-go","status":"publish","type":"post","link":"https:\/\/www.estrategiaconcursos.com.br\/blog\/comentarios-da-redacao-do-concurso-para-a-agepen-go-asp-go\/","title":{"rendered":"Coment\u00e1rios da reda\u00e7\u00e3o do concurso para a Agepen-GO \/ ASP-GO"},"content":{"rendered":"\n<p>Fala, pessoal. Tudo\njoia?<\/p>\n\n\n\n<p>Sou o professor Marcio Damasceno, n\u00facleo de discursivas do Estrat\u00e9gia Concursos.<\/p>\n\n\n\n<p>Venho hoje comentar\nacerca da prova discursiva da Agepen-GO, ocorrida neste \u00faltimo final de semana.<\/p>\n\n\n\n<p>Vejamos,\ninicialmente, o comando da nossa quest\u00e3o:<\/p>\n\n\n\n<p><em>&#8220;Leia, com\naten\u00e7\u00e3o, o texto a seguir.<\/em><\/p>\n\n\n\n<p><em>A popula\u00e7\u00e3o\ncarcer\u00e1ria brasileira, em junho de 2017, na \u00faltima atualiza\u00e7\u00e3o do INFOPEN, era\nde 726.354 presos. Segundo o mesmo levantamento, desde o ano de 2000, a taxa\nm\u00e9dia de crescimento da popula\u00e7\u00e3o carcer\u00e1ria brasileira, por ano, \u00e9 de 7,14%.\nAssim, a taxa de aprisionamento &#8211; que \u00e9 calculada pela raz\u00e3o entre o n\u00famero\ntotal de pessoas privadas de liberdade e a quantidade populacional do Pa\u00eds &#8211;\naumentou mais de 150% entre os anos de 2000 a 2017.<\/em><\/p>\n\n\n\n<p><em>Considerando que o\ntexto apresentado tem car\u00e1ter meramente motivador, redija um texto dissertativo\ne (ou) descritivo que indique, segundo a Lei n\u00b0 7.210\/1984, os objetivos da\nexecu\u00e7\u00e3o penal no Brasil e os meios ou os instrumentos que tal diploma legal\ndisp\u00f5e para a efetiva\u00e7\u00e3o desses objetivos, explicando-os.&#8221;<\/em><\/p>\n\n\n\n<p><strong>1. Coment\u00e1rios\npreliminares&nbsp;<\/strong><\/p>\n\n\n\n<p>Pessoal, em rela\u00e7\u00e3o\nao tema, a banca n\u00e3o surpreendeu. Foi cobrado aquilo que se espera para o\ncargo, qual seja, a Lei de Execu\u00e7\u00e3o Penal (LEP).&nbsp;A Iades age, portanto, de\nforma coerente com o seu hist\u00f3rico de trazer assuntos relacionados \u00e0s\natribui\u00e7\u00f5es do cargo, aquilo que chamamos de pertin\u00eancia tem\u00e1tica.<\/p>\n\n\n\n<p>Contudo, em rela\u00e7\u00e3o \u00e0 forma de cobran\u00e7a, a Iades saiu um pouco do seu &#8220;script&#8221;, qual seja a produ\u00e7\u00e3o de disserta\u00e7\u00f5es argumentativas, aquelas em que o redator deve convencer o leitor do seu ponto de vista, apresentado por meio da sua TESE. <\/p>\n\n\n\n<p>Vejam que, no caso\nem apre\u00e7o, a banca apresenta dois comandos muito claros, quais sejam:<\/p>\n\n\n\n<ul class=\"wp-block-list\"><li><strong>Indicar os objetivos da execu\u00e7\u00e3o penal<\/strong>;<\/li><\/ul>\n\n\n\n<ul class=\"wp-block-list\"><li><strong>Indicar meios ou os instrumentos que a LEP disp\u00f5e para a efetiva\u00e7\u00e3o desses objetivos, explicando-os<\/strong>.<\/li><\/ul>\n\n\n\n<p>Assim, n\u00e3o tem para onde correr: voc\u00ea deve se ater ao que prev\u00ea a LEP para desenvolver o seu texto. N\u00e3o \u00e9 necess\u00e1rio saber de cor o texto legal, mas voc\u00ea n\u00e3o poder\u00e1 de afastar da legisla\u00e7\u00e3o na sua resposta. <\/p>\n\n\n\n<p>\u00c0 essa altura voc\u00ea j\u00e1 percebeu que se est\u00e1 diante de uma disserta\u00e7\u00e3o de car\u00e1ter expositiva, pelo menos em parte. Como o pr\u00f3prio nome j\u00e1 sugere, \u00e9 um tipo de texto em que se exp\u00f5em as ideias ou os pontos de vista a respeito de determinado assunto. O objetivo n\u00e3o \u00e9 fazer o examinador concordar com eles, mas, t\u00e3o-somente, consider\u00e1-los coerentes. <\/p>\n\n\n\n<p>Mas professor, por\nque esse &#8220;pelo menos em parte&#8221;? Porque h\u00e1 tamb\u00e9m ingredientes de uma\ndisserta\u00e7\u00e3o argumentativa, na medida em que voc\u00ea precisar\u00e1 explicar por que os\ninstrumentos legais contribuem para o alcance dos objetivos da LEP. Veremos\ncomo isso funciona logo em seguida.<\/p>\n\n\n\n<p><strong>2. Conte\u00fado<\/strong><\/p>\n\n\n\n<p><strong>Quanto aos\nobjetivos<\/strong>, primeiro ponto da sua reda\u00e7\u00e3o, voc\u00ea\ndeveria conhecer o art. 1\u00ba da LEP:<\/p>\n\n\n\n<p><em><strong>Art. 1\u00ba A execu\u00e7\u00e3o penal tem por objetivo\u00a0efetivar as disposi\u00e7\u00f5es de senten\u00e7a ou decis\u00e3o criminal\u00a0e\u00a0proporcionar condi\u00e7\u00f5es para a harm\u00f4nica integra\u00e7\u00e3o social do condenado e do internado.<\/strong><\/em><\/p>\n\n\n\n<p>Com base nisso, a\nargumenta\u00e7\u00e3o deve caminhar no sentido de afirmar a dupla fun\u00e7\u00e3o da execu\u00e7\u00e3o\npenal no Brasil: fazer com que o indiv\u00edduo cumpra a pena ou efetivar a senten\u00e7a\n(fim retributivo) e proporcionar condi\u00e7\u00f5es para que ele se reintegre \u00e0 sociedade\n(car\u00e1ter reeducativo ou preventivo).<\/p>\n\n\n\n<p>Assim, vejam que a LEP visou um caminho de forma que o apenado pudesse retribuir o mal causado pelo crime, por meio do cerceamento da sua liberdade, mas tamb\u00e9m se tornar um cidad\u00e3o recuperado, em condi\u00e7\u00f5es de retornar \u00e0 sociedade, se reintegrar e n\u00e3o voltar a cometer atos il\u00edcitos que justificaram o seu encarceramento. <\/p>\n\n\n\n<p>Superado esse\nponto, vamos aos <strong>instrumentos<\/strong>, os quais se encontram espalhados pela\nLei. Entendo existirem as seguintes possibilidades:<\/p>\n\n\n\n<p><strong>a) A assist\u00eancia ao\npreso e ao egresso: &nbsp;<\/strong><\/p>\n\n\n\n<ul class=\"wp-block-list\"><li><strong>Preso<\/strong>:\u00a0<strong>material<\/strong>\u00a0(fornecimento de alimenta\u00e7\u00e3o, vestu\u00e1rio e instala\u00e7\u00f5es higi\u00eanicas), sa\u00fade (atendimento m\u00e9dico, farmac\u00eautico e odontol\u00f3gico);\u00a0<strong>jur\u00eddica<\/strong>\u00a0(Defensoria P\u00fablica);\u00a0<strong>educacional<\/strong>\u00a0(ensino m\u00e9dio, regular ou supletivo, com forma\u00e7\u00e3o geral ou educa\u00e7\u00e3o profissional de n\u00edvel m\u00e9dio \u2013 universaliza\u00e7\u00e3o + programa de educa\u00e7\u00e3o \u00e0 dist\u00e2ncia com o uso de novas tecnologias de ensino + biblioteca );\u00a0<strong>social<\/strong>\u00a0(focado no egresso: prepar\u00e1-los para o retorno \u00e0 liberdade\u00a0 &#8211; assist\u00eancia ao preso e \u00e0 fam\u00edlia \u2013 orienta\u00e7\u00e3o \u2013 recrea\u00e7\u00e3o);\u00a0<strong>religiosa<\/strong>.<\/li><\/ul>\n\n\n\n<ul class=\"wp-block-list\"><li><strong>Egresso<\/strong>: na orienta\u00e7\u00e3o e apoio para reintegr\u00e1-lo \u00e0 vida em liberdade; na concess\u00e3o, se necess\u00e1rio, de alojamento e alimenta\u00e7\u00e3o, em estabelecimento adequado, pelo prazo de 2 (dois) meses.<\/li><\/ul>\n\n\n\n<p><strong>b)&nbsp;Trabalho<\/strong>:\nfinalidade educativa e produtiva. Remunerado. Trabalho interno ou externo.<\/p>\n\n\n\n<p><strong>c) Sa\u00eddas <\/strong>(permiss\u00f5es\nde sa\u00eddas e das sa\u00eddas tempor\u00e1rias).<\/p>\n\n\n\n<p><strong>d) Estabelecimento\nde deveres <\/strong>(art. 39),<strong> bem como de san\u00e7\u00f5es<\/strong>\n(art. 53)<strong>&nbsp;e recompensas <\/strong>(art. 56).<\/p>\n\n\n\n<p><strong>e) Outros<\/strong>:\nRegimes progressivo, separa\u00e7\u00e3o entre preso provis\u00f3rio e o condenado por\nsenten\u00e7a transitada em julgado, separa\u00e7\u00e3o dos presos pela gravidade do delito\ncometido, remi\u00e7\u00e3o por trabalho ou estudo, entre outros.<\/p>\n\n\n\n<p>Agora, de posse dos objetivos e dos instrumentos, o papel agora \u00e9 conect\u00e1-los. Exemplo: \u201cEstabelecer a obrigatoriedade de proporcionar ao preso a assist\u00eancia educacional consiste num instrumento apto para o alcance do objetivo de ressocializa\u00e7\u00e3o dos presos, visto que se trata de a\u00e7\u00e3o com impactos na sua capacita\u00e7\u00e3o, o que favorecer\u00e1 sua reinser\u00e7\u00e3o no mercado de trabalho\u201d.<\/p>\n\n\n\n<p>Para finalizar, o\npar\u00e1grafo de fechamento deve apresentar uma proposta de interven\u00e7\u00e3o. Voc\u00ea pode\nmencionar a necessidade de o Estado observar as regras estabelecidas pela\nlegisla\u00e7\u00e3o, bem como o papel fiscalizador da sociedade, maior beneficiada pela\nressocializa\u00e7\u00e3o dos presos.<\/p>\n\n\n\n<p><strong>3. Estrutura\u00e7\u00e3o<\/strong><\/p>\n\n\n\n<p>Como voc\u00eas sabem,\nreda\u00e7\u00e3o n\u00e3o h\u00e1 gabarito. Apenas como uma refer\u00eancia para voc\u00eas, proponho a\nseguinte estrutura:<\/p>\n\n\n\n<p><strong>\u00a71\u00b0- introdu\u00e7\u00e3o<\/strong>:\nbreve contextualiza\u00e7\u00e3o (explicar, por exemplo,&nbsp;que a LEP trata sobre os\ndireitos e deveres dos presos, bem como das obriga\u00e7\u00f5es do Estado para garantia\nda dignidade humana dos detentos). Em seguida, podem ser apresentados os\nobjetivos da LEP, seguidos de uma breve explica\u00e7\u00e3o.<\/p>\n\n\n\n<p><strong>\u00a72\u00b0 &#8211;\nDesenvolvimento<\/strong>: pode-se iniciar o par\u00e1grafo\nexplicando que para alcan\u00e7ar esses objetivos, a LEP disp\u00f5e de instrumentos,\ncomo a garantia de assist\u00eancia ao preso. Explicar os diversos tipos de\nassist\u00eancia e sobre como eles contribuem para o alcance dos objetivos\nmencionados no par\u00e1grafo anterior.<\/p>\n\n\n\n<p><strong>\u00a73\u00b0 &#8211;\nDesenvolvimento<\/strong>: desenvolver outro instrumento, nos\nmoldes apresentados no par\u00e1grafo anterior. Exemplo: trabalho.<\/p>\n\n\n\n<p><strong>\u00a74\u00b0 &#8211; Conclus\u00e3o<\/strong>:\nfinalizar o texto apresentando, no m\u00ednimo, uma proposta de interven\u00e7\u00e3o.<\/p>\n\n\n\n<p>Pessoal, esses s\u00e3o\nas minhas impress\u00f5es. O roteiro que eu seguiria se estivesse fazendo a prova.<\/p>\n\n\n\n<p>Espero que voc\u00eas tenham\num excelente resultado. Caso precisem, o Estrat\u00e9gia disponibilizar\u00e1 o servi\u00e7o\nde recurso, executado por excelentes profissionais.<\/p>\n\n\n\n<p>Grande abra\u00e7o!<\/p>\n\n\n\n<p>Instagram:\nprofmarciodamasceno<\/p>\n","protected":false},"excerpt":{"rendered":"<p>Fala, pessoal. Tudo joia? Sou o professor Marcio Damasceno, n\u00facleo de discursivas do Estrat\u00e9gia Concursos. Venho hoje comentar acerca da prova discursiva da Agepen-GO, ocorrida neste \u00faltimo final de semana. Vejamos, inicialmente, o comando da nossa quest\u00e3o: &#8220;Leia, com aten\u00e7\u00e3o, o texto a seguir. A popula\u00e7\u00e3o carcer\u00e1ria brasileira, em junho de 2017, na \u00faltima atualiza\u00e7\u00e3o [&hellip;]<\/p>\n","protected":false},"author":611,"featured_media":0,"comment_status":"open","ping_status":"closed","sticky":false,"template":"","format":"standard","meta":{"post_tipo":"article","footnotes":""},"categories":[1],"tags":[],"tax_estado":[],"class_list":["post-452068","post","type-post","status-publish","format-standard","hentry","category-cursos-e-concursos"],"acf":[],"yoast_head":"<!-- This site is optimized with the Yoast SEO Premium plugin v27.2 (Yoast SEO v27.2) - https:\/\/yoast.com\/product\/yoast-seo-premium-wordpress\/ -->\n<title>Coment\u00e1rios da reda\u00e7\u00e3o do concurso para a Agepen-GO \/ ASP-GO<\/title>\n<meta name=\"robots\" content=\"index, follow, max-snippet:-1, max-image-preview:large, max-video-preview:-1\" \/>\n<link rel=\"canonical\" href=\"https:\/\/www.estrategiaconcursos.com.br\/blog\/comentarios-da-redacao-do-concurso-para-a-agepen-go-asp-go\/\" \/>\n<meta property=\"og:locale\" content=\"pt_BR\" \/>\n<meta property=\"og:type\" content=\"article\" \/>\n<meta property=\"og:title\" content=\"Coment\u00e1rios da reda\u00e7\u00e3o do concurso para a Agepen-GO \/ ASP-GO\" \/>\n<meta property=\"og:description\" content=\"Fala, pessoal. Tudo joia? Sou o professor Marcio Damasceno, n\u00facleo de discursivas do Estrat\u00e9gia Concursos. Venho hoje comentar acerca da prova discursiva da Agepen-GO, ocorrida neste \u00faltimo final de semana. Vejamos, inicialmente, o comando da nossa quest\u00e3o: &#8220;Leia, com aten\u00e7\u00e3o, o texto a seguir. A popula\u00e7\u00e3o carcer\u00e1ria brasileira, em junho de 2017, na \u00faltima atualiza\u00e7\u00e3o [&hellip;]\" \/>\n<meta property=\"og:url\" content=\"https:\/\/www.estrategiaconcursos.com.br\/blog\/comentarios-da-redacao-do-concurso-para-a-agepen-go-asp-go\/\" \/>\n<meta property=\"og:site_name\" content=\"Estrat\u00e9gia Concursos\" \/>\n<meta property=\"article:published_time\" content=\"2019-11-27T10:07:06+00:00\" \/>\n<meta property=\"article:modified_time\" content=\"2019-11-27T10:07:09+00:00\" \/>\n<meta name=\"author\" content=\"Marcio Damasceno\" \/>\n<meta name=\"twitter:card\" content=\"summary_large_image\" \/>\n<meta name=\"twitter:creator\" content=\"@EstratConcursos\" \/>\n<meta name=\"twitter:site\" content=\"@EstratConcursos\" \/>\n<meta name=\"twitter:label1\" content=\"Escrito por\" \/>\n\t<meta name=\"twitter:data1\" content=\"Marcio Damasceno\" \/>\n\t<meta name=\"twitter:label2\" content=\"Est. tempo de leitura\" \/>\n\t<meta name=\"twitter:data2\" content=\"6 minutos\" \/>\n<script type=\"application\/ld+json\" class=\"yoast-schema-graph\">{\"@context\":\"https:\/\/schema.org\",\"@graph\":[{\"@type\":\"NewsArticle\",\"@id\":\"https:\/\/www.estrategiaconcursos.com.br\/blog\/comentarios-da-redacao-do-concurso-para-a-agepen-go-asp-go\/#article\",\"isPartOf\":{\"@id\":\"https:\/\/www.estrategiaconcursos.com.br\/blog\/comentarios-da-redacao-do-concurso-para-a-agepen-go-asp-go\/\"},\"author\":{\"name\":\"Marcio Damasceno\",\"@id\":\"https:\/\/www.estrategiaconcursos.com.br\/blog\/#\/schema\/person\/93fb122910b3b72b3ba17b9d67315bef\"},\"headline\":\"Coment\u00e1rios da reda\u00e7\u00e3o do concurso para a Agepen-GO \/ ASP-GO\",\"datePublished\":\"2019-11-27T10:07:06+00:00\",\"dateModified\":\"2019-11-27T10:07:09+00:00\",\"mainEntityOfPage\":{\"@id\":\"https:\/\/www.estrategiaconcursos.com.br\/blog\/comentarios-da-redacao-do-concurso-para-a-agepen-go-asp-go\/\"},\"wordCount\":1182,\"commentCount\":1,\"publisher\":{\"@id\":\"https:\/\/www.estrategiaconcursos.com.br\/blog\/#organization\"},\"articleSection\":[\"Concursos P\u00fablicos\"],\"inLanguage\":\"pt-BR\",\"potentialAction\":[{\"@type\":\"CommentAction\",\"name\":\"Comment\",\"target\":[\"https:\/\/www.estrategiaconcursos.com.br\/blog\/comentarios-da-redacao-do-concurso-para-a-agepen-go-asp-go\/#respond\"]}],\"copyrightYear\":\"2019\",\"copyrightHolder\":{\"@id\":\"https:\/\/www.estrategiaconcursos.com.br\/blog\/#organization\"}},{\"@type\":\"WebPage\",\"@id\":\"https:\/\/www.estrategiaconcursos.com.br\/blog\/comentarios-da-redacao-do-concurso-para-a-agepen-go-asp-go\/\",\"url\":\"https:\/\/www.estrategiaconcursos.com.br\/blog\/comentarios-da-redacao-do-concurso-para-a-agepen-go-asp-go\/\",\"name\":\"Coment\u00e1rios da reda\u00e7\u00e3o do concurso para a Agepen-GO \/ ASP-GO\",\"isPartOf\":{\"@id\":\"https:\/\/www.estrategiaconcursos.com.br\/blog\/#website\"},\"datePublished\":\"2019-11-27T10:07:06+00:00\",\"dateModified\":\"2019-11-27T10:07:09+00:00\",\"breadcrumb\":{\"@id\":\"https:\/\/www.estrategiaconcursos.com.br\/blog\/comentarios-da-redacao-do-concurso-para-a-agepen-go-asp-go\/#breadcrumb\"},\"inLanguage\":\"pt-BR\",\"potentialAction\":[{\"@type\":\"ReadAction\",\"target\":[\"https:\/\/www.estrategiaconcursos.com.br\/blog\/comentarios-da-redacao-do-concurso-para-a-agepen-go-asp-go\/\"]}]},{\"@type\":\"BreadcrumbList\",\"@id\":\"https:\/\/www.estrategiaconcursos.com.br\/blog\/comentarios-da-redacao-do-concurso-para-a-agepen-go-asp-go\/#breadcrumb\",\"itemListElement\":[{\"@type\":\"ListItem\",\"position\":1,\"name\":\"In\u00edcio\",\"item\":\"https:\/\/www.estrategiaconcursos.com.br\/blog\/\"},{\"@type\":\"ListItem\",\"position\":2,\"name\":\"Coment\u00e1rios da reda\u00e7\u00e3o do concurso para a Agepen-GO \/ ASP-GO\"}]},{\"@type\":\"WebSite\",\"@id\":\"https:\/\/www.estrategiaconcursos.com.br\/blog\/#website\",\"url\":\"https:\/\/www.estrategiaconcursos.com.br\/blog\/\",\"name\":\"Estrat\u00e9gia Concursos\",\"description\":\"O blog da Estrat\u00e9gia Concursos traz not\u00edcias sobre concursos e artigos de professores oferecendo cursos para concursos (pdf + videaulas) no site.\",\"publisher\":{\"@id\":\"https:\/\/www.estrategiaconcursos.com.br\/blog\/#organization\"},\"potentialAction\":[{\"@type\":\"SearchAction\",\"target\":{\"@type\":\"EntryPoint\",\"urlTemplate\":\"https:\/\/www.estrategiaconcursos.com.br\/blog\/?s={search_term_string}\"},\"query-input\":{\"@type\":\"PropertyValueSpecification\",\"valueRequired\":true,\"valueName\":\"search_term_string\"}}],\"inLanguage\":\"pt-BR\"},{\"@type\":\"Organization\",\"@id\":\"https:\/\/www.estrategiaconcursos.com.br\/blog\/#organization\",\"name\":\"Estrat\u00e9gia Concursos\",\"url\":\"https:\/\/www.estrategiaconcursos.com.br\/blog\/\",\"logo\":{\"@type\":\"ImageObject\",\"inLanguage\":\"pt-BR\",\"@id\":\"https:\/\/www.estrategiaconcursos.com.br\/blog\/#\/schema\/logo\/image\/\",\"url\":\"https:\/\/dhg1h5j42swfq.cloudfront.net\/2025\/06\/03203428\/logo_concursos-1.jpg\",\"contentUrl\":\"https:\/\/dhg1h5j42swfq.cloudfront.net\/2025\/06\/03203428\/logo_concursos-1.jpg\",\"width\":230,\"height\":60,\"caption\":\"Estrat\u00e9gia Concursos\"},\"image\":{\"@id\":\"https:\/\/www.estrategiaconcursos.com.br\/blog\/#\/schema\/logo\/image\/\"},\"sameAs\":[\"https:\/\/x.com\/EstratConcursos\"]},{\"@type\":\"Person\",\"@id\":\"https:\/\/www.estrategiaconcursos.com.br\/blog\/#\/schema\/person\/93fb122910b3b72b3ba17b9d67315bef\",\"name\":\"Marcio Damasceno\",\"image\":{\"@type\":\"ImageObject\",\"inLanguage\":\"pt-BR\",\"@id\":\"https:\/\/secure.gravatar.com\/avatar\/239ef2e5a61ef0a51d0076c851c83d2b59ad4685169911ccb9f9bf306edf074e?s=96&d=mm&r=g\",\"url\":\"https:\/\/secure.gravatar.com\/avatar\/239ef2e5a61ef0a51d0076c851c83d2b59ad4685169911ccb9f9bf306edf074e?s=96&d=mm&r=g\",\"contentUrl\":\"https:\/\/secure.gravatar.com\/avatar\/239ef2e5a61ef0a51d0076c851c83d2b59ad4685169911ccb9f9bf306edf074e?s=96&d=mm&r=g\",\"caption\":\"Marcio Damasceno\"},\"url\":\"https:\/\/www.estrategiaconcursos.com.br\/blog\/author\/marciodamascenoestrategiaconcursos-com-br\/\"}]}<\/script>\n<!-- \/ Yoast SEO Premium plugin. -->","yoast_head_json":{"title":"Coment\u00e1rios da reda\u00e7\u00e3o do concurso para a Agepen-GO \/ ASP-GO","robots":{"index":"index","follow":"follow","max-snippet":"max-snippet:-1","max-image-preview":"max-image-preview:large","max-video-preview":"max-video-preview:-1"},"canonical":"https:\/\/www.estrategiaconcursos.com.br\/blog\/comentarios-da-redacao-do-concurso-para-a-agepen-go-asp-go\/","og_locale":"pt_BR","og_type":"article","og_title":"Coment\u00e1rios da reda\u00e7\u00e3o do concurso para a Agepen-GO \/ ASP-GO","og_description":"Fala, pessoal. Tudo joia? Sou o professor Marcio Damasceno, n\u00facleo de discursivas do Estrat\u00e9gia Concursos. Venho hoje comentar acerca da prova discursiva da Agepen-GO, ocorrida neste \u00faltimo final de semana. Vejamos, inicialmente, o comando da nossa quest\u00e3o: &#8220;Leia, com aten\u00e7\u00e3o, o texto a seguir. A popula\u00e7\u00e3o carcer\u00e1ria brasileira, em junho de 2017, na \u00faltima atualiza\u00e7\u00e3o [&hellip;]","og_url":"https:\/\/www.estrategiaconcursos.com.br\/blog\/comentarios-da-redacao-do-concurso-para-a-agepen-go-asp-go\/","og_site_name":"Estrat\u00e9gia Concursos","article_published_time":"2019-11-27T10:07:06+00:00","article_modified_time":"2019-11-27T10:07:09+00:00","author":"Marcio Damasceno","twitter_card":"summary_large_image","twitter_creator":"@EstratConcursos","twitter_site":"@EstratConcursos","twitter_misc":{"Escrito por":"Marcio Damasceno","Est. tempo de leitura":"6 minutos"},"schema":{"@context":"https:\/\/schema.org","@graph":[{"@type":"NewsArticle","@id":"https:\/\/www.estrategiaconcursos.com.br\/blog\/comentarios-da-redacao-do-concurso-para-a-agepen-go-asp-go\/#article","isPartOf":{"@id":"https:\/\/www.estrategiaconcursos.com.br\/blog\/comentarios-da-redacao-do-concurso-para-a-agepen-go-asp-go\/"},"author":{"name":"Marcio Damasceno","@id":"https:\/\/www.estrategiaconcursos.com.br\/blog\/#\/schema\/person\/93fb122910b3b72b3ba17b9d67315bef"},"headline":"Coment\u00e1rios da reda\u00e7\u00e3o do concurso para a Agepen-GO \/ ASP-GO","datePublished":"2019-11-27T10:07:06+00:00","dateModified":"2019-11-27T10:07:09+00:00","mainEntityOfPage":{"@id":"https:\/\/www.estrategiaconcursos.com.br\/blog\/comentarios-da-redacao-do-concurso-para-a-agepen-go-asp-go\/"},"wordCount":1182,"commentCount":1,"publisher":{"@id":"https:\/\/www.estrategiaconcursos.com.br\/blog\/#organization"},"articleSection":["Concursos P\u00fablicos"],"inLanguage":"pt-BR","potentialAction":[{"@type":"CommentAction","name":"Comment","target":["https:\/\/www.estrategiaconcursos.com.br\/blog\/comentarios-da-redacao-do-concurso-para-a-agepen-go-asp-go\/#respond"]}],"copyrightYear":"2019","copyrightHolder":{"@id":"https:\/\/www.estrategiaconcursos.com.br\/blog\/#organization"}},{"@type":"WebPage","@id":"https:\/\/www.estrategiaconcursos.com.br\/blog\/comentarios-da-redacao-do-concurso-para-a-agepen-go-asp-go\/","url":"https:\/\/www.estrategiaconcursos.com.br\/blog\/comentarios-da-redacao-do-concurso-para-a-agepen-go-asp-go\/","name":"Coment\u00e1rios da reda\u00e7\u00e3o do concurso para a Agepen-GO \/ ASP-GO","isPartOf":{"@id":"https:\/\/www.estrategiaconcursos.com.br\/blog\/#website"},"datePublished":"2019-11-27T10:07:06+00:00","dateModified":"2019-11-27T10:07:09+00:00","breadcrumb":{"@id":"https:\/\/www.estrategiaconcursos.com.br\/blog\/comentarios-da-redacao-do-concurso-para-a-agepen-go-asp-go\/#breadcrumb"},"inLanguage":"pt-BR","potentialAction":[{"@type":"ReadAction","target":["https:\/\/www.estrategiaconcursos.com.br\/blog\/comentarios-da-redacao-do-concurso-para-a-agepen-go-asp-go\/"]}]},{"@type":"BreadcrumbList","@id":"https:\/\/www.estrategiaconcursos.com.br\/blog\/comentarios-da-redacao-do-concurso-para-a-agepen-go-asp-go\/#breadcrumb","itemListElement":[{"@type":"ListItem","position":1,"name":"In\u00edcio","item":"https:\/\/www.estrategiaconcursos.com.br\/blog\/"},{"@type":"ListItem","position":2,"name":"Coment\u00e1rios da reda\u00e7\u00e3o do concurso para a Agepen-GO \/ ASP-GO"}]},{"@type":"WebSite","@id":"https:\/\/www.estrategiaconcursos.com.br\/blog\/#website","url":"https:\/\/www.estrategiaconcursos.com.br\/blog\/","name":"Estrat\u00e9gia Concursos","description":"O blog da Estrat\u00e9gia Concursos traz not\u00edcias sobre concursos e artigos de professores oferecendo cursos para concursos (pdf + videaulas) no site.","publisher":{"@id":"https:\/\/www.estrategiaconcursos.com.br\/blog\/#organization"},"potentialAction":[{"@type":"SearchAction","target":{"@type":"EntryPoint","urlTemplate":"https:\/\/www.estrategiaconcursos.com.br\/blog\/?s={search_term_string}"},"query-input":{"@type":"PropertyValueSpecification","valueRequired":true,"valueName":"search_term_string"}}],"inLanguage":"pt-BR"},{"@type":"Organization","@id":"https:\/\/www.estrategiaconcursos.com.br\/blog\/#organization","name":"Estrat\u00e9gia Concursos","url":"https:\/\/www.estrategiaconcursos.com.br\/blog\/","logo":{"@type":"ImageObject","inLanguage":"pt-BR","@id":"https:\/\/www.estrategiaconcursos.com.br\/blog\/#\/schema\/logo\/image\/","url":"https:\/\/dhg1h5j42swfq.cloudfront.net\/2025\/06\/03203428\/logo_concursos-1.jpg","contentUrl":"https:\/\/dhg1h5j42swfq.cloudfront.net\/2025\/06\/03203428\/logo_concursos-1.jpg","width":230,"height":60,"caption":"Estrat\u00e9gia Concursos"},"image":{"@id":"https:\/\/www.estrategiaconcursos.com.br\/blog\/#\/schema\/logo\/image\/"},"sameAs":["https:\/\/x.com\/EstratConcursos"]},{"@type":"Person","@id":"https:\/\/www.estrategiaconcursos.com.br\/blog\/#\/schema\/person\/93fb122910b3b72b3ba17b9d67315bef","name":"Marcio Damasceno","image":{"@type":"ImageObject","inLanguage":"pt-BR","@id":"https:\/\/secure.gravatar.com\/avatar\/239ef2e5a61ef0a51d0076c851c83d2b59ad4685169911ccb9f9bf306edf074e?s=96&d=mm&r=g","url":"https:\/\/secure.gravatar.com\/avatar\/239ef2e5a61ef0a51d0076c851c83d2b59ad4685169911ccb9f9bf306edf074e?s=96&d=mm&r=g","contentUrl":"https:\/\/secure.gravatar.com\/avatar\/239ef2e5a61ef0a51d0076c851c83d2b59ad4685169911ccb9f9bf306edf074e?s=96&d=mm&r=g","caption":"Marcio Damasceno"},"url":"https:\/\/www.estrategiaconcursos.com.br\/blog\/author\/marciodamascenoestrategiaconcursos-com-br\/"}]}},"_links":{"self":[{"href":"https:\/\/www.estrategiaconcursos.com.br\/blog\/wp-json\/wp\/v2\/posts\/452068","targetHints":{"allow":["GET"]}}],"collection":[{"href":"https:\/\/www.estrategiaconcursos.com.br\/blog\/wp-json\/wp\/v2\/posts"}],"about":[{"href":"https:\/\/www.estrategiaconcursos.com.br\/blog\/wp-json\/wp\/v2\/types\/post"}],"author":[{"embeddable":true,"href":"https:\/\/www.estrategiaconcursos.com.br\/blog\/wp-json\/wp\/v2\/users\/611"}],"replies":[{"embeddable":true,"href":"https:\/\/www.estrategiaconcursos.com.br\/blog\/wp-json\/wp\/v2\/comments?post=452068"}],"version-history":[{"count":3,"href":"https:\/\/www.estrategiaconcursos.com.br\/blog\/wp-json\/wp\/v2\/posts\/452068\/revisions"}],"predecessor-version":[{"id":452074,"href":"https:\/\/www.estrategiaconcursos.com.br\/blog\/wp-json\/wp\/v2\/posts\/452068\/revisions\/452074"}],"wp:attachment":[{"href":"https:\/\/www.estrategiaconcursos.com.br\/blog\/wp-json\/wp\/v2\/media?parent=452068"}],"wp:term":[{"taxonomy":"category","embeddable":true,"href":"https:\/\/www.estrategiaconcursos.com.br\/blog\/wp-json\/wp\/v2\/categories?post=452068"},{"taxonomy":"post_tag","embeddable":true,"href":"https:\/\/www.estrategiaconcursos.com.br\/blog\/wp-json\/wp\/v2\/tags?post=452068"},{"taxonomy":"tax_estado","embeddable":true,"href":"https:\/\/www.estrategiaconcursos.com.br\/blog\/wp-json\/wp\/v2\/tax_estado?post=452068"}],"curies":[{"name":"wp","href":"https:\/\/api.w.org\/{rel}","templated":true}]}}